{"id":10620,"date":"2011-09-25T06:56:01","date_gmt":"2011-09-25T05:56:01","guid":{"rendered":"http:\/\/fjala.shkoder.net\/?p=10620"},"modified":"2011-09-25T06:56:01","modified_gmt":"2011-09-25T05:56:01","slug":"amerika-dhe-kryetarja-e-parlamentit","status":"publish","type":"post","link":"https:\/\/fjala.info\/2009-2015\/amerika-dhe-kryetarja-e-parlamentit\/","title":{"rendered":"Amerika dhe kryetarja e Parlamentit"},"content":{"rendered":"<p><img decoding=\"async\" class=\"alignright size-thumbnail wp-image-7236\" title=\"Jozefina Topalli\" src=\"http:\/\/www.shkoder.net\/images\/fjala\/2011\/jozefina_topalli_red.jpg\" alt=\"\" width=\"300\" \/> Nga: <strong>BESNIK GJONGECAJ<\/strong><\/p>\n<p>Pak dit\u00eb m\u00eb par\u00eb, znj. Topalli, e entuziazmuar nga m\u00ebnyra se si funksionon sistemi parlamentar amerikan, n\u00eb nj\u00eb intervist\u00eb te \u201cZ\u00ebri i Amerik\u00ebs\u201d tha q\u00eb, edhe n\u00eb Shqip\u00ebri, ashtu si n\u00eb Amerik\u00eb, deputet\u00ebt duhet t\u00eb votojn\u00eb hapur dhe votimi i fsheht\u00eb duhet t\u00eb eliminohet nga praktika parlamentare. Thelbi \u00ebsht\u00eb fare i qart\u00eb: votuesit duhet t\u00eb din\u00eb se si voton p\u00ebrfaq\u00ebsuesi i tyre n\u00eb parlament, sepse vet\u00ebm k\u00ebshtu do t\u00eb mund t\u00eb vler\u00ebsojn\u00eb q\u00ebndrimet e tij, sepse vet\u00ebm k\u00ebshtu do t\u00eb mund t\u00eb p\u00ebrgatisin me realiz\u00ebm, var\u00ebsisht nga q\u00ebndrimet e tij n\u00eb parlament, nj\u00eb vot\u00eb pro apo kund\u00ebr deputetit t\u00eb tyre n\u00eb zgjedhjet e ardhshme.<\/p>\n<p>Ideja \u00ebsht\u00eb perfekte, pa asnj\u00eb t\u00eb met\u00eb, e shk\u00eblqyer n\u00eb thelbin dhe n\u00eb form\u00ebn e saj. N\u00ebse ka nj\u00eb gj\u00eb q\u00eb Parlamenti shqiptar duhet ta adoptoj\u00eb, \u00ebsht\u00eb ky parim. \u00cbsht\u00eb nga ato parime me vler\u00eb universale p\u00ebr demokracin\u00eb, dhe si i till\u00eb, pra, p\u00ebr shkak t\u00eb universalitetit, adoptimi i tij \u00ebsht\u00eb i thjesht\u00eb dhe nuk varet nga rrethanat apo specifikat e vendit, qoft\u00eb ky vend edhe Shqip\u00ebria. \u00cbsht\u00eb ky perfeksion, megjithat\u00eb, q\u00eb b\u00ebhet shkak p\u00ebr identifikimin e nj\u00eb problemi t\u00eb madh p\u00ebr shqiptar\u00ebt dhe politik\u00ebn e k\u00ebtij vendi. Parimi i vot\u00ebs s\u00eb hapur dhe t\u00eb adresuar n\u00eb parlament, kur tentohet t\u00eb adoptohet n\u00eb realitetin e parlamentarizmit shqiptar, krijon nj\u00eb reliev tragjik me k\u00ebt\u00eb t\u00eb fundit, nxjerr n\u00eb pah natyr\u00ebn e pist\u00eb dhe k\u00ebnetore ku \u00ebsht\u00eb zhytur parlamenti dhe politika e k\u00ebtij vendi.<\/p>\n<p>E artikuluar si nj\u00eb mesazh publik q\u00eb i d\u00ebrgohet opozit\u00ebs p\u00ebr t\u00eb diskretituar q\u00ebndrimin e saj kund\u00ebr, q\u00ebndrimin e saj pro vot\u00ebs s\u00eb fsheht\u00eb dhe jo t\u00eb hapur n\u00eb parlament, p\u00ebr rrjedhoj\u00eb, p\u00ebr t\u00eb diskretituar kultur\u00ebn gjasme antidemokratike dhe antiamerikane t\u00eb opozit\u00ebs shqiptare, kryetarja e Kuvendit, pa dashur, pra thell\u00ebsisht kund\u00ebr d\u00ebshir\u00ebs s\u00eb saj, iu ka dh\u00ebn\u00eb shqiptar\u00ebve nj\u00eb mesazh tjet\u00ebr, iu ka kujtuar edhe nj\u00ebher\u00eb atyre se sa larg \u00ebsht\u00eb politika e k\u00ebtij vendi nga standardet, nga politika amerikane, nga demokracia n\u00eb p\u00ebrgjith\u00ebsi.<\/p>\n<p>Sepse, p\u00ebrpara se t\u2019u thot\u00eb shqiptar\u00ebve q\u00eb politika shqiptare duhet t\u00eb adoptoj\u00eb vot\u00ebn e hapur dhe t\u00eb mir\u00ebadresuar n\u00eb Parlamentin shqiptar, pra, para se t\u00eb thot\u00eb q\u00eb ky element n\u00eb Parlamentin shqiptar duhet t\u00eb b\u00ebhet po aq standard sa \u00e7\u2019\u00ebsht\u00eb n\u00eb Dhom\u00ebn e P\u00ebrfaq\u00ebsuesve dhe n\u00eb Senatin amerikan, kryetarja e Parlamentit t\u00eb Shqip\u00ebris\u00eb duhet t\u2019u thot\u00eb shqiptar\u00ebve se, a \u00ebsht\u00eb vet\u00eb ajo, sjellja e saj, po aq brenda standardeve sa \u00e7\u2019\u00ebsht\u00eb, p.sh., sjellja e z. John Boehner, speaker i Dhom\u00ebs s\u00eb P\u00ebrfaq\u00ebsuesve t\u00eb Shteteve t\u00eb Bashkuara t\u00eb Amerik\u00ebs; duhet t\u2019u thot\u00eb shqiptar\u00ebve, p.sh., se sa i ngjash\u00ebm \u00ebsht\u00eb Parlamenti shqiptar me Dhom\u00ebn e P\u00ebrfaq\u00ebsuesve apo Senatin amerikan p\u00ebr sa i p\u00ebrket standardeve dhe q\u00ebndrimeve ndaj demokracis\u00eb; duhet t\u2019u thot\u00eb shqiptar\u00ebve n\u00ebse mund t\u00eb ndodh\u00eb n\u00eb Dhom\u00ebn e P\u00ebrfaq\u00ebsuesve apo n\u00eb Senatin amerikan q\u00eb p\u00ebr nj\u00eb projektligj t\u00eb votojn\u00eb an\u00ebtar\u00eb q\u00eb nuk jan\u00eb prezent, si\u00e7 ndodhi n\u00eb votimin p\u00ebr projektligjin e regjistrimit t\u00eb popullsis\u00eb n\u00eb Parlamentin shqiptar; dhe s\u00eb fundi, duhet t\u2019i hap\u00eb \u201cbarkun\u201d popullit shqiptar dhe t\u2019i tregoj\u00eb se sa e ngjashme \u00ebsht\u00eb Shqip\u00ebria me Amerik\u00ebn: a ngjan arsimi shqiptar me at\u00eb amerikan, sh\u00ebndet\u00ebsia shqiptare me at\u00eb amerikane, drejt\u00ebsia shqiptare me at\u00eb amerikane, administrata shqiptare me at\u00eb amerikane.<\/p>\n<p>Pra, n\u00eb fund t\u00eb fundit, para se t\u00eb k\u00ebrkoj\u00eb adoptimin e vot\u00ebs s\u00eb hapur dhe t\u00eb adresuar n\u00eb Parlamentin shqiptar, pra, para se t\u2019u thot\u00eb shqiptar\u00ebve q\u00eb duhet ta b\u00ebjm\u00eb votimin parlamentar si n\u00eb Amerik\u00eb, kryetarja e Parlamentit shqiptar duhet t\u2019u thot\u00eb shqiptar\u00ebve pse jemi kaq larg Amerik\u00ebs, pse n\u00eb Shqip\u00ebri sundon nj\u00eb regjim autokratik, pse demokracia shqiptare rr\u00ebshqet mbrapsht, nd\u00ebrsa koha tragjikisht rrjedh pa t\u00eb p\u00ebrpara.<\/p>\n<p>Ajo, n\u00eb fakt, para se t\u00eb adoptoj\u00eb nj\u00eb parim t\u00eb parlamentarizmit amerikan dhe ta p\u00ebrdor\u00eb at\u00eb si arm\u00eb kund\u00ebr pjes\u00ebs opozitare t\u00eb politik\u00ebs s\u00eb k\u00ebtij vendi t\u00eb varf\u00ebr, duhet t\u00eb filloj\u00eb t\u00eb shpjegoj\u00eb se \u00e7\u2019po ndodh me parlamentarizmin shqiptar, me sundimin e tij nga partia n\u00eb pushtet. Akoma m\u00eb konkretisht, kryetarja e Parlamentit t\u00eb Shqip\u00ebris\u00eb duhet ta filloj\u00eb analiz\u00ebn nga vetja dhe t\u2019u tregoj\u00eb shqiptar\u00ebve se \u00e7\u2019ndodh me t\u00eb, t\u2019u tregoj\u00eb atyre qart\u00ebsisht n\u00ebse m\u00ebnyra se si po e drejton ajo Parlamentin, e ndihmon apo i b\u00ebn varrin parlamentarizmit simbolik shqiptar.<\/p>\n<p>* * *<\/p>\n<p>Speaker John Boehner, n\u00eb Kongresin amerikan flet anglishten zyrtare, pa dialekt, t\u00eb thjesht\u00eb, t\u00eb drejtp\u00ebrdrejt\u00eb, pa zbukurime, aq m\u00eb shum\u00eb, sa as nuk mundesh madje ta imagjinosh, n\u00eb anglishten e tij nuk ka fjal\u00eb t\u00eb ndyra, nuk ka fjal\u00eb ofenduese, p\u00ebrfundimisht, asgj\u00eb personale. Speaker John Boehner flet anglishten zyrtare dhe pa dialekt, sepse ai i drejtohet t\u00eb gjith\u00eb popullit amerikan dhe jo vet\u00ebm nj\u00eb pjese t\u00eb tij. Ai nuk i drejtohet vet\u00ebm jugut, nuk i drejtohet vet\u00ebm veriut, nuk u drejtohet vet\u00ebm amerikan\u00ebve t\u00eb Teksasit apo t\u00eb ndonj\u00eb shteti tjet\u00ebr. Ai flet gjuh\u00ebn zyrtare sepse e di shum\u00eb mir\u00eb q\u00eb ajo \u00ebsht\u00eb kusht p\u00ebr t\u2019i mbajtur qytetar\u00ebt t\u00eb lidhur me nj\u00ebri tjetrin dhe me shtetin e tyre, p\u00ebr t\u2019i konsideruar ata t\u00eb barabart\u00eb, larg \u00e7do diskriminimi, larg \u00e7do preference, p\u00ebrfundimisht, p\u00ebr ta konsideruar krejt popullin e vendit t\u00eb tij si nj\u00eb t\u00eb vet\u00ebm, t\u00eb unifikuar, brenda t\u00eb nj\u00ebjtave standarde.<\/p>\n<p>Ai flet nj\u00eb gjuh\u00eb pa ngarkesa ofenduese, pa fjal\u00eb t\u00eb ndyra, pa n\u00ebntekste personale, sepse \u00ebsht\u00eb etika parlamentare q\u00eb nuk e lejon ndryshe, sepse atje, jasht\u00eb sall\u00ebs s\u00eb Kongresit, jan\u00eb qytetar\u00ebt amerikan\u00eb q\u00eb nuk e lejojn\u00eb, q\u00eb e detyrojn\u00eb at\u00eb t\u00eb \u201cshtyp\u00eb\u201d brenda tij \u00e7do gj\u00eb personale, \u00e7do alarm apo shp\u00ebrthim t\u00eb n\u00ebnnd\u00ebrgjegjes s\u00eb tij. Ai, n\u00eb thelb, nuk ka t\u00eb drejt\u00eb t\u00eb jet\u00eb individi John Boehner kur \u00ebsht\u00eb n\u00eb krye t\u00eb detyr\u00ebs, por speaker-i John Boehner.<br \/>\nKryetarja e Parlamentit shqiptar \u00ebsht\u00eb shum\u00eb larg speaker-it John Boehner, \u00ebsht\u00eb e pangjashme me t\u00eb kur \u00ebsht\u00eb n\u00eb krye t\u00eb detyr\u00ebs. Gjuha e saj \u00ebsht\u00eb me nj\u00eb dialekt q\u00eb edhe un\u00eb, si verior q\u00eb jam, shpesh nuk arrij ta kuptoj.<\/p>\n<p>Ajo \u00ebsht\u00eb nj\u00eb gjuh\u00eb ndar\u00ebse, preferenciale, e adresuar thell\u00ebsisht vet\u00ebm te nj\u00eb grup i caktuar njer\u00ebzish dhe jo te populli shqiptar, i cili, do apo nuk do kryetarja e Parlamentit t\u00eb k\u00ebtij vendi, \u00ebsht\u00eb nj\u00eb entitet etnik, i nj\u00ebsuar, i pandash\u00ebm. Gjuha e kryetares s\u00eb Parlamentit \u00ebsht\u00eb nj\u00eb gjuh\u00eb q\u00eb kur bashkohet edhe me fjal\u00eb joetike, ofenduese, shnd\u00ebrrohet n\u00eb nj\u00eb p\u00ebrrua t\u00eb dal\u00eb jasht\u00eb kontrollit, n\u00eb nj\u00eb p\u00ebrrua g\u00ebrryes, t\u00eb sh\u00ebmtuar, brutal, t\u00eb urrejtsh\u00ebm p\u00ebr shkak se nuk mund t\u00eb imagjinohet ndryshe ve\u00e7se si nj\u00eb sjell\u00ebs fatkeq\u00ebsish. Madje, edhe kur thot\u00eb fjal\u00eb patriotike dhe t\u00eb buta, e till\u00eb mbetet, sepse dialekti n\u00eb goj\u00ebn e kryetares s\u00eb Parlamentit ndjell fatkeq\u00ebsin\u00eb dhe trishtimin e ndarjes s\u00eb shqiptar\u00ebve m\u00eb dysh.<\/p>\n<p>N\u00eb k\u00ebt\u00eb kontekst, sa her\u00eb q\u00eb e d\u00ebgjoj kryetaren e Parlamentit t\u00eb flas\u00eb, si nj\u00eb p\u00ebrpjekje p\u00ebr t\u00eb shp\u00ebtuar nga mizerja ku m\u00eb zhyt m\u00ebnyra e saj e komunikimit, m\u00eb kujtohet im at\u00eb, ndjes\u00eb past\u00eb, gjuha e tij dhe kujdesi q\u00eb ai tregonte p\u00ebr t\u00eb. Jepte m\u00ebsim n\u00eb universitet dhe kam pasur rastin, megjith\u00ebse f\u00ebmij\u00eb, ta ndjek n\u00eb ndonj\u00eb leksion, ashtu sikund\u00ebr kam pasur rastin ta ndjek vazhdimisht kur fliste me mysafir\u00ebt n\u00eb dhom\u00ebn e ngusht\u00eb t\u00eb miqve. N\u00eb dhom\u00ebn e miqve, q\u00eb aq shpesh mbushej me njer\u00ebz t\u00eb ardhur nga Tropoja, babai im fliste nj\u00eb gjuh\u00eb t\u00eb past\u00ebr dialektore, melodioze, t\u00eb mbushur me shprehje plot pushtet, gj\u00eb q\u00eb e ndihmonte t\u00eb mbante lidhje t\u00eb forta me miqt\u00eb e tij tropojan\u00eb.<\/p>\n<p>Gjuha me dialekt sh\u00ebrbente p\u00ebr t\u00eb forcuar miq\u00ebsin\u00eb, p\u00ebr t\u2019i afruar njer\u00ebzit me nj\u00ebri tjetrin dhe jo p\u00ebr t\u2019i ndar\u00eb, absolutisht jo, n\u00eb at\u00eb hap\u00ebsir\u00eb t\u00eb ngusht\u00eb t\u00eb asaj dhome. Me student\u00ebt, n\u00eb leksion, gjuha e tij ishte nj\u00eb tjet\u00ebr gjuh\u00eb. Ishte nj\u00eb gjuh\u00eb, nj\u00eb e folur, q\u00eb p\u00ebrputhej plot\u00ebsisht me standardet zyrtare, pa dialekt, e drejtp\u00ebrdrejt\u00eb, pa n\u00ebntekste, normale. Q\u00ebllimi ishte i nj\u00ebjt\u00eb me at\u00eb t\u00eb dhom\u00ebs s\u00eb miqve: ashtu si gjuha me dialekt e afronte me miqt\u00eb e tij nga Tropoja, gjuha pa dialekt, ajo e mb\u00ebshtetur n\u00eb standardin zyrtar, e afronte me auditorin heterogjen, i sh\u00ebrbente t\u00eb afrohej nj\u00ebsoj me t\u00eb gjith\u00eb student\u00ebt, si me studentin e Tropoj\u00ebs ashtu edhe me at\u00eb t\u00eb Skraparit, t\u00eb Tiran\u00ebs, t\u00eb Kor\u00e7\u00ebs, t\u00eb Shkodr\u00ebs.<\/p>\n<p>N\u00eb sall\u00ebn e leksionit kishte p\u00ebrfaq\u00ebsues nga e gjith\u00eb Shqip\u00ebria dhe q\u00eb t\u2019i trajtonte t\u00eb gjith\u00eb nj\u00ebsoj, q\u00eb t\u2019u sh\u00ebrbente t\u00eb gjith\u00ebve nj\u00ebsoj, q\u00eb t\u00eb mos ishte ndar\u00ebs, preferencial, q\u00eb t\u00eb ishte nj\u00eb profesor p\u00ebr t\u00eb gjith\u00eb, q\u00eb t\u00eb p\u00ebrmbushte misionin e tij mbi t\u00eb gjitha, im at\u00eb nuk zgjidhte si gjuh\u00eb komunikimi dialektin e veriut, por gjuh\u00ebn q\u00eb mb\u00ebshtetej n\u00eb standardet zyrtare. Pavar\u00ebsisht faktit q\u00eb nuk i kishte p\u00eblqyer kurr\u00eb se si nj\u00eb kongres n\u00eb koh\u00ebn e komunizmit e kishte zgjedhur dialektin q\u00eb ishte shnd\u00ebrruar n\u00eb gjuh\u00eb zyrtare.<\/p>\n<p>* * *<\/p>\n<p>T\u00eb flas\u00ebsh me dialekt, t\u00eb st\u00ebrmundohesh q\u00eb ta v\u00ebsh sa m\u00eb shum\u00eb n\u00eb pah k\u00ebt\u00eb gj\u00eb, kur je n\u00eb krye t\u00eb nj\u00eb institucioni q\u00eb i takon t\u00eb gjith\u00eb shqiptar\u00ebve, madje m\u00eb shum\u00eb, n\u00eb krye t\u00eb Parlamentit, \u00ebsht\u00eb nj\u00eb gjest q\u00eb kurr\u00eb nuk mund t\u00eb konsiderohet naiv, spontan, i natyrsh\u00ebm, p\u00ebrkundrazi, p\u00ebr shkak t\u00eb mesazhit t\u00eb ndarjes q\u00eb mbart, \u00ebsht\u00eb nj\u00eb gjest provokativ, kund\u00ebr interesave t\u00eb demokracis\u00eb, kund\u00ebr interesave t\u00eb vendit. Shpesh kam menduar, dhe p\u00ebr k\u00ebt\u00eb kam koh\u00eb q\u00eb jam i bindur, se gjuha me dialekt q\u00eb flet kryetarja e Parlamentit nuk \u00ebsht\u00eb spontane, p\u00ebrkundrazi, e sforcuar, e q\u00ebllimt\u00eb. Gjuha me dialekt, ashtu si e p\u00ebrdor kryetarja e Parlamentit, \u00ebsht\u00eb produkt i nj\u00eb mllefi, i nj\u00eb inati, i nj\u00eb urrejtje t\u00eb dikurshme e rritur nga dita n\u00eb dit\u00eb, q\u00eb vjen nga err\u00ebsira, nga thell\u00ebsit\u00eb e n\u00ebnnd\u00ebrgjegjes, nga konsiderimi i jugut t\u00eb Shqip\u00ebris\u00eb si komunist dhe i veriut si antikomunist.<\/p>\n<p>Dialekti i theksuar n\u00eb t\u00eb folur\u00ebn e saj \u00ebsht\u00eb nj\u00eb hakmarrje, nj\u00eb sfid\u00eb, nj\u00eb shp\u00ebrthim i n\u00ebnnd\u00ebrgjegjes. Ajo, me dialektin e saj, hakmerret ndaj njer\u00ebzve q\u00eb n\u00eb koh\u00ebn e komunizmit dominuan drejtimin e shtetit, ve\u00e7an\u00ebrisht ndaj organeve fam\u00ebkeqe t\u00eb sigurimit t\u00eb shtetit dhe ato t\u00eb mbrojtjes, drejtues t\u00eb t\u00eb cil\u00ebve, p\u00ebr hir t\u00eb s\u00eb v\u00ebrtet\u00ebs, kan\u00eb qen\u00eb n\u00eb p\u00ebrgjith\u00ebsi njer\u00ebz t\u00eb ardhur nga zona konservatore t\u00eb jugut t\u00eb Shqip\u00ebris\u00eb. Ajo \u00ebsht\u00eb ndoshta e vetmja kryetare Parlamenti n\u00eb bot\u00eb q\u00eb ka rreshtuar gjuh\u00ebn dialektore n\u00eb nj\u00eb llogore me politik\u00ebn. Urrejtja e saj personale e shp\u00ebrndar\u00eb n\u00ebp\u00ebrmjet gjuh\u00ebs s\u00eb q\u00ebllimt\u00eb dialektore, po shtrihet n\u00eb t\u00eb gjith\u00eb Shqip\u00ebrin\u00eb, duke b\u00ebr\u00eb t\u00eb kund\u00ebrt\u00ebn: n\u00eb vend q\u00eb ta varros\u00eb, po e ringjall komunizmin n\u00ebp\u00ebrmjet nj\u00eb ndarje t\u00eb re midis qytetar\u00ebve t\u00eb k\u00ebtij vendit.<\/p>\n<p>* * *<\/p>\n<p>Jo shum\u00eb koh\u00eb m\u00eb par\u00eb, n\u00eb nj\u00eb fjalim t\u00eb mbajtur n\u00eb Parlamentin anglez, (p\u00ebrpara t\u00eb zgjedhurve dhe lord\u00ebve), Presidenti Obama shpjegoi pse Kina, apo ndonj\u00eb vend tjet\u00ebr me zhvillim t\u00eb shpejt\u00eb koh\u00ebt e fundit, nuk mund ta z\u00ebvend\u00ebsoj\u00eb SHBA-n\u00eb dhe Anglin\u00eb n\u00eb rolin e tyre lidership n\u00eb bot\u00eb. Ajo q\u00eb do t\u00eb na mbaj\u00eb gjithmon\u00eb t\u00eb par\u00ebt nuk \u00ebsht\u00eb vet\u00ebm ekonomia, ushtria, por vlerat tona t\u00eb p\u00ebrbashk\u00ebta, ve\u00e7an\u00ebrisht, tha z. Obama. Shikoni tek un\u00eb p\u00ebr t\u00eb kuptuar Amerik\u00ebn, vlerat tona t\u00eb p\u00ebrbashk\u00ebta. Un\u00eb jam djali i nj\u00eb kuzhinieri n\u00eb ushtrin\u00eb britanike, por asgj\u00eb nuk m\u00eb pengoi q\u00eb sot t\u00eb jem President i SHBA-s\u00eb. Kjo \u00ebsht\u00eb nj\u00eb vler\u00eb q\u00eb nuk e kan\u00eb t\u00eb tjer\u00ebt, dhe \u00ebsht\u00eb kjo arsyeja baz\u00eb pse ne do t\u00eb mbetemi lider\u00ebt e k\u00ebtij planeti.<\/p>\n<p>Ky \u00ebsht\u00eb nj\u00eb m\u00ebsim i madh p\u00ebr znj. kryetare dhe p\u00ebr politik\u00ebn n\u00eb Shqip\u00ebri. Modeli amerikan nuk \u00ebsht\u00eb nj\u00eb mjet p\u00ebr t\u00eb luftuar kund\u00ebrshtarin, por nj\u00eb vler\u00eb. Dhe kur flitet p\u00ebr Amerik\u00ebn, duhet filluar nga vetja. K\u00ebshtu i jep vler\u00ebs ndri\u00e7imin q\u00eb ka n\u00eb t\u00eb v\u00ebrtet\u00eb.<\/p>\n","protected":false},"excerpt":{"rendered":"<p>Nga: BESNIK GJONGECAJ Pak dit\u00eb m\u00eb par\u00eb, znj. Topalli, e entuziazmuar nga m\u00ebnyra se si funksionon sistemi parlamentar amerikan, n\u00eb nj\u00eb intervist\u00eb te \u201cZ\u00ebri i Amerik\u00ebs\u201d tha q\u00eb, edhe n\u00eb Shqip\u00ebri, ashtu si n\u00eb Amerik\u00eb, deputet\u00ebt duhet t\u00eb votojn\u00eb hapur dhe votimi i fsheht\u00eb duhet t\u00eb eliminohet nga praktika parlamentare. Thelbi \u00ebsht\u00eb fare i qart\u00eb: [&hellip;]<\/p>\n","protected":false},"author":1,"featured_media":0,"comment_status":"open","ping_status":"closed","sticky":false,"template":"","format":"standard","meta":{"footnotes":""},"categories":[2],"tags":[],"class_list":{"0":"post-10620","1":"post","2":"type-post","3":"status-publish","4":"format-standard","6":"category-artikuj"},"yoast_head":"<!-- This site is optimized with the Yoast SEO plugin v27.4 - https:\/\/yoast.com\/product\/yoast-seo-wordpress\/ -->\n<title>Amerika dhe kryetarja e Parlamentit - FjALA e LIR\u00cb - Arkivi<\/title>\n<meta name=\"robots\" content=\"index, follow, max-snippet:-1, max-image-preview:large, max-video-preview:-1\" \/>\n<link rel=\"canonical\" href=\"https:\/\/fjala.info\/2009-2015\/amerika-dhe-kryetarja-e-parlamentit\/\" \/>\n<meta property=\"og:locale\" content=\"sq_AL\" \/>\n<meta property=\"og:type\" content=\"article\" \/>\n<meta property=\"og:title\" content=\"Amerika dhe kryetarja e Parlamentit - FjALA e LIR\u00cb - Arkivi\" \/>\n<meta property=\"og:description\" content=\"Nga: BESNIK GJONGECAJ Pak dit\u00eb m\u00eb par\u00eb, znj. Topalli, e entuziazmuar nga m\u00ebnyra se si funksionon sistemi parlamentar amerikan, n\u00eb nj\u00eb intervist\u00eb te \u201cZ\u00ebri i Amerik\u00ebs\u201d tha q\u00eb, edhe n\u00eb Shqip\u00ebri, ashtu si n\u00eb Amerik\u00eb, deputet\u00ebt duhet t\u00eb votojn\u00eb hapur dhe votimi i fsheht\u00eb duhet t\u00eb eliminohet nga praktika parlamentare. Thelbi \u00ebsht\u00eb fare i qart\u00eb: [&hellip;]\" \/>\n<meta property=\"og:url\" content=\"https:\/\/fjala.info\/2009-2015\/amerika-dhe-kryetarja-e-parlamentit\/\" \/>\n<meta property=\"og:site_name\" content=\"FjALA e LIR\u00cb - Arkivi\" \/>\n<meta property=\"article:published_time\" content=\"2011-09-25T05:56:01+00:00\" \/>\n<meta property=\"og:image\" content=\"http:\/\/www.shkoder.net\/images\/fjala\/2011\/jozefina_topalli_red.jpg\" \/>\n<meta name=\"author\" content=\"admin\" \/>\n<meta name=\"twitter:card\" content=\"summary_large_image\" \/>\n<meta name=\"twitter:label1\" content=\"Written by\" \/>\n\t<meta name=\"twitter:data1\" content=\"admin\" \/>\n\t<meta name=\"twitter:label2\" content=\"Est. reading time\" \/>\n\t<meta name=\"twitter:data2\" content=\"11 minutes\" \/>\n<script type=\"application\/ld+json\" class=\"yoast-schema-graph\">{\"@context\":\"https:\\\/\\\/schema.org\",\"@graph\":[{\"@type\":\"Article\",\"@id\":\"https:\\\/\\\/fjala.info\\\/2009-2015\\\/amerika-dhe-kryetarja-e-parlamentit\\\/#article\",\"isPartOf\":{\"@id\":\"https:\\\/\\\/fjala.info\\\/2009-2015\\\/amerika-dhe-kryetarja-e-parlamentit\\\/\"},\"author\":{\"name\":\"admin\",\"@id\":\"https:\\\/\\\/fjala.info\\\/2009-2015\\\/#\\\/schema\\\/person\\\/3aa1163ef05469c496fc94e77611ada2\"},\"headline\":\"Amerika dhe kryetarja e Parlamentit\",\"datePublished\":\"2011-09-25T05:56:01+00:00\",\"mainEntityOfPage\":{\"@id\":\"https:\\\/\\\/fjala.info\\\/2009-2015\\\/amerika-dhe-kryetarja-e-parlamentit\\\/\"},\"wordCount\":2170,\"commentCount\":0,\"publisher\":{\"@id\":\"https:\\\/\\\/fjala.info\\\/2009-2015\\\/#organization\"},\"image\":{\"@id\":\"https:\\\/\\\/fjala.info\\\/2009-2015\\\/amerika-dhe-kryetarja-e-parlamentit\\\/#primaryimage\"},\"thumbnailUrl\":\"http:\\\/\\\/www.shkoder.net\\\/images\\\/fjala\\\/2011\\\/jozefina_topalli_red.jpg\",\"articleSection\":[\"Artikuj\"],\"inLanguage\":\"sq-AL\",\"potentialAction\":[{\"@type\":\"CommentAction\",\"name\":\"Comment\",\"target\":[\"https:\\\/\\\/fjala.info\\\/2009-2015\\\/amerika-dhe-kryetarja-e-parlamentit\\\/#respond\"]}]},{\"@type\":\"WebPage\",\"@id\":\"https:\\\/\\\/fjala.info\\\/2009-2015\\\/amerika-dhe-kryetarja-e-parlamentit\\\/\",\"url\":\"https:\\\/\\\/fjala.info\\\/2009-2015\\\/amerika-dhe-kryetarja-e-parlamentit\\\/\",\"name\":\"Amerika dhe kryetarja e Parlamentit - FjALA e LIR\u00cb - Arkivi\",\"isPartOf\":{\"@id\":\"https:\\\/\\\/fjala.info\\\/2009-2015\\\/#website\"},\"primaryImageOfPage\":{\"@id\":\"https:\\\/\\\/fjala.info\\\/2009-2015\\\/amerika-dhe-kryetarja-e-parlamentit\\\/#primaryimage\"},\"image\":{\"@id\":\"https:\\\/\\\/fjala.info\\\/2009-2015\\\/amerika-dhe-kryetarja-e-parlamentit\\\/#primaryimage\"},\"thumbnailUrl\":\"http:\\\/\\\/www.shkoder.net\\\/images\\\/fjala\\\/2011\\\/jozefina_topalli_red.jpg\",\"datePublished\":\"2011-09-25T05:56:01+00:00\",\"breadcrumb\":{\"@id\":\"https:\\\/\\\/fjala.info\\\/2009-2015\\\/amerika-dhe-kryetarja-e-parlamentit\\\/#breadcrumb\"},\"inLanguage\":\"sq-AL\",\"potentialAction\":[{\"@type\":\"ReadAction\",\"target\":[\"https:\\\/\\\/fjala.info\\\/2009-2015\\\/amerika-dhe-kryetarja-e-parlamentit\\\/\"]}]},{\"@type\":\"ImageObject\",\"inLanguage\":\"sq-AL\",\"@id\":\"https:\\\/\\\/fjala.info\\\/2009-2015\\\/amerika-dhe-kryetarja-e-parlamentit\\\/#primaryimage\",\"url\":\"http:\\\/\\\/www.shkoder.net\\\/images\\\/fjala\\\/2011\\\/jozefina_topalli_red.jpg\",\"contentUrl\":\"http:\\\/\\\/www.shkoder.net\\\/images\\\/fjala\\\/2011\\\/jozefina_topalli_red.jpg\"},{\"@type\":\"BreadcrumbList\",\"@id\":\"https:\\\/\\\/fjala.info\\\/2009-2015\\\/amerika-dhe-kryetarja-e-parlamentit\\\/#breadcrumb\",\"itemListElement\":[{\"@type\":\"ListItem\",\"position\":1,\"name\":\"Home\",\"item\":\"https:\\\/\\\/fjala.info\\\/2009-2015\\\/\"},{\"@type\":\"ListItem\",\"position\":2,\"name\":\"Amerika dhe kryetarja e Parlamentit\"}]},{\"@type\":\"WebSite\",\"@id\":\"https:\\\/\\\/fjala.info\\\/2009-2015\\\/#website\",\"url\":\"https:\\\/\\\/fjala.info\\\/2009-2015\\\/\",\"name\":\"FjALA e LIR\u00cb - Arkivi\",\"description\":\"Arkivi 2009-2015\",\"publisher\":{\"@id\":\"https:\\\/\\\/fjala.info\\\/2009-2015\\\/#organization\"},\"potentialAction\":[{\"@type\":\"SearchAction\",\"target\":{\"@type\":\"EntryPoint\",\"urlTemplate\":\"https:\\\/\\\/fjala.info\\\/2009-2015\\\/?s={search_term_string}\"},\"query-input\":{\"@type\":\"PropertyValueSpecification\",\"valueRequired\":true,\"valueName\":\"search_term_string\"}}],\"inLanguage\":\"sq-AL\"},{\"@type\":\"Organization\",\"@id\":\"https:\\\/\\\/fjala.info\\\/2009-2015\\\/#organization\",\"name\":\"FjALA e LIR\u00cb - Arkivi\",\"url\":\"https:\\\/\\\/fjala.info\\\/2009-2015\\\/\",\"logo\":{\"@type\":\"ImageObject\",\"inLanguage\":\"sq-AL\",\"@id\":\"https:\\\/\\\/fjala.info\\\/2009-2015\\\/#\\\/schema\\\/logo\\\/image\\\/\",\"url\":\"\",\"contentUrl\":\"\",\"caption\":\"FjALA e LIR\u00cb - Arkivi\"},\"image\":{\"@id\":\"https:\\\/\\\/fjala.info\\\/2009-2015\\\/#\\\/schema\\\/logo\\\/image\\\/\"}},{\"@type\":\"Person\",\"@id\":\"https:\\\/\\\/fjala.info\\\/2009-2015\\\/#\\\/schema\\\/person\\\/3aa1163ef05469c496fc94e77611ada2\",\"name\":\"admin\",\"image\":{\"@type\":\"ImageObject\",\"inLanguage\":\"sq-AL\",\"@id\":\"https:\\\/\\\/fjala.info\\\/2009-2015\\\/wp-content\\\/uploads\\\/2012\\\/02\\\/arben_cokaj-120x150.jpg\",\"url\":\"https:\\\/\\\/fjala.info\\\/2009-2015\\\/wp-content\\\/uploads\\\/2012\\\/02\\\/arben_cokaj-120x150.jpg\",\"contentUrl\":\"https:\\\/\\\/fjala.info\\\/2009-2015\\\/wp-content\\\/uploads\\\/2012\\\/02\\\/arben_cokaj-120x150.jpg\",\"caption\":\"admin\"},\"description\":\"Admin, Fjala e Lir\u00eb\",\"sameAs\":[\"https:\\\/\\\/fjala.info\\\/\"],\"url\":\"https:\\\/\\\/fjala.info\\\/2009-2015\\\/author\\\/admin\\\/\"}]}<\/script>\n<!-- \/ Yoast SEO plugin. -->","yoast_head_json":{"title":"Amerika dhe kryetarja e Parlamentit - FjALA e LIR\u00cb - Arkivi","robots":{"index":"index","follow":"follow","max-snippet":"max-snippet:-1","max-image-preview":"max-image-preview:large","max-video-preview":"max-video-preview:-1"},"canonical":"https:\/\/fjala.info\/2009-2015\/amerika-dhe-kryetarja-e-parlamentit\/","og_locale":"sq_AL","og_type":"article","og_title":"Amerika dhe kryetarja e Parlamentit - FjALA e LIR\u00cb - Arkivi","og_description":"Nga: BESNIK GJONGECAJ Pak dit\u00eb m\u00eb par\u00eb, znj. Topalli, e entuziazmuar nga m\u00ebnyra se si funksionon sistemi parlamentar amerikan, n\u00eb nj\u00eb intervist\u00eb te \u201cZ\u00ebri i Amerik\u00ebs\u201d tha q\u00eb, edhe n\u00eb Shqip\u00ebri, ashtu si n\u00eb Amerik\u00eb, deputet\u00ebt duhet t\u00eb votojn\u00eb hapur dhe votimi i fsheht\u00eb duhet t\u00eb eliminohet nga praktika parlamentare. Thelbi \u00ebsht\u00eb fare i qart\u00eb: [&hellip;]","og_url":"https:\/\/fjala.info\/2009-2015\/amerika-dhe-kryetarja-e-parlamentit\/","og_site_name":"FjALA e LIR\u00cb - Arkivi","article_published_time":"2011-09-25T05:56:01+00:00","og_image":[{"url":"http:\/\/www.shkoder.net\/images\/fjala\/2011\/jozefina_topalli_red.jpg","type":"","width":"","height":""}],"author":"admin","twitter_card":"summary_large_image","twitter_misc":{"Written by":"admin","Est. reading time":"11 minutes"},"schema":{"@context":"https:\/\/schema.org","@graph":[{"@type":"Article","@id":"https:\/\/fjala.info\/2009-2015\/amerika-dhe-kryetarja-e-parlamentit\/#article","isPartOf":{"@id":"https:\/\/fjala.info\/2009-2015\/amerika-dhe-kryetarja-e-parlamentit\/"},"author":{"name":"admin","@id":"https:\/\/fjala.info\/2009-2015\/#\/schema\/person\/3aa1163ef05469c496fc94e77611ada2"},"headline":"Amerika dhe kryetarja e Parlamentit","datePublished":"2011-09-25T05:56:01+00:00","mainEntityOfPage":{"@id":"https:\/\/fjala.info\/2009-2015\/amerika-dhe-kryetarja-e-parlamentit\/"},"wordCount":2170,"commentCount":0,"publisher":{"@id":"https:\/\/fjala.info\/2009-2015\/#organization"},"image":{"@id":"https:\/\/fjala.info\/2009-2015\/amerika-dhe-kryetarja-e-parlamentit\/#primaryimage"},"thumbnailUrl":"http:\/\/www.shkoder.net\/images\/fjala\/2011\/jozefina_topalli_red.jpg","articleSection":["Artikuj"],"inLanguage":"sq-AL","potentialAction":[{"@type":"CommentAction","name":"Comment","target":["https:\/\/fjala.info\/2009-2015\/amerika-dhe-kryetarja-e-parlamentit\/#respond"]}]},{"@type":"WebPage","@id":"https:\/\/fjala.info\/2009-2015\/amerika-dhe-kryetarja-e-parlamentit\/","url":"https:\/\/fjala.info\/2009-2015\/amerika-dhe-kryetarja-e-parlamentit\/","name":"Amerika dhe kryetarja e Parlamentit - FjALA e LIR\u00cb - Arkivi","isPartOf":{"@id":"https:\/\/fjala.info\/2009-2015\/#website"},"primaryImageOfPage":{"@id":"https:\/\/fjala.info\/2009-2015\/amerika-dhe-kryetarja-e-parlamentit\/#primaryimage"},"image":{"@id":"https:\/\/fjala.info\/2009-2015\/amerika-dhe-kryetarja-e-parlamentit\/#primaryimage"},"thumbnailUrl":"http:\/\/www.shkoder.net\/images\/fjala\/2011\/jozefina_topalli_red.jpg","datePublished":"2011-09-25T05:56:01+00:00","breadcrumb":{"@id":"https:\/\/fjala.info\/2009-2015\/amerika-dhe-kryetarja-e-parlamentit\/#breadcrumb"},"inLanguage":"sq-AL","potentialAction":[{"@type":"ReadAction","target":["https:\/\/fjala.info\/2009-2015\/amerika-dhe-kryetarja-e-parlamentit\/"]}]},{"@type":"ImageObject","inLanguage":"sq-AL","@id":"https:\/\/fjala.info\/2009-2015\/amerika-dhe-kryetarja-e-parlamentit\/#primaryimage","url":"http:\/\/www.shkoder.net\/images\/fjala\/2011\/jozefina_topalli_red.jpg","contentUrl":"http:\/\/www.shkoder.net\/images\/fjala\/2011\/jozefina_topalli_red.jpg"},{"@type":"BreadcrumbList","@id":"https:\/\/fjala.info\/2009-2015\/amerika-dhe-kryetarja-e-parlamentit\/#breadcrumb","itemListElement":[{"@type":"ListItem","position":1,"name":"Home","item":"https:\/\/fjala.info\/2009-2015\/"},{"@type":"ListItem","position":2,"name":"Amerika dhe kryetarja e Parlamentit"}]},{"@type":"WebSite","@id":"https:\/\/fjala.info\/2009-2015\/#website","url":"https:\/\/fjala.info\/2009-2015\/","name":"FjALA e LIR\u00cb - Arkivi","description":"Arkivi 2009-2015","publisher":{"@id":"https:\/\/fjala.info\/2009-2015\/#organization"},"potentialAction":[{"@type":"SearchAction","target":{"@type":"EntryPoint","urlTemplate":"https:\/\/fjala.info\/2009-2015\/?s={search_term_string}"},"query-input":{"@type":"PropertyValueSpecification","valueRequired":true,"valueName":"search_term_string"}}],"inLanguage":"sq-AL"},{"@type":"Organization","@id":"https:\/\/fjala.info\/2009-2015\/#organization","name":"FjALA e LIR\u00cb - Arkivi","url":"https:\/\/fjala.info\/2009-2015\/","logo":{"@type":"ImageObject","inLanguage":"sq-AL","@id":"https:\/\/fjala.info\/2009-2015\/#\/schema\/logo\/image\/","url":"","contentUrl":"","caption":"FjALA e LIR\u00cb - Arkivi"},"image":{"@id":"https:\/\/fjala.info\/2009-2015\/#\/schema\/logo\/image\/"}},{"@type":"Person","@id":"https:\/\/fjala.info\/2009-2015\/#\/schema\/person\/3aa1163ef05469c496fc94e77611ada2","name":"admin","image":{"@type":"ImageObject","inLanguage":"sq-AL","@id":"https:\/\/fjala.info\/2009-2015\/wp-content\/uploads\/2012\/02\/arben_cokaj-120x150.jpg","url":"https:\/\/fjala.info\/2009-2015\/wp-content\/uploads\/2012\/02\/arben_cokaj-120x150.jpg","contentUrl":"https:\/\/fjala.info\/2009-2015\/wp-content\/uploads\/2012\/02\/arben_cokaj-120x150.jpg","caption":"admin"},"description":"Admin, Fjala e Lir\u00eb","sameAs":["https:\/\/fjala.info\/"],"url":"https:\/\/fjala.info\/2009-2015\/author\/admin\/"}]}},"_links":{"self":[{"href":"https:\/\/fjala.info\/2009-2015\/wp-json\/wp\/v2\/posts\/10620","targetHints":{"allow":["GET"]}}],"collection":[{"href":"https:\/\/fjala.info\/2009-2015\/wp-json\/wp\/v2\/posts"}],"about":[{"href":"https:\/\/fjala.info\/2009-2015\/wp-json\/wp\/v2\/types\/post"}],"author":[{"embeddable":true,"href":"https:\/\/fjala.info\/2009-2015\/wp-json\/wp\/v2\/users\/1"}],"replies":[{"embeddable":true,"href":"https:\/\/fjala.info\/2009-2015\/wp-json\/wp\/v2\/comments?post=10620"}],"version-history":[{"count":0,"href":"https:\/\/fjala.info\/2009-2015\/wp-json\/wp\/v2\/posts\/10620\/revisions"}],"wp:attachment":[{"href":"https:\/\/fjala.info\/2009-2015\/wp-json\/wp\/v2\/media?parent=10620"}],"wp:term":[{"taxonomy":"category","embeddable":true,"href":"https:\/\/fjala.info\/2009-2015\/wp-json\/wp\/v2\/categories?post=10620"},{"taxonomy":"post_tag","embeddable":true,"href":"https:\/\/fjala.info\/2009-2015\/wp-json\/wp\/v2\/tags?post=10620"}],"curies":[{"name":"wp","href":"https:\/\/api.w.org\/{rel}","templated":true}]}}