{"id":10618,"date":"2011-09-25T06:29:59","date_gmt":"2011-09-25T05:29:59","guid":{"rendered":"http:\/\/fjala.shkoder.net\/?p=10618"},"modified":"2011-09-25T06:29:59","modified_gmt":"2011-09-25T05:29:59","slug":"shamia-dhe-territori-i-inferioritetit","status":"publish","type":"post","link":"https:\/\/fjala.info\/2009-2015\/shamia-dhe-territori-i-inferioritetit\/","title":{"rendered":"Shamia dhe territori i inferioritetit"},"content":{"rendered":"<p><strong>AGIM BA\u00c7I<\/strong>, <em>24.09.2011<\/em><\/p>\n<p>Edhe k\u00ebt\u00eb vit, me rifillimin e shkollave dhe n\u00eb prag t\u00eb nisjes s\u00eb m\u00ebsimit n\u00eb universitete, nuk mund t\u00eb mungonte debati p\u00ebr shamin\u00eb, mbules\u00ebn e vajzave t\u00eb besimit islam. Duket si nj\u00eb skenar p\u00ebrs\u00ebritjeje, ku debati \u00ebsht\u00eb i nj\u00ebjt\u00eb, por vet\u00ebm ndryshojn\u00eb aktor\u00ebt.<\/p>\n<p>Por, m\u00eb e trisht\u00eb sesa moszgjidhja n\u00eb baz\u00eb t\u00eb t\u00eb drejtave themelore t\u00eb njeriut, q\u00eb \u00ebsht\u00eb A-ja dhe ZH-ja e ligjit, \u00ebsht\u00eb k\u00ebrkimi me ngulm i mjaft aktor\u00ebve p\u00ebr t\u2019i futur besimtar\u00ebt mysliman\u00eb n\u00eb nj\u00eb territor inferioriteti ndaj qytet\u00ebrimit. Duke i paraqitur si t\u00eb paaft\u00eb p\u00ebr t\u00eb p\u00ebrqafuar modernizmin (modernizmin sipas versionit t\u00eb tyre, p\u00ebr jet\u00eb t\u00eb hapur publike, veshje ekstravagante, pije, apo arg\u00ebtime t\u00eb tjera), jan\u00eb montuar pa fund situata t\u00eb tilla, t\u00eb cilat i paraqesin mysliman\u00ebt si nj\u00eb komunitet me k\u00ebrkesa minimale p\u00ebr jet\u00ebn, duke i p\u00ebrjashtuar nga t\u00eb qenit aktor\u00eb publik\u00eb, ose edhe shembull publik p\u00ebrmes asaj \u00e7ka p\u00ebr\u00e7ojn\u00eb simbolet.<\/p>\n<p>Krijimi i nj\u00eb num\u00ebratori si ata t\u00eb fillores, kur m\u00ebsojm\u00eb shtimin e numrave, ashtu num\u00ebrohen edhe pamund\u00ebsit\u00eb e atyre q\u00eb shfaqen si besimtar\u00eb, duke i paraqitur, gati-gati, si relikte, si pjes\u00eb e pamundur p\u00ebr t\u00eb ecur me vrapin e ndryshimeve. K\u00ebt\u00eb imazh e ka ndihmuar edhe agonia e zgjatur e zyrtar\u00ebve t\u00eb Komunitetit Mysliman, t\u00eb cil\u00ebt prej vitesh p\u00ebrb\u00ebjn\u00eb lajm n\u00eb publik ose p\u00ebr ndonj\u00eb debat pronash (ku zakonisht vihen n\u00eb sfond dy pleq me qeleshe n\u00eb der\u00ebn e Komunitetit Mysliman), ose thjesht duke i dh\u00ebn\u00eb dor\u00ebn politik\u00ebs p\u00ebr festa, pa pasur asnj\u00eb rol publik.<\/p>\n<p>P\u00ebr m\u00eb tep\u00ebr, pavar\u00ebsisht q\u00ebndrimit t\u00eb pal\u00ebkundur kund\u00ebr terrorizmit q\u00eb kan\u00eb pasur mysliman\u00ebt shqiptar\u00eb dhe ky komunitet, pakkush nga zyrtar\u00ebt e k\u00ebtij institucioni \u00ebsht\u00eb munduar t\u00eb shpjegoj\u00eb se ata q\u00eb tentojn\u00eb veprime terroriste n\u00eb em\u00ebr t\u00eb islamit, jan\u00eb s\u00eb pari t\u00eb d\u00ebmsh\u00ebm p\u00ebr vet\u00eb mysliman\u00ebt, t\u00eb cil\u00ebt duhet t\u00eb bartin n\u00eb p\u00ebrditshm\u00ebrin\u00eb e tyre nj\u00eb pesh\u00eb q\u00eb nuk e kan\u00eb n\u00eb thelbin e asaj q\u00eb besojn\u00eb, q\u00eb nuk \u00ebsht\u00eb as e tyre e as n\u00eb d\u00ebshir\u00ebn e tyre.<\/p>\n<p>Pozicioni inferior q\u00eb ka mbajtur zyrtarisht Bashk\u00ebsia Islame dallohet qart\u00eb edhe n\u00eb zvarritjen q\u00eb ka pasur n\u00eb vite \u00e7\u00ebshtja e ngritjes s\u00eb nj\u00eb xhamie, nd\u00ebrkoh\u00eb q\u00eb komunitetet e tjera, pa asnj\u00eb zhurm\u00eb, i kan\u00eb nd\u00ebrtuar objektet e tyre t\u00eb kultit atje ku kan\u00eb k\u00ebrkuar q\u00eb ta ken\u00eb.<\/p>\n<p>Duke ngritur, n\u00eb fakt, t\u00eb nj\u00ebjtat probleme paralele s\u00eb fundi edhe n\u00eb Kosov\u00eb, duket sikur kemi t\u00eb nj\u00ebjtin binom inferioriteti t\u00eb shoq\u00ebris\u00eb, e cila ve\u00e7se p\u00ebrforcon q\u00ebndrimet kund\u00ebrshtare t\u00eb disa vendeve jo dashamir\u00ebse ndaj shqiptar\u00ebve lidhur me integrimin e Shqip\u00ebris\u00eb dhe Kosov\u00ebs n\u00eb strukturat europiane.<\/p>\n<p>Por, n\u00eb thelb, \u00e7far\u00eb humbet shoq\u00ebria duke tentuar t\u2019i izoloj\u00eb mysliman\u00ebt, duke i futur n\u00eb qarkun e inferiores?<\/p>\n<p>S\u00eb pari, mysliman\u00ebt jan\u00eb qytetar\u00eb t\u00eb k\u00ebtij vendi, pjes\u00eb e pandar\u00eb e shoq\u00ebris\u00eb. N\u00eb historin\u00eb e k\u00ebtij vendi ata kan\u00eb treguar atdhetarizmin, kultur\u00ebn dhe kan\u00eb qen\u00eb promotor\u00eb t\u00eb zhvillimit, pa b\u00ebr\u00eb asnj\u00eb dallim se cilit besim i p\u00ebrkisnin. (N\u00ebse ne krenohemi me toleranc\u00ebn, nuk mundemi t\u00eb anashkalojm\u00eb r\u00ebnd\u00ebsin\u00eb q\u00eb ka pasur q\u00ebndrimi i shumic\u00ebs myslimane n\u00eb k\u00ebt\u00eb vend. Sepse, fundi i fundit, nuk toleron pakica shumic\u00ebn, por vet\u00ebm e kund\u00ebrta mund t\u00eb ndodh\u00eb). Duke tentuar futjen e besimtar\u00ebve n\u00eb territor t\u00eb inferiores dhe duke provokuar n\u00eb jet\u00ebt e tyre at\u00eb \u00e7far\u00eb ata besojn\u00eb, shoq\u00ebria rrezikon t\u00eb ket\u00eb nj\u00eb pjes\u00eb ta pakuptueshme me veten, q\u00eb rrezikon nga \u00e7asti n\u00eb \u00e7ast t\u00eb jet\u00eb e pakontrollueshme, qoft\u00eb edhe p\u00ebrmes refuzimit.<\/p>\n<p>E, p\u00ebr m\u00eb tep\u00ebr, duke i paraqitur mysliman\u00ebt si nj\u00eb rrezik brenda shoq\u00ebris\u00eb, nuk ka pse t\u00eb habitemi q\u00eb europian\u00ebt t\u00eb na shohin rrezik p\u00ebr veten e tyre. N\u00eb k\u00ebt\u00eb k\u00ebndv\u00ebshtrim, projektuesit e lajmeve duhet t\u00eb mbajn\u00eb p\u00ebrgjegj\u00ebsin\u00eb e \u201cujit\u201d q\u00eb \u00e7on mulliri i lajmeve t\u00eb tyre, pasi nuk kemi t\u00eb b\u00ebjm\u00eb me turist\u00eb q\u00eb kalojn\u00eb n\u00eb Shqip\u00ebri, por kemi t\u00eb b\u00ebjm\u00eb me nj\u00eb shumic\u00eb t\u00eb konsiderueshme, q\u00eb e sheh besimin si vler\u00eb.<\/p>\n<p>Nd\u00ebrkaq, vet\u00eb mysliman\u00ebt mbajn\u00eb p\u00ebrgjegj\u00ebsin\u00eb e moskuptimit t\u00eb r\u00ebnd\u00ebsis\u00eb s\u00eb dialogut, t\u00eb jet\u00ebs n\u00eb publik, p\u00ebr t\u2019iu treguar an\u00ebtar\u00ebve t\u00eb shoq\u00ebris\u00eb thelbin e asaj \u00e7ka ata besojn\u00eb, q\u00eb t\u00eb mos jen\u00eb thjesht objekt p\u00ebr lajm. Mbajn\u00eb p\u00ebrgjegj\u00ebsin\u00eb e mosdaljes s\u00eb duhur n\u00eb jet\u00ebn publike, p\u00ebr t\u00eb shpjeguar realisht vlerat e asaj \u00e7ka p\u00ebrfaq\u00ebson ajo q\u00eb k\u00ebrkojn\u00eb t\u00eb p\u00ebrfaq\u00ebsojn\u00eb.<\/p>\n<p>Mbajn\u00eb p\u00ebrgjegj\u00ebsin\u00eb e mosshpjegimit se asnj\u00eb \u00e7ast demokracia nuk bie n\u00eb kund\u00ebrshtim me besimin, por sidomos me detyr\u00ebn p\u00ebr t\u00eb k\u00ebrkuar diturin\u00eb. Vet\u00eb besimtar\u00ebt e din\u00eb se sa e r\u00ebnd\u00ebsishme \u00ebsht\u00eb ta fitosh betej\u00ebn n\u00eb shoq\u00ebri duke debatuar me t\u00eb tjer\u00ebt, duke treguar vlerat n\u00eb bashk\u00ebjetes\u00eb me t\u00eb tjer\u00ebt, e jo duke u ve\u00e7uar dhe duke u strukur n\u00eb vetmin\u00eb q\u00eb tashm\u00eb u ofrohet me boll\u00ebk nga projektuesit e territoreve inferiore.<\/p>\n<p>Vet\u00ebm nj\u00eb nd\u00ebrthurje e aktor\u00ebve imazhformues dhe vet\u00eb mysliman\u00ebve do t\u00eb b\u00ebnte q\u00eb t\u00eb mos nd\u00ebrtonim geton e rrezikshme t\u00eb territorit t\u00eb inferioritetit, q\u00eb mund t\u00eb jet\u00eb m\u00eb s\u00eb paku nj\u00eb ngarkes\u00eb sociale p\u00ebr shoq\u00ebrin\u00eb, ose nj\u00eb argument dashakeq\u00ebs ndaj atyre q\u00eb d\u00ebshirojn\u00eb t\u00eb na shohin si piktur\u00eb e keqe orientalizmi q\u00eb nuk mund t\u00eb ekspozohemi n\u00eb Europ\u00eb.<\/p>\n<p>Nd\u00ebrkoh\u00eb, ata q\u00eb kan\u00eb marr\u00eb p\u00ebrsip\u00ebr t\u00eb drejtojn\u00eb p\u00ebrmes institucioneve jet\u00ebn e besimtar\u00ebve, duhet t\u00eb marrin p\u00ebrgjegj\u00ebsin\u00eb sipas dijeve q\u00eb jep Islami, e jo t\u00eb jetojn\u00eb sikur jan\u00eb mbyllur n\u00eb nj\u00eb bunker nga ku nuk shohin asgj\u00eb se \u00e7far\u00eb ndodh n\u00eb horizont. Sepse t\u00eb paraqitesh si besimtar i nj\u00eb libri q\u00eb i ka t\u00eb gjitha zgjidhjet, p\u00ebr \u00e7do koh\u00eb e p\u00ebr \u00e7do vend, e t\u00eb mos shfaq\u00ebsh asnj\u00eb zgjidhje, do t\u00eb thot\u00eb se nuk ke kuptuar asgj\u00eb nga ajo q\u00eb ke marr\u00eb p\u00ebrsip\u00ebr t\u00eb p\u00ebrfaq\u00ebsosh, ose edhe m\u00eb keq, q\u00eb je q\u00ebllimisht penges\u00eb.<\/p>\n","protected":false},"excerpt":{"rendered":"<p>AGIM BA\u00c7I, 24.09.2011 Edhe k\u00ebt\u00eb vit, me rifillimin e shkollave dhe n\u00eb prag t\u00eb nisjes s\u00eb m\u00ebsimit n\u00eb universitete, nuk mund t\u00eb mungonte debati p\u00ebr shamin\u00eb, mbules\u00ebn e vajzave t\u00eb besimit islam. Duket si nj\u00eb skenar p\u00ebrs\u00ebritjeje, ku debati \u00ebsht\u00eb i nj\u00ebjt\u00eb, por vet\u00ebm ndryshojn\u00eb aktor\u00ebt. Por, m\u00eb e trisht\u00eb sesa moszgjidhja n\u00eb baz\u00eb t\u00eb [&hellip;]<\/p>\n","protected":false},"author":1,"featured_media":0,"comment_status":"open","ping_status":"closed","sticky":false,"template":"","format":"standard","meta":{"footnotes":""},"categories":[2],"tags":[],"class_list":{"0":"post-10618","1":"post","2":"type-post","3":"status-publish","4":"format-standard","6":"category-artikuj"},"yoast_head":"<!-- This site is optimized with the Yoast SEO plugin v27.4 - https:\/\/yoast.com\/product\/yoast-seo-wordpress\/ -->\n<title>Shamia dhe territori i inferioritetit - FjALA e LIR\u00cb - Arkivi<\/title>\n<meta name=\"robots\" content=\"index, follow, max-snippet:-1, max-image-preview:large, max-video-preview:-1\" \/>\n<link rel=\"canonical\" href=\"https:\/\/fjala.info\/2009-2015\/shamia-dhe-territori-i-inferioritetit\/\" \/>\n<meta property=\"og:locale\" content=\"sq_AL\" \/>\n<meta property=\"og:type\" content=\"article\" \/>\n<meta property=\"og:title\" content=\"Shamia dhe territori i inferioritetit - FjALA e LIR\u00cb - Arkivi\" \/>\n<meta property=\"og:description\" content=\"AGIM BA\u00c7I, 24.09.2011 Edhe k\u00ebt\u00eb vit, me rifillimin e shkollave dhe n\u00eb prag t\u00eb nisjes s\u00eb m\u00ebsimit n\u00eb universitete, nuk mund t\u00eb mungonte debati p\u00ebr shamin\u00eb, mbules\u00ebn e vajzave t\u00eb besimit islam. Duket si nj\u00eb skenar p\u00ebrs\u00ebritjeje, ku debati \u00ebsht\u00eb i nj\u00ebjt\u00eb, por vet\u00ebm ndryshojn\u00eb aktor\u00ebt. Por, m\u00eb e trisht\u00eb sesa moszgjidhja n\u00eb baz\u00eb t\u00eb [&hellip;]\" \/>\n<meta property=\"og:url\" content=\"https:\/\/fjala.info\/2009-2015\/shamia-dhe-territori-i-inferioritetit\/\" \/>\n<meta property=\"og:site_name\" content=\"FjALA e LIR\u00cb - Arkivi\" \/>\n<meta property=\"article:published_time\" content=\"2011-09-25T05:29:59+00:00\" \/>\n<meta name=\"author\" content=\"admin\" \/>\n<meta name=\"twitter:card\" content=\"summary_large_image\" \/>\n<meta name=\"twitter:label1\" content=\"Written by\" \/>\n\t<meta name=\"twitter:data1\" content=\"admin\" \/>\n\t<meta name=\"twitter:label2\" content=\"Est. reading time\" \/>\n\t<meta name=\"twitter:data2\" content=\"5 minutes\" \/>\n<script type=\"application\/ld+json\" class=\"yoast-schema-graph\">{\"@context\":\"https:\\\/\\\/schema.org\",\"@graph\":[{\"@type\":\"Article\",\"@id\":\"https:\\\/\\\/fjala.info\\\/2009-2015\\\/shamia-dhe-territori-i-inferioritetit\\\/#article\",\"isPartOf\":{\"@id\":\"https:\\\/\\\/fjala.info\\\/2009-2015\\\/shamia-dhe-territori-i-inferioritetit\\\/\"},\"author\":{\"name\":\"admin\",\"@id\":\"https:\\\/\\\/fjala.info\\\/2009-2015\\\/#\\\/schema\\\/person\\\/3aa1163ef05469c496fc94e77611ada2\"},\"headline\":\"Shamia dhe territori i inferioritetit\",\"datePublished\":\"2011-09-25T05:29:59+00:00\",\"mainEntityOfPage\":{\"@id\":\"https:\\\/\\\/fjala.info\\\/2009-2015\\\/shamia-dhe-territori-i-inferioritetit\\\/\"},\"wordCount\":1086,\"commentCount\":0,\"publisher\":{\"@id\":\"https:\\\/\\\/fjala.info\\\/2009-2015\\\/#organization\"},\"articleSection\":[\"Artikuj\"],\"inLanguage\":\"sq-AL\",\"potentialAction\":[{\"@type\":\"CommentAction\",\"name\":\"Comment\",\"target\":[\"https:\\\/\\\/fjala.info\\\/2009-2015\\\/shamia-dhe-territori-i-inferioritetit\\\/#respond\"]}]},{\"@type\":\"WebPage\",\"@id\":\"https:\\\/\\\/fjala.info\\\/2009-2015\\\/shamia-dhe-territori-i-inferioritetit\\\/\",\"url\":\"https:\\\/\\\/fjala.info\\\/2009-2015\\\/shamia-dhe-territori-i-inferioritetit\\\/\",\"name\":\"Shamia dhe territori i inferioritetit - FjALA e LIR\u00cb - Arkivi\",\"isPartOf\":{\"@id\":\"https:\\\/\\\/fjala.info\\\/2009-2015\\\/#website\"},\"datePublished\":\"2011-09-25T05:29:59+00:00\",\"breadcrumb\":{\"@id\":\"https:\\\/\\\/fjala.info\\\/2009-2015\\\/shamia-dhe-territori-i-inferioritetit\\\/#breadcrumb\"},\"inLanguage\":\"sq-AL\",\"potentialAction\":[{\"@type\":\"ReadAction\",\"target\":[\"https:\\\/\\\/fjala.info\\\/2009-2015\\\/shamia-dhe-territori-i-inferioritetit\\\/\"]}]},{\"@type\":\"BreadcrumbList\",\"@id\":\"https:\\\/\\\/fjala.info\\\/2009-2015\\\/shamia-dhe-territori-i-inferioritetit\\\/#breadcrumb\",\"itemListElement\":[{\"@type\":\"ListItem\",\"position\":1,\"name\":\"Home\",\"item\":\"https:\\\/\\\/fjala.info\\\/2009-2015\\\/\"},{\"@type\":\"ListItem\",\"position\":2,\"name\":\"Shamia dhe territori i inferioritetit\"}]},{\"@type\":\"WebSite\",\"@id\":\"https:\\\/\\\/fjala.info\\\/2009-2015\\\/#website\",\"url\":\"https:\\\/\\\/fjala.info\\\/2009-2015\\\/\",\"name\":\"FjALA e LIR\u00cb - Arkivi\",\"description\":\"Arkivi 2009-2015\",\"publisher\":{\"@id\":\"https:\\\/\\\/fjala.info\\\/2009-2015\\\/#organization\"},\"potentialAction\":[{\"@type\":\"SearchAction\",\"target\":{\"@type\":\"EntryPoint\",\"urlTemplate\":\"https:\\\/\\\/fjala.info\\\/2009-2015\\\/?s={search_term_string}\"},\"query-input\":{\"@type\":\"PropertyValueSpecification\",\"valueRequired\":true,\"valueName\":\"search_term_string\"}}],\"inLanguage\":\"sq-AL\"},{\"@type\":\"Organization\",\"@id\":\"https:\\\/\\\/fjala.info\\\/2009-2015\\\/#organization\",\"name\":\"FjALA e LIR\u00cb - Arkivi\",\"url\":\"https:\\\/\\\/fjala.info\\\/2009-2015\\\/\",\"logo\":{\"@type\":\"ImageObject\",\"inLanguage\":\"sq-AL\",\"@id\":\"https:\\\/\\\/fjala.info\\\/2009-2015\\\/#\\\/schema\\\/logo\\\/image\\\/\",\"url\":\"\",\"contentUrl\":\"\",\"caption\":\"FjALA e LIR\u00cb - Arkivi\"},\"image\":{\"@id\":\"https:\\\/\\\/fjala.info\\\/2009-2015\\\/#\\\/schema\\\/logo\\\/image\\\/\"}},{\"@type\":\"Person\",\"@id\":\"https:\\\/\\\/fjala.info\\\/2009-2015\\\/#\\\/schema\\\/person\\\/3aa1163ef05469c496fc94e77611ada2\",\"name\":\"admin\",\"image\":{\"@type\":\"ImageObject\",\"inLanguage\":\"sq-AL\",\"@id\":\"https:\\\/\\\/fjala.info\\\/2009-2015\\\/wp-content\\\/uploads\\\/2012\\\/02\\\/arben_cokaj-120x150.jpg\",\"url\":\"https:\\\/\\\/fjala.info\\\/2009-2015\\\/wp-content\\\/uploads\\\/2012\\\/02\\\/arben_cokaj-120x150.jpg\",\"contentUrl\":\"https:\\\/\\\/fjala.info\\\/2009-2015\\\/wp-content\\\/uploads\\\/2012\\\/02\\\/arben_cokaj-120x150.jpg\",\"caption\":\"admin\"},\"description\":\"Admin, Fjala e Lir\u00eb\",\"sameAs\":[\"https:\\\/\\\/fjala.info\\\/\"],\"url\":\"https:\\\/\\\/fjala.info\\\/2009-2015\\\/author\\\/admin\\\/\"}]}<\/script>\n<!-- \/ Yoast SEO plugin. -->","yoast_head_json":{"title":"Shamia dhe territori i inferioritetit - FjALA e LIR\u00cb - Arkivi","robots":{"index":"index","follow":"follow","max-snippet":"max-snippet:-1","max-image-preview":"max-image-preview:large","max-video-preview":"max-video-preview:-1"},"canonical":"https:\/\/fjala.info\/2009-2015\/shamia-dhe-territori-i-inferioritetit\/","og_locale":"sq_AL","og_type":"article","og_title":"Shamia dhe territori i inferioritetit - FjALA e LIR\u00cb - Arkivi","og_description":"AGIM BA\u00c7I, 24.09.2011 Edhe k\u00ebt\u00eb vit, me rifillimin e shkollave dhe n\u00eb prag t\u00eb nisjes s\u00eb m\u00ebsimit n\u00eb universitete, nuk mund t\u00eb mungonte debati p\u00ebr shamin\u00eb, mbules\u00ebn e vajzave t\u00eb besimit islam. Duket si nj\u00eb skenar p\u00ebrs\u00ebritjeje, ku debati \u00ebsht\u00eb i nj\u00ebjt\u00eb, por vet\u00ebm ndryshojn\u00eb aktor\u00ebt. Por, m\u00eb e trisht\u00eb sesa moszgjidhja n\u00eb baz\u00eb t\u00eb [&hellip;]","og_url":"https:\/\/fjala.info\/2009-2015\/shamia-dhe-territori-i-inferioritetit\/","og_site_name":"FjALA e LIR\u00cb - Arkivi","article_published_time":"2011-09-25T05:29:59+00:00","author":"admin","twitter_card":"summary_large_image","twitter_misc":{"Written by":"admin","Est. reading time":"5 minutes"},"schema":{"@context":"https:\/\/schema.org","@graph":[{"@type":"Article","@id":"https:\/\/fjala.info\/2009-2015\/shamia-dhe-territori-i-inferioritetit\/#article","isPartOf":{"@id":"https:\/\/fjala.info\/2009-2015\/shamia-dhe-territori-i-inferioritetit\/"},"author":{"name":"admin","@id":"https:\/\/fjala.info\/2009-2015\/#\/schema\/person\/3aa1163ef05469c496fc94e77611ada2"},"headline":"Shamia dhe territori i inferioritetit","datePublished":"2011-09-25T05:29:59+00:00","mainEntityOfPage":{"@id":"https:\/\/fjala.info\/2009-2015\/shamia-dhe-territori-i-inferioritetit\/"},"wordCount":1086,"commentCount":0,"publisher":{"@id":"https:\/\/fjala.info\/2009-2015\/#organization"},"articleSection":["Artikuj"],"inLanguage":"sq-AL","potentialAction":[{"@type":"CommentAction","name":"Comment","target":["https:\/\/fjala.info\/2009-2015\/shamia-dhe-territori-i-inferioritetit\/#respond"]}]},{"@type":"WebPage","@id":"https:\/\/fjala.info\/2009-2015\/shamia-dhe-territori-i-inferioritetit\/","url":"https:\/\/fjala.info\/2009-2015\/shamia-dhe-territori-i-inferioritetit\/","name":"Shamia dhe territori i inferioritetit - FjALA e LIR\u00cb - Arkivi","isPartOf":{"@id":"https:\/\/fjala.info\/2009-2015\/#website"},"datePublished":"2011-09-25T05:29:59+00:00","breadcrumb":{"@id":"https:\/\/fjala.info\/2009-2015\/shamia-dhe-territori-i-inferioritetit\/#breadcrumb"},"inLanguage":"sq-AL","potentialAction":[{"@type":"ReadAction","target":["https:\/\/fjala.info\/2009-2015\/shamia-dhe-territori-i-inferioritetit\/"]}]},{"@type":"BreadcrumbList","@id":"https:\/\/fjala.info\/2009-2015\/shamia-dhe-territori-i-inferioritetit\/#breadcrumb","itemListElement":[{"@type":"ListItem","position":1,"name":"Home","item":"https:\/\/fjala.info\/2009-2015\/"},{"@type":"ListItem","position":2,"name":"Shamia dhe territori i inferioritetit"}]},{"@type":"WebSite","@id":"https:\/\/fjala.info\/2009-2015\/#website","url":"https:\/\/fjala.info\/2009-2015\/","name":"FjALA e LIR\u00cb - Arkivi","description":"Arkivi 2009-2015","publisher":{"@id":"https:\/\/fjala.info\/2009-2015\/#organization"},"potentialAction":[{"@type":"SearchAction","target":{"@type":"EntryPoint","urlTemplate":"https:\/\/fjala.info\/2009-2015\/?s={search_term_string}"},"query-input":{"@type":"PropertyValueSpecification","valueRequired":true,"valueName":"search_term_string"}}],"inLanguage":"sq-AL"},{"@type":"Organization","@id":"https:\/\/fjala.info\/2009-2015\/#organization","name":"FjALA e LIR\u00cb - Arkivi","url":"https:\/\/fjala.info\/2009-2015\/","logo":{"@type":"ImageObject","inLanguage":"sq-AL","@id":"https:\/\/fjala.info\/2009-2015\/#\/schema\/logo\/image\/","url":"","contentUrl":"","caption":"FjALA e LIR\u00cb - Arkivi"},"image":{"@id":"https:\/\/fjala.info\/2009-2015\/#\/schema\/logo\/image\/"}},{"@type":"Person","@id":"https:\/\/fjala.info\/2009-2015\/#\/schema\/person\/3aa1163ef05469c496fc94e77611ada2","name":"admin","image":{"@type":"ImageObject","inLanguage":"sq-AL","@id":"https:\/\/fjala.info\/2009-2015\/wp-content\/uploads\/2012\/02\/arben_cokaj-120x150.jpg","url":"https:\/\/fjala.info\/2009-2015\/wp-content\/uploads\/2012\/02\/arben_cokaj-120x150.jpg","contentUrl":"https:\/\/fjala.info\/2009-2015\/wp-content\/uploads\/2012\/02\/arben_cokaj-120x150.jpg","caption":"admin"},"description":"Admin, Fjala e Lir\u00eb","sameAs":["https:\/\/fjala.info\/"],"url":"https:\/\/fjala.info\/2009-2015\/author\/admin\/"}]}},"_links":{"self":[{"href":"https:\/\/fjala.info\/2009-2015\/wp-json\/wp\/v2\/posts\/10618","targetHints":{"allow":["GET"]}}],"collection":[{"href":"https:\/\/fjala.info\/2009-2015\/wp-json\/wp\/v2\/posts"}],"about":[{"href":"https:\/\/fjala.info\/2009-2015\/wp-json\/wp\/v2\/types\/post"}],"author":[{"embeddable":true,"href":"https:\/\/fjala.info\/2009-2015\/wp-json\/wp\/v2\/users\/1"}],"replies":[{"embeddable":true,"href":"https:\/\/fjala.info\/2009-2015\/wp-json\/wp\/v2\/comments?post=10618"}],"version-history":[{"count":0,"href":"https:\/\/fjala.info\/2009-2015\/wp-json\/wp\/v2\/posts\/10618\/revisions"}],"wp:attachment":[{"href":"https:\/\/fjala.info\/2009-2015\/wp-json\/wp\/v2\/media?parent=10618"}],"wp:term":[{"taxonomy":"category","embeddable":true,"href":"https:\/\/fjala.info\/2009-2015\/wp-json\/wp\/v2\/categories?post=10618"},{"taxonomy":"post_tag","embeddable":true,"href":"https:\/\/fjala.info\/2009-2015\/wp-json\/wp\/v2\/tags?post=10618"}],"curies":[{"name":"wp","href":"https:\/\/api.w.org\/{rel}","templated":true}]}}