{"id":10614,"date":"2011-09-25T06:01:22","date_gmt":"2011-09-25T05:01:22","guid":{"rendered":"http:\/\/fjala.shkoder.net\/?p=10614"},"modified":"2011-09-25T06:01:22","modified_gmt":"2011-09-25T05:01:22","slug":"pyesni-ramiz-aline-per-importin-e-plehrave","status":"publish","type":"post","link":"https:\/\/fjala.info\/2009-2015\/pyesni-ramiz-aline-per-importin-e-plehrave\/","title":{"rendered":"Pyesni Ramiz Alin\u00eb p\u00ebr importin e plehrave"},"content":{"rendered":"<p><img decoding=\"async\" class=\"alignright size-thumbnail wp-image-7236\" title=\"Plehra n\u00eb Napoli\" src=\"http:\/\/www.shkoder.net\/images\/fjala\/2011\/plehra_ne_napoli.jpg\" alt=\"\" width=\"300\" \/> Nga <strong>Gjergji Thanasi<\/strong><\/p>\n<p>Votimi i ligjit t\u00eb plehrave n\u00eb Kuvendin e Plehrave, (pardon doja t\u00eb shkruaja n\u00eb Kuvendin e Shqip\u00ebris\u00eb), m\u00eb kujtoi votimin n\u00eb Kuvend t\u00eb ligjit p\u00ebr regjistrimin e popullsis\u00eb. Dy deputet\u00ebt \u00e7am\u00eb n\u00eb parlament e shan\u00eb me lib\u00ebr sht\u00ebpie ligjin duke b\u00ebr\u00eb demagogji t\u00eb p\u00ebshtir\u00eb me ndjenjat e pastra atdhetare t\u00eb komunitetit t\u00eb shum\u00ebvuajtur \u00e7am, si edhe me patriot\u00ebt shqiptar\u00eb n\u00eb trojet etnike shqiptare dhe n\u00eb diaspor\u00eb. Deputet\u00ebt \u00e7am\u00eb nuk kishin nevoj\u00eb t\u00eb recitonin hartime patriotike n\u00eb Kuvend, p\u00ebr ta rr\u00ebzuar ligjin mjaftonte t\u00eb mos hynin n\u00eb sall\u00ebn e Kuvendit dhe ligji binte automatikisht p\u00ebr mos arritje t\u00eb kuorumit t\u00eb nevojsh\u00ebm. Dy deputet\u00ebt \u00e7am\u00eb nuk ishin budallenj dhe e kuptonin k\u00ebt\u00eb pun\u00ebn e kuorumit se edhe proverbi thot\u00eb, q\u00eb s\u2019ka \u00e7am budalla.<\/p>\n<p>Fatkeq\u00ebsisht \u201cMareshali\u201d Petain i Shqip\u00ebris\u00eb ua kishte z\u00ebn\u00eb kok\u00ebn me der\u00eb. Nj\u00ebrin deputet e kishte marr\u00eb peng me nj\u00eb kombinacion prej udbash\u00ebsh duke i futur n\u00eb makin\u00ebn e djalit adoleshent pistolet\u00eb pa leje dhe nj\u00eb qese me drog\u00eb. Tjetrit ia kishte shkelur bishtin me kova drage e me defter\u00ebt e vjet\u00ebr t\u00eb burgut t\u00eb Le\u00e7es, si edhe me procesverbalet e Cataldo Motta-s nj\u00eb hetuesi puljez.<\/p>\n<p>Personalisht, si i djatht\u00eb ndjej trishtim, por edhe p\u00ebrbuzje. Ligji p\u00ebr plehrat i miratuar nga plehra-deputet\u00ebt e Kuvendit t\u00eb Shqip\u00ebris\u00eb, nuk do t\u00eb kalonte p\u00ebr mos plot\u00ebsim kuorumi n\u00ebse deputet\u00ebt socialist\u00eb do t\u00eb braktisnin sall\u00ebn e Kuvendit. M\u00eb pas telashet do i kishte nj\u00eb djal\u00eb i ri me emrin Xeni, i cili do t\u00eb duhej tu jepte shpjegime klanit t\u00eb Kazalez\u00ebve t\u00eb Kamorras napolitane. Nj\u00eblloj si\u00e7 i dol\u00ebn telashe me kolumbian\u00ebt nj\u00eb zv.kryeministri, t\u00eb cilit iu \u201caksidentua\u201d sekretari te seksioni konsullor i Ambasad\u00ebs amerikane. Sharjet e Ball\u00ebs, argumentet kundra t\u00eb Profesor Ruk\u00ebs n\u00eb foltoren e Kuvendit nuk pat\u00ebn asnj\u00eb vler\u00eb tjet\u00ebr p\u00ebrve\u00e7se t\u00eb propagand\u00ebs vulgare me objektiv elektoratin rural t\u00eb PS-s\u00eb.<\/p>\n<p>Deputet\u00ebt socialist\u00eb i dhan\u00eb nj\u00eb dor\u00eb Berish\u00ebs t\u00eb miratoj\u00eb ligjin e plehrave me telekomand\u00eb nga p\u00ebrtej oqeanit jo se jan\u00eb deputet\u00eb debil\u00eb, q\u00eb nuk kuptojn\u00eb se \u00e7far\u00eb b\u00ebjn\u00eb\u2026 Jo! Shum\u00eb prej tyre luajn\u00eb teat\u00ebr e na b\u00ebjn\u00eb prostitut\u00ebn e virgj\u00ebr. N\u00eb nj\u00eb opozit\u00eb ku shitet gjith\u00e7ka, nuk di m\u00eb \u00e7far\u00eb t\u00eb mendosh. K\u00ebshilltar\u00eb, komune, bashkie e qarku n\u00eb Fier, Berat, etj shiten si derrat n\u00eb pazarin e Milotit. Dhe gjykuar nga ngjarjet e fundit n\u00eb Kuvend, n\u00eb qarqe, dhe me spektaklin propagandistik t\u00eb Kontit Kaliostro (Berisha) n\u00eb Amerik\u00eb mund t\u00eb arrijm\u00eb pa gabuar aspak n\u00eb konkluzionin se PS-ja nga n\u00ebna PPSH dhe gjyshja PKSH nuk ka trash\u00ebguar as \u00ebndrr\u00ebn e bukur por mashtruese t\u00eb komunizmit, as gjakun e d\u00ebshmor\u00ebve, as djers\u00ebn p\u00ebr tharje k\u00ebnetash apo p\u00ebr hapje kursesh analfabetizmi, por thjesht ka trash\u00ebguar plehrat e dy gjeneratave t\u00eb t\u00ebra.<\/p>\n<p>Sepse kllounad\u00ebs berishiane t\u00eb p\u00ebrtej oqeanit me \u201caktorin\u201d hollivudian Patton Boggs, q\u00eb kushtoi rreth 2,2 milion dollar\u00eb mund t\u2019i shpoheshin rrotat me nj\u00eb kosto prej 40-50 mij\u00eb dollar\u00ebsh ose edhe me kosto zero vet\u00ebm me vullnetariz\u00ebm, nj\u00eb ish-trash\u00ebgimi e \u00e7muar e t\u00eb majt\u00ebs shqiptare. Fatkeq\u00ebsisht, ndon\u00ebse miq t\u00eb Shqip\u00ebris\u00eb n\u00eb Uashington, e paralajm\u00ebruan PS-n\u00eb me nj\u00eb jav\u00eb avanc\u00eb p\u00ebr konferenc\u00ebn e Baronit Mynhauzen t\u00eb Tiran\u00ebs, n\u00eb hotelin e Nju Jorkut nuk u mor asnj\u00eb mas\u00eb. Nuk mund t\u00eb thuhet, q\u00eb shefat e PS-s\u00eb jan\u00eb aq budallenj sa t\u00eb mos e kuptojn\u00eb se kjo konferenc\u00eb ishte rimel propagandistik p\u00ebr syt\u00eb e plakur t\u00eb Berish\u00ebs dhe p\u00ebrrall\u00eb e bukur p\u00ebr p\u00ebrkrahjen amerikane p\u00ebr \u201cFaraonin\u201d e Shqip\u00ebris\u00eb.<\/p>\n<p>Krer\u00ebt e PS-s\u00eb nuk ishin as t\u00eb z\u00ebn\u00eb me pun\u00eb t\u00eb m\u00ebdha, sepse tashm\u00eb i kan\u00eb l\u00ebn\u00eb dhe protestat, nuk ishin as t\u00eb trembur p\u00ebr jet\u00ebn e tyre si Berisha me dy jelek\u00eb nj\u00eb mbi k\u00ebmish\u00eb dhe tjetrin n\u00ebn k\u00ebmish\u00eb. PS-ja kishte koh\u00eb, njer\u00ebz, mjete dhe para p\u00ebr t\u00eb reaguar dhe p\u00ebr t\u2019i dh\u00ebn\u00eb Sal\u00ebs nj\u00eb shuplak\u00eb amerikane par-exellance, si\u00e7 thon\u00eb diplomat\u00ebt e huaj, por nuk e b\u00ebri. Pse? Presin t\u00eb tjer\u00ebt t\u00eb luftojn\u00eb p\u00ebr ta? Ky mentalitet m\u00eb kujton elit\u00ebn e regjimit t\u00eb vjet\u00ebr n\u00eb vitet 1943-1944, kur shpreheshin: inglizi nuk ka me e lejue Moskovin e partizan\u00ebt ta bajn\u00eb bolsheviz\u00ebm Shqip\u00ebrin\u00eb. Rezultati? Enveri i tmerrsh\u00ebm!<\/p>\n<p>P\u00ebrpjekjet e mundimshme t\u00eb Bra\u00e7es e Ball\u00ebs, t\u00eb cil\u00ebt me age dhe cat-gut n\u00eb dor\u00eb rreken t\u00eb qepin himenin e shqyer t\u00eb Parlamentit shqiptar, do t\u00eb d\u00ebshtojn\u00eb, sepse, si\u00e7 thot\u00eb guida turistike tuniziane n\u00eb El Hammamet, nuk i jepet uj\u00eb nj\u00eb gamile, q\u00eb nuk ka etje p\u00ebr t\u00eb pir\u00eb.<\/p>\n<p>* * *<\/p>\n<p>Un\u00eb e kuptoj, q\u00eb vet\u00ebm importimi i mbetjeve jo toksike dhe jo radioaktive do sjell\u00eb nj\u00eb fitim maksimal prej 300 milion\u00eb dollar\u00ebsh. Un\u00eb e kuptoj edhe ndonj\u00eb logjik\u00eb t\u00eb mundshme prej hyzmetqari q\u00eb 10% e fitimit t\u00eb Sal\u00ebs i thon\u00eb 30 milion\u00eb dollar\u00eb, ndaj hajt t\u00eb b\u00ebjm\u00eb sikur nuk e shohim kuorumin. Tahmaja dhe legenll\u00ebku jan\u00eb p\u00ebrhapur n\u00eb mas\u00eb, por sinqerisht uroj, q\u00eb f\u00ebmij\u00ebt e deputet\u00ebve shqiptar\u00eb t\u00eb ken\u00eb t\u00eb nj\u00ebjtat probleme sh\u00ebndet\u00ebsore si f\u00ebmij\u00ebt q\u00eb luajn\u00eb dhe rriten mes plehrave t\u00eb Sharr\u00ebs n\u00eb Tiran\u00eb apo Porto Romano n\u00eb Durr\u00ebs.<\/p>\n<p>Deputet\u00eb socialist\u00eb! Nuk mjafton vet\u00ebm buria e \u201cShekullit\u201d t\u00eb Kok\u00ebdhim\u00ebs p\u00ebr ta trembur mafien italiane (dhe jo vet\u00ebm) t\u00eb plehrave. Duheni edhe ju. N\u00eb mos e b\u00ebfshi dot p\u00ebr shqiptar\u00ebt, b\u00ebjeni p\u00ebr f\u00ebmij\u00ebt tuaj. Deputet\u00eb demokrat\u00eb mjeran\u00eb t\u00eb Kuvendit t\u00eb Shqip\u00ebris\u00eb duhet t\u2019u kujtoj\u00eb, q\u00eb Xeni nga tamahu pa kufi vrau dhe burrin e tezes s\u00eb vet n\u00eb G\u00ebrdec. Pa pik\u00eb dyshimi, ky tamahqar injorant dhe arrogant pa cak e limit nuk do t\u00eb kufizohet vet\u00ebm n\u00eb importimin e plehrave urbane.<\/p>\n<p>Eh, jo! N\u00eb Shqip\u00ebri do t\u00eb futen mbetje helmesh t\u00eb rrezikshme (kujtoni pesticidet gjermano lindore n\u00eb Han t\u00eb Hotit, Milot e gjetk\u00eb), dhe mbetje radioaktive si p.sh., karburant radioaktiv i shuar (spent fuel). Sa p\u00ebr kujtes\u00eb skaner\u00ebt antiradioaktivitet n\u00eb Portin e Durr\u00ebsit ende nuk funksionojn\u00eb. Le q\u00eb ku pyet Xeni, Omeri i ri i eposit shqiptar p\u00ebr skanera, mjafton t\u00eb ket\u00eb n\u00eb krah Fazlli\u00e7in, Vuk Harambashin serb t\u00eb shekullit XXI. Fatkeq\u00ebsisht n\u00ebse k\u00ebto mbetje helmuese apo radioaktive groposen minierave apo guroreve t\u00eb braktisura, ato do t\u00eb helmojn\u00eb jo vet\u00ebm \u201ck\u00eblysh\u00ebt\u201d e katundar\u00ebve t\u00eb mjer\u00eb kok\u00ebpalar\u00eb si\u00e7 mund t\u2019i quaj\u00eb regjimi, por edhe pinjoll\u00ebt e aristokracis\u00eb s\u00eb re serbo- shqiptare t\u00eb Tiran\u00ebs.<\/p>\n<p>Nuk ka asnj\u00eb studim madje as pjesor p\u00ebr hart\u00ebn e uj\u00ebrave n\u00ebntok\u00ebsor\u00eb t\u00eb Shqip\u00ebris\u00eb. M\u00eb qartazi: N\u00ebse do groposen mbetje helmuese apo radioaktive n\u00eb minier\u00ebn e braktisur t\u00eb Kaliva\u00e7it t\u00eb Mokr\u00ebs, uj\u00ebrat n\u00ebntok\u00ebsore mund ta \u00e7ojn\u00eb ceziumin radioaktiv apo amerikaniumin n\u00eb rubinetin e ezmave t\u00eb vil\u00ebs qeveritare t\u00eb Drilonit. N\u00ebse groposen material radioaktive n\u00eb minier\u00ebn e krip\u00ebs n\u00eb Dhrovian, radioaktiviteti me an\u00eb t\u00eb uj\u00ebrave n\u00ebntok\u00ebsore mund t\u00eb p\u00ebrfundoj\u00eb edhe te Syri i Kalt\u00ebr edhe n\u00eb lumin e Bistric\u00ebs edhe n\u00eb \u00e7ezmat e hoteleve te Kanali i \u00c7uk\u00ebs.<\/p>\n<p>N\u00ebse varrosen mbetje t\u00eb tilla n\u00eb minier\u00ebn e braktisur t\u00eb Mengajt (Kavaj\u00eb) radioaktiviteti mund t\u00eb p\u00ebrfundoj\u00eb n\u00eb rubinetet e vilave t\u00eb VIP-ave n\u00eb Plazhin e Golemit. Mir\u00eb ju o zot\u00ebrinj sundimtar\u00eb t\u00eb PD-s\u00eb pini vet\u00ebm uj\u00eb t\u00eb ambalazhuar t\u00eb shtrenjt\u00eb importi? Po f\u00ebmij\u00ebt tuaj, a ka garanci se nuk do t\u00eb pin\u00eb uj\u00eb radioaktiv? Po nipat e mbesat, po v\u00ebllez\u00ebrit dhe motrat tuaj t\u00eb gjith\u00eb do t\u00eb pin\u00eb uj\u00eb importi? Po uji i ndotur q\u00eb do t\u00eb p\u00ebrdoret p\u00ebr vaditje t\u00eb frutave dhe perimeve, a nuk do t\u2019i ndoti edhe ato fruta e perime, q\u00eb shtrohen n\u00eb tryezat tuaja?<\/p>\n<p>Mos vall\u00eb \u201cbllokmen\u00ebt\u201d e rinj edhe frutat e perimet do t\u2019i importojn\u00eb vet\u00ebm p\u00ebr dyqanin e bllokut t\u00eb ri? Se \u00e7far\u00eb vuajtjesh shkakton kanceri i pankreasit, se \u00e7\u2019vuajtje shkaktojn\u00eb leucemit\u00eb me origjin\u00eb kontaminimin radioaktiv se \u00e7\u2019vuajtje shkakton kanceri i gj\u00ebndrave tiroide pyesni mjek\u00ebt dhe besoj p\u00ebrgjigja do t\u00eb arrij\u00eb t\u00eb trondit\u00eb edhe mendjet e juaja cinike. Pyesni gjeolog\u00ebt p\u00ebr hart\u00ebn e uj\u00ebrave n\u00ebntok\u00ebsore shqiptare dhe pastaj edhe m\u00eb kok\u00ebtul\u00ebt nga ju do ta kuptojn\u00eb hatan\u00eb q\u00eb i k\u00ebrc\u00ebnohet familjeve tuaja. Ramiz Alia \u00ebsht\u00eb gjall\u00eb. Pyeteni pse nuk pranoi ofert\u00ebn p\u00ebr t\u00eb importuar mbetje radioaktive dhe me ato para t\u00eb blinte margarin\u00eb gjermane, oriz vietnamez, pula hungareze e mish kau argjentinas. Jo p\u00ebr ndonj\u00eb gj\u00eb po do t\u2019ia zgjaste jet\u00ebn edhe komunizmit n\u00eb Shqip\u00ebri.<\/p>\n<p>Deputet\u00eb PD-ist\u00eb: Kamorra napoletane dhe \u201cKamorra\u201d e Tiran\u00ebs, sipas hetimeve t\u00eb repartit t\u00eb kat\u00ebrt t\u00eb GDF-s\u00eb italiane dhe DIA-s amerikane i ka planet e gatshme p\u00ebr t\u00eb eksportuar mbetje helmuese dhe radioaktive n\u00eb Shqip\u00ebri. Ndaljani dor\u00ebn Xenit jo p\u00ebr t\u00eb shp\u00ebtuar Shqip\u00ebrin\u00eb, por p\u00ebr t\u00eb shp\u00ebtuar f\u00ebmij\u00ebt tuaj. Po i b\u00ebj apel deputet\u00ebve t\u00eb djatht\u00eb dhe t\u00eb majt\u00eb, t\u00eb ken\u00eb parasysh th\u00ebnien e Bibl\u00ebs: \u201cThe sins of the fathers are visited onto their children!\u201d<\/p>\n","protected":false},"excerpt":{"rendered":"<p>Nga Gjergji Thanasi Votimi i ligjit t\u00eb plehrave n\u00eb Kuvendin e Plehrave, (pardon doja t\u00eb shkruaja n\u00eb Kuvendin e Shqip\u00ebris\u00eb), m\u00eb kujtoi votimin n\u00eb Kuvend t\u00eb ligjit p\u00ebr regjistrimin e popullsis\u00eb. Dy deputet\u00ebt \u00e7am\u00eb n\u00eb parlament e shan\u00eb me lib\u00ebr sht\u00ebpie ligjin duke b\u00ebr\u00eb demagogji t\u00eb p\u00ebshtir\u00eb me ndjenjat e pastra atdhetare t\u00eb komunitetit t\u00eb [&hellip;]<\/p>\n","protected":false},"author":1,"featured_media":0,"comment_status":"open","ping_status":"closed","sticky":false,"template":"","format":"standard","meta":{"footnotes":""},"categories":[2],"tags":[],"class_list":{"0":"post-10614","1":"post","2":"type-post","3":"status-publish","4":"format-standard","6":"category-artikuj"},"yoast_head":"<!-- This site is optimized with the Yoast SEO plugin v27.4 - https:\/\/yoast.com\/product\/yoast-seo-wordpress\/ -->\n<title>Pyesni Ramiz Alin\u00eb p\u00ebr importin e plehrave - FjALA e LIR\u00cb - Arkivi<\/title>\n<meta name=\"robots\" content=\"index, follow, max-snippet:-1, max-image-preview:large, max-video-preview:-1\" \/>\n<link rel=\"canonical\" href=\"https:\/\/fjala.info\/2009-2015\/pyesni-ramiz-aline-per-importin-e-plehrave\/\" \/>\n<meta property=\"og:locale\" content=\"sq_AL\" \/>\n<meta property=\"og:type\" content=\"article\" \/>\n<meta property=\"og:title\" content=\"Pyesni Ramiz Alin\u00eb p\u00ebr importin e plehrave - FjALA e LIR\u00cb - Arkivi\" \/>\n<meta property=\"og:description\" content=\"Nga Gjergji Thanasi Votimi i ligjit t\u00eb plehrave n\u00eb Kuvendin e Plehrave, (pardon doja t\u00eb shkruaja n\u00eb Kuvendin e Shqip\u00ebris\u00eb), m\u00eb kujtoi votimin n\u00eb Kuvend t\u00eb ligjit p\u00ebr regjistrimin e popullsis\u00eb. Dy deputet\u00ebt \u00e7am\u00eb n\u00eb parlament e shan\u00eb me lib\u00ebr sht\u00ebpie ligjin duke b\u00ebr\u00eb demagogji t\u00eb p\u00ebshtir\u00eb me ndjenjat e pastra atdhetare t\u00eb komunitetit t\u00eb [&hellip;]\" \/>\n<meta property=\"og:url\" content=\"https:\/\/fjala.info\/2009-2015\/pyesni-ramiz-aline-per-importin-e-plehrave\/\" \/>\n<meta property=\"og:site_name\" content=\"FjALA e LIR\u00cb - Arkivi\" \/>\n<meta property=\"article:published_time\" content=\"2011-09-25T05:01:22+00:00\" \/>\n<meta property=\"og:image\" content=\"http:\/\/www.shkoder.net\/images\/fjala\/2011\/plehra_ne_napoli.jpg\" \/>\n<meta name=\"author\" content=\"admin\" \/>\n<meta name=\"twitter:card\" content=\"summary_large_image\" \/>\n<meta name=\"twitter:label1\" content=\"Written by\" \/>\n\t<meta name=\"twitter:data1\" content=\"admin\" \/>\n\t<meta name=\"twitter:label2\" content=\"Est. reading time\" \/>\n\t<meta name=\"twitter:data2\" content=\"8 minutes\" \/>\n<script type=\"application\/ld+json\" class=\"yoast-schema-graph\">{\"@context\":\"https:\\\/\\\/schema.org\",\"@graph\":[{\"@type\":\"Article\",\"@id\":\"https:\\\/\\\/fjala.info\\\/2009-2015\\\/pyesni-ramiz-aline-per-importin-e-plehrave\\\/#article\",\"isPartOf\":{\"@id\":\"https:\\\/\\\/fjala.info\\\/2009-2015\\\/pyesni-ramiz-aline-per-importin-e-plehrave\\\/\"},\"author\":{\"name\":\"admin\",\"@id\":\"https:\\\/\\\/fjala.info\\\/2009-2015\\\/#\\\/schema\\\/person\\\/3aa1163ef05469c496fc94e77611ada2\"},\"headline\":\"Pyesni Ramiz Alin\u00eb p\u00ebr importin e plehrave\",\"datePublished\":\"2011-09-25T05:01:22+00:00\",\"mainEntityOfPage\":{\"@id\":\"https:\\\/\\\/fjala.info\\\/2009-2015\\\/pyesni-ramiz-aline-per-importin-e-plehrave\\\/\"},\"wordCount\":1628,\"commentCount\":0,\"publisher\":{\"@id\":\"https:\\\/\\\/fjala.info\\\/2009-2015\\\/#organization\"},\"image\":{\"@id\":\"https:\\\/\\\/fjala.info\\\/2009-2015\\\/pyesni-ramiz-aline-per-importin-e-plehrave\\\/#primaryimage\"},\"thumbnailUrl\":\"http:\\\/\\\/www.shkoder.net\\\/images\\\/fjala\\\/2011\\\/plehra_ne_napoli.jpg\",\"articleSection\":[\"Artikuj\"],\"inLanguage\":\"sq-AL\",\"potentialAction\":[{\"@type\":\"CommentAction\",\"name\":\"Comment\",\"target\":[\"https:\\\/\\\/fjala.info\\\/2009-2015\\\/pyesni-ramiz-aline-per-importin-e-plehrave\\\/#respond\"]}]},{\"@type\":\"WebPage\",\"@id\":\"https:\\\/\\\/fjala.info\\\/2009-2015\\\/pyesni-ramiz-aline-per-importin-e-plehrave\\\/\",\"url\":\"https:\\\/\\\/fjala.info\\\/2009-2015\\\/pyesni-ramiz-aline-per-importin-e-plehrave\\\/\",\"name\":\"Pyesni Ramiz Alin\u00eb p\u00ebr importin e plehrave - FjALA e LIR\u00cb - Arkivi\",\"isPartOf\":{\"@id\":\"https:\\\/\\\/fjala.info\\\/2009-2015\\\/#website\"},\"primaryImageOfPage\":{\"@id\":\"https:\\\/\\\/fjala.info\\\/2009-2015\\\/pyesni-ramiz-aline-per-importin-e-plehrave\\\/#primaryimage\"},\"image\":{\"@id\":\"https:\\\/\\\/fjala.info\\\/2009-2015\\\/pyesni-ramiz-aline-per-importin-e-plehrave\\\/#primaryimage\"},\"thumbnailUrl\":\"http:\\\/\\\/www.shkoder.net\\\/images\\\/fjala\\\/2011\\\/plehra_ne_napoli.jpg\",\"datePublished\":\"2011-09-25T05:01:22+00:00\",\"breadcrumb\":{\"@id\":\"https:\\\/\\\/fjala.info\\\/2009-2015\\\/pyesni-ramiz-aline-per-importin-e-plehrave\\\/#breadcrumb\"},\"inLanguage\":\"sq-AL\",\"potentialAction\":[{\"@type\":\"ReadAction\",\"target\":[\"https:\\\/\\\/fjala.info\\\/2009-2015\\\/pyesni-ramiz-aline-per-importin-e-plehrave\\\/\"]}]},{\"@type\":\"ImageObject\",\"inLanguage\":\"sq-AL\",\"@id\":\"https:\\\/\\\/fjala.info\\\/2009-2015\\\/pyesni-ramiz-aline-per-importin-e-plehrave\\\/#primaryimage\",\"url\":\"http:\\\/\\\/www.shkoder.net\\\/images\\\/fjala\\\/2011\\\/plehra_ne_napoli.jpg\",\"contentUrl\":\"http:\\\/\\\/www.shkoder.net\\\/images\\\/fjala\\\/2011\\\/plehra_ne_napoli.jpg\"},{\"@type\":\"BreadcrumbList\",\"@id\":\"https:\\\/\\\/fjala.info\\\/2009-2015\\\/pyesni-ramiz-aline-per-importin-e-plehrave\\\/#breadcrumb\",\"itemListElement\":[{\"@type\":\"ListItem\",\"position\":1,\"name\":\"Home\",\"item\":\"https:\\\/\\\/fjala.info\\\/2009-2015\\\/\"},{\"@type\":\"ListItem\",\"position\":2,\"name\":\"Pyesni Ramiz Alin\u00eb p\u00ebr importin e plehrave\"}]},{\"@type\":\"WebSite\",\"@id\":\"https:\\\/\\\/fjala.info\\\/2009-2015\\\/#website\",\"url\":\"https:\\\/\\\/fjala.info\\\/2009-2015\\\/\",\"name\":\"FjALA e LIR\u00cb - Arkivi\",\"description\":\"Arkivi 2009-2015\",\"publisher\":{\"@id\":\"https:\\\/\\\/fjala.info\\\/2009-2015\\\/#organization\"},\"potentialAction\":[{\"@type\":\"SearchAction\",\"target\":{\"@type\":\"EntryPoint\",\"urlTemplate\":\"https:\\\/\\\/fjala.info\\\/2009-2015\\\/?s={search_term_string}\"},\"query-input\":{\"@type\":\"PropertyValueSpecification\",\"valueRequired\":true,\"valueName\":\"search_term_string\"}}],\"inLanguage\":\"sq-AL\"},{\"@type\":\"Organization\",\"@id\":\"https:\\\/\\\/fjala.info\\\/2009-2015\\\/#organization\",\"name\":\"FjALA e LIR\u00cb - Arkivi\",\"url\":\"https:\\\/\\\/fjala.info\\\/2009-2015\\\/\",\"logo\":{\"@type\":\"ImageObject\",\"inLanguage\":\"sq-AL\",\"@id\":\"https:\\\/\\\/fjala.info\\\/2009-2015\\\/#\\\/schema\\\/logo\\\/image\\\/\",\"url\":\"\",\"contentUrl\":\"\",\"caption\":\"FjALA e LIR\u00cb - Arkivi\"},\"image\":{\"@id\":\"https:\\\/\\\/fjala.info\\\/2009-2015\\\/#\\\/schema\\\/logo\\\/image\\\/\"}},{\"@type\":\"Person\",\"@id\":\"https:\\\/\\\/fjala.info\\\/2009-2015\\\/#\\\/schema\\\/person\\\/3aa1163ef05469c496fc94e77611ada2\",\"name\":\"admin\",\"image\":{\"@type\":\"ImageObject\",\"inLanguage\":\"sq-AL\",\"@id\":\"https:\\\/\\\/fjala.info\\\/2009-2015\\\/wp-content\\\/uploads\\\/2012\\\/02\\\/arben_cokaj-120x150.jpg\",\"url\":\"https:\\\/\\\/fjala.info\\\/2009-2015\\\/wp-content\\\/uploads\\\/2012\\\/02\\\/arben_cokaj-120x150.jpg\",\"contentUrl\":\"https:\\\/\\\/fjala.info\\\/2009-2015\\\/wp-content\\\/uploads\\\/2012\\\/02\\\/arben_cokaj-120x150.jpg\",\"caption\":\"admin\"},\"description\":\"Admin, Fjala e Lir\u00eb\",\"sameAs\":[\"https:\\\/\\\/fjala.info\\\/\"],\"url\":\"https:\\\/\\\/fjala.info\\\/2009-2015\\\/author\\\/admin\\\/\"}]}<\/script>\n<!-- \/ Yoast SEO plugin. -->","yoast_head_json":{"title":"Pyesni Ramiz Alin\u00eb p\u00ebr importin e plehrave - FjALA e LIR\u00cb - Arkivi","robots":{"index":"index","follow":"follow","max-snippet":"max-snippet:-1","max-image-preview":"max-image-preview:large","max-video-preview":"max-video-preview:-1"},"canonical":"https:\/\/fjala.info\/2009-2015\/pyesni-ramiz-aline-per-importin-e-plehrave\/","og_locale":"sq_AL","og_type":"article","og_title":"Pyesni Ramiz Alin\u00eb p\u00ebr importin e plehrave - FjALA e LIR\u00cb - Arkivi","og_description":"Nga Gjergji Thanasi Votimi i ligjit t\u00eb plehrave n\u00eb Kuvendin e Plehrave, (pardon doja t\u00eb shkruaja n\u00eb Kuvendin e Shqip\u00ebris\u00eb), m\u00eb kujtoi votimin n\u00eb Kuvend t\u00eb ligjit p\u00ebr regjistrimin e popullsis\u00eb. Dy deputet\u00ebt \u00e7am\u00eb n\u00eb parlament e shan\u00eb me lib\u00ebr sht\u00ebpie ligjin duke b\u00ebr\u00eb demagogji t\u00eb p\u00ebshtir\u00eb me ndjenjat e pastra atdhetare t\u00eb komunitetit t\u00eb [&hellip;]","og_url":"https:\/\/fjala.info\/2009-2015\/pyesni-ramiz-aline-per-importin-e-plehrave\/","og_site_name":"FjALA e LIR\u00cb - Arkivi","article_published_time":"2011-09-25T05:01:22+00:00","og_image":[{"url":"http:\/\/www.shkoder.net\/images\/fjala\/2011\/plehra_ne_napoli.jpg","type":"","width":"","height":""}],"author":"admin","twitter_card":"summary_large_image","twitter_misc":{"Written by":"admin","Est. reading time":"8 minutes"},"schema":{"@context":"https:\/\/schema.org","@graph":[{"@type":"Article","@id":"https:\/\/fjala.info\/2009-2015\/pyesni-ramiz-aline-per-importin-e-plehrave\/#article","isPartOf":{"@id":"https:\/\/fjala.info\/2009-2015\/pyesni-ramiz-aline-per-importin-e-plehrave\/"},"author":{"name":"admin","@id":"https:\/\/fjala.info\/2009-2015\/#\/schema\/person\/3aa1163ef05469c496fc94e77611ada2"},"headline":"Pyesni Ramiz Alin\u00eb p\u00ebr importin e plehrave","datePublished":"2011-09-25T05:01:22+00:00","mainEntityOfPage":{"@id":"https:\/\/fjala.info\/2009-2015\/pyesni-ramiz-aline-per-importin-e-plehrave\/"},"wordCount":1628,"commentCount":0,"publisher":{"@id":"https:\/\/fjala.info\/2009-2015\/#organization"},"image":{"@id":"https:\/\/fjala.info\/2009-2015\/pyesni-ramiz-aline-per-importin-e-plehrave\/#primaryimage"},"thumbnailUrl":"http:\/\/www.shkoder.net\/images\/fjala\/2011\/plehra_ne_napoli.jpg","articleSection":["Artikuj"],"inLanguage":"sq-AL","potentialAction":[{"@type":"CommentAction","name":"Comment","target":["https:\/\/fjala.info\/2009-2015\/pyesni-ramiz-aline-per-importin-e-plehrave\/#respond"]}]},{"@type":"WebPage","@id":"https:\/\/fjala.info\/2009-2015\/pyesni-ramiz-aline-per-importin-e-plehrave\/","url":"https:\/\/fjala.info\/2009-2015\/pyesni-ramiz-aline-per-importin-e-plehrave\/","name":"Pyesni Ramiz Alin\u00eb p\u00ebr importin e plehrave - FjALA e LIR\u00cb - Arkivi","isPartOf":{"@id":"https:\/\/fjala.info\/2009-2015\/#website"},"primaryImageOfPage":{"@id":"https:\/\/fjala.info\/2009-2015\/pyesni-ramiz-aline-per-importin-e-plehrave\/#primaryimage"},"image":{"@id":"https:\/\/fjala.info\/2009-2015\/pyesni-ramiz-aline-per-importin-e-plehrave\/#primaryimage"},"thumbnailUrl":"http:\/\/www.shkoder.net\/images\/fjala\/2011\/plehra_ne_napoli.jpg","datePublished":"2011-09-25T05:01:22+00:00","breadcrumb":{"@id":"https:\/\/fjala.info\/2009-2015\/pyesni-ramiz-aline-per-importin-e-plehrave\/#breadcrumb"},"inLanguage":"sq-AL","potentialAction":[{"@type":"ReadAction","target":["https:\/\/fjala.info\/2009-2015\/pyesni-ramiz-aline-per-importin-e-plehrave\/"]}]},{"@type":"ImageObject","inLanguage":"sq-AL","@id":"https:\/\/fjala.info\/2009-2015\/pyesni-ramiz-aline-per-importin-e-plehrave\/#primaryimage","url":"http:\/\/www.shkoder.net\/images\/fjala\/2011\/plehra_ne_napoli.jpg","contentUrl":"http:\/\/www.shkoder.net\/images\/fjala\/2011\/plehra_ne_napoli.jpg"},{"@type":"BreadcrumbList","@id":"https:\/\/fjala.info\/2009-2015\/pyesni-ramiz-aline-per-importin-e-plehrave\/#breadcrumb","itemListElement":[{"@type":"ListItem","position":1,"name":"Home","item":"https:\/\/fjala.info\/2009-2015\/"},{"@type":"ListItem","position":2,"name":"Pyesni Ramiz Alin\u00eb p\u00ebr importin e plehrave"}]},{"@type":"WebSite","@id":"https:\/\/fjala.info\/2009-2015\/#website","url":"https:\/\/fjala.info\/2009-2015\/","name":"FjALA e LIR\u00cb - Arkivi","description":"Arkivi 2009-2015","publisher":{"@id":"https:\/\/fjala.info\/2009-2015\/#organization"},"potentialAction":[{"@type":"SearchAction","target":{"@type":"EntryPoint","urlTemplate":"https:\/\/fjala.info\/2009-2015\/?s={search_term_string}"},"query-input":{"@type":"PropertyValueSpecification","valueRequired":true,"valueName":"search_term_string"}}],"inLanguage":"sq-AL"},{"@type":"Organization","@id":"https:\/\/fjala.info\/2009-2015\/#organization","name":"FjALA e LIR\u00cb - Arkivi","url":"https:\/\/fjala.info\/2009-2015\/","logo":{"@type":"ImageObject","inLanguage":"sq-AL","@id":"https:\/\/fjala.info\/2009-2015\/#\/schema\/logo\/image\/","url":"","contentUrl":"","caption":"FjALA e LIR\u00cb - Arkivi"},"image":{"@id":"https:\/\/fjala.info\/2009-2015\/#\/schema\/logo\/image\/"}},{"@type":"Person","@id":"https:\/\/fjala.info\/2009-2015\/#\/schema\/person\/3aa1163ef05469c496fc94e77611ada2","name":"admin","image":{"@type":"ImageObject","inLanguage":"sq-AL","@id":"https:\/\/fjala.info\/2009-2015\/wp-content\/uploads\/2012\/02\/arben_cokaj-120x150.jpg","url":"https:\/\/fjala.info\/2009-2015\/wp-content\/uploads\/2012\/02\/arben_cokaj-120x150.jpg","contentUrl":"https:\/\/fjala.info\/2009-2015\/wp-content\/uploads\/2012\/02\/arben_cokaj-120x150.jpg","caption":"admin"},"description":"Admin, Fjala e Lir\u00eb","sameAs":["https:\/\/fjala.info\/"],"url":"https:\/\/fjala.info\/2009-2015\/author\/admin\/"}]}},"_links":{"self":[{"href":"https:\/\/fjala.info\/2009-2015\/wp-json\/wp\/v2\/posts\/10614","targetHints":{"allow":["GET"]}}],"collection":[{"href":"https:\/\/fjala.info\/2009-2015\/wp-json\/wp\/v2\/posts"}],"about":[{"href":"https:\/\/fjala.info\/2009-2015\/wp-json\/wp\/v2\/types\/post"}],"author":[{"embeddable":true,"href":"https:\/\/fjala.info\/2009-2015\/wp-json\/wp\/v2\/users\/1"}],"replies":[{"embeddable":true,"href":"https:\/\/fjala.info\/2009-2015\/wp-json\/wp\/v2\/comments?post=10614"}],"version-history":[{"count":0,"href":"https:\/\/fjala.info\/2009-2015\/wp-json\/wp\/v2\/posts\/10614\/revisions"}],"wp:attachment":[{"href":"https:\/\/fjala.info\/2009-2015\/wp-json\/wp\/v2\/media?parent=10614"}],"wp:term":[{"taxonomy":"category","embeddable":true,"href":"https:\/\/fjala.info\/2009-2015\/wp-json\/wp\/v2\/categories?post=10614"},{"taxonomy":"post_tag","embeddable":true,"href":"https:\/\/fjala.info\/2009-2015\/wp-json\/wp\/v2\/tags?post=10614"}],"curies":[{"name":"wp","href":"https:\/\/api.w.org\/{rel}","templated":true}]}}