{"id":10611,"date":"2011-09-24T22:37:41","date_gmt":"2011-09-24T21:37:41","guid":{"rendered":"http:\/\/fjala.shkoder.net\/?p=10611"},"modified":"2011-09-24T22:37:41","modified_gmt":"2011-09-24T21:37:41","slug":"arben-xhaferi-arsyeja-politike-me-e-artikuluar-shqiptare","status":"publish","type":"post","link":"https:\/\/fjala.info\/2009-2015\/arben-xhaferi-arsyeja-politike-me-e-artikuluar-shqiptare\/","title":{"rendered":"Arb\u00ebn Xhaferi, arsyeja politike m\u00eb e artikuluar shqiptare"},"content":{"rendered":"<p><img decoding=\"async\" class=\"alignright size-thumbnail wp-image-7236\" title=\"Arb\u00ebn Xhaferi\" src=\"http:\/\/www.shkoder.net\/images\/fjala\/2011\/arben_xhaferi_leader.jpg\" alt=\"\" width=\"150\" \/> Nga <strong>Remzi Lani<\/strong><\/p>\n<p>Libri \u201cArb\u00ebn Xhaferi rr\u00ebfen\u2026\u201d \u00ebsht\u00eb rr\u00ebfimi elok-uent i nj\u00eb prej personazheve m\u00eb t\u00eb r\u00ebnd\u00ebsish\u00ebm t\u00eb hap\u00ebsir\u00ebs politike dhe intelektuale shqiptare. Arb\u00ebn Xhaferi \u00ebsht\u00eb, sipas meje, mendja m\u00eb e qart\u00eb dhe arsyeja m\u00eb e artikuluar politike e dy dekadave t\u00eb fundit nd\u00ebr shqiptar\u00ebt dhe nj\u00ebkoh\u00ebsisht nj\u00eb nd\u00ebr intelektual\u00ebt m\u00eb t\u00eb sofistikuar q\u00eb ne kemi pasur ndonj\u00ebher\u00eb.<\/p>\n<p>P\u00ebr t\u00eb arritur n\u00eb k\u00ebt\u00eb p\u00ebrfundim, ndoshta nuk do t\u00eb ishte e nevojshme t\u00eb lexohej ky rr\u00ebfim. Por, kjo intervist\u00eb e gjat\u00eb e Enver Robellit me Arbnin t\u00eb heq \u00e7do m\u00ebdyshje.<\/p>\n<p>Un\u00eb as jam n\u00eb gjendje, as dua t\u00eb shuaj kuriozitetin e lexuesve t\u00eb ardhsh\u00ebm t\u00eb k\u00ebtij libri, por vet\u00ebm dua t\u00eb them se n\u00eb 200 faqet e tij do t\u00eb gjeni jo vet\u00ebm jet\u00ebn e nj\u00eb njeriu, e nj\u00eb ballkanasi q\u00eb \u201ce ndien veten rehat n\u00eb l\u00ebkur\u00ebn shqiptare\u201d; por edhe trajektoren e nj\u00eb intelektuali q\u00eb pasi ka studiuar n\u00eb Beograd, ka punuar n\u00eb Prishtin\u00eb, vendos t\u00eb kthehet n\u00eb Tetov\u00eb, p\u00ebr t\u00eb folur p\u00ebr Rusoin, kontrat\u00ebn sociale dhe m\u00eb pas, pas 10 vitesh, p\u00ebr t\u00eb firmosur at\u00eb q\u00eb njihet si Marr\u00ebveshja e Ohrit.<br \/>\nRr\u00ebfimi i Arb\u00ebn Xhaferit \u00ebsht\u00eb pik\u00eb s\u00eb pari rr\u00ebfimi i nj\u00eb njeriu t\u00eb sinqert\u00eb, q\u00eb nuk ka \u00e7\u2019t\u00eb fsheh\u00eb dhe nuk k\u00ebrkon t\u00eb fsheh\u00eb asgj\u00eb. Faqet e k\u00ebtij libri e provojn\u00eb k\u00ebt\u00eb.<\/p>\n<p>Rr\u00ebfimi i Arb\u00ebn Xhaferit \u00ebsht\u00eb, s\u00eb dyti, rr\u00ebfimi i nj\u00eb njeriu t\u00eb ditur. Dija, dituria, intelektualizmi, jan\u00eb pjes\u00eb organike e qenies s\u00eb tij. Ai nuk shet erudicion, ai \u00ebsht\u00eb erudicioni vet\u00eb.<\/p>\n<p>Rr\u00ebfimi i Arb\u00ebn Xhaferit \u00ebsht\u00eb, s\u00eb treti, rr\u00ebfimi i nj\u00eb njeriu vizionar. \u00cbsht\u00eb nj\u00eb vizion i nd\u00ebrtuar n\u00eb vite, mbi baz\u00ebn e eksperienc\u00ebs s\u00eb tij dhe t\u00eb popullit t\u00eb tij, por edhe mbi baz\u00ebn e nj\u00eb historie q\u00eb ai e njeh me themel dhe t\u00eb nj\u00eb gjeopolitike q\u00eb ai e zot\u00ebron mjesht\u00ebrisht. Nuk \u00ebsht\u00eb e th\u00ebn\u00eb t\u00eb jesh dakord me k\u00ebt\u00eb vizion n\u00eb \u00e7do aspekt t\u00eb tij, por nuk mund ta fsheh\u00ebsh se ai t\u00eb t\u00ebrheq, t\u00eb b\u00ebn t\u00eb mendohesh.<\/p>\n<p>Rr\u00ebfimi i Arb\u00ebn Xhaferit \u00ebsht\u00eb, s\u00eb kat\u00ebrti, rr\u00ebfimi i nj\u00eb njeriu q\u00eb fatkeq\u00ebsin\u00eb m\u00eb t\u00eb madhe konsideron \u201chumbjen e di\u00e7kas\u00eb q\u00eb e do me thell\u00ebsin\u00eb e qenies\u201d, si\u00e7 thot\u00eb ai vet\u00eb.<br \/>\nNj\u00eb rrethan\u00eb e paparashikuar nuk b\u00ebri t\u00eb mundur q\u00eb Arbni t\u00eb ishte sot k\u00ebtu n\u00eb k\u00ebt\u00eb promovim, si\u00e7 e kishim paralajm\u00ebruar dhe si\u00e7 ai e d\u00ebshironte aq shum\u00eb. \u00c7do ardhje n\u00eb Tiran\u00eb p\u00ebr t\u00eb ka qen\u00eb nj\u00eb fest\u00eb. Un\u00eb nuk kam takuar ndonj\u00eb njeri q\u00eb ta doj\u00eb Tiran\u00ebn si Arb\u00ebn Xhaferi. Prandaj, jam i sigurt q\u00eb ne kemi mir\u00ebkuptimin tuaj p\u00ebr k\u00ebt\u00eb munges\u00eb.<\/p>\n<p>Nd\u00ebrkaq, besoj se k\u00ebt\u00eb munges\u00eb do ta plot\u00ebsojn\u00eb sadopak, me pranin\u00eb e tyre, autori i k\u00ebsaj interviste t\u00eb gjat\u00eb, gazetari i njohur Enver Robelli dhe miku yn\u00eb, nj\u00eb nga miqt\u00eb m\u00eb t\u00eb ngusht\u00eb t\u00eb Arb\u00ebn Xhaferit, gjithashtu Veton Surroi, autor edhe i nj\u00eb parath\u00ebnieje t\u00eb shk\u00eblqyer t\u00eb k\u00ebtij libri dhe editor i botimeve \u201cKoha\u201d.<\/p>\n","protected":false},"excerpt":{"rendered":"<p>Nga Remzi Lani Libri \u201cArb\u00ebn Xhaferi rr\u00ebfen\u2026\u201d \u00ebsht\u00eb rr\u00ebfimi elok-uent i nj\u00eb prej personazheve m\u00eb t\u00eb r\u00ebnd\u00ebsish\u00ebm t\u00eb hap\u00ebsir\u00ebs politike dhe intelektuale shqiptare. Arb\u00ebn Xhaferi \u00ebsht\u00eb, sipas meje, mendja m\u00eb e qart\u00eb dhe arsyeja m\u00eb e artikuluar politike e dy dekadave t\u00eb fundit nd\u00ebr shqiptar\u00ebt dhe nj\u00ebkoh\u00ebsisht nj\u00eb nd\u00ebr intelektual\u00ebt m\u00eb t\u00eb sofistikuar q\u00eb ne [&hellip;]<\/p>\n","protected":false},"author":1,"featured_media":0,"comment_status":"open","ping_status":"closed","sticky":false,"template":"","format":"standard","meta":{"footnotes":""},"categories":[5],"tags":[],"class_list":{"0":"post-10611","1":"post","2":"type-post","3":"status-publish","4":"format-standard","6":"category-lajme"},"yoast_head":"<!-- This site is optimized with the Yoast SEO plugin v27.4 - https:\/\/yoast.com\/product\/yoast-seo-wordpress\/ -->\n<title>Arb\u00ebn Xhaferi, arsyeja politike m\u00eb e artikuluar shqiptare - FjALA e LIR\u00cb - Arkivi<\/title>\n<meta name=\"robots\" content=\"index, follow, max-snippet:-1, max-image-preview:large, max-video-preview:-1\" \/>\n<link rel=\"canonical\" href=\"https:\/\/fjala.info\/2009-2015\/arben-xhaferi-arsyeja-politike-me-e-artikuluar-shqiptare\/\" \/>\n<meta property=\"og:locale\" content=\"sq_AL\" \/>\n<meta property=\"og:type\" content=\"article\" \/>\n<meta property=\"og:title\" content=\"Arb\u00ebn Xhaferi, arsyeja politike m\u00eb e artikuluar shqiptare - FjALA e LIR\u00cb - Arkivi\" \/>\n<meta property=\"og:description\" content=\"Nga Remzi Lani Libri \u201cArb\u00ebn Xhaferi rr\u00ebfen\u2026\u201d \u00ebsht\u00eb rr\u00ebfimi elok-uent i nj\u00eb prej personazheve m\u00eb t\u00eb r\u00ebnd\u00ebsish\u00ebm t\u00eb hap\u00ebsir\u00ebs politike dhe intelektuale shqiptare. Arb\u00ebn Xhaferi \u00ebsht\u00eb, sipas meje, mendja m\u00eb e qart\u00eb dhe arsyeja m\u00eb e artikuluar politike e dy dekadave t\u00eb fundit nd\u00ebr shqiptar\u00ebt dhe nj\u00ebkoh\u00ebsisht nj\u00eb nd\u00ebr intelektual\u00ebt m\u00eb t\u00eb sofistikuar q\u00eb ne [&hellip;]\" \/>\n<meta property=\"og:url\" content=\"https:\/\/fjala.info\/2009-2015\/arben-xhaferi-arsyeja-politike-me-e-artikuluar-shqiptare\/\" \/>\n<meta property=\"og:site_name\" content=\"FjALA e LIR\u00cb - Arkivi\" \/>\n<meta property=\"article:published_time\" content=\"2011-09-24T21:37:41+00:00\" \/>\n<meta property=\"og:image\" content=\"http:\/\/www.shkoder.net\/images\/fjala\/2011\/arben_xhaferi_leader.jpg\" \/>\n<meta name=\"author\" content=\"admin\" \/>\n<meta name=\"twitter:card\" content=\"summary_large_image\" \/>\n<meta name=\"twitter:label1\" content=\"Written by\" \/>\n\t<meta name=\"twitter:data1\" content=\"admin\" \/>\n\t<meta name=\"twitter:label2\" content=\"Est. reading time\" \/>\n\t<meta name=\"twitter:data2\" content=\"3 minutes\" \/>\n<script type=\"application\/ld+json\" class=\"yoast-schema-graph\">{\"@context\":\"https:\\\/\\\/schema.org\",\"@graph\":[{\"@type\":\"Article\",\"@id\":\"https:\\\/\\\/fjala.info\\\/2009-2015\\\/arben-xhaferi-arsyeja-politike-me-e-artikuluar-shqiptare\\\/#article\",\"isPartOf\":{\"@id\":\"https:\\\/\\\/fjala.info\\\/2009-2015\\\/arben-xhaferi-arsyeja-politike-me-e-artikuluar-shqiptare\\\/\"},\"author\":{\"name\":\"admin\",\"@id\":\"https:\\\/\\\/fjala.info\\\/2009-2015\\\/#\\\/schema\\\/person\\\/3aa1163ef05469c496fc94e77611ada2\"},\"headline\":\"Arb\u00ebn Xhaferi, arsyeja politike m\u00eb e artikuluar shqiptare\",\"datePublished\":\"2011-09-24T21:37:41+00:00\",\"mainEntityOfPage\":{\"@id\":\"https:\\\/\\\/fjala.info\\\/2009-2015\\\/arben-xhaferi-arsyeja-politike-me-e-artikuluar-shqiptare\\\/\"},\"wordCount\":561,\"commentCount\":0,\"publisher\":{\"@id\":\"https:\\\/\\\/fjala.info\\\/2009-2015\\\/#organization\"},\"image\":{\"@id\":\"https:\\\/\\\/fjala.info\\\/2009-2015\\\/arben-xhaferi-arsyeja-politike-me-e-artikuluar-shqiptare\\\/#primaryimage\"},\"thumbnailUrl\":\"http:\\\/\\\/www.shkoder.net\\\/images\\\/fjala\\\/2011\\\/arben_xhaferi_leader.jpg\",\"articleSection\":[\"Lajme\"],\"inLanguage\":\"sq-AL\",\"potentialAction\":[{\"@type\":\"CommentAction\",\"name\":\"Comment\",\"target\":[\"https:\\\/\\\/fjala.info\\\/2009-2015\\\/arben-xhaferi-arsyeja-politike-me-e-artikuluar-shqiptare\\\/#respond\"]}]},{\"@type\":\"WebPage\",\"@id\":\"https:\\\/\\\/fjala.info\\\/2009-2015\\\/arben-xhaferi-arsyeja-politike-me-e-artikuluar-shqiptare\\\/\",\"url\":\"https:\\\/\\\/fjala.info\\\/2009-2015\\\/arben-xhaferi-arsyeja-politike-me-e-artikuluar-shqiptare\\\/\",\"name\":\"Arb\u00ebn Xhaferi, arsyeja politike m\u00eb e artikuluar shqiptare - FjALA e LIR\u00cb - Arkivi\",\"isPartOf\":{\"@id\":\"https:\\\/\\\/fjala.info\\\/2009-2015\\\/#website\"},\"primaryImageOfPage\":{\"@id\":\"https:\\\/\\\/fjala.info\\\/2009-2015\\\/arben-xhaferi-arsyeja-politike-me-e-artikuluar-shqiptare\\\/#primaryimage\"},\"image\":{\"@id\":\"https:\\\/\\\/fjala.info\\\/2009-2015\\\/arben-xhaferi-arsyeja-politike-me-e-artikuluar-shqiptare\\\/#primaryimage\"},\"thumbnailUrl\":\"http:\\\/\\\/www.shkoder.net\\\/images\\\/fjala\\\/2011\\\/arben_xhaferi_leader.jpg\",\"datePublished\":\"2011-09-24T21:37:41+00:00\",\"breadcrumb\":{\"@id\":\"https:\\\/\\\/fjala.info\\\/2009-2015\\\/arben-xhaferi-arsyeja-politike-me-e-artikuluar-shqiptare\\\/#breadcrumb\"},\"inLanguage\":\"sq-AL\",\"potentialAction\":[{\"@type\":\"ReadAction\",\"target\":[\"https:\\\/\\\/fjala.info\\\/2009-2015\\\/arben-xhaferi-arsyeja-politike-me-e-artikuluar-shqiptare\\\/\"]}]},{\"@type\":\"ImageObject\",\"inLanguage\":\"sq-AL\",\"@id\":\"https:\\\/\\\/fjala.info\\\/2009-2015\\\/arben-xhaferi-arsyeja-politike-me-e-artikuluar-shqiptare\\\/#primaryimage\",\"url\":\"http:\\\/\\\/www.shkoder.net\\\/images\\\/fjala\\\/2011\\\/arben_xhaferi_leader.jpg\",\"contentUrl\":\"http:\\\/\\\/www.shkoder.net\\\/images\\\/fjala\\\/2011\\\/arben_xhaferi_leader.jpg\"},{\"@type\":\"BreadcrumbList\",\"@id\":\"https:\\\/\\\/fjala.info\\\/2009-2015\\\/arben-xhaferi-arsyeja-politike-me-e-artikuluar-shqiptare\\\/#breadcrumb\",\"itemListElement\":[{\"@type\":\"ListItem\",\"position\":1,\"name\":\"Home\",\"item\":\"https:\\\/\\\/fjala.info\\\/2009-2015\\\/\"},{\"@type\":\"ListItem\",\"position\":2,\"name\":\"Arb\u00ebn Xhaferi, arsyeja politike m\u00eb e artikuluar shqiptare\"}]},{\"@type\":\"WebSite\",\"@id\":\"https:\\\/\\\/fjala.info\\\/2009-2015\\\/#website\",\"url\":\"https:\\\/\\\/fjala.info\\\/2009-2015\\\/\",\"name\":\"FjALA e LIR\u00cb - Arkivi\",\"description\":\"Arkivi 2009-2015\",\"publisher\":{\"@id\":\"https:\\\/\\\/fjala.info\\\/2009-2015\\\/#organization\"},\"potentialAction\":[{\"@type\":\"SearchAction\",\"target\":{\"@type\":\"EntryPoint\",\"urlTemplate\":\"https:\\\/\\\/fjala.info\\\/2009-2015\\\/?s={search_term_string}\"},\"query-input\":{\"@type\":\"PropertyValueSpecification\",\"valueRequired\":true,\"valueName\":\"search_term_string\"}}],\"inLanguage\":\"sq-AL\"},{\"@type\":\"Organization\",\"@id\":\"https:\\\/\\\/fjala.info\\\/2009-2015\\\/#organization\",\"name\":\"FjALA e LIR\u00cb - Arkivi\",\"url\":\"https:\\\/\\\/fjala.info\\\/2009-2015\\\/\",\"logo\":{\"@type\":\"ImageObject\",\"inLanguage\":\"sq-AL\",\"@id\":\"https:\\\/\\\/fjala.info\\\/2009-2015\\\/#\\\/schema\\\/logo\\\/image\\\/\",\"url\":\"\",\"contentUrl\":\"\",\"caption\":\"FjALA e LIR\u00cb - Arkivi\"},\"image\":{\"@id\":\"https:\\\/\\\/fjala.info\\\/2009-2015\\\/#\\\/schema\\\/logo\\\/image\\\/\"}},{\"@type\":\"Person\",\"@id\":\"https:\\\/\\\/fjala.info\\\/2009-2015\\\/#\\\/schema\\\/person\\\/3aa1163ef05469c496fc94e77611ada2\",\"name\":\"admin\",\"image\":{\"@type\":\"ImageObject\",\"inLanguage\":\"sq-AL\",\"@id\":\"https:\\\/\\\/fjala.info\\\/2009-2015\\\/wp-content\\\/uploads\\\/2012\\\/02\\\/arben_cokaj-120x150.jpg\",\"url\":\"https:\\\/\\\/fjala.info\\\/2009-2015\\\/wp-content\\\/uploads\\\/2012\\\/02\\\/arben_cokaj-120x150.jpg\",\"contentUrl\":\"https:\\\/\\\/fjala.info\\\/2009-2015\\\/wp-content\\\/uploads\\\/2012\\\/02\\\/arben_cokaj-120x150.jpg\",\"caption\":\"admin\"},\"description\":\"Admin, Fjala e Lir\u00eb\",\"sameAs\":[\"https:\\\/\\\/fjala.info\\\/\"],\"url\":\"https:\\\/\\\/fjala.info\\\/2009-2015\\\/author\\\/admin\\\/\"}]}<\/script>\n<!-- \/ Yoast SEO plugin. -->","yoast_head_json":{"title":"Arb\u00ebn Xhaferi, arsyeja politike m\u00eb e artikuluar shqiptare - FjALA e LIR\u00cb - Arkivi","robots":{"index":"index","follow":"follow","max-snippet":"max-snippet:-1","max-image-preview":"max-image-preview:large","max-video-preview":"max-video-preview:-1"},"canonical":"https:\/\/fjala.info\/2009-2015\/arben-xhaferi-arsyeja-politike-me-e-artikuluar-shqiptare\/","og_locale":"sq_AL","og_type":"article","og_title":"Arb\u00ebn Xhaferi, arsyeja politike m\u00eb e artikuluar shqiptare - FjALA e LIR\u00cb - Arkivi","og_description":"Nga Remzi Lani Libri \u201cArb\u00ebn Xhaferi rr\u00ebfen\u2026\u201d \u00ebsht\u00eb rr\u00ebfimi elok-uent i nj\u00eb prej personazheve m\u00eb t\u00eb r\u00ebnd\u00ebsish\u00ebm t\u00eb hap\u00ebsir\u00ebs politike dhe intelektuale shqiptare. Arb\u00ebn Xhaferi \u00ebsht\u00eb, sipas meje, mendja m\u00eb e qart\u00eb dhe arsyeja m\u00eb e artikuluar politike e dy dekadave t\u00eb fundit nd\u00ebr shqiptar\u00ebt dhe nj\u00ebkoh\u00ebsisht nj\u00eb nd\u00ebr intelektual\u00ebt m\u00eb t\u00eb sofistikuar q\u00eb ne [&hellip;]","og_url":"https:\/\/fjala.info\/2009-2015\/arben-xhaferi-arsyeja-politike-me-e-artikuluar-shqiptare\/","og_site_name":"FjALA e LIR\u00cb - Arkivi","article_published_time":"2011-09-24T21:37:41+00:00","og_image":[{"url":"http:\/\/www.shkoder.net\/images\/fjala\/2011\/arben_xhaferi_leader.jpg","type":"","width":"","height":""}],"author":"admin","twitter_card":"summary_large_image","twitter_misc":{"Written by":"admin","Est. reading time":"3 minutes"},"schema":{"@context":"https:\/\/schema.org","@graph":[{"@type":"Article","@id":"https:\/\/fjala.info\/2009-2015\/arben-xhaferi-arsyeja-politike-me-e-artikuluar-shqiptare\/#article","isPartOf":{"@id":"https:\/\/fjala.info\/2009-2015\/arben-xhaferi-arsyeja-politike-me-e-artikuluar-shqiptare\/"},"author":{"name":"admin","@id":"https:\/\/fjala.info\/2009-2015\/#\/schema\/person\/3aa1163ef05469c496fc94e77611ada2"},"headline":"Arb\u00ebn Xhaferi, arsyeja politike m\u00eb e artikuluar shqiptare","datePublished":"2011-09-24T21:37:41+00:00","mainEntityOfPage":{"@id":"https:\/\/fjala.info\/2009-2015\/arben-xhaferi-arsyeja-politike-me-e-artikuluar-shqiptare\/"},"wordCount":561,"commentCount":0,"publisher":{"@id":"https:\/\/fjala.info\/2009-2015\/#organization"},"image":{"@id":"https:\/\/fjala.info\/2009-2015\/arben-xhaferi-arsyeja-politike-me-e-artikuluar-shqiptare\/#primaryimage"},"thumbnailUrl":"http:\/\/www.shkoder.net\/images\/fjala\/2011\/arben_xhaferi_leader.jpg","articleSection":["Lajme"],"inLanguage":"sq-AL","potentialAction":[{"@type":"CommentAction","name":"Comment","target":["https:\/\/fjala.info\/2009-2015\/arben-xhaferi-arsyeja-politike-me-e-artikuluar-shqiptare\/#respond"]}]},{"@type":"WebPage","@id":"https:\/\/fjala.info\/2009-2015\/arben-xhaferi-arsyeja-politike-me-e-artikuluar-shqiptare\/","url":"https:\/\/fjala.info\/2009-2015\/arben-xhaferi-arsyeja-politike-me-e-artikuluar-shqiptare\/","name":"Arb\u00ebn Xhaferi, arsyeja politike m\u00eb e artikuluar shqiptare - FjALA e LIR\u00cb - Arkivi","isPartOf":{"@id":"https:\/\/fjala.info\/2009-2015\/#website"},"primaryImageOfPage":{"@id":"https:\/\/fjala.info\/2009-2015\/arben-xhaferi-arsyeja-politike-me-e-artikuluar-shqiptare\/#primaryimage"},"image":{"@id":"https:\/\/fjala.info\/2009-2015\/arben-xhaferi-arsyeja-politike-me-e-artikuluar-shqiptare\/#primaryimage"},"thumbnailUrl":"http:\/\/www.shkoder.net\/images\/fjala\/2011\/arben_xhaferi_leader.jpg","datePublished":"2011-09-24T21:37:41+00:00","breadcrumb":{"@id":"https:\/\/fjala.info\/2009-2015\/arben-xhaferi-arsyeja-politike-me-e-artikuluar-shqiptare\/#breadcrumb"},"inLanguage":"sq-AL","potentialAction":[{"@type":"ReadAction","target":["https:\/\/fjala.info\/2009-2015\/arben-xhaferi-arsyeja-politike-me-e-artikuluar-shqiptare\/"]}]},{"@type":"ImageObject","inLanguage":"sq-AL","@id":"https:\/\/fjala.info\/2009-2015\/arben-xhaferi-arsyeja-politike-me-e-artikuluar-shqiptare\/#primaryimage","url":"http:\/\/www.shkoder.net\/images\/fjala\/2011\/arben_xhaferi_leader.jpg","contentUrl":"http:\/\/www.shkoder.net\/images\/fjala\/2011\/arben_xhaferi_leader.jpg"},{"@type":"BreadcrumbList","@id":"https:\/\/fjala.info\/2009-2015\/arben-xhaferi-arsyeja-politike-me-e-artikuluar-shqiptare\/#breadcrumb","itemListElement":[{"@type":"ListItem","position":1,"name":"Home","item":"https:\/\/fjala.info\/2009-2015\/"},{"@type":"ListItem","position":2,"name":"Arb\u00ebn Xhaferi, arsyeja politike m\u00eb e artikuluar shqiptare"}]},{"@type":"WebSite","@id":"https:\/\/fjala.info\/2009-2015\/#website","url":"https:\/\/fjala.info\/2009-2015\/","name":"FjALA e LIR\u00cb - Arkivi","description":"Arkivi 2009-2015","publisher":{"@id":"https:\/\/fjala.info\/2009-2015\/#organization"},"potentialAction":[{"@type":"SearchAction","target":{"@type":"EntryPoint","urlTemplate":"https:\/\/fjala.info\/2009-2015\/?s={search_term_string}"},"query-input":{"@type":"PropertyValueSpecification","valueRequired":true,"valueName":"search_term_string"}}],"inLanguage":"sq-AL"},{"@type":"Organization","@id":"https:\/\/fjala.info\/2009-2015\/#organization","name":"FjALA e LIR\u00cb - Arkivi","url":"https:\/\/fjala.info\/2009-2015\/","logo":{"@type":"ImageObject","inLanguage":"sq-AL","@id":"https:\/\/fjala.info\/2009-2015\/#\/schema\/logo\/image\/","url":"","contentUrl":"","caption":"FjALA e LIR\u00cb - Arkivi"},"image":{"@id":"https:\/\/fjala.info\/2009-2015\/#\/schema\/logo\/image\/"}},{"@type":"Person","@id":"https:\/\/fjala.info\/2009-2015\/#\/schema\/person\/3aa1163ef05469c496fc94e77611ada2","name":"admin","image":{"@type":"ImageObject","inLanguage":"sq-AL","@id":"https:\/\/fjala.info\/2009-2015\/wp-content\/uploads\/2012\/02\/arben_cokaj-120x150.jpg","url":"https:\/\/fjala.info\/2009-2015\/wp-content\/uploads\/2012\/02\/arben_cokaj-120x150.jpg","contentUrl":"https:\/\/fjala.info\/2009-2015\/wp-content\/uploads\/2012\/02\/arben_cokaj-120x150.jpg","caption":"admin"},"description":"Admin, Fjala e Lir\u00eb","sameAs":["https:\/\/fjala.info\/"],"url":"https:\/\/fjala.info\/2009-2015\/author\/admin\/"}]}},"_links":{"self":[{"href":"https:\/\/fjala.info\/2009-2015\/wp-json\/wp\/v2\/posts\/10611","targetHints":{"allow":["GET"]}}],"collection":[{"href":"https:\/\/fjala.info\/2009-2015\/wp-json\/wp\/v2\/posts"}],"about":[{"href":"https:\/\/fjala.info\/2009-2015\/wp-json\/wp\/v2\/types\/post"}],"author":[{"embeddable":true,"href":"https:\/\/fjala.info\/2009-2015\/wp-json\/wp\/v2\/users\/1"}],"replies":[{"embeddable":true,"href":"https:\/\/fjala.info\/2009-2015\/wp-json\/wp\/v2\/comments?post=10611"}],"version-history":[{"count":0,"href":"https:\/\/fjala.info\/2009-2015\/wp-json\/wp\/v2\/posts\/10611\/revisions"}],"wp:attachment":[{"href":"https:\/\/fjala.info\/2009-2015\/wp-json\/wp\/v2\/media?parent=10611"}],"wp:term":[{"taxonomy":"category","embeddable":true,"href":"https:\/\/fjala.info\/2009-2015\/wp-json\/wp\/v2\/categories?post=10611"},{"taxonomy":"post_tag","embeddable":true,"href":"https:\/\/fjala.info\/2009-2015\/wp-json\/wp\/v2\/tags?post=10611"}],"curies":[{"name":"wp","href":"https:\/\/api.w.org\/{rel}","templated":true}]}}