{"id":1061,"date":"2012-01-10T09:23:25","date_gmt":"2012-01-10T08:23:25","guid":{"rendered":"http:\/\/fjala.shkoder.net\/?p=1061"},"modified":"2012-01-10T09:23:25","modified_gmt":"2012-01-10T08:23:25","slug":"vizat-e-xhepave-te-thelle","status":"publish","type":"post","link":"https:\/\/fjala.info\/2009-2015\/vizat-e-xhepave-te-thelle\/","title":{"rendered":"Vizat e xhepave t\u00eb thell\u00eb"},"content":{"rendered":"<p><img decoding=\"async\" class=\"alignleft size-thumbnail wp-image-7236\" title=\"Albin Kurti\" src=\"http:\/\/www.shkoder.net\/images\/fjala\/albin_kurti1.jpg\" alt=\"\" width=\"150\" \/> <strong>Albin Kurti<\/strong><\/p>\n<p>Do t\u00eb na e japin udh\u00ebrr\u00ebfyesin p\u00ebr vizat? Apo, si ishte ajo, do t\u00eb na e japin udh\u00ebrr\u00ebfyesin p\u00ebr liberalizimin e vizave? S\u2019ka r\u00ebnd\u00ebsi \u2013 me r\u00ebnd\u00ebsi do t\u00eb na e japin udh\u00ebrr\u00ebfyesin. Do t\u00eb na e japin at\u00eb q\u00eb na e japin gjithmon\u00eb. Udh\u00ebrr\u00ebfyesin. Jo udh\u00ebn. As rr\u00ebfimin. Por: udh\u00ebrr\u00ebfyesin. At\u00eb q\u00eb na e rr\u00ebfen udh\u00ebn.<\/p>\n<p>Jo vet\u00ebm q\u00ebndrimet, vendimet dhe mendimet, por tashm\u00eb as premtimet e k\u00ebsaj Qeverie nuk jan\u00eb t\u00eb sajat. Jemi m\u00ebsuar q\u00eb qeveritar\u00ebt t\u00eb flasin at\u00eb q\u00eb iu \u00ebsht\u00eb th\u00ebn\u00eb, ta mendojn\u00eb at\u00eb q\u00eb s\u2019ka se \u00e7ka t\u00eb mendohet m\u00eb, t\u00eb q\u00ebndrojn\u00eb n\u00eb q\u00ebndrimin q\u00eb s\u2019\u00ebsht\u00eb i tyre e q\u00eb do t\u00eb thot\u00eb t\u00eb mos q\u00ebndrojn\u00eb. Ama tash kemi edhe k\u00ebt\u00eb dukurin\u00eb e re me \u00e7\u2019rast Qeveria premton at\u00eb q\u00eb, n\u00eb fakt, s\u2019\u00ebsht\u00eb premtim i saj. S\u00eb paku te premtimet \u00ebsht\u00eb e pritshme q\u00eb qeveritar\u00ebt ta \u00e7lirojn\u00eb ca imagjinat\u00ebn dhe t\u00eb jet\u00eb origjinal\u00eb e autentik\u00eb. Mir\u00ebpo jo: ata deklarojn\u00eb premtime q\u00eb tashm\u00eb jan\u00eb b\u00ebr\u00eb, premtime t\u00eb m\u00ebhershme t\u00eb b\u00ebra prej tjet\u00ebrkujt.<\/p>\n<p>Liberalizimi i vizave \u00ebsht\u00eb premtim i BE-s\u00eb q\u00eb p\u00ebrs\u00ebritet nga Qeveria e Kosov\u00ebs. Fjal\u00ebt q\u00eb i d\u00ebgjojm\u00eb nga zyrtar\u00ebt e ndrysh\u00ebm prej Brukselit, qeveritar\u00ebt nga Prishtina na i p\u00ebrs\u00ebrisin p\u00ebr s\u00eb dyti rregullisht n\u00ebp\u00ebr mediet tona lokale. P\u00ebrs\u00ebritja e k\u00ebtill\u00eb \u00ebsht\u00eb nj\u00eb p\u00ebrkthim i parfumosur dedikuar qytetar\u00ebve t\u00eb Kosov\u00ebs dhe ajo ka dy synime kryesore. E para, t\u00eb thuhet q\u00eb situata nuk \u00ebsht\u00eb aq e pashpres\u00eb dhe n\u00eb k\u00ebt\u00eb humbje t\u00eb madhe dhe t\u00eb vazhdueshme megjithat\u00eb do t\u00eb nxjerrim di\u00e7ka edhe ne n\u00eb Kosov\u00eb.<\/p>\n<p>Pes\u00eb shtete t\u00eb BE-s\u00eb do t\u00eb vazhdojn\u00eb t\u00eb mos na njohin, Qeveria e Kosov\u00ebs do t\u00eb vazhdoj\u00eb t\u00eb bisedoj\u00eb me Serbin\u00eb p\u00ebr koncesione t\u00eb reja ndaj saj, integrimi i Kosov\u00ebs n\u00eb BE do t\u00eb vazhdoj\u00eb t\u00eb mos filloj\u00eb. Mir\u00ebpo, ne megjithat\u00eb do t\u00eb mund t\u2019i marrim vizat p\u00ebr udh\u00ebtim e qarkullim t\u00eb lir\u00eb n\u00ebp\u00ebr zon\u00ebn evropiane Schengen. S\u00eb dyti, duan q\u00eb t\u00eb z\u00ebvend\u00ebsohet procesi i integrimit n\u00eb BE me procesin e liberalizimit t\u00eb vizave. K\u00ebsisoj, BE-ja nuk \u00ebsht\u00eb m\u00eb nj\u00eb entitet ku b\u00ebhemi an\u00ebtar si shtet por ku arrijm\u00eb t\u00eb shkojm\u00eb si qytetar\u00eb. Duke qen\u00eb kaq i larg\u00ebt q\u00ebllimi i par\u00eb dhe duke e paraqitur si shum\u00eb t\u00eb af\u00ebrt k\u00ebt\u00eb t\u00eb dytin, fitojm\u00eb eklipsim t\u00eb plot\u00eb t\u00eb q\u00ebllimit t\u00eb par\u00eb nga i dyti.<\/p>\n<p>Mbase nuk mund t\u00eb jet\u00eb ndryshe teksa p\u00ebrkund\u00ebr sprapsjeve, r\u00ebnieve e zbritjeve t\u00eb Kosov\u00ebs, Qeveria e saj na u dashka t\u00eb mbahet lart me \u00e7do kusht. Si z\u00ebvend\u00ebsim p\u00ebr sprapsjen e Kosov\u00ebs n\u00eb \u00e7\u00ebshtjet e sovranitetit dhe integritetit territorial, si z\u00ebvend\u00ebsim p\u00ebr stagnimin e p\u00ebrgjithsh\u00ebm ekonomik dhe mjerimin social, si z\u00ebvend\u00ebsim p\u00ebr kolapsin e sistemit t\u00eb drejt\u00ebsis\u00eb me 220.000 l\u00ebnd\u00eb t\u00eb pluhurosura n\u00ebp\u00ebr sirtar\u00eb, na premtohet liberalizimi i vizave p\u00ebr BE. Thua se Qeveria e Kosov\u00ebs ka hequr dor\u00eb nga p\u00ebrmir\u00ebsimi i jet\u00ebs s\u00eb qytetar\u00ebve n\u00eb Kosov\u00eb dhe prioritet i saj \u00ebsht\u00eb b\u00ebr\u00eb mund\u00ebsimi q\u00eb t\u00eb braktiset ky vend n\u00eb t\u00eb cilin gjithnj\u00eb e m\u00eb v\u00ebshtir\u00eb mbijetohet!<\/p>\n<p>N\u00eb t\u00eb v\u00ebrtet, jo vet\u00ebm q\u00eb s\u2019kemi kurrfar\u00eb avancimi n\u00eb integrimin drejt BE-s\u00eb, por s\u2019kemi as kurrfar\u00eb liberalizimi t\u00eb vizave. Madje, s\u2019kemi as negociata p\u00ebr liberalizim t\u00eb vizave. Madje, s\u2019kemi as dialog p\u00ebr negociata p\u00ebr liberalizim t\u00eb vizave. Madje, s\u2019kemi as udh\u00ebrr\u00ebfyes p\u00ebr dialog p\u00ebr negociata p\u00ebr liberalizim t\u00eb vizave. E kemi ve\u00e7se nj\u00eb premtim p\u00ebr k\u00ebt\u00eb t\u00eb fundit q\u00eb duhet t\u2019i paraprij\u00eb dialogut e q\u00eb m\u00eb tutje duhet t\u2019i paraprij\u00eb negociatave, e n\u00eb fund t\u00eb s\u00eb cilave, n\u00eb rast t\u00eb p\u00ebrmbylljes me sukses t\u00eb tyre, do ta kemi liberalizimin e vizave.<\/p>\n<p>N\u00eb rastin m\u00eb t\u00eb mir\u00eb teorik kjo s\u2019do t\u00eb ndodh\u00eb kurrsesi para vitit 2014. Deri at\u00ebher\u00eb jemi n\u00eb pritje t\u00eb udh\u00ebrr\u00ebfyesit, pas s\u00eb cilit do t\u00eb mund t\u00eb jemi n\u00eb pritje t\u00eb dialogut p\u00ebr negociata, pas s\u00eb cilit do t\u00eb mund t\u00eb jemi n\u00eb pritje t\u00eb negociatave p\u00ebr liberalizimin e vizave dhe gjat\u00eb s\u00eb cilave do t\u00eb mund t\u00eb jemi n\u00eb pritje t\u00eb p\u00ebrfundimit t\u00eb tyre. E, krejt n\u00eb fund, do t\u00eb mund t\u00eb shkojm\u00eb mandej pa viza n\u00eb BE. Natyrisht, duke mos e llogaritur k\u00ebtu se \u00e7far\u00eb do t\u00eb mund t\u00eb ndryshoj\u00eb n\u00eb vet\u00eb BE-n\u00eb deri at\u00ebher\u00eb dhe duke mos e llogaritur q\u00eb p\u00ebrgjat\u00eb dialogut p\u00ebr negociata p\u00ebr liberalizimin e vizave di\u00e7ka do t\u00eb mund t\u00eb shkoj\u00eb si\u00e7 nuk duhet.<\/p>\n<p>Nd\u00ebrkoh\u00eb, p\u00ebrderisa qytetar\u00ebt nga Afganistani mund t\u00eb shkojn\u00eb n\u00eb 16 shtete t\u00eb tjera pa viza, nga Kosova mund ta shkohet vet\u00ebm n\u00eb kat\u00ebr sosh. Bile as me pasaporta diplomatike t\u00eb Republik\u00ebs s\u00eb Kosov\u00ebs, zyrtar\u00ebt shtet\u00ebror\u00eb nuk shkojn\u00eb dot pa viza n\u00eb m\u00eb shum\u00eb se po k\u00ebto kat\u00ebr vende. Pra, pasaportat diplomatike nuk sh\u00ebrbejn\u00eb q\u00eb zyrtar\u00ebt e Kosov\u00ebs t\u00eb ken\u00eb p\u00ebrpar\u00ebsi jasht\u00eb vendit por q\u00eb t\u00eb dallohen p\u00ebrbrenda vendit nga qytetar\u00ebt e zakonsh\u00ebm (ashtu kot s\u00eb koti).<\/p>\n<p>Sidoqoft\u00eb, kushdo kurdo q\u00eb do t\u00eb shkoj\u00eb nga Kosova n\u00eb ndonj\u00eb vend t\u00eb BE-s\u00eb do t\u2019i p\u00eblqejn\u00eb qytetet evropiane var\u00ebsisht se sa para ka n\u00eb xhep. Bukuria e atyre qyteteve do t\u00eb varet m\u00eb pak nga arkitektura, urbanizmi dhe sh\u00ebrbimet publike n\u00eb ato qytete sa nga parat\u00eb n\u00eb xhepat e atyre q\u00eb do t\u00eb arrijn\u00eb t\u00eb shkojn\u00eb. Nietzsche thoshte q\u00eb bukuria ndodhet n\u00eb syrin e shikuesit. N\u00eb k\u00ebt\u00eb rast, do t\u00eb mund t\u00eb thuhej q\u00eb bukuria evropiane ndodhet n\u00eb xhepin e udh\u00ebtarit.<\/p>\n<p>BE-ja nuk \u00ebsht\u00eb e interesuar p\u00ebr t\u00eb papun\u00eb t\u00eb pakualifikuar si\u00e7 jan\u00eb shumica e kosovar\u00ebve, por, para s\u00eb gjithash e mbi t\u00eb gjitha, p\u00ebr turist\u00eb me xhepa t\u00eb thell\u00eb. Pas kriz\u00ebs globale financiare q\u00eb sigurisht s\u2019ka p\u00ebrfunduar dhe pas kriz\u00ebs s\u00eb euros q\u00eb po thellohet, pa dyshim q\u00eb nuk do ta kemi m\u00eb Evrop\u00ebn e shtesave p\u00ebr f\u00ebmij\u00eb, Evrop\u00ebn e azilit politik dhe ekonomik p\u00ebr t\u00eb huajt dhe as Evrop\u00ebn me vende t\u00eb lira pune q\u00eb paguhen mir\u00eb. Prandaj, liberalizimit t\u00eb vizave pas disa viteve do t\u00eb mund t\u2019i g\u00ebzohen pak a shum\u00eb vet\u00ebm ata njer\u00ebz q\u00eb edhe ashtu tashm\u00eb udh\u00ebtonin p\u00ebr atje. Natyrisht, n\u00ebse s\u2019jan\u00eb varf\u00ebruar edhe ata nd\u00ebrkoh\u00eb.<\/p>\n","protected":false},"excerpt":{"rendered":"<p>Albin Kurti Do t\u00eb na e japin udh\u00ebrr\u00ebfyesin p\u00ebr vizat? Apo, si ishte ajo, do t\u00eb na e japin udh\u00ebrr\u00ebfyesin p\u00ebr liberalizimin e vizave? S\u2019ka r\u00ebnd\u00ebsi \u2013 me r\u00ebnd\u00ebsi do t\u00eb na e japin udh\u00ebrr\u00ebfyesin. Do t\u00eb na e japin at\u00eb q\u00eb na e japin gjithmon\u00eb. Udh\u00ebrr\u00ebfyesin. Jo udh\u00ebn. As rr\u00ebfimin. Por: udh\u00ebrr\u00ebfyesin. At\u00eb q\u00eb [&hellip;]<\/p>\n","protected":false},"author":1,"featured_media":0,"comment_status":"open","ping_status":"closed","sticky":false,"template":"","format":"standard","meta":{"footnotes":""},"categories":[2],"tags":[],"class_list":{"0":"post-1061","1":"post","2":"type-post","3":"status-publish","4":"format-standard","6":"category-artikuj"},"yoast_head":"<!-- This site is optimized with the Yoast SEO plugin v27.4 - https:\/\/yoast.com\/product\/yoast-seo-wordpress\/ -->\n<title>Vizat e xhepave t\u00eb thell\u00eb - FjALA e LIR\u00cb - Arkivi<\/title>\n<meta name=\"robots\" content=\"index, follow, max-snippet:-1, max-image-preview:large, max-video-preview:-1\" \/>\n<link rel=\"canonical\" href=\"https:\/\/fjala.info\/2009-2015\/vizat-e-xhepave-te-thelle\/\" \/>\n<meta property=\"og:locale\" content=\"sq_AL\" \/>\n<meta property=\"og:type\" content=\"article\" \/>\n<meta property=\"og:title\" content=\"Vizat e xhepave t\u00eb thell\u00eb - FjALA e LIR\u00cb - Arkivi\" \/>\n<meta property=\"og:description\" content=\"Albin Kurti Do t\u00eb na e japin udh\u00ebrr\u00ebfyesin p\u00ebr vizat? Apo, si ishte ajo, do t\u00eb na e japin udh\u00ebrr\u00ebfyesin p\u00ebr liberalizimin e vizave? S\u2019ka r\u00ebnd\u00ebsi \u2013 me r\u00ebnd\u00ebsi do t\u00eb na e japin udh\u00ebrr\u00ebfyesin. Do t\u00eb na e japin at\u00eb q\u00eb na e japin gjithmon\u00eb. Udh\u00ebrr\u00ebfyesin. Jo udh\u00ebn. As rr\u00ebfimin. Por: udh\u00ebrr\u00ebfyesin. At\u00eb q\u00eb [&hellip;]\" \/>\n<meta property=\"og:url\" content=\"https:\/\/fjala.info\/2009-2015\/vizat-e-xhepave-te-thelle\/\" \/>\n<meta property=\"og:site_name\" content=\"FjALA e LIR\u00cb - Arkivi\" \/>\n<meta property=\"article:published_time\" content=\"2012-01-10T08:23:25+00:00\" \/>\n<meta property=\"og:image\" content=\"http:\/\/www.shkoder.net\/images\/fjala\/albin_kurti1.jpg\" \/>\n<meta name=\"author\" content=\"admin\" \/>\n<meta name=\"twitter:card\" content=\"summary_large_image\" \/>\n<meta name=\"twitter:label1\" content=\"Written by\" \/>\n\t<meta name=\"twitter:data1\" content=\"admin\" \/>\n\t<meta name=\"twitter:label2\" content=\"Est. reading time\" \/>\n\t<meta name=\"twitter:data2\" content=\"6 minutes\" \/>\n<script type=\"application\/ld+json\" class=\"yoast-schema-graph\">{\"@context\":\"https:\\\/\\\/schema.org\",\"@graph\":[{\"@type\":\"Article\",\"@id\":\"https:\\\/\\\/fjala.info\\\/2009-2015\\\/vizat-e-xhepave-te-thelle\\\/#article\",\"isPartOf\":{\"@id\":\"https:\\\/\\\/fjala.info\\\/2009-2015\\\/vizat-e-xhepave-te-thelle\\\/\"},\"author\":{\"name\":\"admin\",\"@id\":\"https:\\\/\\\/fjala.info\\\/2009-2015\\\/#\\\/schema\\\/person\\\/3aa1163ef05469c496fc94e77611ada2\"},\"headline\":\"Vizat e xhepave t\u00eb thell\u00eb\",\"datePublished\":\"2012-01-10T08:23:25+00:00\",\"mainEntityOfPage\":{\"@id\":\"https:\\\/\\\/fjala.info\\\/2009-2015\\\/vizat-e-xhepave-te-thelle\\\/\"},\"wordCount\":1157,\"commentCount\":0,\"publisher\":{\"@id\":\"https:\\\/\\\/fjala.info\\\/2009-2015\\\/#organization\"},\"image\":{\"@id\":\"https:\\\/\\\/fjala.info\\\/2009-2015\\\/vizat-e-xhepave-te-thelle\\\/#primaryimage\"},\"thumbnailUrl\":\"http:\\\/\\\/www.shkoder.net\\\/images\\\/fjala\\\/albin_kurti1.jpg\",\"articleSection\":[\"Artikuj\"],\"inLanguage\":\"sq-AL\",\"potentialAction\":[{\"@type\":\"CommentAction\",\"name\":\"Comment\",\"target\":[\"https:\\\/\\\/fjala.info\\\/2009-2015\\\/vizat-e-xhepave-te-thelle\\\/#respond\"]}]},{\"@type\":\"WebPage\",\"@id\":\"https:\\\/\\\/fjala.info\\\/2009-2015\\\/vizat-e-xhepave-te-thelle\\\/\",\"url\":\"https:\\\/\\\/fjala.info\\\/2009-2015\\\/vizat-e-xhepave-te-thelle\\\/\",\"name\":\"Vizat e xhepave t\u00eb thell\u00eb - FjALA e LIR\u00cb - Arkivi\",\"isPartOf\":{\"@id\":\"https:\\\/\\\/fjala.info\\\/2009-2015\\\/#website\"},\"primaryImageOfPage\":{\"@id\":\"https:\\\/\\\/fjala.info\\\/2009-2015\\\/vizat-e-xhepave-te-thelle\\\/#primaryimage\"},\"image\":{\"@id\":\"https:\\\/\\\/fjala.info\\\/2009-2015\\\/vizat-e-xhepave-te-thelle\\\/#primaryimage\"},\"thumbnailUrl\":\"http:\\\/\\\/www.shkoder.net\\\/images\\\/fjala\\\/albin_kurti1.jpg\",\"datePublished\":\"2012-01-10T08:23:25+00:00\",\"breadcrumb\":{\"@id\":\"https:\\\/\\\/fjala.info\\\/2009-2015\\\/vizat-e-xhepave-te-thelle\\\/#breadcrumb\"},\"inLanguage\":\"sq-AL\",\"potentialAction\":[{\"@type\":\"ReadAction\",\"target\":[\"https:\\\/\\\/fjala.info\\\/2009-2015\\\/vizat-e-xhepave-te-thelle\\\/\"]}]},{\"@type\":\"ImageObject\",\"inLanguage\":\"sq-AL\",\"@id\":\"https:\\\/\\\/fjala.info\\\/2009-2015\\\/vizat-e-xhepave-te-thelle\\\/#primaryimage\",\"url\":\"http:\\\/\\\/www.shkoder.net\\\/images\\\/fjala\\\/albin_kurti1.jpg\",\"contentUrl\":\"http:\\\/\\\/www.shkoder.net\\\/images\\\/fjala\\\/albin_kurti1.jpg\"},{\"@type\":\"BreadcrumbList\",\"@id\":\"https:\\\/\\\/fjala.info\\\/2009-2015\\\/vizat-e-xhepave-te-thelle\\\/#breadcrumb\",\"itemListElement\":[{\"@type\":\"ListItem\",\"position\":1,\"name\":\"Home\",\"item\":\"https:\\\/\\\/fjala.info\\\/2009-2015\\\/\"},{\"@type\":\"ListItem\",\"position\":2,\"name\":\"Vizat e xhepave t\u00eb thell\u00eb\"}]},{\"@type\":\"WebSite\",\"@id\":\"https:\\\/\\\/fjala.info\\\/2009-2015\\\/#website\",\"url\":\"https:\\\/\\\/fjala.info\\\/2009-2015\\\/\",\"name\":\"FjALA e LIR\u00cb - Arkivi\",\"description\":\"Arkivi 2009-2015\",\"publisher\":{\"@id\":\"https:\\\/\\\/fjala.info\\\/2009-2015\\\/#organization\"},\"potentialAction\":[{\"@type\":\"SearchAction\",\"target\":{\"@type\":\"EntryPoint\",\"urlTemplate\":\"https:\\\/\\\/fjala.info\\\/2009-2015\\\/?s={search_term_string}\"},\"query-input\":{\"@type\":\"PropertyValueSpecification\",\"valueRequired\":true,\"valueName\":\"search_term_string\"}}],\"inLanguage\":\"sq-AL\"},{\"@type\":\"Organization\",\"@id\":\"https:\\\/\\\/fjala.info\\\/2009-2015\\\/#organization\",\"name\":\"FjALA e LIR\u00cb - Arkivi\",\"url\":\"https:\\\/\\\/fjala.info\\\/2009-2015\\\/\",\"logo\":{\"@type\":\"ImageObject\",\"inLanguage\":\"sq-AL\",\"@id\":\"https:\\\/\\\/fjala.info\\\/2009-2015\\\/#\\\/schema\\\/logo\\\/image\\\/\",\"url\":\"\",\"contentUrl\":\"\",\"caption\":\"FjALA e LIR\u00cb - Arkivi\"},\"image\":{\"@id\":\"https:\\\/\\\/fjala.info\\\/2009-2015\\\/#\\\/schema\\\/logo\\\/image\\\/\"}},{\"@type\":\"Person\",\"@id\":\"https:\\\/\\\/fjala.info\\\/2009-2015\\\/#\\\/schema\\\/person\\\/3aa1163ef05469c496fc94e77611ada2\",\"name\":\"admin\",\"image\":{\"@type\":\"ImageObject\",\"inLanguage\":\"sq-AL\",\"@id\":\"https:\\\/\\\/fjala.info\\\/2009-2015\\\/wp-content\\\/uploads\\\/2012\\\/02\\\/arben_cokaj-120x150.jpg\",\"url\":\"https:\\\/\\\/fjala.info\\\/2009-2015\\\/wp-content\\\/uploads\\\/2012\\\/02\\\/arben_cokaj-120x150.jpg\",\"contentUrl\":\"https:\\\/\\\/fjala.info\\\/2009-2015\\\/wp-content\\\/uploads\\\/2012\\\/02\\\/arben_cokaj-120x150.jpg\",\"caption\":\"admin\"},\"description\":\"Admin, Fjala e Lir\u00eb\",\"sameAs\":[\"https:\\\/\\\/fjala.info\\\/\"],\"url\":\"https:\\\/\\\/fjala.info\\\/2009-2015\\\/author\\\/admin\\\/\"}]}<\/script>\n<!-- \/ Yoast SEO plugin. -->","yoast_head_json":{"title":"Vizat e xhepave t\u00eb thell\u00eb - FjALA e LIR\u00cb - Arkivi","robots":{"index":"index","follow":"follow","max-snippet":"max-snippet:-1","max-image-preview":"max-image-preview:large","max-video-preview":"max-video-preview:-1"},"canonical":"https:\/\/fjala.info\/2009-2015\/vizat-e-xhepave-te-thelle\/","og_locale":"sq_AL","og_type":"article","og_title":"Vizat e xhepave t\u00eb thell\u00eb - FjALA e LIR\u00cb - Arkivi","og_description":"Albin Kurti Do t\u00eb na e japin udh\u00ebrr\u00ebfyesin p\u00ebr vizat? Apo, si ishte ajo, do t\u00eb na e japin udh\u00ebrr\u00ebfyesin p\u00ebr liberalizimin e vizave? S\u2019ka r\u00ebnd\u00ebsi \u2013 me r\u00ebnd\u00ebsi do t\u00eb na e japin udh\u00ebrr\u00ebfyesin. Do t\u00eb na e japin at\u00eb q\u00eb na e japin gjithmon\u00eb. Udh\u00ebrr\u00ebfyesin. Jo udh\u00ebn. As rr\u00ebfimin. Por: udh\u00ebrr\u00ebfyesin. At\u00eb q\u00eb [&hellip;]","og_url":"https:\/\/fjala.info\/2009-2015\/vizat-e-xhepave-te-thelle\/","og_site_name":"FjALA e LIR\u00cb - Arkivi","article_published_time":"2012-01-10T08:23:25+00:00","og_image":[{"url":"http:\/\/www.shkoder.net\/images\/fjala\/albin_kurti1.jpg","type":"","width":"","height":""}],"author":"admin","twitter_card":"summary_large_image","twitter_misc":{"Written by":"admin","Est. reading time":"6 minutes"},"schema":{"@context":"https:\/\/schema.org","@graph":[{"@type":"Article","@id":"https:\/\/fjala.info\/2009-2015\/vizat-e-xhepave-te-thelle\/#article","isPartOf":{"@id":"https:\/\/fjala.info\/2009-2015\/vizat-e-xhepave-te-thelle\/"},"author":{"name":"admin","@id":"https:\/\/fjala.info\/2009-2015\/#\/schema\/person\/3aa1163ef05469c496fc94e77611ada2"},"headline":"Vizat e xhepave t\u00eb thell\u00eb","datePublished":"2012-01-10T08:23:25+00:00","mainEntityOfPage":{"@id":"https:\/\/fjala.info\/2009-2015\/vizat-e-xhepave-te-thelle\/"},"wordCount":1157,"commentCount":0,"publisher":{"@id":"https:\/\/fjala.info\/2009-2015\/#organization"},"image":{"@id":"https:\/\/fjala.info\/2009-2015\/vizat-e-xhepave-te-thelle\/#primaryimage"},"thumbnailUrl":"http:\/\/www.shkoder.net\/images\/fjala\/albin_kurti1.jpg","articleSection":["Artikuj"],"inLanguage":"sq-AL","potentialAction":[{"@type":"CommentAction","name":"Comment","target":["https:\/\/fjala.info\/2009-2015\/vizat-e-xhepave-te-thelle\/#respond"]}]},{"@type":"WebPage","@id":"https:\/\/fjala.info\/2009-2015\/vizat-e-xhepave-te-thelle\/","url":"https:\/\/fjala.info\/2009-2015\/vizat-e-xhepave-te-thelle\/","name":"Vizat e xhepave t\u00eb thell\u00eb - FjALA e LIR\u00cb - Arkivi","isPartOf":{"@id":"https:\/\/fjala.info\/2009-2015\/#website"},"primaryImageOfPage":{"@id":"https:\/\/fjala.info\/2009-2015\/vizat-e-xhepave-te-thelle\/#primaryimage"},"image":{"@id":"https:\/\/fjala.info\/2009-2015\/vizat-e-xhepave-te-thelle\/#primaryimage"},"thumbnailUrl":"http:\/\/www.shkoder.net\/images\/fjala\/albin_kurti1.jpg","datePublished":"2012-01-10T08:23:25+00:00","breadcrumb":{"@id":"https:\/\/fjala.info\/2009-2015\/vizat-e-xhepave-te-thelle\/#breadcrumb"},"inLanguage":"sq-AL","potentialAction":[{"@type":"ReadAction","target":["https:\/\/fjala.info\/2009-2015\/vizat-e-xhepave-te-thelle\/"]}]},{"@type":"ImageObject","inLanguage":"sq-AL","@id":"https:\/\/fjala.info\/2009-2015\/vizat-e-xhepave-te-thelle\/#primaryimage","url":"http:\/\/www.shkoder.net\/images\/fjala\/albin_kurti1.jpg","contentUrl":"http:\/\/www.shkoder.net\/images\/fjala\/albin_kurti1.jpg"},{"@type":"BreadcrumbList","@id":"https:\/\/fjala.info\/2009-2015\/vizat-e-xhepave-te-thelle\/#breadcrumb","itemListElement":[{"@type":"ListItem","position":1,"name":"Home","item":"https:\/\/fjala.info\/2009-2015\/"},{"@type":"ListItem","position":2,"name":"Vizat e xhepave t\u00eb thell\u00eb"}]},{"@type":"WebSite","@id":"https:\/\/fjala.info\/2009-2015\/#website","url":"https:\/\/fjala.info\/2009-2015\/","name":"FjALA e LIR\u00cb - Arkivi","description":"Arkivi 2009-2015","publisher":{"@id":"https:\/\/fjala.info\/2009-2015\/#organization"},"potentialAction":[{"@type":"SearchAction","target":{"@type":"EntryPoint","urlTemplate":"https:\/\/fjala.info\/2009-2015\/?s={search_term_string}"},"query-input":{"@type":"PropertyValueSpecification","valueRequired":true,"valueName":"search_term_string"}}],"inLanguage":"sq-AL"},{"@type":"Organization","@id":"https:\/\/fjala.info\/2009-2015\/#organization","name":"FjALA e LIR\u00cb - Arkivi","url":"https:\/\/fjala.info\/2009-2015\/","logo":{"@type":"ImageObject","inLanguage":"sq-AL","@id":"https:\/\/fjala.info\/2009-2015\/#\/schema\/logo\/image\/","url":"","contentUrl":"","caption":"FjALA e LIR\u00cb - Arkivi"},"image":{"@id":"https:\/\/fjala.info\/2009-2015\/#\/schema\/logo\/image\/"}},{"@type":"Person","@id":"https:\/\/fjala.info\/2009-2015\/#\/schema\/person\/3aa1163ef05469c496fc94e77611ada2","name":"admin","image":{"@type":"ImageObject","inLanguage":"sq-AL","@id":"https:\/\/fjala.info\/2009-2015\/wp-content\/uploads\/2012\/02\/arben_cokaj-120x150.jpg","url":"https:\/\/fjala.info\/2009-2015\/wp-content\/uploads\/2012\/02\/arben_cokaj-120x150.jpg","contentUrl":"https:\/\/fjala.info\/2009-2015\/wp-content\/uploads\/2012\/02\/arben_cokaj-120x150.jpg","caption":"admin"},"description":"Admin, Fjala e Lir\u00eb","sameAs":["https:\/\/fjala.info\/"],"url":"https:\/\/fjala.info\/2009-2015\/author\/admin\/"}]}},"_links":{"self":[{"href":"https:\/\/fjala.info\/2009-2015\/wp-json\/wp\/v2\/posts\/1061","targetHints":{"allow":["GET"]}}],"collection":[{"href":"https:\/\/fjala.info\/2009-2015\/wp-json\/wp\/v2\/posts"}],"about":[{"href":"https:\/\/fjala.info\/2009-2015\/wp-json\/wp\/v2\/types\/post"}],"author":[{"embeddable":true,"href":"https:\/\/fjala.info\/2009-2015\/wp-json\/wp\/v2\/users\/1"}],"replies":[{"embeddable":true,"href":"https:\/\/fjala.info\/2009-2015\/wp-json\/wp\/v2\/comments?post=1061"}],"version-history":[{"count":0,"href":"https:\/\/fjala.info\/2009-2015\/wp-json\/wp\/v2\/posts\/1061\/revisions"}],"wp:attachment":[{"href":"https:\/\/fjala.info\/2009-2015\/wp-json\/wp\/v2\/media?parent=1061"}],"wp:term":[{"taxonomy":"category","embeddable":true,"href":"https:\/\/fjala.info\/2009-2015\/wp-json\/wp\/v2\/categories?post=1061"},{"taxonomy":"post_tag","embeddable":true,"href":"https:\/\/fjala.info\/2009-2015\/wp-json\/wp\/v2\/tags?post=1061"}],"curies":[{"name":"wp","href":"https:\/\/api.w.org\/{rel}","templated":true}]}}