{"id":10609,"date":"2011-09-24T22:30:47","date_gmt":"2011-09-24T21:30:47","guid":{"rendered":"http:\/\/fjala.shkoder.net\/?p=10609"},"modified":"2011-09-24T22:30:47","modified_gmt":"2011-09-24T21:30:47","slug":"arben-xhaferi-rrefen-vetveten","status":"publish","type":"post","link":"https:\/\/fjala.info\/2009-2015\/arben-xhaferi-rrefen-vetveten\/","title":{"rendered":"Arb\u00ebn Xhaferi rr\u00ebfen vetveten"},"content":{"rendered":"<p><img decoding=\"async\" class=\"alignright size-thumbnail wp-image-7236\" title=\"Arb\u00ebn Xhaferi\" src=\"http:\/\/www.shkoder.net\/images\/fjala\/2011\/arben_xhaferi_leader.jpg\" alt=\"\" width=\"300\" \/> <strong>ResPublica<\/strong>, <em>24 shtator 2011<\/em><\/p>\n<p>Ka dal\u00eb n\u00eb treg nj\u00eb lib\u00ebr i publicistit kosovar Enver Robelli me titull \u201cArben Xhaferi Rr\u00ebfen, n\u00eb Tetov\u00eb n\u00eb K\u00ebrkim t\u00eb Kuptimit\u201d. Libri \u00ebsht\u00eb nd\u00ebrtuar n\u00eb form\u00ebn e nj\u00eb interviste me pyetje t\u00eb Robellit (jan\u00eb 40 pyetje), n\u00ebp\u00ebrmjet s\u00eb cil\u00ebs ne marrim vesh ca m\u00eb mir\u00eb, se kush \u00ebsht\u00eb Arb\u00ebn Xhaferi dhe \u00e7far\u00eb mendon ai p\u00ebr bot\u00ebn. Pas nj\u00eb p\u00ebrvoje thadruese n\u00eb Beograd n\u00eb t\u00eb rit\u00eb e vet, q\u00eb ato mote ishte qendra e nj\u00eb federate shum\u00ebngjyr\u00ebshe (e till\u00eb ishte Jugosllavia e Titos) dhe nj\u00eb p\u00ebrvoje vibrante n\u00eb Prishtin\u00eb, n\u00eb m\u00ebnyr\u00ebn m\u00eb t\u00eb \u00e7uditshme ai shkon e burgoset m\u00eb tej n\u00eb periferi, n\u00eb Tetov\u00eb, ku, n\u00eb kund\u00ebrshtim me thirrjet e urdh\u00ebrat q\u00eb i vinin nga brenda qenies, vendos t\u00eb merret me politik\u00eb aktive, derisa ca prej s\u00ebmundjes e ca prej vet\u00ebdij\u00ebs se nuk kish kurrfar\u00eb dobie t\u00eb humbiste koh\u00eb me do kok\u00eb\u00e7arje q\u00eb t\u00eb tjer\u00ebve u kishin m\u00eb shum\u00eb hije, e braktis at\u00eb. Sigurisht, vijon t\u00eb shkruaj\u00eb p\u00ebr politik\u00ebn, por tanim\u00eb nga pozicioni i intelektualit publik.<\/p>\n<p>Ka shum\u00eb gjasa q\u00eb n\u00eb Tiran\u00eb Arb\u00ebn Xhaferi t\u00eb vler\u00ebsohet m\u00eb shum\u00eb se sa n\u00eb qytete t\u00eb tjera t\u00eb bot\u00ebs shqiptare (pse-ja \u00ebsht\u00eb p\u00ebr t\u2019u shpjeguar). T\u00eb gjitha gazetat e sotme e kishin dh\u00ebn\u00eb lajmin mbi publikimin e k\u00ebtij libri. Ja nj\u00eb fragment i shkurt\u00ebr nga libri:<\/p>\n<p><strong>Pyetje: Duket se mosdurimi mes intelektual\u00ebve shqiptar\u00eb \u00ebsht\u00eb legjendar. Shembuj aktual\u00eb jan\u00eb Ismail Kadare dhe Rexhep Qosja, dy personalitete q\u00eb n\u00eb t\u00eb kaluar\u00ebn jo rrall\u00eb e kan\u00eb himnizuar nj\u00ebri-tjetrin dhe tash secili d\u00ebshiron ta shoh\u00eb tjetrin n\u00eb ferr?<\/strong><\/p>\n<p>P\u00ebrgjigje: \u2026. Tema e debatit q\u00eb i nxehu gjakrat, jo vet\u00ebm t\u00eb tyre, por edhe n\u00eb shoq\u00ebri, kishte t\u00eb b\u00ebnte me \u00e7\u00ebshtje thelb\u00ebsore p\u00ebr ardhm\u00ebrin\u00eb e shqiptar\u00ebve; p\u00ebrkufizimi i identitetit t\u00eb tyre. Kjo tem\u00eb hapet her\u00eb pas here, dhe p\u00ebrkund\u00ebr rrezikut q\u00eb p\u00ebrmbajn\u00eb n\u00eb vete k\u00ebto debate polarizuese, megjithat\u00eb, jan\u00eb t\u00eb nevojshme p\u00ebr t\u00eb gjetur sintez\u00ebn komb\u00ebtare t\u00eb nj\u00eb niveli m\u00eb t\u00eb lart\u00eb\u2026. Ismail Kadareja, si zakonisht, e zgjodhi pozicionin e projektuesit, t\u00eb vizionarit, q\u00eb anticipon proceset q\u00eb do t\u00eb zhvillohen n\u00eb t\u00eb ardhmen. Ai, duke marr\u00eb parasysh t\u00eb kaluar\u00ebn e shqiptar\u00ebve si dhe sfidat q\u00eb do t\u00eb shfaqen n\u00eb t\u00eb ardhmen, nd\u00ebrtoi q\u00ebndrimin se identiteti shqiptar ka qen\u00eb oksidental dhe duhet t\u00eb zhvillohet si i till\u00eb edhe n\u00eb t\u00eb ardhmen.<\/p>\n<p>Nga ana tjet\u00ebr, Rexhep Qosja zgjodhi pozicionin e realistit, duke theksuar se gjat\u00eb historis\u00eb \u00ebsht\u00eb ndryshuar identiteti i shqiptar\u00ebve dhe se n\u00eb t\u00eb ka elemente orientale, t\u00eb provenienc\u00ebs islame. Kjo polemik\u00eb nuk do t\u00eb ishte aq e zjarrt\u00eb sikur t\u00eb mos kishte ndodhur akti terrorist i 11 shtatorit, q\u00eb krijoi situat\u00eb krejt\u00ebsisht t\u00eb re n\u00eb raport me terrorizmin q\u00eb e nxisnin disa grupime radikale islamiste. T\u00eb gjith\u00eb shqiptar\u00ebt shikojn\u00eb nj\u00eb rrezik politik nga mund\u00ebsia q\u00eb t\u00eb kategorizohen si popull me kultur\u00eb lindore ose t\u00eb pakt\u00ebn t\u00eb frik\u00ebsohen nga propaganda intensive e armiqve t\u00eb popullit shqiptar, q\u00eb e nd\u00ebrtojn\u00eb vazhdimisht k\u00ebt\u00eb perceptim p\u00ebr ta. Si\u00e7 dihet, ndodh\u00ebn disa implikime t\u00eb shqiptar\u00ebve n\u00eb k\u00ebto rrymime t\u00eb reja, q\u00eb krijojn\u00eb brenga t\u00eb reja p\u00ebr t\u00eb gjith\u00eb ata q\u00eb mendojn\u00eb p\u00ebr ardhm\u00ebrin\u00eb.<\/p>\n<p>\u2026 Problemi q\u00eb ngjall shqet\u00ebsime ka t\u00eb b\u00ebj\u00eb me dilem\u00ebn e kot\u00eb se cilit identitet duhet t\u2019i jepet p\u00ebrpar\u00ebsia. Deri m\u00eb tani, te shqiptar\u00ebt, t\u00eb pakt\u00ebn pas Rilindjes Komb\u00ebtare e k\u00ebndej, p\u00ebrpar\u00ebsia i \u00ebsht\u00eb dh\u00ebn\u00eb identitetit komb\u00ebtar dhe deri diku jan\u00eb ndrydhur identitetet e tjera. N\u00eb hap\u00ebsirat ku jetojn\u00eb shqiptar\u00ebt, pra n\u00eb Europ\u00eb, vet\u00ebm identiteti komb\u00ebtar ka qen\u00eb dhe \u00ebsht\u00eb faktori q\u00eb b\u00ebn t\u00eb mundsh\u00ebm krijimin e shtetit shqiptar. Variantet e tjera do d\u00ebshtonin. Nga ana tjet\u00ebr, indi nd\u00ebrlidh\u00ebs, ai q\u00eb krijon kohezion brenda shoq\u00ebris\u00eb shqiptare, \u00ebsht\u00eb gjuha.<\/p>\n<p>Si\u00e7 dihet gjuha shqipe i takon grupit t\u00eb gjuh\u00ebve indoeuropiane, k\u00ebshtu q\u00eb krahas pozicionit gjeografik, luan rol p\u00ebrcaktues t\u00eb identitetit per\u00ebndimor t\u00eb shqiptar\u00ebve. Kur p\u00ebrmendet faktori gjeografik, duhen marr\u00eb parasysh standardet politike q\u00eb vlejn\u00eb n\u00eb k\u00ebto hap\u00ebsira. E kam fjal\u00ebn p\u00ebr parimin e laicizmit (shekullarizmit) t\u00eb shtetit. Pa respektimin e k\u00ebtij parimi, nuk mund t\u00eb funksionoj\u00eb asnj\u00eb shtet n\u00eb Europ\u00eb. Polemika q\u00eb u hap n\u00eb mes t\u00eb Kadares\u00eb dhe Qoses mori p\u00ebrmasa t\u00eb zjarrta p\u00ebr shkak t\u00eb kontekstit kohor. P\u00ebrndryshe, polemika do t\u00eb ishte krejt\u00ebsisht normale dhe e dobishme.<\/p>\n<p><strong>Pyetje: Rreth Ismail Kadares\u00eb mbizot\u00ebron mendimi se padyshim \u00ebsht\u00eb shkrimtar i r\u00ebnd\u00ebsish\u00ebm. Por, jo pak z\u00ebra, jo vet\u00ebm shqiptar\u00eb, e kritikojn\u00eb p\u00ebr rolin e tij n\u00eb koh\u00ebn e komunizmit. Natyrisht nga pozita e sotme \u00ebsht\u00eb e leht\u00eb t\u00eb demonstrosh trim\u00ebri dhe disidentiz\u00ebm. Megjithat\u00eb, a mbetet ndonj\u00eb njoll\u00eb n\u00eb biografin\u00eb e Kadares\u00eb nga koha e diktatur\u00ebs s\u00eb Enver Hoxh\u00ebs?<\/strong><\/p>\n<p>P\u00ebrgjigje: T\u00eb gjith\u00eb ata q\u00eb p\u00ebrpiqen t\u00eb gjejn\u00eb njolla n\u00eb biografin\u00eb e Ismail Kadares\u00eb jan\u00eb njer\u00ebz q\u00eb, n\u00eb rend t\u00eb par\u00eb, nuk e vler\u00ebsojn\u00eb krijimtarin\u00eb artistike si di\u00e7ka sublime. Ata, duke moralizuar me \u00e7do gj\u00eb, e v\u00ebn\u00eb n\u00eb plan t\u00eb par\u00eb disidenc\u00ebn. \u00c7do populli i duhen veprat e autor\u00ebve q\u00eb n\u00eb vete ng\u00ebrthejn\u00eb mesazhe universale ose vlera q\u00eb e lart\u00ebsojn\u00eb nivelin kulturor t\u00eb nj\u00eb populli. N\u00eb fush\u00ebn e estetik\u00ebs, kur ka antagoniz\u00ebm nd\u00ebrmjet krijimtaris\u00eb dhe biografis\u00eb, sugjerohet q\u00eb t\u00eb lexohen veprat e autorit. Vet\u00ebm ato jan\u00eb indikator\u00eb t\u00eb vler\u00ebs. Martin Hajdegeri (Martin Heidegger), nj\u00ebri nga filozof\u00ebt m\u00eb t\u00eb m\u00ebdhenj bashk\u00ebkohor\u00eb, n\u00eb vitin 1933 zgjidhet rektor i Universitetit t\u00eb Frajburgut.<\/p>\n<p>Me k\u00ebt\u00eb rast ai mban nj\u00eb fjalim p\u00ebr rolin historik t\u00eb Gjermanis\u00eb, q\u00eb ng\u00ebrthente n\u00eb vete nuanca t\u00eb politik\u00ebs ditore. Mir\u00ebpo sot askush s\u2019e njeh Hejdegerin p\u00ebrmes k\u00ebtij fjalimi, por p\u00ebrmes veprave t\u00eb tij filozofike. Po k\u00ebshtu, nj\u00eb filozof tjet\u00ebr kulmor, hungarezi Gjergj Lluka\u00e7i (Gyorgy Lukacs), pat shkruar nj\u00eb recension shum\u00eb pozitiv p\u00ebr librin e Stalinit p\u00ebr gramatik\u00ebn dhe n\u00eb k\u00ebt\u00eb m\u00ebnyr\u00eb e fitoi qet\u00ebsin\u00eb q\u00eb t\u00eb merret me krijimtarin\u00eb e tij filozofike duke begatuar thesarin e dijes njer\u00ebzore. Askush nuk e sheh at\u00eb, nuk e vler\u00ebson, p\u00ebrmes k\u00ebtij recensioni, por p\u00ebrmes veprave t\u00eb tij autentike filozofike.<\/p>\n<p><strong>Pyetje: A ka Enver Hoxha ndonj\u00eb merit\u00eb p\u00ebr Kosov\u00ebn?<\/strong><\/p>\n<p>P\u00ebrgjigje: Enver Hoxha ka m\u00eb shum\u00eb merita p\u00ebr Kosov\u00ebn sesa p\u00ebr Shqip\u00ebrin\u00eb. N\u00eb Kosov\u00eb at\u00eb e perceptonin si engj\u00ebll mbrojt\u00ebs, si frym\u00ebzim, si person q\u00eb \u00ebsht\u00eb duke formuar shqiptarin e ri. Personalisht njoh shum\u00eb pak njer\u00ebz q\u00eb kan\u00eb qen\u00eb antienverist\u00eb. N\u00eb Shqip\u00ebri, mbase me t\u00eb drejt\u00eb, e konsiderojn\u00eb si satrap, i cili ka shkaktuar fatkeq\u00ebsi nj\u00eb brezi t\u00eb t\u00ebr\u00eb njer\u00ebzish t\u00eb pafajsh\u00ebm. K\u00ebsaj i thon\u00eb ironi e fatit. Ne q\u00eb e kishim at\u00eb larg e idealizonim, nd\u00ebrkaq ata q\u00eb e kishin af\u00ebr e n\u00ebmnin or\u00eb e \u00e7ast.<\/p>\n<p><strong>Pyetje: A ka Josip Broz Titoja ndonj\u00eb merit\u00eb p\u00ebr zhvillimin politik, arsimor, ekonomik dhe kulturor t\u00eb Kosov\u00ebs?<\/strong><\/p>\n<p>P\u00ebrgjigje: Gjithsesi ka. Ai, prej t\u00eb ligjve, ishte m\u00eb pak i till\u00eb. Mir\u00ebpo nuk duhet t\u00eb idealizohet. Ai nuk e p\u00ebrmbushi premtimin kryesor ndaj Kosov\u00ebs: t\u00eb lejoj\u00eb t\u00eb drejt\u00ebn e vet\u00ebvendosjes; pas k\u00ebsaj, as t\u00eb drejt\u00ebn e barazimit t\u00eb statusit t\u00eb saj me entitetet e tjera konstituive t\u00eb Jugosllavis\u00eb. Po ashtu, ai nuk e shfuqizoi marr\u00ebveshjen me Turqin\u00eb p\u00ebr shp\u00ebrngulje t\u00eb shqiptar\u00ebve, si dhe nuk ndaloi fushat\u00ebn e k\u00ebrkimit t\u00eb arm\u00ebve, q\u00eb ishte pretekst p\u00ebr reprezalje t\u00eb cilat nxitnin popullat\u00ebn shqiptare t\u00eb shp\u00ebrngulet. Nga ana tjet\u00ebr, atij nuk mund t\u2019i mohohet merita e decentralizimit t\u00eb Jugosllavis\u00eb, koncepti i Kushtetut\u00ebs s\u00eb vitit 1974, q\u00eb ishte, n\u00eb fakt, prelud p\u00ebr shp\u00ebrb\u00ebrje t\u00eb saj. Me k\u00ebt\u00eb Kushtetut\u00eb Kosova fitoi statusin q\u00eb deri diku e barazonte at\u00eb me republikat e tjera.<\/p>\n","protected":false},"excerpt":{"rendered":"<p>ResPublica, 24 shtator 2011 Ka dal\u00eb n\u00eb treg nj\u00eb lib\u00ebr i publicistit kosovar Enver Robelli me titull \u201cArben Xhaferi Rr\u00ebfen, n\u00eb Tetov\u00eb n\u00eb K\u00ebrkim t\u00eb Kuptimit\u201d. Libri \u00ebsht\u00eb nd\u00ebrtuar n\u00eb form\u00ebn e nj\u00eb interviste me pyetje t\u00eb Robellit (jan\u00eb 40 pyetje), n\u00ebp\u00ebrmjet s\u00eb cil\u00ebs ne marrim vesh ca m\u00eb mir\u00eb, se kush \u00ebsht\u00eb Arb\u00ebn Xhaferi [&hellip;]<\/p>\n","protected":false},"author":1,"featured_media":0,"comment_status":"open","ping_status":"closed","sticky":false,"template":"","format":"standard","meta":{"footnotes":""},"categories":[2,4],"tags":[],"class_list":{"0":"post-10609","1":"post","2":"type-post","3":"status-publish","4":"format-standard","6":"category-artikuj","7":"category-intervista"},"yoast_head":"<!-- This site is optimized with the Yoast SEO plugin v27.4 - https:\/\/yoast.com\/product\/yoast-seo-wordpress\/ -->\n<title>Arb\u00ebn Xhaferi rr\u00ebfen vetveten - FjALA e LIR\u00cb - Arkivi<\/title>\n<meta name=\"robots\" content=\"index, follow, max-snippet:-1, max-image-preview:large, max-video-preview:-1\" \/>\n<link rel=\"canonical\" href=\"https:\/\/fjala.info\/2009-2015\/arben-xhaferi-rrefen-vetveten\/\" \/>\n<meta property=\"og:locale\" content=\"sq_AL\" \/>\n<meta property=\"og:type\" content=\"article\" \/>\n<meta property=\"og:title\" content=\"Arb\u00ebn Xhaferi rr\u00ebfen vetveten - FjALA e LIR\u00cb - Arkivi\" \/>\n<meta property=\"og:description\" content=\"ResPublica, 24 shtator 2011 Ka dal\u00eb n\u00eb treg nj\u00eb lib\u00ebr i publicistit kosovar Enver Robelli me titull \u201cArben Xhaferi Rr\u00ebfen, n\u00eb Tetov\u00eb n\u00eb K\u00ebrkim t\u00eb Kuptimit\u201d. Libri \u00ebsht\u00eb nd\u00ebrtuar n\u00eb form\u00ebn e nj\u00eb interviste me pyetje t\u00eb Robellit (jan\u00eb 40 pyetje), n\u00ebp\u00ebrmjet s\u00eb cil\u00ebs ne marrim vesh ca m\u00eb mir\u00eb, se kush \u00ebsht\u00eb Arb\u00ebn Xhaferi [&hellip;]\" \/>\n<meta property=\"og:url\" content=\"https:\/\/fjala.info\/2009-2015\/arben-xhaferi-rrefen-vetveten\/\" \/>\n<meta property=\"og:site_name\" content=\"FjALA e LIR\u00cb - Arkivi\" \/>\n<meta property=\"article:published_time\" content=\"2011-09-24T21:30:47+00:00\" \/>\n<meta property=\"og:image\" content=\"http:\/\/www.shkoder.net\/images\/fjala\/2011\/arben_xhaferi_leader.jpg\" \/>\n<meta name=\"author\" content=\"admin\" \/>\n<meta name=\"twitter:card\" content=\"summary_large_image\" \/>\n<meta name=\"twitter:label1\" content=\"Written by\" \/>\n\t<meta name=\"twitter:data1\" content=\"admin\" \/>\n\t<meta name=\"twitter:label2\" content=\"Est. reading time\" \/>\n\t<meta name=\"twitter:data2\" content=\"7 minutes\" \/>\n<script type=\"application\/ld+json\" class=\"yoast-schema-graph\">{\"@context\":\"https:\\\/\\\/schema.org\",\"@graph\":[{\"@type\":\"Article\",\"@id\":\"https:\\\/\\\/fjala.info\\\/2009-2015\\\/arben-xhaferi-rrefen-vetveten\\\/#article\",\"isPartOf\":{\"@id\":\"https:\\\/\\\/fjala.info\\\/2009-2015\\\/arben-xhaferi-rrefen-vetveten\\\/\"},\"author\":{\"name\":\"admin\",\"@id\":\"https:\\\/\\\/fjala.info\\\/2009-2015\\\/#\\\/schema\\\/person\\\/3aa1163ef05469c496fc94e77611ada2\"},\"headline\":\"Arb\u00ebn Xhaferi rr\u00ebfen vetveten\",\"datePublished\":\"2011-09-24T21:30:47+00:00\",\"mainEntityOfPage\":{\"@id\":\"https:\\\/\\\/fjala.info\\\/2009-2015\\\/arben-xhaferi-rrefen-vetveten\\\/\"},\"wordCount\":1400,\"commentCount\":0,\"publisher\":{\"@id\":\"https:\\\/\\\/fjala.info\\\/2009-2015\\\/#organization\"},\"image\":{\"@id\":\"https:\\\/\\\/fjala.info\\\/2009-2015\\\/arben-xhaferi-rrefen-vetveten\\\/#primaryimage\"},\"thumbnailUrl\":\"http:\\\/\\\/www.shkoder.net\\\/images\\\/fjala\\\/2011\\\/arben_xhaferi_leader.jpg\",\"articleSection\":[\"Artikuj\",\"Intervista\"],\"inLanguage\":\"sq-AL\",\"potentialAction\":[{\"@type\":\"CommentAction\",\"name\":\"Comment\",\"target\":[\"https:\\\/\\\/fjala.info\\\/2009-2015\\\/arben-xhaferi-rrefen-vetveten\\\/#respond\"]}]},{\"@type\":\"WebPage\",\"@id\":\"https:\\\/\\\/fjala.info\\\/2009-2015\\\/arben-xhaferi-rrefen-vetveten\\\/\",\"url\":\"https:\\\/\\\/fjala.info\\\/2009-2015\\\/arben-xhaferi-rrefen-vetveten\\\/\",\"name\":\"Arb\u00ebn Xhaferi rr\u00ebfen vetveten - FjALA e LIR\u00cb - Arkivi\",\"isPartOf\":{\"@id\":\"https:\\\/\\\/fjala.info\\\/2009-2015\\\/#website\"},\"primaryImageOfPage\":{\"@id\":\"https:\\\/\\\/fjala.info\\\/2009-2015\\\/arben-xhaferi-rrefen-vetveten\\\/#primaryimage\"},\"image\":{\"@id\":\"https:\\\/\\\/fjala.info\\\/2009-2015\\\/arben-xhaferi-rrefen-vetveten\\\/#primaryimage\"},\"thumbnailUrl\":\"http:\\\/\\\/www.shkoder.net\\\/images\\\/fjala\\\/2011\\\/arben_xhaferi_leader.jpg\",\"datePublished\":\"2011-09-24T21:30:47+00:00\",\"breadcrumb\":{\"@id\":\"https:\\\/\\\/fjala.info\\\/2009-2015\\\/arben-xhaferi-rrefen-vetveten\\\/#breadcrumb\"},\"inLanguage\":\"sq-AL\",\"potentialAction\":[{\"@type\":\"ReadAction\",\"target\":[\"https:\\\/\\\/fjala.info\\\/2009-2015\\\/arben-xhaferi-rrefen-vetveten\\\/\"]}]},{\"@type\":\"ImageObject\",\"inLanguage\":\"sq-AL\",\"@id\":\"https:\\\/\\\/fjala.info\\\/2009-2015\\\/arben-xhaferi-rrefen-vetveten\\\/#primaryimage\",\"url\":\"http:\\\/\\\/www.shkoder.net\\\/images\\\/fjala\\\/2011\\\/arben_xhaferi_leader.jpg\",\"contentUrl\":\"http:\\\/\\\/www.shkoder.net\\\/images\\\/fjala\\\/2011\\\/arben_xhaferi_leader.jpg\"},{\"@type\":\"BreadcrumbList\",\"@id\":\"https:\\\/\\\/fjala.info\\\/2009-2015\\\/arben-xhaferi-rrefen-vetveten\\\/#breadcrumb\",\"itemListElement\":[{\"@type\":\"ListItem\",\"position\":1,\"name\":\"Home\",\"item\":\"https:\\\/\\\/fjala.info\\\/2009-2015\\\/\"},{\"@type\":\"ListItem\",\"position\":2,\"name\":\"Arb\u00ebn Xhaferi rr\u00ebfen vetveten\"}]},{\"@type\":\"WebSite\",\"@id\":\"https:\\\/\\\/fjala.info\\\/2009-2015\\\/#website\",\"url\":\"https:\\\/\\\/fjala.info\\\/2009-2015\\\/\",\"name\":\"FjALA e LIR\u00cb - Arkivi\",\"description\":\"Arkivi 2009-2015\",\"publisher\":{\"@id\":\"https:\\\/\\\/fjala.info\\\/2009-2015\\\/#organization\"},\"potentialAction\":[{\"@type\":\"SearchAction\",\"target\":{\"@type\":\"EntryPoint\",\"urlTemplate\":\"https:\\\/\\\/fjala.info\\\/2009-2015\\\/?s={search_term_string}\"},\"query-input\":{\"@type\":\"PropertyValueSpecification\",\"valueRequired\":true,\"valueName\":\"search_term_string\"}}],\"inLanguage\":\"sq-AL\"},{\"@type\":\"Organization\",\"@id\":\"https:\\\/\\\/fjala.info\\\/2009-2015\\\/#organization\",\"name\":\"FjALA e LIR\u00cb - Arkivi\",\"url\":\"https:\\\/\\\/fjala.info\\\/2009-2015\\\/\",\"logo\":{\"@type\":\"ImageObject\",\"inLanguage\":\"sq-AL\",\"@id\":\"https:\\\/\\\/fjala.info\\\/2009-2015\\\/#\\\/schema\\\/logo\\\/image\\\/\",\"url\":\"\",\"contentUrl\":\"\",\"caption\":\"FjALA e LIR\u00cb - Arkivi\"},\"image\":{\"@id\":\"https:\\\/\\\/fjala.info\\\/2009-2015\\\/#\\\/schema\\\/logo\\\/image\\\/\"}},{\"@type\":\"Person\",\"@id\":\"https:\\\/\\\/fjala.info\\\/2009-2015\\\/#\\\/schema\\\/person\\\/3aa1163ef05469c496fc94e77611ada2\",\"name\":\"admin\",\"image\":{\"@type\":\"ImageObject\",\"inLanguage\":\"sq-AL\",\"@id\":\"https:\\\/\\\/fjala.info\\\/2009-2015\\\/wp-content\\\/uploads\\\/2012\\\/02\\\/arben_cokaj-120x150.jpg\",\"url\":\"https:\\\/\\\/fjala.info\\\/2009-2015\\\/wp-content\\\/uploads\\\/2012\\\/02\\\/arben_cokaj-120x150.jpg\",\"contentUrl\":\"https:\\\/\\\/fjala.info\\\/2009-2015\\\/wp-content\\\/uploads\\\/2012\\\/02\\\/arben_cokaj-120x150.jpg\",\"caption\":\"admin\"},\"description\":\"Admin, Fjala e Lir\u00eb\",\"sameAs\":[\"https:\\\/\\\/fjala.info\\\/\"],\"url\":\"https:\\\/\\\/fjala.info\\\/2009-2015\\\/author\\\/admin\\\/\"}]}<\/script>\n<!-- \/ Yoast SEO plugin. -->","yoast_head_json":{"title":"Arb\u00ebn Xhaferi rr\u00ebfen vetveten - FjALA e LIR\u00cb - Arkivi","robots":{"index":"index","follow":"follow","max-snippet":"max-snippet:-1","max-image-preview":"max-image-preview:large","max-video-preview":"max-video-preview:-1"},"canonical":"https:\/\/fjala.info\/2009-2015\/arben-xhaferi-rrefen-vetveten\/","og_locale":"sq_AL","og_type":"article","og_title":"Arb\u00ebn Xhaferi rr\u00ebfen vetveten - FjALA e LIR\u00cb - Arkivi","og_description":"ResPublica, 24 shtator 2011 Ka dal\u00eb n\u00eb treg nj\u00eb lib\u00ebr i publicistit kosovar Enver Robelli me titull \u201cArben Xhaferi Rr\u00ebfen, n\u00eb Tetov\u00eb n\u00eb K\u00ebrkim t\u00eb Kuptimit\u201d. Libri \u00ebsht\u00eb nd\u00ebrtuar n\u00eb form\u00ebn e nj\u00eb interviste me pyetje t\u00eb Robellit (jan\u00eb 40 pyetje), n\u00ebp\u00ebrmjet s\u00eb cil\u00ebs ne marrim vesh ca m\u00eb mir\u00eb, se kush \u00ebsht\u00eb Arb\u00ebn Xhaferi [&hellip;]","og_url":"https:\/\/fjala.info\/2009-2015\/arben-xhaferi-rrefen-vetveten\/","og_site_name":"FjALA e LIR\u00cb - Arkivi","article_published_time":"2011-09-24T21:30:47+00:00","og_image":[{"url":"http:\/\/www.shkoder.net\/images\/fjala\/2011\/arben_xhaferi_leader.jpg","type":"","width":"","height":""}],"author":"admin","twitter_card":"summary_large_image","twitter_misc":{"Written by":"admin","Est. reading time":"7 minutes"},"schema":{"@context":"https:\/\/schema.org","@graph":[{"@type":"Article","@id":"https:\/\/fjala.info\/2009-2015\/arben-xhaferi-rrefen-vetveten\/#article","isPartOf":{"@id":"https:\/\/fjala.info\/2009-2015\/arben-xhaferi-rrefen-vetveten\/"},"author":{"name":"admin","@id":"https:\/\/fjala.info\/2009-2015\/#\/schema\/person\/3aa1163ef05469c496fc94e77611ada2"},"headline":"Arb\u00ebn Xhaferi rr\u00ebfen vetveten","datePublished":"2011-09-24T21:30:47+00:00","mainEntityOfPage":{"@id":"https:\/\/fjala.info\/2009-2015\/arben-xhaferi-rrefen-vetveten\/"},"wordCount":1400,"commentCount":0,"publisher":{"@id":"https:\/\/fjala.info\/2009-2015\/#organization"},"image":{"@id":"https:\/\/fjala.info\/2009-2015\/arben-xhaferi-rrefen-vetveten\/#primaryimage"},"thumbnailUrl":"http:\/\/www.shkoder.net\/images\/fjala\/2011\/arben_xhaferi_leader.jpg","articleSection":["Artikuj","Intervista"],"inLanguage":"sq-AL","potentialAction":[{"@type":"CommentAction","name":"Comment","target":["https:\/\/fjala.info\/2009-2015\/arben-xhaferi-rrefen-vetveten\/#respond"]}]},{"@type":"WebPage","@id":"https:\/\/fjala.info\/2009-2015\/arben-xhaferi-rrefen-vetveten\/","url":"https:\/\/fjala.info\/2009-2015\/arben-xhaferi-rrefen-vetveten\/","name":"Arb\u00ebn Xhaferi rr\u00ebfen vetveten - FjALA e LIR\u00cb - Arkivi","isPartOf":{"@id":"https:\/\/fjala.info\/2009-2015\/#website"},"primaryImageOfPage":{"@id":"https:\/\/fjala.info\/2009-2015\/arben-xhaferi-rrefen-vetveten\/#primaryimage"},"image":{"@id":"https:\/\/fjala.info\/2009-2015\/arben-xhaferi-rrefen-vetveten\/#primaryimage"},"thumbnailUrl":"http:\/\/www.shkoder.net\/images\/fjala\/2011\/arben_xhaferi_leader.jpg","datePublished":"2011-09-24T21:30:47+00:00","breadcrumb":{"@id":"https:\/\/fjala.info\/2009-2015\/arben-xhaferi-rrefen-vetveten\/#breadcrumb"},"inLanguage":"sq-AL","potentialAction":[{"@type":"ReadAction","target":["https:\/\/fjala.info\/2009-2015\/arben-xhaferi-rrefen-vetveten\/"]}]},{"@type":"ImageObject","inLanguage":"sq-AL","@id":"https:\/\/fjala.info\/2009-2015\/arben-xhaferi-rrefen-vetveten\/#primaryimage","url":"http:\/\/www.shkoder.net\/images\/fjala\/2011\/arben_xhaferi_leader.jpg","contentUrl":"http:\/\/www.shkoder.net\/images\/fjala\/2011\/arben_xhaferi_leader.jpg"},{"@type":"BreadcrumbList","@id":"https:\/\/fjala.info\/2009-2015\/arben-xhaferi-rrefen-vetveten\/#breadcrumb","itemListElement":[{"@type":"ListItem","position":1,"name":"Home","item":"https:\/\/fjala.info\/2009-2015\/"},{"@type":"ListItem","position":2,"name":"Arb\u00ebn Xhaferi rr\u00ebfen vetveten"}]},{"@type":"WebSite","@id":"https:\/\/fjala.info\/2009-2015\/#website","url":"https:\/\/fjala.info\/2009-2015\/","name":"FjALA e LIR\u00cb - Arkivi","description":"Arkivi 2009-2015","publisher":{"@id":"https:\/\/fjala.info\/2009-2015\/#organization"},"potentialAction":[{"@type":"SearchAction","target":{"@type":"EntryPoint","urlTemplate":"https:\/\/fjala.info\/2009-2015\/?s={search_term_string}"},"query-input":{"@type":"PropertyValueSpecification","valueRequired":true,"valueName":"search_term_string"}}],"inLanguage":"sq-AL"},{"@type":"Organization","@id":"https:\/\/fjala.info\/2009-2015\/#organization","name":"FjALA e LIR\u00cb - Arkivi","url":"https:\/\/fjala.info\/2009-2015\/","logo":{"@type":"ImageObject","inLanguage":"sq-AL","@id":"https:\/\/fjala.info\/2009-2015\/#\/schema\/logo\/image\/","url":"","contentUrl":"","caption":"FjALA e LIR\u00cb - Arkivi"},"image":{"@id":"https:\/\/fjala.info\/2009-2015\/#\/schema\/logo\/image\/"}},{"@type":"Person","@id":"https:\/\/fjala.info\/2009-2015\/#\/schema\/person\/3aa1163ef05469c496fc94e77611ada2","name":"admin","image":{"@type":"ImageObject","inLanguage":"sq-AL","@id":"https:\/\/fjala.info\/2009-2015\/wp-content\/uploads\/2012\/02\/arben_cokaj-120x150.jpg","url":"https:\/\/fjala.info\/2009-2015\/wp-content\/uploads\/2012\/02\/arben_cokaj-120x150.jpg","contentUrl":"https:\/\/fjala.info\/2009-2015\/wp-content\/uploads\/2012\/02\/arben_cokaj-120x150.jpg","caption":"admin"},"description":"Admin, Fjala e Lir\u00eb","sameAs":["https:\/\/fjala.info\/"],"url":"https:\/\/fjala.info\/2009-2015\/author\/admin\/"}]}},"_links":{"self":[{"href":"https:\/\/fjala.info\/2009-2015\/wp-json\/wp\/v2\/posts\/10609","targetHints":{"allow":["GET"]}}],"collection":[{"href":"https:\/\/fjala.info\/2009-2015\/wp-json\/wp\/v2\/posts"}],"about":[{"href":"https:\/\/fjala.info\/2009-2015\/wp-json\/wp\/v2\/types\/post"}],"author":[{"embeddable":true,"href":"https:\/\/fjala.info\/2009-2015\/wp-json\/wp\/v2\/users\/1"}],"replies":[{"embeddable":true,"href":"https:\/\/fjala.info\/2009-2015\/wp-json\/wp\/v2\/comments?post=10609"}],"version-history":[{"count":0,"href":"https:\/\/fjala.info\/2009-2015\/wp-json\/wp\/v2\/posts\/10609\/revisions"}],"wp:attachment":[{"href":"https:\/\/fjala.info\/2009-2015\/wp-json\/wp\/v2\/media?parent=10609"}],"wp:term":[{"taxonomy":"category","embeddable":true,"href":"https:\/\/fjala.info\/2009-2015\/wp-json\/wp\/v2\/categories?post=10609"},{"taxonomy":"post_tag","embeddable":true,"href":"https:\/\/fjala.info\/2009-2015\/wp-json\/wp\/v2\/tags?post=10609"}],"curies":[{"name":"wp","href":"https:\/\/api.w.org\/{rel}","templated":true}]}}