{"id":10605,"date":"2011-09-23T21:49:10","date_gmt":"2011-09-23T20:49:10","guid":{"rendered":"http:\/\/fjala.shkoder.net\/?p=10605"},"modified":"2011-09-23T21:49:10","modified_gmt":"2011-09-23T20:49:10","slug":"nje-revolte-ne-emer-te-femijeve-te-ngujuar","status":"publish","type":"post","link":"https:\/\/fjala.info\/2009-2015\/nje-revolte-ne-emer-te-femijeve-te-ngujuar\/","title":{"rendered":"Nj\u00eb revolt\u00eb n\u00eb em\u00ebr t\u00eb f\u00ebmij\u00ebve t\u00eb ngujuar"},"content":{"rendered":"<p><img decoding=\"async\" class=\"alignright size-thumbnail wp-image-7236\" title=\"Mentor Kikia\" src=\"http:\/\/www.shkoder.net\/images\/fjala\/mentor_kikia.jpg\" alt=\"\" width=\"150\" \/><strong>Mentor Kikia<\/strong>, <em>23.09.2011<\/em><\/p>\n<p>Fenomeni i gjakmarrjes \u00ebsht\u00eb nj\u00eb tem\u00eb-magnet p\u00ebr gazetar\u00ebt. Zona veriore e vendit, ku fenomeni \u00ebsht\u00eb m\u00eb i pranish\u00ebm, konsiderohet, ve\u00e7an\u00ebrisht nga t\u00eb huajt, si nj\u00eb frigorifer gjigand ku koha ka ngrir\u00eb dhe ata kan\u00eb mund\u00ebsi t\u00eb shikojn\u00eb me syt\u00eb e tyre se si \u00ebsht\u00eb nj\u00eb shoq\u00ebri mesjetare. Sesi n\u00eb vend t\u00eb shtetit ligjin e b\u00ebn vet\u00eb njeriu, se si n\u00eb em\u00ebr t\u00eb nj\u00eb ligji q\u00eb nuk ekziston, nj\u00eb burr\u00eb vritet n\u00eb mes t\u00eb rrug\u00ebs, n\u00eb sht\u00ebpi e kudo. Se si t\u00eb tjer\u00eb burra q\u00ebndrojn\u00eb mbyllur n\u00eb sht\u00ebpi(pa\u00e7ka se nuk \u00ebsht\u00eb m\u00eb kull\u00eb me fr\u00ebngji, por edhe vil\u00eb me kamera sigurie). Se si f\u00ebmij\u00ebt nuk shkojn\u00eb n\u00eb shkoll\u00eb, sepse edhe ata vriten(edhe pse ai ligji i vjet\u00ebr q\u00eb i thon\u00eb Kanun, k\u00ebt\u00eb gj\u00eb nuk e lejon).<\/p>\n<p>Personalisht, kur kam patur kontaktin e par\u00eb me njer\u00ebzit q\u00eb jan\u00eb viktima t\u00eb k\u00ebtij fenomeni, m\u00eb shum\u00eb se pasioni i gazetarit m\u00eb rrembeu trishtimi p\u00ebr ata njer\u00ebz t\u00eb vuajtur, urretja ndaj shtetit tim q\u00eb nuk ka fuqi tu vij\u00eb n\u00eb ndihm\u00eb dhe nj\u00eb ndjenj\u00eb p\u00ebrgjegj\u00ebsie p\u00ebr ata njer\u00ebz fatkeq\u00eb. Prej afro 15 vjet\u00ebsh nuk kam reshtuar s\u00eb shkruari kund\u00ebr k\u00ebsaj plage dramatite p\u00ebr shoq\u00ebrin\u00eb ton\u00eb, kam denoncuar me emra konkret\u00eb, publikisht, familje t\u00eb t\u00ebra t\u00eb ngujuara. Kam shfaqur n\u00eb televizin dokumentar\u00eb mbi tragjedit\u00eb e familjeve t\u00eb ngujuara dhe kam sjell\u00eb n\u00eb studion e Top Channel nj\u00eb burr\u00eb t\u00eb ngujuar q\u00eb lutej p\u00ebr ti shp\u00ebtuar jet\u00ebn(ai nuk jeton m\u00eb sot pasi gjaksi e vrau).<\/p>\n<p>M\u00eb riktheu tek kjo tem\u00eb nj\u00eb shkrim i publikuar n\u00eb Shqip nga Ndue Dedaj, i cili shqet\u00ebsohej p\u00ebr shifrat e b\u00ebra publike n\u00eb media mbi numrin e nx\u00ebn\u00ebsve q\u00eb nuk kan\u00eb shkuar n\u00eb shkoll\u00eb k\u00ebt\u00eb vit, sepse jan\u00eb t\u00eb ngujuar. Sipas informacionit t\u00eb cilit z. Dedaj i kund\u00ebrvihet, ishin 150 f\u00ebmij\u00eb n\u00eb qarkun e Shkodr\u00ebs q\u00eb nuk kishin shkuar n\u00eb shkoll\u00eb, p\u00ebr shkak se jan\u00eb t\u00eb ngujuar.<\/p>\n<p>Personalisht kam qen\u00eb n\u00eb radh\u00ebn e par\u00eb t\u00eb atyre q\u00eb kan\u00eb kund\u00ebrshtuar abuzimin me shifrat, nd\u00ebrsa flitej p\u00ebr \u201cqindra familje\u201d, \u201cmij\u00ebra burra\u201d e \u201cqindra f\u00ebmij\u00eb\u201d. Por, sinqerisht, n\u00eb k\u00ebt\u00eb fillim shkolle nuk do m\u00eb shqet\u00ebsonte m\u00eb shum\u00eb n\u00ebse jan\u00eb 150, 15, 5 e pse jo edhe 250 f\u00ebmij\u00eb. Edhe sikur nj\u00eb, vet\u00ebm nj\u00eb f\u00ebmij\u00eb t\u00eb jet\u00eb i ngujuar, vet\u00ebm nj\u00eb nx\u00ebn\u00ebs t\u00eb mos shkoj\u00eb n\u00eb shkoll\u00eb sepse ka frik\u00eb se e varsin, duhet t\u00eb v\u00ebm\u00eb kuj\u00ebn t\u00eb t\u00ebr\u00eb si shoq\u00ebri(i th\u00ebn\u00e7in).<\/p>\n<p>Un\u00eb ndaj t\u00eb nj\u00ebjtin shqet\u00ebsim se organizata t\u00eb shumta q\u00eb merren me nd\u00ebrmjet\u00ebsime kan\u00eb abuzuar me numrin e personave apo familjeve t\u00eb prekura, por s\u00ebrish mendoj se ne duhet t\u00eb na shqet\u00ebsoj\u00eb m\u00eb shum\u00eb fakti se n\u00eb Shqip\u00ebri, an\u00ebtaren e NATO-s, Shqip\u00ebrin\u00eb q\u00eb ka dor\u00ebzuar k\u00ebrkes\u00ebn e pret p\u00ebrgjigjen p\u00ebr t\u00eb marr\u00eb statusin e vendit kandidat p\u00ebr n\u00eb BE, ka ende burra e f\u00ebmij\u00eb q\u00eb mbyllen n\u00eb sht\u00ebpi, sepse d\u00ebnohen me vdekje, n\u00eb em\u00ebr t\u00eb nj\u00eb krimi q\u00eb ata nuk e kan\u00eb kryer dhe jo nga shteti.<\/p>\n<p>Ka njer\u00ebz q\u00eb vriten n\u00eb rrug\u00eb pa b\u00ebr\u00eb asnj\u00eb faj, ka f\u00ebmij\u00eb q\u00eb jan\u00eb t\u00eb zverdhur nga koha e gjat\u00eb e q\u00ebndrimit brenda n\u00eb sht\u00ebpi(nuk ka r\u00ebnd\u00ebsi sa jan\u00eb), ka gra q\u00eb punojn\u00eb si skllave p\u00ebr t\u00eb mbajtur familjen me buk\u00eb, ka dasma q\u00eb b\u00ebhen pa krush, se krushqit jan\u00eb t\u00eb ngujuar, ka varrime q\u00eb b\u00ebhen n\u00eb heshtje, se burrat jan\u00eb t\u00eb ngujuar. Po, ka, sado r\u00ebnd\u00eb t\u00eb na vij\u00eb, sado t\u00eb na nxihet faqja nga ky realitet, ai \u00ebsht\u00eb i v\u00ebrtet\u00eb. Kush d\u00ebshiron ti m\u00ebsoj\u00eb p\u00ebrmasat e k\u00ebsaj drame, t\u00eb shkoj\u00eb ti vizitoj\u00eb ata njer\u00ebz, t\u00eb cil\u00ebt tashm\u00eb kan\u00eb humbur edhe shpres\u00ebn se do t\u00eb jetojn\u00eb t\u00eb lir\u00eb.<\/p>\n<p>Ne ishim pak dit\u00eb m\u00eb par\u00eb d\u00ebshmitar\u00eb t\u00eb nj\u00eb krimi t\u00eb r\u00ebnd\u00eb n\u00eb Vlor\u00eb. T\u00eb gjith\u00eb ul\u00ebrim\u00eb dhe than\u00eb se, kur krimi ka prekur shtetin, pa mendo p\u00ebr njer\u00ebzit e thjesht\u00eb. Por ama, t\u00eb gjith\u00eb e dim\u00eb se krim ka edhe n\u00eb vendet e tjera. Organizata kriminale, shum\u00eb here m\u00eb t\u00eb fuqishme, ka n\u00eb Itali, SHBA, Rusi, Japoni, Kin\u00eb e n\u00eb t\u00eb t\u00ebr\u00eb bot\u00ebn. N\u00eb Itali u vra Falkone, n\u00eb Serbi kryministri, n\u00eb SHBA vran\u00eb edhe presidentin, gjetk\u00eb jan\u00eb vrar\u00eb e vriten zyrtar\u00eb policie, prokuror\u00eb e gjykat\u00ebs\u2026<\/p>\n<p>Por vrasja e nj\u00eb njeriu p\u00ebr gjakmarrje \u00ebsht\u00eb edhe m\u00eb e r\u00ebnd\u00eb. Pasi ky nuk \u00ebsht\u00eb nj\u00eb krim p\u00ebr grabitje, as p\u00ebr ti marr\u00eb pronat, as p\u00ebr t\u00eb ushtruar terror shteteror. Jo, jo, ai vritet n\u00eb em\u00ebr t\u00eb nj\u00eb tradite t\u00eb mallkuar q\u00eb ka mbetur si tatuash i stampuar n\u00eb trupin e shoq\u00ebris\u00eb ton\u00eb. Po, \u00ebsht\u00eb e r\u00ebnd\u00eb t\u00eb vritet nj\u00eb polic nd\u00ebrsa lufton me kriminel\u00ebt, por \u00ebsht\u00eb m\u00eb e r\u00ebnd\u00eb t\u00eb vritet nj\u00eb f\u00ebmij\u00eb p\u00ebr t\u00eb \u201cpaguar\u201d, sipas mendjes q\u00eb kalbur t\u00eb gjak(s)atar\u00ebve tan\u00eb, krimin e babait, xhaxhait a dikujt tjet\u00ebr n\u00eb fisin e tij. Ky \u00ebsht\u00eb i vetmi vend n\u00eb bot\u00eb ku ka njer\u00ebz q\u00eb kan\u00eb vite t\u00eb t\u00ebra q\u00eb q\u00ebndrojn\u00eb n\u00eb arrest sht\u00ebpie pa vendim gjykate.<\/p>\n<p>Ky \u00ebsht\u00eb i vetmi vend n\u00eb bot\u00eb ku shteti, qeveria dhe nj\u00eb kope OJQ-sh\u00eb jan\u00eb t\u00eb interesuara m\u00eb shum\u00eb p\u00ebr t\u00eb drejtat e kriminel\u00ebve n\u00eb burgje se t\u00eb drejtat e njer\u00ebzve t\u00eb pafajsh\u00ebm q\u00eb burgosen n\u00eb sht\u00ebpit\u00eb e tyre me vendim t\u00eb \u201cgjaksit\u201d. Ky \u00ebsht\u00eb i vetmi vend ku donator\u00ebt financojn\u00eb(abuzojn\u00eb) miliona Euro p\u00ebr shkollimin e f\u00ebmij\u00ebve rom\u00eb q\u00eb nuk shkojn\u00eb n\u00eb shkoll\u00eb sepse nuk duan t\u00eb shkojn\u00eb, dhe kan\u00eb l\u00ebn\u00eb n\u00eb harres\u00eb f\u00ebmij\u00ebt e ngujuar q\u00eb braktisin shkoll\u00ebn, pasi jan\u00eb t\u00eb d\u00ebnuar me vdekje. Kjo \u00ebsht\u00eb shkelja m\u00eb brutale e t\u00eb drejtave t\u00eb njeriut dhe ky \u00ebsht\u00eb shteti m\u00eb i pap\u00ebrgjegjsh\u00ebm e ne shoq\u00ebria m\u00eb e verb\u00ebr.<\/p>\n<p>Z. Dedaj e cil\u00ebson k\u00ebt\u00eb nj\u00eb dukuri sociale. Jo, jo! Kjo nuk \u00ebsht\u00eb dukuri sociale. Dukuri sociale \u00ebsht\u00eb ajo, kur f\u00ebmij\u00ebt nuk u binden prind\u00ebrve e shkojn\u00eb n\u00eb internet-kafe p\u00ebr t\u00eb hapur site porno. Dukuri sociale \u00ebsht\u00eb braktisja e prind\u00ebrve nga f\u00ebmij\u00ebt q\u00eb ikin emigrant\u00eb, apo braktisja e shkoll\u00ebs nga f\u00ebmij\u00ebt q\u00eb punojn\u00eb p\u00ebr t\u00eb ndihmuar ekonomin\u00eb familjare. Ky \u00ebsht\u00eb \u00ebsht\u00eb nj\u00eb fenomen i past\u00ebr e i r\u00ebnd\u00eb kriminal, \u00ebsht\u00eb nj\u00eb plag\u00eb e tmerrshme q\u00eb kullon gjak, q\u00eb prodhon tragjedi e drama njer\u00ebzore, q\u00eb vret e burgos njer\u00ebz t\u00eb pafajsh\u00ebm.<\/p>\n<p>Sa p\u00ebr klishen\u00eb televizive q\u00eb transmeton f\u00ebmij\u00ebt q\u00eb qajn\u00eb pas hekurave, z. Dedaj,(ai \u00ebsht\u00eb emisioni Fiks Fare n\u00eb Top Channel) duhet ta p\u00ebrg\u00ebzojm\u00eb publikisht p\u00ebr kontributin q\u00eb ka dh\u00ebn\u00eb n\u00eb denoncimin e k\u00ebsaj plage t\u00eb r\u00ebnd\u00eb. Sa p\u00ebr shifra, n\u00ebse d\u00ebshiron ti kesh, t\u00eb sakta, me em\u00ebr e mbiem\u00ebr, adresa, mosh\u00eb, nivel ekonomik, nivel arsimor, f\u00ebmij\u00eb e t\u00eb rritur, mund ti marr\u00ebsh.<\/p>\n<p>Forumi i Mendimit t\u00eb Lir\u00eb, organizata q\u00eb un\u00eb drejtoj, me mb\u00ebshtetjen e Ambasad\u00ebs s\u00eb SHBA, ka prodhuar nj\u00eb studim p\u00ebr rrethin e Shkodr\u00ebs(qytet e komuna) dhe ka identifikuar e dokumentuar 94 familje t\u00eb ngujuara, me mbi 370 persona, mes t\u00eb cil\u00ebve 84 t\u00eb mitur, shumica analfabet\u00eb. Nuk ka abuzime. Njer\u00ebzit e ngujuar kan\u00eb firmosur t\u00eb t\u00ebr\u00eb posht\u00eb nj\u00eb formulari. Ata jan\u00eb vizituar sht\u00ebpi m\u00eb sht\u00ebpi. Kjo \u00ebsht\u00eb databaza e par\u00eb e sakt\u00eb e prodhuar, e cila tregon se fenomeni i gjakmarrjes dhe ngujimit, edhe pse jo me qindra e mij\u00ebra, ekziston. Dhe kjo databz\u00eb i \u00ebsht\u00eb dor\u00ebzuar edhe policis\u00eb, edhe Ministris\u00eb s\u00eb Arsimit, Pushtetit vendor dhe Ministris\u00eb s\u00eb Pun\u00ebs dhe \u00c7\u00ebshtjeve Sociale.<\/p>\n<p>Ky \u00ebsht\u00eb realiteti, i tmerrsh\u00ebm, tragjik dhe na tundet mbi krye t\u00eb gjith\u00eb neve si nj\u00eb flamur i friksh\u00ebm. Politika ka tentuar vazhdimisht ta zbeh\u00eb, ta mbuloj\u00eb me shpres\u00ebn se k\u00ebshtu nuk do t\u00eb jet\u00eb m\u00eb. Por jo, n\u00ebse ke nj\u00eb pag\u00eb n\u00eb trup, m\u00ebnyra e vetme q\u00eb ajo t\u00eb mos jet\u00eb \u00ebsht\u00eb ta sh\u00ebrosh dhe jo duke veshur nj\u00eb kostum t\u00eb ri. T\u00eb pakt\u00ebn, ne njer\u00ebzit e medias nuk duhet t\u00eb mbyllim syt\u00eb p\u00ebrball\u00eb k\u00ebtij realiteti.<\/p>\n<p>Askush prej nesh nuk duhet t\u00eb ndjehet i qet\u00eb, sikur edhe nj\u00eb njeri i vet\u00ebm t\u00eb vritet p\u00ebr shkak t\u00eb gjakmarrjes. Askush prej nesh nuk duhet t\u00eb ndjehet i qet\u00eb edhe sikur nj\u00eb f\u00ebmij\u00eb i vet\u00ebm t\u00eb mos shkoj\u00eb n\u00eb shkoll\u00eb sepse \u00ebsht\u00eb k\u00ebrc\u00ebnuar me vdekje. Askush prej nesh nuk duhet t\u00eb ndjehet i qet\u00eb n\u00eb sht\u00ebpin\u00eb e tij edhe sikur vet\u00ebm nj\u00eb familje t\u00eb q\u00ebndroj\u00eb e mbyllur n\u00eb \u201cburgun\u201d e saj, sepse k\u00ebrc\u00ebnohet me vdekje n\u00eb em\u00ebr t\u00eb nj\u00eb zakoni t\u00eb eg\u00ebr, t\u00eb cilin ca njer\u00ebz e mbajn\u00eb gjall\u00eb sepse shteti nuk ka fuqi t\u00eb ushtroj\u00eb autoritetin e tij.<\/p>\n","protected":false},"excerpt":{"rendered":"<p>Mentor Kikia, 23.09.2011 Fenomeni i gjakmarrjes \u00ebsht\u00eb nj\u00eb tem\u00eb-magnet p\u00ebr gazetar\u00ebt. Zona veriore e vendit, ku fenomeni \u00ebsht\u00eb m\u00eb i pranish\u00ebm, konsiderohet, ve\u00e7an\u00ebrisht nga t\u00eb huajt, si nj\u00eb frigorifer gjigand ku koha ka ngrir\u00eb dhe ata kan\u00eb mund\u00ebsi t\u00eb shikojn\u00eb me syt\u00eb e tyre se si \u00ebsht\u00eb nj\u00eb shoq\u00ebri mesjetare. Sesi n\u00eb vend t\u00eb shtetit [&hellip;]<\/p>\n","protected":false},"author":1,"featured_media":0,"comment_status":"open","ping_status":"closed","sticky":false,"template":"","format":"standard","meta":{"footnotes":""},"categories":[2],"tags":[],"class_list":{"0":"post-10605","1":"post","2":"type-post","3":"status-publish","4":"format-standard","6":"category-artikuj"},"yoast_head":"<!-- This site is optimized with the Yoast SEO plugin v27.4 - https:\/\/yoast.com\/product\/yoast-seo-wordpress\/ -->\n<title>Nj\u00eb revolt\u00eb n\u00eb em\u00ebr t\u00eb f\u00ebmij\u00ebve t\u00eb ngujuar - FjALA e LIR\u00cb - Arkivi<\/title>\n<meta name=\"robots\" content=\"index, follow, max-snippet:-1, max-image-preview:large, max-video-preview:-1\" \/>\n<link rel=\"canonical\" href=\"https:\/\/fjala.info\/2009-2015\/nje-revolte-ne-emer-te-femijeve-te-ngujuar\/\" \/>\n<meta property=\"og:locale\" content=\"sq_AL\" \/>\n<meta property=\"og:type\" content=\"article\" \/>\n<meta property=\"og:title\" content=\"Nj\u00eb revolt\u00eb n\u00eb em\u00ebr t\u00eb f\u00ebmij\u00ebve t\u00eb ngujuar - FjALA e LIR\u00cb - Arkivi\" \/>\n<meta property=\"og:description\" content=\"Mentor Kikia, 23.09.2011 Fenomeni i gjakmarrjes \u00ebsht\u00eb nj\u00eb tem\u00eb-magnet p\u00ebr gazetar\u00ebt. Zona veriore e vendit, ku fenomeni \u00ebsht\u00eb m\u00eb i pranish\u00ebm, konsiderohet, ve\u00e7an\u00ebrisht nga t\u00eb huajt, si nj\u00eb frigorifer gjigand ku koha ka ngrir\u00eb dhe ata kan\u00eb mund\u00ebsi t\u00eb shikojn\u00eb me syt\u00eb e tyre se si \u00ebsht\u00eb nj\u00eb shoq\u00ebri mesjetare. Sesi n\u00eb vend t\u00eb shtetit [&hellip;]\" \/>\n<meta property=\"og:url\" content=\"https:\/\/fjala.info\/2009-2015\/nje-revolte-ne-emer-te-femijeve-te-ngujuar\/\" \/>\n<meta property=\"og:site_name\" content=\"FjALA e LIR\u00cb - Arkivi\" \/>\n<meta property=\"article:published_time\" content=\"2011-09-23T20:49:10+00:00\" \/>\n<meta property=\"og:image\" content=\"http:\/\/www.shkoder.net\/images\/fjala\/mentor_kikia.jpg\" \/>\n<meta name=\"author\" content=\"admin\" \/>\n<meta name=\"twitter:card\" content=\"summary_large_image\" \/>\n<meta name=\"twitter:label1\" content=\"Written by\" \/>\n\t<meta name=\"twitter:data1\" content=\"admin\" \/>\n\t<meta name=\"twitter:label2\" content=\"Est. reading time\" \/>\n\t<meta name=\"twitter:data2\" content=\"8 minutes\" \/>\n<script type=\"application\/ld+json\" class=\"yoast-schema-graph\">{\"@context\":\"https:\\\/\\\/schema.org\",\"@graph\":[{\"@type\":\"Article\",\"@id\":\"https:\\\/\\\/fjala.info\\\/2009-2015\\\/nje-revolte-ne-emer-te-femijeve-te-ngujuar\\\/#article\",\"isPartOf\":{\"@id\":\"https:\\\/\\\/fjala.info\\\/2009-2015\\\/nje-revolte-ne-emer-te-femijeve-te-ngujuar\\\/\"},\"author\":{\"name\":\"admin\",\"@id\":\"https:\\\/\\\/fjala.info\\\/2009-2015\\\/#\\\/schema\\\/person\\\/3aa1163ef05469c496fc94e77611ada2\"},\"headline\":\"Nj\u00eb revolt\u00eb n\u00eb em\u00ebr t\u00eb f\u00ebmij\u00ebve t\u00eb ngujuar\",\"datePublished\":\"2011-09-23T20:49:10+00:00\",\"mainEntityOfPage\":{\"@id\":\"https:\\\/\\\/fjala.info\\\/2009-2015\\\/nje-revolte-ne-emer-te-femijeve-te-ngujuar\\\/\"},\"wordCount\":1573,\"commentCount\":0,\"publisher\":{\"@id\":\"https:\\\/\\\/fjala.info\\\/2009-2015\\\/#organization\"},\"image\":{\"@id\":\"https:\\\/\\\/fjala.info\\\/2009-2015\\\/nje-revolte-ne-emer-te-femijeve-te-ngujuar\\\/#primaryimage\"},\"thumbnailUrl\":\"http:\\\/\\\/www.shkoder.net\\\/images\\\/fjala\\\/mentor_kikia.jpg\",\"articleSection\":[\"Artikuj\"],\"inLanguage\":\"sq-AL\",\"potentialAction\":[{\"@type\":\"CommentAction\",\"name\":\"Comment\",\"target\":[\"https:\\\/\\\/fjala.info\\\/2009-2015\\\/nje-revolte-ne-emer-te-femijeve-te-ngujuar\\\/#respond\"]}]},{\"@type\":\"WebPage\",\"@id\":\"https:\\\/\\\/fjala.info\\\/2009-2015\\\/nje-revolte-ne-emer-te-femijeve-te-ngujuar\\\/\",\"url\":\"https:\\\/\\\/fjala.info\\\/2009-2015\\\/nje-revolte-ne-emer-te-femijeve-te-ngujuar\\\/\",\"name\":\"Nj\u00eb revolt\u00eb n\u00eb em\u00ebr t\u00eb f\u00ebmij\u00ebve t\u00eb ngujuar - FjALA e LIR\u00cb - Arkivi\",\"isPartOf\":{\"@id\":\"https:\\\/\\\/fjala.info\\\/2009-2015\\\/#website\"},\"primaryImageOfPage\":{\"@id\":\"https:\\\/\\\/fjala.info\\\/2009-2015\\\/nje-revolte-ne-emer-te-femijeve-te-ngujuar\\\/#primaryimage\"},\"image\":{\"@id\":\"https:\\\/\\\/fjala.info\\\/2009-2015\\\/nje-revolte-ne-emer-te-femijeve-te-ngujuar\\\/#primaryimage\"},\"thumbnailUrl\":\"http:\\\/\\\/www.shkoder.net\\\/images\\\/fjala\\\/mentor_kikia.jpg\",\"datePublished\":\"2011-09-23T20:49:10+00:00\",\"breadcrumb\":{\"@id\":\"https:\\\/\\\/fjala.info\\\/2009-2015\\\/nje-revolte-ne-emer-te-femijeve-te-ngujuar\\\/#breadcrumb\"},\"inLanguage\":\"sq-AL\",\"potentialAction\":[{\"@type\":\"ReadAction\",\"target\":[\"https:\\\/\\\/fjala.info\\\/2009-2015\\\/nje-revolte-ne-emer-te-femijeve-te-ngujuar\\\/\"]}]},{\"@type\":\"ImageObject\",\"inLanguage\":\"sq-AL\",\"@id\":\"https:\\\/\\\/fjala.info\\\/2009-2015\\\/nje-revolte-ne-emer-te-femijeve-te-ngujuar\\\/#primaryimage\",\"url\":\"http:\\\/\\\/www.shkoder.net\\\/images\\\/fjala\\\/mentor_kikia.jpg\",\"contentUrl\":\"http:\\\/\\\/www.shkoder.net\\\/images\\\/fjala\\\/mentor_kikia.jpg\"},{\"@type\":\"BreadcrumbList\",\"@id\":\"https:\\\/\\\/fjala.info\\\/2009-2015\\\/nje-revolte-ne-emer-te-femijeve-te-ngujuar\\\/#breadcrumb\",\"itemListElement\":[{\"@type\":\"ListItem\",\"position\":1,\"name\":\"Home\",\"item\":\"https:\\\/\\\/fjala.info\\\/2009-2015\\\/\"},{\"@type\":\"ListItem\",\"position\":2,\"name\":\"Nj\u00eb revolt\u00eb n\u00eb em\u00ebr t\u00eb f\u00ebmij\u00ebve t\u00eb ngujuar\"}]},{\"@type\":\"WebSite\",\"@id\":\"https:\\\/\\\/fjala.info\\\/2009-2015\\\/#website\",\"url\":\"https:\\\/\\\/fjala.info\\\/2009-2015\\\/\",\"name\":\"FjALA e LIR\u00cb - Arkivi\",\"description\":\"Arkivi 2009-2015\",\"publisher\":{\"@id\":\"https:\\\/\\\/fjala.info\\\/2009-2015\\\/#organization\"},\"potentialAction\":[{\"@type\":\"SearchAction\",\"target\":{\"@type\":\"EntryPoint\",\"urlTemplate\":\"https:\\\/\\\/fjala.info\\\/2009-2015\\\/?s={search_term_string}\"},\"query-input\":{\"@type\":\"PropertyValueSpecification\",\"valueRequired\":true,\"valueName\":\"search_term_string\"}}],\"inLanguage\":\"sq-AL\"},{\"@type\":\"Organization\",\"@id\":\"https:\\\/\\\/fjala.info\\\/2009-2015\\\/#organization\",\"name\":\"FjALA e LIR\u00cb - Arkivi\",\"url\":\"https:\\\/\\\/fjala.info\\\/2009-2015\\\/\",\"logo\":{\"@type\":\"ImageObject\",\"inLanguage\":\"sq-AL\",\"@id\":\"https:\\\/\\\/fjala.info\\\/2009-2015\\\/#\\\/schema\\\/logo\\\/image\\\/\",\"url\":\"\",\"contentUrl\":\"\",\"caption\":\"FjALA e LIR\u00cb - Arkivi\"},\"image\":{\"@id\":\"https:\\\/\\\/fjala.info\\\/2009-2015\\\/#\\\/schema\\\/logo\\\/image\\\/\"}},{\"@type\":\"Person\",\"@id\":\"https:\\\/\\\/fjala.info\\\/2009-2015\\\/#\\\/schema\\\/person\\\/3aa1163ef05469c496fc94e77611ada2\",\"name\":\"admin\",\"image\":{\"@type\":\"ImageObject\",\"inLanguage\":\"sq-AL\",\"@id\":\"https:\\\/\\\/fjala.info\\\/2009-2015\\\/wp-content\\\/uploads\\\/2012\\\/02\\\/arben_cokaj-120x150.jpg\",\"url\":\"https:\\\/\\\/fjala.info\\\/2009-2015\\\/wp-content\\\/uploads\\\/2012\\\/02\\\/arben_cokaj-120x150.jpg\",\"contentUrl\":\"https:\\\/\\\/fjala.info\\\/2009-2015\\\/wp-content\\\/uploads\\\/2012\\\/02\\\/arben_cokaj-120x150.jpg\",\"caption\":\"admin\"},\"description\":\"Admin, Fjala e Lir\u00eb\",\"sameAs\":[\"https:\\\/\\\/fjala.info\\\/\"],\"url\":\"https:\\\/\\\/fjala.info\\\/2009-2015\\\/author\\\/admin\\\/\"}]}<\/script>\n<!-- \/ Yoast SEO plugin. -->","yoast_head_json":{"title":"Nj\u00eb revolt\u00eb n\u00eb em\u00ebr t\u00eb f\u00ebmij\u00ebve t\u00eb ngujuar - FjALA e LIR\u00cb - Arkivi","robots":{"index":"index","follow":"follow","max-snippet":"max-snippet:-1","max-image-preview":"max-image-preview:large","max-video-preview":"max-video-preview:-1"},"canonical":"https:\/\/fjala.info\/2009-2015\/nje-revolte-ne-emer-te-femijeve-te-ngujuar\/","og_locale":"sq_AL","og_type":"article","og_title":"Nj\u00eb revolt\u00eb n\u00eb em\u00ebr t\u00eb f\u00ebmij\u00ebve t\u00eb ngujuar - FjALA e LIR\u00cb - Arkivi","og_description":"Mentor Kikia, 23.09.2011 Fenomeni i gjakmarrjes \u00ebsht\u00eb nj\u00eb tem\u00eb-magnet p\u00ebr gazetar\u00ebt. Zona veriore e vendit, ku fenomeni \u00ebsht\u00eb m\u00eb i pranish\u00ebm, konsiderohet, ve\u00e7an\u00ebrisht nga t\u00eb huajt, si nj\u00eb frigorifer gjigand ku koha ka ngrir\u00eb dhe ata kan\u00eb mund\u00ebsi t\u00eb shikojn\u00eb me syt\u00eb e tyre se si \u00ebsht\u00eb nj\u00eb shoq\u00ebri mesjetare. Sesi n\u00eb vend t\u00eb shtetit [&hellip;]","og_url":"https:\/\/fjala.info\/2009-2015\/nje-revolte-ne-emer-te-femijeve-te-ngujuar\/","og_site_name":"FjALA e LIR\u00cb - Arkivi","article_published_time":"2011-09-23T20:49:10+00:00","og_image":[{"url":"http:\/\/www.shkoder.net\/images\/fjala\/mentor_kikia.jpg","type":"","width":"","height":""}],"author":"admin","twitter_card":"summary_large_image","twitter_misc":{"Written by":"admin","Est. reading time":"8 minutes"},"schema":{"@context":"https:\/\/schema.org","@graph":[{"@type":"Article","@id":"https:\/\/fjala.info\/2009-2015\/nje-revolte-ne-emer-te-femijeve-te-ngujuar\/#article","isPartOf":{"@id":"https:\/\/fjala.info\/2009-2015\/nje-revolte-ne-emer-te-femijeve-te-ngujuar\/"},"author":{"name":"admin","@id":"https:\/\/fjala.info\/2009-2015\/#\/schema\/person\/3aa1163ef05469c496fc94e77611ada2"},"headline":"Nj\u00eb revolt\u00eb n\u00eb em\u00ebr t\u00eb f\u00ebmij\u00ebve t\u00eb ngujuar","datePublished":"2011-09-23T20:49:10+00:00","mainEntityOfPage":{"@id":"https:\/\/fjala.info\/2009-2015\/nje-revolte-ne-emer-te-femijeve-te-ngujuar\/"},"wordCount":1573,"commentCount":0,"publisher":{"@id":"https:\/\/fjala.info\/2009-2015\/#organization"},"image":{"@id":"https:\/\/fjala.info\/2009-2015\/nje-revolte-ne-emer-te-femijeve-te-ngujuar\/#primaryimage"},"thumbnailUrl":"http:\/\/www.shkoder.net\/images\/fjala\/mentor_kikia.jpg","articleSection":["Artikuj"],"inLanguage":"sq-AL","potentialAction":[{"@type":"CommentAction","name":"Comment","target":["https:\/\/fjala.info\/2009-2015\/nje-revolte-ne-emer-te-femijeve-te-ngujuar\/#respond"]}]},{"@type":"WebPage","@id":"https:\/\/fjala.info\/2009-2015\/nje-revolte-ne-emer-te-femijeve-te-ngujuar\/","url":"https:\/\/fjala.info\/2009-2015\/nje-revolte-ne-emer-te-femijeve-te-ngujuar\/","name":"Nj\u00eb revolt\u00eb n\u00eb em\u00ebr t\u00eb f\u00ebmij\u00ebve t\u00eb ngujuar - FjALA e LIR\u00cb - Arkivi","isPartOf":{"@id":"https:\/\/fjala.info\/2009-2015\/#website"},"primaryImageOfPage":{"@id":"https:\/\/fjala.info\/2009-2015\/nje-revolte-ne-emer-te-femijeve-te-ngujuar\/#primaryimage"},"image":{"@id":"https:\/\/fjala.info\/2009-2015\/nje-revolte-ne-emer-te-femijeve-te-ngujuar\/#primaryimage"},"thumbnailUrl":"http:\/\/www.shkoder.net\/images\/fjala\/mentor_kikia.jpg","datePublished":"2011-09-23T20:49:10+00:00","breadcrumb":{"@id":"https:\/\/fjala.info\/2009-2015\/nje-revolte-ne-emer-te-femijeve-te-ngujuar\/#breadcrumb"},"inLanguage":"sq-AL","potentialAction":[{"@type":"ReadAction","target":["https:\/\/fjala.info\/2009-2015\/nje-revolte-ne-emer-te-femijeve-te-ngujuar\/"]}]},{"@type":"ImageObject","inLanguage":"sq-AL","@id":"https:\/\/fjala.info\/2009-2015\/nje-revolte-ne-emer-te-femijeve-te-ngujuar\/#primaryimage","url":"http:\/\/www.shkoder.net\/images\/fjala\/mentor_kikia.jpg","contentUrl":"http:\/\/www.shkoder.net\/images\/fjala\/mentor_kikia.jpg"},{"@type":"BreadcrumbList","@id":"https:\/\/fjala.info\/2009-2015\/nje-revolte-ne-emer-te-femijeve-te-ngujuar\/#breadcrumb","itemListElement":[{"@type":"ListItem","position":1,"name":"Home","item":"https:\/\/fjala.info\/2009-2015\/"},{"@type":"ListItem","position":2,"name":"Nj\u00eb revolt\u00eb n\u00eb em\u00ebr t\u00eb f\u00ebmij\u00ebve t\u00eb ngujuar"}]},{"@type":"WebSite","@id":"https:\/\/fjala.info\/2009-2015\/#website","url":"https:\/\/fjala.info\/2009-2015\/","name":"FjALA e LIR\u00cb - Arkivi","description":"Arkivi 2009-2015","publisher":{"@id":"https:\/\/fjala.info\/2009-2015\/#organization"},"potentialAction":[{"@type":"SearchAction","target":{"@type":"EntryPoint","urlTemplate":"https:\/\/fjala.info\/2009-2015\/?s={search_term_string}"},"query-input":{"@type":"PropertyValueSpecification","valueRequired":true,"valueName":"search_term_string"}}],"inLanguage":"sq-AL"},{"@type":"Organization","@id":"https:\/\/fjala.info\/2009-2015\/#organization","name":"FjALA e LIR\u00cb - Arkivi","url":"https:\/\/fjala.info\/2009-2015\/","logo":{"@type":"ImageObject","inLanguage":"sq-AL","@id":"https:\/\/fjala.info\/2009-2015\/#\/schema\/logo\/image\/","url":"","contentUrl":"","caption":"FjALA e LIR\u00cb - Arkivi"},"image":{"@id":"https:\/\/fjala.info\/2009-2015\/#\/schema\/logo\/image\/"}},{"@type":"Person","@id":"https:\/\/fjala.info\/2009-2015\/#\/schema\/person\/3aa1163ef05469c496fc94e77611ada2","name":"admin","image":{"@type":"ImageObject","inLanguage":"sq-AL","@id":"https:\/\/fjala.info\/2009-2015\/wp-content\/uploads\/2012\/02\/arben_cokaj-120x150.jpg","url":"https:\/\/fjala.info\/2009-2015\/wp-content\/uploads\/2012\/02\/arben_cokaj-120x150.jpg","contentUrl":"https:\/\/fjala.info\/2009-2015\/wp-content\/uploads\/2012\/02\/arben_cokaj-120x150.jpg","caption":"admin"},"description":"Admin, Fjala e Lir\u00eb","sameAs":["https:\/\/fjala.info\/"],"url":"https:\/\/fjala.info\/2009-2015\/author\/admin\/"}]}},"_links":{"self":[{"href":"https:\/\/fjala.info\/2009-2015\/wp-json\/wp\/v2\/posts\/10605","targetHints":{"allow":["GET"]}}],"collection":[{"href":"https:\/\/fjala.info\/2009-2015\/wp-json\/wp\/v2\/posts"}],"about":[{"href":"https:\/\/fjala.info\/2009-2015\/wp-json\/wp\/v2\/types\/post"}],"author":[{"embeddable":true,"href":"https:\/\/fjala.info\/2009-2015\/wp-json\/wp\/v2\/users\/1"}],"replies":[{"embeddable":true,"href":"https:\/\/fjala.info\/2009-2015\/wp-json\/wp\/v2\/comments?post=10605"}],"version-history":[{"count":0,"href":"https:\/\/fjala.info\/2009-2015\/wp-json\/wp\/v2\/posts\/10605\/revisions"}],"wp:attachment":[{"href":"https:\/\/fjala.info\/2009-2015\/wp-json\/wp\/v2\/media?parent=10605"}],"wp:term":[{"taxonomy":"category","embeddable":true,"href":"https:\/\/fjala.info\/2009-2015\/wp-json\/wp\/v2\/categories?post=10605"},{"taxonomy":"post_tag","embeddable":true,"href":"https:\/\/fjala.info\/2009-2015\/wp-json\/wp\/v2\/tags?post=10605"}],"curies":[{"name":"wp","href":"https:\/\/api.w.org\/{rel}","templated":true}]}}