{"id":10603,"date":"2011-09-24T21:48:21","date_gmt":"2011-09-24T20:48:21","guid":{"rendered":"http:\/\/fjala.shkoder.net\/?p=10603"},"modified":"2011-09-24T21:48:21","modified_gmt":"2011-09-24T20:48:21","slug":"shqiperi-e-maqedonosur","status":"publish","type":"post","link":"https:\/\/fjala.info\/2009-2015\/shqiperi-e-maqedonosur\/","title":{"rendered":"Shqip\u00ebri e maqedonosur!!!"},"content":{"rendered":"<p>Nga <strong>Bledi Mane<\/strong>, <em>24.09.2011<\/em><\/p>\n<p>I kam fiksim, pasion, d\u00ebshir\u00eb\u2026alkimi t\u00eb brendshme i kam udh\u00ebtimet. M\u00eb japin energji dhe p\u00ebrshtatem e arg\u00ebtohem kudo q\u00eb shkoj. Nuk ka r\u00ebnd\u00ebsi n\u00ebse jam n\u00eb Montreal t\u00eb Kanadas\u00eb a n\u00eb Qatrom t\u00eb Kor\u00e7\u00ebs, Fierz\u00eb t\u00eb Tropoj\u00ebs a Kara\u00e7i t\u00eb Pakistanit, Mineapolis t\u00eb Minesot\u00ebs a V\u00ebrtop t\u00eb Beratit, un\u00eb do t\u00eb gjej m\u00ebnyrat si t\u00eb \u00e7lodhem e arg\u00ebtohem. M\u00eb p\u00eblqen t\u00eb takoj e flas me njer\u00ebz pavar\u00ebsisht se jan\u00eb hebrenj a \u00e7am\u00eb, pa buk\u00eb a me shkoll\u00eb, sunit\u00eb a prostituta. Dua t\u00eb marr m\u00eb t\u00eb mir\u00ebn e atij vendi q\u00eb vizitoj e natyrisht t\u00eb m\u00ebsoj e t\u2019i m\u00ebsoj gjindjes lokale \u00e7\u2019ka kemi t\u00eb dobishme q\u00eb na vlen t\u00eb gjith\u00ebve.<\/p>\n<p>Kam st\u00ebrudh\u00ebtuar aq shum\u00eb kur ndihmoja njer\u00ebzit t\u00eb emigronin jasht\u00eb Shqip\u00ebrie dhe m\u00eb besoni kur u them se nga udh\u00ebtimet jasht\u00eb a brenda k\u00ebtij vendi kam nx\u00ebn\u00eb m\u00eb tep\u00ebr se 19 vitet e shkollimit tim zyrtar. Edhe brenda Shqip\u00ebris\u00eb nuk mjaftohem vet\u00ebm me Tiran\u00ebn a rrethinat, por sa her\u00eb gjej koh\u00ebn, parat\u00eb dhe njer\u00ebzit e duhur marr tren, autobus, furgon a autostop rast\u00ebsor e nisem t\u00eb zbuloj ndonj\u00eb destinacion t\u00eb ri.<\/p>\n<p>Vet\u00ebm para pak dit\u00ebsh u ktheva n\u00eb Tiran\u00eb nga Jugu i Shqip\u00ebris\u00eb dhe rruga deri n\u00eb kufijt\u00eb e Mallakastr\u00ebs me Fierin m\u00eb ka brengosur dhe shqet\u00ebsuar aq shum\u00eb sa jam gati t\u2019i zhvishem nudo Fatmir Mediut n\u00eb shenj\u00eb proteste para ministris\u00eb q\u00eb drejton.<\/p>\n<p>Nuk po shkruaj sot p\u00ebr ndotjen legjendare t\u00eb mjedisit me naft\u00ebn e gazrat e Ballshit, as p\u00ebr boshtin e jugut q\u00eb nuk po mbaron s\u00eb nd\u00ebrtuari, as p\u00ebr togjet me plehra q\u00eb i gjejm\u00eb \u00e7do 300 metra si bajga lop\u00ebsh. Un\u00eb kam ardhur n\u00eb kryeqytet i kryeshokuar nga kryeshkat\u00ebrrimet q\u00eb u kemi b\u00ebr\u00eb pyjeve tona me kryezjarret q\u00eb kan\u00eb sh\u00ebmtuar s\u00ebmursh\u00ebm p\u00ebrfundimisht mushk\u00ebrit\u00eb e natyr\u00ebs dhe mushk\u00ebrit\u00eb tona.<br \/>\nTentoni t\u00eb hapni programin Google Earth n\u00eb kompjuterin tuaj dhe \u00e7do dit\u00eb shikoni tek update-ohet ngjyra bezh\u00eb e gjelb\u00ebrimit t\u00eb dikursh\u00ebm mbi Shqip\u00ebri. Nuk jan\u00eb pyje t\u00eb zhveshura nga vjeshta, jan\u00eb sip\u00ebrfaqe mij\u00ebra hektar\u00ebshe t\u00eb zhuritura nga dora e humanit q\u00eb tejzgjaten si metastaza deri aty ku tkurret edhe kufiri shtet\u00ebror administrativ i Republik\u00ebs s\u00eb Shqip\u00ebris\u00eb.<\/p>\n<p>M\u00eb p\u00eblqen kjo luft\u00eb e jona hakmarr\u00ebse me natyr\u00ebn. Pasi rrahim grat\u00eb e motrat te sht\u00ebpia, pasi kemi vrar\u00eb me TT at\u00eb tipin p\u00ebrball\u00eb q\u00eb na pa v\u00ebng\u00ebr, pasi kemi p\u00ebrdhunuar mbesa, nip\u00ebr, kuti votimi, kunata apo komshie, pasi kemi vjedhur edhe gur\u00ebt e lumit edhe ushqimin e spitaleve, kemi tenderosur ndonj\u00eb rrug\u00eb a ur\u00eb q\u00eb s\u2019ka p\u00ebr tu nd\u00ebrtuar kurr\u00eb, i jemi kthyer luft\u00ebs finale. Do ia nxim\u00eb jet\u00ebn edhe Mami Natyr\u00ebs deri sa t\u2019ia shk\u00ebrfitim koren e tok\u00ebs a t\u2019i thajm\u00eb rr\u00ebnj\u00ebt e pem\u00ebve nd\u00ebrkoh\u00eb duke mos u len\u00eb t\u00eb ardhme pasardh\u00ebsve tan\u00eb, at\u00ebher\u00eb do t\u00eb vdesim t\u00eb qet\u00eb.<\/p>\n<p>Atdheu im m\u00eb dhimbset, m\u00eb duket si pul\u00eb e rrjepur Bulqize tek \u00e7okit me sqep mbi glas\u00ebn e vet sa p\u00ebr t\u00eb ngr\u00ebn\u00eb di\u00e7ka, sa p\u00ebr mbijetes\u00eb. Si pul\u00eb e rrethuar n\u00eb nj\u00eb kotec t\u00eb ndotur me rrjeta teli, izoluar p\u00ebr t\u00eb mos infektuar pulat e sh\u00ebndetshme komshije.<\/p>\n<p>Ia shkat\u00ebrruam jo vet\u00ebm vlerat shpirt\u00ebrore e historike k\u00ebtij vendi, por tashm\u00eb me shkat\u00ebrrimet mjedisore harbute vulosim p\u00ebrfundimisht munges\u00ebn e identitetit komb\u00ebtar evropian, ndjesin\u00eb elementare t\u00eb t\u00eb qenit human\u00eb me logjik\u00eb bazike.<\/p>\n<p>MST: Tu them di\u00e7ka? Reagoni ashp\u00ebr me mua po t\u00eb doni!<br \/>\nKemi blasfemosur dhe katranosur mbret\u00ebrimin e Ahmet burrelsit dhe akuzave p\u00ebr diktator e borgjez u kemi shtuar edhe akuz\u00ebn e tradhtis\u00eb. Iku bishtshalosur m\u00eb 7 prill \u201939 dhe i shiti Jugosllavis\u00eb tok\u00ebn ton\u00eb. Historiografia jon\u00eb na tregon q\u00eb Sh\u00ebn Naumin e bekuar buz\u00eb liqenit t\u00eb Ohrit ua dha si shp\u00ebrblim fqinj\u00ebve m\u00eb 1924 e tashm\u00eb k\u00ebt\u00eb perl\u00eb e g\u00ebzon Maqedonia.<\/p>\n<p>Imagjinoni dot sikur Sh\u00ebn Naumi t\u00eb ishte n\u00eb an\u00ebn ton\u00eb, sa nd\u00ebrtime pa leje do t\u00eb kishte, sa i ndotur do t\u00eb ishte, sa pallate do hidhnin shtat dhe sa pem\u00eb do t\u00eb kishim sharruar? Sa skerdilajdkonom\u00ebr do t\u00eb tritoloheshin n\u00ebse do t\u00eb k\u00ebrkonin pronat e ligjshme, sa mal\u00ebsor\u00eb e jugor\u00eb n\u00ebnt\u00ebdhjet\u00ebeshtat\u00ebsha do kishin zaptuar troje, sa qofte do t\u00eb haheshin, sa shurr\u00eb e sa t\u00eb dhjera do t\u00eb notonin mbi at\u00eb bregliqenas\u2026m\u00eb thoni t\u00eb v\u00ebrtet\u00ebn! A s\u2019shp\u00ebtoi mrekullisht Sh\u00ebn Naumi i bekuar se edhe manastirin do e kishim b\u00ebr\u00eb nevojtore si vila e Mehmet Shehut n\u00eb Vlor\u00eb?<\/p>\n<p>Nd\u00ebrsa u kujtoj ju t\u00eb dashur lexues Sh\u00ebn Naumin e Maqedonis\u00eb, p\u00ebr vete kujtoj prezantimin ekselent t\u00eb Maqedonis\u00eb n\u00eb Kampionatin Evropian t\u00eb Basketbollit p\u00ebr Meshkuj Lituani 2011. Ishte skuadra m\u00eb simpatike dhe surpriz\u00eb, e cila u rendit e kat\u00ebrta n\u00eb kontinent. U kthyen \u201cLuan\u00ebt e Kuq\u201d (jo komunist\u00eb) n\u00eb Shkup mes nj\u00eb pritjeje madh\u00ebshtore spontane, m\u00eb e bukur se ajo q\u00eb fush\u00ebkrujasit i b\u00ebn George W.Bush-it. Ne edhe pesh\u00ebngrit\u00ebsit q\u00eb i kemi elitar\u00eb rekordmen\u00eb i nisim n\u00ebp\u00ebr kampionate nd\u00ebrkomb\u00ebtare me buk\u00eb me vete me djath\u00eb, xaxiq e qep\u00eb t\u00eb njoma duke ua p\u00ebrlar\u00eb dietat dhe parat\u00eb q\u00eb meritojn\u00eb.<\/p>\n<p>Maqedonasit, fqinj\u00ebt tan\u00eb lindor\u00eb e nis\u00ebn historin\u00eb moderne si nj\u00eb shtet multietnik sharlatan dhe i sforcuar gjeopolitikisht m\u00eb 1991, por po stabilizohen fuqish\u00ebm e kan\u00eb nj\u00eb krenari e egocentriz\u00ebm q\u00eb t\u00ebrbon jo vet\u00ebm Athin\u00ebn e Sofjen, por her\u00eb-her\u00eb edhe Brukselin dhe Washingtonin pa ven\u00eb n\u00eb refene Tiran\u00eb e Prishtin\u00eb.<\/p>\n<p>Shpenzojn\u00eb miliona euro p\u00ebr t\u00eb nd\u00ebrtuar vepra arti klasike duke tjet\u00ebrsuar identitete helen\u00ebsh e thrak\u00ebsh, nd\u00ebrsa ne presim t\u00eb kalojm\u00eb n\u00eb orgaz\u00ebm n\u00ebse prishet ose jo Piramida. Tallen me origjin\u00ebn e Shenj\u00ebtores shkupiane Gonxhe Bojaxhi e ia shkat\u00ebrruan sht\u00ebpin\u00eb e lindjes, nd\u00ebrkoh\u00eb q\u00eb ne e avokatojm\u00eb katoliken N\u00ebn\u00eb Terez\u00eb me musliman\u00ebt shqiptar\u00eb t\u00eb \u00c7arshis\u00eb q\u00eb flasin turqisht.<\/p>\n<p>Prezantohen bukur e thjesht\u00eb n\u00ebp\u00ebr festivalet e k\u00ebng\u00ebs s\u00eb Eurovizionit nd\u00ebrsa ne \u00e7ojm\u00eb ala Aurela Ga\u00e7en me k\u00ebng\u00eb shqiponjash si t\u00eb jet\u00eb laraska hutaqe e reklam\u00ebs riniring. Ne mburremi me Nato-n ku na futi Amerika nat\u00ebn fshehurazi, fqinj\u00ebt tan\u00eb ia plas\u00ebn buz\u00ebn Greqis\u00eb dhe nuk ndryshojn\u00eb as q\u00ebndrim as em\u00ebr republike.<\/p>\n<p>E kan\u00eb b\u00ebr\u00eb Shqip\u00ebrin\u00eb treg masiv ku shesin tranguj, patillxhan\u00eb, lop\u00eb, vi\u00e7a, heroin\u00eb, xhel flok\u00ebsh, patatina dhe euro fallco, nd\u00ebrsa ne mburremi se kemi prodhime bio t\u00eb cilat s\u2019i ham\u00eb as vet\u00eb. B\u00ebjn\u00eb zgjedhje lokale e parlamentare para ose n\u00eb koh\u00eb dhe pas p\u00ebrfundimit pal\u00ebt pranojn\u00eb n\u00eb heshtje rezultatet e shikojn\u00eb pun\u00ebn e tyre n\u00eb jan\u00eb opozit\u00eb apo qeveris\u00ebsa.<br \/>\nK\u00ebtij i them shtet un\u00eb q\u00eb edhe shqiptarizmin e atjesh\u00ebm e kan\u00eb p\u00ebr\u00e7ar\u00eb dhe e kojn\u00eb me kocka t\u00eb vogla sa p\u00ebr tu l\u00ebpir\u00eb e mos t\u00eb ankohet n\u00eb Bruksel.<\/p>\n<p>U shkruajn\u00eb marr\u00ebveshje ohrash vet\u00ebm n\u00ebp\u00ebr letra dhe i tundojn\u00eb pak e nga pak \u00e7do dekad\u00eb duke ua dh\u00ebn\u00eb me pikatore t\u00eb drejtat shqiptare. I k\u00ebnaqin me pak sepse ua (na i) kan\u00eb lexuar prej shekujsh mendjen shqiptar\u00ebve. Nuk duan ta p\u00ebsojn\u00eb si Amerika me kubanez\u00ebt gjat\u00eb depresionit t\u00eb madh t\u00eb 1929\u2026 Sa larg shkoj dhe un\u00eb me k\u00ebto krahasime. E kan\u00eb Shqip\u00ebrin\u00eb n\u00eb per\u00ebndim t\u00eb tyre dhe e shikojn\u00eb sesi k\u00ebtu per\u00ebndon \u00e7do vler\u00eb \u00e7do dit\u00eb, \u00e7do minut\u00eb\u2026<\/p>\n<p><em>facebook.com\/bledi.mane<\/em><\/p>\n","protected":false},"excerpt":{"rendered":"<p>Nga Bledi Mane, 24.09.2011 I kam fiksim, pasion, d\u00ebshir\u00eb\u2026alkimi t\u00eb brendshme i kam udh\u00ebtimet. M\u00eb japin energji dhe p\u00ebrshtatem e arg\u00ebtohem kudo q\u00eb shkoj. Nuk ka r\u00ebnd\u00ebsi n\u00ebse jam n\u00eb Montreal t\u00eb Kanadas\u00eb a n\u00eb Qatrom t\u00eb Kor\u00e7\u00ebs, Fierz\u00eb t\u00eb Tropoj\u00ebs a Kara\u00e7i t\u00eb Pakistanit, Mineapolis t\u00eb Minesot\u00ebs a V\u00ebrtop t\u00eb Beratit, un\u00eb do t\u00eb [&hellip;]<\/p>\n","protected":false},"author":1,"featured_media":0,"comment_status":"open","ping_status":"closed","sticky":false,"template":"","format":"standard","meta":{"footnotes":""},"categories":[2],"tags":[],"class_list":{"0":"post-10603","1":"post","2":"type-post","3":"status-publish","4":"format-standard","6":"category-artikuj"},"yoast_head":"<!-- This site is optimized with the Yoast SEO plugin v27.4 - https:\/\/yoast.com\/product\/yoast-seo-wordpress\/ -->\n<title>Shqip\u00ebri e maqedonosur!!! - FjALA e LIR\u00cb - Arkivi<\/title>\n<meta name=\"robots\" content=\"index, follow, max-snippet:-1, max-image-preview:large, max-video-preview:-1\" \/>\n<link rel=\"canonical\" href=\"https:\/\/fjala.info\/2009-2015\/shqiperi-e-maqedonosur\/\" \/>\n<meta property=\"og:locale\" content=\"sq_AL\" \/>\n<meta property=\"og:type\" content=\"article\" \/>\n<meta property=\"og:title\" content=\"Shqip\u00ebri e maqedonosur!!! - FjALA e LIR\u00cb - Arkivi\" \/>\n<meta property=\"og:description\" content=\"Nga Bledi Mane, 24.09.2011 I kam fiksim, pasion, d\u00ebshir\u00eb\u2026alkimi t\u00eb brendshme i kam udh\u00ebtimet. M\u00eb japin energji dhe p\u00ebrshtatem e arg\u00ebtohem kudo q\u00eb shkoj. Nuk ka r\u00ebnd\u00ebsi n\u00ebse jam n\u00eb Montreal t\u00eb Kanadas\u00eb a n\u00eb Qatrom t\u00eb Kor\u00e7\u00ebs, Fierz\u00eb t\u00eb Tropoj\u00ebs a Kara\u00e7i t\u00eb Pakistanit, Mineapolis t\u00eb Minesot\u00ebs a V\u00ebrtop t\u00eb Beratit, un\u00eb do t\u00eb [&hellip;]\" \/>\n<meta property=\"og:url\" content=\"https:\/\/fjala.info\/2009-2015\/shqiperi-e-maqedonosur\/\" \/>\n<meta property=\"og:site_name\" content=\"FjALA e LIR\u00cb - Arkivi\" \/>\n<meta property=\"article:published_time\" content=\"2011-09-24T20:48:21+00:00\" \/>\n<meta name=\"author\" content=\"admin\" \/>\n<meta name=\"twitter:card\" content=\"summary_large_image\" \/>\n<meta name=\"twitter:label1\" content=\"Written by\" \/>\n\t<meta name=\"twitter:data1\" content=\"admin\" \/>\n\t<meta name=\"twitter:label2\" content=\"Est. reading time\" \/>\n\t<meta name=\"twitter:data2\" content=\"7 minutes\" \/>\n<script type=\"application\/ld+json\" class=\"yoast-schema-graph\">{\"@context\":\"https:\\\/\\\/schema.org\",\"@graph\":[{\"@type\":\"Article\",\"@id\":\"https:\\\/\\\/fjala.info\\\/2009-2015\\\/shqiperi-e-maqedonosur\\\/#article\",\"isPartOf\":{\"@id\":\"https:\\\/\\\/fjala.info\\\/2009-2015\\\/shqiperi-e-maqedonosur\\\/\"},\"author\":{\"name\":\"admin\",\"@id\":\"https:\\\/\\\/fjala.info\\\/2009-2015\\\/#\\\/schema\\\/person\\\/3aa1163ef05469c496fc94e77611ada2\"},\"headline\":\"Shqip\u00ebri e maqedonosur!!!\",\"datePublished\":\"2011-09-24T20:48:21+00:00\",\"mainEntityOfPage\":{\"@id\":\"https:\\\/\\\/fjala.info\\\/2009-2015\\\/shqiperi-e-maqedonosur\\\/\"},\"wordCount\":1345,\"commentCount\":0,\"publisher\":{\"@id\":\"https:\\\/\\\/fjala.info\\\/2009-2015\\\/#organization\"},\"articleSection\":[\"Artikuj\"],\"inLanguage\":\"sq-AL\",\"potentialAction\":[{\"@type\":\"CommentAction\",\"name\":\"Comment\",\"target\":[\"https:\\\/\\\/fjala.info\\\/2009-2015\\\/shqiperi-e-maqedonosur\\\/#respond\"]}]},{\"@type\":\"WebPage\",\"@id\":\"https:\\\/\\\/fjala.info\\\/2009-2015\\\/shqiperi-e-maqedonosur\\\/\",\"url\":\"https:\\\/\\\/fjala.info\\\/2009-2015\\\/shqiperi-e-maqedonosur\\\/\",\"name\":\"Shqip\u00ebri e maqedonosur!!! - FjALA e LIR\u00cb - Arkivi\",\"isPartOf\":{\"@id\":\"https:\\\/\\\/fjala.info\\\/2009-2015\\\/#website\"},\"datePublished\":\"2011-09-24T20:48:21+00:00\",\"breadcrumb\":{\"@id\":\"https:\\\/\\\/fjala.info\\\/2009-2015\\\/shqiperi-e-maqedonosur\\\/#breadcrumb\"},\"inLanguage\":\"sq-AL\",\"potentialAction\":[{\"@type\":\"ReadAction\",\"target\":[\"https:\\\/\\\/fjala.info\\\/2009-2015\\\/shqiperi-e-maqedonosur\\\/\"]}]},{\"@type\":\"BreadcrumbList\",\"@id\":\"https:\\\/\\\/fjala.info\\\/2009-2015\\\/shqiperi-e-maqedonosur\\\/#breadcrumb\",\"itemListElement\":[{\"@type\":\"ListItem\",\"position\":1,\"name\":\"Home\",\"item\":\"https:\\\/\\\/fjala.info\\\/2009-2015\\\/\"},{\"@type\":\"ListItem\",\"position\":2,\"name\":\"Shqip\u00ebri e maqedonosur!!!\"}]},{\"@type\":\"WebSite\",\"@id\":\"https:\\\/\\\/fjala.info\\\/2009-2015\\\/#website\",\"url\":\"https:\\\/\\\/fjala.info\\\/2009-2015\\\/\",\"name\":\"FjALA e LIR\u00cb - Arkivi\",\"description\":\"Arkivi 2009-2015\",\"publisher\":{\"@id\":\"https:\\\/\\\/fjala.info\\\/2009-2015\\\/#organization\"},\"potentialAction\":[{\"@type\":\"SearchAction\",\"target\":{\"@type\":\"EntryPoint\",\"urlTemplate\":\"https:\\\/\\\/fjala.info\\\/2009-2015\\\/?s={search_term_string}\"},\"query-input\":{\"@type\":\"PropertyValueSpecification\",\"valueRequired\":true,\"valueName\":\"search_term_string\"}}],\"inLanguage\":\"sq-AL\"},{\"@type\":\"Organization\",\"@id\":\"https:\\\/\\\/fjala.info\\\/2009-2015\\\/#organization\",\"name\":\"FjALA e LIR\u00cb - Arkivi\",\"url\":\"https:\\\/\\\/fjala.info\\\/2009-2015\\\/\",\"logo\":{\"@type\":\"ImageObject\",\"inLanguage\":\"sq-AL\",\"@id\":\"https:\\\/\\\/fjala.info\\\/2009-2015\\\/#\\\/schema\\\/logo\\\/image\\\/\",\"url\":\"\",\"contentUrl\":\"\",\"caption\":\"FjALA e LIR\u00cb - Arkivi\"},\"image\":{\"@id\":\"https:\\\/\\\/fjala.info\\\/2009-2015\\\/#\\\/schema\\\/logo\\\/image\\\/\"}},{\"@type\":\"Person\",\"@id\":\"https:\\\/\\\/fjala.info\\\/2009-2015\\\/#\\\/schema\\\/person\\\/3aa1163ef05469c496fc94e77611ada2\",\"name\":\"admin\",\"image\":{\"@type\":\"ImageObject\",\"inLanguage\":\"sq-AL\",\"@id\":\"https:\\\/\\\/fjala.info\\\/2009-2015\\\/wp-content\\\/uploads\\\/2012\\\/02\\\/arben_cokaj-120x150.jpg\",\"url\":\"https:\\\/\\\/fjala.info\\\/2009-2015\\\/wp-content\\\/uploads\\\/2012\\\/02\\\/arben_cokaj-120x150.jpg\",\"contentUrl\":\"https:\\\/\\\/fjala.info\\\/2009-2015\\\/wp-content\\\/uploads\\\/2012\\\/02\\\/arben_cokaj-120x150.jpg\",\"caption\":\"admin\"},\"description\":\"Admin, Fjala e Lir\u00eb\",\"sameAs\":[\"https:\\\/\\\/fjala.info\\\/\"],\"url\":\"https:\\\/\\\/fjala.info\\\/2009-2015\\\/author\\\/admin\\\/\"}]}<\/script>\n<!-- \/ Yoast SEO plugin. -->","yoast_head_json":{"title":"Shqip\u00ebri e maqedonosur!!! - FjALA e LIR\u00cb - Arkivi","robots":{"index":"index","follow":"follow","max-snippet":"max-snippet:-1","max-image-preview":"max-image-preview:large","max-video-preview":"max-video-preview:-1"},"canonical":"https:\/\/fjala.info\/2009-2015\/shqiperi-e-maqedonosur\/","og_locale":"sq_AL","og_type":"article","og_title":"Shqip\u00ebri e maqedonosur!!! - FjALA e LIR\u00cb - Arkivi","og_description":"Nga Bledi Mane, 24.09.2011 I kam fiksim, pasion, d\u00ebshir\u00eb\u2026alkimi t\u00eb brendshme i kam udh\u00ebtimet. M\u00eb japin energji dhe p\u00ebrshtatem e arg\u00ebtohem kudo q\u00eb shkoj. Nuk ka r\u00ebnd\u00ebsi n\u00ebse jam n\u00eb Montreal t\u00eb Kanadas\u00eb a n\u00eb Qatrom t\u00eb Kor\u00e7\u00ebs, Fierz\u00eb t\u00eb Tropoj\u00ebs a Kara\u00e7i t\u00eb Pakistanit, Mineapolis t\u00eb Minesot\u00ebs a V\u00ebrtop t\u00eb Beratit, un\u00eb do t\u00eb [&hellip;]","og_url":"https:\/\/fjala.info\/2009-2015\/shqiperi-e-maqedonosur\/","og_site_name":"FjALA e LIR\u00cb - Arkivi","article_published_time":"2011-09-24T20:48:21+00:00","author":"admin","twitter_card":"summary_large_image","twitter_misc":{"Written by":"admin","Est. reading time":"7 minutes"},"schema":{"@context":"https:\/\/schema.org","@graph":[{"@type":"Article","@id":"https:\/\/fjala.info\/2009-2015\/shqiperi-e-maqedonosur\/#article","isPartOf":{"@id":"https:\/\/fjala.info\/2009-2015\/shqiperi-e-maqedonosur\/"},"author":{"name":"admin","@id":"https:\/\/fjala.info\/2009-2015\/#\/schema\/person\/3aa1163ef05469c496fc94e77611ada2"},"headline":"Shqip\u00ebri e maqedonosur!!!","datePublished":"2011-09-24T20:48:21+00:00","mainEntityOfPage":{"@id":"https:\/\/fjala.info\/2009-2015\/shqiperi-e-maqedonosur\/"},"wordCount":1345,"commentCount":0,"publisher":{"@id":"https:\/\/fjala.info\/2009-2015\/#organization"},"articleSection":["Artikuj"],"inLanguage":"sq-AL","potentialAction":[{"@type":"CommentAction","name":"Comment","target":["https:\/\/fjala.info\/2009-2015\/shqiperi-e-maqedonosur\/#respond"]}]},{"@type":"WebPage","@id":"https:\/\/fjala.info\/2009-2015\/shqiperi-e-maqedonosur\/","url":"https:\/\/fjala.info\/2009-2015\/shqiperi-e-maqedonosur\/","name":"Shqip\u00ebri e maqedonosur!!! - FjALA e LIR\u00cb - Arkivi","isPartOf":{"@id":"https:\/\/fjala.info\/2009-2015\/#website"},"datePublished":"2011-09-24T20:48:21+00:00","breadcrumb":{"@id":"https:\/\/fjala.info\/2009-2015\/shqiperi-e-maqedonosur\/#breadcrumb"},"inLanguage":"sq-AL","potentialAction":[{"@type":"ReadAction","target":["https:\/\/fjala.info\/2009-2015\/shqiperi-e-maqedonosur\/"]}]},{"@type":"BreadcrumbList","@id":"https:\/\/fjala.info\/2009-2015\/shqiperi-e-maqedonosur\/#breadcrumb","itemListElement":[{"@type":"ListItem","position":1,"name":"Home","item":"https:\/\/fjala.info\/2009-2015\/"},{"@type":"ListItem","position":2,"name":"Shqip\u00ebri e maqedonosur!!!"}]},{"@type":"WebSite","@id":"https:\/\/fjala.info\/2009-2015\/#website","url":"https:\/\/fjala.info\/2009-2015\/","name":"FjALA e LIR\u00cb - Arkivi","description":"Arkivi 2009-2015","publisher":{"@id":"https:\/\/fjala.info\/2009-2015\/#organization"},"potentialAction":[{"@type":"SearchAction","target":{"@type":"EntryPoint","urlTemplate":"https:\/\/fjala.info\/2009-2015\/?s={search_term_string}"},"query-input":{"@type":"PropertyValueSpecification","valueRequired":true,"valueName":"search_term_string"}}],"inLanguage":"sq-AL"},{"@type":"Organization","@id":"https:\/\/fjala.info\/2009-2015\/#organization","name":"FjALA e LIR\u00cb - Arkivi","url":"https:\/\/fjala.info\/2009-2015\/","logo":{"@type":"ImageObject","inLanguage":"sq-AL","@id":"https:\/\/fjala.info\/2009-2015\/#\/schema\/logo\/image\/","url":"","contentUrl":"","caption":"FjALA e LIR\u00cb - Arkivi"},"image":{"@id":"https:\/\/fjala.info\/2009-2015\/#\/schema\/logo\/image\/"}},{"@type":"Person","@id":"https:\/\/fjala.info\/2009-2015\/#\/schema\/person\/3aa1163ef05469c496fc94e77611ada2","name":"admin","image":{"@type":"ImageObject","inLanguage":"sq-AL","@id":"https:\/\/fjala.info\/2009-2015\/wp-content\/uploads\/2012\/02\/arben_cokaj-120x150.jpg","url":"https:\/\/fjala.info\/2009-2015\/wp-content\/uploads\/2012\/02\/arben_cokaj-120x150.jpg","contentUrl":"https:\/\/fjala.info\/2009-2015\/wp-content\/uploads\/2012\/02\/arben_cokaj-120x150.jpg","caption":"admin"},"description":"Admin, Fjala e Lir\u00eb","sameAs":["https:\/\/fjala.info\/"],"url":"https:\/\/fjala.info\/2009-2015\/author\/admin\/"}]}},"_links":{"self":[{"href":"https:\/\/fjala.info\/2009-2015\/wp-json\/wp\/v2\/posts\/10603","targetHints":{"allow":["GET"]}}],"collection":[{"href":"https:\/\/fjala.info\/2009-2015\/wp-json\/wp\/v2\/posts"}],"about":[{"href":"https:\/\/fjala.info\/2009-2015\/wp-json\/wp\/v2\/types\/post"}],"author":[{"embeddable":true,"href":"https:\/\/fjala.info\/2009-2015\/wp-json\/wp\/v2\/users\/1"}],"replies":[{"embeddable":true,"href":"https:\/\/fjala.info\/2009-2015\/wp-json\/wp\/v2\/comments?post=10603"}],"version-history":[{"count":0,"href":"https:\/\/fjala.info\/2009-2015\/wp-json\/wp\/v2\/posts\/10603\/revisions"}],"wp:attachment":[{"href":"https:\/\/fjala.info\/2009-2015\/wp-json\/wp\/v2\/media?parent=10603"}],"wp:term":[{"taxonomy":"category","embeddable":true,"href":"https:\/\/fjala.info\/2009-2015\/wp-json\/wp\/v2\/categories?post=10603"},{"taxonomy":"post_tag","embeddable":true,"href":"https:\/\/fjala.info\/2009-2015\/wp-json\/wp\/v2\/tags?post=10603"}],"curies":[{"name":"wp","href":"https:\/\/api.w.org\/{rel}","templated":true}]}}