{"id":10601,"date":"2011-09-24T21:28:39","date_gmt":"2011-09-24T20:28:39","guid":{"rendered":"http:\/\/fjala.shkoder.net\/?p=10601"},"modified":"2011-09-24T21:28:39","modified_gmt":"2011-09-24T20:28:39","slug":"integrim-me-elementet-tona-kombetare","status":"publish","type":"post","link":"https:\/\/fjala.info\/2009-2015\/integrim-me-elementet-tona-kombetare\/","title":{"rendered":"INTEGRIM ME ELEMENTET TONA KOMBETARE"},"content":{"rendered":"<p><img decoding=\"async\" class=\"alignright size-thumbnail wp-image-7236\" title=\"Zef Mulaj\" src=\"http:\/\/www.shkoder.net\/images\/fjala\/2011\/zef_mulaj2.jpg\" alt=\"\" width=\"150\" \/> <strong>Zef Mulaj<\/strong><\/p>\n<p>(<em>\u00e7do gj\u00eb n\u00eb shoq\u00ebrit\u00eb njer\u00ebzore ka nj\u00eb \u00e7mim<\/em>)<\/p>\n<p>Kjo fjal\u00eb shum e p\u00ebrdorur n\u00eb ditet tona.\u00cbsht\u00eb b\u00ebre dominate n\u00eb m\u00ebndimin dhe psikologjin e sejcilit shqiptare.Deri tek emra partish politike g\u00ebzojn fjalen integrim. N\u00eb imagjinat\u00ebn e njerezve shihet nj\u00eb arritje e madhe, por edhe me t\u00eb v\u00ebrtet\u00eb k\u00ebshtu do jete.Por si e kuptojn, dhe si e konceptojn njerzit, politika, shteti integrimin e nj\u00eb vendi n\u00eb konceptin filozofik dhe shoqerore. P\u00ebrdoret pa kriter dhe pa shpegime t\u00eb domosdoshme p\u00ebr njerzit si Shqiperia. Pjesa m\u00eb e madhe e konceptojn\u00eb n\u00eb m\u00ebnyra t\u00eb ndryshme, n\u00eb ralitet edhe vet\u00eb ata q\u00eb jan t\u00eb angazhuar n\u00eb kete aspekt nuk jan n\u00eb gjendje t\u00eb thon njerzeve realitetin.<\/p>\n<p><em>Cilat jan elementet e nj\u00eb integrimi t\u00eb nj\u00eb kombi me kombe t\u00eb tjera?<\/em><br \/>\n\u00c7do komb dallohet nga nj\u00eb tjeter nga ndryshimet n\u00eb mes tyre. Si gjuha, kultura, morali, sistemi politik, ekonomik, nga besimi fetare, nga natyra ku jan t\u00eb vendosur njerzit, m\u00ebnyra e jeteses, niveli i saje. Nj\u00eb nga dallimet me themelore jan ato gjenetike(Kjo b\u00ebn bazen e egzistences t\u00eb nj\u00eb kombi). Kur nj\u00eb popull humb elementin gjenetike n\u00eb menyre graduale p\u00ebr motive t\u00eb ndryshme qon n\u00eb humjen e tipareve dhe elemeteve t\u00eb nj\u00eb kombi.<\/p>\n<p>Cilet jan\u00eb faktor\u00ebt ndikues?<\/p>\n<p>&#8211; Jan varferia, analfabetizmi, pasiguria p\u00ebr jeten, m\u00ebnyrat e jeteses, krimi, korrupsioni shtetror,\u00a0 pa drejtsia shoqerore, degradimi i ambientit, i kultures i historis, ndrimit t\u00eb besimit fetar me force, s\u00ebmundjet. Emigrimet masive. Prostitucioni, i lidhur me jashte, droga n\u00eb stil t\u00eb gjan n\u00eb shoq\u00ebri, si n\u00eb perdorim, dhe tregtim. Morali i dobet i shtetit dhe ligie n\u00eb veprim. Diferencat e m\u00ebdha n\u00eb jeten ekonomike n\u00eb mes njerzve, dhe shum faktor t\u00eb tjere. Nd\u00ebrsa n\u00eb faktoret dominus dhe agresiv jan:<\/p>\n<p>&#8211; Ato q\u00eb vin nga element percaktues nga nj\u00eb komb tjeter. Kur elemtet komb\u00ebtare t\u00eb nj\u00eb kombi b\u00ebhen t\u00eb pa vlefshme per kombin, at\u00ebhere elementet e nj\u00eb kombi tjeter fillojn t\u00eb b\u00ebhen dominuese mbi kombin. N\u00eb k\u00ebto elemete hyne:<br \/>\n&#8211; Ekonomia, politika kultura, dhuna psikologjike n\u00eb konsumizmin dhe shtrirjen e tregjeve t\u00eb hueja\u00a0 duke ulur vlerat e elementev\u00eb t\u00eb kombit( Si ushqimi, barnat, prodhimi i planifikuar psikologjik, bankat, dhe dh\u00ebnjet n\u00eb koncesione te gjata. Dhe kur k\u00ebto kaloj 30%, at\u00ebher\u00eb nisin t\u00eb veprojn n\u00eb jet\u00ebn e nj\u00eb shoq\u00ebrije duke kufizuar zhvillimin e elemnteve fiziologjike t\u00eb nj\u00eb vendi n\u00eb b\u00ebrthamat e r\u00ebndsishme t\u00eb vete kombit. Kur progresi sjelle d\u00ebme n\u00eb elementet gjenetike jetsore t\u00eb nj\u00eb kombi ai kthehet n\u00eb regres drastik i ngadalt\u00eb, me pasoja t\u00eb r\u00ebnda shoqerore.<\/p>\n<p>Kriza e sotme ekonomike q\u00eb ka mb\u00ebrthyer pjesen e botes \u00ebshte nj\u00eb kriz\u00eb e thell\u00eb e elemnteve organizative e politike t\u00eb vet sistemit kapitalist, rregullave demokratike. Pa p\u00ebrmirsimin e tyre nuk do kete ndryshim, k\u00ebte e thon vet\u00eb vendet e zhvilluera kapitaliste duke b\u00ebre dhe kritika t\u00eb thella. Pik\u00ebrisht sot ShBA dhe vete Bashkimi Europian po k\u00ebrkojn rruge t\u00eb reja n\u00eb p\u00ebrmirsimin e<br \/>\nsistemit kapitalist e demokratik ekonomik.<\/p>\n<p>Nj\u00eb pjes e k\u00ebtyre pasojave jan elemte t\u00eb pa njohura, dhe nj\u00eb pjes tjeter jan spekulimet n\u00eb sitemin ekonomik. Po sote Bashkimi Europin po shqyrton difektet dhe gabimet q\u00eb d\u00ebrguan n\u00eb krize, dhe pa ndryshim nuk do kete egzistenc\u00eb t\u00eb sigurte. Po k\u00ebrkojn rrug\u00eb t\u00eb reja n\u00eb ecjen e e kapitalizmit ekonomik e politik.Jan\u00eb gjendje t\u00eb pa parashikuera t\u00eb evolucionit.<\/p>\n<p>Por \u00e7far do thote integrim?<\/p>\n<p>&#8211; T\u00eb bashkjetosh n\u00eb nj\u00eb diversitet t\u00eb gjithanshem por t\u00eb barabarte n\u00eb mes njerzve e shoqerive. T\u00eb njohish, t\u00eb shkembejsh pervoja, esperienca komtare ekonomike e politike, nuk do te thote: &#8220;t\u00eb shkojm n\u00eb Europ\u00eb\u201d sic e perdorin sharlatant politik, pastaj e trasmetuar n\u00eb injorace massive. T\u00eb \u00a0integrohesh do t\u00eb thote n\u00eb vendin t\u00ebnd, me ekonomi, kulture me shtet e e politik\u00eb, dhe mendime t\u00eb qarta t\u00eb njerzve.Do jet\u00eb utopi p\u00ebrdorimi i fjalve t\u00eb tilla:<\/p>\n<p>Asnj\u00ebher\u00eb n\u00eb historin e njerzimit nuk do ndodhe shkrirja e kufive, n\u00eb bot\u00eb.\u00a0 T\u00eb integrohesh do thote:<br \/>\n&#8211; Palet t\u00eb njohin diversitetin e nj\u00ebra tjetres, elementet kombeve, kontraditat ekzistuese t\u00eb p\u00ebrhershme t\u00eb mardh\u00ebnjeve n\u00eb diversitet T\u00eb njohin elemente n\u00eb bashkimin e p\u00ebrbashket dhe t\u00eb barabarta. Pa barazi nuk do kete bashkim por nj\u00eb shfrytzim i elemnteve t\u00eb nj\u00eb kombi tjeter.\u00a0 Pa barazia n\u00eb mes palve integruese do kete vetem asimilim t\u00eb pales tjeter n\u00ebn masken e integrimit, si n\u00eb pa barzit, ekonomike, zhvillim, kulture etj.<\/p>\n<p>Emigracioni masiv nuk \u00ebshte elemte integrimi, por \u00ebshte nj\u00eb pasoje e shprehjes s\u00eb pa barazis n\u00eb nj\u00eb vend n\u00eb raporte me vendet tjera. Nuk qon n\u00eb integrim kur l\u00ebvizjet e popullsise krijon varferi natyrore, shuarje t\u00eb vndbanimve t\u00eb hershme (N\u00eb k\u00ebrkim t\u00eb nj\u00eb jete m\u00eb t\u00eb mire?). Nuk munde t\u00eb kete integrim kur nj\u00eb popull i nj\u00eb vendi nuk ka nj\u00eb program ekonomik komtare strategjik, ky i pa mvarur nga t\u00eb tjeret. Si nj\u00eb industri dinamike autonome komtare, nj\u00eb turizem autonom krijues me elemetet e veta komtare.<\/p>\n<p>Nj\u00eb ushtri autonome jashte \u00e7do lloj tjeter organizate nd\u00ebrkomtare.T\u00eb gjitha shtete e B.E kan ushtrin e strukturuar autonome t\u00eb pa mvarur nga organizatat tjera ushtarake.Strukturat(platformat)e arganeve speciale \u2026\u2026\u2026 autonome n\u00eb shtet dhe te pamvarura nga te tjerat. K\u00ebto jan\u00eb elemete q\u00eb p\u00ebrcasktoj kombet dhe pamvarsin e tyre n\u00eb elemetet kombtare.<\/p>\n<p>Interesat e nj\u00eb kombi nuk mund t\u00eb jen kurre t\u00eb barabarta me nj\u00eb komb tjeter. Pikerisht k\u00ebtu kemi diferencat n\u00eb bashkim integrimin.Sejcili ka interesat e tije q\u00eb i shikon sipas elementve kostrutive t\u00eb kombit t\u00eb vete.Pikerisht n\u00eb k\u00ebt pike duhet ruajtur vlerat, e elementev komtare, p\u00ebr t\u2019mos humbur elemntin themelor gjenetik. Kjo vjen p\u00ebr dy arsye themelore:- E para kur vet shteti nuk k\u00ebrkon\u00a0 ruajtjen e tiparev komtare.<\/p>\n<p>E dyta kur njer\u00ebzit, politika dhe shteti me njer\u00ebzit rekrutohen me q\u00ebllim nga t\u00eb tjeret p\u00ebr t\u00eb dominuar mbi interast e kombit tjeter.T\u00eb till jan si politican, deputete, shk\u00ebnctare, studiues e historian e tjer. Rekrutimet me interesa politike. (k\u00ebtu hyn dhe spiunazhi industrial ekonomik, tregetar. Kjo ekziston edhe n\u00eb demokracit m\u00eb t\u00eb p\u00ebrparuera. Jan interesa kombesh\u2026<\/p>\n<p>Kjo kategori njerzish n\u00eb se dominojn p\u00ebr nj\u00eb koh\u00eb t\u00eb gjate l\u00ebn pasoja n\u00eb elementet komtare t\u00eb nj\u00eb kombi. \u00e7do gj\u00eb n\u00eb shoq\u00ebrit njerzore ka nj\u00eb \u00e7mim, ky \u00e7mim nuk \u00ebshte gj\u00eb tjeter vetem interesa individesh e shoqerish, apo kombesh. Pra integrimi (bashkimi) \u00ebshte nj\u00eb treg ku do ndeshen \u00e7mimet e elementeve t\u00eb interesave t\u00eb kombeve t\u00eb ndryshme\u2026<\/p>\n<p>\u00c7do sht\u00ebpi n\u00eb mbr\u00ebmje mbyll deren e saj vet\u00eb, pa thirrur komshiun\u2026<\/p>\n","protected":false},"excerpt":{"rendered":"<p>Zef Mulaj (\u00e7do gj\u00eb n\u00eb shoq\u00ebrit\u00eb njer\u00ebzore ka nj\u00eb \u00e7mim) Kjo fjal\u00eb shum e p\u00ebrdorur n\u00eb ditet tona.\u00cbsht\u00eb b\u00ebre dominate n\u00eb m\u00ebndimin dhe psikologjin e sejcilit shqiptare.Deri tek emra partish politike g\u00ebzojn fjalen integrim. N\u00eb imagjinat\u00ebn e njerezve shihet nj\u00eb arritje e madhe, por edhe me t\u00eb v\u00ebrtet\u00eb k\u00ebshtu do jete.Por si e kuptojn, dhe [&hellip;]<\/p>\n","protected":false},"author":1,"featured_media":0,"comment_status":"open","ping_status":"closed","sticky":false,"template":"","format":"standard","meta":{"footnotes":""},"categories":[2],"tags":[],"class_list":{"0":"post-10601","1":"post","2":"type-post","3":"status-publish","4":"format-standard","6":"category-artikuj"},"yoast_head":"<!-- This site is optimized with the Yoast SEO plugin v27.4 - https:\/\/yoast.com\/product\/yoast-seo-wordpress\/ -->\n<title>INTEGRIM ME ELEMENTET TONA KOMBETARE - FjALA e LIR\u00cb - Arkivi<\/title>\n<meta name=\"robots\" content=\"index, follow, max-snippet:-1, max-image-preview:large, max-video-preview:-1\" \/>\n<link rel=\"canonical\" href=\"https:\/\/fjala.info\/2009-2015\/integrim-me-elementet-tona-kombetare\/\" \/>\n<meta property=\"og:locale\" content=\"sq_AL\" \/>\n<meta property=\"og:type\" content=\"article\" \/>\n<meta property=\"og:title\" content=\"INTEGRIM ME ELEMENTET TONA KOMBETARE - FjALA e LIR\u00cb - Arkivi\" \/>\n<meta property=\"og:description\" content=\"Zef Mulaj (\u00e7do gj\u00eb n\u00eb shoq\u00ebrit\u00eb njer\u00ebzore ka nj\u00eb \u00e7mim) Kjo fjal\u00eb shum e p\u00ebrdorur n\u00eb ditet tona.\u00cbsht\u00eb b\u00ebre dominate n\u00eb m\u00ebndimin dhe psikologjin e sejcilit shqiptare.Deri tek emra partish politike g\u00ebzojn fjalen integrim. N\u00eb imagjinat\u00ebn e njerezve shihet nj\u00eb arritje e madhe, por edhe me t\u00eb v\u00ebrtet\u00eb k\u00ebshtu do jete.Por si e kuptojn, dhe [&hellip;]\" \/>\n<meta property=\"og:url\" content=\"https:\/\/fjala.info\/2009-2015\/integrim-me-elementet-tona-kombetare\/\" \/>\n<meta property=\"og:site_name\" content=\"FjALA e LIR\u00cb - Arkivi\" \/>\n<meta property=\"article:published_time\" content=\"2011-09-24T20:28:39+00:00\" \/>\n<meta property=\"og:image\" content=\"http:\/\/www.shkoder.net\/images\/fjala\/2011\/zef_mulaj2.jpg\" \/>\n<meta name=\"author\" content=\"admin\" \/>\n<meta name=\"twitter:card\" content=\"summary_large_image\" \/>\n<meta name=\"twitter:label1\" content=\"Written by\" \/>\n\t<meta name=\"twitter:data1\" content=\"admin\" \/>\n\t<meta name=\"twitter:label2\" content=\"Est. reading time\" \/>\n\t<meta name=\"twitter:data2\" content=\"6 minutes\" \/>\n<script type=\"application\/ld+json\" class=\"yoast-schema-graph\">{\"@context\":\"https:\\\/\\\/schema.org\",\"@graph\":[{\"@type\":\"Article\",\"@id\":\"https:\\\/\\\/fjala.info\\\/2009-2015\\\/integrim-me-elementet-tona-kombetare\\\/#article\",\"isPartOf\":{\"@id\":\"https:\\\/\\\/fjala.info\\\/2009-2015\\\/integrim-me-elementet-tona-kombetare\\\/\"},\"author\":{\"name\":\"admin\",\"@id\":\"https:\\\/\\\/fjala.info\\\/2009-2015\\\/#\\\/schema\\\/person\\\/3aa1163ef05469c496fc94e77611ada2\"},\"headline\":\"INTEGRIM ME ELEMENTET TONA KOMBETARE\",\"datePublished\":\"2011-09-24T20:28:39+00:00\",\"mainEntityOfPage\":{\"@id\":\"https:\\\/\\\/fjala.info\\\/2009-2015\\\/integrim-me-elementet-tona-kombetare\\\/\"},\"wordCount\":1125,\"commentCount\":0,\"publisher\":{\"@id\":\"https:\\\/\\\/fjala.info\\\/2009-2015\\\/#organization\"},\"image\":{\"@id\":\"https:\\\/\\\/fjala.info\\\/2009-2015\\\/integrim-me-elementet-tona-kombetare\\\/#primaryimage\"},\"thumbnailUrl\":\"http:\\\/\\\/www.shkoder.net\\\/images\\\/fjala\\\/2011\\\/zef_mulaj2.jpg\",\"articleSection\":[\"Artikuj\"],\"inLanguage\":\"sq-AL\",\"potentialAction\":[{\"@type\":\"CommentAction\",\"name\":\"Comment\",\"target\":[\"https:\\\/\\\/fjala.info\\\/2009-2015\\\/integrim-me-elementet-tona-kombetare\\\/#respond\"]}]},{\"@type\":\"WebPage\",\"@id\":\"https:\\\/\\\/fjala.info\\\/2009-2015\\\/integrim-me-elementet-tona-kombetare\\\/\",\"url\":\"https:\\\/\\\/fjala.info\\\/2009-2015\\\/integrim-me-elementet-tona-kombetare\\\/\",\"name\":\"INTEGRIM ME ELEMENTET TONA KOMBETARE - FjALA e LIR\u00cb - Arkivi\",\"isPartOf\":{\"@id\":\"https:\\\/\\\/fjala.info\\\/2009-2015\\\/#website\"},\"primaryImageOfPage\":{\"@id\":\"https:\\\/\\\/fjala.info\\\/2009-2015\\\/integrim-me-elementet-tona-kombetare\\\/#primaryimage\"},\"image\":{\"@id\":\"https:\\\/\\\/fjala.info\\\/2009-2015\\\/integrim-me-elementet-tona-kombetare\\\/#primaryimage\"},\"thumbnailUrl\":\"http:\\\/\\\/www.shkoder.net\\\/images\\\/fjala\\\/2011\\\/zef_mulaj2.jpg\",\"datePublished\":\"2011-09-24T20:28:39+00:00\",\"breadcrumb\":{\"@id\":\"https:\\\/\\\/fjala.info\\\/2009-2015\\\/integrim-me-elementet-tona-kombetare\\\/#breadcrumb\"},\"inLanguage\":\"sq-AL\",\"potentialAction\":[{\"@type\":\"ReadAction\",\"target\":[\"https:\\\/\\\/fjala.info\\\/2009-2015\\\/integrim-me-elementet-tona-kombetare\\\/\"]}]},{\"@type\":\"ImageObject\",\"inLanguage\":\"sq-AL\",\"@id\":\"https:\\\/\\\/fjala.info\\\/2009-2015\\\/integrim-me-elementet-tona-kombetare\\\/#primaryimage\",\"url\":\"http:\\\/\\\/www.shkoder.net\\\/images\\\/fjala\\\/2011\\\/zef_mulaj2.jpg\",\"contentUrl\":\"http:\\\/\\\/www.shkoder.net\\\/images\\\/fjala\\\/2011\\\/zef_mulaj2.jpg\"},{\"@type\":\"BreadcrumbList\",\"@id\":\"https:\\\/\\\/fjala.info\\\/2009-2015\\\/integrim-me-elementet-tona-kombetare\\\/#breadcrumb\",\"itemListElement\":[{\"@type\":\"ListItem\",\"position\":1,\"name\":\"Home\",\"item\":\"https:\\\/\\\/fjala.info\\\/2009-2015\\\/\"},{\"@type\":\"ListItem\",\"position\":2,\"name\":\"INTEGRIM ME ELEMENTET TONA KOMBETARE\"}]},{\"@type\":\"WebSite\",\"@id\":\"https:\\\/\\\/fjala.info\\\/2009-2015\\\/#website\",\"url\":\"https:\\\/\\\/fjala.info\\\/2009-2015\\\/\",\"name\":\"FjALA e LIR\u00cb - Arkivi\",\"description\":\"Arkivi 2009-2015\",\"publisher\":{\"@id\":\"https:\\\/\\\/fjala.info\\\/2009-2015\\\/#organization\"},\"potentialAction\":[{\"@type\":\"SearchAction\",\"target\":{\"@type\":\"EntryPoint\",\"urlTemplate\":\"https:\\\/\\\/fjala.info\\\/2009-2015\\\/?s={search_term_string}\"},\"query-input\":{\"@type\":\"PropertyValueSpecification\",\"valueRequired\":true,\"valueName\":\"search_term_string\"}}],\"inLanguage\":\"sq-AL\"},{\"@type\":\"Organization\",\"@id\":\"https:\\\/\\\/fjala.info\\\/2009-2015\\\/#organization\",\"name\":\"FjALA e LIR\u00cb - Arkivi\",\"url\":\"https:\\\/\\\/fjala.info\\\/2009-2015\\\/\",\"logo\":{\"@type\":\"ImageObject\",\"inLanguage\":\"sq-AL\",\"@id\":\"https:\\\/\\\/fjala.info\\\/2009-2015\\\/#\\\/schema\\\/logo\\\/image\\\/\",\"url\":\"\",\"contentUrl\":\"\",\"caption\":\"FjALA e LIR\u00cb - Arkivi\"},\"image\":{\"@id\":\"https:\\\/\\\/fjala.info\\\/2009-2015\\\/#\\\/schema\\\/logo\\\/image\\\/\"}},{\"@type\":\"Person\",\"@id\":\"https:\\\/\\\/fjala.info\\\/2009-2015\\\/#\\\/schema\\\/person\\\/3aa1163ef05469c496fc94e77611ada2\",\"name\":\"admin\",\"image\":{\"@type\":\"ImageObject\",\"inLanguage\":\"sq-AL\",\"@id\":\"https:\\\/\\\/fjala.info\\\/2009-2015\\\/wp-content\\\/uploads\\\/2012\\\/02\\\/arben_cokaj-120x150.jpg\",\"url\":\"https:\\\/\\\/fjala.info\\\/2009-2015\\\/wp-content\\\/uploads\\\/2012\\\/02\\\/arben_cokaj-120x150.jpg\",\"contentUrl\":\"https:\\\/\\\/fjala.info\\\/2009-2015\\\/wp-content\\\/uploads\\\/2012\\\/02\\\/arben_cokaj-120x150.jpg\",\"caption\":\"admin\"},\"description\":\"Admin, Fjala e Lir\u00eb\",\"sameAs\":[\"https:\\\/\\\/fjala.info\\\/\"],\"url\":\"https:\\\/\\\/fjala.info\\\/2009-2015\\\/author\\\/admin\\\/\"}]}<\/script>\n<!-- \/ Yoast SEO plugin. -->","yoast_head_json":{"title":"INTEGRIM ME ELEMENTET TONA KOMBETARE - FjALA e LIR\u00cb - Arkivi","robots":{"index":"index","follow":"follow","max-snippet":"max-snippet:-1","max-image-preview":"max-image-preview:large","max-video-preview":"max-video-preview:-1"},"canonical":"https:\/\/fjala.info\/2009-2015\/integrim-me-elementet-tona-kombetare\/","og_locale":"sq_AL","og_type":"article","og_title":"INTEGRIM ME ELEMENTET TONA KOMBETARE - FjALA e LIR\u00cb - Arkivi","og_description":"Zef Mulaj (\u00e7do gj\u00eb n\u00eb shoq\u00ebrit\u00eb njer\u00ebzore ka nj\u00eb \u00e7mim) Kjo fjal\u00eb shum e p\u00ebrdorur n\u00eb ditet tona.\u00cbsht\u00eb b\u00ebre dominate n\u00eb m\u00ebndimin dhe psikologjin e sejcilit shqiptare.Deri tek emra partish politike g\u00ebzojn fjalen integrim. N\u00eb imagjinat\u00ebn e njerezve shihet nj\u00eb arritje e madhe, por edhe me t\u00eb v\u00ebrtet\u00eb k\u00ebshtu do jete.Por si e kuptojn, dhe [&hellip;]","og_url":"https:\/\/fjala.info\/2009-2015\/integrim-me-elementet-tona-kombetare\/","og_site_name":"FjALA e LIR\u00cb - Arkivi","article_published_time":"2011-09-24T20:28:39+00:00","og_image":[{"url":"http:\/\/www.shkoder.net\/images\/fjala\/2011\/zef_mulaj2.jpg","type":"","width":"","height":""}],"author":"admin","twitter_card":"summary_large_image","twitter_misc":{"Written by":"admin","Est. reading time":"6 minutes"},"schema":{"@context":"https:\/\/schema.org","@graph":[{"@type":"Article","@id":"https:\/\/fjala.info\/2009-2015\/integrim-me-elementet-tona-kombetare\/#article","isPartOf":{"@id":"https:\/\/fjala.info\/2009-2015\/integrim-me-elementet-tona-kombetare\/"},"author":{"name":"admin","@id":"https:\/\/fjala.info\/2009-2015\/#\/schema\/person\/3aa1163ef05469c496fc94e77611ada2"},"headline":"INTEGRIM ME ELEMENTET TONA KOMBETARE","datePublished":"2011-09-24T20:28:39+00:00","mainEntityOfPage":{"@id":"https:\/\/fjala.info\/2009-2015\/integrim-me-elementet-tona-kombetare\/"},"wordCount":1125,"commentCount":0,"publisher":{"@id":"https:\/\/fjala.info\/2009-2015\/#organization"},"image":{"@id":"https:\/\/fjala.info\/2009-2015\/integrim-me-elementet-tona-kombetare\/#primaryimage"},"thumbnailUrl":"http:\/\/www.shkoder.net\/images\/fjala\/2011\/zef_mulaj2.jpg","articleSection":["Artikuj"],"inLanguage":"sq-AL","potentialAction":[{"@type":"CommentAction","name":"Comment","target":["https:\/\/fjala.info\/2009-2015\/integrim-me-elementet-tona-kombetare\/#respond"]}]},{"@type":"WebPage","@id":"https:\/\/fjala.info\/2009-2015\/integrim-me-elementet-tona-kombetare\/","url":"https:\/\/fjala.info\/2009-2015\/integrim-me-elementet-tona-kombetare\/","name":"INTEGRIM ME ELEMENTET TONA KOMBETARE - FjALA e LIR\u00cb - Arkivi","isPartOf":{"@id":"https:\/\/fjala.info\/2009-2015\/#website"},"primaryImageOfPage":{"@id":"https:\/\/fjala.info\/2009-2015\/integrim-me-elementet-tona-kombetare\/#primaryimage"},"image":{"@id":"https:\/\/fjala.info\/2009-2015\/integrim-me-elementet-tona-kombetare\/#primaryimage"},"thumbnailUrl":"http:\/\/www.shkoder.net\/images\/fjala\/2011\/zef_mulaj2.jpg","datePublished":"2011-09-24T20:28:39+00:00","breadcrumb":{"@id":"https:\/\/fjala.info\/2009-2015\/integrim-me-elementet-tona-kombetare\/#breadcrumb"},"inLanguage":"sq-AL","potentialAction":[{"@type":"ReadAction","target":["https:\/\/fjala.info\/2009-2015\/integrim-me-elementet-tona-kombetare\/"]}]},{"@type":"ImageObject","inLanguage":"sq-AL","@id":"https:\/\/fjala.info\/2009-2015\/integrim-me-elementet-tona-kombetare\/#primaryimage","url":"http:\/\/www.shkoder.net\/images\/fjala\/2011\/zef_mulaj2.jpg","contentUrl":"http:\/\/www.shkoder.net\/images\/fjala\/2011\/zef_mulaj2.jpg"},{"@type":"BreadcrumbList","@id":"https:\/\/fjala.info\/2009-2015\/integrim-me-elementet-tona-kombetare\/#breadcrumb","itemListElement":[{"@type":"ListItem","position":1,"name":"Home","item":"https:\/\/fjala.info\/2009-2015\/"},{"@type":"ListItem","position":2,"name":"INTEGRIM ME ELEMENTET TONA KOMBETARE"}]},{"@type":"WebSite","@id":"https:\/\/fjala.info\/2009-2015\/#website","url":"https:\/\/fjala.info\/2009-2015\/","name":"FjALA e LIR\u00cb - Arkivi","description":"Arkivi 2009-2015","publisher":{"@id":"https:\/\/fjala.info\/2009-2015\/#organization"},"potentialAction":[{"@type":"SearchAction","target":{"@type":"EntryPoint","urlTemplate":"https:\/\/fjala.info\/2009-2015\/?s={search_term_string}"},"query-input":{"@type":"PropertyValueSpecification","valueRequired":true,"valueName":"search_term_string"}}],"inLanguage":"sq-AL"},{"@type":"Organization","@id":"https:\/\/fjala.info\/2009-2015\/#organization","name":"FjALA e LIR\u00cb - Arkivi","url":"https:\/\/fjala.info\/2009-2015\/","logo":{"@type":"ImageObject","inLanguage":"sq-AL","@id":"https:\/\/fjala.info\/2009-2015\/#\/schema\/logo\/image\/","url":"","contentUrl":"","caption":"FjALA e LIR\u00cb - Arkivi"},"image":{"@id":"https:\/\/fjala.info\/2009-2015\/#\/schema\/logo\/image\/"}},{"@type":"Person","@id":"https:\/\/fjala.info\/2009-2015\/#\/schema\/person\/3aa1163ef05469c496fc94e77611ada2","name":"admin","image":{"@type":"ImageObject","inLanguage":"sq-AL","@id":"https:\/\/fjala.info\/2009-2015\/wp-content\/uploads\/2012\/02\/arben_cokaj-120x150.jpg","url":"https:\/\/fjala.info\/2009-2015\/wp-content\/uploads\/2012\/02\/arben_cokaj-120x150.jpg","contentUrl":"https:\/\/fjala.info\/2009-2015\/wp-content\/uploads\/2012\/02\/arben_cokaj-120x150.jpg","caption":"admin"},"description":"Admin, Fjala e Lir\u00eb","sameAs":["https:\/\/fjala.info\/"],"url":"https:\/\/fjala.info\/2009-2015\/author\/admin\/"}]}},"_links":{"self":[{"href":"https:\/\/fjala.info\/2009-2015\/wp-json\/wp\/v2\/posts\/10601","targetHints":{"allow":["GET"]}}],"collection":[{"href":"https:\/\/fjala.info\/2009-2015\/wp-json\/wp\/v2\/posts"}],"about":[{"href":"https:\/\/fjala.info\/2009-2015\/wp-json\/wp\/v2\/types\/post"}],"author":[{"embeddable":true,"href":"https:\/\/fjala.info\/2009-2015\/wp-json\/wp\/v2\/users\/1"}],"replies":[{"embeddable":true,"href":"https:\/\/fjala.info\/2009-2015\/wp-json\/wp\/v2\/comments?post=10601"}],"version-history":[{"count":0,"href":"https:\/\/fjala.info\/2009-2015\/wp-json\/wp\/v2\/posts\/10601\/revisions"}],"wp:attachment":[{"href":"https:\/\/fjala.info\/2009-2015\/wp-json\/wp\/v2\/media?parent=10601"}],"wp:term":[{"taxonomy":"category","embeddable":true,"href":"https:\/\/fjala.info\/2009-2015\/wp-json\/wp\/v2\/categories?post=10601"},{"taxonomy":"post_tag","embeddable":true,"href":"https:\/\/fjala.info\/2009-2015\/wp-json\/wp\/v2\/tags?post=10601"}],"curies":[{"name":"wp","href":"https:\/\/api.w.org\/{rel}","templated":true}]}}