{"id":10599,"date":"2011-09-21T12:44:54","date_gmt":"2011-09-21T11:44:54","guid":{"rendered":"http:\/\/fjala.shkoder.net\/?p=10599"},"modified":"2011-09-21T12:44:54","modified_gmt":"2011-09-21T11:44:54","slug":"pushteti-qeveria-pasurite-dhe-mafia-kombetare","status":"publish","type":"post","link":"https:\/\/fjala.info\/2009-2015\/pushteti-qeveria-pasurite-dhe-mafia-kombetare\/","title":{"rendered":"Pushteti, qeveria, pasurit\u00eb dhe mafia komb\u00ebtare"},"content":{"rendered":"<p>Nga <strong>Kledian Lula<\/strong><\/p>\n<p>Krejt i braktisur edhe prej qeverive e shteteve t\u00eb vendeve t\u00eb Bot\u00ebs s\u00eb Tret\u00eb, kryeministri d\u00ebshtak e demagog Sali Berisha, rekordi i mashtrimeve dhe krimeve politike, ekonomike, financiare, ligjore, qeveris\u00ebse e njer\u00ebzore, prej 3 muajsh nuk ka patur asnj\u00eb ftes\u00eb zyrtare prej qeverive q\u00eb kan\u00eb n\u00eb dor\u00eb \u201c27 \u00e7el\u00ebsat\u201d e port\u00ebs s\u00eb BE p\u00ebr Shqip\u00ebrin\u00eb. Q\u00eb pas zgjedhjeve t\u00eb 8 majit, zyrat e qeveris\u00eb \u201cSALI-ILIR\u201d, nuk i ka shkelur asnj\u00eb personalitet i BE e SHBA, p\u00ebrve\u00e7 disa euro-deputet\u00ebve \u201clolo\u201d, me profil biznesmen\u00ebsh, q\u00eb vijn\u00eb n\u00eb Shqip\u00ebri dhe b\u00ebjn\u00eb deklarata komike \u201cPRO SALI\u201d, sa her\u00eb q\u00eb n\u00eb Shqip\u00ebri ka privatizime e tendera ekonomik\u00eb strategjik\u00eb. Pse? Sepse pushteti, qeveria, kupolat e PD e LSI, vet\u00eb kryeministri SALI dhe ortaku i tij n\u00eb pushtet META, jan\u00eb zhytur zyrtarisht e familjarisht deri \u201cn\u00eb maj\u00eb t\u00eb hund\u00ebs\u201d n\u00eb korrupsion.<\/p>\n<p><strong>Saliu, i shp\u00ebrfillur\u2026<\/strong><\/p>\n<p>Pa asnj\u00eb v\u00ebmendje, i gjendur n\u00eb vetmi, i shp\u00ebrfillur deri n\u00eb injorim banal, i sponsorizuar nga kompanit\u00eb klienteliste t\u00eb pushtet-familjes, kryeministri \u201cSan\u00e7o-Pan\u00e7o\u201d Sali Berisha, guxoi e shkoi n\u00eb SHBA. Q\u00ebllimi i tij nuk ishte mbledhja e Sesionit t\u00eb 66-t\u00eb t\u00eb Asambles\u00eb s\u00eb P\u00ebrgjithshme t\u00eb Kombeve t\u00eb Bashkuara, por p\u00ebrpjekja komike p\u00ebr t\u00eb b\u00ebr\u00eb ndonj\u00eb foto me krer\u00ebt, me ish-krer\u00ebt dhe kongresmen\u00eb t\u00eb shtetit amerikan\u00eb, p\u00ebr ta patur e p\u00ebrdorur si kart\u00eb \u201cmb\u00ebshtetje\u201d n\u00eb sy t\u00eb opinionit dhe p\u00ebrball\u00eb opozit\u00ebs shqiptare. Q\u00ebllimi i SALIUT, p\u00ebr t\u00eb shkuar n\u00eb SHBA, nuk ishte lidhja ekonomike me biznesin amerikan, por b\u00ebrja e nj\u00eb \u201calbumi fotografik\u201d me shtr\u00ebngime duarsh dhe disa video-pantonima bisedash fiktive, t\u00eb cilat k\u00ebrkon t\u2019i p\u00ebrdor si spot publicitar \u201cp\u00ebrfilljeje\u201d prej shoq\u00ebris\u00eb s\u00eb biznesit dhe qeveris\u00eb s\u00eb SHBA.<\/p>\n<p>SALIU, prej 2 vitesh, ve\u00e7an\u00ebrisht pas 21 janarit 2011, ka mbetur vet\u00ebm\u2026 me Ilir Met\u00ebn dhe me ministrat e tenderave t\u00eb rrug\u00ebve, shkollave, trafikut t\u00eb arm\u00ebve, hidrocentraleve, kromit, G\u00ebrdecit dhe skrapit t\u00eb ish-nd\u00ebrmarrjeve ekonomike, q\u00eb i ktheu n\u00eb g\u00ebrmadha n\u00eb vitet 1992-1997. Tashm\u00eb, i gjendur i shp\u00ebrfillur deri n\u00eb \u201cheqje\u201d dhe nga axhendat e ftesave protokollare t\u00eb nivelit t\u00eb aktiviteteve t\u00eb fundit, Sali ka \u201cmarr\u00eb\u201d rrug\u00ebt n\u00eb k\u00ebrkim t\u00eb rikthimit t\u00eb \u201cpersonalitetit\u201d t\u00eb humbur.<\/p>\n<p><strong>Berisha-Meta, me PD e LSI familjare <\/strong> <\/p>\n<p>Ky pushtet \u00ebsht\u00eb paralizuar, ka nj\u00eb qeveri t\u00eb dal\u00eb jasht\u00eb funksioni. E vetmja qeverisje q\u00eb b\u00ebhet prej PD-LSI, pra prej ortak\u00ebve SALI-ILIR \u00ebsht\u00eb zhvatja e ekonomis\u00eb, hartimi i ligjeve n\u00eb sh\u00ebrbim t\u00eb forcimit, zgjerimit dhe mbrojtjes s\u00eb interesave e krimeve q\u00eb po b\u00ebjn\u00eb n\u00ebp\u00ebrmjet keqp\u00ebrdorjes s\u00eb pushtetit. Humnera politike, programore, qeveris\u00ebse dhe penale, ku ka rr\u00ebshqitur e po rrokulliset lidhja politike PD-LSI dhe pushteti i tyre qeveris\u00ebs, kan\u00eb krijuar n\u00eb m\u00ebnyr\u00eb t\u00eb shpejt e t\u00eb pa frenueshme, boshll\u00ebkun e drejtimit t\u00eb vendit deri n\u00eb \u00e7erdhet e f\u00ebmij\u00ebve. N\u00eb situat\u00ebn aktuale, pushteti PD-LSI, p\u00ebr shkak t\u00eb degradimit prej prepotenc\u00ebs e harbut\u00ebris\u00eb politike, ligjv\u00ebn\u00ebse dhe prej abuzimit financiar me qeverisjen, ka humbur totalisht mandatin e t\u00eb drejt\u00ebs morale e politike, p\u00ebr t\u00eb qeverisur vendin dhe shqiptar\u00ebt. <\/p>\n<p>Dy krer\u00ebt e pushtetit Berisha-Meta e kan\u00eb kuptuar bindsh\u00ebm, se nuk mund t\u00eb ndryshojn\u00eb dot asgj\u00eb n\u00eb cil\u00ebsin\u00eb e qeverisjes s\u00eb tyre, madje as n\u00eb favor t\u00eb rigjenerimit politik dhe moral t\u00eb parti-pronave PD e LSI. Sepse degjenerimi i k\u00ebtyre forcave politike n\u00eb t\u00eb gjith\u00eb qelizat, ka fituar p\u00ebrmasat maksimale t\u00eb nj\u00eb \u201cgangrene\u201d, aq sa \u201ckurimi\u201d k\u00ebrkon jo vet\u00ebm koh\u00eb, shum\u00eb koh\u00eb, por s\u00eb pari, mend\u00ebsi dhe njer\u00ebz t\u00eb rinj. K\u00ebto potenciale politike ekzistojn\u00eb brenda PD e LSI, por nuk lejohen t\u00eb dalin n\u00eb sken\u00eb, nuk pranohen t\u00eb jen\u00eb pjes\u00eb e drejtimit t\u00eb tyre, mbasi kryesit\u00eb e k\u00ebtyre dy partive, jan\u00eb pron\u00eb e \u201csulltan\u00ebve\u201d t\u00eb tyre Berisha-Meta dhe funksionojn\u00eb si banda politike, ekonomike, financiare, si prona familjare e krahinore. <\/p>\n<p>K\u00ebto kupola partiake familjare e klanore, q\u00eb kan\u00eb uzurpuar PD e LSI, kan\u00eb parcelizuar administrativisht e gjeografikisht pushtetin e vjedhur, duke e kontrolluar at\u00eb si biznes t\u00eb tyre personal. Prej 20 vjet\u00ebsh, n\u00eb PD-n\u00eb e krimit politiko-ekonomik e njer\u00ebzor dhe prej 7 vjet\u00ebsh, n\u00eb LSI e blloqeve t\u00eb koncensioneve e tenderave t\u00eb skrapit, jan\u00eb ngulur e sundojn\u00eb n\u00eb krye \u201cpronar\u00ebt\u201d SALI-ILIR t\u00eb k\u00ebtyre 2 parti-familjeve. K\u00ebta nuk u hapin rrug\u00eb askujt tjet\u00ebr, p\u00ebr ta pranuar qoft\u00eb edhe si mendim, sepse gjith\u00e7ka nis dhe realizohet brenda kupolave PD-LSI, kryesi dhe struktura t\u00eb t\u00eb cilave jan\u00eb familjet, klanet e sh\u00ebrb\u00ebtor\u00ebt.<\/p>\n<p><strong>SALI-ILIR, xhambaz\u00ebt q\u00eb po l\u00ebn\u00eb Shqip\u00ebrin\u00eb jasht\u00eb BE<\/strong><\/p>\n<p>Shqip\u00ebria dhe shqiptar\u00ebt gjenden p\u00ebrball\u00eb nj\u00eb realiteti \u201ctest\u201d me mund\u00ebsi d\u00ebshtimi p\u00ebrball\u00eb BE n\u00eb dh\u00ebnien e statusit t\u00eb vendit kandidat, p\u00ebr shkak t\u00eb qeverisjes s\u00eb d\u00ebshtuar e t\u00eb inkriminuar t\u00eb aleanc\u00ebs PD-LSI dhe p\u00ebr shkak t\u00eb politikave sunduese private e pirate t\u00eb xhambaz\u00ebve SALI-ILIR. Ka nj\u00eb realitet q\u00eb po e r\u00ebndon keqas k\u00ebt\u00eb vend n\u00eb rrug\u00ebn e tij p\u00ebr pranimin n\u00eb BE. Drejtuesit m\u00eb t\u00eb lart\u00eb t\u00eb KiE dhe BE, kan\u00eb l\u00ebshuar n\u00eb tavolin\u00ebn e qeveris\u00eb, \u201cbomb\u00ebn\u201d p\u00ebr mos hapjes e port\u00ebs s\u00eb mos dh\u00ebnies s\u00eb statusit, si vend kandidat, n\u00eb rast se nuk zbatohen rregullat e loj\u00ebs s\u00eb hapur demokratike, t\u00eb institucionalizuar me opozit\u00ebn, duke patur n\u00eb themel plot\u00ebsimin efi\u00e7ent e jo fiktiv, t\u00eb detyrimeve t\u00eb vendosura prej BE. <\/p>\n<p>Fjala k\u00ebtu, nuk \u00ebsht\u00eb thjesht\u00eb p\u00ebr \u201cvot\u00ebn e PS dhe opozit\u00ebs\u201d n\u00eb parlament. Shqet\u00ebsimi i BE dhe krejt nd\u00ebrkomb\u00ebtar\u00ebve q\u00eb kan\u00eb lidhje me integrimin europian t\u00eb Shqip\u00ebris\u00eb, q\u00ebndron n\u00eb realitetin e hidhur, q\u00eb oligarkia monarkike, politiko-financiare n\u00eb pushtet e p\u00ebrqendruar n\u00eb duart e dyshes SALI-ILIR, po vazhdon t\u00eb zbatoj politika denigruese, n\u00eb kahje t\u00eb kund\u00ebrt me rekomandimet e BE. <\/p>\n<p>Pushteti, ligjv\u00ebnia mazhoritare, kabineti qeveritar dhe administrata e lart\u00eb ekzekutive, p\u00ebrb\u00ebhet nga politikan\u00eb e ministra t\u00eb korruptuar, t\u00eb cil\u00ebt nuk d\u00ebshirojn\u00eb dhe nuk kan\u00eb asnj\u00eb vullnet, qoft\u00eb edhe protokollar, p\u00ebr miratuar ligjshm\u00ebri funksionale, administrat\u00eb profesionale e me integritet, gjykata e drejt\u00ebsi t\u00eb pavarur, e mbi t\u00eb gjitha zgjedhje t\u00eb lira. Pse? Sepse ky pushtet, kjo struktur\u00eb qeveritare krimi ekonomik q\u00eb po drejton vendin, ka frik\u00eb nga nd\u00ebshkimi i ligjit. Pushtet-Klika SALI-ILIR, po bllokojn\u00eb integrimin, sepse integrim do t\u00eb thot\u00eb shtet ligjor dhe shtet ligjor do t\u00eb thot\u00eb ballafaqimin e k\u00ebsaj klike mafioze zyrtare me ligjin, p\u00ebr t\u00eb dh\u00ebn\u00eb llogari, p\u00ebr gjith\u00e7ka kan\u00eb b\u00ebr\u00eb n\u00eb raport me jet\u00ebt e shqiptar\u00ebve, me opozit\u00ebn, me ligjin, me pasurit\u00eb dhe interesat komb\u00ebtare, me financat e shtetit etj.<\/p>\n<p><strong>Shqip\u00ebria, rekord\u2026 krimesh e bro\u00e7kullash t\u00eb kryeministrit<\/strong><\/p>\n<p>Shqip\u00ebria \u00ebsht\u00eb rekord i krimit t\u00eb organizuar dhe i deklarata-bro\u00e7kullave t\u00eb kryeministrit Sali Berisha p\u00ebr \u201crritje ekonomike, p\u00ebr turiz\u00ebm, p\u00ebr mjedise, p\u00ebr demokraci rekord n\u00eb bot\u00eb\u201d. N\u00eb fakt, pas k\u00ebsaj propagande komike e mjerane, maskohen trafiqet intensive e masive, q\u00eb kan\u00eb si \u201ctutor\u201d e p\u00ebrfitues krer\u00ebt e pushtetit dhe qeveris\u00eb SALI-ILIR. K\u00ebto  paraqesin nj\u00eb tablo \u201cbloz\u00eb, konfirmuar me informacione zyrtare edhe nga kabllogramet investiguese t\u00eb SHBA. <\/p>\n<p>P\u00ebrdorja e pushtetit prej familjes kryeministrore, n\u00ebnshtrimi i shtetit prej klaneve mafioze, terreni i lir\u00eb p\u00ebr krimin e organizuar zyrtar, drejt\u00ebsia e penalizuar dhe e lidhur me pushtet-politik\u00ebn, po d\u00ebshmon p\u00ebrdit\u00eb, se n\u00eb q\u00ebndrimet e k\u00ebtij pushteti klanesh e familjesh, nuk ka asnj\u00eb \u2018grimc\u00eb\u201d vullneti, p\u00ebr t\u00eb vendosur e zbatuar shtetin ligjor. Kupola SALI-ILIR q\u00eb kontrollon qeverisjen, nuk po tregon asnj\u00eb shenj\u00eb reagimi edhe para edhe pas kabllogrameve, edhe pas raporteve \u201calarm\u201d t\u00eb nd\u00ebrkomb\u00ebtar\u00ebve, edhe pas shp\u00ebrfilljes prej tyre, edhe pas kriz\u00ebs s\u00eb madhe politke, ekonomike, institucionale e kriminale q\u00eb ka pllakosur vendin, edhe pas ultimatumeve t\u00eb BE, p\u00ebr bllokim t\u00eb Statusit si vend kandidat. <\/p>\n<p>P\u00ebrkundrazi, pushtet-klika vazhdon t\u00eb funksionoj\u00eb, si band\u00eb q\u00eb pla\u00e7kit e asgj\u00ebson gjith\u00e7ka me falsifikime, me monopole, me dhun\u00eb dhe\u2026 me \u201cligje\u201d t\u00eb hartuar e t\u00eb miratuar sipas interesave t\u00eb pushtet-band\u00ebs. BE po pret reagimin e fort\u00eb t\u00eb kupol\u00ebs s\u00eb pushtetit, veprimtaria antikushtetuese e anti-BE e t\u00eb cilit \u00ebsht\u00eb penges\u00eb serioze integrimi. Esht\u00eb tep\u00ebr e v\u00ebshtir\u00eb q\u00eb Shqip\u00ebria t\u00eb kaloj\u00eb \u201ctestin\u201d e madh historik t\u00eb miratimit t\u00eb Statusit si Vend Kandiat i BE, pa spastruar k\u00ebt\u00eb qeveri  e k\u00ebt\u00eb pushtet nga \u201czhuli\u201d i krimit dhe korrupsionit, pa shkulur nga \u201cthemelet\u201d gjith\u00eb \u201cngrehin\u00ebn\u2019 e krimit qeveritar. <\/p>\n<p>Dhe m\u00eb kryesorja, pa \u201crind\u00ebrtuar\u201d imazhin e ndotur t\u00eb vendit e t\u00eb shtetit shqiptar, t\u00eb ndotur keqas e totalisht prej k\u00ebtij pushtet-krimi. P\u00ebrball\u00eb k\u00ebtij realiteti me pushtet dhe qeverisje \u201cxhung\u00ebl\u201d, nuk mund t\u00eb flitet p\u00ebr rrug\u00eb t\u00eb hapur drejt BE. Edhe pse kryeministri SALI po ul\u00ebrin p\u00ebr integrim t\u00eb plot\u00eb, edhe pse po rropatet si lypsar\u00eb e shtrigan mjeran rrug\u00ebve t\u00eb bot\u00ebs, duke b\u00ebr\u00eb Pazar-biznese t\u00eb pista p\u00ebr t\u00eb \u201cbler\u00eb\u201d votat n\u00eb BE, Shqip\u00ebria nuk mund t\u00eb futet n\u00eb BE, me k\u00ebt\u00eb \u201cfytyr\u00eb\u201d q\u00eb i ka dh\u00ebn\u00eb qeverisja SALI-ILIR.<\/p>\n","protected":false},"excerpt":{"rendered":"<p>Nga Kledian Lula Krejt i braktisur edhe prej qeverive e shteteve t\u00eb vendeve t\u00eb Bot\u00ebs s\u00eb Tret\u00eb, kryeministri d\u00ebshtak e demagog Sali Berisha, rekordi i mashtrimeve dhe krimeve politike, ekonomike, financiare, ligjore, qeveris\u00ebse e njer\u00ebzore, prej 3 muajsh nuk ka patur asnj\u00eb ftes\u00eb zyrtare prej qeverive q\u00eb kan\u00eb n\u00eb dor\u00eb \u201c27 \u00e7el\u00ebsat\u201d e port\u00ebs s\u00eb [&hellip;]<\/p>\n","protected":false},"author":1,"featured_media":0,"comment_status":"open","ping_status":"closed","sticky":false,"template":"","format":"standard","meta":{"footnotes":""},"categories":[2],"tags":[],"class_list":{"0":"post-10599","1":"post","2":"type-post","3":"status-publish","4":"format-standard","6":"category-artikuj"},"yoast_head":"<!-- This site is optimized with the Yoast SEO plugin v27.4 - https:\/\/yoast.com\/product\/yoast-seo-wordpress\/ -->\n<title>Pushteti, qeveria, pasurit\u00eb dhe mafia komb\u00ebtare - FjALA e LIR\u00cb - Arkivi<\/title>\n<meta name=\"robots\" content=\"index, follow, max-snippet:-1, max-image-preview:large, max-video-preview:-1\" \/>\n<link rel=\"canonical\" href=\"https:\/\/fjala.info\/2009-2015\/pushteti-qeveria-pasurite-dhe-mafia-kombetare\/\" \/>\n<meta property=\"og:locale\" content=\"sq_AL\" \/>\n<meta property=\"og:type\" content=\"article\" \/>\n<meta property=\"og:title\" content=\"Pushteti, qeveria, pasurit\u00eb dhe mafia komb\u00ebtare - FjALA e LIR\u00cb - Arkivi\" \/>\n<meta property=\"og:description\" content=\"Nga Kledian Lula Krejt i braktisur edhe prej qeverive e shteteve t\u00eb vendeve t\u00eb Bot\u00ebs s\u00eb Tret\u00eb, kryeministri d\u00ebshtak e demagog Sali Berisha, rekordi i mashtrimeve dhe krimeve politike, ekonomike, financiare, ligjore, qeveris\u00ebse e njer\u00ebzore, prej 3 muajsh nuk ka patur asnj\u00eb ftes\u00eb zyrtare prej qeverive q\u00eb kan\u00eb n\u00eb dor\u00eb \u201c27 \u00e7el\u00ebsat\u201d e port\u00ebs s\u00eb [&hellip;]\" \/>\n<meta property=\"og:url\" content=\"https:\/\/fjala.info\/2009-2015\/pushteti-qeveria-pasurite-dhe-mafia-kombetare\/\" \/>\n<meta property=\"og:site_name\" content=\"FjALA e LIR\u00cb - Arkivi\" \/>\n<meta property=\"article:published_time\" content=\"2011-09-21T11:44:54+00:00\" \/>\n<meta name=\"author\" content=\"admin\" \/>\n<meta name=\"twitter:card\" content=\"summary_large_image\" \/>\n<meta name=\"twitter:label1\" content=\"Written by\" \/>\n\t<meta name=\"twitter:data1\" content=\"admin\" \/>\n\t<meta name=\"twitter:label2\" content=\"Est. reading time\" \/>\n\t<meta name=\"twitter:data2\" content=\"8 minutes\" \/>\n<script type=\"application\/ld+json\" class=\"yoast-schema-graph\">{\"@context\":\"https:\\\/\\\/schema.org\",\"@graph\":[{\"@type\":\"Article\",\"@id\":\"https:\\\/\\\/fjala.info\\\/2009-2015\\\/pushteti-qeveria-pasurite-dhe-mafia-kombetare\\\/#article\",\"isPartOf\":{\"@id\":\"https:\\\/\\\/fjala.info\\\/2009-2015\\\/pushteti-qeveria-pasurite-dhe-mafia-kombetare\\\/\"},\"author\":{\"name\":\"admin\",\"@id\":\"https:\\\/\\\/fjala.info\\\/2009-2015\\\/#\\\/schema\\\/person\\\/3aa1163ef05469c496fc94e77611ada2\"},\"headline\":\"Pushteti, qeveria, pasurit\u00eb dhe mafia komb\u00ebtare\",\"datePublished\":\"2011-09-21T11:44:54+00:00\",\"mainEntityOfPage\":{\"@id\":\"https:\\\/\\\/fjala.info\\\/2009-2015\\\/pushteti-qeveria-pasurite-dhe-mafia-kombetare\\\/\"},\"wordCount\":1573,\"commentCount\":0,\"publisher\":{\"@id\":\"https:\\\/\\\/fjala.info\\\/2009-2015\\\/#organization\"},\"articleSection\":[\"Artikuj\"],\"inLanguage\":\"sq-AL\",\"potentialAction\":[{\"@type\":\"CommentAction\",\"name\":\"Comment\",\"target\":[\"https:\\\/\\\/fjala.info\\\/2009-2015\\\/pushteti-qeveria-pasurite-dhe-mafia-kombetare\\\/#respond\"]}]},{\"@type\":\"WebPage\",\"@id\":\"https:\\\/\\\/fjala.info\\\/2009-2015\\\/pushteti-qeveria-pasurite-dhe-mafia-kombetare\\\/\",\"url\":\"https:\\\/\\\/fjala.info\\\/2009-2015\\\/pushteti-qeveria-pasurite-dhe-mafia-kombetare\\\/\",\"name\":\"Pushteti, qeveria, pasurit\u00eb dhe mafia komb\u00ebtare - FjALA e LIR\u00cb - Arkivi\",\"isPartOf\":{\"@id\":\"https:\\\/\\\/fjala.info\\\/2009-2015\\\/#website\"},\"datePublished\":\"2011-09-21T11:44:54+00:00\",\"breadcrumb\":{\"@id\":\"https:\\\/\\\/fjala.info\\\/2009-2015\\\/pushteti-qeveria-pasurite-dhe-mafia-kombetare\\\/#breadcrumb\"},\"inLanguage\":\"sq-AL\",\"potentialAction\":[{\"@type\":\"ReadAction\",\"target\":[\"https:\\\/\\\/fjala.info\\\/2009-2015\\\/pushteti-qeveria-pasurite-dhe-mafia-kombetare\\\/\"]}]},{\"@type\":\"BreadcrumbList\",\"@id\":\"https:\\\/\\\/fjala.info\\\/2009-2015\\\/pushteti-qeveria-pasurite-dhe-mafia-kombetare\\\/#breadcrumb\",\"itemListElement\":[{\"@type\":\"ListItem\",\"position\":1,\"name\":\"Home\",\"item\":\"https:\\\/\\\/fjala.info\\\/2009-2015\\\/\"},{\"@type\":\"ListItem\",\"position\":2,\"name\":\"Pushteti, qeveria, pasurit\u00eb dhe mafia komb\u00ebtare\"}]},{\"@type\":\"WebSite\",\"@id\":\"https:\\\/\\\/fjala.info\\\/2009-2015\\\/#website\",\"url\":\"https:\\\/\\\/fjala.info\\\/2009-2015\\\/\",\"name\":\"FjALA e LIR\u00cb - Arkivi\",\"description\":\"Arkivi 2009-2015\",\"publisher\":{\"@id\":\"https:\\\/\\\/fjala.info\\\/2009-2015\\\/#organization\"},\"potentialAction\":[{\"@type\":\"SearchAction\",\"target\":{\"@type\":\"EntryPoint\",\"urlTemplate\":\"https:\\\/\\\/fjala.info\\\/2009-2015\\\/?s={search_term_string}\"},\"query-input\":{\"@type\":\"PropertyValueSpecification\",\"valueRequired\":true,\"valueName\":\"search_term_string\"}}],\"inLanguage\":\"sq-AL\"},{\"@type\":\"Organization\",\"@id\":\"https:\\\/\\\/fjala.info\\\/2009-2015\\\/#organization\",\"name\":\"FjALA e LIR\u00cb - Arkivi\",\"url\":\"https:\\\/\\\/fjala.info\\\/2009-2015\\\/\",\"logo\":{\"@type\":\"ImageObject\",\"inLanguage\":\"sq-AL\",\"@id\":\"https:\\\/\\\/fjala.info\\\/2009-2015\\\/#\\\/schema\\\/logo\\\/image\\\/\",\"url\":\"\",\"contentUrl\":\"\",\"caption\":\"FjALA e LIR\u00cb - Arkivi\"},\"image\":{\"@id\":\"https:\\\/\\\/fjala.info\\\/2009-2015\\\/#\\\/schema\\\/logo\\\/image\\\/\"}},{\"@type\":\"Person\",\"@id\":\"https:\\\/\\\/fjala.info\\\/2009-2015\\\/#\\\/schema\\\/person\\\/3aa1163ef05469c496fc94e77611ada2\",\"name\":\"admin\",\"image\":{\"@type\":\"ImageObject\",\"inLanguage\":\"sq-AL\",\"@id\":\"https:\\\/\\\/fjala.info\\\/2009-2015\\\/wp-content\\\/uploads\\\/2012\\\/02\\\/arben_cokaj-120x150.jpg\",\"url\":\"https:\\\/\\\/fjala.info\\\/2009-2015\\\/wp-content\\\/uploads\\\/2012\\\/02\\\/arben_cokaj-120x150.jpg\",\"contentUrl\":\"https:\\\/\\\/fjala.info\\\/2009-2015\\\/wp-content\\\/uploads\\\/2012\\\/02\\\/arben_cokaj-120x150.jpg\",\"caption\":\"admin\"},\"description\":\"Admin, Fjala e Lir\u00eb\",\"sameAs\":[\"https:\\\/\\\/fjala.info\\\/\"],\"url\":\"https:\\\/\\\/fjala.info\\\/2009-2015\\\/author\\\/admin\\\/\"}]}<\/script>\n<!-- \/ Yoast SEO plugin. -->","yoast_head_json":{"title":"Pushteti, qeveria, pasurit\u00eb dhe mafia komb\u00ebtare - FjALA e LIR\u00cb - Arkivi","robots":{"index":"index","follow":"follow","max-snippet":"max-snippet:-1","max-image-preview":"max-image-preview:large","max-video-preview":"max-video-preview:-1"},"canonical":"https:\/\/fjala.info\/2009-2015\/pushteti-qeveria-pasurite-dhe-mafia-kombetare\/","og_locale":"sq_AL","og_type":"article","og_title":"Pushteti, qeveria, pasurit\u00eb dhe mafia komb\u00ebtare - FjALA e LIR\u00cb - Arkivi","og_description":"Nga Kledian Lula Krejt i braktisur edhe prej qeverive e shteteve t\u00eb vendeve t\u00eb Bot\u00ebs s\u00eb Tret\u00eb, kryeministri d\u00ebshtak e demagog Sali Berisha, rekordi i mashtrimeve dhe krimeve politike, ekonomike, financiare, ligjore, qeveris\u00ebse e njer\u00ebzore, prej 3 muajsh nuk ka patur asnj\u00eb ftes\u00eb zyrtare prej qeverive q\u00eb kan\u00eb n\u00eb dor\u00eb \u201c27 \u00e7el\u00ebsat\u201d e port\u00ebs s\u00eb [&hellip;]","og_url":"https:\/\/fjala.info\/2009-2015\/pushteti-qeveria-pasurite-dhe-mafia-kombetare\/","og_site_name":"FjALA e LIR\u00cb - Arkivi","article_published_time":"2011-09-21T11:44:54+00:00","author":"admin","twitter_card":"summary_large_image","twitter_misc":{"Written by":"admin","Est. reading time":"8 minutes"},"schema":{"@context":"https:\/\/schema.org","@graph":[{"@type":"Article","@id":"https:\/\/fjala.info\/2009-2015\/pushteti-qeveria-pasurite-dhe-mafia-kombetare\/#article","isPartOf":{"@id":"https:\/\/fjala.info\/2009-2015\/pushteti-qeveria-pasurite-dhe-mafia-kombetare\/"},"author":{"name":"admin","@id":"https:\/\/fjala.info\/2009-2015\/#\/schema\/person\/3aa1163ef05469c496fc94e77611ada2"},"headline":"Pushteti, qeveria, pasurit\u00eb dhe mafia komb\u00ebtare","datePublished":"2011-09-21T11:44:54+00:00","mainEntityOfPage":{"@id":"https:\/\/fjala.info\/2009-2015\/pushteti-qeveria-pasurite-dhe-mafia-kombetare\/"},"wordCount":1573,"commentCount":0,"publisher":{"@id":"https:\/\/fjala.info\/2009-2015\/#organization"},"articleSection":["Artikuj"],"inLanguage":"sq-AL","potentialAction":[{"@type":"CommentAction","name":"Comment","target":["https:\/\/fjala.info\/2009-2015\/pushteti-qeveria-pasurite-dhe-mafia-kombetare\/#respond"]}]},{"@type":"WebPage","@id":"https:\/\/fjala.info\/2009-2015\/pushteti-qeveria-pasurite-dhe-mafia-kombetare\/","url":"https:\/\/fjala.info\/2009-2015\/pushteti-qeveria-pasurite-dhe-mafia-kombetare\/","name":"Pushteti, qeveria, pasurit\u00eb dhe mafia komb\u00ebtare - FjALA e LIR\u00cb - Arkivi","isPartOf":{"@id":"https:\/\/fjala.info\/2009-2015\/#website"},"datePublished":"2011-09-21T11:44:54+00:00","breadcrumb":{"@id":"https:\/\/fjala.info\/2009-2015\/pushteti-qeveria-pasurite-dhe-mafia-kombetare\/#breadcrumb"},"inLanguage":"sq-AL","potentialAction":[{"@type":"ReadAction","target":["https:\/\/fjala.info\/2009-2015\/pushteti-qeveria-pasurite-dhe-mafia-kombetare\/"]}]},{"@type":"BreadcrumbList","@id":"https:\/\/fjala.info\/2009-2015\/pushteti-qeveria-pasurite-dhe-mafia-kombetare\/#breadcrumb","itemListElement":[{"@type":"ListItem","position":1,"name":"Home","item":"https:\/\/fjala.info\/2009-2015\/"},{"@type":"ListItem","position":2,"name":"Pushteti, qeveria, pasurit\u00eb dhe mafia komb\u00ebtare"}]},{"@type":"WebSite","@id":"https:\/\/fjala.info\/2009-2015\/#website","url":"https:\/\/fjala.info\/2009-2015\/","name":"FjALA e LIR\u00cb - Arkivi","description":"Arkivi 2009-2015","publisher":{"@id":"https:\/\/fjala.info\/2009-2015\/#organization"},"potentialAction":[{"@type":"SearchAction","target":{"@type":"EntryPoint","urlTemplate":"https:\/\/fjala.info\/2009-2015\/?s={search_term_string}"},"query-input":{"@type":"PropertyValueSpecification","valueRequired":true,"valueName":"search_term_string"}}],"inLanguage":"sq-AL"},{"@type":"Organization","@id":"https:\/\/fjala.info\/2009-2015\/#organization","name":"FjALA e LIR\u00cb - Arkivi","url":"https:\/\/fjala.info\/2009-2015\/","logo":{"@type":"ImageObject","inLanguage":"sq-AL","@id":"https:\/\/fjala.info\/2009-2015\/#\/schema\/logo\/image\/","url":"","contentUrl":"","caption":"FjALA e LIR\u00cb - Arkivi"},"image":{"@id":"https:\/\/fjala.info\/2009-2015\/#\/schema\/logo\/image\/"}},{"@type":"Person","@id":"https:\/\/fjala.info\/2009-2015\/#\/schema\/person\/3aa1163ef05469c496fc94e77611ada2","name":"admin","image":{"@type":"ImageObject","inLanguage":"sq-AL","@id":"https:\/\/fjala.info\/2009-2015\/wp-content\/uploads\/2012\/02\/arben_cokaj-120x150.jpg","url":"https:\/\/fjala.info\/2009-2015\/wp-content\/uploads\/2012\/02\/arben_cokaj-120x150.jpg","contentUrl":"https:\/\/fjala.info\/2009-2015\/wp-content\/uploads\/2012\/02\/arben_cokaj-120x150.jpg","caption":"admin"},"description":"Admin, Fjala e Lir\u00eb","sameAs":["https:\/\/fjala.info\/"],"url":"https:\/\/fjala.info\/2009-2015\/author\/admin\/"}]}},"_links":{"self":[{"href":"https:\/\/fjala.info\/2009-2015\/wp-json\/wp\/v2\/posts\/10599","targetHints":{"allow":["GET"]}}],"collection":[{"href":"https:\/\/fjala.info\/2009-2015\/wp-json\/wp\/v2\/posts"}],"about":[{"href":"https:\/\/fjala.info\/2009-2015\/wp-json\/wp\/v2\/types\/post"}],"author":[{"embeddable":true,"href":"https:\/\/fjala.info\/2009-2015\/wp-json\/wp\/v2\/users\/1"}],"replies":[{"embeddable":true,"href":"https:\/\/fjala.info\/2009-2015\/wp-json\/wp\/v2\/comments?post=10599"}],"version-history":[{"count":0,"href":"https:\/\/fjala.info\/2009-2015\/wp-json\/wp\/v2\/posts\/10599\/revisions"}],"wp:attachment":[{"href":"https:\/\/fjala.info\/2009-2015\/wp-json\/wp\/v2\/media?parent=10599"}],"wp:term":[{"taxonomy":"category","embeddable":true,"href":"https:\/\/fjala.info\/2009-2015\/wp-json\/wp\/v2\/categories?post=10599"},{"taxonomy":"post_tag","embeddable":true,"href":"https:\/\/fjala.info\/2009-2015\/wp-json\/wp\/v2\/tags?post=10599"}],"curies":[{"name":"wp","href":"https:\/\/api.w.org\/{rel}","templated":true}]}}