{"id":10596,"date":"2011-09-23T12:43:46","date_gmt":"2011-09-23T11:43:46","guid":{"rendered":"http:\/\/fjala.shkoder.net\/?p=10596"},"modified":"2011-09-23T12:43:46","modified_gmt":"2011-09-23T11:43:46","slug":"deshtimi-i-shtatzanise-se-genc-pollo-s","status":"publish","type":"post","link":"https:\/\/fjala.info\/2009-2015\/deshtimi-i-shtatzanise-se-genc-pollo-s\/","title":{"rendered":"D\u00ebshtimi i shtatzanis\u00eb s\u00eb Genc Pollo-s !"},"content":{"rendered":"<p>I mbarsur nga Athina zyrtare, ministri yn\u00eb i \u201cInovacionit dhe Teknologjis\u00eb\u201d, z. Genc Pollo, d\u00ebshtoi! Bashk\u00eb me t\u00eb d\u00ebshtoi n\u00eb m\u00ebnyr\u00eb t\u00eb turpshme llafazan\u00ebria intrigante e qeveris\u00eb aktuale. Lajmin  e k\u00ebtij d\u00ebshtimi historik e b\u00ebri t\u00eb ditur dhe e publikoi Gjykata Kushtetuese shqiptare. P\u00ebrmes nj\u00eb vendimi me gjasht\u00eb vota shqiptar\u00ebsh pro dhe dy vota \u201cminoritar\u00ebsh\u201d kund\u00ebr ( dje, dt 16 shtator 2011, ora 10.30 ) kjo gjykat\u00eb jasht\u00ebqiti, nga jurisprudenca shqiptare, si antikushtetues ligjin famoz t\u00eb \u201ccensusit-pollo\u201d. <\/p>\n<p>Ligj ky q\u00eb, duke ju referuar jo vet\u00ebm denoncimit, t\u00eb organizatave atdhetare jo qeveritare, si antikomb\u00ebtar, por edhe guximit profesional t\u00eb disa gjyq\u00ebtarve me n\u00eb krye N\u00ebn\/Kryetarin e K\u00ebshillit t\u00eb Lart\u00eb t\u00eb Drejt\u00ebsis\u00eb z. Kreshnik Spahiu, do t\u00eb shkelte hapur kushtetut\u00ebn, do t\u00eb c\u00ebnonte r\u00ebnd\u00eb identitetin komb\u00ebtar, sovranitetin e Republik\u00ebs s\u00eb Shqip\u00ebris\u00eb madje do t\u00eb shnd\u00ebrronte n\u00eb nul, n\u00eb nj\u00eb t\u00eb ardhme t\u00eb af\u00ebrt, t\u00eb Drejtat e Njeriut  n\u00eb Republik\u00ebn Shqiptare t\u00eb Nato-s. <\/p>\n<p><strong>Po \u00e7far\u00eb ishte ky ligj dhe kujt i sh\u00ebrbente?<\/strong> <\/p>\n<p>S\u00eb pari, regjistrimi etno-fetar, duke qen\u00eb nje pro\u00e7es adminstrativo-civil, do t\u00eb duhej t\u00eb zhvillohej mbi k\u00ebt\u00eb platform\u00eb organizimi pa qen\u00eb e nevojshme t\u00eb shnd\u00ebrrohej tin\u00ebzisht , nga qeveria berisha,  n\u00eb pro\u00e7es politik, madje  edhe parlamentar. Aq m\u00eb pak, ky regjistrim, nuk duhej t\u00eb ishte si\u00e7 v\u00ebrtet u kthye, operacion, mirfilli, i hapur antikomb\u00ebtar q\u00eb do t\u00eb k\u00ebnaqte, sipa gjasave, orekset e disa rrymave ekstremiste antishqiptarve brenda apo p\u00ebrtej kufijve administrative t\u00eb Republik\u00ebs s\u00eb Shqip\u00ebris\u00eb. Ky regjistrim, q\u00eb n\u00eb pamje t\u00eb par\u00eb duket si hi\u00e7mosgj\u00eb, ishte projekt i detajuar e mir\u00eblapsuar i nj\u00eb plani t\u00eb t\u00ebr\u00eb e afatgjat t\u00eb urdh\u00ebruar nga linja Athin\u00eb-Beograd-Bukuresht. <\/p>\n<p>T\u00eb trija k\u00ebto qendra jo shum\u00eb shqiptarodash\u00ebse  me implementimin e k\u00ebtij regjistrimi  etno-fetar, n\u00eb Republik\u00ebn e Shqip\u00ebris\u00eb, do t\u00eb festonin \u201cvdekjen\u201d e aspirat\u00ebs shekullore t\u00eb shqiptarve, Shqip\u00ebrin\u00eb e Bashkuar. Si rrjedhoj\u00eb, do t\u00eb simulonin  propagand\u00ebn-fantashkencore t\u00eb ides\u00eb, s\u00eb vjet\u00ebruar tashm\u00eb, se kombi shqiptar nuk \u00ebsht\u00eb asnj\u00eb gj\u00eb m\u00eb shum\u00eb sesa nj\u00eb sajes\u00eb artificiale e p\u00ebrb\u00ebr\u00eb nga gur themeli etnit\u00eb e  krishtera greke, rumune dhe serbo-boshnjake. <\/p>\n<p>Aq e v\u00ebrtet\u00eb \u00ebsht\u00eb d\u00ebshira e tyre saq\u00eb respektivisht, Athina mb\u00ebshtet sot e k\u00ebsaj dite pseudo-teorin\u00eb e \u201cvorio-epirit\u201d p\u00ebrmes pensioneve n\u00eb jug t\u00eb vendit, kishave t\u00eb mbjella ku e ku si k\u00ebrpudhat, varrezave t\u00eb ushtarve grek brenda terrirorit administrative t\u00eb Republik\u00ebs s\u00eb Shqip\u00ebris\u00eb etj etj, Beogradi flet e riflet p\u00ebr Kosov\u00ebn si \u201cz\u00ebm\u00ebr t\u00eb Serbis\u00eb\u201d, k\u00ebrkon\u00eb aneksimin e Mitrovic\u00ebs s\u00eb  Veriut dhe, p\u00ebr m\u00eb shum\u00eb, shkel me dhun\u00eb institucionalo-shtet\u00ebrore t\u00eb drejtat e shqiptarve autokton n\u00eb Lugin\u00ebn e Preshev\u00ebs e, s\u00eb fundmi, Bukureshti q\u00eb jo vet\u00ebm  nuk e ka p\u00ebrzem\u00ebr njohjen e shtetit t\u00eb Ri t\u00eb Kosov\u00ebs, por  na shfaqet  me nj\u00eb tjet\u00ebr teori, at\u00eb  t\u00eb  ekzistenc\u00ebs numerike t\u00eb etnis\u00eb rumune  n\u00eb territorin e Republik\u00ebs s\u00eb Shqip\u00ebris\u00eb. <\/p>\n<p>Pra, k\u00ebsaj fushate  antishqiptare, q\u00eb u udh\u00ebhoq  nga k\u00ebto tre shtete me n\u00eb krye Athin\u00ebn, n\u00ebse do ti bashkangjitej edhe  regjistrimi sipas mides\u00eb s\u00eb tyre,  n\u00eb nivel rajonal, n\u00eb strukturat m\u00eb t\u00eb larta t\u00eb BE apo dhe m\u00eb gjer\u00eb,  k\u00ebto shtete do t\u00eb mbillnin  ligj\u00ebrisht, t\u00eb  bazuar n\u00eb shifra, numra , pse jo, dhe n\u00eb dokumenta zyrtar\u00eb  t\u00eb shkruara e zeza mbi t\u00eb bardh\u00eb,  pseudoiden\u00eb se  Republika e  Shqip\u00ebris\u00eb Administrative \u00ebsht\u00eb nj\u00eb shtet multietnik me shumic\u00eb t\u00eb krishter\u00eb  greke, serbe, rumune e  me pakic\u00eb shqiptaro-musylmane. Si rrjedhoj\u00eb,  k\u00ebto raporte apo shifra do t\u00eb  orientonin  politik\u00ebn ton\u00eb komb\u00ebtare n\u00eb sh\u00ebrbim t\u00eb  interesave t\u00eb vendeve respektive edhe pse me k\u00ebto vende, dashur ose pa dashur, kemi konflikte  interesash t\u00eb kahershme. <\/p>\n<p>N\u00eb k\u00ebto kushte, n\u00ebse ky regjistrim etno-fetar  b\u00ebhej realitet, n\u00eb opinionin mbar\u00eb evropian do t\u00eb pozicionoheshin, si pa pritur, dy rryma kund\u00ebrshtare:  nga nj\u00ebra an\u00eb  armata e krishter\u00eb serbo-greko-rumune e sajuar n\u00eb form\u00eb dhe m\u00ebnyr\u00eb virtual  edhe pse defakto nga  qytetar etnik  shqiptar dhe nga tjetra nj\u00eb popull pakic\u00eb musylman\u00ebsh, jo autokton, madje  kinse t\u00eb importuar n\u00eb Ballkan nga Turqia e madhe. <\/p>\n<p>Fakt p\u00ebr k\u00ebt\u00eb krim, t\u00eb ngelur n\u00eb tentative, \u00ebsht\u00eb edhe propagandimi serbo-greko-rumun se shqiptar\u00ebt na rrezikojn\u00eb stabilitetin n\u00eb rajon n\u00ebp\u00ebrmjet ides\u00eb s\u00eb  \u201dShqip\u00ebris\u00eb s\u00eb Madhe\u201d (lexo akademit\u00eb e tre vendeve respektive). Dhe, n\u00ebse nuk bindeni, n\u00eb \u00e7ka m\u00eb sip\u00ebr, merrni guximin t\u00eb kund\u00ebrshtoni p\u00ebrrall\u00ebn  se Turqia musylmane nuk meritoka, as p\u00ebrpara Greqis\u00eb e as p\u00ebrpara Rumanis\u00eb, t\u00eb hyj\u00eb n\u00eb Bashkimin Evropian. Gjepura! Turqia, j\u2019ua them un\u00eb, nuk \u00ebsht\u00eb futur n\u00eb BE, madje Evropa \u00ebsht\u00eb tallur me t\u00eb,  sepse ky vend ka nj\u00eb t\u00eb \u201cmet\u201d t\u00eb madhe, sipas disave, \u00ebsht\u00eb shtet musylman. <\/p>\n<p>Ky fakt  prodhon\u00eb reaksion p\u00ebr  Krisht\u00ebrimin e Bashkuar Evropian i cili deri m\u00eb sot\u00eb si defakto dhe dejuro e ka konstituar antarsin\u00eb e vet me kombe t\u00eb besimit t\u00eb krishter\u00eb ose deg\u00eb t\u00eb tij.  Fatkeq\u00ebsisht,  sipas ideator\u00ebve dhe projektuesve t\u00eb k\u00ebsaj Evrope, reaksioni q\u00eb do t\u00eb krijonte hyrja e Turqis\u00eb n\u00eb BE do t\u00eb kishte pasoja jo t\u00eb vogla, sipas tyre, p\u00ebr planin afatgjat t\u00eb krijimit t\u00eb nj\u00eb Evrope t\u00eb krishter\u00eb,  kund\u00ebrpesh\u00eb a ndoshta karshill\u00ebk ndaj  alencave globale t\u00eb shteteve me besim muslyman, n\u00eb rritje e sip\u00ebr. Ja pra pse  Evropa hesht. <\/p>\n<p>K\u00ebshtu q\u00eb, n\u00ebse do t\u00eb rikthehemi te problemi yn\u00eb si komb, ajo \u00e7\u2019ka bie ndesh me logjik\u00ebn juridiko-historike, t\u00eb drejt\u00ebn Nd\u00ebrkomb\u00ebtare dhe at\u00eb t\u00eb aspirat\u00ebs s\u00eb nj\u00eb populli autokton drejt\u00eb nj\u00eb bashkimi t\u00eb pashmangsh\u00ebm t\u00eb tij n\u00eb nj\u00eb shtet t\u00eb vet\u00ebm, \u00ebsht\u00eb \u00e7\u00ebshtje konflikti interesash, viktim\u00eb aleancash t\u00eb ndotura e tendecioze me synim deri n\u00eb asimilim t\u00eb kombit ton\u00eb p\u00ebr krijimin  artificial t\u00eb nj\u00eb shteti multietnik shqiptar si dhe propagandimin e  nj\u00eb opinioni t\u00eb rrem mbarevropian se, shqiptar\u00ebt jan\u00eb pakic\u00eb, turq  musylman, si pasoj\u00eb, edhe rrezik permanent p\u00ebr BE, nes\u00ebr. <\/p>\n<p>N\u00ebse  donkishot\u00ebt e Athin\u00ebs, Beogradit dhe Bukureshtit do t\u00eb arrinin k\u00ebt\u00eb  objektiv, edhe me ndihm\u00ebn e Renegatve shqiptar, q\u00eb hodh\u00ebn n\u00eb treg  k\u00ebt\u00eb palo regjistrim, nuk do kishte  shans zgjidhja e problemit tragjik t\u00eb \u00c7am\u00ebris\u00eb, por as q\u00eb do merrej n\u00eb konsiderat\u00eb. Pra, kur Greqia injoron problemin \u00e7am si dhe ekzistenc\u00ebn e mbi 2 milion e ca shqiptarve autokton n\u00eb territorin e saj, madje synon\u00eb \u201cGreqin\u00eb e Madhe\u201d me fantazm\u00ebn e \u201cVorio-Epirit\u201d, Serbia nuk njeh Kosov\u00ebn shtet t\u00eb pavarur e, aq m\u00eb t\u00ebp\u00ebr, pretendon\u00eb \u201cSerbin\u00eb e Madhe\u201d, Rumania k\u00ebrkon\u00eb t\u00eb shum\u00ebshifroj\u00eb numrin e pakicave rumune n\u00eb Shqip\u00ebri, a mund t\u00eb pretendojn\u00eb shqiptar\u00ebt se e drejta e tyre p\u00ebr t\u00eb ruajtur identitetin komb\u00ebtar do t\u00eb mb\u00ebshtetet  nga k\u00ebto shtete ?<\/p>\n<p>P\u00ebr t\u00eb qen\u00eb m\u00eb koherent pyesim: regjistrimi i sajuar etno-fetar a mund t\u00eb ishte n\u00eb favor t\u00eb shqiptarve ku sipas \u201ccensus-it pollo\u201d do t\u00eb na dilnin  m\u00eb shum\u00eb serbo-greko-rumun\u00eb t\u00eb krishter\u00eb sesa shqiptar shqiptar\u00eb pavarsisht besimit  t\u00eb tyre fetar ? Por p\u00ebrgjigja erdhi, k\u00ebto dit\u00eb. Ajo ishte kushtetuese, ligjore, e moralshme e mbi t\u00eb gjitha atdhetare. N\u00eb k\u00ebto kushte, z. Pollo ju konfirmojm\u00eb  me keqardhje se, ju keni d\u00ebshtuar ! <\/p>\n<p>D\u00ebshtuat n\u00eb sistemin arsimor, vite m\u00eb par\u00eb kur ishit Minist\u00ebr i Arsimit dhe Shkenc\u00ebs, ku me tekstet shkollore t\u00eb klas\u00ebs s\u00eb IV-t e t\u00eb XII-t\u00eb, me gjith\u00eb p\u00ebrpjekjet tuaja t\u00eb d\u00ebshp\u00ebruara,  nuk arrit\u00ebt dot  ta sillnit kufirin grek deri n\u00eb Nart\u00eb (t\u00eb Vlor\u00ebs) dhe sot me \u201ccensusin-tuaj\u201d e lat\u00eb me kok\u00ebm\u00ebnjan\u00eb Athin\u00ebn sepse nuk ja dol\u00ebt t\u00eb fabrikonit ca vorio-epirot\u00eb n\u00eb vendin ton\u00eb. O zoti Pollo, po m\u00eb vjen v\u00ebrtet keq p\u00ebr ju q\u00eb brodh\u00ebt \u201csi cifut\u00ebt n\u00eb Mes\u00ebdhe\u201d dhe nuk gjet\u00ebt asnj\u00eb grek sepse n\u00ebse do t\u00eb kishit ditur sekretin (le t\u00eb ngelet mes nesh) se grek  nuk ka n\u00eb Athin\u00eb e jo m\u00eb n\u00eb Shqip\u00ebri, nuk do ta kishit b\u00ebr gjith\u00eb k\u00ebt\u00eb shpenzim.<\/p>\n<p><em>Jurist<\/em>, <strong>Genc Llakaj<\/strong><\/p>\n","protected":false},"excerpt":{"rendered":"<p>I mbarsur nga Athina zyrtare, ministri yn\u00eb i \u201cInovacionit dhe Teknologjis\u00eb\u201d, z. Genc Pollo, d\u00ebshtoi! Bashk\u00eb me t\u00eb d\u00ebshtoi n\u00eb m\u00ebnyr\u00eb t\u00eb turpshme llafazan\u00ebria intrigante e qeveris\u00eb aktuale. Lajmin e k\u00ebtij d\u00ebshtimi historik e b\u00ebri t\u00eb ditur dhe e publikoi Gjykata Kushtetuese shqiptare. P\u00ebrmes nj\u00eb vendimi me gjasht\u00eb vota shqiptar\u00ebsh pro dhe dy vota \u201cminoritar\u00ebsh\u201d [&hellip;]<\/p>\n","protected":false},"author":1,"featured_media":0,"comment_status":"open","ping_status":"closed","sticky":false,"template":"","format":"standard","meta":{"footnotes":""},"categories":[2],"tags":[],"class_list":{"0":"post-10596","1":"post","2":"type-post","3":"status-publish","4":"format-standard","6":"category-artikuj"},"yoast_head":"<!-- This site is optimized with the Yoast SEO plugin v27.4 - https:\/\/yoast.com\/product\/yoast-seo-wordpress\/ -->\n<title>D\u00ebshtimi i shtatzanis\u00eb s\u00eb Genc Pollo-s ! - FjALA e LIR\u00cb - Arkivi<\/title>\n<meta name=\"robots\" content=\"index, follow, max-snippet:-1, max-image-preview:large, max-video-preview:-1\" \/>\n<link rel=\"canonical\" href=\"https:\/\/fjala.info\/2009-2015\/deshtimi-i-shtatzanise-se-genc-pollo-s\/\" \/>\n<meta property=\"og:locale\" content=\"sq_AL\" \/>\n<meta property=\"og:type\" content=\"article\" \/>\n<meta property=\"og:title\" content=\"D\u00ebshtimi i shtatzanis\u00eb s\u00eb Genc Pollo-s ! - FjALA e LIR\u00cb - Arkivi\" \/>\n<meta property=\"og:description\" content=\"I mbarsur nga Athina zyrtare, ministri yn\u00eb i \u201cInovacionit dhe Teknologjis\u00eb\u201d, z. Genc Pollo, d\u00ebshtoi! Bashk\u00eb me t\u00eb d\u00ebshtoi n\u00eb m\u00ebnyr\u00eb t\u00eb turpshme llafazan\u00ebria intrigante e qeveris\u00eb aktuale. Lajmin e k\u00ebtij d\u00ebshtimi historik e b\u00ebri t\u00eb ditur dhe e publikoi Gjykata Kushtetuese shqiptare. P\u00ebrmes nj\u00eb vendimi me gjasht\u00eb vota shqiptar\u00ebsh pro dhe dy vota \u201cminoritar\u00ebsh\u201d [&hellip;]\" \/>\n<meta property=\"og:url\" content=\"https:\/\/fjala.info\/2009-2015\/deshtimi-i-shtatzanise-se-genc-pollo-s\/\" \/>\n<meta property=\"og:site_name\" content=\"FjALA e LIR\u00cb - Arkivi\" \/>\n<meta property=\"article:published_time\" content=\"2011-09-23T11:43:46+00:00\" \/>\n<meta name=\"author\" content=\"admin\" \/>\n<meta name=\"twitter:card\" content=\"summary_large_image\" \/>\n<meta name=\"twitter:label1\" content=\"Written by\" \/>\n\t<meta name=\"twitter:data1\" content=\"admin\" \/>\n\t<meta name=\"twitter:label2\" content=\"Est. reading time\" \/>\n\t<meta name=\"twitter:data2\" content=\"7 minutes\" \/>\n<script type=\"application\/ld+json\" class=\"yoast-schema-graph\">{\"@context\":\"https:\\\/\\\/schema.org\",\"@graph\":[{\"@type\":\"Article\",\"@id\":\"https:\\\/\\\/fjala.info\\\/2009-2015\\\/deshtimi-i-shtatzanise-se-genc-pollo-s\\\/#article\",\"isPartOf\":{\"@id\":\"https:\\\/\\\/fjala.info\\\/2009-2015\\\/deshtimi-i-shtatzanise-se-genc-pollo-s\\\/\"},\"author\":{\"name\":\"admin\",\"@id\":\"https:\\\/\\\/fjala.info\\\/2009-2015\\\/#\\\/schema\\\/person\\\/3aa1163ef05469c496fc94e77611ada2\"},\"headline\":\"D\u00ebshtimi i shtatzanis\u00eb s\u00eb Genc Pollo-s !\",\"datePublished\":\"2011-09-23T11:43:46+00:00\",\"mainEntityOfPage\":{\"@id\":\"https:\\\/\\\/fjala.info\\\/2009-2015\\\/deshtimi-i-shtatzanise-se-genc-pollo-s\\\/\"},\"wordCount\":1385,\"commentCount\":1,\"publisher\":{\"@id\":\"https:\\\/\\\/fjala.info\\\/2009-2015\\\/#organization\"},\"articleSection\":[\"Artikuj\"],\"inLanguage\":\"sq-AL\",\"potentialAction\":[{\"@type\":\"CommentAction\",\"name\":\"Comment\",\"target\":[\"https:\\\/\\\/fjala.info\\\/2009-2015\\\/deshtimi-i-shtatzanise-se-genc-pollo-s\\\/#respond\"]}]},{\"@type\":\"WebPage\",\"@id\":\"https:\\\/\\\/fjala.info\\\/2009-2015\\\/deshtimi-i-shtatzanise-se-genc-pollo-s\\\/\",\"url\":\"https:\\\/\\\/fjala.info\\\/2009-2015\\\/deshtimi-i-shtatzanise-se-genc-pollo-s\\\/\",\"name\":\"D\u00ebshtimi i shtatzanis\u00eb s\u00eb Genc Pollo-s ! - FjALA e LIR\u00cb - Arkivi\",\"isPartOf\":{\"@id\":\"https:\\\/\\\/fjala.info\\\/2009-2015\\\/#website\"},\"datePublished\":\"2011-09-23T11:43:46+00:00\",\"breadcrumb\":{\"@id\":\"https:\\\/\\\/fjala.info\\\/2009-2015\\\/deshtimi-i-shtatzanise-se-genc-pollo-s\\\/#breadcrumb\"},\"inLanguage\":\"sq-AL\",\"potentialAction\":[{\"@type\":\"ReadAction\",\"target\":[\"https:\\\/\\\/fjala.info\\\/2009-2015\\\/deshtimi-i-shtatzanise-se-genc-pollo-s\\\/\"]}]},{\"@type\":\"BreadcrumbList\",\"@id\":\"https:\\\/\\\/fjala.info\\\/2009-2015\\\/deshtimi-i-shtatzanise-se-genc-pollo-s\\\/#breadcrumb\",\"itemListElement\":[{\"@type\":\"ListItem\",\"position\":1,\"name\":\"Home\",\"item\":\"https:\\\/\\\/fjala.info\\\/2009-2015\\\/\"},{\"@type\":\"ListItem\",\"position\":2,\"name\":\"D\u00ebshtimi i shtatzanis\u00eb s\u00eb Genc Pollo-s !\"}]},{\"@type\":\"WebSite\",\"@id\":\"https:\\\/\\\/fjala.info\\\/2009-2015\\\/#website\",\"url\":\"https:\\\/\\\/fjala.info\\\/2009-2015\\\/\",\"name\":\"FjALA e LIR\u00cb - Arkivi\",\"description\":\"Arkivi 2009-2015\",\"publisher\":{\"@id\":\"https:\\\/\\\/fjala.info\\\/2009-2015\\\/#organization\"},\"potentialAction\":[{\"@type\":\"SearchAction\",\"target\":{\"@type\":\"EntryPoint\",\"urlTemplate\":\"https:\\\/\\\/fjala.info\\\/2009-2015\\\/?s={search_term_string}\"},\"query-input\":{\"@type\":\"PropertyValueSpecification\",\"valueRequired\":true,\"valueName\":\"search_term_string\"}}],\"inLanguage\":\"sq-AL\"},{\"@type\":\"Organization\",\"@id\":\"https:\\\/\\\/fjala.info\\\/2009-2015\\\/#organization\",\"name\":\"FjALA e LIR\u00cb - Arkivi\",\"url\":\"https:\\\/\\\/fjala.info\\\/2009-2015\\\/\",\"logo\":{\"@type\":\"ImageObject\",\"inLanguage\":\"sq-AL\",\"@id\":\"https:\\\/\\\/fjala.info\\\/2009-2015\\\/#\\\/schema\\\/logo\\\/image\\\/\",\"url\":\"\",\"contentUrl\":\"\",\"caption\":\"FjALA e LIR\u00cb - Arkivi\"},\"image\":{\"@id\":\"https:\\\/\\\/fjala.info\\\/2009-2015\\\/#\\\/schema\\\/logo\\\/image\\\/\"}},{\"@type\":\"Person\",\"@id\":\"https:\\\/\\\/fjala.info\\\/2009-2015\\\/#\\\/schema\\\/person\\\/3aa1163ef05469c496fc94e77611ada2\",\"name\":\"admin\",\"image\":{\"@type\":\"ImageObject\",\"inLanguage\":\"sq-AL\",\"@id\":\"https:\\\/\\\/fjala.info\\\/2009-2015\\\/wp-content\\\/uploads\\\/2012\\\/02\\\/arben_cokaj-120x150.jpg\",\"url\":\"https:\\\/\\\/fjala.info\\\/2009-2015\\\/wp-content\\\/uploads\\\/2012\\\/02\\\/arben_cokaj-120x150.jpg\",\"contentUrl\":\"https:\\\/\\\/fjala.info\\\/2009-2015\\\/wp-content\\\/uploads\\\/2012\\\/02\\\/arben_cokaj-120x150.jpg\",\"caption\":\"admin\"},\"description\":\"Admin, Fjala e Lir\u00eb\",\"sameAs\":[\"https:\\\/\\\/fjala.info\\\/\"],\"url\":\"https:\\\/\\\/fjala.info\\\/2009-2015\\\/author\\\/admin\\\/\"}]}<\/script>\n<!-- \/ Yoast SEO plugin. -->","yoast_head_json":{"title":"D\u00ebshtimi i shtatzanis\u00eb s\u00eb Genc Pollo-s ! - FjALA e LIR\u00cb - Arkivi","robots":{"index":"index","follow":"follow","max-snippet":"max-snippet:-1","max-image-preview":"max-image-preview:large","max-video-preview":"max-video-preview:-1"},"canonical":"https:\/\/fjala.info\/2009-2015\/deshtimi-i-shtatzanise-se-genc-pollo-s\/","og_locale":"sq_AL","og_type":"article","og_title":"D\u00ebshtimi i shtatzanis\u00eb s\u00eb Genc Pollo-s ! - FjALA e LIR\u00cb - Arkivi","og_description":"I mbarsur nga Athina zyrtare, ministri yn\u00eb i \u201cInovacionit dhe Teknologjis\u00eb\u201d, z. Genc Pollo, d\u00ebshtoi! Bashk\u00eb me t\u00eb d\u00ebshtoi n\u00eb m\u00ebnyr\u00eb t\u00eb turpshme llafazan\u00ebria intrigante e qeveris\u00eb aktuale. Lajmin e k\u00ebtij d\u00ebshtimi historik e b\u00ebri t\u00eb ditur dhe e publikoi Gjykata Kushtetuese shqiptare. P\u00ebrmes nj\u00eb vendimi me gjasht\u00eb vota shqiptar\u00ebsh pro dhe dy vota \u201cminoritar\u00ebsh\u201d [&hellip;]","og_url":"https:\/\/fjala.info\/2009-2015\/deshtimi-i-shtatzanise-se-genc-pollo-s\/","og_site_name":"FjALA e LIR\u00cb - Arkivi","article_published_time":"2011-09-23T11:43:46+00:00","author":"admin","twitter_card":"summary_large_image","twitter_misc":{"Written by":"admin","Est. reading time":"7 minutes"},"schema":{"@context":"https:\/\/schema.org","@graph":[{"@type":"Article","@id":"https:\/\/fjala.info\/2009-2015\/deshtimi-i-shtatzanise-se-genc-pollo-s\/#article","isPartOf":{"@id":"https:\/\/fjala.info\/2009-2015\/deshtimi-i-shtatzanise-se-genc-pollo-s\/"},"author":{"name":"admin","@id":"https:\/\/fjala.info\/2009-2015\/#\/schema\/person\/3aa1163ef05469c496fc94e77611ada2"},"headline":"D\u00ebshtimi i shtatzanis\u00eb s\u00eb Genc Pollo-s !","datePublished":"2011-09-23T11:43:46+00:00","mainEntityOfPage":{"@id":"https:\/\/fjala.info\/2009-2015\/deshtimi-i-shtatzanise-se-genc-pollo-s\/"},"wordCount":1385,"commentCount":1,"publisher":{"@id":"https:\/\/fjala.info\/2009-2015\/#organization"},"articleSection":["Artikuj"],"inLanguage":"sq-AL","potentialAction":[{"@type":"CommentAction","name":"Comment","target":["https:\/\/fjala.info\/2009-2015\/deshtimi-i-shtatzanise-se-genc-pollo-s\/#respond"]}]},{"@type":"WebPage","@id":"https:\/\/fjala.info\/2009-2015\/deshtimi-i-shtatzanise-se-genc-pollo-s\/","url":"https:\/\/fjala.info\/2009-2015\/deshtimi-i-shtatzanise-se-genc-pollo-s\/","name":"D\u00ebshtimi i shtatzanis\u00eb s\u00eb Genc Pollo-s ! - FjALA e LIR\u00cb - Arkivi","isPartOf":{"@id":"https:\/\/fjala.info\/2009-2015\/#website"},"datePublished":"2011-09-23T11:43:46+00:00","breadcrumb":{"@id":"https:\/\/fjala.info\/2009-2015\/deshtimi-i-shtatzanise-se-genc-pollo-s\/#breadcrumb"},"inLanguage":"sq-AL","potentialAction":[{"@type":"ReadAction","target":["https:\/\/fjala.info\/2009-2015\/deshtimi-i-shtatzanise-se-genc-pollo-s\/"]}]},{"@type":"BreadcrumbList","@id":"https:\/\/fjala.info\/2009-2015\/deshtimi-i-shtatzanise-se-genc-pollo-s\/#breadcrumb","itemListElement":[{"@type":"ListItem","position":1,"name":"Home","item":"https:\/\/fjala.info\/2009-2015\/"},{"@type":"ListItem","position":2,"name":"D\u00ebshtimi i shtatzanis\u00eb s\u00eb Genc Pollo-s !"}]},{"@type":"WebSite","@id":"https:\/\/fjala.info\/2009-2015\/#website","url":"https:\/\/fjala.info\/2009-2015\/","name":"FjALA e LIR\u00cb - Arkivi","description":"Arkivi 2009-2015","publisher":{"@id":"https:\/\/fjala.info\/2009-2015\/#organization"},"potentialAction":[{"@type":"SearchAction","target":{"@type":"EntryPoint","urlTemplate":"https:\/\/fjala.info\/2009-2015\/?s={search_term_string}"},"query-input":{"@type":"PropertyValueSpecification","valueRequired":true,"valueName":"search_term_string"}}],"inLanguage":"sq-AL"},{"@type":"Organization","@id":"https:\/\/fjala.info\/2009-2015\/#organization","name":"FjALA e LIR\u00cb - Arkivi","url":"https:\/\/fjala.info\/2009-2015\/","logo":{"@type":"ImageObject","inLanguage":"sq-AL","@id":"https:\/\/fjala.info\/2009-2015\/#\/schema\/logo\/image\/","url":"","contentUrl":"","caption":"FjALA e LIR\u00cb - Arkivi"},"image":{"@id":"https:\/\/fjala.info\/2009-2015\/#\/schema\/logo\/image\/"}},{"@type":"Person","@id":"https:\/\/fjala.info\/2009-2015\/#\/schema\/person\/3aa1163ef05469c496fc94e77611ada2","name":"admin","image":{"@type":"ImageObject","inLanguage":"sq-AL","@id":"https:\/\/fjala.info\/2009-2015\/wp-content\/uploads\/2012\/02\/arben_cokaj-120x150.jpg","url":"https:\/\/fjala.info\/2009-2015\/wp-content\/uploads\/2012\/02\/arben_cokaj-120x150.jpg","contentUrl":"https:\/\/fjala.info\/2009-2015\/wp-content\/uploads\/2012\/02\/arben_cokaj-120x150.jpg","caption":"admin"},"description":"Admin, Fjala e Lir\u00eb","sameAs":["https:\/\/fjala.info\/"],"url":"https:\/\/fjala.info\/2009-2015\/author\/admin\/"}]}},"_links":{"self":[{"href":"https:\/\/fjala.info\/2009-2015\/wp-json\/wp\/v2\/posts\/10596","targetHints":{"allow":["GET"]}}],"collection":[{"href":"https:\/\/fjala.info\/2009-2015\/wp-json\/wp\/v2\/posts"}],"about":[{"href":"https:\/\/fjala.info\/2009-2015\/wp-json\/wp\/v2\/types\/post"}],"author":[{"embeddable":true,"href":"https:\/\/fjala.info\/2009-2015\/wp-json\/wp\/v2\/users\/1"}],"replies":[{"embeddable":true,"href":"https:\/\/fjala.info\/2009-2015\/wp-json\/wp\/v2\/comments?post=10596"}],"version-history":[{"count":0,"href":"https:\/\/fjala.info\/2009-2015\/wp-json\/wp\/v2\/posts\/10596\/revisions"}],"wp:attachment":[{"href":"https:\/\/fjala.info\/2009-2015\/wp-json\/wp\/v2\/media?parent=10596"}],"wp:term":[{"taxonomy":"category","embeddable":true,"href":"https:\/\/fjala.info\/2009-2015\/wp-json\/wp\/v2\/categories?post=10596"},{"taxonomy":"post_tag","embeddable":true,"href":"https:\/\/fjala.info\/2009-2015\/wp-json\/wp\/v2\/tags?post=10596"}],"curies":[{"name":"wp","href":"https:\/\/api.w.org\/{rel}","templated":true}]}}