{"id":10594,"date":"2011-09-23T11:37:58","date_gmt":"2011-09-23T10:37:58","guid":{"rendered":"http:\/\/fjala.shkoder.net\/?p=10594"},"modified":"2011-09-23T11:37:58","modified_gmt":"2011-09-23T10:37:58","slug":"legalizimi-i-lulit","status":"publish","type":"post","link":"https:\/\/fjala.info\/2009-2015\/legalizimi-i-lulit\/","title":{"rendered":"Legalizimi i Lulit!"},"content":{"rendered":"<p><img decoding=\"async\" class=\"alignright size-thumbnail wp-image-7236\" title=\"Mero Baze\" src=\"http:\/\/www.shkoder.net\/images\/fjala\/mero_baze1.jpg\" alt=\"\" width=\"150\" \/> Nga <strong>Mero Baze<\/strong><\/p>\n<p>Dy ministra t\u00eb r\u00ebnd\u00ebsish\u00ebm t\u00eb qeveris\u00eb Berisha, Ministri i Transportit dhe Rregullimit t\u00eb Territorit, Sokol Olldashi, dhe Ministri i Drejt\u00ebsis\u00eb Eduard Halimi, u shfaq\u00ebn dje n\u00eb zyr\u00ebn e kryetarit t\u00eb Bashkis\u00eb s\u00eb Tiran\u00ebs, Lul\u00ebzim Basha. Ishte ndoshta hera e par\u00eb q\u00eb n\u00eb at\u00eb zyr\u00eb kryetari i Bashkis\u00eb th\u00ebrriste dy ministra n\u00eb dispozicion t\u00eb tij. K\u00ebsaj dite nuk ja kishte arritur dikur as Edi Rama, q\u00eb me arroganc\u00ebn e tij dominonte mbi ministrat socialist\u00eb dhe her\u00eb- her\u00eb dhe mbi kryeministrat e partis\u00eb s\u00eb tij.<\/p>\n<p>Pamja ishte dometh\u00ebn\u00ebse, n\u00eb nj\u00eb an\u00eb Olldashi, i cili p\u00ebr hir t\u00eb s\u00eb v\u00ebrtet\u00ebs nuk dukej aq i lumtur q\u00eb ishte n\u00eb at\u00eb zyr\u00eb si Minist\u00ebr, dhe n\u00eb krahun tjet\u00ebr Halimi q\u00eb nuk m\u00ebrzitet nga asnj\u00eb detyr\u00eb dhe detyrim ndaj gjithkujt.<\/p>\n<p>Memorandumi mes dy ministrive dhe Lul\u00ebzim Bash\u00ebs p\u00ebr \u00e7\u00ebshtjet e pazgjidhura t\u00eb hipotek\u00ebs nuk u b\u00eb publik dhe nuk u dha ndonj\u00eb detaj. N\u00eb t\u00eb v\u00ebrtet\u00eb dhe sikur t\u00eb ishte di\u00e7ka konkrete, ai nuk ishte shum\u00eb i r\u00ebnd\u00ebsish\u00ebm. Lul\u00ebzim Basha premtimin e ktheu n\u00eb proces dhe proceset si\u00e7 dihet i kthen n\u00eb procedur\u00eb q\u00eb t\u00eb mos mbarojn\u00eb kurr\u00eb. P\u00ebr t\u00eb nuk kishte shum\u00eb r\u00ebnd\u00ebsi memorandumi. Meq\u00eb vjeshta po vjen dhe ai i ka premtuar Arjan \u00c7anit se m\u00eb 15 n\u00ebntor do t\u2019i jap\u00eb hipotek\u00ebn e apartamentit, gjeti nj\u00eb m\u00ebnyr\u00eb q\u00eb njer\u00ebzit mos t\u2019ia k\u00ebrkojn\u00eb hipotek\u00ebn. Por mbi t\u00eb gjitha gjeti nj\u00eb m\u00ebnyr\u00eb shum\u00eb posht\u00ebruese p\u00ebr t\u00eb treguar se qeveria \u00ebsht\u00eb n\u00eb dispozicion t\u00eb tij dhe se ai \u00ebsht\u00eb qendra kryesore e pushtetit.<\/p>\n<p>Nj\u00eb kryetar bashkie q\u00eb do t\u00eb zgjidh\u00eb me gjith\u00eb mend \u00e7\u00ebshtjen e hipotekave, ulet n\u00eb tavolin\u00eb, shkruan nj\u00eb projektligj dhe ja \u00e7on parlamentit p\u00ebr ta miratuar. Pas k\u00ebsaj ai vepron dhe gjith\u00e7ka merr fund. Konsulta e tij me Olldashin dhe Halimin nuk zgjidh asgj\u00eb, pasi \u00e7\u00ebshtja e legalizimit t\u00eb nd\u00ebrtimeve joligjore nuk \u00ebsht\u00eb \u00e7\u00ebshtje shtr\u00ebngim duarsh, por \u00e7\u00ebshtje ligjore. Ajo zgjidhet duke ndryshuar kuadrin ligjor ekzistues dhe duke amnistuar shkeljet e standardeve t\u00eb vendosura nga ligjet e deritanishme.<\/p>\n<p>Nuk dua t\u2019i hyj debatit n\u00ebse \u00ebsht\u00eb mir\u00eb apo keq ta b\u00ebjm\u00eb k\u00ebt\u00eb, por as Lul\u00ebzim Basha nuk \u00ebsht\u00eb duke u marr\u00eb me k\u00ebt\u00eb \u00e7\u00ebshtje. Preokupimi i tij kryesor n\u00eb takimin e djesh\u00ebm, si n\u00eb \u00e7do gj\u00eb tjet\u00ebr t\u00eb tij, \u00ebsht\u00eb fotografia dhe shfaqja publike. Atij i interesonte ta shikonin njer\u00ebzit se si i v\u00eb n\u00eb rresht ministrat p\u00ebr pun\u00ebt e tij dhe si ata nuk mund t\u00eb b\u00ebjn\u00eb dot as dhe ndonj\u00eb koment p\u00ebr k\u00ebt\u00eb shfaqje teatrale.<\/p>\n<p>E kuptoj se dy ministrat nuk kan\u00eb se \u00e7far\u00eb t\u00eb thoshin pasi nuk ka ndonj\u00eb memorandum dhe as ndonj\u00eb nis\u00ebm ligjore p\u00ebr pun\u00ebt e hipotekave. Ata po ashtu nuk jan\u00eb ekspert\u00eb specifik\u00eb t\u00eb \u00e7\u00ebshtjeve q\u00eb kan\u00eb t\u00eb b\u00ebjn\u00eb me hipotekat. Ata ishin aty n\u00eb krah t\u00eb tij, thjesht p\u00ebr t\u00eb treguar se jan\u00eb luajal\u00eb me t\u00eb. T\u00eb gjith\u00eb z\u00ebrat q\u00eb thoshin se Bash po denoncon Olldashin n\u00ebp\u00ebr gazeta, apo se Halimi mund t\u00eb prish\u00eb pun\u00eb p\u00ebr p\u00ebrgjegj\u00ebsin\u00eb e tij n\u00eb vrasjet e 21 Janarit mbyllen menj\u00ebher\u00eb.<\/p>\n<p>Shqiptar\u00ebt shikojn\u00eb se Halimi dhe Olldashi hyjn\u00eb kokulur n\u00eb zyr\u00ebn e Bash\u00ebs, d\u00ebgjojn\u00eb Bash\u00ebn q\u00eb u flet gazetar\u00ebve p\u00ebr nj\u00eb memorandum, tundin kok\u00ebn, \u00e7ohen dhe ikin. Kjo \u00ebsht\u00eb skena p\u00ebr t\u00eb cil\u00ebn ka nevoj\u00eb sot Lul\u00ebzim Basha. Ai ka nevoj\u00eb t\u00eb ndihet i fuqish\u00ebm n\u00eb pushtet, pasi \u00ebsht\u00eb i pafuqish\u00ebm t\u00eb jet\u00eb kryetar i Bashkis\u00eb s\u00eb Tiran\u00ebs dhe t\u00eb mbaj\u00eb premtimet piramidale q\u00eb ka dh\u00ebn\u00eb.<\/p>\n<p>P\u00ebr k\u00ebt\u00eb i nevojitet shp\u00ebrndarja e p\u00ebrgjegj\u00ebsis\u00eb. Olldashi dhe Halimi jan\u00eb tani dy njer\u00ebzit q\u00eb do jen\u00eb bashk\u00ebp\u00ebrgjegj\u00ebs n\u00ebse Arjan \u00c7ani nuk do t\u00eb marr\u00eb hipotek\u00ebn m\u00eb 15 n\u00ebntor, si\u00e7 ja premtoi Lul\u00ebzim Basha n\u00eb nj\u00eb emision special q\u00eb i kushtoi n\u00eb fushat\u00eb p\u00ebr k\u00ebt\u00eb \u00e7\u00ebshtje. Po ashtu do t\u00eb shp\u00ebrndajn\u00eb gjith\u00eb \u00e7\u00ebshtjet nj\u00eb nga nj\u00eb tek ministrat e tjer\u00eb apo agjencit\u00eb q\u00eb veprojn\u00eb n\u00eb vend, lidhur me planin urbanistik, tramvajet, arsimin, vendet e pun\u00ebs, etj. Lul\u00ebzim Basha \u00ebsht\u00eb aty p\u00ebr t\u00eb legalizuar pushtetin e tij dhe jo p\u00ebr t\u00eb p\u00ebrmbushur premtimet e tij.<\/p>\n<p>Fuqia e tij e vetme mbetet fakti q\u00eb t\u00eb gjith\u00eb e shikojn\u00eb si njeriun e Berish\u00ebs, t\u00eb cilit duhet t\u2019i binden dhe t\u2019i rrin\u00eb gatitu. Nj\u00eb kryetar bashkie operativ do t\u00eb ishte simpatik sikur t\u00eb merrte qoft\u00eb dhe bi\u00e7iklet\u00ebn dhe t\u00eb shkonte ministri m\u00eb ministri p\u00ebr t\u00eb zgjidhur pun\u00ebt e bashkis\u00eb dhe premtimet elektorale. Estrad\u00eb do ishte dhe ajo, por pak m\u00eb serioze. Kurse fakti q\u00eb ai nuk denjon as t\u00eb l\u00ebviz\u00eb nga zyra, por i th\u00ebrret aty ministrat si ushtar\u00eb, tregon se problem kryesor i tij nuk \u00ebsht\u00eb legalizimi i hipotekave, por legalizimi i tij si qendra kryesore e pushtetit pas Berish\u00ebs.<\/p>\n","protected":false},"excerpt":{"rendered":"<p>Nga Mero Baze Dy ministra t\u00eb r\u00ebnd\u00ebsish\u00ebm t\u00eb qeveris\u00eb Berisha, Ministri i Transportit dhe Rregullimit t\u00eb Territorit, Sokol Olldashi, dhe Ministri i Drejt\u00ebsis\u00eb Eduard Halimi, u shfaq\u00ebn dje n\u00eb zyr\u00ebn e kryetarit t\u00eb Bashkis\u00eb s\u00eb Tiran\u00ebs, Lul\u00ebzim Basha. Ishte ndoshta hera e par\u00eb q\u00eb n\u00eb at\u00eb zyr\u00eb kryetari i Bashkis\u00eb th\u00ebrriste dy ministra n\u00eb dispozicion [&hellip;]<\/p>\n","protected":false},"author":1,"featured_media":0,"comment_status":"open","ping_status":"closed","sticky":false,"template":"","format":"standard","meta":{"footnotes":""},"categories":[2],"tags":[],"class_list":{"0":"post-10594","1":"post","2":"type-post","3":"status-publish","4":"format-standard","6":"category-artikuj"},"yoast_head":"<!-- This site is optimized with the Yoast SEO plugin v27.4 - https:\/\/yoast.com\/product\/yoast-seo-wordpress\/ -->\n<title>Legalizimi i Lulit! - FjALA e LIR\u00cb - Arkivi<\/title>\n<meta name=\"robots\" content=\"index, follow, max-snippet:-1, max-image-preview:large, max-video-preview:-1\" \/>\n<link rel=\"canonical\" href=\"https:\/\/fjala.info\/2009-2015\/legalizimi-i-lulit\/\" \/>\n<meta property=\"og:locale\" content=\"sq_AL\" \/>\n<meta property=\"og:type\" content=\"article\" \/>\n<meta property=\"og:title\" content=\"Legalizimi i Lulit! - FjALA e LIR\u00cb - Arkivi\" \/>\n<meta property=\"og:description\" content=\"Nga Mero Baze Dy ministra t\u00eb r\u00ebnd\u00ebsish\u00ebm t\u00eb qeveris\u00eb Berisha, Ministri i Transportit dhe Rregullimit t\u00eb Territorit, Sokol Olldashi, dhe Ministri i Drejt\u00ebsis\u00eb Eduard Halimi, u shfaq\u00ebn dje n\u00eb zyr\u00ebn e kryetarit t\u00eb Bashkis\u00eb s\u00eb Tiran\u00ebs, Lul\u00ebzim Basha. Ishte ndoshta hera e par\u00eb q\u00eb n\u00eb at\u00eb zyr\u00eb kryetari i Bashkis\u00eb th\u00ebrriste dy ministra n\u00eb dispozicion [&hellip;]\" \/>\n<meta property=\"og:url\" content=\"https:\/\/fjala.info\/2009-2015\/legalizimi-i-lulit\/\" \/>\n<meta property=\"og:site_name\" content=\"FjALA e LIR\u00cb - Arkivi\" \/>\n<meta property=\"article:published_time\" content=\"2011-09-23T10:37:58+00:00\" \/>\n<meta property=\"og:image\" content=\"http:\/\/www.shkoder.net\/images\/fjala\/mero_baze1.jpg\" \/>\n<meta name=\"author\" content=\"admin\" \/>\n<meta name=\"twitter:card\" content=\"summary_large_image\" \/>\n<meta name=\"twitter:label1\" content=\"Written by\" \/>\n\t<meta name=\"twitter:data1\" content=\"admin\" \/>\n\t<meta name=\"twitter:label2\" content=\"Est. reading time\" \/>\n\t<meta name=\"twitter:data2\" content=\"4 minutes\" \/>\n<script type=\"application\/ld+json\" class=\"yoast-schema-graph\">{\"@context\":\"https:\\\/\\\/schema.org\",\"@graph\":[{\"@type\":\"Article\",\"@id\":\"https:\\\/\\\/fjala.info\\\/2009-2015\\\/legalizimi-i-lulit\\\/#article\",\"isPartOf\":{\"@id\":\"https:\\\/\\\/fjala.info\\\/2009-2015\\\/legalizimi-i-lulit\\\/\"},\"author\":{\"name\":\"admin\",\"@id\":\"https:\\\/\\\/fjala.info\\\/2009-2015\\\/#\\\/schema\\\/person\\\/3aa1163ef05469c496fc94e77611ada2\"},\"headline\":\"Legalizimi i Lulit!\",\"datePublished\":\"2011-09-23T10:37:58+00:00\",\"mainEntityOfPage\":{\"@id\":\"https:\\\/\\\/fjala.info\\\/2009-2015\\\/legalizimi-i-lulit\\\/\"},\"wordCount\":874,\"commentCount\":0,\"publisher\":{\"@id\":\"https:\\\/\\\/fjala.info\\\/2009-2015\\\/#organization\"},\"image\":{\"@id\":\"https:\\\/\\\/fjala.info\\\/2009-2015\\\/legalizimi-i-lulit\\\/#primaryimage\"},\"thumbnailUrl\":\"http:\\\/\\\/www.shkoder.net\\\/images\\\/fjala\\\/mero_baze1.jpg\",\"articleSection\":[\"Artikuj\"],\"inLanguage\":\"sq-AL\",\"potentialAction\":[{\"@type\":\"CommentAction\",\"name\":\"Comment\",\"target\":[\"https:\\\/\\\/fjala.info\\\/2009-2015\\\/legalizimi-i-lulit\\\/#respond\"]}]},{\"@type\":\"WebPage\",\"@id\":\"https:\\\/\\\/fjala.info\\\/2009-2015\\\/legalizimi-i-lulit\\\/\",\"url\":\"https:\\\/\\\/fjala.info\\\/2009-2015\\\/legalizimi-i-lulit\\\/\",\"name\":\"Legalizimi i Lulit! - FjALA e LIR\u00cb - Arkivi\",\"isPartOf\":{\"@id\":\"https:\\\/\\\/fjala.info\\\/2009-2015\\\/#website\"},\"primaryImageOfPage\":{\"@id\":\"https:\\\/\\\/fjala.info\\\/2009-2015\\\/legalizimi-i-lulit\\\/#primaryimage\"},\"image\":{\"@id\":\"https:\\\/\\\/fjala.info\\\/2009-2015\\\/legalizimi-i-lulit\\\/#primaryimage\"},\"thumbnailUrl\":\"http:\\\/\\\/www.shkoder.net\\\/images\\\/fjala\\\/mero_baze1.jpg\",\"datePublished\":\"2011-09-23T10:37:58+00:00\",\"breadcrumb\":{\"@id\":\"https:\\\/\\\/fjala.info\\\/2009-2015\\\/legalizimi-i-lulit\\\/#breadcrumb\"},\"inLanguage\":\"sq-AL\",\"potentialAction\":[{\"@type\":\"ReadAction\",\"target\":[\"https:\\\/\\\/fjala.info\\\/2009-2015\\\/legalizimi-i-lulit\\\/\"]}]},{\"@type\":\"ImageObject\",\"inLanguage\":\"sq-AL\",\"@id\":\"https:\\\/\\\/fjala.info\\\/2009-2015\\\/legalizimi-i-lulit\\\/#primaryimage\",\"url\":\"http:\\\/\\\/www.shkoder.net\\\/images\\\/fjala\\\/mero_baze1.jpg\",\"contentUrl\":\"http:\\\/\\\/www.shkoder.net\\\/images\\\/fjala\\\/mero_baze1.jpg\"},{\"@type\":\"BreadcrumbList\",\"@id\":\"https:\\\/\\\/fjala.info\\\/2009-2015\\\/legalizimi-i-lulit\\\/#breadcrumb\",\"itemListElement\":[{\"@type\":\"ListItem\",\"position\":1,\"name\":\"Home\",\"item\":\"https:\\\/\\\/fjala.info\\\/2009-2015\\\/\"},{\"@type\":\"ListItem\",\"position\":2,\"name\":\"Legalizimi i Lulit!\"}]},{\"@type\":\"WebSite\",\"@id\":\"https:\\\/\\\/fjala.info\\\/2009-2015\\\/#website\",\"url\":\"https:\\\/\\\/fjala.info\\\/2009-2015\\\/\",\"name\":\"FjALA e LIR\u00cb - Arkivi\",\"description\":\"Arkivi 2009-2015\",\"publisher\":{\"@id\":\"https:\\\/\\\/fjala.info\\\/2009-2015\\\/#organization\"},\"potentialAction\":[{\"@type\":\"SearchAction\",\"target\":{\"@type\":\"EntryPoint\",\"urlTemplate\":\"https:\\\/\\\/fjala.info\\\/2009-2015\\\/?s={search_term_string}\"},\"query-input\":{\"@type\":\"PropertyValueSpecification\",\"valueRequired\":true,\"valueName\":\"search_term_string\"}}],\"inLanguage\":\"sq-AL\"},{\"@type\":\"Organization\",\"@id\":\"https:\\\/\\\/fjala.info\\\/2009-2015\\\/#organization\",\"name\":\"FjALA e LIR\u00cb - Arkivi\",\"url\":\"https:\\\/\\\/fjala.info\\\/2009-2015\\\/\",\"logo\":{\"@type\":\"ImageObject\",\"inLanguage\":\"sq-AL\",\"@id\":\"https:\\\/\\\/fjala.info\\\/2009-2015\\\/#\\\/schema\\\/logo\\\/image\\\/\",\"url\":\"\",\"contentUrl\":\"\",\"caption\":\"FjALA e LIR\u00cb - Arkivi\"},\"image\":{\"@id\":\"https:\\\/\\\/fjala.info\\\/2009-2015\\\/#\\\/schema\\\/logo\\\/image\\\/\"}},{\"@type\":\"Person\",\"@id\":\"https:\\\/\\\/fjala.info\\\/2009-2015\\\/#\\\/schema\\\/person\\\/3aa1163ef05469c496fc94e77611ada2\",\"name\":\"admin\",\"image\":{\"@type\":\"ImageObject\",\"inLanguage\":\"sq-AL\",\"@id\":\"https:\\\/\\\/fjala.info\\\/2009-2015\\\/wp-content\\\/uploads\\\/2012\\\/02\\\/arben_cokaj-120x150.jpg\",\"url\":\"https:\\\/\\\/fjala.info\\\/2009-2015\\\/wp-content\\\/uploads\\\/2012\\\/02\\\/arben_cokaj-120x150.jpg\",\"contentUrl\":\"https:\\\/\\\/fjala.info\\\/2009-2015\\\/wp-content\\\/uploads\\\/2012\\\/02\\\/arben_cokaj-120x150.jpg\",\"caption\":\"admin\"},\"description\":\"Admin, Fjala e Lir\u00eb\",\"sameAs\":[\"https:\\\/\\\/fjala.info\\\/\"],\"url\":\"https:\\\/\\\/fjala.info\\\/2009-2015\\\/author\\\/admin\\\/\"}]}<\/script>\n<!-- \/ Yoast SEO plugin. -->","yoast_head_json":{"title":"Legalizimi i Lulit! - FjALA e LIR\u00cb - Arkivi","robots":{"index":"index","follow":"follow","max-snippet":"max-snippet:-1","max-image-preview":"max-image-preview:large","max-video-preview":"max-video-preview:-1"},"canonical":"https:\/\/fjala.info\/2009-2015\/legalizimi-i-lulit\/","og_locale":"sq_AL","og_type":"article","og_title":"Legalizimi i Lulit! - FjALA e LIR\u00cb - Arkivi","og_description":"Nga Mero Baze Dy ministra t\u00eb r\u00ebnd\u00ebsish\u00ebm t\u00eb qeveris\u00eb Berisha, Ministri i Transportit dhe Rregullimit t\u00eb Territorit, Sokol Olldashi, dhe Ministri i Drejt\u00ebsis\u00eb Eduard Halimi, u shfaq\u00ebn dje n\u00eb zyr\u00ebn e kryetarit t\u00eb Bashkis\u00eb s\u00eb Tiran\u00ebs, Lul\u00ebzim Basha. Ishte ndoshta hera e par\u00eb q\u00eb n\u00eb at\u00eb zyr\u00eb kryetari i Bashkis\u00eb th\u00ebrriste dy ministra n\u00eb dispozicion [&hellip;]","og_url":"https:\/\/fjala.info\/2009-2015\/legalizimi-i-lulit\/","og_site_name":"FjALA e LIR\u00cb - Arkivi","article_published_time":"2011-09-23T10:37:58+00:00","og_image":[{"url":"http:\/\/www.shkoder.net\/images\/fjala\/mero_baze1.jpg","type":"","width":"","height":""}],"author":"admin","twitter_card":"summary_large_image","twitter_misc":{"Written by":"admin","Est. reading time":"4 minutes"},"schema":{"@context":"https:\/\/schema.org","@graph":[{"@type":"Article","@id":"https:\/\/fjala.info\/2009-2015\/legalizimi-i-lulit\/#article","isPartOf":{"@id":"https:\/\/fjala.info\/2009-2015\/legalizimi-i-lulit\/"},"author":{"name":"admin","@id":"https:\/\/fjala.info\/2009-2015\/#\/schema\/person\/3aa1163ef05469c496fc94e77611ada2"},"headline":"Legalizimi i Lulit!","datePublished":"2011-09-23T10:37:58+00:00","mainEntityOfPage":{"@id":"https:\/\/fjala.info\/2009-2015\/legalizimi-i-lulit\/"},"wordCount":874,"commentCount":0,"publisher":{"@id":"https:\/\/fjala.info\/2009-2015\/#organization"},"image":{"@id":"https:\/\/fjala.info\/2009-2015\/legalizimi-i-lulit\/#primaryimage"},"thumbnailUrl":"http:\/\/www.shkoder.net\/images\/fjala\/mero_baze1.jpg","articleSection":["Artikuj"],"inLanguage":"sq-AL","potentialAction":[{"@type":"CommentAction","name":"Comment","target":["https:\/\/fjala.info\/2009-2015\/legalizimi-i-lulit\/#respond"]}]},{"@type":"WebPage","@id":"https:\/\/fjala.info\/2009-2015\/legalizimi-i-lulit\/","url":"https:\/\/fjala.info\/2009-2015\/legalizimi-i-lulit\/","name":"Legalizimi i Lulit! - FjALA e LIR\u00cb - Arkivi","isPartOf":{"@id":"https:\/\/fjala.info\/2009-2015\/#website"},"primaryImageOfPage":{"@id":"https:\/\/fjala.info\/2009-2015\/legalizimi-i-lulit\/#primaryimage"},"image":{"@id":"https:\/\/fjala.info\/2009-2015\/legalizimi-i-lulit\/#primaryimage"},"thumbnailUrl":"http:\/\/www.shkoder.net\/images\/fjala\/mero_baze1.jpg","datePublished":"2011-09-23T10:37:58+00:00","breadcrumb":{"@id":"https:\/\/fjala.info\/2009-2015\/legalizimi-i-lulit\/#breadcrumb"},"inLanguage":"sq-AL","potentialAction":[{"@type":"ReadAction","target":["https:\/\/fjala.info\/2009-2015\/legalizimi-i-lulit\/"]}]},{"@type":"ImageObject","inLanguage":"sq-AL","@id":"https:\/\/fjala.info\/2009-2015\/legalizimi-i-lulit\/#primaryimage","url":"http:\/\/www.shkoder.net\/images\/fjala\/mero_baze1.jpg","contentUrl":"http:\/\/www.shkoder.net\/images\/fjala\/mero_baze1.jpg"},{"@type":"BreadcrumbList","@id":"https:\/\/fjala.info\/2009-2015\/legalizimi-i-lulit\/#breadcrumb","itemListElement":[{"@type":"ListItem","position":1,"name":"Home","item":"https:\/\/fjala.info\/2009-2015\/"},{"@type":"ListItem","position":2,"name":"Legalizimi i Lulit!"}]},{"@type":"WebSite","@id":"https:\/\/fjala.info\/2009-2015\/#website","url":"https:\/\/fjala.info\/2009-2015\/","name":"FjALA e LIR\u00cb - Arkivi","description":"Arkivi 2009-2015","publisher":{"@id":"https:\/\/fjala.info\/2009-2015\/#organization"},"potentialAction":[{"@type":"SearchAction","target":{"@type":"EntryPoint","urlTemplate":"https:\/\/fjala.info\/2009-2015\/?s={search_term_string}"},"query-input":{"@type":"PropertyValueSpecification","valueRequired":true,"valueName":"search_term_string"}}],"inLanguage":"sq-AL"},{"@type":"Organization","@id":"https:\/\/fjala.info\/2009-2015\/#organization","name":"FjALA e LIR\u00cb - Arkivi","url":"https:\/\/fjala.info\/2009-2015\/","logo":{"@type":"ImageObject","inLanguage":"sq-AL","@id":"https:\/\/fjala.info\/2009-2015\/#\/schema\/logo\/image\/","url":"","contentUrl":"","caption":"FjALA e LIR\u00cb - Arkivi"},"image":{"@id":"https:\/\/fjala.info\/2009-2015\/#\/schema\/logo\/image\/"}},{"@type":"Person","@id":"https:\/\/fjala.info\/2009-2015\/#\/schema\/person\/3aa1163ef05469c496fc94e77611ada2","name":"admin","image":{"@type":"ImageObject","inLanguage":"sq-AL","@id":"https:\/\/fjala.info\/2009-2015\/wp-content\/uploads\/2012\/02\/arben_cokaj-120x150.jpg","url":"https:\/\/fjala.info\/2009-2015\/wp-content\/uploads\/2012\/02\/arben_cokaj-120x150.jpg","contentUrl":"https:\/\/fjala.info\/2009-2015\/wp-content\/uploads\/2012\/02\/arben_cokaj-120x150.jpg","caption":"admin"},"description":"Admin, Fjala e Lir\u00eb","sameAs":["https:\/\/fjala.info\/"],"url":"https:\/\/fjala.info\/2009-2015\/author\/admin\/"}]}},"_links":{"self":[{"href":"https:\/\/fjala.info\/2009-2015\/wp-json\/wp\/v2\/posts\/10594","targetHints":{"allow":["GET"]}}],"collection":[{"href":"https:\/\/fjala.info\/2009-2015\/wp-json\/wp\/v2\/posts"}],"about":[{"href":"https:\/\/fjala.info\/2009-2015\/wp-json\/wp\/v2\/types\/post"}],"author":[{"embeddable":true,"href":"https:\/\/fjala.info\/2009-2015\/wp-json\/wp\/v2\/users\/1"}],"replies":[{"embeddable":true,"href":"https:\/\/fjala.info\/2009-2015\/wp-json\/wp\/v2\/comments?post=10594"}],"version-history":[{"count":0,"href":"https:\/\/fjala.info\/2009-2015\/wp-json\/wp\/v2\/posts\/10594\/revisions"}],"wp:attachment":[{"href":"https:\/\/fjala.info\/2009-2015\/wp-json\/wp\/v2\/media?parent=10594"}],"wp:term":[{"taxonomy":"category","embeddable":true,"href":"https:\/\/fjala.info\/2009-2015\/wp-json\/wp\/v2\/categories?post=10594"},{"taxonomy":"post_tag","embeddable":true,"href":"https:\/\/fjala.info\/2009-2015\/wp-json\/wp\/v2\/tags?post=10594"}],"curies":[{"name":"wp","href":"https:\/\/api.w.org\/{rel}","templated":true}]}}