{"id":10591,"date":"2011-09-23T11:34:57","date_gmt":"2011-09-23T10:34:57","guid":{"rendered":"http:\/\/fjala.shkoder.net\/?p=10591"},"modified":"2011-09-23T11:34:57","modified_gmt":"2011-09-23T10:34:57","slug":"rama-berishen-ta-mundim-me-nje-votim-masiv","status":"publish","type":"post","link":"https:\/\/fjala.info\/2009-2015\/rama-berishen-ta-mundim-me-nje-votim-masiv\/","title":{"rendered":"Rama: Berish\u00ebn ta mundim me nj\u00eb votim masiv"},"content":{"rendered":"<p><img decoding=\"async\" class=\"alignright size-thumbnail wp-image-7236\" title=\"Edi Rama\" src=\"http:\/\/www.shkoder.net\/images\/fjala\/2011\/edi_rama5.jpg\" alt=\"\" width=\"300\" \/><br \/>\nKomenteve t\u00eb shumta t\u00eb b\u00ebra n\u00eb blogun e tij (http:\/\/edirama.al\/blog\/), Edi Rama i \u00ebsht\u00eb p\u00ebrgjigjur k\u00ebshtu:<\/p>\n<p>\u201cMe kete shkaterrim qe saliu po i ben ekonomise, po prite deri ne zgjedhjet e ardhshme do te te duhet t\u2019i ngresh taksat ne te gjithe tabelen, e jo t\u2019i ulesh!! Ke prite shume gjate, mos prit edhe me gjate \u2013 jepi drejtim se ke ra klluke duke ngrohe vezet. Mosbindje civile eshte zgjidhja per mendimin tim, pastaj vijme tek taksat\u201d, ka shkruar Elin Bah n\u00eb nj\u00eb nga komentet e kesaj teme duke m\u2019u drejtuar mua.<\/p>\n<p>E shk\u00ebputa k\u00ebt\u00eb koment sepse deshirova t\u00eb them ca gj\u00ebra, nisur edhe nga fakti se nd\u00ebr blogje lexoj shum\u00eb \u201crevolucionar\u00eb\u201d t\u00eb d\u00ebshp\u00ebruar q\u00eb na k\u00ebrkojn\u00eb nj\u00eb p\u00ebrmbysje t\u00eb madhe, po e duan ndenjur para televizorit a duke k\u00ebrkuar me kompjuter q\u00eb ta b\u00ebjn\u00eb t\u00eb tjer\u00ebt. N\u00eb fakt p\u00ebrmbysja e madhe, e domosdoshme p\u00ebr Shqip\u00ebrin\u00eb, mund t\u00eb ndodh\u00eb vet\u00ebm n\u00ebse gjith\u00ebsecili b\u00ebn detyr\u00ebn e tij e un\u00eb mundohem ta b\u00ebj timen pa harruar asnj\u00eb sekond\u00eb \u00e7far\u00eb i duhet vendit, pa u kursyer n\u00eb koh\u00ebn e n\u00eb energjit\u00eb e mia p\u00ebr t\u00eb b\u00ebr\u00eb m\u00eb t\u00eb mir\u00ebn, pa shkelur n\u00eb asnj\u00eb rast mbi bindjet e mia.<\/p>\n<p>Dhe bindja \u00ebsht\u00eb se p\u00ebrmbysjen e domosdoshme e sjell vota, vota masive, vota q\u00eb kap\u00ebrcen malin e manipulimeve e t\u00eb posht\u00ebrsive t\u00eb pushtetit, vota q\u00eb mblidhet nga t\u00eb gjith\u00eb ata q\u00eb duan p\u00ebrmbysjen, jo vet\u00ebm duke dal\u00eb vet\u00eb n\u00eb votim, po duke marr\u00eb edhe t\u00eb tjer\u00eb p\u00ebr dore, familjar\u00eb, miq, t\u00eb af\u00ebrm, fqinj, vota q\u00eb s\u2019pyet p\u00ebr \u201cpor\u201d, \u201cpo ja\u201d, \u201cpo edhe k\u00ebta\u201d, \u201cpo se mos ata\u201d, \u201cpo dale ta shohim\u201d, \u201cpo prap\u00eb nj\u00eblloj jan\u00eb\u201d, po \u201cbla-bla-bla\u201d, vota q\u00eb rritet me rezistenc\u00eb qytetare, me protest\u00ebn e thjesht\u00eb t\u00eb gjithkujt q\u00eb s\u2019e ul kok\u00ebn, me reagimin e gjith\u00ebsecilit ndaj s\u00eb keqes q\u00eb po hyn thell\u00eb e m\u00eb thell\u00eb.<\/p>\n<p>M\u00eb vjen mir\u00eb q\u00eb nisma p\u00ebr heqjen e TVSH-s\u00eb s\u00eb buk\u00ebs, qum\u00ebshtit, vez\u00ebve e ila\u00e7eve dhe p\u00ebr uljen e TVSH-s\u00eb s\u00eb ushqimeve baz\u00eb n\u00eb p\u00ebrgjith\u00ebsi pritet mir\u00eb, e kuptoj edhe skepticizmin e disave q\u00eb jan\u00eb shprehur sinqerisht n\u00eb k\u00ebt\u00eb diskutim, por mbetet me r\u00ebnd\u00ebsi t\u00eb kuptohet se opozita \u00ebsht\u00eb alternativ\u00eb, \u00ebsht\u00eb nj\u00eb mund\u00ebsi e re, \u00ebsht\u00eb nj\u00eb shpres\u00eb q\u00eb duhet ushqyer nga t\u00eb gjith\u00eb, jo nj\u00eb \u00e7et\u00eb e armatosur q\u00eb zgjidh p\u00ebr ata q\u00eb rrin\u00eb para televizorit apo mjaftohen me t\u00eb shkruarit n\u00eb blogje problemin e heqjes s\u00eb TVSH-s\u00eb m\u00eb t\u00eb lart\u00eb si\u00e7 e ka th\u00ebn\u00eb bukur dikush n\u00eb k\u00ebt\u00eb bised\u00eb, TVSH-s\u00eb s\u00eb Saliut. Q\u00eb TVSH-ja e mbajtjes s\u00eb Saliut n\u00eb kurriz \u00ebsht\u00eb taksa m\u00eb e pallogaritshme e k\u00ebtij populli as q\u00eb diskutohet, po p\u00ebr heqjen e asaj takse opozita s\u2019mund t\u00eb b\u00ebj\u00eb p\u00ebrve\u00e7se k\u00ebt\u00eb q\u00eb po b\u00ebn, duke i treguar popullit sesi ajo do t\u00eb qeveris\u00eb fal\u00eb vot\u00ebs.<\/p>\n<p>I takon popullit t\u00eb zgjedh\u00eb n\u00ebse do t\u00eb votoj\u00eb kur t\u00eb vij\u00eb dita e zgjedhjeve apo n\u00ebse do ta p\u00ebrshpejtoj\u00eb me vullnetin e tij sovran ardhjen e asaj dite p\u00ebr t\u00eb hequr nga shpina TVSH-n\u00eb e padurueshme t\u00eb q\u00ebndrimit t\u00eb Saliut n\u00eb pushtet. Opozita ka qen\u00eb, \u00ebsht\u00eb e do t\u00eb jet\u00eb gjithnj\u00eb me popullin, ne nuk po presim as gjat\u00eb as shkurt, thjesht po b\u00ebjm\u00eb t\u00eb gjith\u00eb sa e si mundemi detyr\u00ebn ton\u00eb, duke besuar se nuk jemi ne q\u00eb e vendosim kur derdhet kupa e mbushur e marazit popullor prej padrejt\u00ebsive, po \u00ebsht\u00eb vet\u00eb dhe vet\u00ebm populli.<\/p>\n","protected":false},"excerpt":{"rendered":"<p>Komenteve t\u00eb shumta t\u00eb b\u00ebra n\u00eb blogun e tij (http:\/\/edirama.al\/blog\/), Edi Rama i \u00ebsht\u00eb p\u00ebrgjigjur k\u00ebshtu: \u201cMe kete shkaterrim qe saliu po i ben ekonomise, po prite deri ne zgjedhjet e ardhshme do te te duhet t\u2019i ngresh taksat ne te gjithe tabelen, e jo t\u2019i ulesh!! Ke prite shume gjate, mos prit edhe me [&hellip;]<\/p>\n","protected":false},"author":1,"featured_media":0,"comment_status":"open","ping_status":"closed","sticky":false,"template":"","format":"standard","meta":{"footnotes":""},"categories":[2],"tags":[],"class_list":{"0":"post-10591","1":"post","2":"type-post","3":"status-publish","4":"format-standard","6":"category-artikuj"},"yoast_head":"<!-- This site is optimized with the Yoast SEO plugin v27.4 - https:\/\/yoast.com\/product\/yoast-seo-wordpress\/ -->\n<title>Rama: Berish\u00ebn ta mundim me nj\u00eb votim masiv - FjALA e LIR\u00cb - Arkivi<\/title>\n<meta name=\"robots\" content=\"index, follow, max-snippet:-1, max-image-preview:large, max-video-preview:-1\" \/>\n<link rel=\"canonical\" href=\"https:\/\/fjala.info\/2009-2015\/rama-berishen-ta-mundim-me-nje-votim-masiv\/\" \/>\n<meta property=\"og:locale\" content=\"sq_AL\" \/>\n<meta property=\"og:type\" content=\"article\" \/>\n<meta property=\"og:title\" content=\"Rama: Berish\u00ebn ta mundim me nj\u00eb votim masiv - FjALA e LIR\u00cb - Arkivi\" \/>\n<meta property=\"og:description\" content=\"Komenteve t\u00eb shumta t\u00eb b\u00ebra n\u00eb blogun e tij (http:\/\/edirama.al\/blog\/), Edi Rama i \u00ebsht\u00eb p\u00ebrgjigjur k\u00ebshtu: \u201cMe kete shkaterrim qe saliu po i ben ekonomise, po prite deri ne zgjedhjet e ardhshme do te te duhet t\u2019i ngresh taksat ne te gjithe tabelen, e jo t\u2019i ulesh!! Ke prite shume gjate, mos prit edhe me [&hellip;]\" \/>\n<meta property=\"og:url\" content=\"https:\/\/fjala.info\/2009-2015\/rama-berishen-ta-mundim-me-nje-votim-masiv\/\" \/>\n<meta property=\"og:site_name\" content=\"FjALA e LIR\u00cb - Arkivi\" \/>\n<meta property=\"article:published_time\" content=\"2011-09-23T10:34:57+00:00\" \/>\n<meta property=\"og:image\" content=\"http:\/\/www.shkoder.net\/images\/fjala\/2011\/edi_rama5.jpg\" \/>\n<meta name=\"author\" content=\"admin\" \/>\n<meta name=\"twitter:card\" content=\"summary_large_image\" \/>\n<meta name=\"twitter:label1\" content=\"Written by\" \/>\n\t<meta name=\"twitter:data1\" content=\"admin\" \/>\n\t<meta name=\"twitter:label2\" content=\"Est. reading time\" \/>\n\t<meta name=\"twitter:data2\" content=\"3 minutes\" \/>\n<script type=\"application\/ld+json\" class=\"yoast-schema-graph\">{\"@context\":\"https:\\\/\\\/schema.org\",\"@graph\":[{\"@type\":\"Article\",\"@id\":\"https:\\\/\\\/fjala.info\\\/2009-2015\\\/rama-berishen-ta-mundim-me-nje-votim-masiv\\\/#article\",\"isPartOf\":{\"@id\":\"https:\\\/\\\/fjala.info\\\/2009-2015\\\/rama-berishen-ta-mundim-me-nje-votim-masiv\\\/\"},\"author\":{\"name\":\"admin\",\"@id\":\"https:\\\/\\\/fjala.info\\\/2009-2015\\\/#\\\/schema\\\/person\\\/3aa1163ef05469c496fc94e77611ada2\"},\"headline\":\"Rama: Berish\u00ebn ta mundim me nj\u00eb votim masiv\",\"datePublished\":\"2011-09-23T10:34:57+00:00\",\"mainEntityOfPage\":{\"@id\":\"https:\\\/\\\/fjala.info\\\/2009-2015\\\/rama-berishen-ta-mundim-me-nje-votim-masiv\\\/\"},\"wordCount\":638,\"commentCount\":0,\"publisher\":{\"@id\":\"https:\\\/\\\/fjala.info\\\/2009-2015\\\/#organization\"},\"image\":{\"@id\":\"https:\\\/\\\/fjala.info\\\/2009-2015\\\/rama-berishen-ta-mundim-me-nje-votim-masiv\\\/#primaryimage\"},\"thumbnailUrl\":\"http:\\\/\\\/www.shkoder.net\\\/images\\\/fjala\\\/2011\\\/edi_rama5.jpg\",\"articleSection\":[\"Artikuj\"],\"inLanguage\":\"sq-AL\",\"potentialAction\":[{\"@type\":\"CommentAction\",\"name\":\"Comment\",\"target\":[\"https:\\\/\\\/fjala.info\\\/2009-2015\\\/rama-berishen-ta-mundim-me-nje-votim-masiv\\\/#respond\"]}]},{\"@type\":\"WebPage\",\"@id\":\"https:\\\/\\\/fjala.info\\\/2009-2015\\\/rama-berishen-ta-mundim-me-nje-votim-masiv\\\/\",\"url\":\"https:\\\/\\\/fjala.info\\\/2009-2015\\\/rama-berishen-ta-mundim-me-nje-votim-masiv\\\/\",\"name\":\"Rama: Berish\u00ebn ta mundim me nj\u00eb votim masiv - FjALA e LIR\u00cb - Arkivi\",\"isPartOf\":{\"@id\":\"https:\\\/\\\/fjala.info\\\/2009-2015\\\/#website\"},\"primaryImageOfPage\":{\"@id\":\"https:\\\/\\\/fjala.info\\\/2009-2015\\\/rama-berishen-ta-mundim-me-nje-votim-masiv\\\/#primaryimage\"},\"image\":{\"@id\":\"https:\\\/\\\/fjala.info\\\/2009-2015\\\/rama-berishen-ta-mundim-me-nje-votim-masiv\\\/#primaryimage\"},\"thumbnailUrl\":\"http:\\\/\\\/www.shkoder.net\\\/images\\\/fjala\\\/2011\\\/edi_rama5.jpg\",\"datePublished\":\"2011-09-23T10:34:57+00:00\",\"breadcrumb\":{\"@id\":\"https:\\\/\\\/fjala.info\\\/2009-2015\\\/rama-berishen-ta-mundim-me-nje-votim-masiv\\\/#breadcrumb\"},\"inLanguage\":\"sq-AL\",\"potentialAction\":[{\"@type\":\"ReadAction\",\"target\":[\"https:\\\/\\\/fjala.info\\\/2009-2015\\\/rama-berishen-ta-mundim-me-nje-votim-masiv\\\/\"]}]},{\"@type\":\"ImageObject\",\"inLanguage\":\"sq-AL\",\"@id\":\"https:\\\/\\\/fjala.info\\\/2009-2015\\\/rama-berishen-ta-mundim-me-nje-votim-masiv\\\/#primaryimage\",\"url\":\"http:\\\/\\\/www.shkoder.net\\\/images\\\/fjala\\\/2011\\\/edi_rama5.jpg\",\"contentUrl\":\"http:\\\/\\\/www.shkoder.net\\\/images\\\/fjala\\\/2011\\\/edi_rama5.jpg\"},{\"@type\":\"BreadcrumbList\",\"@id\":\"https:\\\/\\\/fjala.info\\\/2009-2015\\\/rama-berishen-ta-mundim-me-nje-votim-masiv\\\/#breadcrumb\",\"itemListElement\":[{\"@type\":\"ListItem\",\"position\":1,\"name\":\"Home\",\"item\":\"https:\\\/\\\/fjala.info\\\/2009-2015\\\/\"},{\"@type\":\"ListItem\",\"position\":2,\"name\":\"Rama: Berish\u00ebn ta mundim me nj\u00eb votim masiv\"}]},{\"@type\":\"WebSite\",\"@id\":\"https:\\\/\\\/fjala.info\\\/2009-2015\\\/#website\",\"url\":\"https:\\\/\\\/fjala.info\\\/2009-2015\\\/\",\"name\":\"FjALA e LIR\u00cb - Arkivi\",\"description\":\"Arkivi 2009-2015\",\"publisher\":{\"@id\":\"https:\\\/\\\/fjala.info\\\/2009-2015\\\/#organization\"},\"potentialAction\":[{\"@type\":\"SearchAction\",\"target\":{\"@type\":\"EntryPoint\",\"urlTemplate\":\"https:\\\/\\\/fjala.info\\\/2009-2015\\\/?s={search_term_string}\"},\"query-input\":{\"@type\":\"PropertyValueSpecification\",\"valueRequired\":true,\"valueName\":\"search_term_string\"}}],\"inLanguage\":\"sq-AL\"},{\"@type\":\"Organization\",\"@id\":\"https:\\\/\\\/fjala.info\\\/2009-2015\\\/#organization\",\"name\":\"FjALA e LIR\u00cb - Arkivi\",\"url\":\"https:\\\/\\\/fjala.info\\\/2009-2015\\\/\",\"logo\":{\"@type\":\"ImageObject\",\"inLanguage\":\"sq-AL\",\"@id\":\"https:\\\/\\\/fjala.info\\\/2009-2015\\\/#\\\/schema\\\/logo\\\/image\\\/\",\"url\":\"\",\"contentUrl\":\"\",\"caption\":\"FjALA e LIR\u00cb - Arkivi\"},\"image\":{\"@id\":\"https:\\\/\\\/fjala.info\\\/2009-2015\\\/#\\\/schema\\\/logo\\\/image\\\/\"}},{\"@type\":\"Person\",\"@id\":\"https:\\\/\\\/fjala.info\\\/2009-2015\\\/#\\\/schema\\\/person\\\/3aa1163ef05469c496fc94e77611ada2\",\"name\":\"admin\",\"image\":{\"@type\":\"ImageObject\",\"inLanguage\":\"sq-AL\",\"@id\":\"https:\\\/\\\/fjala.info\\\/2009-2015\\\/wp-content\\\/uploads\\\/2012\\\/02\\\/arben_cokaj-120x150.jpg\",\"url\":\"https:\\\/\\\/fjala.info\\\/2009-2015\\\/wp-content\\\/uploads\\\/2012\\\/02\\\/arben_cokaj-120x150.jpg\",\"contentUrl\":\"https:\\\/\\\/fjala.info\\\/2009-2015\\\/wp-content\\\/uploads\\\/2012\\\/02\\\/arben_cokaj-120x150.jpg\",\"caption\":\"admin\"},\"description\":\"Admin, Fjala e Lir\u00eb\",\"sameAs\":[\"https:\\\/\\\/fjala.info\\\/\"],\"url\":\"https:\\\/\\\/fjala.info\\\/2009-2015\\\/author\\\/admin\\\/\"}]}<\/script>\n<!-- \/ Yoast SEO plugin. -->","yoast_head_json":{"title":"Rama: Berish\u00ebn ta mundim me nj\u00eb votim masiv - FjALA e LIR\u00cb - Arkivi","robots":{"index":"index","follow":"follow","max-snippet":"max-snippet:-1","max-image-preview":"max-image-preview:large","max-video-preview":"max-video-preview:-1"},"canonical":"https:\/\/fjala.info\/2009-2015\/rama-berishen-ta-mundim-me-nje-votim-masiv\/","og_locale":"sq_AL","og_type":"article","og_title":"Rama: Berish\u00ebn ta mundim me nj\u00eb votim masiv - FjALA e LIR\u00cb - Arkivi","og_description":"Komenteve t\u00eb shumta t\u00eb b\u00ebra n\u00eb blogun e tij (http:\/\/edirama.al\/blog\/), Edi Rama i \u00ebsht\u00eb p\u00ebrgjigjur k\u00ebshtu: \u201cMe kete shkaterrim qe saliu po i ben ekonomise, po prite deri ne zgjedhjet e ardhshme do te te duhet t\u2019i ngresh taksat ne te gjithe tabelen, e jo t\u2019i ulesh!! Ke prite shume gjate, mos prit edhe me [&hellip;]","og_url":"https:\/\/fjala.info\/2009-2015\/rama-berishen-ta-mundim-me-nje-votim-masiv\/","og_site_name":"FjALA e LIR\u00cb - Arkivi","article_published_time":"2011-09-23T10:34:57+00:00","og_image":[{"url":"http:\/\/www.shkoder.net\/images\/fjala\/2011\/edi_rama5.jpg","type":"","width":"","height":""}],"author":"admin","twitter_card":"summary_large_image","twitter_misc":{"Written by":"admin","Est. reading time":"3 minutes"},"schema":{"@context":"https:\/\/schema.org","@graph":[{"@type":"Article","@id":"https:\/\/fjala.info\/2009-2015\/rama-berishen-ta-mundim-me-nje-votim-masiv\/#article","isPartOf":{"@id":"https:\/\/fjala.info\/2009-2015\/rama-berishen-ta-mundim-me-nje-votim-masiv\/"},"author":{"name":"admin","@id":"https:\/\/fjala.info\/2009-2015\/#\/schema\/person\/3aa1163ef05469c496fc94e77611ada2"},"headline":"Rama: Berish\u00ebn ta mundim me nj\u00eb votim masiv","datePublished":"2011-09-23T10:34:57+00:00","mainEntityOfPage":{"@id":"https:\/\/fjala.info\/2009-2015\/rama-berishen-ta-mundim-me-nje-votim-masiv\/"},"wordCount":638,"commentCount":0,"publisher":{"@id":"https:\/\/fjala.info\/2009-2015\/#organization"},"image":{"@id":"https:\/\/fjala.info\/2009-2015\/rama-berishen-ta-mundim-me-nje-votim-masiv\/#primaryimage"},"thumbnailUrl":"http:\/\/www.shkoder.net\/images\/fjala\/2011\/edi_rama5.jpg","articleSection":["Artikuj"],"inLanguage":"sq-AL","potentialAction":[{"@type":"CommentAction","name":"Comment","target":["https:\/\/fjala.info\/2009-2015\/rama-berishen-ta-mundim-me-nje-votim-masiv\/#respond"]}]},{"@type":"WebPage","@id":"https:\/\/fjala.info\/2009-2015\/rama-berishen-ta-mundim-me-nje-votim-masiv\/","url":"https:\/\/fjala.info\/2009-2015\/rama-berishen-ta-mundim-me-nje-votim-masiv\/","name":"Rama: Berish\u00ebn ta mundim me nj\u00eb votim masiv - FjALA e LIR\u00cb - Arkivi","isPartOf":{"@id":"https:\/\/fjala.info\/2009-2015\/#website"},"primaryImageOfPage":{"@id":"https:\/\/fjala.info\/2009-2015\/rama-berishen-ta-mundim-me-nje-votim-masiv\/#primaryimage"},"image":{"@id":"https:\/\/fjala.info\/2009-2015\/rama-berishen-ta-mundim-me-nje-votim-masiv\/#primaryimage"},"thumbnailUrl":"http:\/\/www.shkoder.net\/images\/fjala\/2011\/edi_rama5.jpg","datePublished":"2011-09-23T10:34:57+00:00","breadcrumb":{"@id":"https:\/\/fjala.info\/2009-2015\/rama-berishen-ta-mundim-me-nje-votim-masiv\/#breadcrumb"},"inLanguage":"sq-AL","potentialAction":[{"@type":"ReadAction","target":["https:\/\/fjala.info\/2009-2015\/rama-berishen-ta-mundim-me-nje-votim-masiv\/"]}]},{"@type":"ImageObject","inLanguage":"sq-AL","@id":"https:\/\/fjala.info\/2009-2015\/rama-berishen-ta-mundim-me-nje-votim-masiv\/#primaryimage","url":"http:\/\/www.shkoder.net\/images\/fjala\/2011\/edi_rama5.jpg","contentUrl":"http:\/\/www.shkoder.net\/images\/fjala\/2011\/edi_rama5.jpg"},{"@type":"BreadcrumbList","@id":"https:\/\/fjala.info\/2009-2015\/rama-berishen-ta-mundim-me-nje-votim-masiv\/#breadcrumb","itemListElement":[{"@type":"ListItem","position":1,"name":"Home","item":"https:\/\/fjala.info\/2009-2015\/"},{"@type":"ListItem","position":2,"name":"Rama: Berish\u00ebn ta mundim me nj\u00eb votim masiv"}]},{"@type":"WebSite","@id":"https:\/\/fjala.info\/2009-2015\/#website","url":"https:\/\/fjala.info\/2009-2015\/","name":"FjALA e LIR\u00cb - Arkivi","description":"Arkivi 2009-2015","publisher":{"@id":"https:\/\/fjala.info\/2009-2015\/#organization"},"potentialAction":[{"@type":"SearchAction","target":{"@type":"EntryPoint","urlTemplate":"https:\/\/fjala.info\/2009-2015\/?s={search_term_string}"},"query-input":{"@type":"PropertyValueSpecification","valueRequired":true,"valueName":"search_term_string"}}],"inLanguage":"sq-AL"},{"@type":"Organization","@id":"https:\/\/fjala.info\/2009-2015\/#organization","name":"FjALA e LIR\u00cb - Arkivi","url":"https:\/\/fjala.info\/2009-2015\/","logo":{"@type":"ImageObject","inLanguage":"sq-AL","@id":"https:\/\/fjala.info\/2009-2015\/#\/schema\/logo\/image\/","url":"","contentUrl":"","caption":"FjALA e LIR\u00cb - Arkivi"},"image":{"@id":"https:\/\/fjala.info\/2009-2015\/#\/schema\/logo\/image\/"}},{"@type":"Person","@id":"https:\/\/fjala.info\/2009-2015\/#\/schema\/person\/3aa1163ef05469c496fc94e77611ada2","name":"admin","image":{"@type":"ImageObject","inLanguage":"sq-AL","@id":"https:\/\/fjala.info\/2009-2015\/wp-content\/uploads\/2012\/02\/arben_cokaj-120x150.jpg","url":"https:\/\/fjala.info\/2009-2015\/wp-content\/uploads\/2012\/02\/arben_cokaj-120x150.jpg","contentUrl":"https:\/\/fjala.info\/2009-2015\/wp-content\/uploads\/2012\/02\/arben_cokaj-120x150.jpg","caption":"admin"},"description":"Admin, Fjala e Lir\u00eb","sameAs":["https:\/\/fjala.info\/"],"url":"https:\/\/fjala.info\/2009-2015\/author\/admin\/"}]}},"_links":{"self":[{"href":"https:\/\/fjala.info\/2009-2015\/wp-json\/wp\/v2\/posts\/10591","targetHints":{"allow":["GET"]}}],"collection":[{"href":"https:\/\/fjala.info\/2009-2015\/wp-json\/wp\/v2\/posts"}],"about":[{"href":"https:\/\/fjala.info\/2009-2015\/wp-json\/wp\/v2\/types\/post"}],"author":[{"embeddable":true,"href":"https:\/\/fjala.info\/2009-2015\/wp-json\/wp\/v2\/users\/1"}],"replies":[{"embeddable":true,"href":"https:\/\/fjala.info\/2009-2015\/wp-json\/wp\/v2\/comments?post=10591"}],"version-history":[{"count":0,"href":"https:\/\/fjala.info\/2009-2015\/wp-json\/wp\/v2\/posts\/10591\/revisions"}],"wp:attachment":[{"href":"https:\/\/fjala.info\/2009-2015\/wp-json\/wp\/v2\/media?parent=10591"}],"wp:term":[{"taxonomy":"category","embeddable":true,"href":"https:\/\/fjala.info\/2009-2015\/wp-json\/wp\/v2\/categories?post=10591"},{"taxonomy":"post_tag","embeddable":true,"href":"https:\/\/fjala.info\/2009-2015\/wp-json\/wp\/v2\/tags?post=10591"}],"curies":[{"name":"wp","href":"https:\/\/api.w.org\/{rel}","templated":true}]}}