{"id":10587,"date":"2011-09-22T09:49:47","date_gmt":"2011-09-22T08:49:47","guid":{"rendered":"http:\/\/fjala.shkoder.net\/?p=10587"},"modified":"2011-09-22T09:49:47","modified_gmt":"2011-09-22T08:49:47","slug":"nje-qeveri-e-kapur-rob","status":"publish","type":"post","link":"https:\/\/fjala.info\/2009-2015\/nje-qeveri-e-kapur-rob\/","title":{"rendered":"Nj\u00eb qeveri e kapur rob"},"content":{"rendered":"<p><strong>Pajtim Bello<\/strong>, <em>21.09.2011<\/em><\/p>\n<p>Greva e minator\u00ebve t\u00eb minier\u00ebs s\u00eb kromit Bulqiz\u00eb po i afrohet kufirit t\u00eb 100 dit\u00ebve. Nga dita n\u00eb dit\u00eb, situata sa vjen e r\u00ebndohet n\u00eb minier\u00eb, n\u00eb \u00e7do familje minatore dhe n\u00eb qytetin minator t\u00eb Bulqiz\u00ebs. Zgjidhja e situat\u00ebs s\u00eb krijuar duket larg, p\u00ebr m\u00eb keq n\u00eb horizont \u00ebsht\u00eb shfaqur nj\u00eb zgjidhje e llojit t\u00eb \u201cKalit t\u00eb Troj\u00ebs\u201d. Qeveria k\u00ebrkon t\u00eb jet\u00eb larg zhvillimeve, sikur greva t\u00eb zhvillohet jasht\u00eb planetit t\u00eb Tok\u00ebs. Nd\u00ebrkoh\u00eb, akuzat, proceset gjyq\u00ebsore dhe presionet e qeveris\u00eb ndaj minator\u00ebve nuk kan\u00eb t\u00eb sosur.<\/p>\n<p>Gjith\u00e7ka po nd\u00ebrmerr qeveria k\u00ebrkon t\u00eb gjunj\u00ebzoj\u00eb minator\u00ebt dhe t\u2019iu imponoj\u00eb atyre nj\u00eb zgjidhje kalimtare, q\u00eb shum\u00eb shpejt do t\u00eb sjell\u00eb fatalitetin e minier\u00ebs dhe t\u00eb qytetit minator. Me veprimet e veta duket q\u00eb qeveria \u00ebsht\u00eb e kapur rob, n\u00eb mos e t\u00ebra, pjes\u00ebrisht po e po. \u00c7far\u00eb p\u00ebrfaq\u00ebson kjo ngjarje q\u00eb ka tronditur shqiptar\u00ebt, sidomos pas shfaqjes t\u00eb disa reportazheve t\u00eb \u2018Top Channel\u2019? Me Ligjin nr. 8791, dat\u00eb 10\/06\/2001, kjo minier\u00eb me disa objekte t\u00eb tjera t\u00eb ish- Albkrom sha (shoq\u00ebri me 100% kapital shtet\u00ebror) \u00ebsht\u00eb dh\u00ebn\u00eb me koncesion p\u00ebr nj\u00eb periudh\u00eb 30-vje\u00e7are. P\u00ebr ta b\u00ebr\u00eb situat\u00ebn m\u00eb t\u00eb kuptueshme, kontrat\u00ebn koncesionare do ta shtjelloj vet\u00ebm p\u00ebr minier\u00ebn e kromit Bulqiz\u00eb, traverbankun e Klosit.<\/p>\n<p>Nd\u00ebr objektivat themelore t\u00eb kontrat\u00ebs koncesionare kan\u00eb qen\u00eb:<\/p>\n<p>1. Hapja e thell\u00ebsis\u00eb s\u00eb minier\u00ebs, duke thelluar Pusin 7 nga Niveli 5 i minier\u00ebs kuota +420 m mbi nivelin e detit (m mnd) deri n\u00eb Nivelin 20 t\u00eb minier\u00ebs kuota -205 m mnd. E gjith\u00eb kjo kolon\u00eb pusi prej 500 metrash me vler\u00eb investimi 4.9 milion\u00eb dollar\u00eb do t\u00eb hapej brenda dat\u00ebs 16\/07\/2009, si\u00e7 \u00ebsht\u00eb p\u00ebrcaktuar n\u00eb kontrat\u00ebn koncesionare. Q\u00eb nga data e dh\u00ebnies me koncesion e deri sot nuk \u00ebsht\u00eb hapur (thelluar) asnj\u00eb met\u00ebr kolon\u00eb pusi.<\/p>\n<p>2. Hapja e traverbankut (tunelit) t\u00eb Klosit p\u00ebr ta lidhur at\u00eb n\u00eb unaz\u00ebn e Nivelit 5 t\u00eb minier\u00ebs do t\u00eb sh\u00ebrbente p\u00ebr transport, p\u00ebr heqjen e uj\u00ebrave etj., duke i dh\u00ebn\u00eb minier\u00ebs nj\u00eb frym\u00ebmarrje t\u00eb re. Objekti ka dy tunele me gjat\u00ebsi 7.3 km dhe secili tunel ka nj\u00eb seksion 10 m2. Nga 7.3 km jan\u00eb hapur rreth 6.3 km dhe ka ngelur p\u00ebr t\u2019u hapur edhe 1 km punim p\u00ebr t\u2019u lidhur me Nivelin 5 t\u00eb minier\u00ebs. Pjesa e traverbankut prej 1 km me nj\u00eb vler\u00eb investimi prej 2.4 milion\u00eb dollar\u00eb duhej t\u00eb p\u00ebrfundonte n\u00eb 16\/07\/2009. Realisht n\u00eb k\u00ebt\u00eb objekt nuk \u00ebsht\u00eb kryer asnj\u00eb lloj punimi, qoft\u00eb edhe p\u00ebr t\u00eb verifikuar gjendjen teknike t\u00eb tij.<\/p>\n<p>Thelbi i ligjit p\u00ebr koncesionet \u00ebsht\u00eb \u201ckryerja e investimeve p\u00ebr t\u00eb zhvilluar e shfryt\u00ebzuar nj\u00eb pasuri publike t\u00eb caktuar p\u00ebr nj\u00eb koh\u00eb t\u00eb dh\u00ebn\u00eb\u201d. N\u00eb qoft\u00eb se investimet nuk jan\u00eb kryer n\u00eb koh\u00ebn e parashikuar n\u00eb kontrat\u00eb, at\u00ebher\u00eb kontrata ka d\u00ebshtuar. N\u00eb rastin konkret, themi se ka d\u00ebshtuar koncesionari dhe Organi Shtet\u00ebror i Autorizuar, pra qeveria e p\u00ebrfaq\u00ebsuar Ministria e Ekonomis\u00eb, Tregtis\u00eb dhe Energjetik\u00ebs (METE).<\/p>\n<p>Kush \u00ebsht\u00eb i humbur dhe kush \u00ebsht\u00eb i fituar n\u00eb k\u00ebt\u00eb d\u00ebshtim t\u00eb kontrat\u00ebs koncesionare? \u00cbsht\u00eb kat\u00ebr\u00e7ip\u00ebrisht e provuar se pal\u00eb e humbur jan\u00eb minator\u00ebt, qyteti minator dhe METE. Por, po kaq e kuptueshme \u00ebsht\u00eb q\u00eb pala e fituar \u00ebsht\u00eb kompania koncesionare. Humbja e pal\u00ebs humb\u00ebse ka t\u00eb b\u00ebj\u00eb me:<\/p>\n<p>1. Mbylljen e perspektiv\u00ebs s\u00eb minier\u00ebs s\u00eb kromit Bulqiz\u00eb. Kjo munges\u00eb perspektive sjell, nga nj\u00ebra an\u00eb mbylljen e minier\u00ebs dhe rr\u00ebnimin e qytetit minator. 2. Rrezikun e madh t\u00eb varrosjes s\u00eb rezervave t\u00eb kromit t\u00eb pasur n\u00eb thell\u00ebsi posht\u00eb nivelit t\u00eb 16-t\u00eb apo 17 t\u00eb minier\u00ebs dhe pamund\u00ebsin\u00eb p\u00ebr t\u00eb zbuluar rezerva t\u00eb reja t\u00eb mineralit t\u00eb kromit n\u00eb thell\u00ebsi posht\u00eb niveleve 22. Trupi i kromit, gjeologjikisht nuk \u00ebsht\u00eb mbyllur drejt thell\u00ebsis\u00eb. Fitorja e kompanis\u00eb koncesionare \u00ebsht\u00eb evidente dhe e kuptueshme nga kushdo. Kompania koncesionare ka nxjerr\u00eb m\u00eb shum\u00eb se rreth gjysm\u00eb milioni ton krom, pa b\u00ebr\u00eb investime themelore q\u00eb kan\u00eb t\u00eb b\u00ebjn\u00eb me hapjen e minier\u00ebs drejt thell\u00ebsis\u00eb.<\/p>\n<p>Kromi i prodhuar nga viti 2001 deri sot, n\u00eb kostot e prodhimit pothuajse nuk \u00ebsht\u00eb r\u00ebnduar me z\u00ebrin e investimeve themelore. Pra, kompania koncesionare gjat\u00eb k\u00ebsaj periudhe ka prodhuar dhe ka fituar mir\u00eb, mbase edhe m\u00eb mir\u00eb se sa mund t\u00eb pritej, sepse \u00ebsht\u00eb ndihmuar nga nj\u00eb konjuktur\u00eb shum\u00eb e favorshme n\u00eb tregun nd\u00ebrkomb\u00ebtar t\u00eb kromit. \u00cbsht\u00eb e qart\u00eb si drita e diellit q\u00eb pozicioni ligjor, ekonomiko-financiar dhe moral i qeveris\u00eb dhe METE-s \u00ebsht\u00eb n\u00eb pal\u00ebn e humbur, s\u00eb bashku me minator\u00ebt dhe qytetin minator t\u00eb Bulqiz\u00ebs. Por, po kaq i qart\u00eb \u00ebsht\u00eb se q\u00ebndrimi i qeveris\u00eb dhe METE-s \u00ebsht\u00eb krah p\u00ebr krah me kompanin\u00eb koncesionare. P\u00ebr \u00e7udin\u00eb e kujtdo, k\u00ebshtu ka ndodhur q\u00eb n\u00eb dit\u00ebn e par\u00eb.<\/p>\n<p>Por nuk \u00ebsht\u00eb mjaftuar vet\u00ebm me kaq. Qeveria, n\u00eb vend t\u00eb k\u00ebrkoj\u00eb plot\u00ebsimin e kontrat\u00ebs koncesionare, d\u00ebrgon forcat speciale dhe policin\u00eb kund\u00ebr minator\u00ebve, i urdh\u00ebron k\u00ebto forca t\u00eb posht\u00ebrojn\u00eb f\u00ebmij\u00ebt dhe grat\u00eb e nj\u00eb qyteti t\u00eb t\u00ebr\u00eb. K\u00ebshtu qeveria po e rr\u00ebnon Minier\u00ebn e Bulqiz\u00ebs, po ndal frym\u00ebmarrjen e nj\u00eb qyteti minator. \u00cbsht\u00eb e dhimbshme t\u00eb shoh\u00ebsh \u00e7far\u00eb po b\u00ebn kjo qeveri kur k\u00ebrkon t\u00eb mbroj\u00eb fajtor\u00ebt e v\u00ebrtet\u00eb, t\u00eb cil\u00ebt jan\u00eb edhe n\u00eb gjirin e saj. P\u00ebrse vall\u00eb nj\u00eb sjellje e till\u00eb, kur qeveria duhet t\u00eb ishte orientuar nga rruga e zgjidhjes? \u00cbsht\u00eb fjala p\u00ebr zgjidhjen e v\u00ebrtet\u00eb, p\u00ebr nj\u00eb zgjidhje t\u00eb q\u00ebndrueshme q\u00eb hap perspektiv\u00ebn dhe jo nj\u00eb zgjidhje p\u00ebr t\u00eb kaluar radh\u00ebn e p\u00ebr t\u00eb ricikluar nj\u00eb humbje m\u00eb t\u00eb r\u00ebnd\u00eb dhe ndoshta mbylljen e minier\u00ebs. Situata e krijuar k\u00ebrkon vler\u00ebsim serioz e t\u00eb ndersh\u00ebm prej qeveris\u00eb, ve\u00e7an\u00ebrisht prej METE-s, si OSHA.<\/p>\n<p>1. T\u00eb njihet d\u00ebshtimi i kryerjes s\u00eb investimeve prej METE-s dhe ACR-s\u00eb. 2. Qeveria t\u00eb b\u00ebhet pal\u00eb n\u00eb bisedime p\u00ebr zgjidhjen e problemit, duke plot\u00ebsuar t\u00eb gjitha k\u00ebrkesat e minator\u00ebve. 3. ACR-s\u00eb t\u2019i k\u00ebrkohet nj\u00eb garanci bankare prej 10 milion\u00eb dollar\u00ebsh p\u00ebr kryerjen e investimeve dhe 1 mln euro p\u00ebr modernizimin e minier\u00ebs, kryesisht kushtet e pun\u00ebs, q\u00eb do t\u00eb jet\u00eb n\u00eb nj\u00eb llogari t\u00eb posa\u00e7me. Nd\u00ebrkoh\u00eb, t\u00eb k\u00ebrkohet pagesa e gjith\u00eb shum\u00ebs s\u00eb penaliteteve p\u00ebr moszbatimin e detyrimeve n\u00eb kontrat\u00ebn koncesionare. Fitimi i ACR-s\u00eb p\u00ebr vitet 2006-2010 t\u00eb pakt\u00ebn \u00ebsht\u00eb 45-50 mln dollar\u00eb, dhe k\u00ebt\u00eb fitim ata thjesht e kan\u00eb transferuar jasht\u00eb pa kryer investimet e kontrat\u00ebs, si grabit\u00ebs t\u00eb pasuris\u00eb s\u00eb kromit. 4. Pas k\u00ebsaj mund t\u00eb rinegociohet nj\u00eb kontrat\u00eb apo amendim kontrate dhe kontrata t\u00eb d\u00ebrgohet n\u00eb Parlament p\u00ebr t\u2019u miratuar. Gjith\u00e7ka duhet v\u00ebn\u00eb n\u00eb fuqin\u00eb e ligjit dhe n\u00ebn kontrollin e ligjit. N\u00ebse nuk veprohet k\u00ebshtu, ekziston rreziku q\u00eb pas nj\u00eb apo dy vitesh koncesionari t\u00eb shpall\u00eb d\u00ebshtimin dhe t\u00eb iki pa i hyr\u00eb gjemb n\u00eb k\u00ebmb\u00eb, duke e varrosur Bulqiz\u00ebn si minier\u00eb dhe si qytet minator\u00ebsh.<\/p>\n<p>M\u00eb tej vijn\u00eb p\u00ebrgjegj\u00ebsit\u00eb morale, politike dhe ligjore q\u00eb duhet t\u00eb nd\u00ebrmarr\u00eb Qeveria dhe institucionet e tjera kushtetuese si\u00e7 mund t\u00eb jen\u00eb: 1. T\u00eb dor\u00ebhiqet ministri Ruli p\u00ebr shkelje t\u00eb ligjit, q\u00eb i hapi rrug\u00eb agravimit t\u00eb situat\u00ebs. 2. T\u00eb dor\u00ebhiqet ministri aktual i METE-s, Nasip Na\u00e7o, i cili nuk iu dha zgjidhje ligjore k\u00ebrkesave t\u00eb grevist\u00ebve q\u00eb n\u00eb nisje t\u00eb grev\u00ebs kur u ngujuan para METE-s dhe Kryeministris\u00eb. P\u00ebr m\u00eb keq, p\u00ebrdori institucionet n\u00eb vart\u00ebsi p\u00ebr t\u00eb b\u00ebr\u00eb p\u00ebrgjegj\u00ebs minator\u00ebt mbi gjendjen e minier\u00ebs, kur duhet t\u00eb b\u00ebnte p\u00ebrgjegj\u00ebse kompanin\u00eb koncesionare.<\/p>\n<p>Kjo veprimtari e tij shkoi deri n\u00eb paditje n\u00eb gjykat\u00eb t\u00eb minator\u00ebve, thirrjen e policis\u00eb dhe forcave speciale, t\u00eb cil\u00ebt kan\u00eb dhunuar minator\u00ebt, familjet e tyre, f\u00ebmij\u00ebt, duke terrorizuar gjith\u00eb qytetin minator. Ka mbi nj\u00eb muaj q\u00eb n\u00eb Bulqiz\u00eb \u00ebsht\u00eb vendosur nj\u00eb gjendje shtetrrethimi me k\u00ebrkes\u00eb t\u00eb ministrit Na\u00e7o!&#8230; Fillimi i nj\u00eb hetimi penal prej Prokuroris\u00eb apo inspektimi nga KLSH-ja. K\u00ebto veprime do t\u00eb d\u00ebshmojn\u00eb realisht n\u00ebse qeveria dhe i t\u00ebr\u00eb shteti ka vendosur t\u00eb reflektoj\u00eb seriozisht!<\/p>\n","protected":false},"excerpt":{"rendered":"<p>Pajtim Bello, 21.09.2011 Greva e minator\u00ebve t\u00eb minier\u00ebs s\u00eb kromit Bulqiz\u00eb po i afrohet kufirit t\u00eb 100 dit\u00ebve. Nga dita n\u00eb dit\u00eb, situata sa vjen e r\u00ebndohet n\u00eb minier\u00eb, n\u00eb \u00e7do familje minatore dhe n\u00eb qytetin minator t\u00eb Bulqiz\u00ebs. Zgjidhja e situat\u00ebs s\u00eb krijuar duket larg, p\u00ebr m\u00eb keq n\u00eb horizont \u00ebsht\u00eb shfaqur nj\u00eb zgjidhje [&hellip;]<\/p>\n","protected":false},"author":1,"featured_media":0,"comment_status":"open","ping_status":"closed","sticky":false,"template":"","format":"standard","meta":{"footnotes":""},"categories":[2],"tags":[],"class_list":{"0":"post-10587","1":"post","2":"type-post","3":"status-publish","4":"format-standard","6":"category-artikuj"},"yoast_head":"<!-- This site is optimized with the Yoast SEO plugin v27.4 - https:\/\/yoast.com\/product\/yoast-seo-wordpress\/ -->\n<title>Nj\u00eb qeveri e kapur rob - FjALA e LIR\u00cb - Arkivi<\/title>\n<meta name=\"robots\" content=\"index, follow, max-snippet:-1, max-image-preview:large, max-video-preview:-1\" \/>\n<link rel=\"canonical\" href=\"https:\/\/fjala.info\/2009-2015\/nje-qeveri-e-kapur-rob\/\" \/>\n<meta property=\"og:locale\" content=\"sq_AL\" \/>\n<meta property=\"og:type\" content=\"article\" \/>\n<meta property=\"og:title\" content=\"Nj\u00eb qeveri e kapur rob - FjALA e LIR\u00cb - Arkivi\" \/>\n<meta property=\"og:description\" content=\"Pajtim Bello, 21.09.2011 Greva e minator\u00ebve t\u00eb minier\u00ebs s\u00eb kromit Bulqiz\u00eb po i afrohet kufirit t\u00eb 100 dit\u00ebve. Nga dita n\u00eb dit\u00eb, situata sa vjen e r\u00ebndohet n\u00eb minier\u00eb, n\u00eb \u00e7do familje minatore dhe n\u00eb qytetin minator t\u00eb Bulqiz\u00ebs. Zgjidhja e situat\u00ebs s\u00eb krijuar duket larg, p\u00ebr m\u00eb keq n\u00eb horizont \u00ebsht\u00eb shfaqur nj\u00eb zgjidhje [&hellip;]\" \/>\n<meta property=\"og:url\" content=\"https:\/\/fjala.info\/2009-2015\/nje-qeveri-e-kapur-rob\/\" \/>\n<meta property=\"og:site_name\" content=\"FjALA e LIR\u00cb - Arkivi\" \/>\n<meta property=\"article:published_time\" content=\"2011-09-22T08:49:47+00:00\" \/>\n<meta name=\"author\" content=\"admin\" \/>\n<meta name=\"twitter:card\" content=\"summary_large_image\" \/>\n<meta name=\"twitter:label1\" content=\"Written by\" \/>\n\t<meta name=\"twitter:data1\" content=\"admin\" \/>\n\t<meta name=\"twitter:label2\" content=\"Est. reading time\" \/>\n\t<meta name=\"twitter:data2\" content=\"7 minutes\" \/>\n<script type=\"application\/ld+json\" class=\"yoast-schema-graph\">{\"@context\":\"https:\\\/\\\/schema.org\",\"@graph\":[{\"@type\":\"Article\",\"@id\":\"https:\\\/\\\/fjala.info\\\/2009-2015\\\/nje-qeveri-e-kapur-rob\\\/#article\",\"isPartOf\":{\"@id\":\"https:\\\/\\\/fjala.info\\\/2009-2015\\\/nje-qeveri-e-kapur-rob\\\/\"},\"author\":{\"name\":\"admin\",\"@id\":\"https:\\\/\\\/fjala.info\\\/2009-2015\\\/#\\\/schema\\\/person\\\/3aa1163ef05469c496fc94e77611ada2\"},\"headline\":\"Nj\u00eb qeveri e kapur rob\",\"datePublished\":\"2011-09-22T08:49:47+00:00\",\"mainEntityOfPage\":{\"@id\":\"https:\\\/\\\/fjala.info\\\/2009-2015\\\/nje-qeveri-e-kapur-rob\\\/\"},\"wordCount\":1440,\"commentCount\":1,\"publisher\":{\"@id\":\"https:\\\/\\\/fjala.info\\\/2009-2015\\\/#organization\"},\"articleSection\":[\"Artikuj\"],\"inLanguage\":\"sq-AL\",\"potentialAction\":[{\"@type\":\"CommentAction\",\"name\":\"Comment\",\"target\":[\"https:\\\/\\\/fjala.info\\\/2009-2015\\\/nje-qeveri-e-kapur-rob\\\/#respond\"]}]},{\"@type\":\"WebPage\",\"@id\":\"https:\\\/\\\/fjala.info\\\/2009-2015\\\/nje-qeveri-e-kapur-rob\\\/\",\"url\":\"https:\\\/\\\/fjala.info\\\/2009-2015\\\/nje-qeveri-e-kapur-rob\\\/\",\"name\":\"Nj\u00eb qeveri e kapur rob - FjALA e LIR\u00cb - Arkivi\",\"isPartOf\":{\"@id\":\"https:\\\/\\\/fjala.info\\\/2009-2015\\\/#website\"},\"datePublished\":\"2011-09-22T08:49:47+00:00\",\"breadcrumb\":{\"@id\":\"https:\\\/\\\/fjala.info\\\/2009-2015\\\/nje-qeveri-e-kapur-rob\\\/#breadcrumb\"},\"inLanguage\":\"sq-AL\",\"potentialAction\":[{\"@type\":\"ReadAction\",\"target\":[\"https:\\\/\\\/fjala.info\\\/2009-2015\\\/nje-qeveri-e-kapur-rob\\\/\"]}]},{\"@type\":\"BreadcrumbList\",\"@id\":\"https:\\\/\\\/fjala.info\\\/2009-2015\\\/nje-qeveri-e-kapur-rob\\\/#breadcrumb\",\"itemListElement\":[{\"@type\":\"ListItem\",\"position\":1,\"name\":\"Home\",\"item\":\"https:\\\/\\\/fjala.info\\\/2009-2015\\\/\"},{\"@type\":\"ListItem\",\"position\":2,\"name\":\"Nj\u00eb qeveri e kapur rob\"}]},{\"@type\":\"WebSite\",\"@id\":\"https:\\\/\\\/fjala.info\\\/2009-2015\\\/#website\",\"url\":\"https:\\\/\\\/fjala.info\\\/2009-2015\\\/\",\"name\":\"FjALA e LIR\u00cb - Arkivi\",\"description\":\"Arkivi 2009-2015\",\"publisher\":{\"@id\":\"https:\\\/\\\/fjala.info\\\/2009-2015\\\/#organization\"},\"potentialAction\":[{\"@type\":\"SearchAction\",\"target\":{\"@type\":\"EntryPoint\",\"urlTemplate\":\"https:\\\/\\\/fjala.info\\\/2009-2015\\\/?s={search_term_string}\"},\"query-input\":{\"@type\":\"PropertyValueSpecification\",\"valueRequired\":true,\"valueName\":\"search_term_string\"}}],\"inLanguage\":\"sq-AL\"},{\"@type\":\"Organization\",\"@id\":\"https:\\\/\\\/fjala.info\\\/2009-2015\\\/#organization\",\"name\":\"FjALA e LIR\u00cb - Arkivi\",\"url\":\"https:\\\/\\\/fjala.info\\\/2009-2015\\\/\",\"logo\":{\"@type\":\"ImageObject\",\"inLanguage\":\"sq-AL\",\"@id\":\"https:\\\/\\\/fjala.info\\\/2009-2015\\\/#\\\/schema\\\/logo\\\/image\\\/\",\"url\":\"\",\"contentUrl\":\"\",\"caption\":\"FjALA e LIR\u00cb - Arkivi\"},\"image\":{\"@id\":\"https:\\\/\\\/fjala.info\\\/2009-2015\\\/#\\\/schema\\\/logo\\\/image\\\/\"}},{\"@type\":\"Person\",\"@id\":\"https:\\\/\\\/fjala.info\\\/2009-2015\\\/#\\\/schema\\\/person\\\/3aa1163ef05469c496fc94e77611ada2\",\"name\":\"admin\",\"image\":{\"@type\":\"ImageObject\",\"inLanguage\":\"sq-AL\",\"@id\":\"https:\\\/\\\/fjala.info\\\/2009-2015\\\/wp-content\\\/uploads\\\/2012\\\/02\\\/arben_cokaj-120x150.jpg\",\"url\":\"https:\\\/\\\/fjala.info\\\/2009-2015\\\/wp-content\\\/uploads\\\/2012\\\/02\\\/arben_cokaj-120x150.jpg\",\"contentUrl\":\"https:\\\/\\\/fjala.info\\\/2009-2015\\\/wp-content\\\/uploads\\\/2012\\\/02\\\/arben_cokaj-120x150.jpg\",\"caption\":\"admin\"},\"description\":\"Admin, Fjala e Lir\u00eb\",\"sameAs\":[\"https:\\\/\\\/fjala.info\\\/\"],\"url\":\"https:\\\/\\\/fjala.info\\\/2009-2015\\\/author\\\/admin\\\/\"}]}<\/script>\n<!-- \/ Yoast SEO plugin. -->","yoast_head_json":{"title":"Nj\u00eb qeveri e kapur rob - FjALA e LIR\u00cb - Arkivi","robots":{"index":"index","follow":"follow","max-snippet":"max-snippet:-1","max-image-preview":"max-image-preview:large","max-video-preview":"max-video-preview:-1"},"canonical":"https:\/\/fjala.info\/2009-2015\/nje-qeveri-e-kapur-rob\/","og_locale":"sq_AL","og_type":"article","og_title":"Nj\u00eb qeveri e kapur rob - FjALA e LIR\u00cb - Arkivi","og_description":"Pajtim Bello, 21.09.2011 Greva e minator\u00ebve t\u00eb minier\u00ebs s\u00eb kromit Bulqiz\u00eb po i afrohet kufirit t\u00eb 100 dit\u00ebve. Nga dita n\u00eb dit\u00eb, situata sa vjen e r\u00ebndohet n\u00eb minier\u00eb, n\u00eb \u00e7do familje minatore dhe n\u00eb qytetin minator t\u00eb Bulqiz\u00ebs. Zgjidhja e situat\u00ebs s\u00eb krijuar duket larg, p\u00ebr m\u00eb keq n\u00eb horizont \u00ebsht\u00eb shfaqur nj\u00eb zgjidhje [&hellip;]","og_url":"https:\/\/fjala.info\/2009-2015\/nje-qeveri-e-kapur-rob\/","og_site_name":"FjALA e LIR\u00cb - Arkivi","article_published_time":"2011-09-22T08:49:47+00:00","author":"admin","twitter_card":"summary_large_image","twitter_misc":{"Written by":"admin","Est. reading time":"7 minutes"},"schema":{"@context":"https:\/\/schema.org","@graph":[{"@type":"Article","@id":"https:\/\/fjala.info\/2009-2015\/nje-qeveri-e-kapur-rob\/#article","isPartOf":{"@id":"https:\/\/fjala.info\/2009-2015\/nje-qeveri-e-kapur-rob\/"},"author":{"name":"admin","@id":"https:\/\/fjala.info\/2009-2015\/#\/schema\/person\/3aa1163ef05469c496fc94e77611ada2"},"headline":"Nj\u00eb qeveri e kapur rob","datePublished":"2011-09-22T08:49:47+00:00","mainEntityOfPage":{"@id":"https:\/\/fjala.info\/2009-2015\/nje-qeveri-e-kapur-rob\/"},"wordCount":1440,"commentCount":1,"publisher":{"@id":"https:\/\/fjala.info\/2009-2015\/#organization"},"articleSection":["Artikuj"],"inLanguage":"sq-AL","potentialAction":[{"@type":"CommentAction","name":"Comment","target":["https:\/\/fjala.info\/2009-2015\/nje-qeveri-e-kapur-rob\/#respond"]}]},{"@type":"WebPage","@id":"https:\/\/fjala.info\/2009-2015\/nje-qeveri-e-kapur-rob\/","url":"https:\/\/fjala.info\/2009-2015\/nje-qeveri-e-kapur-rob\/","name":"Nj\u00eb qeveri e kapur rob - FjALA e LIR\u00cb - Arkivi","isPartOf":{"@id":"https:\/\/fjala.info\/2009-2015\/#website"},"datePublished":"2011-09-22T08:49:47+00:00","breadcrumb":{"@id":"https:\/\/fjala.info\/2009-2015\/nje-qeveri-e-kapur-rob\/#breadcrumb"},"inLanguage":"sq-AL","potentialAction":[{"@type":"ReadAction","target":["https:\/\/fjala.info\/2009-2015\/nje-qeveri-e-kapur-rob\/"]}]},{"@type":"BreadcrumbList","@id":"https:\/\/fjala.info\/2009-2015\/nje-qeveri-e-kapur-rob\/#breadcrumb","itemListElement":[{"@type":"ListItem","position":1,"name":"Home","item":"https:\/\/fjala.info\/2009-2015\/"},{"@type":"ListItem","position":2,"name":"Nj\u00eb qeveri e kapur rob"}]},{"@type":"WebSite","@id":"https:\/\/fjala.info\/2009-2015\/#website","url":"https:\/\/fjala.info\/2009-2015\/","name":"FjALA e LIR\u00cb - Arkivi","description":"Arkivi 2009-2015","publisher":{"@id":"https:\/\/fjala.info\/2009-2015\/#organization"},"potentialAction":[{"@type":"SearchAction","target":{"@type":"EntryPoint","urlTemplate":"https:\/\/fjala.info\/2009-2015\/?s={search_term_string}"},"query-input":{"@type":"PropertyValueSpecification","valueRequired":true,"valueName":"search_term_string"}}],"inLanguage":"sq-AL"},{"@type":"Organization","@id":"https:\/\/fjala.info\/2009-2015\/#organization","name":"FjALA e LIR\u00cb - Arkivi","url":"https:\/\/fjala.info\/2009-2015\/","logo":{"@type":"ImageObject","inLanguage":"sq-AL","@id":"https:\/\/fjala.info\/2009-2015\/#\/schema\/logo\/image\/","url":"","contentUrl":"","caption":"FjALA e LIR\u00cb - Arkivi"},"image":{"@id":"https:\/\/fjala.info\/2009-2015\/#\/schema\/logo\/image\/"}},{"@type":"Person","@id":"https:\/\/fjala.info\/2009-2015\/#\/schema\/person\/3aa1163ef05469c496fc94e77611ada2","name":"admin","image":{"@type":"ImageObject","inLanguage":"sq-AL","@id":"https:\/\/fjala.info\/2009-2015\/wp-content\/uploads\/2012\/02\/arben_cokaj-120x150.jpg","url":"https:\/\/fjala.info\/2009-2015\/wp-content\/uploads\/2012\/02\/arben_cokaj-120x150.jpg","contentUrl":"https:\/\/fjala.info\/2009-2015\/wp-content\/uploads\/2012\/02\/arben_cokaj-120x150.jpg","caption":"admin"},"description":"Admin, Fjala e Lir\u00eb","sameAs":["https:\/\/fjala.info\/"],"url":"https:\/\/fjala.info\/2009-2015\/author\/admin\/"}]}},"_links":{"self":[{"href":"https:\/\/fjala.info\/2009-2015\/wp-json\/wp\/v2\/posts\/10587","targetHints":{"allow":["GET"]}}],"collection":[{"href":"https:\/\/fjala.info\/2009-2015\/wp-json\/wp\/v2\/posts"}],"about":[{"href":"https:\/\/fjala.info\/2009-2015\/wp-json\/wp\/v2\/types\/post"}],"author":[{"embeddable":true,"href":"https:\/\/fjala.info\/2009-2015\/wp-json\/wp\/v2\/users\/1"}],"replies":[{"embeddable":true,"href":"https:\/\/fjala.info\/2009-2015\/wp-json\/wp\/v2\/comments?post=10587"}],"version-history":[{"count":0,"href":"https:\/\/fjala.info\/2009-2015\/wp-json\/wp\/v2\/posts\/10587\/revisions"}],"wp:attachment":[{"href":"https:\/\/fjala.info\/2009-2015\/wp-json\/wp\/v2\/media?parent=10587"}],"wp:term":[{"taxonomy":"category","embeddable":true,"href":"https:\/\/fjala.info\/2009-2015\/wp-json\/wp\/v2\/categories?post=10587"},{"taxonomy":"post_tag","embeddable":true,"href":"https:\/\/fjala.info\/2009-2015\/wp-json\/wp\/v2\/tags?post=10587"}],"curies":[{"name":"wp","href":"https:\/\/api.w.org\/{rel}","templated":true}]}}