{"id":10570,"date":"2011-09-20T23:40:02","date_gmt":"2011-09-20T22:40:02","guid":{"rendered":"http:\/\/fjala.shkoder.net\/?p=10570"},"modified":"2011-09-20T23:40:02","modified_gmt":"2011-09-20T22:40:02","slug":"te-paprekshmit-e-pushtetit","status":"publish","type":"post","link":"https:\/\/fjala.info\/2009-2015\/te-paprekshmit-e-pushtetit\/","title":{"rendered":"T\u00eb paprekshmit e pushtetit"},"content":{"rendered":"<p><img decoding=\"async\" class=\"alignright size-thumbnail wp-image-7236\" title=\"Mero Baze\" src=\"http:\/\/www.shkoder.net\/images\/fjala\/mero_baze1.jpg\" alt=\"\" width=\"150\" \/> Nga <strong>Mero Baze<\/strong><\/p>\n<p>Prokuroria e P\u00ebrgjithshme ka njoftuar dy dit\u00eb m\u00eb par\u00eb p\u00ebr arrestimin e disa drejtuesve t\u00eb nj\u00eb kompanie fantazm\u00eb n\u00eb Fier, e cila sh\u00ebrbente p\u00ebr t\u00eb shkarkuar financiarisht nj\u00eb sasi t\u00eb madhe nafte bruto, t\u00eb saponxjerr\u00eb nga n\u00ebntoka, q\u00eb shitet n\u00eb tregun e naft\u00ebs shqiptare pa u p\u00ebrpunuar dhe duke shmangur gjith\u00eb piramid\u00ebn e taksave shqiptare. Nj\u00eb qytetar defi\u00e7ent, i papun\u00eb dhe i pashpres\u00eb, ka pranuar t\u00eb n\u00ebnshkruaj\u00eb se \u00ebsht\u00eb pronar i k\u00ebsaj kompanie kundrejt nj\u00eb shp\u00ebrblimi prej 200 mij\u00eb lek\u00ebsh, dhe pas k\u00ebsaj kompania ka filluar t\u00eb pastroj\u00eb faturat financiare t\u00eb nj\u00eb sasie nafte, q\u00eb sipas deklarimit t\u00eb fatur\u00ebs i \u00ebsht\u00eb marr\u00eb kompanis\u00eb \u2018Stream Oil and Gaz\u2019 q\u00eb operon n\u00eb Shqip\u00ebri, p\u00ebr nxjerrjen e naft\u00ebs dhe gazit nga n\u00ebntoka.<\/p>\n<p>P\u00ebr t\u00eb gjith\u00eb ata q\u00eb nuk e din\u00eb, kjo kompani \u00ebsht\u00eb nga tre kompanit\u00eb q\u00eb nxjerrin naft\u00ebn nga puset ekzistuese t\u00eb Shqip\u00ebris\u00eb, s\u00eb bashku me Albpetrolin dhe Bankers. Kompania \u00ebsht\u00eb biznes i disa biznesmen\u00ebve grek\u00eb nga Selaniku dhe burrit t\u00eb Albana Vokshit, deputetes s\u00eb Partis\u00eb Demokratike dhe njeriut t\u00eb af\u00ebrt t\u00eb Sali Berish\u00ebs. Kjo kompani p\u00ebrve\u00e7se ka marr\u00eb vendburimet m\u00eb t\u00eb mira t\u00eb naft\u00ebs n\u00eb vend, p\u00ebrfshi ato t\u00eb Delvin\u00ebs dhe Finiqit ku nxirret naft\u00eb dhe gaz natyror, po fut n\u00eb tregun shqiptar naft\u00ebn e nxjerr\u00eb direkt nga n\u00ebntoka p\u00ebr shkak t\u00eb specifikave pozitive q\u00eb kan\u00eb vendburimet q\u00eb ajo ka marr\u00eb p\u00ebr shfryt\u00ebzim.<\/p>\n<p>Por ajo q\u00eb bie n\u00eb sy n\u00eb veprimet e prokuroris\u00eb \u00ebsht\u00eb se kan\u00eb arrestuar nj\u00eb njeri q\u00eb thuajse \u00ebsht\u00eb vet\u00ebdor\u00ebzuar, dhe po heshtin dhe nuk po operojn\u00eb m\u00eb tej me drejtuesit e kompanis\u00eb Stream Oil, t\u00eb cil\u00ebt minimalisht duhet t\u00eb hetohen, jo vet\u00ebm p\u00ebr evazionin fiskal, por dhe p\u00ebr d\u00ebmin e pallogaritsh\u00ebm q\u00eb i b\u00ebjn\u00eb konsumatorit shqiptar duke futur n\u00eb treg naft\u00eb bruto t\u00eb pap\u00ebrpunuar. Bllokimi \u00ebsht\u00eb t\u00ebr\u00ebsisht politik, n\u00ebn shembullin e agresionit q\u00eb Berisha aplikon ndaj prokuroris\u00eb kur dikush i prek t\u00eb vet\u00ebt.<\/p>\n<p>E nj\u00ebjt\u00eb \u00ebsht\u00eb historia e tenderit t\u00eb skrapit n\u00eb Fier. N\u00ebn emrin e kompanis\u00eb turke Kurum, \u00ebsht\u00eb fituar nj\u00eb tender q\u00eb blen p\u00ebr skrap Uzin\u00ebn e Azotikut n\u00eb Fier m\u00eb nj\u00eb \u00e7mim rreth 40 her\u00eb m\u00eb t\u00eb lir\u00eb se sa oferta e tregut, n\u00eb nj\u00eb tender plot skandale dhe parregullsi, dhe n\u00ebn dirigjimin direkt t\u00eb k\u00ebtij biznesi prej miliona eurosh t\u00eb Ilir Met\u00ebs. N\u00ebse nj\u00eb prokuror shkon sot n\u00eb ish Uzin\u00ebn e Azotikut, do t\u00eb shikoj\u00eb q\u00eb po \u00e7montohen jo vet\u00ebm hekurat, p\u00ebr t\u00eb cil\u00ebn gjoja \u00ebsht\u00eb b\u00ebr\u00eb tender, por gjith\u00eb linjat e prodhimit t\u00eb fabrikave t\u00eb tjera aty, deri dhe tek pajisjet e TEC-it t\u00eb Fierit q\u00eb gjoja do jepej me koncesion.<\/p>\n<p>Policia private q\u00eb ka rrethuar vendin, ku un\u00eb tentova t\u00eb hyj, drejtohej nga v\u00ebllai i Ministrit t\u00eb Ekonomis\u00eb, nd\u00ebrsa ata q\u00eb b\u00ebnin ligjin nuk ishin turqit e Kurumit, por ushtar\u00ebt e Ilir Met\u00ebs, q\u00eb po merrnin pla\u00e7k\u00ebn e tregut p\u00ebr besnik\u00ebri politike. Edhe pse skandali \u00ebsht\u00eb i p\u00ebrmasave t\u00eb frikshme p\u00ebr nga fatura financiare dhe d\u00ebmi q\u00eb i shkakton ekonomis\u00eb s\u00eb vendit, asgj\u00eb nuk ndodh.<\/p>\n<p>Arsyeja e p\u00ebrbashk\u00ebt \u00ebsht\u00eb se pushteti po forcon iden\u00eb se kush \u00ebsht\u00eb i veti dhe kush ka n\u00eb dor\u00eb mbijetes\u00ebn e tij politike, \u00ebsht\u00eb i lir\u00eb t\u00eb vjedh\u00eb. Dy votat e deputet\u00ebve t\u00eb LSI, Na\u00e7o dhe Koka, q\u00eb po administrojn\u00eb \u00e7\u00ebshtjen e skrapit n\u00eb Fier, jan\u00eb vendimtare p\u00ebr Ilir Met\u00ebn, dhe Ilir Meta vendimtar p\u00ebr Sali Berish\u00ebn, ndaj pla\u00e7kitja e vendit vazhdon me leje. Meq\u00eb Albana Vokshi \u00ebsht\u00eb figur\u00eb kryesore n\u00eb grat\u00eb e PD-s\u00eb, dhe meq\u00eb Berisha nuk ka nd\u00ebrmend t\u00eb pranoj\u00eb t\u2019i prekin njer\u00ebzit e af\u00ebrt pa leje t\u00eb tij, kompania e burrit t\u00eb saj as guxon t\u00eb hetohet nga prokuroria p\u00ebr shkak t\u00eb k\u00ebtij presioni.<\/p>\n<p>Si p\u00ebr ta kompletuar dhe n\u00eb nivel lokal k\u00ebt\u00eb klienteliz\u00ebm mes pushtetit dhe njer\u00ebzve t\u00eb vet, Lul\u00ebzim Basha dje d\u00ebrgoi nj\u00eb nga jeni\u00e7er\u00ebt e tij p\u00ebr t\u00eb prishur nj\u00eb gardh rrethues t\u00eb kompanis\u00eb Top Channel n\u00eb Kinostudio, e cila ka nj\u00eb leje nd\u00ebrtimi dhe nj\u00eb kontrat\u00eb koncensionare me emfiteoz\u00eb si gjith\u00eb t\u00eb tjer\u00ebt. Pak m\u00eb tutje Aleksand\u00ebr Frangaj ka zaptuar gjith\u00eb Kinostudion dhe e ka b\u00ebr\u00eb pron\u00eb t\u00eb vet\u00ebn pa i hyr\u00eb gjemb n\u00eb k\u00ebmb\u00eb, kurse ndaj Top Channel-it p\u00ebrdoren fadroma vet\u00ebm pse fqinji i tyre ishte pjes\u00eb e Forumit t\u00eb Tiran\u00ebs n\u00eb fushat\u00ebn elektorale t\u00eb Lul\u00ebzim Bash\u00ebs.<\/p>\n<p>B\u00ebhet fjal\u00eb p\u00ebr Kujtim \u00c7ashkun. Un\u00eb e kam mb\u00ebshtetur betej\u00ebn e \u00c7ashkut p\u00ebr t\u00eb mbijetuar n\u00eb biznesin e tij n\u00eb arsim dhe kam p\u00ebrkrahur fort p\u00ebrpjekjen e tij p\u00ebr t\u2019i rezistuar vendimeve arbitrare t\u00eb Berish\u00ebs p\u00ebr t\u00eb respektuar kontratat e vjetra t\u00eb tij dhe zanafill\u00ebn e projektit. Por me sa duket \u00c7ashku u lodh dhe i ra shkurt si gjith\u00eb t\u00eb tjer\u00ebt n\u00eb Kinostudio, u pajtua me pushtetin q\u00eb e quajti diktatur\u00eb, dhe po e p\u00ebrdor at\u00eb pushtet tani p\u00ebr t\u00eb shfuqizuar nj\u00eb kontrat\u00eb legale, edhe pse vet\u00eb p\u00ebr shkak t\u00eb Berish\u00ebs nuk ka akoma asnj\u00eb let\u00ebr.<\/p>\n<p>Kjo ndodh pasi logjika e k\u00ebtij pushteti nuk \u00ebsht\u00eb ligji, por raporti politik me t\u00eb. Meq\u00eb LSI ka n\u00eb dor\u00eb fatin e qeveris\u00eb Berisha, ka licenc\u00eb t\u00eb vjedh\u00eb, t\u00eb pla\u00e7kit\u00eb, bile t\u00eb shes\u00eb dhe hekurat e fundit q\u00eb kan\u00eb ngelur n\u00eb k\u00ebt\u00eb vend p\u00ebr t\u00eb b\u00ebr\u00eb para, meq\u00eb Albana Vokshi quhet figur\u00eb e af\u00ebrt me Berish\u00ebn dhe pushtetin e Familjes, kompania e burrit t\u00eb saj ka imunitet t\u00eb mos hetohet se i bie autoriteti Familjes, meq\u00eb Kujtim \u00c7ashku u p\u00ebrdor si fasad\u00eb n\u00eb fushat\u00ebn e Lul\u00ebzim Bash\u00ebs, ai tashm\u00eb ka t\u00eb drejt\u00eb t\u2019i b\u00ebj\u00eb nj\u00eb kompanie mediatike nj\u00eb padrejt\u00ebsi m\u00eb t\u00eb r\u00ebnd\u00eb se ajo q\u00eb Berisha i b\u00ebnte atij vite m\u00eb par\u00eb kur nuk e kishte futur n\u00eb vath\u00ebn e vet.<\/p>\n<p>Mentaliteti i t\u00eb drejt\u00ebs p\u00ebr t\u00eb grabitur, kontrabanduar dhe zaptuar n\u00eb em\u00ebr t\u00eb pushtetit, dhe pand\u00ebshkueshm\u00ebria e k\u00ebtyre fenomeneve, fatkeq\u00ebsisht na forcojn\u00eb t\u00eb gjith\u00ebve bindjen se jemi n\u00eb nj\u00eb shoq\u00ebri tribale, ku nuk ka r\u00ebnd\u00ebsi ligji, por raporti me pushtetin dhe af\u00ebrsia me t\u00eb. K\u00ebtij mentaliteti pak nga pak po i dor\u00ebzohen jo vet\u00ebm p\u00ebrfituesit, por dhe viktimat, duke e pranuar k\u00ebt\u00eb gj\u00eb si fatalitet. Dhe n\u00eb nj\u00eb shoq\u00ebri ku e keqja pranohet me kaq leht\u00ebsi si e drejt\u00eb e pushtetit, ka shum\u00eb pak shanse q\u00eb drejt\u00ebsia t\u00eb mbijetoj\u00eb si nevoj\u00eb p\u00ebr shoq\u00ebrin\u00eb. Ne jetojm\u00eb sot n\u00eb nj\u00eb shoq\u00ebri ku pushteti prish gardhe kund\u00ebrshtar\u00ebsh politik dhe hesht para pla\u00e7kitjeve t\u00eb n\u00ebntok\u00ebs, uzinave, fabrikave dhe hap\u00ebsirave publike nga t\u00eb vet\u00ebt. Kaq diferenc\u00eb mes dy klasave ka pasur vet\u00ebm n\u00eb komuniz\u00ebm.<\/p>\n","protected":false},"excerpt":{"rendered":"<p>Nga Mero Baze Prokuroria e P\u00ebrgjithshme ka njoftuar dy dit\u00eb m\u00eb par\u00eb p\u00ebr arrestimin e disa drejtuesve t\u00eb nj\u00eb kompanie fantazm\u00eb n\u00eb Fier, e cila sh\u00ebrbente p\u00ebr t\u00eb shkarkuar financiarisht nj\u00eb sasi t\u00eb madhe nafte bruto, t\u00eb saponxjerr\u00eb nga n\u00ebntoka, q\u00eb shitet n\u00eb tregun e naft\u00ebs shqiptare pa u p\u00ebrpunuar dhe duke shmangur gjith\u00eb piramid\u00ebn [&hellip;]<\/p>\n","protected":false},"author":1,"featured_media":0,"comment_status":"open","ping_status":"closed","sticky":false,"template":"","format":"standard","meta":{"footnotes":""},"categories":[2],"tags":[],"class_list":{"0":"post-10570","1":"post","2":"type-post","3":"status-publish","4":"format-standard","6":"category-artikuj"},"yoast_head":"<!-- This site is optimized with the Yoast SEO plugin v27.4 - https:\/\/yoast.com\/product\/yoast-seo-wordpress\/ -->\n<title>T\u00eb paprekshmit e pushtetit - FjALA e LIR\u00cb - Arkivi<\/title>\n<meta name=\"robots\" content=\"index, follow, max-snippet:-1, max-image-preview:large, max-video-preview:-1\" \/>\n<link rel=\"canonical\" href=\"https:\/\/fjala.info\/2009-2015\/te-paprekshmit-e-pushtetit\/\" \/>\n<meta property=\"og:locale\" content=\"sq_AL\" \/>\n<meta property=\"og:type\" content=\"article\" \/>\n<meta property=\"og:title\" content=\"T\u00eb paprekshmit e pushtetit - FjALA e LIR\u00cb - Arkivi\" \/>\n<meta property=\"og:description\" content=\"Nga Mero Baze Prokuroria e P\u00ebrgjithshme ka njoftuar dy dit\u00eb m\u00eb par\u00eb p\u00ebr arrestimin e disa drejtuesve t\u00eb nj\u00eb kompanie fantazm\u00eb n\u00eb Fier, e cila sh\u00ebrbente p\u00ebr t\u00eb shkarkuar financiarisht nj\u00eb sasi t\u00eb madhe nafte bruto, t\u00eb saponxjerr\u00eb nga n\u00ebntoka, q\u00eb shitet n\u00eb tregun e naft\u00ebs shqiptare pa u p\u00ebrpunuar dhe duke shmangur gjith\u00eb piramid\u00ebn [&hellip;]\" \/>\n<meta property=\"og:url\" content=\"https:\/\/fjala.info\/2009-2015\/te-paprekshmit-e-pushtetit\/\" \/>\n<meta property=\"og:site_name\" content=\"FjALA e LIR\u00cb - Arkivi\" \/>\n<meta property=\"article:published_time\" content=\"2011-09-20T22:40:02+00:00\" \/>\n<meta property=\"og:image\" content=\"http:\/\/www.shkoder.net\/images\/fjala\/mero_baze1.jpg\" \/>\n<meta name=\"author\" content=\"admin\" \/>\n<meta name=\"twitter:card\" content=\"summary_large_image\" \/>\n<meta name=\"twitter:label1\" content=\"Written by\" \/>\n\t<meta name=\"twitter:data1\" content=\"admin\" \/>\n\t<meta name=\"twitter:label2\" content=\"Est. reading time\" \/>\n\t<meta name=\"twitter:data2\" content=\"6 minutes\" \/>\n<script type=\"application\/ld+json\" class=\"yoast-schema-graph\">{\"@context\":\"https:\\\/\\\/schema.org\",\"@graph\":[{\"@type\":\"Article\",\"@id\":\"https:\\\/\\\/fjala.info\\\/2009-2015\\\/te-paprekshmit-e-pushtetit\\\/#article\",\"isPartOf\":{\"@id\":\"https:\\\/\\\/fjala.info\\\/2009-2015\\\/te-paprekshmit-e-pushtetit\\\/\"},\"author\":{\"name\":\"admin\",\"@id\":\"https:\\\/\\\/fjala.info\\\/2009-2015\\\/#\\\/schema\\\/person\\\/3aa1163ef05469c496fc94e77611ada2\"},\"headline\":\"T\u00eb paprekshmit e pushtetit\",\"datePublished\":\"2011-09-20T22:40:02+00:00\",\"mainEntityOfPage\":{\"@id\":\"https:\\\/\\\/fjala.info\\\/2009-2015\\\/te-paprekshmit-e-pushtetit\\\/\"},\"wordCount\":1219,\"commentCount\":0,\"publisher\":{\"@id\":\"https:\\\/\\\/fjala.info\\\/2009-2015\\\/#organization\"},\"image\":{\"@id\":\"https:\\\/\\\/fjala.info\\\/2009-2015\\\/te-paprekshmit-e-pushtetit\\\/#primaryimage\"},\"thumbnailUrl\":\"http:\\\/\\\/www.shkoder.net\\\/images\\\/fjala\\\/mero_baze1.jpg\",\"articleSection\":[\"Artikuj\"],\"inLanguage\":\"sq-AL\",\"potentialAction\":[{\"@type\":\"CommentAction\",\"name\":\"Comment\",\"target\":[\"https:\\\/\\\/fjala.info\\\/2009-2015\\\/te-paprekshmit-e-pushtetit\\\/#respond\"]}]},{\"@type\":\"WebPage\",\"@id\":\"https:\\\/\\\/fjala.info\\\/2009-2015\\\/te-paprekshmit-e-pushtetit\\\/\",\"url\":\"https:\\\/\\\/fjala.info\\\/2009-2015\\\/te-paprekshmit-e-pushtetit\\\/\",\"name\":\"T\u00eb paprekshmit e pushtetit - FjALA e LIR\u00cb - Arkivi\",\"isPartOf\":{\"@id\":\"https:\\\/\\\/fjala.info\\\/2009-2015\\\/#website\"},\"primaryImageOfPage\":{\"@id\":\"https:\\\/\\\/fjala.info\\\/2009-2015\\\/te-paprekshmit-e-pushtetit\\\/#primaryimage\"},\"image\":{\"@id\":\"https:\\\/\\\/fjala.info\\\/2009-2015\\\/te-paprekshmit-e-pushtetit\\\/#primaryimage\"},\"thumbnailUrl\":\"http:\\\/\\\/www.shkoder.net\\\/images\\\/fjala\\\/mero_baze1.jpg\",\"datePublished\":\"2011-09-20T22:40:02+00:00\",\"breadcrumb\":{\"@id\":\"https:\\\/\\\/fjala.info\\\/2009-2015\\\/te-paprekshmit-e-pushtetit\\\/#breadcrumb\"},\"inLanguage\":\"sq-AL\",\"potentialAction\":[{\"@type\":\"ReadAction\",\"target\":[\"https:\\\/\\\/fjala.info\\\/2009-2015\\\/te-paprekshmit-e-pushtetit\\\/\"]}]},{\"@type\":\"ImageObject\",\"inLanguage\":\"sq-AL\",\"@id\":\"https:\\\/\\\/fjala.info\\\/2009-2015\\\/te-paprekshmit-e-pushtetit\\\/#primaryimage\",\"url\":\"http:\\\/\\\/www.shkoder.net\\\/images\\\/fjala\\\/mero_baze1.jpg\",\"contentUrl\":\"http:\\\/\\\/www.shkoder.net\\\/images\\\/fjala\\\/mero_baze1.jpg\"},{\"@type\":\"BreadcrumbList\",\"@id\":\"https:\\\/\\\/fjala.info\\\/2009-2015\\\/te-paprekshmit-e-pushtetit\\\/#breadcrumb\",\"itemListElement\":[{\"@type\":\"ListItem\",\"position\":1,\"name\":\"Home\",\"item\":\"https:\\\/\\\/fjala.info\\\/2009-2015\\\/\"},{\"@type\":\"ListItem\",\"position\":2,\"name\":\"T\u00eb paprekshmit e pushtetit\"}]},{\"@type\":\"WebSite\",\"@id\":\"https:\\\/\\\/fjala.info\\\/2009-2015\\\/#website\",\"url\":\"https:\\\/\\\/fjala.info\\\/2009-2015\\\/\",\"name\":\"FjALA e LIR\u00cb - Arkivi\",\"description\":\"Arkivi 2009-2015\",\"publisher\":{\"@id\":\"https:\\\/\\\/fjala.info\\\/2009-2015\\\/#organization\"},\"potentialAction\":[{\"@type\":\"SearchAction\",\"target\":{\"@type\":\"EntryPoint\",\"urlTemplate\":\"https:\\\/\\\/fjala.info\\\/2009-2015\\\/?s={search_term_string}\"},\"query-input\":{\"@type\":\"PropertyValueSpecification\",\"valueRequired\":true,\"valueName\":\"search_term_string\"}}],\"inLanguage\":\"sq-AL\"},{\"@type\":\"Organization\",\"@id\":\"https:\\\/\\\/fjala.info\\\/2009-2015\\\/#organization\",\"name\":\"FjALA e LIR\u00cb - Arkivi\",\"url\":\"https:\\\/\\\/fjala.info\\\/2009-2015\\\/\",\"logo\":{\"@type\":\"ImageObject\",\"inLanguage\":\"sq-AL\",\"@id\":\"https:\\\/\\\/fjala.info\\\/2009-2015\\\/#\\\/schema\\\/logo\\\/image\\\/\",\"url\":\"\",\"contentUrl\":\"\",\"caption\":\"FjALA e LIR\u00cb - Arkivi\"},\"image\":{\"@id\":\"https:\\\/\\\/fjala.info\\\/2009-2015\\\/#\\\/schema\\\/logo\\\/image\\\/\"}},{\"@type\":\"Person\",\"@id\":\"https:\\\/\\\/fjala.info\\\/2009-2015\\\/#\\\/schema\\\/person\\\/3aa1163ef05469c496fc94e77611ada2\",\"name\":\"admin\",\"image\":{\"@type\":\"ImageObject\",\"inLanguage\":\"sq-AL\",\"@id\":\"https:\\\/\\\/fjala.info\\\/2009-2015\\\/wp-content\\\/uploads\\\/2012\\\/02\\\/arben_cokaj-120x150.jpg\",\"url\":\"https:\\\/\\\/fjala.info\\\/2009-2015\\\/wp-content\\\/uploads\\\/2012\\\/02\\\/arben_cokaj-120x150.jpg\",\"contentUrl\":\"https:\\\/\\\/fjala.info\\\/2009-2015\\\/wp-content\\\/uploads\\\/2012\\\/02\\\/arben_cokaj-120x150.jpg\",\"caption\":\"admin\"},\"description\":\"Admin, Fjala e Lir\u00eb\",\"sameAs\":[\"https:\\\/\\\/fjala.info\\\/\"],\"url\":\"https:\\\/\\\/fjala.info\\\/2009-2015\\\/author\\\/admin\\\/\"}]}<\/script>\n<!-- \/ Yoast SEO plugin. -->","yoast_head_json":{"title":"T\u00eb paprekshmit e pushtetit - FjALA e LIR\u00cb - Arkivi","robots":{"index":"index","follow":"follow","max-snippet":"max-snippet:-1","max-image-preview":"max-image-preview:large","max-video-preview":"max-video-preview:-1"},"canonical":"https:\/\/fjala.info\/2009-2015\/te-paprekshmit-e-pushtetit\/","og_locale":"sq_AL","og_type":"article","og_title":"T\u00eb paprekshmit e pushtetit - FjALA e LIR\u00cb - Arkivi","og_description":"Nga Mero Baze Prokuroria e P\u00ebrgjithshme ka njoftuar dy dit\u00eb m\u00eb par\u00eb p\u00ebr arrestimin e disa drejtuesve t\u00eb nj\u00eb kompanie fantazm\u00eb n\u00eb Fier, e cila sh\u00ebrbente p\u00ebr t\u00eb shkarkuar financiarisht nj\u00eb sasi t\u00eb madhe nafte bruto, t\u00eb saponxjerr\u00eb nga n\u00ebntoka, q\u00eb shitet n\u00eb tregun e naft\u00ebs shqiptare pa u p\u00ebrpunuar dhe duke shmangur gjith\u00eb piramid\u00ebn [&hellip;]","og_url":"https:\/\/fjala.info\/2009-2015\/te-paprekshmit-e-pushtetit\/","og_site_name":"FjALA e LIR\u00cb - Arkivi","article_published_time":"2011-09-20T22:40:02+00:00","og_image":[{"url":"http:\/\/www.shkoder.net\/images\/fjala\/mero_baze1.jpg","type":"","width":"","height":""}],"author":"admin","twitter_card":"summary_large_image","twitter_misc":{"Written by":"admin","Est. reading time":"6 minutes"},"schema":{"@context":"https:\/\/schema.org","@graph":[{"@type":"Article","@id":"https:\/\/fjala.info\/2009-2015\/te-paprekshmit-e-pushtetit\/#article","isPartOf":{"@id":"https:\/\/fjala.info\/2009-2015\/te-paprekshmit-e-pushtetit\/"},"author":{"name":"admin","@id":"https:\/\/fjala.info\/2009-2015\/#\/schema\/person\/3aa1163ef05469c496fc94e77611ada2"},"headline":"T\u00eb paprekshmit e pushtetit","datePublished":"2011-09-20T22:40:02+00:00","mainEntityOfPage":{"@id":"https:\/\/fjala.info\/2009-2015\/te-paprekshmit-e-pushtetit\/"},"wordCount":1219,"commentCount":0,"publisher":{"@id":"https:\/\/fjala.info\/2009-2015\/#organization"},"image":{"@id":"https:\/\/fjala.info\/2009-2015\/te-paprekshmit-e-pushtetit\/#primaryimage"},"thumbnailUrl":"http:\/\/www.shkoder.net\/images\/fjala\/mero_baze1.jpg","articleSection":["Artikuj"],"inLanguage":"sq-AL","potentialAction":[{"@type":"CommentAction","name":"Comment","target":["https:\/\/fjala.info\/2009-2015\/te-paprekshmit-e-pushtetit\/#respond"]}]},{"@type":"WebPage","@id":"https:\/\/fjala.info\/2009-2015\/te-paprekshmit-e-pushtetit\/","url":"https:\/\/fjala.info\/2009-2015\/te-paprekshmit-e-pushtetit\/","name":"T\u00eb paprekshmit e pushtetit - FjALA e LIR\u00cb - Arkivi","isPartOf":{"@id":"https:\/\/fjala.info\/2009-2015\/#website"},"primaryImageOfPage":{"@id":"https:\/\/fjala.info\/2009-2015\/te-paprekshmit-e-pushtetit\/#primaryimage"},"image":{"@id":"https:\/\/fjala.info\/2009-2015\/te-paprekshmit-e-pushtetit\/#primaryimage"},"thumbnailUrl":"http:\/\/www.shkoder.net\/images\/fjala\/mero_baze1.jpg","datePublished":"2011-09-20T22:40:02+00:00","breadcrumb":{"@id":"https:\/\/fjala.info\/2009-2015\/te-paprekshmit-e-pushtetit\/#breadcrumb"},"inLanguage":"sq-AL","potentialAction":[{"@type":"ReadAction","target":["https:\/\/fjala.info\/2009-2015\/te-paprekshmit-e-pushtetit\/"]}]},{"@type":"ImageObject","inLanguage":"sq-AL","@id":"https:\/\/fjala.info\/2009-2015\/te-paprekshmit-e-pushtetit\/#primaryimage","url":"http:\/\/www.shkoder.net\/images\/fjala\/mero_baze1.jpg","contentUrl":"http:\/\/www.shkoder.net\/images\/fjala\/mero_baze1.jpg"},{"@type":"BreadcrumbList","@id":"https:\/\/fjala.info\/2009-2015\/te-paprekshmit-e-pushtetit\/#breadcrumb","itemListElement":[{"@type":"ListItem","position":1,"name":"Home","item":"https:\/\/fjala.info\/2009-2015\/"},{"@type":"ListItem","position":2,"name":"T\u00eb paprekshmit e pushtetit"}]},{"@type":"WebSite","@id":"https:\/\/fjala.info\/2009-2015\/#website","url":"https:\/\/fjala.info\/2009-2015\/","name":"FjALA e LIR\u00cb - Arkivi","description":"Arkivi 2009-2015","publisher":{"@id":"https:\/\/fjala.info\/2009-2015\/#organization"},"potentialAction":[{"@type":"SearchAction","target":{"@type":"EntryPoint","urlTemplate":"https:\/\/fjala.info\/2009-2015\/?s={search_term_string}"},"query-input":{"@type":"PropertyValueSpecification","valueRequired":true,"valueName":"search_term_string"}}],"inLanguage":"sq-AL"},{"@type":"Organization","@id":"https:\/\/fjala.info\/2009-2015\/#organization","name":"FjALA e LIR\u00cb - Arkivi","url":"https:\/\/fjala.info\/2009-2015\/","logo":{"@type":"ImageObject","inLanguage":"sq-AL","@id":"https:\/\/fjala.info\/2009-2015\/#\/schema\/logo\/image\/","url":"","contentUrl":"","caption":"FjALA e LIR\u00cb - Arkivi"},"image":{"@id":"https:\/\/fjala.info\/2009-2015\/#\/schema\/logo\/image\/"}},{"@type":"Person","@id":"https:\/\/fjala.info\/2009-2015\/#\/schema\/person\/3aa1163ef05469c496fc94e77611ada2","name":"admin","image":{"@type":"ImageObject","inLanguage":"sq-AL","@id":"https:\/\/fjala.info\/2009-2015\/wp-content\/uploads\/2012\/02\/arben_cokaj-120x150.jpg","url":"https:\/\/fjala.info\/2009-2015\/wp-content\/uploads\/2012\/02\/arben_cokaj-120x150.jpg","contentUrl":"https:\/\/fjala.info\/2009-2015\/wp-content\/uploads\/2012\/02\/arben_cokaj-120x150.jpg","caption":"admin"},"description":"Admin, Fjala e Lir\u00eb","sameAs":["https:\/\/fjala.info\/"],"url":"https:\/\/fjala.info\/2009-2015\/author\/admin\/"}]}},"_links":{"self":[{"href":"https:\/\/fjala.info\/2009-2015\/wp-json\/wp\/v2\/posts\/10570","targetHints":{"allow":["GET"]}}],"collection":[{"href":"https:\/\/fjala.info\/2009-2015\/wp-json\/wp\/v2\/posts"}],"about":[{"href":"https:\/\/fjala.info\/2009-2015\/wp-json\/wp\/v2\/types\/post"}],"author":[{"embeddable":true,"href":"https:\/\/fjala.info\/2009-2015\/wp-json\/wp\/v2\/users\/1"}],"replies":[{"embeddable":true,"href":"https:\/\/fjala.info\/2009-2015\/wp-json\/wp\/v2\/comments?post=10570"}],"version-history":[{"count":0,"href":"https:\/\/fjala.info\/2009-2015\/wp-json\/wp\/v2\/posts\/10570\/revisions"}],"wp:attachment":[{"href":"https:\/\/fjala.info\/2009-2015\/wp-json\/wp\/v2\/media?parent=10570"}],"wp:term":[{"taxonomy":"category","embeddable":true,"href":"https:\/\/fjala.info\/2009-2015\/wp-json\/wp\/v2\/categories?post=10570"},{"taxonomy":"post_tag","embeddable":true,"href":"https:\/\/fjala.info\/2009-2015\/wp-json\/wp\/v2\/tags?post=10570"}],"curies":[{"name":"wp","href":"https:\/\/api.w.org\/{rel}","templated":true}]}}