{"id":10568,"date":"2011-09-20T23:34:40","date_gmt":"2011-09-20T22:34:40","guid":{"rendered":"http:\/\/fjala.shkoder.net\/?p=10568"},"modified":"2011-09-20T23:34:40","modified_gmt":"2011-09-20T22:34:40","slug":"si-nuk-iu-ndane-fatkeqesite-ketij-populli","status":"publish","type":"post","link":"https:\/\/fjala.info\/2009-2015\/si-nuk-iu-ndane-fatkeqesite-ketij-populli\/","title":{"rendered":"Si nuk iu ndan\u00eb fatkeq\u00ebsit\u00eb k\u00ebtij populli?"},"content":{"rendered":"<p><img decoding=\"async\" class=\"alignright size-thumbnail wp-image-7236\" title=\"Jozefina Topalli\" src=\"http:\/\/www.shkoder.net\/images\/fjala\/2011\/jozefina_topalli_katolike.jpg\" alt=\"\" width=\"200\" \/> Nga <strong>Xhogu \u00c7<\/strong><\/p>\n<p>Kjo ishte pyetja q\u00eb s\u2019m\u00eb hiqej nga mendja, kur lexova materialet e konferenc\u00ebs s\u00eb shtypit q\u00eb kryetarja e parlamentit Z. Jozefina Topalli dha pas vizit\u00ebs n\u00eb SHBA-s\u00eb. Zonja Topalli u paska folur kongresmen\u00ebve amerikan\u00eb \u201cp\u00ebr demokracin\u00eb n\u00eb Shqip\u00ebri\u201d, \u201cp\u00ebr mrekullin\u00eb q\u00eb ka b\u00ebr\u00eb liria\u201d, \u201cp\u00ebr transformimin e jasht\u00ebzakonsh\u00ebm t\u00eb Shqip\u00ebris\u00eb,\u201d \u201cp\u00ebr rritjen ekonomike\u201d, dhe sipas mendjes s\u00eb Topalles qenkemi \u201cedhe lid\u00ebr n\u00eb rajon,\u201d (pik\u00ebrisht ashtu si\u00e7 ishim edhe n\u00eb koh\u00ebn e Enver Hoxh\u00ebs, \u201cluan\u00eb n\u00eb Evrop\u00eb\u201d).<\/p>\n<p>Hapu dhe e futu!!! Jeton kjo zonj\u00eb n\u00eb realitetin shqiptar, apo n\u00eb bot\u00ebn e p\u00ebrrallave? Mos e sheh kjo zonj\u00eb mrekullin\u00eb e liris\u00eb n\u00eb lirin\u00eb e pushtetar\u00ebve si Ilir Metat e Genc Rulat me kompani p\u00ebr ta vjedhur e grabitur k\u00ebt\u00eb popull n\u00eb mes t\u00eb dit\u00ebs? Apo n\u00eb lirin\u00eb p\u00ebr t\u00eb vrar\u00eb njer\u00ebz t\u00eb pafajsh\u00ebm dit\u00ebn me diell, n\u00eb G\u00ebrdec apo n\u00eb mes t\u00eb Tiran\u00ebs, dhe n\u00eb vend q\u00eb vras\u00ebsit dhe njer\u00ebzit p\u00ebrgjegj\u00ebs, Fatmir Medirat, Lulzim Bashat e kompani t\u2019u kaloheshin organeve kompetente, u jepen poste e ofiqe?<\/p>\n<p>Mos vall\u00eb mrekullin\u00eb e liris\u00eb e sheh kjo zonj\u00eb n\u00eb institucionet e ashtuquajtura demokratike q\u00eb jan\u00eb kthyer n\u00eb leva t\u00eb partis\u00eb n\u00eb pushtet, e jan\u00eb mbushur me bolshevik\u00eb t\u00eb partis\u00eb e me servil\u00eb e Sashenka? Apo n\u00eb lirin\u00eb p\u00ebr t\u00eb vjedhur votat n\u00eb mes t\u00eb dit\u00ebs? Apo e sheh mrekullin\u00eb e liris\u00eb n\u00eb arroganc\u00ebn, prepotenc\u00ebn q\u00eb ushtron n\u00eb sall\u00ebn e Parlamentit e q\u00eb t\u00eb kujton arroganc\u00ebn, prepotenc\u00ebn e ish-udh\u00ebheq\u00ebsve komunist\u00eb? Apo n\u00eb lirin\u00eb e pushtetar\u00ebve p\u00ebr t\u00eb bashk\u00ebpunuar me krimin e organizuar?<\/p>\n<p>Mund t\u00eb vazhdoja me pyetje t\u00eb tjera, por deklaratat e Topalles n\u00eb konferenc\u00ebn e shtypit, m\u00eb kujtuan nj\u00eb nga ato \u201cbarsoletat\u201d e famshme t\u00eb Shtjef\u00ebn Palushit, n\u00eb koh\u00ebn e t\u00ebrmetit t\u00eb madh q\u00eb ra n\u00eb Shkod\u00ebr n\u00eb prill t\u00eb 1979. Shtjefeni po ecte mundimsh\u00ebm n\u00eb ato rrug\u00eb t\u00eb kthyer n\u00eb g\u00ebrmadha, kur takon nj\u00eb shok q\u00eb e kishte pasur n\u00eb Liceut Artistik \u201cJordan Misja\u201d. Nj\u00eb djal\u00eb q\u00eb studionte p\u00ebr kanto, por q\u00eb s\u2019kishte talent fare. Pasi u p\u00ebrsh\u00ebndet\u00ebn, Shtjefni e pyeti se \u00e7\u2019e kishte sjell\u00eb n\u00eb Shkod\u00ebr. Tjetri iu p\u00ebrgjigj me nj\u00eb ton emfatik, ashtu si Topallja n\u00eb konferenc\u00ebn e shtypit.<\/p>\n<p>\u201cKam ardhur me Ansamblin e Ushtris\u00eb p\u00ebr t\u2019u gjendur pran\u00eb popullit t\u00eb Shkodr\u00ebs. Do t\u00eb k\u00ebndoj solo n\u00eb koncertit q\u00eb do t\u00eb japim p\u00ebr k\u00ebta fatkeq\u00eb.\u201d<\/p>\n<p>Shtjefeni, nxori nj\u00eb si pasthirrm\u00eb habite, dhe vazhdoi rrug\u00ebn. Kur u nda, tha me vete: \u201cSi nuk iu ndan\u00eb fatkeq\u00ebsit\u00eb k\u00ebtij populli, dje t\u00ebrmeti dhe sot vjen ky t\u00eb k\u00ebndoj\u00eb?\u201d<\/p>\n<p>Po k\u00ebshtu po ndodh edhe me ne. Gjat\u00eb gjysm\u00eb shekulli diktatur\u00eb, ishim kthyer n\u00eb \u201cfanar ndri\u00e7ues p\u00ebr bot\u00ebn\u201d, nd\u00ebrsa tani n\u00ebn k\u00ebt\u00eb demokraci q\u00eb ngjason m\u00eb shum\u00eb me nj\u00eb autokraci jemi shnd\u00ebrruar n\u00eb \u201clider n\u00eb rajon.\u201d<\/p>\n<p>Jan\u00eb k\u00ebta politikan\u00ebt tan\u00eb idiot\u00eb, apo jemi ne q\u00eb e kemi ulur kurrizin kaq shum\u00eb saq\u00eb kan\u00eb t\u00eb drejt\u00eb t\u00eb tallen me ne k\u00ebshtu?<\/p>\n","protected":false},"excerpt":{"rendered":"<p>Nga Xhogu \u00c7 Kjo ishte pyetja q\u00eb s\u2019m\u00eb hiqej nga mendja, kur lexova materialet e konferenc\u00ebs s\u00eb shtypit q\u00eb kryetarja e parlamentit Z. Jozefina Topalli dha pas vizit\u00ebs n\u00eb SHBA-s\u00eb. Zonja Topalli u paska folur kongresmen\u00ebve amerikan\u00eb \u201cp\u00ebr demokracin\u00eb n\u00eb Shqip\u00ebri\u201d, \u201cp\u00ebr mrekullin\u00eb q\u00eb ka b\u00ebr\u00eb liria\u201d, \u201cp\u00ebr transformimin e jasht\u00ebzakonsh\u00ebm t\u00eb Shqip\u00ebris\u00eb,\u201d \u201cp\u00ebr rritjen [&hellip;]<\/p>\n","protected":false},"author":1,"featured_media":0,"comment_status":"open","ping_status":"closed","sticky":false,"template":"","format":"standard","meta":{"footnotes":""},"categories":[2],"tags":[],"class_list":{"0":"post-10568","1":"post","2":"type-post","3":"status-publish","4":"format-standard","6":"category-artikuj"},"yoast_head":"<!-- This site is optimized with the Yoast SEO plugin v27.4 - https:\/\/yoast.com\/product\/yoast-seo-wordpress\/ -->\n<title>Si nuk iu ndan\u00eb fatkeq\u00ebsit\u00eb k\u00ebtij populli? - FjALA e LIR\u00cb - Arkivi<\/title>\n<meta name=\"robots\" content=\"index, follow, max-snippet:-1, max-image-preview:large, max-video-preview:-1\" \/>\n<link rel=\"canonical\" href=\"https:\/\/fjala.info\/2009-2015\/si-nuk-iu-ndane-fatkeqesite-ketij-populli\/\" \/>\n<meta property=\"og:locale\" content=\"sq_AL\" \/>\n<meta property=\"og:type\" content=\"article\" \/>\n<meta property=\"og:title\" content=\"Si nuk iu ndan\u00eb fatkeq\u00ebsit\u00eb k\u00ebtij populli? - FjALA e LIR\u00cb - Arkivi\" \/>\n<meta property=\"og:description\" content=\"Nga Xhogu \u00c7 Kjo ishte pyetja q\u00eb s\u2019m\u00eb hiqej nga mendja, kur lexova materialet e konferenc\u00ebs s\u00eb shtypit q\u00eb kryetarja e parlamentit Z. Jozefina Topalli dha pas vizit\u00ebs n\u00eb SHBA-s\u00eb. Zonja Topalli u paska folur kongresmen\u00ebve amerikan\u00eb \u201cp\u00ebr demokracin\u00eb n\u00eb Shqip\u00ebri\u201d, \u201cp\u00ebr mrekullin\u00eb q\u00eb ka b\u00ebr\u00eb liria\u201d, \u201cp\u00ebr transformimin e jasht\u00ebzakonsh\u00ebm t\u00eb Shqip\u00ebris\u00eb,\u201d \u201cp\u00ebr rritjen [&hellip;]\" \/>\n<meta property=\"og:url\" content=\"https:\/\/fjala.info\/2009-2015\/si-nuk-iu-ndane-fatkeqesite-ketij-populli\/\" \/>\n<meta property=\"og:site_name\" content=\"FjALA e LIR\u00cb - Arkivi\" \/>\n<meta property=\"article:published_time\" content=\"2011-09-20T22:34:40+00:00\" \/>\n<meta property=\"og:image\" content=\"http:\/\/www.shkoder.net\/images\/fjala\/2011\/jozefina_topalli_katolike.jpg\" \/>\n<meta name=\"author\" content=\"admin\" \/>\n<meta name=\"twitter:card\" content=\"summary_large_image\" \/>\n<meta name=\"twitter:label1\" content=\"Written by\" \/>\n\t<meta name=\"twitter:data1\" content=\"admin\" \/>\n\t<meta name=\"twitter:label2\" content=\"Est. reading time\" \/>\n\t<meta name=\"twitter:data2\" content=\"3 minutes\" \/>\n<script type=\"application\/ld+json\" class=\"yoast-schema-graph\">{\"@context\":\"https:\\\/\\\/schema.org\",\"@graph\":[{\"@type\":\"Article\",\"@id\":\"https:\\\/\\\/fjala.info\\\/2009-2015\\\/si-nuk-iu-ndane-fatkeqesite-ketij-populli\\\/#article\",\"isPartOf\":{\"@id\":\"https:\\\/\\\/fjala.info\\\/2009-2015\\\/si-nuk-iu-ndane-fatkeqesite-ketij-populli\\\/\"},\"author\":{\"name\":\"admin\",\"@id\":\"https:\\\/\\\/fjala.info\\\/2009-2015\\\/#\\\/schema\\\/person\\\/3aa1163ef05469c496fc94e77611ada2\"},\"headline\":\"Si nuk iu ndan\u00eb fatkeq\u00ebsit\u00eb k\u00ebtij populli?\",\"datePublished\":\"2011-09-20T22:34:40+00:00\",\"mainEntityOfPage\":{\"@id\":\"https:\\\/\\\/fjala.info\\\/2009-2015\\\/si-nuk-iu-ndane-fatkeqesite-ketij-populli\\\/\"},\"wordCount\":556,\"commentCount\":0,\"publisher\":{\"@id\":\"https:\\\/\\\/fjala.info\\\/2009-2015\\\/#organization\"},\"image\":{\"@id\":\"https:\\\/\\\/fjala.info\\\/2009-2015\\\/si-nuk-iu-ndane-fatkeqesite-ketij-populli\\\/#primaryimage\"},\"thumbnailUrl\":\"http:\\\/\\\/www.shkoder.net\\\/images\\\/fjala\\\/2011\\\/jozefina_topalli_katolike.jpg\",\"articleSection\":[\"Artikuj\"],\"inLanguage\":\"sq-AL\",\"potentialAction\":[{\"@type\":\"CommentAction\",\"name\":\"Comment\",\"target\":[\"https:\\\/\\\/fjala.info\\\/2009-2015\\\/si-nuk-iu-ndane-fatkeqesite-ketij-populli\\\/#respond\"]}]},{\"@type\":\"WebPage\",\"@id\":\"https:\\\/\\\/fjala.info\\\/2009-2015\\\/si-nuk-iu-ndane-fatkeqesite-ketij-populli\\\/\",\"url\":\"https:\\\/\\\/fjala.info\\\/2009-2015\\\/si-nuk-iu-ndane-fatkeqesite-ketij-populli\\\/\",\"name\":\"Si nuk iu ndan\u00eb fatkeq\u00ebsit\u00eb k\u00ebtij populli? - FjALA e LIR\u00cb - Arkivi\",\"isPartOf\":{\"@id\":\"https:\\\/\\\/fjala.info\\\/2009-2015\\\/#website\"},\"primaryImageOfPage\":{\"@id\":\"https:\\\/\\\/fjala.info\\\/2009-2015\\\/si-nuk-iu-ndane-fatkeqesite-ketij-populli\\\/#primaryimage\"},\"image\":{\"@id\":\"https:\\\/\\\/fjala.info\\\/2009-2015\\\/si-nuk-iu-ndane-fatkeqesite-ketij-populli\\\/#primaryimage\"},\"thumbnailUrl\":\"http:\\\/\\\/www.shkoder.net\\\/images\\\/fjala\\\/2011\\\/jozefina_topalli_katolike.jpg\",\"datePublished\":\"2011-09-20T22:34:40+00:00\",\"breadcrumb\":{\"@id\":\"https:\\\/\\\/fjala.info\\\/2009-2015\\\/si-nuk-iu-ndane-fatkeqesite-ketij-populli\\\/#breadcrumb\"},\"inLanguage\":\"sq-AL\",\"potentialAction\":[{\"@type\":\"ReadAction\",\"target\":[\"https:\\\/\\\/fjala.info\\\/2009-2015\\\/si-nuk-iu-ndane-fatkeqesite-ketij-populli\\\/\"]}]},{\"@type\":\"ImageObject\",\"inLanguage\":\"sq-AL\",\"@id\":\"https:\\\/\\\/fjala.info\\\/2009-2015\\\/si-nuk-iu-ndane-fatkeqesite-ketij-populli\\\/#primaryimage\",\"url\":\"http:\\\/\\\/www.shkoder.net\\\/images\\\/fjala\\\/2011\\\/jozefina_topalli_katolike.jpg\",\"contentUrl\":\"http:\\\/\\\/www.shkoder.net\\\/images\\\/fjala\\\/2011\\\/jozefina_topalli_katolike.jpg\"},{\"@type\":\"BreadcrumbList\",\"@id\":\"https:\\\/\\\/fjala.info\\\/2009-2015\\\/si-nuk-iu-ndane-fatkeqesite-ketij-populli\\\/#breadcrumb\",\"itemListElement\":[{\"@type\":\"ListItem\",\"position\":1,\"name\":\"Home\",\"item\":\"https:\\\/\\\/fjala.info\\\/2009-2015\\\/\"},{\"@type\":\"ListItem\",\"position\":2,\"name\":\"Si nuk iu ndan\u00eb fatkeq\u00ebsit\u00eb k\u00ebtij populli?\"}]},{\"@type\":\"WebSite\",\"@id\":\"https:\\\/\\\/fjala.info\\\/2009-2015\\\/#website\",\"url\":\"https:\\\/\\\/fjala.info\\\/2009-2015\\\/\",\"name\":\"FjALA e LIR\u00cb - Arkivi\",\"description\":\"Arkivi 2009-2015\",\"publisher\":{\"@id\":\"https:\\\/\\\/fjala.info\\\/2009-2015\\\/#organization\"},\"potentialAction\":[{\"@type\":\"SearchAction\",\"target\":{\"@type\":\"EntryPoint\",\"urlTemplate\":\"https:\\\/\\\/fjala.info\\\/2009-2015\\\/?s={search_term_string}\"},\"query-input\":{\"@type\":\"PropertyValueSpecification\",\"valueRequired\":true,\"valueName\":\"search_term_string\"}}],\"inLanguage\":\"sq-AL\"},{\"@type\":\"Organization\",\"@id\":\"https:\\\/\\\/fjala.info\\\/2009-2015\\\/#organization\",\"name\":\"FjALA e LIR\u00cb - Arkivi\",\"url\":\"https:\\\/\\\/fjala.info\\\/2009-2015\\\/\",\"logo\":{\"@type\":\"ImageObject\",\"inLanguage\":\"sq-AL\",\"@id\":\"https:\\\/\\\/fjala.info\\\/2009-2015\\\/#\\\/schema\\\/logo\\\/image\\\/\",\"url\":\"\",\"contentUrl\":\"\",\"caption\":\"FjALA e LIR\u00cb - Arkivi\"},\"image\":{\"@id\":\"https:\\\/\\\/fjala.info\\\/2009-2015\\\/#\\\/schema\\\/logo\\\/image\\\/\"}},{\"@type\":\"Person\",\"@id\":\"https:\\\/\\\/fjala.info\\\/2009-2015\\\/#\\\/schema\\\/person\\\/3aa1163ef05469c496fc94e77611ada2\",\"name\":\"admin\",\"image\":{\"@type\":\"ImageObject\",\"inLanguage\":\"sq-AL\",\"@id\":\"https:\\\/\\\/fjala.info\\\/2009-2015\\\/wp-content\\\/uploads\\\/2012\\\/02\\\/arben_cokaj-120x150.jpg\",\"url\":\"https:\\\/\\\/fjala.info\\\/2009-2015\\\/wp-content\\\/uploads\\\/2012\\\/02\\\/arben_cokaj-120x150.jpg\",\"contentUrl\":\"https:\\\/\\\/fjala.info\\\/2009-2015\\\/wp-content\\\/uploads\\\/2012\\\/02\\\/arben_cokaj-120x150.jpg\",\"caption\":\"admin\"},\"description\":\"Admin, Fjala e Lir\u00eb\",\"sameAs\":[\"https:\\\/\\\/fjala.info\\\/\"],\"url\":\"https:\\\/\\\/fjala.info\\\/2009-2015\\\/author\\\/admin\\\/\"}]}<\/script>\n<!-- \/ Yoast SEO plugin. -->","yoast_head_json":{"title":"Si nuk iu ndan\u00eb fatkeq\u00ebsit\u00eb k\u00ebtij populli? - FjALA e LIR\u00cb - Arkivi","robots":{"index":"index","follow":"follow","max-snippet":"max-snippet:-1","max-image-preview":"max-image-preview:large","max-video-preview":"max-video-preview:-1"},"canonical":"https:\/\/fjala.info\/2009-2015\/si-nuk-iu-ndane-fatkeqesite-ketij-populli\/","og_locale":"sq_AL","og_type":"article","og_title":"Si nuk iu ndan\u00eb fatkeq\u00ebsit\u00eb k\u00ebtij populli? - FjALA e LIR\u00cb - Arkivi","og_description":"Nga Xhogu \u00c7 Kjo ishte pyetja q\u00eb s\u2019m\u00eb hiqej nga mendja, kur lexova materialet e konferenc\u00ebs s\u00eb shtypit q\u00eb kryetarja e parlamentit Z. Jozefina Topalli dha pas vizit\u00ebs n\u00eb SHBA-s\u00eb. Zonja Topalli u paska folur kongresmen\u00ebve amerikan\u00eb \u201cp\u00ebr demokracin\u00eb n\u00eb Shqip\u00ebri\u201d, \u201cp\u00ebr mrekullin\u00eb q\u00eb ka b\u00ebr\u00eb liria\u201d, \u201cp\u00ebr transformimin e jasht\u00ebzakonsh\u00ebm t\u00eb Shqip\u00ebris\u00eb,\u201d \u201cp\u00ebr rritjen [&hellip;]","og_url":"https:\/\/fjala.info\/2009-2015\/si-nuk-iu-ndane-fatkeqesite-ketij-populli\/","og_site_name":"FjALA e LIR\u00cb - Arkivi","article_published_time":"2011-09-20T22:34:40+00:00","og_image":[{"url":"http:\/\/www.shkoder.net\/images\/fjala\/2011\/jozefina_topalli_katolike.jpg","type":"","width":"","height":""}],"author":"admin","twitter_card":"summary_large_image","twitter_misc":{"Written by":"admin","Est. reading time":"3 minutes"},"schema":{"@context":"https:\/\/schema.org","@graph":[{"@type":"Article","@id":"https:\/\/fjala.info\/2009-2015\/si-nuk-iu-ndane-fatkeqesite-ketij-populli\/#article","isPartOf":{"@id":"https:\/\/fjala.info\/2009-2015\/si-nuk-iu-ndane-fatkeqesite-ketij-populli\/"},"author":{"name":"admin","@id":"https:\/\/fjala.info\/2009-2015\/#\/schema\/person\/3aa1163ef05469c496fc94e77611ada2"},"headline":"Si nuk iu ndan\u00eb fatkeq\u00ebsit\u00eb k\u00ebtij populli?","datePublished":"2011-09-20T22:34:40+00:00","mainEntityOfPage":{"@id":"https:\/\/fjala.info\/2009-2015\/si-nuk-iu-ndane-fatkeqesite-ketij-populli\/"},"wordCount":556,"commentCount":0,"publisher":{"@id":"https:\/\/fjala.info\/2009-2015\/#organization"},"image":{"@id":"https:\/\/fjala.info\/2009-2015\/si-nuk-iu-ndane-fatkeqesite-ketij-populli\/#primaryimage"},"thumbnailUrl":"http:\/\/www.shkoder.net\/images\/fjala\/2011\/jozefina_topalli_katolike.jpg","articleSection":["Artikuj"],"inLanguage":"sq-AL","potentialAction":[{"@type":"CommentAction","name":"Comment","target":["https:\/\/fjala.info\/2009-2015\/si-nuk-iu-ndane-fatkeqesite-ketij-populli\/#respond"]}]},{"@type":"WebPage","@id":"https:\/\/fjala.info\/2009-2015\/si-nuk-iu-ndane-fatkeqesite-ketij-populli\/","url":"https:\/\/fjala.info\/2009-2015\/si-nuk-iu-ndane-fatkeqesite-ketij-populli\/","name":"Si nuk iu ndan\u00eb fatkeq\u00ebsit\u00eb k\u00ebtij populli? - FjALA e LIR\u00cb - Arkivi","isPartOf":{"@id":"https:\/\/fjala.info\/2009-2015\/#website"},"primaryImageOfPage":{"@id":"https:\/\/fjala.info\/2009-2015\/si-nuk-iu-ndane-fatkeqesite-ketij-populli\/#primaryimage"},"image":{"@id":"https:\/\/fjala.info\/2009-2015\/si-nuk-iu-ndane-fatkeqesite-ketij-populli\/#primaryimage"},"thumbnailUrl":"http:\/\/www.shkoder.net\/images\/fjala\/2011\/jozefina_topalli_katolike.jpg","datePublished":"2011-09-20T22:34:40+00:00","breadcrumb":{"@id":"https:\/\/fjala.info\/2009-2015\/si-nuk-iu-ndane-fatkeqesite-ketij-populli\/#breadcrumb"},"inLanguage":"sq-AL","potentialAction":[{"@type":"ReadAction","target":["https:\/\/fjala.info\/2009-2015\/si-nuk-iu-ndane-fatkeqesite-ketij-populli\/"]}]},{"@type":"ImageObject","inLanguage":"sq-AL","@id":"https:\/\/fjala.info\/2009-2015\/si-nuk-iu-ndane-fatkeqesite-ketij-populli\/#primaryimage","url":"http:\/\/www.shkoder.net\/images\/fjala\/2011\/jozefina_topalli_katolike.jpg","contentUrl":"http:\/\/www.shkoder.net\/images\/fjala\/2011\/jozefina_topalli_katolike.jpg"},{"@type":"BreadcrumbList","@id":"https:\/\/fjala.info\/2009-2015\/si-nuk-iu-ndane-fatkeqesite-ketij-populli\/#breadcrumb","itemListElement":[{"@type":"ListItem","position":1,"name":"Home","item":"https:\/\/fjala.info\/2009-2015\/"},{"@type":"ListItem","position":2,"name":"Si nuk iu ndan\u00eb fatkeq\u00ebsit\u00eb k\u00ebtij populli?"}]},{"@type":"WebSite","@id":"https:\/\/fjala.info\/2009-2015\/#website","url":"https:\/\/fjala.info\/2009-2015\/","name":"FjALA e LIR\u00cb - Arkivi","description":"Arkivi 2009-2015","publisher":{"@id":"https:\/\/fjala.info\/2009-2015\/#organization"},"potentialAction":[{"@type":"SearchAction","target":{"@type":"EntryPoint","urlTemplate":"https:\/\/fjala.info\/2009-2015\/?s={search_term_string}"},"query-input":{"@type":"PropertyValueSpecification","valueRequired":true,"valueName":"search_term_string"}}],"inLanguage":"sq-AL"},{"@type":"Organization","@id":"https:\/\/fjala.info\/2009-2015\/#organization","name":"FjALA e LIR\u00cb - Arkivi","url":"https:\/\/fjala.info\/2009-2015\/","logo":{"@type":"ImageObject","inLanguage":"sq-AL","@id":"https:\/\/fjala.info\/2009-2015\/#\/schema\/logo\/image\/","url":"","contentUrl":"","caption":"FjALA e LIR\u00cb - Arkivi"},"image":{"@id":"https:\/\/fjala.info\/2009-2015\/#\/schema\/logo\/image\/"}},{"@type":"Person","@id":"https:\/\/fjala.info\/2009-2015\/#\/schema\/person\/3aa1163ef05469c496fc94e77611ada2","name":"admin","image":{"@type":"ImageObject","inLanguage":"sq-AL","@id":"https:\/\/fjala.info\/2009-2015\/wp-content\/uploads\/2012\/02\/arben_cokaj-120x150.jpg","url":"https:\/\/fjala.info\/2009-2015\/wp-content\/uploads\/2012\/02\/arben_cokaj-120x150.jpg","contentUrl":"https:\/\/fjala.info\/2009-2015\/wp-content\/uploads\/2012\/02\/arben_cokaj-120x150.jpg","caption":"admin"},"description":"Admin, Fjala e Lir\u00eb","sameAs":["https:\/\/fjala.info\/"],"url":"https:\/\/fjala.info\/2009-2015\/author\/admin\/"}]}},"_links":{"self":[{"href":"https:\/\/fjala.info\/2009-2015\/wp-json\/wp\/v2\/posts\/10568","targetHints":{"allow":["GET"]}}],"collection":[{"href":"https:\/\/fjala.info\/2009-2015\/wp-json\/wp\/v2\/posts"}],"about":[{"href":"https:\/\/fjala.info\/2009-2015\/wp-json\/wp\/v2\/types\/post"}],"author":[{"embeddable":true,"href":"https:\/\/fjala.info\/2009-2015\/wp-json\/wp\/v2\/users\/1"}],"replies":[{"embeddable":true,"href":"https:\/\/fjala.info\/2009-2015\/wp-json\/wp\/v2\/comments?post=10568"}],"version-history":[{"count":0,"href":"https:\/\/fjala.info\/2009-2015\/wp-json\/wp\/v2\/posts\/10568\/revisions"}],"wp:attachment":[{"href":"https:\/\/fjala.info\/2009-2015\/wp-json\/wp\/v2\/media?parent=10568"}],"wp:term":[{"taxonomy":"category","embeddable":true,"href":"https:\/\/fjala.info\/2009-2015\/wp-json\/wp\/v2\/categories?post=10568"},{"taxonomy":"post_tag","embeddable":true,"href":"https:\/\/fjala.info\/2009-2015\/wp-json\/wp\/v2\/tags?post=10568"}],"curies":[{"name":"wp","href":"https:\/\/api.w.org\/{rel}","templated":true}]}}