{"id":10566,"date":"2011-09-20T23:30:12","date_gmt":"2011-09-20T22:30:12","guid":{"rendered":"http:\/\/fjala.shkoder.net\/?p=10566"},"modified":"2011-09-20T23:30:12","modified_gmt":"2011-09-20T22:30:12","slug":"ata-qe-skane-buke-te-hane-biskota","status":"publish","type":"post","link":"https:\/\/fjala.info\/2009-2015\/ata-qe-skane-buke-te-hane-biskota\/","title":{"rendered":"\u201cAta q\u00eb s\u2019kan\u00eb buk\u00eb, t\u00eb han\u00eb biskota\u201d"},"content":{"rendered":"<p><img decoding=\"async\" class=\"alignright size-thumbnail wp-image-7236\" title=\"Armela Imeraj\" src=\"http:\/\/www.shkoder.net\/images\/fjala\/2011\/armela_imeraj.jpg\" alt=\"\" width=\"150\" \/> Nga <strong>Armela Imeraj<\/strong><\/p>\n<p>Thon\u00eb se n\u00eb prag t\u00eb Revolucionit francez kur i than\u00eb mbret\u00ebresh\u00ebs Maria Antuanet\u00ebs: \u201cPopulli \u00ebsht\u00eb i pak\u00ebnaqur dhe i revoltuar\u201d Ajo i pyeti oborrtar\u00ebt e saj: \u201c Pse?\u201d Ata iu p\u00ebrgjigjen: \u201c Ankohen se nuk kan\u00eb buk\u00eb\u201d. P\u00ebrgjigjja e mbret\u00ebresh\u00ebs ishte: \u201c Po mir\u00eb t\u00eb han\u00eb biskota!\u201d<\/p>\n<p>Kjo \u00ebsht\u00eb edhe p\u00ebrgjigjja me pak fjal\u00eb q\u00eb vjen nga mazhoranca p\u00ebr nism\u00ebn m\u00eb t\u00eb re t\u00eb opozit\u00ebs p\u00ebr heqjen e TVSH mbi buk\u00ebn, vez\u00ebn, qum\u00ebshtin dhe ila\u00e7et.<\/p>\n<p>Jo pa keqardhje d\u00ebgjova n\u00eb edicionet informative nj\u00eb prej ekspert\u00ebve t\u00eb mazhoranc\u00ebs, sot deputet t\u00eb shprehej kund\u00ebr k\u00ebsaj nisme. Ajo q\u00eb m\u00eb ang\u00ebshtoi m\u00eb shum\u00eb ishte jo vet\u00ebm p\u00ebrgjigjja jasht\u00eb realitetit dhe fiks me mentalitetin e mbret\u00ebresh\u00ebs s\u00eb 1700-t\u00ebs, por edhe fakti sepse zot\u00ebria n\u00eb fjal\u00eb nuk \u00ebsht\u00eb sulmues i tipit Bum\u00e7i, Vokshi, Bulku etj, por \u00ebsht\u00eb nj\u00eb prej eksponent\u00ebve q\u00eb ka folur vet\u00ebm dhe vet\u00ebm p\u00ebr fush\u00ebn t\u00eb cil\u00ebn ai e zot\u00ebron dhe konsiderohet si nj\u00eb nd\u00ebr ekspert\u00ebt e mazhoranc\u00ebs, n\u00eb fush\u00ebn e administrimit fiskal. Mir\u00ebpo, shprehja e tij, dhe po e citoj: \u201cAta q\u00eb fitojn\u00eb m\u00eb s\u00eb shumti nga p\u00ebrshkall\u00ebzimi i TVSH-s\u00eb jan\u00eb shtresat e pasura, pasi jan\u00eb ato q\u00eb konsumojn\u00eb m\u00eb shum\u00eb produktet ushqimore p\u00ebr t\u00eb cilat flasim\u201d m\u00eb la krejt pa mend.<\/p>\n<p>Z. Mima, m\u00eb vjen keq q\u00eb m\u00eb duhet t\u2019ju sqaroj: Po si ka mund\u00ebsi q\u00eb t\u00eb pasurit han\u00eb m\u00eb shum\u00eb BUK\u00cb???? T\u00eb varfrit n\u00eb konceptin tuaj han\u00eb m\u00eb shum\u00eb mish apo fruta?? \u00cbsht\u00eb qesharake t\u00eb mendosh nj\u00eb gj\u00eb t\u00eb till\u00eb. \u00cbsht\u00eb qesharake t\u00eb mendosh po ashtu se t\u00eb pasurit konsumokan m\u00eb tep\u00ebr vez\u00eb apo ila\u00e7e. Jo, zot\u00ebri! Edhe n\u00eb vendin ton\u00eb, ju duhet ta dini m\u00eb mir\u00eb, kan\u00eb nisur t\u00eb funksionojn\u00eb p\u00ebr mrekulli qendrat e fitnesit dhe ushqimit dietik. Asnj\u00eb prej t\u00eb varf\u00ebrve, apo shum\u00eb pak nga shtresa e cila konsiderohet e mesme, arrin t\u00eb p\u00ebrballoj\u00eb \u00e7mimin e ushqimit dietik, apo qendrat e shtrenjta t\u00eb fitnesit ku heqin dhjamin qeveritar\u00ebt dhe familjar\u00ebt e tyre.<\/p>\n<p>Jo, zot\u00ebri! Qendrat e fitnesit jan\u00eb plot me t\u00eb pasur t\u00eb cil\u00ebt duan t\u00eb dob\u00ebsohen, ky \u00ebsht\u00eb nj\u00eb argument tep\u00ebr naiv, por pse \u00ebsht\u00eb i till\u00eb po ua sjell ju q\u00eb ndoshta nuk keni patur nevoj\u00eb p\u00ebr t\u00eb hequr dhjamin e korrupsionit q\u00eb heqin \u00e7do dit\u00eb koleg\u00ebt tuaj. Dhe t\u00eb siguroj se ata k\u00ebt\u00eb dhjam nuk e kan\u00eb v\u00ebn\u00eb duke ngr\u00ebn\u00eb vet\u00ebm buk\u00eb si\u00e7 detyrohen t\u00eb ushqehen kryefamiljar\u00ebt dhe f\u00ebmij\u00ebt e tyre n\u00eb familjet e varfra.<\/p>\n<p>Jo, zot\u00ebri! Ila\u00e7et sejmen\u00ebt e pushtetit i blejn\u00eb jasht\u00eb vendit, ata jan\u00eb shtresa q\u00eb preferojn\u00eb t\u00eb udh\u00ebtojn\u00eb jasht\u00eb vendit p\u00ebr t\u2019u kuruar n\u00eb spitalet m\u00eb t\u00eb mira t\u00eb Europ\u00ebs, p\u00ebr s\u00ebmundje krejt t\u00eb thjeshta. Nd\u00ebrsa t\u00eb varfrit zot\u00ebri, n\u00ebse nuk e dini b\u00ebni mir\u00eb t\u00eb zbrisni tek farmacia e lagjes suaj, e t\u00eb pyesni. Do m\u00ebsoni ashtu si un\u00eb, se sot shtresa e varf\u00ebr edhe ila\u00e7et i merr me list\u00eb. Ky fakt, p\u00ebr fat t\u00eb keq ka nisur t\u00eb mbipopulloj\u00eb farmacit\u00eb e kryeqytetit tre vitet e fundit, pik\u00ebrisht sepse ju mbret\u00ebroni duke shtuar hallet e qytetar\u00ebve t\u00eb thjesht\u00eb t\u00eb k\u00ebtij vendi.<\/p>\n<p>Jo, zot\u00ebri! Ju e dini mjaft mir\u00eb se duke hequr 20% TVSH mbi buk\u00ebn, qum\u00ebshtin vez\u00ebt dhe 10% TVSH mbi ila\u00e7et, do gjeneroni automatikisht gati 20% m\u00eb shum\u00eb t\u00eb ardhura p\u00ebr nj\u00eb familje t\u00eb varf\u00ebr e cila blen vet\u00ebm k\u00ebto gj\u00ebra, t\u00eb siguroj\u00eb q\u00eb s\u2019ka mund\u00ebsi t\u00eb blej\u00eb m\u00eb tep\u00ebr. Nd\u00ebrsa te familjet e pasura pesha specifike e k\u00ebsaj uljeje (pa b\u00ebr\u00eb llogari mir\u00ebfilli) do jet\u00eb 0,002%.<\/p>\n<p>Nj\u00eb tjet\u00ebr t\u00eb v\u00ebrtet\u00eb, q\u00eb ndoshta zoti Mima, e tha padashje, ishte dhe korrupsioni i administrat\u00ebs fiskale dhe paaft\u00ebsia e saj. Duke folur p\u00ebr nj\u00eb prej televizioneve, zoti Mima, p\u00ebrve\u00e7 mentalitetit t\u00eb mbret\u00ebresh\u00ebs q\u00eb ka kjo mazhoranc\u00eb n\u00eb t\u00ebr\u00ebsi, na pohoi se administrata tatimore \u00ebsht\u00eb e korruptuar. N\u00ebse TVSH do t\u00eb p\u00ebrshkall\u00ebzohej tha ai, do t\u00eb ishte e pamundur t\u00eb kontrollohej dhe do kishte vend p\u00ebr abuzime.<\/p>\n<p>Korrupsionin e administrat\u00ebs nuk duhet ta pohoni zot\u00ebri si nj\u00eb gj\u00eb normale, dhe q\u00eb nuk ka kush t\u2019i b\u00ebj\u00eb dot gj\u00eb. K\u00ebt\u00eb askush nga qeveritar\u00ebt n\u00eb \u00e7do vend t\u00eb k\u00ebsaj Europe nuk mund ta thot\u00eb t\u00eb pakt\u00ebn publikisht, nd\u00ebrsa ju na e pohoni si norm\u00eb t\u00eb mir\u00ebvendosur.<\/p>\n<p>Un\u00eb vazhdoj t\u00eb \u00e7uditem me k\u00ebt\u00eb mentalitet, ku barknginjuri nuk pyet p\u00ebr barkthatin!<\/p>\n","protected":false},"excerpt":{"rendered":"<p>Nga Armela Imeraj Thon\u00eb se n\u00eb prag t\u00eb Revolucionit francez kur i than\u00eb mbret\u00ebresh\u00ebs Maria Antuanet\u00ebs: \u201cPopulli \u00ebsht\u00eb i pak\u00ebnaqur dhe i revoltuar\u201d Ajo i pyeti oborrtar\u00ebt e saj: \u201c Pse?\u201d Ata iu p\u00ebrgjigjen: \u201c Ankohen se nuk kan\u00eb buk\u00eb\u201d. P\u00ebrgjigjja e mbret\u00ebresh\u00ebs ishte: \u201c Po mir\u00eb t\u00eb han\u00eb biskota!\u201d Kjo \u00ebsht\u00eb edhe p\u00ebrgjigjja me [&hellip;]<\/p>\n","protected":false},"author":1,"featured_media":0,"comment_status":"open","ping_status":"closed","sticky":false,"template":"","format":"standard","meta":{"footnotes":""},"categories":[2],"tags":[],"class_list":{"0":"post-10566","1":"post","2":"type-post","3":"status-publish","4":"format-standard","6":"category-artikuj"},"yoast_head":"<!-- This site is optimized with the Yoast SEO plugin v27.4 - https:\/\/yoast.com\/product\/yoast-seo-wordpress\/ -->\n<title>\u201cAta q\u00eb s\u2019kan\u00eb buk\u00eb, t\u00eb han\u00eb biskota\u201d - FjALA e LIR\u00cb - Arkivi<\/title>\n<meta name=\"robots\" content=\"index, follow, max-snippet:-1, max-image-preview:large, max-video-preview:-1\" \/>\n<link rel=\"canonical\" href=\"https:\/\/fjala.info\/2009-2015\/ata-qe-skane-buke-te-hane-biskota\/\" \/>\n<meta property=\"og:locale\" content=\"sq_AL\" \/>\n<meta property=\"og:type\" content=\"article\" \/>\n<meta property=\"og:title\" content=\"\u201cAta q\u00eb s\u2019kan\u00eb buk\u00eb, t\u00eb han\u00eb biskota\u201d - FjALA e LIR\u00cb - Arkivi\" \/>\n<meta property=\"og:description\" content=\"Nga Armela Imeraj Thon\u00eb se n\u00eb prag t\u00eb Revolucionit francez kur i than\u00eb mbret\u00ebresh\u00ebs Maria Antuanet\u00ebs: \u201cPopulli \u00ebsht\u00eb i pak\u00ebnaqur dhe i revoltuar\u201d Ajo i pyeti oborrtar\u00ebt e saj: \u201c Pse?\u201d Ata iu p\u00ebrgjigjen: \u201c Ankohen se nuk kan\u00eb buk\u00eb\u201d. P\u00ebrgjigjja e mbret\u00ebresh\u00ebs ishte: \u201c Po mir\u00eb t\u00eb han\u00eb biskota!\u201d Kjo \u00ebsht\u00eb edhe p\u00ebrgjigjja me [&hellip;]\" \/>\n<meta property=\"og:url\" content=\"https:\/\/fjala.info\/2009-2015\/ata-qe-skane-buke-te-hane-biskota\/\" \/>\n<meta property=\"og:site_name\" content=\"FjALA e LIR\u00cb - Arkivi\" \/>\n<meta property=\"article:published_time\" content=\"2011-09-20T22:30:12+00:00\" \/>\n<meta property=\"og:image\" content=\"http:\/\/www.shkoder.net\/images\/fjala\/2011\/armela_imeraj.jpg\" \/>\n<meta name=\"author\" content=\"admin\" \/>\n<meta name=\"twitter:card\" content=\"summary_large_image\" \/>\n<meta name=\"twitter:label1\" content=\"Written by\" \/>\n\t<meta name=\"twitter:data1\" content=\"admin\" \/>\n\t<meta name=\"twitter:label2\" content=\"Est. reading time\" \/>\n\t<meta name=\"twitter:data2\" content=\"4 minutes\" \/>\n<script type=\"application\/ld+json\" class=\"yoast-schema-graph\">{\"@context\":\"https:\\\/\\\/schema.org\",\"@graph\":[{\"@type\":\"Article\",\"@id\":\"https:\\\/\\\/fjala.info\\\/2009-2015\\\/ata-qe-skane-buke-te-hane-biskota\\\/#article\",\"isPartOf\":{\"@id\":\"https:\\\/\\\/fjala.info\\\/2009-2015\\\/ata-qe-skane-buke-te-hane-biskota\\\/\"},\"author\":{\"name\":\"admin\",\"@id\":\"https:\\\/\\\/fjala.info\\\/2009-2015\\\/#\\\/schema\\\/person\\\/3aa1163ef05469c496fc94e77611ada2\"},\"headline\":\"\u201cAta q\u00eb s\u2019kan\u00eb buk\u00eb, t\u00eb han\u00eb biskota\u201d\",\"datePublished\":\"2011-09-20T22:30:12+00:00\",\"mainEntityOfPage\":{\"@id\":\"https:\\\/\\\/fjala.info\\\/2009-2015\\\/ata-qe-skane-buke-te-hane-biskota\\\/\"},\"wordCount\":823,\"commentCount\":0,\"publisher\":{\"@id\":\"https:\\\/\\\/fjala.info\\\/2009-2015\\\/#organization\"},\"image\":{\"@id\":\"https:\\\/\\\/fjala.info\\\/2009-2015\\\/ata-qe-skane-buke-te-hane-biskota\\\/#primaryimage\"},\"thumbnailUrl\":\"http:\\\/\\\/www.shkoder.net\\\/images\\\/fjala\\\/2011\\\/armela_imeraj.jpg\",\"articleSection\":[\"Artikuj\"],\"inLanguage\":\"sq-AL\",\"potentialAction\":[{\"@type\":\"CommentAction\",\"name\":\"Comment\",\"target\":[\"https:\\\/\\\/fjala.info\\\/2009-2015\\\/ata-qe-skane-buke-te-hane-biskota\\\/#respond\"]}]},{\"@type\":\"WebPage\",\"@id\":\"https:\\\/\\\/fjala.info\\\/2009-2015\\\/ata-qe-skane-buke-te-hane-biskota\\\/\",\"url\":\"https:\\\/\\\/fjala.info\\\/2009-2015\\\/ata-qe-skane-buke-te-hane-biskota\\\/\",\"name\":\"\u201cAta q\u00eb s\u2019kan\u00eb buk\u00eb, t\u00eb han\u00eb biskota\u201d - FjALA e LIR\u00cb - Arkivi\",\"isPartOf\":{\"@id\":\"https:\\\/\\\/fjala.info\\\/2009-2015\\\/#website\"},\"primaryImageOfPage\":{\"@id\":\"https:\\\/\\\/fjala.info\\\/2009-2015\\\/ata-qe-skane-buke-te-hane-biskota\\\/#primaryimage\"},\"image\":{\"@id\":\"https:\\\/\\\/fjala.info\\\/2009-2015\\\/ata-qe-skane-buke-te-hane-biskota\\\/#primaryimage\"},\"thumbnailUrl\":\"http:\\\/\\\/www.shkoder.net\\\/images\\\/fjala\\\/2011\\\/armela_imeraj.jpg\",\"datePublished\":\"2011-09-20T22:30:12+00:00\",\"breadcrumb\":{\"@id\":\"https:\\\/\\\/fjala.info\\\/2009-2015\\\/ata-qe-skane-buke-te-hane-biskota\\\/#breadcrumb\"},\"inLanguage\":\"sq-AL\",\"potentialAction\":[{\"@type\":\"ReadAction\",\"target\":[\"https:\\\/\\\/fjala.info\\\/2009-2015\\\/ata-qe-skane-buke-te-hane-biskota\\\/\"]}]},{\"@type\":\"ImageObject\",\"inLanguage\":\"sq-AL\",\"@id\":\"https:\\\/\\\/fjala.info\\\/2009-2015\\\/ata-qe-skane-buke-te-hane-biskota\\\/#primaryimage\",\"url\":\"http:\\\/\\\/www.shkoder.net\\\/images\\\/fjala\\\/2011\\\/armela_imeraj.jpg\",\"contentUrl\":\"http:\\\/\\\/www.shkoder.net\\\/images\\\/fjala\\\/2011\\\/armela_imeraj.jpg\"},{\"@type\":\"BreadcrumbList\",\"@id\":\"https:\\\/\\\/fjala.info\\\/2009-2015\\\/ata-qe-skane-buke-te-hane-biskota\\\/#breadcrumb\",\"itemListElement\":[{\"@type\":\"ListItem\",\"position\":1,\"name\":\"Home\",\"item\":\"https:\\\/\\\/fjala.info\\\/2009-2015\\\/\"},{\"@type\":\"ListItem\",\"position\":2,\"name\":\"\u201cAta q\u00eb s\u2019kan\u00eb buk\u00eb, t\u00eb han\u00eb biskota\u201d\"}]},{\"@type\":\"WebSite\",\"@id\":\"https:\\\/\\\/fjala.info\\\/2009-2015\\\/#website\",\"url\":\"https:\\\/\\\/fjala.info\\\/2009-2015\\\/\",\"name\":\"FjALA e LIR\u00cb - Arkivi\",\"description\":\"Arkivi 2009-2015\",\"publisher\":{\"@id\":\"https:\\\/\\\/fjala.info\\\/2009-2015\\\/#organization\"},\"potentialAction\":[{\"@type\":\"SearchAction\",\"target\":{\"@type\":\"EntryPoint\",\"urlTemplate\":\"https:\\\/\\\/fjala.info\\\/2009-2015\\\/?s={search_term_string}\"},\"query-input\":{\"@type\":\"PropertyValueSpecification\",\"valueRequired\":true,\"valueName\":\"search_term_string\"}}],\"inLanguage\":\"sq-AL\"},{\"@type\":\"Organization\",\"@id\":\"https:\\\/\\\/fjala.info\\\/2009-2015\\\/#organization\",\"name\":\"FjALA e LIR\u00cb - Arkivi\",\"url\":\"https:\\\/\\\/fjala.info\\\/2009-2015\\\/\",\"logo\":{\"@type\":\"ImageObject\",\"inLanguage\":\"sq-AL\",\"@id\":\"https:\\\/\\\/fjala.info\\\/2009-2015\\\/#\\\/schema\\\/logo\\\/image\\\/\",\"url\":\"\",\"contentUrl\":\"\",\"caption\":\"FjALA e LIR\u00cb - Arkivi\"},\"image\":{\"@id\":\"https:\\\/\\\/fjala.info\\\/2009-2015\\\/#\\\/schema\\\/logo\\\/image\\\/\"}},{\"@type\":\"Person\",\"@id\":\"https:\\\/\\\/fjala.info\\\/2009-2015\\\/#\\\/schema\\\/person\\\/3aa1163ef05469c496fc94e77611ada2\",\"name\":\"admin\",\"image\":{\"@type\":\"ImageObject\",\"inLanguage\":\"sq-AL\",\"@id\":\"https:\\\/\\\/fjala.info\\\/2009-2015\\\/wp-content\\\/uploads\\\/2012\\\/02\\\/arben_cokaj-120x150.jpg\",\"url\":\"https:\\\/\\\/fjala.info\\\/2009-2015\\\/wp-content\\\/uploads\\\/2012\\\/02\\\/arben_cokaj-120x150.jpg\",\"contentUrl\":\"https:\\\/\\\/fjala.info\\\/2009-2015\\\/wp-content\\\/uploads\\\/2012\\\/02\\\/arben_cokaj-120x150.jpg\",\"caption\":\"admin\"},\"description\":\"Admin, Fjala e Lir\u00eb\",\"sameAs\":[\"https:\\\/\\\/fjala.info\\\/\"],\"url\":\"https:\\\/\\\/fjala.info\\\/2009-2015\\\/author\\\/admin\\\/\"}]}<\/script>\n<!-- \/ Yoast SEO plugin. -->","yoast_head_json":{"title":"\u201cAta q\u00eb s\u2019kan\u00eb buk\u00eb, t\u00eb han\u00eb biskota\u201d - FjALA e LIR\u00cb - Arkivi","robots":{"index":"index","follow":"follow","max-snippet":"max-snippet:-1","max-image-preview":"max-image-preview:large","max-video-preview":"max-video-preview:-1"},"canonical":"https:\/\/fjala.info\/2009-2015\/ata-qe-skane-buke-te-hane-biskota\/","og_locale":"sq_AL","og_type":"article","og_title":"\u201cAta q\u00eb s\u2019kan\u00eb buk\u00eb, t\u00eb han\u00eb biskota\u201d - FjALA e LIR\u00cb - Arkivi","og_description":"Nga Armela Imeraj Thon\u00eb se n\u00eb prag t\u00eb Revolucionit francez kur i than\u00eb mbret\u00ebresh\u00ebs Maria Antuanet\u00ebs: \u201cPopulli \u00ebsht\u00eb i pak\u00ebnaqur dhe i revoltuar\u201d Ajo i pyeti oborrtar\u00ebt e saj: \u201c Pse?\u201d Ata iu p\u00ebrgjigjen: \u201c Ankohen se nuk kan\u00eb buk\u00eb\u201d. P\u00ebrgjigjja e mbret\u00ebresh\u00ebs ishte: \u201c Po mir\u00eb t\u00eb han\u00eb biskota!\u201d Kjo \u00ebsht\u00eb edhe p\u00ebrgjigjja me [&hellip;]","og_url":"https:\/\/fjala.info\/2009-2015\/ata-qe-skane-buke-te-hane-biskota\/","og_site_name":"FjALA e LIR\u00cb - Arkivi","article_published_time":"2011-09-20T22:30:12+00:00","og_image":[{"url":"http:\/\/www.shkoder.net\/images\/fjala\/2011\/armela_imeraj.jpg","type":"","width":"","height":""}],"author":"admin","twitter_card":"summary_large_image","twitter_misc":{"Written by":"admin","Est. reading time":"4 minutes"},"schema":{"@context":"https:\/\/schema.org","@graph":[{"@type":"Article","@id":"https:\/\/fjala.info\/2009-2015\/ata-qe-skane-buke-te-hane-biskota\/#article","isPartOf":{"@id":"https:\/\/fjala.info\/2009-2015\/ata-qe-skane-buke-te-hane-biskota\/"},"author":{"name":"admin","@id":"https:\/\/fjala.info\/2009-2015\/#\/schema\/person\/3aa1163ef05469c496fc94e77611ada2"},"headline":"\u201cAta q\u00eb s\u2019kan\u00eb buk\u00eb, t\u00eb han\u00eb biskota\u201d","datePublished":"2011-09-20T22:30:12+00:00","mainEntityOfPage":{"@id":"https:\/\/fjala.info\/2009-2015\/ata-qe-skane-buke-te-hane-biskota\/"},"wordCount":823,"commentCount":0,"publisher":{"@id":"https:\/\/fjala.info\/2009-2015\/#organization"},"image":{"@id":"https:\/\/fjala.info\/2009-2015\/ata-qe-skane-buke-te-hane-biskota\/#primaryimage"},"thumbnailUrl":"http:\/\/www.shkoder.net\/images\/fjala\/2011\/armela_imeraj.jpg","articleSection":["Artikuj"],"inLanguage":"sq-AL","potentialAction":[{"@type":"CommentAction","name":"Comment","target":["https:\/\/fjala.info\/2009-2015\/ata-qe-skane-buke-te-hane-biskota\/#respond"]}]},{"@type":"WebPage","@id":"https:\/\/fjala.info\/2009-2015\/ata-qe-skane-buke-te-hane-biskota\/","url":"https:\/\/fjala.info\/2009-2015\/ata-qe-skane-buke-te-hane-biskota\/","name":"\u201cAta q\u00eb s\u2019kan\u00eb buk\u00eb, t\u00eb han\u00eb biskota\u201d - FjALA e LIR\u00cb - Arkivi","isPartOf":{"@id":"https:\/\/fjala.info\/2009-2015\/#website"},"primaryImageOfPage":{"@id":"https:\/\/fjala.info\/2009-2015\/ata-qe-skane-buke-te-hane-biskota\/#primaryimage"},"image":{"@id":"https:\/\/fjala.info\/2009-2015\/ata-qe-skane-buke-te-hane-biskota\/#primaryimage"},"thumbnailUrl":"http:\/\/www.shkoder.net\/images\/fjala\/2011\/armela_imeraj.jpg","datePublished":"2011-09-20T22:30:12+00:00","breadcrumb":{"@id":"https:\/\/fjala.info\/2009-2015\/ata-qe-skane-buke-te-hane-biskota\/#breadcrumb"},"inLanguage":"sq-AL","potentialAction":[{"@type":"ReadAction","target":["https:\/\/fjala.info\/2009-2015\/ata-qe-skane-buke-te-hane-biskota\/"]}]},{"@type":"ImageObject","inLanguage":"sq-AL","@id":"https:\/\/fjala.info\/2009-2015\/ata-qe-skane-buke-te-hane-biskota\/#primaryimage","url":"http:\/\/www.shkoder.net\/images\/fjala\/2011\/armela_imeraj.jpg","contentUrl":"http:\/\/www.shkoder.net\/images\/fjala\/2011\/armela_imeraj.jpg"},{"@type":"BreadcrumbList","@id":"https:\/\/fjala.info\/2009-2015\/ata-qe-skane-buke-te-hane-biskota\/#breadcrumb","itemListElement":[{"@type":"ListItem","position":1,"name":"Home","item":"https:\/\/fjala.info\/2009-2015\/"},{"@type":"ListItem","position":2,"name":"\u201cAta q\u00eb s\u2019kan\u00eb buk\u00eb, t\u00eb han\u00eb biskota\u201d"}]},{"@type":"WebSite","@id":"https:\/\/fjala.info\/2009-2015\/#website","url":"https:\/\/fjala.info\/2009-2015\/","name":"FjALA e LIR\u00cb - Arkivi","description":"Arkivi 2009-2015","publisher":{"@id":"https:\/\/fjala.info\/2009-2015\/#organization"},"potentialAction":[{"@type":"SearchAction","target":{"@type":"EntryPoint","urlTemplate":"https:\/\/fjala.info\/2009-2015\/?s={search_term_string}"},"query-input":{"@type":"PropertyValueSpecification","valueRequired":true,"valueName":"search_term_string"}}],"inLanguage":"sq-AL"},{"@type":"Organization","@id":"https:\/\/fjala.info\/2009-2015\/#organization","name":"FjALA e LIR\u00cb - Arkivi","url":"https:\/\/fjala.info\/2009-2015\/","logo":{"@type":"ImageObject","inLanguage":"sq-AL","@id":"https:\/\/fjala.info\/2009-2015\/#\/schema\/logo\/image\/","url":"","contentUrl":"","caption":"FjALA e LIR\u00cb - Arkivi"},"image":{"@id":"https:\/\/fjala.info\/2009-2015\/#\/schema\/logo\/image\/"}},{"@type":"Person","@id":"https:\/\/fjala.info\/2009-2015\/#\/schema\/person\/3aa1163ef05469c496fc94e77611ada2","name":"admin","image":{"@type":"ImageObject","inLanguage":"sq-AL","@id":"https:\/\/fjala.info\/2009-2015\/wp-content\/uploads\/2012\/02\/arben_cokaj-120x150.jpg","url":"https:\/\/fjala.info\/2009-2015\/wp-content\/uploads\/2012\/02\/arben_cokaj-120x150.jpg","contentUrl":"https:\/\/fjala.info\/2009-2015\/wp-content\/uploads\/2012\/02\/arben_cokaj-120x150.jpg","caption":"admin"},"description":"Admin, Fjala e Lir\u00eb","sameAs":["https:\/\/fjala.info\/"],"url":"https:\/\/fjala.info\/2009-2015\/author\/admin\/"}]}},"_links":{"self":[{"href":"https:\/\/fjala.info\/2009-2015\/wp-json\/wp\/v2\/posts\/10566","targetHints":{"allow":["GET"]}}],"collection":[{"href":"https:\/\/fjala.info\/2009-2015\/wp-json\/wp\/v2\/posts"}],"about":[{"href":"https:\/\/fjala.info\/2009-2015\/wp-json\/wp\/v2\/types\/post"}],"author":[{"embeddable":true,"href":"https:\/\/fjala.info\/2009-2015\/wp-json\/wp\/v2\/users\/1"}],"replies":[{"embeddable":true,"href":"https:\/\/fjala.info\/2009-2015\/wp-json\/wp\/v2\/comments?post=10566"}],"version-history":[{"count":0,"href":"https:\/\/fjala.info\/2009-2015\/wp-json\/wp\/v2\/posts\/10566\/revisions"}],"wp:attachment":[{"href":"https:\/\/fjala.info\/2009-2015\/wp-json\/wp\/v2\/media?parent=10566"}],"wp:term":[{"taxonomy":"category","embeddable":true,"href":"https:\/\/fjala.info\/2009-2015\/wp-json\/wp\/v2\/categories?post=10566"},{"taxonomy":"post_tag","embeddable":true,"href":"https:\/\/fjala.info\/2009-2015\/wp-json\/wp\/v2\/tags?post=10566"}],"curies":[{"name":"wp","href":"https:\/\/api.w.org\/{rel}","templated":true}]}}