{"id":10559,"date":"2011-09-20T23:21:55","date_gmt":"2011-09-20T22:21:55","guid":{"rendered":"http:\/\/fjala.shkoder.net\/?p=10559"},"modified":"2011-09-20T23:21:55","modified_gmt":"2011-09-20T22:21:55","slug":"argita-ka-pergatitur-viziten-e-berishes-ne-new-york","status":"publish","type":"post","link":"https:\/\/fjala.info\/2009-2015\/argita-ka-pergatitur-viziten-e-berishes-ne-new-york\/","title":{"rendered":"Argita ka p\u00ebrgatitur vizit\u00ebn e Berish\u00ebs n\u00eb New York?"},"content":{"rendered":"<p><img decoding=\"async\" class=\"alignright size-thumbnail wp-image-7236\" title=\"Argita Malltezi\" src=\"http:\/\/www.shkoder.net\/images\/fjala\/2011\/argita_me_nje_tjeter.jpg\" alt=\"\" width=\"300\" \/><strong>TemA<\/strong><\/p>\n<p>Argita Malltezi dhe i shoqi i saj Jamarb\u00ebr Malltezi, i kan\u00eb paraprir\u00eb vizit\u00ebs s\u00eb Berish\u00ebs n\u00eb OKB dhjet\u00eb dit\u00eb m\u00eb par\u00eb. Vajza e kryeministrit dhe burri i saj kan\u00eb udh\u00ebtuar drejt SHBA s\u00eb paku dhjet\u00eb dit\u00eb para Berish\u00ebs. Burime af\u00ebr Berish\u00ebs thon\u00eb se ata u angazhuan me lobist\u00ebt amerikan\u00eb p\u00ebr nj\u00eb axhend\u00eb t\u00eb r\u00ebnd\u00ebsishme takimesh t\u00eb Berish\u00ebs. Por si\u00e7 shihet, duket se udh\u00ebtimi ka d\u00ebshtuar. Berisha ka takuar n\u00eb SHBA biznesmen\u00ebt q\u00eb ka n\u00eb Tiran\u00eb dhe lobist\u00ebt e tij n\u00eb nj\u00eb aktivitet t\u00eb organizuar nga kompani, shumica e t\u00eb cilave jan\u00eb klient\u00eb t\u00eb vajz\u00ebs s\u00eb vet.<\/p>\n<p>Kryeministri Berisha si\u00e7 shihet \u00ebsht\u00eb t\u00ebr\u00ebsisht i izoluar dhe disa here m\u00eb larg se niveli i delegacionit kosovar, i cili ka arritur t\u00eb takoj disa personalitete t\u00eb r\u00ebnd\u00ebsish\u00ebm amerikan\u00eb.<\/p>\n<p><strong>Vizita qesharake<\/strong><\/p>\n<p>Kryeministri Sali Berisha po q\u00ebndron n\u00eb New Jork, ku merr pjes\u00eb n\u00eb Asamblen\u00eb e p\u00ebrvitshme t\u00eb OKB-s\u00eb, por n\u00eb tentativ\u00eb p\u00ebr ta b\u00ebr\u00eb sa m\u00eb produktive vizit\u00ebn e tij po b\u00ebn takime q\u00eb s\u2019kan\u00eb asnj\u00eb interes p\u00ebr at\u00eb vet\u00eb dhe p\u00ebr Shqip\u00ebrin\u00eb. Pasi organizoi nj\u00eb takim me biznesmen\u00eb shqiptar\u00eb dhe amerikan\u00eb q\u00eb operojn\u00eb aktualisht n\u00eb Shqip\u00ebri dhe e quajti nj\u00eb forum investimesh, dje ka marr\u00eb pjes\u00eb n\u00eb nj\u00eb takim ku flitej p\u00ebr ngrohjen globale dhe problemet q\u00eb do t\u2019i sjellin Afrik\u00ebs ndryshimet klimaterike. Se \u00e7far\u00eb ka dashur kryeministri i nj\u00eb vendi si Shqip\u00ebria n\u00eb nj\u00eb aktivitet t\u00eb till\u00eb nuk kuptohet, p\u00ebrve\u00e7 faktit q\u00eb donte t\u00eb rreshtonte emrin e tij n\u00eb nj\u00eb njoftim shtypi pran\u00eb emrave t\u00eb ish-presidentit amerikan Bill Klinton apo kreut t\u00eb KE-s\u00eb, Barroso.<\/p>\n<p>(Me asnj\u00ebrin nuk ka pasur takim). Por si\u00e7 b\u00ebjn\u00eb t\u00eb gjith\u00eb zyrtar\u00ebt e k\u00ebsaj mazhorance, takimi m\u00eb i sigurt q\u00eb Berisha do t\u00eb kishte n\u00eb New Jork \u00ebsht\u00eb ai me kongresmen Eliot Engel, i cili nuk p\u00ebrton t\u00eb vij\u00eb dhe n\u00eb Tiran\u00eb sa her\u00eb ia k\u00ebrkon Berisha, pasi njihet si nj\u00eb lobist i k\u00ebsaj qeverie. Duke tentuar t\u00eb takoj\u00eb ndonj\u00eb president t\u00eb vendeve an\u00ebtare t\u00eb OKB-s\u00eb, nuk ka pasur asnj\u00eb takim t\u00eb frytsh\u00ebm dhe me interes p\u00ebr vendin ton\u00eb, por ka takuar kryeministrin e Butanit (sa shqiptar\u00eb e din\u00eb se ku bie Butani?) dhe me presidentin e Sllovenis\u00eb, p\u00ebrs\u00ebri pa interes pasi duket dhe nga njoftimi i shkurt\u00ebr i kryeministris\u00eb.<\/p>\n<p><strong>\u201cPodesta\u201d mori 700 mij\u00eb USD, \u201cPatton Boggs\u201d, 1,5 milion\u00eb USD<\/strong><\/p>\n<p>Si\u00e7 njofton Ama News, k\u00ebto jan\u00eb dy shifrat q\u00eb qarkullojn\u00eb aktualisht si pagesa p\u00ebr mbajtjen e forumit t\u00eb Investimeve Ekonomike Shqip\u00ebri-SHBA i mbajtur dy dit\u00eb m\u00eb par\u00eb n\u00eb Nju Jork. Megjith\u00ebse m\u00ebsohet se shum\u00eb kompani t\u00eb huaja, kryesisht amerikane, e kan\u00eb bojkotuar k\u00ebt\u00eb eveniment t\u00eb cil\u00ebsuar sukses nga qeveria shqiptare, nuk kan\u00eb munguar shoq\u00ebri apo firma q\u00eb i njohim n\u00ebp\u00ebrmjet familjes qeveritare k\u00ebto vite. Firma shqiptare, banka dhe biznese t\u00eb huaja si \u201cGjiri Lal\u00ebzit\u201d, \u201cSky petroleum\u201d, \u201cTirex\u201d, \u201cPodesta\u201d dhe \u201cPaton\u201d.<\/p>\n<p>Madje \u201cPodesta Group\u201d, firma lotuese personale e Berish\u00ebs n\u00eb zgjedhje, m\u00ebsohet se ka qen\u00eb organizatorja e forumit dhe p\u00ebr k\u00ebt\u00eb \u00ebsht\u00eb paguar 700 mij\u00eb dollar\u00eb amerikan\u00eb. Toni Podesta ka qen\u00eb dhe moderatori i takimit. Mir\u00ebpo ka dhe m\u00eb shum\u00eb. Sepse xhepit t\u00eb taksapaguesve shqiptar\u00eb i ka kushtuar edhe pazari apo \u00e7mimi q\u00eb kishte firma e dyt\u00eb lotuese \u201cPatton Boggs\u201d, e cila ka marr\u00eb merita p\u00ebrsip\u00ebr p\u00ebr ndihm\u00ebn ndaj qeveris\u00eb shqiptare. N\u00eb ark\u00ebn e saj kryeministri m\u00ebsohet t\u00eb ket\u00eb derdhur 1,5 milion\u00eb dollar\u00eb. Dhe kur dihet se drejtues i k\u00ebsaj firme \u00ebsht\u00eb ambasadori Uisner, nj\u00eb nga \u201cmiqt\u00eb\u201d amerikan\u00eb q\u00eb sa her\u00eb Berisha \u00ebsht\u00eb n\u00eb v\u00ebshtir\u00ebsi del dhe e mb\u00ebshtet, pavar\u00ebsisht kostos s\u00eb demokracis\u00eb q\u00eb ka vendi.<\/p>\n<p>Mir\u00ebpo ka dhe nj\u00eb tjet\u00ebr fakt tep\u00ebr t\u00eb friksh\u00ebm q\u00eb raportohet nga shqiptar\u00ebt e Amerik\u00ebs n\u00eb Nju Jork. Pasi \u00ebsht\u00eb par\u00eb t\u00eb jet\u00eb prezente nj\u00eb jav\u00eb para forumit edhe vajza e kryeministrit, Argita Berisha. Mbase kur t\u00eb kthehet kryeministri duhet t\u00eb jap\u00eb shpjegime m\u00eb shum\u00eb p\u00ebr k\u00ebt\u00eb vizit\u00eb misterioze, ku ka marr\u00eb me vete edhe familjen e tij, bashk\u00ebshorten dhe vajz\u00ebn. Burime t\u00eb besueshme i than\u00eb agjencis\u00eb AMA se Asambleja e OKB-s\u00eb nuk ka pasur ndonj\u00eb r\u00ebnd\u00ebsi t\u00eb ve\u00e7ant\u00eb p\u00ebr prezenc\u00ebn e Berish\u00ebs, por ajo ka qen\u00eb sebepi q\u00eb kryeministri t\u00eb organizonte edhe forumin e \u201cbujsh\u00ebm\u201d p\u00ebr t\u00eb thurur planet e s\u00eb ardhmes me lobist\u00ebt e tij q\u00eb mb\u00ebshtesin qeverit\u00eb m\u00eb t\u00eb korruptuara n\u00eb bot\u00eb dhe diktator\u00ebt m\u00eb fam\u00ebkeq.<\/p>\n","protected":false},"excerpt":{"rendered":"<p>TemA Argita Malltezi dhe i shoqi i saj Jamarb\u00ebr Malltezi, i kan\u00eb paraprir\u00eb vizit\u00ebs s\u00eb Berish\u00ebs n\u00eb OKB dhjet\u00eb dit\u00eb m\u00eb par\u00eb. Vajza e kryeministrit dhe burri i saj kan\u00eb udh\u00ebtuar drejt SHBA s\u00eb paku dhjet\u00eb dit\u00eb para Berish\u00ebs. Burime af\u00ebr Berish\u00ebs thon\u00eb se ata u angazhuan me lobist\u00ebt amerikan\u00eb p\u00ebr nj\u00eb axhend\u00eb t\u00eb r\u00ebnd\u00ebsishme [&hellip;]<\/p>\n","protected":false},"author":1,"featured_media":0,"comment_status":"open","ping_status":"closed","sticky":false,"template":"","format":"standard","meta":{"footnotes":""},"categories":[2],"tags":[],"class_list":{"0":"post-10559","1":"post","2":"type-post","3":"status-publish","4":"format-standard","6":"category-artikuj"},"yoast_head":"<!-- This site is optimized with the Yoast SEO plugin v27.4 - https:\/\/yoast.com\/product\/yoast-seo-wordpress\/ -->\n<title>Argita ka p\u00ebrgatitur vizit\u00ebn e Berish\u00ebs n\u00eb New York? - FjALA e LIR\u00cb - Arkivi<\/title>\n<meta name=\"robots\" content=\"index, follow, max-snippet:-1, max-image-preview:large, max-video-preview:-1\" \/>\n<link rel=\"canonical\" href=\"https:\/\/fjala.info\/2009-2015\/argita-ka-pergatitur-viziten-e-berishes-ne-new-york\/\" \/>\n<meta property=\"og:locale\" content=\"sq_AL\" \/>\n<meta property=\"og:type\" content=\"article\" \/>\n<meta property=\"og:title\" content=\"Argita ka p\u00ebrgatitur vizit\u00ebn e Berish\u00ebs n\u00eb New York? - FjALA e LIR\u00cb - Arkivi\" \/>\n<meta property=\"og:description\" content=\"TemA Argita Malltezi dhe i shoqi i saj Jamarb\u00ebr Malltezi, i kan\u00eb paraprir\u00eb vizit\u00ebs s\u00eb Berish\u00ebs n\u00eb OKB dhjet\u00eb dit\u00eb m\u00eb par\u00eb. Vajza e kryeministrit dhe burri i saj kan\u00eb udh\u00ebtuar drejt SHBA s\u00eb paku dhjet\u00eb dit\u00eb para Berish\u00ebs. Burime af\u00ebr Berish\u00ebs thon\u00eb se ata u angazhuan me lobist\u00ebt amerikan\u00eb p\u00ebr nj\u00eb axhend\u00eb t\u00eb r\u00ebnd\u00ebsishme [&hellip;]\" \/>\n<meta property=\"og:url\" content=\"https:\/\/fjala.info\/2009-2015\/argita-ka-pergatitur-viziten-e-berishes-ne-new-york\/\" \/>\n<meta property=\"og:site_name\" content=\"FjALA e LIR\u00cb - Arkivi\" \/>\n<meta property=\"article:published_time\" content=\"2011-09-20T22:21:55+00:00\" \/>\n<meta property=\"og:image\" content=\"http:\/\/www.shkoder.net\/images\/fjala\/2011\/argita_me_nje_tjeter.jpg\" \/>\n<meta name=\"author\" content=\"admin\" \/>\n<meta name=\"twitter:card\" content=\"summary_large_image\" \/>\n<meta name=\"twitter:label1\" content=\"Written by\" \/>\n\t<meta name=\"twitter:data1\" content=\"admin\" \/>\n\t<meta name=\"twitter:label2\" content=\"Est. reading time\" \/>\n\t<meta name=\"twitter:data2\" content=\"4 minutes\" \/>\n<script type=\"application\/ld+json\" class=\"yoast-schema-graph\">{\"@context\":\"https:\\\/\\\/schema.org\",\"@graph\":[{\"@type\":\"Article\",\"@id\":\"https:\\\/\\\/fjala.info\\\/2009-2015\\\/argita-ka-pergatitur-viziten-e-berishes-ne-new-york\\\/#article\",\"isPartOf\":{\"@id\":\"https:\\\/\\\/fjala.info\\\/2009-2015\\\/argita-ka-pergatitur-viziten-e-berishes-ne-new-york\\\/\"},\"author\":{\"name\":\"admin\",\"@id\":\"https:\\\/\\\/fjala.info\\\/2009-2015\\\/#\\\/schema\\\/person\\\/3aa1163ef05469c496fc94e77611ada2\"},\"headline\":\"Argita ka p\u00ebrgatitur vizit\u00ebn e Berish\u00ebs n\u00eb New York?\",\"datePublished\":\"2011-09-20T22:21:55+00:00\",\"mainEntityOfPage\":{\"@id\":\"https:\\\/\\\/fjala.info\\\/2009-2015\\\/argita-ka-pergatitur-viziten-e-berishes-ne-new-york\\\/\"},\"wordCount\":796,\"commentCount\":0,\"publisher\":{\"@id\":\"https:\\\/\\\/fjala.info\\\/2009-2015\\\/#organization\"},\"image\":{\"@id\":\"https:\\\/\\\/fjala.info\\\/2009-2015\\\/argita-ka-pergatitur-viziten-e-berishes-ne-new-york\\\/#primaryimage\"},\"thumbnailUrl\":\"http:\\\/\\\/www.shkoder.net\\\/images\\\/fjala\\\/2011\\\/argita_me_nje_tjeter.jpg\",\"articleSection\":[\"Artikuj\"],\"inLanguage\":\"sq-AL\",\"potentialAction\":[{\"@type\":\"CommentAction\",\"name\":\"Comment\",\"target\":[\"https:\\\/\\\/fjala.info\\\/2009-2015\\\/argita-ka-pergatitur-viziten-e-berishes-ne-new-york\\\/#respond\"]}]},{\"@type\":\"WebPage\",\"@id\":\"https:\\\/\\\/fjala.info\\\/2009-2015\\\/argita-ka-pergatitur-viziten-e-berishes-ne-new-york\\\/\",\"url\":\"https:\\\/\\\/fjala.info\\\/2009-2015\\\/argita-ka-pergatitur-viziten-e-berishes-ne-new-york\\\/\",\"name\":\"Argita ka p\u00ebrgatitur vizit\u00ebn e Berish\u00ebs n\u00eb New York? - FjALA e LIR\u00cb - Arkivi\",\"isPartOf\":{\"@id\":\"https:\\\/\\\/fjala.info\\\/2009-2015\\\/#website\"},\"primaryImageOfPage\":{\"@id\":\"https:\\\/\\\/fjala.info\\\/2009-2015\\\/argita-ka-pergatitur-viziten-e-berishes-ne-new-york\\\/#primaryimage\"},\"image\":{\"@id\":\"https:\\\/\\\/fjala.info\\\/2009-2015\\\/argita-ka-pergatitur-viziten-e-berishes-ne-new-york\\\/#primaryimage\"},\"thumbnailUrl\":\"http:\\\/\\\/www.shkoder.net\\\/images\\\/fjala\\\/2011\\\/argita_me_nje_tjeter.jpg\",\"datePublished\":\"2011-09-20T22:21:55+00:00\",\"breadcrumb\":{\"@id\":\"https:\\\/\\\/fjala.info\\\/2009-2015\\\/argita-ka-pergatitur-viziten-e-berishes-ne-new-york\\\/#breadcrumb\"},\"inLanguage\":\"sq-AL\",\"potentialAction\":[{\"@type\":\"ReadAction\",\"target\":[\"https:\\\/\\\/fjala.info\\\/2009-2015\\\/argita-ka-pergatitur-viziten-e-berishes-ne-new-york\\\/\"]}]},{\"@type\":\"ImageObject\",\"inLanguage\":\"sq-AL\",\"@id\":\"https:\\\/\\\/fjala.info\\\/2009-2015\\\/argita-ka-pergatitur-viziten-e-berishes-ne-new-york\\\/#primaryimage\",\"url\":\"http:\\\/\\\/www.shkoder.net\\\/images\\\/fjala\\\/2011\\\/argita_me_nje_tjeter.jpg\",\"contentUrl\":\"http:\\\/\\\/www.shkoder.net\\\/images\\\/fjala\\\/2011\\\/argita_me_nje_tjeter.jpg\"},{\"@type\":\"BreadcrumbList\",\"@id\":\"https:\\\/\\\/fjala.info\\\/2009-2015\\\/argita-ka-pergatitur-viziten-e-berishes-ne-new-york\\\/#breadcrumb\",\"itemListElement\":[{\"@type\":\"ListItem\",\"position\":1,\"name\":\"Home\",\"item\":\"https:\\\/\\\/fjala.info\\\/2009-2015\\\/\"},{\"@type\":\"ListItem\",\"position\":2,\"name\":\"Argita ka p\u00ebrgatitur vizit\u00ebn e Berish\u00ebs n\u00eb New York?\"}]},{\"@type\":\"WebSite\",\"@id\":\"https:\\\/\\\/fjala.info\\\/2009-2015\\\/#website\",\"url\":\"https:\\\/\\\/fjala.info\\\/2009-2015\\\/\",\"name\":\"FjALA e LIR\u00cb - Arkivi\",\"description\":\"Arkivi 2009-2015\",\"publisher\":{\"@id\":\"https:\\\/\\\/fjala.info\\\/2009-2015\\\/#organization\"},\"potentialAction\":[{\"@type\":\"SearchAction\",\"target\":{\"@type\":\"EntryPoint\",\"urlTemplate\":\"https:\\\/\\\/fjala.info\\\/2009-2015\\\/?s={search_term_string}\"},\"query-input\":{\"@type\":\"PropertyValueSpecification\",\"valueRequired\":true,\"valueName\":\"search_term_string\"}}],\"inLanguage\":\"sq-AL\"},{\"@type\":\"Organization\",\"@id\":\"https:\\\/\\\/fjala.info\\\/2009-2015\\\/#organization\",\"name\":\"FjALA e LIR\u00cb - Arkivi\",\"url\":\"https:\\\/\\\/fjala.info\\\/2009-2015\\\/\",\"logo\":{\"@type\":\"ImageObject\",\"inLanguage\":\"sq-AL\",\"@id\":\"https:\\\/\\\/fjala.info\\\/2009-2015\\\/#\\\/schema\\\/logo\\\/image\\\/\",\"url\":\"\",\"contentUrl\":\"\",\"caption\":\"FjALA e LIR\u00cb - Arkivi\"},\"image\":{\"@id\":\"https:\\\/\\\/fjala.info\\\/2009-2015\\\/#\\\/schema\\\/logo\\\/image\\\/\"}},{\"@type\":\"Person\",\"@id\":\"https:\\\/\\\/fjala.info\\\/2009-2015\\\/#\\\/schema\\\/person\\\/3aa1163ef05469c496fc94e77611ada2\",\"name\":\"admin\",\"image\":{\"@type\":\"ImageObject\",\"inLanguage\":\"sq-AL\",\"@id\":\"https:\\\/\\\/fjala.info\\\/2009-2015\\\/wp-content\\\/uploads\\\/2012\\\/02\\\/arben_cokaj-120x150.jpg\",\"url\":\"https:\\\/\\\/fjala.info\\\/2009-2015\\\/wp-content\\\/uploads\\\/2012\\\/02\\\/arben_cokaj-120x150.jpg\",\"contentUrl\":\"https:\\\/\\\/fjala.info\\\/2009-2015\\\/wp-content\\\/uploads\\\/2012\\\/02\\\/arben_cokaj-120x150.jpg\",\"caption\":\"admin\"},\"description\":\"Admin, Fjala e Lir\u00eb\",\"sameAs\":[\"https:\\\/\\\/fjala.info\\\/\"],\"url\":\"https:\\\/\\\/fjala.info\\\/2009-2015\\\/author\\\/admin\\\/\"}]}<\/script>\n<!-- \/ Yoast SEO plugin. -->","yoast_head_json":{"title":"Argita ka p\u00ebrgatitur vizit\u00ebn e Berish\u00ebs n\u00eb New York? - FjALA e LIR\u00cb - Arkivi","robots":{"index":"index","follow":"follow","max-snippet":"max-snippet:-1","max-image-preview":"max-image-preview:large","max-video-preview":"max-video-preview:-1"},"canonical":"https:\/\/fjala.info\/2009-2015\/argita-ka-pergatitur-viziten-e-berishes-ne-new-york\/","og_locale":"sq_AL","og_type":"article","og_title":"Argita ka p\u00ebrgatitur vizit\u00ebn e Berish\u00ebs n\u00eb New York? - FjALA e LIR\u00cb - Arkivi","og_description":"TemA Argita Malltezi dhe i shoqi i saj Jamarb\u00ebr Malltezi, i kan\u00eb paraprir\u00eb vizit\u00ebs s\u00eb Berish\u00ebs n\u00eb OKB dhjet\u00eb dit\u00eb m\u00eb par\u00eb. Vajza e kryeministrit dhe burri i saj kan\u00eb udh\u00ebtuar drejt SHBA s\u00eb paku dhjet\u00eb dit\u00eb para Berish\u00ebs. Burime af\u00ebr Berish\u00ebs thon\u00eb se ata u angazhuan me lobist\u00ebt amerikan\u00eb p\u00ebr nj\u00eb axhend\u00eb t\u00eb r\u00ebnd\u00ebsishme [&hellip;]","og_url":"https:\/\/fjala.info\/2009-2015\/argita-ka-pergatitur-viziten-e-berishes-ne-new-york\/","og_site_name":"FjALA e LIR\u00cb - Arkivi","article_published_time":"2011-09-20T22:21:55+00:00","og_image":[{"url":"http:\/\/www.shkoder.net\/images\/fjala\/2011\/argita_me_nje_tjeter.jpg","type":"","width":"","height":""}],"author":"admin","twitter_card":"summary_large_image","twitter_misc":{"Written by":"admin","Est. reading time":"4 minutes"},"schema":{"@context":"https:\/\/schema.org","@graph":[{"@type":"Article","@id":"https:\/\/fjala.info\/2009-2015\/argita-ka-pergatitur-viziten-e-berishes-ne-new-york\/#article","isPartOf":{"@id":"https:\/\/fjala.info\/2009-2015\/argita-ka-pergatitur-viziten-e-berishes-ne-new-york\/"},"author":{"name":"admin","@id":"https:\/\/fjala.info\/2009-2015\/#\/schema\/person\/3aa1163ef05469c496fc94e77611ada2"},"headline":"Argita ka p\u00ebrgatitur vizit\u00ebn e Berish\u00ebs n\u00eb New York?","datePublished":"2011-09-20T22:21:55+00:00","mainEntityOfPage":{"@id":"https:\/\/fjala.info\/2009-2015\/argita-ka-pergatitur-viziten-e-berishes-ne-new-york\/"},"wordCount":796,"commentCount":0,"publisher":{"@id":"https:\/\/fjala.info\/2009-2015\/#organization"},"image":{"@id":"https:\/\/fjala.info\/2009-2015\/argita-ka-pergatitur-viziten-e-berishes-ne-new-york\/#primaryimage"},"thumbnailUrl":"http:\/\/www.shkoder.net\/images\/fjala\/2011\/argita_me_nje_tjeter.jpg","articleSection":["Artikuj"],"inLanguage":"sq-AL","potentialAction":[{"@type":"CommentAction","name":"Comment","target":["https:\/\/fjala.info\/2009-2015\/argita-ka-pergatitur-viziten-e-berishes-ne-new-york\/#respond"]}]},{"@type":"WebPage","@id":"https:\/\/fjala.info\/2009-2015\/argita-ka-pergatitur-viziten-e-berishes-ne-new-york\/","url":"https:\/\/fjala.info\/2009-2015\/argita-ka-pergatitur-viziten-e-berishes-ne-new-york\/","name":"Argita ka p\u00ebrgatitur vizit\u00ebn e Berish\u00ebs n\u00eb New York? - FjALA e LIR\u00cb - Arkivi","isPartOf":{"@id":"https:\/\/fjala.info\/2009-2015\/#website"},"primaryImageOfPage":{"@id":"https:\/\/fjala.info\/2009-2015\/argita-ka-pergatitur-viziten-e-berishes-ne-new-york\/#primaryimage"},"image":{"@id":"https:\/\/fjala.info\/2009-2015\/argita-ka-pergatitur-viziten-e-berishes-ne-new-york\/#primaryimage"},"thumbnailUrl":"http:\/\/www.shkoder.net\/images\/fjala\/2011\/argita_me_nje_tjeter.jpg","datePublished":"2011-09-20T22:21:55+00:00","breadcrumb":{"@id":"https:\/\/fjala.info\/2009-2015\/argita-ka-pergatitur-viziten-e-berishes-ne-new-york\/#breadcrumb"},"inLanguage":"sq-AL","potentialAction":[{"@type":"ReadAction","target":["https:\/\/fjala.info\/2009-2015\/argita-ka-pergatitur-viziten-e-berishes-ne-new-york\/"]}]},{"@type":"ImageObject","inLanguage":"sq-AL","@id":"https:\/\/fjala.info\/2009-2015\/argita-ka-pergatitur-viziten-e-berishes-ne-new-york\/#primaryimage","url":"http:\/\/www.shkoder.net\/images\/fjala\/2011\/argita_me_nje_tjeter.jpg","contentUrl":"http:\/\/www.shkoder.net\/images\/fjala\/2011\/argita_me_nje_tjeter.jpg"},{"@type":"BreadcrumbList","@id":"https:\/\/fjala.info\/2009-2015\/argita-ka-pergatitur-viziten-e-berishes-ne-new-york\/#breadcrumb","itemListElement":[{"@type":"ListItem","position":1,"name":"Home","item":"https:\/\/fjala.info\/2009-2015\/"},{"@type":"ListItem","position":2,"name":"Argita ka p\u00ebrgatitur vizit\u00ebn e Berish\u00ebs n\u00eb New York?"}]},{"@type":"WebSite","@id":"https:\/\/fjala.info\/2009-2015\/#website","url":"https:\/\/fjala.info\/2009-2015\/","name":"FjALA e LIR\u00cb - Arkivi","description":"Arkivi 2009-2015","publisher":{"@id":"https:\/\/fjala.info\/2009-2015\/#organization"},"potentialAction":[{"@type":"SearchAction","target":{"@type":"EntryPoint","urlTemplate":"https:\/\/fjala.info\/2009-2015\/?s={search_term_string}"},"query-input":{"@type":"PropertyValueSpecification","valueRequired":true,"valueName":"search_term_string"}}],"inLanguage":"sq-AL"},{"@type":"Organization","@id":"https:\/\/fjala.info\/2009-2015\/#organization","name":"FjALA e LIR\u00cb - Arkivi","url":"https:\/\/fjala.info\/2009-2015\/","logo":{"@type":"ImageObject","inLanguage":"sq-AL","@id":"https:\/\/fjala.info\/2009-2015\/#\/schema\/logo\/image\/","url":"","contentUrl":"","caption":"FjALA e LIR\u00cb - Arkivi"},"image":{"@id":"https:\/\/fjala.info\/2009-2015\/#\/schema\/logo\/image\/"}},{"@type":"Person","@id":"https:\/\/fjala.info\/2009-2015\/#\/schema\/person\/3aa1163ef05469c496fc94e77611ada2","name":"admin","image":{"@type":"ImageObject","inLanguage":"sq-AL","@id":"https:\/\/fjala.info\/2009-2015\/wp-content\/uploads\/2012\/02\/arben_cokaj-120x150.jpg","url":"https:\/\/fjala.info\/2009-2015\/wp-content\/uploads\/2012\/02\/arben_cokaj-120x150.jpg","contentUrl":"https:\/\/fjala.info\/2009-2015\/wp-content\/uploads\/2012\/02\/arben_cokaj-120x150.jpg","caption":"admin"},"description":"Admin, Fjala e Lir\u00eb","sameAs":["https:\/\/fjala.info\/"],"url":"https:\/\/fjala.info\/2009-2015\/author\/admin\/"}]}},"_links":{"self":[{"href":"https:\/\/fjala.info\/2009-2015\/wp-json\/wp\/v2\/posts\/10559","targetHints":{"allow":["GET"]}}],"collection":[{"href":"https:\/\/fjala.info\/2009-2015\/wp-json\/wp\/v2\/posts"}],"about":[{"href":"https:\/\/fjala.info\/2009-2015\/wp-json\/wp\/v2\/types\/post"}],"author":[{"embeddable":true,"href":"https:\/\/fjala.info\/2009-2015\/wp-json\/wp\/v2\/users\/1"}],"replies":[{"embeddable":true,"href":"https:\/\/fjala.info\/2009-2015\/wp-json\/wp\/v2\/comments?post=10559"}],"version-history":[{"count":0,"href":"https:\/\/fjala.info\/2009-2015\/wp-json\/wp\/v2\/posts\/10559\/revisions"}],"wp:attachment":[{"href":"https:\/\/fjala.info\/2009-2015\/wp-json\/wp\/v2\/media?parent=10559"}],"wp:term":[{"taxonomy":"category","embeddable":true,"href":"https:\/\/fjala.info\/2009-2015\/wp-json\/wp\/v2\/categories?post=10559"},{"taxonomy":"post_tag","embeddable":true,"href":"https:\/\/fjala.info\/2009-2015\/wp-json\/wp\/v2\/tags?post=10559"}],"curies":[{"name":"wp","href":"https:\/\/api.w.org\/{rel}","templated":true}]}}