{"id":10555,"date":"2011-09-20T23:09:47","date_gmt":"2011-09-20T22:09:47","guid":{"rendered":"http:\/\/fjala.shkoder.net\/?p=10555"},"modified":"2011-09-20T23:09:47","modified_gmt":"2011-09-20T22:09:47","slug":"mos-e-shaj-berishen-se-sje-shqiptar","status":"publish","type":"post","link":"https:\/\/fjala.info\/2009-2015\/mos-e-shaj-berishen-se-sje-shqiptar\/","title":{"rendered":"MOS E SHAJ BERISH\u00cbN SE S\u2019JE SHQIPTAR"},"content":{"rendered":"<p><img decoding=\"async\" class=\"alignright size-thumbnail wp-image-7236\" title=\"Sali Berisha\" src=\"http:\/\/www.shkoder.net\/images\/fjala\/2011\/sali_berisha1.jpg\" alt=\"\" width=\"300\" \/> <strong>Faik Krasniqi <\/strong>\/ <em>Prishtina Press<\/em><br \/>\nwww.prishtinapress.info<\/p>\n<p>\u00cbsht\u00eb ajo th\u00ebnia e famshme \u201dMos e shaj Berish\u00ebn se s\u2019je shqiptar\u201d q\u00eb p\u00ebrdoret tek shqiptar\u00ebt n\u00eb Kosov\u00eb dhe Maqedoni\u201d, kur tenton t\u00eb flas\u00ebsh apo t\u00eb shkruash kund\u00ebr Berish\u00ebs. Un\u00eb nuk do t\u00eb b\u00ebhem sharlatan sikur ai, por do t\u2019i rendis nj\u00eb nga nj\u00eb disa nga tradhtit\u00eb q\u00eb i ka b\u00ebr\u00eb kombit shqiptar, Sali Berisha. Sali Berisha ka qen\u00eb dhe mbetet m\u00eb antikomb\u00ebtari i gjitha koh\u00ebrave historike q\u00eb ka pasur populli shqiptar ndonj\u00ebher\u00eb, posa\u00e7\u00ebrisht p\u00ebr shqiptar\u00ebt q\u00eb jetojn\u00eb jasht\u00eb kufijve ekzistues t\u00eb Shqip\u00ebris\u00eb. Lind pyetja pse?<\/p>\n<p>1) Sali Berisha ishte kund\u00ebr pajtimit komb\u00ebtar q\u00eb \u00e7oi mosrealizimin e bashkimit shqiptar, sepse mos pajtimi krijon p\u00ebr\u00e7arje dhe s\u2019mund t\u00eb arrish q\u00ebllimin p\u00ebr bashkim n\u00eb t\u00eb gjitha pik\u00ebpamjet me r\u00ebnd\u00ebsi komb\u00ebtare.<\/p>\n<p>2) Sali Berisha n\u00eb vitin 1994 i dha popullit shqiptar n\u00eb Shqip\u00ebri at\u00eb kushtetut\u00ebn e famshme ku pik\u00ebrisht ajo kushtetut\u00eb parashihte q\u00eb populli shqiptar q\u00eb jetojn\u00eb n\u00ebn sundimin e sllav\u00ebve t\u2019i g\u00ebzonin disa t\u00eb drejta njer\u00ebzore, por jo edhe komb\u00ebtare bile-bile m\u00eb kujtohet se si dilte para popullit shqiptar dhe b\u00ebrtiste p\u00ebr at\u00eb kushtetut\u00eb n\u00eb m\u00ebnyr\u00eb q\u00eb t\u2019i bindte shqiptar\u00ebt n\u00eb Shqip\u00ebri se kjo kushtetut\u00eb ishte m\u00eb demokratikja n\u00eb gjith\u00eb rruzullin tok\u00ebsor derisa edhe z\u00ebri i pat\u00eb humbur, por deshi fati populli shqiptar kuptoi grack\u00ebn e k\u00ebtij antikomb\u00ebtari dhe ajo kushtetut\u00eb d\u00ebshtoi t\u00eb miratohet.<\/p>\n<p>3) Sali Berisha, m\u00eb 1994-97 furnizoi Milloshevi\u00e7in me naft\u00eb p\u00ebr ta shtypur rezistenc\u00ebn shqiptare n\u00eb Kosov\u00eb p\u00ebr \u00e7lirim, pasi si\u00e7 dihet at\u00ebbot\u00eb Serbia kishte embargo, dhe p\u00ebr t\u00eb humbur gjurm\u00eb ndaj k\u00ebsaj informat\u00eb ishte pik\u00ebrisht kjo arsyeja pse \u00ebsht\u00eb zhdukur (likuiduar) patrioti komb\u00ebtar Remzi Hoxha nga njer\u00ebzit (SHIK-U) e Sali Berish\u00ebs.<\/p>\n<p>4) Sali Berisha ishte shkaktari kryesor p\u00ebr ngjarjet e 97-\u00ebs dhe tragjedin\u00eb shqiptare.<\/p>\n<p>5) Sali Berisha n\u00eb vitin 1998 deshi t\u00eb b\u00ebj pu\u00e7 ushtarak n\u00eb Shqip\u00ebri, mu n\u00eb momentin kur bashk\u00ebsia nd\u00ebrkomb\u00ebtare hapte nj\u00eb kapitull t\u00eb ri p\u00ebr \u00e7\u00ebshtjen e shqiptar\u00ebve n\u00eb ish Jugosllavi, dhe pik\u00ebrisht ky moment mund t\u00eb vler\u00ebsohet si antikomb\u00ebtar pasi q\u00eb v\u00ebmendja e faktorit nd\u00ebrkomb\u00ebtar ishte drejtuar n\u00eb ato momente kah Shqip\u00ebria, se si duhej t\u00eb veproj n\u00eb ato momente, por nuk po e zgjas m\u00eb tep\u00ebr.<\/p>\n<p>6) Sali Berisha solli n\u00eb krye t\u00eb Kish\u00ebs Ortodokse Autoqefale t\u00eb Shqip\u00ebris\u00eb: priftin nacionalist grek, Anastas Janullatos.<\/p>\n<p>7) Sali Berisha deshi t\u2019i shesi 225 km2 det Greqis\u00eb, por fal\u00eb Kolonel Myslym Pashait q\u00eb e b\u00ebri publike n\u00eb opinion k\u00ebt\u00eb marr\u00ebveshje dhe e dor\u00ebzoi n\u00eb Gjykat\u00ebn Kushtetuese, kjo marr\u00ebveshje e \u201dfshehur\u201d u rr\u00ebzua nga Gjykata Kushtetuese.<\/p>\n<p>8) Sali Berisha nd\u00ebrtoi varrezat e ushtar\u00ebve grek\u00eb t\u00eb vrar\u00eb gjat\u00eb Luft\u00ebs s\u00eb Dyt\u00eb Bot\u00ebrore n\u00eb Shqip\u00ebri, gjoja qenkan vrar\u00eb duke e \u201dmbrojtur\u201d Shqip\u00ebrin\u00eb nga nazist\u00ebt gjerman\u00eb.<\/p>\n<p>9) Dhe s\u00eb fundi, Saliu n\u00eb Parlamentin e Shqip\u00ebris\u00eb miratoi ligjin p\u00ebr regjistrim t\u00eb popullsis\u00eb (sipas qejfit t\u00eb Greqis\u00eb), me vet\u00ebdeklarim t\u00eb komb\u00ebsis\u00eb dhe fes\u00eb, por jav\u00ebn e kaluar Gjykata Kushtetuese rr\u00ebzoi ligjin p\u00ebr ndryshimin e komb\u00ebsis\u00eb.<\/p>\n<p>Kjo \u00ebsht\u00eb nj\u00eb fitore e madhe dhe historike e shqiptar\u00ebve, e n\u00eb ve\u00e7anti e Aleanc\u00ebs Kuq e Zi, e cila muaj m\u00eb par\u00eb pat\u00eb d\u00ebrguar ankes\u00eb n\u00eb Gjykat\u00ebn Kushtetuese p\u00ebr moslejim t\u00eb ndryshimit t\u00eb komb\u00ebsis\u00eb.<\/p>\n<p>I ceka vet\u00ebm disa veprime antikomb\u00ebtare n\u00eb pika t\u00eb shkurtra sepse ka edhe shum\u00eb veprime t\u00eb k\u00ebtij njeriu q\u00eb kan\u00eb penguar kombin shqiptar t\u00eb eci dhe t\u00eb zhvillohet t\u00eb pakt\u00ebn krahas popujve q\u00eb kemi p\u00ebrreth, e jo t\u00eb ngelemi mbrapa si\u00e7 kemi ngelur deri m\u00eb tani. Vet\u00ebm edhe di\u00e7ka, si mundet Sali Berisha t\u00eb krenohet p\u00ebr liberalizim vizash kur Shqip\u00ebria \u00ebsht\u00eb shtet gati 100 vjet dhe t\u00eb jet\u00eb e fundit p\u00ebr liberalizim para Kosov\u00ebs. Maqedonia \u00ebsht\u00eb shtet q\u00eb prej vitit 1991, Mali i Zi \u00ebsht\u00eb shtet q\u00eb pes\u00eb vite dhe arrit\u00ebn ta g\u00ebzojn\u00eb liberalizimin e vizave para Shqip\u00ebris\u00eb, k\u00ebsaj nuk i thuhet sukses por d\u00ebshtim p\u00ebr Sali Berish\u00ebn.<\/p>\n<p>Sa i p\u00ebrket zgjedhjeve ky \u00ebsht\u00eb njeri i rryer p\u00ebr t\u00eb vjedhur dhe s\u2019mund t\u00eb ket\u00eb zgjedhje demokratike derisa ky despot \u00ebsht\u00eb n\u00eb sken\u00ebn politike. Personalisht jam tep\u00ebr i shqet\u00ebsuar se kah po shkon kombi shqiptar, edhe sa koh\u00eb na duhet k\u00ebso klika njer\u00ebzish si Saliu t\u2019i kemi n\u00eb krye t\u00eb vendit, (Zoti ju sjellt\u00eb mendjen shqiptar\u00ebve), dhe pik\u00ebrisht shqiptar\u00ebt e Kosov\u00ebs dhe Maqedonis\u00eb nuk duhet ta p\u00ebrkrahin k\u00ebt\u00eb njeri, po \u00e7\u2019ti b\u00ebsh kur propaganda sllave i ka prishur edhe mendjet e sh\u00ebndosha shqiptare.<\/p>\n<p>*<em>Autori \u00ebsht\u00eb publicist nga Prishtina<\/em><\/p>\n","protected":false},"excerpt":{"rendered":"<p>Faik Krasniqi \/ Prishtina Press www.prishtinapress.info \u00cbsht\u00eb ajo th\u00ebnia e famshme \u201dMos e shaj Berish\u00ebn se s\u2019je shqiptar\u201d q\u00eb p\u00ebrdoret tek shqiptar\u00ebt n\u00eb Kosov\u00eb dhe Maqedoni\u201d, kur tenton t\u00eb flas\u00ebsh apo t\u00eb shkruash kund\u00ebr Berish\u00ebs. Un\u00eb nuk do t\u00eb b\u00ebhem sharlatan sikur ai, por do t\u2019i rendis nj\u00eb nga nj\u00eb disa nga tradhtit\u00eb q\u00eb i [&hellip;]<\/p>\n","protected":false},"author":1,"featured_media":0,"comment_status":"open","ping_status":"closed","sticky":false,"template":"","format":"standard","meta":{"footnotes":""},"categories":[2],"tags":[],"class_list":{"0":"post-10555","1":"post","2":"type-post","3":"status-publish","4":"format-standard","6":"category-artikuj"},"yoast_head":"<!-- This site is optimized with the Yoast SEO plugin v27.4 - https:\/\/yoast.com\/product\/yoast-seo-wordpress\/ -->\n<title>MOS E SHAJ BERISH\u00cbN SE S\u2019JE SHQIPTAR - FjALA e LIR\u00cb - Arkivi<\/title>\n<meta name=\"robots\" content=\"index, follow, max-snippet:-1, max-image-preview:large, max-video-preview:-1\" \/>\n<link rel=\"canonical\" href=\"https:\/\/fjala.info\/2009-2015\/mos-e-shaj-berishen-se-sje-shqiptar\/\" \/>\n<meta property=\"og:locale\" content=\"sq_AL\" \/>\n<meta property=\"og:type\" content=\"article\" \/>\n<meta property=\"og:title\" content=\"MOS E SHAJ BERISH\u00cbN SE S\u2019JE SHQIPTAR - FjALA e LIR\u00cb - Arkivi\" \/>\n<meta property=\"og:description\" content=\"Faik Krasniqi \/ Prishtina Press www.prishtinapress.info \u00cbsht\u00eb ajo th\u00ebnia e famshme \u201dMos e shaj Berish\u00ebn se s\u2019je shqiptar\u201d q\u00eb p\u00ebrdoret tek shqiptar\u00ebt n\u00eb Kosov\u00eb dhe Maqedoni\u201d, kur tenton t\u00eb flas\u00ebsh apo t\u00eb shkruash kund\u00ebr Berish\u00ebs. Un\u00eb nuk do t\u00eb b\u00ebhem sharlatan sikur ai, por do t\u2019i rendis nj\u00eb nga nj\u00eb disa nga tradhtit\u00eb q\u00eb i [&hellip;]\" \/>\n<meta property=\"og:url\" content=\"https:\/\/fjala.info\/2009-2015\/mos-e-shaj-berishen-se-sje-shqiptar\/\" \/>\n<meta property=\"og:site_name\" content=\"FjALA e LIR\u00cb - Arkivi\" \/>\n<meta property=\"article:published_time\" content=\"2011-09-20T22:09:47+00:00\" \/>\n<meta property=\"og:image\" content=\"http:\/\/www.shkoder.net\/images\/fjala\/2011\/sali_berisha1.jpg\" \/>\n<meta name=\"author\" content=\"admin\" \/>\n<meta name=\"twitter:card\" content=\"summary_large_image\" \/>\n<meta name=\"twitter:label1\" content=\"Written by\" \/>\n\t<meta name=\"twitter:data1\" content=\"admin\" \/>\n\t<meta name=\"twitter:label2\" content=\"Est. reading time\" \/>\n\t<meta name=\"twitter:data2\" content=\"4 minutes\" \/>\n<script type=\"application\/ld+json\" class=\"yoast-schema-graph\">{\"@context\":\"https:\\\/\\\/schema.org\",\"@graph\":[{\"@type\":\"Article\",\"@id\":\"https:\\\/\\\/fjala.info\\\/2009-2015\\\/mos-e-shaj-berishen-se-sje-shqiptar\\\/#article\",\"isPartOf\":{\"@id\":\"https:\\\/\\\/fjala.info\\\/2009-2015\\\/mos-e-shaj-berishen-se-sje-shqiptar\\\/\"},\"author\":{\"name\":\"admin\",\"@id\":\"https:\\\/\\\/fjala.info\\\/2009-2015\\\/#\\\/schema\\\/person\\\/3aa1163ef05469c496fc94e77611ada2\"},\"headline\":\"MOS E SHAJ BERISH\u00cbN SE S\u2019JE SHQIPTAR\",\"datePublished\":\"2011-09-20T22:09:47+00:00\",\"mainEntityOfPage\":{\"@id\":\"https:\\\/\\\/fjala.info\\\/2009-2015\\\/mos-e-shaj-berishen-se-sje-shqiptar\\\/\"},\"wordCount\":842,\"commentCount\":0,\"publisher\":{\"@id\":\"https:\\\/\\\/fjala.info\\\/2009-2015\\\/#organization\"},\"image\":{\"@id\":\"https:\\\/\\\/fjala.info\\\/2009-2015\\\/mos-e-shaj-berishen-se-sje-shqiptar\\\/#primaryimage\"},\"thumbnailUrl\":\"http:\\\/\\\/www.shkoder.net\\\/images\\\/fjala\\\/2011\\\/sali_berisha1.jpg\",\"articleSection\":[\"Artikuj\"],\"inLanguage\":\"sq-AL\",\"potentialAction\":[{\"@type\":\"CommentAction\",\"name\":\"Comment\",\"target\":[\"https:\\\/\\\/fjala.info\\\/2009-2015\\\/mos-e-shaj-berishen-se-sje-shqiptar\\\/#respond\"]}]},{\"@type\":\"WebPage\",\"@id\":\"https:\\\/\\\/fjala.info\\\/2009-2015\\\/mos-e-shaj-berishen-se-sje-shqiptar\\\/\",\"url\":\"https:\\\/\\\/fjala.info\\\/2009-2015\\\/mos-e-shaj-berishen-se-sje-shqiptar\\\/\",\"name\":\"MOS E SHAJ BERISH\u00cbN SE S\u2019JE SHQIPTAR - FjALA e LIR\u00cb - Arkivi\",\"isPartOf\":{\"@id\":\"https:\\\/\\\/fjala.info\\\/2009-2015\\\/#website\"},\"primaryImageOfPage\":{\"@id\":\"https:\\\/\\\/fjala.info\\\/2009-2015\\\/mos-e-shaj-berishen-se-sje-shqiptar\\\/#primaryimage\"},\"image\":{\"@id\":\"https:\\\/\\\/fjala.info\\\/2009-2015\\\/mos-e-shaj-berishen-se-sje-shqiptar\\\/#primaryimage\"},\"thumbnailUrl\":\"http:\\\/\\\/www.shkoder.net\\\/images\\\/fjala\\\/2011\\\/sali_berisha1.jpg\",\"datePublished\":\"2011-09-20T22:09:47+00:00\",\"breadcrumb\":{\"@id\":\"https:\\\/\\\/fjala.info\\\/2009-2015\\\/mos-e-shaj-berishen-se-sje-shqiptar\\\/#breadcrumb\"},\"inLanguage\":\"sq-AL\",\"potentialAction\":[{\"@type\":\"ReadAction\",\"target\":[\"https:\\\/\\\/fjala.info\\\/2009-2015\\\/mos-e-shaj-berishen-se-sje-shqiptar\\\/\"]}]},{\"@type\":\"ImageObject\",\"inLanguage\":\"sq-AL\",\"@id\":\"https:\\\/\\\/fjala.info\\\/2009-2015\\\/mos-e-shaj-berishen-se-sje-shqiptar\\\/#primaryimage\",\"url\":\"http:\\\/\\\/www.shkoder.net\\\/images\\\/fjala\\\/2011\\\/sali_berisha1.jpg\",\"contentUrl\":\"http:\\\/\\\/www.shkoder.net\\\/images\\\/fjala\\\/2011\\\/sali_berisha1.jpg\"},{\"@type\":\"BreadcrumbList\",\"@id\":\"https:\\\/\\\/fjala.info\\\/2009-2015\\\/mos-e-shaj-berishen-se-sje-shqiptar\\\/#breadcrumb\",\"itemListElement\":[{\"@type\":\"ListItem\",\"position\":1,\"name\":\"Home\",\"item\":\"https:\\\/\\\/fjala.info\\\/2009-2015\\\/\"},{\"@type\":\"ListItem\",\"position\":2,\"name\":\"MOS E SHAJ BERISH\u00cbN SE S\u2019JE SHQIPTAR\"}]},{\"@type\":\"WebSite\",\"@id\":\"https:\\\/\\\/fjala.info\\\/2009-2015\\\/#website\",\"url\":\"https:\\\/\\\/fjala.info\\\/2009-2015\\\/\",\"name\":\"FjALA e LIR\u00cb - Arkivi\",\"description\":\"Arkivi 2009-2015\",\"publisher\":{\"@id\":\"https:\\\/\\\/fjala.info\\\/2009-2015\\\/#organization\"},\"potentialAction\":[{\"@type\":\"SearchAction\",\"target\":{\"@type\":\"EntryPoint\",\"urlTemplate\":\"https:\\\/\\\/fjala.info\\\/2009-2015\\\/?s={search_term_string}\"},\"query-input\":{\"@type\":\"PropertyValueSpecification\",\"valueRequired\":true,\"valueName\":\"search_term_string\"}}],\"inLanguage\":\"sq-AL\"},{\"@type\":\"Organization\",\"@id\":\"https:\\\/\\\/fjala.info\\\/2009-2015\\\/#organization\",\"name\":\"FjALA e LIR\u00cb - Arkivi\",\"url\":\"https:\\\/\\\/fjala.info\\\/2009-2015\\\/\",\"logo\":{\"@type\":\"ImageObject\",\"inLanguage\":\"sq-AL\",\"@id\":\"https:\\\/\\\/fjala.info\\\/2009-2015\\\/#\\\/schema\\\/logo\\\/image\\\/\",\"url\":\"\",\"contentUrl\":\"\",\"caption\":\"FjALA e LIR\u00cb - Arkivi\"},\"image\":{\"@id\":\"https:\\\/\\\/fjala.info\\\/2009-2015\\\/#\\\/schema\\\/logo\\\/image\\\/\"}},{\"@type\":\"Person\",\"@id\":\"https:\\\/\\\/fjala.info\\\/2009-2015\\\/#\\\/schema\\\/person\\\/3aa1163ef05469c496fc94e77611ada2\",\"name\":\"admin\",\"image\":{\"@type\":\"ImageObject\",\"inLanguage\":\"sq-AL\",\"@id\":\"https:\\\/\\\/fjala.info\\\/2009-2015\\\/wp-content\\\/uploads\\\/2012\\\/02\\\/arben_cokaj-120x150.jpg\",\"url\":\"https:\\\/\\\/fjala.info\\\/2009-2015\\\/wp-content\\\/uploads\\\/2012\\\/02\\\/arben_cokaj-120x150.jpg\",\"contentUrl\":\"https:\\\/\\\/fjala.info\\\/2009-2015\\\/wp-content\\\/uploads\\\/2012\\\/02\\\/arben_cokaj-120x150.jpg\",\"caption\":\"admin\"},\"description\":\"Admin, Fjala e Lir\u00eb\",\"sameAs\":[\"https:\\\/\\\/fjala.info\\\/\"],\"url\":\"https:\\\/\\\/fjala.info\\\/2009-2015\\\/author\\\/admin\\\/\"}]}<\/script>\n<!-- \/ Yoast SEO plugin. -->","yoast_head_json":{"title":"MOS E SHAJ BERISH\u00cbN SE S\u2019JE SHQIPTAR - FjALA e LIR\u00cb - Arkivi","robots":{"index":"index","follow":"follow","max-snippet":"max-snippet:-1","max-image-preview":"max-image-preview:large","max-video-preview":"max-video-preview:-1"},"canonical":"https:\/\/fjala.info\/2009-2015\/mos-e-shaj-berishen-se-sje-shqiptar\/","og_locale":"sq_AL","og_type":"article","og_title":"MOS E SHAJ BERISH\u00cbN SE S\u2019JE SHQIPTAR - FjALA e LIR\u00cb - Arkivi","og_description":"Faik Krasniqi \/ Prishtina Press www.prishtinapress.info \u00cbsht\u00eb ajo th\u00ebnia e famshme \u201dMos e shaj Berish\u00ebn se s\u2019je shqiptar\u201d q\u00eb p\u00ebrdoret tek shqiptar\u00ebt n\u00eb Kosov\u00eb dhe Maqedoni\u201d, kur tenton t\u00eb flas\u00ebsh apo t\u00eb shkruash kund\u00ebr Berish\u00ebs. Un\u00eb nuk do t\u00eb b\u00ebhem sharlatan sikur ai, por do t\u2019i rendis nj\u00eb nga nj\u00eb disa nga tradhtit\u00eb q\u00eb i [&hellip;]","og_url":"https:\/\/fjala.info\/2009-2015\/mos-e-shaj-berishen-se-sje-shqiptar\/","og_site_name":"FjALA e LIR\u00cb - Arkivi","article_published_time":"2011-09-20T22:09:47+00:00","og_image":[{"url":"http:\/\/www.shkoder.net\/images\/fjala\/2011\/sali_berisha1.jpg","type":"","width":"","height":""}],"author":"admin","twitter_card":"summary_large_image","twitter_misc":{"Written by":"admin","Est. reading time":"4 minutes"},"schema":{"@context":"https:\/\/schema.org","@graph":[{"@type":"Article","@id":"https:\/\/fjala.info\/2009-2015\/mos-e-shaj-berishen-se-sje-shqiptar\/#article","isPartOf":{"@id":"https:\/\/fjala.info\/2009-2015\/mos-e-shaj-berishen-se-sje-shqiptar\/"},"author":{"name":"admin","@id":"https:\/\/fjala.info\/2009-2015\/#\/schema\/person\/3aa1163ef05469c496fc94e77611ada2"},"headline":"MOS E SHAJ BERISH\u00cbN SE S\u2019JE SHQIPTAR","datePublished":"2011-09-20T22:09:47+00:00","mainEntityOfPage":{"@id":"https:\/\/fjala.info\/2009-2015\/mos-e-shaj-berishen-se-sje-shqiptar\/"},"wordCount":842,"commentCount":0,"publisher":{"@id":"https:\/\/fjala.info\/2009-2015\/#organization"},"image":{"@id":"https:\/\/fjala.info\/2009-2015\/mos-e-shaj-berishen-se-sje-shqiptar\/#primaryimage"},"thumbnailUrl":"http:\/\/www.shkoder.net\/images\/fjala\/2011\/sali_berisha1.jpg","articleSection":["Artikuj"],"inLanguage":"sq-AL","potentialAction":[{"@type":"CommentAction","name":"Comment","target":["https:\/\/fjala.info\/2009-2015\/mos-e-shaj-berishen-se-sje-shqiptar\/#respond"]}]},{"@type":"WebPage","@id":"https:\/\/fjala.info\/2009-2015\/mos-e-shaj-berishen-se-sje-shqiptar\/","url":"https:\/\/fjala.info\/2009-2015\/mos-e-shaj-berishen-se-sje-shqiptar\/","name":"MOS E SHAJ BERISH\u00cbN SE S\u2019JE SHQIPTAR - FjALA e LIR\u00cb - Arkivi","isPartOf":{"@id":"https:\/\/fjala.info\/2009-2015\/#website"},"primaryImageOfPage":{"@id":"https:\/\/fjala.info\/2009-2015\/mos-e-shaj-berishen-se-sje-shqiptar\/#primaryimage"},"image":{"@id":"https:\/\/fjala.info\/2009-2015\/mos-e-shaj-berishen-se-sje-shqiptar\/#primaryimage"},"thumbnailUrl":"http:\/\/www.shkoder.net\/images\/fjala\/2011\/sali_berisha1.jpg","datePublished":"2011-09-20T22:09:47+00:00","breadcrumb":{"@id":"https:\/\/fjala.info\/2009-2015\/mos-e-shaj-berishen-se-sje-shqiptar\/#breadcrumb"},"inLanguage":"sq-AL","potentialAction":[{"@type":"ReadAction","target":["https:\/\/fjala.info\/2009-2015\/mos-e-shaj-berishen-se-sje-shqiptar\/"]}]},{"@type":"ImageObject","inLanguage":"sq-AL","@id":"https:\/\/fjala.info\/2009-2015\/mos-e-shaj-berishen-se-sje-shqiptar\/#primaryimage","url":"http:\/\/www.shkoder.net\/images\/fjala\/2011\/sali_berisha1.jpg","contentUrl":"http:\/\/www.shkoder.net\/images\/fjala\/2011\/sali_berisha1.jpg"},{"@type":"BreadcrumbList","@id":"https:\/\/fjala.info\/2009-2015\/mos-e-shaj-berishen-se-sje-shqiptar\/#breadcrumb","itemListElement":[{"@type":"ListItem","position":1,"name":"Home","item":"https:\/\/fjala.info\/2009-2015\/"},{"@type":"ListItem","position":2,"name":"MOS E SHAJ BERISH\u00cbN SE S\u2019JE SHQIPTAR"}]},{"@type":"WebSite","@id":"https:\/\/fjala.info\/2009-2015\/#website","url":"https:\/\/fjala.info\/2009-2015\/","name":"FjALA e LIR\u00cb - Arkivi","description":"Arkivi 2009-2015","publisher":{"@id":"https:\/\/fjala.info\/2009-2015\/#organization"},"potentialAction":[{"@type":"SearchAction","target":{"@type":"EntryPoint","urlTemplate":"https:\/\/fjala.info\/2009-2015\/?s={search_term_string}"},"query-input":{"@type":"PropertyValueSpecification","valueRequired":true,"valueName":"search_term_string"}}],"inLanguage":"sq-AL"},{"@type":"Organization","@id":"https:\/\/fjala.info\/2009-2015\/#organization","name":"FjALA e LIR\u00cb - Arkivi","url":"https:\/\/fjala.info\/2009-2015\/","logo":{"@type":"ImageObject","inLanguage":"sq-AL","@id":"https:\/\/fjala.info\/2009-2015\/#\/schema\/logo\/image\/","url":"","contentUrl":"","caption":"FjALA e LIR\u00cb - Arkivi"},"image":{"@id":"https:\/\/fjala.info\/2009-2015\/#\/schema\/logo\/image\/"}},{"@type":"Person","@id":"https:\/\/fjala.info\/2009-2015\/#\/schema\/person\/3aa1163ef05469c496fc94e77611ada2","name":"admin","image":{"@type":"ImageObject","inLanguage":"sq-AL","@id":"https:\/\/fjala.info\/2009-2015\/wp-content\/uploads\/2012\/02\/arben_cokaj-120x150.jpg","url":"https:\/\/fjala.info\/2009-2015\/wp-content\/uploads\/2012\/02\/arben_cokaj-120x150.jpg","contentUrl":"https:\/\/fjala.info\/2009-2015\/wp-content\/uploads\/2012\/02\/arben_cokaj-120x150.jpg","caption":"admin"},"description":"Admin, Fjala e Lir\u00eb","sameAs":["https:\/\/fjala.info\/"],"url":"https:\/\/fjala.info\/2009-2015\/author\/admin\/"}]}},"_links":{"self":[{"href":"https:\/\/fjala.info\/2009-2015\/wp-json\/wp\/v2\/posts\/10555","targetHints":{"allow":["GET"]}}],"collection":[{"href":"https:\/\/fjala.info\/2009-2015\/wp-json\/wp\/v2\/posts"}],"about":[{"href":"https:\/\/fjala.info\/2009-2015\/wp-json\/wp\/v2\/types\/post"}],"author":[{"embeddable":true,"href":"https:\/\/fjala.info\/2009-2015\/wp-json\/wp\/v2\/users\/1"}],"replies":[{"embeddable":true,"href":"https:\/\/fjala.info\/2009-2015\/wp-json\/wp\/v2\/comments?post=10555"}],"version-history":[{"count":0,"href":"https:\/\/fjala.info\/2009-2015\/wp-json\/wp\/v2\/posts\/10555\/revisions"}],"wp:attachment":[{"href":"https:\/\/fjala.info\/2009-2015\/wp-json\/wp\/v2\/media?parent=10555"}],"wp:term":[{"taxonomy":"category","embeddable":true,"href":"https:\/\/fjala.info\/2009-2015\/wp-json\/wp\/v2\/categories?post=10555"},{"taxonomy":"post_tag","embeddable":true,"href":"https:\/\/fjala.info\/2009-2015\/wp-json\/wp\/v2\/tags?post=10555"}],"curies":[{"name":"wp","href":"https:\/\/api.w.org\/{rel}","templated":true}]}}