{"id":10550,"date":"2011-09-20T23:03:04","date_gmt":"2011-09-20T22:03:04","guid":{"rendered":"http:\/\/fjala.shkoder.net\/?p=10550"},"modified":"2011-09-20T23:03:04","modified_gmt":"2011-09-20T22:03:04","slug":"palestina-dhjete-arsye-per-nje-po-europiane","status":"publish","type":"post","link":"https:\/\/fjala.info\/2009-2015\/palestina-dhjete-arsye-per-nje-po-europiane\/","title":{"rendered":"PALESTINA, DHJET\u00cb ARSYE P\u00cbR NJ\u00cb \u2018PO\u2019 EUROPIANE"},"content":{"rendered":"<p>Nga <strong>Marti Ahtisari <\/strong>dhe <strong>Havier Solana<\/strong>*<\/p>\n<p>Nuk ndodh shpesh q\u00eb Bashkimi Evropian t\u00eb ket\u00eb mund\u00ebsin\u00eb p\u00ebr t\u00eb luajtur nj\u00eb rol shum\u00eb t\u00eb r\u00ebnd\u00ebsish\u00ebm n\u00eb sken\u00ebn bot\u00ebrore. Por, kur palestinez\u00ebt po u m\u00ebsyjn\u00eb Kombeve t\u00eb Bashkuara me k\u00ebrkes\u00ebn p\u00ebr njohjen e shtetit, secila pal\u00eb synon mb\u00ebshtetjen e Bashkimit Evropian, duke i dh\u00ebn\u00eb m\u00eb shum\u00eb ndikim n\u00eb procesin p\u00ebr Lindjen e Mesme, madje m\u00eb shum\u00eb se n\u00eb koh\u00ebn e miratimit t\u00eb Deklarat\u00ebs mbi Parimet p\u00ebr Vet\u00ebqeverisjen e P\u00ebrkohshme n\u00eb Oslo.<\/p>\n<p>Si kurr\u00eb m\u00eb par\u00eb, 27 shtetet an\u00ebtare t\u00eb BE-s\u00eb po ballafaqohen me sfid\u00ebn p\u00ebr ta paraqitur veten me nj\u00eb q\u00ebndrim t\u00eb unifikuar. Ekzistojn\u00eb dhjet\u00eb arsye t\u00eb forta q\u00eb k\u00ebto shtete t\u00eb bashkohen p\u00ebr nj\u00eb vot\u00eb \u201cpro\u201d p\u00ebr t\u00eb mbajtur gjall\u00eb paqen n\u00eb Lindjen e Mesme, duke miratuar qasjen p\u00ebr dy shtete.<\/p>\n<p>Vota vendimtare do t\u00eb jet\u00eb ajo para Asambles\u00eb s\u00eb P\u00ebrgjithshme, mbi nj\u00eb rezolut\u00eb p\u00ebr t\u00eb ngritur statusin e palestinez\u00ebve nga ai i v\u00ebzhguesit n\u00eb at\u00eb t\u00eb nj\u00eb shteti jo-an\u00ebtar. Palestinez\u00ebt kan\u00eb gjasa t\u00eb marrin shumic\u00ebn e votave, por ajo q\u00eb vlen m\u00eb shum\u00eb se rezultati, \u00ebsht\u00eb formati dhe p\u00ebrb\u00ebrja e votave.<\/p>\n<p>Qeveria izraelite po lobon fuqish\u00ebm p\u00ebr nj\u00eb \u201cjo\u201d dhe Deklarata e Parimeve -e pafuqishme p\u00ebr t\u2019iu p\u00ebrshtatur realitetit n\u00eb terren \u2013 shpreson t\u00eb tregoj\u00eb t\u00eb pakt\u00ebn nj\u00eb forc\u00eb t\u00ebrheq\u00ebse politike p\u00ebr shpres\u00ebn e vazhdueshme ndaj qasjes p\u00ebr ekzistimin e dy shteteve. Evropian\u00ebt po e gjejn\u00eb veten n\u00eb nj\u00eb pozit\u00eb t\u00eb pazakonshme, duke qen\u00eb trofeu ky\u00e7 n\u00eb k\u00ebt\u00eb p\u00ebrleshje.<\/p>\n<p>Arsyeja e par\u00eb p\u00ebrse 27 an\u00ebtar\u00ebt e BE-s\u00eb do t\u00eb duhej t\u00eb hidhnin vot\u00ebn miratuese p\u00ebr palestinez\u00ebt, q\u00ebndron n\u00eb faktin se rezoluta e Kombeve t\u00eb Bashkuara \u00ebsht\u00eb nj\u00eb p\u00ebrpjekje p\u00ebr t\u00eb v\u00ebn\u00eb n\u00eb jet\u00eb zgjidhjen p\u00ebrmes dy shteteve.<\/p>\n<p>Kjo zgjidhje \u00ebsht\u00eb n\u00ebn sulmin e vazhduesh\u00ebm t\u00eb zgjerimit t\u00eb vendbanimeve izraelite n\u00eb territoret e okupuara dhe t\u00eb besimit t\u00eb kryeministrit, Benjamin Netanjahu, se konflikti nuk do t\u00eb duhej t\u00eb pranohej si \u201ci pazgjidhsh\u00ebm\u201d. Si rezultat, kjo vot\u00eb nuk paraqet ndonj\u00eb hutim t\u00eb par\u00ebnd\u00ebsish\u00ebm, por nj\u00eb rikonfirmim p\u00ebr r\u00ebnd\u00ebsin\u00eb e procesit t\u00eb paqes.<\/p>\n<p>Arsyeja e dyt\u00eb p\u00ebr nj\u00eb \u201cpo\u201d evropiane ka t\u00eb b\u00ebj\u00eb me investimet e BE-s\u00eb n\u00eb zgjidhjen dyshtet\u00ebrore q\u00eb po shqyrtohet, p\u00ebrfshir\u00eb ndihm\u00ebn vjetore prej 1 miliard\u00eb eurosh p\u00ebr nd\u00ebrtimin e nj\u00eb shteti funksional palestinez. Nj\u00eb \u201cpo\u201d do t\u00eb ishte nj\u00eb riafirmim p\u00ebr vler\u00ebn e projektit.<\/p>\n<p>Arsyeja e tret\u00eb p\u00ebr nj\u00eb \u201cpo\u201d \u00ebsht\u00eb thjesht p\u00ebr t\u2019ju p\u00ebrgjigjur pozitivisht arritjeve shtetnd\u00ebrtuese t\u00eb Mahmud Abasit. D\u00ebshtimi p\u00ebr t\u00eb votuar me \u201cpo\u201d do t\u00eb ishte nj\u00eb reagim ndaj k\u00ebrkesave p\u00ebr shtet-nd\u00ebrtim, duke refuzuar t\u00eb njihet ajo ku formalisht kan\u00eb arritur.<\/p>\n<p>Arsyeja e kat\u00ebrt nd\u00ebrlidhet me Pranver\u00ebn Arabe. Gjith\u00e7ka tjet\u00ebr, p\u00ebrve\u00e7 \u201cpo\u201d-s\u00eb, do t\u2019i n\u00ebnshtronte evropian\u00ebt ndaj akuzave p\u00ebr standarde t\u00eb dyfishta, sikurse nga qeverit\u00eb revolucionare, ashtu dhe nga regjimet arabe.<\/p>\n<p>Nj\u00eb \u201cpo\u201d hyn gjithashtu n\u00eb kuad\u00ebr t\u00eb interesave dhe vlerave evropiane, n\u00eb koh\u00ebn kur po rivendosen marr\u00ebdh\u00ebniet rajonale. Interesat, p\u00ebrfshir\u00eb parandalimin e terrorizmit xhihadist, frenimin e Iranit, furnizimin me energji dhe ruajtjen e tregjeve p\u00ebr eksport, do t\u00eb d\u00ebmtoheshin nga hipokrizia e perceptuar mbi konfliktin izraelito-palestinez.<\/p>\n<p>Pavar\u00ebsisht shqet\u00ebsimeve t\u00eb analist\u00ebve se nj\u00eb \u201cpo\u201d do t\u00eb d\u00ebmtonte marr\u00ebdh\u00ebniet me Shtetet e Bashkuara, ajo do t\u00eb mund t\u00eb ishte edhe n\u00eb interesin t\u00eb Shteteve t\u00eb Bashkuara.<\/p>\n<p>Shtetet e Bashkuara e kan\u00eb t\u00eb pamundur t\u00eb votojn\u00eb me \u201cpo\u201d p\u00ebr \u00e7\u00ebshtje t\u00eb brendshme, por po qe se 27-shja evropiane vepron asisoj, do t\u00eb fuqizohej krahu amerikan n\u00eb trajtimin e Izraelit. Th\u00ebn\u00eb me fjal\u00ebt e Uilliam Hejg, marr\u00ebdh\u00ebniet e sh\u00ebndetshme trans-atlantike do t\u00eb ishin m\u00eb par\u00eb t\u00eb forta, sesa n\u00ebnshtruese.<\/p>\n<p>Arsyeja e shtat\u00eb dhe ajo e tet\u00eb shqet\u00ebsojn\u00eb Izraelin. Kund\u00ebrshtimi i Izraelit ndaj vot\u00ebs, e cila vler\u00ebsohet t\u00eb jet\u00eb e nj\u00ebanshme dhe n\u00eb kund\u00ebrshtim me marr\u00ebveshjet paraprake, nuk pi uj\u00eb dhe nuk paraqet ndonj\u00eb arsye q\u00eb Evropa t\u00eb mos votoj\u00eb me \u201cpo\u201d.<\/p>\n<p>Edhe pse vota do t\u00eb rihapte mund\u00ebsit\u00eb p\u00ebr negociata aktualisht t\u00eb mbyllura p\u00ebr palestinez\u00ebt, ajo do t\u00eb ndihmonte n\u00eb p\u00ebrgjith\u00ebsi Izraelin. L\u00ebvizjet drejt njohjes s\u00eb shtet\u00ebsis\u00eb palestineze me kufijt\u00eb e vitit 1967, do t\u00eb p\u00ebrforconin vet\u00eb legjitimitetin e ekzistenc\u00ebs s\u00eb Izraelit.<\/p>\n<p>Pavar\u00ebsisht nga frika e izraelit\u00ebve, kjo nuk do t\u00eb hapte domosdoshm\u00ebrisht nj\u00eb rrug\u00eb m\u00eb t\u00eb leht\u00eb p\u00ebr opsionin rezerv\u00eb t\u00eb palestinez\u00ebve p\u00ebr t\u2019iu drejtuar Gjykat\u00ebs Nd\u00ebrkomb\u00ebtare p\u00ebr Krime dhe do t\u00eb mund t\u2019i jepte Evrop\u00ebs nj\u00eb pozit\u00eb, nga e cila ajo do t\u00eb vazhdonte nj\u00eb pajtim t\u00eb heshtur me palestinez\u00ebt, q\u00eb ata t\u00eb mos i drejtohen juridiksionit t\u00eb gjykat\u00ebs n\u00eb fjal\u00eb p\u00ebr nj\u00eb periudh\u00eb t\u00eb caktuar.<\/p>\n<p>Arsyeja e n\u00ebnt\u00eb p\u00ebr nj\u00eb \u201cpo\u201d evropiane \u00ebsht\u00eb se ajo mund t\u00eb reduktoj\u00eb gjasat p\u00ebr shp\u00ebrthimin e dhun\u00ebs palestineze. N\u00eb t\u00eb v\u00ebrtet\u00eb, nj\u00eb kombinim i d\u00ebshtimit t\u00eb perceptuar dhe ndikimit t\u00eb Pranver\u00ebs Arabe do t\u00eb mund t\u00eb ndihmonte nj\u00eb \u201crezistenc\u00eb t\u00eb tret\u00eb\u201d.<\/p>\n<p>T\u00eb shtypur n\u00eb mes t\u00eb Izraelit dhe pamjeve televizive t\u00eb revoltave, autoriteteve palestineze u nevojitet nj\u00eb shenj\u00eb e p\u00ebrparimit n\u00ebse u takon atyre t\u00eb parandalojn\u00eb q\u00eb frustrimi t\u00eb kaloj\u00eb n\u00eb dhun\u00eb. Miratimi evropian p\u00ebr shtet\u00ebsin\u00eb e tyre do t\u00eb ishte nj\u00eb sinjal i fuqish\u00ebm publik se p\u00ebrparimi \u00ebsht\u00eb i mundsh\u00ebm.<\/p>\n<p>N\u00eb fund, nj\u00eb \u201cpo\u201d n\u00eb Kombet e Bashkuara nuk obligon njohjen bilaterale t\u00eb palestinez\u00ebve. Vota \u00ebsht\u00eb p\u00ebr rritjen e p\u00ebrfaq\u00ebsimit n\u00eb Kombet e Bashkuara dhe vet\u00ebm individualisht shtetet mund ta njohin Palestin\u00ebn.<\/p>\n<p>Natyrisht se ekziston edhe nj\u00eb arsye e nj\u00ebmb\u00ebdhjet\u00eb p\u00ebr nj\u00eb \u201cpo\u201d t\u00eb unifikuar evropiane. Bota tashm\u00eb ka shembuj t\u00eb mjaftuesh\u00ebm p\u00ebr paaft\u00ebsin\u00eb e Evrop\u00ebs p\u00ebr t\u00eb luajtur nj\u00eb rol efektiv n\u00eb sken\u00ebn nd\u00ebrkomb\u00ebtare.<\/p>\n<p>Optimist\u00ebt shpresojn\u00eb q\u00eb evropian\u00ebt, k\u00ebsaj radhe, do t\u00eb na befasojn\u00eb, duke e b\u00ebr\u00eb veprimin e duhur dhe duke ia siguruar vetes nj\u00eb sukses shum\u00eb t\u00eb nevojsh\u00ebm diplomatik n\u00eb k\u00ebt\u00eb proces.<\/p>\n","protected":false},"excerpt":{"rendered":"<p>Nga Marti Ahtisari dhe Havier Solana* Nuk ndodh shpesh q\u00eb Bashkimi Evropian t\u00eb ket\u00eb mund\u00ebsin\u00eb p\u00ebr t\u00eb luajtur nj\u00eb rol shum\u00eb t\u00eb r\u00ebnd\u00ebsish\u00ebm n\u00eb sken\u00ebn bot\u00ebrore. Por, kur palestinez\u00ebt po u m\u00ebsyjn\u00eb Kombeve t\u00eb Bashkuara me k\u00ebrkes\u00ebn p\u00ebr njohjen e shtetit, secila pal\u00eb synon mb\u00ebshtetjen e Bashkimit Evropian, duke i dh\u00ebn\u00eb m\u00eb shum\u00eb ndikim n\u00eb [&hellip;]<\/p>\n","protected":false},"author":1,"featured_media":0,"comment_status":"open","ping_status":"closed","sticky":false,"template":"","format":"standard","meta":{"footnotes":""},"categories":[2],"tags":[],"class_list":{"0":"post-10550","1":"post","2":"type-post","3":"status-publish","4":"format-standard","6":"category-artikuj"},"yoast_head":"<!-- This site is optimized with the Yoast SEO plugin v27.4 - https:\/\/yoast.com\/product\/yoast-seo-wordpress\/ -->\n<title>PALESTINA, DHJET\u00cb ARSYE P\u00cbR NJ\u00cb \u2018PO\u2019 EUROPIANE - FjALA e LIR\u00cb - Arkivi<\/title>\n<meta name=\"robots\" content=\"index, follow, max-snippet:-1, max-image-preview:large, max-video-preview:-1\" \/>\n<link rel=\"canonical\" href=\"https:\/\/fjala.info\/2009-2015\/palestina-dhjete-arsye-per-nje-po-europiane\/\" \/>\n<meta property=\"og:locale\" content=\"sq_AL\" \/>\n<meta property=\"og:type\" content=\"article\" \/>\n<meta property=\"og:title\" content=\"PALESTINA, DHJET\u00cb ARSYE P\u00cbR NJ\u00cb \u2018PO\u2019 EUROPIANE - FjALA e LIR\u00cb - Arkivi\" \/>\n<meta property=\"og:description\" content=\"Nga Marti Ahtisari dhe Havier Solana* Nuk ndodh shpesh q\u00eb Bashkimi Evropian t\u00eb ket\u00eb mund\u00ebsin\u00eb p\u00ebr t\u00eb luajtur nj\u00eb rol shum\u00eb t\u00eb r\u00ebnd\u00ebsish\u00ebm n\u00eb sken\u00ebn bot\u00ebrore. Por, kur palestinez\u00ebt po u m\u00ebsyjn\u00eb Kombeve t\u00eb Bashkuara me k\u00ebrkes\u00ebn p\u00ebr njohjen e shtetit, secila pal\u00eb synon mb\u00ebshtetjen e Bashkimit Evropian, duke i dh\u00ebn\u00eb m\u00eb shum\u00eb ndikim n\u00eb [&hellip;]\" \/>\n<meta property=\"og:url\" content=\"https:\/\/fjala.info\/2009-2015\/palestina-dhjete-arsye-per-nje-po-europiane\/\" \/>\n<meta property=\"og:site_name\" content=\"FjALA e LIR\u00cb - Arkivi\" \/>\n<meta property=\"article:published_time\" content=\"2011-09-20T22:03:04+00:00\" \/>\n<meta name=\"author\" content=\"admin\" \/>\n<meta name=\"twitter:card\" content=\"summary_large_image\" \/>\n<meta name=\"twitter:label1\" content=\"Written by\" \/>\n\t<meta name=\"twitter:data1\" content=\"admin\" \/>\n\t<meta name=\"twitter:label2\" content=\"Est. reading time\" \/>\n\t<meta name=\"twitter:data2\" content=\"5 minutes\" \/>\n<script type=\"application\/ld+json\" class=\"yoast-schema-graph\">{\"@context\":\"https:\\\/\\\/schema.org\",\"@graph\":[{\"@type\":\"Article\",\"@id\":\"https:\\\/\\\/fjala.info\\\/2009-2015\\\/palestina-dhjete-arsye-per-nje-po-europiane\\\/#article\",\"isPartOf\":{\"@id\":\"https:\\\/\\\/fjala.info\\\/2009-2015\\\/palestina-dhjete-arsye-per-nje-po-europiane\\\/\"},\"author\":{\"name\":\"admin\",\"@id\":\"https:\\\/\\\/fjala.info\\\/2009-2015\\\/#\\\/schema\\\/person\\\/3aa1163ef05469c496fc94e77611ada2\"},\"headline\":\"PALESTINA, DHJET\u00cb ARSYE P\u00cbR NJ\u00cb \u2018PO\u2019 EUROPIANE\",\"datePublished\":\"2011-09-20T22:03:04+00:00\",\"mainEntityOfPage\":{\"@id\":\"https:\\\/\\\/fjala.info\\\/2009-2015\\\/palestina-dhjete-arsye-per-nje-po-europiane\\\/\"},\"wordCount\":1101,\"commentCount\":0,\"publisher\":{\"@id\":\"https:\\\/\\\/fjala.info\\\/2009-2015\\\/#organization\"},\"articleSection\":[\"Artikuj\"],\"inLanguage\":\"sq-AL\",\"potentialAction\":[{\"@type\":\"CommentAction\",\"name\":\"Comment\",\"target\":[\"https:\\\/\\\/fjala.info\\\/2009-2015\\\/palestina-dhjete-arsye-per-nje-po-europiane\\\/#respond\"]}]},{\"@type\":\"WebPage\",\"@id\":\"https:\\\/\\\/fjala.info\\\/2009-2015\\\/palestina-dhjete-arsye-per-nje-po-europiane\\\/\",\"url\":\"https:\\\/\\\/fjala.info\\\/2009-2015\\\/palestina-dhjete-arsye-per-nje-po-europiane\\\/\",\"name\":\"PALESTINA, DHJET\u00cb ARSYE P\u00cbR NJ\u00cb \u2018PO\u2019 EUROPIANE - FjALA e LIR\u00cb - Arkivi\",\"isPartOf\":{\"@id\":\"https:\\\/\\\/fjala.info\\\/2009-2015\\\/#website\"},\"datePublished\":\"2011-09-20T22:03:04+00:00\",\"breadcrumb\":{\"@id\":\"https:\\\/\\\/fjala.info\\\/2009-2015\\\/palestina-dhjete-arsye-per-nje-po-europiane\\\/#breadcrumb\"},\"inLanguage\":\"sq-AL\",\"potentialAction\":[{\"@type\":\"ReadAction\",\"target\":[\"https:\\\/\\\/fjala.info\\\/2009-2015\\\/palestina-dhjete-arsye-per-nje-po-europiane\\\/\"]}]},{\"@type\":\"BreadcrumbList\",\"@id\":\"https:\\\/\\\/fjala.info\\\/2009-2015\\\/palestina-dhjete-arsye-per-nje-po-europiane\\\/#breadcrumb\",\"itemListElement\":[{\"@type\":\"ListItem\",\"position\":1,\"name\":\"Home\",\"item\":\"https:\\\/\\\/fjala.info\\\/2009-2015\\\/\"},{\"@type\":\"ListItem\",\"position\":2,\"name\":\"PALESTINA, DHJET\u00cb ARSYE P\u00cbR NJ\u00cb \u2018PO\u2019 EUROPIANE\"}]},{\"@type\":\"WebSite\",\"@id\":\"https:\\\/\\\/fjala.info\\\/2009-2015\\\/#website\",\"url\":\"https:\\\/\\\/fjala.info\\\/2009-2015\\\/\",\"name\":\"FjALA e LIR\u00cb - Arkivi\",\"description\":\"Arkivi 2009-2015\",\"publisher\":{\"@id\":\"https:\\\/\\\/fjala.info\\\/2009-2015\\\/#organization\"},\"potentialAction\":[{\"@type\":\"SearchAction\",\"target\":{\"@type\":\"EntryPoint\",\"urlTemplate\":\"https:\\\/\\\/fjala.info\\\/2009-2015\\\/?s={search_term_string}\"},\"query-input\":{\"@type\":\"PropertyValueSpecification\",\"valueRequired\":true,\"valueName\":\"search_term_string\"}}],\"inLanguage\":\"sq-AL\"},{\"@type\":\"Organization\",\"@id\":\"https:\\\/\\\/fjala.info\\\/2009-2015\\\/#organization\",\"name\":\"FjALA e LIR\u00cb - Arkivi\",\"url\":\"https:\\\/\\\/fjala.info\\\/2009-2015\\\/\",\"logo\":{\"@type\":\"ImageObject\",\"inLanguage\":\"sq-AL\",\"@id\":\"https:\\\/\\\/fjala.info\\\/2009-2015\\\/#\\\/schema\\\/logo\\\/image\\\/\",\"url\":\"\",\"contentUrl\":\"\",\"caption\":\"FjALA e LIR\u00cb - Arkivi\"},\"image\":{\"@id\":\"https:\\\/\\\/fjala.info\\\/2009-2015\\\/#\\\/schema\\\/logo\\\/image\\\/\"}},{\"@type\":\"Person\",\"@id\":\"https:\\\/\\\/fjala.info\\\/2009-2015\\\/#\\\/schema\\\/person\\\/3aa1163ef05469c496fc94e77611ada2\",\"name\":\"admin\",\"image\":{\"@type\":\"ImageObject\",\"inLanguage\":\"sq-AL\",\"@id\":\"https:\\\/\\\/fjala.info\\\/2009-2015\\\/wp-content\\\/uploads\\\/2012\\\/02\\\/arben_cokaj-120x150.jpg\",\"url\":\"https:\\\/\\\/fjala.info\\\/2009-2015\\\/wp-content\\\/uploads\\\/2012\\\/02\\\/arben_cokaj-120x150.jpg\",\"contentUrl\":\"https:\\\/\\\/fjala.info\\\/2009-2015\\\/wp-content\\\/uploads\\\/2012\\\/02\\\/arben_cokaj-120x150.jpg\",\"caption\":\"admin\"},\"description\":\"Admin, Fjala e Lir\u00eb\",\"sameAs\":[\"https:\\\/\\\/fjala.info\\\/\"],\"url\":\"https:\\\/\\\/fjala.info\\\/2009-2015\\\/author\\\/admin\\\/\"}]}<\/script>\n<!-- \/ Yoast SEO plugin. -->","yoast_head_json":{"title":"PALESTINA, DHJET\u00cb ARSYE P\u00cbR NJ\u00cb \u2018PO\u2019 EUROPIANE - FjALA e LIR\u00cb - Arkivi","robots":{"index":"index","follow":"follow","max-snippet":"max-snippet:-1","max-image-preview":"max-image-preview:large","max-video-preview":"max-video-preview:-1"},"canonical":"https:\/\/fjala.info\/2009-2015\/palestina-dhjete-arsye-per-nje-po-europiane\/","og_locale":"sq_AL","og_type":"article","og_title":"PALESTINA, DHJET\u00cb ARSYE P\u00cbR NJ\u00cb \u2018PO\u2019 EUROPIANE - FjALA e LIR\u00cb - Arkivi","og_description":"Nga Marti Ahtisari dhe Havier Solana* Nuk ndodh shpesh q\u00eb Bashkimi Evropian t\u00eb ket\u00eb mund\u00ebsin\u00eb p\u00ebr t\u00eb luajtur nj\u00eb rol shum\u00eb t\u00eb r\u00ebnd\u00ebsish\u00ebm n\u00eb sken\u00ebn bot\u00ebrore. Por, kur palestinez\u00ebt po u m\u00ebsyjn\u00eb Kombeve t\u00eb Bashkuara me k\u00ebrkes\u00ebn p\u00ebr njohjen e shtetit, secila pal\u00eb synon mb\u00ebshtetjen e Bashkimit Evropian, duke i dh\u00ebn\u00eb m\u00eb shum\u00eb ndikim n\u00eb [&hellip;]","og_url":"https:\/\/fjala.info\/2009-2015\/palestina-dhjete-arsye-per-nje-po-europiane\/","og_site_name":"FjALA e LIR\u00cb - Arkivi","article_published_time":"2011-09-20T22:03:04+00:00","author":"admin","twitter_card":"summary_large_image","twitter_misc":{"Written by":"admin","Est. reading time":"5 minutes"},"schema":{"@context":"https:\/\/schema.org","@graph":[{"@type":"Article","@id":"https:\/\/fjala.info\/2009-2015\/palestina-dhjete-arsye-per-nje-po-europiane\/#article","isPartOf":{"@id":"https:\/\/fjala.info\/2009-2015\/palestina-dhjete-arsye-per-nje-po-europiane\/"},"author":{"name":"admin","@id":"https:\/\/fjala.info\/2009-2015\/#\/schema\/person\/3aa1163ef05469c496fc94e77611ada2"},"headline":"PALESTINA, DHJET\u00cb ARSYE P\u00cbR NJ\u00cb \u2018PO\u2019 EUROPIANE","datePublished":"2011-09-20T22:03:04+00:00","mainEntityOfPage":{"@id":"https:\/\/fjala.info\/2009-2015\/palestina-dhjete-arsye-per-nje-po-europiane\/"},"wordCount":1101,"commentCount":0,"publisher":{"@id":"https:\/\/fjala.info\/2009-2015\/#organization"},"articleSection":["Artikuj"],"inLanguage":"sq-AL","potentialAction":[{"@type":"CommentAction","name":"Comment","target":["https:\/\/fjala.info\/2009-2015\/palestina-dhjete-arsye-per-nje-po-europiane\/#respond"]}]},{"@type":"WebPage","@id":"https:\/\/fjala.info\/2009-2015\/palestina-dhjete-arsye-per-nje-po-europiane\/","url":"https:\/\/fjala.info\/2009-2015\/palestina-dhjete-arsye-per-nje-po-europiane\/","name":"PALESTINA, DHJET\u00cb ARSYE P\u00cbR NJ\u00cb \u2018PO\u2019 EUROPIANE - FjALA e LIR\u00cb - Arkivi","isPartOf":{"@id":"https:\/\/fjala.info\/2009-2015\/#website"},"datePublished":"2011-09-20T22:03:04+00:00","breadcrumb":{"@id":"https:\/\/fjala.info\/2009-2015\/palestina-dhjete-arsye-per-nje-po-europiane\/#breadcrumb"},"inLanguage":"sq-AL","potentialAction":[{"@type":"ReadAction","target":["https:\/\/fjala.info\/2009-2015\/palestina-dhjete-arsye-per-nje-po-europiane\/"]}]},{"@type":"BreadcrumbList","@id":"https:\/\/fjala.info\/2009-2015\/palestina-dhjete-arsye-per-nje-po-europiane\/#breadcrumb","itemListElement":[{"@type":"ListItem","position":1,"name":"Home","item":"https:\/\/fjala.info\/2009-2015\/"},{"@type":"ListItem","position":2,"name":"PALESTINA, DHJET\u00cb ARSYE P\u00cbR NJ\u00cb \u2018PO\u2019 EUROPIANE"}]},{"@type":"WebSite","@id":"https:\/\/fjala.info\/2009-2015\/#website","url":"https:\/\/fjala.info\/2009-2015\/","name":"FjALA e LIR\u00cb - Arkivi","description":"Arkivi 2009-2015","publisher":{"@id":"https:\/\/fjala.info\/2009-2015\/#organization"},"potentialAction":[{"@type":"SearchAction","target":{"@type":"EntryPoint","urlTemplate":"https:\/\/fjala.info\/2009-2015\/?s={search_term_string}"},"query-input":{"@type":"PropertyValueSpecification","valueRequired":true,"valueName":"search_term_string"}}],"inLanguage":"sq-AL"},{"@type":"Organization","@id":"https:\/\/fjala.info\/2009-2015\/#organization","name":"FjALA e LIR\u00cb - Arkivi","url":"https:\/\/fjala.info\/2009-2015\/","logo":{"@type":"ImageObject","inLanguage":"sq-AL","@id":"https:\/\/fjala.info\/2009-2015\/#\/schema\/logo\/image\/","url":"","contentUrl":"","caption":"FjALA e LIR\u00cb - Arkivi"},"image":{"@id":"https:\/\/fjala.info\/2009-2015\/#\/schema\/logo\/image\/"}},{"@type":"Person","@id":"https:\/\/fjala.info\/2009-2015\/#\/schema\/person\/3aa1163ef05469c496fc94e77611ada2","name":"admin","image":{"@type":"ImageObject","inLanguage":"sq-AL","@id":"https:\/\/fjala.info\/2009-2015\/wp-content\/uploads\/2012\/02\/arben_cokaj-120x150.jpg","url":"https:\/\/fjala.info\/2009-2015\/wp-content\/uploads\/2012\/02\/arben_cokaj-120x150.jpg","contentUrl":"https:\/\/fjala.info\/2009-2015\/wp-content\/uploads\/2012\/02\/arben_cokaj-120x150.jpg","caption":"admin"},"description":"Admin, Fjala e Lir\u00eb","sameAs":["https:\/\/fjala.info\/"],"url":"https:\/\/fjala.info\/2009-2015\/author\/admin\/"}]}},"_links":{"self":[{"href":"https:\/\/fjala.info\/2009-2015\/wp-json\/wp\/v2\/posts\/10550","targetHints":{"allow":["GET"]}}],"collection":[{"href":"https:\/\/fjala.info\/2009-2015\/wp-json\/wp\/v2\/posts"}],"about":[{"href":"https:\/\/fjala.info\/2009-2015\/wp-json\/wp\/v2\/types\/post"}],"author":[{"embeddable":true,"href":"https:\/\/fjala.info\/2009-2015\/wp-json\/wp\/v2\/users\/1"}],"replies":[{"embeddable":true,"href":"https:\/\/fjala.info\/2009-2015\/wp-json\/wp\/v2\/comments?post=10550"}],"version-history":[{"count":0,"href":"https:\/\/fjala.info\/2009-2015\/wp-json\/wp\/v2\/posts\/10550\/revisions"}],"wp:attachment":[{"href":"https:\/\/fjala.info\/2009-2015\/wp-json\/wp\/v2\/media?parent=10550"}],"wp:term":[{"taxonomy":"category","embeddable":true,"href":"https:\/\/fjala.info\/2009-2015\/wp-json\/wp\/v2\/categories?post=10550"},{"taxonomy":"post_tag","embeddable":true,"href":"https:\/\/fjala.info\/2009-2015\/wp-json\/wp\/v2\/tags?post=10550"}],"curies":[{"name":"wp","href":"https:\/\/api.w.org\/{rel}","templated":true}]}}