{"id":10547,"date":"2011-09-20T22:57:42","date_gmt":"2011-09-20T21:57:42","guid":{"rendered":"http:\/\/fjala.shkoder.net\/?p=10547"},"modified":"2011-09-20T22:57:42","modified_gmt":"2011-09-20T21:57:42","slug":"me-mendje-dhe-zemer-gjithmone-prane","status":"publish","type":"post","link":"https:\/\/fjala.info\/2009-2015\/me-mendje-dhe-zemer-gjithmone-prane\/","title":{"rendered":"ME MENDJE DHE ZEM\u00cbR GJITHMON\u00cb PRAN\u00cb"},"content":{"rendered":"<p><img decoding=\"async\" class=\"alignright size-thumbnail wp-image-7236\" title=\"Gjergj Dedvukaj\" src=\"http:\/\/www.shkoder.net\/images\/fjala\/2011\/gjergj_dedvukaj.jpg\" alt=\"\" width=\"200\" \/> Nga <strong>Sali Bollati<\/strong>, <em>Nju Jork<\/em><\/p>\n<p><em>Restoranti &#8220;GIOVANIS&#8221; n\u00eb Arthur Avenue, Bronx, Nju Jork, me pronar bashkatdhetarin ton\u00eb t\u00eb mir\u00ebnjohur, zotin <strong>Gjergj Dedvukaj <\/strong>ka edhe nj\u00eb sall\u00eb takimesh, apo vat\u00ebr shqiptare, si\u00e7 do ta quaj. Dyert e asaj salle, i nderuari Dedvukaj i ka hapur shpesh p\u00ebr takime mbledhjesh, promovime librash dhe aktivitete t\u00eb ndryshme n\u00eb sh\u00ebrbim t\u00eb komunitetit.<\/em><\/p>\n<p>Salla e takimeve n\u00eb at\u00eb reastaurant ka n\u00eb ball\u00eb nj\u00eb hart\u00eb shum\u00eb kuptimplot\u00eb t\u00eb Shqip\u00ebris\u00eb s\u00eb v\u00ebrtet\u00eb nga Mitrovica n\u00eb Prevez\u00eb. Ne faqen tjet\u00ebr \u00ebsht\u00eb portreti i Legjendarit Ded\u00eb Gjo Lulit. Pjes\u00ebt e tjera t\u00eb mbushura me fleta mir\u00ebnjohje dhe falenderimi nga institucione dhe shoqata shqiptare dhe amerikane p\u00ebr t\u00eb nderuarin Gjergj Dedvukaj. Vet\u00ebkuptohet nuk mungojn\u00eb fotot e shumta me personalitete t\u00eb njohura amerikane dhe shqiptare, president\u00eb, etj.<\/p>\n<p>K\u00ebshtu ndodhi edhe k\u00ebto dit\u00ebt e fundit, kur ne, nj\u00eb grup bashkatdhetar\u00ebsh nga t\u00eb gjitha trojet shqiptare me iniciativ\u00ebn e atdhetarit t\u00eb njohur dhe t\u00eb p\u00ebrkushtuar, shum\u00eb i nderuari Dr.Selaudin Velaj nga Kanina e Vlor\u00ebs, u mblodh\u00ebm n\u00eb at\u00eb vat\u00ebr shqiptare p\u00ebr t\u00eb shk\u00ebmbyer mendime mbi Shqip\u00ebrin\u00eb e sotme dhe nj\u00ebkoh\u00ebsisht shqet\u00ebsimet mbi gjendjen e saj.<\/p>\n<p style=\"text-align: center;\"><img decoding=\"async\" class=\"aligncenter size-thumbnail wp-image-7236\" title=\"Dr. Selahedin Velaj\" src=\"http:\/\/www.shkoder.net\/images\/fjala\/2011\/selahedin_velaj.jpg\" alt=\"\" width=\"450\" \/><br \/>\n<em>Fjal\u00ebn e hapjes e mbajti i nderuari Dr. Selahedin Velaj, i cili na njohu edhe me qellimin e atij takimi.<\/em><\/p>\n<p>I shqet\u00ebsuar p\u00ebr gjendjen e sotme politike n\u00eb Shqip\u00ebri, si edhe p\u00ebr shantazhet e her\u00ebpashershme q\u00eb i vijn\u00eb vendit ton\u00eb nga fqinj\u00ebt p\u00ebrreth, ve\u00e7an\u00ebrisht Greqia, Dr. Velaj, u p\u00ebrqendrua edhe p\u00ebr pretendimet e vazhdueshme greke q\u00eb kan\u00eb ndaj Shqip\u00ebris\u00eb s\u00eb Jugut, q\u00eb ata e quajn\u00eb Vorio Epir at\u00eb tok\u00eb shqiptare dhe propozoi q\u00eb n\u00eb fund t\u00eb atij takimi t&#8217;i drejtohemi qeveris\u00eb shqiptare me nj\u00eb peticion lidhur me shqet\u00ebsimin ton\u00eb, q\u00eb \u00ebsht\u00eb shqet\u00ebsimi i \u00e7do shqiptari.<\/p>\n<p>Si shkakun m\u00eb t\u00eb fresk\u00ebt Dr. Selahedin Velaj, p\u00ebrmendi dat\u00ebn 31 gusht, 2011, kur 16 deputet\u00eb grek\u00eb t\u00eb Partis\u00eb LAOS, i jan\u00eb drejtuar qeveris\u00eb greke me k\u00ebrkes\u00ebn p\u00ebr t\u00eb bashkuar Shqip\u00ebrin\u00eb e Jugut (ose vorioepir, si\u00e7 duan ta quajn\u00eb ata), me Greqin\u00eb ??!!<\/p>\n<p><img decoding=\"async\" class=\"aligncenter size-thumbnail wp-image-7236\" title=\"Pierre-Pandeli Simsia\" src=\"http:\/\/www.shkoder.net\/images\/fjala\/2011\/pierre_pandeli_simsia.jpg\" alt=\"\" width=\"450\" \/><br \/>\nShkrimtari nga Berati, zoti <strong>Pierre-Pandeli Simsia<\/strong>, midis t\u00eb tjerash tha, se me shqet\u00ebsimet e bashkatdhetar\u00ebve t\u00eb diaspor\u00ebs shqiptare p\u00ebr atdheun dhe p\u00ebr \u00e7\u00ebshtjet q\u00eb po diskutojm\u00eb k\u00ebtu, duhet t\u00eb njihet edhe qeveria shqiptare. Peticionin me shqet\u00ebsimet dhe mendimet tona q\u00eb ne po diskutojm\u00eb sot t&#8217;ia d\u00ebrgojm\u00eb parlamentit evropian, qeveris\u00eb shqiptare, q\u00eb edhe ajo, n\u00ebp\u00ebrmjet eurodeputet\u00ebve q\u00eb p\u00ebrfaq\u00ebsojn\u00eb Shqip\u00ebrin\u00eb n\u00eb Parlamentin Evropian, ta ngrej\u00eb z\u00ebrin e saj p\u00ebr k\u00ebto probleme&#8230;<\/p>\n<p>\u00cbsht\u00eb e pajustifikueshme dhe e papranueshme q\u00eb n\u00eb tok\u00ebn shqiptare t\u00eb vijn\u00eb deputet\u00eb dhe politikan\u00eb grek\u00eb e t\u00eb ngrejn\u00eb flamurin grek&#8230; N\u00eb se Greqia pretendon se integrimi i Shqip\u00ebris\u00eb kalon n\u00ebp\u00ebrmjet Greqis\u00eb, jam m\u00eb se i bindur, se asnj\u00eb shqiptar nuk e d\u00ebshiron integrimin, duke i dhuruar Greqis\u00eb ujrat shqiptare&#8230;tha midis t\u00eb tjerash shkrimtari Simsia.<\/p>\n<p><img decoding=\"async\" class=\"aligncenter size-thumbnail wp-image-7236\" title=\"Dr. Sulejman \u00c7ela\" src=\"http:\/\/www.shkoder.net\/images\/fjala\/2011\/sulejman_cela.jpg\" alt=\"\" width=\"450\" \/><br \/>\n<strong>Dr. Sulejman \u00c7ela<\/strong> nga Kosova, parashtroi k\u00ebrkes\u00ebn e drejt\u00eb se qeverite e Shqiperis\u00eb dhe te Kosov\u00ebs, ve\u00e7an\u00ebrisht ajo e Shqip\u00ebrise, duhet t\u00eb hapi shkolla shqipe p\u00ebr f\u00ebmijt\u00eb e emigrant\u00ebve jasht\u00eb shteteve, mbi 60.000 f\u00ebmij\u00eb n\u00eb Greqi, ne nje koh\u00eb q\u00eb shteti grek i mbytur n\u00eb borxhe ndaj Europes, mban hapur shkolla greke ne Kor\u00e7e e Himar\u00eb, madje i furnizon edhe me libra tani n\u00eb sezonin e fillimit shkollor.<\/p>\n<p>Qeveria shqiptare duhet ti k\u00ebrkoj\u00eb edhe ajo qeveris\u00eb greke t\u00eb drejtat e shqiptar\u00ebve q\u00eb jetojn\u00eb n\u00eb Greqi. Qeveria shqiptare duhet t\u00eb v\u00ebr\u00eb n\u00eb dijeni Parlamentin Evropian p\u00ebr k\u00ebto shqet\u00ebsime, sepse jan\u00eb tragjedi p\u00ebr kombin ton\u00eb&#8230; tha midis t\u00eb tjerash Dr. Sulejman \u00c7ela.<\/p>\n<p><img decoding=\"async\" class=\"aligncenter size-thumbnail wp-image-7236\" title=\"Sali Bollati\" src=\"http:\/\/www.shkoder.net\/images\/fjala\/2011\/sali_bollati.jpg\" alt=\"\" width=\"450\" \/><br \/>\nUn\u00eb artikullshkruesi, <strong>Sali Bollati<\/strong>, u tregova bashk\u00ebatdhetareve se, vitin e kaluar, vet\u00ebm n\u00eb saj\u00eb t\u00eb Pashaport\u00ebs Amerikane, munda ta vizitoj vendlindjen time \u00c7am\u00ebrin\u00eb. Atje, ve\u00e7 t\u00eb tjerave u mall\u00ebngjeva pa mas\u00eb kur bisedoja n\u00eb gjuh\u00ebn e Per\u00ebndis\u00eb-shqipe me bashk\u00ebatdhetar\u00ebt \u00e7am\u00eb t\u00eb krishter\u00eb q\u00eb jetojn\u00eb n\u00eb tokat e tyre mij\u00ebra vje\u00e7are, por q\u00eb nuk u lejohet t\u00eb flasin gjuh\u00ebn e n\u00ebn\u00ebs jasht\u00eb sht\u00ebpis\u00eb.<\/p>\n<p>Ata kishin shum\u00eb g\u00ebzim q\u00eb iu dha rasti t\u00eb bisedonin me ne, kerkonin q\u00eb mund\u00ebsisht qeveria shqiptare t\u00eb hapte nj\u00eb shkoll\u00eb atje n\u00eb Parg\u00eb sepse gjith\u00eb fshatrat si Sh\u00ebndjella, Rap\u00ebza etj. vet\u00ebm shqip flasin n\u00eb sht\u00ebpi. Xha Panua d\u00ebsh\u00ebronte sikur t\u00eb vinte ndonj\u00eb grup folklorik se na ka marr\u00eb malli shum\u00eb t\u00eb shohim djemt\u00eb duke hedhur valle me fustanellat \u00e7ame dhe t\u00eb nd\u00ebgjojm\u00eb k\u00ebng\u00ebt e trimave \u00e7am\u00eb.<\/p>\n<p>Lidhur me shqet\u00ebsimin tim p\u00ebr k\u00ebrkes\u00ebn e 16 deputet\u00ebve grek\u00eb t\u00eb partis\u00eb LAOS shpreha mendimin tim se, ata t\u00eb ashtuquajtur edhe eurodeputet\u00eb jan\u00eb t\u00eb brymosur me mendime fashiste t\u00eb bizantizmit mesjetar \u00ebsht\u00eb m\u00eb se e qart\u00eb, por q\u00eb i drejtohen qeveris\u00eb s\u00eb tyre me t\u00eb cil\u00ebn qeveria shqiptare ka n\u00ebnshkruar nj\u00eb pakt miq\u00ebsie dhe q\u00eb t\u00eb dyja jan\u00eb an\u00ebtare t\u00eb NATO-s, \u00ebsht\u00eb shum\u00eb shqet\u00ebsuese.<\/p>\n<p>Kur i bashkangjit\u00eb k\u00ebsaj \u201ck\u00ebrkese\u201d edhe q\u00ebndrimin e Konsullit grek n\u00eb Kor\u00e7\u00eb, me paturp\u00ebsin\u00eb m\u00eb t\u00eb madhe k\u00ebmb\u00ebngul se Kor\u00e7a \u00ebsht\u00eb Greqi dhe se kor\u00e7ar\u00ebt e krishter\u00eb (si mund t\u00eb anashkalohen lufta dhe p\u00ebrpjekjet historike t\u00eb korcar\u00ebve atdhetar\u00eb si P.N. Luarasi, Kristo Kirka, Mihal Grameno e Themistokli G\u00ebrmenji e tj. q\u00eb derdh\u00ebn edhe gjakun p\u00ebr Kish\u00ebn Ortodokse Shqiptare), duhet t\u00eb deklarohen si grek\u00eb; at\u00ebhere me shum\u00eb t\u00eb drejt\u00eb, ne q\u00eb jemi larguar fizikisht, duke jetuar n\u00eb k\u00ebt\u00eb vend te Demokracis\u00eb, nuk harrojm\u00eb asnj\u00ebher\u00eb vendlindjen,duke jetuar me g\u00ebzimet por edhe me hidh\u00ebrimet e te af\u00ebrmve e bashkatdhetar\u00ebve, jemi alarmuar me k\u00ebto pretendime shoviniste e absurde mesjetare&#8230;<\/p>\n<p><img decoding=\"async\" class=\"aligncenter size-thumbnail wp-image-7236\" title=\"Gjek\u00eb Gjonlekaj\" src=\"http:\/\/www.shkoder.net\/images\/fjala\/2011\/gjeke_gjonlekaj.jpg\" alt=\"\" width=\"450\" \/><br \/>\n<strong>Z.Gjek\u00eb Gjonlekaj<\/strong> nga Mal\u00ebsia e Madhe, falenderoi iniciatorin e atij takimi Dr. Selahedin Velaj, &#8220;Gjat\u00eb gjith\u00eb jet\u00ebs s\u00eb tij n\u00eb Amerik\u00eb Dr. Selahedini ka qen\u00eb i preokupuar p\u00ebr mbrojtjen e \u00e7\u00ebshtjes shqiptare. Dua t&#8217;ju kujtoj q\u00eb nga vitet shtat\u00ebdhjet\u00eb Dr. Velaj ka marr\u00eb pjes\u00eb aktive n\u00eb organizimin e veprimtarive t\u00eb tilla atdhetare k\u00ebtu n\u00eb NY. E mb\u00ebshtes iniciativ\u00ebn e Dr. Velaj dhe shqet\u00ebsimin e tij q\u00eb \u00ebsht\u00eb i \u00e7do shqiptari, madje edhe d\u00ebrgimin e nj\u00eb peticioni drejtuar qeveris\u00eb shqiptare&#8230; tha nd\u00ebr t\u00eb tjera zoti Gjek\u00eb Gjonlekaj.<\/p>\n<p>Me shum\u00eb kurajo ai tregoi eksperienc\u00ebn e ndjekur nga bashk\u00ebatdhetar\u00ebt p\u00ebr t\u00eb mb\u00ebshtetur dhe zgjidhur Problemin e Kosov\u00ebs, se ka ardhur koha q\u00eb edhe p\u00ebr \u00c7am\u00ebrin\u00eb Shqiptare t\u00eb veprojm\u00eb ashtu e me guxim. Duhet t\u00eb k\u00ebrkojm\u00eb t\u00eb nj\u00ebjta t\u00eb drejta p\u00ebr shqiptar\u00ebt autokton\u00eb t\u00eb krishter\u00eb t\u00eb \u00c7am\u00ebris\u00eb si\u00e7 pretendojn\u00eb shovinistat grek\u00eb p\u00ebr ardhacak\u00ebt e tyre n\u00eb Shqip\u00ebri. Vet\u00ebm me veprimtari t\u00eb tilla do ti tregojm\u00eb Qeverise Amerikane, si shtetas t\u00eb saj q\u00eb jemi, por edhe bot\u00ebs mbar\u00eb se \u00e7far\u00eb \u201cdemokracie\u201d ndjek qeveria greke me mohimin e minoritetit shqiptar n\u00eb Greqi. Pra ata q\u00eb me paturp\u00ebsi mohojn\u00eb t\u00eb drejtat elementare t\u00eb shqiptar\u00ebve t\u00eb \u00c7am\u00ebris\u00eb, shpallin pretendime shoviniste ndaj territoreve te Shqip\u00ebris\u00eb s\u00eb Jugut.<\/p>\n<p><img decoding=\"async\" class=\"aligncenter size-thumbnail wp-image-7236\" title=\"M\u00ebhill Velaj\" src=\"http:\/\/www.shkoder.net\/images\/fjala\/2011\/mehill_velaj.jpg\" alt=\"\" width=\"450\" \/><\/p>\n<p><img decoding=\"async\" class=\"aligncenter size-thumbnail wp-image-7236\" title=\"Tom\u00eb Mrijaj\" src=\"http:\/\/www.shkoder.net\/images\/fjala\/2011\/tome_mrijaj.jpg\" alt=\"\" width=\"450\" \/><br \/>\nZot\u00ebrinjt\u00eb <strong>M\u00ebhill Velaj<\/strong>, poet (n\u00eb Gusht asistoi n\u00eb p\u00ebrurimin e statuj\u00ebs N\u00ebna Tereza n\u00eb Pej\u00eb) dhe shkrimtari <strong>Tom\u00eb Mrijaj<\/strong> nga Kosova parashtruan me vendosm\u00ebri k\u00ebkes\u00ebn q\u00eb qeveria shqiptare duhet t\u00eb mos p\u00ebrulet ndaj pretendimeve shoviniste greke, por t\u00eb marri t\u00eb gjitha masat q\u00eb shqiptar\u00ebt e Diaspor\u00ebs n\u00eb Mal t\u00eb Zi, Preshev\u00eb, \u00c7am\u00ebri e kudo n\u00eb bot\u00eb, ta ndjejn\u00eb vehten krenar\u00eb si Shqiptar\u00eb me dor\u00ean e ngroht\u00eb t\u00eb N\u00ebn\u00ebs Shqip\u00ebri. Nuk ka Vorio Epir, por ka Shqip\u00ebri e jugut&#8230; than\u00eb nd\u00ebr t\u00eb tjera poeti Mhill Velaj dhe shkrimtari Tom\u00eb Mrijaj.<\/p>\n<p>&#8220;Ndjehem i lumtur dhe i nderuar q\u00eb ndodheem sot k\u00ebtu p\u00ebr t\u00eb diskutuar k\u00ebto \u00e7\u00ebshtje madhore p\u00ebr kombin ton\u00eb&#8230; tha nd\u00ebr t\u00eb tjera poeti Mhill velaj.<\/p>\n<p><img decoding=\"async\" class=\"aligncenter size-thumbnail wp-image-7236\" title=\"Dr. Namik Shehu\" src=\"http:\/\/www.shkoder.net\/images\/fjala\/2011\/namik_shehu.jpg\" alt=\"\" width=\"450\" \/><br \/>\n<strong>Dr. Namik Shehu<\/strong> nga Berati<br \/>\n<img decoding=\"async\" class=\"aligncenter size-thumbnail wp-image-7236\" title=\"Astrit Tota\" src=\"http:\/\/www.shkoder.net\/images\/fjala\/2011\/astrit_tota.jpg\" alt=\"\" width=\"450\" \/><br \/>\ndhe z. <strong>Astrit Tota<\/strong>, skenograf nga Borshi falenderuan Dr. Velajn per k\u00ebt\u00eb inisiativ\u00eb atdhetare duke treguar se vendimi i Gjykat\u00ebs Kushtetuese n\u00eb Tiran\u00eb per anullimin e Paktit t\u00eb Detit me Greqin\u00eb, tregoi se atje intelektual\u00ebt atdhetar\u00eb nuk mungojn\u00eb dhe se qeveria shqiptare nevojitet te konsultohet me atdhetare si Prof. P\u00ebllunb Xhufi etj. Para se t\u00eb marri vendime q\u00eb vet\u00ebm d\u00ebmtojn\u00eb imazhin dhe dinjitetin e Shqip\u00ebris\u00eb. &#8220;Diskutimet tona t\u00eb sotme kan\u00eb nj\u00eb vler\u00eb t\u00eb madhe p\u00ebr \u00e7\u00ebshtjen shqiptare&#8230; Jan\u00eb t\u00eb pavlefshme pretendimet greke p\u00ebr t\u00eb ashtuquajturin Vorio Epir ajo tok\u00eb q\u00eb ka qen\u00eb, \u00ebsht\u00eb dhe do t\u00eb jet\u00eb gjithmon\u00eb shqiptare&#8230; tha nd\u00ebr t\u00eb tjera Dr. Namik Shehu.<\/p>\n<p>&#8220;Vler\u00ebsoj shum\u00eb pjes\u00ebmarrjen time n\u00eb k\u00ebt\u00eb takim&#8230; Problemi nuk \u00ebsht\u00eb se lindi tani. Ky \u00ebsht\u00eb nj\u00eb problem i hersh\u00ebm, q\u00eb nga Kali i Troj\u00ebs&#8230; tha nd\u00ebr t\u00eb tjera zoti Astrit Tota. Madje ai dha edhe dy shembuj nga vendlindja e tij, Borshi i Sarand\u00ebs.<\/p>\n<p><img decoding=\"async\" class=\"aligncenter size-thumbnail wp-image-7236\" title=\"Muhamet Mjeku\" src=\"http:\/\/www.shkoder.net\/images\/fjala\/2011\/muhamet_mjeku.jpg\" alt=\"\" width=\"450\" \/><br \/>\nZ. <strong>Muhamet Mjeku<\/strong> nga Kosova bashk\u00eb me Dr. Velaj propozuan nj\u00eb grup pune p\u00ebr hartimin e nje Memorandumi drejtuar institucioneve shqiptare e nderkombetare per problemet e diskutuara ne takim.<\/p>\n<p><img decoding=\"async\" class=\"aligncenter size-thumbnail wp-image-7236\" title=\"Beqir Sina\" src=\"http:\/\/www.shkoder.net\/images\/fjala\/2011\/beqir_sina.jpg\" alt=\"\" width=\"450\" \/><br \/>\nZ. <strong>Beqir Sina<\/strong> nga Dibra, si gazetar i mir\u00ebnjohur n\u00eb Komunitetin ton\u00eb, atdhetar, kerkoi q\u00eb Memorandumi ose Peticioni, me k\u00ebrkesat shum\u00eb t\u00eb drejta q\u00eb u parshtruan, t\u00eb hartohet me profesionaliz\u00ebm konform\u00eb ligjeve nd\u00ebrkomb\u00ebtare n\u00eb fuqi.<\/p>\n<p>N\u00eb pamund\u00ebsi p\u00ebr mospjes\u00ebmarrje p\u00ebr ar\u00ebsye sh\u00ebndet\u00ebsore, problemeve p\u00ebr \u00e7\u00ebshtjet q\u00eb u diskutuan, i bashkangjitet edhe Dr. Dhorka Dhamo.<\/p>\n<p>N\u00eb fund t\u00eb takimit, <strong>Dr. Selahedin Velaj<\/strong>, shtroi nj\u00eb drek\u00eb modeste.<\/p>\n<p><img decoding=\"async\" class=\"aligncenter size-thumbnail wp-image-7236\" title=\"Pamje nga takimi\" src=\"http:\/\/www.shkoder.net\/images\/fjala\/2011\/pamje_takimi.jpg\" alt=\"\" width=\"450\" \/><\/p>\n<p><img decoding=\"async\" class=\"aligncenter size-thumbnail wp-image-7236\" title=\"Pamje nga takimi\" src=\"http:\/\/www.shkoder.net\/images\/fjala\/2011\/pamje_takimi1.jpg\" alt=\"\" width=\"450\" \/><\/p>\n<p><img decoding=\"async\" class=\"aligncenter size-thumbnail wp-image-7236\" title=\"Pamje nga takimi\" src=\"http:\/\/www.shkoder.net\/images\/fjala\/2011\/pamje_takimi2.jpg\" alt=\"\" width=\"450\" \/><\/p>\n<p><img decoding=\"async\" class=\"aligncenter size-thumbnail wp-image-7236\" title=\"Pamje nga takimi\" src=\"http:\/\/www.shkoder.net\/images\/fjala\/2011\/pamje_takimi3.jpg\" alt=\"\" width=\"450\" \/><\/p>\n<p><img decoding=\"async\" class=\"aligncenter size-thumbnail wp-image-7236\" title=\"Pamje nga takimi\" src=\"http:\/\/www.shkoder.net\/images\/fjala\/2011\/pamje_takimi4.jpg\" alt=\"\" width=\"450\" \/><\/p>\n<p><img decoding=\"async\" class=\"aligncenter size-thumbnail wp-image-7236\" title=\"Pamje nga takimi\" src=\"http:\/\/www.shkoder.net\/images\/fjala\/2011\/pamje_takimi5.jpg\" alt=\"\" width=\"450\" \/><\/p>\n<p><img decoding=\"async\" class=\"aligncenter size-thumbnail wp-image-7236\" title=\"Pamje nga takimi\" src=\"http:\/\/www.shkoder.net\/images\/fjala\/2011\/pamje_takimi6.jpg\" alt=\"\" width=\"450\" \/><\/p>\n<p><img decoding=\"async\" class=\"aligncenter size-thumbnail wp-image-7236\" title=\"Pamje nga takimi\" src=\"http:\/\/www.shkoder.net\/images\/fjala\/2011\/pamje_takimi7.jpg\" alt=\"\" width=\"450\" \/><\/p>\n<p><img decoding=\"async\" class=\"aligncenter size-thumbnail wp-image-7236\" title=\"Pamje nga takimi\" src=\"http:\/\/www.shkoder.net\/images\/fjala\/2011\/pamje_takimi8.jpg\" alt=\"\" width=\"450\" \/><\/p>\n<p>Grupi i intelektual\u00ebve shqiptar\u00eb n\u00eb SHBA, q\u00eb e ka aprovuar iniciativ\u00ebn e k\u00ebtij peticioni, deri tani jan\u00eb : <strong>Prof. Dr. Agron Fico <\/strong>(Gjirokast\u00ebr), <strong>M.D. Namik Shehu <\/strong>(Berat), gazetari dhe publicisti <strong>Frank G. Shkreli<\/strong> (Mal\u00ebsi), shkrimtari <strong>Pierre-Pandeli Simsia <\/strong>(Berat), poeti <strong>Gjeto Turmalaj <\/strong>(Mal\u00ebsi), veprimtari <strong>Sali Bollati <\/strong>(\u00c7am\u00ebri), publicisti <strong>Gjek\u00eb Gjonlekaj<\/strong> (Mal\u00ebsi), <strong>Skenografi Astrit Tota<\/strong> (Tiran\u00eb), gazetar <strong>Beqir Sina <\/strong>(Dib\u00ebr) Avokat <strong>Cafo Boga<\/strong> (Mal\u00ebsi), <strong>Dr Selahedin Velaj <\/strong>(Vlor\u00eb), gazetar <strong>Muhamet Mjeku <\/strong>(Prishtin\u00eb), publicist <strong>Ismer Mjeku <\/strong>(Prishtin\u00eb), <strong>M.D. Dhorka Dhamo <\/strong>(Tiran\u00eb) shkrimtari <strong>M\u00ebhill Velaj <\/strong>(Kosov\u00eb), <strong>M.D Suljeman \u00c7elaj<\/strong> (Kosov\u00eb), shkrimtari dhe publicisti <strong>Tom\u00eb Mirijaj <\/strong>(Kosov\u00eb), dhe <strong>M.D, Lindita \u00c7oku <\/strong>(Tiran\u00eb).<\/p>\n","protected":false},"excerpt":{"rendered":"<p>Nga Sali Bollati, Nju Jork Restoranti &#8220;GIOVANIS&#8221; n\u00eb Arthur Avenue, Bronx, Nju Jork, me pronar bashkatdhetarin ton\u00eb t\u00eb mir\u00ebnjohur, zotin Gjergj Dedvukaj ka edhe nj\u00eb sall\u00eb takimesh, apo vat\u00ebr shqiptare, si\u00e7 do ta quaj. Dyert e asaj salle, i nderuari Dedvukaj i ka hapur shpesh p\u00ebr takime mbledhjesh, promovime librash dhe aktivitete t\u00eb ndryshme n\u00eb [&hellip;]<\/p>\n","protected":false},"author":1,"featured_media":0,"comment_status":"open","ping_status":"closed","sticky":false,"template":"","format":"standard","meta":{"footnotes":""},"categories":[2],"tags":[],"class_list":{"0":"post-10547","1":"post","2":"type-post","3":"status-publish","4":"format-standard","6":"category-artikuj"},"yoast_head":"<!-- This site is optimized with the Yoast SEO plugin v27.4 - https:\/\/yoast.com\/product\/yoast-seo-wordpress\/ -->\n<title>ME MENDJE DHE ZEM\u00cbR GJITHMON\u00cb PRAN\u00cb - FjALA e LIR\u00cb - Arkivi<\/title>\n<meta name=\"robots\" content=\"index, follow, max-snippet:-1, max-image-preview:large, max-video-preview:-1\" \/>\n<link rel=\"canonical\" href=\"https:\/\/fjala.info\/2009-2015\/me-mendje-dhe-zemer-gjithmone-prane\/\" \/>\n<meta property=\"og:locale\" content=\"sq_AL\" \/>\n<meta property=\"og:type\" content=\"article\" \/>\n<meta property=\"og:title\" content=\"ME MENDJE DHE ZEM\u00cbR GJITHMON\u00cb PRAN\u00cb - FjALA e LIR\u00cb - Arkivi\" \/>\n<meta property=\"og:description\" content=\"Nga Sali Bollati, Nju Jork Restoranti &#8220;GIOVANIS&#8221; n\u00eb Arthur Avenue, Bronx, Nju Jork, me pronar bashkatdhetarin ton\u00eb t\u00eb mir\u00ebnjohur, zotin Gjergj Dedvukaj ka edhe nj\u00eb sall\u00eb takimesh, apo vat\u00ebr shqiptare, si\u00e7 do ta quaj. Dyert e asaj salle, i nderuari Dedvukaj i ka hapur shpesh p\u00ebr takime mbledhjesh, promovime librash dhe aktivitete t\u00eb ndryshme n\u00eb [&hellip;]\" \/>\n<meta property=\"og:url\" content=\"https:\/\/fjala.info\/2009-2015\/me-mendje-dhe-zemer-gjithmone-prane\/\" \/>\n<meta property=\"og:site_name\" content=\"FjALA e LIR\u00cb - Arkivi\" \/>\n<meta property=\"article:published_time\" content=\"2011-09-20T21:57:42+00:00\" \/>\n<meta property=\"og:image\" content=\"http:\/\/www.shkoder.net\/images\/fjala\/2011\/gjergj_dedvukaj.jpg\" \/>\n<meta name=\"author\" content=\"admin\" \/>\n<meta name=\"twitter:card\" content=\"summary_large_image\" \/>\n<meta name=\"twitter:label1\" content=\"Written by\" \/>\n\t<meta name=\"twitter:data1\" content=\"admin\" \/>\n\t<meta name=\"twitter:label2\" content=\"Est. reading time\" \/>\n\t<meta name=\"twitter:data2\" content=\"9 minutes\" \/>\n<script type=\"application\/ld+json\" class=\"yoast-schema-graph\">{\"@context\":\"https:\\\/\\\/schema.org\",\"@graph\":[{\"@type\":\"Article\",\"@id\":\"https:\\\/\\\/fjala.info\\\/2009-2015\\\/me-mendje-dhe-zemer-gjithmone-prane\\\/#article\",\"isPartOf\":{\"@id\":\"https:\\\/\\\/fjala.info\\\/2009-2015\\\/me-mendje-dhe-zemer-gjithmone-prane\\\/\"},\"author\":{\"name\":\"admin\",\"@id\":\"https:\\\/\\\/fjala.info\\\/2009-2015\\\/#\\\/schema\\\/person\\\/3aa1163ef05469c496fc94e77611ada2\"},\"headline\":\"ME MENDJE DHE ZEM\u00cbR GJITHMON\u00cb PRAN\u00cb\",\"datePublished\":\"2011-09-20T21:57:42+00:00\",\"mainEntityOfPage\":{\"@id\":\"https:\\\/\\\/fjala.info\\\/2009-2015\\\/me-mendje-dhe-zemer-gjithmone-prane\\\/\"},\"wordCount\":1768,\"commentCount\":0,\"publisher\":{\"@id\":\"https:\\\/\\\/fjala.info\\\/2009-2015\\\/#organization\"},\"image\":{\"@id\":\"https:\\\/\\\/fjala.info\\\/2009-2015\\\/me-mendje-dhe-zemer-gjithmone-prane\\\/#primaryimage\"},\"thumbnailUrl\":\"http:\\\/\\\/www.shkoder.net\\\/images\\\/fjala\\\/2011\\\/gjergj_dedvukaj.jpg\",\"articleSection\":[\"Artikuj\"],\"inLanguage\":\"sq-AL\",\"potentialAction\":[{\"@type\":\"CommentAction\",\"name\":\"Comment\",\"target\":[\"https:\\\/\\\/fjala.info\\\/2009-2015\\\/me-mendje-dhe-zemer-gjithmone-prane\\\/#respond\"]}]},{\"@type\":\"WebPage\",\"@id\":\"https:\\\/\\\/fjala.info\\\/2009-2015\\\/me-mendje-dhe-zemer-gjithmone-prane\\\/\",\"url\":\"https:\\\/\\\/fjala.info\\\/2009-2015\\\/me-mendje-dhe-zemer-gjithmone-prane\\\/\",\"name\":\"ME MENDJE DHE ZEM\u00cbR GJITHMON\u00cb PRAN\u00cb - FjALA e LIR\u00cb - Arkivi\",\"isPartOf\":{\"@id\":\"https:\\\/\\\/fjala.info\\\/2009-2015\\\/#website\"},\"primaryImageOfPage\":{\"@id\":\"https:\\\/\\\/fjala.info\\\/2009-2015\\\/me-mendje-dhe-zemer-gjithmone-prane\\\/#primaryimage\"},\"image\":{\"@id\":\"https:\\\/\\\/fjala.info\\\/2009-2015\\\/me-mendje-dhe-zemer-gjithmone-prane\\\/#primaryimage\"},\"thumbnailUrl\":\"http:\\\/\\\/www.shkoder.net\\\/images\\\/fjala\\\/2011\\\/gjergj_dedvukaj.jpg\",\"datePublished\":\"2011-09-20T21:57:42+00:00\",\"breadcrumb\":{\"@id\":\"https:\\\/\\\/fjala.info\\\/2009-2015\\\/me-mendje-dhe-zemer-gjithmone-prane\\\/#breadcrumb\"},\"inLanguage\":\"sq-AL\",\"potentialAction\":[{\"@type\":\"ReadAction\",\"target\":[\"https:\\\/\\\/fjala.info\\\/2009-2015\\\/me-mendje-dhe-zemer-gjithmone-prane\\\/\"]}]},{\"@type\":\"ImageObject\",\"inLanguage\":\"sq-AL\",\"@id\":\"https:\\\/\\\/fjala.info\\\/2009-2015\\\/me-mendje-dhe-zemer-gjithmone-prane\\\/#primaryimage\",\"url\":\"http:\\\/\\\/www.shkoder.net\\\/images\\\/fjala\\\/2011\\\/gjergj_dedvukaj.jpg\",\"contentUrl\":\"http:\\\/\\\/www.shkoder.net\\\/images\\\/fjala\\\/2011\\\/gjergj_dedvukaj.jpg\"},{\"@type\":\"BreadcrumbList\",\"@id\":\"https:\\\/\\\/fjala.info\\\/2009-2015\\\/me-mendje-dhe-zemer-gjithmone-prane\\\/#breadcrumb\",\"itemListElement\":[{\"@type\":\"ListItem\",\"position\":1,\"name\":\"Home\",\"item\":\"https:\\\/\\\/fjala.info\\\/2009-2015\\\/\"},{\"@type\":\"ListItem\",\"position\":2,\"name\":\"ME MENDJE DHE ZEM\u00cbR GJITHMON\u00cb PRAN\u00cb\"}]},{\"@type\":\"WebSite\",\"@id\":\"https:\\\/\\\/fjala.info\\\/2009-2015\\\/#website\",\"url\":\"https:\\\/\\\/fjala.info\\\/2009-2015\\\/\",\"name\":\"FjALA e LIR\u00cb - Arkivi\",\"description\":\"Arkivi 2009-2015\",\"publisher\":{\"@id\":\"https:\\\/\\\/fjala.info\\\/2009-2015\\\/#organization\"},\"potentialAction\":[{\"@type\":\"SearchAction\",\"target\":{\"@type\":\"EntryPoint\",\"urlTemplate\":\"https:\\\/\\\/fjala.info\\\/2009-2015\\\/?s={search_term_string}\"},\"query-input\":{\"@type\":\"PropertyValueSpecification\",\"valueRequired\":true,\"valueName\":\"search_term_string\"}}],\"inLanguage\":\"sq-AL\"},{\"@type\":\"Organization\",\"@id\":\"https:\\\/\\\/fjala.info\\\/2009-2015\\\/#organization\",\"name\":\"FjALA e LIR\u00cb - Arkivi\",\"url\":\"https:\\\/\\\/fjala.info\\\/2009-2015\\\/\",\"logo\":{\"@type\":\"ImageObject\",\"inLanguage\":\"sq-AL\",\"@id\":\"https:\\\/\\\/fjala.info\\\/2009-2015\\\/#\\\/schema\\\/logo\\\/image\\\/\",\"url\":\"\",\"contentUrl\":\"\",\"caption\":\"FjALA e LIR\u00cb - Arkivi\"},\"image\":{\"@id\":\"https:\\\/\\\/fjala.info\\\/2009-2015\\\/#\\\/schema\\\/logo\\\/image\\\/\"}},{\"@type\":\"Person\",\"@id\":\"https:\\\/\\\/fjala.info\\\/2009-2015\\\/#\\\/schema\\\/person\\\/3aa1163ef05469c496fc94e77611ada2\",\"name\":\"admin\",\"image\":{\"@type\":\"ImageObject\",\"inLanguage\":\"sq-AL\",\"@id\":\"https:\\\/\\\/fjala.info\\\/2009-2015\\\/wp-content\\\/uploads\\\/2012\\\/02\\\/arben_cokaj-120x150.jpg\",\"url\":\"https:\\\/\\\/fjala.info\\\/2009-2015\\\/wp-content\\\/uploads\\\/2012\\\/02\\\/arben_cokaj-120x150.jpg\",\"contentUrl\":\"https:\\\/\\\/fjala.info\\\/2009-2015\\\/wp-content\\\/uploads\\\/2012\\\/02\\\/arben_cokaj-120x150.jpg\",\"caption\":\"admin\"},\"description\":\"Admin, Fjala e Lir\u00eb\",\"sameAs\":[\"https:\\\/\\\/fjala.info\\\/\"],\"url\":\"https:\\\/\\\/fjala.info\\\/2009-2015\\\/author\\\/admin\\\/\"}]}<\/script>\n<!-- \/ Yoast SEO plugin. -->","yoast_head_json":{"title":"ME MENDJE DHE ZEM\u00cbR GJITHMON\u00cb PRAN\u00cb - FjALA e LIR\u00cb - Arkivi","robots":{"index":"index","follow":"follow","max-snippet":"max-snippet:-1","max-image-preview":"max-image-preview:large","max-video-preview":"max-video-preview:-1"},"canonical":"https:\/\/fjala.info\/2009-2015\/me-mendje-dhe-zemer-gjithmone-prane\/","og_locale":"sq_AL","og_type":"article","og_title":"ME MENDJE DHE ZEM\u00cbR GJITHMON\u00cb PRAN\u00cb - FjALA e LIR\u00cb - Arkivi","og_description":"Nga Sali Bollati, Nju Jork Restoranti &#8220;GIOVANIS&#8221; n\u00eb Arthur Avenue, Bronx, Nju Jork, me pronar bashkatdhetarin ton\u00eb t\u00eb mir\u00ebnjohur, zotin Gjergj Dedvukaj ka edhe nj\u00eb sall\u00eb takimesh, apo vat\u00ebr shqiptare, si\u00e7 do ta quaj. Dyert e asaj salle, i nderuari Dedvukaj i ka hapur shpesh p\u00ebr takime mbledhjesh, promovime librash dhe aktivitete t\u00eb ndryshme n\u00eb [&hellip;]","og_url":"https:\/\/fjala.info\/2009-2015\/me-mendje-dhe-zemer-gjithmone-prane\/","og_site_name":"FjALA e LIR\u00cb - Arkivi","article_published_time":"2011-09-20T21:57:42+00:00","og_image":[{"url":"http:\/\/www.shkoder.net\/images\/fjala\/2011\/gjergj_dedvukaj.jpg","type":"","width":"","height":""}],"author":"admin","twitter_card":"summary_large_image","twitter_misc":{"Written by":"admin","Est. reading time":"9 minutes"},"schema":{"@context":"https:\/\/schema.org","@graph":[{"@type":"Article","@id":"https:\/\/fjala.info\/2009-2015\/me-mendje-dhe-zemer-gjithmone-prane\/#article","isPartOf":{"@id":"https:\/\/fjala.info\/2009-2015\/me-mendje-dhe-zemer-gjithmone-prane\/"},"author":{"name":"admin","@id":"https:\/\/fjala.info\/2009-2015\/#\/schema\/person\/3aa1163ef05469c496fc94e77611ada2"},"headline":"ME MENDJE DHE ZEM\u00cbR GJITHMON\u00cb PRAN\u00cb","datePublished":"2011-09-20T21:57:42+00:00","mainEntityOfPage":{"@id":"https:\/\/fjala.info\/2009-2015\/me-mendje-dhe-zemer-gjithmone-prane\/"},"wordCount":1768,"commentCount":0,"publisher":{"@id":"https:\/\/fjala.info\/2009-2015\/#organization"},"image":{"@id":"https:\/\/fjala.info\/2009-2015\/me-mendje-dhe-zemer-gjithmone-prane\/#primaryimage"},"thumbnailUrl":"http:\/\/www.shkoder.net\/images\/fjala\/2011\/gjergj_dedvukaj.jpg","articleSection":["Artikuj"],"inLanguage":"sq-AL","potentialAction":[{"@type":"CommentAction","name":"Comment","target":["https:\/\/fjala.info\/2009-2015\/me-mendje-dhe-zemer-gjithmone-prane\/#respond"]}]},{"@type":"WebPage","@id":"https:\/\/fjala.info\/2009-2015\/me-mendje-dhe-zemer-gjithmone-prane\/","url":"https:\/\/fjala.info\/2009-2015\/me-mendje-dhe-zemer-gjithmone-prane\/","name":"ME MENDJE DHE ZEM\u00cbR GJITHMON\u00cb PRAN\u00cb - FjALA e LIR\u00cb - Arkivi","isPartOf":{"@id":"https:\/\/fjala.info\/2009-2015\/#website"},"primaryImageOfPage":{"@id":"https:\/\/fjala.info\/2009-2015\/me-mendje-dhe-zemer-gjithmone-prane\/#primaryimage"},"image":{"@id":"https:\/\/fjala.info\/2009-2015\/me-mendje-dhe-zemer-gjithmone-prane\/#primaryimage"},"thumbnailUrl":"http:\/\/www.shkoder.net\/images\/fjala\/2011\/gjergj_dedvukaj.jpg","datePublished":"2011-09-20T21:57:42+00:00","breadcrumb":{"@id":"https:\/\/fjala.info\/2009-2015\/me-mendje-dhe-zemer-gjithmone-prane\/#breadcrumb"},"inLanguage":"sq-AL","potentialAction":[{"@type":"ReadAction","target":["https:\/\/fjala.info\/2009-2015\/me-mendje-dhe-zemer-gjithmone-prane\/"]}]},{"@type":"ImageObject","inLanguage":"sq-AL","@id":"https:\/\/fjala.info\/2009-2015\/me-mendje-dhe-zemer-gjithmone-prane\/#primaryimage","url":"http:\/\/www.shkoder.net\/images\/fjala\/2011\/gjergj_dedvukaj.jpg","contentUrl":"http:\/\/www.shkoder.net\/images\/fjala\/2011\/gjergj_dedvukaj.jpg"},{"@type":"BreadcrumbList","@id":"https:\/\/fjala.info\/2009-2015\/me-mendje-dhe-zemer-gjithmone-prane\/#breadcrumb","itemListElement":[{"@type":"ListItem","position":1,"name":"Home","item":"https:\/\/fjala.info\/2009-2015\/"},{"@type":"ListItem","position":2,"name":"ME MENDJE DHE ZEM\u00cbR GJITHMON\u00cb PRAN\u00cb"}]},{"@type":"WebSite","@id":"https:\/\/fjala.info\/2009-2015\/#website","url":"https:\/\/fjala.info\/2009-2015\/","name":"FjALA e LIR\u00cb - Arkivi","description":"Arkivi 2009-2015","publisher":{"@id":"https:\/\/fjala.info\/2009-2015\/#organization"},"potentialAction":[{"@type":"SearchAction","target":{"@type":"EntryPoint","urlTemplate":"https:\/\/fjala.info\/2009-2015\/?s={search_term_string}"},"query-input":{"@type":"PropertyValueSpecification","valueRequired":true,"valueName":"search_term_string"}}],"inLanguage":"sq-AL"},{"@type":"Organization","@id":"https:\/\/fjala.info\/2009-2015\/#organization","name":"FjALA e LIR\u00cb - Arkivi","url":"https:\/\/fjala.info\/2009-2015\/","logo":{"@type":"ImageObject","inLanguage":"sq-AL","@id":"https:\/\/fjala.info\/2009-2015\/#\/schema\/logo\/image\/","url":"","contentUrl":"","caption":"FjALA e LIR\u00cb - Arkivi"},"image":{"@id":"https:\/\/fjala.info\/2009-2015\/#\/schema\/logo\/image\/"}},{"@type":"Person","@id":"https:\/\/fjala.info\/2009-2015\/#\/schema\/person\/3aa1163ef05469c496fc94e77611ada2","name":"admin","image":{"@type":"ImageObject","inLanguage":"sq-AL","@id":"https:\/\/fjala.info\/2009-2015\/wp-content\/uploads\/2012\/02\/arben_cokaj-120x150.jpg","url":"https:\/\/fjala.info\/2009-2015\/wp-content\/uploads\/2012\/02\/arben_cokaj-120x150.jpg","contentUrl":"https:\/\/fjala.info\/2009-2015\/wp-content\/uploads\/2012\/02\/arben_cokaj-120x150.jpg","caption":"admin"},"description":"Admin, Fjala e Lir\u00eb","sameAs":["https:\/\/fjala.info\/"],"url":"https:\/\/fjala.info\/2009-2015\/author\/admin\/"}]}},"_links":{"self":[{"href":"https:\/\/fjala.info\/2009-2015\/wp-json\/wp\/v2\/posts\/10547","targetHints":{"allow":["GET"]}}],"collection":[{"href":"https:\/\/fjala.info\/2009-2015\/wp-json\/wp\/v2\/posts"}],"about":[{"href":"https:\/\/fjala.info\/2009-2015\/wp-json\/wp\/v2\/types\/post"}],"author":[{"embeddable":true,"href":"https:\/\/fjala.info\/2009-2015\/wp-json\/wp\/v2\/users\/1"}],"replies":[{"embeddable":true,"href":"https:\/\/fjala.info\/2009-2015\/wp-json\/wp\/v2\/comments?post=10547"}],"version-history":[{"count":0,"href":"https:\/\/fjala.info\/2009-2015\/wp-json\/wp\/v2\/posts\/10547\/revisions"}],"wp:attachment":[{"href":"https:\/\/fjala.info\/2009-2015\/wp-json\/wp\/v2\/media?parent=10547"}],"wp:term":[{"taxonomy":"category","embeddable":true,"href":"https:\/\/fjala.info\/2009-2015\/wp-json\/wp\/v2\/categories?post=10547"},{"taxonomy":"post_tag","embeddable":true,"href":"https:\/\/fjala.info\/2009-2015\/wp-json\/wp\/v2\/tags?post=10547"}],"curies":[{"name":"wp","href":"https:\/\/api.w.org\/{rel}","templated":true}]}}