{"id":10545,"date":"2011-09-20T22:29:03","date_gmt":"2011-09-20T21:29:03","guid":{"rendered":"http:\/\/fjala.shkoder.net\/?p=10545"},"modified":"2011-09-20T22:29:03","modified_gmt":"2011-09-20T21:29:03","slug":"debatet-me-telekomande-te-politikes-shqiptare","status":"publish","type":"post","link":"https:\/\/fjala.info\/2009-2015\/debatet-me-telekomande-te-politikes-shqiptare\/","title":{"rendered":"Debatet me telekomand\u00eb t\u00eb politik\u00ebs shqiptare"},"content":{"rendered":"<p><strong>Dorian Ko\u00e7i<\/strong>, <em>19.09.2011<\/em><\/p>\n<p>Ngjarja m\u00eb e madhe televizive e fillimit t\u00eb shtatorit ishte rifillimi i sezonit t\u00eb ri televiziv dhe rikthimit t\u00eb emisioneve t\u00eb debatit n\u00eb ekran. Nd\u00ebrsa fillimi i sezonit t\u00eb ri televiziv nuk paraqiti ndonj\u00eb surpriz\u00eb t\u00eb rastit pasi formatet e emisioneve ishin pak a shum\u00eb ato q\u00eb kishin qen\u00eb dhe sezonin e kaluar, rifillimi i emisioneve t\u00eb debatit risolli s\u00ebrish atmosfer\u00ebn e fushat\u00ebs elektorale dhe t\u00eb situat\u00ebs s\u00eb elektrizuar paszgjedhore. Problemet q\u00eb kan\u00eb shoq\u00ebruar zgjedhjet kan\u00eb qen\u00eb t\u00eb llojeve t\u00eb ndryshme, t\u00eb cilat gjithsecila me specifik\u00ebn e vet ka l\u00ebn\u00eb gjurm\u00ebt n\u00eb kultur\u00ebn demokratike t\u00eb shqiptar\u00ebve.<\/p>\n<p>Kur shqyrton nga af\u00ebr ato duke filluar q\u00eb nga ato q\u00eb jan\u00eb mbajtur nj\u00ebzet vjet m\u00eb par\u00eb dhe deri k\u00ebto t\u00eb fundit shikon se shpesh her\u00eb ato kan\u00eb p\u00ebrs\u00ebritur vetveten po aq sa jan\u00eb p\u00ebrs\u00ebritur dhe t\u00eb nj\u00ebjta gabime .Sigurisht q\u00eb nuk mund t\u00eb mohohet n\u00eb raste t\u00eb ve\u00e7anta ato i jan\u00eb p\u00ebrmbajtur parimit t\u00eb tyre institucional por gj\u00ebrat nuk jan\u00eb kaq t\u00eb thjeshta kur mundohesh t\u00eb analizosh thembr\u00ebn e Akilit t\u00eb demokracis\u00eb shqiptare-zgjedhjet dhe n\u00eb ve\u00e7anti k\u00ebto q\u00eb u mbajt\u00ebn n\u00eb 8 maj, t\u00eb cilat edhe pse ishin lokale ashtu si pat\u00ebn deklaruar t\u00eb dyja pal\u00ebt n\u00eb fakt ishin thell\u00ebsisht politike.<\/p>\n<p>Kjo v\u00ebshtir\u00ebsi buron jo vet\u00ebm nga fakti se problematika e zgjedhjeve n\u00eb Shqip\u00ebri \u00ebsht\u00eb pasuruar pas \u00e7do pal\u00eb zgjedhjesh q\u00eb jan\u00eb mbajtur por edhe p\u00ebr faktin se ato jan\u00eb t\u00eb d\u00ebmtuara q\u00eb n\u00eb para proces dhe t\u00eb kontrolluara shum\u00eb fort sipas vullnetit politik t\u00eb lider\u00ebve partiak\u00eb sesa sipas ligjeve dhe rregulloreve elektorale.<\/p>\n<p>Nj\u00eb pjes\u00eb e r\u00ebnd\u00ebsishme e para procesit elektoral dhe pas elektoral por dhe politikave t\u00eb ndryshme q\u00eb ndjekin partit\u00eb politike p\u00ebr \u00e7\u00ebshtje t\u00eb ndryshme \u00ebsht\u00eb debati politik q\u00eb fal\u00eb dhe zhvillimit t\u00eb teknologjis\u00eb s\u00eb informacionit vjen shum\u00eb m\u00eb af\u00ebr qytetar\u00ebve n\u00ebp\u00ebrmjet \u201ckutis\u00eb magjike\u201d t\u00eb televizionit. Ndon\u00ebse shpesh her\u00eb debati politik i ka zhg\u00ebnjyer zgjedh\u00ebsit pasi \u00ebsht\u00eb zhvilluar n\u00eb nivele grindjesh dhe z\u00ebnkash mes pal\u00ebve, gjithsesi ai \u00ebsht\u00eb b\u00ebr\u00eb tashm\u00eb nj\u00eb pjes\u00eb integrale e kultur\u00ebs pop q\u00eb publiku pret para \u00e7do dit\u00eb t\u00eb jav\u00ebs.<\/p>\n<p>Edhe pse me nj\u00eb shikim t\u00eb thjesht\u00eb mund t\u00eb ket\u00eb shum\u00eb pretendime se n\u00eb vetvete k\u00ebto debate nuk p\u00ebrmbajn\u00eb esenc\u00eb por jan\u00eb t\u00eb mbuluara gjith\u00eb sharje dhe ofendime p\u00ebr pal\u00ebn kund\u00ebrshtare, n\u00eb t\u00eb v\u00ebrtet\u00eb p\u00ebr k\u00ebt\u00eb gj\u00eb nuk jan\u00eb fajtor\u00eb vet\u00ebm debatuesit n\u00eb televizion por dhe \u201ctelekomanda\u201d q\u00eb ata mbajn\u00eb pran\u00eb vetes. Pavar\u00ebsisht faktit se n\u00eb t\u00eb gjitha emisionet televizive nuk \u00ebsht\u00eb e lejuar q\u00eb t\u00eb mbahen celular\u00ebt hapur pasi val\u00ebt e tyre nd\u00ebrhyjn\u00eb n\u00eb val\u00ebt televizive, debatuesit v\u00ebrehen gjithmon\u00eb t\u00eb kontrollojn\u00eb her\u00eb pas here celular\u00ebt e tyre, \u201ctelekomandat\u201d.<\/p>\n<p>Ky kujdes i ve\u00e7ant\u00eb i tyre p\u00ebr t\u00eb lexuar mesazhet q\u00eb u vijn\u00eb her\u00eb pas here duket se ngre dhe ul dhe tonet e ashpra t\u00eb debateve. Nuk \u00ebsht\u00eb e v\u00ebshtir\u00eb q\u00eb t\u00eb b\u00ebhet nj\u00eb lidhje midis p\u00ebrmbajtjes s\u00eb mesazheve dhe vrullit partiak q\u00eb ng\u00ebrthen debatuesit, gj\u00eb e cila n\u00eb prag zgjedhjesh arrin dhe klimaksin e vet.<\/p>\n<p>Par\u00eb n\u00eb k\u00ebt\u00eb kontekst edhe k\u00ebto zgjedhje q\u00eb u zhvilluan sh\u00ebnuan \u201cspektaklin\u201d e radh\u00ebs, ku qytetar\u00ebt shqiptar\u00eb pan\u00eb dhe ndjen\u00eb emocionet e gladiator\u00ebve t\u00eb politik\u00ebs q\u00eb u ndeshen n\u00eb arenat e m\u00ebdha t\u00eb studiove televizive. P\u00ebr m\u00eb tep\u00ebr k\u00ebto emocione vazhdojn\u00eb pafund\u00ebsisht edhe pas zgjedhjeve duke d\u00ebmtuar r\u00ebnd\u00eb klim\u00ebn politike t\u00eb bashk\u00ebpunimit n\u00eb vend dhe harmonin\u00eb sociale. Ashtu si qytetar\u00ebt e lasht\u00eb romak\u00eb q\u00eb ngaz\u00eblleheshin n\u00eb shfaqjet e amfiteatrove edhe nj\u00eb pjes\u00eb e qytetar\u00ebve shqiptar\u00eb q\u00eb e p\u00eblqen k\u00ebt\u00eb lloj spektakli, motivohet pas k\u00ebtyre debateve politike p\u00ebr ta shtrir\u00eb debatin dhe n\u00eb hap\u00ebsirat e tjera t\u00eb shoq\u00ebris\u00eb.<\/p>\n<p>N\u00eb k\u00ebt\u00eb lloj m\u00ebnyre ata p\u00ebr\u00e7ojn\u00eb mes tyre tensionin e lindur n\u00eb studiot televizive, krejt n\u00eb dallim nga qytetar\u00ebt romak\u00eb q\u00eb tensionin e linin n\u00eb arenat e amfiteatrit. P\u00ebr m\u00eb tep\u00ebr n\u00ebse qytetar\u00ebt romak\u00eb mund t\u00eb shikonin se \u00e7far\u00eb mendonin konsujt e tyre n\u00ebp\u00ebrmjet shenjave t\u00eb duarve p\u00ebr ta falur apo dh\u00ebn\u00eb d\u00ebnim me vdekje, kurse qytetar\u00ebt e sot\u00ebm shqiptar\u00eb nuk kan\u00eb se nga ta marrin vesh se \u00e7mendojn\u00eb udh\u00ebheq\u00ebsit e tyre politik\u00eb.<\/p>\n<p>Kjo munges\u00eb transparence dhe diktati politik n\u00eb t\u00eb nj\u00ebjt\u00ebn koh\u00eb q\u00eb u transmetohet atyre n\u00ebp\u00ebrmjet studiove televizive e korrupton demokracin\u00eb dhe e komprementon dhe zgjedhjen e zgjedh\u00ebsve p\u00ebr alternativ\u00ebn m\u00eb t\u00eb mir\u00eb, pasi nuk jan\u00eb idet\u00eb dhe alternativat partiake q\u00eb diskutohen por mediokriteti banal i mesazheve gjith\u00eb fyerje dhe faktesh t\u00eb l\u00ebshuara sa p\u00ebr sensacion elektoral. N\u00eb krye t\u00eb fushat\u00ebs q\u00ebndrojn\u00eb vet\u00eb ata, \u201cMjeshtrit e M\u00ebdhenj\u201d &#8211; udh\u00ebheq\u00ebsit e partive q\u00eb drejtojn\u00eb teatrin e kukullave n\u00ebp\u00ebr studiot televizive p\u00ebr t\u00eb na dhuruar spektaklin e radh\u00ebs, q\u00eb i p\u00ebrmban t\u00eb gjitha duke filluar nga dhuna verbale, fyerja, posht\u00ebrimi, pajtimi e konsensusi.<\/p>\n<p>Demokracia e v\u00ebrtet\u00eb, p\u00ebrpos angazhimit q\u00eb k\u00ebrkon nga zgjedh\u00ebsit, i duhet q\u00eb dhe ata q\u00eb luajn\u00eb rolin p\u00ebrfaq\u00ebsues t\u00eb jen\u00eb n\u00eb gjendje t\u00eb p\u00ebrfaq\u00ebsojn\u00eb me dinjitet veten e tyre dhe alternativat e kauzat e partive politike. Zgjedhjet e 8 majit ishin nj\u00eb shans i humbur q\u00eb stereotipi i debateve \u201ctelekomand\u00eb\u201d t\u00eb fillonte t\u00eb ndryshoj\u00eb. Etika e debatit edhe n\u00ebse nuk \u00ebsht\u00eb nj\u00eb vler\u00eb e politik\u00ebs son\u00eb, ajo duhet t\u00eb filloj\u00eb t\u00eb kultivohet sidomos nga mediet televizive dhe ato t\u00eb shkruara.<\/p>\n<p>Kjo gj\u00eb do t\u00eb sjell\u00eb dhe reformimin aq t\u00eb nevojsh\u00ebm t\u00eb ligj\u00ebrimit publik t\u00eb partive politike dhe n\u00eb t\u00eb nj\u00ebjt\u00ebn koh\u00eb do t\u00eb p\u00ebrfaq\u00ebsoj\u00eb dhe p\u00ebrmir\u00ebsoj\u00eb dhe sfidat personale t\u00eb kandidat\u00ebve q\u00eb garojn\u00eb p\u00ebr kryetar bashkie apo deputet\u00eb duke d\u00ebshmuar s\u00eb pari sesa qytetar\u00eb t\u00eb mir\u00eb ata jan\u00eb, p\u00ebrpara se t\u00eb jen\u00eb nj\u00eb kukull e komanduar e radh\u00ebs.<\/p>\n","protected":false},"excerpt":{"rendered":"<p>Dorian Ko\u00e7i, 19.09.2011 Ngjarja m\u00eb e madhe televizive e fillimit t\u00eb shtatorit ishte rifillimi i sezonit t\u00eb ri televiziv dhe rikthimit t\u00eb emisioneve t\u00eb debatit n\u00eb ekran. Nd\u00ebrsa fillimi i sezonit t\u00eb ri televiziv nuk paraqiti ndonj\u00eb surpriz\u00eb t\u00eb rastit pasi formatet e emisioneve ishin pak a shum\u00eb ato q\u00eb kishin qen\u00eb dhe sezonin e [&hellip;]<\/p>\n","protected":false},"author":1,"featured_media":0,"comment_status":"open","ping_status":"closed","sticky":false,"template":"","format":"standard","meta":{"footnotes":""},"categories":[2],"tags":[],"class_list":{"0":"post-10545","1":"post","2":"type-post","3":"status-publish","4":"format-standard","6":"category-artikuj"},"yoast_head":"<!-- This site is optimized with the Yoast SEO plugin v27.4 - https:\/\/yoast.com\/product\/yoast-seo-wordpress\/ -->\n<title>Debatet me telekomand\u00eb t\u00eb politik\u00ebs shqiptare - FjALA e LIR\u00cb - Arkivi<\/title>\n<meta name=\"robots\" content=\"index, follow, max-snippet:-1, max-image-preview:large, max-video-preview:-1\" \/>\n<link rel=\"canonical\" href=\"https:\/\/fjala.info\/2009-2015\/debatet-me-telekomande-te-politikes-shqiptare\/\" \/>\n<meta property=\"og:locale\" content=\"sq_AL\" \/>\n<meta property=\"og:type\" content=\"article\" \/>\n<meta property=\"og:title\" content=\"Debatet me telekomand\u00eb t\u00eb politik\u00ebs shqiptare - FjALA e LIR\u00cb - Arkivi\" \/>\n<meta property=\"og:description\" content=\"Dorian Ko\u00e7i, 19.09.2011 Ngjarja m\u00eb e madhe televizive e fillimit t\u00eb shtatorit ishte rifillimi i sezonit t\u00eb ri televiziv dhe rikthimit t\u00eb emisioneve t\u00eb debatit n\u00eb ekran. Nd\u00ebrsa fillimi i sezonit t\u00eb ri televiziv nuk paraqiti ndonj\u00eb surpriz\u00eb t\u00eb rastit pasi formatet e emisioneve ishin pak a shum\u00eb ato q\u00eb kishin qen\u00eb dhe sezonin e [&hellip;]\" \/>\n<meta property=\"og:url\" content=\"https:\/\/fjala.info\/2009-2015\/debatet-me-telekomande-te-politikes-shqiptare\/\" \/>\n<meta property=\"og:site_name\" content=\"FjALA e LIR\u00cb - Arkivi\" \/>\n<meta property=\"article:published_time\" content=\"2011-09-20T21:29:03+00:00\" \/>\n<meta name=\"author\" content=\"admin\" \/>\n<meta name=\"twitter:card\" content=\"summary_large_image\" \/>\n<meta name=\"twitter:label1\" content=\"Written by\" \/>\n\t<meta name=\"twitter:data1\" content=\"admin\" \/>\n\t<meta name=\"twitter:label2\" content=\"Est. reading time\" \/>\n\t<meta name=\"twitter:data2\" content=\"5 minutes\" \/>\n<script type=\"application\/ld+json\" class=\"yoast-schema-graph\">{\"@context\":\"https:\\\/\\\/schema.org\",\"@graph\":[{\"@type\":\"Article\",\"@id\":\"https:\\\/\\\/fjala.info\\\/2009-2015\\\/debatet-me-telekomande-te-politikes-shqiptare\\\/#article\",\"isPartOf\":{\"@id\":\"https:\\\/\\\/fjala.info\\\/2009-2015\\\/debatet-me-telekomande-te-politikes-shqiptare\\\/\"},\"author\":{\"name\":\"admin\",\"@id\":\"https:\\\/\\\/fjala.info\\\/2009-2015\\\/#\\\/schema\\\/person\\\/3aa1163ef05469c496fc94e77611ada2\"},\"headline\":\"Debatet me telekomand\u00eb t\u00eb politik\u00ebs shqiptare\",\"datePublished\":\"2011-09-20T21:29:03+00:00\",\"mainEntityOfPage\":{\"@id\":\"https:\\\/\\\/fjala.info\\\/2009-2015\\\/debatet-me-telekomande-te-politikes-shqiptare\\\/\"},\"wordCount\":1054,\"commentCount\":0,\"publisher\":{\"@id\":\"https:\\\/\\\/fjala.info\\\/2009-2015\\\/#organization\"},\"articleSection\":[\"Artikuj\"],\"inLanguage\":\"sq-AL\",\"potentialAction\":[{\"@type\":\"CommentAction\",\"name\":\"Comment\",\"target\":[\"https:\\\/\\\/fjala.info\\\/2009-2015\\\/debatet-me-telekomande-te-politikes-shqiptare\\\/#respond\"]}]},{\"@type\":\"WebPage\",\"@id\":\"https:\\\/\\\/fjala.info\\\/2009-2015\\\/debatet-me-telekomande-te-politikes-shqiptare\\\/\",\"url\":\"https:\\\/\\\/fjala.info\\\/2009-2015\\\/debatet-me-telekomande-te-politikes-shqiptare\\\/\",\"name\":\"Debatet me telekomand\u00eb t\u00eb politik\u00ebs shqiptare - FjALA e LIR\u00cb - Arkivi\",\"isPartOf\":{\"@id\":\"https:\\\/\\\/fjala.info\\\/2009-2015\\\/#website\"},\"datePublished\":\"2011-09-20T21:29:03+00:00\",\"breadcrumb\":{\"@id\":\"https:\\\/\\\/fjala.info\\\/2009-2015\\\/debatet-me-telekomande-te-politikes-shqiptare\\\/#breadcrumb\"},\"inLanguage\":\"sq-AL\",\"potentialAction\":[{\"@type\":\"ReadAction\",\"target\":[\"https:\\\/\\\/fjala.info\\\/2009-2015\\\/debatet-me-telekomande-te-politikes-shqiptare\\\/\"]}]},{\"@type\":\"BreadcrumbList\",\"@id\":\"https:\\\/\\\/fjala.info\\\/2009-2015\\\/debatet-me-telekomande-te-politikes-shqiptare\\\/#breadcrumb\",\"itemListElement\":[{\"@type\":\"ListItem\",\"position\":1,\"name\":\"Home\",\"item\":\"https:\\\/\\\/fjala.info\\\/2009-2015\\\/\"},{\"@type\":\"ListItem\",\"position\":2,\"name\":\"Debatet me telekomand\u00eb t\u00eb politik\u00ebs shqiptare\"}]},{\"@type\":\"WebSite\",\"@id\":\"https:\\\/\\\/fjala.info\\\/2009-2015\\\/#website\",\"url\":\"https:\\\/\\\/fjala.info\\\/2009-2015\\\/\",\"name\":\"FjALA e LIR\u00cb - Arkivi\",\"description\":\"Arkivi 2009-2015\",\"publisher\":{\"@id\":\"https:\\\/\\\/fjala.info\\\/2009-2015\\\/#organization\"},\"potentialAction\":[{\"@type\":\"SearchAction\",\"target\":{\"@type\":\"EntryPoint\",\"urlTemplate\":\"https:\\\/\\\/fjala.info\\\/2009-2015\\\/?s={search_term_string}\"},\"query-input\":{\"@type\":\"PropertyValueSpecification\",\"valueRequired\":true,\"valueName\":\"search_term_string\"}}],\"inLanguage\":\"sq-AL\"},{\"@type\":\"Organization\",\"@id\":\"https:\\\/\\\/fjala.info\\\/2009-2015\\\/#organization\",\"name\":\"FjALA e LIR\u00cb - Arkivi\",\"url\":\"https:\\\/\\\/fjala.info\\\/2009-2015\\\/\",\"logo\":{\"@type\":\"ImageObject\",\"inLanguage\":\"sq-AL\",\"@id\":\"https:\\\/\\\/fjala.info\\\/2009-2015\\\/#\\\/schema\\\/logo\\\/image\\\/\",\"url\":\"\",\"contentUrl\":\"\",\"caption\":\"FjALA e LIR\u00cb - Arkivi\"},\"image\":{\"@id\":\"https:\\\/\\\/fjala.info\\\/2009-2015\\\/#\\\/schema\\\/logo\\\/image\\\/\"}},{\"@type\":\"Person\",\"@id\":\"https:\\\/\\\/fjala.info\\\/2009-2015\\\/#\\\/schema\\\/person\\\/3aa1163ef05469c496fc94e77611ada2\",\"name\":\"admin\",\"image\":{\"@type\":\"ImageObject\",\"inLanguage\":\"sq-AL\",\"@id\":\"https:\\\/\\\/fjala.info\\\/2009-2015\\\/wp-content\\\/uploads\\\/2012\\\/02\\\/arben_cokaj-120x150.jpg\",\"url\":\"https:\\\/\\\/fjala.info\\\/2009-2015\\\/wp-content\\\/uploads\\\/2012\\\/02\\\/arben_cokaj-120x150.jpg\",\"contentUrl\":\"https:\\\/\\\/fjala.info\\\/2009-2015\\\/wp-content\\\/uploads\\\/2012\\\/02\\\/arben_cokaj-120x150.jpg\",\"caption\":\"admin\"},\"description\":\"Admin, Fjala e Lir\u00eb\",\"sameAs\":[\"https:\\\/\\\/fjala.info\\\/\"],\"url\":\"https:\\\/\\\/fjala.info\\\/2009-2015\\\/author\\\/admin\\\/\"}]}<\/script>\n<!-- \/ Yoast SEO plugin. -->","yoast_head_json":{"title":"Debatet me telekomand\u00eb t\u00eb politik\u00ebs shqiptare - FjALA e LIR\u00cb - Arkivi","robots":{"index":"index","follow":"follow","max-snippet":"max-snippet:-1","max-image-preview":"max-image-preview:large","max-video-preview":"max-video-preview:-1"},"canonical":"https:\/\/fjala.info\/2009-2015\/debatet-me-telekomande-te-politikes-shqiptare\/","og_locale":"sq_AL","og_type":"article","og_title":"Debatet me telekomand\u00eb t\u00eb politik\u00ebs shqiptare - FjALA e LIR\u00cb - Arkivi","og_description":"Dorian Ko\u00e7i, 19.09.2011 Ngjarja m\u00eb e madhe televizive e fillimit t\u00eb shtatorit ishte rifillimi i sezonit t\u00eb ri televiziv dhe rikthimit t\u00eb emisioneve t\u00eb debatit n\u00eb ekran. Nd\u00ebrsa fillimi i sezonit t\u00eb ri televiziv nuk paraqiti ndonj\u00eb surpriz\u00eb t\u00eb rastit pasi formatet e emisioneve ishin pak a shum\u00eb ato q\u00eb kishin qen\u00eb dhe sezonin e [&hellip;]","og_url":"https:\/\/fjala.info\/2009-2015\/debatet-me-telekomande-te-politikes-shqiptare\/","og_site_name":"FjALA e LIR\u00cb - Arkivi","article_published_time":"2011-09-20T21:29:03+00:00","author":"admin","twitter_card":"summary_large_image","twitter_misc":{"Written by":"admin","Est. reading time":"5 minutes"},"schema":{"@context":"https:\/\/schema.org","@graph":[{"@type":"Article","@id":"https:\/\/fjala.info\/2009-2015\/debatet-me-telekomande-te-politikes-shqiptare\/#article","isPartOf":{"@id":"https:\/\/fjala.info\/2009-2015\/debatet-me-telekomande-te-politikes-shqiptare\/"},"author":{"name":"admin","@id":"https:\/\/fjala.info\/2009-2015\/#\/schema\/person\/3aa1163ef05469c496fc94e77611ada2"},"headline":"Debatet me telekomand\u00eb t\u00eb politik\u00ebs shqiptare","datePublished":"2011-09-20T21:29:03+00:00","mainEntityOfPage":{"@id":"https:\/\/fjala.info\/2009-2015\/debatet-me-telekomande-te-politikes-shqiptare\/"},"wordCount":1054,"commentCount":0,"publisher":{"@id":"https:\/\/fjala.info\/2009-2015\/#organization"},"articleSection":["Artikuj"],"inLanguage":"sq-AL","potentialAction":[{"@type":"CommentAction","name":"Comment","target":["https:\/\/fjala.info\/2009-2015\/debatet-me-telekomande-te-politikes-shqiptare\/#respond"]}]},{"@type":"WebPage","@id":"https:\/\/fjala.info\/2009-2015\/debatet-me-telekomande-te-politikes-shqiptare\/","url":"https:\/\/fjala.info\/2009-2015\/debatet-me-telekomande-te-politikes-shqiptare\/","name":"Debatet me telekomand\u00eb t\u00eb politik\u00ebs shqiptare - FjALA e LIR\u00cb - Arkivi","isPartOf":{"@id":"https:\/\/fjala.info\/2009-2015\/#website"},"datePublished":"2011-09-20T21:29:03+00:00","breadcrumb":{"@id":"https:\/\/fjala.info\/2009-2015\/debatet-me-telekomande-te-politikes-shqiptare\/#breadcrumb"},"inLanguage":"sq-AL","potentialAction":[{"@type":"ReadAction","target":["https:\/\/fjala.info\/2009-2015\/debatet-me-telekomande-te-politikes-shqiptare\/"]}]},{"@type":"BreadcrumbList","@id":"https:\/\/fjala.info\/2009-2015\/debatet-me-telekomande-te-politikes-shqiptare\/#breadcrumb","itemListElement":[{"@type":"ListItem","position":1,"name":"Home","item":"https:\/\/fjala.info\/2009-2015\/"},{"@type":"ListItem","position":2,"name":"Debatet me telekomand\u00eb t\u00eb politik\u00ebs shqiptare"}]},{"@type":"WebSite","@id":"https:\/\/fjala.info\/2009-2015\/#website","url":"https:\/\/fjala.info\/2009-2015\/","name":"FjALA e LIR\u00cb - Arkivi","description":"Arkivi 2009-2015","publisher":{"@id":"https:\/\/fjala.info\/2009-2015\/#organization"},"potentialAction":[{"@type":"SearchAction","target":{"@type":"EntryPoint","urlTemplate":"https:\/\/fjala.info\/2009-2015\/?s={search_term_string}"},"query-input":{"@type":"PropertyValueSpecification","valueRequired":true,"valueName":"search_term_string"}}],"inLanguage":"sq-AL"},{"@type":"Organization","@id":"https:\/\/fjala.info\/2009-2015\/#organization","name":"FjALA e LIR\u00cb - Arkivi","url":"https:\/\/fjala.info\/2009-2015\/","logo":{"@type":"ImageObject","inLanguage":"sq-AL","@id":"https:\/\/fjala.info\/2009-2015\/#\/schema\/logo\/image\/","url":"","contentUrl":"","caption":"FjALA e LIR\u00cb - Arkivi"},"image":{"@id":"https:\/\/fjala.info\/2009-2015\/#\/schema\/logo\/image\/"}},{"@type":"Person","@id":"https:\/\/fjala.info\/2009-2015\/#\/schema\/person\/3aa1163ef05469c496fc94e77611ada2","name":"admin","image":{"@type":"ImageObject","inLanguage":"sq-AL","@id":"https:\/\/fjala.info\/2009-2015\/wp-content\/uploads\/2012\/02\/arben_cokaj-120x150.jpg","url":"https:\/\/fjala.info\/2009-2015\/wp-content\/uploads\/2012\/02\/arben_cokaj-120x150.jpg","contentUrl":"https:\/\/fjala.info\/2009-2015\/wp-content\/uploads\/2012\/02\/arben_cokaj-120x150.jpg","caption":"admin"},"description":"Admin, Fjala e Lir\u00eb","sameAs":["https:\/\/fjala.info\/"],"url":"https:\/\/fjala.info\/2009-2015\/author\/admin\/"}]}},"_links":{"self":[{"href":"https:\/\/fjala.info\/2009-2015\/wp-json\/wp\/v2\/posts\/10545","targetHints":{"allow":["GET"]}}],"collection":[{"href":"https:\/\/fjala.info\/2009-2015\/wp-json\/wp\/v2\/posts"}],"about":[{"href":"https:\/\/fjala.info\/2009-2015\/wp-json\/wp\/v2\/types\/post"}],"author":[{"embeddable":true,"href":"https:\/\/fjala.info\/2009-2015\/wp-json\/wp\/v2\/users\/1"}],"replies":[{"embeddable":true,"href":"https:\/\/fjala.info\/2009-2015\/wp-json\/wp\/v2\/comments?post=10545"}],"version-history":[{"count":0,"href":"https:\/\/fjala.info\/2009-2015\/wp-json\/wp\/v2\/posts\/10545\/revisions"}],"wp:attachment":[{"href":"https:\/\/fjala.info\/2009-2015\/wp-json\/wp\/v2\/media?parent=10545"}],"wp:term":[{"taxonomy":"category","embeddable":true,"href":"https:\/\/fjala.info\/2009-2015\/wp-json\/wp\/v2\/categories?post=10545"},{"taxonomy":"post_tag","embeddable":true,"href":"https:\/\/fjala.info\/2009-2015\/wp-json\/wp\/v2\/tags?post=10545"}],"curies":[{"name":"wp","href":"https:\/\/api.w.org\/{rel}","templated":true}]}}