{"id":10541,"date":"2011-09-20T20:40:57","date_gmt":"2011-09-20T19:40:57","guid":{"rendered":"http:\/\/fjala.shkoder.net\/?p=10541"},"modified":"2011-09-20T20:40:57","modified_gmt":"2011-09-20T19:40:57","slug":"politizimi-i-regjistrimit-te-popullsise-ne-shqiperi","status":"publish","type":"post","link":"https:\/\/fjala.info\/2009-2015\/politizimi-i-regjistrimit-te-popullsise-ne-shqiperi\/","title":{"rendered":"POLITIZIMI I REGJISTRIMIT T\u00cb POPULLSIS\u00cb N\u00cb SHQIP\u00cbRI"},"content":{"rendered":"<p><em><strong>Diskursi sociopolitik<\/strong><\/em><br \/>\n<img decoding=\"async\" class=\"alignright size-thumbnail wp-image-7236\" title=\"Dr. Nail Draga\" src=\"http:\/\/www.shkoder.net\/images\/fjala\/nail_draga.jpg\" alt=\"\" width=\"150\" \/><br \/>\n<em>P\u00ebrfundimisht edhe Shqip\u00ebria do t\u00eb realizoj\u00eb regjistrimin e popullsis\u00eb, n\u00eb m\u00ebnyr\u00eb q\u00eb t\u00eb dihet realisht numri i popullsis\u00eb, por edhe i p\u00ebrkat\u00ebsis\u00eb s\u00eb tyre nacionale e fetare, por pa imponime dhe manipulime nga qarqe t\u00eb caktuara t\u00eb cilat vazhdimisht kan\u00eb d\u00ebshiruar q\u00eb Shqip\u00ebrin\u00eb ta trajtojn\u00eb si vend multietnik, qasje k\u00ebto anakronike dhe pa mbeshtetje faktografike.<\/em><\/p>\n<p><strong>Dr. Nail Draga<\/strong><\/p>\n<p>Nga fundi i vitit 2010, e m\u00eb pas tem\u00eb e diskutimeve t\u00eb shumta n\u00eb Shqip\u00ebri \u00ebsht\u00eb b\u00ebr\u00eb regjistrimi i paralajm\u00ebruar i popullsis\u00eb n\u00eb Shqip\u00ebri, me vet\u00ebdeklarim sipas p\u00ebrkat\u00ebsis\u00eb komb\u00ebtare, gjuh\u00ebsore dhe fetare. Ndonse u vendos q\u00eb regjistrimi t\u00eb mbahet n\u00eb pranver\u00eb t\u00eb vitit 2011, p\u00ebr shkak t\u00eb zgjedhjeve lokale ai u shty p\u00ebr n\u00eb vjesht\u00eb t\u00eb k\u00ebtij viti. N\u00eb lidhje me ket\u00eb \u00e7\u00ebshtje n\u00eb korrik t\u00eb k\u00ebtij viti Kuvendi i Shqip\u00ebris\u00eb miratoi Ligjin p\u00ebr regjistrimin e popullsis\u00eb i quajtur nga qeveria \u201cCenzus\u201d(mbledhje e informacionit me an\u00eb t\u00eb pyet\u00ebsor\u00ebve) n\u00eb kund\u00ebrshtim me ligjin, pasi mungonte numri i duhur i votave. P\u00ebr, votuan vet\u00ebm 69 deputet\u00eb, por n\u00eb munges\u00eb t\u00eb opozit\u00ebs dhe t\u00eb nj\u00eb faktori kontrollues, deputet\u00ebt e mazhoranc\u00ebs kan\u00eb votuar p\u00ebr dy koleg\u00ebt e PD q\u00eb mungonin.<br \/>\nRegjistrimi nis me 1 tetor<br \/>\nNdonse ka pasur kontestime nga qarqe t\u00eb ndryshme intelektuale dhe shoq\u00ebria civile, p\u00ebrfundimisht \u00ebsht\u00eb vendosur q\u00eb Regjistrimi i popullsis\u00eb dhe banesave q\u00eb ndryshe quhet census, starton n\u00eb dat\u00ebn 1 tetor. Qytetar\u00ebve do t\u2019ju duhen m\u00eb shum\u00eb se 20 minuta p\u00ebr t\u00eb plot\u00ebsuar formularin voluminoz prej 32 faqesh. Pyetjet jan\u00eb t\u00eb ndara n\u00eb dy grupe, ato q\u00eb jan\u00eb me detyrim p\u00ebrgjigjeje dhe q\u00eb kan\u00eb t\u00eb b\u00ebjn\u00eb me llojin e nd\u00ebrtes\u00ebs dhe banes\u00ebs, si dhe pyetje individuale.<\/p>\n<p>Nd\u00ebrsa pyetjet q\u00eb lidhen me p\u00ebrkat\u00ebsin\u00eb fetare dhe etnike, q\u00eb muajt e fundit kan\u00eb shkaktuar jo pak debate, jan\u00eb specifikuar si deklarim i lir\u00eb dhe jo i detyruesh\u00ebm. P\u00ebr t\u00eb realizuar censusin b\u00ebhet m\u00eb dije se INSTAT-i ka pun\u00ebsuar rreth 12 mij\u00eb anketues dhe pasi t\u00eb mblidhen t\u00eb dh\u00ebnat, nga muaji n\u00ebntor do t\u00eb kemi rezultatet paraprake mbi censusin.<br \/>\nB\u00ebhet m\u00eb dije po ashtu se INSTAT-i vet\u00ebm p\u00ebr k\u00ebt\u00eb periudh\u00eb, p\u00ebr periudh\u00ebn e censusit n\u00eb terren do t\u00eb angazhoj\u00eb af\u00ebrsisht rreth 15 mij\u00eb njer\u00ebz, 12 mij\u00eb do t\u00eb jen\u00eb anketues, rreth 2400 do jen\u00eb kontrollor\u00eb, nd\u00ebrsa pjesa tjet\u00ebr do jen\u00eb mbik\u00ebqyr\u00ebs. Do ket\u00eb grupe kontrolli dhe gjith\u00eb puna do zgjas\u00eb rreth 3 jav\u00eb, Nga ky pyet\u00ebsor p\u00ebr her\u00eb t\u00eb par\u00eb do t\u00eb ket\u00eb edhe statistika te sakta p\u00ebr emigrant\u00ebt. Kjo \u00ebsht\u00eb hera e dyt\u00eb pas vitit 1989 q\u00eb n\u00eb Shqip\u00ebri b\u00ebhet regjistrimi i popullsis\u00eb dhe banesave.<br \/>\nRegjistrimi i popullsis\u00eb dukuri normale n\u00eb \u00e7do shtet<br \/>\nN\u00eb \u00e7do vend t\u00eb Evrop\u00ebs dhe m\u00eb gjer\u00eb regjistrimi i popullsis\u00eb \u00ebsht\u00eb proces normal i cili realizohet nga institucionet shtet\u00ebrore brenda nj\u00eb periudhe t\u00eb caktuar kohore. Kryesisht ajo periudh\u00eb \u00ebsht\u00eb \u00e7do dhjet\u00eb viteve, nd\u00ebrsa t\u00eb dh\u00ebnat e publikuara p\u00ebr numrin e p\u00ebrgjithsh\u00ebm t\u00eb popullsis\u00eb, sipas strukturave t\u00eb ndryshme si nacionale, gjuh\u00ebsore, fetare, profesionale, gjinore, mosh\u00ebs etj., ofrojn\u00eb t\u00eb dh\u00ebna p\u00ebr plane t\u00eb ndryshme shoq\u00ebrore n\u00eb zhvillimin e p\u00ebrgjithsh\u00ebm t\u00eb vendit p\u00ebtkat\u00ebs.<br \/>\nN\u00eb vendet me tradit\u00eb demokratike regjistrimi i popullsis\u00eb dhe i ekonomive sht\u00ebpiake \u00ebsht\u00eb dukuri normale ku mbeshtetet nga t\u00eb gjitha strukturat qeveritare dhe subjektet e tjera relevante, nd\u00ebrsa p\u00ebrjashtim b\u00ebjn\u00eb shtetet jodemokratike. Ne k\u00ebt\u00eb aspekt, vendet nga ish kampi socialist n\u00eb Evrop\u00ebn Juglindore dhe m\u00eb gj\u00ebr\u00eb jan\u00eb model i ve\u00e7ant\u00eb, sepse n\u00eb saj\u00eb t\u00eb pushteteve totalitare n\u00eb t\u00eb kaluar\u00ebn, tash n\u00eb periudh\u00ebn e tranzicionit ende kemi t\u00eb b\u00ebjm\u00eb me shtete t\u00eb pakonsoloduara. N\u00eb ket\u00eb kategori pa dyshim b\u00ebn\u00eb pjes\u00eb Shqip\u00ebria, e cila ne prag t\u00eb regjistrimit t\u00eb popullsis\u00eb gjindet para sfidave t\u00eb m\u00ebdha.<br \/>\nE dh\u00ebna, se Shqip\u00ebria vazhdon t\u00eb ket\u00eb num\u00ebr t\u00eb madh t\u00eb popullsis\u00eb n\u00eb emigracion e ate kryesisht n\u00eb Greqi, q\u00eb ndaj shqiptar\u00ebve kan\u00eb qasje raciste, d\u00ebshmon se kemi t\u00eb b\u00ebjm\u00eb me nj\u00eb situat\u00eb aspak normale p\u00ebr koh\u00ebn e pluralizmit politik. Madje ekzistojn\u00eb t\u00eb dh\u00ebna se qarqe t\u00eb caktuara greke, presin publikimin e t\u00eb dh\u00ebnave sipas struktur\u00ebs nacionale t\u00eb popullsis\u00eb, p\u00ebr t\u00eb shprehur haptazi aspiratat ndaj shtetit shqiptar\u00eb p\u00ebrmes fantazm\u00ebs s\u00eb Vorio-Epirit.<br \/>\nAskush nuk \u00ebsht\u00eb kund\u00ebr regjistrimit objektiv t\u00eb popullsis\u00eb<br \/>\nDuhet th\u00ebn\u00eb qart\u00eb se askush nuk mund t\u00eb jet\u00eb regjistrimit t\u00eb popullsis\u00eb, sepse nj\u00eb veprim i till\u00eb \u00ebsht\u00eb obligim shtet\u00ebror ndaj qytetar\u00ebve t\u00eb vet, por edhe ndaj strukturave t\u00eb BE. Por, n\u00eb rastin e Shqip\u00ebris\u00eb \u00e7\u00ebshtja qendron n\u00eb nj\u00eb aspekt tjet\u00ebr, e ajo ka t\u00eb b\u00ebj\u00eb pik\u00ebrisht t\u00eb dilemat e manipulimit t\u00eb popullsis\u00eb n\u00eb rastin e vet\u00ebdeklarimit t\u00eb saj sidomos kur t\u00eb kemi t\u00eb b\u00ebjm\u00eb me struktur\u00ebn nacionale, gjuh\u00ebsore dhe fetare. E dh\u00ebna se nj\u00eb num\u00ebr i konsideruar i qytetar\u00ebve dhe shtetasve shqiptar\u00eb kan\u00eb ndryshuar komb\u00ebsin\u00eb nga shqiptare duke kaluar n\u00eb ate greke, d\u00ebshmon se nuk kemi kemi t\u00eb b\u00ebjm\u00eb me nj\u00eb dukuri t\u00eb rastit, por veprim strategjik t\u00eb qarqeve antishqiptare nga Greqia, sepse ata d\u00ebshirojn\u00eb q\u00eb t\u00eb rrisin n\u00eb m\u00ebnyr\u00eb artificiale numrin e minoritar\u00ebve grek\u00eb n\u00eb Shqip\u00ebri. Andaj, \u00ebsht\u00eb pik\u00ebrisht ky problemi ky\u00e7 i k\u00ebtij regjistrimi sepse nuk kemi t\u00eb b\u00ebjm\u00eb me vetdeklarim t\u00eb popullsis\u00eb ne baza reale, por me imponime dhe manipulime, duke rritur n\u00eb m\u00ebnyr\u00eb artificiale numrin e minoritetit grek. Pik\u00ebrisht, ky veprim perfid i qarqeve greke ka b\u00ebr\u00eb q\u00eb nj\u00eb num\u00ebr i konsideruar i qytetar\u00ebve shqiptar\u00eb, por edhe intelektual\u00ebve t\u00eb ndrysh\u00ebm t\u00eb deklarohen kund\u00ebr regjistrimit t\u00eb popullsis\u00eb n\u00eb baz\u00eb t\u00eb etnis\u00eb dhe t\u00eb fes\u00eb.<br \/>\nGrek\u00ebt k\u00ebrkojn\u00eb nga t\u00eb tjer\u00ebt ate q\u00eb s\u00eb b\u00ebjn\u00eb dot vet<br \/>\nAbsurdi i qasjeve greke ndaj regjistrimit t\u00eb popullsis\u00eb n\u00eb Shqip\u00ebri nuk ka t\u00eb ndalur. Madje ata k\u00ebrkojn\u00eb nga shqiptar\u00ebt q\u00eb t\u00eb realizojn\u00eb ate q\u00eb vet\u00eb nuk e b\u00ebjn\u00eb dot. Ndonse jan\u00eb pjes\u00ebtar\u00eb t\u00eb BE ata vazhdojn\u00eb me politik\u00ebn e vjet\u00ebr duke mohuar ekzistimin e pakicave nacionale n\u00eb Greqi, duke mos realizuar n\u00eb praktik\u00eb standard\u00ebt demokratike nd\u00ebrkomb\u00ebtare. Madje p\u00ebr grek\u00ebt vl\u00ebn th\u00ebnia \u201dmos b\u00ebj \u00e7ka b\u00ebj un\u00eb por b\u00ebj ate \u00e7ka them un\u00eb\u201d. Deri sa grek\u00ebt sill\u00ebn n\u00eb ket\u00eb m\u00ebnyr\u00eb me qytetar\u00ebt e tyre t\u00eb cil\u00ebve nuk iu pranojn\u00eb p\u00ebrkat\u00ebsin\u00eb e tyre nacionale, por iu mohojn\u00eb identitetin e tyre at\u00ebher\u00eb ata duhet injoruar n\u00eb maksimum, sepse ata nuk jan\u00eb model t\u00eb qasjeve demokratike dhe t\u00eb drejtave t\u00eb njeriut. Madje, ne rastin konkret politika e Shqip\u00ebris\u00eb, duhet t\u00eb jet\u00eb aktive e jo pasive e madje edhe servile, duke ndigjuar bro\u00e7kullat greke, sepse \u00e7\u00ebshtjet nga fusha e t\u00eb drejtave dhe lirive t\u00eb njeriut jan\u00eb obligim p\u00ebr \u00e7do shoq\u00ebri demokratike.<br \/>\nVet\u00ebdeklarimi e drejt\u00eb e \u00e7do qytetari<br \/>\nNuk ka dilem\u00eb se e drejt\u00eb elementare e \u00e7do qytetari kudo qoft\u00eb ai \u00ebsht\u00eb t\u00eb deklraohet n\u00eb pyet\u00ebsorin p\u00ebrkat\u00ebs n\u00eb t\u00eb gjitha pyetjet ku n\u00eb mes tjerash jan\u00eb edhe ne lidhje me struktur\u00ebn nacionale, gjuh\u00ebsore dhe fetare. I cek\u00ebm k\u00ebto kategori se jan\u00eb pik\u00ebrisht ata t\u00eb cilat kan\u00eb hapur debate m\u00eb s\u00eb shumti dhe dilema n\u00eb lidhje me k\u00ebt\u00eb regjistrim. N\u00eb vendet demokratike, nj\u00eb \u00e7\u00ebshtje e till\u00eb as q\u00eb diskutohet, por problemi ndodh n\u00eb vendet jodemokratike. N\u00eb k\u00ebt\u00eb grup b\u00ebjn\u00eb pjes\u00eb vendet ish pjes\u00ebtare t\u00eb kampit socialist n\u00eb t\u00ebr\u00eb Evrop\u00ebn, sepse vazhdimisht ka ekzistuar qasja e pushtetit p\u00ebr t\u00eb asimiluar pakicat nacionale, apo duke minimizuar numrin e tyre. N\u00eb ket\u00eb aspekt p\u00ebrjashtim nuk b\u00ebn\u00eb as Shqip\u00ebria, duke e ditur situat\u00ebn n\u00eb sistemin diktatorial p\u00ebr rreth gati pes\u00eb dekada. Por, n\u00eb periudh\u00ebn e pluralizmit me ndryshimin e rrethanave, jan\u00eb kriuar kushte p\u00ebr deklarim t\u00eb lir\u00eb t\u00eb qytetar\u00ebve edhe n\u00eb aspektin nacional, gjuh\u00ebsor dhe fetar si kudo n\u00eb bot\u00ebn e qytet\u00ebruar.<br \/>\nNdryshimi i komb\u00ebsis\u00eb p\u00ebr p\u00ebrfitime materiale<br \/>\nPor, ne ket\u00eb aspekt, n\u00eb shqip\u00ebri \u00ebsht\u00eb duke ndodhur nj\u00eb dukuri e p\u00ebr\u00e7udtshme, sepse n\u00eb saj\u00eb t\u00eb kushteve t\u00eb pavolitshme sociale, nj\u00eb num\u00ebr i konsideruar i qytetar\u00ebve me komb\u00ebsi shqiptare jan\u00eb duke ndryshuar komb\u00ebsin\u00eb shqiptare duke e pranuar ate greke. Dhe dukuri t\u00eb tilla ka plot n\u00eb jug t\u00eb Shqip\u00ebris\u00eb, ku \u00ebsht\u00eb d\u00ebshmuar madje edhe me vendime t\u00eb gjykatave. Pik\u00ebrisht, nj\u00eb veprim i till\u00eb ndokoj q\u00eb t\u00eb reagojn\u00eb subjekte, intelektual dhe qarqe t\u00eb ndryshme, duke k\u00ebrkuar madje q\u00eb n\u00eb regjistrimin e ardhsh\u00ebm t\u00eb popullsis\u00eb t\u00eb mos deklarohen qytetar\u00ebt sipas p\u00ebrkat\u00ebsis\u00eb etnike e fetare.<br \/>\nVeprim p\u00ebrfid i shtetit grek<br \/>\nSipas disa t\u00eb dh\u00ebnave aproksimative jan\u00eb rreth 30000 shtetas t\u00eb Shqip\u00ebris\u00eb q\u00eb marrin pensione nga shteti grek, e ate madje nga 300 euro n\u00eb muaj. Por, nuk jan\u00eb vet\u00ebm k\u00ebto benificione nga ana e shtetit grek, por edhe t\u00eb tjera si sigurimi i bursave p\u00ebr shkollim, hapja e shkollave greke n\u00eb Shqip\u00ebri etj., q\u00eb d\u00ebshmojn\u00eb se qarqet greke jan\u00eb mobilizuar n\u00eb maksimum q\u00eb numri i t\u00eb deklaruarve si grek n\u00eb aspektin komb\u00ebtar t\u00eb jet\u00eb m\u00eb i lart\u00eb se asnj\u00ebher deri tash, e kjo ka t\u00eb b\u00ebj enkas me jugun e Shqip\u00ebris\u00eb.<br \/>\nAleanca Kuq e Zi<br \/>\nPik\u00ebrisht, duke par\u00eb se \u00e7\u00ebshtja e regjistrimit t\u00eb popullsis\u00eb ka marr\u00eb p\u00ebrmasa politike, madje t\u00eb imponimit dhe manipulimit nga qarqe t\u00eb caktuara, u paraqit n\u00eb sken\u00eb ALEANCA KUQ E ZI, e cila n\u00eb fokus ka pik\u00ebrisht \u00e7\u00ebshtjen e regjistrimit t\u00eb popullsis\u00eb. Dhe ky grupim i qytetar\u00ebve, ka mbajtur takime me qytetar\u00eb jo vet\u00ebm n\u00eb Shqip\u00ebri, por edhe n\u00eb Ksov\u00eb e Maqedoni, duke shpjeguar rrezikun q\u00eb i kanos\u00ebt Shqip\u00ebris\u00eb pik\u00ebrisht nga regjistrimi jo real i popullsis\u00eb.<br \/>\nPrania e minoritet\u00ebve n\u00eb Shqip\u00ebri<br \/>\nNdonse si n\u00eb t\u00eb kaluar\u00ebn edhe tash n\u00eb Shqip\u00ebri dominon n\u00eb m\u00ebnyr\u00eb apsolute popullsia shqiptare, askush nuk e mohon pranin\u00eb e minoriteteve. Edhe pse numri i tyre nga statsitika zyrtare ka qen\u00eb minimal, kjo kategori qytetar\u00ebsh \u00ebsht\u00eb sinonim p\u00ebr p\u00ebr minoritar\u00ebt grek\u00eb, maqedonas n\u00eb jug dhe ato malazez n\u00eb veri. Askush i cili i trajton \u00e7\u00ebshtjet demografike n\u00eb m\u00ebnyr\u00eb profesionale, asnj\u00ebher\u00eb nuk ka mohuar pranin\u00eb e minoritet\u00ebve n\u00eb Shqip\u00ebri. Tjet\u00ebr \u00ebsht\u00eb qasja dhe trajtimi i k\u00ebsaj \u00e7\u00ebshtjeje, nga qarqe t\u00eb caktuara politike si n\u00eb Shqip\u00ebri dhe jasht\u00eb saj. Nuk ka dilem\u00eb se si n\u00eb t\u00eb kaluar\u00ebn por edhe tash sa i p\u00ebrket minoriteteve m\u00eb t\u00eb z\u00ebsh\u00ebm ishin pjestar\u00ebt e minoritetit grek e sidomos sponsor\u00ebt e tyre n\u00eb shtetin grek. Madje ata k\u00ebt\u00eb \u00e7\u00ebshtje e kan\u00eb politizuar n\u00eb p\u00ebrmasa t\u00eb m\u00ebdha, duke rikujtuar ideologjin\u00eb e shek.XIX e cila p\u00ebrfaq\u00ebsohej me \u201cMegali-iden\u00eb\u201d, nd\u00ebrsa k\u00ebtu theksohej p\u00ebrmes \u201cVorio-Epirit\u201d.P\u00ebrve\u00e7 minoritetit grek i cili \u00ebsht\u00eb i vendosur kryesisht n\u00eb jug t\u00eb Shqip\u00ebris\u00eb, si minoritete etnike, apo pakica nacionale jan\u00eb edhe maqedonasit dhe malazez\u00ebt. Nd\u00ebrsa si minoritet gjuh\u00ebsor-kulturor llogarit\u00ebn vlleh\u00ebt(arumun\u00ebt) dhe rom\u00ebt. Madje k\u00ebto t\u00eb fundit kan\u00eb nj\u00eb shp\u00ebrndarje territoriale n\u00eb t\u00ebr\u00eb Shqip\u00ebrin\u00eb, ku nuk jan\u00eb t\u00eb pak\u00ebt ata t\u00eb cil\u00ebt cekin se ky \u00ebsht\u00eb minoriteti m\u00eb n\u00eb num\u00ebr n\u00eb vend.<br \/>\nN\u00eb lidhje me k\u00ebt\u00eb \u00e7\u00ebshtje vit\u00ebve t\u00eb fundit, jan\u00eb paraqitur pik\u00ebpamje se n\u00eb Shqip\u00ebri nuk ekziston minoriteti maqedonas, sepse ata jan\u00eb bullgar dhe si t\u00eb till\u00eb duhet t\u00eb trajtohen nga qeveria e Shqip\u00ebris\u00eb. Nga qarqe t\u00eb caktuara bullgare cek\u00ebt se n\u00eb Shqip\u00ebri numri i tyre arrin rreth 100.000 banor\u00eb.<br \/>\nPra nuk mund t\u00eb mohohet prania e minoritet\u00ebve n\u00eb Shqip\u00ebri, por ata jan\u00eb me pjes\u00ebmarrje t\u00eb vog\u00ebl, n\u00eb kuad\u00ebr t\u00eb popullsis\u00eb s\u00eb p\u00ebrgjithshme, andaj nuk ekzistojn\u00eb gjasat praktike q\u00eb Shqip\u00ebria t\u00eb quhet vend multietnik, ashtu si\u00e7 d\u00ebshirojn\u00eb disa qarqe t\u00eb caktuara antishqiptare.<br \/>\nPor, sidoqoft\u00eb duhet t\u00eb presim t\u00eb dh\u00ebnat e para zyrtare n\u00eb lidhje me numrin e p\u00ebrgjithsh\u00ebm t\u00eb popullsis\u00eb, por edhe t\u00eb struktur\u00ebs nacionale dhe fetare n\u00eb ve\u00e7anti, q\u00eb parashihen ti prezantohen opinionit gjat\u00eb muajit n\u00ebntor t\u00eb k\u00ebtij viti.<\/p>\n","protected":false},"excerpt":{"rendered":"<p>Diskursi sociopolitik P\u00ebrfundimisht edhe Shqip\u00ebria do t\u00eb realizoj\u00eb regjistrimin e popullsis\u00eb, n\u00eb m\u00ebnyr\u00eb q\u00eb t\u00eb dihet realisht numri i popullsis\u00eb, por edhe i p\u00ebrkat\u00ebsis\u00eb s\u00eb tyre nacionale e fetare, por pa imponime dhe manipulime nga qarqe t\u00eb caktuara t\u00eb cilat vazhdimisht kan\u00eb d\u00ebshiruar q\u00eb Shqip\u00ebrin\u00eb ta trajtojn\u00eb si vend multietnik, qasje k\u00ebto anakronike dhe pa [&hellip;]<\/p>\n","protected":false},"author":1,"featured_media":0,"comment_status":"open","ping_status":"closed","sticky":false,"template":"","format":"standard","meta":{"footnotes":""},"categories":[2],"tags":[],"class_list":{"0":"post-10541","1":"post","2":"type-post","3":"status-publish","4":"format-standard","6":"category-artikuj"},"yoast_head":"<!-- This site is optimized with the Yoast SEO plugin v27.4 - https:\/\/yoast.com\/product\/yoast-seo-wordpress\/ -->\n<title>POLITIZIMI I REGJISTRIMIT T\u00cb POPULLSIS\u00cb N\u00cb SHQIP\u00cbRI - FjALA e LIR\u00cb - Arkivi<\/title>\n<meta name=\"robots\" content=\"index, follow, max-snippet:-1, max-image-preview:large, max-video-preview:-1\" \/>\n<link rel=\"canonical\" href=\"https:\/\/fjala.info\/2009-2015\/politizimi-i-regjistrimit-te-popullsise-ne-shqiperi\/\" \/>\n<meta property=\"og:locale\" content=\"sq_AL\" \/>\n<meta property=\"og:type\" content=\"article\" \/>\n<meta property=\"og:title\" content=\"POLITIZIMI I REGJISTRIMIT T\u00cb POPULLSIS\u00cb N\u00cb SHQIP\u00cbRI - FjALA e LIR\u00cb - Arkivi\" \/>\n<meta property=\"og:description\" content=\"Diskursi sociopolitik P\u00ebrfundimisht edhe Shqip\u00ebria do t\u00eb realizoj\u00eb regjistrimin e popullsis\u00eb, n\u00eb m\u00ebnyr\u00eb q\u00eb t\u00eb dihet realisht numri i popullsis\u00eb, por edhe i p\u00ebrkat\u00ebsis\u00eb s\u00eb tyre nacionale e fetare, por pa imponime dhe manipulime nga qarqe t\u00eb caktuara t\u00eb cilat vazhdimisht kan\u00eb d\u00ebshiruar q\u00eb Shqip\u00ebrin\u00eb ta trajtojn\u00eb si vend multietnik, qasje k\u00ebto anakronike dhe pa [&hellip;]\" \/>\n<meta property=\"og:url\" content=\"https:\/\/fjala.info\/2009-2015\/politizimi-i-regjistrimit-te-popullsise-ne-shqiperi\/\" \/>\n<meta property=\"og:site_name\" content=\"FjALA e LIR\u00cb - Arkivi\" \/>\n<meta property=\"article:published_time\" content=\"2011-09-20T19:40:57+00:00\" \/>\n<meta property=\"og:image\" content=\"http:\/\/www.shkoder.net\/images\/fjala\/nail_draga.jpg\" \/>\n<meta name=\"author\" content=\"admin\" \/>\n<meta name=\"twitter:card\" content=\"summary_large_image\" \/>\n<meta name=\"twitter:label1\" content=\"Written by\" \/>\n\t<meta name=\"twitter:data1\" content=\"admin\" \/>\n\t<meta name=\"twitter:label2\" content=\"Est. reading time\" \/>\n\t<meta name=\"twitter:data2\" content=\"11 minutes\" \/>\n<script type=\"application\/ld+json\" class=\"yoast-schema-graph\">{\"@context\":\"https:\\\/\\\/schema.org\",\"@graph\":[{\"@type\":\"Article\",\"@id\":\"https:\\\/\\\/fjala.info\\\/2009-2015\\\/politizimi-i-regjistrimit-te-popullsise-ne-shqiperi\\\/#article\",\"isPartOf\":{\"@id\":\"https:\\\/\\\/fjala.info\\\/2009-2015\\\/politizimi-i-regjistrimit-te-popullsise-ne-shqiperi\\\/\"},\"author\":{\"name\":\"admin\",\"@id\":\"https:\\\/\\\/fjala.info\\\/2009-2015\\\/#\\\/schema\\\/person\\\/3aa1163ef05469c496fc94e77611ada2\"},\"headline\":\"POLITIZIMI I REGJISTRIMIT T\u00cb POPULLSIS\u00cb N\u00cb SHQIP\u00cbRI\",\"datePublished\":\"2011-09-20T19:40:57+00:00\",\"mainEntityOfPage\":{\"@id\":\"https:\\\/\\\/fjala.info\\\/2009-2015\\\/politizimi-i-regjistrimit-te-popullsise-ne-shqiperi\\\/\"},\"wordCount\":2118,\"commentCount\":0,\"publisher\":{\"@id\":\"https:\\\/\\\/fjala.info\\\/2009-2015\\\/#organization\"},\"image\":{\"@id\":\"https:\\\/\\\/fjala.info\\\/2009-2015\\\/politizimi-i-regjistrimit-te-popullsise-ne-shqiperi\\\/#primaryimage\"},\"thumbnailUrl\":\"http:\\\/\\\/www.shkoder.net\\\/images\\\/fjala\\\/nail_draga.jpg\",\"articleSection\":[\"Artikuj\"],\"inLanguage\":\"sq-AL\",\"potentialAction\":[{\"@type\":\"CommentAction\",\"name\":\"Comment\",\"target\":[\"https:\\\/\\\/fjala.info\\\/2009-2015\\\/politizimi-i-regjistrimit-te-popullsise-ne-shqiperi\\\/#respond\"]}]},{\"@type\":\"WebPage\",\"@id\":\"https:\\\/\\\/fjala.info\\\/2009-2015\\\/politizimi-i-regjistrimit-te-popullsise-ne-shqiperi\\\/\",\"url\":\"https:\\\/\\\/fjala.info\\\/2009-2015\\\/politizimi-i-regjistrimit-te-popullsise-ne-shqiperi\\\/\",\"name\":\"POLITIZIMI I REGJISTRIMIT T\u00cb POPULLSIS\u00cb N\u00cb SHQIP\u00cbRI - FjALA e LIR\u00cb - Arkivi\",\"isPartOf\":{\"@id\":\"https:\\\/\\\/fjala.info\\\/2009-2015\\\/#website\"},\"primaryImageOfPage\":{\"@id\":\"https:\\\/\\\/fjala.info\\\/2009-2015\\\/politizimi-i-regjistrimit-te-popullsise-ne-shqiperi\\\/#primaryimage\"},\"image\":{\"@id\":\"https:\\\/\\\/fjala.info\\\/2009-2015\\\/politizimi-i-regjistrimit-te-popullsise-ne-shqiperi\\\/#primaryimage\"},\"thumbnailUrl\":\"http:\\\/\\\/www.shkoder.net\\\/images\\\/fjala\\\/nail_draga.jpg\",\"datePublished\":\"2011-09-20T19:40:57+00:00\",\"breadcrumb\":{\"@id\":\"https:\\\/\\\/fjala.info\\\/2009-2015\\\/politizimi-i-regjistrimit-te-popullsise-ne-shqiperi\\\/#breadcrumb\"},\"inLanguage\":\"sq-AL\",\"potentialAction\":[{\"@type\":\"ReadAction\",\"target\":[\"https:\\\/\\\/fjala.info\\\/2009-2015\\\/politizimi-i-regjistrimit-te-popullsise-ne-shqiperi\\\/\"]}]},{\"@type\":\"ImageObject\",\"inLanguage\":\"sq-AL\",\"@id\":\"https:\\\/\\\/fjala.info\\\/2009-2015\\\/politizimi-i-regjistrimit-te-popullsise-ne-shqiperi\\\/#primaryimage\",\"url\":\"http:\\\/\\\/www.shkoder.net\\\/images\\\/fjala\\\/nail_draga.jpg\",\"contentUrl\":\"http:\\\/\\\/www.shkoder.net\\\/images\\\/fjala\\\/nail_draga.jpg\"},{\"@type\":\"BreadcrumbList\",\"@id\":\"https:\\\/\\\/fjala.info\\\/2009-2015\\\/politizimi-i-regjistrimit-te-popullsise-ne-shqiperi\\\/#breadcrumb\",\"itemListElement\":[{\"@type\":\"ListItem\",\"position\":1,\"name\":\"Home\",\"item\":\"https:\\\/\\\/fjala.info\\\/2009-2015\\\/\"},{\"@type\":\"ListItem\",\"position\":2,\"name\":\"POLITIZIMI I REGJISTRIMIT T\u00cb POPULLSIS\u00cb N\u00cb SHQIP\u00cbRI\"}]},{\"@type\":\"WebSite\",\"@id\":\"https:\\\/\\\/fjala.info\\\/2009-2015\\\/#website\",\"url\":\"https:\\\/\\\/fjala.info\\\/2009-2015\\\/\",\"name\":\"FjALA e LIR\u00cb - Arkivi\",\"description\":\"Arkivi 2009-2015\",\"publisher\":{\"@id\":\"https:\\\/\\\/fjala.info\\\/2009-2015\\\/#organization\"},\"potentialAction\":[{\"@type\":\"SearchAction\",\"target\":{\"@type\":\"EntryPoint\",\"urlTemplate\":\"https:\\\/\\\/fjala.info\\\/2009-2015\\\/?s={search_term_string}\"},\"query-input\":{\"@type\":\"PropertyValueSpecification\",\"valueRequired\":true,\"valueName\":\"search_term_string\"}}],\"inLanguage\":\"sq-AL\"},{\"@type\":\"Organization\",\"@id\":\"https:\\\/\\\/fjala.info\\\/2009-2015\\\/#organization\",\"name\":\"FjALA e LIR\u00cb - Arkivi\",\"url\":\"https:\\\/\\\/fjala.info\\\/2009-2015\\\/\",\"logo\":{\"@type\":\"ImageObject\",\"inLanguage\":\"sq-AL\",\"@id\":\"https:\\\/\\\/fjala.info\\\/2009-2015\\\/#\\\/schema\\\/logo\\\/image\\\/\",\"url\":\"\",\"contentUrl\":\"\",\"caption\":\"FjALA e LIR\u00cb - Arkivi\"},\"image\":{\"@id\":\"https:\\\/\\\/fjala.info\\\/2009-2015\\\/#\\\/schema\\\/logo\\\/image\\\/\"}},{\"@type\":\"Person\",\"@id\":\"https:\\\/\\\/fjala.info\\\/2009-2015\\\/#\\\/schema\\\/person\\\/3aa1163ef05469c496fc94e77611ada2\",\"name\":\"admin\",\"image\":{\"@type\":\"ImageObject\",\"inLanguage\":\"sq-AL\",\"@id\":\"https:\\\/\\\/fjala.info\\\/2009-2015\\\/wp-content\\\/uploads\\\/2012\\\/02\\\/arben_cokaj-120x150.jpg\",\"url\":\"https:\\\/\\\/fjala.info\\\/2009-2015\\\/wp-content\\\/uploads\\\/2012\\\/02\\\/arben_cokaj-120x150.jpg\",\"contentUrl\":\"https:\\\/\\\/fjala.info\\\/2009-2015\\\/wp-content\\\/uploads\\\/2012\\\/02\\\/arben_cokaj-120x150.jpg\",\"caption\":\"admin\"},\"description\":\"Admin, Fjala e Lir\u00eb\",\"sameAs\":[\"https:\\\/\\\/fjala.info\\\/\"],\"url\":\"https:\\\/\\\/fjala.info\\\/2009-2015\\\/author\\\/admin\\\/\"}]}<\/script>\n<!-- \/ Yoast SEO plugin. -->","yoast_head_json":{"title":"POLITIZIMI I REGJISTRIMIT T\u00cb POPULLSIS\u00cb N\u00cb SHQIP\u00cbRI - FjALA e LIR\u00cb - Arkivi","robots":{"index":"index","follow":"follow","max-snippet":"max-snippet:-1","max-image-preview":"max-image-preview:large","max-video-preview":"max-video-preview:-1"},"canonical":"https:\/\/fjala.info\/2009-2015\/politizimi-i-regjistrimit-te-popullsise-ne-shqiperi\/","og_locale":"sq_AL","og_type":"article","og_title":"POLITIZIMI I REGJISTRIMIT T\u00cb POPULLSIS\u00cb N\u00cb SHQIP\u00cbRI - FjALA e LIR\u00cb - Arkivi","og_description":"Diskursi sociopolitik P\u00ebrfundimisht edhe Shqip\u00ebria do t\u00eb realizoj\u00eb regjistrimin e popullsis\u00eb, n\u00eb m\u00ebnyr\u00eb q\u00eb t\u00eb dihet realisht numri i popullsis\u00eb, por edhe i p\u00ebrkat\u00ebsis\u00eb s\u00eb tyre nacionale e fetare, por pa imponime dhe manipulime nga qarqe t\u00eb caktuara t\u00eb cilat vazhdimisht kan\u00eb d\u00ebshiruar q\u00eb Shqip\u00ebrin\u00eb ta trajtojn\u00eb si vend multietnik, qasje k\u00ebto anakronike dhe pa [&hellip;]","og_url":"https:\/\/fjala.info\/2009-2015\/politizimi-i-regjistrimit-te-popullsise-ne-shqiperi\/","og_site_name":"FjALA e LIR\u00cb - Arkivi","article_published_time":"2011-09-20T19:40:57+00:00","og_image":[{"url":"http:\/\/www.shkoder.net\/images\/fjala\/nail_draga.jpg","type":"","width":"","height":""}],"author":"admin","twitter_card":"summary_large_image","twitter_misc":{"Written by":"admin","Est. reading time":"11 minutes"},"schema":{"@context":"https:\/\/schema.org","@graph":[{"@type":"Article","@id":"https:\/\/fjala.info\/2009-2015\/politizimi-i-regjistrimit-te-popullsise-ne-shqiperi\/#article","isPartOf":{"@id":"https:\/\/fjala.info\/2009-2015\/politizimi-i-regjistrimit-te-popullsise-ne-shqiperi\/"},"author":{"name":"admin","@id":"https:\/\/fjala.info\/2009-2015\/#\/schema\/person\/3aa1163ef05469c496fc94e77611ada2"},"headline":"POLITIZIMI I REGJISTRIMIT T\u00cb POPULLSIS\u00cb N\u00cb SHQIP\u00cbRI","datePublished":"2011-09-20T19:40:57+00:00","mainEntityOfPage":{"@id":"https:\/\/fjala.info\/2009-2015\/politizimi-i-regjistrimit-te-popullsise-ne-shqiperi\/"},"wordCount":2118,"commentCount":0,"publisher":{"@id":"https:\/\/fjala.info\/2009-2015\/#organization"},"image":{"@id":"https:\/\/fjala.info\/2009-2015\/politizimi-i-regjistrimit-te-popullsise-ne-shqiperi\/#primaryimage"},"thumbnailUrl":"http:\/\/www.shkoder.net\/images\/fjala\/nail_draga.jpg","articleSection":["Artikuj"],"inLanguage":"sq-AL","potentialAction":[{"@type":"CommentAction","name":"Comment","target":["https:\/\/fjala.info\/2009-2015\/politizimi-i-regjistrimit-te-popullsise-ne-shqiperi\/#respond"]}]},{"@type":"WebPage","@id":"https:\/\/fjala.info\/2009-2015\/politizimi-i-regjistrimit-te-popullsise-ne-shqiperi\/","url":"https:\/\/fjala.info\/2009-2015\/politizimi-i-regjistrimit-te-popullsise-ne-shqiperi\/","name":"POLITIZIMI I REGJISTRIMIT T\u00cb POPULLSIS\u00cb N\u00cb SHQIP\u00cbRI - FjALA e LIR\u00cb - Arkivi","isPartOf":{"@id":"https:\/\/fjala.info\/2009-2015\/#website"},"primaryImageOfPage":{"@id":"https:\/\/fjala.info\/2009-2015\/politizimi-i-regjistrimit-te-popullsise-ne-shqiperi\/#primaryimage"},"image":{"@id":"https:\/\/fjala.info\/2009-2015\/politizimi-i-regjistrimit-te-popullsise-ne-shqiperi\/#primaryimage"},"thumbnailUrl":"http:\/\/www.shkoder.net\/images\/fjala\/nail_draga.jpg","datePublished":"2011-09-20T19:40:57+00:00","breadcrumb":{"@id":"https:\/\/fjala.info\/2009-2015\/politizimi-i-regjistrimit-te-popullsise-ne-shqiperi\/#breadcrumb"},"inLanguage":"sq-AL","potentialAction":[{"@type":"ReadAction","target":["https:\/\/fjala.info\/2009-2015\/politizimi-i-regjistrimit-te-popullsise-ne-shqiperi\/"]}]},{"@type":"ImageObject","inLanguage":"sq-AL","@id":"https:\/\/fjala.info\/2009-2015\/politizimi-i-regjistrimit-te-popullsise-ne-shqiperi\/#primaryimage","url":"http:\/\/www.shkoder.net\/images\/fjala\/nail_draga.jpg","contentUrl":"http:\/\/www.shkoder.net\/images\/fjala\/nail_draga.jpg"},{"@type":"BreadcrumbList","@id":"https:\/\/fjala.info\/2009-2015\/politizimi-i-regjistrimit-te-popullsise-ne-shqiperi\/#breadcrumb","itemListElement":[{"@type":"ListItem","position":1,"name":"Home","item":"https:\/\/fjala.info\/2009-2015\/"},{"@type":"ListItem","position":2,"name":"POLITIZIMI I REGJISTRIMIT T\u00cb POPULLSIS\u00cb N\u00cb SHQIP\u00cbRI"}]},{"@type":"WebSite","@id":"https:\/\/fjala.info\/2009-2015\/#website","url":"https:\/\/fjala.info\/2009-2015\/","name":"FjALA e LIR\u00cb - Arkivi","description":"Arkivi 2009-2015","publisher":{"@id":"https:\/\/fjala.info\/2009-2015\/#organization"},"potentialAction":[{"@type":"SearchAction","target":{"@type":"EntryPoint","urlTemplate":"https:\/\/fjala.info\/2009-2015\/?s={search_term_string}"},"query-input":{"@type":"PropertyValueSpecification","valueRequired":true,"valueName":"search_term_string"}}],"inLanguage":"sq-AL"},{"@type":"Organization","@id":"https:\/\/fjala.info\/2009-2015\/#organization","name":"FjALA e LIR\u00cb - Arkivi","url":"https:\/\/fjala.info\/2009-2015\/","logo":{"@type":"ImageObject","inLanguage":"sq-AL","@id":"https:\/\/fjala.info\/2009-2015\/#\/schema\/logo\/image\/","url":"","contentUrl":"","caption":"FjALA e LIR\u00cb - Arkivi"},"image":{"@id":"https:\/\/fjala.info\/2009-2015\/#\/schema\/logo\/image\/"}},{"@type":"Person","@id":"https:\/\/fjala.info\/2009-2015\/#\/schema\/person\/3aa1163ef05469c496fc94e77611ada2","name":"admin","image":{"@type":"ImageObject","inLanguage":"sq-AL","@id":"https:\/\/fjala.info\/2009-2015\/wp-content\/uploads\/2012\/02\/arben_cokaj-120x150.jpg","url":"https:\/\/fjala.info\/2009-2015\/wp-content\/uploads\/2012\/02\/arben_cokaj-120x150.jpg","contentUrl":"https:\/\/fjala.info\/2009-2015\/wp-content\/uploads\/2012\/02\/arben_cokaj-120x150.jpg","caption":"admin"},"description":"Admin, Fjala e Lir\u00eb","sameAs":["https:\/\/fjala.info\/"],"url":"https:\/\/fjala.info\/2009-2015\/author\/admin\/"}]}},"_links":{"self":[{"href":"https:\/\/fjala.info\/2009-2015\/wp-json\/wp\/v2\/posts\/10541","targetHints":{"allow":["GET"]}}],"collection":[{"href":"https:\/\/fjala.info\/2009-2015\/wp-json\/wp\/v2\/posts"}],"about":[{"href":"https:\/\/fjala.info\/2009-2015\/wp-json\/wp\/v2\/types\/post"}],"author":[{"embeddable":true,"href":"https:\/\/fjala.info\/2009-2015\/wp-json\/wp\/v2\/users\/1"}],"replies":[{"embeddable":true,"href":"https:\/\/fjala.info\/2009-2015\/wp-json\/wp\/v2\/comments?post=10541"}],"version-history":[{"count":0,"href":"https:\/\/fjala.info\/2009-2015\/wp-json\/wp\/v2\/posts\/10541\/revisions"}],"wp:attachment":[{"href":"https:\/\/fjala.info\/2009-2015\/wp-json\/wp\/v2\/media?parent=10541"}],"wp:term":[{"taxonomy":"category","embeddable":true,"href":"https:\/\/fjala.info\/2009-2015\/wp-json\/wp\/v2\/categories?post=10541"},{"taxonomy":"post_tag","embeddable":true,"href":"https:\/\/fjala.info\/2009-2015\/wp-json\/wp\/v2\/tags?post=10541"}],"curies":[{"name":"wp","href":"https:\/\/api.w.org\/{rel}","templated":true}]}}