{"id":10533,"date":"2011-09-18T23:03:05","date_gmt":"2011-09-18T22:03:05","guid":{"rendered":"http:\/\/fjala.shkoder.net\/?p=10533"},"modified":"2011-09-18T23:03:05","modified_gmt":"2011-09-18T22:03:05","slug":"ndrangheta-dhe-hija-e-ministres-shqiptare","status":"publish","type":"post","link":"https:\/\/fjala.info\/2009-2015\/ndrangheta-dhe-hija-e-ministres-shqiptare\/","title":{"rendered":"N\u2019drangheta dhe hija e ministres shqiptare*"},"content":{"rendered":"<p><img decoding=\"async\" class=\"alignright size-thumbnail wp-image-7236\" title=\"Majlinda Bregu dhe Berishs\" src=\"http:\/\/www.shkoder.net\/images\/fjala\/2011\/majlinda_bregu_berisha.jpg\" alt=\"\" width=\"300\" \/> Nga <strong>MARZIA PARINI<\/strong><\/p>\n<p>Gjyqi mbi aferat e reja t\u00eb Sacra Corona Unita, makineri p\u00ebr loj\u00ebrat e fatit, kazino dhe natyrisht drog\u00eb n\u00eb trek\u00ebnd\u00ebshin Puglia-Calabria-Albania, do t\u00eb b\u00ebhet. Gjykat\u00ebsi p\u00ebr hetime paraprake i gjykat\u00ebs s\u00eb Le\u00e7es, Karlo Kazela (Carlo Cazzella) ka pranuar k\u00ebrkes\u00ebn e prokurorit Alberto Santacatterina p\u00ebr nisje gjykimi ndaj grupit t\u00eb ri t\u00eb mafies salentine. Do t\u00eb sillen para trup\u00ebs gjykuese t\u00eb Gjykat\u00ebs s\u00eb Barit n\u00eb 16 n\u00ebntor t\u00eb k\u00ebtij viti 10 persona: Daniele Vicientino, 36 vje\u00e7 Albino Prudentino, 59 vje\u00e7; Nicola Nigro, 36 vje\u00e7; Bruno Bembi, 48 vje\u00e7; Maurizio e Giovanni Vicientino (kush\u00ebrinjt\u00eb e boss) 34 e 58 vje\u00e7; Angelo Cavallo, 38 vje\u00e7; Tiziano Maggio, 33 vje\u00e7; Tobia Parisi, 30 vje\u00e7. I nj\u00ebmb\u00ebdhjeti ka pranuar t\u00eb bashk\u00ebpunoj\u00eb me drejt\u00ebsin\u00eb dhe ka fituar statusin e bashk\u00ebpun\u00ebtorit. Ai \u00ebsht\u00eb Ercole Penna, 36 vje\u00e7 dhe do t\u00eb gjykohet n\u00eb nj\u00eb proces tjet\u00ebr ve\u00e7mas me gjyq t\u00eb p\u00ebrshpejtuar.<\/p>\n<p><strong>Hetimet, t\u00eb pandehurit dhe i penduari<\/strong><\/p>\n<p>Hetimet nis\u00ebn n\u00eb 2008 dhe kulmuan n\u00eb fundin e shtatorit t\u00eb vitit t\u00eb kaluar me operacionin Kalipso, firmosur nga forcat speciale ROS t\u00eb koordinuara me Antimafian e Le\u00e7es, ku u arrestuan 8 nga 11 t\u00eb k\u00ebrkuarit me akuz\u00ebn e krijimit dhe pjes\u00ebmarrjes n\u00eb organizat\u00eb mafioze me q\u00ebllim trafikun e drog\u00ebs dhe grabitjet. P\u00ebrfundojn\u00eb n\u00eb pranga t\u00eb gjith\u00eb p\u00ebrve\u00e7 treve: kreu i krer\u00ebve Daniele Vicientino, krahu i tij i djatht\u00eb Tobia Parisi (t\u00eb cil\u00ebt u kap\u00ebn nj\u00eb muaj m\u00eb von\u00eb) dhe Prudentino q\u00eb u kap n\u00eb Shqip\u00ebri, ku sipas hetuesve, do inaguronte kazinon\u00eb e mark\u00ebs s\u00eb re SCU.<\/p>\n<p>Disa muaj m\u00eb pas n\u00eb n\u00ebntor t\u00eb vitit t\u00eb kaluar, Ercole Penna \u2013 q\u00eb trash\u00ebgoi skeptrin e komand\u00ebs direkt nga duart e themeluesve Massimo Pasimeni e Antonio Vitale (alias \u201cDh\u00ebmbi i vog\u00ebl\u201d dhe \u201cMarokeni\u201d), \u2013 pendohet. N\u00eb dosje jan\u00eb edhe d\u00ebshmit\u00eb e Pennas q\u00eb do t\u00eb zbulojn\u00eb lidhjet mes SCU dhe \u2018ndraghet\u00ebs kalabreze, furnitorja kryesore e kokain\u00ebs dhe drogave t\u00eb lehta p\u00ebr mafien salentine.<\/p>\n<p><strong>SCU (Sacra Corona Unita) dhe N\u2019drangheta<\/strong><\/p>\n<p>Kryeprokurori Cataldo Motta disa her\u00eb ka folur p\u00ebr lidhjen mes SCU dhe ndraget\u00ebs kalabreze. D\u00ebshmia e t\u00eb penduarit n\u00eb k\u00ebt\u00eb pik\u00eb thot\u00eb:<\/p>\n<p>\u201cSi\u00e7 kam referuar n\u00eb marrjet e m\u00ebparshme n\u00eb pyetje, Daniele Vicientino bashk\u00eb me Vitalen dhe Pasimenin merreshin me trafikun e drog\u00ebs dhe grabitjet. P\u00ebr t\u00eb par\u00ebn bashk\u00eb me mua trafikonim hashash dhe kokain\u00eb q\u00eb ai e shp\u00ebrndante m\u00eb pas n\u00eb treg me djemt\u00eb e vet. Burimet tona t\u00eb furnizimit ishin t\u00eb ndryshme: kujtoj p\u00ebrshembull q\u00eb kokain\u00ebn e merrnim nga nj\u00eb shqiptar dhe n\u00eb ve\u00e7anti furnizohej n\u00eb Kalabri\u201d.<\/p>\n<p>Por Megna i Ndraget\u00ebs preferohej: \u201cKishim lidhje me nj\u00eb an\u00ebtar t\u00eb deg\u00ebs s\u00eb ndraget\u00ebs n\u00eb Papani\u00e7e n\u00eb provinc\u00ebn e Krotones, q\u00eb quhej Mico Megna. Raportet me ta i lidha gjat\u00eb periudh\u00ebs s\u00eb burgimit n\u00eb burgun e Foxhias ku njoha nipin e Michele Bolognino, i cili m\u00eb pas u tranferua n\u00eb burgun e Bolonjas ku njohu edhe Vicientino-n. Nuk \u00ebsht\u00eb e rastit q\u00eb n\u00eb ceremonit\u00eb tona n\u00eb nivelet m\u00eb t\u00eb larta merrte gjithmon\u00eb pjes\u00eb si i ftuar pik\u00ebrisht Mico Megna. Ishin t\u00eb shumta her\u00ebt q\u00eb Vicientino i d\u00ebrgonte djemt\u00eb n\u00eb Kalabri p\u00ebr t\u00eb marr\u00eb drog\u00eb pik\u00ebrisht nga djemt\u00eb e Mico Megna-s\u201d.<\/p>\n<p><strong>Puglia-Albania, hija e ministres Bregu<\/strong><\/p>\n<p>Akuza e dyt\u00ebdelnga fakti q\u00eb sipas hetimeve, klanet kishin gjetur n\u00eb kontrollin e xhiros s\u00eb videoloj\u00ebrave nj\u00eb afer\u00eb t\u00eb re ve\u00e7an\u00ebrisht fitimprur\u00ebse. Drejtuesve t\u00eb lokaleve u impostohej blerja e makinave me furnitor Prudentinon, n\u00eb raste t\u00eb tjera u merrej rryshfeti klasik mujor si garanci p\u00ebr ti mbrojtur nga sulmet.<\/p>\n<p>Por veza e re e art\u00eb ishte gjendur p\u00ebrtej brigjeve, n\u00eb atdheun e shqiponjave, ku pak dit\u00eb pas blicit t\u00eb karabinier\u00ebve ishte planifikuar t\u00eb mbahej inaugurimi i kazinos\u00eb s\u00eb Albino Prudentinos. Angelo, djali i Albinos ishte partner biznesi dhe themelues n\u00eb tre kompani t\u00eb motr\u00ebs s\u00eb ministres s\u00eb integrimit n\u00eb Tiran\u00eb Majlinda Bregu. T\u00eb tria shoq\u00ebrit\u00eb merreshin me bastet sportive dhe loj\u00ebrat e fatit. Egzakt\u00ebsisht, horizonti i ri i afer\u00ebs q\u00eb mban vul\u00ebn \u201cSacra Corona Unita\u201d.<\/p>\n<p>*<em>Marr\u00eb me shkurtime nga gazeta italiane \u201cLa Repubblica\u201d dat\u00eb 16 shtator 2011. Titulli n\u00eb origjinal \u201cLa n\u2019drangheta e l\u2019ombra del ministro Albanese\u201d<\/em><\/p>\n","protected":false},"excerpt":{"rendered":"<p>Nga MARZIA PARINI Gjyqi mbi aferat e reja t\u00eb Sacra Corona Unita, makineri p\u00ebr loj\u00ebrat e fatit, kazino dhe natyrisht drog\u00eb n\u00eb trek\u00ebnd\u00ebshin Puglia-Calabria-Albania, do t\u00eb b\u00ebhet. Gjykat\u00ebsi p\u00ebr hetime paraprake i gjykat\u00ebs s\u00eb Le\u00e7es, Karlo Kazela (Carlo Cazzella) ka pranuar k\u00ebrkes\u00ebn e prokurorit Alberto Santacatterina p\u00ebr nisje gjykimi ndaj grupit t\u00eb ri t\u00eb mafies [&hellip;]<\/p>\n","protected":false},"author":1,"featured_media":0,"comment_status":"open","ping_status":"closed","sticky":false,"template":"","format":"standard","meta":{"footnotes":""},"categories":[2],"tags":[],"class_list":{"0":"post-10533","1":"post","2":"type-post","3":"status-publish","4":"format-standard","6":"category-artikuj"},"yoast_head":"<!-- This site is optimized with the Yoast SEO plugin v27.4 - https:\/\/yoast.com\/product\/yoast-seo-wordpress\/ -->\n<title>N\u2019drangheta dhe hija e ministres shqiptare* - FjALA e LIR\u00cb - Arkivi<\/title>\n<meta name=\"robots\" content=\"index, follow, max-snippet:-1, max-image-preview:large, max-video-preview:-1\" \/>\n<link rel=\"canonical\" href=\"https:\/\/fjala.info\/2009-2015\/ndrangheta-dhe-hija-e-ministres-shqiptare\/\" \/>\n<meta property=\"og:locale\" content=\"sq_AL\" \/>\n<meta property=\"og:type\" content=\"article\" \/>\n<meta property=\"og:title\" content=\"N\u2019drangheta dhe hija e ministres shqiptare* - FjALA e LIR\u00cb - Arkivi\" \/>\n<meta property=\"og:description\" content=\"Nga MARZIA PARINI Gjyqi mbi aferat e reja t\u00eb Sacra Corona Unita, makineri p\u00ebr loj\u00ebrat e fatit, kazino dhe natyrisht drog\u00eb n\u00eb trek\u00ebnd\u00ebshin Puglia-Calabria-Albania, do t\u00eb b\u00ebhet. Gjykat\u00ebsi p\u00ebr hetime paraprake i gjykat\u00ebs s\u00eb Le\u00e7es, Karlo Kazela (Carlo Cazzella) ka pranuar k\u00ebrkes\u00ebn e prokurorit Alberto Santacatterina p\u00ebr nisje gjykimi ndaj grupit t\u00eb ri t\u00eb mafies [&hellip;]\" \/>\n<meta property=\"og:url\" content=\"https:\/\/fjala.info\/2009-2015\/ndrangheta-dhe-hija-e-ministres-shqiptare\/\" \/>\n<meta property=\"og:site_name\" content=\"FjALA e LIR\u00cb - Arkivi\" \/>\n<meta property=\"article:published_time\" content=\"2011-09-18T22:03:05+00:00\" \/>\n<meta property=\"og:image\" content=\"http:\/\/www.shkoder.net\/images\/fjala\/2011\/majlinda_bregu_berisha.jpg\" \/>\n<meta name=\"author\" content=\"admin\" \/>\n<meta name=\"twitter:card\" content=\"summary_large_image\" \/>\n<meta name=\"twitter:label1\" content=\"Written by\" \/>\n\t<meta name=\"twitter:data1\" content=\"admin\" \/>\n\t<meta name=\"twitter:label2\" content=\"Est. reading time\" \/>\n\t<meta name=\"twitter:data2\" content=\"4 minutes\" \/>\n<script type=\"application\/ld+json\" class=\"yoast-schema-graph\">{\"@context\":\"https:\\\/\\\/schema.org\",\"@graph\":[{\"@type\":\"Article\",\"@id\":\"https:\\\/\\\/fjala.info\\\/2009-2015\\\/ndrangheta-dhe-hija-e-ministres-shqiptare\\\/#article\",\"isPartOf\":{\"@id\":\"https:\\\/\\\/fjala.info\\\/2009-2015\\\/ndrangheta-dhe-hija-e-ministres-shqiptare\\\/\"},\"author\":{\"name\":\"admin\",\"@id\":\"https:\\\/\\\/fjala.info\\\/2009-2015\\\/#\\\/schema\\\/person\\\/3aa1163ef05469c496fc94e77611ada2\"},\"headline\":\"N\u2019drangheta dhe hija e ministres shqiptare*\",\"datePublished\":\"2011-09-18T22:03:05+00:00\",\"mainEntityOfPage\":{\"@id\":\"https:\\\/\\\/fjala.info\\\/2009-2015\\\/ndrangheta-dhe-hija-e-ministres-shqiptare\\\/\"},\"wordCount\":738,\"commentCount\":0,\"publisher\":{\"@id\":\"https:\\\/\\\/fjala.info\\\/2009-2015\\\/#organization\"},\"image\":{\"@id\":\"https:\\\/\\\/fjala.info\\\/2009-2015\\\/ndrangheta-dhe-hija-e-ministres-shqiptare\\\/#primaryimage\"},\"thumbnailUrl\":\"http:\\\/\\\/www.shkoder.net\\\/images\\\/fjala\\\/2011\\\/majlinda_bregu_berisha.jpg\",\"articleSection\":[\"Artikuj\"],\"inLanguage\":\"sq-AL\",\"potentialAction\":[{\"@type\":\"CommentAction\",\"name\":\"Comment\",\"target\":[\"https:\\\/\\\/fjala.info\\\/2009-2015\\\/ndrangheta-dhe-hija-e-ministres-shqiptare\\\/#respond\"]}]},{\"@type\":\"WebPage\",\"@id\":\"https:\\\/\\\/fjala.info\\\/2009-2015\\\/ndrangheta-dhe-hija-e-ministres-shqiptare\\\/\",\"url\":\"https:\\\/\\\/fjala.info\\\/2009-2015\\\/ndrangheta-dhe-hija-e-ministres-shqiptare\\\/\",\"name\":\"N\u2019drangheta dhe hija e ministres shqiptare* - FjALA e LIR\u00cb - Arkivi\",\"isPartOf\":{\"@id\":\"https:\\\/\\\/fjala.info\\\/2009-2015\\\/#website\"},\"primaryImageOfPage\":{\"@id\":\"https:\\\/\\\/fjala.info\\\/2009-2015\\\/ndrangheta-dhe-hija-e-ministres-shqiptare\\\/#primaryimage\"},\"image\":{\"@id\":\"https:\\\/\\\/fjala.info\\\/2009-2015\\\/ndrangheta-dhe-hija-e-ministres-shqiptare\\\/#primaryimage\"},\"thumbnailUrl\":\"http:\\\/\\\/www.shkoder.net\\\/images\\\/fjala\\\/2011\\\/majlinda_bregu_berisha.jpg\",\"datePublished\":\"2011-09-18T22:03:05+00:00\",\"breadcrumb\":{\"@id\":\"https:\\\/\\\/fjala.info\\\/2009-2015\\\/ndrangheta-dhe-hija-e-ministres-shqiptare\\\/#breadcrumb\"},\"inLanguage\":\"sq-AL\",\"potentialAction\":[{\"@type\":\"ReadAction\",\"target\":[\"https:\\\/\\\/fjala.info\\\/2009-2015\\\/ndrangheta-dhe-hija-e-ministres-shqiptare\\\/\"]}]},{\"@type\":\"ImageObject\",\"inLanguage\":\"sq-AL\",\"@id\":\"https:\\\/\\\/fjala.info\\\/2009-2015\\\/ndrangheta-dhe-hija-e-ministres-shqiptare\\\/#primaryimage\",\"url\":\"http:\\\/\\\/www.shkoder.net\\\/images\\\/fjala\\\/2011\\\/majlinda_bregu_berisha.jpg\",\"contentUrl\":\"http:\\\/\\\/www.shkoder.net\\\/images\\\/fjala\\\/2011\\\/majlinda_bregu_berisha.jpg\"},{\"@type\":\"BreadcrumbList\",\"@id\":\"https:\\\/\\\/fjala.info\\\/2009-2015\\\/ndrangheta-dhe-hija-e-ministres-shqiptare\\\/#breadcrumb\",\"itemListElement\":[{\"@type\":\"ListItem\",\"position\":1,\"name\":\"Home\",\"item\":\"https:\\\/\\\/fjala.info\\\/2009-2015\\\/\"},{\"@type\":\"ListItem\",\"position\":2,\"name\":\"N\u2019drangheta dhe hija e ministres shqiptare*\"}]},{\"@type\":\"WebSite\",\"@id\":\"https:\\\/\\\/fjala.info\\\/2009-2015\\\/#website\",\"url\":\"https:\\\/\\\/fjala.info\\\/2009-2015\\\/\",\"name\":\"FjALA e LIR\u00cb - Arkivi\",\"description\":\"Arkivi 2009-2015\",\"publisher\":{\"@id\":\"https:\\\/\\\/fjala.info\\\/2009-2015\\\/#organization\"},\"potentialAction\":[{\"@type\":\"SearchAction\",\"target\":{\"@type\":\"EntryPoint\",\"urlTemplate\":\"https:\\\/\\\/fjala.info\\\/2009-2015\\\/?s={search_term_string}\"},\"query-input\":{\"@type\":\"PropertyValueSpecification\",\"valueRequired\":true,\"valueName\":\"search_term_string\"}}],\"inLanguage\":\"sq-AL\"},{\"@type\":\"Organization\",\"@id\":\"https:\\\/\\\/fjala.info\\\/2009-2015\\\/#organization\",\"name\":\"FjALA e LIR\u00cb - Arkivi\",\"url\":\"https:\\\/\\\/fjala.info\\\/2009-2015\\\/\",\"logo\":{\"@type\":\"ImageObject\",\"inLanguage\":\"sq-AL\",\"@id\":\"https:\\\/\\\/fjala.info\\\/2009-2015\\\/#\\\/schema\\\/logo\\\/image\\\/\",\"url\":\"\",\"contentUrl\":\"\",\"caption\":\"FjALA e LIR\u00cb - Arkivi\"},\"image\":{\"@id\":\"https:\\\/\\\/fjala.info\\\/2009-2015\\\/#\\\/schema\\\/logo\\\/image\\\/\"}},{\"@type\":\"Person\",\"@id\":\"https:\\\/\\\/fjala.info\\\/2009-2015\\\/#\\\/schema\\\/person\\\/3aa1163ef05469c496fc94e77611ada2\",\"name\":\"admin\",\"image\":{\"@type\":\"ImageObject\",\"inLanguage\":\"sq-AL\",\"@id\":\"https:\\\/\\\/fjala.info\\\/2009-2015\\\/wp-content\\\/uploads\\\/2012\\\/02\\\/arben_cokaj-120x150.jpg\",\"url\":\"https:\\\/\\\/fjala.info\\\/2009-2015\\\/wp-content\\\/uploads\\\/2012\\\/02\\\/arben_cokaj-120x150.jpg\",\"contentUrl\":\"https:\\\/\\\/fjala.info\\\/2009-2015\\\/wp-content\\\/uploads\\\/2012\\\/02\\\/arben_cokaj-120x150.jpg\",\"caption\":\"admin\"},\"description\":\"Admin, Fjala e Lir\u00eb\",\"sameAs\":[\"https:\\\/\\\/fjala.info\\\/\"],\"url\":\"https:\\\/\\\/fjala.info\\\/2009-2015\\\/author\\\/admin\\\/\"}]}<\/script>\n<!-- \/ Yoast SEO plugin. -->","yoast_head_json":{"title":"N\u2019drangheta dhe hija e ministres shqiptare* - FjALA e LIR\u00cb - Arkivi","robots":{"index":"index","follow":"follow","max-snippet":"max-snippet:-1","max-image-preview":"max-image-preview:large","max-video-preview":"max-video-preview:-1"},"canonical":"https:\/\/fjala.info\/2009-2015\/ndrangheta-dhe-hija-e-ministres-shqiptare\/","og_locale":"sq_AL","og_type":"article","og_title":"N\u2019drangheta dhe hija e ministres shqiptare* - FjALA e LIR\u00cb - Arkivi","og_description":"Nga MARZIA PARINI Gjyqi mbi aferat e reja t\u00eb Sacra Corona Unita, makineri p\u00ebr loj\u00ebrat e fatit, kazino dhe natyrisht drog\u00eb n\u00eb trek\u00ebnd\u00ebshin Puglia-Calabria-Albania, do t\u00eb b\u00ebhet. Gjykat\u00ebsi p\u00ebr hetime paraprake i gjykat\u00ebs s\u00eb Le\u00e7es, Karlo Kazela (Carlo Cazzella) ka pranuar k\u00ebrkes\u00ebn e prokurorit Alberto Santacatterina p\u00ebr nisje gjykimi ndaj grupit t\u00eb ri t\u00eb mafies [&hellip;]","og_url":"https:\/\/fjala.info\/2009-2015\/ndrangheta-dhe-hija-e-ministres-shqiptare\/","og_site_name":"FjALA e LIR\u00cb - Arkivi","article_published_time":"2011-09-18T22:03:05+00:00","og_image":[{"url":"http:\/\/www.shkoder.net\/images\/fjala\/2011\/majlinda_bregu_berisha.jpg","type":"","width":"","height":""}],"author":"admin","twitter_card":"summary_large_image","twitter_misc":{"Written by":"admin","Est. reading time":"4 minutes"},"schema":{"@context":"https:\/\/schema.org","@graph":[{"@type":"Article","@id":"https:\/\/fjala.info\/2009-2015\/ndrangheta-dhe-hija-e-ministres-shqiptare\/#article","isPartOf":{"@id":"https:\/\/fjala.info\/2009-2015\/ndrangheta-dhe-hija-e-ministres-shqiptare\/"},"author":{"name":"admin","@id":"https:\/\/fjala.info\/2009-2015\/#\/schema\/person\/3aa1163ef05469c496fc94e77611ada2"},"headline":"N\u2019drangheta dhe hija e ministres shqiptare*","datePublished":"2011-09-18T22:03:05+00:00","mainEntityOfPage":{"@id":"https:\/\/fjala.info\/2009-2015\/ndrangheta-dhe-hija-e-ministres-shqiptare\/"},"wordCount":738,"commentCount":0,"publisher":{"@id":"https:\/\/fjala.info\/2009-2015\/#organization"},"image":{"@id":"https:\/\/fjala.info\/2009-2015\/ndrangheta-dhe-hija-e-ministres-shqiptare\/#primaryimage"},"thumbnailUrl":"http:\/\/www.shkoder.net\/images\/fjala\/2011\/majlinda_bregu_berisha.jpg","articleSection":["Artikuj"],"inLanguage":"sq-AL","potentialAction":[{"@type":"CommentAction","name":"Comment","target":["https:\/\/fjala.info\/2009-2015\/ndrangheta-dhe-hija-e-ministres-shqiptare\/#respond"]}]},{"@type":"WebPage","@id":"https:\/\/fjala.info\/2009-2015\/ndrangheta-dhe-hija-e-ministres-shqiptare\/","url":"https:\/\/fjala.info\/2009-2015\/ndrangheta-dhe-hija-e-ministres-shqiptare\/","name":"N\u2019drangheta dhe hija e ministres shqiptare* - FjALA e LIR\u00cb - Arkivi","isPartOf":{"@id":"https:\/\/fjala.info\/2009-2015\/#website"},"primaryImageOfPage":{"@id":"https:\/\/fjala.info\/2009-2015\/ndrangheta-dhe-hija-e-ministres-shqiptare\/#primaryimage"},"image":{"@id":"https:\/\/fjala.info\/2009-2015\/ndrangheta-dhe-hija-e-ministres-shqiptare\/#primaryimage"},"thumbnailUrl":"http:\/\/www.shkoder.net\/images\/fjala\/2011\/majlinda_bregu_berisha.jpg","datePublished":"2011-09-18T22:03:05+00:00","breadcrumb":{"@id":"https:\/\/fjala.info\/2009-2015\/ndrangheta-dhe-hija-e-ministres-shqiptare\/#breadcrumb"},"inLanguage":"sq-AL","potentialAction":[{"@type":"ReadAction","target":["https:\/\/fjala.info\/2009-2015\/ndrangheta-dhe-hija-e-ministres-shqiptare\/"]}]},{"@type":"ImageObject","inLanguage":"sq-AL","@id":"https:\/\/fjala.info\/2009-2015\/ndrangheta-dhe-hija-e-ministres-shqiptare\/#primaryimage","url":"http:\/\/www.shkoder.net\/images\/fjala\/2011\/majlinda_bregu_berisha.jpg","contentUrl":"http:\/\/www.shkoder.net\/images\/fjala\/2011\/majlinda_bregu_berisha.jpg"},{"@type":"BreadcrumbList","@id":"https:\/\/fjala.info\/2009-2015\/ndrangheta-dhe-hija-e-ministres-shqiptare\/#breadcrumb","itemListElement":[{"@type":"ListItem","position":1,"name":"Home","item":"https:\/\/fjala.info\/2009-2015\/"},{"@type":"ListItem","position":2,"name":"N\u2019drangheta dhe hija e ministres shqiptare*"}]},{"@type":"WebSite","@id":"https:\/\/fjala.info\/2009-2015\/#website","url":"https:\/\/fjala.info\/2009-2015\/","name":"FjALA e LIR\u00cb - Arkivi","description":"Arkivi 2009-2015","publisher":{"@id":"https:\/\/fjala.info\/2009-2015\/#organization"},"potentialAction":[{"@type":"SearchAction","target":{"@type":"EntryPoint","urlTemplate":"https:\/\/fjala.info\/2009-2015\/?s={search_term_string}"},"query-input":{"@type":"PropertyValueSpecification","valueRequired":true,"valueName":"search_term_string"}}],"inLanguage":"sq-AL"},{"@type":"Organization","@id":"https:\/\/fjala.info\/2009-2015\/#organization","name":"FjALA e LIR\u00cb - Arkivi","url":"https:\/\/fjala.info\/2009-2015\/","logo":{"@type":"ImageObject","inLanguage":"sq-AL","@id":"https:\/\/fjala.info\/2009-2015\/#\/schema\/logo\/image\/","url":"","contentUrl":"","caption":"FjALA e LIR\u00cb - Arkivi"},"image":{"@id":"https:\/\/fjala.info\/2009-2015\/#\/schema\/logo\/image\/"}},{"@type":"Person","@id":"https:\/\/fjala.info\/2009-2015\/#\/schema\/person\/3aa1163ef05469c496fc94e77611ada2","name":"admin","image":{"@type":"ImageObject","inLanguage":"sq-AL","@id":"https:\/\/fjala.info\/2009-2015\/wp-content\/uploads\/2012\/02\/arben_cokaj-120x150.jpg","url":"https:\/\/fjala.info\/2009-2015\/wp-content\/uploads\/2012\/02\/arben_cokaj-120x150.jpg","contentUrl":"https:\/\/fjala.info\/2009-2015\/wp-content\/uploads\/2012\/02\/arben_cokaj-120x150.jpg","caption":"admin"},"description":"Admin, Fjala e Lir\u00eb","sameAs":["https:\/\/fjala.info\/"],"url":"https:\/\/fjala.info\/2009-2015\/author\/admin\/"}]}},"_links":{"self":[{"href":"https:\/\/fjala.info\/2009-2015\/wp-json\/wp\/v2\/posts\/10533","targetHints":{"allow":["GET"]}}],"collection":[{"href":"https:\/\/fjala.info\/2009-2015\/wp-json\/wp\/v2\/posts"}],"about":[{"href":"https:\/\/fjala.info\/2009-2015\/wp-json\/wp\/v2\/types\/post"}],"author":[{"embeddable":true,"href":"https:\/\/fjala.info\/2009-2015\/wp-json\/wp\/v2\/users\/1"}],"replies":[{"embeddable":true,"href":"https:\/\/fjala.info\/2009-2015\/wp-json\/wp\/v2\/comments?post=10533"}],"version-history":[{"count":0,"href":"https:\/\/fjala.info\/2009-2015\/wp-json\/wp\/v2\/posts\/10533\/revisions"}],"wp:attachment":[{"href":"https:\/\/fjala.info\/2009-2015\/wp-json\/wp\/v2\/media?parent=10533"}],"wp:term":[{"taxonomy":"category","embeddable":true,"href":"https:\/\/fjala.info\/2009-2015\/wp-json\/wp\/v2\/categories?post=10533"},{"taxonomy":"post_tag","embeddable":true,"href":"https:\/\/fjala.info\/2009-2015\/wp-json\/wp\/v2\/tags?post=10533"}],"curies":[{"name":"wp","href":"https:\/\/api.w.org\/{rel}","templated":true}]}}