{"id":10531,"date":"2011-09-18T22:55:21","date_gmt":"2011-09-18T21:55:21","guid":{"rendered":"http:\/\/fjala.shkoder.net\/?p=10531"},"modified":"2011-09-18T22:55:21","modified_gmt":"2011-09-18T21:55:21","slug":"une-kam-frike-per-jeten-time","status":"publish","type":"post","link":"https:\/\/fjala.info\/2009-2015\/une-kam-frike-per-jeten-time\/","title":{"rendered":"Un\u00eb kam frik\u00eb p\u00ebr jet\u00ebn time"},"content":{"rendered":"<p><img decoding=\"async\" class=\"alignright size-thumbnail wp-image-7236\" title=\"pistolet\u00eb\" src=\"http:\/\/www.shkoder.net\/images\/fjala\/2011\/man_holding_gun.jpg\" alt=\"\" width=\"300\" \/>Nga <strong>Alfred Kola<\/strong>, <em>18 shtator 2011<\/em><\/p>\n<p>Nuk \u00ebsht\u00eb thjesht nj\u00eb deklarat\u00eb, por nj\u00eb sinjal SOS i l\u00ebshuar nga nj\u00eb prej tre milion\u00eb shqiptar\u00ebve t\u00eb thjesht\u00eb t\u00eb pambrojtur nga asnj\u00eb agjenci ligjzbatuese dhe t\u00eb braktisur pa asnj\u00eb mjet p\u00ebr t\u00eb mbijetuar n\u00eb xhungl\u00ebn e eg\u00ebr t\u00eb shoq\u00ebris\u00eb shqiptare.<\/p>\n<p>Rritja katastrofike e kriminalitetit n\u00eb vend dhe ngjarjet e fundit t\u00eb vrasjeve politike dhe mbi t\u00eb gjitha moszbardhja e asnj\u00eb prej tyre b\u00ebjn\u00eb q\u00eb t\u00eb jetosh n\u00eb nj\u00eb terror t\u00eb plot\u00eb, gjithmon\u00eb me frik\u00ebn q\u00eb k\u00ebshtu si po ven\u00eb pun\u00ebt, gj\u00ebra t\u00eb tmerrshme mund t\u00eb t\u00eb ndodhin ty ose ndonj\u00eb pjestari t\u00eb familjes. Ato ngjarje dhe shum\u00eb t\u00eb tjera vitet e fundit zbuluan se deri ku ka shkuar organizimi mafioz dhe eleminues i bot\u00ebs s\u00eb krimit dhe sa e lart\u00eb \u00ebsht\u00eb shkalla e shkrirjes s\u00eb tij me organizmat shtet\u00ebrore dhe sa e pa vler\u00eb \u00ebsht\u00eb b\u00ebr\u00eb jeta e shqiptar\u00ebve t\u00eb thjesht\u00eb si un\u00eb.<\/p>\n<p>Zhvler\u00ebsimi i jet\u00ebs, pron\u00ebs dhe pasurimi marramend\u00ebs i njer\u00ebzve t\u00eb lidhur me krimin e b\u00ebn Shqip\u00ebrin\u00eb nj\u00eb vend krejt\u00ebsisht t\u00eb pasigurt ku njer\u00ebzit jetojn\u00eb n\u00eb nj\u00eb stres dhe presion psikologjik t\u00eb jasht\u00ebzakonsh\u00ebm, t\u00eb kontrolluar n\u00eb \u00e7do aspekt t\u00eb jet\u00ebs s\u00eb tyre nga struktura kriminale.<\/p>\n<p>K\u00ebto t\u00eb fundit gjenden kudo, n\u00eb \u00e7do post a zyr\u00eb, n\u00eb \u00e7do instanc\u00eb t\u00eb drejt\u00ebsis\u00eb, t\u00eb pushtetit lokal dhe t\u00eb atij qendror. Dhe n\u00eb t\u00eb gjith\u00eb k\u00ebt\u00eb aktivitet njer\u00ebzor, un\u00eb si miliona shqiptar\u00eb t\u00eb thjesht\u00eb, t\u00eb varf\u00ebr e t\u00eb n\u00ebp\u00ebrk\u00ebmbur, do detyrohem t\u00eb bie n\u00eb kontakt me individ\u00eb t\u00eb k\u00ebsaj bote, t\u00eb cil\u00ebve ne si t\u00eb pavler\u00eb q\u00eb jemi, duhet tu b\u00ebjm\u00eb temena e t\u2019u mbushim xhepat me parat\u00eb e buk\u00ebs s\u00eb familjes p\u00ebr t\u00eb p\u00ebrfituar ndonj\u00eb t\u00eb drejt\u00eb apo favor minimal, n\u00ebse nuk na flakin jasht\u00eb, na p\u00ebshtyjn\u00eb e na rrahin.<\/p>\n<p>E ku t\u00eb k\u00ebrkoj ndihm\u00eb un\u00eb, i panjohuri, i pavlefshmi, inekzistenti? Un\u00eb s\u2019kam fytyr\u00eb, s\u2019kam pozit\u00eb e s\u2019kam as em\u00ebr. Un\u00eb quhem thjesht popull, ai q\u00eb duhet t\u2019u sh\u00ebrbej\u00eb zot\u00ebrinjve t\u00eb rinj t\u00eb katrahur\u00ebs son\u00eb post-komuniste, atyre q\u00eb duhet t\u2019u p\u00ebrulesh deri n\u00eb tok\u00eb e t\u2019u puth\u00ebsh k\u00ebmb\u00ebn edhe pse ke kultur\u00ebn e vlerat evropiane, arsimin maksimal me rezultate t\u00eb shk\u00eblqyera dhe zot\u00ebron disa gjuh\u00eb t\u00eb huaja, nd\u00ebrsa zot\u00ebrinjt\u00eb e gjith\u00ebpushtetsh\u00ebm nuk din\u00eb t\u00eb shkruajn\u00eb as emrin e tyre q\u00eb e kan\u00eb b\u00ebr\u00eb t\u00eb madh me gjak e terror, dhe kan\u00eb v\u00ebn\u00eb n\u00eb korniz\u00eb n\u00eb muret e zyrave t\u00eb tyre luksoze kartona pavler\u00eb universitetesh fantazm\u00eb, t\u00eb bler\u00eb m\u00eb parat\u00eb e fituara nga ky gjak e terror.<\/p>\n<p>Un\u00eb kam frik\u00eb dhe duhet t\u00eb kem frik\u00eb. Kur dora vrastare ngrihet mbi vet\u00eb t\u00eb zgjedhurit e popullit, mbi p\u00ebrfaq\u00ebsuesit e pushtetit juridik n\u00eb mes t\u00eb qytetit dit\u00ebn me diell, p\u00ebr t\u00eb treguar forc\u00ebn e vet, mbi qytetar\u00ebt n\u00eb syt\u00eb e gjith\u00eb bot\u00ebs n\u00eb bulevardin q\u00ebndror, dhe mbetet p\u00ebrher\u00eb e pand\u00ebshkuar, \u00e7\u2019problem do ta ket\u00eb kjo dor\u00eb q\u00eb t\u00eb heq qafe nj\u00eb si un\u00eb n\u00eb rrugicat e pandri\u00e7uara t\u00eb Tiran\u00ebs, Fierit, Elbasanit apo Vlor\u00ebs thjesht p\u00ebr arg\u00ebtim. Un\u00eb nuk vlej, un\u00eb jam askushi, un\u00eb jam thjesht nj\u00eb statistik\u00eb, nj\u00eb i vdekur q\u00eb merr frym\u00eb.<\/p>\n<p>Dhe n\u00eb kushtet e krijuara, jam m\u00ebse i bindur se kontigjenti yn\u00eb i askush\u00ebve shum\u00eb shpejt do t\u00eb shnd\u00ebrrohen n\u00eb gjah njer\u00ebzor p\u00ebr t\u00eb k\u00ebnaqur etjen p\u00ebr gjak dhe eksperienca vrastare t\u00eb njer\u00ebzve pervers\u00eb t\u00eb kamur nga e gjith\u00eb bota, q\u00eb do t\u2019u pagonin shuma t\u00eb majme zot\u00ebrinjve q\u00eb sundojn\u00eb k\u00ebt\u00eb vend, p\u00ebr t\u00eb provuar ndjesin\u00eb e marrjes s\u00eb jet\u00ebve njer\u00ebzore. Kush e ka par\u00eb filmin Objektiv i V\u00ebshtir\u00eb (Hard Target) me aktorin Van Damme do ta kuptonte mir\u00eb p\u00ebr \u00e7far\u00eb e kam fjal\u00ebn.<\/p>\n<p>Un\u00eb kam frik\u00eb p\u00ebr jet\u00ebn time dhe kjo \u00ebsht\u00eb njer\u00ebzore. Edhe sikur t\u00eb b\u00ebj t\u00eb pamundur\u00ebn t\u00eb shmang \u00e7do kontakt me k\u00ebta njer\u00ebz n\u00eb rrafshin shoq\u00ebror, kush m\u00eb garanton se padashje nuk p\u00ebrplasem n\u00eb rrug\u00eb me nj\u00eb syresh dhe ai, pa m\u00eb t\u00eb voglin hezitim, nxjerr arm\u00ebn dhe q\u00ebllon, sepse un\u00eb jam i pavler\u00eb dhe nuk duhej t\u00eb ndodhesha n\u00eb t\u00eb nj\u00ebjt\u00ebn udh\u00eb me t\u00eb? Sa jet\u00eb jan\u00eb humbur vet\u00ebm me motivin \u201cpse m\u00eb shikon?\u201d, sepse n\u00eb venat e k\u00ebtyre njerzve rrjedh gjaku i lig\u00ebsis\u00eb q\u00eb i b\u00ebn ata djall\u00ebzor\u00eb, t\u00eb pam\u00ebshirsh\u00ebm dhe shp\u00ebrfill\u00ebs n\u00eb maksimum ndaj jet\u00ebs, si mrekullia unike n\u00eb univers.<\/p>\n<p>Por un\u00eb nuk kam frik\u00eb prej tyre! Ata nuk m\u00eb frik\u00ebsojn\u00eb dot, se nuk jan\u00eb m\u00eb t\u00eb fort\u00eb se un\u00eb, sepse un\u00eb jam populli prej me shum\u00eb se tre milion\u00eb dhe jam gati t\u00eb luftoj dhemb p\u00ebr dhemb me ta, flak\u00eb p\u00ebr flak\u00eb me t\u00eb nj\u00ebjtat mjete q\u00eb ata disponojn\u00eb. Dhe do t\u00eb fitoj mbi ta, sepse kam me vete t\u00eb drejt\u00ebn t\u00eb jetoj i qet\u00eb e i lumtur jet\u00ebn q\u00eb Zoti a natyra ma dha, dhe vet\u00ebm Ai a ajo ka t\u00eb drejt\u00eb t\u00eb ma marr\u00eb. Por un\u00eb nuk mundem ta b\u00ebj k\u00ebt\u00eb, sepse n\u00eb \u00e7do qeliz\u00eb t\u00eb q\u00ebnies sime ka z\u00ebn\u00eb rr\u00ebnj\u00eb frika m\u00eb e madhe, jo nga ata, por nga Shteti im q\u00eb e ka p\u00ebr detyr\u00eb t\u00eb m\u00eb mbroj\u00eb.<\/p>\n<p>N\u00ebse ngrihem e luftoj dh\u00ebmb p\u00ebr dh\u00ebmb me ta, dhe iu jap at\u00eb q\u00eb me t\u00eb v\u00ebrtet\u00eb meritojn\u00eb, shteti do t\u00eb sulet mbi mua me gjith\u00eb makinerin\u00eb e tij t\u00eb eg\u00ebr dhe po ata gjyqtar\u00eb q\u00eb sot \u00e7irren se duan mbrojtje p\u00ebr jet\u00ebt e tyre do t\u00eb m\u00eb kryq\u00ebzojn\u00eb si bandit e kriminel q\u00eb lufton kund\u00ebr simbolit t\u00eb dlir\u00ebsis\u00eb dhe ndershm\u00ebris\u00eb shqiptare. K\u00ebt\u00eb kuptim ka marr\u00eb shteti q\u00eb un\u00eb e zgjedh dhe e paguaj, dhe k\u00ebta njer\u00ebz nuk do t\u00eb ekzistonin dot nj\u00eb or\u00eb pa p\u00ebrkrahjen e atij shteti q\u00eb un\u00eb votoj me vot\u00ebn time.<\/p>\n<p>Dhe k\u00ebtu q\u00ebndron i gjith\u00eb problemi: Mua m\u00eb vret vota ime! Edhe sa koh\u00eb do m\u00eb duhet ta kuptoj se jeta ime varet nga ajo vot\u00eb q\u00eb duhet mbrojtur me gjak, sepse edhe n\u00ebse vritesh, t\u00eb pakt\u00ebn do t\u2019u garantosh jet\u00ebn f\u00ebmij\u00ebve dhe pasardh\u00ebsve t\u00eb tu dhe lumturin\u00eb q\u00eb shoq\u00ebron at\u00eb. Dhe p\u00ebr sa koh\u00eb un\u00eb do ta shes at\u00eb vot\u00eb p\u00ebr nj\u00eb kacidhe, dhe nuk nd\u00ebrgjegj\u00ebsohem se po shes vet\u00eb jet\u00ebn time,do t\u00eb vazhdoj t\u00eb jetoj me frik\u00ebn dhe panikun se do t\u00eb gjendem nj\u00eb dit\u00eb n\u00eb ndonj\u00eb kanal, i kalbur dhe i paidentifikuar, i hedhur atje nga k\u00ebta njer\u00ebz q\u00eb marrin jet\u00eb nga vota ime.<\/p>\n<p>Ah sikur edhe ne, nxitur nga kjo frike e pasiguri p\u00ebr jet\u00ebn, ta hidhnim tej indiferentizmin dhe t\u00eb merrnim guximin p\u00ebr t\u00eb nisur nj\u00eb l\u00ebvizje paq\u00ebsore mbar\u00ebpopullore, vet\u00ebm me fletushka e bluza me mbishkrime:<\/p>\n<blockquote><p><em>\u00b7 Un\u00eb kam frik\u00eb p\u00ebr jet\u00ebn time<br \/>\n\u00b7 Un\u00eb jam viktim\u00eb e krimit<br \/>\n\u00b7 Objektivi tjet\u00ebr jam un\u00eb \u2026etj.<\/em><\/p><\/blockquote>\n<p>p\u00ebr t\u00eb sensibilizuar opinionin publik evropian e amerikan p\u00ebr gjendjen e pashpres\u00eb n\u00eb vendin ton\u00eb, sepse duket qart\u00eb se qeverit\u00eb e tyre jan\u00eb dakort me gjendjen e krijuar dhe pushtimin e Shqip\u00ebris\u00eb nga krimi i organizuar.<\/p>\n<p>Le t\u00eb tregojm\u00eb q\u00eb jemi evropian\u00eb t\u00eb v\u00ebrtet\u00eb dhe q\u00eb nuk mposhtemi para frik\u00ebs, por q\u00ebndrojm\u00eb bashk\u00eb, krah njeri tjetrit, p\u00ebr t\u00eb demonstruar se e ardhmja na p\u00ebrket neve. Flakeni indiferentizmin, sepse ndoshta para ligjit jo, por para krimit jemi t\u00eb gjith\u00eb t\u00eb barabart\u00eb.<\/p>\n","protected":false},"excerpt":{"rendered":"<p>Nga Alfred Kola, 18 shtator 2011 Nuk \u00ebsht\u00eb thjesht nj\u00eb deklarat\u00eb, por nj\u00eb sinjal SOS i l\u00ebshuar nga nj\u00eb prej tre milion\u00eb shqiptar\u00ebve t\u00eb thjesht\u00eb t\u00eb pambrojtur nga asnj\u00eb agjenci ligjzbatuese dhe t\u00eb braktisur pa asnj\u00eb mjet p\u00ebr t\u00eb mbijetuar n\u00eb xhungl\u00ebn e eg\u00ebr t\u00eb shoq\u00ebris\u00eb shqiptare. Rritja katastrofike e kriminalitetit n\u00eb vend dhe ngjarjet [&hellip;]<\/p>\n","protected":false},"author":1,"featured_media":0,"comment_status":"open","ping_status":"closed","sticky":false,"template":"","format":"standard","meta":{"footnotes":""},"categories":[2],"tags":[],"class_list":{"0":"post-10531","1":"post","2":"type-post","3":"status-publish","4":"format-standard","6":"category-artikuj"},"yoast_head":"<!-- This site is optimized with the Yoast SEO plugin v27.4 - https:\/\/yoast.com\/product\/yoast-seo-wordpress\/ -->\n<title>Un\u00eb kam frik\u00eb p\u00ebr jet\u00ebn time - FjALA e LIR\u00cb - Arkivi<\/title>\n<meta name=\"robots\" content=\"index, follow, max-snippet:-1, max-image-preview:large, max-video-preview:-1\" \/>\n<link rel=\"canonical\" href=\"https:\/\/fjala.info\/2009-2015\/une-kam-frike-per-jeten-time\/\" \/>\n<meta property=\"og:locale\" content=\"sq_AL\" \/>\n<meta property=\"og:type\" content=\"article\" \/>\n<meta property=\"og:title\" content=\"Un\u00eb kam frik\u00eb p\u00ebr jet\u00ebn time - FjALA e LIR\u00cb - Arkivi\" \/>\n<meta property=\"og:description\" content=\"Nga Alfred Kola, 18 shtator 2011 Nuk \u00ebsht\u00eb thjesht nj\u00eb deklarat\u00eb, por nj\u00eb sinjal SOS i l\u00ebshuar nga nj\u00eb prej tre milion\u00eb shqiptar\u00ebve t\u00eb thjesht\u00eb t\u00eb pambrojtur nga asnj\u00eb agjenci ligjzbatuese dhe t\u00eb braktisur pa asnj\u00eb mjet p\u00ebr t\u00eb mbijetuar n\u00eb xhungl\u00ebn e eg\u00ebr t\u00eb shoq\u00ebris\u00eb shqiptare. Rritja katastrofike e kriminalitetit n\u00eb vend dhe ngjarjet [&hellip;]\" \/>\n<meta property=\"og:url\" content=\"https:\/\/fjala.info\/2009-2015\/une-kam-frike-per-jeten-time\/\" \/>\n<meta property=\"og:site_name\" content=\"FjALA e LIR\u00cb - Arkivi\" \/>\n<meta property=\"article:published_time\" content=\"2011-09-18T21:55:21+00:00\" \/>\n<meta property=\"og:image\" content=\"http:\/\/www.shkoder.net\/images\/fjala\/2011\/man_holding_gun.jpg\" \/>\n<meta name=\"author\" content=\"admin\" \/>\n<meta name=\"twitter:card\" content=\"summary_large_image\" \/>\n<meta name=\"twitter:label1\" content=\"Written by\" \/>\n\t<meta name=\"twitter:data1\" content=\"admin\" \/>\n\t<meta name=\"twitter:label2\" content=\"Est. reading time\" \/>\n\t<meta name=\"twitter:data2\" content=\"7 minutes\" \/>\n<script type=\"application\/ld+json\" class=\"yoast-schema-graph\">{\"@context\":\"https:\\\/\\\/schema.org\",\"@graph\":[{\"@type\":\"Article\",\"@id\":\"https:\\\/\\\/fjala.info\\\/2009-2015\\\/une-kam-frike-per-jeten-time\\\/#article\",\"isPartOf\":{\"@id\":\"https:\\\/\\\/fjala.info\\\/2009-2015\\\/une-kam-frike-per-jeten-time\\\/\"},\"author\":{\"name\":\"admin\",\"@id\":\"https:\\\/\\\/fjala.info\\\/2009-2015\\\/#\\\/schema\\\/person\\\/3aa1163ef05469c496fc94e77611ada2\"},\"headline\":\"Un\u00eb kam frik\u00eb p\u00ebr jet\u00ebn time\",\"datePublished\":\"2011-09-18T21:55:21+00:00\",\"mainEntityOfPage\":{\"@id\":\"https:\\\/\\\/fjala.info\\\/2009-2015\\\/une-kam-frike-per-jeten-time\\\/\"},\"wordCount\":1334,\"commentCount\":0,\"publisher\":{\"@id\":\"https:\\\/\\\/fjala.info\\\/2009-2015\\\/#organization\"},\"image\":{\"@id\":\"https:\\\/\\\/fjala.info\\\/2009-2015\\\/une-kam-frike-per-jeten-time\\\/#primaryimage\"},\"thumbnailUrl\":\"http:\\\/\\\/www.shkoder.net\\\/images\\\/fjala\\\/2011\\\/man_holding_gun.jpg\",\"articleSection\":[\"Artikuj\"],\"inLanguage\":\"sq-AL\",\"potentialAction\":[{\"@type\":\"CommentAction\",\"name\":\"Comment\",\"target\":[\"https:\\\/\\\/fjala.info\\\/2009-2015\\\/une-kam-frike-per-jeten-time\\\/#respond\"]}]},{\"@type\":\"WebPage\",\"@id\":\"https:\\\/\\\/fjala.info\\\/2009-2015\\\/une-kam-frike-per-jeten-time\\\/\",\"url\":\"https:\\\/\\\/fjala.info\\\/2009-2015\\\/une-kam-frike-per-jeten-time\\\/\",\"name\":\"Un\u00eb kam frik\u00eb p\u00ebr jet\u00ebn time - FjALA e LIR\u00cb - Arkivi\",\"isPartOf\":{\"@id\":\"https:\\\/\\\/fjala.info\\\/2009-2015\\\/#website\"},\"primaryImageOfPage\":{\"@id\":\"https:\\\/\\\/fjala.info\\\/2009-2015\\\/une-kam-frike-per-jeten-time\\\/#primaryimage\"},\"image\":{\"@id\":\"https:\\\/\\\/fjala.info\\\/2009-2015\\\/une-kam-frike-per-jeten-time\\\/#primaryimage\"},\"thumbnailUrl\":\"http:\\\/\\\/www.shkoder.net\\\/images\\\/fjala\\\/2011\\\/man_holding_gun.jpg\",\"datePublished\":\"2011-09-18T21:55:21+00:00\",\"breadcrumb\":{\"@id\":\"https:\\\/\\\/fjala.info\\\/2009-2015\\\/une-kam-frike-per-jeten-time\\\/#breadcrumb\"},\"inLanguage\":\"sq-AL\",\"potentialAction\":[{\"@type\":\"ReadAction\",\"target\":[\"https:\\\/\\\/fjala.info\\\/2009-2015\\\/une-kam-frike-per-jeten-time\\\/\"]}]},{\"@type\":\"ImageObject\",\"inLanguage\":\"sq-AL\",\"@id\":\"https:\\\/\\\/fjala.info\\\/2009-2015\\\/une-kam-frike-per-jeten-time\\\/#primaryimage\",\"url\":\"http:\\\/\\\/www.shkoder.net\\\/images\\\/fjala\\\/2011\\\/man_holding_gun.jpg\",\"contentUrl\":\"http:\\\/\\\/www.shkoder.net\\\/images\\\/fjala\\\/2011\\\/man_holding_gun.jpg\"},{\"@type\":\"BreadcrumbList\",\"@id\":\"https:\\\/\\\/fjala.info\\\/2009-2015\\\/une-kam-frike-per-jeten-time\\\/#breadcrumb\",\"itemListElement\":[{\"@type\":\"ListItem\",\"position\":1,\"name\":\"Home\",\"item\":\"https:\\\/\\\/fjala.info\\\/2009-2015\\\/\"},{\"@type\":\"ListItem\",\"position\":2,\"name\":\"Un\u00eb kam frik\u00eb p\u00ebr jet\u00ebn time\"}]},{\"@type\":\"WebSite\",\"@id\":\"https:\\\/\\\/fjala.info\\\/2009-2015\\\/#website\",\"url\":\"https:\\\/\\\/fjala.info\\\/2009-2015\\\/\",\"name\":\"FjALA e LIR\u00cb - Arkivi\",\"description\":\"Arkivi 2009-2015\",\"publisher\":{\"@id\":\"https:\\\/\\\/fjala.info\\\/2009-2015\\\/#organization\"},\"potentialAction\":[{\"@type\":\"SearchAction\",\"target\":{\"@type\":\"EntryPoint\",\"urlTemplate\":\"https:\\\/\\\/fjala.info\\\/2009-2015\\\/?s={search_term_string}\"},\"query-input\":{\"@type\":\"PropertyValueSpecification\",\"valueRequired\":true,\"valueName\":\"search_term_string\"}}],\"inLanguage\":\"sq-AL\"},{\"@type\":\"Organization\",\"@id\":\"https:\\\/\\\/fjala.info\\\/2009-2015\\\/#organization\",\"name\":\"FjALA e LIR\u00cb - Arkivi\",\"url\":\"https:\\\/\\\/fjala.info\\\/2009-2015\\\/\",\"logo\":{\"@type\":\"ImageObject\",\"inLanguage\":\"sq-AL\",\"@id\":\"https:\\\/\\\/fjala.info\\\/2009-2015\\\/#\\\/schema\\\/logo\\\/image\\\/\",\"url\":\"\",\"contentUrl\":\"\",\"caption\":\"FjALA e LIR\u00cb - Arkivi\"},\"image\":{\"@id\":\"https:\\\/\\\/fjala.info\\\/2009-2015\\\/#\\\/schema\\\/logo\\\/image\\\/\"}},{\"@type\":\"Person\",\"@id\":\"https:\\\/\\\/fjala.info\\\/2009-2015\\\/#\\\/schema\\\/person\\\/3aa1163ef05469c496fc94e77611ada2\",\"name\":\"admin\",\"image\":{\"@type\":\"ImageObject\",\"inLanguage\":\"sq-AL\",\"@id\":\"https:\\\/\\\/fjala.info\\\/2009-2015\\\/wp-content\\\/uploads\\\/2012\\\/02\\\/arben_cokaj-120x150.jpg\",\"url\":\"https:\\\/\\\/fjala.info\\\/2009-2015\\\/wp-content\\\/uploads\\\/2012\\\/02\\\/arben_cokaj-120x150.jpg\",\"contentUrl\":\"https:\\\/\\\/fjala.info\\\/2009-2015\\\/wp-content\\\/uploads\\\/2012\\\/02\\\/arben_cokaj-120x150.jpg\",\"caption\":\"admin\"},\"description\":\"Admin, Fjala e Lir\u00eb\",\"sameAs\":[\"https:\\\/\\\/fjala.info\\\/\"],\"url\":\"https:\\\/\\\/fjala.info\\\/2009-2015\\\/author\\\/admin\\\/\"}]}<\/script>\n<!-- \/ Yoast SEO plugin. -->","yoast_head_json":{"title":"Un\u00eb kam frik\u00eb p\u00ebr jet\u00ebn time - FjALA e LIR\u00cb - Arkivi","robots":{"index":"index","follow":"follow","max-snippet":"max-snippet:-1","max-image-preview":"max-image-preview:large","max-video-preview":"max-video-preview:-1"},"canonical":"https:\/\/fjala.info\/2009-2015\/une-kam-frike-per-jeten-time\/","og_locale":"sq_AL","og_type":"article","og_title":"Un\u00eb kam frik\u00eb p\u00ebr jet\u00ebn time - FjALA e LIR\u00cb - Arkivi","og_description":"Nga Alfred Kola, 18 shtator 2011 Nuk \u00ebsht\u00eb thjesht nj\u00eb deklarat\u00eb, por nj\u00eb sinjal SOS i l\u00ebshuar nga nj\u00eb prej tre milion\u00eb shqiptar\u00ebve t\u00eb thjesht\u00eb t\u00eb pambrojtur nga asnj\u00eb agjenci ligjzbatuese dhe t\u00eb braktisur pa asnj\u00eb mjet p\u00ebr t\u00eb mbijetuar n\u00eb xhungl\u00ebn e eg\u00ebr t\u00eb shoq\u00ebris\u00eb shqiptare. Rritja katastrofike e kriminalitetit n\u00eb vend dhe ngjarjet [&hellip;]","og_url":"https:\/\/fjala.info\/2009-2015\/une-kam-frike-per-jeten-time\/","og_site_name":"FjALA e LIR\u00cb - Arkivi","article_published_time":"2011-09-18T21:55:21+00:00","og_image":[{"url":"http:\/\/www.shkoder.net\/images\/fjala\/2011\/man_holding_gun.jpg","type":"","width":"","height":""}],"author":"admin","twitter_card":"summary_large_image","twitter_misc":{"Written by":"admin","Est. reading time":"7 minutes"},"schema":{"@context":"https:\/\/schema.org","@graph":[{"@type":"Article","@id":"https:\/\/fjala.info\/2009-2015\/une-kam-frike-per-jeten-time\/#article","isPartOf":{"@id":"https:\/\/fjala.info\/2009-2015\/une-kam-frike-per-jeten-time\/"},"author":{"name":"admin","@id":"https:\/\/fjala.info\/2009-2015\/#\/schema\/person\/3aa1163ef05469c496fc94e77611ada2"},"headline":"Un\u00eb kam frik\u00eb p\u00ebr jet\u00ebn time","datePublished":"2011-09-18T21:55:21+00:00","mainEntityOfPage":{"@id":"https:\/\/fjala.info\/2009-2015\/une-kam-frike-per-jeten-time\/"},"wordCount":1334,"commentCount":0,"publisher":{"@id":"https:\/\/fjala.info\/2009-2015\/#organization"},"image":{"@id":"https:\/\/fjala.info\/2009-2015\/une-kam-frike-per-jeten-time\/#primaryimage"},"thumbnailUrl":"http:\/\/www.shkoder.net\/images\/fjala\/2011\/man_holding_gun.jpg","articleSection":["Artikuj"],"inLanguage":"sq-AL","potentialAction":[{"@type":"CommentAction","name":"Comment","target":["https:\/\/fjala.info\/2009-2015\/une-kam-frike-per-jeten-time\/#respond"]}]},{"@type":"WebPage","@id":"https:\/\/fjala.info\/2009-2015\/une-kam-frike-per-jeten-time\/","url":"https:\/\/fjala.info\/2009-2015\/une-kam-frike-per-jeten-time\/","name":"Un\u00eb kam frik\u00eb p\u00ebr jet\u00ebn time - FjALA e LIR\u00cb - Arkivi","isPartOf":{"@id":"https:\/\/fjala.info\/2009-2015\/#website"},"primaryImageOfPage":{"@id":"https:\/\/fjala.info\/2009-2015\/une-kam-frike-per-jeten-time\/#primaryimage"},"image":{"@id":"https:\/\/fjala.info\/2009-2015\/une-kam-frike-per-jeten-time\/#primaryimage"},"thumbnailUrl":"http:\/\/www.shkoder.net\/images\/fjala\/2011\/man_holding_gun.jpg","datePublished":"2011-09-18T21:55:21+00:00","breadcrumb":{"@id":"https:\/\/fjala.info\/2009-2015\/une-kam-frike-per-jeten-time\/#breadcrumb"},"inLanguage":"sq-AL","potentialAction":[{"@type":"ReadAction","target":["https:\/\/fjala.info\/2009-2015\/une-kam-frike-per-jeten-time\/"]}]},{"@type":"ImageObject","inLanguage":"sq-AL","@id":"https:\/\/fjala.info\/2009-2015\/une-kam-frike-per-jeten-time\/#primaryimage","url":"http:\/\/www.shkoder.net\/images\/fjala\/2011\/man_holding_gun.jpg","contentUrl":"http:\/\/www.shkoder.net\/images\/fjala\/2011\/man_holding_gun.jpg"},{"@type":"BreadcrumbList","@id":"https:\/\/fjala.info\/2009-2015\/une-kam-frike-per-jeten-time\/#breadcrumb","itemListElement":[{"@type":"ListItem","position":1,"name":"Home","item":"https:\/\/fjala.info\/2009-2015\/"},{"@type":"ListItem","position":2,"name":"Un\u00eb kam frik\u00eb p\u00ebr jet\u00ebn time"}]},{"@type":"WebSite","@id":"https:\/\/fjala.info\/2009-2015\/#website","url":"https:\/\/fjala.info\/2009-2015\/","name":"FjALA e LIR\u00cb - Arkivi","description":"Arkivi 2009-2015","publisher":{"@id":"https:\/\/fjala.info\/2009-2015\/#organization"},"potentialAction":[{"@type":"SearchAction","target":{"@type":"EntryPoint","urlTemplate":"https:\/\/fjala.info\/2009-2015\/?s={search_term_string}"},"query-input":{"@type":"PropertyValueSpecification","valueRequired":true,"valueName":"search_term_string"}}],"inLanguage":"sq-AL"},{"@type":"Organization","@id":"https:\/\/fjala.info\/2009-2015\/#organization","name":"FjALA e LIR\u00cb - Arkivi","url":"https:\/\/fjala.info\/2009-2015\/","logo":{"@type":"ImageObject","inLanguage":"sq-AL","@id":"https:\/\/fjala.info\/2009-2015\/#\/schema\/logo\/image\/","url":"","contentUrl":"","caption":"FjALA e LIR\u00cb - Arkivi"},"image":{"@id":"https:\/\/fjala.info\/2009-2015\/#\/schema\/logo\/image\/"}},{"@type":"Person","@id":"https:\/\/fjala.info\/2009-2015\/#\/schema\/person\/3aa1163ef05469c496fc94e77611ada2","name":"admin","image":{"@type":"ImageObject","inLanguage":"sq-AL","@id":"https:\/\/fjala.info\/2009-2015\/wp-content\/uploads\/2012\/02\/arben_cokaj-120x150.jpg","url":"https:\/\/fjala.info\/2009-2015\/wp-content\/uploads\/2012\/02\/arben_cokaj-120x150.jpg","contentUrl":"https:\/\/fjala.info\/2009-2015\/wp-content\/uploads\/2012\/02\/arben_cokaj-120x150.jpg","caption":"admin"},"description":"Admin, Fjala e Lir\u00eb","sameAs":["https:\/\/fjala.info\/"],"url":"https:\/\/fjala.info\/2009-2015\/author\/admin\/"}]}},"_links":{"self":[{"href":"https:\/\/fjala.info\/2009-2015\/wp-json\/wp\/v2\/posts\/10531","targetHints":{"allow":["GET"]}}],"collection":[{"href":"https:\/\/fjala.info\/2009-2015\/wp-json\/wp\/v2\/posts"}],"about":[{"href":"https:\/\/fjala.info\/2009-2015\/wp-json\/wp\/v2\/types\/post"}],"author":[{"embeddable":true,"href":"https:\/\/fjala.info\/2009-2015\/wp-json\/wp\/v2\/users\/1"}],"replies":[{"embeddable":true,"href":"https:\/\/fjala.info\/2009-2015\/wp-json\/wp\/v2\/comments?post=10531"}],"version-history":[{"count":0,"href":"https:\/\/fjala.info\/2009-2015\/wp-json\/wp\/v2\/posts\/10531\/revisions"}],"wp:attachment":[{"href":"https:\/\/fjala.info\/2009-2015\/wp-json\/wp\/v2\/media?parent=10531"}],"wp:term":[{"taxonomy":"category","embeddable":true,"href":"https:\/\/fjala.info\/2009-2015\/wp-json\/wp\/v2\/categories?post=10531"},{"taxonomy":"post_tag","embeddable":true,"href":"https:\/\/fjala.info\/2009-2015\/wp-json\/wp\/v2\/tags?post=10531"}],"curies":[{"name":"wp","href":"https:\/\/api.w.org\/{rel}","templated":true}]}}