{"id":10525,"date":"2011-09-17T22:38:27","date_gmt":"2011-09-17T21:38:27","guid":{"rendered":"http:\/\/fjala.shkoder.net\/?p=10525"},"modified":"2011-09-17T22:38:27","modified_gmt":"2011-09-17T21:38:27","slug":"nishani-i-qeverise-mbi-21-janarin","status":"publish","type":"post","link":"https:\/\/fjala.info\/2009-2015\/nishani-i-qeverise-mbi-21-janarin\/","title":{"rendered":"Nishani i qeveris\u00eb mbi 21 Janarin"},"content":{"rendered":"<p><img decoding=\"async\" class=\"alignright size-thumbnail wp-image-7236\" title=\"Edi Rama\" src=\"http:\/\/www.shkoder.net\/images\/fjala\/edi_rama1.jpg\" alt=\"\" width=\"300\" \/> Nga <strong>Edi Rama<\/strong><\/p>\n<p>Bujar Nishani \u00ebsht\u00eb nd\u00ebr fare t\u00eb pakt\u00ebt n\u00eb oborrin e Saliut q\u00eb mund t\u00eb d\u00ebgjohen kur flasin, pavar\u00ebsisht se s\u2019thon\u00eb asgj\u00eb ndryshe nga Saliu e t\u00eb gjith\u00eb me rradh\u00eb. Por p\u00ebrpiqet t\u00eb pakt\u00ebn t\u00eb mos vet\u00eblegenoset nj\u00ebsoj si t\u00eb shumtit n\u00eb arradh\u00ebn ku, p\u00ebr t\u00eb hedhur jarg\u00ebt e veta ndaj opozit\u00ebs e ndaj \u00e7do shqiptari haptas t\u00eb palumtur me pushtetin, Doktori i l\u00ebviz si me sust\u00eb mimik\u00ebn dhe gjuh\u00ebt e ministrave e t\u00eb deputet\u00ebve t\u00eb budallallepsur n\u00ebn shtypjen e frik\u00ebs e t\u00eb uris\u00eb p\u00ebr p\u00ebrfitime.<\/p>\n<p>Nishanin vitet dhe mbase edhe eksperienca e v\u00ebshtir\u00eb n\u00eb luft\u00eb me nj\u00eb s\u00ebmundje t\u00eb komplikuar e kan\u00eb tjet\u00ebrsuar pozitivisht, duke e b\u00ebr\u00eb t\u00eb dallohet p\u00ebr qet\u00ebsin\u00eb e p\u00ebr etik\u00ebn q\u00eb ruan n\u00eb komunikimin me opozit\u00ebn n\u00eb parlament. Sikur PD-ja t\u00eb sillej si ai jo si Saliu, votat p\u00ebrs\u00ebri do t\u00eb vidheshin e gj\u00ebmat e b\u00ebmat e keqqeverisjes p\u00ebrs\u00ebri nuk do t\u00eb mungonin, po s\u00eb paku kultura e bashk\u00ebjetes\u00ebs n\u00eb sall\u00ebn e Kuvendit dhe etika e debatit politik n\u00eb Shqip\u00ebri do ishin shum\u00eb m\u00eb af\u00ebr njerzill\u00ebkut.<\/p>\n<p>K\u00ebto t\u00eb v\u00ebrteta t\u00eb thjeshta do ishin t\u00eb paplota pa shtuar se sidoqoft\u00eb Nishani nuk \u00ebsht\u00eb minist\u00ebr i Brendsh\u00ebm, po vet\u00ebm mbulues de jure i atij funksioni q\u00eb de facto ushtrohet nga nj\u00ebfar\u00eb Agron Kuli\u00e7aj, personazh q\u00eb arroganc\u00ebn e injoranc\u00ebs e ka t\u00eb shkruar n\u00eb lule t\u00eb ballit e t\u00eb prekshme n\u00eb maj\u00ebn e gjuh\u00ebs, dora e verb\u00ebr e Saliut q\u00eb drejton Policin\u00eb e Shtetit dhe \u00e7do operacion q\u00eb lidh shtetin me bot\u00ebn e krimit p\u00ebrmes kanaleve t\u00eb ruajtura me polic\u00eb. Q\u00eb ajo dor\u00eb ka gjithshka n\u00eb dor\u00eb s\u2019e them un\u00eb po e ka th\u00ebn\u00eb Drejtori i P\u00ebrgjithsh\u00ebm i Policis\u00eb Hysni Burgaj dora vet\u00eb. I cili nj\u00ebsoj si ish-Shefi i Shtabit t\u00eb P\u00ebrgjithsh\u00ebm \u00ebsht\u00eb thjesht nj\u00eb peng i pushtetit q\u00eb l\u00ebviz me nj\u00eb uniform\u00eb t\u00eb lart\u00eb shteti, madje ky s\u2019l\u00ebviz dot nj\u00eb polic t\u00eb vet\u00ebm nga detyra pa miratimin e Gonit t\u00eb famsh\u00ebm.<\/p>\n<p>Nejse, le t\u00eb kthehemi tek gjoja ministri i Brendsh\u00ebm q\u00eb m\u00eb nxiti t\u00eb shkruaj k\u00ebto fjal\u00eb kur e d\u00ebgjova t\u00eb thoshte para Komisionit t\u00eb Siguris\u00eb n\u00eb parlament, pasi mbrojti me k\u00ebmb\u00ebngulje ministrin e v\u00ebrtet\u00eb, pra Gonin, duke goditur kabllogramet e diplomacis\u00eb m\u00eb t\u00eb madhe n\u00eb bot\u00eb si llafe rrug\u00ebsh, se p\u00ebr zbardhjen e 21 janarit policis\u00eb i\u2019u dashka bashk\u00ebpunimi i organizator\u00ebve t\u00eb tubimit.<\/p>\n<p>Dometh\u00ebn\u00eb policia po zbardhk\u00ebrka 21 janarin dhe nishani zbardh\u00ebs i saj qenka opozita. S\u2019ka si t\u00eb jet\u00eb ndryshe n\u00eb fakt, por ky \u00ebsht\u00eb rasti p\u00ebr t\u00eb rith\u00ebn\u00eb se kjo qeveri s\u2019e gjen nj\u00eb shoqe n\u00eb bot\u00ebn e lir\u00eb q\u00eb t\u00eb vras\u00eb me pushk\u00eb protestues dit\u00ebn p\u00ebr diell, t\u2019i masakroj\u00eb barbarisht n\u00ebp\u00ebr komisariate, t\u2019i denigroj\u00eb si kok\u00ebpalar\u00eb n\u00eb publik dhe n\u00eb fund t\u00eb thot\u00eb po zbardh vet\u00eb t\u00eb zezat q\u00eb i ka b\u00ebr\u00eb po vet\u00eb n\u00ebn dirigjimin e t\u00eb parit t\u00eb saj.<\/p>\n<p>Ka vet\u00ebm nj\u00eb m\u00ebnyr\u00eb p\u00ebr ta zbardhur 21 janarin dhe kjo \u00ebsht\u00eb hetimi dhe nd\u00ebshkimi i atyre q\u00eb vun\u00eb opozit\u00ebn n\u00eb nishanin e pushk\u00ebs nga dritaret e kryeministris\u00eb. K\u00ebt\u00eb zbardhje s\u2019mund ta b\u00ebj\u00eb dot as ministri Nishani, as komisioni parlamentar i ministrit qesharak t\u00eb drejt\u00ebsis\u00eb q\u00eb Saliu ngriti duke shkelur si gjithmon\u00eb ligjin p\u00ebr t\u00eb marr\u00eb nishan mbi Presidentin e Republik\u00ebs, mbi Prokuroren e P\u00ebrgjithshme, mbi kat\u00ebr gazetar\u00eb t\u00eb futur n\u00eb rrethin e sh\u00ebnjestr\u00ebs s\u00eb tij prej koh\u00ebsh, mbi opozit\u00ebn po e po.<\/p>\n<p>K\u00ebt\u00eb hetim mund ta b\u00ebj\u00eb vet\u00ebm Prokuroria e Republik\u00ebs q\u00eb ka ecur mjaft me \u00e7uarjet n\u00eb gjyq t\u00eb atyre q\u00eb q\u00eblluan me gur\u00eb, shum\u00eb prej t\u00eb cil\u00ebve kan\u00eb marr\u00eb edhe d\u00ebnime krejt t\u00eb pamerituara, por ka ngecur komplet me ata q\u00eb q\u00eblluan me pushk\u00eb, prej t\u00eb cil\u00ebve s\u2019\u00ebsht\u00eb d\u00ebnuar asnj\u00eb, fal\u00eb sigurisht edhe Tom\u00ebs e Sashenk\u00ebs q\u00eb nxorr\u00ebn t\u00eb lar\u00eb prototipat e kapur me zjarr n\u00eb gryk\u00eb nga kamerat e pavarura. Dhe nd\u00ebrkoh\u00eb s\u2019\u00ebsht\u00eb nisur fare drejt atyre nga duhet ta fillonte hetimin e kompromentuar n\u00eb themel.<\/p>\n<p>Ah po, prokuroria ka thirrur e d\u00ebgjuar ca deputet\u00eb t\u00eb opozit\u00ebs, kollaj se n\u00eb opozit\u00eb jan\u00eb dhe opozita nuk b\u00ebn presione alla Sali mbi prokurorin\u00eb, t\u00eb cil\u00ebt sidoqoft\u00eb kan\u00eb d\u00ebshmuar pa asnj\u00eb ngurrim. Por duhet t\u00eb kishte thirrur t\u00eb parin Sali Berish\u00ebn, t\u00eb dytin Lulzim Bash\u00ebn, t\u00eb tretin Hysni Burgajn, s\u2019jam n\u00eb dijeni n\u00ebse ky \u00ebsht\u00eb thirrur po si kot q\u00eb \u00ebsht\u00eb s\u2019\u00ebsht\u00eb \u00e7udi q\u00eb edhe t\u00eb jet\u00eb thirrur, pastaj ca kapo t\u00eb policis\u00eb si puna e atij gansterit q\u00eb u gradua drejtor bashkiak e rreh grat\u00eb n\u00eb zyra, dhe me rradh\u00eb. E nj\u00ebkoh\u00ebsisht prokuroria jo vet\u00ebm s\u2019duhet t\u00eb qe tutur e futur n\u00eb sirtar bashk\u00eb me dosjen p\u00ebrv\u00ebluese, po duhet t\u00eb kishte k\u00ebrkuar, me mb\u00ebshtetjen e plot\u00eb t\u00eb opinionit publik e t\u00eb komunitetit nd\u00ebrkomb\u00ebtar, q\u00eb t\u00eb gjith\u00eb t\u00eb rreshtoheshin pa llafe e as naze tek dera e saj.<\/p>\n<p>Q\u00eb t\u00eb mos krijohet asnj\u00eb ekuivok, tek ky rreshti fus pa merak e hezitim edhe veten time si nj\u00ebri nd\u00ebr organizator\u00ebt, madje organizatori kryesor i demonstrat\u00ebs s\u00eb 21 janarit. Mir\u00ebpo prokuroria e trysnuar nga presionet mafioze t\u00eb Saliut mbi Prokuroren e P\u00ebrgjithshme dhe e keqtrajtuar vijim\u00ebsisht nga gjykatat politike t\u00eb Tom\u00ebs e t\u00eb Sashenk\u00ebs, ka zgjedhur t\u00eb b\u00ebj\u00eb politik\u00eb me politik\u00ebn e t\u00eb shoh\u00eb pun\u00ebn e vet, n\u00ebnkupto t\u00eb mos e b\u00ebj\u00eb detyr\u00ebn e saj deri n\u00eb fund n\u00eb asnj\u00eb nga rastet kur detyra vete dhe e \u00e7on organin e akuz\u00ebs n\u00eb der\u00ebn e sht\u00ebpis\u00eb s\u00eb Saliut.<\/p>\n<p>C\u2019\u00ebsht\u00eb e v\u00ebrteta k\u00ebto raste jan\u00eb b\u00ebr\u00eb si shum\u00eb dhe rritja e numrit t\u00eb krimeve q\u00eb lidhen me der\u00ebn e t\u00eb parit t\u00eb qeveris\u00eb nuk e leht\u00ebson detyr\u00ebn e prokuroris\u00eb, p\u00ebrkundrazi e r\u00ebndon. Po nga ana tjet\u00ebr si mund t\u00eb vazhdohet k\u00ebshtu me dosjet e r\u00ebnda t\u00eb krimeve me bekim qeveritar q\u00eb po b\u00ebhen dalangadal\u00eb kapic\u00eb e me kultur\u00ebn e pand\u00ebshkueshm\u00ebris\u00eb totale q\u00eb po shtrin rr\u00ebnj\u00ebt thell\u00eb e m\u00eb thell\u00eb n\u00eb k\u00ebt\u00eb vend teksa prokuroria rri e strukur n\u00eb vendin e saj?<\/p>\n<p>Kjo gjendje s\u2019ka lidhje me asgj\u00eb q\u00eb ndodh n\u00eb cilindo vend t\u00eb Europ\u00ebs, po vet\u00ebm me realitetet pa demokraci, pa drejt\u00ebsi, pa karar n\u00eb zararet e qeveris\u00eb dhe pa kandar p\u00ebr t\u00eb peshuar fajet e pushtetar\u00ebve, as me fuqin\u00eb e vot\u00ebs q\u00eb \u00ebsht\u00eb marr\u00eb peng as me forc\u00ebn e ligjit q\u00eb \u00ebsht\u00eb b\u00ebr\u00eb leck\u00eb. Kjo gj\u00ebndje s\u2019ka asnj\u00eb shpres\u00eb tjet\u00ebr ve\u00e7 ngulmimit opozitar t\u00eb \u00e7do qytetari kund\u00ebr t\u00eb keqes tek dera, bashkimit t\u00eb t\u00eb gjitha forcave t\u00eb shoq\u00ebris\u00eb q\u00eb s\u2019pajtohen me statusin e qytetaris\u00eb q\u00eb ka fituar krimi, korrupsioni, mediokriteti akut.<\/p>\n<p>Kjo gjendje \u00ebsht\u00eb vet\u00eb alarmi p\u00ebr t\u00eb v\u00ebn\u00eb \u00e7do energji intelektuale, morale, shpirt\u00ebrore t\u00eb k\u00ebtij vendi n\u00eb dispozicion t\u00eb nj\u00eb ndryshimi radikal q\u00eb t\u2019i \u00e7oj\u00eb gj\u00ebrat n\u00eb vendin e tyre. N\u00eb t\u00eb kund\u00ebrt\u00ebn t\u00eb gjitha t\u00eb k\u00ebqijat q\u00eb kemi par\u00eb s\u2019do jen\u00eb gj\u00eb hi\u00e7 me t\u00eb k\u00ebqijat q\u00eb do shohim dhe nishanin e qeveris\u00eb mbi 21 janarin do ta ket\u00eb nes\u00ebr mbi vete si rregull jo \u00e7dokush q\u00eb sot dihet se nuk e do qeverin\u00eb, po gjithkush q\u00eb nuk merr sot nishan qeverin\u00eb me fjal\u00ebt, me q\u00ebndrimin n\u00eb bisedat shoq\u00ebrore e me protest\u00ebn e vet ndaj s\u00eb keqes.<\/p>\n","protected":false},"excerpt":{"rendered":"<p>Nga Edi Rama Bujar Nishani \u00ebsht\u00eb nd\u00ebr fare t\u00eb pakt\u00ebt n\u00eb oborrin e Saliut q\u00eb mund t\u00eb d\u00ebgjohen kur flasin, pavar\u00ebsisht se s\u2019thon\u00eb asgj\u00eb ndryshe nga Saliu e t\u00eb gjith\u00eb me rradh\u00eb. Por p\u00ebrpiqet t\u00eb pakt\u00ebn t\u00eb mos vet\u00eblegenoset nj\u00ebsoj si t\u00eb shumtit n\u00eb arradh\u00ebn ku, p\u00ebr t\u00eb hedhur jarg\u00ebt e veta ndaj opozit\u00ebs e [&hellip;]<\/p>\n","protected":false},"author":1,"featured_media":0,"comment_status":"open","ping_status":"closed","sticky":false,"template":"","format":"standard","meta":{"footnotes":""},"categories":[2],"tags":[],"class_list":{"0":"post-10525","1":"post","2":"type-post","3":"status-publish","4":"format-standard","6":"category-artikuj"},"yoast_head":"<!-- This site is optimized with the Yoast SEO plugin v27.4 - https:\/\/yoast.com\/product\/yoast-seo-wordpress\/ -->\n<title>Nishani i qeveris\u00eb mbi 21 Janarin - FjALA e LIR\u00cb - Arkivi<\/title>\n<meta name=\"robots\" content=\"index, follow, max-snippet:-1, max-image-preview:large, max-video-preview:-1\" \/>\n<link rel=\"canonical\" href=\"https:\/\/fjala.info\/2009-2015\/nishani-i-qeverise-mbi-21-janarin\/\" \/>\n<meta property=\"og:locale\" content=\"sq_AL\" \/>\n<meta property=\"og:type\" content=\"article\" \/>\n<meta property=\"og:title\" content=\"Nishani i qeveris\u00eb mbi 21 Janarin - FjALA e LIR\u00cb - Arkivi\" \/>\n<meta property=\"og:description\" content=\"Nga Edi Rama Bujar Nishani \u00ebsht\u00eb nd\u00ebr fare t\u00eb pakt\u00ebt n\u00eb oborrin e Saliut q\u00eb mund t\u00eb d\u00ebgjohen kur flasin, pavar\u00ebsisht se s\u2019thon\u00eb asgj\u00eb ndryshe nga Saliu e t\u00eb gjith\u00eb me rradh\u00eb. Por p\u00ebrpiqet t\u00eb pakt\u00ebn t\u00eb mos vet\u00eblegenoset nj\u00ebsoj si t\u00eb shumtit n\u00eb arradh\u00ebn ku, p\u00ebr t\u00eb hedhur jarg\u00ebt e veta ndaj opozit\u00ebs e [&hellip;]\" \/>\n<meta property=\"og:url\" content=\"https:\/\/fjala.info\/2009-2015\/nishani-i-qeverise-mbi-21-janarin\/\" \/>\n<meta property=\"og:site_name\" content=\"FjALA e LIR\u00cb - Arkivi\" \/>\n<meta property=\"article:published_time\" content=\"2011-09-17T21:38:27+00:00\" \/>\n<meta property=\"og:image\" content=\"http:\/\/www.shkoder.net\/images\/fjala\/edi_rama1.jpg\" \/>\n<meta name=\"author\" content=\"admin\" \/>\n<meta name=\"twitter:card\" content=\"summary_large_image\" \/>\n<meta name=\"twitter:label1\" content=\"Written by\" \/>\n\t<meta name=\"twitter:data1\" content=\"admin\" \/>\n\t<meta name=\"twitter:label2\" content=\"Est. reading time\" \/>\n\t<meta name=\"twitter:data2\" content=\"7 minutes\" \/>\n<script type=\"application\/ld+json\" class=\"yoast-schema-graph\">{\"@context\":\"https:\\\/\\\/schema.org\",\"@graph\":[{\"@type\":\"Article\",\"@id\":\"https:\\\/\\\/fjala.info\\\/2009-2015\\\/nishani-i-qeverise-mbi-21-janarin\\\/#article\",\"isPartOf\":{\"@id\":\"https:\\\/\\\/fjala.info\\\/2009-2015\\\/nishani-i-qeverise-mbi-21-janarin\\\/\"},\"author\":{\"name\":\"admin\",\"@id\":\"https:\\\/\\\/fjala.info\\\/2009-2015\\\/#\\\/schema\\\/person\\\/3aa1163ef05469c496fc94e77611ada2\"},\"headline\":\"Nishani i qeveris\u00eb mbi 21 Janarin\",\"datePublished\":\"2011-09-17T21:38:27+00:00\",\"mainEntityOfPage\":{\"@id\":\"https:\\\/\\\/fjala.info\\\/2009-2015\\\/nishani-i-qeverise-mbi-21-janarin\\\/\"},\"wordCount\":1355,\"commentCount\":0,\"publisher\":{\"@id\":\"https:\\\/\\\/fjala.info\\\/2009-2015\\\/#organization\"},\"image\":{\"@id\":\"https:\\\/\\\/fjala.info\\\/2009-2015\\\/nishani-i-qeverise-mbi-21-janarin\\\/#primaryimage\"},\"thumbnailUrl\":\"http:\\\/\\\/www.shkoder.net\\\/images\\\/fjala\\\/edi_rama1.jpg\",\"articleSection\":[\"Artikuj\"],\"inLanguage\":\"sq-AL\",\"potentialAction\":[{\"@type\":\"CommentAction\",\"name\":\"Comment\",\"target\":[\"https:\\\/\\\/fjala.info\\\/2009-2015\\\/nishani-i-qeverise-mbi-21-janarin\\\/#respond\"]}]},{\"@type\":\"WebPage\",\"@id\":\"https:\\\/\\\/fjala.info\\\/2009-2015\\\/nishani-i-qeverise-mbi-21-janarin\\\/\",\"url\":\"https:\\\/\\\/fjala.info\\\/2009-2015\\\/nishani-i-qeverise-mbi-21-janarin\\\/\",\"name\":\"Nishani i qeveris\u00eb mbi 21 Janarin - FjALA e LIR\u00cb - Arkivi\",\"isPartOf\":{\"@id\":\"https:\\\/\\\/fjala.info\\\/2009-2015\\\/#website\"},\"primaryImageOfPage\":{\"@id\":\"https:\\\/\\\/fjala.info\\\/2009-2015\\\/nishani-i-qeverise-mbi-21-janarin\\\/#primaryimage\"},\"image\":{\"@id\":\"https:\\\/\\\/fjala.info\\\/2009-2015\\\/nishani-i-qeverise-mbi-21-janarin\\\/#primaryimage\"},\"thumbnailUrl\":\"http:\\\/\\\/www.shkoder.net\\\/images\\\/fjala\\\/edi_rama1.jpg\",\"datePublished\":\"2011-09-17T21:38:27+00:00\",\"breadcrumb\":{\"@id\":\"https:\\\/\\\/fjala.info\\\/2009-2015\\\/nishani-i-qeverise-mbi-21-janarin\\\/#breadcrumb\"},\"inLanguage\":\"sq-AL\",\"potentialAction\":[{\"@type\":\"ReadAction\",\"target\":[\"https:\\\/\\\/fjala.info\\\/2009-2015\\\/nishani-i-qeverise-mbi-21-janarin\\\/\"]}]},{\"@type\":\"ImageObject\",\"inLanguage\":\"sq-AL\",\"@id\":\"https:\\\/\\\/fjala.info\\\/2009-2015\\\/nishani-i-qeverise-mbi-21-janarin\\\/#primaryimage\",\"url\":\"http:\\\/\\\/www.shkoder.net\\\/images\\\/fjala\\\/edi_rama1.jpg\",\"contentUrl\":\"http:\\\/\\\/www.shkoder.net\\\/images\\\/fjala\\\/edi_rama1.jpg\"},{\"@type\":\"BreadcrumbList\",\"@id\":\"https:\\\/\\\/fjala.info\\\/2009-2015\\\/nishani-i-qeverise-mbi-21-janarin\\\/#breadcrumb\",\"itemListElement\":[{\"@type\":\"ListItem\",\"position\":1,\"name\":\"Home\",\"item\":\"https:\\\/\\\/fjala.info\\\/2009-2015\\\/\"},{\"@type\":\"ListItem\",\"position\":2,\"name\":\"Nishani i qeveris\u00eb mbi 21 Janarin\"}]},{\"@type\":\"WebSite\",\"@id\":\"https:\\\/\\\/fjala.info\\\/2009-2015\\\/#website\",\"url\":\"https:\\\/\\\/fjala.info\\\/2009-2015\\\/\",\"name\":\"FjALA e LIR\u00cb - Arkivi\",\"description\":\"Arkivi 2009-2015\",\"publisher\":{\"@id\":\"https:\\\/\\\/fjala.info\\\/2009-2015\\\/#organization\"},\"potentialAction\":[{\"@type\":\"SearchAction\",\"target\":{\"@type\":\"EntryPoint\",\"urlTemplate\":\"https:\\\/\\\/fjala.info\\\/2009-2015\\\/?s={search_term_string}\"},\"query-input\":{\"@type\":\"PropertyValueSpecification\",\"valueRequired\":true,\"valueName\":\"search_term_string\"}}],\"inLanguage\":\"sq-AL\"},{\"@type\":\"Organization\",\"@id\":\"https:\\\/\\\/fjala.info\\\/2009-2015\\\/#organization\",\"name\":\"FjALA e LIR\u00cb - Arkivi\",\"url\":\"https:\\\/\\\/fjala.info\\\/2009-2015\\\/\",\"logo\":{\"@type\":\"ImageObject\",\"inLanguage\":\"sq-AL\",\"@id\":\"https:\\\/\\\/fjala.info\\\/2009-2015\\\/#\\\/schema\\\/logo\\\/image\\\/\",\"url\":\"\",\"contentUrl\":\"\",\"caption\":\"FjALA e LIR\u00cb - Arkivi\"},\"image\":{\"@id\":\"https:\\\/\\\/fjala.info\\\/2009-2015\\\/#\\\/schema\\\/logo\\\/image\\\/\"}},{\"@type\":\"Person\",\"@id\":\"https:\\\/\\\/fjala.info\\\/2009-2015\\\/#\\\/schema\\\/person\\\/3aa1163ef05469c496fc94e77611ada2\",\"name\":\"admin\",\"image\":{\"@type\":\"ImageObject\",\"inLanguage\":\"sq-AL\",\"@id\":\"https:\\\/\\\/fjala.info\\\/2009-2015\\\/wp-content\\\/uploads\\\/2012\\\/02\\\/arben_cokaj-120x150.jpg\",\"url\":\"https:\\\/\\\/fjala.info\\\/2009-2015\\\/wp-content\\\/uploads\\\/2012\\\/02\\\/arben_cokaj-120x150.jpg\",\"contentUrl\":\"https:\\\/\\\/fjala.info\\\/2009-2015\\\/wp-content\\\/uploads\\\/2012\\\/02\\\/arben_cokaj-120x150.jpg\",\"caption\":\"admin\"},\"description\":\"Admin, Fjala e Lir\u00eb\",\"sameAs\":[\"https:\\\/\\\/fjala.info\\\/\"],\"url\":\"https:\\\/\\\/fjala.info\\\/2009-2015\\\/author\\\/admin\\\/\"}]}<\/script>\n<!-- \/ Yoast SEO plugin. -->","yoast_head_json":{"title":"Nishani i qeveris\u00eb mbi 21 Janarin - FjALA e LIR\u00cb - Arkivi","robots":{"index":"index","follow":"follow","max-snippet":"max-snippet:-1","max-image-preview":"max-image-preview:large","max-video-preview":"max-video-preview:-1"},"canonical":"https:\/\/fjala.info\/2009-2015\/nishani-i-qeverise-mbi-21-janarin\/","og_locale":"sq_AL","og_type":"article","og_title":"Nishani i qeveris\u00eb mbi 21 Janarin - FjALA e LIR\u00cb - Arkivi","og_description":"Nga Edi Rama Bujar Nishani \u00ebsht\u00eb nd\u00ebr fare t\u00eb pakt\u00ebt n\u00eb oborrin e Saliut q\u00eb mund t\u00eb d\u00ebgjohen kur flasin, pavar\u00ebsisht se s\u2019thon\u00eb asgj\u00eb ndryshe nga Saliu e t\u00eb gjith\u00eb me rradh\u00eb. Por p\u00ebrpiqet t\u00eb pakt\u00ebn t\u00eb mos vet\u00eblegenoset nj\u00ebsoj si t\u00eb shumtit n\u00eb arradh\u00ebn ku, p\u00ebr t\u00eb hedhur jarg\u00ebt e veta ndaj opozit\u00ebs e [&hellip;]","og_url":"https:\/\/fjala.info\/2009-2015\/nishani-i-qeverise-mbi-21-janarin\/","og_site_name":"FjALA e LIR\u00cb - Arkivi","article_published_time":"2011-09-17T21:38:27+00:00","og_image":[{"url":"http:\/\/www.shkoder.net\/images\/fjala\/edi_rama1.jpg","type":"","width":"","height":""}],"author":"admin","twitter_card":"summary_large_image","twitter_misc":{"Written by":"admin","Est. reading time":"7 minutes"},"schema":{"@context":"https:\/\/schema.org","@graph":[{"@type":"Article","@id":"https:\/\/fjala.info\/2009-2015\/nishani-i-qeverise-mbi-21-janarin\/#article","isPartOf":{"@id":"https:\/\/fjala.info\/2009-2015\/nishani-i-qeverise-mbi-21-janarin\/"},"author":{"name":"admin","@id":"https:\/\/fjala.info\/2009-2015\/#\/schema\/person\/3aa1163ef05469c496fc94e77611ada2"},"headline":"Nishani i qeveris\u00eb mbi 21 Janarin","datePublished":"2011-09-17T21:38:27+00:00","mainEntityOfPage":{"@id":"https:\/\/fjala.info\/2009-2015\/nishani-i-qeverise-mbi-21-janarin\/"},"wordCount":1355,"commentCount":0,"publisher":{"@id":"https:\/\/fjala.info\/2009-2015\/#organization"},"image":{"@id":"https:\/\/fjala.info\/2009-2015\/nishani-i-qeverise-mbi-21-janarin\/#primaryimage"},"thumbnailUrl":"http:\/\/www.shkoder.net\/images\/fjala\/edi_rama1.jpg","articleSection":["Artikuj"],"inLanguage":"sq-AL","potentialAction":[{"@type":"CommentAction","name":"Comment","target":["https:\/\/fjala.info\/2009-2015\/nishani-i-qeverise-mbi-21-janarin\/#respond"]}]},{"@type":"WebPage","@id":"https:\/\/fjala.info\/2009-2015\/nishani-i-qeverise-mbi-21-janarin\/","url":"https:\/\/fjala.info\/2009-2015\/nishani-i-qeverise-mbi-21-janarin\/","name":"Nishani i qeveris\u00eb mbi 21 Janarin - FjALA e LIR\u00cb - Arkivi","isPartOf":{"@id":"https:\/\/fjala.info\/2009-2015\/#website"},"primaryImageOfPage":{"@id":"https:\/\/fjala.info\/2009-2015\/nishani-i-qeverise-mbi-21-janarin\/#primaryimage"},"image":{"@id":"https:\/\/fjala.info\/2009-2015\/nishani-i-qeverise-mbi-21-janarin\/#primaryimage"},"thumbnailUrl":"http:\/\/www.shkoder.net\/images\/fjala\/edi_rama1.jpg","datePublished":"2011-09-17T21:38:27+00:00","breadcrumb":{"@id":"https:\/\/fjala.info\/2009-2015\/nishani-i-qeverise-mbi-21-janarin\/#breadcrumb"},"inLanguage":"sq-AL","potentialAction":[{"@type":"ReadAction","target":["https:\/\/fjala.info\/2009-2015\/nishani-i-qeverise-mbi-21-janarin\/"]}]},{"@type":"ImageObject","inLanguage":"sq-AL","@id":"https:\/\/fjala.info\/2009-2015\/nishani-i-qeverise-mbi-21-janarin\/#primaryimage","url":"http:\/\/www.shkoder.net\/images\/fjala\/edi_rama1.jpg","contentUrl":"http:\/\/www.shkoder.net\/images\/fjala\/edi_rama1.jpg"},{"@type":"BreadcrumbList","@id":"https:\/\/fjala.info\/2009-2015\/nishani-i-qeverise-mbi-21-janarin\/#breadcrumb","itemListElement":[{"@type":"ListItem","position":1,"name":"Home","item":"https:\/\/fjala.info\/2009-2015\/"},{"@type":"ListItem","position":2,"name":"Nishani i qeveris\u00eb mbi 21 Janarin"}]},{"@type":"WebSite","@id":"https:\/\/fjala.info\/2009-2015\/#website","url":"https:\/\/fjala.info\/2009-2015\/","name":"FjALA e LIR\u00cb - Arkivi","description":"Arkivi 2009-2015","publisher":{"@id":"https:\/\/fjala.info\/2009-2015\/#organization"},"potentialAction":[{"@type":"SearchAction","target":{"@type":"EntryPoint","urlTemplate":"https:\/\/fjala.info\/2009-2015\/?s={search_term_string}"},"query-input":{"@type":"PropertyValueSpecification","valueRequired":true,"valueName":"search_term_string"}}],"inLanguage":"sq-AL"},{"@type":"Organization","@id":"https:\/\/fjala.info\/2009-2015\/#organization","name":"FjALA e LIR\u00cb - Arkivi","url":"https:\/\/fjala.info\/2009-2015\/","logo":{"@type":"ImageObject","inLanguage":"sq-AL","@id":"https:\/\/fjala.info\/2009-2015\/#\/schema\/logo\/image\/","url":"","contentUrl":"","caption":"FjALA e LIR\u00cb - Arkivi"},"image":{"@id":"https:\/\/fjala.info\/2009-2015\/#\/schema\/logo\/image\/"}},{"@type":"Person","@id":"https:\/\/fjala.info\/2009-2015\/#\/schema\/person\/3aa1163ef05469c496fc94e77611ada2","name":"admin","image":{"@type":"ImageObject","inLanguage":"sq-AL","@id":"https:\/\/fjala.info\/2009-2015\/wp-content\/uploads\/2012\/02\/arben_cokaj-120x150.jpg","url":"https:\/\/fjala.info\/2009-2015\/wp-content\/uploads\/2012\/02\/arben_cokaj-120x150.jpg","contentUrl":"https:\/\/fjala.info\/2009-2015\/wp-content\/uploads\/2012\/02\/arben_cokaj-120x150.jpg","caption":"admin"},"description":"Admin, Fjala e Lir\u00eb","sameAs":["https:\/\/fjala.info\/"],"url":"https:\/\/fjala.info\/2009-2015\/author\/admin\/"}]}},"_links":{"self":[{"href":"https:\/\/fjala.info\/2009-2015\/wp-json\/wp\/v2\/posts\/10525","targetHints":{"allow":["GET"]}}],"collection":[{"href":"https:\/\/fjala.info\/2009-2015\/wp-json\/wp\/v2\/posts"}],"about":[{"href":"https:\/\/fjala.info\/2009-2015\/wp-json\/wp\/v2\/types\/post"}],"author":[{"embeddable":true,"href":"https:\/\/fjala.info\/2009-2015\/wp-json\/wp\/v2\/users\/1"}],"replies":[{"embeddable":true,"href":"https:\/\/fjala.info\/2009-2015\/wp-json\/wp\/v2\/comments?post=10525"}],"version-history":[{"count":0,"href":"https:\/\/fjala.info\/2009-2015\/wp-json\/wp\/v2\/posts\/10525\/revisions"}],"wp:attachment":[{"href":"https:\/\/fjala.info\/2009-2015\/wp-json\/wp\/v2\/media?parent=10525"}],"wp:term":[{"taxonomy":"category","embeddable":true,"href":"https:\/\/fjala.info\/2009-2015\/wp-json\/wp\/v2\/categories?post=10525"},{"taxonomy":"post_tag","embeddable":true,"href":"https:\/\/fjala.info\/2009-2015\/wp-json\/wp\/v2\/tags?post=10525"}],"curies":[{"name":"wp","href":"https:\/\/api.w.org\/{rel}","templated":true}]}}