{"id":10518,"date":"2011-09-17T22:11:29","date_gmt":"2011-09-17T21:11:29","guid":{"rendered":"http:\/\/fjala.shkoder.net\/?p=10518"},"modified":"2011-09-17T22:11:29","modified_gmt":"2011-09-17T21:11:29","slug":"a-duhet-te-kete-vetevendosje-ne-shqiperi","status":"publish","type":"post","link":"https:\/\/fjala.info\/2009-2015\/a-duhet-te-kete-vetevendosje-ne-shqiperi\/","title":{"rendered":"A duhet t\u00eb ket\u00eb \u201cvet\u00ebvendosje\u201d n\u00eb Shqip\u00ebri?!"},"content":{"rendered":"<p><img decoding=\"async\" class=\"alignleft size-thumbnail wp-image-7236\" title=\"Redan BUSHATI\" src=\"http:\/\/www.shkoder.net\/images\/fjala\/redan_bushati.jpg\" alt=\"\" width=\"150\" \/> <strong>Redan BUSHATI<\/strong>*<\/p>\n<p>Plot e nj\u00ebzet e teta (28) dit\u00eb e muajit N\u00ebntor t\u00eb vitit 2012, sh\u00ebnon 100-vjetorin e Pavar\u00ebsis\u00eb s\u00eb Shqip\u00ebris\u00eb. Pra, na ndajn\u00eb jo m\u00eb shum\u00eb se 1 vit e 10 muaj, nga kjo dat\u00eb e sh\u00ebnuar p\u00ebr kombin shqiptar. N\u00eb vigjilje t\u00eb k\u00ebsaj feste, Shqip\u00ebria duket se ka problemet e veta, t\u00eb mbartura nga e kaluara apo t\u00eb krijuara nga dinamika e sotme, kjo vlen t\u00eb sqarohet.<\/p>\n<p>S\u00eb pari, ne shqiptar\u00ebt akoma diskutojm\u00eb dat\u00ebn e sakt\u00eb t\u00eb pavar\u00ebsis\u00eb s\u00eb vendit ton\u00eb. Pretendojm\u00eb q\u00eb si popull jemi me histori (e k\u00ebtu jam dakort), por nuk kuptoj se si ka mund\u00ebsi q\u00eb pasardh\u00ebsit e Ilir\u00ebve n\u00eb Ballkan akoma nuk din\u00eb dat\u00ebn e sakt\u00eb t\u00eb sovranitetit t\u00eb tyre?! Si ka mund\u00ebsi q\u00eb partit\u00eb politike nuk gjejn\u00eb nj\u00eb konsensus p\u00ebr nj\u00eb dat\u00eb t\u00eb till\u00eb t\u00eb lavdishme historike?! (Populli im, kujtoni se sa shpejt ran\u00eb n\u00eb ujdi PD-PS p\u00ebr kodin zgjedhor dhe ndryshimet kushtetuese n\u00eb vitin 2009!)<\/p>\n<p>S\u00eb dyti, ka shqiptar\u00eb q\u00eb t\u00eb rr\u00ebnjosur n\u00eb zemrat e tyre kan\u00eb t\u00eb kaluar\u00ebn demokratike t\u00eb qeverisjes s\u00eb Ahmet Zogut. K\u00ebto akuzojn\u00eb F.S.Nolin si pu\u00e7ist dhe personazh negativ t\u00eb historis\u00eb son\u00eb, i cili tentoi t\u00eb realizonte \u201cgrusht shteti\u201d p\u00ebr t\u00eb hedhur qeverisjen e asaj kohe. Nd\u00ebrsa, ka q\u00ebndrime t\u00eb sotme t\u00eb intelektual\u00ebve shqiptar ku nd\u00ebr reliktet e k\u00ebtij kombi fusin mes t\u00eb tjer\u00ebsh emrin e F.S.Nolit. Po si q\u00ebndron e v\u00ebrteta?<\/p>\n<p>S\u00eb treti, n\u00eb Shqip\u00ebri ka akoma njer\u00ebz q\u00eb e duan sistemin e \u201cxhaxhit\u201d, s\u00eb bashku me tallonat e triskat e tij. Madje, m\u00eb lejoni t\u2019iu them nj\u00eb kuriozitet q\u00eb nj\u00eb an\u00ebtar kryesie i LSI nj\u00eb dit\u00eb t\u00eb bukur n\u00eb kafene, nuk ngurroi t\u00eb nxirrte nga xhepi portofolin e tij, ku brenda ruante foton e diktatorit Enver Hoxha. Mua m\u00eb duket e turpshme, e pamoralshme dhe ndjellakeqe. Nuk e di sesi ju duket juve, por uroj q\u00eb t\u00eb ndjeheni k\u00ebshtu si un\u00eb. Nj\u00eb burr\u00eb shteti, i cili vrau gjith\u00eb ato njer\u00ebz t\u00eb pafajsh\u00ebm, t\u00eb cil\u00ebt i quante gjoja desident\u00eb. Por, nuk duhet harruar se k\u00ebto \u201cdesident\u00eb\u201d ishin v\u00ebllez\u00ebr e motra shqiptare.<\/p>\n<p>S\u00eb kat\u00ebrti, me ardhjen e demokracis\u00eb n\u00eb vendin ton\u00eb, shum\u00eb nga ne pretenduan se krimet e komunizmit do t\u00eb zbardheshin. Mos harroni, akoma f\u00ebmij\u00ebve tan\u00eb n\u00ebp\u00ebr shkolla i\u2019u servirim si enigmatike zhdukjen e Mehmet Shehut me shok\u00eb. Si ka mund\u00ebsi?!<\/p>\n<p>S\u00eb pesti, n\u00eb numrin e fundit t\u00eb revist\u00ebs Mapo po lexoja se Andi Bushati dhe Mark Marku e shikonin t\u00eb pamundur krijimin e nj\u00eb poli t\u00eb tret\u00eb politik n\u00eb Shqip\u00ebri. Arsyeja: tashm\u00eb n\u00eb vendin ton\u00eb nuk kishte hap\u00ebsir\u00eb p\u00ebr nj\u00eb parti t\u00eb tret\u00eb, pasi shqiptar\u00ebt sikur nuk ditkan t\u00eb hedhin vot\u00ebn askund tjet\u00ebr p\u00ebrve\u00e7se n\u00eb dy subjekte PD dhe PS. Jam dakort n\u00eb shum\u00eb pika me to, pasi dikur l\u00ebvizja \u201cMjaft\u201d u trumbetua fuqish\u00ebm mediatikisht. Ajo fitoi besimin dhe zemrat e shqiptar\u00ebve.<\/p>\n<p>Filloi t\u00eb flas\u00eb ndryshe, filloi t\u00eb veproj\u00eb, filloi t\u00eb jap\u00eb produkte shoq\u00ebrore, deri \u2026 Derisa nj\u00eb dit\u00eb u shnd\u00ebrrua si nj\u00eb lavire, e cila g\u00ebnjeu shqiptar\u00ebt duke ju servirur G99-sha. Nj\u00eb pol i tret\u00eb, i cili sot po mban Sali Berish\u00ebn n\u00eb pushtet \u00ebsht\u00eb LSI. Kujtoj se Nano me t\u00eb qeshur e me t\u00eb ngjeshur i ka etiketuar si \u201cL\u00ebvizja e Socialist\u00ebve t\u00eb Inatosur\u201d. Ajo u forcua n\u00eb pozitat e saj. Shum\u00eb t\u00eb majt\u00eb kaluan andej, hodh\u00ebn vot\u00ebn p\u00ebr k\u00ebt\u00eb subjekt. N\u00eb zgjedhjet e qershorit LSI, doli si kund\u00ebr PD ashtu edhe kund\u00ebr PS. Motivi i fushat\u00ebs s\u00eb saj ishte: \u201cPopull, Ne ju largojm\u00eb Sali Berish\u00ebn\u201d. Po sot?!<\/p>\n<p>S\u00eb gjashti, raporti fyes i Dick Marty; deklaratat e Ilir Met\u00ebs n\u00eb Beograd se do keni dalje n\u00eb Adriatik; kontestimi i zgjedhjeve dhe bojkotimi i institucioneve t\u00eb vendit nga opozita; lejet e panum\u00ebrta t\u00eb nd\u00ebrtimit t\u00eb betonizimit t\u00eb vendit; ndryshimi i komb\u00ebsis\u00eb dhe shitja e njer\u00ebzve p\u00ebr \u201ckurrgj\u00eb\u201d send; deklaratat e her\u00ebpashershme t\u00eb eksponent\u00ebve grek p\u00ebr vorio-epirin e tyre, q\u00eb ju dalt\u00eb n\u00eb ball\u00eb; rritja e v\u00ebrf\u00ebris\u00eb dhe e papun\u00ebsis\u00eb; ulja e mir\u00ebq\u00ebnies sociale; korrupsioni n\u00eb gjykata dhe arsim; aferat korruptive n\u00eb nivel qendror e lokal; e shum\u00eb e shum\u00eb ngjarje t\u00eb tjera, por ve\u00e7oj t\u00eb premten e \u201czez\u00eb\u201d t\u00eb 21 janarit, kan\u00eb shoq\u00ebruar vendin ton\u00eb q\u00eb nga qershori i vitit 2009.<\/p>\n<p>Rendita disa nga problematikat q\u00eb na kan\u00eb shoq\u00ebruar, n\u00eb m\u00eb pak se dy vjet. Konkluzioni: shum\u00eb probleme. Nd\u00ebrkomb\u00ebtar\u00ebt: vet\u00ebm k\u00ebshillojn\u00eb. Greqia: shyqyr q\u00eb \u00ebsht\u00eb me probleme t\u00eb brendshme, se ndryshe do p\u00ebrfitonte nga gjendja aktuale e shtetit ton\u00eb. Kosova: syt\u00eb nga Shqip\u00ebria, nd\u00ebrkoh\u00eb q\u00eb ka probleme t\u00eb brendshme. Diaspora: mendjen dhe zemr\u00ebn k\u00ebtej nga ne, T\u00eb kthehen? Asq\u00eb b\u00ebhet fjal\u00eb. Arsyeja: Shqip\u00ebria \u00ebsht\u00eb shum\u00eb prapa. Kush e tha: 21 Janari. Zgjidhja: zgjidhja \u00ebsht\u00eb POPULLI.<\/p>\n<p>*<em>Autori \u00ebsht\u00eb Kryetar i K\u00ebshillit Studentor t\u00eb Universitetit t\u00eb Shkodr\u00ebs<\/em><\/p>\n","protected":false},"excerpt":{"rendered":"<p>Redan BUSHATI* Plot e nj\u00ebzet e teta (28) dit\u00eb e muajit N\u00ebntor t\u00eb vitit 2012, sh\u00ebnon 100-vjetorin e Pavar\u00ebsis\u00eb s\u00eb Shqip\u00ebris\u00eb. Pra, na ndajn\u00eb jo m\u00eb shum\u00eb se 1 vit e 10 muaj, nga kjo dat\u00eb e sh\u00ebnuar p\u00ebr kombin shqiptar. N\u00eb vigjilje t\u00eb k\u00ebsaj feste, Shqip\u00ebria duket se ka problemet e veta, t\u00eb mbartura [&hellip;]<\/p>\n","protected":false},"author":1,"featured_media":0,"comment_status":"open","ping_status":"closed","sticky":false,"template":"","format":"standard","meta":{"footnotes":""},"categories":[2],"tags":[],"class_list":{"0":"post-10518","1":"post","2":"type-post","3":"status-publish","4":"format-standard","6":"category-artikuj"},"yoast_head":"<!-- This site is optimized with the Yoast SEO plugin v27.4 - https:\/\/yoast.com\/product\/yoast-seo-wordpress\/ -->\n<title>A duhet t\u00eb ket\u00eb \u201cvet\u00ebvendosje\u201d n\u00eb Shqip\u00ebri?! - FjALA e LIR\u00cb - Arkivi<\/title>\n<meta name=\"robots\" content=\"index, follow, max-snippet:-1, max-image-preview:large, max-video-preview:-1\" \/>\n<link rel=\"canonical\" href=\"https:\/\/fjala.info\/2009-2015\/a-duhet-te-kete-vetevendosje-ne-shqiperi\/\" \/>\n<meta property=\"og:locale\" content=\"sq_AL\" \/>\n<meta property=\"og:type\" content=\"article\" \/>\n<meta property=\"og:title\" content=\"A duhet t\u00eb ket\u00eb \u201cvet\u00ebvendosje\u201d n\u00eb Shqip\u00ebri?! - FjALA e LIR\u00cb - Arkivi\" \/>\n<meta property=\"og:description\" content=\"Redan BUSHATI* Plot e nj\u00ebzet e teta (28) dit\u00eb e muajit N\u00ebntor t\u00eb vitit 2012, sh\u00ebnon 100-vjetorin e Pavar\u00ebsis\u00eb s\u00eb Shqip\u00ebris\u00eb. Pra, na ndajn\u00eb jo m\u00eb shum\u00eb se 1 vit e 10 muaj, nga kjo dat\u00eb e sh\u00ebnuar p\u00ebr kombin shqiptar. N\u00eb vigjilje t\u00eb k\u00ebsaj feste, Shqip\u00ebria duket se ka problemet e veta, t\u00eb mbartura [&hellip;]\" \/>\n<meta property=\"og:url\" content=\"https:\/\/fjala.info\/2009-2015\/a-duhet-te-kete-vetevendosje-ne-shqiperi\/\" \/>\n<meta property=\"og:site_name\" content=\"FjALA e LIR\u00cb - Arkivi\" \/>\n<meta property=\"article:published_time\" content=\"2011-09-17T21:11:29+00:00\" \/>\n<meta property=\"og:image\" content=\"http:\/\/www.shkoder.net\/images\/fjala\/redan_bushati.jpg\" \/>\n<meta name=\"author\" content=\"admin\" \/>\n<meta name=\"twitter:card\" content=\"summary_large_image\" \/>\n<meta name=\"twitter:label1\" content=\"Written by\" \/>\n\t<meta name=\"twitter:data1\" content=\"admin\" \/>\n\t<meta name=\"twitter:label2\" content=\"Est. reading time\" \/>\n\t<meta name=\"twitter:data2\" content=\"4 minutes\" \/>\n<script type=\"application\/ld+json\" class=\"yoast-schema-graph\">{\"@context\":\"https:\\\/\\\/schema.org\",\"@graph\":[{\"@type\":\"Article\",\"@id\":\"https:\\\/\\\/fjala.info\\\/2009-2015\\\/a-duhet-te-kete-vetevendosje-ne-shqiperi\\\/#article\",\"isPartOf\":{\"@id\":\"https:\\\/\\\/fjala.info\\\/2009-2015\\\/a-duhet-te-kete-vetevendosje-ne-shqiperi\\\/\"},\"author\":{\"name\":\"admin\",\"@id\":\"https:\\\/\\\/fjala.info\\\/2009-2015\\\/#\\\/schema\\\/person\\\/3aa1163ef05469c496fc94e77611ada2\"},\"headline\":\"A duhet t\u00eb ket\u00eb \u201cvet\u00ebvendosje\u201d n\u00eb Shqip\u00ebri?!\",\"datePublished\":\"2011-09-17T21:11:29+00:00\",\"mainEntityOfPage\":{\"@id\":\"https:\\\/\\\/fjala.info\\\/2009-2015\\\/a-duhet-te-kete-vetevendosje-ne-shqiperi\\\/\"},\"wordCount\":875,\"commentCount\":0,\"publisher\":{\"@id\":\"https:\\\/\\\/fjala.info\\\/2009-2015\\\/#organization\"},\"image\":{\"@id\":\"https:\\\/\\\/fjala.info\\\/2009-2015\\\/a-duhet-te-kete-vetevendosje-ne-shqiperi\\\/#primaryimage\"},\"thumbnailUrl\":\"http:\\\/\\\/www.shkoder.net\\\/images\\\/fjala\\\/redan_bushati.jpg\",\"articleSection\":[\"Artikuj\"],\"inLanguage\":\"sq-AL\",\"potentialAction\":[{\"@type\":\"CommentAction\",\"name\":\"Comment\",\"target\":[\"https:\\\/\\\/fjala.info\\\/2009-2015\\\/a-duhet-te-kete-vetevendosje-ne-shqiperi\\\/#respond\"]}]},{\"@type\":\"WebPage\",\"@id\":\"https:\\\/\\\/fjala.info\\\/2009-2015\\\/a-duhet-te-kete-vetevendosje-ne-shqiperi\\\/\",\"url\":\"https:\\\/\\\/fjala.info\\\/2009-2015\\\/a-duhet-te-kete-vetevendosje-ne-shqiperi\\\/\",\"name\":\"A duhet t\u00eb ket\u00eb \u201cvet\u00ebvendosje\u201d n\u00eb Shqip\u00ebri?! - FjALA e LIR\u00cb - Arkivi\",\"isPartOf\":{\"@id\":\"https:\\\/\\\/fjala.info\\\/2009-2015\\\/#website\"},\"primaryImageOfPage\":{\"@id\":\"https:\\\/\\\/fjala.info\\\/2009-2015\\\/a-duhet-te-kete-vetevendosje-ne-shqiperi\\\/#primaryimage\"},\"image\":{\"@id\":\"https:\\\/\\\/fjala.info\\\/2009-2015\\\/a-duhet-te-kete-vetevendosje-ne-shqiperi\\\/#primaryimage\"},\"thumbnailUrl\":\"http:\\\/\\\/www.shkoder.net\\\/images\\\/fjala\\\/redan_bushati.jpg\",\"datePublished\":\"2011-09-17T21:11:29+00:00\",\"breadcrumb\":{\"@id\":\"https:\\\/\\\/fjala.info\\\/2009-2015\\\/a-duhet-te-kete-vetevendosje-ne-shqiperi\\\/#breadcrumb\"},\"inLanguage\":\"sq-AL\",\"potentialAction\":[{\"@type\":\"ReadAction\",\"target\":[\"https:\\\/\\\/fjala.info\\\/2009-2015\\\/a-duhet-te-kete-vetevendosje-ne-shqiperi\\\/\"]}]},{\"@type\":\"ImageObject\",\"inLanguage\":\"sq-AL\",\"@id\":\"https:\\\/\\\/fjala.info\\\/2009-2015\\\/a-duhet-te-kete-vetevendosje-ne-shqiperi\\\/#primaryimage\",\"url\":\"http:\\\/\\\/www.shkoder.net\\\/images\\\/fjala\\\/redan_bushati.jpg\",\"contentUrl\":\"http:\\\/\\\/www.shkoder.net\\\/images\\\/fjala\\\/redan_bushati.jpg\"},{\"@type\":\"BreadcrumbList\",\"@id\":\"https:\\\/\\\/fjala.info\\\/2009-2015\\\/a-duhet-te-kete-vetevendosje-ne-shqiperi\\\/#breadcrumb\",\"itemListElement\":[{\"@type\":\"ListItem\",\"position\":1,\"name\":\"Home\",\"item\":\"https:\\\/\\\/fjala.info\\\/2009-2015\\\/\"},{\"@type\":\"ListItem\",\"position\":2,\"name\":\"A duhet t\u00eb ket\u00eb \u201cvet\u00ebvendosje\u201d n\u00eb Shqip\u00ebri?!\"}]},{\"@type\":\"WebSite\",\"@id\":\"https:\\\/\\\/fjala.info\\\/2009-2015\\\/#website\",\"url\":\"https:\\\/\\\/fjala.info\\\/2009-2015\\\/\",\"name\":\"FjALA e LIR\u00cb - Arkivi\",\"description\":\"Arkivi 2009-2015\",\"publisher\":{\"@id\":\"https:\\\/\\\/fjala.info\\\/2009-2015\\\/#organization\"},\"potentialAction\":[{\"@type\":\"SearchAction\",\"target\":{\"@type\":\"EntryPoint\",\"urlTemplate\":\"https:\\\/\\\/fjala.info\\\/2009-2015\\\/?s={search_term_string}\"},\"query-input\":{\"@type\":\"PropertyValueSpecification\",\"valueRequired\":true,\"valueName\":\"search_term_string\"}}],\"inLanguage\":\"sq-AL\"},{\"@type\":\"Organization\",\"@id\":\"https:\\\/\\\/fjala.info\\\/2009-2015\\\/#organization\",\"name\":\"FjALA e LIR\u00cb - Arkivi\",\"url\":\"https:\\\/\\\/fjala.info\\\/2009-2015\\\/\",\"logo\":{\"@type\":\"ImageObject\",\"inLanguage\":\"sq-AL\",\"@id\":\"https:\\\/\\\/fjala.info\\\/2009-2015\\\/#\\\/schema\\\/logo\\\/image\\\/\",\"url\":\"\",\"contentUrl\":\"\",\"caption\":\"FjALA e LIR\u00cb - Arkivi\"},\"image\":{\"@id\":\"https:\\\/\\\/fjala.info\\\/2009-2015\\\/#\\\/schema\\\/logo\\\/image\\\/\"}},{\"@type\":\"Person\",\"@id\":\"https:\\\/\\\/fjala.info\\\/2009-2015\\\/#\\\/schema\\\/person\\\/3aa1163ef05469c496fc94e77611ada2\",\"name\":\"admin\",\"image\":{\"@type\":\"ImageObject\",\"inLanguage\":\"sq-AL\",\"@id\":\"https:\\\/\\\/fjala.info\\\/2009-2015\\\/wp-content\\\/uploads\\\/2012\\\/02\\\/arben_cokaj-120x150.jpg\",\"url\":\"https:\\\/\\\/fjala.info\\\/2009-2015\\\/wp-content\\\/uploads\\\/2012\\\/02\\\/arben_cokaj-120x150.jpg\",\"contentUrl\":\"https:\\\/\\\/fjala.info\\\/2009-2015\\\/wp-content\\\/uploads\\\/2012\\\/02\\\/arben_cokaj-120x150.jpg\",\"caption\":\"admin\"},\"description\":\"Admin, Fjala e Lir\u00eb\",\"sameAs\":[\"https:\\\/\\\/fjala.info\\\/\"],\"url\":\"https:\\\/\\\/fjala.info\\\/2009-2015\\\/author\\\/admin\\\/\"}]}<\/script>\n<!-- \/ Yoast SEO plugin. -->","yoast_head_json":{"title":"A duhet t\u00eb ket\u00eb \u201cvet\u00ebvendosje\u201d n\u00eb Shqip\u00ebri?! - FjALA e LIR\u00cb - Arkivi","robots":{"index":"index","follow":"follow","max-snippet":"max-snippet:-1","max-image-preview":"max-image-preview:large","max-video-preview":"max-video-preview:-1"},"canonical":"https:\/\/fjala.info\/2009-2015\/a-duhet-te-kete-vetevendosje-ne-shqiperi\/","og_locale":"sq_AL","og_type":"article","og_title":"A duhet t\u00eb ket\u00eb \u201cvet\u00ebvendosje\u201d n\u00eb Shqip\u00ebri?! - FjALA e LIR\u00cb - Arkivi","og_description":"Redan BUSHATI* Plot e nj\u00ebzet e teta (28) dit\u00eb e muajit N\u00ebntor t\u00eb vitit 2012, sh\u00ebnon 100-vjetorin e Pavar\u00ebsis\u00eb s\u00eb Shqip\u00ebris\u00eb. Pra, na ndajn\u00eb jo m\u00eb shum\u00eb se 1 vit e 10 muaj, nga kjo dat\u00eb e sh\u00ebnuar p\u00ebr kombin shqiptar. N\u00eb vigjilje t\u00eb k\u00ebsaj feste, Shqip\u00ebria duket se ka problemet e veta, t\u00eb mbartura [&hellip;]","og_url":"https:\/\/fjala.info\/2009-2015\/a-duhet-te-kete-vetevendosje-ne-shqiperi\/","og_site_name":"FjALA e LIR\u00cb - Arkivi","article_published_time":"2011-09-17T21:11:29+00:00","og_image":[{"url":"http:\/\/www.shkoder.net\/images\/fjala\/redan_bushati.jpg","type":"","width":"","height":""}],"author":"admin","twitter_card":"summary_large_image","twitter_misc":{"Written by":"admin","Est. reading time":"4 minutes"},"schema":{"@context":"https:\/\/schema.org","@graph":[{"@type":"Article","@id":"https:\/\/fjala.info\/2009-2015\/a-duhet-te-kete-vetevendosje-ne-shqiperi\/#article","isPartOf":{"@id":"https:\/\/fjala.info\/2009-2015\/a-duhet-te-kete-vetevendosje-ne-shqiperi\/"},"author":{"name":"admin","@id":"https:\/\/fjala.info\/2009-2015\/#\/schema\/person\/3aa1163ef05469c496fc94e77611ada2"},"headline":"A duhet t\u00eb ket\u00eb \u201cvet\u00ebvendosje\u201d n\u00eb Shqip\u00ebri?!","datePublished":"2011-09-17T21:11:29+00:00","mainEntityOfPage":{"@id":"https:\/\/fjala.info\/2009-2015\/a-duhet-te-kete-vetevendosje-ne-shqiperi\/"},"wordCount":875,"commentCount":0,"publisher":{"@id":"https:\/\/fjala.info\/2009-2015\/#organization"},"image":{"@id":"https:\/\/fjala.info\/2009-2015\/a-duhet-te-kete-vetevendosje-ne-shqiperi\/#primaryimage"},"thumbnailUrl":"http:\/\/www.shkoder.net\/images\/fjala\/redan_bushati.jpg","articleSection":["Artikuj"],"inLanguage":"sq-AL","potentialAction":[{"@type":"CommentAction","name":"Comment","target":["https:\/\/fjala.info\/2009-2015\/a-duhet-te-kete-vetevendosje-ne-shqiperi\/#respond"]}]},{"@type":"WebPage","@id":"https:\/\/fjala.info\/2009-2015\/a-duhet-te-kete-vetevendosje-ne-shqiperi\/","url":"https:\/\/fjala.info\/2009-2015\/a-duhet-te-kete-vetevendosje-ne-shqiperi\/","name":"A duhet t\u00eb ket\u00eb \u201cvet\u00ebvendosje\u201d n\u00eb Shqip\u00ebri?! - FjALA e LIR\u00cb - Arkivi","isPartOf":{"@id":"https:\/\/fjala.info\/2009-2015\/#website"},"primaryImageOfPage":{"@id":"https:\/\/fjala.info\/2009-2015\/a-duhet-te-kete-vetevendosje-ne-shqiperi\/#primaryimage"},"image":{"@id":"https:\/\/fjala.info\/2009-2015\/a-duhet-te-kete-vetevendosje-ne-shqiperi\/#primaryimage"},"thumbnailUrl":"http:\/\/www.shkoder.net\/images\/fjala\/redan_bushati.jpg","datePublished":"2011-09-17T21:11:29+00:00","breadcrumb":{"@id":"https:\/\/fjala.info\/2009-2015\/a-duhet-te-kete-vetevendosje-ne-shqiperi\/#breadcrumb"},"inLanguage":"sq-AL","potentialAction":[{"@type":"ReadAction","target":["https:\/\/fjala.info\/2009-2015\/a-duhet-te-kete-vetevendosje-ne-shqiperi\/"]}]},{"@type":"ImageObject","inLanguage":"sq-AL","@id":"https:\/\/fjala.info\/2009-2015\/a-duhet-te-kete-vetevendosje-ne-shqiperi\/#primaryimage","url":"http:\/\/www.shkoder.net\/images\/fjala\/redan_bushati.jpg","contentUrl":"http:\/\/www.shkoder.net\/images\/fjala\/redan_bushati.jpg"},{"@type":"BreadcrumbList","@id":"https:\/\/fjala.info\/2009-2015\/a-duhet-te-kete-vetevendosje-ne-shqiperi\/#breadcrumb","itemListElement":[{"@type":"ListItem","position":1,"name":"Home","item":"https:\/\/fjala.info\/2009-2015\/"},{"@type":"ListItem","position":2,"name":"A duhet t\u00eb ket\u00eb \u201cvet\u00ebvendosje\u201d n\u00eb Shqip\u00ebri?!"}]},{"@type":"WebSite","@id":"https:\/\/fjala.info\/2009-2015\/#website","url":"https:\/\/fjala.info\/2009-2015\/","name":"FjALA e LIR\u00cb - Arkivi","description":"Arkivi 2009-2015","publisher":{"@id":"https:\/\/fjala.info\/2009-2015\/#organization"},"potentialAction":[{"@type":"SearchAction","target":{"@type":"EntryPoint","urlTemplate":"https:\/\/fjala.info\/2009-2015\/?s={search_term_string}"},"query-input":{"@type":"PropertyValueSpecification","valueRequired":true,"valueName":"search_term_string"}}],"inLanguage":"sq-AL"},{"@type":"Organization","@id":"https:\/\/fjala.info\/2009-2015\/#organization","name":"FjALA e LIR\u00cb - Arkivi","url":"https:\/\/fjala.info\/2009-2015\/","logo":{"@type":"ImageObject","inLanguage":"sq-AL","@id":"https:\/\/fjala.info\/2009-2015\/#\/schema\/logo\/image\/","url":"","contentUrl":"","caption":"FjALA e LIR\u00cb - Arkivi"},"image":{"@id":"https:\/\/fjala.info\/2009-2015\/#\/schema\/logo\/image\/"}},{"@type":"Person","@id":"https:\/\/fjala.info\/2009-2015\/#\/schema\/person\/3aa1163ef05469c496fc94e77611ada2","name":"admin","image":{"@type":"ImageObject","inLanguage":"sq-AL","@id":"https:\/\/fjala.info\/2009-2015\/wp-content\/uploads\/2012\/02\/arben_cokaj-120x150.jpg","url":"https:\/\/fjala.info\/2009-2015\/wp-content\/uploads\/2012\/02\/arben_cokaj-120x150.jpg","contentUrl":"https:\/\/fjala.info\/2009-2015\/wp-content\/uploads\/2012\/02\/arben_cokaj-120x150.jpg","caption":"admin"},"description":"Admin, Fjala e Lir\u00eb","sameAs":["https:\/\/fjala.info\/"],"url":"https:\/\/fjala.info\/2009-2015\/author\/admin\/"}]}},"_links":{"self":[{"href":"https:\/\/fjala.info\/2009-2015\/wp-json\/wp\/v2\/posts\/10518","targetHints":{"allow":["GET"]}}],"collection":[{"href":"https:\/\/fjala.info\/2009-2015\/wp-json\/wp\/v2\/posts"}],"about":[{"href":"https:\/\/fjala.info\/2009-2015\/wp-json\/wp\/v2\/types\/post"}],"author":[{"embeddable":true,"href":"https:\/\/fjala.info\/2009-2015\/wp-json\/wp\/v2\/users\/1"}],"replies":[{"embeddable":true,"href":"https:\/\/fjala.info\/2009-2015\/wp-json\/wp\/v2\/comments?post=10518"}],"version-history":[{"count":0,"href":"https:\/\/fjala.info\/2009-2015\/wp-json\/wp\/v2\/posts\/10518\/revisions"}],"wp:attachment":[{"href":"https:\/\/fjala.info\/2009-2015\/wp-json\/wp\/v2\/media?parent=10518"}],"wp:term":[{"taxonomy":"category","embeddable":true,"href":"https:\/\/fjala.info\/2009-2015\/wp-json\/wp\/v2\/categories?post=10518"},{"taxonomy":"post_tag","embeddable":true,"href":"https:\/\/fjala.info\/2009-2015\/wp-json\/wp\/v2\/tags?post=10518"}],"curies":[{"name":"wp","href":"https:\/\/api.w.org\/{rel}","templated":true}]}}