{"id":10515,"date":"2011-09-17T21:32:33","date_gmt":"2011-09-17T20:32:33","guid":{"rendered":"http:\/\/fjala.shkoder.net\/?p=10515"},"modified":"2011-09-17T21:32:33","modified_gmt":"2011-09-17T20:32:33","slug":"potenciali-i-madh-i-manipulimit-te-regjistrimit-etnik","status":"publish","type":"post","link":"https:\/\/fjala.info\/2009-2015\/potenciali-i-madh-i-manipulimit-te-regjistrimit-etnik\/","title":{"rendered":"Potenciali i madh i manipulimit t\u00eb regjistrimit etnik"},"content":{"rendered":"<p><img decoding=\"async\" class=\"alignright size-thumbnail wp-image-7236\" title=\"Adri Nurellari\" src=\"http:\/\/www.shkoder.net\/images\/fjala\/adri_nurellari.jpg\" alt=\"\" width=\"150\" \/> <strong>Adri Nurellari<\/strong>, <em>17.09.2011<\/em><\/p>\n<p>Me kalimin e dit\u00ebve po afrohet nisja e procesit t\u00eb regjistrimit t\u00eb popullsis\u00eb, sikurse edhe po ashp\u00ebrsohet debati p\u00ebr p\u00ebrfshirjen p\u00ebr her\u00eb t\u00eb par\u00eb n\u00eb Shqip\u00ebri t\u00eb dimensionit etnik dhe fetar n\u00eb t\u00eb. Mir\u00ebpo censusi nuk ka vet\u00ebm rreziqe reale dhe radikale, q\u00eb lidhen me implikimet politike q\u00eb mund t\u00eb dalin prej rezultateve t\u00eb pasakta, por ka edhe nj\u00eb potencial t\u00eb lart\u00eb pasakt\u00ebsie apo manipulimi.<\/p>\n<p>Si mund t\u00eb pritet q\u00eb t\u00eb zhvillohet nj\u00eb proces i sakt\u00eb regjistrimi etnik n\u00eb nj\u00eb vend ku ende nuk organizohen dot zgjedhjet t\u00eb lira e t\u00eb ndershme e ku komisioner\u00ebt e dy partive kryesore ende grabisin pa hesap votat e partive t\u00eb treta, edhe tani q\u00eb kan\u00eb shkuar 20 vjet prej rr\u00ebzimit t\u00eb bustit t\u00eb diktatorit?! Nga nj\u00ebra an\u00eb ekziston nj\u00eb presion i fort\u00eb, i qart\u00eb dhe historik prej fqinj\u00ebve tan\u00eb grek\u00eb, q\u00eb t\u00eb ndryshohet p\u00ebrqindja zyrtare e minoritetit grek n\u00eb Shqip\u00ebri dhe p\u00ebr t\u00eb nd\u00ebrhyr\u00eb n\u00eb pun\u00ebt e brendshme t\u00eb vendit ton\u00eb.<\/p>\n<p>Mjafton t\u00eb kujtohen amnistit\u00eb e p\u00ebrkohshme p\u00ebr kalimin n\u00eb kufi t\u00eb emigrant\u00ebve tan\u00eb n\u00eb periudha zgjedhjesh dhe autobus\u00ebt e organizuar q\u00eb nisen nga Greqia enkas p\u00ebr t\u00eb votuar pro PBDNJ, p\u00ebr t\u00eb marr\u00eb me mend se deri ku mund t\u00eb shkoj\u00eb shteti fqinj p\u00ebr t\u00eb realizuar q\u00ebllimet ogurzeza shoviniste. Nga ana tjet\u00ebr kemi shtetin ton\u00eb, ku mund\u00ebsia p\u00ebr pasakt\u00ebsi \u00ebsht\u00eb e pap\u00ebrllogaritshme. Mjafton t\u00eb shikohet se sa dendur institucione t\u00eb ndryshme shtet\u00ebrore paraqesin shifra t\u00eb ndryshme p\u00ebr t\u00eb nj\u00ebjt\u00ebn \u00e7\u00ebshtje, p\u00ebr t\u00eb kuptuar se sa leht\u00eb mund t\u00eb manipulohen rezultatet e censusit te ne.<\/p>\n<p>\u00cbsht\u00eb e v\u00ebrtet\u00eb q\u00eb amendimet e nisura nga PDIU me t\u00eb v\u00ebrtet\u00eb shtojn\u00eb ngarkes\u00ebn ligjore dhe p\u00ebrmbajn\u00eb penalitete ndaj atyre q\u00eb b\u00ebjn\u00eb vet\u00ebdeklarim t\u00eb rrem\u00eb. Mir\u00ebpo natyrsh\u00ebm lind pyetja sa do t\u00eb jet\u00eb e mundur q\u00eb t\u00eb zbatohet ligji e t\u00eb merren masat e parashikuara nga amendimet n\u00eb kushtet kur n\u00eb vendin ton\u00eb mbizot\u00ebron paligjshm\u00ebria? Sa \u00ebsht\u00eb e mundur q\u00eb t\u00eb zbatohen penalitete, ta z\u00ebm\u00eb ndaj mij\u00ebra pleqve kor\u00e7ar\u00eb apo t\u00eb Bregut q\u00eb marrin pensione 300 euroshe apo ndaj dhjet\u00ebra mij\u00ebra emigrant\u00ebsh, q\u00eb kan\u00eb karta homogjeni, kur dihet q\u00eb n\u00eb k\u00ebt\u00eb vend nuk i hyn gjemb n\u00eb k\u00ebmb\u00eb as shkaktar\u00ebve t\u00eb krimeve jasht\u00ebzakonisht t\u00eb r\u00ebnda si G\u00ebrdeci dhe 21 Janari?<\/p>\n<p>Rasti i censusit t\u00eb Kosov\u00ebs sivjet d\u00ebshmon qartazi se si mund t\u00eb d\u00ebshtoj\u00eb nj\u00eb regjistrim popullsie, pasi shum\u00eb qytetar\u00eb nuk u b\u00ebn\u00eb pjes\u00eb e rezultatit, jo vet\u00ebm sepse nj\u00eb pjes\u00eb e mir\u00eb e tyre ishin n\u00eb emigracion e nuk arrit\u00ebn t\u00eb regjistroheshin, por edhe sepse shum\u00eb banor\u00eb permanent\u00eb t\u00eb Kosov\u00ebs kishin frik\u00eb se mos regjistrimi i tyre personal dhe i pron\u00ebs do t\u2019i b\u00ebnte subjekte taksash dhe i b\u00ebn\u00eb bisht procesit. Censusi i zhvilluar n\u00eb prill e nxori komun\u00ebn e Prishtin\u00ebs (572 km\u00b2 q\u00eb p\u00ebrfshin edhe fshatrat p\u00ebrreth qytetit) me nj\u00eb popullsi prej 198 214 banor\u00ebsh, n\u00eb nj\u00eb koh\u00eb kur duket qart\u00eb me sy t\u00eb lir\u00eb q\u00eb Prishtina \u00ebsht\u00eb zmadhuar aq shum\u00eb, sa s&#8217;mund t\u00eb ket\u00eb kaq num\u00ebr t\u00eb vog\u00ebl banor\u00ebsh. Sipas k\u00ebtij censusi, Kosova del me m\u00eb pak se 1.8 milion\u00eb banor\u00eb, nd\u00ebrkoh\u00eb q\u00eb po t\u00eb kiheshin parasysh matjet e m\u00ebhershme dhe projeksioni i rritjes natyrore t\u00eb popullsis\u00eb, Kosova sot do t\u00eb duhej t\u00eb kishte goxha mbi 2 milion\u00eb banor\u00eb. Censusi nuk u mbajt n\u00eb veri t\u00eb Kosov\u00ebs, por n\u00eb at\u00eb zon\u00eb v\u00ebshtir\u00eb se banojn\u00eb m\u00eb shum\u00eb se 45 mij\u00eb banor\u00eb.<\/p>\n<p>Ajo q\u00eb e b\u00ebn m\u00eb absurde rezultatin e censusit \u00ebsht\u00eb fakti q\u00eb popullsia del 1.8 milion\u00eb, nd\u00ebrkoh\u00eb q\u00eb numri i votuesve t\u00eb regjistruar n\u00eb zgjedhjet e kaluara ishte 1.6 milion\u00eb. Mir\u00ebpo Kosova ka edhe popullsin\u00eb m\u00eb t\u00eb re n\u00eb Europ\u00eb, me nj\u00eb mosh\u00eb mesatare rreth 26 vje\u00e7, q\u00eb l\u00eb t\u00eb hamend\u00ebsohet se p\u00ebrqindja e atyre n\u00ebn mosh\u00ebn 18 t\u00eb votimit duhet t\u00eb jet\u00eb diku tek 30% e popullsis\u00eb e p\u00ebr rrjedhoj\u00eb, popullsia do t\u00eb duhej t\u00eb ishte rreth 30% m\u00eb e lart\u00eb se 1.6 milion\u00eb votues, pra goxha mbi 2 milion\u00eb.<\/p>\n<p>Edhe rasti i regjistrimit etnik brenda Malit t\u00eb Zi t\u00eb zhvilluar gjat\u00eb prillit \u00ebsht\u00eb i mbushur me parregullsi n\u00eb kurriz t\u00eb shqiptar\u00ebve q\u00eb sh\u00ebrben si nj\u00eb tjet\u00ebr demonstrim se sa leht\u00ebsisht i manipuluesh\u00ebm \u00ebsht\u00eb procesi. K\u00ebshtu, nj\u00eb nd\u00ebr paradokset e censusit malazez \u00ebsht\u00eb fakti q\u00eb numri i banor\u00ebve q\u00eb vet\u00ebdeklarohen shqiptar\u00eb \u00ebsht\u00eb 30439 ose 4.91% e totalit, nd\u00ebrkoh\u00eb q\u00eb ata q\u00eb deklarojn\u00eb shqipen si gjuh\u00ebn amtare jan\u00eb 32671 banor\u00eb ose 5.27%. Pra i bie q\u00eb 2232 shtetas t\u00eb Malit t\u00eb Zi kan\u00eb gjuh\u00eb amtare shqipen, por nuk q\u00ebnk\u00ebrkan shqiptar\u00eb.<\/p>\n<p>Nj\u00eb tjet\u00ebr manipulim i b\u00ebr\u00eb n\u00eb censusin malazez, q\u00eb lidhet me p\u00ebrpjekjet shkomb\u00ebtarizuese ndaj shqiptar\u00ebve, \u00ebsht\u00eb edhe shpikja e nj\u00eb grupi etnik t\u00eb ri, t\u00eb quajtur mysliman, s\u00eb cil\u00ebs i p\u00ebrkasin sipas censusit 20537 banor\u00eb, 3.31% e popullsis\u00eb. Po ashtu n\u00eb pyetjet p\u00ebr fe, z\u00ebri mysliman \u00ebsht\u00eb futur si kategori m\u00eb vete n\u00eb pyetjen p\u00ebrbri konfesionit islam. Pra censusi nxjerr se 99038 banor\u00eb jan\u00eb t\u00eb fes\u00eb islame dhe 19439 jan\u00eb mysliman\u00eb.<\/p>\n<p>Kuptohet q\u00eb kjo kategori \u00ebsht\u00eb sajuar enkas p\u00ebr t\u00eb leht\u00ebsuar asimilimin dhe shkomb\u00ebtarizimin e shqiptar\u00ebve dhe n\u00eb k\u00ebt\u00eb kategori, jan\u00eb shtyr\u00eb t\u00eb futen jo vet\u00ebm 2232 shqipfol\u00ebsit e m\u00ebsip\u00ebrm, por edhe mij\u00ebra shqiptar\u00eb t\u00eb tjer\u00eb t\u00eb trojeve historike shqiptare t\u00eb Plav\u00ebs, Gucis\u00eb, Rozhaj\u00ebs e Tuzit, t\u00eb cil\u00ebt kan\u00eb pasur frik\u00eb t\u00eb deklarojn\u00eb komb\u00ebsin\u00eb shqiptare dhe se gjuh\u00ebn amtare kan\u00eb shqipen, duke b\u00ebr\u00eb q\u00eb t\u00eb p\u00ebrfshihen te ky identitet i ri hibrid i pad\u00ebgjuar gjetiu \u201cmysliman\u201d, q\u00eb sipas malazez\u00ebve pretendohet t\u00eb jet\u00eb ndryshe nga t\u00eb qenurit islam.<\/p>\n<p>Censusi i Maqedonis\u00eb, n\u00eb vitin 2002, ka pas qen\u00eb shum\u00eb problematik sepse e nxori popullsin\u00eb maqedonase n\u00eb rreth 64.2% dhe at\u00eb shqiptare n\u00eb 25.2%, nd\u00ebrkoh\u00eb q\u00eb t\u00eb gjith\u00eb p\u00ebrfaq\u00ebsuesit e faktorit shqiptar pretendojn\u00eb se shqiptar\u00ebt jan\u00eb t\u00eb pakt\u00ebn nj\u00eb e treta e popullsis\u00eb s\u00eb vendit. Manipulimet me shifrat e popullsis\u00eb kan\u00eb b\u00ebr\u00eb q\u00eb shqiptar\u00ebt t\u00eb mos g\u00ebzojn\u00eb t\u00eb drejtat e plota t\u00eb tyre n\u00eb qytetet historike shqiptare, ku sot rezultojn\u00eb se jan\u00eb m\u00eb pak se 20%, si dhe p\u00ebrcaktimi i kufijve t\u00eb distrikteve elektoral\u00eb dhe mandateve p\u00ebrkat\u00ebse q\u00eb b\u00ebhet i mb\u00ebshtetur te rezultatet e censusit ka sjell\u00eb nj\u00eb situat\u00eb ku shqiptar\u00ebt marrin 5 deri n\u00eb 7 m\u00eb pak deputet\u00eb sesa u takojn\u00eb.<\/p>\n<p>Parregullsit\u00eb me procesin e regjistrimit etnik t\u00eb k\u00ebtij viti jan\u00eb v\u00ebn\u00eb re edhe n\u00eb nj\u00eb vend ballkanik an\u00ebtar t\u00eb BE-s\u00eb, sikurse \u00ebsht\u00eb Bullgaria. N\u00eb fakt shteti maqedonas dhe shoqatat e ndryshme t\u00eb diaspor\u00ebs maqedonase jan\u00eb shum\u00eb t\u00eb indinjuara p\u00ebr censusin e fundit bullgar, sipas t\u00eb cilit vet\u00ebm 1654 qytetar\u00eb bullgar\u00eb deklaroheshin maqedonas. Kjo shif\u00ebr \u00ebsht\u00eb sa nj\u00eb e treta e shifr\u00ebs t\u00eb nxjerr\u00eb nj\u00eb dekad\u00eb m\u00eb par\u00eb dhe 100 her\u00eb m\u00eb e vog\u00ebl sesa censusi i vitit 1958, kur 187,789 bullgar\u00eb u deklaruan me origjin\u00eb maqedonase. Af\u00ebrmendsh nuk ka sesi kjo popullsi t\u00eb zvog\u00eblohet, n\u00eb m\u00ebnyr\u00eb t\u00eb natyrshme kaq shpejt. Duhet theksuar se k\u00ebtu b\u00ebhet fjal\u00eb p\u00ebr pasakt\u00ebsi apo dyshime manipulimesh n\u00eb nj\u00eb vend an\u00ebtar t\u00eb BE-s\u00eb, q\u00eb ka t\u00eb pakt\u00ebn nj\u00eb dekad\u00eb q\u00eb zhvillon zgjedhje politike t\u00eb ndershme pa v\u00ebzhgues t\u00eb huaj.<\/p>\n<p>Rastet e shteteve fqinje d\u00ebshmojn\u00eb qart\u00eb se sa shum\u00eb pasakt\u00ebsi mund t\u00eb ket\u00eb censusi i ardhsh\u00ebm n\u00eb Shqip\u00ebri. Shteti yn\u00eb n\u00eb vend q\u00eb t\u00eb shqet\u00ebsohet p\u00ebr manipulimet q\u00eb b\u00ebhen n\u00eb kurriz t\u00eb shqiptar\u00ebve n\u00eb censuset e Maqedonis\u00eb dhe Malit t\u00eb Zi, \u00ebsht\u00eb duke i hyr\u00eb vet\u00eb nj\u00eb qorrsokaku n\u00eb nj\u00eb moment krejt t\u00eb pap\u00ebrshtatsh\u00ebm. Nj\u00eb census dinjitoz me vet\u00ebdeklarim mund t\u00eb zhvillohet vet\u00ebm pas 10 vitesh, kur shteti yn\u00eb t\u00eb jet\u00eb m\u00ebk\u00ebmbur dhe qytetar\u00ebt tan\u00eb t\u00eb ken\u00eb rifituar dinjitetin komb\u00ebtar e t\u00eb mos vuajn\u00eb m\u00eb nga bab\u00ebzia e fukarall\u00ebkut dhe etja p\u00ebr dokumente udh\u00ebtimi dhe emigrimi.<\/p>\n<p>K\u00ebtu duhet shtuar q\u00eb situata n\u00eb Shqip\u00ebri \u00ebsht\u00eb m\u00eb e r\u00ebnd\u00eb se n\u00eb vendet fqinje, p\u00ebr shkak t\u00eb kontekstit sui generis q\u00eb popullsia jon\u00eb ka me grek\u00ebt. Numri i lart\u00eb i emigrant\u00ebve, politika afatgjat\u00eb e asimilimit dhe shkomb\u00ebtarizimit q\u00eb ka ndjekur Greqia n\u00ebp\u00ebrmjet instrumenteve t\u00eb ndrysh\u00ebm (p\u00ebrfshi k\u00ebtu Kish\u00ebn Ortodokse kinse-Autoqefale) si dhe bindja me pensione t\u00eb majme duke p\u00ebrfituar nga varf\u00ebria jon\u00eb, kan\u00eb p\u00ebr t\u00eb b\u00ebr\u00eb q\u00eb rezultati i censusit t\u00eb ardhsh\u00ebm t\u00eb jet\u00eb shum\u00eb leht\u00eb i manipuluesh\u00ebm dhe shum\u00eb larg s\u00eb v\u00ebrtet\u00ebs.<\/p>\n","protected":false},"excerpt":{"rendered":"<p>Adri Nurellari, 17.09.2011 Me kalimin e dit\u00ebve po afrohet nisja e procesit t\u00eb regjistrimit t\u00eb popullsis\u00eb, sikurse edhe po ashp\u00ebrsohet debati p\u00ebr p\u00ebrfshirjen p\u00ebr her\u00eb t\u00eb par\u00eb n\u00eb Shqip\u00ebri t\u00eb dimensionit etnik dhe fetar n\u00eb t\u00eb. Mir\u00ebpo censusi nuk ka vet\u00ebm rreziqe reale dhe radikale, q\u00eb lidhen me implikimet politike q\u00eb mund t\u00eb dalin prej [&hellip;]<\/p>\n","protected":false},"author":1,"featured_media":0,"comment_status":"open","ping_status":"closed","sticky":false,"template":"","format":"standard","meta":{"footnotes":""},"categories":[2],"tags":[],"class_list":{"0":"post-10515","1":"post","2":"type-post","3":"status-publish","4":"format-standard","6":"category-artikuj"},"yoast_head":"<!-- This site is optimized with the Yoast SEO plugin v27.4 - https:\/\/yoast.com\/product\/yoast-seo-wordpress\/ -->\n<title>Potenciali i madh i manipulimit t\u00eb regjistrimit etnik - FjALA e LIR\u00cb - Arkivi<\/title>\n<meta name=\"robots\" content=\"index, follow, max-snippet:-1, max-image-preview:large, max-video-preview:-1\" \/>\n<link rel=\"canonical\" href=\"https:\/\/fjala.info\/2009-2015\/potenciali-i-madh-i-manipulimit-te-regjistrimit-etnik\/\" \/>\n<meta property=\"og:locale\" content=\"sq_AL\" \/>\n<meta property=\"og:type\" content=\"article\" \/>\n<meta property=\"og:title\" content=\"Potenciali i madh i manipulimit t\u00eb regjistrimit etnik - FjALA e LIR\u00cb - Arkivi\" \/>\n<meta property=\"og:description\" content=\"Adri Nurellari, 17.09.2011 Me kalimin e dit\u00ebve po afrohet nisja e procesit t\u00eb regjistrimit t\u00eb popullsis\u00eb, sikurse edhe po ashp\u00ebrsohet debati p\u00ebr p\u00ebrfshirjen p\u00ebr her\u00eb t\u00eb par\u00eb n\u00eb Shqip\u00ebri t\u00eb dimensionit etnik dhe fetar n\u00eb t\u00eb. Mir\u00ebpo censusi nuk ka vet\u00ebm rreziqe reale dhe radikale, q\u00eb lidhen me implikimet politike q\u00eb mund t\u00eb dalin prej [&hellip;]\" \/>\n<meta property=\"og:url\" content=\"https:\/\/fjala.info\/2009-2015\/potenciali-i-madh-i-manipulimit-te-regjistrimit-etnik\/\" \/>\n<meta property=\"og:site_name\" content=\"FjALA e LIR\u00cb - Arkivi\" \/>\n<meta property=\"article:published_time\" content=\"2011-09-17T20:32:33+00:00\" \/>\n<meta property=\"og:image\" content=\"http:\/\/www.shkoder.net\/images\/fjala\/adri_nurellari.jpg\" \/>\n<meta name=\"author\" content=\"admin\" \/>\n<meta name=\"twitter:card\" content=\"summary_large_image\" \/>\n<meta name=\"twitter:label1\" content=\"Written by\" \/>\n\t<meta name=\"twitter:data1\" content=\"admin\" \/>\n\t<meta name=\"twitter:label2\" content=\"Est. reading time\" \/>\n\t<meta name=\"twitter:data2\" content=\"7 minutes\" \/>\n<script type=\"application\/ld+json\" class=\"yoast-schema-graph\">{\"@context\":\"https:\\\/\\\/schema.org\",\"@graph\":[{\"@type\":\"Article\",\"@id\":\"https:\\\/\\\/fjala.info\\\/2009-2015\\\/potenciali-i-madh-i-manipulimit-te-regjistrimit-etnik\\\/#article\",\"isPartOf\":{\"@id\":\"https:\\\/\\\/fjala.info\\\/2009-2015\\\/potenciali-i-madh-i-manipulimit-te-regjistrimit-etnik\\\/\"},\"author\":{\"name\":\"admin\",\"@id\":\"https:\\\/\\\/fjala.info\\\/2009-2015\\\/#\\\/schema\\\/person\\\/3aa1163ef05469c496fc94e77611ada2\"},\"headline\":\"Potenciali i madh i manipulimit t\u00eb regjistrimit etnik\",\"datePublished\":\"2011-09-17T20:32:33+00:00\",\"mainEntityOfPage\":{\"@id\":\"https:\\\/\\\/fjala.info\\\/2009-2015\\\/potenciali-i-madh-i-manipulimit-te-regjistrimit-etnik\\\/\"},\"wordCount\":1485,\"commentCount\":0,\"publisher\":{\"@id\":\"https:\\\/\\\/fjala.info\\\/2009-2015\\\/#organization\"},\"image\":{\"@id\":\"https:\\\/\\\/fjala.info\\\/2009-2015\\\/potenciali-i-madh-i-manipulimit-te-regjistrimit-etnik\\\/#primaryimage\"},\"thumbnailUrl\":\"http:\\\/\\\/www.shkoder.net\\\/images\\\/fjala\\\/adri_nurellari.jpg\",\"articleSection\":[\"Artikuj\"],\"inLanguage\":\"sq-AL\",\"potentialAction\":[{\"@type\":\"CommentAction\",\"name\":\"Comment\",\"target\":[\"https:\\\/\\\/fjala.info\\\/2009-2015\\\/potenciali-i-madh-i-manipulimit-te-regjistrimit-etnik\\\/#respond\"]}]},{\"@type\":\"WebPage\",\"@id\":\"https:\\\/\\\/fjala.info\\\/2009-2015\\\/potenciali-i-madh-i-manipulimit-te-regjistrimit-etnik\\\/\",\"url\":\"https:\\\/\\\/fjala.info\\\/2009-2015\\\/potenciali-i-madh-i-manipulimit-te-regjistrimit-etnik\\\/\",\"name\":\"Potenciali i madh i manipulimit t\u00eb regjistrimit etnik - FjALA e LIR\u00cb - Arkivi\",\"isPartOf\":{\"@id\":\"https:\\\/\\\/fjala.info\\\/2009-2015\\\/#website\"},\"primaryImageOfPage\":{\"@id\":\"https:\\\/\\\/fjala.info\\\/2009-2015\\\/potenciali-i-madh-i-manipulimit-te-regjistrimit-etnik\\\/#primaryimage\"},\"image\":{\"@id\":\"https:\\\/\\\/fjala.info\\\/2009-2015\\\/potenciali-i-madh-i-manipulimit-te-regjistrimit-etnik\\\/#primaryimage\"},\"thumbnailUrl\":\"http:\\\/\\\/www.shkoder.net\\\/images\\\/fjala\\\/adri_nurellari.jpg\",\"datePublished\":\"2011-09-17T20:32:33+00:00\",\"breadcrumb\":{\"@id\":\"https:\\\/\\\/fjala.info\\\/2009-2015\\\/potenciali-i-madh-i-manipulimit-te-regjistrimit-etnik\\\/#breadcrumb\"},\"inLanguage\":\"sq-AL\",\"potentialAction\":[{\"@type\":\"ReadAction\",\"target\":[\"https:\\\/\\\/fjala.info\\\/2009-2015\\\/potenciali-i-madh-i-manipulimit-te-regjistrimit-etnik\\\/\"]}]},{\"@type\":\"ImageObject\",\"inLanguage\":\"sq-AL\",\"@id\":\"https:\\\/\\\/fjala.info\\\/2009-2015\\\/potenciali-i-madh-i-manipulimit-te-regjistrimit-etnik\\\/#primaryimage\",\"url\":\"http:\\\/\\\/www.shkoder.net\\\/images\\\/fjala\\\/adri_nurellari.jpg\",\"contentUrl\":\"http:\\\/\\\/www.shkoder.net\\\/images\\\/fjala\\\/adri_nurellari.jpg\"},{\"@type\":\"BreadcrumbList\",\"@id\":\"https:\\\/\\\/fjala.info\\\/2009-2015\\\/potenciali-i-madh-i-manipulimit-te-regjistrimit-etnik\\\/#breadcrumb\",\"itemListElement\":[{\"@type\":\"ListItem\",\"position\":1,\"name\":\"Home\",\"item\":\"https:\\\/\\\/fjala.info\\\/2009-2015\\\/\"},{\"@type\":\"ListItem\",\"position\":2,\"name\":\"Potenciali i madh i manipulimit t\u00eb regjistrimit etnik\"}]},{\"@type\":\"WebSite\",\"@id\":\"https:\\\/\\\/fjala.info\\\/2009-2015\\\/#website\",\"url\":\"https:\\\/\\\/fjala.info\\\/2009-2015\\\/\",\"name\":\"FjALA e LIR\u00cb - Arkivi\",\"description\":\"Arkivi 2009-2015\",\"publisher\":{\"@id\":\"https:\\\/\\\/fjala.info\\\/2009-2015\\\/#organization\"},\"potentialAction\":[{\"@type\":\"SearchAction\",\"target\":{\"@type\":\"EntryPoint\",\"urlTemplate\":\"https:\\\/\\\/fjala.info\\\/2009-2015\\\/?s={search_term_string}\"},\"query-input\":{\"@type\":\"PropertyValueSpecification\",\"valueRequired\":true,\"valueName\":\"search_term_string\"}}],\"inLanguage\":\"sq-AL\"},{\"@type\":\"Organization\",\"@id\":\"https:\\\/\\\/fjala.info\\\/2009-2015\\\/#organization\",\"name\":\"FjALA e LIR\u00cb - Arkivi\",\"url\":\"https:\\\/\\\/fjala.info\\\/2009-2015\\\/\",\"logo\":{\"@type\":\"ImageObject\",\"inLanguage\":\"sq-AL\",\"@id\":\"https:\\\/\\\/fjala.info\\\/2009-2015\\\/#\\\/schema\\\/logo\\\/image\\\/\",\"url\":\"\",\"contentUrl\":\"\",\"caption\":\"FjALA e LIR\u00cb - Arkivi\"},\"image\":{\"@id\":\"https:\\\/\\\/fjala.info\\\/2009-2015\\\/#\\\/schema\\\/logo\\\/image\\\/\"}},{\"@type\":\"Person\",\"@id\":\"https:\\\/\\\/fjala.info\\\/2009-2015\\\/#\\\/schema\\\/person\\\/3aa1163ef05469c496fc94e77611ada2\",\"name\":\"admin\",\"image\":{\"@type\":\"ImageObject\",\"inLanguage\":\"sq-AL\",\"@id\":\"https:\\\/\\\/fjala.info\\\/2009-2015\\\/wp-content\\\/uploads\\\/2012\\\/02\\\/arben_cokaj-120x150.jpg\",\"url\":\"https:\\\/\\\/fjala.info\\\/2009-2015\\\/wp-content\\\/uploads\\\/2012\\\/02\\\/arben_cokaj-120x150.jpg\",\"contentUrl\":\"https:\\\/\\\/fjala.info\\\/2009-2015\\\/wp-content\\\/uploads\\\/2012\\\/02\\\/arben_cokaj-120x150.jpg\",\"caption\":\"admin\"},\"description\":\"Admin, Fjala e Lir\u00eb\",\"sameAs\":[\"https:\\\/\\\/fjala.info\\\/\"],\"url\":\"https:\\\/\\\/fjala.info\\\/2009-2015\\\/author\\\/admin\\\/\"}]}<\/script>\n<!-- \/ Yoast SEO plugin. -->","yoast_head_json":{"title":"Potenciali i madh i manipulimit t\u00eb regjistrimit etnik - FjALA e LIR\u00cb - Arkivi","robots":{"index":"index","follow":"follow","max-snippet":"max-snippet:-1","max-image-preview":"max-image-preview:large","max-video-preview":"max-video-preview:-1"},"canonical":"https:\/\/fjala.info\/2009-2015\/potenciali-i-madh-i-manipulimit-te-regjistrimit-etnik\/","og_locale":"sq_AL","og_type":"article","og_title":"Potenciali i madh i manipulimit t\u00eb regjistrimit etnik - FjALA e LIR\u00cb - Arkivi","og_description":"Adri Nurellari, 17.09.2011 Me kalimin e dit\u00ebve po afrohet nisja e procesit t\u00eb regjistrimit t\u00eb popullsis\u00eb, sikurse edhe po ashp\u00ebrsohet debati p\u00ebr p\u00ebrfshirjen p\u00ebr her\u00eb t\u00eb par\u00eb n\u00eb Shqip\u00ebri t\u00eb dimensionit etnik dhe fetar n\u00eb t\u00eb. Mir\u00ebpo censusi nuk ka vet\u00ebm rreziqe reale dhe radikale, q\u00eb lidhen me implikimet politike q\u00eb mund t\u00eb dalin prej [&hellip;]","og_url":"https:\/\/fjala.info\/2009-2015\/potenciali-i-madh-i-manipulimit-te-regjistrimit-etnik\/","og_site_name":"FjALA e LIR\u00cb - Arkivi","article_published_time":"2011-09-17T20:32:33+00:00","og_image":[{"url":"http:\/\/www.shkoder.net\/images\/fjala\/adri_nurellari.jpg","type":"","width":"","height":""}],"author":"admin","twitter_card":"summary_large_image","twitter_misc":{"Written by":"admin","Est. reading time":"7 minutes"},"schema":{"@context":"https:\/\/schema.org","@graph":[{"@type":"Article","@id":"https:\/\/fjala.info\/2009-2015\/potenciali-i-madh-i-manipulimit-te-regjistrimit-etnik\/#article","isPartOf":{"@id":"https:\/\/fjala.info\/2009-2015\/potenciali-i-madh-i-manipulimit-te-regjistrimit-etnik\/"},"author":{"name":"admin","@id":"https:\/\/fjala.info\/2009-2015\/#\/schema\/person\/3aa1163ef05469c496fc94e77611ada2"},"headline":"Potenciali i madh i manipulimit t\u00eb regjistrimit etnik","datePublished":"2011-09-17T20:32:33+00:00","mainEntityOfPage":{"@id":"https:\/\/fjala.info\/2009-2015\/potenciali-i-madh-i-manipulimit-te-regjistrimit-etnik\/"},"wordCount":1485,"commentCount":0,"publisher":{"@id":"https:\/\/fjala.info\/2009-2015\/#organization"},"image":{"@id":"https:\/\/fjala.info\/2009-2015\/potenciali-i-madh-i-manipulimit-te-regjistrimit-etnik\/#primaryimage"},"thumbnailUrl":"http:\/\/www.shkoder.net\/images\/fjala\/adri_nurellari.jpg","articleSection":["Artikuj"],"inLanguage":"sq-AL","potentialAction":[{"@type":"CommentAction","name":"Comment","target":["https:\/\/fjala.info\/2009-2015\/potenciali-i-madh-i-manipulimit-te-regjistrimit-etnik\/#respond"]}]},{"@type":"WebPage","@id":"https:\/\/fjala.info\/2009-2015\/potenciali-i-madh-i-manipulimit-te-regjistrimit-etnik\/","url":"https:\/\/fjala.info\/2009-2015\/potenciali-i-madh-i-manipulimit-te-regjistrimit-etnik\/","name":"Potenciali i madh i manipulimit t\u00eb regjistrimit etnik - FjALA e LIR\u00cb - Arkivi","isPartOf":{"@id":"https:\/\/fjala.info\/2009-2015\/#website"},"primaryImageOfPage":{"@id":"https:\/\/fjala.info\/2009-2015\/potenciali-i-madh-i-manipulimit-te-regjistrimit-etnik\/#primaryimage"},"image":{"@id":"https:\/\/fjala.info\/2009-2015\/potenciali-i-madh-i-manipulimit-te-regjistrimit-etnik\/#primaryimage"},"thumbnailUrl":"http:\/\/www.shkoder.net\/images\/fjala\/adri_nurellari.jpg","datePublished":"2011-09-17T20:32:33+00:00","breadcrumb":{"@id":"https:\/\/fjala.info\/2009-2015\/potenciali-i-madh-i-manipulimit-te-regjistrimit-etnik\/#breadcrumb"},"inLanguage":"sq-AL","potentialAction":[{"@type":"ReadAction","target":["https:\/\/fjala.info\/2009-2015\/potenciali-i-madh-i-manipulimit-te-regjistrimit-etnik\/"]}]},{"@type":"ImageObject","inLanguage":"sq-AL","@id":"https:\/\/fjala.info\/2009-2015\/potenciali-i-madh-i-manipulimit-te-regjistrimit-etnik\/#primaryimage","url":"http:\/\/www.shkoder.net\/images\/fjala\/adri_nurellari.jpg","contentUrl":"http:\/\/www.shkoder.net\/images\/fjala\/adri_nurellari.jpg"},{"@type":"BreadcrumbList","@id":"https:\/\/fjala.info\/2009-2015\/potenciali-i-madh-i-manipulimit-te-regjistrimit-etnik\/#breadcrumb","itemListElement":[{"@type":"ListItem","position":1,"name":"Home","item":"https:\/\/fjala.info\/2009-2015\/"},{"@type":"ListItem","position":2,"name":"Potenciali i madh i manipulimit t\u00eb regjistrimit etnik"}]},{"@type":"WebSite","@id":"https:\/\/fjala.info\/2009-2015\/#website","url":"https:\/\/fjala.info\/2009-2015\/","name":"FjALA e LIR\u00cb - Arkivi","description":"Arkivi 2009-2015","publisher":{"@id":"https:\/\/fjala.info\/2009-2015\/#organization"},"potentialAction":[{"@type":"SearchAction","target":{"@type":"EntryPoint","urlTemplate":"https:\/\/fjala.info\/2009-2015\/?s={search_term_string}"},"query-input":{"@type":"PropertyValueSpecification","valueRequired":true,"valueName":"search_term_string"}}],"inLanguage":"sq-AL"},{"@type":"Organization","@id":"https:\/\/fjala.info\/2009-2015\/#organization","name":"FjALA e LIR\u00cb - Arkivi","url":"https:\/\/fjala.info\/2009-2015\/","logo":{"@type":"ImageObject","inLanguage":"sq-AL","@id":"https:\/\/fjala.info\/2009-2015\/#\/schema\/logo\/image\/","url":"","contentUrl":"","caption":"FjALA e LIR\u00cb - Arkivi"},"image":{"@id":"https:\/\/fjala.info\/2009-2015\/#\/schema\/logo\/image\/"}},{"@type":"Person","@id":"https:\/\/fjala.info\/2009-2015\/#\/schema\/person\/3aa1163ef05469c496fc94e77611ada2","name":"admin","image":{"@type":"ImageObject","inLanguage":"sq-AL","@id":"https:\/\/fjala.info\/2009-2015\/wp-content\/uploads\/2012\/02\/arben_cokaj-120x150.jpg","url":"https:\/\/fjala.info\/2009-2015\/wp-content\/uploads\/2012\/02\/arben_cokaj-120x150.jpg","contentUrl":"https:\/\/fjala.info\/2009-2015\/wp-content\/uploads\/2012\/02\/arben_cokaj-120x150.jpg","caption":"admin"},"description":"Admin, Fjala e Lir\u00eb","sameAs":["https:\/\/fjala.info\/"],"url":"https:\/\/fjala.info\/2009-2015\/author\/admin\/"}]}},"_links":{"self":[{"href":"https:\/\/fjala.info\/2009-2015\/wp-json\/wp\/v2\/posts\/10515","targetHints":{"allow":["GET"]}}],"collection":[{"href":"https:\/\/fjala.info\/2009-2015\/wp-json\/wp\/v2\/posts"}],"about":[{"href":"https:\/\/fjala.info\/2009-2015\/wp-json\/wp\/v2\/types\/post"}],"author":[{"embeddable":true,"href":"https:\/\/fjala.info\/2009-2015\/wp-json\/wp\/v2\/users\/1"}],"replies":[{"embeddable":true,"href":"https:\/\/fjala.info\/2009-2015\/wp-json\/wp\/v2\/comments?post=10515"}],"version-history":[{"count":0,"href":"https:\/\/fjala.info\/2009-2015\/wp-json\/wp\/v2\/posts\/10515\/revisions"}],"wp:attachment":[{"href":"https:\/\/fjala.info\/2009-2015\/wp-json\/wp\/v2\/media?parent=10515"}],"wp:term":[{"taxonomy":"category","embeddable":true,"href":"https:\/\/fjala.info\/2009-2015\/wp-json\/wp\/v2\/categories?post=10515"},{"taxonomy":"post_tag","embeddable":true,"href":"https:\/\/fjala.info\/2009-2015\/wp-json\/wp\/v2\/tags?post=10515"}],"curies":[{"name":"wp","href":"https:\/\/api.w.org\/{rel}","templated":true}]}}