{"id":10513,"date":"2011-09-17T21:29:25","date_gmt":"2011-09-17T20:29:25","guid":{"rendered":"http:\/\/fjala.shkoder.net\/?p=10513"},"modified":"2011-09-17T21:29:25","modified_gmt":"2011-09-17T20:29:25","slug":"keta-te-prishin-edhe-festen-edhe-funeralin","status":"publish","type":"post","link":"https:\/\/fjala.info\/2009-2015\/keta-te-prishin-edhe-festen-edhe-funeralin\/","title":{"rendered":"K\u00ebta t\u00eb prishin edhe fest\u00ebn edhe funeralin"},"content":{"rendered":"<p><img decoding=\"async\" class=\"alignright size-thumbnail wp-image-7236\" title=\"Mentor Kikia\" src=\"http:\/\/www.shkoder.net\/images\/fjala\/mentor_kikia.jpg\" alt=\"\" width=\"150\" \/> <strong>Mentor Kikia<\/strong>, <em>16.09.2011<\/em><\/p>\n<p>Ambasada e Gjermanis\u00eb n\u00eb Tiran\u00eb ftoi nj\u00eb dyzin\u00eb politikan\u00ebsh, diplomat\u00ebsh dhe aktor\u00eb t\u00eb shoq\u00ebris\u00eb civile, n\u00eb nj\u00eb ceremoni p\u00ebr t\u00eb kujtuar 20 vjetorin e hapjes s\u00eb fondacionit \u201cFridrih Ebert\u201d, mb\u00ebshtet\u00ebs i shum\u00eb projekteve n\u00eb Shqip\u00ebri. Ambasadorja e Gjermanis\u00eb, Karola Muller Holtekember, nj\u00eb nga diplomat\u00ebt q\u00eb \u00ebsht\u00eb angazhuar n\u00eb Shqip\u00ebri p\u00ebr t\u00eb mbjell\u00eb pak paqe n\u00eb fush\u00ebbetej\u00ebn e politik\u00ebs s\u00eb Tiran\u00ebs, kishte menduar se ishte nj\u00eb rast i mir\u00eb q\u00eb, n\u00eb nj\u00eb ceremoni feste, nj\u00eb dit\u00eblindje, kryeministri dhe kreu i opozit\u00ebs t\u00eb mund ta prishnin magjin\u00eb e keqe dhe t\u2019i jepnin dor\u00ebn nj\u00ebri \u2013 tjterit.<\/p>\n<p>Por misioni i pamundur vazhdoi t\u00eb mbetej i till\u00eb. Megjithat\u00eb, lajmi q\u00eb do t\u00eb prodhohej n\u00eb dit\u00eblindjen e fondacionit \u201cFridrih Ebert\u201d, nuk mbeti pa u prodhuar. N\u00eb munges\u00eb t\u00eb shtr\u00ebngimit, apo tokjes s\u00eb duarve, Berisha dhe Rama u zun\u00eb. Pak a shum\u00eb ndodhi kjo: Berisha n\u00eb fjal\u00ebn p\u00ebrsh\u00ebndet\u00ebse foli p\u00ebr arritjet e ekonomis\u00eb shqiptare dhe gjermane, q\u00eb i rezistuan kriz\u00ebs\u2026 Nd\u00ebrsa Rama, edhe n\u00eb fjal\u00ebn q\u00eb duhej t\u00eb ishte p\u00ebrsh\u00ebndet\u00ebse, b\u00ebri ironi ther\u00ebse me deklaratat e kryeministrit. Pastaj Berisha rr\u00ebmbeu mikrofonin pa radh\u00eb dhe b\u00ebrtiste \u201ceditoriali, editoriali\u2026, ai po lexon editorialin e radh\u00ebs\u201d. Pastaj Rama prap\u00eb, e prap\u00eb Berisha\u2026 Nga sebepi p\u00ebr t\u00eb cilin ishin mbledhur, v\u00ebmendja kaloi tek batutat (sherri) mes Ram\u00ebs dhe Berish\u00ebs.<\/p>\n<p>Ambasadorja e Gjermanis\u00eb do t\u00eb jet\u00eb penduar p\u00ebr at\u00eb q\u00eb ka pasur nd\u00ebrmend t\u00eb b\u00ebj\u00eb. Ajo ndoshta do t\u00eb ket\u00eb menduar se n\u00eb drit\u00ebn e zhvillimeve t\u00eb reja dhe kursve t\u00eb reja politike, q\u00eb kulmuan \u201cn\u00eb m\u00ebnyr\u00eb solemne\u201d me futjen e opozit\u00ebs n\u00eb Parlament (ky yni do t\u00eb jet\u00eb i vetmi vend n\u00eb bot\u00eb ku p\u00ebrb\u00ebn lajm t\u00eb madh fakti se gjysma e deputet\u00ebve po shkojn\u00eb n\u00eb Parlament pasi jan\u00eb endur rrug\u00ebve p\u00ebr dy vjet me radh\u00eb), mund t\u00eb b\u00ebnte ndonj\u00eb mrekulli.<\/p>\n<p>Zonja Holtekember do t\u00eb ket\u00eb menduar se tashm\u00eb mund t\u00eb flitej p\u00ebr nj\u00eb klim\u00eb t\u00eb re politike n\u00eb Shqip\u00ebri, dhe ajo mund t\u00eb ngrinte kreditet e saj si diplomate, pasi arriti t\u00eb realizonte eksperimentin e pamundur t\u00eb fizik\u00ebs, at\u00eb t\u00eb bashkimit t\u00eb dy trupave me ngarkes\u00eb t\u00eb nj\u00ebjt\u00eb elektro-magnetike. Por fati nuk e deshi q\u00eb ambasadorja gjermane t\u2019i jepte nj\u00eb impuls t\u00eb ri karrier\u00ebs s\u00eb saj dhe t\u00eb triumfonte n\u00eb nj\u00eb fush\u00eb ku d\u00ebshtuan me suksesin maksimal, p\u00ebr dy vjet me radh\u00eb, zyrtar\u00ebt m\u00eb t\u00eb lart\u00eb t\u00eb Bashkimit Evropian, nga sallonet e Brukselit deri tek restorant \u201cKrokodili\u201d.<\/p>\n<p>Personalisht b\u00ebj pjes\u00eb tek ata njer\u00ebz q\u00eb besojn\u00eb e mendojn\u00eb se tokja e duarve mes Berish\u00ebs dhe Ram\u00ebs nuk p\u00ebrb\u00ebn ndonj\u00eb lajm. Madje kujtoj me d\u00ebshp\u00ebrim histerin\u00eb kolektive q\u00eb p\u00ebrshkoi korridoret e zyrave, mediave dhe t\u00ebr\u00eb shoq\u00ebrin\u00eb kur, pas nj\u00eb hasm\u00ebrie t\u00eb gjat\u00eb, Berisha dhe Nano i dhan\u00eb dor\u00ebn nj\u00ebri-tjetrit faqe bot\u00ebs. Kjo p\u00ebr faktin se nj\u00eb gjest i till\u00eb nuk \u00ebsht\u00eb lajm askund, pasi askund nj\u00eb marr\u00ebdh\u00ebnie njer\u00ebzore nuk b\u00ebhet \u00e7\u00ebshtje me p\u00ebrmasa komb\u00ebtare, si k\u00ebtu tek ne.<\/p>\n<p>Por ajo q\u00eb ishte dhe \u00ebsht\u00eb m\u00eb shqet\u00ebsuese, \u00ebsht\u00eb fakti se mu bash n\u00eb \u201csht\u00ebpin\u00eb\u201d e nj\u00eb prej vendeve me demokracin\u00eb dhe ekonomin\u00eb m\u00eb t\u00eb fort\u00eb t\u00eb bot\u00ebs, n\u00eb duart e t\u00eb cil\u00ebve sot ka mbetur fati i financave t\u00eb Evrop\u00ebs, dy lider\u00ebt tan\u00eb shkojn\u00eb e b\u00ebjn\u00eb estrad\u00eb, duke shpresuar se ata, politikan\u00ebt e huaj, jan\u00eb pik\u00ebrisht duke i vler\u00ebsuar. Nd\u00ebrsa nj\u00eb grua i kap prej dore p\u00ebr t\u2019i pajtuar, mu tamam ashtu si\u00e7 na ka ngjar\u00eb shum\u00eb prej nesh n\u00eb f\u00ebmij\u00ebrin\u00eb ton\u00eb, nd\u00ebrsa hidh\u00ebroheshim me shoshoqin kur luanin me top llastiku, ata hedhin romuze, tregojn\u00eb batuta e zg\u00ebrdhihen.<\/p>\n<p>Nuk ishte pra shansi i humbur q\u00eb Berisha dhe Rama nuk u pajtuan, se as dreqit nuk do t\u2019i hynte n\u00eb pun\u00eb tokja e duarve dhe buz\u00ebqeshja q\u00eb do t\u2019i dhuronin nj\u00ebri-tjetrit, por \u00ebsht\u00eb pik\u00ebrisht fakti se \u00e7far\u00eb ata demonstrojn\u00eb publikisht, q\u00eb duhet t\u00eb na shqet\u00ebsoj\u00eb. Dhe kjo, jo m\u00eb shum\u00eb p\u00ebr faktin se si ata prezantohen para diplomat\u00ebve dhe politikan\u00ebve per\u00ebndimore, e as p\u00ebr ndonj\u00eb prishje imazhi, pasi me keq nuk ka ku shkon, por duhet t\u00eb shqet\u00ebsohemi deri n\u00eb frik\u00eb p\u00ebr fatin ton\u00eb t\u00eb mjer\u00eb q\u00eb kemi k\u00ebt\u00eb lidership politik.<\/p>\n<p>Sjellja e tyre n\u00eb nj\u00eb ceremoni feste nxori n\u00eb sip\u00ebrfaqe at\u00eb mentalitet, t\u00eb gjendur me boll\u00ebk k\u00ebndej an\u00ebve t\u00eb Adriatikut, n\u00eb nj\u00eb rajon t\u00eb t\u00ebr\u00eb q\u00eb quhet Ballkan, por i p\u00ebrqendruar mesa duket nd\u00ebr shkrepat tona. Produkt dhe prodhues t\u00eb nj\u00eb politike gjithnj\u00eb n\u00eb menopauz\u00eb, lider\u00ebt e saj s\u2019mund t\u00eb ishin ndryshe. Ata nuk mund t\u00eb demonstronin nj\u00eb pjekuri t\u00eb madhe prej burrash shteti dhe lider\u00eb t\u00eb nj\u00eb vendi, nd\u00ebrsa ishin aty si t\u00eb ftuar nderi. Ata b\u00ebn\u00eb at\u00eb q\u00eb din\u00eb t\u00eb b\u00ebjn\u00eb \u00e7do dit\u00eb, thjesht t\u00eb grinden, t\u00eb shahen, t\u00eb replikojn\u00eb pa etik\u00eb dhe mbi t\u00eb gjitha, t\u00eb shfryt\u00ebzojn\u00eb \u00e7do mund\u00ebsi, para \u00e7do t\u00eb huaji, p\u00ebr t\u2019i nxjerr\u00eb syt\u00eb nj\u00ebri-tjetrit.<\/p>\n<p>A thua u mungojn\u00eb gazetat dhe ekranet e tyre, u mungon koha parlamentare dhe hap\u00ebsirat e tjera p\u00ebr t\u00eb th\u00ebn\u00eb nj\u00eb mij\u00eb t\u00eb zeza p\u00ebr nj\u00ebri-tjetrin, por do ta b\u00ebnin k\u00ebt\u00eb edhe mu n\u00eb sht\u00ebpin\u00eb e nj\u00eb vendi mik q\u00eb i kishte nderuar, duke i ftuar e dh\u00ebn\u00eb fjal\u00ebn e p\u00ebrsh\u00ebndetjes? E s\u2019mund t\u00eb ndodh\u00eb ndryshe. \u00cbsht\u00eb e kot\u00eb q\u00eb n\u00eb nj\u00eb pellg ku guasin bretkosa, t\u00eb hedh\u00ebsh grepin e t\u00eb pres\u00ebsh t\u00eb kap\u00ebsh ndonj\u00eb peshk koran.<\/p>\n<p>N\u00eb \u00e7do fis ka ndonj\u00eb nga ata burra, q\u00eb kur pijn\u00eb nuk din\u00eb \u00e7\u2019flasin e \u00e7\u2019b\u00ebjn\u00eb. Nga ata q\u00eb grinden, shajn\u00eb e p\u00ebrmbysin tavolinat, me pak fjal\u00eb q\u00eb prishin dasmat e sebepet dhe \u00e7dokush kujdeset q\u00eb ata t\u00eb mos jen\u00eb mes t\u00eb ftuarve, por meq\u00eb i kan\u00eb n\u00eb fis, shpesh nuk mund t\u2019i l\u00ebn\u00eb pa ftuar. Po t\u00eb ishte me d\u00ebshir\u00eb, ndoshta diplomat\u00ebt nuk do t\u2019i ftonin n\u00eb sebepet e tyre sojin e lider\u00ebve tan\u00eb, por p\u00ebr fat t\u00eb keq ata gjithmon\u00eb do t\u00eb jen\u00eb \u201cn\u00eb fis\u201d e do t\u00eb ftohen, pa\u00e7ka se k\u00ebta t\u00eb prishin edhe fest\u00ebn edhe funeralin.<\/p>\n","protected":false},"excerpt":{"rendered":"<p>Mentor Kikia, 16.09.2011 Ambasada e Gjermanis\u00eb n\u00eb Tiran\u00eb ftoi nj\u00eb dyzin\u00eb politikan\u00ebsh, diplomat\u00ebsh dhe aktor\u00eb t\u00eb shoq\u00ebris\u00eb civile, n\u00eb nj\u00eb ceremoni p\u00ebr t\u00eb kujtuar 20 vjetorin e hapjes s\u00eb fondacionit \u201cFridrih Ebert\u201d, mb\u00ebshtet\u00ebs i shum\u00eb projekteve n\u00eb Shqip\u00ebri. Ambasadorja e Gjermanis\u00eb, Karola Muller Holtekember, nj\u00eb nga diplomat\u00ebt q\u00eb \u00ebsht\u00eb angazhuar n\u00eb Shqip\u00ebri p\u00ebr t\u00eb mbjell\u00eb [&hellip;]<\/p>\n","protected":false},"author":1,"featured_media":0,"comment_status":"open","ping_status":"closed","sticky":false,"template":"","format":"standard","meta":{"footnotes":""},"categories":[2],"tags":[],"class_list":{"0":"post-10513","1":"post","2":"type-post","3":"status-publish","4":"format-standard","6":"category-artikuj"},"yoast_head":"<!-- This site is optimized with the Yoast SEO plugin v27.4 - https:\/\/yoast.com\/product\/yoast-seo-wordpress\/ -->\n<title>K\u00ebta t\u00eb prishin edhe fest\u00ebn edhe funeralin - FjALA e LIR\u00cb - Arkivi<\/title>\n<meta name=\"robots\" content=\"index, follow, max-snippet:-1, max-image-preview:large, max-video-preview:-1\" \/>\n<link rel=\"canonical\" href=\"https:\/\/fjala.info\/2009-2015\/keta-te-prishin-edhe-festen-edhe-funeralin\/\" \/>\n<meta property=\"og:locale\" content=\"sq_AL\" \/>\n<meta property=\"og:type\" content=\"article\" \/>\n<meta property=\"og:title\" content=\"K\u00ebta t\u00eb prishin edhe fest\u00ebn edhe funeralin - FjALA e LIR\u00cb - Arkivi\" \/>\n<meta property=\"og:description\" content=\"Mentor Kikia, 16.09.2011 Ambasada e Gjermanis\u00eb n\u00eb Tiran\u00eb ftoi nj\u00eb dyzin\u00eb politikan\u00ebsh, diplomat\u00ebsh dhe aktor\u00eb t\u00eb shoq\u00ebris\u00eb civile, n\u00eb nj\u00eb ceremoni p\u00ebr t\u00eb kujtuar 20 vjetorin e hapjes s\u00eb fondacionit \u201cFridrih Ebert\u201d, mb\u00ebshtet\u00ebs i shum\u00eb projekteve n\u00eb Shqip\u00ebri. Ambasadorja e Gjermanis\u00eb, Karola Muller Holtekember, nj\u00eb nga diplomat\u00ebt q\u00eb \u00ebsht\u00eb angazhuar n\u00eb Shqip\u00ebri p\u00ebr t\u00eb mbjell\u00eb [&hellip;]\" \/>\n<meta property=\"og:url\" content=\"https:\/\/fjala.info\/2009-2015\/keta-te-prishin-edhe-festen-edhe-funeralin\/\" \/>\n<meta property=\"og:site_name\" content=\"FjALA e LIR\u00cb - Arkivi\" \/>\n<meta property=\"article:published_time\" content=\"2011-09-17T20:29:25+00:00\" \/>\n<meta property=\"og:image\" content=\"http:\/\/www.shkoder.net\/images\/fjala\/mentor_kikia.jpg\" \/>\n<meta name=\"author\" content=\"admin\" \/>\n<meta name=\"twitter:card\" content=\"summary_large_image\" \/>\n<meta name=\"twitter:label1\" content=\"Written by\" \/>\n\t<meta name=\"twitter:data1\" content=\"admin\" \/>\n\t<meta name=\"twitter:label2\" content=\"Est. reading time\" \/>\n\t<meta name=\"twitter:data2\" content=\"6 minutes\" \/>\n<script type=\"application\/ld+json\" class=\"yoast-schema-graph\">{\"@context\":\"https:\\\/\\\/schema.org\",\"@graph\":[{\"@type\":\"Article\",\"@id\":\"https:\\\/\\\/fjala.info\\\/2009-2015\\\/keta-te-prishin-edhe-festen-edhe-funeralin\\\/#article\",\"isPartOf\":{\"@id\":\"https:\\\/\\\/fjala.info\\\/2009-2015\\\/keta-te-prishin-edhe-festen-edhe-funeralin\\\/\"},\"author\":{\"name\":\"admin\",\"@id\":\"https:\\\/\\\/fjala.info\\\/2009-2015\\\/#\\\/schema\\\/person\\\/3aa1163ef05469c496fc94e77611ada2\"},\"headline\":\"K\u00ebta t\u00eb prishin edhe fest\u00ebn edhe funeralin\",\"datePublished\":\"2011-09-17T20:29:25+00:00\",\"mainEntityOfPage\":{\"@id\":\"https:\\\/\\\/fjala.info\\\/2009-2015\\\/keta-te-prishin-edhe-festen-edhe-funeralin\\\/\"},\"wordCount\":1117,\"commentCount\":0,\"publisher\":{\"@id\":\"https:\\\/\\\/fjala.info\\\/2009-2015\\\/#organization\"},\"image\":{\"@id\":\"https:\\\/\\\/fjala.info\\\/2009-2015\\\/keta-te-prishin-edhe-festen-edhe-funeralin\\\/#primaryimage\"},\"thumbnailUrl\":\"http:\\\/\\\/www.shkoder.net\\\/images\\\/fjala\\\/mentor_kikia.jpg\",\"articleSection\":[\"Artikuj\"],\"inLanguage\":\"sq-AL\",\"potentialAction\":[{\"@type\":\"CommentAction\",\"name\":\"Comment\",\"target\":[\"https:\\\/\\\/fjala.info\\\/2009-2015\\\/keta-te-prishin-edhe-festen-edhe-funeralin\\\/#respond\"]}]},{\"@type\":\"WebPage\",\"@id\":\"https:\\\/\\\/fjala.info\\\/2009-2015\\\/keta-te-prishin-edhe-festen-edhe-funeralin\\\/\",\"url\":\"https:\\\/\\\/fjala.info\\\/2009-2015\\\/keta-te-prishin-edhe-festen-edhe-funeralin\\\/\",\"name\":\"K\u00ebta t\u00eb prishin edhe fest\u00ebn edhe funeralin - FjALA e LIR\u00cb - Arkivi\",\"isPartOf\":{\"@id\":\"https:\\\/\\\/fjala.info\\\/2009-2015\\\/#website\"},\"primaryImageOfPage\":{\"@id\":\"https:\\\/\\\/fjala.info\\\/2009-2015\\\/keta-te-prishin-edhe-festen-edhe-funeralin\\\/#primaryimage\"},\"image\":{\"@id\":\"https:\\\/\\\/fjala.info\\\/2009-2015\\\/keta-te-prishin-edhe-festen-edhe-funeralin\\\/#primaryimage\"},\"thumbnailUrl\":\"http:\\\/\\\/www.shkoder.net\\\/images\\\/fjala\\\/mentor_kikia.jpg\",\"datePublished\":\"2011-09-17T20:29:25+00:00\",\"breadcrumb\":{\"@id\":\"https:\\\/\\\/fjala.info\\\/2009-2015\\\/keta-te-prishin-edhe-festen-edhe-funeralin\\\/#breadcrumb\"},\"inLanguage\":\"sq-AL\",\"potentialAction\":[{\"@type\":\"ReadAction\",\"target\":[\"https:\\\/\\\/fjala.info\\\/2009-2015\\\/keta-te-prishin-edhe-festen-edhe-funeralin\\\/\"]}]},{\"@type\":\"ImageObject\",\"inLanguage\":\"sq-AL\",\"@id\":\"https:\\\/\\\/fjala.info\\\/2009-2015\\\/keta-te-prishin-edhe-festen-edhe-funeralin\\\/#primaryimage\",\"url\":\"http:\\\/\\\/www.shkoder.net\\\/images\\\/fjala\\\/mentor_kikia.jpg\",\"contentUrl\":\"http:\\\/\\\/www.shkoder.net\\\/images\\\/fjala\\\/mentor_kikia.jpg\"},{\"@type\":\"BreadcrumbList\",\"@id\":\"https:\\\/\\\/fjala.info\\\/2009-2015\\\/keta-te-prishin-edhe-festen-edhe-funeralin\\\/#breadcrumb\",\"itemListElement\":[{\"@type\":\"ListItem\",\"position\":1,\"name\":\"Home\",\"item\":\"https:\\\/\\\/fjala.info\\\/2009-2015\\\/\"},{\"@type\":\"ListItem\",\"position\":2,\"name\":\"K\u00ebta t\u00eb prishin edhe fest\u00ebn edhe funeralin\"}]},{\"@type\":\"WebSite\",\"@id\":\"https:\\\/\\\/fjala.info\\\/2009-2015\\\/#website\",\"url\":\"https:\\\/\\\/fjala.info\\\/2009-2015\\\/\",\"name\":\"FjALA e LIR\u00cb - Arkivi\",\"description\":\"Arkivi 2009-2015\",\"publisher\":{\"@id\":\"https:\\\/\\\/fjala.info\\\/2009-2015\\\/#organization\"},\"potentialAction\":[{\"@type\":\"SearchAction\",\"target\":{\"@type\":\"EntryPoint\",\"urlTemplate\":\"https:\\\/\\\/fjala.info\\\/2009-2015\\\/?s={search_term_string}\"},\"query-input\":{\"@type\":\"PropertyValueSpecification\",\"valueRequired\":true,\"valueName\":\"search_term_string\"}}],\"inLanguage\":\"sq-AL\"},{\"@type\":\"Organization\",\"@id\":\"https:\\\/\\\/fjala.info\\\/2009-2015\\\/#organization\",\"name\":\"FjALA e LIR\u00cb - Arkivi\",\"url\":\"https:\\\/\\\/fjala.info\\\/2009-2015\\\/\",\"logo\":{\"@type\":\"ImageObject\",\"inLanguage\":\"sq-AL\",\"@id\":\"https:\\\/\\\/fjala.info\\\/2009-2015\\\/#\\\/schema\\\/logo\\\/image\\\/\",\"url\":\"\",\"contentUrl\":\"\",\"caption\":\"FjALA e LIR\u00cb - Arkivi\"},\"image\":{\"@id\":\"https:\\\/\\\/fjala.info\\\/2009-2015\\\/#\\\/schema\\\/logo\\\/image\\\/\"}},{\"@type\":\"Person\",\"@id\":\"https:\\\/\\\/fjala.info\\\/2009-2015\\\/#\\\/schema\\\/person\\\/3aa1163ef05469c496fc94e77611ada2\",\"name\":\"admin\",\"image\":{\"@type\":\"ImageObject\",\"inLanguage\":\"sq-AL\",\"@id\":\"https:\\\/\\\/fjala.info\\\/2009-2015\\\/wp-content\\\/uploads\\\/2012\\\/02\\\/arben_cokaj-120x150.jpg\",\"url\":\"https:\\\/\\\/fjala.info\\\/2009-2015\\\/wp-content\\\/uploads\\\/2012\\\/02\\\/arben_cokaj-120x150.jpg\",\"contentUrl\":\"https:\\\/\\\/fjala.info\\\/2009-2015\\\/wp-content\\\/uploads\\\/2012\\\/02\\\/arben_cokaj-120x150.jpg\",\"caption\":\"admin\"},\"description\":\"Admin, Fjala e Lir\u00eb\",\"sameAs\":[\"https:\\\/\\\/fjala.info\\\/\"],\"url\":\"https:\\\/\\\/fjala.info\\\/2009-2015\\\/author\\\/admin\\\/\"}]}<\/script>\n<!-- \/ Yoast SEO plugin. -->","yoast_head_json":{"title":"K\u00ebta t\u00eb prishin edhe fest\u00ebn edhe funeralin - FjALA e LIR\u00cb - Arkivi","robots":{"index":"index","follow":"follow","max-snippet":"max-snippet:-1","max-image-preview":"max-image-preview:large","max-video-preview":"max-video-preview:-1"},"canonical":"https:\/\/fjala.info\/2009-2015\/keta-te-prishin-edhe-festen-edhe-funeralin\/","og_locale":"sq_AL","og_type":"article","og_title":"K\u00ebta t\u00eb prishin edhe fest\u00ebn edhe funeralin - FjALA e LIR\u00cb - Arkivi","og_description":"Mentor Kikia, 16.09.2011 Ambasada e Gjermanis\u00eb n\u00eb Tiran\u00eb ftoi nj\u00eb dyzin\u00eb politikan\u00ebsh, diplomat\u00ebsh dhe aktor\u00eb t\u00eb shoq\u00ebris\u00eb civile, n\u00eb nj\u00eb ceremoni p\u00ebr t\u00eb kujtuar 20 vjetorin e hapjes s\u00eb fondacionit \u201cFridrih Ebert\u201d, mb\u00ebshtet\u00ebs i shum\u00eb projekteve n\u00eb Shqip\u00ebri. Ambasadorja e Gjermanis\u00eb, Karola Muller Holtekember, nj\u00eb nga diplomat\u00ebt q\u00eb \u00ebsht\u00eb angazhuar n\u00eb Shqip\u00ebri p\u00ebr t\u00eb mbjell\u00eb [&hellip;]","og_url":"https:\/\/fjala.info\/2009-2015\/keta-te-prishin-edhe-festen-edhe-funeralin\/","og_site_name":"FjALA e LIR\u00cb - Arkivi","article_published_time":"2011-09-17T20:29:25+00:00","og_image":[{"url":"http:\/\/www.shkoder.net\/images\/fjala\/mentor_kikia.jpg","type":"","width":"","height":""}],"author":"admin","twitter_card":"summary_large_image","twitter_misc":{"Written by":"admin","Est. reading time":"6 minutes"},"schema":{"@context":"https:\/\/schema.org","@graph":[{"@type":"Article","@id":"https:\/\/fjala.info\/2009-2015\/keta-te-prishin-edhe-festen-edhe-funeralin\/#article","isPartOf":{"@id":"https:\/\/fjala.info\/2009-2015\/keta-te-prishin-edhe-festen-edhe-funeralin\/"},"author":{"name":"admin","@id":"https:\/\/fjala.info\/2009-2015\/#\/schema\/person\/3aa1163ef05469c496fc94e77611ada2"},"headline":"K\u00ebta t\u00eb prishin edhe fest\u00ebn edhe funeralin","datePublished":"2011-09-17T20:29:25+00:00","mainEntityOfPage":{"@id":"https:\/\/fjala.info\/2009-2015\/keta-te-prishin-edhe-festen-edhe-funeralin\/"},"wordCount":1117,"commentCount":0,"publisher":{"@id":"https:\/\/fjala.info\/2009-2015\/#organization"},"image":{"@id":"https:\/\/fjala.info\/2009-2015\/keta-te-prishin-edhe-festen-edhe-funeralin\/#primaryimage"},"thumbnailUrl":"http:\/\/www.shkoder.net\/images\/fjala\/mentor_kikia.jpg","articleSection":["Artikuj"],"inLanguage":"sq-AL","potentialAction":[{"@type":"CommentAction","name":"Comment","target":["https:\/\/fjala.info\/2009-2015\/keta-te-prishin-edhe-festen-edhe-funeralin\/#respond"]}]},{"@type":"WebPage","@id":"https:\/\/fjala.info\/2009-2015\/keta-te-prishin-edhe-festen-edhe-funeralin\/","url":"https:\/\/fjala.info\/2009-2015\/keta-te-prishin-edhe-festen-edhe-funeralin\/","name":"K\u00ebta t\u00eb prishin edhe fest\u00ebn edhe funeralin - FjALA e LIR\u00cb - Arkivi","isPartOf":{"@id":"https:\/\/fjala.info\/2009-2015\/#website"},"primaryImageOfPage":{"@id":"https:\/\/fjala.info\/2009-2015\/keta-te-prishin-edhe-festen-edhe-funeralin\/#primaryimage"},"image":{"@id":"https:\/\/fjala.info\/2009-2015\/keta-te-prishin-edhe-festen-edhe-funeralin\/#primaryimage"},"thumbnailUrl":"http:\/\/www.shkoder.net\/images\/fjala\/mentor_kikia.jpg","datePublished":"2011-09-17T20:29:25+00:00","breadcrumb":{"@id":"https:\/\/fjala.info\/2009-2015\/keta-te-prishin-edhe-festen-edhe-funeralin\/#breadcrumb"},"inLanguage":"sq-AL","potentialAction":[{"@type":"ReadAction","target":["https:\/\/fjala.info\/2009-2015\/keta-te-prishin-edhe-festen-edhe-funeralin\/"]}]},{"@type":"ImageObject","inLanguage":"sq-AL","@id":"https:\/\/fjala.info\/2009-2015\/keta-te-prishin-edhe-festen-edhe-funeralin\/#primaryimage","url":"http:\/\/www.shkoder.net\/images\/fjala\/mentor_kikia.jpg","contentUrl":"http:\/\/www.shkoder.net\/images\/fjala\/mentor_kikia.jpg"},{"@type":"BreadcrumbList","@id":"https:\/\/fjala.info\/2009-2015\/keta-te-prishin-edhe-festen-edhe-funeralin\/#breadcrumb","itemListElement":[{"@type":"ListItem","position":1,"name":"Home","item":"https:\/\/fjala.info\/2009-2015\/"},{"@type":"ListItem","position":2,"name":"K\u00ebta t\u00eb prishin edhe fest\u00ebn edhe funeralin"}]},{"@type":"WebSite","@id":"https:\/\/fjala.info\/2009-2015\/#website","url":"https:\/\/fjala.info\/2009-2015\/","name":"FjALA e LIR\u00cb - Arkivi","description":"Arkivi 2009-2015","publisher":{"@id":"https:\/\/fjala.info\/2009-2015\/#organization"},"potentialAction":[{"@type":"SearchAction","target":{"@type":"EntryPoint","urlTemplate":"https:\/\/fjala.info\/2009-2015\/?s={search_term_string}"},"query-input":{"@type":"PropertyValueSpecification","valueRequired":true,"valueName":"search_term_string"}}],"inLanguage":"sq-AL"},{"@type":"Organization","@id":"https:\/\/fjala.info\/2009-2015\/#organization","name":"FjALA e LIR\u00cb - Arkivi","url":"https:\/\/fjala.info\/2009-2015\/","logo":{"@type":"ImageObject","inLanguage":"sq-AL","@id":"https:\/\/fjala.info\/2009-2015\/#\/schema\/logo\/image\/","url":"","contentUrl":"","caption":"FjALA e LIR\u00cb - Arkivi"},"image":{"@id":"https:\/\/fjala.info\/2009-2015\/#\/schema\/logo\/image\/"}},{"@type":"Person","@id":"https:\/\/fjala.info\/2009-2015\/#\/schema\/person\/3aa1163ef05469c496fc94e77611ada2","name":"admin","image":{"@type":"ImageObject","inLanguage":"sq-AL","@id":"https:\/\/fjala.info\/2009-2015\/wp-content\/uploads\/2012\/02\/arben_cokaj-120x150.jpg","url":"https:\/\/fjala.info\/2009-2015\/wp-content\/uploads\/2012\/02\/arben_cokaj-120x150.jpg","contentUrl":"https:\/\/fjala.info\/2009-2015\/wp-content\/uploads\/2012\/02\/arben_cokaj-120x150.jpg","caption":"admin"},"description":"Admin, Fjala e Lir\u00eb","sameAs":["https:\/\/fjala.info\/"],"url":"https:\/\/fjala.info\/2009-2015\/author\/admin\/"}]}},"_links":{"self":[{"href":"https:\/\/fjala.info\/2009-2015\/wp-json\/wp\/v2\/posts\/10513","targetHints":{"allow":["GET"]}}],"collection":[{"href":"https:\/\/fjala.info\/2009-2015\/wp-json\/wp\/v2\/posts"}],"about":[{"href":"https:\/\/fjala.info\/2009-2015\/wp-json\/wp\/v2\/types\/post"}],"author":[{"embeddable":true,"href":"https:\/\/fjala.info\/2009-2015\/wp-json\/wp\/v2\/users\/1"}],"replies":[{"embeddable":true,"href":"https:\/\/fjala.info\/2009-2015\/wp-json\/wp\/v2\/comments?post=10513"}],"version-history":[{"count":0,"href":"https:\/\/fjala.info\/2009-2015\/wp-json\/wp\/v2\/posts\/10513\/revisions"}],"wp:attachment":[{"href":"https:\/\/fjala.info\/2009-2015\/wp-json\/wp\/v2\/media?parent=10513"}],"wp:term":[{"taxonomy":"category","embeddable":true,"href":"https:\/\/fjala.info\/2009-2015\/wp-json\/wp\/v2\/categories?post=10513"},{"taxonomy":"post_tag","embeddable":true,"href":"https:\/\/fjala.info\/2009-2015\/wp-json\/wp\/v2\/tags?post=10513"}],"curies":[{"name":"wp","href":"https:\/\/api.w.org\/{rel}","templated":true}]}}