{"id":10510,"date":"2011-09-17T21:06:11","date_gmt":"2011-09-17T20:06:11","guid":{"rendered":"http:\/\/fjala.shkoder.net\/?p=10510"},"modified":"2011-09-17T21:06:11","modified_gmt":"2011-09-17T20:06:11","slug":"nje-gjyqtar-qe-flet-dhe-apatia-qe-te-tremb-me-shume-se-krimi","status":"publish","type":"post","link":"https:\/\/fjala.info\/2009-2015\/nje-gjyqtar-qe-flet-dhe-apatia-qe-te-tremb-me-shume-se-krimi\/","title":{"rendered":"Nj\u00eb gjyqtar q\u00eb flet dhe apatia q\u00eb t\u00eb tremb m\u00eb shum\u00eb se krimi"},"content":{"rendered":"<p><img decoding=\"async\" class=\"alignleft size-thumbnail wp-image-7236\" title=\"Mustafa Nano\" src=\"http:\/\/www.shkoder.net\/images\/fjala\/mustafa_nano.jpg\" alt=\"\" width=\"150\" \/> <strong>Mustafa Nano<\/strong>, <em>17.09.2011<\/em><\/p>\n<p>N\u00eb nj\u00eb intervist\u00eb dh\u00ebn\u00eb Anila Bash\u00ebs, kryetari i Gjykat\u00ebs s\u00eb Vlor\u00ebs, Artur Malaj, b\u00ebhet gjyqtari i par\u00eb q\u00eb ngre z\u00ebrin kund\u00ebr nj\u00eb situate t\u00eb r\u00ebnd\u00eb. T\u00eb kuptohemi, nuk \u00ebsht\u00eb se ka th\u00ebn\u00eb ndonj\u00eb gj\u00eb kushedi se \u00e7far\u00eb. Thjesht ka ngritur z\u00ebrin pak m\u00eb shum\u00eb se t\u00eb tjer\u00ebt. Dhe pik\u00ebrisht kjo nuk \u00ebsht\u00eb pak n\u00eb k\u00ebt\u00eb klim\u00eb omert\u00e1-je, solidariteti e gati mir\u00ebkuptimi me krimin, n\u00eb t\u00eb cil\u00ebn po jetojm\u00eb prej shum\u00eb koh\u00ebsh.<\/p>\n<p>Me sa duket, ngjarja trondit\u00ebse e Vlor\u00ebs, ku gjeti vdekjen kolegu i tij Skerdilajd Konomi, ia ka trazuar mendjen e shpirtin n\u00eb at\u00eb mas\u00eb, sa nuk mund t\u2019ia falte vetes n\u00ebse do t\u00eb rrinte pa folur. Koleg\u00ebt e tij n\u00ebp\u00ebr Shqip\u00ebri jan\u00eb tronditur nj\u00ebsoj me t\u00eb, kan\u00eb folur e diskutuar me shoshoqin, jan\u00eb revoltuar me gjith\u00e7ka, por nuk jan\u00eb organizuar p\u00ebr t\u00eb b\u00ebr\u00eb nj\u00eb protest\u00eb s\u00eb bashku. As q\u00eb e kan\u00eb menduar k\u00ebt\u00eb gj\u00eb, ndoshta. Ashtu si shumica e shqiptar\u00ebve (apo si t\u00eb gjith\u00eb?), nuk jan\u00eb m\u00ebsuar t\u00eb demonstrojn\u00eb solidaritet. Udh\u00ebhiqen nga kredoja: \u201c\u00cbsht\u00eb larg byth\u00ebs sime? Epo jam ok, at\u00ebher\u00eb\u201d.<\/p>\n<p>Pse i fus dhe shqiptar\u00ebt n\u00eb valle? Sepse apatia dhe t\u00ebrheqja e vlonjat\u00ebve drejt halleve t\u00eb tyre n\u00eb k\u00ebt\u00eb situat\u00eb ishte nj\u00eb gj\u00eb q\u00eb u ka r\u00ebn\u00eb n\u00eb sy t\u00eb gjith\u00ebve. \u201cKan\u00eb qen\u00eb t\u00eb frik\u00ebsuar\u201d, thot\u00eb Malaj n\u00eb nj\u00eb moment t\u00eb par\u00eb; por p\u00ebr t\u2019i justifikuar e jo p\u00ebr t\u2019i faj\u00ebsuar. Pak m\u00eb pas, edhe ai del aty ku duhet: \u201cKjo tregon se shoq\u00ebria shqiptare ka nevoj\u00eb t\u00eb rigjall\u00ebrohet; n\u00eb Vlor\u00eb nuk ka jet\u00eb sociale, nuk ka shoqata e organizata t\u00eb ndryshme, nuk ka bashkime qytetar\u00ebsh q\u00eb t\u00eb ushtrojn\u00eb presion edhe p\u00ebr nj\u00eb qeverisje m\u00eb t\u00eb mir\u00eb, edhe p\u00ebr zbardhjen e nj\u00eb krimi t\u00eb till\u00eb\u201d, thot\u00eb ai n\u00eb thelb. Duket q\u00eb \u00ebsht\u00eb qejfmbetur me bashk\u00ebqytetar\u00ebt e tij, por duhet ta ket\u00eb dhe me koleg\u00ebt, dhe me Artur Malajn deri p\u00ebrpara se t\u00eb ndodhte kjo q\u00eb ndodhi, e ai t\u00eb gjente rast ta thoshte t\u00eb vet\u00ebn.<\/p>\n<p>\u201cP\u00ebr cilin shtet po flitet? P\u00ebr shtetin q\u00eb zjarrfik\u00ebsja nuk ishte m\u00eb shum\u00eb 30 metra larg ngjarjes dhe nuk kishte uj\u00eb p\u00ebr t\u00eb fikur jo makin\u00ebn, por as zjarrin q\u00eb kishte marr\u00eb i ndjeri? P\u00ebr shtetin q\u00eb nuk kishte karburant p\u00ebr t\u00eb furnizuar ambulanc\u00ebn p\u00ebr t\u00eb marr\u00eb trupin e t\u00eb ndjerit? Apo p\u00ebr polic\u00ebt q\u00eb shkuan n\u00eb vendngjarje dhe nuk afroheshin p\u00ebr t\u2019i dh\u00ebn\u00eb ndihm\u00ebn e par\u00eb, derisa dol\u00ebn vet\u00eb qytetar\u00ebt q\u00eb e dhan\u00eb k\u00ebt\u00eb ndihm\u00eb?\u201d, b\u00ebhet i gjall\u00eb Artur Malaj, duke huazuar k\u00ebto pyetje nga nj\u00eb gazetar, q\u00eb ai e ka par\u00eb t\u00eb shfryhet me nervoziz\u00ebm n\u00eb televizor.<\/p>\n<p>\u201cJam t\u00ebr\u00ebsisht i indinjuar\u201d, thot\u00eb ai pas gjith\u00eb k\u00ebsaj nj\u00eb fraz\u00eb t\u00eb vet\u00ebn. Dhe ka t\u00eb drejt\u00eb. Askush nuk u ndal aq sa duhet te k\u00ebto fakte. Do duhej t\u00eb diskutonim pa fund mbi polic\u00ebt q\u00eb b\u00ebjn\u00eb sehir nj\u00eb njeri q\u00eb jep shpirt pas nj\u00eb atentati \u201chollywood\u201d-ian mbi ambulanc\u00ebn q\u00eb nuk arrin n\u00eb vendngjarje, ngaq\u00eb s\u2019ka karburant, mbi zjarrfik\u00ebset q\u00eb, edhe pse kan\u00eb qen\u00eb 30 metra larg, kan\u00eb mb\u00ebrritur me vones\u00eb, e p\u00ebr m\u00eb tep\u00ebr, nuk kan\u00eb pasur as uj\u00eb.<\/p>\n<p>Ka pasur t\u00eb drejt\u00eb ai gazetari \u2018pa em\u00ebr\u2019 pra; ka t\u00eb drejt\u00eb dhe kryegjyqtari i Vlor\u00ebs, q\u00eb e risjell n\u00eb m\u00ebnyr\u00ebn e vet at\u00eb revolt\u00eb. K\u00ebto \u201cdetaje\u201d tregojn\u00eb m\u00eb mir\u00eb se \u00e7do gj\u00eb, madje edhe m\u00eb mir\u00eb (ky po q\u00eb \u00ebsht\u00eb paradoks) se sa atentati kund\u00ebr nj\u00eb njeriu t\u00eb drejt\u00ebsis\u00eb, munges\u00ebn totale t\u00eb shtetit shqiptar. Ne do t\u00eb duhet t\u00eb diskutojm\u00eb \u00e7do dit\u00eb e gjith\u00eb dit\u00ebn p\u00ebr \u201cdetaje t\u00eb tilla\u201d, por edhe p\u00ebr politikan\u00ebt e shtetar\u00ebt tan\u00eb, q\u00eb pik\u00ebrisht n\u00eb k\u00ebt\u00eb situat\u00eb gjejn\u00eb koh\u00eb t\u00eb hahen me nj\u00ebri-tjetrin, t\u00eb fokusohen te \u00e7ik\u00ebrrima q\u00eb s\u2019i lipsen askujt, e tek idiot\u00ebsira, q\u00eb s\u2019i mban kandari. At\u00eb dit\u00eb, Kryeministri shkoi t\u00eb marr\u00eb pjes\u00eb n\u00eb nj\u00eb veprimtari sportive, ku pranoi edhe nj\u00eb medalje si qejfli i sportit. Nuk e mori mundimin t\u00eb shkonte n\u00eb Vlor\u00eb.<\/p>\n<p>As Presidenti nuk e lodhi veten t\u00eb shkonte deri atje, jo thjesht p\u00ebr t\u00eb ngush\u00eblluar familjar\u00ebt, por p\u00ebr t\u00eb demonstruar pranin\u00eb e forc\u00ebn e institucioneve p\u00ebrball\u00eb akteve t\u00eb tilla kriminale. \u201cNuk dua t\u00eb b\u00ebj asnj\u00eb koment p\u00ebr k\u00ebt\u00eb, secili zgjedh m\u00ebnyrat e veta p\u00ebr t\u00eb shprehur dhembshurin\u00eb apo homazhet\u201d, thot\u00eb gjyqtari Malaj n\u00eb p\u00ebrgjigje t\u00eb pyetjes s\u00eb gazetares Basha. Mir\u00ebpo, s\u2019do ish-keq t\u00eb b\u00ebnte nj\u00eb koment; pa e tradhtuar apo l\u00ebnduar postin dhe statusin institucional, sigurisht. S\u2019do ish keq t\u00eb thosh se \u201cPresidenti e Kryeministri do t\u00eb duhej t\u00eb ishin aty, ne i prisnim t\u00eb ishin, mungesa e tyre ra n\u00eb sy, pasi krimi ishte shum\u00eb i r\u00ebnd\u00eb etj.\u201d.<\/p>\n<p>\u201cKa element\u00eb t\u00eb tipit mafioz n\u00eb k\u00ebt\u00eb ngjarje&#8230; Krimi mund t\u00eb kryhej n\u00eb nj\u00eb ambient m\u00eb pak publik, pasi nga sht\u00ebpia e Skerdilajdit deri te vendi ku \u00ebsht\u00eb kryer krimi jan\u00eb disa kilometra. \u00cbsht\u00eb zgjedhur pik\u00ebrisht rruga Vlor\u00eb-Skel\u00eb, rruga e populluar, publike, p\u00ebr t\u00eb dh\u00ebn\u00eb nj\u00eb mesazh t\u00eb qart\u00eb, mesazh frike dhe terrori p\u00ebr t\u00eb gjith\u00eb t\u00eb tjer\u00ebt, dhe mesazhe te tilla nuk mund t\u2019i jap\u00eb ve\u00e7se nj\u00eb organizat\u00eb kriminale dhe e tipit mafioz\u201d, i kthehet Artur Malaj ngjarjes. Malaj nuk b\u00ebn spekulime.<\/p>\n<p>\u00cbsht\u00eb shum\u00eb korrekt gjat\u00eb gjith\u00eb intervist\u00ebs (\u201ckam besim tek organet e hetimit, t\u00eb policis\u00eb, t\u00eb drejt\u00ebsis\u00eb; i ftoj q\u00eb t\u00eb gjith\u00eb t\u00eb ken\u00eb besim\u201d, thot\u00eb), por n\u00eb k\u00ebt\u00eb klim\u00eb duhet th\u00ebn\u00eb di\u00e7ka m\u00eb tep\u00ebr. Duhet b\u00ebr\u00eb, gjithashtu. Mbi t\u00eb gjitha, duhet b\u00ebr\u00eb. Ajo q\u00eb Malaj pret nga t\u00eb tjer\u00ebt (aktivizmi e solidariteti), na takon t\u00eb gjith\u00ebve, gjyqtar\u00ebve, gazetar\u00ebve, qytetar\u00ebve. Aktivizmi e solidariteti nuk mbillen e krijohen me thirrje, por me shembuj.<\/p>\n<p>Ne u kemi l\u00ebshuar terren bandit\u00ebve e mafioz\u00ebve. Mund ta rikuperojm\u00eb k\u00ebt\u00eb terren \u00e7ik\u00eb e nga nj\u00eb \u00e7ik\u00eb, por n\u00ebse secili prej nesh nuk l\u00ebviz (n\u00eb pritje t\u00eb secilit), do t\u00eb humbim dhe at\u00eb terren q\u00eb na ka mbetur, dhe do t\u00eb vijm\u00eb n\u00eb situat\u00ebn kur nuk do t\u00eb mund t\u00eb rikuperojm\u00eb m\u00eb asgj\u00eb.<\/p>\n","protected":false},"excerpt":{"rendered":"<p>Mustafa Nano, 17.09.2011 N\u00eb nj\u00eb intervist\u00eb dh\u00ebn\u00eb Anila Bash\u00ebs, kryetari i Gjykat\u00ebs s\u00eb Vlor\u00ebs, Artur Malaj, b\u00ebhet gjyqtari i par\u00eb q\u00eb ngre z\u00ebrin kund\u00ebr nj\u00eb situate t\u00eb r\u00ebnd\u00eb. T\u00eb kuptohemi, nuk \u00ebsht\u00eb se ka th\u00ebn\u00eb ndonj\u00eb gj\u00eb kushedi se \u00e7far\u00eb. Thjesht ka ngritur z\u00ebrin pak m\u00eb shum\u00eb se t\u00eb tjer\u00ebt. Dhe pik\u00ebrisht kjo nuk \u00ebsht\u00eb [&hellip;]<\/p>\n","protected":false},"author":1,"featured_media":0,"comment_status":"open","ping_status":"closed","sticky":false,"template":"","format":"standard","meta":{"footnotes":""},"categories":[2],"tags":[],"class_list":{"0":"post-10510","1":"post","2":"type-post","3":"status-publish","4":"format-standard","6":"category-artikuj"},"yoast_head":"<!-- This site is optimized with the Yoast SEO plugin v27.4 - https:\/\/yoast.com\/product\/yoast-seo-wordpress\/ -->\n<title>Nj\u00eb gjyqtar q\u00eb flet dhe apatia q\u00eb t\u00eb tremb m\u00eb shum\u00eb se krimi - FjALA e LIR\u00cb - Arkivi<\/title>\n<meta name=\"robots\" content=\"index, follow, max-snippet:-1, max-image-preview:large, max-video-preview:-1\" \/>\n<link rel=\"canonical\" href=\"https:\/\/fjala.info\/2009-2015\/nje-gjyqtar-qe-flet-dhe-apatia-qe-te-tremb-me-shume-se-krimi\/\" \/>\n<meta property=\"og:locale\" content=\"sq_AL\" \/>\n<meta property=\"og:type\" content=\"article\" \/>\n<meta property=\"og:title\" content=\"Nj\u00eb gjyqtar q\u00eb flet dhe apatia q\u00eb t\u00eb tremb m\u00eb shum\u00eb se krimi - FjALA e LIR\u00cb - Arkivi\" \/>\n<meta property=\"og:description\" content=\"Mustafa Nano, 17.09.2011 N\u00eb nj\u00eb intervist\u00eb dh\u00ebn\u00eb Anila Bash\u00ebs, kryetari i Gjykat\u00ebs s\u00eb Vlor\u00ebs, Artur Malaj, b\u00ebhet gjyqtari i par\u00eb q\u00eb ngre z\u00ebrin kund\u00ebr nj\u00eb situate t\u00eb r\u00ebnd\u00eb. T\u00eb kuptohemi, nuk \u00ebsht\u00eb se ka th\u00ebn\u00eb ndonj\u00eb gj\u00eb kushedi se \u00e7far\u00eb. Thjesht ka ngritur z\u00ebrin pak m\u00eb shum\u00eb se t\u00eb tjer\u00ebt. Dhe pik\u00ebrisht kjo nuk \u00ebsht\u00eb [&hellip;]\" \/>\n<meta property=\"og:url\" content=\"https:\/\/fjala.info\/2009-2015\/nje-gjyqtar-qe-flet-dhe-apatia-qe-te-tremb-me-shume-se-krimi\/\" \/>\n<meta property=\"og:site_name\" content=\"FjALA e LIR\u00cb - Arkivi\" \/>\n<meta property=\"article:published_time\" content=\"2011-09-17T20:06:11+00:00\" \/>\n<meta property=\"og:image\" content=\"http:\/\/www.shkoder.net\/images\/fjala\/mustafa_nano.jpg\" \/>\n<meta name=\"author\" content=\"admin\" \/>\n<meta name=\"twitter:card\" content=\"summary_large_image\" \/>\n<meta name=\"twitter:label1\" content=\"Written by\" \/>\n\t<meta name=\"twitter:data1\" content=\"admin\" \/>\n\t<meta name=\"twitter:label2\" content=\"Est. reading time\" \/>\n\t<meta name=\"twitter:data2\" content=\"6 minutes\" \/>\n<script type=\"application\/ld+json\" class=\"yoast-schema-graph\">{\"@context\":\"https:\\\/\\\/schema.org\",\"@graph\":[{\"@type\":\"Article\",\"@id\":\"https:\\\/\\\/fjala.info\\\/2009-2015\\\/nje-gjyqtar-qe-flet-dhe-apatia-qe-te-tremb-me-shume-se-krimi\\\/#article\",\"isPartOf\":{\"@id\":\"https:\\\/\\\/fjala.info\\\/2009-2015\\\/nje-gjyqtar-qe-flet-dhe-apatia-qe-te-tremb-me-shume-se-krimi\\\/\"},\"author\":{\"name\":\"admin\",\"@id\":\"https:\\\/\\\/fjala.info\\\/2009-2015\\\/#\\\/schema\\\/person\\\/3aa1163ef05469c496fc94e77611ada2\"},\"headline\":\"Nj\u00eb gjyqtar q\u00eb flet dhe apatia q\u00eb t\u00eb tremb m\u00eb shum\u00eb se krimi\",\"datePublished\":\"2011-09-17T20:06:11+00:00\",\"mainEntityOfPage\":{\"@id\":\"https:\\\/\\\/fjala.info\\\/2009-2015\\\/nje-gjyqtar-qe-flet-dhe-apatia-qe-te-tremb-me-shume-se-krimi\\\/\"},\"wordCount\":1118,\"commentCount\":0,\"publisher\":{\"@id\":\"https:\\\/\\\/fjala.info\\\/2009-2015\\\/#organization\"},\"image\":{\"@id\":\"https:\\\/\\\/fjala.info\\\/2009-2015\\\/nje-gjyqtar-qe-flet-dhe-apatia-qe-te-tremb-me-shume-se-krimi\\\/#primaryimage\"},\"thumbnailUrl\":\"http:\\\/\\\/www.shkoder.net\\\/images\\\/fjala\\\/mustafa_nano.jpg\",\"articleSection\":[\"Artikuj\"],\"inLanguage\":\"sq-AL\",\"potentialAction\":[{\"@type\":\"CommentAction\",\"name\":\"Comment\",\"target\":[\"https:\\\/\\\/fjala.info\\\/2009-2015\\\/nje-gjyqtar-qe-flet-dhe-apatia-qe-te-tremb-me-shume-se-krimi\\\/#respond\"]}]},{\"@type\":\"WebPage\",\"@id\":\"https:\\\/\\\/fjala.info\\\/2009-2015\\\/nje-gjyqtar-qe-flet-dhe-apatia-qe-te-tremb-me-shume-se-krimi\\\/\",\"url\":\"https:\\\/\\\/fjala.info\\\/2009-2015\\\/nje-gjyqtar-qe-flet-dhe-apatia-qe-te-tremb-me-shume-se-krimi\\\/\",\"name\":\"Nj\u00eb gjyqtar q\u00eb flet dhe apatia q\u00eb t\u00eb tremb m\u00eb shum\u00eb se krimi - FjALA e LIR\u00cb - Arkivi\",\"isPartOf\":{\"@id\":\"https:\\\/\\\/fjala.info\\\/2009-2015\\\/#website\"},\"primaryImageOfPage\":{\"@id\":\"https:\\\/\\\/fjala.info\\\/2009-2015\\\/nje-gjyqtar-qe-flet-dhe-apatia-qe-te-tremb-me-shume-se-krimi\\\/#primaryimage\"},\"image\":{\"@id\":\"https:\\\/\\\/fjala.info\\\/2009-2015\\\/nje-gjyqtar-qe-flet-dhe-apatia-qe-te-tremb-me-shume-se-krimi\\\/#primaryimage\"},\"thumbnailUrl\":\"http:\\\/\\\/www.shkoder.net\\\/images\\\/fjala\\\/mustafa_nano.jpg\",\"datePublished\":\"2011-09-17T20:06:11+00:00\",\"breadcrumb\":{\"@id\":\"https:\\\/\\\/fjala.info\\\/2009-2015\\\/nje-gjyqtar-qe-flet-dhe-apatia-qe-te-tremb-me-shume-se-krimi\\\/#breadcrumb\"},\"inLanguage\":\"sq-AL\",\"potentialAction\":[{\"@type\":\"ReadAction\",\"target\":[\"https:\\\/\\\/fjala.info\\\/2009-2015\\\/nje-gjyqtar-qe-flet-dhe-apatia-qe-te-tremb-me-shume-se-krimi\\\/\"]}]},{\"@type\":\"ImageObject\",\"inLanguage\":\"sq-AL\",\"@id\":\"https:\\\/\\\/fjala.info\\\/2009-2015\\\/nje-gjyqtar-qe-flet-dhe-apatia-qe-te-tremb-me-shume-se-krimi\\\/#primaryimage\",\"url\":\"http:\\\/\\\/www.shkoder.net\\\/images\\\/fjala\\\/mustafa_nano.jpg\",\"contentUrl\":\"http:\\\/\\\/www.shkoder.net\\\/images\\\/fjala\\\/mustafa_nano.jpg\"},{\"@type\":\"BreadcrumbList\",\"@id\":\"https:\\\/\\\/fjala.info\\\/2009-2015\\\/nje-gjyqtar-qe-flet-dhe-apatia-qe-te-tremb-me-shume-se-krimi\\\/#breadcrumb\",\"itemListElement\":[{\"@type\":\"ListItem\",\"position\":1,\"name\":\"Home\",\"item\":\"https:\\\/\\\/fjala.info\\\/2009-2015\\\/\"},{\"@type\":\"ListItem\",\"position\":2,\"name\":\"Nj\u00eb gjyqtar q\u00eb flet dhe apatia q\u00eb t\u00eb tremb m\u00eb shum\u00eb se krimi\"}]},{\"@type\":\"WebSite\",\"@id\":\"https:\\\/\\\/fjala.info\\\/2009-2015\\\/#website\",\"url\":\"https:\\\/\\\/fjala.info\\\/2009-2015\\\/\",\"name\":\"FjALA e LIR\u00cb - Arkivi\",\"description\":\"Arkivi 2009-2015\",\"publisher\":{\"@id\":\"https:\\\/\\\/fjala.info\\\/2009-2015\\\/#organization\"},\"potentialAction\":[{\"@type\":\"SearchAction\",\"target\":{\"@type\":\"EntryPoint\",\"urlTemplate\":\"https:\\\/\\\/fjala.info\\\/2009-2015\\\/?s={search_term_string}\"},\"query-input\":{\"@type\":\"PropertyValueSpecification\",\"valueRequired\":true,\"valueName\":\"search_term_string\"}}],\"inLanguage\":\"sq-AL\"},{\"@type\":\"Organization\",\"@id\":\"https:\\\/\\\/fjala.info\\\/2009-2015\\\/#organization\",\"name\":\"FjALA e LIR\u00cb - Arkivi\",\"url\":\"https:\\\/\\\/fjala.info\\\/2009-2015\\\/\",\"logo\":{\"@type\":\"ImageObject\",\"inLanguage\":\"sq-AL\",\"@id\":\"https:\\\/\\\/fjala.info\\\/2009-2015\\\/#\\\/schema\\\/logo\\\/image\\\/\",\"url\":\"\",\"contentUrl\":\"\",\"caption\":\"FjALA e LIR\u00cb - Arkivi\"},\"image\":{\"@id\":\"https:\\\/\\\/fjala.info\\\/2009-2015\\\/#\\\/schema\\\/logo\\\/image\\\/\"}},{\"@type\":\"Person\",\"@id\":\"https:\\\/\\\/fjala.info\\\/2009-2015\\\/#\\\/schema\\\/person\\\/3aa1163ef05469c496fc94e77611ada2\",\"name\":\"admin\",\"image\":{\"@type\":\"ImageObject\",\"inLanguage\":\"sq-AL\",\"@id\":\"https:\\\/\\\/fjala.info\\\/2009-2015\\\/wp-content\\\/uploads\\\/2012\\\/02\\\/arben_cokaj-120x150.jpg\",\"url\":\"https:\\\/\\\/fjala.info\\\/2009-2015\\\/wp-content\\\/uploads\\\/2012\\\/02\\\/arben_cokaj-120x150.jpg\",\"contentUrl\":\"https:\\\/\\\/fjala.info\\\/2009-2015\\\/wp-content\\\/uploads\\\/2012\\\/02\\\/arben_cokaj-120x150.jpg\",\"caption\":\"admin\"},\"description\":\"Admin, Fjala e Lir\u00eb\",\"sameAs\":[\"https:\\\/\\\/fjala.info\\\/\"],\"url\":\"https:\\\/\\\/fjala.info\\\/2009-2015\\\/author\\\/admin\\\/\"}]}<\/script>\n<!-- \/ Yoast SEO plugin. -->","yoast_head_json":{"title":"Nj\u00eb gjyqtar q\u00eb flet dhe apatia q\u00eb t\u00eb tremb m\u00eb shum\u00eb se krimi - FjALA e LIR\u00cb - Arkivi","robots":{"index":"index","follow":"follow","max-snippet":"max-snippet:-1","max-image-preview":"max-image-preview:large","max-video-preview":"max-video-preview:-1"},"canonical":"https:\/\/fjala.info\/2009-2015\/nje-gjyqtar-qe-flet-dhe-apatia-qe-te-tremb-me-shume-se-krimi\/","og_locale":"sq_AL","og_type":"article","og_title":"Nj\u00eb gjyqtar q\u00eb flet dhe apatia q\u00eb t\u00eb tremb m\u00eb shum\u00eb se krimi - FjALA e LIR\u00cb - Arkivi","og_description":"Mustafa Nano, 17.09.2011 N\u00eb nj\u00eb intervist\u00eb dh\u00ebn\u00eb Anila Bash\u00ebs, kryetari i Gjykat\u00ebs s\u00eb Vlor\u00ebs, Artur Malaj, b\u00ebhet gjyqtari i par\u00eb q\u00eb ngre z\u00ebrin kund\u00ebr nj\u00eb situate t\u00eb r\u00ebnd\u00eb. T\u00eb kuptohemi, nuk \u00ebsht\u00eb se ka th\u00ebn\u00eb ndonj\u00eb gj\u00eb kushedi se \u00e7far\u00eb. Thjesht ka ngritur z\u00ebrin pak m\u00eb shum\u00eb se t\u00eb tjer\u00ebt. Dhe pik\u00ebrisht kjo nuk \u00ebsht\u00eb [&hellip;]","og_url":"https:\/\/fjala.info\/2009-2015\/nje-gjyqtar-qe-flet-dhe-apatia-qe-te-tremb-me-shume-se-krimi\/","og_site_name":"FjALA e LIR\u00cb - Arkivi","article_published_time":"2011-09-17T20:06:11+00:00","og_image":[{"url":"http:\/\/www.shkoder.net\/images\/fjala\/mustafa_nano.jpg","type":"","width":"","height":""}],"author":"admin","twitter_card":"summary_large_image","twitter_misc":{"Written by":"admin","Est. reading time":"6 minutes"},"schema":{"@context":"https:\/\/schema.org","@graph":[{"@type":"Article","@id":"https:\/\/fjala.info\/2009-2015\/nje-gjyqtar-qe-flet-dhe-apatia-qe-te-tremb-me-shume-se-krimi\/#article","isPartOf":{"@id":"https:\/\/fjala.info\/2009-2015\/nje-gjyqtar-qe-flet-dhe-apatia-qe-te-tremb-me-shume-se-krimi\/"},"author":{"name":"admin","@id":"https:\/\/fjala.info\/2009-2015\/#\/schema\/person\/3aa1163ef05469c496fc94e77611ada2"},"headline":"Nj\u00eb gjyqtar q\u00eb flet dhe apatia q\u00eb t\u00eb tremb m\u00eb shum\u00eb se krimi","datePublished":"2011-09-17T20:06:11+00:00","mainEntityOfPage":{"@id":"https:\/\/fjala.info\/2009-2015\/nje-gjyqtar-qe-flet-dhe-apatia-qe-te-tremb-me-shume-se-krimi\/"},"wordCount":1118,"commentCount":0,"publisher":{"@id":"https:\/\/fjala.info\/2009-2015\/#organization"},"image":{"@id":"https:\/\/fjala.info\/2009-2015\/nje-gjyqtar-qe-flet-dhe-apatia-qe-te-tremb-me-shume-se-krimi\/#primaryimage"},"thumbnailUrl":"http:\/\/www.shkoder.net\/images\/fjala\/mustafa_nano.jpg","articleSection":["Artikuj"],"inLanguage":"sq-AL","potentialAction":[{"@type":"CommentAction","name":"Comment","target":["https:\/\/fjala.info\/2009-2015\/nje-gjyqtar-qe-flet-dhe-apatia-qe-te-tremb-me-shume-se-krimi\/#respond"]}]},{"@type":"WebPage","@id":"https:\/\/fjala.info\/2009-2015\/nje-gjyqtar-qe-flet-dhe-apatia-qe-te-tremb-me-shume-se-krimi\/","url":"https:\/\/fjala.info\/2009-2015\/nje-gjyqtar-qe-flet-dhe-apatia-qe-te-tremb-me-shume-se-krimi\/","name":"Nj\u00eb gjyqtar q\u00eb flet dhe apatia q\u00eb t\u00eb tremb m\u00eb shum\u00eb se krimi - FjALA e LIR\u00cb - Arkivi","isPartOf":{"@id":"https:\/\/fjala.info\/2009-2015\/#website"},"primaryImageOfPage":{"@id":"https:\/\/fjala.info\/2009-2015\/nje-gjyqtar-qe-flet-dhe-apatia-qe-te-tremb-me-shume-se-krimi\/#primaryimage"},"image":{"@id":"https:\/\/fjala.info\/2009-2015\/nje-gjyqtar-qe-flet-dhe-apatia-qe-te-tremb-me-shume-se-krimi\/#primaryimage"},"thumbnailUrl":"http:\/\/www.shkoder.net\/images\/fjala\/mustafa_nano.jpg","datePublished":"2011-09-17T20:06:11+00:00","breadcrumb":{"@id":"https:\/\/fjala.info\/2009-2015\/nje-gjyqtar-qe-flet-dhe-apatia-qe-te-tremb-me-shume-se-krimi\/#breadcrumb"},"inLanguage":"sq-AL","potentialAction":[{"@type":"ReadAction","target":["https:\/\/fjala.info\/2009-2015\/nje-gjyqtar-qe-flet-dhe-apatia-qe-te-tremb-me-shume-se-krimi\/"]}]},{"@type":"ImageObject","inLanguage":"sq-AL","@id":"https:\/\/fjala.info\/2009-2015\/nje-gjyqtar-qe-flet-dhe-apatia-qe-te-tremb-me-shume-se-krimi\/#primaryimage","url":"http:\/\/www.shkoder.net\/images\/fjala\/mustafa_nano.jpg","contentUrl":"http:\/\/www.shkoder.net\/images\/fjala\/mustafa_nano.jpg"},{"@type":"BreadcrumbList","@id":"https:\/\/fjala.info\/2009-2015\/nje-gjyqtar-qe-flet-dhe-apatia-qe-te-tremb-me-shume-se-krimi\/#breadcrumb","itemListElement":[{"@type":"ListItem","position":1,"name":"Home","item":"https:\/\/fjala.info\/2009-2015\/"},{"@type":"ListItem","position":2,"name":"Nj\u00eb gjyqtar q\u00eb flet dhe apatia q\u00eb t\u00eb tremb m\u00eb shum\u00eb se krimi"}]},{"@type":"WebSite","@id":"https:\/\/fjala.info\/2009-2015\/#website","url":"https:\/\/fjala.info\/2009-2015\/","name":"FjALA e LIR\u00cb - Arkivi","description":"Arkivi 2009-2015","publisher":{"@id":"https:\/\/fjala.info\/2009-2015\/#organization"},"potentialAction":[{"@type":"SearchAction","target":{"@type":"EntryPoint","urlTemplate":"https:\/\/fjala.info\/2009-2015\/?s={search_term_string}"},"query-input":{"@type":"PropertyValueSpecification","valueRequired":true,"valueName":"search_term_string"}}],"inLanguage":"sq-AL"},{"@type":"Organization","@id":"https:\/\/fjala.info\/2009-2015\/#organization","name":"FjALA e LIR\u00cb - Arkivi","url":"https:\/\/fjala.info\/2009-2015\/","logo":{"@type":"ImageObject","inLanguage":"sq-AL","@id":"https:\/\/fjala.info\/2009-2015\/#\/schema\/logo\/image\/","url":"","contentUrl":"","caption":"FjALA e LIR\u00cb - Arkivi"},"image":{"@id":"https:\/\/fjala.info\/2009-2015\/#\/schema\/logo\/image\/"}},{"@type":"Person","@id":"https:\/\/fjala.info\/2009-2015\/#\/schema\/person\/3aa1163ef05469c496fc94e77611ada2","name":"admin","image":{"@type":"ImageObject","inLanguage":"sq-AL","@id":"https:\/\/fjala.info\/2009-2015\/wp-content\/uploads\/2012\/02\/arben_cokaj-120x150.jpg","url":"https:\/\/fjala.info\/2009-2015\/wp-content\/uploads\/2012\/02\/arben_cokaj-120x150.jpg","contentUrl":"https:\/\/fjala.info\/2009-2015\/wp-content\/uploads\/2012\/02\/arben_cokaj-120x150.jpg","caption":"admin"},"description":"Admin, Fjala e Lir\u00eb","sameAs":["https:\/\/fjala.info\/"],"url":"https:\/\/fjala.info\/2009-2015\/author\/admin\/"}]}},"_links":{"self":[{"href":"https:\/\/fjala.info\/2009-2015\/wp-json\/wp\/v2\/posts\/10510","targetHints":{"allow":["GET"]}}],"collection":[{"href":"https:\/\/fjala.info\/2009-2015\/wp-json\/wp\/v2\/posts"}],"about":[{"href":"https:\/\/fjala.info\/2009-2015\/wp-json\/wp\/v2\/types\/post"}],"author":[{"embeddable":true,"href":"https:\/\/fjala.info\/2009-2015\/wp-json\/wp\/v2\/users\/1"}],"replies":[{"embeddable":true,"href":"https:\/\/fjala.info\/2009-2015\/wp-json\/wp\/v2\/comments?post=10510"}],"version-history":[{"count":0,"href":"https:\/\/fjala.info\/2009-2015\/wp-json\/wp\/v2\/posts\/10510\/revisions"}],"wp:attachment":[{"href":"https:\/\/fjala.info\/2009-2015\/wp-json\/wp\/v2\/media?parent=10510"}],"wp:term":[{"taxonomy":"category","embeddable":true,"href":"https:\/\/fjala.info\/2009-2015\/wp-json\/wp\/v2\/categories?post=10510"},{"taxonomy":"post_tag","embeddable":true,"href":"https:\/\/fjala.info\/2009-2015\/wp-json\/wp\/v2\/tags?post=10510"}],"curies":[{"name":"wp","href":"https:\/\/api.w.org\/{rel}","templated":true}]}}