{"id":10508,"date":"2011-09-17T20:57:15","date_gmt":"2011-09-17T19:57:15","guid":{"rendered":"http:\/\/fjala.shkoder.net\/?p=10508"},"modified":"2011-09-17T20:57:15","modified_gmt":"2011-09-17T19:57:15","slug":"atje-tek-dielli-poezi-nga-zef-mulaj","status":"publish","type":"post","link":"https:\/\/fjala.info\/2009-2015\/atje-tek-dielli-poezi-nga-zef-mulaj\/","title":{"rendered":"Atje tek dielli &#8211; Poezi nga Zef Mulaj"},"content":{"rendered":"<p><img decoding=\"async\" class=\"alignright size-thumbnail wp-image-7236\" title=\"Alpe\" src=\"http:\/\/www.shkoder.net\/images\/fjala\/2011\/alpe.jpg\" alt=\"\" width=\"200\" \/><strong><em>Poezi nga Zef Mulaj<\/em><\/strong><\/p>\n<blockquote><p><strong>Atje tek dielli<\/strong><\/p>\n<p><em>Muret e kull\u00ebs<br \/>\nSi alpet.<br \/>\nTek dielli rrin\u00eb,<br \/>\nP\u00ebrjetsia e bardh\u00eb<br \/>\njet\u00ebn njerzore<br \/>\nAtje vesh.<br \/>\nKull alpine<br \/>\nAty rr\u00ebnj\u00ebt i kam.<br \/>\nSht\u00ebpi e diellit<br \/>\nHeshtja e mbulon<br \/>\nT\u00eb shkret\u00ebn bukuri.<br \/>\nP\u00eb qark pem\u00ebt<br \/>\nT\u00eb rrin kurore.<br \/>\nKan ikur ikur\u2026<br \/>\nTi n\u00eb vetmi me diellin<br \/>\nJeton.<\/em><\/p>\n<p><strong>P\u00cbR NES\u00cbR<\/strong><\/p>\n<p><em>Atje ka vetem lule,<br \/>\nLindje dielli<br \/>\nPer\u00ebndimi i ndri\u00e7uar.<br \/>\n\u00cbndrrat e mija<br \/>\nMbin vetem lule.<br \/>\nAtje, atje atje\u2026<br \/>\nKu fytyra e saje<br \/>\nPjes e horizonteve,<br \/>\nMe busqeshjen<br \/>\nE koh\u00ebve shtatzana<br \/>\nDo lindin vetem<br \/>\nDashuri\u2026<br \/>\nN\u00eb syt\u00eb e TU<br \/>\nMbij\u00ebn shpresa<br \/>\nP\u00ebr neser\u2026<\/em><\/p>\n<p><strong>Zef Mulaj<\/strong>, <em>Itali,7\/09\/011<\/em><\/p><\/blockquote>\n","protected":false},"excerpt":{"rendered":"<p>Poezi nga Zef Mulaj Atje tek dielli Muret e kull\u00ebs Si alpet. Tek dielli rrin\u00eb, P\u00ebrjetsia e bardh\u00eb jet\u00ebn njerzore Atje vesh. Kull alpine Aty rr\u00ebnj\u00ebt i kam. Sht\u00ebpi e diellit Heshtja e mbulon T\u00eb shkret\u00ebn bukuri. P\u00eb qark pem\u00ebt T\u00eb rrin kurore. Kan ikur ikur\u2026 Ti n\u00eb vetmi me diellin Jeton. P\u00cbR NES\u00cbR Atje [&hellip;]<\/p>\n","protected":false},"author":1,"featured_media":0,"comment_status":"open","ping_status":"closed","sticky":false,"template":"","format":"standard","meta":{"footnotes":""},"categories":[7,9],"tags":[],"class_list":{"0":"post-10508","1":"post","2":"type-post","3":"status-publish","4":"format-standard","6":"category-letersi","7":"category-poezi"},"yoast_head":"<!-- This site is optimized with the Yoast SEO plugin v27.4 - https:\/\/yoast.com\/product\/yoast-seo-wordpress\/ -->\n<title>Atje tek dielli - Poezi nga Zef Mulaj - FjALA e LIR\u00cb - Arkivi<\/title>\n<meta name=\"robots\" content=\"index, follow, max-snippet:-1, max-image-preview:large, max-video-preview:-1\" \/>\n<link rel=\"canonical\" href=\"https:\/\/fjala.info\/2009-2015\/atje-tek-dielli-poezi-nga-zef-mulaj\/\" \/>\n<meta property=\"og:locale\" content=\"sq_AL\" \/>\n<meta property=\"og:type\" content=\"article\" \/>\n<meta property=\"og:title\" content=\"Atje tek dielli - Poezi nga Zef Mulaj - FjALA e LIR\u00cb - Arkivi\" \/>\n<meta property=\"og:description\" content=\"Poezi nga Zef Mulaj Atje tek dielli Muret e kull\u00ebs Si alpet. Tek dielli rrin\u00eb, P\u00ebrjetsia e bardh\u00eb jet\u00ebn njerzore Atje vesh. Kull alpine Aty rr\u00ebnj\u00ebt i kam. Sht\u00ebpi e diellit Heshtja e mbulon T\u00eb shkret\u00ebn bukuri. P\u00eb qark pem\u00ebt T\u00eb rrin kurore. Kan ikur ikur\u2026 Ti n\u00eb vetmi me diellin Jeton. P\u00cbR NES\u00cbR Atje [&hellip;]\" \/>\n<meta property=\"og:url\" content=\"https:\/\/fjala.info\/2009-2015\/atje-tek-dielli-poezi-nga-zef-mulaj\/\" \/>\n<meta property=\"og:site_name\" content=\"FjALA e LIR\u00cb - Arkivi\" \/>\n<meta property=\"article:published_time\" content=\"2011-09-17T19:57:15+00:00\" \/>\n<meta property=\"og:image\" content=\"http:\/\/www.shkoder.net\/images\/fjala\/2011\/alpe.jpg\" \/>\n<meta name=\"author\" content=\"admin\" \/>\n<meta name=\"twitter:card\" content=\"summary_large_image\" \/>\n<meta name=\"twitter:label1\" content=\"Written by\" \/>\n\t<meta name=\"twitter:data1\" content=\"admin\" \/>\n\t<meta name=\"twitter:label2\" content=\"Est. reading time\" \/>\n\t<meta name=\"twitter:data2\" content=\"1 minute\" \/>\n<script type=\"application\/ld+json\" class=\"yoast-schema-graph\">{\"@context\":\"https:\\\/\\\/schema.org\",\"@graph\":[{\"@type\":\"Article\",\"@id\":\"https:\\\/\\\/fjala.info\\\/2009-2015\\\/atje-tek-dielli-poezi-nga-zef-mulaj\\\/#article\",\"isPartOf\":{\"@id\":\"https:\\\/\\\/fjala.info\\\/2009-2015\\\/atje-tek-dielli-poezi-nga-zef-mulaj\\\/\"},\"author\":{\"name\":\"admin\",\"@id\":\"https:\\\/\\\/fjala.info\\\/2009-2015\\\/#\\\/schema\\\/person\\\/3aa1163ef05469c496fc94e77611ada2\"},\"headline\":\"Atje tek dielli &#8211; Poezi nga Zef Mulaj\",\"datePublished\":\"2011-09-17T19:57:15+00:00\",\"mainEntityOfPage\":{\"@id\":\"https:\\\/\\\/fjala.info\\\/2009-2015\\\/atje-tek-dielli-poezi-nga-zef-mulaj\\\/\"},\"wordCount\":122,\"commentCount\":0,\"publisher\":{\"@id\":\"https:\\\/\\\/fjala.info\\\/2009-2015\\\/#organization\"},\"image\":{\"@id\":\"https:\\\/\\\/fjala.info\\\/2009-2015\\\/atje-tek-dielli-poezi-nga-zef-mulaj\\\/#primaryimage\"},\"thumbnailUrl\":\"http:\\\/\\\/www.shkoder.net\\\/images\\\/fjala\\\/2011\\\/alpe.jpg\",\"articleSection\":[\"Let\u00ebrsi\",\"Poezi\"],\"inLanguage\":\"sq-AL\",\"potentialAction\":[{\"@type\":\"CommentAction\",\"name\":\"Comment\",\"target\":[\"https:\\\/\\\/fjala.info\\\/2009-2015\\\/atje-tek-dielli-poezi-nga-zef-mulaj\\\/#respond\"]}]},{\"@type\":\"WebPage\",\"@id\":\"https:\\\/\\\/fjala.info\\\/2009-2015\\\/atje-tek-dielli-poezi-nga-zef-mulaj\\\/\",\"url\":\"https:\\\/\\\/fjala.info\\\/2009-2015\\\/atje-tek-dielli-poezi-nga-zef-mulaj\\\/\",\"name\":\"Atje tek dielli - Poezi nga Zef Mulaj - FjALA e LIR\u00cb - Arkivi\",\"isPartOf\":{\"@id\":\"https:\\\/\\\/fjala.info\\\/2009-2015\\\/#website\"},\"primaryImageOfPage\":{\"@id\":\"https:\\\/\\\/fjala.info\\\/2009-2015\\\/atje-tek-dielli-poezi-nga-zef-mulaj\\\/#primaryimage\"},\"image\":{\"@id\":\"https:\\\/\\\/fjala.info\\\/2009-2015\\\/atje-tek-dielli-poezi-nga-zef-mulaj\\\/#primaryimage\"},\"thumbnailUrl\":\"http:\\\/\\\/www.shkoder.net\\\/images\\\/fjala\\\/2011\\\/alpe.jpg\",\"datePublished\":\"2011-09-17T19:57:15+00:00\",\"breadcrumb\":{\"@id\":\"https:\\\/\\\/fjala.info\\\/2009-2015\\\/atje-tek-dielli-poezi-nga-zef-mulaj\\\/#breadcrumb\"},\"inLanguage\":\"sq-AL\",\"potentialAction\":[{\"@type\":\"ReadAction\",\"target\":[\"https:\\\/\\\/fjala.info\\\/2009-2015\\\/atje-tek-dielli-poezi-nga-zef-mulaj\\\/\"]}]},{\"@type\":\"ImageObject\",\"inLanguage\":\"sq-AL\",\"@id\":\"https:\\\/\\\/fjala.info\\\/2009-2015\\\/atje-tek-dielli-poezi-nga-zef-mulaj\\\/#primaryimage\",\"url\":\"http:\\\/\\\/www.shkoder.net\\\/images\\\/fjala\\\/2011\\\/alpe.jpg\",\"contentUrl\":\"http:\\\/\\\/www.shkoder.net\\\/images\\\/fjala\\\/2011\\\/alpe.jpg\"},{\"@type\":\"BreadcrumbList\",\"@id\":\"https:\\\/\\\/fjala.info\\\/2009-2015\\\/atje-tek-dielli-poezi-nga-zef-mulaj\\\/#breadcrumb\",\"itemListElement\":[{\"@type\":\"ListItem\",\"position\":1,\"name\":\"Home\",\"item\":\"https:\\\/\\\/fjala.info\\\/2009-2015\\\/\"},{\"@type\":\"ListItem\",\"position\":2,\"name\":\"Atje tek dielli &#8211; Poezi nga Zef Mulaj\"}]},{\"@type\":\"WebSite\",\"@id\":\"https:\\\/\\\/fjala.info\\\/2009-2015\\\/#website\",\"url\":\"https:\\\/\\\/fjala.info\\\/2009-2015\\\/\",\"name\":\"FjALA e LIR\u00cb - Arkivi\",\"description\":\"Arkivi 2009-2015\",\"publisher\":{\"@id\":\"https:\\\/\\\/fjala.info\\\/2009-2015\\\/#organization\"},\"potentialAction\":[{\"@type\":\"SearchAction\",\"target\":{\"@type\":\"EntryPoint\",\"urlTemplate\":\"https:\\\/\\\/fjala.info\\\/2009-2015\\\/?s={search_term_string}\"},\"query-input\":{\"@type\":\"PropertyValueSpecification\",\"valueRequired\":true,\"valueName\":\"search_term_string\"}}],\"inLanguage\":\"sq-AL\"},{\"@type\":\"Organization\",\"@id\":\"https:\\\/\\\/fjala.info\\\/2009-2015\\\/#organization\",\"name\":\"FjALA e LIR\u00cb - Arkivi\",\"url\":\"https:\\\/\\\/fjala.info\\\/2009-2015\\\/\",\"logo\":{\"@type\":\"ImageObject\",\"inLanguage\":\"sq-AL\",\"@id\":\"https:\\\/\\\/fjala.info\\\/2009-2015\\\/#\\\/schema\\\/logo\\\/image\\\/\",\"url\":\"\",\"contentUrl\":\"\",\"caption\":\"FjALA e LIR\u00cb - Arkivi\"},\"image\":{\"@id\":\"https:\\\/\\\/fjala.info\\\/2009-2015\\\/#\\\/schema\\\/logo\\\/image\\\/\"}},{\"@type\":\"Person\",\"@id\":\"https:\\\/\\\/fjala.info\\\/2009-2015\\\/#\\\/schema\\\/person\\\/3aa1163ef05469c496fc94e77611ada2\",\"name\":\"admin\",\"image\":{\"@type\":\"ImageObject\",\"inLanguage\":\"sq-AL\",\"@id\":\"https:\\\/\\\/fjala.info\\\/2009-2015\\\/wp-content\\\/uploads\\\/2012\\\/02\\\/arben_cokaj-120x150.jpg\",\"url\":\"https:\\\/\\\/fjala.info\\\/2009-2015\\\/wp-content\\\/uploads\\\/2012\\\/02\\\/arben_cokaj-120x150.jpg\",\"contentUrl\":\"https:\\\/\\\/fjala.info\\\/2009-2015\\\/wp-content\\\/uploads\\\/2012\\\/02\\\/arben_cokaj-120x150.jpg\",\"caption\":\"admin\"},\"description\":\"Admin, Fjala e Lir\u00eb\",\"sameAs\":[\"https:\\\/\\\/fjala.info\\\/\"],\"url\":\"https:\\\/\\\/fjala.info\\\/2009-2015\\\/author\\\/admin\\\/\"}]}<\/script>\n<!-- \/ Yoast SEO plugin. -->","yoast_head_json":{"title":"Atje tek dielli - Poezi nga Zef Mulaj - FjALA e LIR\u00cb - Arkivi","robots":{"index":"index","follow":"follow","max-snippet":"max-snippet:-1","max-image-preview":"max-image-preview:large","max-video-preview":"max-video-preview:-1"},"canonical":"https:\/\/fjala.info\/2009-2015\/atje-tek-dielli-poezi-nga-zef-mulaj\/","og_locale":"sq_AL","og_type":"article","og_title":"Atje tek dielli - Poezi nga Zef Mulaj - FjALA e LIR\u00cb - Arkivi","og_description":"Poezi nga Zef Mulaj Atje tek dielli Muret e kull\u00ebs Si alpet. Tek dielli rrin\u00eb, P\u00ebrjetsia e bardh\u00eb jet\u00ebn njerzore Atje vesh. Kull alpine Aty rr\u00ebnj\u00ebt i kam. Sht\u00ebpi e diellit Heshtja e mbulon T\u00eb shkret\u00ebn bukuri. P\u00eb qark pem\u00ebt T\u00eb rrin kurore. Kan ikur ikur\u2026 Ti n\u00eb vetmi me diellin Jeton. P\u00cbR NES\u00cbR Atje [&hellip;]","og_url":"https:\/\/fjala.info\/2009-2015\/atje-tek-dielli-poezi-nga-zef-mulaj\/","og_site_name":"FjALA e LIR\u00cb - Arkivi","article_published_time":"2011-09-17T19:57:15+00:00","og_image":[{"url":"http:\/\/www.shkoder.net\/images\/fjala\/2011\/alpe.jpg","type":"","width":"","height":""}],"author":"admin","twitter_card":"summary_large_image","twitter_misc":{"Written by":"admin","Est. reading time":"1 minute"},"schema":{"@context":"https:\/\/schema.org","@graph":[{"@type":"Article","@id":"https:\/\/fjala.info\/2009-2015\/atje-tek-dielli-poezi-nga-zef-mulaj\/#article","isPartOf":{"@id":"https:\/\/fjala.info\/2009-2015\/atje-tek-dielli-poezi-nga-zef-mulaj\/"},"author":{"name":"admin","@id":"https:\/\/fjala.info\/2009-2015\/#\/schema\/person\/3aa1163ef05469c496fc94e77611ada2"},"headline":"Atje tek dielli &#8211; Poezi nga Zef Mulaj","datePublished":"2011-09-17T19:57:15+00:00","mainEntityOfPage":{"@id":"https:\/\/fjala.info\/2009-2015\/atje-tek-dielli-poezi-nga-zef-mulaj\/"},"wordCount":122,"commentCount":0,"publisher":{"@id":"https:\/\/fjala.info\/2009-2015\/#organization"},"image":{"@id":"https:\/\/fjala.info\/2009-2015\/atje-tek-dielli-poezi-nga-zef-mulaj\/#primaryimage"},"thumbnailUrl":"http:\/\/www.shkoder.net\/images\/fjala\/2011\/alpe.jpg","articleSection":["Let\u00ebrsi","Poezi"],"inLanguage":"sq-AL","potentialAction":[{"@type":"CommentAction","name":"Comment","target":["https:\/\/fjala.info\/2009-2015\/atje-tek-dielli-poezi-nga-zef-mulaj\/#respond"]}]},{"@type":"WebPage","@id":"https:\/\/fjala.info\/2009-2015\/atje-tek-dielli-poezi-nga-zef-mulaj\/","url":"https:\/\/fjala.info\/2009-2015\/atje-tek-dielli-poezi-nga-zef-mulaj\/","name":"Atje tek dielli - Poezi nga Zef Mulaj - FjALA e LIR\u00cb - Arkivi","isPartOf":{"@id":"https:\/\/fjala.info\/2009-2015\/#website"},"primaryImageOfPage":{"@id":"https:\/\/fjala.info\/2009-2015\/atje-tek-dielli-poezi-nga-zef-mulaj\/#primaryimage"},"image":{"@id":"https:\/\/fjala.info\/2009-2015\/atje-tek-dielli-poezi-nga-zef-mulaj\/#primaryimage"},"thumbnailUrl":"http:\/\/www.shkoder.net\/images\/fjala\/2011\/alpe.jpg","datePublished":"2011-09-17T19:57:15+00:00","breadcrumb":{"@id":"https:\/\/fjala.info\/2009-2015\/atje-tek-dielli-poezi-nga-zef-mulaj\/#breadcrumb"},"inLanguage":"sq-AL","potentialAction":[{"@type":"ReadAction","target":["https:\/\/fjala.info\/2009-2015\/atje-tek-dielli-poezi-nga-zef-mulaj\/"]}]},{"@type":"ImageObject","inLanguage":"sq-AL","@id":"https:\/\/fjala.info\/2009-2015\/atje-tek-dielli-poezi-nga-zef-mulaj\/#primaryimage","url":"http:\/\/www.shkoder.net\/images\/fjala\/2011\/alpe.jpg","contentUrl":"http:\/\/www.shkoder.net\/images\/fjala\/2011\/alpe.jpg"},{"@type":"BreadcrumbList","@id":"https:\/\/fjala.info\/2009-2015\/atje-tek-dielli-poezi-nga-zef-mulaj\/#breadcrumb","itemListElement":[{"@type":"ListItem","position":1,"name":"Home","item":"https:\/\/fjala.info\/2009-2015\/"},{"@type":"ListItem","position":2,"name":"Atje tek dielli &#8211; Poezi nga Zef Mulaj"}]},{"@type":"WebSite","@id":"https:\/\/fjala.info\/2009-2015\/#website","url":"https:\/\/fjala.info\/2009-2015\/","name":"FjALA e LIR\u00cb - Arkivi","description":"Arkivi 2009-2015","publisher":{"@id":"https:\/\/fjala.info\/2009-2015\/#organization"},"potentialAction":[{"@type":"SearchAction","target":{"@type":"EntryPoint","urlTemplate":"https:\/\/fjala.info\/2009-2015\/?s={search_term_string}"},"query-input":{"@type":"PropertyValueSpecification","valueRequired":true,"valueName":"search_term_string"}}],"inLanguage":"sq-AL"},{"@type":"Organization","@id":"https:\/\/fjala.info\/2009-2015\/#organization","name":"FjALA e LIR\u00cb - Arkivi","url":"https:\/\/fjala.info\/2009-2015\/","logo":{"@type":"ImageObject","inLanguage":"sq-AL","@id":"https:\/\/fjala.info\/2009-2015\/#\/schema\/logo\/image\/","url":"","contentUrl":"","caption":"FjALA e LIR\u00cb - Arkivi"},"image":{"@id":"https:\/\/fjala.info\/2009-2015\/#\/schema\/logo\/image\/"}},{"@type":"Person","@id":"https:\/\/fjala.info\/2009-2015\/#\/schema\/person\/3aa1163ef05469c496fc94e77611ada2","name":"admin","image":{"@type":"ImageObject","inLanguage":"sq-AL","@id":"https:\/\/fjala.info\/2009-2015\/wp-content\/uploads\/2012\/02\/arben_cokaj-120x150.jpg","url":"https:\/\/fjala.info\/2009-2015\/wp-content\/uploads\/2012\/02\/arben_cokaj-120x150.jpg","contentUrl":"https:\/\/fjala.info\/2009-2015\/wp-content\/uploads\/2012\/02\/arben_cokaj-120x150.jpg","caption":"admin"},"description":"Admin, Fjala e Lir\u00eb","sameAs":["https:\/\/fjala.info\/"],"url":"https:\/\/fjala.info\/2009-2015\/author\/admin\/"}]}},"_links":{"self":[{"href":"https:\/\/fjala.info\/2009-2015\/wp-json\/wp\/v2\/posts\/10508","targetHints":{"allow":["GET"]}}],"collection":[{"href":"https:\/\/fjala.info\/2009-2015\/wp-json\/wp\/v2\/posts"}],"about":[{"href":"https:\/\/fjala.info\/2009-2015\/wp-json\/wp\/v2\/types\/post"}],"author":[{"embeddable":true,"href":"https:\/\/fjala.info\/2009-2015\/wp-json\/wp\/v2\/users\/1"}],"replies":[{"embeddable":true,"href":"https:\/\/fjala.info\/2009-2015\/wp-json\/wp\/v2\/comments?post=10508"}],"version-history":[{"count":0,"href":"https:\/\/fjala.info\/2009-2015\/wp-json\/wp\/v2\/posts\/10508\/revisions"}],"wp:attachment":[{"href":"https:\/\/fjala.info\/2009-2015\/wp-json\/wp\/v2\/media?parent=10508"}],"wp:term":[{"taxonomy":"category","embeddable":true,"href":"https:\/\/fjala.info\/2009-2015\/wp-json\/wp\/v2\/categories?post=10508"},{"taxonomy":"post_tag","embeddable":true,"href":"https:\/\/fjala.info\/2009-2015\/wp-json\/wp\/v2\/tags?post=10508"}],"curies":[{"name":"wp","href":"https:\/\/api.w.org\/{rel}","templated":true}]}}