{"id":10503,"date":"2011-09-16T08:20:15","date_gmt":"2011-09-16T07:20:15","guid":{"rendered":"http:\/\/fjala.shkoder.net\/?p=10503"},"modified":"2011-09-16T08:20:15","modified_gmt":"2011-09-16T07:20:15","slug":"florenc-hoxha-inspektoreve-te-shkarkuara-provoni-te-me-padisni-dhe-do-tju-q-ropt-e-tju-vras","status":"publish","type":"post","link":"https:\/\/fjala.info\/2009-2015\/florenc-hoxha-inspektoreve-te-shkarkuara-provoni-te-me-padisni-dhe-do-tju-q-ropt-e-tju-vras\/","title":{"rendered":"Florenc Hoxha inspektoreve t\u00eb shkarkuara: Provoni t\u00eb m\u00eb padisni dhe do t\u2019ju q\u2026 ropt e t\u2019ju vras"},"content":{"rendered":"<p style=\"text-align: right;\"><img decoding=\"async\" class=\"alignright size-thumbnail wp-image-7236\" title=\"Teksti i Florenc Hoxh\u00ebs\" src=\"http:\/\/www.shkoder.net\/images\/fjala\/2011\/sms_florenc_hoxha.jpg\" alt=\"\" width=\"250\" \/> <em>Teksti i SMS derguar inspektoreve\u00a0\u00a0\u00a0 <\/em><\/p>\n<p><strong>Dy inspektoret e tatimeve n\u00eb bashkin\u00eb e Tiran\u00ebs, kan\u00eb depozituar n\u00eb prokurori kall\u00ebzimin tjet\u00ebr penal ndaj Florenc Hoxh\u00ebs, duke dor\u00ebzuar n\u00eb organin e akuz\u00ebs prov\u00ebn e mesazhit t\u00eb shkruar ku lexohet qart\u00eb k\u00ebrc\u00ebnimi me jet\u00eb.<\/strong><\/p>\n<p>Kreu i Policise n\u00eb Bashkin\u00eb e Tiran\u00ebs, nuk di vet\u00ebm t\u00eb rrah\u00eb grat\u00eb por edhe t\u2019i k\u00ebrc\u00ebnoj\u00eb me vdekje. Pasi ka siguruar se asnj\u00eb gjemb nuk i hyn n\u00eb k\u00ebmb\u00eb edhe kur dhunon sh\u00ebrb\u00ebtore t\u00eb shtetit, brenda zyrave t\u00eb shtetit, Florenc Hoxha ka guxuar t\u00eb ngrej\u00eb s\u00ebrish dor\u00eb. K\u00ebt\u00eb her\u00eb p\u00ebr t\u00eb shkruar nj\u00eb mesazh telefonik, me gjuh\u00eb edhe m\u00eb t\u00eb r\u00ebnd\u00eb se ajo q\u00eb p\u00ebrdori p\u00ebrmes grushteve. Me bekimin e shefit t\u00eb vog\u00ebl n\u00eb bashki, por edhe t\u00eb madhit n\u00eb qeveri, doraci k\u00ebrc\u00ebnon dy inspektoret e Tatimeve n\u00eb bashkin\u00eb e Tiran\u00ebs se her\u00ebn tjet\u00ebr q\u00eb do shkojn\u00eb ta kall\u00ebzojn\u00eb n\u00eb prokurori, \u201cdo t\u2019i vras\u00eb\u201d.<\/p>\n<p>Ky mesazh \u00ebsht\u00eb d\u00ebrguar menj\u00ebher\u00eb pasi n\u00eb disa prej agjencive t\u00eb lajmeve \u00ebsht\u00eb publikuar lajmi i letr\u00ebs s\u00eb hapur q\u00eb dy grat\u00eb e dhunuara nga Hoxha, Anila \u00c7obani dhe Etleva Duraj i kan\u00eb d\u00ebrguar kryeprokurores s\u00eb vendit. I pangopur akoma me grushtat ndaj dy femrave, doraci \u201cq\u00ebllon\u201d prap\u00eb. Kurse Basha prap\u00eb hesht! Dy inspektoret e tatimeve n\u00eb bashkin\u00eb e Tiran\u00ebs, kan\u00eb depozituar n\u00eb prokurori kall\u00ebzimin tjet\u00ebr penal ndaj Florenc Hoxh\u00ebs, duke dor\u00ebzuar n\u00eb organin e akuz\u00ebs prov\u00ebn e mesazhit t\u00eb shkruar ku lexohet qart\u00eb k\u00ebrc\u00ebnimi me jet\u00eb.<\/p>\n<p><strong>Ama News<\/strong><\/p>\n","protected":false},"excerpt":{"rendered":"<p>Teksti i SMS derguar inspektoreve\u00a0\u00a0\u00a0 Dy inspektoret e tatimeve n\u00eb bashkin\u00eb e Tiran\u00ebs, kan\u00eb depozituar n\u00eb prokurori kall\u00ebzimin tjet\u00ebr penal ndaj Florenc Hoxh\u00ebs, duke dor\u00ebzuar n\u00eb organin e akuz\u00ebs prov\u00ebn e mesazhit t\u00eb shkruar ku lexohet qart\u00eb k\u00ebrc\u00ebnimi me jet\u00eb. Kreu i Policise n\u00eb Bashkin\u00eb e Tiran\u00ebs, nuk di vet\u00ebm t\u00eb rrah\u00eb grat\u00eb por edhe [&hellip;]<\/p>\n","protected":false},"author":1,"featured_media":0,"comment_status":"open","ping_status":"closed","sticky":false,"template":"","format":"standard","meta":{"footnotes":""},"categories":[2],"tags":[],"class_list":{"0":"post-10503","1":"post","2":"type-post","3":"status-publish","4":"format-standard","6":"category-artikuj"},"yoast_head":"<!-- This site is optimized with the Yoast SEO plugin v27.4 - https:\/\/yoast.com\/product\/yoast-seo-wordpress\/ -->\n<title>Florenc Hoxha inspektoreve t\u00eb shkarkuara: Provoni t\u00eb m\u00eb padisni dhe do t\u2019ju q\u2026 ropt e t\u2019ju vras - FjALA e LIR\u00cb - Arkivi<\/title>\n<meta name=\"robots\" content=\"index, follow, max-snippet:-1, max-image-preview:large, max-video-preview:-1\" \/>\n<link rel=\"canonical\" href=\"https:\/\/fjala.info\/2009-2015\/florenc-hoxha-inspektoreve-te-shkarkuara-provoni-te-me-padisni-dhe-do-tju-q-ropt-e-tju-vras\/\" \/>\n<meta property=\"og:locale\" content=\"sq_AL\" \/>\n<meta property=\"og:type\" content=\"article\" \/>\n<meta property=\"og:title\" content=\"Florenc Hoxha inspektoreve t\u00eb shkarkuara: Provoni t\u00eb m\u00eb padisni dhe do t\u2019ju q\u2026 ropt e t\u2019ju vras - FjALA e LIR\u00cb - Arkivi\" \/>\n<meta property=\"og:description\" content=\"Teksti i SMS derguar inspektoreve\u00a0\u00a0\u00a0 Dy inspektoret e tatimeve n\u00eb bashkin\u00eb e Tiran\u00ebs, kan\u00eb depozituar n\u00eb prokurori kall\u00ebzimin tjet\u00ebr penal ndaj Florenc Hoxh\u00ebs, duke dor\u00ebzuar n\u00eb organin e akuz\u00ebs prov\u00ebn e mesazhit t\u00eb shkruar ku lexohet qart\u00eb k\u00ebrc\u00ebnimi me jet\u00eb. Kreu i Policise n\u00eb Bashkin\u00eb e Tiran\u00ebs, nuk di vet\u00ebm t\u00eb rrah\u00eb grat\u00eb por edhe [&hellip;]\" \/>\n<meta property=\"og:url\" content=\"https:\/\/fjala.info\/2009-2015\/florenc-hoxha-inspektoreve-te-shkarkuara-provoni-te-me-padisni-dhe-do-tju-q-ropt-e-tju-vras\/\" \/>\n<meta property=\"og:site_name\" content=\"FjALA e LIR\u00cb - Arkivi\" \/>\n<meta property=\"article:published_time\" content=\"2011-09-16T07:20:15+00:00\" \/>\n<meta property=\"og:image\" content=\"http:\/\/www.shkoder.net\/images\/fjala\/2011\/sms_florenc_hoxha.jpg\" \/>\n<meta name=\"author\" content=\"admin\" \/>\n<meta name=\"twitter:card\" content=\"summary_large_image\" \/>\n<meta name=\"twitter:label1\" content=\"Written by\" \/>\n\t<meta name=\"twitter:data1\" content=\"admin\" \/>\n\t<meta name=\"twitter:label2\" content=\"Est. reading time\" \/>\n\t<meta name=\"twitter:data2\" content=\"1 minute\" \/>\n<script type=\"application\/ld+json\" class=\"yoast-schema-graph\">{\"@context\":\"https:\\\/\\\/schema.org\",\"@graph\":[{\"@type\":\"Article\",\"@id\":\"https:\\\/\\\/fjala.info\\\/2009-2015\\\/florenc-hoxha-inspektoreve-te-shkarkuara-provoni-te-me-padisni-dhe-do-tju-q-ropt-e-tju-vras\\\/#article\",\"isPartOf\":{\"@id\":\"https:\\\/\\\/fjala.info\\\/2009-2015\\\/florenc-hoxha-inspektoreve-te-shkarkuara-provoni-te-me-padisni-dhe-do-tju-q-ropt-e-tju-vras\\\/\"},\"author\":{\"name\":\"admin\",\"@id\":\"https:\\\/\\\/fjala.info\\\/2009-2015\\\/#\\\/schema\\\/person\\\/3aa1163ef05469c496fc94e77611ada2\"},\"headline\":\"Florenc Hoxha inspektoreve t\u00eb shkarkuara: Provoni t\u00eb m\u00eb padisni dhe do t\u2019ju q\u2026 ropt e t\u2019ju vras\",\"datePublished\":\"2011-09-16T07:20:15+00:00\",\"mainEntityOfPage\":{\"@id\":\"https:\\\/\\\/fjala.info\\\/2009-2015\\\/florenc-hoxha-inspektoreve-te-shkarkuara-provoni-te-me-padisni-dhe-do-tju-q-ropt-e-tju-vras\\\/\"},\"wordCount\":298,\"commentCount\":0,\"publisher\":{\"@id\":\"https:\\\/\\\/fjala.info\\\/2009-2015\\\/#organization\"},\"image\":{\"@id\":\"https:\\\/\\\/fjala.info\\\/2009-2015\\\/florenc-hoxha-inspektoreve-te-shkarkuara-provoni-te-me-padisni-dhe-do-tju-q-ropt-e-tju-vras\\\/#primaryimage\"},\"thumbnailUrl\":\"http:\\\/\\\/www.shkoder.net\\\/images\\\/fjala\\\/2011\\\/sms_florenc_hoxha.jpg\",\"articleSection\":[\"Artikuj\"],\"inLanguage\":\"sq-AL\",\"potentialAction\":[{\"@type\":\"CommentAction\",\"name\":\"Comment\",\"target\":[\"https:\\\/\\\/fjala.info\\\/2009-2015\\\/florenc-hoxha-inspektoreve-te-shkarkuara-provoni-te-me-padisni-dhe-do-tju-q-ropt-e-tju-vras\\\/#respond\"]}]},{\"@type\":\"WebPage\",\"@id\":\"https:\\\/\\\/fjala.info\\\/2009-2015\\\/florenc-hoxha-inspektoreve-te-shkarkuara-provoni-te-me-padisni-dhe-do-tju-q-ropt-e-tju-vras\\\/\",\"url\":\"https:\\\/\\\/fjala.info\\\/2009-2015\\\/florenc-hoxha-inspektoreve-te-shkarkuara-provoni-te-me-padisni-dhe-do-tju-q-ropt-e-tju-vras\\\/\",\"name\":\"Florenc Hoxha inspektoreve t\u00eb shkarkuara: Provoni t\u00eb m\u00eb padisni dhe do t\u2019ju q\u2026 ropt e t\u2019ju vras - FjALA e LIR\u00cb - Arkivi\",\"isPartOf\":{\"@id\":\"https:\\\/\\\/fjala.info\\\/2009-2015\\\/#website\"},\"primaryImageOfPage\":{\"@id\":\"https:\\\/\\\/fjala.info\\\/2009-2015\\\/florenc-hoxha-inspektoreve-te-shkarkuara-provoni-te-me-padisni-dhe-do-tju-q-ropt-e-tju-vras\\\/#primaryimage\"},\"image\":{\"@id\":\"https:\\\/\\\/fjala.info\\\/2009-2015\\\/florenc-hoxha-inspektoreve-te-shkarkuara-provoni-te-me-padisni-dhe-do-tju-q-ropt-e-tju-vras\\\/#primaryimage\"},\"thumbnailUrl\":\"http:\\\/\\\/www.shkoder.net\\\/images\\\/fjala\\\/2011\\\/sms_florenc_hoxha.jpg\",\"datePublished\":\"2011-09-16T07:20:15+00:00\",\"breadcrumb\":{\"@id\":\"https:\\\/\\\/fjala.info\\\/2009-2015\\\/florenc-hoxha-inspektoreve-te-shkarkuara-provoni-te-me-padisni-dhe-do-tju-q-ropt-e-tju-vras\\\/#breadcrumb\"},\"inLanguage\":\"sq-AL\",\"potentialAction\":[{\"@type\":\"ReadAction\",\"target\":[\"https:\\\/\\\/fjala.info\\\/2009-2015\\\/florenc-hoxha-inspektoreve-te-shkarkuara-provoni-te-me-padisni-dhe-do-tju-q-ropt-e-tju-vras\\\/\"]}]},{\"@type\":\"ImageObject\",\"inLanguage\":\"sq-AL\",\"@id\":\"https:\\\/\\\/fjala.info\\\/2009-2015\\\/florenc-hoxha-inspektoreve-te-shkarkuara-provoni-te-me-padisni-dhe-do-tju-q-ropt-e-tju-vras\\\/#primaryimage\",\"url\":\"http:\\\/\\\/www.shkoder.net\\\/images\\\/fjala\\\/2011\\\/sms_florenc_hoxha.jpg\",\"contentUrl\":\"http:\\\/\\\/www.shkoder.net\\\/images\\\/fjala\\\/2011\\\/sms_florenc_hoxha.jpg\"},{\"@type\":\"BreadcrumbList\",\"@id\":\"https:\\\/\\\/fjala.info\\\/2009-2015\\\/florenc-hoxha-inspektoreve-te-shkarkuara-provoni-te-me-padisni-dhe-do-tju-q-ropt-e-tju-vras\\\/#breadcrumb\",\"itemListElement\":[{\"@type\":\"ListItem\",\"position\":1,\"name\":\"Home\",\"item\":\"https:\\\/\\\/fjala.info\\\/2009-2015\\\/\"},{\"@type\":\"ListItem\",\"position\":2,\"name\":\"Florenc Hoxha inspektoreve t\u00eb shkarkuara: Provoni t\u00eb m\u00eb padisni dhe do t\u2019ju q\u2026 ropt e t\u2019ju vras\"}]},{\"@type\":\"WebSite\",\"@id\":\"https:\\\/\\\/fjala.info\\\/2009-2015\\\/#website\",\"url\":\"https:\\\/\\\/fjala.info\\\/2009-2015\\\/\",\"name\":\"FjALA e LIR\u00cb - Arkivi\",\"description\":\"Arkivi 2009-2015\",\"publisher\":{\"@id\":\"https:\\\/\\\/fjala.info\\\/2009-2015\\\/#organization\"},\"potentialAction\":[{\"@type\":\"SearchAction\",\"target\":{\"@type\":\"EntryPoint\",\"urlTemplate\":\"https:\\\/\\\/fjala.info\\\/2009-2015\\\/?s={search_term_string}\"},\"query-input\":{\"@type\":\"PropertyValueSpecification\",\"valueRequired\":true,\"valueName\":\"search_term_string\"}}],\"inLanguage\":\"sq-AL\"},{\"@type\":\"Organization\",\"@id\":\"https:\\\/\\\/fjala.info\\\/2009-2015\\\/#organization\",\"name\":\"FjALA e LIR\u00cb - Arkivi\",\"url\":\"https:\\\/\\\/fjala.info\\\/2009-2015\\\/\",\"logo\":{\"@type\":\"ImageObject\",\"inLanguage\":\"sq-AL\",\"@id\":\"https:\\\/\\\/fjala.info\\\/2009-2015\\\/#\\\/schema\\\/logo\\\/image\\\/\",\"url\":\"\",\"contentUrl\":\"\",\"caption\":\"FjALA e LIR\u00cb - Arkivi\"},\"image\":{\"@id\":\"https:\\\/\\\/fjala.info\\\/2009-2015\\\/#\\\/schema\\\/logo\\\/image\\\/\"}},{\"@type\":\"Person\",\"@id\":\"https:\\\/\\\/fjala.info\\\/2009-2015\\\/#\\\/schema\\\/person\\\/3aa1163ef05469c496fc94e77611ada2\",\"name\":\"admin\",\"image\":{\"@type\":\"ImageObject\",\"inLanguage\":\"sq-AL\",\"@id\":\"https:\\\/\\\/fjala.info\\\/2009-2015\\\/wp-content\\\/uploads\\\/2012\\\/02\\\/arben_cokaj-120x150.jpg\",\"url\":\"https:\\\/\\\/fjala.info\\\/2009-2015\\\/wp-content\\\/uploads\\\/2012\\\/02\\\/arben_cokaj-120x150.jpg\",\"contentUrl\":\"https:\\\/\\\/fjala.info\\\/2009-2015\\\/wp-content\\\/uploads\\\/2012\\\/02\\\/arben_cokaj-120x150.jpg\",\"caption\":\"admin\"},\"description\":\"Admin, Fjala e Lir\u00eb\",\"sameAs\":[\"https:\\\/\\\/fjala.info\\\/\"],\"url\":\"https:\\\/\\\/fjala.info\\\/2009-2015\\\/author\\\/admin\\\/\"}]}<\/script>\n<!-- \/ Yoast SEO plugin. -->","yoast_head_json":{"title":"Florenc Hoxha inspektoreve t\u00eb shkarkuara: Provoni t\u00eb m\u00eb padisni dhe do t\u2019ju q\u2026 ropt e t\u2019ju vras - FjALA e LIR\u00cb - Arkivi","robots":{"index":"index","follow":"follow","max-snippet":"max-snippet:-1","max-image-preview":"max-image-preview:large","max-video-preview":"max-video-preview:-1"},"canonical":"https:\/\/fjala.info\/2009-2015\/florenc-hoxha-inspektoreve-te-shkarkuara-provoni-te-me-padisni-dhe-do-tju-q-ropt-e-tju-vras\/","og_locale":"sq_AL","og_type":"article","og_title":"Florenc Hoxha inspektoreve t\u00eb shkarkuara: Provoni t\u00eb m\u00eb padisni dhe do t\u2019ju q\u2026 ropt e t\u2019ju vras - FjALA e LIR\u00cb - Arkivi","og_description":"Teksti i SMS derguar inspektoreve\u00a0\u00a0\u00a0 Dy inspektoret e tatimeve n\u00eb bashkin\u00eb e Tiran\u00ebs, kan\u00eb depozituar n\u00eb prokurori kall\u00ebzimin tjet\u00ebr penal ndaj Florenc Hoxh\u00ebs, duke dor\u00ebzuar n\u00eb organin e akuz\u00ebs prov\u00ebn e mesazhit t\u00eb shkruar ku lexohet qart\u00eb k\u00ebrc\u00ebnimi me jet\u00eb. Kreu i Policise n\u00eb Bashkin\u00eb e Tiran\u00ebs, nuk di vet\u00ebm t\u00eb rrah\u00eb grat\u00eb por edhe [&hellip;]","og_url":"https:\/\/fjala.info\/2009-2015\/florenc-hoxha-inspektoreve-te-shkarkuara-provoni-te-me-padisni-dhe-do-tju-q-ropt-e-tju-vras\/","og_site_name":"FjALA e LIR\u00cb - Arkivi","article_published_time":"2011-09-16T07:20:15+00:00","og_image":[{"url":"http:\/\/www.shkoder.net\/images\/fjala\/2011\/sms_florenc_hoxha.jpg","type":"","width":"","height":""}],"author":"admin","twitter_card":"summary_large_image","twitter_misc":{"Written by":"admin","Est. reading time":"1 minute"},"schema":{"@context":"https:\/\/schema.org","@graph":[{"@type":"Article","@id":"https:\/\/fjala.info\/2009-2015\/florenc-hoxha-inspektoreve-te-shkarkuara-provoni-te-me-padisni-dhe-do-tju-q-ropt-e-tju-vras\/#article","isPartOf":{"@id":"https:\/\/fjala.info\/2009-2015\/florenc-hoxha-inspektoreve-te-shkarkuara-provoni-te-me-padisni-dhe-do-tju-q-ropt-e-tju-vras\/"},"author":{"name":"admin","@id":"https:\/\/fjala.info\/2009-2015\/#\/schema\/person\/3aa1163ef05469c496fc94e77611ada2"},"headline":"Florenc Hoxha inspektoreve t\u00eb shkarkuara: Provoni t\u00eb m\u00eb padisni dhe do t\u2019ju q\u2026 ropt e t\u2019ju vras","datePublished":"2011-09-16T07:20:15+00:00","mainEntityOfPage":{"@id":"https:\/\/fjala.info\/2009-2015\/florenc-hoxha-inspektoreve-te-shkarkuara-provoni-te-me-padisni-dhe-do-tju-q-ropt-e-tju-vras\/"},"wordCount":298,"commentCount":0,"publisher":{"@id":"https:\/\/fjala.info\/2009-2015\/#organization"},"image":{"@id":"https:\/\/fjala.info\/2009-2015\/florenc-hoxha-inspektoreve-te-shkarkuara-provoni-te-me-padisni-dhe-do-tju-q-ropt-e-tju-vras\/#primaryimage"},"thumbnailUrl":"http:\/\/www.shkoder.net\/images\/fjala\/2011\/sms_florenc_hoxha.jpg","articleSection":["Artikuj"],"inLanguage":"sq-AL","potentialAction":[{"@type":"CommentAction","name":"Comment","target":["https:\/\/fjala.info\/2009-2015\/florenc-hoxha-inspektoreve-te-shkarkuara-provoni-te-me-padisni-dhe-do-tju-q-ropt-e-tju-vras\/#respond"]}]},{"@type":"WebPage","@id":"https:\/\/fjala.info\/2009-2015\/florenc-hoxha-inspektoreve-te-shkarkuara-provoni-te-me-padisni-dhe-do-tju-q-ropt-e-tju-vras\/","url":"https:\/\/fjala.info\/2009-2015\/florenc-hoxha-inspektoreve-te-shkarkuara-provoni-te-me-padisni-dhe-do-tju-q-ropt-e-tju-vras\/","name":"Florenc Hoxha inspektoreve t\u00eb shkarkuara: Provoni t\u00eb m\u00eb padisni dhe do t\u2019ju q\u2026 ropt e t\u2019ju vras - FjALA e LIR\u00cb - Arkivi","isPartOf":{"@id":"https:\/\/fjala.info\/2009-2015\/#website"},"primaryImageOfPage":{"@id":"https:\/\/fjala.info\/2009-2015\/florenc-hoxha-inspektoreve-te-shkarkuara-provoni-te-me-padisni-dhe-do-tju-q-ropt-e-tju-vras\/#primaryimage"},"image":{"@id":"https:\/\/fjala.info\/2009-2015\/florenc-hoxha-inspektoreve-te-shkarkuara-provoni-te-me-padisni-dhe-do-tju-q-ropt-e-tju-vras\/#primaryimage"},"thumbnailUrl":"http:\/\/www.shkoder.net\/images\/fjala\/2011\/sms_florenc_hoxha.jpg","datePublished":"2011-09-16T07:20:15+00:00","breadcrumb":{"@id":"https:\/\/fjala.info\/2009-2015\/florenc-hoxha-inspektoreve-te-shkarkuara-provoni-te-me-padisni-dhe-do-tju-q-ropt-e-tju-vras\/#breadcrumb"},"inLanguage":"sq-AL","potentialAction":[{"@type":"ReadAction","target":["https:\/\/fjala.info\/2009-2015\/florenc-hoxha-inspektoreve-te-shkarkuara-provoni-te-me-padisni-dhe-do-tju-q-ropt-e-tju-vras\/"]}]},{"@type":"ImageObject","inLanguage":"sq-AL","@id":"https:\/\/fjala.info\/2009-2015\/florenc-hoxha-inspektoreve-te-shkarkuara-provoni-te-me-padisni-dhe-do-tju-q-ropt-e-tju-vras\/#primaryimage","url":"http:\/\/www.shkoder.net\/images\/fjala\/2011\/sms_florenc_hoxha.jpg","contentUrl":"http:\/\/www.shkoder.net\/images\/fjala\/2011\/sms_florenc_hoxha.jpg"},{"@type":"BreadcrumbList","@id":"https:\/\/fjala.info\/2009-2015\/florenc-hoxha-inspektoreve-te-shkarkuara-provoni-te-me-padisni-dhe-do-tju-q-ropt-e-tju-vras\/#breadcrumb","itemListElement":[{"@type":"ListItem","position":1,"name":"Home","item":"https:\/\/fjala.info\/2009-2015\/"},{"@type":"ListItem","position":2,"name":"Florenc Hoxha inspektoreve t\u00eb shkarkuara: Provoni t\u00eb m\u00eb padisni dhe do t\u2019ju q\u2026 ropt e t\u2019ju vras"}]},{"@type":"WebSite","@id":"https:\/\/fjala.info\/2009-2015\/#website","url":"https:\/\/fjala.info\/2009-2015\/","name":"FjALA e LIR\u00cb - Arkivi","description":"Arkivi 2009-2015","publisher":{"@id":"https:\/\/fjala.info\/2009-2015\/#organization"},"potentialAction":[{"@type":"SearchAction","target":{"@type":"EntryPoint","urlTemplate":"https:\/\/fjala.info\/2009-2015\/?s={search_term_string}"},"query-input":{"@type":"PropertyValueSpecification","valueRequired":true,"valueName":"search_term_string"}}],"inLanguage":"sq-AL"},{"@type":"Organization","@id":"https:\/\/fjala.info\/2009-2015\/#organization","name":"FjALA e LIR\u00cb - Arkivi","url":"https:\/\/fjala.info\/2009-2015\/","logo":{"@type":"ImageObject","inLanguage":"sq-AL","@id":"https:\/\/fjala.info\/2009-2015\/#\/schema\/logo\/image\/","url":"","contentUrl":"","caption":"FjALA e LIR\u00cb - Arkivi"},"image":{"@id":"https:\/\/fjala.info\/2009-2015\/#\/schema\/logo\/image\/"}},{"@type":"Person","@id":"https:\/\/fjala.info\/2009-2015\/#\/schema\/person\/3aa1163ef05469c496fc94e77611ada2","name":"admin","image":{"@type":"ImageObject","inLanguage":"sq-AL","@id":"https:\/\/fjala.info\/2009-2015\/wp-content\/uploads\/2012\/02\/arben_cokaj-120x150.jpg","url":"https:\/\/fjala.info\/2009-2015\/wp-content\/uploads\/2012\/02\/arben_cokaj-120x150.jpg","contentUrl":"https:\/\/fjala.info\/2009-2015\/wp-content\/uploads\/2012\/02\/arben_cokaj-120x150.jpg","caption":"admin"},"description":"Admin, Fjala e Lir\u00eb","sameAs":["https:\/\/fjala.info\/"],"url":"https:\/\/fjala.info\/2009-2015\/author\/admin\/"}]}},"_links":{"self":[{"href":"https:\/\/fjala.info\/2009-2015\/wp-json\/wp\/v2\/posts\/10503","targetHints":{"allow":["GET"]}}],"collection":[{"href":"https:\/\/fjala.info\/2009-2015\/wp-json\/wp\/v2\/posts"}],"about":[{"href":"https:\/\/fjala.info\/2009-2015\/wp-json\/wp\/v2\/types\/post"}],"author":[{"embeddable":true,"href":"https:\/\/fjala.info\/2009-2015\/wp-json\/wp\/v2\/users\/1"}],"replies":[{"embeddable":true,"href":"https:\/\/fjala.info\/2009-2015\/wp-json\/wp\/v2\/comments?post=10503"}],"version-history":[{"count":0,"href":"https:\/\/fjala.info\/2009-2015\/wp-json\/wp\/v2\/posts\/10503\/revisions"}],"wp:attachment":[{"href":"https:\/\/fjala.info\/2009-2015\/wp-json\/wp\/v2\/media?parent=10503"}],"wp:term":[{"taxonomy":"category","embeddable":true,"href":"https:\/\/fjala.info\/2009-2015\/wp-json\/wp\/v2\/categories?post=10503"},{"taxonomy":"post_tag","embeddable":true,"href":"https:\/\/fjala.info\/2009-2015\/wp-json\/wp\/v2\/tags?post=10503"}],"curies":[{"name":"wp","href":"https:\/\/api.w.org\/{rel}","templated":true}]}}