{"id":1050,"date":"2012-01-10T23:38:21","date_gmt":"2012-01-10T22:38:21","guid":{"rendered":"http:\/\/fjala.shkoder.net\/?p=1050"},"modified":"2012-01-10T23:38:21","modified_gmt":"2012-01-10T22:38:21","slug":"ambasadori-i-danimarkes-miku-rebel-i-shqiptareve","status":"publish","type":"post","link":"https:\/\/fjala.info\/2009-2015\/ambasadori-i-danimarkes-miku-rebel-i-shqiptareve\/","title":{"rendered":"Ambasadori i Danimark\u00ebs, miku \u2018rebel\u2019 i shqiptar\u00ebve"},"content":{"rendered":"<p><img decoding=\"async\" class=\"alignright size-thumbnail wp-image-7236\" title=\"Karsten Ankj\u00e6r Jensen\" src=\"http:\/\/www.shkoder.net\/images\/fjala\/2011\/karsten_ankjaer_jensen.jpg\" alt=\"\" width=\"300\" \/> Nga <strong>Artan Mullaj<\/strong>, <em>9 Janar 2012<\/em><\/p>\n<p>Ambasadori Jensen i Danimark\u00ebs b\u00ebri nj\u00eb hap tjet\u00ebr t\u00eb r\u00ebnd\u00ebsish\u00ebm n\u00eb konsolidimin e zakonit t\u00eb t\u00eb th\u00ebnit \u201ctro\u00e7\u201d t\u00eb gj\u00ebrave, nd\u00ebrsa n\u00eb intervist\u00ebn e radh\u00ebs, synoi t\u00eb shp\u00ebrndaj\u00eb me modesti mjegull\u00ebn shqiptare t\u00eb gj\u00ebrave. Sepse Danimarka ka presidenc\u00ebn e radh\u00ebs, finesa e interpretimeve t\u00eb tij k\u00ebt\u00eb her\u00eb pati shk\u00eblqimin rr\u00ebz\u00ebllit\u00ebs t\u00eb pushtetit t\u00eb ri e t\u00eb sh\u00ebndetsh\u00ebm q\u00eb ky ambasador p\u00ebrfaq\u00ebson p\u00ebr shqiptar\u00ebt e thjesht\u00eb.<\/p>\n<p>Duke qen\u00eb i drejtp\u00ebrdrejt\u00eb, p\u00ebrtej etik\u00ebs diplomatike q\u00eb kufizon zakonisht nj\u00eb zyrtar per\u00ebndimor n\u00eb Shqip\u00ebri, ai tregoi se ndodhet pran\u00eb vendimit p\u00ebr t\u00eb ndihmuar k\u00ebt\u00eb vend konkretisht, duke leht\u00ebsuar kuptimin e gj\u00ebrave. Leht\u00ebsi p\u00ebr krijimin psikologjik t\u00eb institucionit t\u00eb s\u00eb v\u00ebrtet\u00ebs, q\u00eb nuk ka ekzistuar kurr\u00eb n\u00eb tranzicion. Ky \u00ebsht\u00eb konstatimi dhe kjo gj\u00eb shpjegon strategjin\u00eb modeste t\u00eb nj\u00eb zyrtari europian p\u00ebr t\u00eb ndihmuar shqiptar\u00ebt t\u00eb kuptojn\u00eb se demokracia nuk mund t\u00eb funksionoj\u00eb pa drejt\u00ebsin\u00eb, se drejt\u00ebsia nuk mund t\u00eb ekzistoj\u00eb pa lirin\u00eb, se liria nuk mund t\u00eb fitohet pa hedhur drit\u00eb mbi t\u00eb v\u00ebrtet\u00ebn.<\/p>\n<p>E v\u00ebrteta, si koncept, ka kurthet e veta. Perceptimi i saj nuk mund t\u00eb krijohet ve\u00e7se p\u00ebrmes ngjarjeve q\u00eb mbeten p\u00ebrgjithmon\u00eb n\u00eb memorien e nj\u00eb kombi. T\u00eb gjith\u00eb e dim\u00eb se \u00e7far\u00eb ng\u00ebr\u00e7i historik krijuan dhe sa fatale \u00ebsht\u00eb sot pamund\u00ebsia p\u00ebr tu fshir\u00eb nga kujtesa kolektive e v\u00ebrteta p\u00ebr ngjarjet makabre t\u00eb tranzicionit: Viti 97, G\u00ebrdeci, e sidomos 21 Janari. N\u00ebse nuk ndri\u00e7ohen k\u00ebto ngjarje, t\u00eb v\u00ebrtetat e tyre, n\u00eb Shqip\u00ebri do t\u00eb sundojn\u00eb p\u00ebrgjithmon\u00eb demagogjia dhe perversiteti.<\/p>\n<p>21 Janari! Mbase ambasadori i nderuar parandjen qet\u00ebsin\u00eb para nj\u00eb furtune shpirt\u00ebrore n\u00eb 21 Janar. Mund t\u00eb ket\u00eb nj\u00eb protest\u00eb opozitare ose jo! Mund t\u00eb gj\u00ebmoj\u00eb qielli dhe t\u00eb shkarkohen rrufet\u00eb, ose dielli t\u00eb ndrij\u00eb n\u00eb Tiran\u00eb! Mund t\u00eb jemi nj\u00eb model i pashembullt i zhvillimit ekonomik n\u00eb planet, si nj\u00eb lajm spektakolar i ekraneve t\u00eb pushtetit, pik\u00ebrisht k\u00ebt\u00eb dat\u00eb. Ose mund t\u00eb mos ndodh\u00eb asgj\u00eb at\u00eb p\u00ebrvjetor. Por n\u00ebse ndodh, \u00e7far\u00ebdo q\u00eb t\u00eb ndodh\u00eb, asgj\u00eb nuk do mund t\u00eb ndaloj\u00eb rebelimin shpirt\u00ebror, rebelimin e pafajsh\u00ebm, rebelimin njer\u00ebzor t\u00eb qytetar\u00ebve t\u00eb thjesht\u00eb p\u00ebr njer\u00ebzit e vrar\u00eb n\u00eb shesh nj\u00eb vit m\u00eb par\u00eb. Ky \u00ebsht\u00eb nj\u00eb nj\u00eb p\u00ebrvjetor i kobsh\u00ebm, q\u00eb do ndri\u00e7oj\u00eb qet\u00ebsisht t\u00eb v\u00ebrtet\u00ebn se ky vend \u00ebsht\u00eb i m\u00ebrzitur dhe i trazuar.<\/p>\n<p>Edhe pa interferimin e natyr\u00ebs, edhe me kund\u00ebrshtin\u00eb mediatike t\u00eb mediave proqeveritare, nj\u00eb stuhi do t\u00eb shp\u00ebrthej\u00eb n\u00eb 21 janar, e heshtur dhe n\u00eb form\u00ebn e vrasjes s\u00eb nd\u00ebrgjegjes s\u00eb nj\u00eb populli t\u00eb gjakosur nga shteti me arm\u00eb\u2026 Ambasadori e di, ambasador\u00ebt e din\u00eb, kryeministri e di, t\u00eb gjith\u00eb shqiptar\u00ebt e din\u00eb, se 21 Janari nuk mund t\u00eb jet\u00eb nj\u00eb dit\u00eb e g\u00ebzueshme. Engj\u00ebjt e d\u00ebshp\u00ebrimit do t\u00eb v\u00ebrtiten n\u00eb sheshet e Tiran\u00ebs k\u00ebt\u00eb dit\u00eb. Atje, n\u00eb sheshin e frym\u00ebs s\u00eb fundit, para kryeministris\u00eb, n\u00eb p\u00ebrfytyrim, n\u00eb gjall\u00ebrimin e p\u00ebrshpirtsh\u00ebm t\u00eb kujtes\u00ebs, do t\u00eb jen\u00eb shpirtrat e pa qet\u00eb t\u00eb t\u00eb vrar\u00ebve, p\u00ebr t\u00eb na ndri\u00e7uar neve, dhe gjith\u00eb ambasador\u00ebve t\u00eb huaj t\u00eb v\u00ebrtet\u00ebn p\u00ebr pafaj\u00ebsin\u00eb e tyre si edhe t\u00eb v\u00ebrtet\u00ebn p\u00ebr dhun\u00ebn e shtetit vras\u00ebs q\u00eb i ndau ata nga kjo bot\u00eb.<\/p>\n<p>* * *<\/p>\n<p>Nj\u00eb prirje kolektive n\u00eb Shqip\u00ebri p\u00ebr t\u00eb marr\u00eb seriozisht mesazhet e diplomatit danez, pik\u00ebrisht p\u00ebr shkak t\u00eb nevoj\u00ebs urgjente t\u00eb vler\u00ebsimit t\u00eb situat\u00ebs komplekse n\u00eb Shqip\u00ebri, do t\u00eb ishte, natyrisht, nj\u00eb lajm i mir\u00eb. Kjo do t\u00eb ndihmonte t\u00eb kuptohej se kompleksiteti publik z\u00eb fill pik\u00ebrisht tek \u00e7oroditja q\u00eb sjell \u201cdiktatura e faktit t\u00eb kryer\u201d si kund\u00ebr citon kryetari i opozit\u00ebs Edi Rama. Kjo diktatur\u00eb, e cila sundon realisht n\u00eb Shqip\u00ebri n\u00ebp\u00ebrmjet kapjes s\u00eb institucioneve, \u00ebsht\u00eb sfida e pushtetit t\u00eb nj\u00eb pushtetit q\u00eb buron pik\u00ebrisht jo nga respektimi, por nga shkelja e ligjeve.<\/p>\n<p>Pavar\u00ebsia nga pushteti i institucioneve demokratike, sipas ambasadorit brilant, pik\u00ebrisht kjo gj\u00eb, do t\u00eb lajm\u00ebronte fillimin e nj\u00eb demokracie funksionale n\u00eb vend<\/p>\n<p>Diplomacia pa diplomaci q\u00eb ka p\u00ebrdorur zoti ambasador p\u00ebr th\u00ebnien e t\u00eb v\u00ebrtetave, i ka shtuar nj\u00eb vler\u00eb m\u00eb shum\u00eb diplomacis\u00eb per\u00ebndimore n\u00eb Shqip\u00ebri, aq m\u00eb shum\u00eb q\u00eb duket se ai le t\u00eb hapur ftes\u00ebn q\u00eb edhe ambasador\u00eb t\u00eb tjer\u00eb t\u00eb kontribuojn\u00eb nj\u00eblloj me th\u00ebnien \u201ctro\u00e7\u201d t\u00eb gj\u00ebrave. T\u00eb kontribuojn\u00eb t\u00eb kuptohet q\u00eb Shqip\u00ebria nuk ka demokraci reale dhe as \u00ebsht\u00eb superfuqi ekonomike, si thuhet. Q\u00eb ky vend i korruptuar nuk ka drejt\u00ebsi dhe as shum\u00eb mund\u00ebsi p\u00ebr gjithk\u00ebnd. Q\u00eb k\u00ebtu nuk b\u00ebhen zgjedhje t\u00eb lira dhe votat vidhen n\u00eb drit\u00ebn e diellit. Q\u00eb Bashkia e Tiran\u00ebs u rr\u00ebmbye me thonj. Q\u00eb e ardhmja do t\u00eb jet\u00eb m\u00eb e v\u00ebshtir\u00eb se kaq. Kjo do t\u00eb ndihmonte n\u00eb shp\u00ebrndarjen e mjegull\u00ebs s\u00eb krijuar.<\/p>\n<p>Sepse kan\u00eb rolin e tyre dhe p\u00ebrgjegj\u00ebsin\u00eb e tyre n\u00eb krijimin e k\u00ebsaj mjegulle, nd\u00ebrsa deri tani me heshtjen e tyre jo rrall\u00eb kan\u00eb ushqyer paqart\u00ebsin\u00eb, kujdesi i tepruar nga per\u00ebndimoret p\u00ebr ngjarjet e m\u00ebdha kobzeza t\u00eb shqiptar\u00ebve deri tani, duhet reduktuar n\u00eb t\u00eb ardhmen. Se sa dashamir\u00ebs do jet\u00eb ekipi nd\u00ebrkomb\u00ebtar i diplomat\u00ebve me Shqip\u00ebrin\u00eb, kjo do t\u00eb duket s\u00eb af\u00ebrmi, me q\u00ebndrimin e tyre n\u00eb \u00e7\u00ebshtje t\u00eb r\u00ebnd\u00ebsishme, si\u00e7 \u00ebsht\u00eb zgjedhja e presidentit.<\/p>\n<p>Prova e presidentit t\u00eb ardhsh\u00ebm, q\u00eb do t\u00eb jet\u00eb nj\u00eb \u201csprov\u00eb\u201d p\u00ebr politikan\u00ebt shqiptar\u00eb, do t\u00eb mund t\u00eb qart\u00ebsoj\u00eb gjithashtu, n\u00ebse pastrimi i imazhit t\u00eb Shqip\u00ebris\u00eb, por edhe i moralit t\u00eb tyre, do t\u00eb ket\u00eb nj\u00eb fillim realisht, por jo vet\u00ebm. Ka nj\u00eb pritshm\u00ebri q\u00eb nd\u00ebrkomb\u00ebtar\u00ebt t\u00eb ndryshojn\u00eb m\u00ebnyr\u00ebn e t\u00eb menduarit t\u00eb tyre, t\u00eb pakt\u00ebn n\u00eb q\u00ebndrimin ndaj k\u00ebsaj \u00e7\u00ebshtje, \u00e7ka do t\u2019i ver\u00eb nj\u00eb kufi t\u00eb shkuar\u00ebs s\u00eb d\u00ebshtuar dhe reformave t\u00eb tyre diplomatike me t\u00eb cilat kan\u00eb operuar n\u00eb Shqip\u00ebri.<\/p>\n<p>\u00cbsht\u00eb e ngutshme q\u00eb nd\u00ebrkomb\u00ebtar\u00ebt t\u00eb kristalizojn\u00eb veprimet e tyre n\u00eb Shqip\u00ebri. Duhet t\u00eb thon\u00eb tro\u00e7 edhe thjesht m\u00eb n\u00eb fund, \u00e7far\u00eb ata mendojn\u00eb p\u00ebr politikan\u00ebt tan\u00eb. T\u00eb na thon\u00eb, a mendojn\u00eb ata se politikan\u00ebt fodull\u00eb t\u00eb Shqip\u00ebris\u00eb e kan\u00eb n\u00eb axhend\u00ebn e interesave t\u00eb tyre an\u00ebtar\u00ebsimin ton\u00eb n\u00eb Europ\u00eb, apo interesat e tyre private bien ndesh me k\u00ebt\u00eb. A i intereson sipas tyre politik\u00ebs shqiptare kjo gj\u00eb? A duan vet\u00eb shqiptar\u00ebt t\u00eb jen\u00eb pjes\u00eb e per\u00ebndimit dhe kultur\u00ebs europiane. N\u00ebse realisht duan, a do mund t\u00eb jen\u00eb ndonj\u00ebher\u00eb t\u00eb denj\u00eb ata p\u00ebr t\u2019ju dh\u00ebn\u00eb dora n\u00eb fund. Ambasador\u00ebt nuk jan\u00eb t\u00eb detyruar t\u00eb shpjegohen p\u00ebr gj\u00ebra t\u00eb tilla, madje kjo nuk \u00ebsht\u00eb puna e tyre, megjithat\u00eb ata duhet t\u00eb \u201ckrisht\u00ebrojn\u00eb\u201d q\u00ebndrimet e tyre p\u00ebrball\u00eb m\u00ebnyr\u00ebs primitive t\u00eb qeverisjes s\u00eb shqiptar\u00ebve.<\/p>\n<p>T\u00eb ngren\u00eb gishtin drejt fajtor\u00ebve vras\u00ebs t\u00eb G\u00ebrdecit dhe 21 janarit. T\u00eb kritikojn\u00eb hapur qeverin\u00eb p\u00ebr korrupsionin dhe kapjen e institucioneve. Po nuk e b\u00ebn\u00eb k\u00ebt\u00eb, \u00e7\u2019mbetet t\u00eb b\u00ebjn\u00eb? T\u00eb heqin dor\u00eb nga p\u00ebrgjith\u00ebsimet diplomatike, prej t\u00eb cilave nuk laget, nuk nd\u00ebshkohet dhe nuk mb\u00ebshtetet askush. T\u00eb na thon\u00eb se sa shum\u00eb gabojm\u00eb ne shqiptaret kur pikojm\u00eb mes bindjeve tona se ky vend nuk ka shpres\u00eb t\u00eb b\u00ebhet ndonj\u00ebher\u00eb, me k\u00ebta dhe ata. T\u00eb na thon\u00eb q\u00eb, po, keni krejt\u00ebsisht t\u00eb drejt\u00ebn e zotit t\u00eb shpresoni m\u00eb t\u00eb mir\u00ebn e f\u00ebmij\u00ebve tuaj. Ose, ngaq\u00eb n\u00eb Shqip\u00ebri kan\u00eb nj\u00eb p\u00ebrmas\u00eb t\u00eb p\u00ebrzotshme, t\u00eb na thon\u00eb me kurajo t\u00eb kund\u00ebrt\u00ebn. Njer\u00ebz, v\u00ebshtir\u00eb t\u00eb b\u00ebhet ky vend. T\u00eb tundin kamban\u00ebn. Pse jo, t\u00eb ul\u00ebrijn\u00eb! Shpresa nuk ka! Po korrni \u00e7far\u00eb vet\u00eb mboll\u00ebt n\u00eb 91-shin, o njer\u00ebz! Sali Berish\u00ebn!<\/p>\n<p>Ambasadori danez p\u00ebrmendi n\u00eb intervist\u00ebn e zymt\u00eb rreg\u00ebtimin e nj\u00eb shpres\u00eb t\u00eb vog\u00ebl. Duke p\u00ebrmendur bashkin\u00eb e Kor\u00e7\u00ebs si model zhvillimi p\u00ebr bashkit\u00eb e tjera, nd\u00ebrsa n\u00eb Tiran\u00eb \u201cMonaliza nuk buz\u00ebqesh por zg\u00ebrdhihet\u201d, mbase diplomat\u00ebt e tjer\u00eb do ndihen t\u00eb ftuar. T\u00eb thon\u00eb at\u00eb cka mendojn\u00eb realisht. \u00c7far\u00eb mendon realisht zoti Arvizu p\u00ebr fatin e shqiptar\u00ebve? Psh, a do t\u00eb kish vullnet Arvizuja dhe t\u00eb tjer\u00ebt t\u00eb na ngush\u00ebllonin hapur me diplomacin\u00eb dhe shpres\u00ebn se pas \u201cshuarjes s\u00eb diellit\u201d, mund t\u00eb ngrohesh edhe nga yjet e nat\u00ebs?\u2026.<\/p>\n<p>Mendimi se per\u00ebndimor\u00ebt kan\u00eb d\u00ebshtuar deri tani me Shqip\u00ebrin\u00eb, p\u00ebr shkaqe q\u00eb ata vet\u00eb i din\u00eb ose nuk i din\u00eb, d\u00ebshmi e s\u00eb cil\u00ebs \u00ebsht\u00eb mosth\u00ebnia tro\u00e7 e gj\u00ebrave dhe mjegulla e dendur mbi Shqip\u00ebri dhe mbi \u00e7atit\u00eb e tyre, po shnd\u00ebrrohet gjithnj\u00eb e m\u00eb shum\u00eb n\u00eb nj\u00eb perceptim shoq\u00ebror\u2026 Rreth tyre ngrihen dilema. Koha t\u00eb ndryshojn\u00eb. Si nj\u00eb qytetar i thjesht\u00eb i k\u00ebtij vendi, si nj\u00eb shqiptar, si nj\u00eb njeri q\u00eb nes\u00ebr europian\u00ebve mund tju duket i \u00e7uditsh\u00ebm, sic citon ambasadori danez, preferoj ti kushtoj v\u00ebmendje k\u00ebtyre ambasador\u00ebve, duke i kujtuar atyre r\u00ebnd\u00ebsin\u00eb dhe fuqin\u00eb e s\u00eb v\u00ebrtet\u00ebs. Preferoj ti kushtoj mir\u00ebnjohje zotit ambasador t\u00eb Danimark\u00ebs, p\u00ebr ndihm\u00ebn q\u00eb ai na jep t\u00eb gjith\u00ebve, q\u00eb ne, mos jemi \u201ct\u00eb \u00e7uditshmit\u201d n\u00eb mes t\u00eb Europ\u00ebs, as \u201ct\u00eb \u00e7mendurit\u201d n\u00eb zem\u00ebr t\u00eb saj, por an\u00ebtar\u00eb t\u00eb denj\u00eb t\u00eb nj\u00eb bashk\u00ebsie ku sundon demokracia liberale dhe ku mbase meritojm\u00eb t\u00eb jemi pjes\u00eb e s\u00eb t\u00ebr\u00ebs.<\/p>\n","protected":false},"excerpt":{"rendered":"<p>Nga Artan Mullaj, 9 Janar 2012 Ambasadori Jensen i Danimark\u00ebs b\u00ebri nj\u00eb hap tjet\u00ebr t\u00eb r\u00ebnd\u00ebsish\u00ebm n\u00eb konsolidimin e zakonit t\u00eb t\u00eb th\u00ebnit \u201ctro\u00e7\u201d t\u00eb gj\u00ebrave, nd\u00ebrsa n\u00eb intervist\u00ebn e radh\u00ebs, synoi t\u00eb shp\u00ebrndaj\u00eb me modesti mjegull\u00ebn shqiptare t\u00eb gj\u00ebrave. Sepse Danimarka ka presidenc\u00ebn e radh\u00ebs, finesa e interpretimeve t\u00eb tij k\u00ebt\u00eb her\u00eb pati shk\u00eblqimin [&hellip;]<\/p>\n","protected":false},"author":1,"featured_media":0,"comment_status":"open","ping_status":"closed","sticky":false,"template":"","format":"standard","meta":{"footnotes":""},"categories":[2],"tags":[],"class_list":{"0":"post-1050","1":"post","2":"type-post","3":"status-publish","4":"format-standard","6":"category-artikuj"},"yoast_head":"<!-- This site is optimized with the Yoast SEO plugin v27.4 - https:\/\/yoast.com\/product\/yoast-seo-wordpress\/ -->\n<title>Ambasadori i Danimark\u00ebs, miku \u2018rebel\u2019 i shqiptar\u00ebve - FjALA e LIR\u00cb - Arkivi<\/title>\n<meta name=\"robots\" content=\"index, follow, max-snippet:-1, max-image-preview:large, max-video-preview:-1\" \/>\n<link rel=\"canonical\" href=\"https:\/\/fjala.info\/2009-2015\/ambasadori-i-danimarkes-miku-rebel-i-shqiptareve\/\" \/>\n<meta property=\"og:locale\" content=\"sq_AL\" \/>\n<meta property=\"og:type\" content=\"article\" \/>\n<meta property=\"og:title\" content=\"Ambasadori i Danimark\u00ebs, miku \u2018rebel\u2019 i shqiptar\u00ebve - FjALA e LIR\u00cb - Arkivi\" \/>\n<meta property=\"og:description\" content=\"Nga Artan Mullaj, 9 Janar 2012 Ambasadori Jensen i Danimark\u00ebs b\u00ebri nj\u00eb hap tjet\u00ebr t\u00eb r\u00ebnd\u00ebsish\u00ebm n\u00eb konsolidimin e zakonit t\u00eb t\u00eb th\u00ebnit \u201ctro\u00e7\u201d t\u00eb gj\u00ebrave, nd\u00ebrsa n\u00eb intervist\u00ebn e radh\u00ebs, synoi t\u00eb shp\u00ebrndaj\u00eb me modesti mjegull\u00ebn shqiptare t\u00eb gj\u00ebrave. Sepse Danimarka ka presidenc\u00ebn e radh\u00ebs, finesa e interpretimeve t\u00eb tij k\u00ebt\u00eb her\u00eb pati shk\u00eblqimin [&hellip;]\" \/>\n<meta property=\"og:url\" content=\"https:\/\/fjala.info\/2009-2015\/ambasadori-i-danimarkes-miku-rebel-i-shqiptareve\/\" \/>\n<meta property=\"og:site_name\" content=\"FjALA e LIR\u00cb - Arkivi\" \/>\n<meta property=\"article:published_time\" content=\"2012-01-10T22:38:21+00:00\" \/>\n<meta property=\"og:image\" content=\"http:\/\/www.shkoder.net\/images\/fjala\/2011\/karsten_ankjaer_jensen.jpg\" \/>\n<meta name=\"author\" content=\"admin\" \/>\n<meta name=\"twitter:card\" content=\"summary_large_image\" \/>\n<meta name=\"twitter:label1\" content=\"Written by\" \/>\n\t<meta name=\"twitter:data1\" content=\"admin\" \/>\n\t<meta name=\"twitter:label2\" content=\"Est. reading time\" \/>\n\t<meta name=\"twitter:data2\" content=\"9 minutes\" \/>\n<script type=\"application\/ld+json\" class=\"yoast-schema-graph\">{\"@context\":\"https:\\\/\\\/schema.org\",\"@graph\":[{\"@type\":\"Article\",\"@id\":\"https:\\\/\\\/fjala.info\\\/2009-2015\\\/ambasadori-i-danimarkes-miku-rebel-i-shqiptareve\\\/#article\",\"isPartOf\":{\"@id\":\"https:\\\/\\\/fjala.info\\\/2009-2015\\\/ambasadori-i-danimarkes-miku-rebel-i-shqiptareve\\\/\"},\"author\":{\"name\":\"admin\",\"@id\":\"https:\\\/\\\/fjala.info\\\/2009-2015\\\/#\\\/schema\\\/person\\\/3aa1163ef05469c496fc94e77611ada2\"},\"headline\":\"Ambasadori i Danimark\u00ebs, miku \u2018rebel\u2019 i shqiptar\u00ebve\",\"datePublished\":\"2012-01-10T22:38:21+00:00\",\"mainEntityOfPage\":{\"@id\":\"https:\\\/\\\/fjala.info\\\/2009-2015\\\/ambasadori-i-danimarkes-miku-rebel-i-shqiptareve\\\/\"},\"wordCount\":1713,\"commentCount\":0,\"publisher\":{\"@id\":\"https:\\\/\\\/fjala.info\\\/2009-2015\\\/#organization\"},\"image\":{\"@id\":\"https:\\\/\\\/fjala.info\\\/2009-2015\\\/ambasadori-i-danimarkes-miku-rebel-i-shqiptareve\\\/#primaryimage\"},\"thumbnailUrl\":\"http:\\\/\\\/www.shkoder.net\\\/images\\\/fjala\\\/2011\\\/karsten_ankjaer_jensen.jpg\",\"articleSection\":[\"Artikuj\"],\"inLanguage\":\"sq-AL\",\"potentialAction\":[{\"@type\":\"CommentAction\",\"name\":\"Comment\",\"target\":[\"https:\\\/\\\/fjala.info\\\/2009-2015\\\/ambasadori-i-danimarkes-miku-rebel-i-shqiptareve\\\/#respond\"]}]},{\"@type\":\"WebPage\",\"@id\":\"https:\\\/\\\/fjala.info\\\/2009-2015\\\/ambasadori-i-danimarkes-miku-rebel-i-shqiptareve\\\/\",\"url\":\"https:\\\/\\\/fjala.info\\\/2009-2015\\\/ambasadori-i-danimarkes-miku-rebel-i-shqiptareve\\\/\",\"name\":\"Ambasadori i Danimark\u00ebs, miku \u2018rebel\u2019 i shqiptar\u00ebve - FjALA e LIR\u00cb - Arkivi\",\"isPartOf\":{\"@id\":\"https:\\\/\\\/fjala.info\\\/2009-2015\\\/#website\"},\"primaryImageOfPage\":{\"@id\":\"https:\\\/\\\/fjala.info\\\/2009-2015\\\/ambasadori-i-danimarkes-miku-rebel-i-shqiptareve\\\/#primaryimage\"},\"image\":{\"@id\":\"https:\\\/\\\/fjala.info\\\/2009-2015\\\/ambasadori-i-danimarkes-miku-rebel-i-shqiptareve\\\/#primaryimage\"},\"thumbnailUrl\":\"http:\\\/\\\/www.shkoder.net\\\/images\\\/fjala\\\/2011\\\/karsten_ankjaer_jensen.jpg\",\"datePublished\":\"2012-01-10T22:38:21+00:00\",\"breadcrumb\":{\"@id\":\"https:\\\/\\\/fjala.info\\\/2009-2015\\\/ambasadori-i-danimarkes-miku-rebel-i-shqiptareve\\\/#breadcrumb\"},\"inLanguage\":\"sq-AL\",\"potentialAction\":[{\"@type\":\"ReadAction\",\"target\":[\"https:\\\/\\\/fjala.info\\\/2009-2015\\\/ambasadori-i-danimarkes-miku-rebel-i-shqiptareve\\\/\"]}]},{\"@type\":\"ImageObject\",\"inLanguage\":\"sq-AL\",\"@id\":\"https:\\\/\\\/fjala.info\\\/2009-2015\\\/ambasadori-i-danimarkes-miku-rebel-i-shqiptareve\\\/#primaryimage\",\"url\":\"http:\\\/\\\/www.shkoder.net\\\/images\\\/fjala\\\/2011\\\/karsten_ankjaer_jensen.jpg\",\"contentUrl\":\"http:\\\/\\\/www.shkoder.net\\\/images\\\/fjala\\\/2011\\\/karsten_ankjaer_jensen.jpg\"},{\"@type\":\"BreadcrumbList\",\"@id\":\"https:\\\/\\\/fjala.info\\\/2009-2015\\\/ambasadori-i-danimarkes-miku-rebel-i-shqiptareve\\\/#breadcrumb\",\"itemListElement\":[{\"@type\":\"ListItem\",\"position\":1,\"name\":\"Home\",\"item\":\"https:\\\/\\\/fjala.info\\\/2009-2015\\\/\"},{\"@type\":\"ListItem\",\"position\":2,\"name\":\"Ambasadori i Danimark\u00ebs, miku \u2018rebel\u2019 i shqiptar\u00ebve\"}]},{\"@type\":\"WebSite\",\"@id\":\"https:\\\/\\\/fjala.info\\\/2009-2015\\\/#website\",\"url\":\"https:\\\/\\\/fjala.info\\\/2009-2015\\\/\",\"name\":\"FjALA e LIR\u00cb - Arkivi\",\"description\":\"Arkivi 2009-2015\",\"publisher\":{\"@id\":\"https:\\\/\\\/fjala.info\\\/2009-2015\\\/#organization\"},\"potentialAction\":[{\"@type\":\"SearchAction\",\"target\":{\"@type\":\"EntryPoint\",\"urlTemplate\":\"https:\\\/\\\/fjala.info\\\/2009-2015\\\/?s={search_term_string}\"},\"query-input\":{\"@type\":\"PropertyValueSpecification\",\"valueRequired\":true,\"valueName\":\"search_term_string\"}}],\"inLanguage\":\"sq-AL\"},{\"@type\":\"Organization\",\"@id\":\"https:\\\/\\\/fjala.info\\\/2009-2015\\\/#organization\",\"name\":\"FjALA e LIR\u00cb - Arkivi\",\"url\":\"https:\\\/\\\/fjala.info\\\/2009-2015\\\/\",\"logo\":{\"@type\":\"ImageObject\",\"inLanguage\":\"sq-AL\",\"@id\":\"https:\\\/\\\/fjala.info\\\/2009-2015\\\/#\\\/schema\\\/logo\\\/image\\\/\",\"url\":\"\",\"contentUrl\":\"\",\"caption\":\"FjALA e LIR\u00cb - Arkivi\"},\"image\":{\"@id\":\"https:\\\/\\\/fjala.info\\\/2009-2015\\\/#\\\/schema\\\/logo\\\/image\\\/\"}},{\"@type\":\"Person\",\"@id\":\"https:\\\/\\\/fjala.info\\\/2009-2015\\\/#\\\/schema\\\/person\\\/3aa1163ef05469c496fc94e77611ada2\",\"name\":\"admin\",\"image\":{\"@type\":\"ImageObject\",\"inLanguage\":\"sq-AL\",\"@id\":\"https:\\\/\\\/fjala.info\\\/2009-2015\\\/wp-content\\\/uploads\\\/2012\\\/02\\\/arben_cokaj-120x150.jpg\",\"url\":\"https:\\\/\\\/fjala.info\\\/2009-2015\\\/wp-content\\\/uploads\\\/2012\\\/02\\\/arben_cokaj-120x150.jpg\",\"contentUrl\":\"https:\\\/\\\/fjala.info\\\/2009-2015\\\/wp-content\\\/uploads\\\/2012\\\/02\\\/arben_cokaj-120x150.jpg\",\"caption\":\"admin\"},\"description\":\"Admin, Fjala e Lir\u00eb\",\"sameAs\":[\"https:\\\/\\\/fjala.info\\\/\"],\"url\":\"https:\\\/\\\/fjala.info\\\/2009-2015\\\/author\\\/admin\\\/\"}]}<\/script>\n<!-- \/ Yoast SEO plugin. -->","yoast_head_json":{"title":"Ambasadori i Danimark\u00ebs, miku \u2018rebel\u2019 i shqiptar\u00ebve - FjALA e LIR\u00cb - Arkivi","robots":{"index":"index","follow":"follow","max-snippet":"max-snippet:-1","max-image-preview":"max-image-preview:large","max-video-preview":"max-video-preview:-1"},"canonical":"https:\/\/fjala.info\/2009-2015\/ambasadori-i-danimarkes-miku-rebel-i-shqiptareve\/","og_locale":"sq_AL","og_type":"article","og_title":"Ambasadori i Danimark\u00ebs, miku \u2018rebel\u2019 i shqiptar\u00ebve - FjALA e LIR\u00cb - Arkivi","og_description":"Nga Artan Mullaj, 9 Janar 2012 Ambasadori Jensen i Danimark\u00ebs b\u00ebri nj\u00eb hap tjet\u00ebr t\u00eb r\u00ebnd\u00ebsish\u00ebm n\u00eb konsolidimin e zakonit t\u00eb t\u00eb th\u00ebnit \u201ctro\u00e7\u201d t\u00eb gj\u00ebrave, nd\u00ebrsa n\u00eb intervist\u00ebn e radh\u00ebs, synoi t\u00eb shp\u00ebrndaj\u00eb me modesti mjegull\u00ebn shqiptare t\u00eb gj\u00ebrave. Sepse Danimarka ka presidenc\u00ebn e radh\u00ebs, finesa e interpretimeve t\u00eb tij k\u00ebt\u00eb her\u00eb pati shk\u00eblqimin [&hellip;]","og_url":"https:\/\/fjala.info\/2009-2015\/ambasadori-i-danimarkes-miku-rebel-i-shqiptareve\/","og_site_name":"FjALA e LIR\u00cb - Arkivi","article_published_time":"2012-01-10T22:38:21+00:00","og_image":[{"url":"http:\/\/www.shkoder.net\/images\/fjala\/2011\/karsten_ankjaer_jensen.jpg","type":"","width":"","height":""}],"author":"admin","twitter_card":"summary_large_image","twitter_misc":{"Written by":"admin","Est. reading time":"9 minutes"},"schema":{"@context":"https:\/\/schema.org","@graph":[{"@type":"Article","@id":"https:\/\/fjala.info\/2009-2015\/ambasadori-i-danimarkes-miku-rebel-i-shqiptareve\/#article","isPartOf":{"@id":"https:\/\/fjala.info\/2009-2015\/ambasadori-i-danimarkes-miku-rebel-i-shqiptareve\/"},"author":{"name":"admin","@id":"https:\/\/fjala.info\/2009-2015\/#\/schema\/person\/3aa1163ef05469c496fc94e77611ada2"},"headline":"Ambasadori i Danimark\u00ebs, miku \u2018rebel\u2019 i shqiptar\u00ebve","datePublished":"2012-01-10T22:38:21+00:00","mainEntityOfPage":{"@id":"https:\/\/fjala.info\/2009-2015\/ambasadori-i-danimarkes-miku-rebel-i-shqiptareve\/"},"wordCount":1713,"commentCount":0,"publisher":{"@id":"https:\/\/fjala.info\/2009-2015\/#organization"},"image":{"@id":"https:\/\/fjala.info\/2009-2015\/ambasadori-i-danimarkes-miku-rebel-i-shqiptareve\/#primaryimage"},"thumbnailUrl":"http:\/\/www.shkoder.net\/images\/fjala\/2011\/karsten_ankjaer_jensen.jpg","articleSection":["Artikuj"],"inLanguage":"sq-AL","potentialAction":[{"@type":"CommentAction","name":"Comment","target":["https:\/\/fjala.info\/2009-2015\/ambasadori-i-danimarkes-miku-rebel-i-shqiptareve\/#respond"]}]},{"@type":"WebPage","@id":"https:\/\/fjala.info\/2009-2015\/ambasadori-i-danimarkes-miku-rebel-i-shqiptareve\/","url":"https:\/\/fjala.info\/2009-2015\/ambasadori-i-danimarkes-miku-rebel-i-shqiptareve\/","name":"Ambasadori i Danimark\u00ebs, miku \u2018rebel\u2019 i shqiptar\u00ebve - FjALA e LIR\u00cb - Arkivi","isPartOf":{"@id":"https:\/\/fjala.info\/2009-2015\/#website"},"primaryImageOfPage":{"@id":"https:\/\/fjala.info\/2009-2015\/ambasadori-i-danimarkes-miku-rebel-i-shqiptareve\/#primaryimage"},"image":{"@id":"https:\/\/fjala.info\/2009-2015\/ambasadori-i-danimarkes-miku-rebel-i-shqiptareve\/#primaryimage"},"thumbnailUrl":"http:\/\/www.shkoder.net\/images\/fjala\/2011\/karsten_ankjaer_jensen.jpg","datePublished":"2012-01-10T22:38:21+00:00","breadcrumb":{"@id":"https:\/\/fjala.info\/2009-2015\/ambasadori-i-danimarkes-miku-rebel-i-shqiptareve\/#breadcrumb"},"inLanguage":"sq-AL","potentialAction":[{"@type":"ReadAction","target":["https:\/\/fjala.info\/2009-2015\/ambasadori-i-danimarkes-miku-rebel-i-shqiptareve\/"]}]},{"@type":"ImageObject","inLanguage":"sq-AL","@id":"https:\/\/fjala.info\/2009-2015\/ambasadori-i-danimarkes-miku-rebel-i-shqiptareve\/#primaryimage","url":"http:\/\/www.shkoder.net\/images\/fjala\/2011\/karsten_ankjaer_jensen.jpg","contentUrl":"http:\/\/www.shkoder.net\/images\/fjala\/2011\/karsten_ankjaer_jensen.jpg"},{"@type":"BreadcrumbList","@id":"https:\/\/fjala.info\/2009-2015\/ambasadori-i-danimarkes-miku-rebel-i-shqiptareve\/#breadcrumb","itemListElement":[{"@type":"ListItem","position":1,"name":"Home","item":"https:\/\/fjala.info\/2009-2015\/"},{"@type":"ListItem","position":2,"name":"Ambasadori i Danimark\u00ebs, miku \u2018rebel\u2019 i shqiptar\u00ebve"}]},{"@type":"WebSite","@id":"https:\/\/fjala.info\/2009-2015\/#website","url":"https:\/\/fjala.info\/2009-2015\/","name":"FjALA e LIR\u00cb - Arkivi","description":"Arkivi 2009-2015","publisher":{"@id":"https:\/\/fjala.info\/2009-2015\/#organization"},"potentialAction":[{"@type":"SearchAction","target":{"@type":"EntryPoint","urlTemplate":"https:\/\/fjala.info\/2009-2015\/?s={search_term_string}"},"query-input":{"@type":"PropertyValueSpecification","valueRequired":true,"valueName":"search_term_string"}}],"inLanguage":"sq-AL"},{"@type":"Organization","@id":"https:\/\/fjala.info\/2009-2015\/#organization","name":"FjALA e LIR\u00cb - Arkivi","url":"https:\/\/fjala.info\/2009-2015\/","logo":{"@type":"ImageObject","inLanguage":"sq-AL","@id":"https:\/\/fjala.info\/2009-2015\/#\/schema\/logo\/image\/","url":"","contentUrl":"","caption":"FjALA e LIR\u00cb - Arkivi"},"image":{"@id":"https:\/\/fjala.info\/2009-2015\/#\/schema\/logo\/image\/"}},{"@type":"Person","@id":"https:\/\/fjala.info\/2009-2015\/#\/schema\/person\/3aa1163ef05469c496fc94e77611ada2","name":"admin","image":{"@type":"ImageObject","inLanguage":"sq-AL","@id":"https:\/\/fjala.info\/2009-2015\/wp-content\/uploads\/2012\/02\/arben_cokaj-120x150.jpg","url":"https:\/\/fjala.info\/2009-2015\/wp-content\/uploads\/2012\/02\/arben_cokaj-120x150.jpg","contentUrl":"https:\/\/fjala.info\/2009-2015\/wp-content\/uploads\/2012\/02\/arben_cokaj-120x150.jpg","caption":"admin"},"description":"Admin, Fjala e Lir\u00eb","sameAs":["https:\/\/fjala.info\/"],"url":"https:\/\/fjala.info\/2009-2015\/author\/admin\/"}]}},"_links":{"self":[{"href":"https:\/\/fjala.info\/2009-2015\/wp-json\/wp\/v2\/posts\/1050","targetHints":{"allow":["GET"]}}],"collection":[{"href":"https:\/\/fjala.info\/2009-2015\/wp-json\/wp\/v2\/posts"}],"about":[{"href":"https:\/\/fjala.info\/2009-2015\/wp-json\/wp\/v2\/types\/post"}],"author":[{"embeddable":true,"href":"https:\/\/fjala.info\/2009-2015\/wp-json\/wp\/v2\/users\/1"}],"replies":[{"embeddable":true,"href":"https:\/\/fjala.info\/2009-2015\/wp-json\/wp\/v2\/comments?post=1050"}],"version-history":[{"count":0,"href":"https:\/\/fjala.info\/2009-2015\/wp-json\/wp\/v2\/posts\/1050\/revisions"}],"wp:attachment":[{"href":"https:\/\/fjala.info\/2009-2015\/wp-json\/wp\/v2\/media?parent=1050"}],"wp:term":[{"taxonomy":"category","embeddable":true,"href":"https:\/\/fjala.info\/2009-2015\/wp-json\/wp\/v2\/categories?post=1050"},{"taxonomy":"post_tag","embeddable":true,"href":"https:\/\/fjala.info\/2009-2015\/wp-json\/wp\/v2\/tags?post=1050"}],"curies":[{"name":"wp","href":"https:\/\/api.w.org\/{rel}","templated":true}]}}