{"id":10495,"date":"2011-09-15T22:05:23","date_gmt":"2011-09-15T21:05:23","guid":{"rendered":"http:\/\/fjala.shkoder.net\/?p=10495"},"modified":"2011-09-15T22:05:23","modified_gmt":"2011-09-15T21:05:23","slug":"fbi-ja-e-terrorizuar-nga-myslimanet-e-thjeshte","status":"publish","type":"post","link":"https:\/\/fjala.info\/2009-2015\/fbi-ja-e-terrorizuar-nga-myslimanet-e-thjeshte\/","title":{"rendered":"FBI-ja e terrorizuar nga mysliman\u00ebt e thjesht\u00eb"},"content":{"rendered":"<p><img decoding=\"async\" class=\"alignright size-thumbnail wp-image-7236\" title=\"FBI\" src=\"http:\/\/www.shkoder.net\/images\/fjala\/2011\/fbi.jpg\" alt=\"\" width=\"300\" \/> <strong>ResPublica.al<\/strong>, <em>15 shtator 2011<\/em><\/p>\n<p>Nga burokracia e FBI-s\u00eb ka rrjedhur nj\u00eb dokument i \u00e7uditsh\u00ebm, gati i pabesuesh\u00ebm. \u00cbsht\u00eb fjala p\u00ebr nj\u00eb manual trajnimi p\u00ebr agjent\u00ebt e k\u00ebsaj buroje hetimi me fam\u00eb nd\u00ebrkomb\u00ebtare, me an\u00eb t\u00eb t\u00eb cilit agjent\u00ebve u m\u00ebsohet se si t\u00eb p\u00ebrballen me terrorist\u00ebt islamik\u00eb. \u00c7far\u00eb ka n\u00eb k\u00ebt\u00eb mes? Asgj\u00eb, por nuk \u00ebsht\u00eb ky problemi. Problemi \u00ebsht\u00eb te p\u00ebrmbajtja e k\u00ebtyre leksioneve. Aty gjen fraza t\u00eb llojit \u201c<em>\u00e7do mysliman i zakonsh\u00ebm mund t\u00eb jet\u00eb nj\u00eb simpatizant i terrorizmit<\/em>\u201d, \u201c<em>sa m\u00eb i devotsh\u00ebm t\u00eb jet\u00eb nj\u00eb besimtar mysliman aq m\u00eb i dhunsh\u00ebm ka gjasa t\u00eb jet\u00eb ai<\/em>\u201d, \u201c<em>profeti Muhamet \u00ebsht\u00eb nj\u00eb cult leader<\/em>\u201d, \u201c<em>\u00e7do mysliman \u00ebsht\u00eb radikal dhe ekstremist<\/em>\u201d, \u201c<em>praktika e l\u00ebmosh\u00ebs synon grumbullim parash p\u00ebr q\u00ebllime t\u00eb tjera<\/em>\u201d, etj, etj.<\/p>\n<p>Pritet q\u00eb kjo praktik\u00eb t\u00eb kritikohet, pasi bie ndesh me ligjet dhe kushtetut\u00ebn amerikane. Nga ana tjet\u00ebr, specialist\u00ebt kan\u00eb frik\u00eb se kjo qasje n\u00eb luft\u00ebn kund\u00ebr terrorizmit islamik mund t\u00eb b\u00ebj\u00eb loj\u00ebn e vet terrorizmit, e t\u00eb organizatave q\u00eb e promovojn\u00eb e financojn\u00eb at\u00eb. Al Qaeda ka koh\u00eb q\u00eb ngul k\u00ebmb\u00eb n\u00eb faktin, q\u00eb Amerika i i urren dhe i lufton mysliman\u00ebt. \u201cT\u2019u m\u00ebsosh agjent\u00ebve t\u00eb kund\u00ebr-terrorizmit aspektet e err\u00ebta t\u00eb Islamit dhe t\u2019u largosh atyre v\u00ebmendjen nga aspekte t\u00eb tjera q\u00eb e nxisin k\u00ebt\u00eb terroriz\u00ebm nuk \u00ebsht\u00eb m\u00ebnyra m\u00eb e mir\u00eb p\u00ebr ta frenuar terrorizmin\u201d, thot\u00eb Robert McFadden, nj\u00eb agjent n\u00eb pension.<\/p>\n<p>Christopher Allen, z\u00ebdh\u00ebn\u00ebsi i FBI-s\u00eb, e \u00e7dramatizon situat\u00ebn. \u201cNuk jan\u00eb opinione t\u00eb qeveris\u00eb s\u00eb Shteteve t\u00eb Bashkuara t\u00eb Amerik\u00ebs, por t\u00eb autor\u00ebve t\u00eb manualit\u201d, shprehet ai. Por site-i huffpost.com, i shock-uar prej k\u00ebtij scoop-i, i b\u00ebnte nj\u00eb interpretim pickues akronimit FBI: jo Federal Bureau of Investigation, por Federal Bureau of Idiocy. N\u00eb shqip do t\u00eb thot\u00eb Byroja Federale e Idiot\u00ebsis\u00eb.<\/p>\n<p>E.G.<\/p>\n","protected":false},"excerpt":{"rendered":"<p>ResPublica.al, 15 shtator 2011 Nga burokracia e FBI-s\u00eb ka rrjedhur nj\u00eb dokument i \u00e7uditsh\u00ebm, gati i pabesuesh\u00ebm. \u00cbsht\u00eb fjala p\u00ebr nj\u00eb manual trajnimi p\u00ebr agjent\u00ebt e k\u00ebsaj buroje hetimi me fam\u00eb nd\u00ebrkomb\u00ebtare, me an\u00eb t\u00eb t\u00eb cilit agjent\u00ebve u m\u00ebsohet se si t\u00eb p\u00ebrballen me terrorist\u00ebt islamik\u00eb. \u00c7far\u00eb ka n\u00eb k\u00ebt\u00eb mes? Asgj\u00eb, por nuk [&hellip;]<\/p>\n","protected":false},"author":1,"featured_media":0,"comment_status":"open","ping_status":"closed","sticky":false,"template":"","format":"standard","meta":{"footnotes":""},"categories":[5],"tags":[],"class_list":{"0":"post-10495","1":"post","2":"type-post","3":"status-publish","4":"format-standard","6":"category-lajme"},"yoast_head":"<!-- This site is optimized with the Yoast SEO plugin v27.4 - https:\/\/yoast.com\/product\/yoast-seo-wordpress\/ -->\n<title>FBI-ja e terrorizuar nga mysliman\u00ebt e thjesht\u00eb - FjALA e LIR\u00cb - Arkivi<\/title>\n<meta name=\"robots\" content=\"index, follow, max-snippet:-1, max-image-preview:large, max-video-preview:-1\" \/>\n<link rel=\"canonical\" href=\"https:\/\/fjala.info\/2009-2015\/fbi-ja-e-terrorizuar-nga-myslimanet-e-thjeshte\/\" \/>\n<meta property=\"og:locale\" content=\"sq_AL\" \/>\n<meta property=\"og:type\" content=\"article\" \/>\n<meta property=\"og:title\" content=\"FBI-ja e terrorizuar nga mysliman\u00ebt e thjesht\u00eb - FjALA e LIR\u00cb - Arkivi\" \/>\n<meta property=\"og:description\" content=\"ResPublica.al, 15 shtator 2011 Nga burokracia e FBI-s\u00eb ka rrjedhur nj\u00eb dokument i \u00e7uditsh\u00ebm, gati i pabesuesh\u00ebm. \u00cbsht\u00eb fjala p\u00ebr nj\u00eb manual trajnimi p\u00ebr agjent\u00ebt e k\u00ebsaj buroje hetimi me fam\u00eb nd\u00ebrkomb\u00ebtare, me an\u00eb t\u00eb t\u00eb cilit agjent\u00ebve u m\u00ebsohet se si t\u00eb p\u00ebrballen me terrorist\u00ebt islamik\u00eb. \u00c7far\u00eb ka n\u00eb k\u00ebt\u00eb mes? Asgj\u00eb, por nuk [&hellip;]\" \/>\n<meta property=\"og:url\" content=\"https:\/\/fjala.info\/2009-2015\/fbi-ja-e-terrorizuar-nga-myslimanet-e-thjeshte\/\" \/>\n<meta property=\"og:site_name\" content=\"FjALA e LIR\u00cb - Arkivi\" \/>\n<meta property=\"article:published_time\" content=\"2011-09-15T21:05:23+00:00\" \/>\n<meta property=\"og:image\" content=\"http:\/\/www.shkoder.net\/images\/fjala\/2011\/fbi.jpg\" \/>\n<meta name=\"author\" content=\"admin\" \/>\n<meta name=\"twitter:card\" content=\"summary_large_image\" \/>\n<meta name=\"twitter:label1\" content=\"Written by\" \/>\n\t<meta name=\"twitter:data1\" content=\"admin\" \/>\n\t<meta name=\"twitter:label2\" content=\"Est. reading time\" \/>\n\t<meta name=\"twitter:data2\" content=\"2 minutes\" \/>\n<script type=\"application\/ld+json\" class=\"yoast-schema-graph\">{\"@context\":\"https:\\\/\\\/schema.org\",\"@graph\":[{\"@type\":\"Article\",\"@id\":\"https:\\\/\\\/fjala.info\\\/2009-2015\\\/fbi-ja-e-terrorizuar-nga-myslimanet-e-thjeshte\\\/#article\",\"isPartOf\":{\"@id\":\"https:\\\/\\\/fjala.info\\\/2009-2015\\\/fbi-ja-e-terrorizuar-nga-myslimanet-e-thjeshte\\\/\"},\"author\":{\"name\":\"admin\",\"@id\":\"https:\\\/\\\/fjala.info\\\/2009-2015\\\/#\\\/schema\\\/person\\\/3aa1163ef05469c496fc94e77611ada2\"},\"headline\":\"FBI-ja e terrorizuar nga mysliman\u00ebt e thjesht\u00eb\",\"datePublished\":\"2011-09-15T21:05:23+00:00\",\"mainEntityOfPage\":{\"@id\":\"https:\\\/\\\/fjala.info\\\/2009-2015\\\/fbi-ja-e-terrorizuar-nga-myslimanet-e-thjeshte\\\/\"},\"wordCount\":347,\"commentCount\":0,\"publisher\":{\"@id\":\"https:\\\/\\\/fjala.info\\\/2009-2015\\\/#organization\"},\"image\":{\"@id\":\"https:\\\/\\\/fjala.info\\\/2009-2015\\\/fbi-ja-e-terrorizuar-nga-myslimanet-e-thjeshte\\\/#primaryimage\"},\"thumbnailUrl\":\"http:\\\/\\\/www.shkoder.net\\\/images\\\/fjala\\\/2011\\\/fbi.jpg\",\"articleSection\":[\"Lajme\"],\"inLanguage\":\"sq-AL\",\"potentialAction\":[{\"@type\":\"CommentAction\",\"name\":\"Comment\",\"target\":[\"https:\\\/\\\/fjala.info\\\/2009-2015\\\/fbi-ja-e-terrorizuar-nga-myslimanet-e-thjeshte\\\/#respond\"]}]},{\"@type\":\"WebPage\",\"@id\":\"https:\\\/\\\/fjala.info\\\/2009-2015\\\/fbi-ja-e-terrorizuar-nga-myslimanet-e-thjeshte\\\/\",\"url\":\"https:\\\/\\\/fjala.info\\\/2009-2015\\\/fbi-ja-e-terrorizuar-nga-myslimanet-e-thjeshte\\\/\",\"name\":\"FBI-ja e terrorizuar nga mysliman\u00ebt e thjesht\u00eb - FjALA e LIR\u00cb - Arkivi\",\"isPartOf\":{\"@id\":\"https:\\\/\\\/fjala.info\\\/2009-2015\\\/#website\"},\"primaryImageOfPage\":{\"@id\":\"https:\\\/\\\/fjala.info\\\/2009-2015\\\/fbi-ja-e-terrorizuar-nga-myslimanet-e-thjeshte\\\/#primaryimage\"},\"image\":{\"@id\":\"https:\\\/\\\/fjala.info\\\/2009-2015\\\/fbi-ja-e-terrorizuar-nga-myslimanet-e-thjeshte\\\/#primaryimage\"},\"thumbnailUrl\":\"http:\\\/\\\/www.shkoder.net\\\/images\\\/fjala\\\/2011\\\/fbi.jpg\",\"datePublished\":\"2011-09-15T21:05:23+00:00\",\"breadcrumb\":{\"@id\":\"https:\\\/\\\/fjala.info\\\/2009-2015\\\/fbi-ja-e-terrorizuar-nga-myslimanet-e-thjeshte\\\/#breadcrumb\"},\"inLanguage\":\"sq-AL\",\"potentialAction\":[{\"@type\":\"ReadAction\",\"target\":[\"https:\\\/\\\/fjala.info\\\/2009-2015\\\/fbi-ja-e-terrorizuar-nga-myslimanet-e-thjeshte\\\/\"]}]},{\"@type\":\"ImageObject\",\"inLanguage\":\"sq-AL\",\"@id\":\"https:\\\/\\\/fjala.info\\\/2009-2015\\\/fbi-ja-e-terrorizuar-nga-myslimanet-e-thjeshte\\\/#primaryimage\",\"url\":\"http:\\\/\\\/www.shkoder.net\\\/images\\\/fjala\\\/2011\\\/fbi.jpg\",\"contentUrl\":\"http:\\\/\\\/www.shkoder.net\\\/images\\\/fjala\\\/2011\\\/fbi.jpg\"},{\"@type\":\"BreadcrumbList\",\"@id\":\"https:\\\/\\\/fjala.info\\\/2009-2015\\\/fbi-ja-e-terrorizuar-nga-myslimanet-e-thjeshte\\\/#breadcrumb\",\"itemListElement\":[{\"@type\":\"ListItem\",\"position\":1,\"name\":\"Home\",\"item\":\"https:\\\/\\\/fjala.info\\\/2009-2015\\\/\"},{\"@type\":\"ListItem\",\"position\":2,\"name\":\"FBI-ja e terrorizuar nga mysliman\u00ebt e thjesht\u00eb\"}]},{\"@type\":\"WebSite\",\"@id\":\"https:\\\/\\\/fjala.info\\\/2009-2015\\\/#website\",\"url\":\"https:\\\/\\\/fjala.info\\\/2009-2015\\\/\",\"name\":\"FjALA e LIR\u00cb - Arkivi\",\"description\":\"Arkivi 2009-2015\",\"publisher\":{\"@id\":\"https:\\\/\\\/fjala.info\\\/2009-2015\\\/#organization\"},\"potentialAction\":[{\"@type\":\"SearchAction\",\"target\":{\"@type\":\"EntryPoint\",\"urlTemplate\":\"https:\\\/\\\/fjala.info\\\/2009-2015\\\/?s={search_term_string}\"},\"query-input\":{\"@type\":\"PropertyValueSpecification\",\"valueRequired\":true,\"valueName\":\"search_term_string\"}}],\"inLanguage\":\"sq-AL\"},{\"@type\":\"Organization\",\"@id\":\"https:\\\/\\\/fjala.info\\\/2009-2015\\\/#organization\",\"name\":\"FjALA e LIR\u00cb - Arkivi\",\"url\":\"https:\\\/\\\/fjala.info\\\/2009-2015\\\/\",\"logo\":{\"@type\":\"ImageObject\",\"inLanguage\":\"sq-AL\",\"@id\":\"https:\\\/\\\/fjala.info\\\/2009-2015\\\/#\\\/schema\\\/logo\\\/image\\\/\",\"url\":\"\",\"contentUrl\":\"\",\"caption\":\"FjALA e LIR\u00cb - Arkivi\"},\"image\":{\"@id\":\"https:\\\/\\\/fjala.info\\\/2009-2015\\\/#\\\/schema\\\/logo\\\/image\\\/\"}},{\"@type\":\"Person\",\"@id\":\"https:\\\/\\\/fjala.info\\\/2009-2015\\\/#\\\/schema\\\/person\\\/3aa1163ef05469c496fc94e77611ada2\",\"name\":\"admin\",\"image\":{\"@type\":\"ImageObject\",\"inLanguage\":\"sq-AL\",\"@id\":\"https:\\\/\\\/fjala.info\\\/2009-2015\\\/wp-content\\\/uploads\\\/2012\\\/02\\\/arben_cokaj-120x150.jpg\",\"url\":\"https:\\\/\\\/fjala.info\\\/2009-2015\\\/wp-content\\\/uploads\\\/2012\\\/02\\\/arben_cokaj-120x150.jpg\",\"contentUrl\":\"https:\\\/\\\/fjala.info\\\/2009-2015\\\/wp-content\\\/uploads\\\/2012\\\/02\\\/arben_cokaj-120x150.jpg\",\"caption\":\"admin\"},\"description\":\"Admin, Fjala e Lir\u00eb\",\"sameAs\":[\"https:\\\/\\\/fjala.info\\\/\"],\"url\":\"https:\\\/\\\/fjala.info\\\/2009-2015\\\/author\\\/admin\\\/\"}]}<\/script>\n<!-- \/ Yoast SEO plugin. -->","yoast_head_json":{"title":"FBI-ja e terrorizuar nga mysliman\u00ebt e thjesht\u00eb - FjALA e LIR\u00cb - Arkivi","robots":{"index":"index","follow":"follow","max-snippet":"max-snippet:-1","max-image-preview":"max-image-preview:large","max-video-preview":"max-video-preview:-1"},"canonical":"https:\/\/fjala.info\/2009-2015\/fbi-ja-e-terrorizuar-nga-myslimanet-e-thjeshte\/","og_locale":"sq_AL","og_type":"article","og_title":"FBI-ja e terrorizuar nga mysliman\u00ebt e thjesht\u00eb - FjALA e LIR\u00cb - Arkivi","og_description":"ResPublica.al, 15 shtator 2011 Nga burokracia e FBI-s\u00eb ka rrjedhur nj\u00eb dokument i \u00e7uditsh\u00ebm, gati i pabesuesh\u00ebm. \u00cbsht\u00eb fjala p\u00ebr nj\u00eb manual trajnimi p\u00ebr agjent\u00ebt e k\u00ebsaj buroje hetimi me fam\u00eb nd\u00ebrkomb\u00ebtare, me an\u00eb t\u00eb t\u00eb cilit agjent\u00ebve u m\u00ebsohet se si t\u00eb p\u00ebrballen me terrorist\u00ebt islamik\u00eb. \u00c7far\u00eb ka n\u00eb k\u00ebt\u00eb mes? Asgj\u00eb, por nuk [&hellip;]","og_url":"https:\/\/fjala.info\/2009-2015\/fbi-ja-e-terrorizuar-nga-myslimanet-e-thjeshte\/","og_site_name":"FjALA e LIR\u00cb - Arkivi","article_published_time":"2011-09-15T21:05:23+00:00","og_image":[{"url":"http:\/\/www.shkoder.net\/images\/fjala\/2011\/fbi.jpg","type":"","width":"","height":""}],"author":"admin","twitter_card":"summary_large_image","twitter_misc":{"Written by":"admin","Est. reading time":"2 minutes"},"schema":{"@context":"https:\/\/schema.org","@graph":[{"@type":"Article","@id":"https:\/\/fjala.info\/2009-2015\/fbi-ja-e-terrorizuar-nga-myslimanet-e-thjeshte\/#article","isPartOf":{"@id":"https:\/\/fjala.info\/2009-2015\/fbi-ja-e-terrorizuar-nga-myslimanet-e-thjeshte\/"},"author":{"name":"admin","@id":"https:\/\/fjala.info\/2009-2015\/#\/schema\/person\/3aa1163ef05469c496fc94e77611ada2"},"headline":"FBI-ja e terrorizuar nga mysliman\u00ebt e thjesht\u00eb","datePublished":"2011-09-15T21:05:23+00:00","mainEntityOfPage":{"@id":"https:\/\/fjala.info\/2009-2015\/fbi-ja-e-terrorizuar-nga-myslimanet-e-thjeshte\/"},"wordCount":347,"commentCount":0,"publisher":{"@id":"https:\/\/fjala.info\/2009-2015\/#organization"},"image":{"@id":"https:\/\/fjala.info\/2009-2015\/fbi-ja-e-terrorizuar-nga-myslimanet-e-thjeshte\/#primaryimage"},"thumbnailUrl":"http:\/\/www.shkoder.net\/images\/fjala\/2011\/fbi.jpg","articleSection":["Lajme"],"inLanguage":"sq-AL","potentialAction":[{"@type":"CommentAction","name":"Comment","target":["https:\/\/fjala.info\/2009-2015\/fbi-ja-e-terrorizuar-nga-myslimanet-e-thjeshte\/#respond"]}]},{"@type":"WebPage","@id":"https:\/\/fjala.info\/2009-2015\/fbi-ja-e-terrorizuar-nga-myslimanet-e-thjeshte\/","url":"https:\/\/fjala.info\/2009-2015\/fbi-ja-e-terrorizuar-nga-myslimanet-e-thjeshte\/","name":"FBI-ja e terrorizuar nga mysliman\u00ebt e thjesht\u00eb - FjALA e LIR\u00cb - Arkivi","isPartOf":{"@id":"https:\/\/fjala.info\/2009-2015\/#website"},"primaryImageOfPage":{"@id":"https:\/\/fjala.info\/2009-2015\/fbi-ja-e-terrorizuar-nga-myslimanet-e-thjeshte\/#primaryimage"},"image":{"@id":"https:\/\/fjala.info\/2009-2015\/fbi-ja-e-terrorizuar-nga-myslimanet-e-thjeshte\/#primaryimage"},"thumbnailUrl":"http:\/\/www.shkoder.net\/images\/fjala\/2011\/fbi.jpg","datePublished":"2011-09-15T21:05:23+00:00","breadcrumb":{"@id":"https:\/\/fjala.info\/2009-2015\/fbi-ja-e-terrorizuar-nga-myslimanet-e-thjeshte\/#breadcrumb"},"inLanguage":"sq-AL","potentialAction":[{"@type":"ReadAction","target":["https:\/\/fjala.info\/2009-2015\/fbi-ja-e-terrorizuar-nga-myslimanet-e-thjeshte\/"]}]},{"@type":"ImageObject","inLanguage":"sq-AL","@id":"https:\/\/fjala.info\/2009-2015\/fbi-ja-e-terrorizuar-nga-myslimanet-e-thjeshte\/#primaryimage","url":"http:\/\/www.shkoder.net\/images\/fjala\/2011\/fbi.jpg","contentUrl":"http:\/\/www.shkoder.net\/images\/fjala\/2011\/fbi.jpg"},{"@type":"BreadcrumbList","@id":"https:\/\/fjala.info\/2009-2015\/fbi-ja-e-terrorizuar-nga-myslimanet-e-thjeshte\/#breadcrumb","itemListElement":[{"@type":"ListItem","position":1,"name":"Home","item":"https:\/\/fjala.info\/2009-2015\/"},{"@type":"ListItem","position":2,"name":"FBI-ja e terrorizuar nga mysliman\u00ebt e thjesht\u00eb"}]},{"@type":"WebSite","@id":"https:\/\/fjala.info\/2009-2015\/#website","url":"https:\/\/fjala.info\/2009-2015\/","name":"FjALA e LIR\u00cb - Arkivi","description":"Arkivi 2009-2015","publisher":{"@id":"https:\/\/fjala.info\/2009-2015\/#organization"},"potentialAction":[{"@type":"SearchAction","target":{"@type":"EntryPoint","urlTemplate":"https:\/\/fjala.info\/2009-2015\/?s={search_term_string}"},"query-input":{"@type":"PropertyValueSpecification","valueRequired":true,"valueName":"search_term_string"}}],"inLanguage":"sq-AL"},{"@type":"Organization","@id":"https:\/\/fjala.info\/2009-2015\/#organization","name":"FjALA e LIR\u00cb - Arkivi","url":"https:\/\/fjala.info\/2009-2015\/","logo":{"@type":"ImageObject","inLanguage":"sq-AL","@id":"https:\/\/fjala.info\/2009-2015\/#\/schema\/logo\/image\/","url":"","contentUrl":"","caption":"FjALA e LIR\u00cb - Arkivi"},"image":{"@id":"https:\/\/fjala.info\/2009-2015\/#\/schema\/logo\/image\/"}},{"@type":"Person","@id":"https:\/\/fjala.info\/2009-2015\/#\/schema\/person\/3aa1163ef05469c496fc94e77611ada2","name":"admin","image":{"@type":"ImageObject","inLanguage":"sq-AL","@id":"https:\/\/fjala.info\/2009-2015\/wp-content\/uploads\/2012\/02\/arben_cokaj-120x150.jpg","url":"https:\/\/fjala.info\/2009-2015\/wp-content\/uploads\/2012\/02\/arben_cokaj-120x150.jpg","contentUrl":"https:\/\/fjala.info\/2009-2015\/wp-content\/uploads\/2012\/02\/arben_cokaj-120x150.jpg","caption":"admin"},"description":"Admin, Fjala e Lir\u00eb","sameAs":["https:\/\/fjala.info\/"],"url":"https:\/\/fjala.info\/2009-2015\/author\/admin\/"}]}},"_links":{"self":[{"href":"https:\/\/fjala.info\/2009-2015\/wp-json\/wp\/v2\/posts\/10495","targetHints":{"allow":["GET"]}}],"collection":[{"href":"https:\/\/fjala.info\/2009-2015\/wp-json\/wp\/v2\/posts"}],"about":[{"href":"https:\/\/fjala.info\/2009-2015\/wp-json\/wp\/v2\/types\/post"}],"author":[{"embeddable":true,"href":"https:\/\/fjala.info\/2009-2015\/wp-json\/wp\/v2\/users\/1"}],"replies":[{"embeddable":true,"href":"https:\/\/fjala.info\/2009-2015\/wp-json\/wp\/v2\/comments?post=10495"}],"version-history":[{"count":0,"href":"https:\/\/fjala.info\/2009-2015\/wp-json\/wp\/v2\/posts\/10495\/revisions"}],"wp:attachment":[{"href":"https:\/\/fjala.info\/2009-2015\/wp-json\/wp\/v2\/media?parent=10495"}],"wp:term":[{"taxonomy":"category","embeddable":true,"href":"https:\/\/fjala.info\/2009-2015\/wp-json\/wp\/v2\/categories?post=10495"},{"taxonomy":"post_tag","embeddable":true,"href":"https:\/\/fjala.info\/2009-2015\/wp-json\/wp\/v2\/tags?post=10495"}],"curies":[{"name":"wp","href":"https:\/\/api.w.org\/{rel}","templated":true}]}}