{"id":10488,"date":"2011-09-15T22:50:17","date_gmt":"2011-09-15T21:50:17","guid":{"rendered":"http:\/\/fjala.shkoder.net\/?p=10488"},"modified":"2011-09-15T22:50:17","modified_gmt":"2011-09-15T21:50:17","slug":"kabllogramet-rrezuan-kompasin-e-berishes","status":"publish","type":"post","link":"https:\/\/fjala.info\/2009-2015\/kabllogramet-rrezuan-kompasin-e-berishes\/","title":{"rendered":"Kabllogramet rr\u00ebzuan \u201ckompasin\u201d e Berish\u00ebs"},"content":{"rendered":"<p><img decoding=\"async\" class=\"alignright size-thumbnail wp-image-7236\" title=\"Deti me Greqin\u00eb\" src=\"http:\/\/www.shkoder.net\/images\/fjala\/2011\/harta_deti_me_greqine.jpg\" alt=\"\" width=\"300\" \/> Intervist\u00eb me <strong>Myslym Pashaj<\/strong><\/p>\n<p>Marr\u00ebveshja detare me Greqin\u00eb q\u00eb i falte fqinj\u00ebve tan\u00eb kilometra t\u00eb t\u00ebra det shqiptar \u00ebsht\u00eb kund\u00ebrshtuar fuqimisht nga nj\u00eb njeri i vet\u00ebm, profesor Myslim Pasha. Koloneli n\u00eb lirim i Forcave t\u00eb Armatosura paraqiti prova e fakte q\u00eb tregonin se Greqis\u00eb po i dhurohej deti shqiptar, por p\u00ebrfaq\u00ebsuesit e qeveris\u00eb e sulmuan duke e etiketuar edhe si t\u00eb \u00e7mendur. Komunikimet e Ambasad\u00ebs Amerikane n\u00eb Tiran\u00eb me Uashingtonin kan\u00eb nxjerr\u00eb n\u00eb drit\u00eb pjes\u00ebn e err\u00ebt t\u00eb historis\u00eb, at\u00eb q\u00eb mediat e denoncuan dhe shteti e mohoi.<\/p>\n<p>Sipas kabllogrameve t\u00eb publikuara nga Wikileaks, zyrtar\u00ebt e shtetit shqiptar kishin shkuar n\u00eb Ambasad\u00ebn Amerikane ku ishin rr\u00ebfyer se Greqia po i b\u00ebnte presion duke i k\u00ebrkuar paktin detar dhe varrezat e ushtar\u00ebve n\u00eb k\u00ebmbim t\u00eb n\u00ebnshkrimit t\u00eb MSA-s\u00eb. K\u00ebta zyrtare kan\u00eb treguar se pala greke po p\u00ebrdorte dy standarde dhe se marr\u00ebveshja q\u00eb do t\u00eb n\u00ebnshkruaj do t\u00eb favorizonte qart\u00ebsisht pal\u00ebn greke. Por edhe pse ishin t\u00ebr\u00ebsisht n\u00eb nd\u00ebrgjegjsh\u00ebm p\u00ebr at\u00eb q\u00eb do t\u00eb ndodhte, shteti shqiptar vendosi n\u00ebnshkrimin e marr\u00ebveshjes. Dy vjet pas rr\u00ebzimit t\u00eb marr\u00ebveshjes, profesor Myslim Pashaj tregon prapaskenat diplomatike t\u00eb ngjarjes.<\/p>\n<p>Profesor Pashaj, \u00e7\u2019p\u00ebrshtypje iu kan\u00eb l\u00ebn\u00eb ato kabllograme t\u00eb Wikileaks, t\u00eb cilat kan\u00eb lidhje me Paktin Detar tanim\u00eb t\u00eb rr\u00ebzuar midis Shqip\u00ebris\u00eb dhe Greqis\u00eb?<\/p>\n<p>Jan\u00eb nj\u00eb panoram\u00eb prapa fasad\u00ebs s\u00eb ngjarjeve t\u00eb cilat jan\u00eb shqyrtuar n\u00eb lidhje me Paktin. Ata zgjojn\u00eb t\u00ebr\u00ebsin\u00eb ende t\u00eb paform\u00ebsuar e nj\u00eb prej ndodhive diplomatike m\u00eb unikale q\u00eb na rr\u00ebfen se si nj\u00eb shtet si Shqip\u00ebria n\u00eb nj\u00eb koh\u00eb shum\u00eb t\u00eb shkurt\u00ebr dhe me nj\u00eb p\u00ebrd\u00ebllim dhe inferioritet te pazakont\u00eb, preu nj\u00eb pjes\u00eb t\u00eb gjeohap\u00ebsir\u00ebs detare jet\u00ebsore t\u00eb saj, duke shp\u00ebrfillur interesat komb\u00ebtare. Ato q\u00eb kan\u00eb dal\u00eb nga kabllogramet jan\u00eb nj\u00eb d\u00ebshmi e qart\u00eb se si marrin trajt\u00eb ngjarje t\u00eb tilla, se si rrjedhin informacionet dhe opinionet, t\u00eb cilat v\u00ebn\u00eb pikat q\u00eb mungojn\u00eb n\u00eb tekstin e atij pakti fam\u00ebkeq. Vet\u00eb Ambasada Amerikane ka kontakte dhe burime informacioni prej t\u00eb cilave sjell opinione dhe vler\u00ebsime. K\u00ebto vler\u00ebsime jan\u00eb diplomatike, gjeostraegjike dhe historike. Ka nj\u00eb mister q\u00eb bashk\u00ebshoq\u00ebron hartimin e atij Pakti, p\u00ebr t\u00eb cilin n\u00eb nuk jemi n\u00eb gjendje t\u00eb themi gj\u00ebsend. Ambasada Amerikane ka konstatuar se traktati ishte nj\u00eb \u201cquid pro quo\u201d ( kompensim: sh\u00ebnim imi ) p\u00ebr mb\u00ebshtetjen greke p\u00ebr NATO-n dhe marr\u00ebveshjen e Stabilizim Asocimit. Kompensim ka qen\u00eb l\u00ebnda mbi t\u00eb cil\u00ebn \u00ebsht\u00eb kryer vepra, k\u00ebshtu q\u00eb specialist\u00ebt e t\u00eb dy pal\u00ebve nuk kan\u00eb b\u00ebr\u00eb gj\u00eb tjet\u00ebr ve\u00e7se kan\u00eb zbatuar n\u00eb m\u00ebnyr\u00eb gjeometrike nj\u00eb marr\u00ebveshje m\u00eb jep, t\u00eb jap, e cila \u00ebsht\u00eb e lidhur bukur e bukur me figura gjeometrike dhe shkenc\u00eb mat\u00ebse t\u00eb baraslarguar etj. K\u00ebsilloj, grupi bisedimor diplomatik nuk \u00ebsht\u00eb teknik, por nj\u00eb grup i komanduar politikisht, p\u00ebr nj\u00eb situat\u00eb prit\u00ebse t\u00eb integrimit n\u00eb Europ\u00eb. Kaq e v\u00ebshtir\u00eb qenka p\u00ebr Shqip\u00ebrin\u00eb p\u00ebr t\u00eb hyr\u00eb n\u00eb Europ\u00eb sa t\u00eb shqyej\u00eb gjeo-hap\u00ebsirat e saj detare dhe t\u2019i a jap\u00eb fqinjit. Sa e turpshme. Kjo na vjen nd\u00ebr mend kur pam\u00eb kryeministrin e Shqip\u00ebris\u00eb, i cili teksa marr\u00ebveshja ish diktuar, apo m\u00eb mir\u00eb me th\u00ebn\u00eb kryeministrit ia kishin kapur \u201ckompasin mat\u00ebs n\u00eb dor\u00eb\u201d ai befas, n\u00eb nj\u00eb erupsion frym\u00ebzues psikik si ato t\u00eb tijat, me nj\u00eb buz\u00ebqeshje tinzare dhe po k\u00ebshtu prer\u00ebse kish marr\u00eb n\u00eb dor\u00eb prap\u00eb kompasin dhe ua shpjegonte fill e p\u00ebr pe, se sa bukur e kishin matur detin p\u00ebr t\u2019ua t\u00eb dh\u00ebn\u00eb fqinj\u00ebve grek\u00eb.<\/p>\n<p>\u00c7far\u00eb komenti keni n\u00eb k\u00ebt\u00eb rast p\u00ebr kryeministrin?<\/p>\n<p>Sali Berisha ka sjell\u00eb dhe po l\u00eb n\u00eb politik\u00ebn shqiptare p\u00ebrvoja nga m\u00eb tragjiket. Po kjo e kompasit prer\u00ebs s\u00eb Shelfit Detar Arb\u00ebror do t\u00eb ngelet ndoshta si nj\u00eb nga sh\u00ebmb\u00ebllimet m\u00eb groteske t\u00eb k\u00ebsaj figure komplekse e historis\u00eb s\u00eb Shqip\u00ebris\u00eb. Kam pasur mund\u00ebsin\u00eb q\u00eb p\u00ebr dy her\u00eb radhazi t\u00eb jem takuar me kryeministrin n\u00eb zyr\u00ebn e tij kur ka qen\u00eb rasti p\u00ebr t\u00eb themeluar ALUIZNI-n. Jam befasuar me njohjen q\u00eb ai kishte ndaj hartografis\u00eb. Mir\u00ebpo kur kam hasur n\u00eb pamje vizive se si ai imitonte kompasin mat\u00ebs p\u00ebr t\u00eb p\u00ebrcjell nj\u00eb argument v\u00ebrtetimi q\u00eb t\u00eb bindte shqiptar\u00ebt se Pakti ishte i drejt\u00eb, m\u2019u shp\u00ebrfaq n\u00eb vete, edhe roli i tij mjesht\u00ebror i mashtrimit. Nga kabllogramet vihet n\u00eb dukje se si p\u00ebr t\u00eb kryer vepr\u00ebn \u00ebsht\u00eb b\u00ebr\u00eb \u00e7mos p\u00ebr t\u00eb shmangur SHBA nga k\u00ebto negociata, nd\u00ebrkaq n\u00eb gjeopolitik\u00ebn ballkanase, p\u00ebr her\u00eb t\u00eb par\u00eb, jo q\u00eb nga krijimi i shtetit shqiptar, por edhe n\u00eb udh\u00ebtimin gjeo-historik t\u00eb tij, prej Ilir\u00ebve, Romak\u00ebve dhe deri tek Perandoria Osmane nuk kish ndodhur kurr\u00eb q\u00eb Greqia t\u00eb afrohej n\u00eb zemr\u00ebn e Otrantos, e cila u takonte vet\u00ebm dy shteteve: Italis\u00eb dhe Shqip\u00ebris\u00eb.<\/p>\n<p>Por kjo marr\u00ebveshje nuk u realizua..<\/p>\n<p>Kjo \u00ebsht\u00eb e v\u00ebrtet\u00eb. Por edhe k\u00ebtu edhe pse sharra ngeli n\u00eb gozhd\u00eb, Kryeministri edhe pse e pa bukur se nuk e kish kapur t\u00eb gjith\u00eb shtetin harroi se prej vet\u00ebdijes s\u00eb brendshme komb\u00ebtare, kish ngelur nj\u00eb frym\u00eb q\u00eb e b\u00ebri Kushtuesen Shqiptare t\u00eb ndjehet n\u00eb jet\u00eb. Mir\u00ebpo amerikan\u00ebt hamend\u00ebsojn\u00eb se pasi Berisha ka par\u00eb q\u00eb mashtrimi i madh s\u2019mund t\u00eb fshihej dot dhe s\u2019mund t\u00eb jet\u00ebsohej ajo vep\u00ebr, t\u00eb ket\u00eb \u00e7uar lajm \u201ctek t\u00eb tijt\u00eb\u201d q\u00eb kish n\u00eb Kushtetuese \u201cp\u00ebr ta rr\u00ebzuar paktin\u201d. N\u00eb kabllograme thuhet se gjykata e ka rr\u00ebzuar paktin vet\u00ebm pasi ka marr\u00eb lejen e Berish\u00ebs. P\u00ebrfytyroni se n\u00eb \u00e7\u2019duar ka r\u00ebn\u00eb shteti, kur edhe n\u00ebse sheh pak drit\u00eb tek Kushtetuesja ja ku t\u00eb del se Kryeministri t\u00eb vret nat\u00ebn dhe t\u00eb qan dit\u00ebn. Edhe n\u00eb momentin e fundit, ai s\u2019mund ta linte q\u00eb s\u2019mund ta linte vepr\u00ebn e tij t\u00eb pakryer dhe kur ajo s\u2019u krye dot, ai s\u00ebrish duhet t\u00eb dilte i lar\u00eb. E keqja djall\u00ebzore e Kryeministrit \u00ebsht\u00eb kaq e dukshme, principi i s\u00eb keqes \u00ebsht\u00eb n\u00eb brend\u00ebsi t\u00eb atij akti t\u00eb pashembullt. Tani p\u00ebrvijoni m\u00eb tej, se me \u00e7\u2019mjesht\u00ebri Berisha luajti p\u00ebr ta mbyllur at\u00eb \u00e7\u00ebshtje, duke krijuar unitet \u201ct\u00eb pathyesh\u00ebm dhe t\u00eb pandar\u00eb\u201d midis qeveris\u00eb firm\u00ebtare dhe stafit negociator. Ata t\u00eb gjith\u00eb quheshin n\u00ebpun\u00ebs t\u00eb lart\u00eb t\u00eb shtetit q\u00eb kishin mbrojtur interesat e Shqip\u00ebris\u00eb.<\/p>\n<p>\u00c7\u2019ve\u00e7ori t\u00eb tjera mund t\u00eb p\u00ebrzgjidhni?<\/p>\n<p>Mund t\u00eb ve\u00e7oj at\u00eb q\u00eb s\u2019e ka ditur askush prej nesh, se si nj\u00eb p\u00ebrfaq\u00ebsuese ligjore e kontaktuar nga Ambasada b\u00ebn nj\u00eb loj\u00eb fjal\u00ebsh dhe zbulon se \u201cgrek\u00ebt kan\u00eb k\u00ebrkuar dy standarde, nd\u00ebrsa shqiptar\u00ebt vet\u00ebm nj\u00eb, at\u00eb t\u00eb Konvent\u00ebs s\u00eb Detit\u201d. Mir\u00ebpo dihet nga i gjith\u00eb opinioni se ka ndodhur e kund\u00ebrta. Kjo juriste ka mbrojtur gjat\u00eb gjykimit t\u00eb gjat\u00eb n\u00eb Kushtetuese dhe po k\u00ebshtu e ka m\u00ebsuar Kryeministrin q\u00eb t\u00eb p\u00ebrmend\u00eb metod\u00ebn e baraslarg\u00ebsis\u00eb, duke mos i vajtur mendja kurr\u00eb se ka nj\u00eb metod\u00eb tjet\u00ebr, n\u00eb Shelfin Kontinental. Pra, dy standarde duhet t\u00eb kish k\u00ebrkuar pala shqiptare dhe jo ajo jo greke! Kabllogrami rr\u00ebfen reflektimin e saj dhe p\u00ebrcjell vet\u00ebm nj\u00eb mashtrim, m\u00eb shum\u00eb se nj\u00eb g\u00ebnjesht\u00ebr. Trazimi \u00ebsht\u00eb i madh sepse jan\u00eb kapur gafil dhe nuk din\u00eb se si ta fshehin sepse mjesht\u00ebr n\u00eb k\u00ebt\u00eb fush\u00eb \u00ebsht\u00eb vet\u00eb Kryeministri.<\/p>\n<p>Pakti \u00ebsht\u00eb mbrojtur nga ekspert\u00eb. Si \u00ebsht\u00eb e v\u00ebrteta e tyre?<\/p>\n<p>\u201cKapiten i Rangut t\u00eb Par\u00eb, Gerveni, merr nj\u00eb pozicion q\u00eb zakonisht mbahet nga nj\u00eb Gjeneral brigade\u2026 Zonja Jones duke iu referuar z\u00ebrave t\u00eb pakonfirmuar e shpjegon ngritjen n\u00eb detyr\u00eb, me faktin se e gjith\u00eb kjo, ishte ve\u00e7se nj\u00eb shp\u00ebrblim p\u00ebr Gervenin n\u00eb negociatat e suksesshme me qeverin\u00eb greke p\u00ebr kufirin detar\u201d ( cituar nga Kabllogrami p\u00ebrkat\u00ebs). Kemi nj\u00eb qet\u00ebsi t\u00eb frikshme vet\u00ebm e vet\u00ebm p\u00ebr t\u00eb fshehur n\u00eb fakt nj\u00eb krim shtet\u00ebror t\u00eb hasur, t\u00eb v\u00ebrtetuar dhe t\u00eb gjykuar n\u00eb nj\u00eb podium t\u00eb lart\u00eb ligjor si\u00e7 \u00ebsht\u00eb Kushtetuesja. K\u00ebto gj\u00ebra ndodhin sot n\u00eb shekullin e XXI n\u00eb Shqip\u00ebrin\u00eb, q\u00eb p\u00ebr t\u00eb ardhur tek Europa e saj u dashka t\u00eb paguaj\u00eb \u201chara\u00e7\u201d ndaj fqinj\u00ebve. Asnj\u00eb qeveri n\u00eb bot\u00eb nuk mund ta kalonte k\u00ebt\u00eb situat\u00eb aq leht\u00eb, pa marr\u00eb asnj\u00eb gjemb n\u00eb k\u00ebmb\u00eb, pa dh\u00ebn\u00eb llogari ndaj popullit t\u00eb saj, nj\u00eb q\u00ebndrim ogurzi. K\u00ebto fakte flasin m\u00eb shum\u00eb p\u00ebr shqiptar\u00ebt se sa p\u00ebr at\u00eb vet\u00eb dhe t\u00eb keqen ton\u00eb t\u00eb kahershme. E keni par\u00eb Berish\u00ebn q\u00eb teksa ngjitej n\u00eb malin e Dajtit, n\u00eb shkurt t\u00eb k\u00ebtij viti, n\u00eb at\u00eb maj\u00eb, ku kishte edhe pak d\u00ebbor\u00eb q\u00eb ende nuk kish shkrir\u00eb, ngriti dor\u00ebn dhe i rr\u00ebfeu nj\u00eb orietim mbes\u00ebs s\u00eb tij, se ku ndodhej gjurma n\u00eb natyr\u00eb e Udh\u00ebs s\u00eb Arb\u00ebrit. Duke u ngjitur n\u00eb k\u00ebt\u00eb maj\u00eb, ky njeri, nuk p\u00ebrfytyron ngjitjen e kombit dhe t\u00eb shtetit, por vet\u00ebm p\u00ebrfytyrimin ngjit\u00ebs dhe hip\u00ebs t\u00eb tij. Duke u drejtuar nga verilindja a nuk iu ngjau se aq bukur, e kish fshehur dor\u00ebn dhe kompasin e tij antikomb\u00ebtar, kur para dy vjet\u00ebsh mati dhe preu gjeo-hap\u00ebsir\u00ebn detare Arb\u00ebrore. Dyzimi i tij \u00ebsht\u00eb i friksh\u00ebm.<\/p>\n","protected":false},"excerpt":{"rendered":"<p>Intervist\u00eb me Myslym Pashaj Marr\u00ebveshja detare me Greqin\u00eb q\u00eb i falte fqinj\u00ebve tan\u00eb kilometra t\u00eb t\u00ebra det shqiptar \u00ebsht\u00eb kund\u00ebrshtuar fuqimisht nga nj\u00eb njeri i vet\u00ebm, profesor Myslim Pasha. Koloneli n\u00eb lirim i Forcave t\u00eb Armatosura paraqiti prova e fakte q\u00eb tregonin se Greqis\u00eb po i dhurohej deti shqiptar, por p\u00ebrfaq\u00ebsuesit e qeveris\u00eb e sulmuan [&hellip;]<\/p>\n","protected":false},"author":1,"featured_media":0,"comment_status":"open","ping_status":"closed","sticky":false,"template":"","format":"standard","meta":{"footnotes":""},"categories":[2,4],"tags":[],"class_list":{"0":"post-10488","1":"post","2":"type-post","3":"status-publish","4":"format-standard","6":"category-artikuj","7":"category-intervista"},"yoast_head":"<!-- This site is optimized with the Yoast SEO plugin v27.4 - https:\/\/yoast.com\/product\/yoast-seo-wordpress\/ -->\n<title>Kabllogramet rr\u00ebzuan \u201ckompasin\u201d e Berish\u00ebs - FjALA e LIR\u00cb - Arkivi<\/title>\n<meta name=\"robots\" content=\"index, follow, max-snippet:-1, max-image-preview:large, max-video-preview:-1\" \/>\n<link rel=\"canonical\" href=\"https:\/\/fjala.info\/2009-2015\/kabllogramet-rrezuan-kompasin-e-berishes\/\" \/>\n<meta property=\"og:locale\" content=\"sq_AL\" \/>\n<meta property=\"og:type\" content=\"article\" \/>\n<meta property=\"og:title\" content=\"Kabllogramet rr\u00ebzuan \u201ckompasin\u201d e Berish\u00ebs - FjALA e LIR\u00cb - Arkivi\" \/>\n<meta property=\"og:description\" content=\"Intervist\u00eb me Myslym Pashaj Marr\u00ebveshja detare me Greqin\u00eb q\u00eb i falte fqinj\u00ebve tan\u00eb kilometra t\u00eb t\u00ebra det shqiptar \u00ebsht\u00eb kund\u00ebrshtuar fuqimisht nga nj\u00eb njeri i vet\u00ebm, profesor Myslim Pasha. Koloneli n\u00eb lirim i Forcave t\u00eb Armatosura paraqiti prova e fakte q\u00eb tregonin se Greqis\u00eb po i dhurohej deti shqiptar, por p\u00ebrfaq\u00ebsuesit e qeveris\u00eb e sulmuan [&hellip;]\" \/>\n<meta property=\"og:url\" content=\"https:\/\/fjala.info\/2009-2015\/kabllogramet-rrezuan-kompasin-e-berishes\/\" \/>\n<meta property=\"og:site_name\" content=\"FjALA e LIR\u00cb - Arkivi\" \/>\n<meta property=\"article:published_time\" content=\"2011-09-15T21:50:17+00:00\" \/>\n<meta property=\"og:image\" content=\"http:\/\/www.shkoder.net\/images\/fjala\/2011\/harta_deti_me_greqine.jpg\" \/>\n<meta name=\"author\" content=\"admin\" \/>\n<meta name=\"twitter:card\" content=\"summary_large_image\" \/>\n<meta name=\"twitter:label1\" content=\"Written by\" \/>\n\t<meta name=\"twitter:data1\" content=\"admin\" \/>\n\t<meta name=\"twitter:label2\" content=\"Est. reading time\" \/>\n\t<meta name=\"twitter:data2\" content=\"8 minutes\" \/>\n<script type=\"application\/ld+json\" class=\"yoast-schema-graph\">{\"@context\":\"https:\\\/\\\/schema.org\",\"@graph\":[{\"@type\":\"Article\",\"@id\":\"https:\\\/\\\/fjala.info\\\/2009-2015\\\/kabllogramet-rrezuan-kompasin-e-berishes\\\/#article\",\"isPartOf\":{\"@id\":\"https:\\\/\\\/fjala.info\\\/2009-2015\\\/kabllogramet-rrezuan-kompasin-e-berishes\\\/\"},\"author\":{\"name\":\"admin\",\"@id\":\"https:\\\/\\\/fjala.info\\\/2009-2015\\\/#\\\/schema\\\/person\\\/3aa1163ef05469c496fc94e77611ada2\"},\"headline\":\"Kabllogramet rr\u00ebzuan \u201ckompasin\u201d e Berish\u00ebs\",\"datePublished\":\"2011-09-15T21:50:17+00:00\",\"mainEntityOfPage\":{\"@id\":\"https:\\\/\\\/fjala.info\\\/2009-2015\\\/kabllogramet-rrezuan-kompasin-e-berishes\\\/\"},\"wordCount\":1656,\"commentCount\":0,\"publisher\":{\"@id\":\"https:\\\/\\\/fjala.info\\\/2009-2015\\\/#organization\"},\"image\":{\"@id\":\"https:\\\/\\\/fjala.info\\\/2009-2015\\\/kabllogramet-rrezuan-kompasin-e-berishes\\\/#primaryimage\"},\"thumbnailUrl\":\"http:\\\/\\\/www.shkoder.net\\\/images\\\/fjala\\\/2011\\\/harta_deti_me_greqine.jpg\",\"articleSection\":[\"Artikuj\",\"Intervista\"],\"inLanguage\":\"sq-AL\",\"potentialAction\":[{\"@type\":\"CommentAction\",\"name\":\"Comment\",\"target\":[\"https:\\\/\\\/fjala.info\\\/2009-2015\\\/kabllogramet-rrezuan-kompasin-e-berishes\\\/#respond\"]}]},{\"@type\":\"WebPage\",\"@id\":\"https:\\\/\\\/fjala.info\\\/2009-2015\\\/kabllogramet-rrezuan-kompasin-e-berishes\\\/\",\"url\":\"https:\\\/\\\/fjala.info\\\/2009-2015\\\/kabllogramet-rrezuan-kompasin-e-berishes\\\/\",\"name\":\"Kabllogramet rr\u00ebzuan \u201ckompasin\u201d e Berish\u00ebs - FjALA e LIR\u00cb - Arkivi\",\"isPartOf\":{\"@id\":\"https:\\\/\\\/fjala.info\\\/2009-2015\\\/#website\"},\"primaryImageOfPage\":{\"@id\":\"https:\\\/\\\/fjala.info\\\/2009-2015\\\/kabllogramet-rrezuan-kompasin-e-berishes\\\/#primaryimage\"},\"image\":{\"@id\":\"https:\\\/\\\/fjala.info\\\/2009-2015\\\/kabllogramet-rrezuan-kompasin-e-berishes\\\/#primaryimage\"},\"thumbnailUrl\":\"http:\\\/\\\/www.shkoder.net\\\/images\\\/fjala\\\/2011\\\/harta_deti_me_greqine.jpg\",\"datePublished\":\"2011-09-15T21:50:17+00:00\",\"breadcrumb\":{\"@id\":\"https:\\\/\\\/fjala.info\\\/2009-2015\\\/kabllogramet-rrezuan-kompasin-e-berishes\\\/#breadcrumb\"},\"inLanguage\":\"sq-AL\",\"potentialAction\":[{\"@type\":\"ReadAction\",\"target\":[\"https:\\\/\\\/fjala.info\\\/2009-2015\\\/kabllogramet-rrezuan-kompasin-e-berishes\\\/\"]}]},{\"@type\":\"ImageObject\",\"inLanguage\":\"sq-AL\",\"@id\":\"https:\\\/\\\/fjala.info\\\/2009-2015\\\/kabllogramet-rrezuan-kompasin-e-berishes\\\/#primaryimage\",\"url\":\"http:\\\/\\\/www.shkoder.net\\\/images\\\/fjala\\\/2011\\\/harta_deti_me_greqine.jpg\",\"contentUrl\":\"http:\\\/\\\/www.shkoder.net\\\/images\\\/fjala\\\/2011\\\/harta_deti_me_greqine.jpg\"},{\"@type\":\"BreadcrumbList\",\"@id\":\"https:\\\/\\\/fjala.info\\\/2009-2015\\\/kabllogramet-rrezuan-kompasin-e-berishes\\\/#breadcrumb\",\"itemListElement\":[{\"@type\":\"ListItem\",\"position\":1,\"name\":\"Home\",\"item\":\"https:\\\/\\\/fjala.info\\\/2009-2015\\\/\"},{\"@type\":\"ListItem\",\"position\":2,\"name\":\"Kabllogramet rr\u00ebzuan \u201ckompasin\u201d e Berish\u00ebs\"}]},{\"@type\":\"WebSite\",\"@id\":\"https:\\\/\\\/fjala.info\\\/2009-2015\\\/#website\",\"url\":\"https:\\\/\\\/fjala.info\\\/2009-2015\\\/\",\"name\":\"FjALA e LIR\u00cb - Arkivi\",\"description\":\"Arkivi 2009-2015\",\"publisher\":{\"@id\":\"https:\\\/\\\/fjala.info\\\/2009-2015\\\/#organization\"},\"potentialAction\":[{\"@type\":\"SearchAction\",\"target\":{\"@type\":\"EntryPoint\",\"urlTemplate\":\"https:\\\/\\\/fjala.info\\\/2009-2015\\\/?s={search_term_string}\"},\"query-input\":{\"@type\":\"PropertyValueSpecification\",\"valueRequired\":true,\"valueName\":\"search_term_string\"}}],\"inLanguage\":\"sq-AL\"},{\"@type\":\"Organization\",\"@id\":\"https:\\\/\\\/fjala.info\\\/2009-2015\\\/#organization\",\"name\":\"FjALA e LIR\u00cb - Arkivi\",\"url\":\"https:\\\/\\\/fjala.info\\\/2009-2015\\\/\",\"logo\":{\"@type\":\"ImageObject\",\"inLanguage\":\"sq-AL\",\"@id\":\"https:\\\/\\\/fjala.info\\\/2009-2015\\\/#\\\/schema\\\/logo\\\/image\\\/\",\"url\":\"\",\"contentUrl\":\"\",\"caption\":\"FjALA e LIR\u00cb - Arkivi\"},\"image\":{\"@id\":\"https:\\\/\\\/fjala.info\\\/2009-2015\\\/#\\\/schema\\\/logo\\\/image\\\/\"}},{\"@type\":\"Person\",\"@id\":\"https:\\\/\\\/fjala.info\\\/2009-2015\\\/#\\\/schema\\\/person\\\/3aa1163ef05469c496fc94e77611ada2\",\"name\":\"admin\",\"image\":{\"@type\":\"ImageObject\",\"inLanguage\":\"sq-AL\",\"@id\":\"https:\\\/\\\/fjala.info\\\/2009-2015\\\/wp-content\\\/uploads\\\/2012\\\/02\\\/arben_cokaj-120x150.jpg\",\"url\":\"https:\\\/\\\/fjala.info\\\/2009-2015\\\/wp-content\\\/uploads\\\/2012\\\/02\\\/arben_cokaj-120x150.jpg\",\"contentUrl\":\"https:\\\/\\\/fjala.info\\\/2009-2015\\\/wp-content\\\/uploads\\\/2012\\\/02\\\/arben_cokaj-120x150.jpg\",\"caption\":\"admin\"},\"description\":\"Admin, Fjala e Lir\u00eb\",\"sameAs\":[\"https:\\\/\\\/fjala.info\\\/\"],\"url\":\"https:\\\/\\\/fjala.info\\\/2009-2015\\\/author\\\/admin\\\/\"}]}<\/script>\n<!-- \/ Yoast SEO plugin. -->","yoast_head_json":{"title":"Kabllogramet rr\u00ebzuan \u201ckompasin\u201d e Berish\u00ebs - FjALA e LIR\u00cb - Arkivi","robots":{"index":"index","follow":"follow","max-snippet":"max-snippet:-1","max-image-preview":"max-image-preview:large","max-video-preview":"max-video-preview:-1"},"canonical":"https:\/\/fjala.info\/2009-2015\/kabllogramet-rrezuan-kompasin-e-berishes\/","og_locale":"sq_AL","og_type":"article","og_title":"Kabllogramet rr\u00ebzuan \u201ckompasin\u201d e Berish\u00ebs - FjALA e LIR\u00cb - Arkivi","og_description":"Intervist\u00eb me Myslym Pashaj Marr\u00ebveshja detare me Greqin\u00eb q\u00eb i falte fqinj\u00ebve tan\u00eb kilometra t\u00eb t\u00ebra det shqiptar \u00ebsht\u00eb kund\u00ebrshtuar fuqimisht nga nj\u00eb njeri i vet\u00ebm, profesor Myslim Pasha. Koloneli n\u00eb lirim i Forcave t\u00eb Armatosura paraqiti prova e fakte q\u00eb tregonin se Greqis\u00eb po i dhurohej deti shqiptar, por p\u00ebrfaq\u00ebsuesit e qeveris\u00eb e sulmuan [&hellip;]","og_url":"https:\/\/fjala.info\/2009-2015\/kabllogramet-rrezuan-kompasin-e-berishes\/","og_site_name":"FjALA e LIR\u00cb - Arkivi","article_published_time":"2011-09-15T21:50:17+00:00","og_image":[{"url":"http:\/\/www.shkoder.net\/images\/fjala\/2011\/harta_deti_me_greqine.jpg","type":"","width":"","height":""}],"author":"admin","twitter_card":"summary_large_image","twitter_misc":{"Written by":"admin","Est. reading time":"8 minutes"},"schema":{"@context":"https:\/\/schema.org","@graph":[{"@type":"Article","@id":"https:\/\/fjala.info\/2009-2015\/kabllogramet-rrezuan-kompasin-e-berishes\/#article","isPartOf":{"@id":"https:\/\/fjala.info\/2009-2015\/kabllogramet-rrezuan-kompasin-e-berishes\/"},"author":{"name":"admin","@id":"https:\/\/fjala.info\/2009-2015\/#\/schema\/person\/3aa1163ef05469c496fc94e77611ada2"},"headline":"Kabllogramet rr\u00ebzuan \u201ckompasin\u201d e Berish\u00ebs","datePublished":"2011-09-15T21:50:17+00:00","mainEntityOfPage":{"@id":"https:\/\/fjala.info\/2009-2015\/kabllogramet-rrezuan-kompasin-e-berishes\/"},"wordCount":1656,"commentCount":0,"publisher":{"@id":"https:\/\/fjala.info\/2009-2015\/#organization"},"image":{"@id":"https:\/\/fjala.info\/2009-2015\/kabllogramet-rrezuan-kompasin-e-berishes\/#primaryimage"},"thumbnailUrl":"http:\/\/www.shkoder.net\/images\/fjala\/2011\/harta_deti_me_greqine.jpg","articleSection":["Artikuj","Intervista"],"inLanguage":"sq-AL","potentialAction":[{"@type":"CommentAction","name":"Comment","target":["https:\/\/fjala.info\/2009-2015\/kabllogramet-rrezuan-kompasin-e-berishes\/#respond"]}]},{"@type":"WebPage","@id":"https:\/\/fjala.info\/2009-2015\/kabllogramet-rrezuan-kompasin-e-berishes\/","url":"https:\/\/fjala.info\/2009-2015\/kabllogramet-rrezuan-kompasin-e-berishes\/","name":"Kabllogramet rr\u00ebzuan \u201ckompasin\u201d e Berish\u00ebs - FjALA e LIR\u00cb - Arkivi","isPartOf":{"@id":"https:\/\/fjala.info\/2009-2015\/#website"},"primaryImageOfPage":{"@id":"https:\/\/fjala.info\/2009-2015\/kabllogramet-rrezuan-kompasin-e-berishes\/#primaryimage"},"image":{"@id":"https:\/\/fjala.info\/2009-2015\/kabllogramet-rrezuan-kompasin-e-berishes\/#primaryimage"},"thumbnailUrl":"http:\/\/www.shkoder.net\/images\/fjala\/2011\/harta_deti_me_greqine.jpg","datePublished":"2011-09-15T21:50:17+00:00","breadcrumb":{"@id":"https:\/\/fjala.info\/2009-2015\/kabllogramet-rrezuan-kompasin-e-berishes\/#breadcrumb"},"inLanguage":"sq-AL","potentialAction":[{"@type":"ReadAction","target":["https:\/\/fjala.info\/2009-2015\/kabllogramet-rrezuan-kompasin-e-berishes\/"]}]},{"@type":"ImageObject","inLanguage":"sq-AL","@id":"https:\/\/fjala.info\/2009-2015\/kabllogramet-rrezuan-kompasin-e-berishes\/#primaryimage","url":"http:\/\/www.shkoder.net\/images\/fjala\/2011\/harta_deti_me_greqine.jpg","contentUrl":"http:\/\/www.shkoder.net\/images\/fjala\/2011\/harta_deti_me_greqine.jpg"},{"@type":"BreadcrumbList","@id":"https:\/\/fjala.info\/2009-2015\/kabllogramet-rrezuan-kompasin-e-berishes\/#breadcrumb","itemListElement":[{"@type":"ListItem","position":1,"name":"Home","item":"https:\/\/fjala.info\/2009-2015\/"},{"@type":"ListItem","position":2,"name":"Kabllogramet rr\u00ebzuan \u201ckompasin\u201d e Berish\u00ebs"}]},{"@type":"WebSite","@id":"https:\/\/fjala.info\/2009-2015\/#website","url":"https:\/\/fjala.info\/2009-2015\/","name":"FjALA e LIR\u00cb - Arkivi","description":"Arkivi 2009-2015","publisher":{"@id":"https:\/\/fjala.info\/2009-2015\/#organization"},"potentialAction":[{"@type":"SearchAction","target":{"@type":"EntryPoint","urlTemplate":"https:\/\/fjala.info\/2009-2015\/?s={search_term_string}"},"query-input":{"@type":"PropertyValueSpecification","valueRequired":true,"valueName":"search_term_string"}}],"inLanguage":"sq-AL"},{"@type":"Organization","@id":"https:\/\/fjala.info\/2009-2015\/#organization","name":"FjALA e LIR\u00cb - Arkivi","url":"https:\/\/fjala.info\/2009-2015\/","logo":{"@type":"ImageObject","inLanguage":"sq-AL","@id":"https:\/\/fjala.info\/2009-2015\/#\/schema\/logo\/image\/","url":"","contentUrl":"","caption":"FjALA e LIR\u00cb - Arkivi"},"image":{"@id":"https:\/\/fjala.info\/2009-2015\/#\/schema\/logo\/image\/"}},{"@type":"Person","@id":"https:\/\/fjala.info\/2009-2015\/#\/schema\/person\/3aa1163ef05469c496fc94e77611ada2","name":"admin","image":{"@type":"ImageObject","inLanguage":"sq-AL","@id":"https:\/\/fjala.info\/2009-2015\/wp-content\/uploads\/2012\/02\/arben_cokaj-120x150.jpg","url":"https:\/\/fjala.info\/2009-2015\/wp-content\/uploads\/2012\/02\/arben_cokaj-120x150.jpg","contentUrl":"https:\/\/fjala.info\/2009-2015\/wp-content\/uploads\/2012\/02\/arben_cokaj-120x150.jpg","caption":"admin"},"description":"Admin, Fjala e Lir\u00eb","sameAs":["https:\/\/fjala.info\/"],"url":"https:\/\/fjala.info\/2009-2015\/author\/admin\/"}]}},"_links":{"self":[{"href":"https:\/\/fjala.info\/2009-2015\/wp-json\/wp\/v2\/posts\/10488","targetHints":{"allow":["GET"]}}],"collection":[{"href":"https:\/\/fjala.info\/2009-2015\/wp-json\/wp\/v2\/posts"}],"about":[{"href":"https:\/\/fjala.info\/2009-2015\/wp-json\/wp\/v2\/types\/post"}],"author":[{"embeddable":true,"href":"https:\/\/fjala.info\/2009-2015\/wp-json\/wp\/v2\/users\/1"}],"replies":[{"embeddable":true,"href":"https:\/\/fjala.info\/2009-2015\/wp-json\/wp\/v2\/comments?post=10488"}],"version-history":[{"count":0,"href":"https:\/\/fjala.info\/2009-2015\/wp-json\/wp\/v2\/posts\/10488\/revisions"}],"wp:attachment":[{"href":"https:\/\/fjala.info\/2009-2015\/wp-json\/wp\/v2\/media?parent=10488"}],"wp:term":[{"taxonomy":"category","embeddable":true,"href":"https:\/\/fjala.info\/2009-2015\/wp-json\/wp\/v2\/categories?post=10488"},{"taxonomy":"post_tag","embeddable":true,"href":"https:\/\/fjala.info\/2009-2015\/wp-json\/wp\/v2\/tags?post=10488"}],"curies":[{"name":"wp","href":"https:\/\/api.w.org\/{rel}","templated":true}]}}