{"id":1047,"date":"2012-01-08T22:02:12","date_gmt":"2012-01-08T21:02:12","guid":{"rendered":"http:\/\/fjala.shkoder.net\/?p=1047"},"modified":"2012-01-08T22:02:12","modified_gmt":"2012-01-08T21:02:12","slug":"zef-mulaj-e-verteta-dhe-edukimi-ne-diversitet","status":"publish","type":"post","link":"https:\/\/fjala.info\/2009-2015\/zef-mulaj-e-verteta-dhe-edukimi-ne-diversitet\/","title":{"rendered":"Zef Mulaj: E v\u00ebrteta dhe edukimi n\u00eb diversitet"},"content":{"rendered":"<p><img decoding=\"async\" class=\"alignleft size-thumbnail wp-image-7236\" title=\"Dr. Zef Mulaj\" src=\"http:\/\/www.shkoder.net\/2012\/zef_mulaj.jpg\" alt=\"\" width=\"200\" \/> <strong>Dr. ZEF MULAJ<\/strong><\/p>\n<p>E gjith\u00eb eksp\u00ebrienca formuese e \u00e7do q\u00ebnieje njer\u00ebzore p\u00ebrshkohet vazhdimisht nga prezenca e vazhdueshme e t\u00eb Huajit. Mar\u00ebdh\u00ebniet nd\u00ebrpersonale jan\u00eb, n\u00eb fakt, nj\u00eb galleri fytyrash q\u00eb thyejne hap\u00ebsiren ton\u00eb jet\u00ebsore ku t\u00eb cilave u pergjigjemi n\u00eb m\u00ebnyra t\u00eb ndryshme, secili nga ne n\u00eb m\u00ebnyren e vet. T\u00eb hysh\u00eb n\u00eb bashkepunim me tjetrin, padyshim do t\u00eb thot\u00eb t\u00eb hysh n\u00eb kontakt me nj\u00eb identitet tjet\u00ebr, me nj\u00eb identitet t\u00eb ndrysh\u00ebm nga ne.<\/p>\n<p>P\u00ebrmes k\u00ebtij xhesti, p\u00ebrve\u00e7 se mund t\u00eb zhvillojm\u00eb njohurit\u00eb tona mbi identitetin ton\u00eb, mund t\u00eb pasurohemi me njohurit\u00eb mbi identitetin tjet\u00ebr, t\u00eb sapo njohur.<\/p>\n<p>Megjithat\u00eb ndonjeher\u00eb, niveli social por edhe ai edukativ p\u00ebrpiqet t\u00eb anulloj\u00eb \u201cdiversitetin\u201d q\u00eb na rend t\u00eb gjith\u00ebve kaq t\u00eb p\u00ebrsosur, duke favoruzuar m\u00eb shum\u00eb kolektivitetin se sa individin, kjo krijon universe t\u00eb homologuara, komunitete, ku individi duhet identifikuar tek kolektiviteti dhe pluralizmi i subjekteve q\u00eb jo gjithmon\u00eb respektohet n\u00eb nivelin e duhur.<\/p>\n<p>K\u00ebshtu q\u00eb, altruizmi dhe \u201cdiversiteti\u201d i atribuohen secilit individ, p\u00ebrfaktin se ai \u00ebsht\u00eb diferent nga nj\u00eb individ tjet\u00ebr, por vet\u00ebm nga disa individ q\u00eb shfaqin karekteristika t\u00eb ve\u00e7anta q\u00eb i rendin ata t\u00eb pangjash\u00ebm n\u00eb krahasim me homologimet grupore: dhe \u00ebsht\u00eb pik\u00ebrisht p\u00ebr k\u00ebt\u00eb q\u00eb prezenca e t\u00eb ashtuquajturve \u201ct\u00eb ndrysh\u00ebmve\u201d n\u00eb shoq\u00ebri, si p\u00ebr shembull n\u00eb shkolla, shkakton konflikte dhe krijon kriza.<\/p>\n<p>Funksionimi normal i sistemit kondicionon n\u00eb m\u00ebnyr\u00eb shum\u00eb t\u00eb fort\u00eb formimin dhe ritjen e individit, aq m\u00eb tep\u00ebr kur b\u00ebhet fjal\u00eb p\u00ebr f\u00ebmij\u00eb dhe adol\u00ebshent.<\/p>\n<p>Diversiteti shpesh her\u00eb shikohet n\u00eb m\u00ebnyr\u00eb negative, si k\u00ebrc\u00ebnim t\u00eb identitetit ton\u00eb dhe presenca e vazhdueshme e \u201ct\u00eb ndryshmit\u201d, shkakton frik\u00eb dhe dyshim.<br \/>\nMjafton t\u00eb kujtojm\u00eb sa frik\u00eb dhe dyshime ka shkaktuar n\u00eb t\u00eb kaluaren prezenca e nx\u00ebn\u00ebsve t\u00eb huaj dhe atyre invalid, tek m\u00ebsuesit dhe edukator\u00ebt.<\/p>\n<p>N\u00ebse arrim\u00eb t\u00eb perceptojm\u00eb diferencat, jo si nj\u00eb limit i komunikimit, por si nj\u00eb vler\u00eb, si nj\u00eb pasuri, si nj\u00eb e drejt\u00eb, takimi me \u201ct\u00eb ndryshmin\u201d , mund t\u00eb jet\u00eb, n\u00eb disa raste edhe nj\u00eb p\u00ebrplasje, por jo automatikisht nj\u00eb deskriminim.<\/p>\n<p>Edukimi do t\u00eb ishte m\u00eb i hapur e me qellime t\u00eb qarta, afermimin e identitetit t\u00eb secilit dhe n\u00eb t\u00eb njejten koh\u00eb vler\u00ebsimin e diferencave. Nd\u00ebrsa paragjymi i perdorur si gjykim dhe i pamb\u00ebshtetur jo nga faktet por vet\u00ebm nga opinionet, motori q\u00eb nganj\u00ebher\u00eb v\u00eb n\u00eb livizje qellimet dhe sjelljet tona, kondicionon mar\u00ebdh\u00ebniet tona sociale, duke penguar mundesit\u00eb e bashkepunimit me t\u00eb tjer\u00ebt.<\/p>\n<p>Por paragjykimi nuk \u00ebsht\u00eb i lindur dhe as spontan, por ka rr\u00ebnj\u00ebt e tij tek influenca familjare, ambientale, sociale dhe rr\u00ebnjoset q\u00eb n\u00eb vitet e para t\u00eb f\u00ebmij\u00ebris\u00eb. Esht\u00eb fondamentale t\u00eb nd\u00ebrhyjm\u00eb n\u00eb nivelin shkollor, familjar dhe edukativ, q\u00eb diferencat t\u2019i shnd\u00ebrrojme n\u00eb pasuri, n\u00eb paradigm\u00eb edukative p\u00ebr t\u00eb stimuluar f\u00ebmij\u00ebt dhe adol\u00ebshent\u00ebt q\u00eb t\u00eb m\u00ebndojn\u00eb n\u00eb m\u00ebnyr\u00eb kritike ndaj atyre q\u00eb diversitetin e shohin si nj\u00eb problem, dhe jo t\u2019u themi atyre at q\u00eb duhet t\u00eb mendojn\u00eb.<\/p>\n<p>N\u00eb k\u00ebt\u00eb pike, nj\u00eb nd\u00ebr p\u00ebrparisit\u00eb e shkoll\u00ebs duhet t\u00eb jet\u00eb edukimi i diferencave ndaj \u201ct\u00eb ndrysh\u00ebmve\u201d, p\u00ebr t\u00eb vendosur bazat e nj\u00eb kulture mikprit\u00ebse q\u00eb t\u00eb parandaloj\u00eb homegjenizmin kulturor.<\/p>\n<p>Sekreti p\u00ebr minimumin e bashk\u00ebpunimit dhe vullneti p\u00ebr t\u00eb pranuar k\u00ebt\u00eb bashk\u00ebpunim si baz\u00eb e s\u00eb v\u00ebrtet\u00ebs, q\u00ebndron tek reciprociteti. N\u00eb asnj\u00eb m\u00ebnyr\u00eb nuk duhet patur frik\u00eb nga e v\u00ebrteta, por edhe e v\u00ebrteta duhet p\u00ebrdorur me doza t\u00eb caktuara n\u00eb m\u00ebnyr\u00eb q\u00eb t\u00eb tjer\u00ebt mos ta keqkuptojne at\u00eb. Kjo mund t\u00eb vij\u00eb vet\u00ebm n\u00ebp\u00ebrmjet liris\u00eb reciproke dhe jo n\u00ebp\u00ebrmjet detyrimit t\u00eb nj\u00ebr\u00ebs pal\u00eb mbi pal\u00ebn tjet\u00ebr. Pa nj\u00eb liri t\u00eb plot\u00eb nuk mund t\u00eb ket\u00eb nj\u00eb t\u00eb v\u00ebrtet\u00eb t\u00eb plot\u00eb.<\/p>\n<p><em>Publikuar ne gazetat italiane, \u201cResto Del Carlino\u201d e \u201cCorriere Adriatica\u201d \u2013 Perkthyer ne shqip nga Valentin Bru\u00e7aj<\/em><\/p>\n<p><em>Video relevante, interesante:<\/em><\/p>\n<p><iframe loading=\"lazy\" src=\"http:\/\/www.youtube.com\/embed\/_oMD_RjpHgo\" frameborder=\"0\" width=\"420\" height=\"315\"><\/iframe><\/p>\n","protected":false},"excerpt":{"rendered":"<p>Dr. ZEF MULAJ E gjith\u00eb eksp\u00ebrienca formuese e \u00e7do q\u00ebnieje njer\u00ebzore p\u00ebrshkohet vazhdimisht nga prezenca e vazhdueshme e t\u00eb Huajit. Mar\u00ebdh\u00ebniet nd\u00ebrpersonale jan\u00eb, n\u00eb fakt, nj\u00eb galleri fytyrash q\u00eb thyejne hap\u00ebsiren ton\u00eb jet\u00ebsore ku t\u00eb cilave u pergjigjemi n\u00eb m\u00ebnyra t\u00eb ndryshme, secili nga ne n\u00eb m\u00ebnyren e vet. T\u00eb hysh\u00eb n\u00eb bashkepunim me tjetrin, [&hellip;]<\/p>\n","protected":false},"author":1,"featured_media":0,"comment_status":"open","ping_status":"closed","sticky":false,"template":"","format":"standard","meta":{"footnotes":""},"categories":[2],"tags":[],"class_list":{"0":"post-1047","1":"post","2":"type-post","3":"status-publish","4":"format-standard","6":"category-artikuj"},"yoast_head":"<!-- This site is optimized with the Yoast SEO plugin v27.4 - https:\/\/yoast.com\/product\/yoast-seo-wordpress\/ -->\n<title>Zef Mulaj: E v\u00ebrteta dhe edukimi n\u00eb diversitet - FjALA e LIR\u00cb - Arkivi<\/title>\n<meta name=\"robots\" content=\"index, follow, max-snippet:-1, max-image-preview:large, max-video-preview:-1\" \/>\n<link rel=\"canonical\" href=\"https:\/\/fjala.info\/2009-2015\/zef-mulaj-e-verteta-dhe-edukimi-ne-diversitet\/\" \/>\n<meta property=\"og:locale\" content=\"sq_AL\" \/>\n<meta property=\"og:type\" content=\"article\" \/>\n<meta property=\"og:title\" content=\"Zef Mulaj: E v\u00ebrteta dhe edukimi n\u00eb diversitet - FjALA e LIR\u00cb - Arkivi\" \/>\n<meta property=\"og:description\" content=\"Dr. ZEF MULAJ E gjith\u00eb eksp\u00ebrienca formuese e \u00e7do q\u00ebnieje njer\u00ebzore p\u00ebrshkohet vazhdimisht nga prezenca e vazhdueshme e t\u00eb Huajit. Mar\u00ebdh\u00ebniet nd\u00ebrpersonale jan\u00eb, n\u00eb fakt, nj\u00eb galleri fytyrash q\u00eb thyejne hap\u00ebsiren ton\u00eb jet\u00ebsore ku t\u00eb cilave u pergjigjemi n\u00eb m\u00ebnyra t\u00eb ndryshme, secili nga ne n\u00eb m\u00ebnyren e vet. T\u00eb hysh\u00eb n\u00eb bashkepunim me tjetrin, [&hellip;]\" \/>\n<meta property=\"og:url\" content=\"https:\/\/fjala.info\/2009-2015\/zef-mulaj-e-verteta-dhe-edukimi-ne-diversitet\/\" \/>\n<meta property=\"og:site_name\" content=\"FjALA e LIR\u00cb - Arkivi\" \/>\n<meta property=\"article:published_time\" content=\"2012-01-08T21:02:12+00:00\" \/>\n<meta property=\"og:image\" content=\"http:\/\/www.shkoder.net\/2012\/zef_mulaj.jpg\" \/>\n<meta name=\"author\" content=\"admin\" \/>\n<meta name=\"twitter:card\" content=\"summary_large_image\" \/>\n<meta name=\"twitter:label1\" content=\"Written by\" \/>\n\t<meta name=\"twitter:data1\" content=\"admin\" \/>\n\t<meta name=\"twitter:label2\" content=\"Est. reading time\" \/>\n\t<meta name=\"twitter:data2\" content=\"3 minutes\" \/>\n<script type=\"application\/ld+json\" class=\"yoast-schema-graph\">{\"@context\":\"https:\\\/\\\/schema.org\",\"@graph\":[{\"@type\":\"Article\",\"@id\":\"https:\\\/\\\/fjala.info\\\/2009-2015\\\/zef-mulaj-e-verteta-dhe-edukimi-ne-diversitet\\\/#article\",\"isPartOf\":{\"@id\":\"https:\\\/\\\/fjala.info\\\/2009-2015\\\/zef-mulaj-e-verteta-dhe-edukimi-ne-diversitet\\\/\"},\"author\":{\"name\":\"admin\",\"@id\":\"https:\\\/\\\/fjala.info\\\/2009-2015\\\/#\\\/schema\\\/person\\\/3aa1163ef05469c496fc94e77611ada2\"},\"headline\":\"Zef Mulaj: E v\u00ebrteta dhe edukimi n\u00eb diversitet\",\"datePublished\":\"2012-01-08T21:02:12+00:00\",\"mainEntityOfPage\":{\"@id\":\"https:\\\/\\\/fjala.info\\\/2009-2015\\\/zef-mulaj-e-verteta-dhe-edukimi-ne-diversitet\\\/\"},\"wordCount\":708,\"commentCount\":0,\"publisher\":{\"@id\":\"https:\\\/\\\/fjala.info\\\/2009-2015\\\/#organization\"},\"image\":{\"@id\":\"https:\\\/\\\/fjala.info\\\/2009-2015\\\/zef-mulaj-e-verteta-dhe-edukimi-ne-diversitet\\\/#primaryimage\"},\"thumbnailUrl\":\"http:\\\/\\\/www.shkoder.net\\\/2012\\\/zef_mulaj.jpg\",\"articleSection\":[\"Artikuj\"],\"inLanguage\":\"sq-AL\",\"potentialAction\":[{\"@type\":\"CommentAction\",\"name\":\"Comment\",\"target\":[\"https:\\\/\\\/fjala.info\\\/2009-2015\\\/zef-mulaj-e-verteta-dhe-edukimi-ne-diversitet\\\/#respond\"]}]},{\"@type\":\"WebPage\",\"@id\":\"https:\\\/\\\/fjala.info\\\/2009-2015\\\/zef-mulaj-e-verteta-dhe-edukimi-ne-diversitet\\\/\",\"url\":\"https:\\\/\\\/fjala.info\\\/2009-2015\\\/zef-mulaj-e-verteta-dhe-edukimi-ne-diversitet\\\/\",\"name\":\"Zef Mulaj: E v\u00ebrteta dhe edukimi n\u00eb diversitet - FjALA e LIR\u00cb - Arkivi\",\"isPartOf\":{\"@id\":\"https:\\\/\\\/fjala.info\\\/2009-2015\\\/#website\"},\"primaryImageOfPage\":{\"@id\":\"https:\\\/\\\/fjala.info\\\/2009-2015\\\/zef-mulaj-e-verteta-dhe-edukimi-ne-diversitet\\\/#primaryimage\"},\"image\":{\"@id\":\"https:\\\/\\\/fjala.info\\\/2009-2015\\\/zef-mulaj-e-verteta-dhe-edukimi-ne-diversitet\\\/#primaryimage\"},\"thumbnailUrl\":\"http:\\\/\\\/www.shkoder.net\\\/2012\\\/zef_mulaj.jpg\",\"datePublished\":\"2012-01-08T21:02:12+00:00\",\"breadcrumb\":{\"@id\":\"https:\\\/\\\/fjala.info\\\/2009-2015\\\/zef-mulaj-e-verteta-dhe-edukimi-ne-diversitet\\\/#breadcrumb\"},\"inLanguage\":\"sq-AL\",\"potentialAction\":[{\"@type\":\"ReadAction\",\"target\":[\"https:\\\/\\\/fjala.info\\\/2009-2015\\\/zef-mulaj-e-verteta-dhe-edukimi-ne-diversitet\\\/\"]}]},{\"@type\":\"ImageObject\",\"inLanguage\":\"sq-AL\",\"@id\":\"https:\\\/\\\/fjala.info\\\/2009-2015\\\/zef-mulaj-e-verteta-dhe-edukimi-ne-diversitet\\\/#primaryimage\",\"url\":\"http:\\\/\\\/www.shkoder.net\\\/2012\\\/zef_mulaj.jpg\",\"contentUrl\":\"http:\\\/\\\/www.shkoder.net\\\/2012\\\/zef_mulaj.jpg\"},{\"@type\":\"BreadcrumbList\",\"@id\":\"https:\\\/\\\/fjala.info\\\/2009-2015\\\/zef-mulaj-e-verteta-dhe-edukimi-ne-diversitet\\\/#breadcrumb\",\"itemListElement\":[{\"@type\":\"ListItem\",\"position\":1,\"name\":\"Home\",\"item\":\"https:\\\/\\\/fjala.info\\\/2009-2015\\\/\"},{\"@type\":\"ListItem\",\"position\":2,\"name\":\"Zef Mulaj: E v\u00ebrteta dhe edukimi n\u00eb diversitet\"}]},{\"@type\":\"WebSite\",\"@id\":\"https:\\\/\\\/fjala.info\\\/2009-2015\\\/#website\",\"url\":\"https:\\\/\\\/fjala.info\\\/2009-2015\\\/\",\"name\":\"FjALA e LIR\u00cb - Arkivi\",\"description\":\"Arkivi 2009-2015\",\"publisher\":{\"@id\":\"https:\\\/\\\/fjala.info\\\/2009-2015\\\/#organization\"},\"potentialAction\":[{\"@type\":\"SearchAction\",\"target\":{\"@type\":\"EntryPoint\",\"urlTemplate\":\"https:\\\/\\\/fjala.info\\\/2009-2015\\\/?s={search_term_string}\"},\"query-input\":{\"@type\":\"PropertyValueSpecification\",\"valueRequired\":true,\"valueName\":\"search_term_string\"}}],\"inLanguage\":\"sq-AL\"},{\"@type\":\"Organization\",\"@id\":\"https:\\\/\\\/fjala.info\\\/2009-2015\\\/#organization\",\"name\":\"FjALA e LIR\u00cb - Arkivi\",\"url\":\"https:\\\/\\\/fjala.info\\\/2009-2015\\\/\",\"logo\":{\"@type\":\"ImageObject\",\"inLanguage\":\"sq-AL\",\"@id\":\"https:\\\/\\\/fjala.info\\\/2009-2015\\\/#\\\/schema\\\/logo\\\/image\\\/\",\"url\":\"\",\"contentUrl\":\"\",\"caption\":\"FjALA e LIR\u00cb - Arkivi\"},\"image\":{\"@id\":\"https:\\\/\\\/fjala.info\\\/2009-2015\\\/#\\\/schema\\\/logo\\\/image\\\/\"}},{\"@type\":\"Person\",\"@id\":\"https:\\\/\\\/fjala.info\\\/2009-2015\\\/#\\\/schema\\\/person\\\/3aa1163ef05469c496fc94e77611ada2\",\"name\":\"admin\",\"image\":{\"@type\":\"ImageObject\",\"inLanguage\":\"sq-AL\",\"@id\":\"https:\\\/\\\/fjala.info\\\/2009-2015\\\/wp-content\\\/uploads\\\/2012\\\/02\\\/arben_cokaj-120x150.jpg\",\"url\":\"https:\\\/\\\/fjala.info\\\/2009-2015\\\/wp-content\\\/uploads\\\/2012\\\/02\\\/arben_cokaj-120x150.jpg\",\"contentUrl\":\"https:\\\/\\\/fjala.info\\\/2009-2015\\\/wp-content\\\/uploads\\\/2012\\\/02\\\/arben_cokaj-120x150.jpg\",\"caption\":\"admin\"},\"description\":\"Admin, Fjala e Lir\u00eb\",\"sameAs\":[\"https:\\\/\\\/fjala.info\\\/\"],\"url\":\"https:\\\/\\\/fjala.info\\\/2009-2015\\\/author\\\/admin\\\/\"}]}<\/script>\n<!-- \/ Yoast SEO plugin. -->","yoast_head_json":{"title":"Zef Mulaj: E v\u00ebrteta dhe edukimi n\u00eb diversitet - FjALA e LIR\u00cb - Arkivi","robots":{"index":"index","follow":"follow","max-snippet":"max-snippet:-1","max-image-preview":"max-image-preview:large","max-video-preview":"max-video-preview:-1"},"canonical":"https:\/\/fjala.info\/2009-2015\/zef-mulaj-e-verteta-dhe-edukimi-ne-diversitet\/","og_locale":"sq_AL","og_type":"article","og_title":"Zef Mulaj: E v\u00ebrteta dhe edukimi n\u00eb diversitet - FjALA e LIR\u00cb - Arkivi","og_description":"Dr. ZEF MULAJ E gjith\u00eb eksp\u00ebrienca formuese e \u00e7do q\u00ebnieje njer\u00ebzore p\u00ebrshkohet vazhdimisht nga prezenca e vazhdueshme e t\u00eb Huajit. Mar\u00ebdh\u00ebniet nd\u00ebrpersonale jan\u00eb, n\u00eb fakt, nj\u00eb galleri fytyrash q\u00eb thyejne hap\u00ebsiren ton\u00eb jet\u00ebsore ku t\u00eb cilave u pergjigjemi n\u00eb m\u00ebnyra t\u00eb ndryshme, secili nga ne n\u00eb m\u00ebnyren e vet. T\u00eb hysh\u00eb n\u00eb bashkepunim me tjetrin, [&hellip;]","og_url":"https:\/\/fjala.info\/2009-2015\/zef-mulaj-e-verteta-dhe-edukimi-ne-diversitet\/","og_site_name":"FjALA e LIR\u00cb - Arkivi","article_published_time":"2012-01-08T21:02:12+00:00","og_image":[{"url":"http:\/\/www.shkoder.net\/2012\/zef_mulaj.jpg","type":"","width":"","height":""}],"author":"admin","twitter_card":"summary_large_image","twitter_misc":{"Written by":"admin","Est. reading time":"3 minutes"},"schema":{"@context":"https:\/\/schema.org","@graph":[{"@type":"Article","@id":"https:\/\/fjala.info\/2009-2015\/zef-mulaj-e-verteta-dhe-edukimi-ne-diversitet\/#article","isPartOf":{"@id":"https:\/\/fjala.info\/2009-2015\/zef-mulaj-e-verteta-dhe-edukimi-ne-diversitet\/"},"author":{"name":"admin","@id":"https:\/\/fjala.info\/2009-2015\/#\/schema\/person\/3aa1163ef05469c496fc94e77611ada2"},"headline":"Zef Mulaj: E v\u00ebrteta dhe edukimi n\u00eb diversitet","datePublished":"2012-01-08T21:02:12+00:00","mainEntityOfPage":{"@id":"https:\/\/fjala.info\/2009-2015\/zef-mulaj-e-verteta-dhe-edukimi-ne-diversitet\/"},"wordCount":708,"commentCount":0,"publisher":{"@id":"https:\/\/fjala.info\/2009-2015\/#organization"},"image":{"@id":"https:\/\/fjala.info\/2009-2015\/zef-mulaj-e-verteta-dhe-edukimi-ne-diversitet\/#primaryimage"},"thumbnailUrl":"http:\/\/www.shkoder.net\/2012\/zef_mulaj.jpg","articleSection":["Artikuj"],"inLanguage":"sq-AL","potentialAction":[{"@type":"CommentAction","name":"Comment","target":["https:\/\/fjala.info\/2009-2015\/zef-mulaj-e-verteta-dhe-edukimi-ne-diversitet\/#respond"]}]},{"@type":"WebPage","@id":"https:\/\/fjala.info\/2009-2015\/zef-mulaj-e-verteta-dhe-edukimi-ne-diversitet\/","url":"https:\/\/fjala.info\/2009-2015\/zef-mulaj-e-verteta-dhe-edukimi-ne-diversitet\/","name":"Zef Mulaj: E v\u00ebrteta dhe edukimi n\u00eb diversitet - FjALA e LIR\u00cb - Arkivi","isPartOf":{"@id":"https:\/\/fjala.info\/2009-2015\/#website"},"primaryImageOfPage":{"@id":"https:\/\/fjala.info\/2009-2015\/zef-mulaj-e-verteta-dhe-edukimi-ne-diversitet\/#primaryimage"},"image":{"@id":"https:\/\/fjala.info\/2009-2015\/zef-mulaj-e-verteta-dhe-edukimi-ne-diversitet\/#primaryimage"},"thumbnailUrl":"http:\/\/www.shkoder.net\/2012\/zef_mulaj.jpg","datePublished":"2012-01-08T21:02:12+00:00","breadcrumb":{"@id":"https:\/\/fjala.info\/2009-2015\/zef-mulaj-e-verteta-dhe-edukimi-ne-diversitet\/#breadcrumb"},"inLanguage":"sq-AL","potentialAction":[{"@type":"ReadAction","target":["https:\/\/fjala.info\/2009-2015\/zef-mulaj-e-verteta-dhe-edukimi-ne-diversitet\/"]}]},{"@type":"ImageObject","inLanguage":"sq-AL","@id":"https:\/\/fjala.info\/2009-2015\/zef-mulaj-e-verteta-dhe-edukimi-ne-diversitet\/#primaryimage","url":"http:\/\/www.shkoder.net\/2012\/zef_mulaj.jpg","contentUrl":"http:\/\/www.shkoder.net\/2012\/zef_mulaj.jpg"},{"@type":"BreadcrumbList","@id":"https:\/\/fjala.info\/2009-2015\/zef-mulaj-e-verteta-dhe-edukimi-ne-diversitet\/#breadcrumb","itemListElement":[{"@type":"ListItem","position":1,"name":"Home","item":"https:\/\/fjala.info\/2009-2015\/"},{"@type":"ListItem","position":2,"name":"Zef Mulaj: E v\u00ebrteta dhe edukimi n\u00eb diversitet"}]},{"@type":"WebSite","@id":"https:\/\/fjala.info\/2009-2015\/#website","url":"https:\/\/fjala.info\/2009-2015\/","name":"FjALA e LIR\u00cb - Arkivi","description":"Arkivi 2009-2015","publisher":{"@id":"https:\/\/fjala.info\/2009-2015\/#organization"},"potentialAction":[{"@type":"SearchAction","target":{"@type":"EntryPoint","urlTemplate":"https:\/\/fjala.info\/2009-2015\/?s={search_term_string}"},"query-input":{"@type":"PropertyValueSpecification","valueRequired":true,"valueName":"search_term_string"}}],"inLanguage":"sq-AL"},{"@type":"Organization","@id":"https:\/\/fjala.info\/2009-2015\/#organization","name":"FjALA e LIR\u00cb - Arkivi","url":"https:\/\/fjala.info\/2009-2015\/","logo":{"@type":"ImageObject","inLanguage":"sq-AL","@id":"https:\/\/fjala.info\/2009-2015\/#\/schema\/logo\/image\/","url":"","contentUrl":"","caption":"FjALA e LIR\u00cb - Arkivi"},"image":{"@id":"https:\/\/fjala.info\/2009-2015\/#\/schema\/logo\/image\/"}},{"@type":"Person","@id":"https:\/\/fjala.info\/2009-2015\/#\/schema\/person\/3aa1163ef05469c496fc94e77611ada2","name":"admin","image":{"@type":"ImageObject","inLanguage":"sq-AL","@id":"https:\/\/fjala.info\/2009-2015\/wp-content\/uploads\/2012\/02\/arben_cokaj-120x150.jpg","url":"https:\/\/fjala.info\/2009-2015\/wp-content\/uploads\/2012\/02\/arben_cokaj-120x150.jpg","contentUrl":"https:\/\/fjala.info\/2009-2015\/wp-content\/uploads\/2012\/02\/arben_cokaj-120x150.jpg","caption":"admin"},"description":"Admin, Fjala e Lir\u00eb","sameAs":["https:\/\/fjala.info\/"],"url":"https:\/\/fjala.info\/2009-2015\/author\/admin\/"}]}},"_links":{"self":[{"href":"https:\/\/fjala.info\/2009-2015\/wp-json\/wp\/v2\/posts\/1047","targetHints":{"allow":["GET"]}}],"collection":[{"href":"https:\/\/fjala.info\/2009-2015\/wp-json\/wp\/v2\/posts"}],"about":[{"href":"https:\/\/fjala.info\/2009-2015\/wp-json\/wp\/v2\/types\/post"}],"author":[{"embeddable":true,"href":"https:\/\/fjala.info\/2009-2015\/wp-json\/wp\/v2\/users\/1"}],"replies":[{"embeddable":true,"href":"https:\/\/fjala.info\/2009-2015\/wp-json\/wp\/v2\/comments?post=1047"}],"version-history":[{"count":0,"href":"https:\/\/fjala.info\/2009-2015\/wp-json\/wp\/v2\/posts\/1047\/revisions"}],"wp:attachment":[{"href":"https:\/\/fjala.info\/2009-2015\/wp-json\/wp\/v2\/media?parent=1047"}],"wp:term":[{"taxonomy":"category","embeddable":true,"href":"https:\/\/fjala.info\/2009-2015\/wp-json\/wp\/v2\/categories?post=1047"},{"taxonomy":"post_tag","embeddable":true,"href":"https:\/\/fjala.info\/2009-2015\/wp-json\/wp\/v2\/tags?post=1047"}],"curies":[{"name":"wp","href":"https:\/\/api.w.org\/{rel}","templated":true}]}}