{"id":10445,"date":"2011-09-12T21:54:24","date_gmt":"2011-09-12T20:54:24","guid":{"rendered":"http:\/\/fjala.shkoder.net\/?p=10445"},"modified":"2011-09-12T21:54:24","modified_gmt":"2011-09-12T20:54:24","slug":"basescu-takohet-me-obamen-per-te-biseduar-edhe-per-kosoven","status":"publish","type":"post","link":"https:\/\/fjala.info\/2009-2015\/basescu-takohet-me-obamen-per-te-biseduar-edhe-per-kosoven\/","title":{"rendered":"Basescu takohet me Obam\u00ebn, p\u00ebr t\u00eb biseduar edhe p\u00ebr Kosov\u00ebn"},"content":{"rendered":"<p><strong>Kushtrim Kastrioti<\/strong><\/p>\n<p>T\u00eb mart\u00ebn presidenti rumun shkon n\u00eb Washington p\u00ebr nj\u00eb vizit\u00eb pune q\u00eb p\u00ebrfaq\u00ebson nj\u00eb moment interesant n\u00eb relacionet rumune-amerikane, ku do b\u00ebhet fjal\u00eb p\u00ebr interesat gjeostrategjike t\u00eb bot\u00ebs, por edhe p\u00ebr probleme tjera \u201cm\u00eb pak t\u00eb r\u00ebnd\u00ebsishme\u201d (sipas radio Bukureshtit), nj\u00eb nga to duke qen\u00eb edhe Kosova (konform burimeve t\u00eb Mediafax.ro). Nj\u00eb nga komentaor\u00ebt (Nea Marin), parashtron pyetjen: \u201c\u00c7\u2019k\u00ebrkon Basescu n\u00eb SHBA? Mos po don t\u2019ia reparoj\u00eb \u00e7izmet Obam\u00ebs? Ngase askush nuk e merr parasysh k\u00ebt\u00eb njeri. M\u00eb mire t\u00eb rinte n\u00eb sht\u00ebpi dhe do t\u00eb ekonomizonte parat\u00eb e vjedhura nga pensioner\u00ebt.\u201d<\/p>\n<p><img decoding=\"async\" class=\"aligncenter size-thumbnail wp-image-7236\" title=\"Basescu n\u00eb USA\" src=\"http:\/\/www.shkoder.net\/images\/fjala\/2011\/basescu_usa.jpg\" alt=\"\" width=\"400\" \/><\/p>\n<p>Eminescu thekson n\u00eb komentin e tij se \u201cIntervenimi (rumun) i Gjykat\u00ebs Internacionale t\u00eb Drejt\u00ebsis\u00eb n\u00eb favor t\u00eb Serbis\u00eb, mospjes\u00ebmarrja e Basescut n\u00eb samitin e Varshav\u00ebs p\u00ebr shkak t\u00eb prezenc\u00ebs s\u00eb presidentes s\u00eb Kosov\u00ebs, s\u00eb bashku me q\u00ebndrimin proserb dhe prorus lidhur me pavar\u00ebsin\u00eb e Kosov\u00ebs, mund t\u00eb ndikoj\u00eb q\u00eb administrata amerikane ta shpie n\u00eb sh\u00ebtitje (ta refuzoj\u00eb) n\u00eb t\u00eb gjitha pik\u00ebshikimet. Jo presidenti i ka fajet p\u00ebr k\u00ebt\u00eb q\u00ebndrim t\u00eb verb\u00ebt, por k\u00ebshilltar\u00ebt e tij, si dhe gazetar\u00ebt me esenc\u00eb komuniste q\u00eb kan\u00eb kultivuar propaganda serbe n\u00eb shtypin rumun. Nga ky koment \u00ebsht\u00eb botuar vet\u00ebm gjysma, si pasoj\u00eb e hapsir\u00ebs tipografike.<\/p>\n<p><img decoding=\"async\" class=\"aligncenter size-thumbnail wp-image-7236\" title=\"Kosova n\u00eb Bukuresht\" src=\"http:\/\/www.shkoder.net\/images\/fjala\/2011\/kosova_bukuresht.jpg\" alt=\"\" width=\"450\" \/><\/p>\n<p>Edhepse mendon se duke mos e njohur Kosov\u00ebn i mbron interesat nacionale t\u00eb Rumanis\u00eb si pasoj\u00eb e k\u00ebrkesave hungareze p\u00ebr autonomi territioriale n\u00eb zem\u00ebr t\u00eb Transilvanis\u00eb, Basescu konsiderohet si presidenti m\u00eb i dob\u00ebt n\u00eb historin\u00eb e k\u00ebtij vendi, ishkomandant flote ku mund t\u00eb ket\u00eb krijuar miq\u00ebsi edhe me serb\u00ebt e dehur t\u00eb tij.<\/p>\n<p>Jan\u00eb nj\u00eb ser\u00eb faktesh q\u00eb d\u00ebshmojn\u00eb se \u00ebsht\u00eb aq cinik, aq i papjekur politikisht, aq i urryer nga rumun\u00ebt q\u00eb i mashtroi gjat\u00eb fushat\u00ebs elektoroale se do t\u00eb jetojn\u00eb m\u00eb mir\u00eb, saq\u00eb mund t\u00eb krijosh p\u00ebrshtypjen se do t\u00eb p\u00ebrpiqet ta mashtroj\u00eb edhe presidentin amerikan, p\u00ebr t\u2019i shp\u00ebn\u00eb uj\u00ebrat e turbullta n\u00eb favor t\u00eb Serbis\u00eb dhe n\u00eb disfavor t\u00eb Kosov\u00ebs, duke i p\u00ebrs\u00ebritur t\u00eb nj\u00ebjtat mendime absurde dhe arrogante, gjoja se qenka shkelur e \u201cdrejta internacionale\u201d lidhur me shpalljen e pavar\u00ebsis\u00eb s\u00eb Kosov\u00ebs, pa e ditur se amerikan\u00ebt nuk do ta p\u00ebrfillin kurr\u00eb agjend\u00ebn proserbe dhe proruse t\u00eb Basescut p\u00ebr Kosov\u00ebn, por at\u00eb proamerikane, proeuropiane dhe prokosovare.<\/p>\n<p><img decoding=\"async\" class=\"aligncenter size-thumbnail wp-image-7236\" title=\"Kosova n\u00eb Bukuresht\" src=\"http:\/\/www.shkoder.net\/images\/fjala\/2011\/kosova_bukuresht1.jpg\" alt=\"\" width=\"450\" \/><\/p>\n<p>Shqiptar\u00ebt q\u00eb ende s\u2019e kan\u00eb hedhur Serbin\u00eb n\u00eb Tribunalin e Hag\u00ebs p\u00ebr krime kund\u00ebr njer\u00ebzimit, duhet ta din\u00eb se populli rumun e admiron Kosov\u00ebn dhe i admiron shqiptar\u00ebt, dhe se analist\u00eb, madje edhe qeveritar\u00eb q\u00eb s\u2019guxojn\u00eb t\u00eb dalin me em\u00ebr e mbiem\u00ebr se personalisht e njohin pavar\u00ebsin\u00eb e Kosov\u00ebs, nga frika se mund ta humbin postin q\u00eb kan\u00eb. Gabimi \u00ebsht\u00eb edhe i pal\u00ebs hungareze t\u00eb k\u00ebtij vendi q\u00eb erdhi n\u00eb Prishtin\u00eb me rastin e shaplljes s\u00eb pavar\u00ebsis\u00eb s\u00eb Kosov\u00ebs, jo p\u00ebr interesat tona, por p\u00ebr interesat e veta, duke krijuar alergji te pala politike rumune e cila zhvilloi dy debate parlamentare kund\u00ebr pavar\u00ebsis\u00eb s\u00eb Kosov\u00ebs (2007\/2008).<\/p>\n<p><img decoding=\"async\" class=\"aligncenter size-thumbnail wp-image-7236\" title=\"Kosova n\u00eb Bukuresht\" src=\"http:\/\/www.shkoder.net\/images\/fjala\/2011\/kosova_bukuresht2.jpg\" alt=\"\" width=\"450\" \/><\/p>\n<p>Nj\u00ebri nga analist\u00ebt e rinj \u00ebsht\u00eb edhe Remus Cernea i cili thekson se \u201cRumania gabon r\u00ebnd\u00eb lidhur me Kosov\u00ebn\u201d, p\u00ebr t\u00eb mos p\u00ebrmendur edhe emra tjer\u00eb si Tiberius Puiu, Corneliu Zeana, Florian Bichir, Baki Ymeri etj., por k\u00ebto jan\u00eb pak, dhe me pak lule nuk del pranvera, nd\u00ebrsa lulet e liris\u00eb dhe mir\u00ebqenies rumune shkojn\u00eb duke u vyshkur si pasoj\u00eb e varf\u00ebris\u00eb dhe korupcionit t\u00eb nj\u00eb vendi t\u00eb drejtuar nga ishkomunist\u00ebt e Nikolla \u00c7ausheskut.<\/p>\n<p><strong>BOX<\/strong><\/p>\n<p>http:\/\/www.mediafax.ro\/politic\/basescu-merge-in-sua-majoritatea-indiciilor-vizitei-duc-la-o-intalnire-bilaterala-cu-obama-8726050\/#comments<\/p>\n","protected":false},"excerpt":{"rendered":"<p>Kushtrim Kastrioti T\u00eb mart\u00ebn presidenti rumun shkon n\u00eb Washington p\u00ebr nj\u00eb vizit\u00eb pune q\u00eb p\u00ebrfaq\u00ebson nj\u00eb moment interesant n\u00eb relacionet rumune-amerikane, ku do b\u00ebhet fjal\u00eb p\u00ebr interesat gjeostrategjike t\u00eb bot\u00ebs, por edhe p\u00ebr probleme tjera \u201cm\u00eb pak t\u00eb r\u00ebnd\u00ebsishme\u201d (sipas radio Bukureshtit), nj\u00eb nga to duke qen\u00eb edhe Kosova (konform burimeve t\u00eb Mediafax.ro). Nj\u00eb nga [&hellip;]<\/p>\n","protected":false},"author":1,"featured_media":0,"comment_status":"open","ping_status":"closed","sticky":false,"template":"","format":"standard","meta":{"footnotes":""},"categories":[2],"tags":[],"class_list":{"0":"post-10445","1":"post","2":"type-post","3":"status-publish","4":"format-standard","6":"category-artikuj"},"yoast_head":"<!-- This site is optimized with the Yoast SEO plugin v27.4 - https:\/\/yoast.com\/product\/yoast-seo-wordpress\/ -->\n<title>Basescu takohet me Obam\u00ebn, p\u00ebr t\u00eb biseduar edhe p\u00ebr Kosov\u00ebn - FjALA e LIR\u00cb - Arkivi<\/title>\n<meta name=\"robots\" content=\"index, follow, max-snippet:-1, max-image-preview:large, max-video-preview:-1\" \/>\n<link rel=\"canonical\" href=\"https:\/\/fjala.info\/2009-2015\/basescu-takohet-me-obamen-per-te-biseduar-edhe-per-kosoven\/\" \/>\n<meta property=\"og:locale\" content=\"sq_AL\" \/>\n<meta property=\"og:type\" content=\"article\" \/>\n<meta property=\"og:title\" content=\"Basescu takohet me Obam\u00ebn, p\u00ebr t\u00eb biseduar edhe p\u00ebr Kosov\u00ebn - FjALA e LIR\u00cb - Arkivi\" \/>\n<meta property=\"og:description\" content=\"Kushtrim Kastrioti T\u00eb mart\u00ebn presidenti rumun shkon n\u00eb Washington p\u00ebr nj\u00eb vizit\u00eb pune q\u00eb p\u00ebrfaq\u00ebson nj\u00eb moment interesant n\u00eb relacionet rumune-amerikane, ku do b\u00ebhet fjal\u00eb p\u00ebr interesat gjeostrategjike t\u00eb bot\u00ebs, por edhe p\u00ebr probleme tjera \u201cm\u00eb pak t\u00eb r\u00ebnd\u00ebsishme\u201d (sipas radio Bukureshtit), nj\u00eb nga to duke qen\u00eb edhe Kosova (konform burimeve t\u00eb Mediafax.ro). Nj\u00eb nga [&hellip;]\" \/>\n<meta property=\"og:url\" content=\"https:\/\/fjala.info\/2009-2015\/basescu-takohet-me-obamen-per-te-biseduar-edhe-per-kosoven\/\" \/>\n<meta property=\"og:site_name\" content=\"FjALA e LIR\u00cb - Arkivi\" \/>\n<meta property=\"article:published_time\" content=\"2011-09-12T20:54:24+00:00\" \/>\n<meta property=\"og:image\" content=\"http:\/\/www.shkoder.net\/images\/fjala\/2011\/basescu_usa.jpg\" \/>\n<meta name=\"author\" content=\"admin\" \/>\n<meta name=\"twitter:card\" content=\"summary_large_image\" \/>\n<meta name=\"twitter:label1\" content=\"Written by\" \/>\n\t<meta name=\"twitter:data1\" content=\"admin\" \/>\n\t<meta name=\"twitter:label2\" content=\"Est. reading time\" \/>\n\t<meta name=\"twitter:data2\" content=\"3 minutes\" \/>\n<script type=\"application\/ld+json\" class=\"yoast-schema-graph\">{\"@context\":\"https:\\\/\\\/schema.org\",\"@graph\":[{\"@type\":\"Article\",\"@id\":\"https:\\\/\\\/fjala.info\\\/2009-2015\\\/basescu-takohet-me-obamen-per-te-biseduar-edhe-per-kosoven\\\/#article\",\"isPartOf\":{\"@id\":\"https:\\\/\\\/fjala.info\\\/2009-2015\\\/basescu-takohet-me-obamen-per-te-biseduar-edhe-per-kosoven\\\/\"},\"author\":{\"name\":\"admin\",\"@id\":\"https:\\\/\\\/fjala.info\\\/2009-2015\\\/#\\\/schema\\\/person\\\/3aa1163ef05469c496fc94e77611ada2\"},\"headline\":\"Basescu takohet me Obam\u00ebn, p\u00ebr t\u00eb biseduar edhe p\u00ebr Kosov\u00ebn\",\"datePublished\":\"2011-09-12T20:54:24+00:00\",\"mainEntityOfPage\":{\"@id\":\"https:\\\/\\\/fjala.info\\\/2009-2015\\\/basescu-takohet-me-obamen-per-te-biseduar-edhe-per-kosoven\\\/\"},\"wordCount\":656,\"commentCount\":0,\"publisher\":{\"@id\":\"https:\\\/\\\/fjala.info\\\/2009-2015\\\/#organization\"},\"image\":{\"@id\":\"https:\\\/\\\/fjala.info\\\/2009-2015\\\/basescu-takohet-me-obamen-per-te-biseduar-edhe-per-kosoven\\\/#primaryimage\"},\"thumbnailUrl\":\"http:\\\/\\\/www.shkoder.net\\\/images\\\/fjala\\\/2011\\\/basescu_usa.jpg\",\"articleSection\":[\"Artikuj\"],\"inLanguage\":\"sq-AL\",\"potentialAction\":[{\"@type\":\"CommentAction\",\"name\":\"Comment\",\"target\":[\"https:\\\/\\\/fjala.info\\\/2009-2015\\\/basescu-takohet-me-obamen-per-te-biseduar-edhe-per-kosoven\\\/#respond\"]}]},{\"@type\":\"WebPage\",\"@id\":\"https:\\\/\\\/fjala.info\\\/2009-2015\\\/basescu-takohet-me-obamen-per-te-biseduar-edhe-per-kosoven\\\/\",\"url\":\"https:\\\/\\\/fjala.info\\\/2009-2015\\\/basescu-takohet-me-obamen-per-te-biseduar-edhe-per-kosoven\\\/\",\"name\":\"Basescu takohet me Obam\u00ebn, p\u00ebr t\u00eb biseduar edhe p\u00ebr Kosov\u00ebn - FjALA e LIR\u00cb - Arkivi\",\"isPartOf\":{\"@id\":\"https:\\\/\\\/fjala.info\\\/2009-2015\\\/#website\"},\"primaryImageOfPage\":{\"@id\":\"https:\\\/\\\/fjala.info\\\/2009-2015\\\/basescu-takohet-me-obamen-per-te-biseduar-edhe-per-kosoven\\\/#primaryimage\"},\"image\":{\"@id\":\"https:\\\/\\\/fjala.info\\\/2009-2015\\\/basescu-takohet-me-obamen-per-te-biseduar-edhe-per-kosoven\\\/#primaryimage\"},\"thumbnailUrl\":\"http:\\\/\\\/www.shkoder.net\\\/images\\\/fjala\\\/2011\\\/basescu_usa.jpg\",\"datePublished\":\"2011-09-12T20:54:24+00:00\",\"breadcrumb\":{\"@id\":\"https:\\\/\\\/fjala.info\\\/2009-2015\\\/basescu-takohet-me-obamen-per-te-biseduar-edhe-per-kosoven\\\/#breadcrumb\"},\"inLanguage\":\"sq-AL\",\"potentialAction\":[{\"@type\":\"ReadAction\",\"target\":[\"https:\\\/\\\/fjala.info\\\/2009-2015\\\/basescu-takohet-me-obamen-per-te-biseduar-edhe-per-kosoven\\\/\"]}]},{\"@type\":\"ImageObject\",\"inLanguage\":\"sq-AL\",\"@id\":\"https:\\\/\\\/fjala.info\\\/2009-2015\\\/basescu-takohet-me-obamen-per-te-biseduar-edhe-per-kosoven\\\/#primaryimage\",\"url\":\"http:\\\/\\\/www.shkoder.net\\\/images\\\/fjala\\\/2011\\\/basescu_usa.jpg\",\"contentUrl\":\"http:\\\/\\\/www.shkoder.net\\\/images\\\/fjala\\\/2011\\\/basescu_usa.jpg\"},{\"@type\":\"BreadcrumbList\",\"@id\":\"https:\\\/\\\/fjala.info\\\/2009-2015\\\/basescu-takohet-me-obamen-per-te-biseduar-edhe-per-kosoven\\\/#breadcrumb\",\"itemListElement\":[{\"@type\":\"ListItem\",\"position\":1,\"name\":\"Home\",\"item\":\"https:\\\/\\\/fjala.info\\\/2009-2015\\\/\"},{\"@type\":\"ListItem\",\"position\":2,\"name\":\"Basescu takohet me Obam\u00ebn, p\u00ebr t\u00eb biseduar edhe p\u00ebr Kosov\u00ebn\"}]},{\"@type\":\"WebSite\",\"@id\":\"https:\\\/\\\/fjala.info\\\/2009-2015\\\/#website\",\"url\":\"https:\\\/\\\/fjala.info\\\/2009-2015\\\/\",\"name\":\"FjALA e LIR\u00cb - Arkivi\",\"description\":\"Arkivi 2009-2015\",\"publisher\":{\"@id\":\"https:\\\/\\\/fjala.info\\\/2009-2015\\\/#organization\"},\"potentialAction\":[{\"@type\":\"SearchAction\",\"target\":{\"@type\":\"EntryPoint\",\"urlTemplate\":\"https:\\\/\\\/fjala.info\\\/2009-2015\\\/?s={search_term_string}\"},\"query-input\":{\"@type\":\"PropertyValueSpecification\",\"valueRequired\":true,\"valueName\":\"search_term_string\"}}],\"inLanguage\":\"sq-AL\"},{\"@type\":\"Organization\",\"@id\":\"https:\\\/\\\/fjala.info\\\/2009-2015\\\/#organization\",\"name\":\"FjALA e LIR\u00cb - Arkivi\",\"url\":\"https:\\\/\\\/fjala.info\\\/2009-2015\\\/\",\"logo\":{\"@type\":\"ImageObject\",\"inLanguage\":\"sq-AL\",\"@id\":\"https:\\\/\\\/fjala.info\\\/2009-2015\\\/#\\\/schema\\\/logo\\\/image\\\/\",\"url\":\"\",\"contentUrl\":\"\",\"caption\":\"FjALA e LIR\u00cb - Arkivi\"},\"image\":{\"@id\":\"https:\\\/\\\/fjala.info\\\/2009-2015\\\/#\\\/schema\\\/logo\\\/image\\\/\"}},{\"@type\":\"Person\",\"@id\":\"https:\\\/\\\/fjala.info\\\/2009-2015\\\/#\\\/schema\\\/person\\\/3aa1163ef05469c496fc94e77611ada2\",\"name\":\"admin\",\"image\":{\"@type\":\"ImageObject\",\"inLanguage\":\"sq-AL\",\"@id\":\"https:\\\/\\\/fjala.info\\\/2009-2015\\\/wp-content\\\/uploads\\\/2012\\\/02\\\/arben_cokaj-120x150.jpg\",\"url\":\"https:\\\/\\\/fjala.info\\\/2009-2015\\\/wp-content\\\/uploads\\\/2012\\\/02\\\/arben_cokaj-120x150.jpg\",\"contentUrl\":\"https:\\\/\\\/fjala.info\\\/2009-2015\\\/wp-content\\\/uploads\\\/2012\\\/02\\\/arben_cokaj-120x150.jpg\",\"caption\":\"admin\"},\"description\":\"Admin, Fjala e Lir\u00eb\",\"sameAs\":[\"https:\\\/\\\/fjala.info\\\/\"],\"url\":\"https:\\\/\\\/fjala.info\\\/2009-2015\\\/author\\\/admin\\\/\"}]}<\/script>\n<!-- \/ Yoast SEO plugin. -->","yoast_head_json":{"title":"Basescu takohet me Obam\u00ebn, p\u00ebr t\u00eb biseduar edhe p\u00ebr Kosov\u00ebn - FjALA e LIR\u00cb - Arkivi","robots":{"index":"index","follow":"follow","max-snippet":"max-snippet:-1","max-image-preview":"max-image-preview:large","max-video-preview":"max-video-preview:-1"},"canonical":"https:\/\/fjala.info\/2009-2015\/basescu-takohet-me-obamen-per-te-biseduar-edhe-per-kosoven\/","og_locale":"sq_AL","og_type":"article","og_title":"Basescu takohet me Obam\u00ebn, p\u00ebr t\u00eb biseduar edhe p\u00ebr Kosov\u00ebn - FjALA e LIR\u00cb - Arkivi","og_description":"Kushtrim Kastrioti T\u00eb mart\u00ebn presidenti rumun shkon n\u00eb Washington p\u00ebr nj\u00eb vizit\u00eb pune q\u00eb p\u00ebrfaq\u00ebson nj\u00eb moment interesant n\u00eb relacionet rumune-amerikane, ku do b\u00ebhet fjal\u00eb p\u00ebr interesat gjeostrategjike t\u00eb bot\u00ebs, por edhe p\u00ebr probleme tjera \u201cm\u00eb pak t\u00eb r\u00ebnd\u00ebsishme\u201d (sipas radio Bukureshtit), nj\u00eb nga to duke qen\u00eb edhe Kosova (konform burimeve t\u00eb Mediafax.ro). Nj\u00eb nga [&hellip;]","og_url":"https:\/\/fjala.info\/2009-2015\/basescu-takohet-me-obamen-per-te-biseduar-edhe-per-kosoven\/","og_site_name":"FjALA e LIR\u00cb - Arkivi","article_published_time":"2011-09-12T20:54:24+00:00","og_image":[{"url":"http:\/\/www.shkoder.net\/images\/fjala\/2011\/basescu_usa.jpg","type":"","width":"","height":""}],"author":"admin","twitter_card":"summary_large_image","twitter_misc":{"Written by":"admin","Est. reading time":"3 minutes"},"schema":{"@context":"https:\/\/schema.org","@graph":[{"@type":"Article","@id":"https:\/\/fjala.info\/2009-2015\/basescu-takohet-me-obamen-per-te-biseduar-edhe-per-kosoven\/#article","isPartOf":{"@id":"https:\/\/fjala.info\/2009-2015\/basescu-takohet-me-obamen-per-te-biseduar-edhe-per-kosoven\/"},"author":{"name":"admin","@id":"https:\/\/fjala.info\/2009-2015\/#\/schema\/person\/3aa1163ef05469c496fc94e77611ada2"},"headline":"Basescu takohet me Obam\u00ebn, p\u00ebr t\u00eb biseduar edhe p\u00ebr Kosov\u00ebn","datePublished":"2011-09-12T20:54:24+00:00","mainEntityOfPage":{"@id":"https:\/\/fjala.info\/2009-2015\/basescu-takohet-me-obamen-per-te-biseduar-edhe-per-kosoven\/"},"wordCount":656,"commentCount":0,"publisher":{"@id":"https:\/\/fjala.info\/2009-2015\/#organization"},"image":{"@id":"https:\/\/fjala.info\/2009-2015\/basescu-takohet-me-obamen-per-te-biseduar-edhe-per-kosoven\/#primaryimage"},"thumbnailUrl":"http:\/\/www.shkoder.net\/images\/fjala\/2011\/basescu_usa.jpg","articleSection":["Artikuj"],"inLanguage":"sq-AL","potentialAction":[{"@type":"CommentAction","name":"Comment","target":["https:\/\/fjala.info\/2009-2015\/basescu-takohet-me-obamen-per-te-biseduar-edhe-per-kosoven\/#respond"]}]},{"@type":"WebPage","@id":"https:\/\/fjala.info\/2009-2015\/basescu-takohet-me-obamen-per-te-biseduar-edhe-per-kosoven\/","url":"https:\/\/fjala.info\/2009-2015\/basescu-takohet-me-obamen-per-te-biseduar-edhe-per-kosoven\/","name":"Basescu takohet me Obam\u00ebn, p\u00ebr t\u00eb biseduar edhe p\u00ebr Kosov\u00ebn - FjALA e LIR\u00cb - Arkivi","isPartOf":{"@id":"https:\/\/fjala.info\/2009-2015\/#website"},"primaryImageOfPage":{"@id":"https:\/\/fjala.info\/2009-2015\/basescu-takohet-me-obamen-per-te-biseduar-edhe-per-kosoven\/#primaryimage"},"image":{"@id":"https:\/\/fjala.info\/2009-2015\/basescu-takohet-me-obamen-per-te-biseduar-edhe-per-kosoven\/#primaryimage"},"thumbnailUrl":"http:\/\/www.shkoder.net\/images\/fjala\/2011\/basescu_usa.jpg","datePublished":"2011-09-12T20:54:24+00:00","breadcrumb":{"@id":"https:\/\/fjala.info\/2009-2015\/basescu-takohet-me-obamen-per-te-biseduar-edhe-per-kosoven\/#breadcrumb"},"inLanguage":"sq-AL","potentialAction":[{"@type":"ReadAction","target":["https:\/\/fjala.info\/2009-2015\/basescu-takohet-me-obamen-per-te-biseduar-edhe-per-kosoven\/"]}]},{"@type":"ImageObject","inLanguage":"sq-AL","@id":"https:\/\/fjala.info\/2009-2015\/basescu-takohet-me-obamen-per-te-biseduar-edhe-per-kosoven\/#primaryimage","url":"http:\/\/www.shkoder.net\/images\/fjala\/2011\/basescu_usa.jpg","contentUrl":"http:\/\/www.shkoder.net\/images\/fjala\/2011\/basescu_usa.jpg"},{"@type":"BreadcrumbList","@id":"https:\/\/fjala.info\/2009-2015\/basescu-takohet-me-obamen-per-te-biseduar-edhe-per-kosoven\/#breadcrumb","itemListElement":[{"@type":"ListItem","position":1,"name":"Home","item":"https:\/\/fjala.info\/2009-2015\/"},{"@type":"ListItem","position":2,"name":"Basescu takohet me Obam\u00ebn, p\u00ebr t\u00eb biseduar edhe p\u00ebr Kosov\u00ebn"}]},{"@type":"WebSite","@id":"https:\/\/fjala.info\/2009-2015\/#website","url":"https:\/\/fjala.info\/2009-2015\/","name":"FjALA e LIR\u00cb - Arkivi","description":"Arkivi 2009-2015","publisher":{"@id":"https:\/\/fjala.info\/2009-2015\/#organization"},"potentialAction":[{"@type":"SearchAction","target":{"@type":"EntryPoint","urlTemplate":"https:\/\/fjala.info\/2009-2015\/?s={search_term_string}"},"query-input":{"@type":"PropertyValueSpecification","valueRequired":true,"valueName":"search_term_string"}}],"inLanguage":"sq-AL"},{"@type":"Organization","@id":"https:\/\/fjala.info\/2009-2015\/#organization","name":"FjALA e LIR\u00cb - Arkivi","url":"https:\/\/fjala.info\/2009-2015\/","logo":{"@type":"ImageObject","inLanguage":"sq-AL","@id":"https:\/\/fjala.info\/2009-2015\/#\/schema\/logo\/image\/","url":"","contentUrl":"","caption":"FjALA e LIR\u00cb - Arkivi"},"image":{"@id":"https:\/\/fjala.info\/2009-2015\/#\/schema\/logo\/image\/"}},{"@type":"Person","@id":"https:\/\/fjala.info\/2009-2015\/#\/schema\/person\/3aa1163ef05469c496fc94e77611ada2","name":"admin","image":{"@type":"ImageObject","inLanguage":"sq-AL","@id":"https:\/\/fjala.info\/2009-2015\/wp-content\/uploads\/2012\/02\/arben_cokaj-120x150.jpg","url":"https:\/\/fjala.info\/2009-2015\/wp-content\/uploads\/2012\/02\/arben_cokaj-120x150.jpg","contentUrl":"https:\/\/fjala.info\/2009-2015\/wp-content\/uploads\/2012\/02\/arben_cokaj-120x150.jpg","caption":"admin"},"description":"Admin, Fjala e Lir\u00eb","sameAs":["https:\/\/fjala.info\/"],"url":"https:\/\/fjala.info\/2009-2015\/author\/admin\/"}]}},"_links":{"self":[{"href":"https:\/\/fjala.info\/2009-2015\/wp-json\/wp\/v2\/posts\/10445","targetHints":{"allow":["GET"]}}],"collection":[{"href":"https:\/\/fjala.info\/2009-2015\/wp-json\/wp\/v2\/posts"}],"about":[{"href":"https:\/\/fjala.info\/2009-2015\/wp-json\/wp\/v2\/types\/post"}],"author":[{"embeddable":true,"href":"https:\/\/fjala.info\/2009-2015\/wp-json\/wp\/v2\/users\/1"}],"replies":[{"embeddable":true,"href":"https:\/\/fjala.info\/2009-2015\/wp-json\/wp\/v2\/comments?post=10445"}],"version-history":[{"count":0,"href":"https:\/\/fjala.info\/2009-2015\/wp-json\/wp\/v2\/posts\/10445\/revisions"}],"wp:attachment":[{"href":"https:\/\/fjala.info\/2009-2015\/wp-json\/wp\/v2\/media?parent=10445"}],"wp:term":[{"taxonomy":"category","embeddable":true,"href":"https:\/\/fjala.info\/2009-2015\/wp-json\/wp\/v2\/categories?post=10445"},{"taxonomy":"post_tag","embeddable":true,"href":"https:\/\/fjala.info\/2009-2015\/wp-json\/wp\/v2\/tags?post=10445"}],"curies":[{"name":"wp","href":"https:\/\/api.w.org\/{rel}","templated":true}]}}