{"id":1042,"date":"2012-01-07T21:43:26","date_gmt":"2012-01-07T20:43:26","guid":{"rendered":"http:\/\/fjala.shkoder.net\/?p=1042"},"modified":"2012-01-07T21:43:26","modified_gmt":"2012-01-07T20:43:26","slug":"don-kishoti-i-stambollit-olsi-jazexhi","status":"publish","type":"post","link":"https:\/\/fjala.info\/2009-2015\/don-kishoti-i-stambollit-olsi-jazexhi\/","title":{"rendered":"\u201cDon Kishoti i Stambollit\u201d Olsi Jazexhi"},"content":{"rendered":"<p><img decoding=\"async\" class=\"alignright size-thumbnail wp-image-7236\" title=\"Don Kishoti arab\" src=\"http:\/\/www.shkoder.net\/2012\/don_kishoti_arab.jpg\" alt=\"\" width=\"300\" \/> \u201c&#8230; <em>austro-hungarez\u00ebt ata q\u00eb sajuan edhe historin\u00eb e par\u00eb t\u00eb Shqip\u00ebris\u00eb dhe prodhuan edhe \u201cshkenc\u00ebtar\u00eb<\/em>\u201d \u2013 q\u00eb nga Aleks Buda e deri te Eqerem \u00c7abeu t\u00eb cil\u00ebt shenjt\u00ebruan Sk\u00ebnderbeun e nj\u00eb seri katolik\u00ebsh si heronj t\u00eb kombit. Si austriak\u00ebt ashtu edhe italian\u00ebt, kan\u00eb patur si synim q\u00eb shqiptar\u00ebt t\u2019i rr\u00ebfejn\u00eb si katolik\u00eb, nd\u00ebrsa Islamin dhe Turqin\u00eb si armiq t\u00eb tyre.<\/p>\n<p>P\u00ebr k\u00ebto arsye Sk\u00ebnderbeu, Pjet\u00ebr Bogdani, Gjon Buzuku, Gjergj Fishta, N\u00ebn\u00eb Tereza etj jan\u00eb projektuar e projektohen si heronjt\u00eb e kombit n\u00eb Shqip\u00ebri \u2013 nd\u00ebrsa herojt\u00eb e musliman\u00ebve q\u00eb nga Sulltan Murati, Ballaban Pasha, Esat Pasha apo edhe fshatar\u00eb si Haxhi Qamili vazhdojn\u00eb t\u00eb ngelen pjes\u00eb e kronik\u00ebs s\u00eb err\u00ebt t\u00eb vendit.<\/p>\n<p>Katolik\u00ebt apo m\u00eb sakt\u00eb shkolla e mendimit laik \u2013 katolik q\u00eb dominon identitetin komb\u00ebtar t\u00eb shqiptar\u00ebve u m\u00ebson atyre n\u00ebp\u00ebr shkolla, institucione shtet\u00ebrore, televizione, gazeta e revista se feja e shqiptarit \u00ebsht\u00eb shqiptaria. Ama kjo shqiptari p\u00ebr kryeshenjtor\u00eb ka disa cuba katolik.<br \/>\nP\u00ebr k\u00ebto arsye Sk\u00ebnderbeu, Pjet\u00ebr Bogdani, Gjon Buzuku, Gjergj Fishta, N\u00ebn\u00eb Tereza etj jan\u00eb projektuar e projektohen si heronjt\u00eb e kombit n\u00eb Shqip\u00ebri \u2013 nd\u00ebrsa herojt\u00eb e musliman\u00ebve q\u00eb nga Sulltan Murati, Ballaban Pasha, Esat Pasha apo edhe fshatar\u00eb si Haxhi Qamili vazhdojn\u00eb t\u00eb ngelen pjes\u00eb e kronik\u00ebs s\u00eb err\u00ebt t\u00eb vendit. ..<\/p>\n<p>..n\u00eb Kongresin e Lushnjes n\u00eb vitin 1920, nj\u00eb nga kushtet q\u00eb ata i vun\u00eb atyre q\u00eb ri-krijuan shtetin e dyt\u00eb shqiptar ishte se vendi duhej t\u00eb shpallej laik. Kush ka lexuar Bisedimet e Parlamentit t\u00eb par\u00eb shqiptar 1920-21 do t\u00eb lexoj protestat e shum\u00eb prej pjes\u00ebmarr\u00ebsve musliman\u00eb t\u00eb k\u00ebtij parlamenti, t\u00eb cil\u00ebt protestuan kund\u00ebr Kushtetut\u00ebs s\u00eb Shqip\u00ebris\u00eb \u2013 Statuti i Zgjeruar i Lushnjes. Ata nuk e kuptonin pse duhej t\u00eb hiqej Islami nga Kushtetuta e Shqip\u00ebris\u00eb dhe pse Shqip\u00ebria t\u00eb mos kishte nj\u00eb fe zyrtare.<br \/>\n&#8230; Shkruesit e Statutit t\u00eb Zgjeruar t\u00eb Lushnjes ishin kaur\u00eb e mason\u00eb si Fan Noli, Ndre Mjeda, Ko\u00e7o Tasi, Stavro Vinjahu, Ali K\u00eblcyra, Mehdi Frash\u00ebri, Shevqet Daji, Kadri Hoxha, Milto Tutulani, Mustafa Kruja dhe Luigj Gurakuqi. N\u00eb statutin q\u00eb k\u00ebta i dhan\u00eb parlamentit n\u00eb nenin 27 Shqip\u00ebrin\u00eb e shpall\u00ebn vend pa fe zyrtare. Ko\u00e7o Tasi, Stavro Vinjahu dhe LuigjGurakuqi ishin m\u00eb k\u00ebmb\u00ebngul\u00ebsit q\u00eb t\u00eb mos lejonin asnj\u00eb fije Islami n\u00eb jet\u00ebn shtet\u00ebrore shqiptare. Nd\u00ebrsa italofili Ali K\u00eblcyra i trembte deputet\u00ebt musliman\u00eb q\u00eb k\u00ebrkonin futjen e Islamit n\u00eb Kushtetut\u00eb&#8230;<\/p>\n<p>Shpallja e Shqip\u00ebris\u00eb si shtet laik n\u00eb vitet 20-t\u00eb u b\u00eb n\u00ebn slloganin se p\u00ebr t\u2019u b\u00ebr\u00eb evropian\u00eb shteti kishte nevoj\u00eb t\u00eb ndahej nga feja. N\u00eb jet\u00ebn publike njer\u00ebzit do t\u00eb ishin vet\u00ebm shqiptar\u00eb dhe asgj\u00eb m\u00eb shum\u00eb. Statuti Themeltar i Lushnjes, Kodi Civil i vitit 1928 dhe Kushtetutat e ndryshme q\u00eb ka patur Shqip\u00ebria q\u00eb nga Kongresi i Lushnjes e deri m\u00eb sot kan\u00eb p\u00ebrs\u00ebritur n\u00eb m\u00ebnyr\u00eb fanatike faktin q\u00eb Shqip\u00ebria \u00ebsht\u00eb shtet laik dhe feja nuk ka lidhje me shtetin. K\u00ebt\u00eb gj\u00eb shkruan edhe sot Kushtetuta e Shqip\u00ebris\u00eb sot, ku neni 10 sakt\u00ebson se:<br \/>\n1. Ne Republiken e Shqiperise nuk ka fe zyrtare. \/<br \/>\n2. Shteti eshte asnjanes ne ceshtjet e besimit e te ndergjegjes dhe garanton lirine e shprehjes se tyre ne jeten publike. \/<br \/>\n3. Shteti njeh barazine e bashkesive fetare\u2026<\/p>\n<p>Por nd\u00ebrsa Kushtetutat e Shqip\u00ebris\u00eb t\u00eb koh\u00ebs s\u00eb Zogut me ndarjen e shtetit nga feja \u2013 n\u00ebnkuptonin heqjen e Islamit por edhe t\u00eb Ortodoksis\u00eb nga jeta e p\u00ebrditshme \u2013 n\u00eb jet\u00ebn shtet\u00ebrore shqiptare t\u00eb k\u00ebtyre 90 viteve t\u00eb fundit nj\u00eb fe tjet\u00ebr ka pushtuar jet\u00ebn e shqiptar\u00ebve; Katolicizmi-Laik. Eksperimenti i par\u00eb katolik q\u00eb k\u00ebrkoi t\u2019u heq shqiptar\u00ebve Islamin nga identiteti i tyre nisi me regjimin e Vidit. Arsyeja pse shteti i par\u00eb shqiptar apo principata e Vidit u shkat\u00ebrrua nga xhihadi i musliman\u00ebve t\u00eb Tiran\u00ebs, Kavaj\u00ebs, Durr\u00ebsit, Elbasanit, Shijakut, Kruj\u00ebs etj n\u00ebn udh\u00ebheqjen e Haxhi Qamilit dhe Musa Qazimit n\u00eb 1915, dhe nga lufta e vorioepirot\u00ebve n\u00eb jug ishte ky.<\/p>\n<p>Musliman\u00ebt q\u00eb ishin shumic\u00eb dhe krenar\u00eb p\u00ebr lidhjen e tyre me Perandorin\u00eb Osmane nuk pranuan q\u00eb t\u00eb sundohen nga nj\u00eb princ kaur q\u00eb u solli Evropa, i cili u hoqi sheriatin, u mbylli medreset\u00eb, u z\u00ebvend\u00ebsoi n\u00eb flamur simbolin e Islamit me simbolin e Ortodoksis\u00eb, u hoqi g\u00ebrmat arabe e i z\u00ebvend\u00ebsoi me g\u00ebrmat latine dhe i sundonte me banda katolik\u00ebsh dhe disa tosk\u00ebsh t\u00eb pafe&#8230;<br \/>\nPeriudha m\u00eb e mir\u00eb p\u00ebr Islamin n\u00eb Shqip\u00ebri gjat\u00eb shekullit t\u00eb XX \u2013 pas periudh\u00ebs s\u00eb Haxhi Qamilit \u2013 kan\u00eb qen\u00eb fillim-vitet 90.<br \/>\n\u2026. ardhja e arab\u00ebve n\u00eb Shqip\u00ebri u lejoi shqiptar\u00ebve q\u00eb pas 70 vitesh q\u00eb nga koha e osman\u00ebve, m\u00eb n\u00eb fund t\u00eb jen\u00eb t\u00eb lir\u00eb e t\u00eb m\u00ebsojn\u00eb Islamin n\u00eb mas\u00eb. Nga viti 1991 deri n\u00eb 1997 n\u00eb Shqip\u00ebri u hap\u00ebn me qindra xhami, medrese e kurse fetare. Qindra misionar\u00eb arab\u00eb q\u00eb erdh\u00ebn n\u00eb vend nis\u00ebn t\u2019u m\u00ebsojn\u00eb shqiptar\u00ebve pse i kishin emrat e mbiemrat Mehmet e Mustafa dhe cili ishte Pejgamberi i tyre. Por kjo periudh\u00eb e ringjalljes s\u00eb Islamit morri fund me grushtin e shtetit q\u00eb Partia Socialiste b\u00ebri n\u00eb vitin 1997.<br \/>\n\u2026Por nd\u00ebrsa Islami u d\u00ebbua me dhun\u00eb nga jeta e shqiptar\u00ebve, Krisht\u00ebrimi fitoi pozita sunduese n\u00eb vend. Ortodoks\u00ebt e mbush\u00ebn jugun me Kisha duke konvertuar e helenizuar me mij\u00ebra musliman\u00eb, nd\u00ebrsa Katolik\u00ebt jo vet\u00ebm q\u00eb kan\u00eb shkuar deri n\u00eb Bilisht me kishat e tyre por kan\u00eb penetruar edhe shtetin. N\u00ebp\u00ebr librat shkollor\u00eb, institucionet arsimore e media f\u00ebmij\u00ebt e Shqip\u00ebris\u00eb m\u00ebsojn\u00eb se t\u00eb par\u00ebt e tyre kan\u00eb q\u00ebn\u00eb katolik\u00eb.<br \/>\n<strong>Sk\u00ebnderbeu \u2013 heroi i shpikur i kombit \u2013 tregohet si katolik.<\/strong><br \/>\nF\u00ebmij\u00ebt shqiptar\u00eb m\u00ebsojn\u00eb se kultura t\u00eb par\u00ebve t\u00eb tyre \u00ebsht\u00eb e lidhur me katolik\u00eb q\u00eb nga Budi, Marin Barleti e deri te Fishta etj.Hegjemonia e katolicizmit n\u00eb jet\u00ebn e shqiptar\u00ebve shihet edhe n\u00eb zyrat e institucioneve shtet\u00ebrore t\u00eb Shqip\u00ebris\u00eb. Zyra e presidentit Bamir Topi, i cili edhe pse nga origjina \u00ebsht\u00eb katunar i Haxhi Qamilit, \u00ebsht\u00eb kthyer si nj\u00eb Kish\u00ebz nga statujat e N\u00ebn\u00eb Terez\u00ebs dhe Sk\u00ebnderbeut. \u2026<br \/>\n&#8230;Dy krer\u00ebt musliman\u00eb t\u00eb shtetit shqiptar, Bamir Topi dhe Sali Berisha edhe pse n\u00eb jet\u00ebn e tyre kurr\u00eb nuk kan\u00eb b\u00ebr\u00eb haxh n\u00eb Mek\u00eb, pothuajse p\u00ebr \u00e7do vit shkojn\u00eb te Papa p\u00ebr t\u00eb marr\u00eb \u201cbekime\u201d, b\u00ebr\u00eb pelegrinazh dhe shprehur besnik\u00ebrin\u00eb e tyre ndaj katolicizmit. N\u00eb nj\u00eb fjalim q\u00eb Topi mbajti p\u00ebrpara K\u00ebshillit t\u00eb Konferencave Ipeshkvnore t\u00eb Evrop\u00ebs n\u00eb dat\u00eb 30 shtator 2011, ai deklaroi me ngaz\u00ebllim se:<br \/>\nShqip\u00ebria me Gjergj Kastriotin ka qen\u00eb aleate e Vatikanit kund\u00ebr osman\u00ebve.<br \/>\nDmth katundari i Haxhi Qamilit i deklaroi Pap\u00ebs, q\u00eb shteti shqiptar \u00ebsht\u00eb me Pap\u00ebn dhe jo me Bab\u00ebn.<br \/>\n(<em>Vijon<\/em>\u2026)<br \/>\nMarr\u00eb nga shkrimi \u201cOlsi JAZEXHI: Katolaicizmi shtet\u00ebror k\u00ebrc\u00ebnon toleranc\u00ebn fetare n\u00eb Shqip\u00ebri e n\u00eb Kosov\u00eb (1)\u201d<\/p>\n<p><em>Publikuar t\u00eb Premten, 06 Janar 2012 &#8211; Shkruar nga SOT NEWS<\/em><\/p>\n","protected":false},"excerpt":{"rendered":"<p>\u201c&#8230; austro-hungarez\u00ebt ata q\u00eb sajuan edhe historin\u00eb e par\u00eb t\u00eb Shqip\u00ebris\u00eb dhe prodhuan edhe \u201cshkenc\u00ebtar\u00eb\u201d \u2013 q\u00eb nga Aleks Buda e deri te Eqerem \u00c7abeu t\u00eb cil\u00ebt shenjt\u00ebruan Sk\u00ebnderbeun e nj\u00eb seri katolik\u00ebsh si heronj t\u00eb kombit. Si austriak\u00ebt ashtu edhe italian\u00ebt, kan\u00eb patur si synim q\u00eb shqiptar\u00ebt t\u2019i rr\u00ebfejn\u00eb si katolik\u00eb, nd\u00ebrsa Islamin dhe [&hellip;]<\/p>\n","protected":false},"author":1,"featured_media":0,"comment_status":"open","ping_status":"closed","sticky":false,"template":"","format":"standard","meta":{"footnotes":""},"categories":[2],"tags":[],"class_list":{"0":"post-1042","1":"post","2":"type-post","3":"status-publish","4":"format-standard","6":"category-artikuj"},"yoast_head":"<!-- This site is optimized with the Yoast SEO plugin v27.4 - https:\/\/yoast.com\/product\/yoast-seo-wordpress\/ -->\n<title>\u201cDon Kishoti i Stambollit\u201d Olsi Jazexhi - FjALA e LIR\u00cb - Arkivi<\/title>\n<meta name=\"robots\" content=\"index, follow, max-snippet:-1, max-image-preview:large, max-video-preview:-1\" \/>\n<link rel=\"canonical\" href=\"https:\/\/fjala.info\/2009-2015\/don-kishoti-i-stambollit-olsi-jazexhi\/\" \/>\n<meta property=\"og:locale\" content=\"sq_AL\" \/>\n<meta property=\"og:type\" content=\"article\" \/>\n<meta property=\"og:title\" content=\"\u201cDon Kishoti i Stambollit\u201d Olsi Jazexhi - FjALA e LIR\u00cb - Arkivi\" \/>\n<meta property=\"og:description\" content=\"\u201c&#8230; austro-hungarez\u00ebt ata q\u00eb sajuan edhe historin\u00eb e par\u00eb t\u00eb Shqip\u00ebris\u00eb dhe prodhuan edhe \u201cshkenc\u00ebtar\u00eb\u201d \u2013 q\u00eb nga Aleks Buda e deri te Eqerem \u00c7abeu t\u00eb cil\u00ebt shenjt\u00ebruan Sk\u00ebnderbeun e nj\u00eb seri katolik\u00ebsh si heronj t\u00eb kombit. Si austriak\u00ebt ashtu edhe italian\u00ebt, kan\u00eb patur si synim q\u00eb shqiptar\u00ebt t\u2019i rr\u00ebfejn\u00eb si katolik\u00eb, nd\u00ebrsa Islamin dhe [&hellip;]\" \/>\n<meta property=\"og:url\" content=\"https:\/\/fjala.info\/2009-2015\/don-kishoti-i-stambollit-olsi-jazexhi\/\" \/>\n<meta property=\"og:site_name\" content=\"FjALA e LIR\u00cb - Arkivi\" \/>\n<meta property=\"article:published_time\" content=\"2012-01-07T20:43:26+00:00\" \/>\n<meta property=\"og:image\" content=\"http:\/\/www.shkoder.net\/2012\/don_kishoti_arab.jpg\" \/>\n<meta name=\"author\" content=\"admin\" \/>\n<meta name=\"twitter:card\" content=\"summary_large_image\" \/>\n<meta name=\"twitter:label1\" content=\"Written by\" \/>\n\t<meta name=\"twitter:data1\" content=\"admin\" \/>\n\t<meta name=\"twitter:label2\" content=\"Est. reading time\" \/>\n\t<meta name=\"twitter:data2\" content=\"6 minutes\" \/>\n<script type=\"application\/ld+json\" class=\"yoast-schema-graph\">{\"@context\":\"https:\\\/\\\/schema.org\",\"@graph\":[{\"@type\":\"Article\",\"@id\":\"https:\\\/\\\/fjala.info\\\/2009-2015\\\/don-kishoti-i-stambollit-olsi-jazexhi\\\/#article\",\"isPartOf\":{\"@id\":\"https:\\\/\\\/fjala.info\\\/2009-2015\\\/don-kishoti-i-stambollit-olsi-jazexhi\\\/\"},\"author\":{\"name\":\"admin\",\"@id\":\"https:\\\/\\\/fjala.info\\\/2009-2015\\\/#\\\/schema\\\/person\\\/3aa1163ef05469c496fc94e77611ada2\"},\"headline\":\"\u201cDon Kishoti i Stambollit\u201d Olsi Jazexhi\",\"datePublished\":\"2012-01-07T20:43:26+00:00\",\"mainEntityOfPage\":{\"@id\":\"https:\\\/\\\/fjala.info\\\/2009-2015\\\/don-kishoti-i-stambollit-olsi-jazexhi\\\/\"},\"wordCount\":1233,\"commentCount\":1,\"publisher\":{\"@id\":\"https:\\\/\\\/fjala.info\\\/2009-2015\\\/#organization\"},\"image\":{\"@id\":\"https:\\\/\\\/fjala.info\\\/2009-2015\\\/don-kishoti-i-stambollit-olsi-jazexhi\\\/#primaryimage\"},\"thumbnailUrl\":\"http:\\\/\\\/www.shkoder.net\\\/2012\\\/don_kishoti_arab.jpg\",\"articleSection\":[\"Artikuj\"],\"inLanguage\":\"sq-AL\",\"potentialAction\":[{\"@type\":\"CommentAction\",\"name\":\"Comment\",\"target\":[\"https:\\\/\\\/fjala.info\\\/2009-2015\\\/don-kishoti-i-stambollit-olsi-jazexhi\\\/#respond\"]}]},{\"@type\":\"WebPage\",\"@id\":\"https:\\\/\\\/fjala.info\\\/2009-2015\\\/don-kishoti-i-stambollit-olsi-jazexhi\\\/\",\"url\":\"https:\\\/\\\/fjala.info\\\/2009-2015\\\/don-kishoti-i-stambollit-olsi-jazexhi\\\/\",\"name\":\"\u201cDon Kishoti i Stambollit\u201d Olsi Jazexhi - FjALA e LIR\u00cb - Arkivi\",\"isPartOf\":{\"@id\":\"https:\\\/\\\/fjala.info\\\/2009-2015\\\/#website\"},\"primaryImageOfPage\":{\"@id\":\"https:\\\/\\\/fjala.info\\\/2009-2015\\\/don-kishoti-i-stambollit-olsi-jazexhi\\\/#primaryimage\"},\"image\":{\"@id\":\"https:\\\/\\\/fjala.info\\\/2009-2015\\\/don-kishoti-i-stambollit-olsi-jazexhi\\\/#primaryimage\"},\"thumbnailUrl\":\"http:\\\/\\\/www.shkoder.net\\\/2012\\\/don_kishoti_arab.jpg\",\"datePublished\":\"2012-01-07T20:43:26+00:00\",\"breadcrumb\":{\"@id\":\"https:\\\/\\\/fjala.info\\\/2009-2015\\\/don-kishoti-i-stambollit-olsi-jazexhi\\\/#breadcrumb\"},\"inLanguage\":\"sq-AL\",\"potentialAction\":[{\"@type\":\"ReadAction\",\"target\":[\"https:\\\/\\\/fjala.info\\\/2009-2015\\\/don-kishoti-i-stambollit-olsi-jazexhi\\\/\"]}]},{\"@type\":\"ImageObject\",\"inLanguage\":\"sq-AL\",\"@id\":\"https:\\\/\\\/fjala.info\\\/2009-2015\\\/don-kishoti-i-stambollit-olsi-jazexhi\\\/#primaryimage\",\"url\":\"http:\\\/\\\/www.shkoder.net\\\/2012\\\/don_kishoti_arab.jpg\",\"contentUrl\":\"http:\\\/\\\/www.shkoder.net\\\/2012\\\/don_kishoti_arab.jpg\"},{\"@type\":\"BreadcrumbList\",\"@id\":\"https:\\\/\\\/fjala.info\\\/2009-2015\\\/don-kishoti-i-stambollit-olsi-jazexhi\\\/#breadcrumb\",\"itemListElement\":[{\"@type\":\"ListItem\",\"position\":1,\"name\":\"Home\",\"item\":\"https:\\\/\\\/fjala.info\\\/2009-2015\\\/\"},{\"@type\":\"ListItem\",\"position\":2,\"name\":\"\u201cDon Kishoti i Stambollit\u201d Olsi Jazexhi\"}]},{\"@type\":\"WebSite\",\"@id\":\"https:\\\/\\\/fjala.info\\\/2009-2015\\\/#website\",\"url\":\"https:\\\/\\\/fjala.info\\\/2009-2015\\\/\",\"name\":\"FjALA e LIR\u00cb - Arkivi\",\"description\":\"Arkivi 2009-2015\",\"publisher\":{\"@id\":\"https:\\\/\\\/fjala.info\\\/2009-2015\\\/#organization\"},\"potentialAction\":[{\"@type\":\"SearchAction\",\"target\":{\"@type\":\"EntryPoint\",\"urlTemplate\":\"https:\\\/\\\/fjala.info\\\/2009-2015\\\/?s={search_term_string}\"},\"query-input\":{\"@type\":\"PropertyValueSpecification\",\"valueRequired\":true,\"valueName\":\"search_term_string\"}}],\"inLanguage\":\"sq-AL\"},{\"@type\":\"Organization\",\"@id\":\"https:\\\/\\\/fjala.info\\\/2009-2015\\\/#organization\",\"name\":\"FjALA e LIR\u00cb - Arkivi\",\"url\":\"https:\\\/\\\/fjala.info\\\/2009-2015\\\/\",\"logo\":{\"@type\":\"ImageObject\",\"inLanguage\":\"sq-AL\",\"@id\":\"https:\\\/\\\/fjala.info\\\/2009-2015\\\/#\\\/schema\\\/logo\\\/image\\\/\",\"url\":\"\",\"contentUrl\":\"\",\"caption\":\"FjALA e LIR\u00cb - Arkivi\"},\"image\":{\"@id\":\"https:\\\/\\\/fjala.info\\\/2009-2015\\\/#\\\/schema\\\/logo\\\/image\\\/\"}},{\"@type\":\"Person\",\"@id\":\"https:\\\/\\\/fjala.info\\\/2009-2015\\\/#\\\/schema\\\/person\\\/3aa1163ef05469c496fc94e77611ada2\",\"name\":\"admin\",\"image\":{\"@type\":\"ImageObject\",\"inLanguage\":\"sq-AL\",\"@id\":\"https:\\\/\\\/fjala.info\\\/2009-2015\\\/wp-content\\\/uploads\\\/2012\\\/02\\\/arben_cokaj-120x150.jpg\",\"url\":\"https:\\\/\\\/fjala.info\\\/2009-2015\\\/wp-content\\\/uploads\\\/2012\\\/02\\\/arben_cokaj-120x150.jpg\",\"contentUrl\":\"https:\\\/\\\/fjala.info\\\/2009-2015\\\/wp-content\\\/uploads\\\/2012\\\/02\\\/arben_cokaj-120x150.jpg\",\"caption\":\"admin\"},\"description\":\"Admin, Fjala e Lir\u00eb\",\"sameAs\":[\"https:\\\/\\\/fjala.info\\\/\"],\"url\":\"https:\\\/\\\/fjala.info\\\/2009-2015\\\/author\\\/admin\\\/\"}]}<\/script>\n<!-- \/ Yoast SEO plugin. -->","yoast_head_json":{"title":"\u201cDon Kishoti i Stambollit\u201d Olsi Jazexhi - FjALA e LIR\u00cb - Arkivi","robots":{"index":"index","follow":"follow","max-snippet":"max-snippet:-1","max-image-preview":"max-image-preview:large","max-video-preview":"max-video-preview:-1"},"canonical":"https:\/\/fjala.info\/2009-2015\/don-kishoti-i-stambollit-olsi-jazexhi\/","og_locale":"sq_AL","og_type":"article","og_title":"\u201cDon Kishoti i Stambollit\u201d Olsi Jazexhi - FjALA e LIR\u00cb - Arkivi","og_description":"\u201c&#8230; austro-hungarez\u00ebt ata q\u00eb sajuan edhe historin\u00eb e par\u00eb t\u00eb Shqip\u00ebris\u00eb dhe prodhuan edhe \u201cshkenc\u00ebtar\u00eb\u201d \u2013 q\u00eb nga Aleks Buda e deri te Eqerem \u00c7abeu t\u00eb cil\u00ebt shenjt\u00ebruan Sk\u00ebnderbeun e nj\u00eb seri katolik\u00ebsh si heronj t\u00eb kombit. Si austriak\u00ebt ashtu edhe italian\u00ebt, kan\u00eb patur si synim q\u00eb shqiptar\u00ebt t\u2019i rr\u00ebfejn\u00eb si katolik\u00eb, nd\u00ebrsa Islamin dhe [&hellip;]","og_url":"https:\/\/fjala.info\/2009-2015\/don-kishoti-i-stambollit-olsi-jazexhi\/","og_site_name":"FjALA e LIR\u00cb - Arkivi","article_published_time":"2012-01-07T20:43:26+00:00","og_image":[{"url":"http:\/\/www.shkoder.net\/2012\/don_kishoti_arab.jpg","type":"","width":"","height":""}],"author":"admin","twitter_card":"summary_large_image","twitter_misc":{"Written by":"admin","Est. reading time":"6 minutes"},"schema":{"@context":"https:\/\/schema.org","@graph":[{"@type":"Article","@id":"https:\/\/fjala.info\/2009-2015\/don-kishoti-i-stambollit-olsi-jazexhi\/#article","isPartOf":{"@id":"https:\/\/fjala.info\/2009-2015\/don-kishoti-i-stambollit-olsi-jazexhi\/"},"author":{"name":"admin","@id":"https:\/\/fjala.info\/2009-2015\/#\/schema\/person\/3aa1163ef05469c496fc94e77611ada2"},"headline":"\u201cDon Kishoti i Stambollit\u201d Olsi Jazexhi","datePublished":"2012-01-07T20:43:26+00:00","mainEntityOfPage":{"@id":"https:\/\/fjala.info\/2009-2015\/don-kishoti-i-stambollit-olsi-jazexhi\/"},"wordCount":1233,"commentCount":1,"publisher":{"@id":"https:\/\/fjala.info\/2009-2015\/#organization"},"image":{"@id":"https:\/\/fjala.info\/2009-2015\/don-kishoti-i-stambollit-olsi-jazexhi\/#primaryimage"},"thumbnailUrl":"http:\/\/www.shkoder.net\/2012\/don_kishoti_arab.jpg","articleSection":["Artikuj"],"inLanguage":"sq-AL","potentialAction":[{"@type":"CommentAction","name":"Comment","target":["https:\/\/fjala.info\/2009-2015\/don-kishoti-i-stambollit-olsi-jazexhi\/#respond"]}]},{"@type":"WebPage","@id":"https:\/\/fjala.info\/2009-2015\/don-kishoti-i-stambollit-olsi-jazexhi\/","url":"https:\/\/fjala.info\/2009-2015\/don-kishoti-i-stambollit-olsi-jazexhi\/","name":"\u201cDon Kishoti i Stambollit\u201d Olsi Jazexhi - FjALA e LIR\u00cb - Arkivi","isPartOf":{"@id":"https:\/\/fjala.info\/2009-2015\/#website"},"primaryImageOfPage":{"@id":"https:\/\/fjala.info\/2009-2015\/don-kishoti-i-stambollit-olsi-jazexhi\/#primaryimage"},"image":{"@id":"https:\/\/fjala.info\/2009-2015\/don-kishoti-i-stambollit-olsi-jazexhi\/#primaryimage"},"thumbnailUrl":"http:\/\/www.shkoder.net\/2012\/don_kishoti_arab.jpg","datePublished":"2012-01-07T20:43:26+00:00","breadcrumb":{"@id":"https:\/\/fjala.info\/2009-2015\/don-kishoti-i-stambollit-olsi-jazexhi\/#breadcrumb"},"inLanguage":"sq-AL","potentialAction":[{"@type":"ReadAction","target":["https:\/\/fjala.info\/2009-2015\/don-kishoti-i-stambollit-olsi-jazexhi\/"]}]},{"@type":"ImageObject","inLanguage":"sq-AL","@id":"https:\/\/fjala.info\/2009-2015\/don-kishoti-i-stambollit-olsi-jazexhi\/#primaryimage","url":"http:\/\/www.shkoder.net\/2012\/don_kishoti_arab.jpg","contentUrl":"http:\/\/www.shkoder.net\/2012\/don_kishoti_arab.jpg"},{"@type":"BreadcrumbList","@id":"https:\/\/fjala.info\/2009-2015\/don-kishoti-i-stambollit-olsi-jazexhi\/#breadcrumb","itemListElement":[{"@type":"ListItem","position":1,"name":"Home","item":"https:\/\/fjala.info\/2009-2015\/"},{"@type":"ListItem","position":2,"name":"\u201cDon Kishoti i Stambollit\u201d Olsi Jazexhi"}]},{"@type":"WebSite","@id":"https:\/\/fjala.info\/2009-2015\/#website","url":"https:\/\/fjala.info\/2009-2015\/","name":"FjALA e LIR\u00cb - Arkivi","description":"Arkivi 2009-2015","publisher":{"@id":"https:\/\/fjala.info\/2009-2015\/#organization"},"potentialAction":[{"@type":"SearchAction","target":{"@type":"EntryPoint","urlTemplate":"https:\/\/fjala.info\/2009-2015\/?s={search_term_string}"},"query-input":{"@type":"PropertyValueSpecification","valueRequired":true,"valueName":"search_term_string"}}],"inLanguage":"sq-AL"},{"@type":"Organization","@id":"https:\/\/fjala.info\/2009-2015\/#organization","name":"FjALA e LIR\u00cb - Arkivi","url":"https:\/\/fjala.info\/2009-2015\/","logo":{"@type":"ImageObject","inLanguage":"sq-AL","@id":"https:\/\/fjala.info\/2009-2015\/#\/schema\/logo\/image\/","url":"","contentUrl":"","caption":"FjALA e LIR\u00cb - Arkivi"},"image":{"@id":"https:\/\/fjala.info\/2009-2015\/#\/schema\/logo\/image\/"}},{"@type":"Person","@id":"https:\/\/fjala.info\/2009-2015\/#\/schema\/person\/3aa1163ef05469c496fc94e77611ada2","name":"admin","image":{"@type":"ImageObject","inLanguage":"sq-AL","@id":"https:\/\/fjala.info\/2009-2015\/wp-content\/uploads\/2012\/02\/arben_cokaj-120x150.jpg","url":"https:\/\/fjala.info\/2009-2015\/wp-content\/uploads\/2012\/02\/arben_cokaj-120x150.jpg","contentUrl":"https:\/\/fjala.info\/2009-2015\/wp-content\/uploads\/2012\/02\/arben_cokaj-120x150.jpg","caption":"admin"},"description":"Admin, Fjala e Lir\u00eb","sameAs":["https:\/\/fjala.info\/"],"url":"https:\/\/fjala.info\/2009-2015\/author\/admin\/"}]}},"_links":{"self":[{"href":"https:\/\/fjala.info\/2009-2015\/wp-json\/wp\/v2\/posts\/1042","targetHints":{"allow":["GET"]}}],"collection":[{"href":"https:\/\/fjala.info\/2009-2015\/wp-json\/wp\/v2\/posts"}],"about":[{"href":"https:\/\/fjala.info\/2009-2015\/wp-json\/wp\/v2\/types\/post"}],"author":[{"embeddable":true,"href":"https:\/\/fjala.info\/2009-2015\/wp-json\/wp\/v2\/users\/1"}],"replies":[{"embeddable":true,"href":"https:\/\/fjala.info\/2009-2015\/wp-json\/wp\/v2\/comments?post=1042"}],"version-history":[{"count":0,"href":"https:\/\/fjala.info\/2009-2015\/wp-json\/wp\/v2\/posts\/1042\/revisions"}],"wp:attachment":[{"href":"https:\/\/fjala.info\/2009-2015\/wp-json\/wp\/v2\/media?parent=1042"}],"wp:term":[{"taxonomy":"category","embeddable":true,"href":"https:\/\/fjala.info\/2009-2015\/wp-json\/wp\/v2\/categories?post=1042"},{"taxonomy":"post_tag","embeddable":true,"href":"https:\/\/fjala.info\/2009-2015\/wp-json\/wp\/v2\/tags?post=1042"}],"curies":[{"name":"wp","href":"https:\/\/api.w.org\/{rel}","templated":true}]}}