{"id":10411,"date":"2011-09-13T00:21:43","date_gmt":"2011-09-12T23:21:43","guid":{"rendered":"http:\/\/fjala.shkoder.net\/?p=10411"},"modified":"2011-09-13T00:21:43","modified_gmt":"2011-09-12T23:21:43","slug":"fatos-klosi-paralajmeruam-vrasjen-e-azemit","status":"publish","type":"post","link":"https:\/\/fjala.info\/2009-2015\/fatos-klosi-paralajmeruam-vrasjen-e-azemit\/","title":{"rendered":"Fatos Klosi: Paralajm\u00ebruam vrasjen e Azemit"},"content":{"rendered":"<p><img decoding=\"async\" class=\"alignright size-thumbnail wp-image-7236\" title=\"Azem Hajdari\" src=\"http:\/\/www.shkoder.net\/images\/fjala\/2011\/azem_hajdari.jpg\" alt=\"\" width=\"300\" \/> <strong>Lorenc Vangjeli<\/strong>, <em>12 September 2011<\/em><\/p>\n<p>Ish-shefi i sh\u00ebrbimit t\u00eb fsheht\u00eb d\u00ebshmon p\u00ebr her\u00eb t\u00eb par\u00eb t\u00eb v\u00ebrtet\u00ebn e frikshme. SHIK-u kishte njoftuar strukturat shtet\u00ebrore dhe vet\u00eb Hajdarin p\u00ebr atentatin q\u00eb po p\u00ebrgatitej. Materiali prej gjasht\u00eb faqesh para ngjarjes, dy mij\u00eb trupat q\u00eb st\u00ebrviteshin n\u00eb malin e Cukalit p\u00ebr t\u00eb sulmuar TIran\u00ebn dhe telefonatat sekrete n\u00eb selin\u00eb e PD. \u201cDin\u00eb gjith\u00e7ka, kjo \u00ebsht\u00eb nj\u00eb bot\u00eb shum\u00eb e vog\u00ebl p\u00ebr t\u00eb mbajtur gjat\u00eb fshehur paudh\u00ebsit\u00eb e atyre q\u00eb na qeverisin\u201d.<\/p>\n<p>Ne e paralajm\u00ebruam vrasjen e deputetit Hajdari. Grumbulluam t\u00eb gjith\u00eb informacionin e mundsh\u00ebm dhe madje e njoftuam dhe vet\u00eb Azemin, por ndodhi ajo q\u00eb ndodhi\u201d. N\u00ebnt\u00eb vjet mbas vrasjes s\u00eb bujshme, ish-shefi i sh\u00ebrbimeve sekrete d\u00ebshmon p\u00ebr nj\u00eb nga misteret m\u00eb t\u00eb m\u00ebdha t\u00eb tranzicionit, t\u00eb cil\u00ebsuar dhe si krimi i shekullit. Esht\u00eb nj\u00eb histori q\u00eb ngjan n\u00eb m\u00ebnyr\u00eb r\u00ebnqeth\u00ebse me romanin e Gabriel Garcia Markezit, \u201cKronik\u00eb e nj\u00eb vdekjeje t\u00eb paralajm\u00ebruar\u201d, por me nj\u00eb dram\u00eb shum\u00eb her\u00eb m\u00eb t\u00eb madhe. Fatos Klosi \u00ebsht\u00eb njeriu i mistereve t\u00eb m\u00ebdha, profesori i fizik\u00ebs q\u00eb u gjend n\u00eb nj\u00eb vorbull t\u00eb pazakont\u00eb ngjarjesh, pik\u00ebrisht n\u00eb at\u00eb sfer\u00eb gjithmon\u00eb t\u00eb err\u00ebt t\u00eb veprimtaris\u00eb s\u00eb shtetit, n\u00eb at\u00eb qend\u00ebr misterioze prej t\u00eb cil\u00ebs pushteti ishte nj\u00eb derivat i menj\u00ebhersh\u00ebm i informacionit.<\/p>\n<p>Sot, me pushtetit e fjal\u00ebs dhe t\u00eb v\u00ebrtetave t\u00eb tij, Klosi, ndon\u00ebse i t\u00ebrhequr n\u00eb pun\u00ebt e tij private, ushtron gjithashtu nj\u00eb trysni pushteti tep\u00ebr t\u00eb dukshme. Mbas portretit t\u00eb tij t\u00eb qet\u00eb, ajo \u00e7ka kumton shkakton shum\u00eb trazim dhe \u00ebsht\u00eb e mjaft\u00eb q\u00eb t\u00eb krijoj\u00eb bindjen se t\u00eb pakt\u00ebn historia e re e k\u00ebtij vendi, shpesh e kalcifikuar dhe mitizuar, duhet t\u00eb shkruhet ndryshe. \u201cQ\u00eb tre dit\u00eb p\u00ebrpara vrasjes kishim paralajm\u00ebruar edhe strukturat shtet\u00ebrore, por dhe vet\u00eb deputetin Hajdari p\u00ebr at\u00eb q\u00eb ndodhte. Matriali i klasifikuar n\u00ebn sigl\u00ebn sekret, ruhet ende n\u00eb arkivin e SHISH dhe at\u00eb t\u00eb ministris\u00eb s\u00eb brendshme dhe p\u00ebrmend me em\u00ebr dhe mbiem\u00ebr vras\u00ebsit (t\u00eb pakt\u00ebn ata q\u00eb jan\u00eb konsideruar si t\u00eb till\u00eb nga gjykata), mjetet q\u00eb ata do t\u00eb kishin n\u00eb dispozicion, por dhe motivin e krimit. Esht\u00eb nj\u00eb material prej gjasht\u00eb faqesh, i cili, ndon\u00ebse pa vler\u00ebn e prov\u00ebs, \u00ebsht\u00eb p\u00ebrdorur dhe nga vet\u00eb gjykata.<\/p>\n<p>Por ky ishte vet\u00ebm fillimi, sepse sh\u00ebrbimi i fsheht\u00eb kishte mundur t\u00eb siguronte informacione dramatike p\u00ebr at\u00eb q\u00eb pritej t\u00eb ndodhte me Azem Hajdarin q\u00eb kat\u00ebr-pes\u00eb jav\u00eb p\u00ebrpara 12 shtatorit 1998.<\/p>\n<p>\u201cIshte koh\u00eb e trishtuar, ne kishim t\u00eb dh\u00ebna bind\u00ebse q\u00eb n\u00eb shtator 1998 do t\u00eb ndodhnin trazira n\u00eb Shqip\u00ebri duke filluar nga Shkodra dhe m\u00eb pas, do t\u00eb zbrisnin dhe n\u00eb Tiran\u00eb. N\u00eb malin e Cukalit n\u00eb Shkod\u00ebr ndodhej nj\u00eb batalion i t\u00ebr\u00eb i armatosur, deri n\u00eb dy mij\u00eb vet\u00eb, q\u00eb mund t\u00eb rr\u00ebzonin rendin kushtetues. Vrasja e Hajdarit u dha t\u00eb interesuarve nj\u00eb shans p\u00ebr t\u00eb shmangur Shkodr\u00ebn dhe p\u00ebr t\u00eb nisur n\u00eb Tiran\u00eb, at\u00eb q\u00eb do t\u00eb konsiderohej m\u00eb pas, nj\u00eb grusht i v\u00ebrtet\u00eb shteti\u201d, thot\u00eb Klosi.<\/p>\n<p>Ish-shefi i sh\u00ebrbimeve sekrete nuk akuzon direkt, nuk ka d\u00ebshir\u00eb t\u00eb p\u00ebrmend\u00eb emra konkret\u00eb, por ai kujton se n\u00eb t\u00eb pakt\u00ebn dy telefonata me marr\u00ebs selin\u00eb e Partis\u00eb Demokratike, jan\u00eb p\u00ebrdorur terma t\u00eb tmerrsh\u00ebm. \u201cN\u00eb t\u00eb par\u00ebn \u00ebsht\u00eb interceptuar Bujar Bukoshi, ish-kryeminist\u00ebr n\u00eb m\u00ebrgim i Kosov\u00ebs, q\u00eb afronte p\u00ebr t\u00eb nd\u00ebrhyr\u00eb me forc\u00eb n\u00eb 14 shtator me deri 400-500 burra t\u00eb armatosur dhe n\u00eb t\u00eb dyt\u00ebn, nj\u00eb shqiptar-amerikan, i cili i k\u00ebrkonte me ngulm bashk\u00ebbiseduesit t\u00eb tij t\u00eb t\u00ebrhiqej. \u201cAskush nuk do t\u00eb njoh\u00eb pushtetin tuaj nes\u00ebr.<\/p>\n<p>T\u00ebrhiquni! Mos b\u00ebni marr\u00ebzira!\u201d Klosi thot\u00eb se nuk e di se cili ishte z\u00ebri misterioz q\u00eb fliste nj\u00eb shqipe dialektale, por pohon se nga ana tjet\u00ebr, n\u00eb selin\u00eb e PD-s\u00eb i ishin p\u00ebrgjigjur me bindje. \u201cShqiptaro-amerikani dallohej qart\u00eb q\u00eb kishte pushtet mbi at\u00eb q\u00eb po fliste dhe n\u00eb fakt, ndodhi ashtu si\u00e7 ai k\u00ebshilloi\u201d, thot\u00eb Klosi. At\u00ebher\u00eb, rrjedha e rr\u00ebmbyeshme e ngjarjeve ishte e till\u00eb q\u00eb \u201cdetaje\u201d t\u00eb tilla t\u00eb humbisnin n\u00eb harres\u00eb dhe t\u00eb kujtoheshin fare pak.<\/p>\n<p>Nj\u00eb hetim gjyq\u00ebsor me disa raunde dhe me nj\u00eb \u201cbatalion\u201d t\u00eb akuzuarish, u zbeh me kalimin e koh\u00ebs dhe si\u00e7 ndodh r\u00ebndom n\u00eb Shqip\u00ebri, u arkivua. T\u00eb v\u00ebrteta t\u00eb tilla, t\u00eb mjaftueshme q\u00eb t\u00eb ndryshojn\u00eb historin\u00eb e vendit dhe ta shfaqin at\u00eb n\u00eb nj\u00eb drit\u00eb krejt tjet\u00ebr, e b\u00ebjn\u00eb dhe m\u00eb t\u00eb dukshme, err\u00ebrsir\u00ebn me t\u00eb cil\u00ebn politika shqiptare, kryekreje, ka hedhur edhe mbi t\u00eb shkuar\u00ebn ton\u00eb fare t\u00eb af\u00ebrt.<\/p>\n<p>Fatos Klosi \u00ebsht\u00eb i qet\u00eb kur flet. Nj\u00eb kujtes\u00eb e pagabueshme e b\u00ebn t\u00eb citoj\u00eb me nj\u00eb sakt\u00ebsi t\u00eb \u00e7uditshme at\u00eb \u00e7far\u00eb ka ndodhur gjat\u00eb pes\u00eb viteve t\u00eb mandatit t\u00eb tij t\u00eb nd\u00ebrprer\u00eb n\u00eb krye t\u00eb SHISH-it. Ai flet p\u00ebr marr\u00ebdh\u00ebniet shpesh t\u00eb tendosura me tre kryeministrat socialist\u00eb, me ish-Presidentin Meidani, por dhe politik\u00ebn n\u00eb p\u00ebrgjith\u00ebsi. E pranon se hija e SHISH, qoft\u00eb dhe nga trash\u00ebgimia e tij e vjet\u00ebr dhe e re \u00ebsht\u00eb e r\u00ebnd\u00eb, por e konsideron institucionin si nj\u00eb peng t\u00eb vazhduesh\u00ebm t\u00eb politik\u00ebs, sidomos t\u00eb asaj pjese t\u00eb politik\u00ebs q\u00eb ka pasur dhe ka gjithmon\u00eb di\u00e7ka p\u00ebr t\u00eb fshehur.<\/p>\n<p>\u201cEsht\u00eb shum\u00eb e vog\u00ebl kjo bot\u00eb, thot\u00eb ai dhe ask\u00ebnd nuk duhet ta g\u00ebnjej\u00eb mendja se pun\u00ebt e err\u00ebsir\u00ebs mbeten pa u marr\u00eb vesh. Shpesh ato mund t\u00eb jet\u00eb t\u00eb fshehta n\u00eb Shqip\u00ebri, por p\u00ebr partner\u00ebt nd\u00ebrkomb\u00ebtar\u00eb, \u00ebsht\u00eb tep\u00ebr i njohur sistemi i m\u00ebkateve q\u00eb \u00ebsht\u00eb ngritur n\u00eb sistem n\u00eb Shqip\u00ebri. Nga kushdo qoft\u00eb, i t\u00eb majt\u00ebve dje apo t\u00eb djatht\u00ebve sot. T\u00eb huajt i kan\u00eb skanuar t\u00eb gjith\u00eb politikan\u00ebt shqiptar\u00eb dhe ato t\u00eb dh\u00ebna, t\u00eb mbledhura nga sh\u00ebrbimet e tyre sekrete, jan\u00eb n\u00eb dispozicion dhe t\u00eb kancelarive t\u00eb tyre politike\u201d, paralajm\u00ebron Klosi. Q\u00eb beson ende fort se drejt\u00ebsia, qoft\u00eb dhe e pjesshme, do t\u00eb thot\u00eb fjal\u00ebn e saj edhe n\u00eb Shqip\u00ebri dhe p\u00ebr shqiptar\u00eb shum\u00eb t\u00eb njohur.<\/p>\n<p>N\u00eb nj\u00eb intervist\u00eb dramatike p\u00ebr MAPO-n, Klosi d\u00ebshmon eskluzivisht t\u00eb v\u00ebrtetat e tij shp\u00ebrthyese. Por i thot\u00eb qet\u00ebsisht. Si nj\u00eb njeri tashm\u00eb i m\u00ebsuar me t\u00eb keqen, me t\u00eb cil\u00ebn ai pretendon se luftoi fort gjat\u00eb mandatit t\u00eb tij t\u00eb nd\u00ebrprer\u00eb po nga politika. N\u00eb fund t\u00eb bised\u00ebs n\u00eb tryez\u00eb mb\u00ebrrin dhe bashk\u00ebshortja e tij Dorina Klosi. Nj\u00eb grua elegante q\u00eb n\u00eb zgjedhjet e saj ka zgjedhur t\u00eb b\u00ebj\u00eb jo vet\u00ebm gruan simpatike, por edhe luft\u00ebtaren agresive n\u00eb krah t\u00eb t\u00eb shoqit.<\/p>\n<p>Edhe at\u00ebher\u00eb, kur pati kurajo t\u00eb ndeshet drejtp\u00ebrdrejt me kryeministrin Nano, n\u00eb kulmin e pushtetit t\u00eb tij dhe t\u00eb fitonte deri dhe nj\u00eb betej\u00eb ligjore n\u00eb gjykat\u00eb kur e larguan nga puna n\u00eb administrat\u00eb pik\u00ebrisht sepse kishte pasur besim t\u00eb thell\u00eb tek veprimet e drejta t\u00eb t\u00eb shoqit. Vet\u00eb Klosi flet pak, edhe pse e di mir\u00eb se sa m\u00eb shum\u00eb t\u00eb njoh\u00ebsh, aq m\u00eb shum\u00eb hesht.<\/p>\n<p><strong>Si ndodhi q\u00eb ju mor\u00ebt drejtimin e SHISH?<\/strong><br \/>\nEsht\u00eb nj\u00eb opinioni im, por jo vet\u00ebm imi dhe jo vet\u00ebm i p\u00ebrmendur n\u00eb shqip, q\u00eb politika ka rezerva t\u00eb qarta ndaj SHISH dhe nuk \u00ebsht\u00eb e interesuar p\u00ebr funksionimin normal t\u00eb institucionit. Dhe k\u00ebto rezerva i ka krijuar ajo pjes\u00eb e politik\u00ebs vendimmarr\u00ebse q\u00eb ka gj\u00ebra p\u00ebr t\u00eb fshehur. Por n\u00eb vitin 1997, ashtu si dhe sot, b\u00ebja pjes\u00eb n\u00eb at\u00eb rradh\u00eb t\u00eb gjat\u00eb shqiptar\u00ebsh optimist\u00eb dhe idealist\u00eb q\u00eb shpresonin t\u00eb b\u00ebnin di\u00e7ka ndryshe.<\/p>\n<p>Kur ish-Presidenti Meidani, miku im i fakultetit t\u00eb shkencave, firmosi dekretin me emrin tim, ish-kryeministri Fatos Nano m\u00eb k\u00ebrkoi vet\u00ebm nj\u00eb gj\u00eb: \u201cMundesh t\u00b4i ndryshosh SHIK-ut (si\u00e7 quhej at\u00ebher\u00eb) at\u00eb nam t\u00eb keq q\u00eb ka trash\u00ebguar nga e shkuara dhe nga koha kur e drejtonte Gazidede? N\u00ebse e b\u00ebn nj\u00eb gj\u00eb t\u00eb till\u00eb, do t\u00eb kemi t\u00eb gjith\u00eb sukses\u201d, m\u00eb tha at\u00ebher\u00eb dhe un\u00eb besoj se ndryshimi i imazhit t\u00eb institucionit ishte nga sinjalet e para q\u00eb Sh\u00ebrbimi do t\u00eb riformatohej ndryshe. M\u00eb pas, sh\u00ebrbesat q\u00eb institucioni i ka b\u00ebr\u00eb vendit, nuk do t\u00eb nguroja t\u00b4i konsideroja t\u00eb pa\u00e7mueshme.<\/p>\n<p><strong>Keni pasur mb\u00ebshtetje n\u00eb at\u00eb pun\u00eb nga politika zyrtare e koh\u00ebs?<\/strong><br \/>\nP\u00ebrgjith\u00ebsisht kam pasur, por ka ndodhur dhe q\u00eb t\u00eb gjendesha, p\u00ebr kombinime fatkeqe rrethanash i vet\u00ebm p\u00ebrball\u00eb t\u00eb gjith\u00ebve q\u00eb i kam pasur t\u00eb gjith\u00eb kund\u00ebr. Jan\u00eb disa momente gjat\u00eb t\u00eb cilave kam qen\u00eb deri dhe p\u00ebrball\u00eb dy prej kryeministrave socialist\u00eb q\u00eb drejtuan me rradh\u00eb vendin. P\u00ebr t\u00eb p\u00ebrmendur t\u00eb parin Nanon q\u00eb m\u00eb k\u00ebrkoi dor\u00ebheqjen mbas ngjarjeve t\u00eb shtatorit 1998 dhe u armiq\u00ebsua p\u00ebrfundimisht me mua kur tentoi t\u00eb zgjidhej president n\u00eb vendin e Meidanit n\u00eb 2002.<\/p>\n<p>Pak koh\u00eb m\u00eb par\u00eb, n\u00eb maj t\u00eb atij viti, n\u00eb nj\u00eb interpelanc\u00eb me kryeministrin Majko, kur ngjarjet rrodh\u00ebn deri n\u00eb nj\u00eb votim t\u00eb fsheht\u00eb n\u00eb Kuvend p\u00ebr fatin tim, munda t\u00eb marr vota t\u00eb majta dhe nj\u00eb paket\u00eb votash t\u00eb tilla nga e djathta. Kjo gj\u00eb krijoi madje legjend\u00ebn urbane q\u00eb un\u00eb mund t\u00eb kontrolloja nj\u00eb pjes\u00eb t\u00eb votave t\u00eb djathta. Dhe pik\u00ebrisht k\u00ebt\u00eb rezervuar votash, q\u00eb n\u00eb t\u00eb v\u00ebrtet\u00eb nuk e kisha, m\u00eb k\u00ebrkoi Nano t\u00b4ja vija n\u00eb dispozicion n\u00eb funksion t\u00eb zgjedhjes s\u00eb tij n\u00eb krye t\u00eb shtetit. Por \u00e7arja e madhe dhe e pariparueshme me t\u00eb ndodhi kur Nano mendoi se un\u00eb q\u00ebndroja mbas nj\u00eb emisioni televiziv q\u00eb kishte hedhur dyshime mbi at\u00eb vet\u00eb dhe bashk\u00ebshorten e tij.<\/p>\n<p>Edhe pse e kisha th\u00ebn\u00eb zyrtarisht, edhe pse k\u00ebshtu u provua edhe m\u00eb pas, q\u00eb SHISH nuk dispononte asnj\u00eb dokument t\u00eb k\u00ebtij lloji, d\u00ebmi njer\u00ebzor dhe zyrtar ishte b\u00ebr\u00eb. Po k\u00ebshtu me Majkon. N\u00eb fillim kishim marr\u00ebdh\u00ebnie mjaft t\u00eb mira dhe un\u00eb isha entuziast p\u00ebr bashk\u00ebpunimin me t\u00eb, por n\u00eb nj\u00eb moment t\u00eb caktuar, u gjenda i akuzuar prej tij n\u00eb nj\u00eb m\u00ebnyr\u00eb t\u00eb habitshme. T\u00eb gjith\u00eb k\u00ebrkesat e mia p\u00ebr t\u00eb b\u00ebr\u00eb sqarimet e nevojshme u refuzuan dhe mb\u00ebrrit\u00ebm n\u00eb pik\u00ebn kur Majko k\u00ebrkoi me insistim largimin tim nga detyra. Mandatin e tij t\u00eb dyt\u00eb si kryeminist\u00ebr, fal\u00eb dhe koh\u00ebs q\u00eb kishte kaluar, por dhe perceptimit tjet\u00ebr q\u00eb ai pati p\u00ebr sh\u00ebrbimin, pata marr\u00ebdh\u00ebnie shum\u00eb m\u00eb t\u00eb qeta. Kurse me Met\u00ebn kam bashk\u00ebpunuar n\u00eb m\u00ebnyr\u00eb mjaft m\u00eb t\u00eb q\u00ebndrueshme.<\/p>\n<p><strong>Shpesh \u00ebsht\u00eb p\u00ebrmendur q\u00eb sh\u00ebrbimi ka pasur nj\u00eb rol t\u00eb ve\u00e7ant\u00eb edhe gjat\u00eb kriz\u00ebs s\u00eb Kosov\u00ebs? Cili \u00ebsht\u00eb komenti juaj?<\/strong><br \/>\nFatkeq\u00ebsisht, filozofia bulevardeske, flet m\u00eb shum\u00eb ai q\u00eb nuk di asgj\u00eb, \u00ebsht\u00eb tep\u00ebr e dukshme n\u00eb Shqip\u00ebri. Nuk dua t\u00eb flas mbi k\u00ebt\u00eb tem\u00eb, por di t\u00eb them me siguri dhe p\u00ebrgjegj\u00ebsi t\u00eb plot\u00eb se sh\u00ebrbimi ka kryer n\u00eb m\u00ebnyr\u00ebn m\u00eb t\u00eb mir\u00eb t\u00eb mundshme, n\u00eb bashk\u00ebpunim me sh\u00ebrbimet partnere ato detyra q\u00eb nuk shkelnin ligjin, por dhe q\u00eb i viheshin n\u00eb sh\u00ebrbim nj\u00eb \u00e7\u00ebshtjeje q\u00eb ishte sa patriotike e par\u00eb nga k\u00ebndv\u00ebshtrimi ngushtazi patriotik, po aq dhe detyruese n\u00eb nj\u00eb v\u00ebshtrim shum\u00eb m\u00eb global e gjeostrategjik. Nd\u00ebrsa drejtimet e tjera t\u00eb pun\u00ebs s\u00eb SHISH, sidomos ato q\u00eb kishin t\u00eb b\u00ebnin me luft\u00ebn kund\u00ebr terrorizmit, jam i bindur se sot dhe nes\u00ebr, jan\u00eb t\u00eb afta t\u00eb krijojn\u00eb krenari p\u00ebr shqiptarin e thjesht\u00eb q\u00eb paguan p\u00ebr k\u00ebt\u00eb struktur\u00eb.<\/p>\n<p>T\u00eb kthehemi dhe nj\u00ebher\u00eb n\u00eb ngjarjet e shtatorit 1998, \u00e7far\u00eb roli ka pasur SHISH n\u00eb at\u00eb periudh\u00eb?<br \/>\nEsht\u00eb nj\u00eb nga periudhat m\u00eb t\u00eb komentuara, por dhe m\u00eb t\u00eb mistifikuara t\u00eb veprimtaris\u00eb s\u00eb sh\u00ebrbimit. Dua t\u00eb them se n\u00eb dat\u00ebn 8 shtator, (informacionet e para i kemi dh\u00ebn\u00eb q\u00eb kat\u00ebr pes\u00eb jav\u00eb m\u00eb par\u00eb) edhe zyrtarisht kemi paralajm\u00ebruar strukturat shtet\u00ebrore dhe vet\u00eb deputetin e ndjer\u00eb Azem Hajdari p\u00ebr at\u00eb q\u00eb pritej t\u00eb ndodhte. Sinjalet e para i kishim marr\u00eb nga Tropoja. P\u00ebr t\u00eb qen\u00eb m\u00eb t\u00eb qart\u00eb duhet t\u00eb rind\u00ebrtohet dhe nj\u00ebher\u00eb tabloja e asaj kohe. N\u00eb Tropoj\u00eb kishte dy grupime, armiq\u00ebsor\u00eb me nj\u00ebri \u2013 tjetrin q\u00eb me zhargonin e politik\u00ebs mund t\u00eb themi q\u00eb ishin t\u00eb majt\u00eb dhe t\u00eb djatht\u00eb.<\/p>\n<p>T\u00eb par\u00ebt e konsideronin Hajdarin si t\u00eb p\u00ebrzier\u00eb n\u00eb nj\u00eb vrasje t\u00eb ndodhur n\u00eb Tropoj\u00eb dhe kishin vendosur t\u00eb hakmerreshin. Fillimisht menduam se ishin vet\u00ebm fjal\u00eb dhe paralajm\u00ebrime, por m\u00eb pas gj\u00ebrat nis\u00ebn t\u00eb b\u00ebhen shum\u00eb m\u00eb serioze kur nis\u00ebm t\u00eb marrim informacione se ata po organizoheshin n\u00eb m\u00ebnyr\u00eb konkrete. Po caktoheshin njer\u00ebz dhe po grumbulloheshin mjete. Nuk ishte e thjesht\u00eb t\u00eb mb\u00ebrrihej deri n\u00eb vrasjen e nj\u00eb deputeti nga m\u00eb t\u00eb njohurit e vendit si Azemi, ndaj p\u00ebr vras\u00ebsit e tij nuk ishte pun\u00eb e leht\u00eb. At\u00ebher\u00eb ne u b\u00ebm\u00eb shum\u00eb m\u00eb t\u00eb v\u00ebmendsh\u00ebm.<\/p>\n<p>Paralajm\u00ebruam strukturat shtet\u00ebrore, por dhe vet\u00eb Azemin dhe e theksoj, k\u00ebt\u00eb e kemi b\u00ebr\u00eb q\u00eb kat\u00ebr-pes\u00eb jav\u00eb p\u00ebrpara se t\u00eb ndodhte atentati. M\u00eb ka mbetur e ngulitur n\u00eb mendje nj\u00eb intervist\u00eb e Azemit vet\u00ebm nj\u00eb jav\u00eb p\u00ebrpara se t\u00eb vritej, kur p\u00ebr her\u00eb t\u00eb par\u00eb SHISH falenderohej prej tij p\u00ebr pun\u00ebn serioze q\u00eb po kryente. I m\u00ebsuar me k\u00ebrc\u00ebnime t\u00eb tilla Azemi, edhe pse i paralajm\u00ebruar prej nesh, nuk \u00ebsht\u00eb se i dha shum\u00eb r\u00ebnd\u00ebsi koh\u00ebt e para k\u00ebtij k\u00ebrc\u00ebnimi, por ai nisi t\u00eb shqet\u00ebsohej seriozisht kur m\u00ebsoi se dhe nj\u00eb pjes\u00eb e politik\u00ebs mund t\u00eb ishte e interesuar p\u00ebr vdekjen e tij.<\/p>\n<p><strong>E cil\u00ebs an\u00eb t\u00eb politik\u00ebs?<\/strong><br \/>\nAsaj t\u00eb djatht\u00eb.<br \/>\n<strong>Jeni i sigurt\u00eb?<\/strong><br \/>\nKrejt i sigurt\u00eb.<\/p>\n<p><strong>N\u00eb \u00e7far\u00eb m\u00ebnyre paralajm\u00ebruat strukturat q\u00eb ju thoni?<\/strong><br \/>\nKa nj\u00eb material t\u00eb klasifikuar e p\u00ebrfundimtar q\u00eb ndodhet ende n\u00eb arkivat e SHISH e ministris\u00eb s\u00eb brendshme, por jo vet\u00ebm aty, q\u00eb p\u00ebrshkruan me em\u00ebr t\u00eb pjes\u00ebn m\u00eb t\u00eb madhe t\u00eb autor\u00ebve t\u00eb atentatit, planifikimin e l\u00ebvizjeve t\u00eb tyre n\u00eb drejtim t\u00eb Tiran\u00ebs dhe l\u00ebvizjet e tyre n\u00ebp\u00ebr Tiran\u00eb, pikat e kontaktit e k\u00ebshtu me rradh\u00eb. Esht\u00eb nj\u00eb material tep\u00ebr i rezervuar q\u00eb u vu dhe n\u00eb dispozicion t\u00eb prokuroris\u00eb kur hetoi vrasjen. Fatkeq\u00ebsisht ndodhi ashtu si\u00e7 e kishim paralajm\u00ebruar. Ne dinim q\u00eb m\u00eb par\u00eb se n\u00eb shtator po p\u00ebrgatitej t\u00eb b\u00ebheshin trazira n\u00eb Shqip\u00ebri duke filluar nga Shkodra e p\u00ebr t\u00eb p\u00ebrfunduar n\u00eb Tiran\u00eb. Vrasja e Azemit e p\u00ebrshpejtoi k\u00ebt\u00eb skenar.<\/p>\n<p><strong>\u00c7far\u00eb pritej t\u00eb ndodhte n\u00eb Shkod\u00ebr?<\/strong><br \/>\nN\u00eb rrethana t\u00eb tjera dhe p\u00ebr motive t\u00eb tjera do t\u00eb kishte nj\u00eb si kon t\u00eb p\u00ebr p\u00ebrmbysur si n\u00eb ngjarjet e \u00b497, q\u00eb nis\u00ebn nga Vlora dhe p\u00ebrfunduan n\u00eb Tiran\u00eb. Ishte planifikuar t\u00eb sulmohej dhe t\u00eb merrej p\u00ebrs\u00ebri, p\u00ebr t\u00eb tret\u00ebn her\u00eb komisariati i policis\u00eb s\u00eb Shkodr\u00ebs, t\u00eb merrej Shkodra dhe m\u00eb pas, ajo l\u00ebvizje t\u00eb merrte edhe Tiran\u00ebn.<\/p>\n<p><strong>Sa e mundur do t\u00eb ishte nj\u00eb gj\u00eb e till\u00eb?<\/strong><br \/>\nN\u00eb malin e Cukalit n\u00eb af\u00ebrsi t\u00eb Shkodr\u00ebs kishim indentifikuar deri n\u00eb dy mij\u00eb vet\u00eb t\u00eb armatosur q\u00eb do t\u00eb b\u00ebnin b\u00ebrtham\u00ebn e k\u00ebsaj l\u00ebvizjeje. Atje b\u00ebnin edhe st\u00ebrvitje. Po tregoj nj\u00eb detaj, tek ata mb\u00ebrrit\u00ebm duke u nisur nga furrat e buk\u00ebs ku furnizoheshin. Konsumonin shum\u00eb. Vrasja e Azemit e ndryshoi dhe e p\u00ebrshpejtoi k\u00ebt\u00eb skenar. Nj\u00eb pjes\u00eb e tyre mb\u00ebrrit\u00ebn n\u00eb Tiran\u00eb q\u00eb t\u00eb nes\u00ebrmen e atentatit tragjik.<\/p>\n<p><strong>Mendoni se dit\u00ebn e funeralit u konsumuan element\u00ebt e nj\u00eb grushti shteti n\u00eb vend?<\/strong><br \/>\nKjo \u00ebsht\u00eb nj\u00eb tem\u00eb tep\u00ebr e gjer\u00eb dhe shum\u00eb e komentuar. Un\u00eb i kam b\u00ebr\u00eb komentet e mia prej koh\u00ebsh. Dua t\u00eb n\u00ebnvizoj di\u00e7ka krejt tjet\u00ebr. N\u00eb at\u00eb koh\u00eb jan\u00eb interceptuar nj\u00eb num\u00ebr telefonatash me prit\u00ebs t\u00eb thirrjes seli e Partis\u00eb Demokratike. N\u00eb t\u00eb par\u00ebn \u00ebsht\u00eb interceptuar Bujar Bukoshi, ish-kryeminist\u00ebr n\u00eb m\u00ebrgim i Kosov\u00ebs, q\u00eb afronte \u201cp\u00ebr situat\u00ebn\u201d e 14 shtatorit deri n\u00eb 400-500 burra t\u00eb armatosur dhe n\u00eb t\u00eb dyt\u00ebn, nj\u00eb shqiptaro-amerikan, i cili i k\u00ebrkonte me ngulm bashk\u00ebbiseduesit t\u00eb tij t\u00eb t\u00ebrhiqej. \u201cAskush nuk do t\u00eb njoh\u00eb pushtetin tuaj nes\u00ebr. T\u00ebrhiquni! Mos b\u00ebni marr\u00ebzira!\u201d<\/p>\n<p>Klosi thot\u00eb se nuk e di se cili ishte z\u00ebri i shqiptaro \u2013 amerikanit. Un\u00eb besoj fort se ai ishte nj\u00eb nga arsyet e forta q\u00eb ndal\u00ebn precipitimin n\u00eb skaje shum\u00eb m\u00eb tragjike t\u00eb historis\u00eb. Mund t\u00eb kishte pasur edhe zhvillime krejt t\u00eb pamendueshme. Ajo q\u00eb na b\u00ebnte at\u00ebher\u00eb shum\u00eb p\u00ebrshtypje ishte se fol\u00ebsi nga PD-ja tregohej shum\u00eb i bindur ndaj k\u00ebshillave t\u00eb bashk\u00ebbiseduesit. Fatmir\u00ebsisht ashtu dhe ndodhi.<\/p>\n<p><strong>Mendoni se \u00ebsht\u00eb zbardhur e v\u00ebrteta e plot\u00eb e atyre ngjarjeve?<\/strong><br \/>\nVet\u00ebm pjes\u00ebrisht.<\/p>\n<p><strong>Megjith\u00ebse ju pohoni se keni paralajm\u00ebruar ngjarjet, s\u00ebrish institucioni juaj \u00ebsht\u00eb v\u00ebn\u00eb n\u00ebn akuz\u00eb po p\u00ebr k\u00ebto ngjarje. Pse ka ndodhur k\u00ebshtu?<\/strong><br \/>\nSepse m\u00ebnyra m\u00eb e mir\u00eb p\u00ebr t\u00eb mbrojtur m\u00ebkatet, \u00ebsht\u00eb t\u00eb gjesh gjetk\u00eb m\u00ebkatar\u00ebt. Ky parim u tentua t\u00eb vihej n\u00eb l\u00ebvizje at\u00ebher\u00eb.<\/p>\n<p><strong>P\u00ebr t\u00eb ndryshuar tem\u00eb, nuk ju duket se nj\u00eb parim i till\u00eb vihet n\u00eb funksionim edhe n\u00eb luft\u00ebn e shpallur nga t\u00eb gjitha qev\u00eberisjet n\u00eb vend kund\u00ebr korrupsionit?<\/strong><br \/>\nK\u00ebshtu ka ndodhur me t\u00eb majt\u00ebt, k\u00ebshtu po ndodh dhe me t\u00eb djatht\u00ebt. Nuk po them ato t\u00eb dh\u00ebna q\u00eb p\u00ebr shkak t\u00eb detyr\u00ebs mblidhte sh\u00ebrbimi, por dua t\u00eb n\u00ebnvizoj di\u00e7ka krejt tjet\u00ebr. Politikan\u00ebt aktiv\u00eb n\u00eb Shqip\u00ebri jan\u00eb improvizuar n\u00eb harkun e pak dit\u00ebve n\u00eb dimrin e vitit \u00b490. Me pak p\u00ebrjashtime jan\u00eb po ata individ\u00eb q\u00eb u p\u00ebrmend\u00ebn p\u00ebr her\u00eb t\u00eb par\u00eb n\u00eb at\u00eb koh\u00eb. T\u00eb jemi konkret\u00eb. Partner\u00ebt nd\u00ebrkomb\u00ebtar\u00eb ishin shum\u00eb t\u00eb interesuar t\u00eb dinin se cil\u00ebt ishin k\u00ebta njer\u00ebz, nga vinin dhe ku shkonin. Dhe p\u00ebr t\u00eb b\u00ebr\u00eb nj\u00eb gj\u00eb t\u00eb till\u00eb, hynin n\u00eb loj\u00eb sh\u00ebrbimet e tyre inteligjente.<\/p>\n<p>T\u00eb jeni i bindur, se kjo \u00ebsht\u00eb nj\u00eb bot\u00eb shum\u00eb e vog\u00ebl dhe \u00ebsht\u00eb praktikisht e pamundur q\u00eb t\u00eb fshihen \u201ckundravajtje\u201d si ato q\u00eb kan\u00eb t\u00eb b\u00ebjn\u00eb me korrupsionin, transfertat e parave t\u00eb pista n\u00eb banka t\u00eb huaja, t\u00eb lidhjeve t\u00eb krimit me politik\u00ebn apo dhe dep\u00ebrtimin e parave t\u00eb pista n\u00eb politik\u00eb. Sh\u00ebrbimet e huaja kan\u00eb nj\u00eb skaner t\u00eb p\u00ebrkryer p\u00ebr cilindo aktor t\u00eb r\u00ebnd\u00ebsish\u00ebm t\u00eb politik\u00ebs s\u00eb vendit. Edhe sot, brenda dit\u00ebs ata din\u00eb se \u00e7far\u00eb ndodh n\u00eb nj\u00eb mbledhje qeverie. Madje din\u00eb dhe se n\u00eb funksion t\u00eb kujt grupimi shkon ky apo ai vendim i k\u00ebshillit t\u00eb ministrave. Zakonisht jan\u00eb ato vendime q\u00eb merren n\u00eb minut\u00ebn e fundit t\u00eb mbledhjeve t\u00eb tilla.<\/p>\n<p><strong>Dhe pse mendoni se nuk ka nj\u00eb reagim publik n\u00ebp\u00ebrmjet kanaleve t\u00eb tjera t\u00eb k\u00ebtyre t\u00eb v\u00ebrtetave prej disponuesve t\u00eb tyre?<\/strong><br \/>\nNuk m\u00eb takon mua t\u00eb p\u00ebrgjigjem. Ndoshta gati-gati u leverdis nj\u00eb gj\u00eb e till\u00eb.<\/p>\n<p><em>MAPO<\/em><\/p>\n","protected":false},"excerpt":{"rendered":"<p>Lorenc Vangjeli, 12 September 2011 Ish-shefi i sh\u00ebrbimit t\u00eb fsheht\u00eb d\u00ebshmon p\u00ebr her\u00eb t\u00eb par\u00eb t\u00eb v\u00ebrtet\u00ebn e frikshme. SHIK-u kishte njoftuar strukturat shtet\u00ebrore dhe vet\u00eb Hajdarin p\u00ebr atentatin q\u00eb po p\u00ebrgatitej. Materiali prej gjasht\u00eb faqesh para ngjarjes, dy mij\u00eb trupat q\u00eb st\u00ebrviteshin n\u00eb malin e Cukalit p\u00ebr t\u00eb sulmuar TIran\u00ebn dhe telefonatat sekrete n\u00eb [&hellip;]<\/p>\n","protected":false},"author":1,"featured_media":0,"comment_status":"open","ping_status":"closed","sticky":false,"template":"","format":"standard","meta":{"footnotes":""},"categories":[2,4],"tags":[],"class_list":{"0":"post-10411","1":"post","2":"type-post","3":"status-publish","4":"format-standard","6":"category-artikuj","7":"category-intervista"},"yoast_head":"<!-- This site is optimized with the Yoast SEO plugin v27.4 - https:\/\/yoast.com\/product\/yoast-seo-wordpress\/ -->\n<title>Fatos Klosi: Paralajm\u00ebruam vrasjen e Azemit - FjALA e LIR\u00cb - Arkivi<\/title>\n<meta name=\"robots\" content=\"index, follow, max-snippet:-1, max-image-preview:large, max-video-preview:-1\" \/>\n<link rel=\"canonical\" href=\"https:\/\/fjala.info\/2009-2015\/fatos-klosi-paralajmeruam-vrasjen-e-azemit\/\" \/>\n<meta property=\"og:locale\" content=\"sq_AL\" \/>\n<meta property=\"og:type\" content=\"article\" \/>\n<meta property=\"og:title\" content=\"Fatos Klosi: Paralajm\u00ebruam vrasjen e Azemit - FjALA e LIR\u00cb - Arkivi\" \/>\n<meta property=\"og:description\" content=\"Lorenc Vangjeli, 12 September 2011 Ish-shefi i sh\u00ebrbimit t\u00eb fsheht\u00eb d\u00ebshmon p\u00ebr her\u00eb t\u00eb par\u00eb t\u00eb v\u00ebrtet\u00ebn e frikshme. SHIK-u kishte njoftuar strukturat shtet\u00ebrore dhe vet\u00eb Hajdarin p\u00ebr atentatin q\u00eb po p\u00ebrgatitej. Materiali prej gjasht\u00eb faqesh para ngjarjes, dy mij\u00eb trupat q\u00eb st\u00ebrviteshin n\u00eb malin e Cukalit p\u00ebr t\u00eb sulmuar TIran\u00ebn dhe telefonatat sekrete n\u00eb [&hellip;]\" \/>\n<meta property=\"og:url\" content=\"https:\/\/fjala.info\/2009-2015\/fatos-klosi-paralajmeruam-vrasjen-e-azemit\/\" \/>\n<meta property=\"og:site_name\" content=\"FjALA e LIR\u00cb - Arkivi\" \/>\n<meta property=\"article:published_time\" content=\"2011-09-12T23:21:43+00:00\" \/>\n<meta property=\"og:image\" content=\"http:\/\/www.shkoder.net\/images\/fjala\/2011\/azem_hajdari.jpg\" \/>\n<meta name=\"author\" content=\"admin\" \/>\n<meta name=\"twitter:card\" content=\"summary_large_image\" \/>\n<meta name=\"twitter:label1\" content=\"Written by\" \/>\n\t<meta name=\"twitter:data1\" content=\"admin\" \/>\n\t<meta name=\"twitter:label2\" content=\"Est. reading time\" \/>\n\t<meta name=\"twitter:data2\" content=\"17 minutes\" \/>\n<script type=\"application\/ld+json\" class=\"yoast-schema-graph\">{\"@context\":\"https:\\\/\\\/schema.org\",\"@graph\":[{\"@type\":\"Article\",\"@id\":\"https:\\\/\\\/fjala.info\\\/2009-2015\\\/fatos-klosi-paralajmeruam-vrasjen-e-azemit\\\/#article\",\"isPartOf\":{\"@id\":\"https:\\\/\\\/fjala.info\\\/2009-2015\\\/fatos-klosi-paralajmeruam-vrasjen-e-azemit\\\/\"},\"author\":{\"name\":\"admin\",\"@id\":\"https:\\\/\\\/fjala.info\\\/2009-2015\\\/#\\\/schema\\\/person\\\/3aa1163ef05469c496fc94e77611ada2\"},\"headline\":\"Fatos Klosi: Paralajm\u00ebruam vrasjen e Azemit\",\"datePublished\":\"2011-09-12T23:21:43+00:00\",\"mainEntityOfPage\":{\"@id\":\"https:\\\/\\\/fjala.info\\\/2009-2015\\\/fatos-klosi-paralajmeruam-vrasjen-e-azemit\\\/\"},\"wordCount\":3354,\"commentCount\":0,\"publisher\":{\"@id\":\"https:\\\/\\\/fjala.info\\\/2009-2015\\\/#organization\"},\"image\":{\"@id\":\"https:\\\/\\\/fjala.info\\\/2009-2015\\\/fatos-klosi-paralajmeruam-vrasjen-e-azemit\\\/#primaryimage\"},\"thumbnailUrl\":\"http:\\\/\\\/www.shkoder.net\\\/images\\\/fjala\\\/2011\\\/azem_hajdari.jpg\",\"articleSection\":[\"Artikuj\",\"Intervista\"],\"inLanguage\":\"sq-AL\",\"potentialAction\":[{\"@type\":\"CommentAction\",\"name\":\"Comment\",\"target\":[\"https:\\\/\\\/fjala.info\\\/2009-2015\\\/fatos-klosi-paralajmeruam-vrasjen-e-azemit\\\/#respond\"]}]},{\"@type\":\"WebPage\",\"@id\":\"https:\\\/\\\/fjala.info\\\/2009-2015\\\/fatos-klosi-paralajmeruam-vrasjen-e-azemit\\\/\",\"url\":\"https:\\\/\\\/fjala.info\\\/2009-2015\\\/fatos-klosi-paralajmeruam-vrasjen-e-azemit\\\/\",\"name\":\"Fatos Klosi: Paralajm\u00ebruam vrasjen e Azemit - FjALA e LIR\u00cb - Arkivi\",\"isPartOf\":{\"@id\":\"https:\\\/\\\/fjala.info\\\/2009-2015\\\/#website\"},\"primaryImageOfPage\":{\"@id\":\"https:\\\/\\\/fjala.info\\\/2009-2015\\\/fatos-klosi-paralajmeruam-vrasjen-e-azemit\\\/#primaryimage\"},\"image\":{\"@id\":\"https:\\\/\\\/fjala.info\\\/2009-2015\\\/fatos-klosi-paralajmeruam-vrasjen-e-azemit\\\/#primaryimage\"},\"thumbnailUrl\":\"http:\\\/\\\/www.shkoder.net\\\/images\\\/fjala\\\/2011\\\/azem_hajdari.jpg\",\"datePublished\":\"2011-09-12T23:21:43+00:00\",\"breadcrumb\":{\"@id\":\"https:\\\/\\\/fjala.info\\\/2009-2015\\\/fatos-klosi-paralajmeruam-vrasjen-e-azemit\\\/#breadcrumb\"},\"inLanguage\":\"sq-AL\",\"potentialAction\":[{\"@type\":\"ReadAction\",\"target\":[\"https:\\\/\\\/fjala.info\\\/2009-2015\\\/fatos-klosi-paralajmeruam-vrasjen-e-azemit\\\/\"]}]},{\"@type\":\"ImageObject\",\"inLanguage\":\"sq-AL\",\"@id\":\"https:\\\/\\\/fjala.info\\\/2009-2015\\\/fatos-klosi-paralajmeruam-vrasjen-e-azemit\\\/#primaryimage\",\"url\":\"http:\\\/\\\/www.shkoder.net\\\/images\\\/fjala\\\/2011\\\/azem_hajdari.jpg\",\"contentUrl\":\"http:\\\/\\\/www.shkoder.net\\\/images\\\/fjala\\\/2011\\\/azem_hajdari.jpg\"},{\"@type\":\"BreadcrumbList\",\"@id\":\"https:\\\/\\\/fjala.info\\\/2009-2015\\\/fatos-klosi-paralajmeruam-vrasjen-e-azemit\\\/#breadcrumb\",\"itemListElement\":[{\"@type\":\"ListItem\",\"position\":1,\"name\":\"Home\",\"item\":\"https:\\\/\\\/fjala.info\\\/2009-2015\\\/\"},{\"@type\":\"ListItem\",\"position\":2,\"name\":\"Fatos Klosi: Paralajm\u00ebruam vrasjen e Azemit\"}]},{\"@type\":\"WebSite\",\"@id\":\"https:\\\/\\\/fjala.info\\\/2009-2015\\\/#website\",\"url\":\"https:\\\/\\\/fjala.info\\\/2009-2015\\\/\",\"name\":\"FjALA e LIR\u00cb - Arkivi\",\"description\":\"Arkivi 2009-2015\",\"publisher\":{\"@id\":\"https:\\\/\\\/fjala.info\\\/2009-2015\\\/#organization\"},\"potentialAction\":[{\"@type\":\"SearchAction\",\"target\":{\"@type\":\"EntryPoint\",\"urlTemplate\":\"https:\\\/\\\/fjala.info\\\/2009-2015\\\/?s={search_term_string}\"},\"query-input\":{\"@type\":\"PropertyValueSpecification\",\"valueRequired\":true,\"valueName\":\"search_term_string\"}}],\"inLanguage\":\"sq-AL\"},{\"@type\":\"Organization\",\"@id\":\"https:\\\/\\\/fjala.info\\\/2009-2015\\\/#organization\",\"name\":\"FjALA e LIR\u00cb - Arkivi\",\"url\":\"https:\\\/\\\/fjala.info\\\/2009-2015\\\/\",\"logo\":{\"@type\":\"ImageObject\",\"inLanguage\":\"sq-AL\",\"@id\":\"https:\\\/\\\/fjala.info\\\/2009-2015\\\/#\\\/schema\\\/logo\\\/image\\\/\",\"url\":\"\",\"contentUrl\":\"\",\"caption\":\"FjALA e LIR\u00cb - Arkivi\"},\"image\":{\"@id\":\"https:\\\/\\\/fjala.info\\\/2009-2015\\\/#\\\/schema\\\/logo\\\/image\\\/\"}},{\"@type\":\"Person\",\"@id\":\"https:\\\/\\\/fjala.info\\\/2009-2015\\\/#\\\/schema\\\/person\\\/3aa1163ef05469c496fc94e77611ada2\",\"name\":\"admin\",\"image\":{\"@type\":\"ImageObject\",\"inLanguage\":\"sq-AL\",\"@id\":\"https:\\\/\\\/fjala.info\\\/2009-2015\\\/wp-content\\\/uploads\\\/2012\\\/02\\\/arben_cokaj-120x150.jpg\",\"url\":\"https:\\\/\\\/fjala.info\\\/2009-2015\\\/wp-content\\\/uploads\\\/2012\\\/02\\\/arben_cokaj-120x150.jpg\",\"contentUrl\":\"https:\\\/\\\/fjala.info\\\/2009-2015\\\/wp-content\\\/uploads\\\/2012\\\/02\\\/arben_cokaj-120x150.jpg\",\"caption\":\"admin\"},\"description\":\"Admin, Fjala e Lir\u00eb\",\"sameAs\":[\"https:\\\/\\\/fjala.info\\\/\"],\"url\":\"https:\\\/\\\/fjala.info\\\/2009-2015\\\/author\\\/admin\\\/\"}]}<\/script>\n<!-- \/ Yoast SEO plugin. -->","yoast_head_json":{"title":"Fatos Klosi: Paralajm\u00ebruam vrasjen e Azemit - FjALA e LIR\u00cb - Arkivi","robots":{"index":"index","follow":"follow","max-snippet":"max-snippet:-1","max-image-preview":"max-image-preview:large","max-video-preview":"max-video-preview:-1"},"canonical":"https:\/\/fjala.info\/2009-2015\/fatos-klosi-paralajmeruam-vrasjen-e-azemit\/","og_locale":"sq_AL","og_type":"article","og_title":"Fatos Klosi: Paralajm\u00ebruam vrasjen e Azemit - FjALA e LIR\u00cb - Arkivi","og_description":"Lorenc Vangjeli, 12 September 2011 Ish-shefi i sh\u00ebrbimit t\u00eb fsheht\u00eb d\u00ebshmon p\u00ebr her\u00eb t\u00eb par\u00eb t\u00eb v\u00ebrtet\u00ebn e frikshme. SHIK-u kishte njoftuar strukturat shtet\u00ebrore dhe vet\u00eb Hajdarin p\u00ebr atentatin q\u00eb po p\u00ebrgatitej. Materiali prej gjasht\u00eb faqesh para ngjarjes, dy mij\u00eb trupat q\u00eb st\u00ebrviteshin n\u00eb malin e Cukalit p\u00ebr t\u00eb sulmuar TIran\u00ebn dhe telefonatat sekrete n\u00eb [&hellip;]","og_url":"https:\/\/fjala.info\/2009-2015\/fatos-klosi-paralajmeruam-vrasjen-e-azemit\/","og_site_name":"FjALA e LIR\u00cb - Arkivi","article_published_time":"2011-09-12T23:21:43+00:00","og_image":[{"url":"http:\/\/www.shkoder.net\/images\/fjala\/2011\/azem_hajdari.jpg","type":"","width":"","height":""}],"author":"admin","twitter_card":"summary_large_image","twitter_misc":{"Written by":"admin","Est. reading time":"17 minutes"},"schema":{"@context":"https:\/\/schema.org","@graph":[{"@type":"Article","@id":"https:\/\/fjala.info\/2009-2015\/fatos-klosi-paralajmeruam-vrasjen-e-azemit\/#article","isPartOf":{"@id":"https:\/\/fjala.info\/2009-2015\/fatos-klosi-paralajmeruam-vrasjen-e-azemit\/"},"author":{"name":"admin","@id":"https:\/\/fjala.info\/2009-2015\/#\/schema\/person\/3aa1163ef05469c496fc94e77611ada2"},"headline":"Fatos Klosi: Paralajm\u00ebruam vrasjen e Azemit","datePublished":"2011-09-12T23:21:43+00:00","mainEntityOfPage":{"@id":"https:\/\/fjala.info\/2009-2015\/fatos-klosi-paralajmeruam-vrasjen-e-azemit\/"},"wordCount":3354,"commentCount":0,"publisher":{"@id":"https:\/\/fjala.info\/2009-2015\/#organization"},"image":{"@id":"https:\/\/fjala.info\/2009-2015\/fatos-klosi-paralajmeruam-vrasjen-e-azemit\/#primaryimage"},"thumbnailUrl":"http:\/\/www.shkoder.net\/images\/fjala\/2011\/azem_hajdari.jpg","articleSection":["Artikuj","Intervista"],"inLanguage":"sq-AL","potentialAction":[{"@type":"CommentAction","name":"Comment","target":["https:\/\/fjala.info\/2009-2015\/fatos-klosi-paralajmeruam-vrasjen-e-azemit\/#respond"]}]},{"@type":"WebPage","@id":"https:\/\/fjala.info\/2009-2015\/fatos-klosi-paralajmeruam-vrasjen-e-azemit\/","url":"https:\/\/fjala.info\/2009-2015\/fatos-klosi-paralajmeruam-vrasjen-e-azemit\/","name":"Fatos Klosi: Paralajm\u00ebruam vrasjen e Azemit - FjALA e LIR\u00cb - Arkivi","isPartOf":{"@id":"https:\/\/fjala.info\/2009-2015\/#website"},"primaryImageOfPage":{"@id":"https:\/\/fjala.info\/2009-2015\/fatos-klosi-paralajmeruam-vrasjen-e-azemit\/#primaryimage"},"image":{"@id":"https:\/\/fjala.info\/2009-2015\/fatos-klosi-paralajmeruam-vrasjen-e-azemit\/#primaryimage"},"thumbnailUrl":"http:\/\/www.shkoder.net\/images\/fjala\/2011\/azem_hajdari.jpg","datePublished":"2011-09-12T23:21:43+00:00","breadcrumb":{"@id":"https:\/\/fjala.info\/2009-2015\/fatos-klosi-paralajmeruam-vrasjen-e-azemit\/#breadcrumb"},"inLanguage":"sq-AL","potentialAction":[{"@type":"ReadAction","target":["https:\/\/fjala.info\/2009-2015\/fatos-klosi-paralajmeruam-vrasjen-e-azemit\/"]}]},{"@type":"ImageObject","inLanguage":"sq-AL","@id":"https:\/\/fjala.info\/2009-2015\/fatos-klosi-paralajmeruam-vrasjen-e-azemit\/#primaryimage","url":"http:\/\/www.shkoder.net\/images\/fjala\/2011\/azem_hajdari.jpg","contentUrl":"http:\/\/www.shkoder.net\/images\/fjala\/2011\/azem_hajdari.jpg"},{"@type":"BreadcrumbList","@id":"https:\/\/fjala.info\/2009-2015\/fatos-klosi-paralajmeruam-vrasjen-e-azemit\/#breadcrumb","itemListElement":[{"@type":"ListItem","position":1,"name":"Home","item":"https:\/\/fjala.info\/2009-2015\/"},{"@type":"ListItem","position":2,"name":"Fatos Klosi: Paralajm\u00ebruam vrasjen e Azemit"}]},{"@type":"WebSite","@id":"https:\/\/fjala.info\/2009-2015\/#website","url":"https:\/\/fjala.info\/2009-2015\/","name":"FjALA e LIR\u00cb - Arkivi","description":"Arkivi 2009-2015","publisher":{"@id":"https:\/\/fjala.info\/2009-2015\/#organization"},"potentialAction":[{"@type":"SearchAction","target":{"@type":"EntryPoint","urlTemplate":"https:\/\/fjala.info\/2009-2015\/?s={search_term_string}"},"query-input":{"@type":"PropertyValueSpecification","valueRequired":true,"valueName":"search_term_string"}}],"inLanguage":"sq-AL"},{"@type":"Organization","@id":"https:\/\/fjala.info\/2009-2015\/#organization","name":"FjALA e LIR\u00cb - Arkivi","url":"https:\/\/fjala.info\/2009-2015\/","logo":{"@type":"ImageObject","inLanguage":"sq-AL","@id":"https:\/\/fjala.info\/2009-2015\/#\/schema\/logo\/image\/","url":"","contentUrl":"","caption":"FjALA e LIR\u00cb - Arkivi"},"image":{"@id":"https:\/\/fjala.info\/2009-2015\/#\/schema\/logo\/image\/"}},{"@type":"Person","@id":"https:\/\/fjala.info\/2009-2015\/#\/schema\/person\/3aa1163ef05469c496fc94e77611ada2","name":"admin","image":{"@type":"ImageObject","inLanguage":"sq-AL","@id":"https:\/\/fjala.info\/2009-2015\/wp-content\/uploads\/2012\/02\/arben_cokaj-120x150.jpg","url":"https:\/\/fjala.info\/2009-2015\/wp-content\/uploads\/2012\/02\/arben_cokaj-120x150.jpg","contentUrl":"https:\/\/fjala.info\/2009-2015\/wp-content\/uploads\/2012\/02\/arben_cokaj-120x150.jpg","caption":"admin"},"description":"Admin, Fjala e Lir\u00eb","sameAs":["https:\/\/fjala.info\/"],"url":"https:\/\/fjala.info\/2009-2015\/author\/admin\/"}]}},"_links":{"self":[{"href":"https:\/\/fjala.info\/2009-2015\/wp-json\/wp\/v2\/posts\/10411","targetHints":{"allow":["GET"]}}],"collection":[{"href":"https:\/\/fjala.info\/2009-2015\/wp-json\/wp\/v2\/posts"}],"about":[{"href":"https:\/\/fjala.info\/2009-2015\/wp-json\/wp\/v2\/types\/post"}],"author":[{"embeddable":true,"href":"https:\/\/fjala.info\/2009-2015\/wp-json\/wp\/v2\/users\/1"}],"replies":[{"embeddable":true,"href":"https:\/\/fjala.info\/2009-2015\/wp-json\/wp\/v2\/comments?post=10411"}],"version-history":[{"count":0,"href":"https:\/\/fjala.info\/2009-2015\/wp-json\/wp\/v2\/posts\/10411\/revisions"}],"wp:attachment":[{"href":"https:\/\/fjala.info\/2009-2015\/wp-json\/wp\/v2\/media?parent=10411"}],"wp:term":[{"taxonomy":"category","embeddable":true,"href":"https:\/\/fjala.info\/2009-2015\/wp-json\/wp\/v2\/categories?post=10411"},{"taxonomy":"post_tag","embeddable":true,"href":"https:\/\/fjala.info\/2009-2015\/wp-json\/wp\/v2\/tags?post=10411"}],"curies":[{"name":"wp","href":"https:\/\/api.w.org\/{rel}","templated":true}]}}