{"id":10405,"date":"2011-09-11T22:17:44","date_gmt":"2011-09-11T21:17:44","guid":{"rendered":"http:\/\/fjala.shkoder.net\/?p=10405"},"modified":"2011-09-11T22:17:44","modified_gmt":"2011-09-11T21:17:44","slug":"geixh-be-dhe-shba-duhet-te-monitorojne-regjistrimin-ne-shqiperi","status":"publish","type":"post","link":"https:\/\/fjala.info\/2009-2015\/geixh-be-dhe-shba-duhet-te-monitorojne-regjistrimin-ne-shqiperi\/","title":{"rendered":"Geixh: BE dhe SHBA duhet t\u00eb monitorojn\u00eb regjistrimin n\u00eb Shqip\u00ebri"},"content":{"rendered":"<p><img decoding=\"async\" class=\"alignleft size-thumbnail wp-image-7236\" title=\"Nikolas Gage\" src=\"http:\/\/www.shkoder.net\/images\/fjala\/2011\/nikolas_geixh.jpg\" alt=\"\" width=\"300\" \/>K\u00ebshillit Bot\u00ebror i Epiroit\u00ebve jasht\u00eb vendit k\u00ebrkon monitorim nd\u00ebrkomb\u00ebtar t\u00eb procesit t\u00eb regjistrimit n\u00eb Shqip\u00ebri. N\u00eb nj\u00eb deklarat\u00eb e k\u00ebtij k\u00ebshilli k\u00ebrkohet q\u00eb SHBA dhe BE-ja t\u00eb nd\u00ebrhyjn\u00eb p\u00ebr t\u00eb siguruar q\u00eb procesi i regjistrimit t\u00eb 1 tetorit n\u00eb Shqip\u00ebri t\u00eb realizohet \u201cpa pengesa, pa manipulime, pa k\u00ebrc\u00ebnime dhe frik\u00ebsim\u201d.<\/p>\n<p>P\u00ebr procesin e regjistrimit n\u00eb Shqip\u00ebri ka pasur deklarat\u00eb t\u00eb p\u00ebrbashk\u00ebt nga presidenti i nderit, Nikolas Geixh, dhe drejtuesi aktual i k\u00ebtij k\u00ebshilli, Chrysostomos Dimou. N\u00eb k\u00ebt\u00eb deklarat\u00eb t\u00eb Geixh dhe Dimou, e l\u00ebshuar m\u00eb 9 shtator, ligji p\u00ebr censusin cil\u00ebsohet si antikushtetues n\u00eb Shqip\u00ebri.<br \/>\n\u201c\u00cbsht\u00eb e qart\u00eb se i ligji i miratuar koh\u00ebt e fundit \u00ebsht\u00eb b\u00ebr\u00eb p\u00ebr t\u00eb frik\u00ebsuar shqiptar\u00ebt dhe se forca t\u00eb fuqishme reaksionare n\u00eb vend jan\u00eb t\u00eb vendosur p\u00ebr t\u00eb shkat\u00ebrruar nj\u00eb num\u00ebrim t\u00eb ndersh\u00ebm t\u00eb pakicave etnike dhe fetare t\u00eb vendit, dhe kan\u00eb n\u00eb plan t\u00eb p\u00ebrdorin \u00e7do mjet n\u00eb dispozicion t\u00eb tyre p\u00ebr t\u00eb shmangur at\u00eb\u201d, tha Nicholas Geixh.<\/p>\n<p>M\u00eb tej, tashm\u00eb n\u00eb rolin e presidentit t\u00eb nderit t\u00eb k\u00ebtij k\u00ebshilli, shprehet se \u201cAta (shqiptar\u00ebt) nuk duhet t\u00eb lejohen t\u00eb ken\u00eb sukses, sepse populli shqiptar po pret prej 80 vitesh p\u00ebr k\u00ebt\u00eb mund\u00ebsi\u201d. \u201cFrik\u00ebsimi tashm\u00eb ka nisur. N\u00eb fillim t\u00eb k\u00ebtij viti, Parlamenti shqiptar ka miratuar nj\u00eb ligj duke vendosur nj\u00eb gjob\u00eb prej 1 mij\u00eb USD, q\u00eb \u00ebsht\u00eb paga e disa muajve ne Shqip\u00ebri, do t\u00eb vendoset mbi ata q\u00eb deklarojn\u00eb nj\u00eb identitet etnik n\u00eb census, i cili nuk \u00ebsht\u00eb regjistruar n\u00eb t\u00eb dh\u00ebnat e familjes s\u00eb tyre. Ky ligj shkel Kushtetut\u00ebn e Shqip\u00ebris\u00eb, si dhe ligjin nd\u00ebrkomb\u00ebtar, i cili thot\u00eb se individ\u00ebt kan\u00eb t\u00eb drejt\u00eb t\u00eb deklarojn\u00eb \u00e7do identitet etnik n\u00eb t\u00eb cil\u00ebn ata mendojn\u00eb se i p\u00ebrkasin, dhe nuk ka gjasa q\u00eb t\u00eb zbatohen p\u00ebr k\u00ebto arsye\u201d, thuhet n\u00eb deklarat\u00eb.<\/p>\n<p>M\u00eb tej theksohet se kjo u kaluar n\u00eb Kuvend, vet\u00ebm p\u00ebr t\u00eb trembur an\u00ebtar\u00ebt e minoritetit, t\u00eb cil\u00ebt kishin frik\u00eb t\u00eb deklaronin etnin\u00eb e tyre n\u00eb sundimin e gjat\u00eb stalinist dhe se kan\u00eb frik\u00eb se do t\u00eb d\u00ebnohen s\u00ebrish n\u00ebse e b\u00ebjn\u00eb k\u00ebt\u00eb tani. \u201cMb\u00ebshtet\u00ebsit e ligjit besojn\u00eb se shum\u00eb shqiptar\u00eb jan\u00eb n\u00eb dijeni t\u00eb t\u00eb drejtave t\u00eb tyre kushtetuese dhe nuk do t\u00eb deklarojn\u00eb identitetin e tyre etnik n\u00eb regjistrimin e ri nga frika q\u00eb ata do t\u00eb gjobiten n\u00ebse nuk p\u00ebrputhet me t\u00eb dh\u00ebnat e vjetra.<\/p>\n<p>WCEA i b\u00ebn thirrje Uashingtonit dhe Brukselit q\u00eb t\u00eb ken\u00eb p\u00ebrfaq\u00ebsuesit e tyre n\u00eb Shqip\u00ebri p\u00ebr \u00e7\u00ebshtjen e deklaratave n\u00eb m\u00ebnyr\u00eb q\u00eb qytetar\u00ebt e vendit t\u00eb ken\u00eb mund\u00ebsin\u00eb t\u00eb deklarojn\u00eb p\u00ebrkat\u00ebsit\u00eb e tyre etnike dhe fetare pa frik\u00ebn e hakmarrjes, duke p\u00ebrfshir\u00eb pages\u00ebn e gjobave t\u00eb k\u00ebrkuara nga legjislacioni i ri\u201d, thuhet n\u00eb deklarat\u00eb. Nd\u00ebrsa presidenti i WCEA-s\u00eb, Chris Dimou, tha se \u201cautoritetet shqiptare dhe shum\u00eb ligjv\u00ebn\u00ebs kan\u00eb provuar vazhdimisht t\u00eb minimizojn\u00eb numrin e grek\u00ebve etnik\u00eb dhe pakicave t\u00eb tjera n\u00eb vend, duke ua mohuar atyre t\u00eb drejt\u00ebn themelore t\u00eb njeriut\u201d.<\/p>\n<p>\u201cLigji i ri synon p\u00ebrjet\u00ebsimin nga politika dhe shqiptar\u00ebt duhet t\u00eb din\u00eb se ata nuk duhet t\u00eb ken\u00eb frik\u00eb n\u00eb m\u00ebnyr\u00eb q\u00eb ata t\u00eb mund t\u00eb deklarojn\u00eb identitetin e tyre etnik lirisht n\u00eb regjistrimin e ri. Vet\u00ebm SHBA-ja dhe BE kan\u00eb prestigj n\u00eb Shqip\u00ebri p\u00ebr t\u00eb bindur qytetar\u00ebt e saj q\u00eb ata mund t\u00eb deklarojn\u00eb identitetin e tyre etnik dhe fetar, pa ndonj\u00eb frik\u00eb dhe ndonj\u00eb hakmarrje nga pas. Dhe ne i nxisim ata q\u00eb t\u2019u japin garanci t\u00eb tilla atyre sa m\u00eb shpejt t\u00eb jet\u00eb e mundur\u201d, thekson Dimou.<\/p>\n<p>Nisur nga synimi i tyre, ky k\u00ebshill, sipas deklarat\u00ebs publike: \u201cWCEA u b\u00ebn thirrje t\u00eb gjitha organizatave nd\u00ebrkomb\u00ebtare q\u00eb do t\u00eb mbik\u00ebqyrin regjistrimin e popullsis\u00eb t\u00eb marrim \u00e7do mas\u00eb paraprake p\u00ebr t\u00eb siguruar q\u00eb shqiptar\u00ebt t\u00eb ken\u00eb mund\u00ebsi t\u00eb mjaftueshme dhe t\u00eb papenguar p\u00ebr t\u00eb plot\u00ebsuar, p\u00ebr t\u00eb dor\u00ebzuar raportet e tyre t\u00eb regjistrimit dhe p\u00ebr t\u00eb siguruar se deklaratat e tyre jan\u00eb plot\u00ebsuar dhe num\u00ebruar me sakt\u00ebsi\u201d.<\/p>\n","protected":false},"excerpt":{"rendered":"<p>K\u00ebshillit Bot\u00ebror i Epiroit\u00ebve jasht\u00eb vendit k\u00ebrkon monitorim nd\u00ebrkomb\u00ebtar t\u00eb procesit t\u00eb regjistrimit n\u00eb Shqip\u00ebri. N\u00eb nj\u00eb deklarat\u00eb e k\u00ebtij k\u00ebshilli k\u00ebrkohet q\u00eb SHBA dhe BE-ja t\u00eb nd\u00ebrhyjn\u00eb p\u00ebr t\u00eb siguruar q\u00eb procesi i regjistrimit t\u00eb 1 tetorit n\u00eb Shqip\u00ebri t\u00eb realizohet \u201cpa pengesa, pa manipulime, pa k\u00ebrc\u00ebnime dhe frik\u00ebsim\u201d. P\u00ebr procesin e regjistrimit n\u00eb [&hellip;]<\/p>\n","protected":false},"author":1,"featured_media":0,"comment_status":"open","ping_status":"closed","sticky":false,"template":"","format":"standard","meta":{"footnotes":""},"categories":[2],"tags":[],"class_list":{"0":"post-10405","1":"post","2":"type-post","3":"status-publish","4":"format-standard","6":"category-artikuj"},"yoast_head":"<!-- This site is optimized with the Yoast SEO plugin v27.4 - https:\/\/yoast.com\/product\/yoast-seo-wordpress\/ -->\n<title>Geixh: BE dhe SHBA duhet t\u00eb monitorojn\u00eb regjistrimin n\u00eb Shqip\u00ebri - FjALA e LIR\u00cb - Arkivi<\/title>\n<meta name=\"robots\" content=\"index, follow, max-snippet:-1, max-image-preview:large, max-video-preview:-1\" \/>\n<link rel=\"canonical\" href=\"https:\/\/fjala.info\/2009-2015\/geixh-be-dhe-shba-duhet-te-monitorojne-regjistrimin-ne-shqiperi\/\" \/>\n<meta property=\"og:locale\" content=\"sq_AL\" \/>\n<meta property=\"og:type\" content=\"article\" \/>\n<meta property=\"og:title\" content=\"Geixh: BE dhe SHBA duhet t\u00eb monitorojn\u00eb regjistrimin n\u00eb Shqip\u00ebri - FjALA e LIR\u00cb - Arkivi\" \/>\n<meta property=\"og:description\" content=\"K\u00ebshillit Bot\u00ebror i Epiroit\u00ebve jasht\u00eb vendit k\u00ebrkon monitorim nd\u00ebrkomb\u00ebtar t\u00eb procesit t\u00eb regjistrimit n\u00eb Shqip\u00ebri. N\u00eb nj\u00eb deklarat\u00eb e k\u00ebtij k\u00ebshilli k\u00ebrkohet q\u00eb SHBA dhe BE-ja t\u00eb nd\u00ebrhyjn\u00eb p\u00ebr t\u00eb siguruar q\u00eb procesi i regjistrimit t\u00eb 1 tetorit n\u00eb Shqip\u00ebri t\u00eb realizohet \u201cpa pengesa, pa manipulime, pa k\u00ebrc\u00ebnime dhe frik\u00ebsim\u201d. P\u00ebr procesin e regjistrimit n\u00eb [&hellip;]\" \/>\n<meta property=\"og:url\" content=\"https:\/\/fjala.info\/2009-2015\/geixh-be-dhe-shba-duhet-te-monitorojne-regjistrimin-ne-shqiperi\/\" \/>\n<meta property=\"og:site_name\" content=\"FjALA e LIR\u00cb - Arkivi\" \/>\n<meta property=\"article:published_time\" content=\"2011-09-11T21:17:44+00:00\" \/>\n<meta property=\"og:image\" content=\"http:\/\/www.shkoder.net\/images\/fjala\/2011\/nikolas_geixh.jpg\" \/>\n<meta name=\"author\" content=\"admin\" \/>\n<meta name=\"twitter:card\" content=\"summary_large_image\" \/>\n<meta name=\"twitter:label1\" content=\"Written by\" \/>\n\t<meta name=\"twitter:data1\" content=\"admin\" \/>\n\t<meta name=\"twitter:label2\" content=\"Est. reading time\" \/>\n\t<meta name=\"twitter:data2\" content=\"4 minutes\" \/>\n<script type=\"application\/ld+json\" class=\"yoast-schema-graph\">{\"@context\":\"https:\\\/\\\/schema.org\",\"@graph\":[{\"@type\":\"Article\",\"@id\":\"https:\\\/\\\/fjala.info\\\/2009-2015\\\/geixh-be-dhe-shba-duhet-te-monitorojne-regjistrimin-ne-shqiperi\\\/#article\",\"isPartOf\":{\"@id\":\"https:\\\/\\\/fjala.info\\\/2009-2015\\\/geixh-be-dhe-shba-duhet-te-monitorojne-regjistrimin-ne-shqiperi\\\/\"},\"author\":{\"name\":\"admin\",\"@id\":\"https:\\\/\\\/fjala.info\\\/2009-2015\\\/#\\\/schema\\\/person\\\/3aa1163ef05469c496fc94e77611ada2\"},\"headline\":\"Geixh: BE dhe SHBA duhet t\u00eb monitorojn\u00eb regjistrimin n\u00eb Shqip\u00ebri\",\"datePublished\":\"2011-09-11T21:17:44+00:00\",\"mainEntityOfPage\":{\"@id\":\"https:\\\/\\\/fjala.info\\\/2009-2015\\\/geixh-be-dhe-shba-duhet-te-monitorojne-regjistrimin-ne-shqiperi\\\/\"},\"wordCount\":750,\"commentCount\":0,\"publisher\":{\"@id\":\"https:\\\/\\\/fjala.info\\\/2009-2015\\\/#organization\"},\"image\":{\"@id\":\"https:\\\/\\\/fjala.info\\\/2009-2015\\\/geixh-be-dhe-shba-duhet-te-monitorojne-regjistrimin-ne-shqiperi\\\/#primaryimage\"},\"thumbnailUrl\":\"http:\\\/\\\/www.shkoder.net\\\/images\\\/fjala\\\/2011\\\/nikolas_geixh.jpg\",\"articleSection\":[\"Artikuj\"],\"inLanguage\":\"sq-AL\",\"potentialAction\":[{\"@type\":\"CommentAction\",\"name\":\"Comment\",\"target\":[\"https:\\\/\\\/fjala.info\\\/2009-2015\\\/geixh-be-dhe-shba-duhet-te-monitorojne-regjistrimin-ne-shqiperi\\\/#respond\"]}]},{\"@type\":\"WebPage\",\"@id\":\"https:\\\/\\\/fjala.info\\\/2009-2015\\\/geixh-be-dhe-shba-duhet-te-monitorojne-regjistrimin-ne-shqiperi\\\/\",\"url\":\"https:\\\/\\\/fjala.info\\\/2009-2015\\\/geixh-be-dhe-shba-duhet-te-monitorojne-regjistrimin-ne-shqiperi\\\/\",\"name\":\"Geixh: BE dhe SHBA duhet t\u00eb monitorojn\u00eb regjistrimin n\u00eb Shqip\u00ebri - FjALA e LIR\u00cb - Arkivi\",\"isPartOf\":{\"@id\":\"https:\\\/\\\/fjala.info\\\/2009-2015\\\/#website\"},\"primaryImageOfPage\":{\"@id\":\"https:\\\/\\\/fjala.info\\\/2009-2015\\\/geixh-be-dhe-shba-duhet-te-monitorojne-regjistrimin-ne-shqiperi\\\/#primaryimage\"},\"image\":{\"@id\":\"https:\\\/\\\/fjala.info\\\/2009-2015\\\/geixh-be-dhe-shba-duhet-te-monitorojne-regjistrimin-ne-shqiperi\\\/#primaryimage\"},\"thumbnailUrl\":\"http:\\\/\\\/www.shkoder.net\\\/images\\\/fjala\\\/2011\\\/nikolas_geixh.jpg\",\"datePublished\":\"2011-09-11T21:17:44+00:00\",\"breadcrumb\":{\"@id\":\"https:\\\/\\\/fjala.info\\\/2009-2015\\\/geixh-be-dhe-shba-duhet-te-monitorojne-regjistrimin-ne-shqiperi\\\/#breadcrumb\"},\"inLanguage\":\"sq-AL\",\"potentialAction\":[{\"@type\":\"ReadAction\",\"target\":[\"https:\\\/\\\/fjala.info\\\/2009-2015\\\/geixh-be-dhe-shba-duhet-te-monitorojne-regjistrimin-ne-shqiperi\\\/\"]}]},{\"@type\":\"ImageObject\",\"inLanguage\":\"sq-AL\",\"@id\":\"https:\\\/\\\/fjala.info\\\/2009-2015\\\/geixh-be-dhe-shba-duhet-te-monitorojne-regjistrimin-ne-shqiperi\\\/#primaryimage\",\"url\":\"http:\\\/\\\/www.shkoder.net\\\/images\\\/fjala\\\/2011\\\/nikolas_geixh.jpg\",\"contentUrl\":\"http:\\\/\\\/www.shkoder.net\\\/images\\\/fjala\\\/2011\\\/nikolas_geixh.jpg\"},{\"@type\":\"BreadcrumbList\",\"@id\":\"https:\\\/\\\/fjala.info\\\/2009-2015\\\/geixh-be-dhe-shba-duhet-te-monitorojne-regjistrimin-ne-shqiperi\\\/#breadcrumb\",\"itemListElement\":[{\"@type\":\"ListItem\",\"position\":1,\"name\":\"Home\",\"item\":\"https:\\\/\\\/fjala.info\\\/2009-2015\\\/\"},{\"@type\":\"ListItem\",\"position\":2,\"name\":\"Geixh: BE dhe SHBA duhet t\u00eb monitorojn\u00eb regjistrimin n\u00eb Shqip\u00ebri\"}]},{\"@type\":\"WebSite\",\"@id\":\"https:\\\/\\\/fjala.info\\\/2009-2015\\\/#website\",\"url\":\"https:\\\/\\\/fjala.info\\\/2009-2015\\\/\",\"name\":\"FjALA e LIR\u00cb - Arkivi\",\"description\":\"Arkivi 2009-2015\",\"publisher\":{\"@id\":\"https:\\\/\\\/fjala.info\\\/2009-2015\\\/#organization\"},\"potentialAction\":[{\"@type\":\"SearchAction\",\"target\":{\"@type\":\"EntryPoint\",\"urlTemplate\":\"https:\\\/\\\/fjala.info\\\/2009-2015\\\/?s={search_term_string}\"},\"query-input\":{\"@type\":\"PropertyValueSpecification\",\"valueRequired\":true,\"valueName\":\"search_term_string\"}}],\"inLanguage\":\"sq-AL\"},{\"@type\":\"Organization\",\"@id\":\"https:\\\/\\\/fjala.info\\\/2009-2015\\\/#organization\",\"name\":\"FjALA e LIR\u00cb - Arkivi\",\"url\":\"https:\\\/\\\/fjala.info\\\/2009-2015\\\/\",\"logo\":{\"@type\":\"ImageObject\",\"inLanguage\":\"sq-AL\",\"@id\":\"https:\\\/\\\/fjala.info\\\/2009-2015\\\/#\\\/schema\\\/logo\\\/image\\\/\",\"url\":\"\",\"contentUrl\":\"\",\"caption\":\"FjALA e LIR\u00cb - Arkivi\"},\"image\":{\"@id\":\"https:\\\/\\\/fjala.info\\\/2009-2015\\\/#\\\/schema\\\/logo\\\/image\\\/\"}},{\"@type\":\"Person\",\"@id\":\"https:\\\/\\\/fjala.info\\\/2009-2015\\\/#\\\/schema\\\/person\\\/3aa1163ef05469c496fc94e77611ada2\",\"name\":\"admin\",\"image\":{\"@type\":\"ImageObject\",\"inLanguage\":\"sq-AL\",\"@id\":\"https:\\\/\\\/fjala.info\\\/2009-2015\\\/wp-content\\\/uploads\\\/2012\\\/02\\\/arben_cokaj-120x150.jpg\",\"url\":\"https:\\\/\\\/fjala.info\\\/2009-2015\\\/wp-content\\\/uploads\\\/2012\\\/02\\\/arben_cokaj-120x150.jpg\",\"contentUrl\":\"https:\\\/\\\/fjala.info\\\/2009-2015\\\/wp-content\\\/uploads\\\/2012\\\/02\\\/arben_cokaj-120x150.jpg\",\"caption\":\"admin\"},\"description\":\"Admin, Fjala e Lir\u00eb\",\"sameAs\":[\"https:\\\/\\\/fjala.info\\\/\"],\"url\":\"https:\\\/\\\/fjala.info\\\/2009-2015\\\/author\\\/admin\\\/\"}]}<\/script>\n<!-- \/ Yoast SEO plugin. -->","yoast_head_json":{"title":"Geixh: BE dhe SHBA duhet t\u00eb monitorojn\u00eb regjistrimin n\u00eb Shqip\u00ebri - FjALA e LIR\u00cb - Arkivi","robots":{"index":"index","follow":"follow","max-snippet":"max-snippet:-1","max-image-preview":"max-image-preview:large","max-video-preview":"max-video-preview:-1"},"canonical":"https:\/\/fjala.info\/2009-2015\/geixh-be-dhe-shba-duhet-te-monitorojne-regjistrimin-ne-shqiperi\/","og_locale":"sq_AL","og_type":"article","og_title":"Geixh: BE dhe SHBA duhet t\u00eb monitorojn\u00eb regjistrimin n\u00eb Shqip\u00ebri - FjALA e LIR\u00cb - Arkivi","og_description":"K\u00ebshillit Bot\u00ebror i Epiroit\u00ebve jasht\u00eb vendit k\u00ebrkon monitorim nd\u00ebrkomb\u00ebtar t\u00eb procesit t\u00eb regjistrimit n\u00eb Shqip\u00ebri. N\u00eb nj\u00eb deklarat\u00eb e k\u00ebtij k\u00ebshilli k\u00ebrkohet q\u00eb SHBA dhe BE-ja t\u00eb nd\u00ebrhyjn\u00eb p\u00ebr t\u00eb siguruar q\u00eb procesi i regjistrimit t\u00eb 1 tetorit n\u00eb Shqip\u00ebri t\u00eb realizohet \u201cpa pengesa, pa manipulime, pa k\u00ebrc\u00ebnime dhe frik\u00ebsim\u201d. P\u00ebr procesin e regjistrimit n\u00eb [&hellip;]","og_url":"https:\/\/fjala.info\/2009-2015\/geixh-be-dhe-shba-duhet-te-monitorojne-regjistrimin-ne-shqiperi\/","og_site_name":"FjALA e LIR\u00cb - Arkivi","article_published_time":"2011-09-11T21:17:44+00:00","og_image":[{"url":"http:\/\/www.shkoder.net\/images\/fjala\/2011\/nikolas_geixh.jpg","type":"","width":"","height":""}],"author":"admin","twitter_card":"summary_large_image","twitter_misc":{"Written by":"admin","Est. reading time":"4 minutes"},"schema":{"@context":"https:\/\/schema.org","@graph":[{"@type":"Article","@id":"https:\/\/fjala.info\/2009-2015\/geixh-be-dhe-shba-duhet-te-monitorojne-regjistrimin-ne-shqiperi\/#article","isPartOf":{"@id":"https:\/\/fjala.info\/2009-2015\/geixh-be-dhe-shba-duhet-te-monitorojne-regjistrimin-ne-shqiperi\/"},"author":{"name":"admin","@id":"https:\/\/fjala.info\/2009-2015\/#\/schema\/person\/3aa1163ef05469c496fc94e77611ada2"},"headline":"Geixh: BE dhe SHBA duhet t\u00eb monitorojn\u00eb regjistrimin n\u00eb Shqip\u00ebri","datePublished":"2011-09-11T21:17:44+00:00","mainEntityOfPage":{"@id":"https:\/\/fjala.info\/2009-2015\/geixh-be-dhe-shba-duhet-te-monitorojne-regjistrimin-ne-shqiperi\/"},"wordCount":750,"commentCount":0,"publisher":{"@id":"https:\/\/fjala.info\/2009-2015\/#organization"},"image":{"@id":"https:\/\/fjala.info\/2009-2015\/geixh-be-dhe-shba-duhet-te-monitorojne-regjistrimin-ne-shqiperi\/#primaryimage"},"thumbnailUrl":"http:\/\/www.shkoder.net\/images\/fjala\/2011\/nikolas_geixh.jpg","articleSection":["Artikuj"],"inLanguage":"sq-AL","potentialAction":[{"@type":"CommentAction","name":"Comment","target":["https:\/\/fjala.info\/2009-2015\/geixh-be-dhe-shba-duhet-te-monitorojne-regjistrimin-ne-shqiperi\/#respond"]}]},{"@type":"WebPage","@id":"https:\/\/fjala.info\/2009-2015\/geixh-be-dhe-shba-duhet-te-monitorojne-regjistrimin-ne-shqiperi\/","url":"https:\/\/fjala.info\/2009-2015\/geixh-be-dhe-shba-duhet-te-monitorojne-regjistrimin-ne-shqiperi\/","name":"Geixh: BE dhe SHBA duhet t\u00eb monitorojn\u00eb regjistrimin n\u00eb Shqip\u00ebri - FjALA e LIR\u00cb - Arkivi","isPartOf":{"@id":"https:\/\/fjala.info\/2009-2015\/#website"},"primaryImageOfPage":{"@id":"https:\/\/fjala.info\/2009-2015\/geixh-be-dhe-shba-duhet-te-monitorojne-regjistrimin-ne-shqiperi\/#primaryimage"},"image":{"@id":"https:\/\/fjala.info\/2009-2015\/geixh-be-dhe-shba-duhet-te-monitorojne-regjistrimin-ne-shqiperi\/#primaryimage"},"thumbnailUrl":"http:\/\/www.shkoder.net\/images\/fjala\/2011\/nikolas_geixh.jpg","datePublished":"2011-09-11T21:17:44+00:00","breadcrumb":{"@id":"https:\/\/fjala.info\/2009-2015\/geixh-be-dhe-shba-duhet-te-monitorojne-regjistrimin-ne-shqiperi\/#breadcrumb"},"inLanguage":"sq-AL","potentialAction":[{"@type":"ReadAction","target":["https:\/\/fjala.info\/2009-2015\/geixh-be-dhe-shba-duhet-te-monitorojne-regjistrimin-ne-shqiperi\/"]}]},{"@type":"ImageObject","inLanguage":"sq-AL","@id":"https:\/\/fjala.info\/2009-2015\/geixh-be-dhe-shba-duhet-te-monitorojne-regjistrimin-ne-shqiperi\/#primaryimage","url":"http:\/\/www.shkoder.net\/images\/fjala\/2011\/nikolas_geixh.jpg","contentUrl":"http:\/\/www.shkoder.net\/images\/fjala\/2011\/nikolas_geixh.jpg"},{"@type":"BreadcrumbList","@id":"https:\/\/fjala.info\/2009-2015\/geixh-be-dhe-shba-duhet-te-monitorojne-regjistrimin-ne-shqiperi\/#breadcrumb","itemListElement":[{"@type":"ListItem","position":1,"name":"Home","item":"https:\/\/fjala.info\/2009-2015\/"},{"@type":"ListItem","position":2,"name":"Geixh: BE dhe SHBA duhet t\u00eb monitorojn\u00eb regjistrimin n\u00eb Shqip\u00ebri"}]},{"@type":"WebSite","@id":"https:\/\/fjala.info\/2009-2015\/#website","url":"https:\/\/fjala.info\/2009-2015\/","name":"FjALA e LIR\u00cb - Arkivi","description":"Arkivi 2009-2015","publisher":{"@id":"https:\/\/fjala.info\/2009-2015\/#organization"},"potentialAction":[{"@type":"SearchAction","target":{"@type":"EntryPoint","urlTemplate":"https:\/\/fjala.info\/2009-2015\/?s={search_term_string}"},"query-input":{"@type":"PropertyValueSpecification","valueRequired":true,"valueName":"search_term_string"}}],"inLanguage":"sq-AL"},{"@type":"Organization","@id":"https:\/\/fjala.info\/2009-2015\/#organization","name":"FjALA e LIR\u00cb - Arkivi","url":"https:\/\/fjala.info\/2009-2015\/","logo":{"@type":"ImageObject","inLanguage":"sq-AL","@id":"https:\/\/fjala.info\/2009-2015\/#\/schema\/logo\/image\/","url":"","contentUrl":"","caption":"FjALA e LIR\u00cb - Arkivi"},"image":{"@id":"https:\/\/fjala.info\/2009-2015\/#\/schema\/logo\/image\/"}},{"@type":"Person","@id":"https:\/\/fjala.info\/2009-2015\/#\/schema\/person\/3aa1163ef05469c496fc94e77611ada2","name":"admin","image":{"@type":"ImageObject","inLanguage":"sq-AL","@id":"https:\/\/fjala.info\/2009-2015\/wp-content\/uploads\/2012\/02\/arben_cokaj-120x150.jpg","url":"https:\/\/fjala.info\/2009-2015\/wp-content\/uploads\/2012\/02\/arben_cokaj-120x150.jpg","contentUrl":"https:\/\/fjala.info\/2009-2015\/wp-content\/uploads\/2012\/02\/arben_cokaj-120x150.jpg","caption":"admin"},"description":"Admin, Fjala e Lir\u00eb","sameAs":["https:\/\/fjala.info\/"],"url":"https:\/\/fjala.info\/2009-2015\/author\/admin\/"}]}},"_links":{"self":[{"href":"https:\/\/fjala.info\/2009-2015\/wp-json\/wp\/v2\/posts\/10405","targetHints":{"allow":["GET"]}}],"collection":[{"href":"https:\/\/fjala.info\/2009-2015\/wp-json\/wp\/v2\/posts"}],"about":[{"href":"https:\/\/fjala.info\/2009-2015\/wp-json\/wp\/v2\/types\/post"}],"author":[{"embeddable":true,"href":"https:\/\/fjala.info\/2009-2015\/wp-json\/wp\/v2\/users\/1"}],"replies":[{"embeddable":true,"href":"https:\/\/fjala.info\/2009-2015\/wp-json\/wp\/v2\/comments?post=10405"}],"version-history":[{"count":0,"href":"https:\/\/fjala.info\/2009-2015\/wp-json\/wp\/v2\/posts\/10405\/revisions"}],"wp:attachment":[{"href":"https:\/\/fjala.info\/2009-2015\/wp-json\/wp\/v2\/media?parent=10405"}],"wp:term":[{"taxonomy":"category","embeddable":true,"href":"https:\/\/fjala.info\/2009-2015\/wp-json\/wp\/v2\/categories?post=10405"},{"taxonomy":"post_tag","embeddable":true,"href":"https:\/\/fjala.info\/2009-2015\/wp-json\/wp\/v2\/tags?post=10405"}],"curies":[{"name":"wp","href":"https:\/\/api.w.org\/{rel}","templated":true}]}}