{"id":1040,"date":"2012-01-07T21:40:13","date_gmt":"2012-01-07T20:40:13","guid":{"rendered":"http:\/\/fjala.shkoder.net\/?p=1040"},"modified":"2012-01-07T21:40:13","modified_gmt":"2012-01-07T20:40:13","slug":"elegji-per-ate-gjergj-fishten-1871-1940","status":"publish","type":"post","link":"https:\/\/fjala.info\/2009-2015\/elegji-per-ate-gjergj-fishten-1871-1940\/","title":{"rendered":"Elegji p\u00ebr At\u00eb Gjergj Fisht\u00ebn (1871-1940)"},"content":{"rendered":"<p><img decoding=\"async\" class=\"alignright size-thumbnail wp-image-7236\" title=\"At Gjergj Fishta\" src=\"http:\/\/www.shkoder.net\/2012\/gjergj_fishta_lm.jpg\" alt=\"\" width=\"150\" \/>Po t\u00eb falem At\u00eb i Dashur<br \/>\nQ\u00eb po shkruaj pak me vones\u00eb<br \/>\nPor t\u00eb leht\u00eb nuk e kam patur<br \/>\nQ\u00eb t\u00eb thur p\u00ebr ty nj\u00eb vjersh\u00eb.<br \/>\nFunddhjetori kur dhe frym\u00ebn *<br \/>\nU nise n\u00eb \u201cKull\u00eb t\u00eb Zotit\u201d<br \/>\nDiktatura hodhi \u201cbrym\u00ebn\u201d<br \/>\n70-vjet e kusur motit.<br \/>\nI Fran\u00e7eskut t\u00eb Azisit<br \/>\nMbi klerik\u00ebt qe Prelat<br \/>\nTi qe Tata e Fisit<br \/>\nP\u00ebr Atdhen\u00eb ke qen\u00eb At\u00eb.<br \/>\nAt\u00eb p\u00ebr fe e p\u00ebr Atdhe<br \/>\nAt\u00eb p\u00ebr tosk\u00eb edhe p\u00ebr geg\u00eb<br \/>\nNj\u00eb kushtrim l\u00ebshove,the:<br \/>\n-Mblidhuni si kokrrat n\u00eb sheg\u00eb! * *<br \/>\nT\u00eb vogjlit i thirrshe\u201d\u00e7iripupa\u201d<br \/>\nHer\u00eb u thirrshe\u201d\u00e7ikirika\u201d<br \/>\nTi qe i mir\u00eb si buka<br \/>\nMa i madhi nd\u00ebr klerika.<br \/>\nIdeali katolik<br \/>\nDhe ai fran\u00e7eskan<br \/>\nKur Atdheu ka rrezik<br \/>\nBashk\u00eb kristjan\u00eb e mysliman\u00eb.<br \/>\nLidhe kish\u00eb edhe xhami<br \/>\nBashk\u00eb kristjan\u00eb e mysliman\u00eb<br \/>\nN\u00eb rrezik,pra:jemi nji!<br \/>\nKumti i madh si Fran\u00e7eskan!<br \/>\nMu tek Ura e RRzhanic\u00ebs<br \/>\nLuft\u00eb po b\u00ebn ky,Marash Uca<br \/>\nTek kalaja e Vranin\u00ebs<br \/>\nDjeg barot bash Oso Kuka!<br \/>\nDhe k\u00ebndove me\u201dLahut\u00eb\u2026\u201d<br \/>\nKrejt me gjuh\u00eb popullore<br \/>\nK\u00ebnga hynte urt\u00eb e but\u00eb<br \/>\nSi me qen\u00eb krejt hyjnore.<br \/>\nKudo shkeli k\u00ebmba jote<br \/>\nE la gjurm\u00ebn shum\u00eb t\u00eb madhe<br \/>\nFjala jote magjiplote<br \/>\nSi kushtrim e gjuh\u00eb kambane.<br \/>\nKjo \u201cLahuta e mal\u00ebsis\u00eb\u201d<br \/>\nSi \u201cIliada\u201d e Homerit<br \/>\nPo s\u2019t\u00eb lan\u00eb e t\u00eb b\u00ebn\u201dpis\u201d<br \/>\nAta larot e Enverit.<br \/>\nTek v\u00ebrshojn\u00eb n\u00eb Gjuhadol<br \/>\nErdh\u00ebn dhe t\u00eb dhunuan varrin<br \/>\nKy regjim,ky diktator<br \/>\nNuk e din q\u00eb varri s\u2019nx\u00eb Malin! ***<br \/>\nSe si mal u ngrite lart<br \/>\nRrrojte n\u00ebp\u00ebr k\u00ebng\u00eb lahute<br \/>\nNdaj k\u00ebndoj p\u00ebr ty,o At\u00eb!<br \/>\nVitet shkojn\u00eb,por ti nuk humbe.<\/p>\n<p><em>* ka vdekur m\u00eb 30 dhjetor 1940<br \/>\n** varg nga \u201cLahuta e mal\u00ebsis\u00eb<br \/>\n*** me kutpim metaforik.<\/em><\/p>\n<p><em>E kam shkruar m\u00eb 6 janar 2012, kur bie kryqi n\u00eb uj\u00eb.<\/em><\/p>\n","protected":false},"excerpt":{"rendered":"<p>Po t\u00eb falem At\u00eb i Dashur Q\u00eb po shkruaj pak me vones\u00eb Por t\u00eb leht\u00eb nuk e kam patur Q\u00eb t\u00eb thur p\u00ebr ty nj\u00eb vjersh\u00eb. Funddhjetori kur dhe frym\u00ebn * U nise n\u00eb \u201cKull\u00eb t\u00eb Zotit\u201d Diktatura hodhi \u201cbrym\u00ebn\u201d 70-vjet e kusur motit. I Fran\u00e7eskut t\u00eb Azisit Mbi klerik\u00ebt qe Prelat Ti qe Tata [&hellip;]<\/p>\n","protected":false},"author":1,"featured_media":0,"comment_status":"open","ping_status":"closed","sticky":false,"template":"","format":"standard","meta":{"footnotes":""},"categories":[7,9],"tags":[],"class_list":{"0":"post-1040","1":"post","2":"type-post","3":"status-publish","4":"format-standard","6":"category-letersi","7":"category-poezi"},"yoast_head":"<!-- This site is optimized with the Yoast SEO plugin v27.4 - https:\/\/yoast.com\/product\/yoast-seo-wordpress\/ -->\n<title>Elegji p\u00ebr At\u00eb Gjergj Fisht\u00ebn (1871-1940) - FjALA e LIR\u00cb - Arkivi<\/title>\n<meta name=\"robots\" content=\"index, follow, max-snippet:-1, max-image-preview:large, max-video-preview:-1\" \/>\n<link rel=\"canonical\" href=\"https:\/\/fjala.info\/2009-2015\/elegji-per-ate-gjergj-fishten-1871-1940\/\" \/>\n<meta property=\"og:locale\" content=\"sq_AL\" \/>\n<meta property=\"og:type\" content=\"article\" \/>\n<meta property=\"og:title\" content=\"Elegji p\u00ebr At\u00eb Gjergj Fisht\u00ebn (1871-1940) - FjALA e LIR\u00cb - Arkivi\" \/>\n<meta property=\"og:description\" content=\"Po t\u00eb falem At\u00eb i Dashur Q\u00eb po shkruaj pak me vones\u00eb Por t\u00eb leht\u00eb nuk e kam patur Q\u00eb t\u00eb thur p\u00ebr ty nj\u00eb vjersh\u00eb. Funddhjetori kur dhe frym\u00ebn * U nise n\u00eb \u201cKull\u00eb t\u00eb Zotit\u201d Diktatura hodhi \u201cbrym\u00ebn\u201d 70-vjet e kusur motit. I Fran\u00e7eskut t\u00eb Azisit Mbi klerik\u00ebt qe Prelat Ti qe Tata [&hellip;]\" \/>\n<meta property=\"og:url\" content=\"https:\/\/fjala.info\/2009-2015\/elegji-per-ate-gjergj-fishten-1871-1940\/\" \/>\n<meta property=\"og:site_name\" content=\"FjALA e LIR\u00cb - Arkivi\" \/>\n<meta property=\"article:published_time\" content=\"2012-01-07T20:40:13+00:00\" \/>\n<meta property=\"og:image\" content=\"http:\/\/www.shkoder.net\/2012\/gjergj_fishta_lm.jpg\" \/>\n<meta name=\"author\" content=\"admin\" \/>\n<meta name=\"twitter:card\" content=\"summary_large_image\" \/>\n<meta name=\"twitter:label1\" content=\"Written by\" \/>\n\t<meta name=\"twitter:data1\" content=\"admin\" \/>\n\t<meta name=\"twitter:label2\" content=\"Est. reading time\" \/>\n\t<meta name=\"twitter:data2\" content=\"2 minutes\" \/>\n<script type=\"application\/ld+json\" class=\"yoast-schema-graph\">{\"@context\":\"https:\\\/\\\/schema.org\",\"@graph\":[{\"@type\":\"Article\",\"@id\":\"https:\\\/\\\/fjala.info\\\/2009-2015\\\/elegji-per-ate-gjergj-fishten-1871-1940\\\/#article\",\"isPartOf\":{\"@id\":\"https:\\\/\\\/fjala.info\\\/2009-2015\\\/elegji-per-ate-gjergj-fishten-1871-1940\\\/\"},\"author\":{\"name\":\"admin\",\"@id\":\"https:\\\/\\\/fjala.info\\\/2009-2015\\\/#\\\/schema\\\/person\\\/3aa1163ef05469c496fc94e77611ada2\"},\"headline\":\"Elegji p\u00ebr At\u00eb Gjergj Fisht\u00ebn (1871-1940)\",\"datePublished\":\"2012-01-07T20:40:13+00:00\",\"mainEntityOfPage\":{\"@id\":\"https:\\\/\\\/fjala.info\\\/2009-2015\\\/elegji-per-ate-gjergj-fishten-1871-1940\\\/\"},\"wordCount\":313,\"commentCount\":0,\"publisher\":{\"@id\":\"https:\\\/\\\/fjala.info\\\/2009-2015\\\/#organization\"},\"image\":{\"@id\":\"https:\\\/\\\/fjala.info\\\/2009-2015\\\/elegji-per-ate-gjergj-fishten-1871-1940\\\/#primaryimage\"},\"thumbnailUrl\":\"http:\\\/\\\/www.shkoder.net\\\/2012\\\/gjergj_fishta_lm.jpg\",\"articleSection\":[\"Let\u00ebrsi\",\"Poezi\"],\"inLanguage\":\"sq-AL\",\"potentialAction\":[{\"@type\":\"CommentAction\",\"name\":\"Comment\",\"target\":[\"https:\\\/\\\/fjala.info\\\/2009-2015\\\/elegji-per-ate-gjergj-fishten-1871-1940\\\/#respond\"]}]},{\"@type\":\"WebPage\",\"@id\":\"https:\\\/\\\/fjala.info\\\/2009-2015\\\/elegji-per-ate-gjergj-fishten-1871-1940\\\/\",\"url\":\"https:\\\/\\\/fjala.info\\\/2009-2015\\\/elegji-per-ate-gjergj-fishten-1871-1940\\\/\",\"name\":\"Elegji p\u00ebr At\u00eb Gjergj Fisht\u00ebn (1871-1940) - FjALA e LIR\u00cb - Arkivi\",\"isPartOf\":{\"@id\":\"https:\\\/\\\/fjala.info\\\/2009-2015\\\/#website\"},\"primaryImageOfPage\":{\"@id\":\"https:\\\/\\\/fjala.info\\\/2009-2015\\\/elegji-per-ate-gjergj-fishten-1871-1940\\\/#primaryimage\"},\"image\":{\"@id\":\"https:\\\/\\\/fjala.info\\\/2009-2015\\\/elegji-per-ate-gjergj-fishten-1871-1940\\\/#primaryimage\"},\"thumbnailUrl\":\"http:\\\/\\\/www.shkoder.net\\\/2012\\\/gjergj_fishta_lm.jpg\",\"datePublished\":\"2012-01-07T20:40:13+00:00\",\"breadcrumb\":{\"@id\":\"https:\\\/\\\/fjala.info\\\/2009-2015\\\/elegji-per-ate-gjergj-fishten-1871-1940\\\/#breadcrumb\"},\"inLanguage\":\"sq-AL\",\"potentialAction\":[{\"@type\":\"ReadAction\",\"target\":[\"https:\\\/\\\/fjala.info\\\/2009-2015\\\/elegji-per-ate-gjergj-fishten-1871-1940\\\/\"]}]},{\"@type\":\"ImageObject\",\"inLanguage\":\"sq-AL\",\"@id\":\"https:\\\/\\\/fjala.info\\\/2009-2015\\\/elegji-per-ate-gjergj-fishten-1871-1940\\\/#primaryimage\",\"url\":\"http:\\\/\\\/www.shkoder.net\\\/2012\\\/gjergj_fishta_lm.jpg\",\"contentUrl\":\"http:\\\/\\\/www.shkoder.net\\\/2012\\\/gjergj_fishta_lm.jpg\"},{\"@type\":\"BreadcrumbList\",\"@id\":\"https:\\\/\\\/fjala.info\\\/2009-2015\\\/elegji-per-ate-gjergj-fishten-1871-1940\\\/#breadcrumb\",\"itemListElement\":[{\"@type\":\"ListItem\",\"position\":1,\"name\":\"Home\",\"item\":\"https:\\\/\\\/fjala.info\\\/2009-2015\\\/\"},{\"@type\":\"ListItem\",\"position\":2,\"name\":\"Elegji p\u00ebr At\u00eb Gjergj Fisht\u00ebn (1871-1940)\"}]},{\"@type\":\"WebSite\",\"@id\":\"https:\\\/\\\/fjala.info\\\/2009-2015\\\/#website\",\"url\":\"https:\\\/\\\/fjala.info\\\/2009-2015\\\/\",\"name\":\"FjALA e LIR\u00cb - Arkivi\",\"description\":\"Arkivi 2009-2015\",\"publisher\":{\"@id\":\"https:\\\/\\\/fjala.info\\\/2009-2015\\\/#organization\"},\"potentialAction\":[{\"@type\":\"SearchAction\",\"target\":{\"@type\":\"EntryPoint\",\"urlTemplate\":\"https:\\\/\\\/fjala.info\\\/2009-2015\\\/?s={search_term_string}\"},\"query-input\":{\"@type\":\"PropertyValueSpecification\",\"valueRequired\":true,\"valueName\":\"search_term_string\"}}],\"inLanguage\":\"sq-AL\"},{\"@type\":\"Organization\",\"@id\":\"https:\\\/\\\/fjala.info\\\/2009-2015\\\/#organization\",\"name\":\"FjALA e LIR\u00cb - Arkivi\",\"url\":\"https:\\\/\\\/fjala.info\\\/2009-2015\\\/\",\"logo\":{\"@type\":\"ImageObject\",\"inLanguage\":\"sq-AL\",\"@id\":\"https:\\\/\\\/fjala.info\\\/2009-2015\\\/#\\\/schema\\\/logo\\\/image\\\/\",\"url\":\"\",\"contentUrl\":\"\",\"caption\":\"FjALA e LIR\u00cb - Arkivi\"},\"image\":{\"@id\":\"https:\\\/\\\/fjala.info\\\/2009-2015\\\/#\\\/schema\\\/logo\\\/image\\\/\"}},{\"@type\":\"Person\",\"@id\":\"https:\\\/\\\/fjala.info\\\/2009-2015\\\/#\\\/schema\\\/person\\\/3aa1163ef05469c496fc94e77611ada2\",\"name\":\"admin\",\"image\":{\"@type\":\"ImageObject\",\"inLanguage\":\"sq-AL\",\"@id\":\"https:\\\/\\\/fjala.info\\\/2009-2015\\\/wp-content\\\/uploads\\\/2012\\\/02\\\/arben_cokaj-120x150.jpg\",\"url\":\"https:\\\/\\\/fjala.info\\\/2009-2015\\\/wp-content\\\/uploads\\\/2012\\\/02\\\/arben_cokaj-120x150.jpg\",\"contentUrl\":\"https:\\\/\\\/fjala.info\\\/2009-2015\\\/wp-content\\\/uploads\\\/2012\\\/02\\\/arben_cokaj-120x150.jpg\",\"caption\":\"admin\"},\"description\":\"Admin, Fjala e Lir\u00eb\",\"sameAs\":[\"https:\\\/\\\/fjala.info\\\/\"],\"url\":\"https:\\\/\\\/fjala.info\\\/2009-2015\\\/author\\\/admin\\\/\"}]}<\/script>\n<!-- \/ Yoast SEO plugin. -->","yoast_head_json":{"title":"Elegji p\u00ebr At\u00eb Gjergj Fisht\u00ebn (1871-1940) - FjALA e LIR\u00cb - Arkivi","robots":{"index":"index","follow":"follow","max-snippet":"max-snippet:-1","max-image-preview":"max-image-preview:large","max-video-preview":"max-video-preview:-1"},"canonical":"https:\/\/fjala.info\/2009-2015\/elegji-per-ate-gjergj-fishten-1871-1940\/","og_locale":"sq_AL","og_type":"article","og_title":"Elegji p\u00ebr At\u00eb Gjergj Fisht\u00ebn (1871-1940) - FjALA e LIR\u00cb - Arkivi","og_description":"Po t\u00eb falem At\u00eb i Dashur Q\u00eb po shkruaj pak me vones\u00eb Por t\u00eb leht\u00eb nuk e kam patur Q\u00eb t\u00eb thur p\u00ebr ty nj\u00eb vjersh\u00eb. Funddhjetori kur dhe frym\u00ebn * U nise n\u00eb \u201cKull\u00eb t\u00eb Zotit\u201d Diktatura hodhi \u201cbrym\u00ebn\u201d 70-vjet e kusur motit. I Fran\u00e7eskut t\u00eb Azisit Mbi klerik\u00ebt qe Prelat Ti qe Tata [&hellip;]","og_url":"https:\/\/fjala.info\/2009-2015\/elegji-per-ate-gjergj-fishten-1871-1940\/","og_site_name":"FjALA e LIR\u00cb - Arkivi","article_published_time":"2012-01-07T20:40:13+00:00","og_image":[{"url":"http:\/\/www.shkoder.net\/2012\/gjergj_fishta_lm.jpg","type":"","width":"","height":""}],"author":"admin","twitter_card":"summary_large_image","twitter_misc":{"Written by":"admin","Est. reading time":"2 minutes"},"schema":{"@context":"https:\/\/schema.org","@graph":[{"@type":"Article","@id":"https:\/\/fjala.info\/2009-2015\/elegji-per-ate-gjergj-fishten-1871-1940\/#article","isPartOf":{"@id":"https:\/\/fjala.info\/2009-2015\/elegji-per-ate-gjergj-fishten-1871-1940\/"},"author":{"name":"admin","@id":"https:\/\/fjala.info\/2009-2015\/#\/schema\/person\/3aa1163ef05469c496fc94e77611ada2"},"headline":"Elegji p\u00ebr At\u00eb Gjergj Fisht\u00ebn (1871-1940)","datePublished":"2012-01-07T20:40:13+00:00","mainEntityOfPage":{"@id":"https:\/\/fjala.info\/2009-2015\/elegji-per-ate-gjergj-fishten-1871-1940\/"},"wordCount":313,"commentCount":0,"publisher":{"@id":"https:\/\/fjala.info\/2009-2015\/#organization"},"image":{"@id":"https:\/\/fjala.info\/2009-2015\/elegji-per-ate-gjergj-fishten-1871-1940\/#primaryimage"},"thumbnailUrl":"http:\/\/www.shkoder.net\/2012\/gjergj_fishta_lm.jpg","articleSection":["Let\u00ebrsi","Poezi"],"inLanguage":"sq-AL","potentialAction":[{"@type":"CommentAction","name":"Comment","target":["https:\/\/fjala.info\/2009-2015\/elegji-per-ate-gjergj-fishten-1871-1940\/#respond"]}]},{"@type":"WebPage","@id":"https:\/\/fjala.info\/2009-2015\/elegji-per-ate-gjergj-fishten-1871-1940\/","url":"https:\/\/fjala.info\/2009-2015\/elegji-per-ate-gjergj-fishten-1871-1940\/","name":"Elegji p\u00ebr At\u00eb Gjergj Fisht\u00ebn (1871-1940) - FjALA e LIR\u00cb - Arkivi","isPartOf":{"@id":"https:\/\/fjala.info\/2009-2015\/#website"},"primaryImageOfPage":{"@id":"https:\/\/fjala.info\/2009-2015\/elegji-per-ate-gjergj-fishten-1871-1940\/#primaryimage"},"image":{"@id":"https:\/\/fjala.info\/2009-2015\/elegji-per-ate-gjergj-fishten-1871-1940\/#primaryimage"},"thumbnailUrl":"http:\/\/www.shkoder.net\/2012\/gjergj_fishta_lm.jpg","datePublished":"2012-01-07T20:40:13+00:00","breadcrumb":{"@id":"https:\/\/fjala.info\/2009-2015\/elegji-per-ate-gjergj-fishten-1871-1940\/#breadcrumb"},"inLanguage":"sq-AL","potentialAction":[{"@type":"ReadAction","target":["https:\/\/fjala.info\/2009-2015\/elegji-per-ate-gjergj-fishten-1871-1940\/"]}]},{"@type":"ImageObject","inLanguage":"sq-AL","@id":"https:\/\/fjala.info\/2009-2015\/elegji-per-ate-gjergj-fishten-1871-1940\/#primaryimage","url":"http:\/\/www.shkoder.net\/2012\/gjergj_fishta_lm.jpg","contentUrl":"http:\/\/www.shkoder.net\/2012\/gjergj_fishta_lm.jpg"},{"@type":"BreadcrumbList","@id":"https:\/\/fjala.info\/2009-2015\/elegji-per-ate-gjergj-fishten-1871-1940\/#breadcrumb","itemListElement":[{"@type":"ListItem","position":1,"name":"Home","item":"https:\/\/fjala.info\/2009-2015\/"},{"@type":"ListItem","position":2,"name":"Elegji p\u00ebr At\u00eb Gjergj Fisht\u00ebn (1871-1940)"}]},{"@type":"WebSite","@id":"https:\/\/fjala.info\/2009-2015\/#website","url":"https:\/\/fjala.info\/2009-2015\/","name":"FjALA e LIR\u00cb - Arkivi","description":"Arkivi 2009-2015","publisher":{"@id":"https:\/\/fjala.info\/2009-2015\/#organization"},"potentialAction":[{"@type":"SearchAction","target":{"@type":"EntryPoint","urlTemplate":"https:\/\/fjala.info\/2009-2015\/?s={search_term_string}"},"query-input":{"@type":"PropertyValueSpecification","valueRequired":true,"valueName":"search_term_string"}}],"inLanguage":"sq-AL"},{"@type":"Organization","@id":"https:\/\/fjala.info\/2009-2015\/#organization","name":"FjALA e LIR\u00cb - Arkivi","url":"https:\/\/fjala.info\/2009-2015\/","logo":{"@type":"ImageObject","inLanguage":"sq-AL","@id":"https:\/\/fjala.info\/2009-2015\/#\/schema\/logo\/image\/","url":"","contentUrl":"","caption":"FjALA e LIR\u00cb - Arkivi"},"image":{"@id":"https:\/\/fjala.info\/2009-2015\/#\/schema\/logo\/image\/"}},{"@type":"Person","@id":"https:\/\/fjala.info\/2009-2015\/#\/schema\/person\/3aa1163ef05469c496fc94e77611ada2","name":"admin","image":{"@type":"ImageObject","inLanguage":"sq-AL","@id":"https:\/\/fjala.info\/2009-2015\/wp-content\/uploads\/2012\/02\/arben_cokaj-120x150.jpg","url":"https:\/\/fjala.info\/2009-2015\/wp-content\/uploads\/2012\/02\/arben_cokaj-120x150.jpg","contentUrl":"https:\/\/fjala.info\/2009-2015\/wp-content\/uploads\/2012\/02\/arben_cokaj-120x150.jpg","caption":"admin"},"description":"Admin, Fjala e Lir\u00eb","sameAs":["https:\/\/fjala.info\/"],"url":"https:\/\/fjala.info\/2009-2015\/author\/admin\/"}]}},"_links":{"self":[{"href":"https:\/\/fjala.info\/2009-2015\/wp-json\/wp\/v2\/posts\/1040","targetHints":{"allow":["GET"]}}],"collection":[{"href":"https:\/\/fjala.info\/2009-2015\/wp-json\/wp\/v2\/posts"}],"about":[{"href":"https:\/\/fjala.info\/2009-2015\/wp-json\/wp\/v2\/types\/post"}],"author":[{"embeddable":true,"href":"https:\/\/fjala.info\/2009-2015\/wp-json\/wp\/v2\/users\/1"}],"replies":[{"embeddable":true,"href":"https:\/\/fjala.info\/2009-2015\/wp-json\/wp\/v2\/comments?post=1040"}],"version-history":[{"count":0,"href":"https:\/\/fjala.info\/2009-2015\/wp-json\/wp\/v2\/posts\/1040\/revisions"}],"wp:attachment":[{"href":"https:\/\/fjala.info\/2009-2015\/wp-json\/wp\/v2\/media?parent=1040"}],"wp:term":[{"taxonomy":"category","embeddable":true,"href":"https:\/\/fjala.info\/2009-2015\/wp-json\/wp\/v2\/categories?post=1040"},{"taxonomy":"post_tag","embeddable":true,"href":"https:\/\/fjala.info\/2009-2015\/wp-json\/wp\/v2\/tags?post=1040"}],"curies":[{"name":"wp","href":"https:\/\/api.w.org\/{rel}","templated":true}]}}