{"id":104,"date":"2011-11-11T09:31:27","date_gmt":"2011-11-11T08:31:27","guid":{"rendered":"http:\/\/fjala.shkoder.net\/?p=104"},"modified":"2011-11-11T09:31:27","modified_gmt":"2011-11-11T08:31:27","slug":"roli-i-te-krishtereve-ne-pranveren-arabe","status":"publish","type":"post","link":"https:\/\/fjala.info\/2009-2015\/roli-i-te-krishtereve-ne-pranveren-arabe\/","title":{"rendered":"Roli i t\u00eb krishter\u00ebve n\u00eb \u201cpranver\u00ebn arabe\u201d"},"content":{"rendered":"<p><img decoding=\"async\" class=\"alignright size-thumbnail wp-image-7236\" title=\"Ambasadori iraken n\u00eb Vatikan\" src=\"http:\/\/www.shkoder.net\/images\/fjala\/2011\/amb_iraken_vatikan.jpg\" alt=\"\" width=\"300\" \/>(\u00a0<em>Intervist\u00eb me ambasadorin irakian pran\u00eb Selis\u00eb s\u00eb Shenjt\u00eb (Vatikan) z. Habeeb Mohammed Hadi Ali Al-Sadr<\/em> )<\/p>\n<p>Kriza ekonomike bot\u00ebrore dhe pasojat q\u00eb ka sjell\u00eb n\u00eb vende si Italia dhe Greqia, e ka larguar disi v\u00ebmendjen e opinionit publik nga \u201cpranvera arabe\u201d, pra nga kryengritjet e nj\u00ebpasnj\u00ebshme t\u00eb vendeve t\u00eb Afrik\u00ebs Veriore, q\u00eb p\u00ebrmbys\u00ebn pushtete e soll\u00ebn n\u00eb krye t\u00eb k\u00ebtyre popullsive njer\u00ebz, q\u00eb kan\u00eb premtuar t\u2019i \u00e7ojn\u00eb drejt demokracis\u00eb. N\u00eb disa prej vendeve, si n\u00eb Siri p\u00ebr shembull, gjendja akoma \u00ebsht\u00eb e nder\u00eb e revoltat p\u00ebrfundojn\u00eb me viktima. Pyet\u00ebm ambasadorin irakian pran\u00eb Selis\u00eb s\u00eb Shenjt\u00eb, Habib Mohamed Hadi Ali Al Sadr:N\u00eb k\u00ebt\u00eb situat\u00eb, cili \u00ebsht\u00eb roli i t\u00eb krishter\u00ebve, sidomos n\u00eb Lindjen e Mesme?<\/p>\n<p>Z. Habib Mohamed Hadi Ali Al Sadr:<br \/>\nT\u00eb krishter\u00ebt arab\u00eb jan\u00eb pjes\u00eb p\u00ebrb\u00ebr\u00ebse e indit shoq\u00ebror, prandaj ndjejn\u00eb mbi supe pasojat q\u00eb bien mbi gjith\u00eb shoq\u00ebrin\u00eb, n\u00eb t\u00eb mir\u00eb e n\u00eb t\u00eb keq. P\u00ebrsa i p\u00ebrket frik\u00ebs p\u00ebr revoltat n\u00eb vendet e tyre, duhet t\u2019i kuptojm\u00eb mir\u00eb shkaqet. Mjafton t\u00eb mendojm\u00eb se nj\u00eb nga pasojat e prostestave \u00ebsht\u00eb vendosja e t\u00eb krishter\u00ebve para vendimeve t\u00eb v\u00ebshtira, si p\u00ebr shembull: t\u00eb q\u00ebndrojn\u00eb p\u00ebrkrah nj\u00eb regjimi totalitar, nga i cili kan\u00eb vuajtur shum\u00eb, ose t\u00eb p\u00ebrballojn\u00eb nj\u00eb fat t\u00eb panjohur, me ardhjen n\u00eb pushtet t\u00eb ndonj\u00eb force ekstremiste e radikale, q\u00eb zhduk edhe at\u00eb liri t\u00eb kufizuar, siguruar m\u00eb par\u00eb nga qeverit\u00eb ekzistuese. Skenari m\u00eb i pasigurt\u00eb \u00ebsht\u00eb ai i shoq\u00ebris\u00eb arabe, t\u00eb p\u00ebr\u00e7ar\u00eb mbi tema si ndryshimet, krer\u00ebt e l\u00ebvizjes, identiteti i manifestuesve dhe k\u00ebndv\u00ebshtrimi i tyre. Natyrisht, n\u00eb k\u00ebt\u00eb rast, nuk \u00ebsht\u00eb e qart\u00eb se \u00e7\u2019do t\u00eb ndodh\u00eb m\u00eb von\u00eb. Por frika vjen edhe nga mungesa e nj\u00eb alternative t\u00eb vlefshme. Kjo e fundit duhet t\u00eb jet\u00eb n\u00eb gjendje ta mbaj\u00eb qeverin\u00eb dhe t\u00eb p\u00ebrballoj\u00eb q\u00ebndrimet nd\u00ebrkomb\u00ebtare p\u00ebr protestat. Nj\u00eb gjendje e till\u00eb u jep mund\u00ebsi njer\u00ebzve t\u00eb dyshimt\u00eb t\u2019i shfryt\u00ebzojn\u00eb protestat p\u00ebr q\u00ebllime aspak t\u00eb mira. N\u00eb radh\u00ebn e par\u00eb t\u00eb k\u00ebsaj armate jan\u00eb fondamentalist\u00ebt, t\u00eb cil\u00ebt luajn\u00eb me ndjeshm\u00ebrin\u00eb fetare t\u00eb njer\u00ebzve dhe i ndryshojn\u00eb vazhdimisht kartat mbi tryez\u00eb. Ata nuk e kan\u00eb braktisur akoma iden\u00eb e \u00e7mendur p\u00ebr t\u2019i vrar\u00eb t\u00eb gjith\u00eb t\u00eb krishter\u00ebt, p\u00ebr t\u00eb shkat\u00ebrruar kishat e p\u00ebr t\u00eb terrorizuar t\u00eb pafajshmit. \u00cbsht\u00eb e qart\u00eb se, pa k\u00ebto nd\u00ebrlikime, t\u00eb krishter\u00ebt arab\u00eb jan\u00eb njer\u00ebz t\u00eb lir\u00eb, q\u00eb jetojn\u00eb si gjith\u00eb t\u00eb tjer\u00ebt. N\u00eb fillim t\u00eb shekullit t\u00eb kaluar, ata kan\u00eb qen\u00eb zemra e revoltave arabe p\u00ebr pavar\u00ebsin\u00eb dhe teoricien\u00ebt e mendimit komb\u00ebtar arab.<\/p>\n<p>Pyetje: Gjat\u00eb viteve t\u00eb fundit, t\u00eb krishter\u00ebt e Lindjes s\u00eb Mesme kan\u00eb pasur shum\u00eb probleme. Prov\u00eb p\u00ebr k\u00ebt\u00eb \u00ebsht\u00eb emigracioni masiv nga vendet e tyre. Cilat jan\u00eb perspektivat aktualisht? Dikush p\u00ebrvijon nj\u00eb t\u00eb ardhme edhe m\u00eb t\u00eb v\u00ebshtir\u00eb\u2026<\/p>\n<p>Z. Habib Mohamed Hadi Ali Al Sadr: Nuk jan\u00eb vet\u00ebm t\u00eb krishter\u00ebt, q\u00eb kan\u00eb vuajtur e kan\u00eb emigruar. Miliona arab\u00eb t\u00eb \u00e7do feje dhe etnie jan\u00eb shp\u00ebrndar\u00eb n\u00ebp\u00ebr bot\u00eb n\u00eb k\u00ebrkim t\u00eb liris\u00eb, t\u00eb dinjitetit e t\u00eb nj\u00eb pune t\u00eb ndershme. Problemi \u00ebsht\u00eb se t\u00eb krishter\u00ebt p\u00ebrfaq\u00ebsojn\u00eb nj\u00eb pakic\u00eb t\u00eb popullsis\u00eb, prandaj llogarit\u00eb e pakicave nuk jan\u00eb nj\u00ebsoj me ato t\u00eb shumic\u00ebs. Pak\u00ebsimi i numrit t\u00eb tyre sjell edhe kufizimin e rolit e t\u00eb veprimtaris\u00eb s\u00eb t\u00eb krishter\u00ebve, t\u00eb cil\u00ebt dikur ishin shum\u00eb t\u00eb gjall\u00eb e t\u00eb r\u00ebnd\u00ebsish\u00ebm, n\u00eb nj\u00eb zon\u00eb konsideruar djep historik i krishterimit dhe i feve monoteiste. N\u00eb k\u00ebt\u00eb drit\u00eb duhet ta shohim frik\u00ebn e t\u00eb krishter\u00ebve! Nuk duhet p\u00ebrjashtuar mund\u00ebsia q\u00eb revoltat arabe t\u00eb sjellin konflikte t\u00eb brendshme dhe ndarjen n\u00eb fraksione fetare, sidomos n\u00eb shoq\u00ebrit\u00eb shum\u00ebetnike. N\u00eb shumic\u00ebn e rasteve, paguan pjesa m\u00eb e dob\u00ebt, e cila nuk ka as forc\u00ebn, as dinak\u00ebrin\u00eb p\u00ebr t\u00eb p\u00ebrfituar. Por kjo nuk duhet ta justifikoj\u00eb emigrimin n\u00eb vende t\u00eb tjera, pasi emigracioni \u00ebsht\u00eb rrezik i madh p\u00ebr ekzistenc\u00ebn dhe p\u00ebr t\u00eb ardhmen e t\u00eb krishter\u00ebve. Edhe Ati i Shenjt\u00eb u ka b\u00ebr\u00eb disa her\u00eb thirrje t\u00eb jen\u00eb t\u00eb patundur n\u00eb fe e ta ndajn\u00eb pesh\u00ebn e ngjarjeve t\u00eb fundit me v\u00ebllez\u00ebrit e tyre, derisa Zoti t\u00eb krijoj\u00eb kushtet p\u00ebr ndryshimin e gjendjes.<\/p>\n<p>Pyete: Shum\u00eb mendojn\u00eb se regjimet diktatoriale nuk mund t\u00eb shnd\u00ebrrohen pa dhun\u00eb n\u00eb demokraci. At\u00ebher\u00eb si mund t\u00eb qeveriset kjo revolt\u00eb, q\u00eb n\u00eb dukje, fillon nga posht\u00eb, duke pasur parasysh se t\u00eb krishter\u00ebt jan\u00eb mbart\u00ebs t\u00eb paqes, t\u00eb dialogut e t\u00eb toleranc\u00ebs e nuk mund t\u00eb pajtohen me dhun\u00ebn?<\/p>\n<p>Z. Habib Mohamed Hadi Ali Al Sadr: Duke u nisur nga kultura e tyre tolerante, sot, t\u00eb krishter\u00ebve arab\u00eb u k\u00ebrkohet t\u00eb marrin pjes\u00eb n\u00eb gjetjen e ideve p\u00ebr reformat, t\u00eb ndihmojn\u00eb qeverit\u00eb lokale t\u00eb dialogojn\u00eb me n\u00ebnshtetasit, t\u00eb jen\u00eb pjes\u00eb aktive n\u00eb zgjidhjen e konflikteve, t\u00eb sjellin shpres\u00eb e pajtim. Vet\u00ebm k\u00ebshtu mund t\u2019i bindin pal\u00ebt t\u00eb n\u00ebnshkruajn\u00eb idealisht nj\u00eb pakt shoq\u00ebror nd\u00ebrmjet Islamit dhe Krishterimit, p\u00ebr t\u00eb respektuar t\u00eb drejtat e secilit e p\u00ebr t\u00eb vendosur barazin\u00eb edhe para kutive t\u00eb votimit. N\u00eb k\u00ebt\u00eb m\u00ebnyr\u00eb do t\u00eb sigurohet ndryshimi paq\u00ebsor i pushtetit. Vet\u00ebm ky lloj pakti shoq\u00ebror do t\u2019i ndaloj\u00eb atentator\u00ebt t\u2019i \u00e7ojn\u00eb deri n\u00eb fund komplotet e tyre dhe do t\u2019u kursej\u00eb popujve arab\u00eb shkat\u00ebrrime, gjakderdhje e shp\u00ebrngulje t\u00eb m\u00ebtejshme nga atdheu.<\/p>\n<p>(<em>Marre nga RV<\/em>)<br \/>\nDergoi <strong>Paul Tedeschini<\/strong><\/p>\n","protected":false},"excerpt":{"rendered":"<p>(\u00a0Intervist\u00eb me ambasadorin irakian pran\u00eb Selis\u00eb s\u00eb Shenjt\u00eb (Vatikan) z. Habeeb Mohammed Hadi Ali Al-Sadr ) Kriza ekonomike bot\u00ebrore dhe pasojat q\u00eb ka sjell\u00eb n\u00eb vende si Italia dhe Greqia, e ka larguar disi v\u00ebmendjen e opinionit publik nga \u201cpranvera arabe\u201d, pra nga kryengritjet e nj\u00ebpasnj\u00ebshme t\u00eb vendeve t\u00eb Afrik\u00ebs Veriore, q\u00eb p\u00ebrmbys\u00ebn pushtete e [&hellip;]<\/p>\n","protected":false},"author":1,"featured_media":0,"comment_status":"open","ping_status":"closed","sticky":false,"template":"","format":"standard","meta":{"footnotes":""},"categories":[2],"tags":[],"class_list":{"0":"post-104","1":"post","2":"type-post","3":"status-publish","4":"format-standard","6":"category-artikuj"},"yoast_head":"<!-- This site is optimized with the Yoast SEO plugin v27.4 - https:\/\/yoast.com\/product\/yoast-seo-wordpress\/ -->\n<title>Roli i t\u00eb krishter\u00ebve n\u00eb \u201cpranver\u00ebn arabe\u201d - FjALA e LIR\u00cb - Arkivi<\/title>\n<meta name=\"robots\" content=\"index, follow, max-snippet:-1, max-image-preview:large, max-video-preview:-1\" \/>\n<link rel=\"canonical\" href=\"https:\/\/fjala.info\/2009-2015\/roli-i-te-krishtereve-ne-pranveren-arabe\/\" \/>\n<meta property=\"og:locale\" content=\"sq_AL\" \/>\n<meta property=\"og:type\" content=\"article\" \/>\n<meta property=\"og:title\" content=\"Roli i t\u00eb krishter\u00ebve n\u00eb \u201cpranver\u00ebn arabe\u201d - FjALA e LIR\u00cb - Arkivi\" \/>\n<meta property=\"og:description\" content=\"(\u00a0Intervist\u00eb me ambasadorin irakian pran\u00eb Selis\u00eb s\u00eb Shenjt\u00eb (Vatikan) z. Habeeb Mohammed Hadi Ali Al-Sadr ) Kriza ekonomike bot\u00ebrore dhe pasojat q\u00eb ka sjell\u00eb n\u00eb vende si Italia dhe Greqia, e ka larguar disi v\u00ebmendjen e opinionit publik nga \u201cpranvera arabe\u201d, pra nga kryengritjet e nj\u00ebpasnj\u00ebshme t\u00eb vendeve t\u00eb Afrik\u00ebs Veriore, q\u00eb p\u00ebrmbys\u00ebn pushtete e [&hellip;]\" \/>\n<meta property=\"og:url\" content=\"https:\/\/fjala.info\/2009-2015\/roli-i-te-krishtereve-ne-pranveren-arabe\/\" \/>\n<meta property=\"og:site_name\" content=\"FjALA e LIR\u00cb - Arkivi\" \/>\n<meta property=\"article:published_time\" content=\"2011-11-11T08:31:27+00:00\" \/>\n<meta property=\"og:image\" content=\"http:\/\/www.shkoder.net\/images\/fjala\/2011\/amb_iraken_vatikan.jpg\" \/>\n<meta name=\"author\" content=\"admin\" \/>\n<meta name=\"twitter:card\" content=\"summary_large_image\" \/>\n<meta name=\"twitter:label1\" content=\"Written by\" \/>\n\t<meta name=\"twitter:data1\" content=\"admin\" \/>\n\t<meta name=\"twitter:label2\" content=\"Est. reading time\" \/>\n\t<meta name=\"twitter:data2\" content=\"5 minutes\" \/>\n<script type=\"application\/ld+json\" class=\"yoast-schema-graph\">{\"@context\":\"https:\\\/\\\/schema.org\",\"@graph\":[{\"@type\":\"Article\",\"@id\":\"https:\\\/\\\/fjala.info\\\/2009-2015\\\/roli-i-te-krishtereve-ne-pranveren-arabe\\\/#article\",\"isPartOf\":{\"@id\":\"https:\\\/\\\/fjala.info\\\/2009-2015\\\/roli-i-te-krishtereve-ne-pranveren-arabe\\\/\"},\"author\":{\"name\":\"admin\",\"@id\":\"https:\\\/\\\/fjala.info\\\/2009-2015\\\/#\\\/schema\\\/person\\\/3aa1163ef05469c496fc94e77611ada2\"},\"headline\":\"Roli i t\u00eb krishter\u00ebve n\u00eb \u201cpranver\u00ebn arabe\u201d\",\"datePublished\":\"2011-11-11T08:31:27+00:00\",\"mainEntityOfPage\":{\"@id\":\"https:\\\/\\\/fjala.info\\\/2009-2015\\\/roli-i-te-krishtereve-ne-pranveren-arabe\\\/\"},\"wordCount\":991,\"commentCount\":0,\"publisher\":{\"@id\":\"https:\\\/\\\/fjala.info\\\/2009-2015\\\/#organization\"},\"image\":{\"@id\":\"https:\\\/\\\/fjala.info\\\/2009-2015\\\/roli-i-te-krishtereve-ne-pranveren-arabe\\\/#primaryimage\"},\"thumbnailUrl\":\"http:\\\/\\\/www.shkoder.net\\\/images\\\/fjala\\\/2011\\\/amb_iraken_vatikan.jpg\",\"articleSection\":[\"Artikuj\"],\"inLanguage\":\"sq-AL\",\"potentialAction\":[{\"@type\":\"CommentAction\",\"name\":\"Comment\",\"target\":[\"https:\\\/\\\/fjala.info\\\/2009-2015\\\/roli-i-te-krishtereve-ne-pranveren-arabe\\\/#respond\"]}]},{\"@type\":\"WebPage\",\"@id\":\"https:\\\/\\\/fjala.info\\\/2009-2015\\\/roli-i-te-krishtereve-ne-pranveren-arabe\\\/\",\"url\":\"https:\\\/\\\/fjala.info\\\/2009-2015\\\/roli-i-te-krishtereve-ne-pranveren-arabe\\\/\",\"name\":\"Roli i t\u00eb krishter\u00ebve n\u00eb \u201cpranver\u00ebn arabe\u201d - FjALA e LIR\u00cb - Arkivi\",\"isPartOf\":{\"@id\":\"https:\\\/\\\/fjala.info\\\/2009-2015\\\/#website\"},\"primaryImageOfPage\":{\"@id\":\"https:\\\/\\\/fjala.info\\\/2009-2015\\\/roli-i-te-krishtereve-ne-pranveren-arabe\\\/#primaryimage\"},\"image\":{\"@id\":\"https:\\\/\\\/fjala.info\\\/2009-2015\\\/roli-i-te-krishtereve-ne-pranveren-arabe\\\/#primaryimage\"},\"thumbnailUrl\":\"http:\\\/\\\/www.shkoder.net\\\/images\\\/fjala\\\/2011\\\/amb_iraken_vatikan.jpg\",\"datePublished\":\"2011-11-11T08:31:27+00:00\",\"breadcrumb\":{\"@id\":\"https:\\\/\\\/fjala.info\\\/2009-2015\\\/roli-i-te-krishtereve-ne-pranveren-arabe\\\/#breadcrumb\"},\"inLanguage\":\"sq-AL\",\"potentialAction\":[{\"@type\":\"ReadAction\",\"target\":[\"https:\\\/\\\/fjala.info\\\/2009-2015\\\/roli-i-te-krishtereve-ne-pranveren-arabe\\\/\"]}]},{\"@type\":\"ImageObject\",\"inLanguage\":\"sq-AL\",\"@id\":\"https:\\\/\\\/fjala.info\\\/2009-2015\\\/roli-i-te-krishtereve-ne-pranveren-arabe\\\/#primaryimage\",\"url\":\"http:\\\/\\\/www.shkoder.net\\\/images\\\/fjala\\\/2011\\\/amb_iraken_vatikan.jpg\",\"contentUrl\":\"http:\\\/\\\/www.shkoder.net\\\/images\\\/fjala\\\/2011\\\/amb_iraken_vatikan.jpg\"},{\"@type\":\"BreadcrumbList\",\"@id\":\"https:\\\/\\\/fjala.info\\\/2009-2015\\\/roli-i-te-krishtereve-ne-pranveren-arabe\\\/#breadcrumb\",\"itemListElement\":[{\"@type\":\"ListItem\",\"position\":1,\"name\":\"Home\",\"item\":\"https:\\\/\\\/fjala.info\\\/2009-2015\\\/\"},{\"@type\":\"ListItem\",\"position\":2,\"name\":\"Roli i t\u00eb krishter\u00ebve n\u00eb \u201cpranver\u00ebn arabe\u201d\"}]},{\"@type\":\"WebSite\",\"@id\":\"https:\\\/\\\/fjala.info\\\/2009-2015\\\/#website\",\"url\":\"https:\\\/\\\/fjala.info\\\/2009-2015\\\/\",\"name\":\"FjALA e LIR\u00cb - Arkivi\",\"description\":\"Arkivi 2009-2015\",\"publisher\":{\"@id\":\"https:\\\/\\\/fjala.info\\\/2009-2015\\\/#organization\"},\"potentialAction\":[{\"@type\":\"SearchAction\",\"target\":{\"@type\":\"EntryPoint\",\"urlTemplate\":\"https:\\\/\\\/fjala.info\\\/2009-2015\\\/?s={search_term_string}\"},\"query-input\":{\"@type\":\"PropertyValueSpecification\",\"valueRequired\":true,\"valueName\":\"search_term_string\"}}],\"inLanguage\":\"sq-AL\"},{\"@type\":\"Organization\",\"@id\":\"https:\\\/\\\/fjala.info\\\/2009-2015\\\/#organization\",\"name\":\"FjALA e LIR\u00cb - Arkivi\",\"url\":\"https:\\\/\\\/fjala.info\\\/2009-2015\\\/\",\"logo\":{\"@type\":\"ImageObject\",\"inLanguage\":\"sq-AL\",\"@id\":\"https:\\\/\\\/fjala.info\\\/2009-2015\\\/#\\\/schema\\\/logo\\\/image\\\/\",\"url\":\"\",\"contentUrl\":\"\",\"caption\":\"FjALA e LIR\u00cb - Arkivi\"},\"image\":{\"@id\":\"https:\\\/\\\/fjala.info\\\/2009-2015\\\/#\\\/schema\\\/logo\\\/image\\\/\"}},{\"@type\":\"Person\",\"@id\":\"https:\\\/\\\/fjala.info\\\/2009-2015\\\/#\\\/schema\\\/person\\\/3aa1163ef05469c496fc94e77611ada2\",\"name\":\"admin\",\"image\":{\"@type\":\"ImageObject\",\"inLanguage\":\"sq-AL\",\"@id\":\"https:\\\/\\\/fjala.info\\\/2009-2015\\\/wp-content\\\/uploads\\\/2012\\\/02\\\/arben_cokaj-120x150.jpg\",\"url\":\"https:\\\/\\\/fjala.info\\\/2009-2015\\\/wp-content\\\/uploads\\\/2012\\\/02\\\/arben_cokaj-120x150.jpg\",\"contentUrl\":\"https:\\\/\\\/fjala.info\\\/2009-2015\\\/wp-content\\\/uploads\\\/2012\\\/02\\\/arben_cokaj-120x150.jpg\",\"caption\":\"admin\"},\"description\":\"Admin, Fjala e Lir\u00eb\",\"sameAs\":[\"https:\\\/\\\/fjala.info\\\/\"],\"url\":\"https:\\\/\\\/fjala.info\\\/2009-2015\\\/author\\\/admin\\\/\"}]}<\/script>\n<!-- \/ Yoast SEO plugin. -->","yoast_head_json":{"title":"Roli i t\u00eb krishter\u00ebve n\u00eb \u201cpranver\u00ebn arabe\u201d - FjALA e LIR\u00cb - Arkivi","robots":{"index":"index","follow":"follow","max-snippet":"max-snippet:-1","max-image-preview":"max-image-preview:large","max-video-preview":"max-video-preview:-1"},"canonical":"https:\/\/fjala.info\/2009-2015\/roli-i-te-krishtereve-ne-pranveren-arabe\/","og_locale":"sq_AL","og_type":"article","og_title":"Roli i t\u00eb krishter\u00ebve n\u00eb \u201cpranver\u00ebn arabe\u201d - FjALA e LIR\u00cb - Arkivi","og_description":"(\u00a0Intervist\u00eb me ambasadorin irakian pran\u00eb Selis\u00eb s\u00eb Shenjt\u00eb (Vatikan) z. Habeeb Mohammed Hadi Ali Al-Sadr ) Kriza ekonomike bot\u00ebrore dhe pasojat q\u00eb ka sjell\u00eb n\u00eb vende si Italia dhe Greqia, e ka larguar disi v\u00ebmendjen e opinionit publik nga \u201cpranvera arabe\u201d, pra nga kryengritjet e nj\u00ebpasnj\u00ebshme t\u00eb vendeve t\u00eb Afrik\u00ebs Veriore, q\u00eb p\u00ebrmbys\u00ebn pushtete e [&hellip;]","og_url":"https:\/\/fjala.info\/2009-2015\/roli-i-te-krishtereve-ne-pranveren-arabe\/","og_site_name":"FjALA e LIR\u00cb - Arkivi","article_published_time":"2011-11-11T08:31:27+00:00","og_image":[{"url":"http:\/\/www.shkoder.net\/images\/fjala\/2011\/amb_iraken_vatikan.jpg","type":"","width":"","height":""}],"author":"admin","twitter_card":"summary_large_image","twitter_misc":{"Written by":"admin","Est. reading time":"5 minutes"},"schema":{"@context":"https:\/\/schema.org","@graph":[{"@type":"Article","@id":"https:\/\/fjala.info\/2009-2015\/roli-i-te-krishtereve-ne-pranveren-arabe\/#article","isPartOf":{"@id":"https:\/\/fjala.info\/2009-2015\/roli-i-te-krishtereve-ne-pranveren-arabe\/"},"author":{"name":"admin","@id":"https:\/\/fjala.info\/2009-2015\/#\/schema\/person\/3aa1163ef05469c496fc94e77611ada2"},"headline":"Roli i t\u00eb krishter\u00ebve n\u00eb \u201cpranver\u00ebn arabe\u201d","datePublished":"2011-11-11T08:31:27+00:00","mainEntityOfPage":{"@id":"https:\/\/fjala.info\/2009-2015\/roli-i-te-krishtereve-ne-pranveren-arabe\/"},"wordCount":991,"commentCount":0,"publisher":{"@id":"https:\/\/fjala.info\/2009-2015\/#organization"},"image":{"@id":"https:\/\/fjala.info\/2009-2015\/roli-i-te-krishtereve-ne-pranveren-arabe\/#primaryimage"},"thumbnailUrl":"http:\/\/www.shkoder.net\/images\/fjala\/2011\/amb_iraken_vatikan.jpg","articleSection":["Artikuj"],"inLanguage":"sq-AL","potentialAction":[{"@type":"CommentAction","name":"Comment","target":["https:\/\/fjala.info\/2009-2015\/roli-i-te-krishtereve-ne-pranveren-arabe\/#respond"]}]},{"@type":"WebPage","@id":"https:\/\/fjala.info\/2009-2015\/roli-i-te-krishtereve-ne-pranveren-arabe\/","url":"https:\/\/fjala.info\/2009-2015\/roli-i-te-krishtereve-ne-pranveren-arabe\/","name":"Roli i t\u00eb krishter\u00ebve n\u00eb \u201cpranver\u00ebn arabe\u201d - FjALA e LIR\u00cb - Arkivi","isPartOf":{"@id":"https:\/\/fjala.info\/2009-2015\/#website"},"primaryImageOfPage":{"@id":"https:\/\/fjala.info\/2009-2015\/roli-i-te-krishtereve-ne-pranveren-arabe\/#primaryimage"},"image":{"@id":"https:\/\/fjala.info\/2009-2015\/roli-i-te-krishtereve-ne-pranveren-arabe\/#primaryimage"},"thumbnailUrl":"http:\/\/www.shkoder.net\/images\/fjala\/2011\/amb_iraken_vatikan.jpg","datePublished":"2011-11-11T08:31:27+00:00","breadcrumb":{"@id":"https:\/\/fjala.info\/2009-2015\/roli-i-te-krishtereve-ne-pranveren-arabe\/#breadcrumb"},"inLanguage":"sq-AL","potentialAction":[{"@type":"ReadAction","target":["https:\/\/fjala.info\/2009-2015\/roli-i-te-krishtereve-ne-pranveren-arabe\/"]}]},{"@type":"ImageObject","inLanguage":"sq-AL","@id":"https:\/\/fjala.info\/2009-2015\/roli-i-te-krishtereve-ne-pranveren-arabe\/#primaryimage","url":"http:\/\/www.shkoder.net\/images\/fjala\/2011\/amb_iraken_vatikan.jpg","contentUrl":"http:\/\/www.shkoder.net\/images\/fjala\/2011\/amb_iraken_vatikan.jpg"},{"@type":"BreadcrumbList","@id":"https:\/\/fjala.info\/2009-2015\/roli-i-te-krishtereve-ne-pranveren-arabe\/#breadcrumb","itemListElement":[{"@type":"ListItem","position":1,"name":"Home","item":"https:\/\/fjala.info\/2009-2015\/"},{"@type":"ListItem","position":2,"name":"Roli i t\u00eb krishter\u00ebve n\u00eb \u201cpranver\u00ebn arabe\u201d"}]},{"@type":"WebSite","@id":"https:\/\/fjala.info\/2009-2015\/#website","url":"https:\/\/fjala.info\/2009-2015\/","name":"FjALA e LIR\u00cb - Arkivi","description":"Arkivi 2009-2015","publisher":{"@id":"https:\/\/fjala.info\/2009-2015\/#organization"},"potentialAction":[{"@type":"SearchAction","target":{"@type":"EntryPoint","urlTemplate":"https:\/\/fjala.info\/2009-2015\/?s={search_term_string}"},"query-input":{"@type":"PropertyValueSpecification","valueRequired":true,"valueName":"search_term_string"}}],"inLanguage":"sq-AL"},{"@type":"Organization","@id":"https:\/\/fjala.info\/2009-2015\/#organization","name":"FjALA e LIR\u00cb - Arkivi","url":"https:\/\/fjala.info\/2009-2015\/","logo":{"@type":"ImageObject","inLanguage":"sq-AL","@id":"https:\/\/fjala.info\/2009-2015\/#\/schema\/logo\/image\/","url":"","contentUrl":"","caption":"FjALA e LIR\u00cb - Arkivi"},"image":{"@id":"https:\/\/fjala.info\/2009-2015\/#\/schema\/logo\/image\/"}},{"@type":"Person","@id":"https:\/\/fjala.info\/2009-2015\/#\/schema\/person\/3aa1163ef05469c496fc94e77611ada2","name":"admin","image":{"@type":"ImageObject","inLanguage":"sq-AL","@id":"https:\/\/fjala.info\/2009-2015\/wp-content\/uploads\/2012\/02\/arben_cokaj-120x150.jpg","url":"https:\/\/fjala.info\/2009-2015\/wp-content\/uploads\/2012\/02\/arben_cokaj-120x150.jpg","contentUrl":"https:\/\/fjala.info\/2009-2015\/wp-content\/uploads\/2012\/02\/arben_cokaj-120x150.jpg","caption":"admin"},"description":"Admin, Fjala e Lir\u00eb","sameAs":["https:\/\/fjala.info\/"],"url":"https:\/\/fjala.info\/2009-2015\/author\/admin\/"}]}},"_links":{"self":[{"href":"https:\/\/fjala.info\/2009-2015\/wp-json\/wp\/v2\/posts\/104","targetHints":{"allow":["GET"]}}],"collection":[{"href":"https:\/\/fjala.info\/2009-2015\/wp-json\/wp\/v2\/posts"}],"about":[{"href":"https:\/\/fjala.info\/2009-2015\/wp-json\/wp\/v2\/types\/post"}],"author":[{"embeddable":true,"href":"https:\/\/fjala.info\/2009-2015\/wp-json\/wp\/v2\/users\/1"}],"replies":[{"embeddable":true,"href":"https:\/\/fjala.info\/2009-2015\/wp-json\/wp\/v2\/comments?post=104"}],"version-history":[{"count":0,"href":"https:\/\/fjala.info\/2009-2015\/wp-json\/wp\/v2\/posts\/104\/revisions"}],"wp:attachment":[{"href":"https:\/\/fjala.info\/2009-2015\/wp-json\/wp\/v2\/media?parent=104"}],"wp:term":[{"taxonomy":"category","embeddable":true,"href":"https:\/\/fjala.info\/2009-2015\/wp-json\/wp\/v2\/categories?post=104"},{"taxonomy":"post_tag","embeddable":true,"href":"https:\/\/fjala.info\/2009-2015\/wp-json\/wp\/v2\/tags?post=104"}],"curies":[{"name":"wp","href":"https:\/\/api.w.org\/{rel}","templated":true}]}}