{"id":1036,"date":"2012-01-08T21:36:59","date_gmt":"2012-01-08T20:36:59","guid":{"rendered":"http:\/\/fjala.shkoder.net\/?p=1036"},"modified":"2012-01-08T21:36:59","modified_gmt":"2012-01-08T20:36:59","slug":"jahjaga-topi-thaci-e-berisha-te-vijne-ne-lugine-te-presheves","status":"publish","type":"post","link":"https:\/\/fjala.info\/2009-2015\/jahjaga-topi-thaci-e-berisha-te-vijne-ne-lugine-te-presheves\/","title":{"rendered":"Jahjaga, Topi, Tha\u00e7i e Berisha t\u00eb vijn\u00eb n\u00eb Lugin\u00eb t\u00eb Preshev\u00ebs"},"content":{"rendered":"<p><img decoding=\"async\" class=\"alignright size-thumbnail wp-image-7236\" title=\"Refik Hasani\" src=\"http:\/\/www.shkoder.net\/2012\/refik_hasani.jpg\" alt=\"\" width=\"150\" \/> <strong>Refik Hasani<\/strong><\/p>\n<p><em><strong>Me shkas\u00eb, me rastin e vizit\u00ebs s\u00eb presidentit t\u00eb Serbis\u00eb, Boris Tadi\u00e7 n\u00eb Manastriin e Deqanit p\u00ebr k\u00ebrsh\u00ebndellat serbe<\/strong><\/em><\/p>\n<p>Meq\u00eb presidenti i Serbis\u00eb, Boris Tadi\u00e7 hyn e del n\u00eb Kosov\u00eb p\u00ebr nj\u00eb grusht bashk\u00ebvendas, at\u00ebher\u00eb edhe Presidenti Bamir Topi e presidentja Atifete Jahjaga s\u00eb bashku me Kryeministrat Sali Berish\u00ebn e Hashim Tha\u00e7i duhet t&#8217;i vizitojn\u00eb Moll\u00ebn e kuqe, Masuric\u00ebn, Medvegj\u00ebn, Bujanocin dhe Preshev\u00ebn. Edhe nj\u00eb shkas m\u00eb shum\u00eb q\u00eb t\u00eb vizitohen sivjet m\u00eb 1 e 2 mars, ku \u00ebsht\u00eb 20-vjetori i mbajtjes s\u00eb referendumit t\u00eb k\u00ebsaj krahine dhe 11-vjetori i mbajtjes\u00eb s\u00eb marr\u00ebveshjes s\u00eb Kon\u00e7ulit.<\/p>\n<p>Sali Berisha presidenti dhe Presidentja Atifete Jahjaga s\u00eb bashku me dy kryeministrat ton\u00eb, t\u00eb k\u00ebrkojn\u00eb4 sivjet nga Beogradi me rastin e nj\u00ebqind\u00ebvjetorit t\u00eb ngritjes s\u00eb flamurit dhe shpallajes s\u00eb pavar\u00ebsis\u00eb s\u00eb shqip\u00ebris\u00eb q\u00eb t\u00eb ngriten dy p\u00ebrmendore t\u00eb larta, t\u00eb nj\u00eb forme t\u00eb pllak\u00ebs p\u00ebrkujtimore nj\u00eb af\u00ebr Nishit dhe nj\u00eb n\u00eb Vranj\u00eb kushtuar t\u00eb gjith\u00eb t\u00eb r\u00ebn\u00ebve, t\u00eb d\u00ebbuarve t\u00eb dhun\u00ebs si t\u00eb shp\u00ebrngulur shqiptar\u00eb t\u00eb detyruar nga k\u00ebto pjes\u00eb.<\/p>\n<p>Pllaka e mermerit apo granitit t\u00eb lejohet t\u00eb ngritet n\u00eb vende publike \/shtet\u00ebrore q\u00eb k\u00ebto vende t\u00eb jen t\u00eb mbrojtura edhe nga institucione nd\u00ebrkomb\u00ebtare t\u00eb monumenteve kulturoro-historike q\u00eb mbrohen dhe jan n\u00ebn\u00eb p\u00ebrkujdesje t\u00eb tyre. K\u00ebt\u00eb duhet t\u00eb k\u00ebrkohen me shkrim nga Tirana dhe Prishtina Zyrtare. Pra, jan\u00eb tri arsye t\u00eb madha q\u00eb t\u00eb b\u00ebhen k\u00ebto vizita.<\/p>\n<p>* * *<\/p>\n<p>Serbia duhet t\u00eb kusht\u00ebzohet q\u00eb s\u00eb pari t\u00eb b\u00ebj marr\u00ebvshj\u00eb paq\u00ebsore me ne shqiptar\u00ebt e pastaj t\u00eb marr\u00eb ftes\u00ebn p\u00ebr n\u00eb Europ\u00eb.<\/p>\n<p>&#8211; Por pasi Beogradi ta njoh Kosov\u00ebn shtet\u00eb dhe Republika e Kosov\u00ebs t\u00eb pranohen n\u00eb OKB, mendojm\u00eb q\u00eb bisedimet t\u00eb vazhdojn\u00eb p\u00ebr arritjen e nj\u00eb marr\u00ebvshje historike n\u00eb mes\u00eb t\u00eb dy popujve m\u00eb t\u00eb mdhenj\u00eb. Kjo mund\u00eb t\u00eb b\u00ebhet jo me forma t\u00eb luft\u00ebs, presioneve e formave tjera t\u00eb shekujve t\u00eb kaluar por n\u00eb ujdi dhe dakordim t\u00eb p\u00ebrbashk\u00ebt. Por s\u00eb pari Beogradi, duhet k\u00ebrkuar falje publike dhe me nga nj\u00eb deklarat\u00eb me shkrim p\u00ebr shkak q\u00eb n\u00eb disa qarqe serbe \u00ebsht\u00eb mbjellur nj\u00eb urrejtje e thell\u00eb kund\u00eb neve shqiptar\u00ebve:<\/p>\n<p>&#8211; Nga qeveria e Serbis\u00eb,<br \/>\n&#8211; Nga parlamenti i Serbis\u00eb,<br \/>\n&#8211; Nga shoqata e shkrimtar\u00ebve, lobi serb\u00eb dhe organizmave tjer\u00eb si katedra dhe institute q\u00eb nxit\u00ebn dhe thurr\u00ebn t\u00eb pav\u00ebrteta kund\u00ebr neve shqiptar\u00ebve,<br \/>\n&#8211; Nga Akademia e shkenc\u00ebs dhe arteve dhe<br \/>\n&#8211; Nga kisha ortodokse serbe.<\/p>\n<p><em>08.01.2011<\/em><\/p>\n","protected":false},"excerpt":{"rendered":"<p>Refik Hasani Me shkas\u00eb, me rastin e vizit\u00ebs s\u00eb presidentit t\u00eb Serbis\u00eb, Boris Tadi\u00e7 n\u00eb Manastriin e Deqanit p\u00ebr k\u00ebrsh\u00ebndellat serbe Meq\u00eb presidenti i Serbis\u00eb, Boris Tadi\u00e7 hyn e del n\u00eb Kosov\u00eb p\u00ebr nj\u00eb grusht bashk\u00ebvendas, at\u00ebher\u00eb edhe Presidenti Bamir Topi e presidentja Atifete Jahjaga s\u00eb bashku me Kryeministrat Sali Berish\u00ebn e Hashim Tha\u00e7i duhet [&hellip;]<\/p>\n","protected":false},"author":1,"featured_media":0,"comment_status":"open","ping_status":"closed","sticky":false,"template":"","format":"standard","meta":{"footnotes":""},"categories":[2],"tags":[],"class_list":{"0":"post-1036","1":"post","2":"type-post","3":"status-publish","4":"format-standard","6":"category-artikuj"},"yoast_head":"<!-- This site is optimized with the Yoast SEO plugin v27.4 - https:\/\/yoast.com\/product\/yoast-seo-wordpress\/ -->\n<title>Jahjaga, Topi, Tha\u00e7i e Berisha t\u00eb vijn\u00eb n\u00eb Lugin\u00eb t\u00eb Preshev\u00ebs - FjALA e LIR\u00cb - Arkivi<\/title>\n<meta name=\"robots\" content=\"index, follow, max-snippet:-1, max-image-preview:large, max-video-preview:-1\" \/>\n<link rel=\"canonical\" href=\"https:\/\/fjala.info\/2009-2015\/jahjaga-topi-thaci-e-berisha-te-vijne-ne-lugine-te-presheves\/\" \/>\n<meta property=\"og:locale\" content=\"sq_AL\" \/>\n<meta property=\"og:type\" content=\"article\" \/>\n<meta property=\"og:title\" content=\"Jahjaga, Topi, Tha\u00e7i e Berisha t\u00eb vijn\u00eb n\u00eb Lugin\u00eb t\u00eb Preshev\u00ebs - FjALA e LIR\u00cb - Arkivi\" \/>\n<meta property=\"og:description\" content=\"Refik Hasani Me shkas\u00eb, me rastin e vizit\u00ebs s\u00eb presidentit t\u00eb Serbis\u00eb, Boris Tadi\u00e7 n\u00eb Manastriin e Deqanit p\u00ebr k\u00ebrsh\u00ebndellat serbe Meq\u00eb presidenti i Serbis\u00eb, Boris Tadi\u00e7 hyn e del n\u00eb Kosov\u00eb p\u00ebr nj\u00eb grusht bashk\u00ebvendas, at\u00ebher\u00eb edhe Presidenti Bamir Topi e presidentja Atifete Jahjaga s\u00eb bashku me Kryeministrat Sali Berish\u00ebn e Hashim Tha\u00e7i duhet [&hellip;]\" \/>\n<meta property=\"og:url\" content=\"https:\/\/fjala.info\/2009-2015\/jahjaga-topi-thaci-e-berisha-te-vijne-ne-lugine-te-presheves\/\" \/>\n<meta property=\"og:site_name\" content=\"FjALA e LIR\u00cb - Arkivi\" \/>\n<meta property=\"article:published_time\" content=\"2012-01-08T20:36:59+00:00\" \/>\n<meta property=\"og:image\" content=\"http:\/\/www.shkoder.net\/2012\/refik_hasani.jpg\" \/>\n<meta name=\"author\" content=\"admin\" \/>\n<meta name=\"twitter:card\" content=\"summary_large_image\" \/>\n<meta name=\"twitter:label1\" content=\"Written by\" \/>\n\t<meta name=\"twitter:data1\" content=\"admin\" \/>\n\t<meta name=\"twitter:label2\" content=\"Est. reading time\" \/>\n\t<meta name=\"twitter:data2\" content=\"2 minutes\" \/>\n<script type=\"application\/ld+json\" class=\"yoast-schema-graph\">{\"@context\":\"https:\\\/\\\/schema.org\",\"@graph\":[{\"@type\":\"Article\",\"@id\":\"https:\\\/\\\/fjala.info\\\/2009-2015\\\/jahjaga-topi-thaci-e-berisha-te-vijne-ne-lugine-te-presheves\\\/#article\",\"isPartOf\":{\"@id\":\"https:\\\/\\\/fjala.info\\\/2009-2015\\\/jahjaga-topi-thaci-e-berisha-te-vijne-ne-lugine-te-presheves\\\/\"},\"author\":{\"name\":\"admin\",\"@id\":\"https:\\\/\\\/fjala.info\\\/2009-2015\\\/#\\\/schema\\\/person\\\/3aa1163ef05469c496fc94e77611ada2\"},\"headline\":\"Jahjaga, Topi, Tha\u00e7i e Berisha t\u00eb vijn\u00eb n\u00eb Lugin\u00eb t\u00eb Preshev\u00ebs\",\"datePublished\":\"2012-01-08T20:36:59+00:00\",\"mainEntityOfPage\":{\"@id\":\"https:\\\/\\\/fjala.info\\\/2009-2015\\\/jahjaga-topi-thaci-e-berisha-te-vijne-ne-lugine-te-presheves\\\/\"},\"wordCount\":460,\"commentCount\":0,\"publisher\":{\"@id\":\"https:\\\/\\\/fjala.info\\\/2009-2015\\\/#organization\"},\"image\":{\"@id\":\"https:\\\/\\\/fjala.info\\\/2009-2015\\\/jahjaga-topi-thaci-e-berisha-te-vijne-ne-lugine-te-presheves\\\/#primaryimage\"},\"thumbnailUrl\":\"http:\\\/\\\/www.shkoder.net\\\/2012\\\/refik_hasani.jpg\",\"articleSection\":[\"Artikuj\"],\"inLanguage\":\"sq-AL\",\"potentialAction\":[{\"@type\":\"CommentAction\",\"name\":\"Comment\",\"target\":[\"https:\\\/\\\/fjala.info\\\/2009-2015\\\/jahjaga-topi-thaci-e-berisha-te-vijne-ne-lugine-te-presheves\\\/#respond\"]}]},{\"@type\":\"WebPage\",\"@id\":\"https:\\\/\\\/fjala.info\\\/2009-2015\\\/jahjaga-topi-thaci-e-berisha-te-vijne-ne-lugine-te-presheves\\\/\",\"url\":\"https:\\\/\\\/fjala.info\\\/2009-2015\\\/jahjaga-topi-thaci-e-berisha-te-vijne-ne-lugine-te-presheves\\\/\",\"name\":\"Jahjaga, Topi, Tha\u00e7i e Berisha t\u00eb vijn\u00eb n\u00eb Lugin\u00eb t\u00eb Preshev\u00ebs - FjALA e LIR\u00cb - Arkivi\",\"isPartOf\":{\"@id\":\"https:\\\/\\\/fjala.info\\\/2009-2015\\\/#website\"},\"primaryImageOfPage\":{\"@id\":\"https:\\\/\\\/fjala.info\\\/2009-2015\\\/jahjaga-topi-thaci-e-berisha-te-vijne-ne-lugine-te-presheves\\\/#primaryimage\"},\"image\":{\"@id\":\"https:\\\/\\\/fjala.info\\\/2009-2015\\\/jahjaga-topi-thaci-e-berisha-te-vijne-ne-lugine-te-presheves\\\/#primaryimage\"},\"thumbnailUrl\":\"http:\\\/\\\/www.shkoder.net\\\/2012\\\/refik_hasani.jpg\",\"datePublished\":\"2012-01-08T20:36:59+00:00\",\"breadcrumb\":{\"@id\":\"https:\\\/\\\/fjala.info\\\/2009-2015\\\/jahjaga-topi-thaci-e-berisha-te-vijne-ne-lugine-te-presheves\\\/#breadcrumb\"},\"inLanguage\":\"sq-AL\",\"potentialAction\":[{\"@type\":\"ReadAction\",\"target\":[\"https:\\\/\\\/fjala.info\\\/2009-2015\\\/jahjaga-topi-thaci-e-berisha-te-vijne-ne-lugine-te-presheves\\\/\"]}]},{\"@type\":\"ImageObject\",\"inLanguage\":\"sq-AL\",\"@id\":\"https:\\\/\\\/fjala.info\\\/2009-2015\\\/jahjaga-topi-thaci-e-berisha-te-vijne-ne-lugine-te-presheves\\\/#primaryimage\",\"url\":\"http:\\\/\\\/www.shkoder.net\\\/2012\\\/refik_hasani.jpg\",\"contentUrl\":\"http:\\\/\\\/www.shkoder.net\\\/2012\\\/refik_hasani.jpg\"},{\"@type\":\"BreadcrumbList\",\"@id\":\"https:\\\/\\\/fjala.info\\\/2009-2015\\\/jahjaga-topi-thaci-e-berisha-te-vijne-ne-lugine-te-presheves\\\/#breadcrumb\",\"itemListElement\":[{\"@type\":\"ListItem\",\"position\":1,\"name\":\"Home\",\"item\":\"https:\\\/\\\/fjala.info\\\/2009-2015\\\/\"},{\"@type\":\"ListItem\",\"position\":2,\"name\":\"Jahjaga, Topi, Tha\u00e7i e Berisha t\u00eb vijn\u00eb n\u00eb Lugin\u00eb t\u00eb Preshev\u00ebs\"}]},{\"@type\":\"WebSite\",\"@id\":\"https:\\\/\\\/fjala.info\\\/2009-2015\\\/#website\",\"url\":\"https:\\\/\\\/fjala.info\\\/2009-2015\\\/\",\"name\":\"FjALA e LIR\u00cb - Arkivi\",\"description\":\"Arkivi 2009-2015\",\"publisher\":{\"@id\":\"https:\\\/\\\/fjala.info\\\/2009-2015\\\/#organization\"},\"potentialAction\":[{\"@type\":\"SearchAction\",\"target\":{\"@type\":\"EntryPoint\",\"urlTemplate\":\"https:\\\/\\\/fjala.info\\\/2009-2015\\\/?s={search_term_string}\"},\"query-input\":{\"@type\":\"PropertyValueSpecification\",\"valueRequired\":true,\"valueName\":\"search_term_string\"}}],\"inLanguage\":\"sq-AL\"},{\"@type\":\"Organization\",\"@id\":\"https:\\\/\\\/fjala.info\\\/2009-2015\\\/#organization\",\"name\":\"FjALA e LIR\u00cb - Arkivi\",\"url\":\"https:\\\/\\\/fjala.info\\\/2009-2015\\\/\",\"logo\":{\"@type\":\"ImageObject\",\"inLanguage\":\"sq-AL\",\"@id\":\"https:\\\/\\\/fjala.info\\\/2009-2015\\\/#\\\/schema\\\/logo\\\/image\\\/\",\"url\":\"\",\"contentUrl\":\"\",\"caption\":\"FjALA e LIR\u00cb - Arkivi\"},\"image\":{\"@id\":\"https:\\\/\\\/fjala.info\\\/2009-2015\\\/#\\\/schema\\\/logo\\\/image\\\/\"}},{\"@type\":\"Person\",\"@id\":\"https:\\\/\\\/fjala.info\\\/2009-2015\\\/#\\\/schema\\\/person\\\/3aa1163ef05469c496fc94e77611ada2\",\"name\":\"admin\",\"image\":{\"@type\":\"ImageObject\",\"inLanguage\":\"sq-AL\",\"@id\":\"https:\\\/\\\/fjala.info\\\/2009-2015\\\/wp-content\\\/uploads\\\/2012\\\/02\\\/arben_cokaj-120x150.jpg\",\"url\":\"https:\\\/\\\/fjala.info\\\/2009-2015\\\/wp-content\\\/uploads\\\/2012\\\/02\\\/arben_cokaj-120x150.jpg\",\"contentUrl\":\"https:\\\/\\\/fjala.info\\\/2009-2015\\\/wp-content\\\/uploads\\\/2012\\\/02\\\/arben_cokaj-120x150.jpg\",\"caption\":\"admin\"},\"description\":\"Admin, Fjala e Lir\u00eb\",\"sameAs\":[\"https:\\\/\\\/fjala.info\\\/\"],\"url\":\"https:\\\/\\\/fjala.info\\\/2009-2015\\\/author\\\/admin\\\/\"}]}<\/script>\n<!-- \/ Yoast SEO plugin. -->","yoast_head_json":{"title":"Jahjaga, Topi, Tha\u00e7i e Berisha t\u00eb vijn\u00eb n\u00eb Lugin\u00eb t\u00eb Preshev\u00ebs - FjALA e LIR\u00cb - Arkivi","robots":{"index":"index","follow":"follow","max-snippet":"max-snippet:-1","max-image-preview":"max-image-preview:large","max-video-preview":"max-video-preview:-1"},"canonical":"https:\/\/fjala.info\/2009-2015\/jahjaga-topi-thaci-e-berisha-te-vijne-ne-lugine-te-presheves\/","og_locale":"sq_AL","og_type":"article","og_title":"Jahjaga, Topi, Tha\u00e7i e Berisha t\u00eb vijn\u00eb n\u00eb Lugin\u00eb t\u00eb Preshev\u00ebs - FjALA e LIR\u00cb - Arkivi","og_description":"Refik Hasani Me shkas\u00eb, me rastin e vizit\u00ebs s\u00eb presidentit t\u00eb Serbis\u00eb, Boris Tadi\u00e7 n\u00eb Manastriin e Deqanit p\u00ebr k\u00ebrsh\u00ebndellat serbe Meq\u00eb presidenti i Serbis\u00eb, Boris Tadi\u00e7 hyn e del n\u00eb Kosov\u00eb p\u00ebr nj\u00eb grusht bashk\u00ebvendas, at\u00ebher\u00eb edhe Presidenti Bamir Topi e presidentja Atifete Jahjaga s\u00eb bashku me Kryeministrat Sali Berish\u00ebn e Hashim Tha\u00e7i duhet [&hellip;]","og_url":"https:\/\/fjala.info\/2009-2015\/jahjaga-topi-thaci-e-berisha-te-vijne-ne-lugine-te-presheves\/","og_site_name":"FjALA e LIR\u00cb - Arkivi","article_published_time":"2012-01-08T20:36:59+00:00","og_image":[{"url":"http:\/\/www.shkoder.net\/2012\/refik_hasani.jpg","type":"","width":"","height":""}],"author":"admin","twitter_card":"summary_large_image","twitter_misc":{"Written by":"admin","Est. reading time":"2 minutes"},"schema":{"@context":"https:\/\/schema.org","@graph":[{"@type":"Article","@id":"https:\/\/fjala.info\/2009-2015\/jahjaga-topi-thaci-e-berisha-te-vijne-ne-lugine-te-presheves\/#article","isPartOf":{"@id":"https:\/\/fjala.info\/2009-2015\/jahjaga-topi-thaci-e-berisha-te-vijne-ne-lugine-te-presheves\/"},"author":{"name":"admin","@id":"https:\/\/fjala.info\/2009-2015\/#\/schema\/person\/3aa1163ef05469c496fc94e77611ada2"},"headline":"Jahjaga, Topi, Tha\u00e7i e Berisha t\u00eb vijn\u00eb n\u00eb Lugin\u00eb t\u00eb Preshev\u00ebs","datePublished":"2012-01-08T20:36:59+00:00","mainEntityOfPage":{"@id":"https:\/\/fjala.info\/2009-2015\/jahjaga-topi-thaci-e-berisha-te-vijne-ne-lugine-te-presheves\/"},"wordCount":460,"commentCount":0,"publisher":{"@id":"https:\/\/fjala.info\/2009-2015\/#organization"},"image":{"@id":"https:\/\/fjala.info\/2009-2015\/jahjaga-topi-thaci-e-berisha-te-vijne-ne-lugine-te-presheves\/#primaryimage"},"thumbnailUrl":"http:\/\/www.shkoder.net\/2012\/refik_hasani.jpg","articleSection":["Artikuj"],"inLanguage":"sq-AL","potentialAction":[{"@type":"CommentAction","name":"Comment","target":["https:\/\/fjala.info\/2009-2015\/jahjaga-topi-thaci-e-berisha-te-vijne-ne-lugine-te-presheves\/#respond"]}]},{"@type":"WebPage","@id":"https:\/\/fjala.info\/2009-2015\/jahjaga-topi-thaci-e-berisha-te-vijne-ne-lugine-te-presheves\/","url":"https:\/\/fjala.info\/2009-2015\/jahjaga-topi-thaci-e-berisha-te-vijne-ne-lugine-te-presheves\/","name":"Jahjaga, Topi, Tha\u00e7i e Berisha t\u00eb vijn\u00eb n\u00eb Lugin\u00eb t\u00eb Preshev\u00ebs - FjALA e LIR\u00cb - Arkivi","isPartOf":{"@id":"https:\/\/fjala.info\/2009-2015\/#website"},"primaryImageOfPage":{"@id":"https:\/\/fjala.info\/2009-2015\/jahjaga-topi-thaci-e-berisha-te-vijne-ne-lugine-te-presheves\/#primaryimage"},"image":{"@id":"https:\/\/fjala.info\/2009-2015\/jahjaga-topi-thaci-e-berisha-te-vijne-ne-lugine-te-presheves\/#primaryimage"},"thumbnailUrl":"http:\/\/www.shkoder.net\/2012\/refik_hasani.jpg","datePublished":"2012-01-08T20:36:59+00:00","breadcrumb":{"@id":"https:\/\/fjala.info\/2009-2015\/jahjaga-topi-thaci-e-berisha-te-vijne-ne-lugine-te-presheves\/#breadcrumb"},"inLanguage":"sq-AL","potentialAction":[{"@type":"ReadAction","target":["https:\/\/fjala.info\/2009-2015\/jahjaga-topi-thaci-e-berisha-te-vijne-ne-lugine-te-presheves\/"]}]},{"@type":"ImageObject","inLanguage":"sq-AL","@id":"https:\/\/fjala.info\/2009-2015\/jahjaga-topi-thaci-e-berisha-te-vijne-ne-lugine-te-presheves\/#primaryimage","url":"http:\/\/www.shkoder.net\/2012\/refik_hasani.jpg","contentUrl":"http:\/\/www.shkoder.net\/2012\/refik_hasani.jpg"},{"@type":"BreadcrumbList","@id":"https:\/\/fjala.info\/2009-2015\/jahjaga-topi-thaci-e-berisha-te-vijne-ne-lugine-te-presheves\/#breadcrumb","itemListElement":[{"@type":"ListItem","position":1,"name":"Home","item":"https:\/\/fjala.info\/2009-2015\/"},{"@type":"ListItem","position":2,"name":"Jahjaga, Topi, Tha\u00e7i e Berisha t\u00eb vijn\u00eb n\u00eb Lugin\u00eb t\u00eb Preshev\u00ebs"}]},{"@type":"WebSite","@id":"https:\/\/fjala.info\/2009-2015\/#website","url":"https:\/\/fjala.info\/2009-2015\/","name":"FjALA e LIR\u00cb - Arkivi","description":"Arkivi 2009-2015","publisher":{"@id":"https:\/\/fjala.info\/2009-2015\/#organization"},"potentialAction":[{"@type":"SearchAction","target":{"@type":"EntryPoint","urlTemplate":"https:\/\/fjala.info\/2009-2015\/?s={search_term_string}"},"query-input":{"@type":"PropertyValueSpecification","valueRequired":true,"valueName":"search_term_string"}}],"inLanguage":"sq-AL"},{"@type":"Organization","@id":"https:\/\/fjala.info\/2009-2015\/#organization","name":"FjALA e LIR\u00cb - Arkivi","url":"https:\/\/fjala.info\/2009-2015\/","logo":{"@type":"ImageObject","inLanguage":"sq-AL","@id":"https:\/\/fjala.info\/2009-2015\/#\/schema\/logo\/image\/","url":"","contentUrl":"","caption":"FjALA e LIR\u00cb - Arkivi"},"image":{"@id":"https:\/\/fjala.info\/2009-2015\/#\/schema\/logo\/image\/"}},{"@type":"Person","@id":"https:\/\/fjala.info\/2009-2015\/#\/schema\/person\/3aa1163ef05469c496fc94e77611ada2","name":"admin","image":{"@type":"ImageObject","inLanguage":"sq-AL","@id":"https:\/\/fjala.info\/2009-2015\/wp-content\/uploads\/2012\/02\/arben_cokaj-120x150.jpg","url":"https:\/\/fjala.info\/2009-2015\/wp-content\/uploads\/2012\/02\/arben_cokaj-120x150.jpg","contentUrl":"https:\/\/fjala.info\/2009-2015\/wp-content\/uploads\/2012\/02\/arben_cokaj-120x150.jpg","caption":"admin"},"description":"Admin, Fjala e Lir\u00eb","sameAs":["https:\/\/fjala.info\/"],"url":"https:\/\/fjala.info\/2009-2015\/author\/admin\/"}]}},"_links":{"self":[{"href":"https:\/\/fjala.info\/2009-2015\/wp-json\/wp\/v2\/posts\/1036","targetHints":{"allow":["GET"]}}],"collection":[{"href":"https:\/\/fjala.info\/2009-2015\/wp-json\/wp\/v2\/posts"}],"about":[{"href":"https:\/\/fjala.info\/2009-2015\/wp-json\/wp\/v2\/types\/post"}],"author":[{"embeddable":true,"href":"https:\/\/fjala.info\/2009-2015\/wp-json\/wp\/v2\/users\/1"}],"replies":[{"embeddable":true,"href":"https:\/\/fjala.info\/2009-2015\/wp-json\/wp\/v2\/comments?post=1036"}],"version-history":[{"count":0,"href":"https:\/\/fjala.info\/2009-2015\/wp-json\/wp\/v2\/posts\/1036\/revisions"}],"wp:attachment":[{"href":"https:\/\/fjala.info\/2009-2015\/wp-json\/wp\/v2\/media?parent=1036"}],"wp:term":[{"taxonomy":"category","embeddable":true,"href":"https:\/\/fjala.info\/2009-2015\/wp-json\/wp\/v2\/categories?post=1036"},{"taxonomy":"post_tag","embeddable":true,"href":"https:\/\/fjala.info\/2009-2015\/wp-json\/wp\/v2\/tags?post=1036"}],"curies":[{"name":"wp","href":"https:\/\/api.w.org\/{rel}","templated":true}]}}