{"id":1033,"date":"2012-01-08T21:09:28","date_gmt":"2012-01-08T20:09:28","guid":{"rendered":"http:\/\/fjala.shkoder.net\/?p=1033"},"modified":"2012-01-08T21:09:28","modified_gmt":"2012-01-08T20:09:28","slug":"keshtjella-shqiptare-e-endrrave-mergimtare","status":"publish","type":"post","link":"https:\/\/fjala.info\/2009-2015\/keshtjella-shqiptare-e-endrrave-mergimtare\/","title":{"rendered":"K\u00ebshtjella shqiptare e \u00ebndrrave m\u00ebrgimtare"},"content":{"rendered":"<p><strong><em>\u201cK\u00ebshtjella e \u00ebndrrave\u201d (Bukuresht, 2012, \u00ebsht\u00eb p\u00ebrpjekja e par\u00eb e poetit Eduard M. Dilo p\u00ebr realizimin e nj\u00eb vepre t\u00eb k\u00ebtill\u00eb, antologjia e par\u00eb shqipe q\u00eb del gjat\u00eb dit\u00ebve t\u00eb para t\u00eb k\u00ebtij viti t\u00eb mbar\u00eb, ku defilon fjala shqipe e ngarkuar me mall, nostalgji, sentimente, \u00ebndrra, aspirata, dashuri dhe atdhedashuri.<\/em><\/strong><br \/>\n<img decoding=\"async\" class=\"alignright size-thumbnail wp-image-7236\" title=\"Baki Ymeri\" src=\"http:\/\/www.shkoder.net\/images\/fjala\/baki_ymeri.jpg\" alt=\"\" width=\"150\" \/><br \/>\nNga <strong>Baki Ymeri<\/strong><\/p>\n<p>Me mij\u00ebra kilometra tejmatan\u00eb brigjeve t\u00eb atdheut, q\u00eb nga Amerika, Australia e deri n\u00eb Skandinavi, njer\u00ebzit e joshur pas bukuris\u00eb, pavar\u00ebsisht nga mosha, edukata apo preokupimet e p\u00ebrditshme, shoq\u00ebrohen sa her\u00eb q\u00eb t\u2019u vie rasti, p\u00ebr mb\u00ebshtetjen e pakusht\u00ebzuar t\u00eb promovimit dhe perpetuimit t\u00eb gjuh\u00ebs amtare dhe vlerave t\u00eb saj. Shoqatat, pavar\u00ebsisht nga mosha apo origjina gjeografike e pjestar\u00ebve t\u00eb tyre, po qe se jan\u00eb t\u00eb drejtuara me ndershm\u00ebri dhe koshienc\u00eb, shnd\u00ebrrohen n\u00eb vatra t\u00eb v\u00ebrteta p\u00ebr afirmimin dhe p\u00ebrkrahjen e komunitetit shqiptar. K\u00ebshtu ngjet edhe me antologjit\u00eb e vlerave lirike t\u00eb bashkatdhetar\u00ebve tan\u00eb t\u00eb lindur p\u00ebr fisnik\u00ebrimin e bot\u00ebs me bukuri. Ku q\u00ebndron r\u00ebnd\u00ebsia e antologjive?<\/p>\n<p><img decoding=\"async\" class=\"alignright size-thumbnail wp-image-7236\" title=\"Eduard Dilo - K\u00ebshtjella e \u00ebndrrave\" src=\"http:\/\/www.shkoder.net\/2012\/ed_keshtjella_endrrave.jpg\" alt=\"\" width=\"300\" \/>Nj\u00eb antologji p\u00ebrfaq\u00ebson atdheun n\u00eb miniatur\u00eb, nj\u00eb totalitet artistik sentimentesh, mendimesh, aspiratash, p\u00ebrfytyrimesh, dhe jo vet\u00ebm kaq. Kemi n\u00eb atdhe e diaspor\u00eb poet\u00eb t\u00eb shk\u00eblqyer, por disa nuk kan\u00eb mund\u00ebsit\u00eb e nevojshme p\u00ebr t\u2019u mediatizuar, apo p\u00ebr t\u00eb nxjerr\u00eb nj\u00eb lib\u00ebr. At\u00ebher\u00eb e zgjedhin rrug\u00ebn e thjesht\u00eb t\u00eb participimit n\u00eb ndonj\u00eb antologji, p\u00ebr botimin e s\u00eb cil\u00ebs paguajn\u00eb m\u00eb pak, por jan\u00eb t\u00eb receptuar nga m\u00eb shum\u00eb lexues. Avantazhet e antologjive, me nj\u00eb fjal\u00eb, jan\u00eb t\u00eb shum\u00ebfishta. Botuesi mund t\u00eb b\u00ebj\u00eb lansime publike, mund t\u2019i prezantoj\u00eb n\u00eb massmedia, panaire librash etj.<\/p>\n<p>Q\u00ebllimi \u00ebsht\u00eb te vlera e vargjeve. N\u00ebse botohesh n\u00eb nj\u00eb antologji t\u00eb mir\u00eb, po qe se ke vlera, mund t\u00eb b\u00ebhesh shkrimtar i madh brenda nj\u00eb nate, dhe anasjelltas, po qe se s\u2019ke, mund t\u00eb mbetesh i panjohur, edhe po qe se del n\u00eb dhjetra antologji t\u00eb par\u00ebnd\u00ebsishme. Antologjit\u00eb, p\u00ebrndryshe, k\u00ebrkojn\u00eb disa tipare dalluese gjat\u00eb hartimit t\u00eb tyre, rradhitja e autor\u00ebve sipas alfabetit, mosh\u00ebs, vlerave apo tematik\u00ebs. Ne i kemi p\u00ebrzjer\u00eb, duke i dh\u00ebn\u00eb prioritet edhe nj\u00ebr\u00ebs, edhe tjetr\u00ebs, nja dy poet\u00eb duke i prezantuar me nga disa poezi edhe n\u00eb gjuh\u00eb t\u00eb huaja, duke shpresuar se deridiku ia kemi arritur q\u00ebllimit dhe justifikimit t\u00eb botimit t\u00eb saj.<\/p>\n<p>Pas antologjive t\u00eb p\u00ebrbashk\u00ebta me poet\u00eb rumun\u00eb, shqiptar\u00eb e t\u00eb huaj (Bukuria e bukurive, Shpirti i fjal\u00ebs, Vullkani i durimit, Fontana e fjal\u00ebve, Altri Mondi, Fluturimi i fjal\u00ebve, Tensione sentimentale, Nuset e fjal\u00ebs, Ekzili i \u00ebndrrave, Magjia e fjal\u00ebve, \u00c7el\u00ebsi i shpirtit, Tempulli i fjal\u00ebs, Kujtimet e shpirtit, Pagjum\u00ebsia e fjal\u00ebve), duke i fal\u00ebnderuar ides\u00eb s\u00eb poetit Eduard M. Dilo p\u00ebr kontinuitetin e tyre, kemi nderin t\u00eb dalim para opinionit edhe me \u201cK\u00ebshtjell\u00ebn e \u00ebndrrave\u201d, nj\u00eb album lirik ku defilojn\u00eb disa emra t\u00eb njohur, e disa tjer\u00eb q\u00eb debutojn\u00eb p\u00ebr her\u00eb t\u00eb par\u00eb me vargjet e tyre n\u00eb kuadrin e nj\u00eb libri t\u00eb p\u00ebrbashk\u00ebt.<\/p>\n<p><img decoding=\"async\" class=\"alignleft size-thumbnail wp-image-7236\" title=\"Eduard Dilo - K\u00ebshtjella e \u00ebndrrave\" src=\"http:\/\/www.shkoder.net\/2012\/ed_keshtjella_endrrave1.jpg\" alt=\"\" width=\"300\" \/>Antologjit\u00eb zakonisht krijojn\u00eb miq dhe kund\u00ebrshtar\u00eb. Disa mund t\u00eb preken pse s\u2019i kemi p\u00ebrfshir\u00eb n\u00eb k\u00ebt\u00eb v\u00ebllim, edhepse hidh\u00ebrimi i tyre \u00ebsht\u00eb i p\u00ebrkohsh\u00ebm, sepse ata pason t\u00eb dalin n\u00eb antologjin\u00eb \u201cBusulla e shpirtit\u201d. P\u00ebrndryshe, kjo \u00ebsht\u00eb p\u00ebrpjekja e par\u00eb e poetit Eduard M. Dilo p\u00ebr realizimin e nj\u00eb vepre t\u00eb k\u00ebtill\u00eb, antologjia e par\u00eb shqipe q\u00eb del gjat\u00eb dit\u00ebve t\u00eb para t\u00eb k\u00ebtij viti t\u00eb mbar\u00eb, ku defilon fjala shqipe e ngarkuar me mall, nostalgji, sentimente, \u00ebndrra, aspirata, dashuri dhe atdhedashuri.<\/p>\n<p>Kozeta Zylo \u00ebsht\u00eb Shqip\u00ebria e shpirti tim n\u00eb m\u00ebrgim. Kjo zan\u00eb e frym\u00ebzuar shqiptare vjen me \u201cmjellmat\u201d e saj \u201csi nj\u00eb drenush\u00eb\u201d me mall t\u00eb magjepsur. N\u00eb inspirimin e saj defilojn\u00eb t\u00eb gjitha trojet shqiptare q\u00eb kan\u00eb nga nj\u00eb Vlor\u00eb. Poetja shkruan me admirim p\u00ebr Kosov\u00ebn e zemrave tona q\u00eb e konsideron si \u201cPrincesh\u00eb me medalionin e Liris\u00eb n\u00eb gjoks\u201d. Ajo \u00ebsht\u00eb nj\u00eb pik\u00eb h\u00ebne e veshur me fustan dielli q\u00eb bashkohet me simfonin\u00eb e k\u00ebng\u00ebve t\u00eb miliona shqiptar\u00ebve q\u00eb k\u00ebndojn\u00eb shqip. P\u00ebrve\u00e7 bot\u00ebs lirike, d\u00ebshmi esenciale p\u00ebr k\u00ebt\u00eb jan\u00eb artikujt, reportazhet, fotografit\u00eb dhe emisionet e nj\u00eb qendre televizive shqiptare q\u00eb e drejton s\u00eb bashku me bashk\u00ebshortin e saj n\u00eb Amerik\u00eb. N\u00eb vazhdim po i p\u00ebrmendim vet\u00ebm disa autor\u00eb q\u00eb vijn\u00eb p\u00ebr her\u00eb t\u00eb par\u00eb n\u00eb faqet e nj\u00eb libri t\u00eb botuar n\u00eb Bukuresht.<\/p>\n<p>Ramadan Emini (Basha), i lindur m\u00eb 1956, vjen nga Vraniqi i Prizrenit. Ka mbaruar shkoll\u00ebn e mesme teknike dhe ka studiuar p\u00ebr arkitektur\u00eb. N\u00eb fund t\u00eb viteve 80-t\u00eb ka qen\u00eb i d\u00ebnuar politik me 5 vjet\u00eb burg t\u00eb r\u00ebnd\u00eb. Nga viti 1993 detyrohet t\u00eb largohet nga vendi dhe deri me 1999 ka jetuar n\u00eb Tiran\u00eb. Aktualisht jeton dhe punon n\u00eb Ferizaj. Ramadan Emini, poet dhe patriot i persekutuar, vjen n\u00eb faqet e K\u00ebshtjell\u00ebs s\u00eb \u00ebndrrave si nj\u00eb \u201cujvar\u00eb e jet\u00ebs\u201d, me vargje briliante si \u201cIlir e shqiptar jam,\/ zem\u00ebrdiell e shpirt\/ e gjoks i ngjeshur dritash\/ si dielli q\u00eb ngroh e sh\u00ebndrit n\u00eb qiell.\u201d<\/p>\n<p>Malli q\u00eb e mbajn\u00eb n\u00eb shpirt \u00ebsht\u00eb barra m\u00eb e r\u00ebnd\u00eb q\u00eb i mundon bashkatdhetar\u00ebt tan\u00eb q\u00eb jetojn\u00eb n\u00eb Shqip\u00ebrin\u00eb e dyt\u00eb, at\u00eb q\u00eb gjendet n\u00eb m\u00ebrgim. \u201cMalli m\u00eb djeg\u00eb. M\u00eb prek n\u00eb shpirt\u201d, thekson poetesha m\u00eb e re e k\u00ebsaj vepre, Jeta Xhelili, nj\u00eb talente e lindur p\u00ebr t\u00eb krijuar metafora t\u00eb bukura si \u201cz\u00ebri i qiellit\u201d, \u201cloti i stin\u00ebve\u201d etj. Befasi t\u00eb bukura na sjellin edhe dy krijuese t\u00eb reja: Silva T\u00ebrnava dhe Gzime Zmaljaj. Jeta, Silva dhe G\u00ebzimja nuk heshtin, por p\u00ebrkundrazi shk\u00eblqejn\u00eb me vargjet dhe me shpirtin e tyre t\u00eb florinjt\u00eb.<\/p>\n<p>Heshtja n\u00eb takim me dhembjen, sipas Miradije Ramiqit, \u201cP\u00ebrballon mallin e ngelur peng\/ N\u00eb shtratin e kujtimit\u201d. Me poezi interesante, disa q\u00eb botohen p\u00ebr her\u00eb t\u00eb par\u00eb n\u00eb kuadrin e nj\u00eb v\u00ebllimi antologjik, paraqiten Pal Sokoli dhe Neki Lulaj, dy nga poet\u00ebt m\u00eb t\u00eb mir\u00eb t\u00eb diaspor\u00ebs shqiptare, tashm\u00eb t\u00eb afirmuar, pa e harruar Liman Zogajn, poet i drit\u00ebs, Ilia M. Dilon me vargje gjithnj\u00eb e m\u00eb t\u00eb bukura kushtuar mallit, atdheut dhe t\u00eb par\u00ebve tan\u00eb, madje edhe autorin dhe ideatorin e k\u00ebsaj vepre, poetin Eduard M. Dilo.<\/p>\n","protected":false},"excerpt":{"rendered":"<p>\u201cK\u00ebshtjella e \u00ebndrrave\u201d (Bukuresht, 2012, \u00ebsht\u00eb p\u00ebrpjekja e par\u00eb e poetit Eduard M. Dilo p\u00ebr realizimin e nj\u00eb vepre t\u00eb k\u00ebtill\u00eb, antologjia e par\u00eb shqipe q\u00eb del gjat\u00eb dit\u00ebve t\u00eb para t\u00eb k\u00ebtij viti t\u00eb mbar\u00eb, ku defilon fjala shqipe e ngarkuar me mall, nostalgji, sentimente, \u00ebndrra, aspirata, dashuri dhe atdhedashuri. Nga Baki Ymeri Me [&hellip;]<\/p>\n","protected":false},"author":1,"featured_media":0,"comment_status":"open","ping_status":"closed","sticky":false,"template":"","format":"standard","meta":{"footnotes":""},"categories":[7,9],"tags":[],"class_list":{"0":"post-1033","1":"post","2":"type-post","3":"status-publish","4":"format-standard","6":"category-letersi","7":"category-poezi"},"yoast_head":"<!-- This site is optimized with the Yoast SEO plugin v27.4 - https:\/\/yoast.com\/product\/yoast-seo-wordpress\/ -->\n<title>K\u00ebshtjella shqiptare e \u00ebndrrave m\u00ebrgimtare - FjALA e LIR\u00cb - Arkivi<\/title>\n<meta name=\"robots\" content=\"index, follow, max-snippet:-1, max-image-preview:large, max-video-preview:-1\" \/>\n<link rel=\"canonical\" href=\"https:\/\/fjala.info\/2009-2015\/keshtjella-shqiptare-e-endrrave-mergimtare\/\" \/>\n<meta property=\"og:locale\" content=\"sq_AL\" \/>\n<meta property=\"og:type\" content=\"article\" \/>\n<meta property=\"og:title\" content=\"K\u00ebshtjella shqiptare e \u00ebndrrave m\u00ebrgimtare - FjALA e LIR\u00cb - Arkivi\" \/>\n<meta property=\"og:description\" content=\"\u201cK\u00ebshtjella e \u00ebndrrave\u201d (Bukuresht, 2012, \u00ebsht\u00eb p\u00ebrpjekja e par\u00eb e poetit Eduard M. Dilo p\u00ebr realizimin e nj\u00eb vepre t\u00eb k\u00ebtill\u00eb, antologjia e par\u00eb shqipe q\u00eb del gjat\u00eb dit\u00ebve t\u00eb para t\u00eb k\u00ebtij viti t\u00eb mbar\u00eb, ku defilon fjala shqipe e ngarkuar me mall, nostalgji, sentimente, \u00ebndrra, aspirata, dashuri dhe atdhedashuri. Nga Baki Ymeri Me [&hellip;]\" \/>\n<meta property=\"og:url\" content=\"https:\/\/fjala.info\/2009-2015\/keshtjella-shqiptare-e-endrrave-mergimtare\/\" \/>\n<meta property=\"og:site_name\" content=\"FjALA e LIR\u00cb - Arkivi\" \/>\n<meta property=\"article:published_time\" content=\"2012-01-08T20:09:28+00:00\" \/>\n<meta property=\"og:image\" content=\"http:\/\/www.shkoder.net\/images\/fjala\/baki_ymeri.jpg\" \/>\n<meta name=\"author\" content=\"admin\" \/>\n<meta name=\"twitter:card\" content=\"summary_large_image\" \/>\n<meta name=\"twitter:label1\" content=\"Written by\" \/>\n\t<meta name=\"twitter:data1\" content=\"admin\" \/>\n\t<meta name=\"twitter:label2\" content=\"Est. reading time\" \/>\n\t<meta name=\"twitter:data2\" content=\"6 minutes\" \/>\n<script type=\"application\/ld+json\" class=\"yoast-schema-graph\">{\"@context\":\"https:\\\/\\\/schema.org\",\"@graph\":[{\"@type\":\"Article\",\"@id\":\"https:\\\/\\\/fjala.info\\\/2009-2015\\\/keshtjella-shqiptare-e-endrrave-mergimtare\\\/#article\",\"isPartOf\":{\"@id\":\"https:\\\/\\\/fjala.info\\\/2009-2015\\\/keshtjella-shqiptare-e-endrrave-mergimtare\\\/\"},\"author\":{\"name\":\"admin\",\"@id\":\"https:\\\/\\\/fjala.info\\\/2009-2015\\\/#\\\/schema\\\/person\\\/3aa1163ef05469c496fc94e77611ada2\"},\"headline\":\"K\u00ebshtjella shqiptare e \u00ebndrrave m\u00ebrgimtare\",\"datePublished\":\"2012-01-08T20:09:28+00:00\",\"mainEntityOfPage\":{\"@id\":\"https:\\\/\\\/fjala.info\\\/2009-2015\\\/keshtjella-shqiptare-e-endrrave-mergimtare\\\/\"},\"wordCount\":1114,\"commentCount\":0,\"publisher\":{\"@id\":\"https:\\\/\\\/fjala.info\\\/2009-2015\\\/#organization\"},\"image\":{\"@id\":\"https:\\\/\\\/fjala.info\\\/2009-2015\\\/keshtjella-shqiptare-e-endrrave-mergimtare\\\/#primaryimage\"},\"thumbnailUrl\":\"http:\\\/\\\/www.shkoder.net\\\/images\\\/fjala\\\/baki_ymeri.jpg\",\"articleSection\":[\"Let\u00ebrsi\",\"Poezi\"],\"inLanguage\":\"sq-AL\",\"potentialAction\":[{\"@type\":\"CommentAction\",\"name\":\"Comment\",\"target\":[\"https:\\\/\\\/fjala.info\\\/2009-2015\\\/keshtjella-shqiptare-e-endrrave-mergimtare\\\/#respond\"]}]},{\"@type\":\"WebPage\",\"@id\":\"https:\\\/\\\/fjala.info\\\/2009-2015\\\/keshtjella-shqiptare-e-endrrave-mergimtare\\\/\",\"url\":\"https:\\\/\\\/fjala.info\\\/2009-2015\\\/keshtjella-shqiptare-e-endrrave-mergimtare\\\/\",\"name\":\"K\u00ebshtjella shqiptare e \u00ebndrrave m\u00ebrgimtare - FjALA e LIR\u00cb - Arkivi\",\"isPartOf\":{\"@id\":\"https:\\\/\\\/fjala.info\\\/2009-2015\\\/#website\"},\"primaryImageOfPage\":{\"@id\":\"https:\\\/\\\/fjala.info\\\/2009-2015\\\/keshtjella-shqiptare-e-endrrave-mergimtare\\\/#primaryimage\"},\"image\":{\"@id\":\"https:\\\/\\\/fjala.info\\\/2009-2015\\\/keshtjella-shqiptare-e-endrrave-mergimtare\\\/#primaryimage\"},\"thumbnailUrl\":\"http:\\\/\\\/www.shkoder.net\\\/images\\\/fjala\\\/baki_ymeri.jpg\",\"datePublished\":\"2012-01-08T20:09:28+00:00\",\"breadcrumb\":{\"@id\":\"https:\\\/\\\/fjala.info\\\/2009-2015\\\/keshtjella-shqiptare-e-endrrave-mergimtare\\\/#breadcrumb\"},\"inLanguage\":\"sq-AL\",\"potentialAction\":[{\"@type\":\"ReadAction\",\"target\":[\"https:\\\/\\\/fjala.info\\\/2009-2015\\\/keshtjella-shqiptare-e-endrrave-mergimtare\\\/\"]}]},{\"@type\":\"ImageObject\",\"inLanguage\":\"sq-AL\",\"@id\":\"https:\\\/\\\/fjala.info\\\/2009-2015\\\/keshtjella-shqiptare-e-endrrave-mergimtare\\\/#primaryimage\",\"url\":\"http:\\\/\\\/www.shkoder.net\\\/images\\\/fjala\\\/baki_ymeri.jpg\",\"contentUrl\":\"http:\\\/\\\/www.shkoder.net\\\/images\\\/fjala\\\/baki_ymeri.jpg\"},{\"@type\":\"BreadcrumbList\",\"@id\":\"https:\\\/\\\/fjala.info\\\/2009-2015\\\/keshtjella-shqiptare-e-endrrave-mergimtare\\\/#breadcrumb\",\"itemListElement\":[{\"@type\":\"ListItem\",\"position\":1,\"name\":\"Home\",\"item\":\"https:\\\/\\\/fjala.info\\\/2009-2015\\\/\"},{\"@type\":\"ListItem\",\"position\":2,\"name\":\"K\u00ebshtjella shqiptare e \u00ebndrrave m\u00ebrgimtare\"}]},{\"@type\":\"WebSite\",\"@id\":\"https:\\\/\\\/fjala.info\\\/2009-2015\\\/#website\",\"url\":\"https:\\\/\\\/fjala.info\\\/2009-2015\\\/\",\"name\":\"FjALA e LIR\u00cb - Arkivi\",\"description\":\"Arkivi 2009-2015\",\"publisher\":{\"@id\":\"https:\\\/\\\/fjala.info\\\/2009-2015\\\/#organization\"},\"potentialAction\":[{\"@type\":\"SearchAction\",\"target\":{\"@type\":\"EntryPoint\",\"urlTemplate\":\"https:\\\/\\\/fjala.info\\\/2009-2015\\\/?s={search_term_string}\"},\"query-input\":{\"@type\":\"PropertyValueSpecification\",\"valueRequired\":true,\"valueName\":\"search_term_string\"}}],\"inLanguage\":\"sq-AL\"},{\"@type\":\"Organization\",\"@id\":\"https:\\\/\\\/fjala.info\\\/2009-2015\\\/#organization\",\"name\":\"FjALA e LIR\u00cb - Arkivi\",\"url\":\"https:\\\/\\\/fjala.info\\\/2009-2015\\\/\",\"logo\":{\"@type\":\"ImageObject\",\"inLanguage\":\"sq-AL\",\"@id\":\"https:\\\/\\\/fjala.info\\\/2009-2015\\\/#\\\/schema\\\/logo\\\/image\\\/\",\"url\":\"\",\"contentUrl\":\"\",\"caption\":\"FjALA e LIR\u00cb - Arkivi\"},\"image\":{\"@id\":\"https:\\\/\\\/fjala.info\\\/2009-2015\\\/#\\\/schema\\\/logo\\\/image\\\/\"}},{\"@type\":\"Person\",\"@id\":\"https:\\\/\\\/fjala.info\\\/2009-2015\\\/#\\\/schema\\\/person\\\/3aa1163ef05469c496fc94e77611ada2\",\"name\":\"admin\",\"image\":{\"@type\":\"ImageObject\",\"inLanguage\":\"sq-AL\",\"@id\":\"https:\\\/\\\/fjala.info\\\/2009-2015\\\/wp-content\\\/uploads\\\/2012\\\/02\\\/arben_cokaj-120x150.jpg\",\"url\":\"https:\\\/\\\/fjala.info\\\/2009-2015\\\/wp-content\\\/uploads\\\/2012\\\/02\\\/arben_cokaj-120x150.jpg\",\"contentUrl\":\"https:\\\/\\\/fjala.info\\\/2009-2015\\\/wp-content\\\/uploads\\\/2012\\\/02\\\/arben_cokaj-120x150.jpg\",\"caption\":\"admin\"},\"description\":\"Admin, Fjala e Lir\u00eb\",\"sameAs\":[\"https:\\\/\\\/fjala.info\\\/\"],\"url\":\"https:\\\/\\\/fjala.info\\\/2009-2015\\\/author\\\/admin\\\/\"}]}<\/script>\n<!-- \/ Yoast SEO plugin. -->","yoast_head_json":{"title":"K\u00ebshtjella shqiptare e \u00ebndrrave m\u00ebrgimtare - FjALA e LIR\u00cb - Arkivi","robots":{"index":"index","follow":"follow","max-snippet":"max-snippet:-1","max-image-preview":"max-image-preview:large","max-video-preview":"max-video-preview:-1"},"canonical":"https:\/\/fjala.info\/2009-2015\/keshtjella-shqiptare-e-endrrave-mergimtare\/","og_locale":"sq_AL","og_type":"article","og_title":"K\u00ebshtjella shqiptare e \u00ebndrrave m\u00ebrgimtare - FjALA e LIR\u00cb - Arkivi","og_description":"\u201cK\u00ebshtjella e \u00ebndrrave\u201d (Bukuresht, 2012, \u00ebsht\u00eb p\u00ebrpjekja e par\u00eb e poetit Eduard M. Dilo p\u00ebr realizimin e nj\u00eb vepre t\u00eb k\u00ebtill\u00eb, antologjia e par\u00eb shqipe q\u00eb del gjat\u00eb dit\u00ebve t\u00eb para t\u00eb k\u00ebtij viti t\u00eb mbar\u00eb, ku defilon fjala shqipe e ngarkuar me mall, nostalgji, sentimente, \u00ebndrra, aspirata, dashuri dhe atdhedashuri. Nga Baki Ymeri Me [&hellip;]","og_url":"https:\/\/fjala.info\/2009-2015\/keshtjella-shqiptare-e-endrrave-mergimtare\/","og_site_name":"FjALA e LIR\u00cb - Arkivi","article_published_time":"2012-01-08T20:09:28+00:00","og_image":[{"url":"http:\/\/www.shkoder.net\/images\/fjala\/baki_ymeri.jpg","type":"","width":"","height":""}],"author":"admin","twitter_card":"summary_large_image","twitter_misc":{"Written by":"admin","Est. reading time":"6 minutes"},"schema":{"@context":"https:\/\/schema.org","@graph":[{"@type":"Article","@id":"https:\/\/fjala.info\/2009-2015\/keshtjella-shqiptare-e-endrrave-mergimtare\/#article","isPartOf":{"@id":"https:\/\/fjala.info\/2009-2015\/keshtjella-shqiptare-e-endrrave-mergimtare\/"},"author":{"name":"admin","@id":"https:\/\/fjala.info\/2009-2015\/#\/schema\/person\/3aa1163ef05469c496fc94e77611ada2"},"headline":"K\u00ebshtjella shqiptare e \u00ebndrrave m\u00ebrgimtare","datePublished":"2012-01-08T20:09:28+00:00","mainEntityOfPage":{"@id":"https:\/\/fjala.info\/2009-2015\/keshtjella-shqiptare-e-endrrave-mergimtare\/"},"wordCount":1114,"commentCount":0,"publisher":{"@id":"https:\/\/fjala.info\/2009-2015\/#organization"},"image":{"@id":"https:\/\/fjala.info\/2009-2015\/keshtjella-shqiptare-e-endrrave-mergimtare\/#primaryimage"},"thumbnailUrl":"http:\/\/www.shkoder.net\/images\/fjala\/baki_ymeri.jpg","articleSection":["Let\u00ebrsi","Poezi"],"inLanguage":"sq-AL","potentialAction":[{"@type":"CommentAction","name":"Comment","target":["https:\/\/fjala.info\/2009-2015\/keshtjella-shqiptare-e-endrrave-mergimtare\/#respond"]}]},{"@type":"WebPage","@id":"https:\/\/fjala.info\/2009-2015\/keshtjella-shqiptare-e-endrrave-mergimtare\/","url":"https:\/\/fjala.info\/2009-2015\/keshtjella-shqiptare-e-endrrave-mergimtare\/","name":"K\u00ebshtjella shqiptare e \u00ebndrrave m\u00ebrgimtare - FjALA e LIR\u00cb - Arkivi","isPartOf":{"@id":"https:\/\/fjala.info\/2009-2015\/#website"},"primaryImageOfPage":{"@id":"https:\/\/fjala.info\/2009-2015\/keshtjella-shqiptare-e-endrrave-mergimtare\/#primaryimage"},"image":{"@id":"https:\/\/fjala.info\/2009-2015\/keshtjella-shqiptare-e-endrrave-mergimtare\/#primaryimage"},"thumbnailUrl":"http:\/\/www.shkoder.net\/images\/fjala\/baki_ymeri.jpg","datePublished":"2012-01-08T20:09:28+00:00","breadcrumb":{"@id":"https:\/\/fjala.info\/2009-2015\/keshtjella-shqiptare-e-endrrave-mergimtare\/#breadcrumb"},"inLanguage":"sq-AL","potentialAction":[{"@type":"ReadAction","target":["https:\/\/fjala.info\/2009-2015\/keshtjella-shqiptare-e-endrrave-mergimtare\/"]}]},{"@type":"ImageObject","inLanguage":"sq-AL","@id":"https:\/\/fjala.info\/2009-2015\/keshtjella-shqiptare-e-endrrave-mergimtare\/#primaryimage","url":"http:\/\/www.shkoder.net\/images\/fjala\/baki_ymeri.jpg","contentUrl":"http:\/\/www.shkoder.net\/images\/fjala\/baki_ymeri.jpg"},{"@type":"BreadcrumbList","@id":"https:\/\/fjala.info\/2009-2015\/keshtjella-shqiptare-e-endrrave-mergimtare\/#breadcrumb","itemListElement":[{"@type":"ListItem","position":1,"name":"Home","item":"https:\/\/fjala.info\/2009-2015\/"},{"@type":"ListItem","position":2,"name":"K\u00ebshtjella shqiptare e \u00ebndrrave m\u00ebrgimtare"}]},{"@type":"WebSite","@id":"https:\/\/fjala.info\/2009-2015\/#website","url":"https:\/\/fjala.info\/2009-2015\/","name":"FjALA e LIR\u00cb - Arkivi","description":"Arkivi 2009-2015","publisher":{"@id":"https:\/\/fjala.info\/2009-2015\/#organization"},"potentialAction":[{"@type":"SearchAction","target":{"@type":"EntryPoint","urlTemplate":"https:\/\/fjala.info\/2009-2015\/?s={search_term_string}"},"query-input":{"@type":"PropertyValueSpecification","valueRequired":true,"valueName":"search_term_string"}}],"inLanguage":"sq-AL"},{"@type":"Organization","@id":"https:\/\/fjala.info\/2009-2015\/#organization","name":"FjALA e LIR\u00cb - Arkivi","url":"https:\/\/fjala.info\/2009-2015\/","logo":{"@type":"ImageObject","inLanguage":"sq-AL","@id":"https:\/\/fjala.info\/2009-2015\/#\/schema\/logo\/image\/","url":"","contentUrl":"","caption":"FjALA e LIR\u00cb - Arkivi"},"image":{"@id":"https:\/\/fjala.info\/2009-2015\/#\/schema\/logo\/image\/"}},{"@type":"Person","@id":"https:\/\/fjala.info\/2009-2015\/#\/schema\/person\/3aa1163ef05469c496fc94e77611ada2","name":"admin","image":{"@type":"ImageObject","inLanguage":"sq-AL","@id":"https:\/\/fjala.info\/2009-2015\/wp-content\/uploads\/2012\/02\/arben_cokaj-120x150.jpg","url":"https:\/\/fjala.info\/2009-2015\/wp-content\/uploads\/2012\/02\/arben_cokaj-120x150.jpg","contentUrl":"https:\/\/fjala.info\/2009-2015\/wp-content\/uploads\/2012\/02\/arben_cokaj-120x150.jpg","caption":"admin"},"description":"Admin, Fjala e Lir\u00eb","sameAs":["https:\/\/fjala.info\/"],"url":"https:\/\/fjala.info\/2009-2015\/author\/admin\/"}]}},"_links":{"self":[{"href":"https:\/\/fjala.info\/2009-2015\/wp-json\/wp\/v2\/posts\/1033","targetHints":{"allow":["GET"]}}],"collection":[{"href":"https:\/\/fjala.info\/2009-2015\/wp-json\/wp\/v2\/posts"}],"about":[{"href":"https:\/\/fjala.info\/2009-2015\/wp-json\/wp\/v2\/types\/post"}],"author":[{"embeddable":true,"href":"https:\/\/fjala.info\/2009-2015\/wp-json\/wp\/v2\/users\/1"}],"replies":[{"embeddable":true,"href":"https:\/\/fjala.info\/2009-2015\/wp-json\/wp\/v2\/comments?post=1033"}],"version-history":[{"count":0,"href":"https:\/\/fjala.info\/2009-2015\/wp-json\/wp\/v2\/posts\/1033\/revisions"}],"wp:attachment":[{"href":"https:\/\/fjala.info\/2009-2015\/wp-json\/wp\/v2\/media?parent=1033"}],"wp:term":[{"taxonomy":"category","embeddable":true,"href":"https:\/\/fjala.info\/2009-2015\/wp-json\/wp\/v2\/categories?post=1033"},{"taxonomy":"post_tag","embeddable":true,"href":"https:\/\/fjala.info\/2009-2015\/wp-json\/wp\/v2\/tags?post=1033"}],"curies":[{"name":"wp","href":"https:\/\/api.w.org\/{rel}","templated":true}]}}