{"id":1020,"date":"2012-01-07T22:52:33","date_gmt":"2012-01-07T21:52:33","guid":{"rendered":"http:\/\/fjala.shkoder.net\/?p=1020"},"modified":"2012-01-07T22:52:33","modified_gmt":"2012-01-07T21:52:33","slug":"intervista-e-plote-ambasadori-danez-shkalla-e-lirise-per-shqiperine-po-zvogelohet-me-shpejtesi","status":"publish","type":"post","link":"https:\/\/fjala.info\/2009-2015\/intervista-e-plote-ambasadori-danez-shkalla-e-lirise-per-shqiperine-po-zvogelohet-me-shpejtesi\/","title":{"rendered":"INTERVISTA E PLOTE\/ Ambasadori danez: Shkalla e liris\u00eb p\u00ebr Shqip\u00ebrin\u00eb po zvog\u00eblohet me shpejt\u00ebsi"},"content":{"rendered":"<p><img decoding=\"async\" class=\"alignright size-thumbnail wp-image-7236\" title=\"Amb. danez\" src=\"http:\/\/www.shkoder.net\/images\/fjala\/2011\/karsten_ankjaer_jensen.jpg\" alt=\"\" width=\"300\" \/> <strong>TemA Online<\/strong>, <em>7 Janar 2012<\/em><\/p>\n<p><em>\u201cShqip\u00ebria ka shum\u00eb pak koh\u00eb t\u00eb mbledh\u00eb mendjen, n\u00ebse e do nj\u00eb t\u00eb ardhme europiane, apo, p\u00ebr t\u00eb qen\u00eb shum\u00eb i drejtp\u00ebrdrejt\u00eb, n\u00ebse do q\u00eb t\u00eb kthehet n\u00eb nj\u00eb lloj forme izolimi si m\u00eb par\u00eb. Populli shqiptar duhet t\u00eb jet\u00eb jasht\u00ebzakonisht i pap\u00ebrmbajtur n\u00eb favor t\u00eb s\u00eb par\u00ebs. N\u00ebse edhe pushtetet e duan k\u00ebt\u00eb, mbetet p\u00ebr t\u2019u par\u00eb\u201d<\/em><\/p>\n<p>Nga <strong>Sk\u00ebnder Minxhozi<\/strong><\/p>\n<p><strong>Zoti ambasador, ritakohemi pas dy intervistave t\u00eb para n\u00eb revist\u00ebn Mapo, n\u00eb faqet e revist\u00ebs Java. Kemi pasur mjaft reagime pas botimit t\u00eb atyre intervistave, t\u00eb cilat jan\u00eb rimarr\u00eb edhe nga mediat e tjera n\u00eb vend. Cili ka qen\u00eb, sipas jush, motivi i k\u00ebsaj jehone?<\/strong><\/p>\n<p>P\u00ebrve\u00e7se u than\u00eb nga nj\u00eb ambasador, nuk e besoj se p\u00ebrmbajtja e intervistave \u00e7uditi ndonj\u00eb, por, ndonj\u00ebher\u00eb, ta shpreh\u00ebsh me fjal\u00eb dhe ta thuash me z\u00eb t\u00eb lart\u00eb at\u00eb, q\u00eb shum\u00eb e mendojn\u00eb, apo bisedojn\u00eb privatisht, mund t\u00eb jet\u00eb nj\u00eb \u201czbulim\u201d. Dhe jam i g\u00ebzuar q\u00eb pati jehon\u00eb. E ndjeva se t\u00eb flas\u00ebsh hapur \u00ebsht\u00eb e r\u00ebnd\u00ebsishme p\u00ebr t\u00eb ndihmuar politik\u00ebn t\u00eb kthehet n\u00eb udh\u00ebn e duhur. Shqip\u00ebria \u00ebsht\u00eb nj\u00eb vend Europian. Shqiptar\u00ebt jan\u00eb Europian\u00eb. Europa nuk mund t\u00eb jet\u00eb kurr\u00eb e plot\u00eb pa Shqip\u00ebrin\u00eb dhe popullin shqiptar.<\/p>\n<p>Nga sa thash\u00eb, Shqip\u00ebria, \u00ebsht\u00eb sigurisht e lir\u00eb t\u00eb zgjedh\u00eb kursin e saj, sikurse e ka b\u00ebr\u00eb n\u00eb t\u00eb kaluar\u00ebn. Si\u00e7 e kam theksuar shum\u00eb her\u00eb m\u00eb par\u00eb, kam besimin e patundur, q\u00eb populli shqiptar, pun\u00ebtor dhe i palodhur, n\u00eb fund t\u00eb fundit ka at\u00eb q\u00eb i duhet, p\u00ebr t\u00eb arritur begatin\u00eb, aq m\u00eb tep\u00ebr me potencialin e vet t\u00eb fuqish\u00ebm. Por dora e ndihm\u00ebs s\u00eb BE-s\u00eb, e shteteve t\u00eb saj an\u00ebtare dhe e t\u00eb tjer\u00ebve, mund ta vendos\u00eb Shqip\u00ebrin\u00eb n\u00eb nj\u00eb rrug\u00eb t\u00eb shpejt\u00eb drejt nj\u00eb t\u00eb ardhmeje m\u00eb t\u00eb mir\u00eb. Mendoj se kjo \u00ebsht\u00eb ajo \u00e7ka populli shqiptar d\u00ebshiron, dhe e meriton.<\/p>\n<p><strong>Vendi juaj sapo ka marr\u00eb presidenc\u00ebn e radh\u00ebs t\u00eb Bashkimit Europian. Cilat jan\u00eb prioritetet e Danimark\u00ebs gjat\u00eb k\u00ebsaj presidence?<\/strong><\/p>\n<p>P\u00ebrpara s\u00eb gjithash, t\u2019i paraprij\u00eb nxjerrjes s\u00eb Europ\u00ebs nga kriza financiare; t\u00eb gjej\u00eb zgjidhje; t\u00eb gjej\u00eb m\u00ebnyrat p\u00ebr t\u00eb shmangur nj\u00eb kriz\u00eb tjet\u00ebr, duke promovuar nj\u00eb Europ\u00eb ekonomikisht m\u00eb t\u00eb p\u00ebrgjegj\u00ebshme dhe m\u00eb dinamike. Do t\u00eb fokusohemi n\u00eb b\u00ebrjen e Europ\u00ebs nj\u00eb vend m\u00eb t\u00eb gjelb\u00ebruar dhe m\u00eb t\u00eb sigurt\u00eb p\u00ebr t\u00eb jetuar. Mendoj se k\u00ebto do t\u00eb jen\u00eb shumica e titujve kryesor\u00eb n\u00eb media. Por, kjo \u00ebsht\u00eb vet\u00ebm n\u00eb sip\u00ebrfaqe, se pas sken\u00ebs ka shum\u00eb elemente t\u00eb thjesht\u00eb, q\u00eb jan\u00eb t\u00eb domosdosh\u00ebm p\u00ebr t\u2019u plot\u00ebsuar e q\u00eb n\u00eb fakt, p\u00ebrb\u00ebjn\u00eb t\u00eb shumt\u00ebn e pun\u00ebs. Shum\u00eb do t\u00eb b\u00ebhet p\u00ebr t\u00eb siguruar q\u00eb Traktati i ri i Lisbon\u00ebs t\u00eb marr\u00eb jet\u00eb n\u00eb pun\u00ebn e p\u00ebrditshme t\u00eb BE-s\u00eb.<\/p>\n<p>Presidenca Daneze, nuk do t\u00eb jet\u00eb nj\u00eb ekspozim blic dhe ndjekje e interesave daneze. Do t\u00eb jet\u00eb relativisht modeste, por e pandalshme, duke u fokusuar n\u00eb p\u00ebrkujdesjen ndaj interesit t\u00eb p\u00ebrbashk\u00ebt p\u00ebr t\u00eb ardhmen e Europ\u00ebs dhe brezave q\u00eb vijn\u00eb. Ashtu si\u00e7 tha Ministri im koh\u00ebt e fundit, nd\u00ebrsa i referohej nj\u00eb titulli t\u00eb nj\u00eb k\u00ebnge t\u00eb vjet\u00ebr: \u201cDanimarka d\u00ebshiron t\u00eb jet\u00eb Ura mbi Uj\u00ebrat e Trazuara\u201d<\/p>\n<p><strong>\u00c7far\u00eb Europe gjen sot presidenca juaj? A p\u00ebrb\u00ebn kriza e thell\u00eb financiare e Unionit nj\u00eb faktor nxit\u00ebs apo pengues p\u00ebr presidenc\u00ebn daneze?<\/strong><\/p>\n<p>N\u00eb danisht kemi nj\u00eb th\u00ebnie t\u00eb vjet\u00ebr: \u201c\u00cbsht\u00eb e v\u00ebshtir\u00eb t\u00eb parashikosh, ve\u00e7an\u00ebrisht, t\u00eb ardhmen\u201d. P\u00ebrve\u00e7 kriz\u00ebs financiare, mendoj se kemi nj\u00eb sfid\u00eb t\u00eb madhe fiziologjike, p\u00ebr t\u00eb ndihmuar n\u00eb kap\u00ebrcimin e kriz\u00ebs s\u00eb ekzistenc\u00ebs dhe t\u00eb ndarjes brenda BE-s\u00eb. Askush nuk duhet t\u00eb n\u00ebnvleft\u00ebsoj\u00eb ndarjet e krijuara nga pakujdesia n\u00eb financa e disave dhe efektet an\u00ebsore t\u00eb kufizuara, por shum\u00eb t\u00eb dukshme, t\u00eb zgjerimit t\u00eb b\u00ebr\u00eb s\u00eb fundmi, t\u00eb pakt\u00ebn jo p\u00ebr popullsit\u00eb Europiane q\u00eb ndeshin v\u00ebshtir\u00ebsi ekonomike dhe krime n\u00eb rritje.<\/p>\n<p>Nga ana tjet\u00ebr askush nuk duhet t\u00eb n\u00ebnvleft\u00ebsoj\u00eb ngjit\u00ebsin q\u00eb e mban Europ\u00ebn t\u00eb bashkuar. Mendoj se shum\u00eb e kuptojn\u00eb q\u00eb ne do t\u00eb ishim t\u00eb gjith\u00eb n\u00eb gjendje shum\u00eb m\u00eb t\u00eb keqe pa BE-n\u00eb. Zgjidhja e problemeve nuk \u00ebsht\u00eb t\u00eb heqim dor\u00eb apo t\u00eb shkat\u00ebrrojm\u00eb at\u00eb q\u00eb \u00ebsht\u00eb arritur n\u00eb t\u00eb shkuar\u00ebn. Por ta rregullojm\u00eb at\u00eb. T\u00eb nd\u00ebrtojm\u00eb mbi t\u00eb. Ky \u00ebsht\u00eb programi yn\u00eb.<\/p>\n<p><strong>Ku q\u00ebndron Shqip\u00ebria dhe procesi i saj i integrimit, n\u00eb presidenc\u00ebn daneze? Si e parashihni rolin tuaj diplomatik n\u00eb Tiran\u00eb, n\u00eb \u201ckostumin\u201d e ri t\u00eb krye-europianit?<\/strong><\/p>\n<p>Roli i Presidenc\u00ebs, n\u00eb BE ka ndryshuar rr\u00ebnj\u00ebsisht me Traktatin ende t\u00eb ri t\u00eb Lisbon\u00ebs. Nga pik\u00ebpamja operative, tani, Presidenca luan nj\u00eb rol shum\u00eb m\u00eb pak t\u00eb spikatur. Megjithat\u00eb, procesi i zgjerimit \u00ebsht\u00eb nj\u00eb fush\u00eb ku Presidenca vazhdon t\u00eb luaj nj\u00eb rol kryesor. Kjo p\u00ebrgjegj\u00ebsi \u00ebsht\u00eb sigurisht e nj\u00eb r\u00ebnd\u00ebsie t\u00eb ve\u00e7ant\u00eb p\u00ebr mua si Ambasador n\u00eb Shqip\u00ebri, duke qen\u00eb se ky \u00ebsht\u00eb nj\u00eb vend aplikant, dhe zgjerimin e kemi p\u00ebr zem\u00ebr.<\/p>\n<p>Danimarka ka qen\u00eb mes ithtar\u00ebve t\u00eb par\u00eb t\u00eb zgjerimit t\u00eb NATO-s dhe t\u00eb BE-s\u00eb, si dhe nj\u00eb nga arkitekt\u00ebt e perspektiv\u00ebs s\u00eb BE-s\u00eb p\u00ebr Ballkanin. E di qysh n\u00eb ato fillime, sepse edhe un\u00eb kam luajtur nj\u00eb rol n\u00eb t\u00eb. Q\u00eb nga fillimi i viteve \u201990 Danimarka vazhdimisht ka vijuar t\u00eb mb\u00ebshtes\u00eb dhe investoj\u00eb jasht\u00ebzakonisht p\u00ebr ta b\u00ebr\u00eb Europ\u00ebn e Re nj\u00eb vend m\u00eb t\u00eb sigurt\u00eb p\u00ebr brezat e ardhsh\u00ebm dhe p\u00ebr veten ton\u00eb.<\/p>\n<p>Por, ashtu si Shqip\u00ebria, edhe Danimarka \u00ebsht\u00eb nj\u00eb vend i vog\u00ebl. Ne mund t\u00eb mos jemi kurr\u00eb n\u00eb gjendje t\u00eb mburremi me shifra absolute. Megjithat\u00eb, kontributi danez p\u00ebr paqen, stabilitetin dhe zhvillimin n\u00eb Ballkan \u2013 n\u00eb financime, burime, jet\u00eb njer\u00ebzish t\u00eb humbura \u2013 \u00ebsht\u00eb mes m\u00eb t\u00eb lartave t\u00eb cilitdo komb. Pra, ne kemi nj\u00eb interes konkret p\u00ebr ta b\u00ebr\u00eb perspektiv\u00ebn e BE-s\u00eb nj\u00eb realitet, p\u00ebr Shqip\u00ebrin\u00eb, p\u00ebr Kosov\u00ebn e p\u00ebr gjith\u00eb Ballkanin.<\/p>\n<p>P\u00ebr ta p\u00ebrmbledhur, p\u00ebrgjigjja ndaj pyetjes tuaj se cila do t\u00eb jet\u00eb detyra ime kryesore gjat\u00eb Presidenc\u00ebs ton\u00eb \u00ebsht\u00eb shum\u00eb e thjesht\u00eb. Do t\u00eb b\u00ebja \u00e7far\u00ebdo q\u00eb t\u00eb mundesha p\u00ebr t\u00eb ndihmuar shqiptar\u00ebt n\u00eb Shqip\u00ebri e Kosov\u00eb t\u00eb p\u00ebrparojn\u00eb m\u00eb tej drejt an\u00ebtar\u00ebsimit n\u00eb BE.<\/p>\n<p>Fatkeq\u00ebsisht, politika n\u00eb Shqip\u00ebri \u00ebsht\u00eb njollosur nga kaq shum\u00eb keqinformim dhe propagand\u00eb politike, saq\u00eb \u00ebsht\u00eb v\u00ebshtir\u00eb t\u00eb \u00e7uditesh me ata t\u00eb cil\u00ebt ngat\u00ebrrohen se \u00e7far\u00eb \u00ebsht\u00eb lart a posht\u00eb, p\u00ebrpara a prapa, e v\u00ebrtet\u00eb apo e g\u00ebnjesht\u00ebrt. Besoj q\u00eb nd\u00ebrkomb\u00ebtar\u00ebt duhet t\u00eb ndihmojn\u00eb t\u00eb shp\u00ebrndajn\u00eb mjegull\u00ebn, dhe shpjegojn\u00eb sfidat sa m\u00eb qart\u00eb dhe sinqerisht q\u00eb t\u00eb jet\u00eb e mundur. Kjo \u00ebsht\u00eb ajo \u00e7ka un\u00eb p\u00ebrpiqem t\u00eb b\u00ebj, edhe me k\u00ebt\u00eb intervist\u00eb.<\/p>\n<p>N\u00eb fund t\u00eb presidenc\u00ebs daneze do t\u00eb zgjidhet kreu i ri i shtetit shqiptar. Mandati i presidentit ka qen\u00eb i turbulluar nga nj\u00eb konflikt i gjat\u00eb dhe i ashp\u00ebr me institucionet e tjera, p\u00ebrkat\u00ebsisht qeverin\u00eb dhe parlamentin. Sa e ka d\u00ebmtuar kjo n\u00eb syt\u00eb e Brukselit, imazhin dhe perspektiv\u00ebn e Shqip\u00ebris\u00eb n\u00eb BE?<\/p>\n<p>Ju ngrini nj\u00eb pyetje thelb\u00ebsore. Ajo \u00e7ka \u00ebsht\u00eb me t\u00eb v\u00ebrtet\u00eb n\u00eb rrezik, anashkalohet n\u00eb shum\u00eb debate politike.<\/p>\n<p>Un\u00eb mendoj se vet\u00ebm zgjedhjet demokratike nuk e sigurojn\u00eb demokracin\u00eb, sepse shum\u00eb nga diktator\u00ebt erdh\u00ebn n\u00eb pushtet nga kutia e votimit. Ja p\u00ebrse institucionet jan\u00eb kaq jet\u00ebsore p\u00ebr nj\u00eb shoq\u00ebri demokratike. Institucionet, jo politikan\u00ebt, jan\u00eb mburoja t\u00eb demokracis\u00eb nga etja e politikan\u00ebve p\u00ebr pushtet. Kjo \u00ebsht\u00eb natyra e politik\u00ebs. Institucionet ekzistojn\u00eb p\u00ebr t\u00eb kufizuar dhe ekuilibruar at\u00eb. Sh\u00ebndeti dhe pavar\u00ebsia e tyre duhet t\u00eb ndri\u00e7ojn\u00eb v\u00ebrtet mendjet e njer\u00ebzve.<\/p>\n<p>Kultivimi i institucioneve t\u00eb pavarura dhe drejtpeshuese si Presidenca, Gjyq\u00ebsori, Parlamenti dhe Ekzekutivi \u00ebsht\u00eb tregues se vendi \u00ebsht\u00eb n\u00eb rrug\u00ebn demokratike. N\u00ebse ato nuk jan\u00eb reciprocikisht t\u00eb pavarura, n\u00ebse institucionet e shtetit jan\u00eb servile ndaj cilitdo q\u00eb \u00ebsht\u00eb n\u00eb qeveri apo q\u00eb ka para dhe pushtet, at\u00ebher\u00eb vendi e humb pretendimin e tij se \u00ebsht\u00eb nj\u00eb demokraci moderne. Kaq e thjesht\u00eb \u00ebsht\u00eb.<\/p>\n<p>Megjithat\u00eb jam i ndjesh\u00ebm ndaj faktit se reagimi instinktiv i shum\u00eb shqiptar\u00ebve \u00ebsht\u00eb t\u00eb shohin me skepticiz\u00ebm t\u00eb pafund institucionet. P\u00ebr breza me radh\u00eb, institucionet me emra t\u00eb ngjash\u00ebm me t\u00eb sotmit, u p\u00ebrdor\u00ebn p\u00ebr t\u00eb shtypur shqiptar\u00ebt n\u00eb m\u00ebnyrat m\u00eb brutale. Por ato institucione ishin ngritur nga nj\u00eb diktator i pam\u00ebshirsh\u00ebm p\u00ebr t\u00eb ruajtur pushtetin e vet. Ato nuk ishin krijuar p\u00ebr t\u00eb siguruar demokracin\u00eb, shtetin e s\u00eb drejt\u00ebs dhe nj\u00eb t\u00eb ardhme t\u00eb begat\u00eb p\u00ebr popullin shqiptar.<\/p>\n<p>Me keqardhje, them se, pik\u00ebrisht ato institucione q\u00eb duhet t\u00eb ruajn\u00eb dhe mb\u00ebshtesin demokracin\u00eb e brisht\u00eb n\u00eb Shqip\u00ebri, jan\u00eb n\u00ebnvleft\u00ebsuar n\u00eb m\u00ebnyr\u00eb t\u00eb konsiderueshme, vitet e fundit. Kjo, pjes\u00ebrisht me q\u00ebllim, pjes\u00ebrisht nga lufta e brendshme politike dhe pjes\u00ebrisht nga korrupsioni i p\u00ebrhapur gjer\u00ebsisht. Pavar\u00ebsisht zhvillimeve pozitive politike s\u00eb fundmi, prirja drejt tat\u00ebpjet\u00ebs nuk \u00ebsht\u00eb ndalur dhe, p\u00ebr t\u00eb qen\u00eb i sinqert\u00eb, kjo \u00ebsht\u00eb p\u00ebr t\u2019u shqet\u00ebsuar. Shumica e nd\u00ebrkomb\u00ebtar\u00ebve, besoj se supozuan q\u00eb an\u00ebtar\u00ebsia e Shqip\u00ebris\u00eb n\u00eb NATO, do ta shtynte n\u00eb m\u00ebnyr\u00eb t\u00eb konsiderueshme vendin drejt nj\u00eb demokracie t\u00eb plot\u00eb dhe k\u00ebshtu, indirekt, t\u00eb shpejtonte integrimin e Shqip\u00ebris\u00eb n\u00eb BE. Realiteti ka treguar q\u00eb ne ishim m\u00eb shum\u00eb se optimist\u00eb dhe u gabuam.<\/p>\n<p>P\u00ebrkundrejt k\u00ebtij sfondi, zgjedhjet e ardhshme presidenciale jan\u00eb ve\u00e7an\u00ebrisht t\u00eb r\u00ebnd\u00ebsishme.<\/p>\n<p>Fatkeq\u00ebsisht, t\u00eb dy partit\u00eb e m\u00ebdha politike kan\u00eb r\u00ebn\u00eb dakord t\u00eb zvog\u00eblojn\u00eb autoritetin dhe pavar\u00ebsin\u00eb e institucionit t\u00eb Presidenc\u00ebs, duke e ekspozuar at\u00eb n\u00eb favor t\u00eb cilitdo q\u00eb \u00ebsht\u00eb n\u00eb pushtet. Duke patur parasysh rolin e Presidenc\u00ebs n\u00eb nd\u00ebrtimin konsitucional t\u00eb Shqip\u00ebris\u00eb dhe n\u00eb sigurimin e pavar\u00ebsis\u00eb s\u00eb institucioneve t\u00eb tjera, p\u00ebrfshir\u00eb Gjyq\u00ebsorin dhe SHISH-in, zgjedhjet presidenciale do t\u00eb jen\u00eb nj\u00eb test lakmusi i demokracis\u00eb shqiptare dhe q\u00ebndrimit t\u00eb Shqip\u00ebris\u00eb si e till\u00eb.<\/p>\n<p>Prandaj, besoj fort se ka r\u00ebnd\u00ebsi shum\u00eb t\u00eb madhe q\u00eb Shqip\u00ebria t\u00eb zgjedh\u00eb nj\u00eb president t\u00eb pavarur, t\u00eb fort\u00eb, t\u00eb panjollosur nga e kaluara apo e tashmja, i pranuar nga t\u00eb gjith\u00eb. Nj\u00eb president i cili t\u00eb mund t\u00eb vazhdoj\u00eb t\u00eb bashkoj\u00eb e t\u00eb siguroj\u00eb popullin shqiptar dhe bot\u00ebn jasht\u00eb q\u00eb vendi juaj \u00ebsht\u00eb i pal\u00ebkundur n\u00eb rrug\u00ebn demokratike.<\/p>\n<p>Ndoshta, nj\u00eb shqet\u00ebsim m\u00eb i drejtp\u00ebrdrejt\u00eb, nga ai q\u00eb bota jasht\u00eb, nd\u00ebrkomb\u00ebtar\u00ebt dhe un\u00eb mund t\u00eb kemi, \u00ebsht\u00eb se n\u00eb \u00e7far\u00eb lloj shoq\u00ebrie shqiptar\u00ebt vet\u00eb duan t\u00eb jetojn\u00eb. Do t\u00eb \u00e7uditesha shum\u00eb n\u00ebse, ata, jo t\u00eb gjith\u00eb, po t\u2019u ofrohej nj\u00eb zgjidhje, nuk do t\u00eb preferonin t\u00eb jetonin n\u00eb nj\u00eb shoq\u00ebri ku t\u00eb kishin nj\u00eb fush\u00eb t\u00eb barabart\u00eb dhe t\u00eb drejt\u00eb loje, n\u00eb t\u00eb cil\u00ebn nj\u00eb pun\u00eb n\u00eb sektorin publik t\u00eb varet nga sa mir\u00eb ti e b\u00ebn at\u00eb; ku ju mund t\u00eb besoni se p\u00ebr arsimimin e f\u00ebmij\u00ebve tuaj kujdesen m\u00ebsues, t\u00eb cil\u00ebt jan\u00eb pun\u00ebsuar sepse jan\u00eb edukator\u00eb t\u00eb mir\u00eb; ku rezultati i nj\u00eb \u00e7\u00ebshtjeje gjyq\u00ebsore \u00ebsht\u00eb i bazuar n\u00eb ligj dhe n\u00eb meritat e \u00e7\u00ebshtjes; ku ju mund t\u00eb jeni i sigurt se vota juaj ka r\u00ebnd\u00ebsi e k\u00ebshtu me radh\u00eb. Kjo \u00ebsht\u00eb ajo q\u00eb institucionet e nj\u00eb shoq\u00ebrie demokratike mbrojn\u00eb.<\/p>\n<p>Danez\u00ebt nuk do t\u00eb pranonin asgj\u00eb m\u00eb pak, dhe vras mendjen, p\u00ebrse shqiptar\u00ebt vazhdojn\u00eb t\u00eb tolerojn\u00eb dhe durojn\u00eb nj\u00eb realitet tjet\u00ebr. Kam p\u00ebrshtypjen se nj\u00eb pjes\u00eb e shpjegimit \u00ebsht\u00eb mungesa e nj\u00eb shk\u00ebputjeje t\u00eb past\u00ebr me t\u00eb kaluar\u00ebn, q\u00eb mjegullon perceptimin e demokracis\u00eb p\u00ebr shum\u00eb, duke turbulluar k\u00ebshtu vizionin se \u00e7far\u00eb mund t\u00eb b\u00ebj\u00eb p\u00ebr begatin\u00eb e popullit shqiptar demokracia e v\u00ebrtet\u00eb. E kaluara po err\u00ebson premtimin e t\u00eb ardhmes, duke kufizuar potencialin tuaj.<\/p>\n<p>Sikurse e kam p\u00ebrmendur n\u00eb nj\u00eb nga intervistat tek MAPO, besoj se Shqip\u00ebria \u00ebsht\u00eb e vetmja ish diktatur\u00eb n\u00eb Europ\u00eb, e cila duhet t\u00eb ballafaqohet dhe ta pranoj\u00eb t\u00eb shkuar\u00ebn e saj. Arkivat e SHISH-it vazhdojn\u00eb t\u00eb jen\u00eb t\u00eb ky\u00e7ura me dryn. Kurdoher\u00eb q\u00eb ligji i lustracionit \u00ebsht\u00eb p\u00ebrmendur, ka qen\u00eb nj\u00eb simbolik\u00eb e past\u00ebr apo nj\u00eb p\u00ebrpjekje aq e maskuar dob\u00ebt p\u00ebr t\u00eb p\u00ebrfituar p\u00ebrpar\u00ebsi politike, sa v\u00ebshtir\u00eb t\u00eb mos kuptohej nga t\u00eb gjith\u00eb. Me keqardhje them se duhet ende q\u00eb t\u00eb shohim nj\u00eb p\u00ebrpjekje t\u00eb fuqishme p\u00ebr t\u00eb p\u00ebrballuar t\u00eb shkuar\u00ebn, ta pranosh si t\u00eb till\u00eb, e k\u00ebshtu t\u00eb vazhdohet me t\u00eb ardhmen.<\/p>\n<p>Hijet e t\u00eb shkuar\u00ebs i shikoj si nj\u00eb penges\u00eb shum\u00eb reale p\u00ebr nj\u00eb t\u00eb ardhme t\u00eb begat\u00eb t\u00eb popullit shqiptar. Ato jan\u00eb si nj\u00eb zinxhir q\u00eb ia v\u00eb vetes, i cili e pengon popullin shqiptar, sado pun\u00ebtor i jasht\u00ebzakonsh\u00ebm t\u00eb jet\u00eb nga hedhja e hapave t\u00eb nevojsh\u00ebm p\u00ebrpara. Shk\u00ebputja jo e plot\u00eb me t\u00eb kaluar\u00ebn, gjithashtu, \u00ebsht\u00eb shkak p\u00ebr rritjen e dyshimeve t\u00eb zgjatura tek t\u00eb huajt mbi cil\u00ebsin\u00eb e demokracis\u00eb Shqiptare.<\/p>\n<p>E nj\u00ebjta gj\u00eb vlen p\u00ebr hijet e s\u00eb tashmes. Por, nd\u00ebrsa hijet e t\u00eb kaluar\u00ebs po zbehen, hijet e t\u00eb tashmes jan\u00eb t\u00eb zeza. Katastrofa e G\u00ebrdecit, qet\u00ebsia shurdhuese q\u00eb pasoi zbulimet e Wikileaks, d\u00ebshtimet \u201cteknike\u201d t\u00eb atyre pak \u00e7\u00ebshtjeve t\u00eb korrupsionit t\u00eb nivelit t\u00eb lart\u00eb q\u00eb arrit\u00ebn t\u00eb dalin p\u00ebrpara gjyqit, dhe mosp\u00ebrfundimi i \u00e7\u00ebshtjes s\u00eb vrasjeve t\u00eb 21 janarit, edhe pse po i afrohemi p\u00ebrvjetorit t\u00eb par\u00eb t\u00eb k\u00ebtyre ngjarjeve tragjike, por edhe t\u00eb ngjarjeve dhe veprimeve q\u00eb i pasuan, i hodh\u00ebn benzin\u00eb dyshimeve rreth drejt\u00ebsis\u00eb dhe demokracis\u00eb n\u00eb Shqip\u00ebri.<\/p>\n<p>Ju e shihni q\u00eb nuk po mbaj nj\u00eb q\u00ebndrim p\u00ebr at\u00eb se kush \u00ebsht\u00eb fajtor e kush i pafajsh\u00ebm. Po konstatoj nj\u00eb model shqet\u00ebsues. Drejt\u00ebsia dhe demokracia shqiptare duket se d\u00ebshtojn\u00eb vazhdimisht kur u duhet t\u00eb p\u00ebrballen me interesa t\u00eb pushtetit, dhe pik\u00ebrisht k\u00ebto momente duhet t\u00eb jen\u00eb ora e tyre ndritshme.<\/p>\n<p>E di q\u00eb edhe shum\u00eb shqiptar\u00eb e v\u00ebne re k\u00ebt\u00eb model dhe zhg\u00ebnjehen nga heshtja e nd\u00ebrkomb\u00ebtar\u00ebve. Por nuk jan\u00eb nd\u00ebrkomb\u00ebtar\u00ebt q\u00eb e qeverisin vendin tuaj. Jan\u00eb politikan\u00ebt tuaj.<\/p>\n<p>Megjithat\u00eb, ndryshe nga sa duket se besojn\u00eb disa, nd\u00ebrkomb\u00ebtar\u00ebt nuk jan\u00eb t\u00eb shurdh\u00ebr, memec\u00eb apo t\u00eb verb\u00ebr. Nuk ka gjasa q\u00eb Shqip\u00ebria t\u00eb jet\u00eb n\u00eb gjendje t\u00eb avancoj\u00eb shum\u00eb m\u00eb tej n\u00eb drejtim t\u00eb Europ\u00ebs me k\u00ebt\u00eb bagazh. P\u00ebr ta \u00e7uar Shqip\u00ebrin\u00eb p\u00ebrpara duhen duar t\u00eb pastra. Ajo \u00e7ka duhet pastruar \u00ebsht\u00eb e ditur publikisht dhe rubineti e sapuni ndodhen k\u00ebtu.<\/p>\n<p>Pra, t\u2019i kthehem pyetjes tuaj: po, ng\u00ebr\u00e7i politik i viteve t\u00eb fundit dhe disa ngjarje t\u00eb tjera qart\u00ebsisht e kan\u00eb d\u00ebmtuar reputacionin e Shqip\u00ebris\u00eb si dhe perspektivat tuaja p\u00ebr nj\u00eb rrug\u00eb t\u00eb shpejt\u00eb drejt an\u00ebtar\u00ebsimit n\u00eb BE. Veprimet e klas\u00ebs politike, paaft\u00ebsia e saj p\u00ebr t\u00eb gjetur kompromisin dhe zgjidhjet, d\u00ebshtimet e saj n\u00eb ngritjen dhe fortifikimin e institucioneve, sikurse dhe papjekuria e politik\u00ebs n\u00eb p\u00ebrgjith\u00ebsi, e kan\u00eb p\u00ebrjashtuar Shqip\u00ebrin\u00eb nga hedhja e hapit vendimtar drejt BE-s\u00eb p\u00ebr t\u00eb fituar statusin e kandidatit, pavar\u00ebsisht p\u00ebrparimeve t\u00eb pamohueshme ekonomike.<\/p>\n<p>Kjo nuk do t\u00eb thot\u00eb q\u00eb t\u00eb dy partit\u00eb kan\u00eb domosdoshm\u00ebrisht p\u00ebrgjegj\u00ebsi t\u00eb barabart\u00eb. Megjithat\u00eb, se kush duhet faj\u00ebsuar m\u00eb shum\u00eb, \u00ebsht\u00eb nj\u00eb \u00e7\u00ebshtje e diskutueshme p\u00ebr BE-n\u00eb dhe kryeqyetetet e saj. BE dhe an\u00ebtar\u00ebt e saj, realisht, nuk kan\u00eb ndonj\u00eb interes n\u00eb loj\u00ebn e fajit mes partive apo politikan\u00ebve. Shqet\u00ebsimi yn\u00eb i vet\u00ebm \u00ebsht\u00eb n\u00ebse Shqip\u00ebria \u00ebsht\u00eb gati apo jo, n\u00ebse Shqip\u00ebria \u00ebsht\u00eb n\u00eb rrug\u00ebn e duhur. P\u00ebr ta, \u00ebsht\u00eb Shqip\u00ebria, vet\u00eb ajo, an\u00ebtare perspektive e BE-s\u00eb dhe jo kjo apo ajo parti politike, jo ky apo ai lider.<\/p>\n<p><strong>Korrupsioni dhe qeverisja defektoze, pa harruar edhe bojkotin e shkaktuar nga tensioni politik, e kan\u00eb rr\u00ebzuar dy her\u00eb rresht Shqip\u00ebrin\u00eb n\u00eb testin europian. Si e shihni dinamik\u00ebn e p\u00ebrmbushjes s\u00eb k\u00ebrkesave q\u00eb BE ka formuluar p\u00ebr vendin ton\u00eb? A po ecet me ritmin e duhur?<\/strong><\/p>\n<p>S\u00eb pari, p\u00ebr bojkotin: Shum\u00eb sinqerisht, nuk mendoj se ai pati pasoja t\u00eb prekshme vendimtare, p\u00ebr perspektiv\u00ebn e Shqip\u00ebris\u00eb p\u00ebr an\u00ebtar\u00ebsim n\u00eb BE, apo si rrjedhoj\u00eb edhe p\u00ebr statusin e kandidatit. Dekadat e mund\u00ebsive t\u00eb humbura ishin shkaku kryesor. Megjithat\u00eb ajo \u00e7ka bojkoti b\u00ebri, ishte t\u00eb alarmonte bot\u00ebn e jashtme rreth problemeve t\u00eb fshehura dhe aktuale politike t\u00eb Shqip\u00ebris\u00eb. B\u00ebri q\u00eb Brukseli dhe kryeqytetet e tjera t\u00eb v\u00ebzhgonin m\u00eb nga af\u00ebr se \u00e7far\u00eb po ndodhte n\u00eb Shqip\u00ebri dhe tendencat. N\u00eb k\u00ebt\u00eb kuptim, sh\u00ebrbeu p\u00ebr t\u2019ia hapur syt\u00eb, si nj\u00eb k\u00ebmban\u00eb alarmi.<\/p>\n<p>Kjo nuk duhet interpretuar sikur un\u00eb n\u00eb nj\u00ebfar\u00eb m\u00ebnyre po shfaj\u00ebsoj bojkotin. Karakteristik\u00eb n\u00eb nj\u00eb demokraci moderne \u00ebsht\u00eb q\u00eb fush\u00ebbeteja kryesore politike \u00ebsht\u00eb Parlamenti. P\u00ebrpjekja p\u00ebr t\u00eb ndrequr nj\u00eb gabim duke b\u00ebr\u00eb nj\u00eb tjet\u00ebr, vet\u00ebm sa r\u00ebndon imazhin negativ t\u00eb Shqip\u00ebris\u00eb dhe skepticizmin e p\u00ebrhapur, tashm\u00eb, gjer\u00ebsisht rreth pjekuris\u00eb se klas\u00ebs tuaj politike. Dhe kjo, fatkeq\u00ebsisht, n\u00eb nj\u00eb koh\u00eb t\u00eb historis\u00eb s\u00eb Shqip\u00ebris\u00eb kur b\u00ebrja e gj\u00ebs\u00eb s\u00eb duhur ishte absolutisht vendimtare p\u00ebr t\u00eb ardhmen e saj. As maxhoranca as opozita, nuk kan\u00eb b\u00ebr\u00eb ndonj\u00eb gj\u00eb q\u00eb t\u00eb justifikojn\u00eb vet\u00ebmburrjen apo faj\u00ebsimin e tjetrit. Besoj fuqimisht, se do t\u00eb ishte m\u00eb e mira p\u00ebr reputacionin e \u00e7donj\u00ebr\u00ebs parti q\u00eb ta konsideronte k\u00ebt\u00eb periudh\u00eb t\u00eb keqe n\u00eb politik\u00ebn shqiptare si uji n\u00ebn ur\u00eb dhe t\u00eb ec\u00eb p\u00ebrpara.<\/p>\n<p>N\u00eb fund t\u00eb fundit, ajo q\u00eb vlen p\u00ebr perspektivat e Shqiperis\u00eb n\u00eb BE dhe dh\u00ebnien e statusit t\u00eb kandidatit \u00ebsht\u00eb ajo se \u00e7far\u00eb ka arritur Shqip\u00ebria. Ajo q\u00eb vlen \u00ebsht\u00eb gatishm\u00ebria e Shqip\u00ebris\u00eb, n\u00ebse Shqip\u00ebria \u00ebsht\u00eb n\u00eb rrug\u00ebn e duhur.<\/p>\n<p>Komisioni i BE-s\u00eb, b\u00ebri nj\u00eb vler\u00ebsim gjithp\u00ebrfshir\u00ebs n\u00eb vitin 2010 mbi arritjet e Shqip\u00ebris\u00eb, n\u00eb p\u00ebrgjigje t\u00eb k\u00ebrkes\u00ebs s\u00eb saj p\u00ebr statusin e kandidatit t\u00eb BE-s\u00eb. Raporti e b\u00ebri mjaft t\u00eb qart\u00eb se politikan\u00ebt shqiptar\u00eb nuk i kishin shfryt\u00ebzuar dekadat e fundit po aq efektivisht sa shum\u00eb nga homolog\u00ebt e tyre n\u00eb rajon. Qeverit\u00eb e nj\u00ebpasnj\u00ebshme shqiptare d\u00ebshtuan n\u00eb kryerjen mir\u00eb t\u00eb pun\u00ebs s\u00eb tyre. Raporti i Komisionit mbi Progresin Vjetor 2011 e konfirmoi k\u00ebt\u00eb tendenc\u00eb.<\/p>\n<p>Asnj\u00eb nuk d\u00ebshiron t\u00eb mohoj\u00eb se Shqip\u00ebria ka p\u00ebsuar ndryshime t\u00eb m\u00ebdha, ve\u00e7an\u00ebrisht gjat\u00eb dekad\u00ebs s\u00eb fundit, por k\u00ebto arritje, v\u00ebrtet impresionuese, kan\u00eb qen\u00eb s\u00eb pari n\u00eb sektorin ekonomik dhe, m\u00eb s\u00eb shumti, rezultat i zellit t\u00eb popullit shqiptar dhe pun\u00ebs s\u00eb madhe, t\u00eb pabesueshme t\u00eb tij. Gjat\u00eb tre viteve e gjysm\u00eb q\u00eb jam k\u00ebtu, jam habitur sinqerisht nga ajo q\u00eb shqiptar\u00ebt kan\u00eb qen\u00eb n\u00eb gjendje t\u00eb arrijn\u00eb. Dhe kjo \u00ebsht\u00eb p\u00ebr t\u2019u p\u00ebrg\u00ebzuar. Nd\u00ebrsa politika, e mb\u00ebrthyer te mentaliteti i t\u00eb kaluar\u00ebs, ka ngelur prapa, gjithnj\u00eb e m\u00eb shum\u00eb.<\/p>\n<p>Sektori publik, i cili \u00ebsht\u00eb absolutisht themelor p\u00ebr aft\u00ebsin\u00eb e Shqip\u00ebris\u00eb n\u00eb p\u00ebrballimin e sfidave t\u00eb an\u00ebtar\u00ebsis\u00eb n\u00eb BE, sikurse t\u00eb qenit nj\u00eb kusht paraprak p\u00ebr zgjatjen e rritjes ekonomike, \u00ebsht\u00eb l\u00ebn\u00eb i pazhvilluar dhe \u00ebsht\u00eb p\u00ebrkeq\u00ebsuar n\u00eb p\u00ebrmasa shqet\u00ebsuese. BE dhe t\u00eb tjer\u00ebt kan\u00eb k\u00ebshilluar, nxitur dhe i jan\u00eb lutur klas\u00ebs politike shqiptare ta nd\u00ebrtoj\u00eb dhe jo ta keqp\u00ebrdor\u00eb sektorin publik p\u00ebr q\u00ebllime private apo politike, por n\u00eb t\u00eb shumt\u00ebn e rasteve pa dobi. Pavar\u00ebsisht se shqet\u00ebsimet tona jan\u00eb b\u00ebr\u00eb publike, pasojat e zgjedhjeve t\u00eb fundit treguan edhe nj\u00eb her\u00eb elemente t\u00eb klas\u00ebs politike q\u00eb e p\u00ebr\u00e7mojn\u00eb k\u00ebshill\u00ebn, ligjin shqiptar, si edhe ndihm\u00ebn e mb\u00ebshtetjen e dh\u00ebn\u00eb nga nd\u00ebrkomb\u00ebtar\u00ebt. Njer\u00ebzit u pushuan nga puna duke e zbatuar pak ose aspak ligjin, p\u00ebr t\u00eb hapur vend p\u00ebr militant\u00ebt politik\u00eb. N\u00eb disa raste ka ndodhur fare hapur, dit\u00ebn p\u00ebr diell.<\/p>\n<p>Si nj\u00eb nd\u00ebrkomb\u00ebtar q\u00eb e p\u00ebrjeton k\u00ebt\u00eb, pyes veten n\u00ebse ndihma dhe k\u00ebshilla jon\u00eb ia vlen? N\u00ebse klasa politike shqiptare me t\u00eb v\u00ebrtet\u00eb d\u00ebshiron t\u2019i sjell\u00eb bashk\u00ebqytetar\u00ebt e saj n\u00eb BE? Ka gjithmon\u00eb nj\u00eb boshll\u00ebk t\u00eb madh midis retorik\u00ebs dhe veprimit, q\u00eb nuk arrin t\u00eb kuptohet nga nd\u00ebrkomb\u00ebtar\u00ebt, t\u00eb cil\u00ebt, gjithashtu, shum\u00eb shpesh shohin investimin e tyre tek populli shqiptar t\u00eb shkoj\u00eb d\u00ebm, p\u00ebr t\u2019i hapur vend militant\u00ebve politik\u00eb apo p\u00ebrfitimeve personale.<\/p>\n<p>I kam ngritur k\u00ebto \u00e7\u00ebshtje m\u00eb par\u00eb, ashtu si koleg\u00ebt e tjer\u00eb, t\u00eb cil\u00ebt mbase e kan\u00eb b\u00ebr\u00eb edhe n\u00eb terma m\u00eb diplomatik\u00eb se un\u00eb. Ajo q\u00eb duhet t\u00eb kuptoj\u00eb populli shqiptar, \u00ebsht\u00eb se ndihma dhe mb\u00ebshtetja nd\u00ebrkomb\u00ebtare nuk do t\u00eb zgjas\u00eb p\u00ebrgjithmon\u00eb. Shqip\u00ebria ka qen\u00eb n\u00eb t\u00eb asht\u00ebquajturin tranzicion p\u00ebr m\u00eb shum\u00eb se 20 vjet. Gjat\u00eb k\u00ebsaj periudhe vende t\u00eb tjera me t\u00eb kaluar t\u00eb ngjashme kan\u00eb ditur t\u00eb shfryt\u00ebzojn\u00eb dor\u00ebn ton\u00eb t\u00eb ndihm\u00ebs p\u00ebr t\u00eb arritur an\u00ebtar\u00ebsi t\u00eb plot\u00eb n\u00eb BE dhe t\u00eb rrisin standardin e jetes\u00ebs n\u00eb m\u00ebnyr\u00eb dramatike p\u00ebr t\u00eb gjith\u00eb popullsin\u00eb e tyre. Jam i bindur se shqiptar\u00ebt mund t\u00eb kishin arritur t\u00eb nj\u00ebjt\u00ebn gj\u00eb, n\u00ebse lider\u00ebt e tyre do t\u00eb kishin zgjedhur me zgjuarsi, n\u00eb t\u00eb mir\u00eb t\u00eb vendit dhe qytetar\u00ebve t\u00eb tyre.<\/p>\n<p>T\u2019i quash dy dekadat e fundit \u201cdekadat e mund\u00ebsis\u00eb s\u00eb humbur\u201d \u00ebsht\u00eb pak e tepruar, por, m\u00eb vjen keq ta them se ajo mbart nj\u00eb t\u00eb v\u00ebrtet\u00eb t\u00eb madhe. Duke qen\u00eb se t\u00eb gjith\u00eb vendet Europiane, n\u00eb fakt t\u00eb gjith\u00eb vendet donatore, jan\u00eb duke u ndeshur me sfida t\u00eb jasht\u00ebzakonshme ekonomike p\u00ebr veten e tyre, Shqip\u00ebria duhet t\u00eb kuptoj\u00eb q\u00eb sasia e parave t\u00eb mbetura dhe ndihma sfidohen gjithnj\u00eb e m\u00eb tep\u00ebr nga taksapaguesit e vendeve t\u00eb cilat sh\u00ebrbejn\u00eb si bamir\u00ebsit tuaj. P\u00ebr arsye t\u00eb kuptueshme dhe bind\u00ebse, si t\u2019ua shpjegojn\u00eb qeverit\u00eb tona taksapaguesve t\u00eb tyre se pjes\u00eb t\u00eb konsiderueshme t\u00eb parave t\u00eb fituara me mund prej tyre, n\u00eb t\u00eb v\u00ebrtet\u00eb vazhdojn\u00eb t\u00eb shp\u00ebrdorohen dhe t\u00eb mosvler\u00ebsohen si\u00e7 duhet?!<\/p>\n<p>Trishtuese \u00ebsht\u00eb se parat\u00eb e ndihm\u00ebs po e l\u00ebn\u00eb jasht\u00eb Shqip\u00ebrin\u00eb. Dhe kjo tendenc\u00eb ka t\u00eb ngjar\u00eb t\u00eb p\u00ebrshpejtohet, duke par\u00eb kufizimet financiare n\u00eb rritje t\u00eb shoq\u00ebrive donatore. Me sa di un\u00eb, Danimarka, \u00ebsht\u00eb i vetmi vend n\u00eb bot\u00eb q\u00eb e ka rritur ndihm\u00ebn e saj t\u00eb jashtme gjat\u00eb periudh\u00ebs s\u00eb kriz\u00ebs, p\u00ebrve\u00e7se, para s\u00eb gjithash, \u00ebsht\u00eb mes tre donator\u00ebve m\u00eb t\u00eb m\u00ebdhenj n\u00eb shkall\u00eb bot\u00ebrore sipas PKB-s\u00eb (Produktit Komb\u00ebtar Bruto). Shumica e donator\u00ebve t\u00eb tjer\u00eb e kan\u00eb shkurtuar buxhetin e tyre t\u00eb ndihm\u00ebs, disa madje shum\u00eb ashp\u00ebr.<\/p>\n<p>Kam frik\u00eb, se Shqip\u00ebria, sipas mendimit t\u00eb shum\u00eb prej atyre jasht\u00eb saj, e pati shansin e vet. Sasi t\u00eb konsiderueshme t\u00eb ndihm\u00ebs dhe burimeve t\u00eb huaja u derdh\u00ebn n\u00eb Shqip\u00ebri q\u00eb n\u00eb fillim t\u00eb viteve \u201990.<\/p>\n<p>Shum\u00eb u harxhua jo me zgjuarsi dhe tani burimi po shterron. Por fatmir\u00ebsisht Shqip\u00ebria ka nj\u00eb shans t\u00eb dyt\u00eb. N\u00ebse Shqip\u00ebria b\u00ebn at\u00eb q\u00eb duhet p\u00ebr t\u00eb marr\u00eb statusin e kandidatit n\u00eb BE, do t\u00eb ndryshonte n\u00eb m\u00ebnyr\u00eb t\u00eb dukshme dhe rindizte marr\u00ebdh\u00ebnien e saj me BE-n\u00eb edhe n\u00eb terma ekonomik.<\/p>\n<p>Kam v\u00ebn\u00eb re q\u00eb disa argumentojn\u00eb se Shqip\u00ebria nuk humbi ndonj\u00eb para duke mos marr\u00eb statusin e kandidatit n\u00eb vitin 2011. Kjo mund t\u00eb jet\u00eb e v\u00ebrtet\u00eb, nga perspektiva e nj\u00eb buxheti statik. Por \u00e7\u00ebshtja \u00ebsht\u00eb se Shqip\u00ebria humbi mbi fitimin. Atyre q\u00eb n\u00eb t\u00eb v\u00ebrtet\u00eb do t\u00eb p\u00ebrfitonin nga marrja e statusit, shqiptar\u00ebve, iu mohua nj\u00eb mund\u00ebsi e jasht\u00ebzakonshme p\u00ebr t\u00eb p\u00ebrfituar nga p\u00ebrfundimi i procesit t\u00eb integrimit Europian. Sepse nga fluksi i shtuar i parave dhe investimeve q\u00eb pasojn\u00eb statusin e kandidati, ata do t\u00eb p\u00ebrfitonin drejp\u00ebrs\u00ebdrejti n\u00eb nj\u00eb shkall\u00eb t\u00eb gjer\u00eb. Kjo \u00ebsht\u00eb vet\u00ebm nj\u00eb nga arsyet e shumta se p\u00ebrse statusi i kandidatit \u00ebsht\u00eb nj\u00eb hap kaq i r\u00ebnd\u00ebsish\u00ebm p\u00ebrpara.<\/p>\n<p>Kjo mund\u00ebsi e humbur ishte n\u00eb vetvete nj\u00eb t\u00ebrheqje serioze p\u00ebr momentin n\u00eb perspektiv\u00ebn e Shqip\u00ebris\u00eb n\u00eb BE, por edhe nj\u00eb fatkeq\u00ebsi, n\u00eb drit\u00ebn e p\u00ebrparimeve t\u00eb vendeve e tjera Ballkanike. Duke mos arritur ende q\u00eb mezi t\u00eb p\u00ebrmbush\u00eb kriterin e Kopenhagenit pas 20 viteve, nd\u00ebrsa t\u00eb tjer\u00ebt kan\u00eb p\u00ebrfunduar pak a shum\u00eb detyrat e tyre, Shqip\u00ebria mund t\u00eb humbas\u00eb trenin p\u00ebr n\u00eb Europ\u00eb, duke rrezikuar nj\u00eb kthim n\u00eb pozit\u00ebn e njeriut t\u00eb \u00e7uditsh\u00ebm t\u00eb Ballkanit.<\/p>\n<p>Populli shqiptar nuk e meriton k\u00ebt\u00eb fat. E vetmja m\u00ebnyr\u00eb p\u00ebr ta shmangur at\u00eb \u00ebsht\u00eb q\u00eb, me shpejt\u00ebsi dhe me vullnet, t\u00eb fokusoni t\u00eb t\u00ebr\u00eb \u2013 dhe e p\u00ebrs\u00ebris, t\u00eb t\u00ebr\u00eb \u2013 energjin\u00eb tuaj p\u00ebr t\u00eb kapur trenin e Brukselit p\u00ebrpara se ai t\u00eb ik\u00eb. Kushedi se kur apo n\u00ebse do t\u00eb ket\u00eb ndonj\u00eb tjet\u00ebr n\u00eb k\u00ebto koh\u00ebra. An\u00ebtar\u00ebsimi n\u00eb BE nuk \u00ebsht\u00eb nj\u00eb e drejt\u00eb, \u00ebsht\u00eb nj\u00eb mund\u00ebsi, dhe kam frik\u00eb se Shqip\u00ebria po e l\u00eb at\u00eb mund\u00ebsi t\u2019i rr\u00ebshqas\u00eb nga duart.<\/p>\n<p>Sigurisht, zhbllokimi i ng\u00ebr\u00e7it politik m\u00eb ka inkurajuar mua, koleg\u00ebt e mi, sikurse edhe kryeqytetet tona. Por, p\u00ebr t\u00eb qen\u00eb shum\u00eb i qart\u00eb, fakti q\u00eb politikan\u00ebt tani po flasin me nj\u00ebri-tjetrin, vet\u00ebm e kthen politik\u00ebn shqiptare, n\u00eb nj\u00ebfar\u00eb normaliteti, e kjo nuk \u00ebsht\u00eb nj\u00eb bilet\u00eb p\u00ebr n\u00eb BE apo p\u00ebr statusin e kandidatit, jan\u00eb rezultatet ato t\u00eb cilat duhet t\u00eb shohim. T\u00eb miratosh nj\u00eb ligj mbi trafikun dhe t\u00eb zgjedh\u00ebsh Avokatin e Popullit, megjith\u00ebse kan\u00eb r\u00ebnd\u00ebsi, dhe sigurisht q\u00eb jan\u00eb hapa pozitiv, por jan\u00eb ende larg hapave q\u00eb b\u00ebhet thirrje se duhen hedhur.<\/p>\n<p>M\u00eb p\u00eblqen t\u00eb jem optimist, sepse \u00e7do udh\u00ebtim fillon m\u00eb nj\u00eb hap t\u00eb par\u00eb, i cili sado i vog\u00ebl, shpesh \u00ebsht\u00eb m\u00eb i v\u00ebshtiri.<\/p>\n<p>Komisioni i BE-s\u00eb rreshtoi p\u00ebr Shqip\u00ebrin\u00eb 12 \u00e7\u00ebshtje q\u00eb duhen ndjekur, me q\u00ebllim q\u00eb ajo t\u00eb merret n\u00eb konsiderat\u00eb p\u00ebr statusin e kandidatit n\u00eb vler\u00ebsimin e tij gjith\u00ebp\u00ebrfshir\u00ebs n\u00eb vitin 2010. Trau nuk \u00ebsht\u00eb i vendosur jasht\u00ebzakonisht lart. Nuk \u00ebsht\u00eb nj\u00eb detyr\u00eb e paarritshme q\u00eb t\u00eb p\u00ebrfundosh nj\u00eb pun\u00eb, madje brenda nj\u00eb kohe t\u00eb shkurt\u00ebr. Do t\u00eb d\u00ebshiroja t\u00eb shihja hapa vendimtar\u00eb t\u00eb marr\u00eb gjat\u00eb Presidenc\u00ebs Daneze, me q\u00ebllim q\u00eb Shqip\u00ebria ta kuror\u00ebzonte 100 vjetorin e saj duke u b\u00ebr\u00eb nj\u00eb an\u00ebtar kandidat i BE-s\u00eb. E shumta q\u00eb k\u00ebrkohet \u00ebsht\u00eb zbatimi i angazhimeve dhe ligjeve t\u00eb m\u00ebparshme, pra nj\u00eb ndryshim i qasjes dhe sjelljes. Objektivisht, ka mjaft vend p\u00ebr optimiz\u00ebm.<\/p>\n<p>Por p\u00ebrs\u00ebri, trajtimi i zgjedhjeve t\u00eb ardhshme presidenciale, sipas mendimit tim, do t\u00eb jet\u00eb testi i ardhsh\u00ebm m\u00eb i r\u00ebnd\u00ebsish\u00ebm, q\u00eb do t\u00eb tregoj\u00eb n\u00ebse politikan\u00ebt shqiptar\u00eb duan ta \u00e7ojn\u00eb Shqip\u00ebrin\u00eb p\u00ebrpara apo prapa. Pa themelimin e institucioneve t\u00eb forta e t\u00eb pavarura, si Presidenca, nuk kan\u00eb ku t\u00eb mb\u00ebshteten ligjet e mira dhe njer\u00ebzit e ndersh\u00ebm, duke i l\u00ebn\u00eb ata t\u00eb ekspozuar ndaj cilitdo pushteti. Problemi kryesor i Shqip\u00ebris\u00eb nuk jan\u00eb ligjet e k\u00ebqia. Problemi \u00ebsht\u00eb se ligjet jan\u00eb injoruar dhe zbatuar n\u00eb m\u00ebnyr\u00eb selektive; se nj\u00eb telefonat\u00eb mund t\u00eb jet\u00eb m\u00eb urdh\u00ebruese sesa fleta e ligjit; se nj\u00eb em\u00ebr, nj\u00eb lidhje partiake apo nj\u00eb kulet\u00eb vendos rezultatin, dhe jo meritat e shtetit t\u00eb s\u00eb drejt\u00ebs.<\/p>\n<p>N\u00ebse institucionet funksionojn\u00eb si duhet n\u00eb nj\u00eb shoq\u00ebri demokratike, kjo nuk duhet t\u00eb ndodhte. Ja pra, pse rritja e institucioneve t\u00eb shoq\u00ebris\u00eb \u00ebsht\u00eb mbase detyra m\u00eb e r\u00ebnd\u00ebsishme prej t\u00eb gjithave, q\u00eb Shqip\u00ebria t\u00eb vazhdoj\u00eb n\u00eb rrug\u00ebn e demokracis\u00eb. Ja pra p\u00ebrse zgjedhja e Presidentit \u00ebsht\u00eb nj\u00eb test lakmusi.<\/p>\n<p><strong>N\u00eb intervist\u00ebn tuaj t\u00eb fundit jeni shprehur edhe p\u00ebr aspekte urbane t\u00eb jet\u00ebs n\u00eb Tiran\u00eb, si\u00e7 ishte dhe Piramida. Asokohe ju u shpreh\u00ebt kund\u00ebr shembjes s\u00eb saj, sot ajo vazhdon t\u00eb jet\u00eb aty ku ishte? Si ndjeheni p\u00ebr k\u00ebt\u00eb?<\/strong><\/p>\n<p>Padyshim q\u00eb jam i k\u00ebnaqur, por mendoj se shqiptar\u00ebt jan\u00eb ata q\u00eb duhet t\u00eb g\u00ebzohen q\u00eb pika e referimit e Tiran\u00ebs q\u00ebndron ende n\u00eb k\u00ebmb\u00eb. N\u00eb intervist\u00ebn time n\u00eb ver\u00eb, tek Mapo, paraqita disa argumenta se p\u00ebrse do t\u00eb ishte nj\u00eb gabim i r\u00ebnd\u00eb dhe ndoshta i kushtuesh\u00ebm po t\u00eb shkat\u00ebrrohej piramida, por m\u00eb lejoni t\u00eb shtjelloj m\u00eb shum\u00eb nj\u00eb pik\u00eb, pik\u00ebrisht p\u00ebr faktin se Piramida duhet prishur meq\u00eb \u00ebsht\u00eb simbol i t\u00eb kaluar\u00ebs.<\/p>\n<p>Ky ilustron nj\u00eb element thell\u00ebsisht shqet\u00ebsues t\u00eb politik\u00ebs shqiptare: se ju duhet t\u00eb shkat\u00ebrroni p\u00ebr t\u00eb fituar apo ecur p\u00ebrpara. \u00cbsht\u00eb ai lloj t\u00eb menduari, rr\u00ebnues, q\u00eb i kushtoi Shqip\u00ebris\u00eb statusin e kandidatit. Fatkeq\u00ebsisht, Shqip\u00ebria ka d\u00ebmtuar apo shkat\u00ebrruar shum\u00eb nga ato q\u00eb e b\u00ebnin vendin t\u00eb vlefsh\u00ebm p\u00ebr t\u2019u vizituar dhe shum\u00eb gj\u00ebra mbi t\u00eb cilat vendi duhet t\u00eb kishte nd\u00ebrtuar t\u00eb ardhmen e tij ekonomike. Dyshoj q\u00eb Shqip\u00ebria mundet t\u00eb p\u00ebrballoj\u00eb gabime t\u00eb tjera. Ju duhet t\u00eb filloni t\u00eb nd\u00ebrtoni mbi t\u00eb shkuar\u00ebn, n\u00ebse d\u00ebshironi t\u00eb hidhni hapin drejt s\u00eb ardhmes. N\u00ebse fantazma e Hoxh\u00ebs duhet zhdukur, dhe un\u00eb mendoj se duhet zhdukur, ndoshta do ishte m\u00eb mir\u00eb t\u00eb fokusoheni te arkivat e SHISH-it dhe Komitetit Q\u00ebndror, atje ku shpirti i v\u00ebrtet\u00eb i Hoxh\u00ebs q\u00ebndron i groposur deri m\u00eb sot.<\/p>\n<p>N\u00eb t\u00ebr\u00ebsi mendoj se ka arsye bind\u00ebse t\u00eb bollshme se p\u00ebrse parlamenti duhet ta rikonsideroj\u00eb vendimin e tij, dhe t\u00eb filloj\u00eb t\u00eb p\u00ebrq\u00ebndrohet mbi at\u00eb q\u00eb vendi dhe populli i tij ka nevoj\u00eb me t\u00eb v\u00ebrtet\u00eb.<\/p>\n<p><strong>Nga ana tjet\u00ebr, administrata e re e Bashkis\u00eb s\u00eb Tiran\u00ebs ka nxitur nj\u00eb konflikt tjet\u00ebr mbi sheshin e ri n\u00eb qend\u00ebr t\u00eb kryeqytetit. Meq\u00eb ra fjala, si ju duket ai?<\/strong><\/p>\n<p>Tirana ka qen\u00eb jasht\u00ebzakonisht me fat q\u00eb disa studio t\u00eb vler\u00ebsuara nd\u00ebrkomb\u00ebtarisht i kan\u00eb kushtuar koh\u00ebn dhe p\u00ebrpjekjet e tyre p\u00ebr t\u00eb marr\u00eb pjes\u00eb n\u00eb konkurset e projekteve p\u00ebr t\u00eb nd\u00ebrtuar p\u00ebrreth sheshit. Kjo p\u00ebrfshin dy studio arkitekture daneze t\u00eb famshme n\u00eb bot\u00eb, t\u00eb cilat i fituan konkurset p\u00ebrkat\u00ebse. N\u00ebse do t\u00eb realizohen, k\u00ebto projekte do ta vendosnin Tiran\u00ebn t\u00eb patundur n\u00eb hart\u00ebn e arkitektur\u00ebs bot\u00ebrore.<\/p>\n<p>Njer\u00ebz nga anemban\u00eb bot\u00ebs do t\u00eb udh\u00ebtonin n\u00eb Tiran\u00eb me q\u00ebllimin e vet\u00ebm p\u00ebr t\u00eb admiruar ato nd\u00ebrtesa. Projekti i fundit i Xhamis\u00eb dhe Qendr\u00ebs Kulturore, i hartuar nga nj\u00eb nga emrat m\u00eb t\u00eb shquar n\u00eb arkitektur\u00ebn nd\u00ebrkomb\u00ebtare Bjarke Ingels, BIG, n\u00eb ve\u00e7anti, do t\u00eb nd\u00ebrgjegj\u00ebsonte shum\u00eb p\u00ebr Tiran\u00ebn si nj\u00eb destinacion udh\u00ebtimi, sikurse do t\u00eb ishte nj\u00eb g\u00ebzim p\u00ebr shqiptar\u00ebt, p\u00ebr ta soditur e shfryt\u00ebzuar.<\/p>\n<p>Tirana gjithashtu ishte me fat q\u00eb pati arkitekt\u00eb t\u00eb njohur nd\u00ebrkomb\u00ebtar\u00eb t\u00eb skiconin vet\u00eb sheshin. Nuk kam mendim p\u00ebr projektin si t\u00eb till\u00eb, meq\u00eb nuk e kam studiuar at\u00eb. Por ajo q\u00eb do t\u00eb komentoja \u00ebsht\u00eb procesi, i cili, shum\u00eb sinqerisht, \u00ebsht\u00eb i pad\u00ebgjuar, t\u00eb pakt\u00ebn n\u00eb ato lloj shoq\u00ebrish me t\u00eb cilat Shqip\u00ebria aspiron t\u00eb krahasohet.<\/p>\n<p>T\u00eb ndryshosh nj\u00eb projekt n\u00eb m\u00ebnyr\u00eb t\u00eb nj\u00eban\u00ebshme, n\u00eb minut\u00ebn e fundit, kam frik\u00eb se do t\u2019i b\u00ebj\u00eb studiot e nivelit bot\u00ebror dhe t\u00eb tjerat t\u00eb shmangin angazhimet n\u00eb projekte shqiptare. T\u2019i ndryshosh buz\u00ebqeshjen Mona Liz\u00ebs, sepse preferon nj\u00eb ng\u00ebrdheshje, do t\u00eb siguroje q\u00eb Leonardo da Vin\u00e7i dhe figura t\u00eb tjera t\u00eb k\u00ebtij kalibri t\u00eb mendoheshin m\u00eb shum\u00eb se dy her\u00eb p\u00ebrpara se t\u2019ju dhuronin talentin e tyre.<br \/>\nDuke e th\u00ebn\u00eb k\u00ebt\u00eb, e di q\u00eb do t\u00eb shihem, nga disa, sikur hyj n\u00eb p\u00ebrleshjen politike p\u00ebr pushtetin n\u00eb Tiran\u00eb.<\/p>\n<p>N\u00ebse e b\u00ebni k\u00ebt\u00eb, dometh\u00ebn\u00eb q\u00eb nuk m\u00eb keni kuptuar. Si kryeqytet i vendit, Tirana \u00ebsht\u00eb vitrina kryesore e Shqip\u00ebris\u00eb. N\u00ebse d\u00ebshira e shprehur e Shqip\u00ebris\u00eb p\u00ebr t\u2019u b\u00ebr\u00eb nj\u00eb vend turistik dhe nj\u00eb vat\u00ebr e investitor\u00ebve t\u00eb huaj, t\u00eb jet\u00eb m\u00eb tep\u00ebr se nj\u00eb \u00ebnd\u00ebrr n\u00eb diell, Tirana ka nevoj\u00eb p\u00ebr nj\u00eb ndihm\u00eb t\u00eb madhe, sikurse e di \u00e7do shqiptar q\u00eb ka patur shansin t\u00eb vizitoj\u00eb kryeqytetet n\u00eb Europ\u00eb dhe jasht\u00eb saj.<\/p>\n<p>Ju keni nevoj\u00eb t\u00eb t\u00ebrhiqni, jo t\u00eb d\u00ebboni. Kjo \u00ebsht\u00eb arsyeja pse \u00e7far\u00eb ndodhi n\u00eb sheshin Sk\u00ebnderbej \u00ebsht\u00eb trishtuese. Kjo \u00ebsht\u00eb nj\u00eb nga arsyet se p\u00ebrse shkat\u00ebrrimi i pik\u00ebs s\u00eb referimit t\u00eb Tiran\u00ebs, Piramid\u00ebs, do t\u00eb ishte gjithashtu nj\u00eb gabim i madh. Kjo \u00ebsht\u00eb arsyeja q\u00eb, reduktimi i zonave t\u00eb k\u00ebmb\u00ebsor\u00ebve dhe korsive t\u00eb autobuz\u00ebve n\u00eb favor t\u00eb m\u00eb shum\u00eb makinave dhe madje t\u00eb nj\u00eb ndotjeje m\u00eb t\u00eb madhe \u2013 kjo e fundit tashm\u00eb \u00ebsht\u00eb n\u00eb nivele aq t\u00eb rrezikshme p\u00ebr sh\u00ebndetin publik, saq\u00eb makinat private mbase do t\u00eb ndaloheshin n\u00eb shumic\u00ebn e qyteteve t\u00eb tjera Europiane \u2013 varros \u00ebndrrat e qytetit p\u00ebr t\u00eb t\u00ebrhequr turist\u00eb dhe investime t\u00eb huaja.<\/p>\n<p>P\u00ebrs\u00ebri, nuk po e them k\u00ebt\u00eb p\u00ebr t\u00eb nxitur interesa t\u00eb ve\u00e7ant\u00eb politik. E them, sepse d\u00ebshiroj v\u00ebrtet\u00eb q\u00eb Shqip\u00ebria t\u2019ia dal\u00eb mban\u00eb dhe Tirana, duke qen\u00eb vitrina dhe kryeqyteti, luan nj\u00eb rol vendimtar n\u00eb suksesin e t\u00eb gjith\u00eb vendit. Por, kam frik\u00eb se ajo \u00e7ka ndodh k\u00ebtu, sikurse n\u00eb shum\u00eb destinacione t\u00eb tjera perspektive p\u00ebr turizmin dhe investimet, po i zhduk me shpejt\u00ebsi shanset q\u00eb k\u00ebto d\u00ebshira t\u00eb b\u00ebhen realitet.<\/p>\n<p>Sidoqoft\u00eb, ka pak drit\u00eb shprese n\u00eb gjith\u00eb Shqip\u00ebrin\u00eb. Bashkia e Kor\u00e7\u00ebs, p\u00ebr shembull, duket se po vepron si duhet p\u00ebr t\u2019u b\u00ebr\u00eb t\u00ebrheq\u00ebse p\u00ebr turist\u00ebt dhe investitor\u00ebt, sikurse p\u00ebr njer\u00ebzit q\u00eb jetojn\u00eb atje. Bashkit\u00eb e tjera do t\u00eb b\u00ebnin mir\u00eb t\u00eb m\u00ebsonin nga shembulli i Kor\u00e7\u00ebs. Por ka edhe disa bashki m\u00eb t\u00eb vogla q\u00eb po veprojn\u00eb shum\u00eb mir\u00eb, si ajo e Ul\u00ebz\u00ebs.<\/p>\n<p><strong>Si e prisni vitin 2012 p\u00ebr Europ\u00ebn? Po p\u00ebr Shqip\u00ebrin\u00eb cila \u00ebsht\u00eb prognoza juaj?<\/strong><\/p>\n<p>Nga e gjitha sa thuhet, 2012-ta, do t\u00eb jet\u00eb nj\u00eb vit vendimtar p\u00ebr Europ\u00ebn. Europa po p\u00ebrballet me dy kriza s\u00eb bashku, me at\u00eb financiare dhe at\u00eb t\u00eb ekzistenc\u00ebs. N\u00ebse Europa do t\u00eb dal\u00eb m\u00eb e fort\u00eb apo m\u00eb e dob\u00ebt \u00ebsht\u00eb ende her\u00ebt p\u00ebr t\u2019u th\u00ebn\u00eb. Ne si Presidenc\u00eb, do b\u00ebjm\u00eb m\u00eb t\u00eb mir\u00ebn p\u00ebr t\u00eb siguruar t\u00eb par\u00ebn.<\/p>\n<p>Shqip\u00ebria nuk \u00ebsht\u00eb m\u00eb nj\u00eb ishull i izoluar brenda Europ\u00ebs. \u00c7far\u00ebdo q\u00eb ndodh n\u00eb BE do t\u00eb ndikoj\u00eb thell\u00ebsisht Shqip\u00ebrin\u00eb, Kosov\u00ebn, n\u00eb t\u00eb v\u00ebrtet\u00eb, t\u00eb gjith\u00eb shqiptar\u00ebt n\u00eb rajon. Efektet tashm\u00eb jan\u00eb ndier. K\u00ebshtu, jetesa dhe e ardhmja juaj, n\u00eb pjes\u00ebn m\u00eb t\u00eb madhe t\u00eb tyre, varen nga se si Europa do ta kaloj\u00eb k\u00ebt\u00eb kriz\u00eb t\u00eb dyfisht\u00eb. P\u00ebr mua ka qen\u00eb e \u00e7uditshme se sa, relativisht pak, fokusohet media shqiptare tek pasojat e ndryshimeve t\u00eb trazuara q\u00eb ndodhin n\u00eb vendet fqinj\u00eb apo diku tjet\u00ebr n\u00eb Europ\u00eb.<br \/>\nQ\u00eb Shqip\u00ebria t\u00eb b\u00ebj\u00eb zgjedhjet e duhura, \u00ebsht\u00eb e r\u00ebnd\u00ebsishme t\u00eb kuptoj\u00eb se \u00e7far\u00eb shkalle lirie i jep jeta. Dhe shkalla e liris\u00eb p\u00ebr Shqip\u00ebrin\u00eb po zvog\u00eblohet me shpejt\u00ebsi.<\/p>\n<p>Shqip\u00ebria ka shum\u00eb pak koh\u00eb t\u00eb mbledh\u00eb mendjen, n\u00ebse e do nj\u00eb t\u00eb ardhme europiane, apo, p\u00ebr t\u00eb qen\u00eb shum\u00eb i drejtp\u00ebrdrejt\u00eb, n\u00ebse do q\u00eb t\u00eb kthehet n\u00eb nj\u00eb lloj forme izolimi si m\u00eb par\u00eb. Populli shqiptar duhet t\u00eb jet\u00eb jasht\u00ebzakonisht i pap\u00ebrmbajtur n\u00eb favor t\u00eb s\u00eb par\u00ebs. N\u00ebse edhe pushtetet e duan k\u00ebt\u00eb, mbetet p\u00ebr t\u2019u par\u00eb. Megjithat\u00eb, ajo q\u00eb un\u00eb nuk e shoh si mund\u00ebsi, \u00ebsht\u00eb nj\u00eb Shqip\u00ebri q\u00eb shijon frutet e Europ\u00ebs pa i plot\u00ebsuar k\u00ebrkesat e saj. Kjo nuk \u00ebsht\u00eb m\u00eb e pranueshme p\u00ebr taksapaguesit e Europ\u00ebs.<\/p>\n<p>Sikurse e kam prekur n\u00eb intervista t\u00eb tjera, politik\u00ebs shqiptare i mungon vler\u00ebsimi p\u00ebr interesin e p\u00ebrbashk\u00ebt, kaq i domosdosh\u00ebm p\u00ebr Shqip\u00ebrin\u00eb q\u00eb t\u00eb ket\u00eb sukses si komb. Politika \u00ebshte e fokusuar mbi interesa individuale dhe vetjake. Mendoni pak! Sa shpesh e d\u00ebgjoni nj\u00eb politikan shqiptar t\u00eb flas\u00eb rreth interesit komb\u00ebtar, dhe p\u00ebr t\u00eb mir\u00ebn e vendit?! Politika shqiptare \u00ebsht\u00eb rreth PD-s\u00eb, PS-s\u00eb, LSI-s\u00eb dhe shum\u00eb shkurtimeve t\u00eb tjera, q\u00eb p\u00ebrb\u00ebjn\u00eb panoram\u00ebn e politik\u00ebs shqiptare, si dhe m\u00eb shpesh rreth atyre q\u00eb personifikojn\u00eb k\u00ebto shkurtime. Rall\u00eb d\u00ebgjoni politikan\u00eb shqiptar\u00eb t\u00eb shprehin me z\u00eb mendimet dhe vizionet e tyre p\u00ebr Shqip\u00ebrin\u00eb si nj\u00eb komb dhe \u00e7far\u00eb mund t\u00eb p\u00ebrfitojn\u00eb t\u00eb gjith\u00eb shqiptar\u00ebt apo brezat e ardhsh\u00ebm.<\/p>\n<p>Kjo nuk \u00ebsht\u00eb nj\u00eb s\u00ebmundje e trash\u00ebguar e politik\u00ebs shqiptare. Kosova, e cila ndesh sfida edhe m\u00eb t\u00eb m\u00ebdha se vet\u00eb Shqip\u00ebria, shfaq m\u00eb pak nga k\u00ebto tipare. Pavar\u00ebsisht diferencave dhe interesave vetjake t\u00eb tyre, politikan\u00ebt kosovar\u00eb, duket t\u00eb ken\u00eb nj\u00eb kuptim shum\u00eb m\u00eb t\u00eb thell\u00eb p\u00ebr at\u00eb se \u00e7far\u00eb \u00ebsht\u00eb e r\u00ebnd\u00ebsishme p\u00ebr mbijetes\u00ebn dhe t\u00eb ardhmen e shtetit t\u00eb tyre. N\u00eb k\u00ebt\u00eb kuptim, mund t\u00eb thuhet se perspektivat Kosov\u00ebs p\u00ebr an\u00ebtar\u00ebsim n\u00eb BE jan\u00eb n\u00eb fakt m\u00eb t\u00eb mira se t\u00eb Shqip\u00ebris\u00eb. Q\u00ebndrimi, t\u00eb pakt\u00ebn, \u00ebsht\u00eb m\u00eb konstruktiv, m\u00eb i pjekur, ndon\u00ebse Kosova \u00ebsht\u00eb e pavarur prej vet\u00ebm pak vitesh.<\/p>\n<p>Megjithat\u00eb, mbase po d\u00ebshmojm\u00eb nisjen e ndryshimit p\u00ebr mir\u00eb. N\u00eb dy vitet e fundit kam v\u00ebn\u00eb re nj\u00eb rritje t\u00eb shpejt\u00eb t\u00eb nd\u00ebrgjegj\u00ebsimit t\u00eb kultur\u00ebs dhe identitetit shqiptar. Disa e shohin k\u00ebt\u00eb si nj\u00eb shenj\u00eb shqet\u00ebsuese. Un\u00eb jo. Nacionalizmi nuk \u00ebsht\u00eb natyrshm\u00ebrisht i keq, \u00ebsht\u00eb nj\u00eb element i domosdosh\u00ebm p\u00ebr nd\u00ebrtimin e kombit, dhe ndoshta ajo \u00e7far\u00eb duhet p\u00ebr ta b\u00ebr\u00eb politik\u00ebn shqiptare t\u00eb filloj\u00eb t\u00eb fokusohet n\u00eb t\u00eb mir\u00ebn e vendit, kombit dhe popullit, sesa n\u00eb mir\u00ebqenien e pushteteve q\u00eb ekzistojn\u00eb.<\/p>\n<p>Nj\u00eb vet\u00ebdije komb\u00ebtare shqiptare m\u00eb e madhe n\u00eb rajon, mund t\u00eb jet\u00eb nj\u00eb forc\u00eb shtyt\u00ebse p\u00ebr ndryshim pozitiv n\u00eb rajon. Historiku i Shqip\u00ebris\u00eb \u00ebsht\u00eb i lavd\u00ebruesh\u00ebm dhe i pashoq. Shqiptar\u00ebt vazhdimisht kan\u00eb nxitur paqen rajonale dhe t\u00eb kuptuarin e t\u00eb kaluar\u00ebs. Dhe vazhdojn\u00eb ta b\u00ebjn\u00eb k\u00ebt\u00eb. Nuk shoh arsye se p\u00ebrse mentaliteti shqiptar duhet t\u00eb ndryshoj\u00eb me rritjen e nd\u00ebrgjegj\u00ebsimit p\u00ebr t\u00eb kuptuar se shqiptar\u00ebt jan\u00eb nj\u00eb popull dhe nj\u00eb komb. E th\u00ebn\u00eb kjo, mendoj se gjithashtu \u00ebsht\u00eb e qart\u00eb p\u00ebr cilindo, me m\u00eb t\u00eb vogl\u00ebn njohje t\u00eb dinamik\u00ebs s\u00eb rajonit, se nj\u00eb komb shqiptar mund t\u00eb realizohet vet\u00ebm n\u00ebn \u00e7adr\u00ebn e Bashkimit Europian.<\/p>\n<p>N\u00ebse rezultati i gjith\u00eb k\u00ebsaj do t\u00eb jet\u00eb pozitiv apo negativ, nuk mund ta them. Me t\u00eb gjitha gjasat, 2012-ta do t\u00eb jet\u00eb nj\u00eb vit vendimtar p\u00ebr Shqip\u00ebrin\u00eb. Pavar\u00ebsisht gjith\u00e7kaje, \u00ebsht\u00eb n\u00eb dor\u00eb t\u00eb Shqip\u00ebris\u00eb t\u00eb b\u00ebj\u00eb zgjedhjet e veta t\u00eb duhura, sipas rrethanave, por edhe t\u00eb qenit inaktiv, n\u00eb vetevete, \u00ebsht\u00eb nj\u00eb zgjedhje. Koha po ec\u00ebn, madje shpejt.<\/p>\n<p>Ekziston nj\u00eb fokus ekskluziv e i duksh\u00ebm i debatit publik mbi \u00e7\u00ebshtjet q\u00eb shqet\u00ebsojn\u00eb kryesisht zhvillimet n\u00eb Tiran\u00eb, pavar\u00ebsisht faktit se Shqip\u00ebria ekziston edhe ne zonat e neglizhuara t\u00eb vendit. Mendoni se ekziston ndonj\u00eb shk\u00ebputje nga realiteti i shtres\u00ebs s\u00eb mesme, n\u00eb diskutimin e sot\u00ebm?<\/p>\n<p>Besoj se indirekt i jam p\u00ebrgjigjur pyetjes tuaj duke treguar pasojat e zgjedhjeve t\u00eb b\u00ebra nga politikan\u00ebt shqiptar\u00eb gjat\u00eb dekad\u00ebs s\u00eb fundit. Ata q\u00eb paguan \u00e7mimin m\u00eb t\u00eb lart p\u00ebr mund\u00ebsit\u00eb e shkuara d\u00ebm, jan\u00eb ata q\u00eb jan\u00eb m\u00eb shum\u00eb n\u00eb nevoj\u00eb. Shumica jetojn\u00eb jasht\u00eb Tiran\u00ebs.<\/p>\n<p>Por mendoj se keni t\u00eb drejt\u00eb q\u00eb e vini re se ndarja mes jetes\u00ebs s\u00eb kryeqytetit dhe periferis\u00eb, \u00ebsht\u00eb ndoshta m\u00eb e madhe n\u00eb Shqip\u00ebri sesa n\u00eb shumic\u00ebn e vendeve t\u00eb tjera.<\/p>\n<p>Tashm\u00eb kjo nuk t\u00eb \u00e7udit. Un\u00eb nuk di ndonj\u00eb politikan q\u00eb aktualisht jeton mes komunitetit i cili e ka zgjedhur, p\u00ebrve\u00e7se n\u00ebse \u00ebsht\u00eb zgjedhur n\u00eb kryeqytet. Nuk do p\u00ebrjashtoja q\u00eb disa e b\u00ebjn\u00eb, por me siguri q\u00eb kjo nuk \u00ebsht\u00eb norm\u00eb. Gj\u00eb e cila, n\u00eb vetvete nxit shk\u00ebputjen. E nj\u00ebjta gj\u00eb vlen p\u00ebr analist\u00ebt dhe median, meq\u00eb ra fjala.<\/p>\n<p>Problemi mund t\u00eb jet\u00eb m\u00eb i thell\u00eb, sesa vet\u00ebm nj\u00eb \u00e7\u00ebshtje e klas\u00ebs politike dhe medias q\u00eb shk\u00ebputen p\u00ebr shkaqe interesash dhe gjeografike. Kam frik\u00eb se mund t\u00eb jet\u00eb nj\u00eb tregues i di\u00e7kaje m\u00eb shqet\u00ebsuese dhe fondamentale, pik\u00ebrisht munges\u00ebs s\u00eb besimit t\u00eb elit\u00ebs te populli shqiptar dhe Shqip\u00ebria.<\/p>\n<p>Edhe pse shpresoj q\u00eb jo, duket q\u00eb politikan\u00ebt shqiptar\u00eb dhe t\u00eb tjer\u00eb njer\u00ebz me r\u00ebnd\u00ebsi, vazhdimisht preferojn\u00eb spitalet e huaja, shkollat e huaja, etj, p\u00ebr veten dhe familjet e tyre. Kjo mund t\u00eb mos jet\u00eb shum\u00eb e habitshme, duke par\u00eb kushtet n\u00eb sektorin publik shqiptar, edhe pse ju tashm\u00eb keni disa institucione shum\u00eb t\u00eb mira, kryesisht private n\u00eb Tiran\u00eb.<\/p>\n<p>Por prapambetja e sektorit publik sh\u00ebndet\u00ebsor dhe arsimor, \u00ebsht\u00eb pik\u00ebrisht ajo q\u00eb t\u00eb b\u00ebn t\u00eb reflektosh, se pse \u00ebsht\u00eb b\u00ebr\u00eb relativisht pak p\u00ebr t\u00eb investuar dhe p\u00ebrmir\u00ebsuar k\u00ebto sh\u00ebrbime kaq jet\u00ebsore p\u00ebr t\u00eb tashmen dhe t\u00eb ardhmen e Shqip\u00ebris\u00eb dhe popullit t\u00eb saj. Madje, do t\u00eb mjaftonin shuma modeste p\u00ebr t\u2019i ndrequr ato. Reflektimet kthehen n\u00eb zhg\u00ebnjime, kur parlamenti zgjedh, t\u00eb pakt\u00ebn n\u00eb parim, t\u00eb alokoj\u00eb shuma t\u00eb jasht\u00ebzakonshme parash publike p\u00ebr t\u00eb nd\u00ebrtuar nj\u00eb parlament t\u00eb ri, dhe ta b\u00ebj\u00eb at\u00eb fill pas rinovimit t\u00eb ambjenteve t\u00eb tanishme me nj\u00eb kosto t\u00eb lart\u00eb. Ky \u00ebsht\u00eb nj\u00eb shembull mes t\u00ebr\u00eb atyre zgjedhjeve q\u00eb tregojn\u00eb drejtimin e gabuar.<\/p>\n<p>Si donator, them se zgjedhje t\u00eb tilla, qart\u00ebsisht ngren\u00eb shqet\u00ebsime t\u00eb r\u00ebnda, n\u00ebse p\u00ebrpjekjet tona ia vlejn\u00eb me t\u00eb v\u00ebrtet\u00eb. N\u00ebse lider\u00ebt tuaj nuk kan\u00eb besim t\u00eb investojn\u00eb n\u00eb t\u00eb ardhmen e vendit dhe popullit t\u00eb tyre, pse duhet t\u00eb ken\u00eb nd\u00ebrkomb\u00ebtar\u00ebt?!<\/p>\n<p>Ajo q\u00eb \u00ebsht\u00eb m\u00eb e \u00e7uditshme \u00ebsht\u00eb fakti se p\u00ebrse elektorati shqiptar vazhdon t\u00eb zgjedh\u00eb p\u00ebrfaq\u00ebsues t\u00eb cil\u00ebt nuk e kan\u00eb Shqip\u00ebrin\u00eb dhe shqiptar\u00ebt n\u00eb qend\u00ebr t\u00eb v\u00ebmendjes s\u00eb tyre?!<\/p>\n<p>Mendoj se pjes\u00ebrisht duhet faj\u00ebsuar media. Shumica jasht\u00eb Tiran\u00ebs kan\u00eb Televizionin Publik (TVSH-n\u00eb) si burimin e tyre kryesor t\u00eb informacionit. P\u00ebrve\u00e7se i financuar nga taksapaguesit, ai nuk e p\u00ebrmbush emrin e tij. Ky \u00ebsht\u00eb nj\u00eb problem i madh n\u00eb demokraci, i cili nuk e ka v\u00ebmendjen e duhur nga nd\u00ebrkomb\u00ebtar\u00ebt. Kujtoj q\u00eb vet\u00ebm Ambasadori amerikan e ka ngritur k\u00ebt\u00eb \u00e7\u00ebshtje. Mbase kjo nuk \u00ebsht\u00eb v\u00ebn\u00eb re nga fakti se edhe vet\u00eb ne jemi t\u00eb vendosur n\u00eb Tiran\u00eb.<\/p>\n<p>N\u00eb t\u00eb nj\u00ebjt\u00ebn m\u00ebnyr\u00eb, mbase nd\u00ebrkomb\u00ebtar\u00ebt nuk kan\u00eb qen\u00eb shum\u00eb t\u00eb suksessh\u00ebm n\u00eb shpjegimin se \u00e7far\u00eb \u00ebsht\u00eb BE-ja n\u00eb t\u00eb v\u00ebrtet\u00eb. Po t\u00eb kthehemi pas, mendoj se nuk kemi b\u00ebr\u00eb nj\u00eb pun\u00eb t\u00eb mir\u00eb n\u00eb vizualizimin se \u00e7far\u00eb do t\u00eb sillte konkretisht, p\u00ebr qytetar\u00ebt shqiptar\u00eb dhe brezat q\u00eb vijn\u00eb, zgjedhja e rrug\u00ebs s\u00eb BE-s\u00eb. Ajo \u00ebsht\u00eb shum\u00eb m\u00eb tep\u00ebr se liberalizimi i vizave. Ky \u00ebsht\u00eb nj\u00eb vaakum q\u00eb Ambasadori i BE-s\u00eb tani po p\u00ebrpiqet shum\u00eb ta korrigjoj\u00eb me ndihm\u00ebn e koleg\u00ebve t\u00eb tjer\u00eb t\u00eb BE-s\u00eb.<\/p>\n<p>T\u00eb moskuptuarit se \u00e7\u2019\u00ebsht\u00eb BE-ja, \u00ebsht\u00eb edhe rezultat i nj\u00eb kulture politike e cila redukton \u00e7\u00ebshtjet e rend\u00ebsishme sociale, p\u00ebrfshir\u00eb BE-n\u00eb, n\u00eb luft\u00ebra t\u00eb brendshme personale, p\u00ebrbaltje apo propagand\u00eb t\u00eb past\u00ebr. BE \u00ebsht\u00eb e komplikuar. \u00cbsht\u00eb t\u00eb marr\u00ebsh e t\u00eb jap\u00ebsh, por, p\u00ebr Shqip\u00ebrin\u00eb, t\u00eb marr\u00ebsh, \u00ebsht\u00eb gjithnj\u00eb m\u00eb tep\u00ebr sesa t\u00eb jap\u00ebsh, sigurisht nga pik\u00ebpamja e shqiptar\u00ebve t\u00eb ndersh\u00ebm e t\u00eb palodhur. Fatmir\u00ebsisht, ata jan\u00eb shumica e sh\u00ebndetshme. Por, sikurse \u00e7dokush e di, edhe fare pak moll\u00eb t\u00eb krimbura n\u00eb kosh, e prishin t\u00eb t\u00ebrin.<\/p>\n<p><strong>N\u00ebse do t\u00eb ftoheshit t\u00eb formulonit nj\u00eb urim p\u00ebr shqiptar\u00ebt, cili do t\u00eb ishte ai?<\/strong><\/p>\n<p>Kapeni mund\u00ebsin\u00eb, nd\u00ebrsa e keni k\u00ebtu. P\u00ebrmbushni potencialin e madh t\u00eb Shqip\u00ebris\u00eb. Kuror\u00ebzoni 100 vjetorin tuaj me marrjen e statusit t\u00eb kandidatit n\u00eb BE. Mos pranoni asgj\u00eb m\u00eb pak nga lider\u00ebt!<\/p>\n<p><strong>Revista JAVA<\/strong><\/p>\n","protected":false},"excerpt":{"rendered":"<p>TemA Online, 7 Janar 2012 \u201cShqip\u00ebria ka shum\u00eb pak koh\u00eb t\u00eb mbledh\u00eb mendjen, n\u00ebse e do nj\u00eb t\u00eb ardhme europiane, apo, p\u00ebr t\u00eb qen\u00eb shum\u00eb i drejtp\u00ebrdrejt\u00eb, n\u00ebse do q\u00eb t\u00eb kthehet n\u00eb nj\u00eb lloj forme izolimi si m\u00eb par\u00eb. Populli shqiptar duhet t\u00eb jet\u00eb jasht\u00ebzakonisht i pap\u00ebrmbajtur n\u00eb favor t\u00eb s\u00eb par\u00ebs. N\u00ebse edhe [&hellip;]<\/p>\n","protected":false},"author":1,"featured_media":0,"comment_status":"open","ping_status":"closed","sticky":false,"template":"","format":"standard","meta":{"footnotes":""},"categories":[2,4],"tags":[],"class_list":{"0":"post-1020","1":"post","2":"type-post","3":"status-publish","4":"format-standard","6":"category-artikuj","7":"category-intervista"},"yoast_head":"<!-- This site is optimized with the Yoast SEO plugin v27.4 - https:\/\/yoast.com\/product\/yoast-seo-wordpress\/ -->\n<title>INTERVISTA E PLOTE\/ Ambasadori danez: Shkalla e liris\u00eb p\u00ebr Shqip\u00ebrin\u00eb po zvog\u00eblohet me shpejt\u00ebsi - FjALA e LIR\u00cb - Arkivi<\/title>\n<meta name=\"robots\" content=\"index, follow, max-snippet:-1, max-image-preview:large, max-video-preview:-1\" \/>\n<link rel=\"canonical\" href=\"https:\/\/fjala.info\/2009-2015\/intervista-e-plote-ambasadori-danez-shkalla-e-lirise-per-shqiperine-po-zvogelohet-me-shpejtesi\/\" \/>\n<meta property=\"og:locale\" content=\"sq_AL\" \/>\n<meta property=\"og:type\" content=\"article\" \/>\n<meta property=\"og:title\" content=\"INTERVISTA E PLOTE\/ Ambasadori danez: Shkalla e liris\u00eb p\u00ebr Shqip\u00ebrin\u00eb po zvog\u00eblohet me shpejt\u00ebsi - FjALA e LIR\u00cb - Arkivi\" \/>\n<meta property=\"og:description\" content=\"TemA Online, 7 Janar 2012 \u201cShqip\u00ebria ka shum\u00eb pak koh\u00eb t\u00eb mbledh\u00eb mendjen, n\u00ebse e do nj\u00eb t\u00eb ardhme europiane, apo, p\u00ebr t\u00eb qen\u00eb shum\u00eb i drejtp\u00ebrdrejt\u00eb, n\u00ebse do q\u00eb t\u00eb kthehet n\u00eb nj\u00eb lloj forme izolimi si m\u00eb par\u00eb. Populli shqiptar duhet t\u00eb jet\u00eb jasht\u00ebzakonisht i pap\u00ebrmbajtur n\u00eb favor t\u00eb s\u00eb par\u00ebs. N\u00ebse edhe [&hellip;]\" \/>\n<meta property=\"og:url\" content=\"https:\/\/fjala.info\/2009-2015\/intervista-e-plote-ambasadori-danez-shkalla-e-lirise-per-shqiperine-po-zvogelohet-me-shpejtesi\/\" \/>\n<meta property=\"og:site_name\" content=\"FjALA e LIR\u00cb - Arkivi\" \/>\n<meta property=\"article:published_time\" content=\"2012-01-07T21:52:33+00:00\" \/>\n<meta property=\"og:image\" content=\"http:\/\/www.shkoder.net\/images\/fjala\/2011\/karsten_ankjaer_jensen.jpg\" \/>\n<meta name=\"author\" content=\"admin\" \/>\n<meta name=\"twitter:card\" content=\"summary_large_image\" \/>\n<meta name=\"twitter:label1\" content=\"Written by\" \/>\n\t<meta name=\"twitter:data1\" content=\"admin\" \/>\n\t<meta name=\"twitter:label2\" content=\"Est. reading time\" \/>\n\t<meta name=\"twitter:data2\" content=\"39 minutes\" \/>\n<script type=\"application\/ld+json\" class=\"yoast-schema-graph\">{\"@context\":\"https:\\\/\\\/schema.org\",\"@graph\":[{\"@type\":\"Article\",\"@id\":\"https:\\\/\\\/fjala.info\\\/2009-2015\\\/intervista-e-plote-ambasadori-danez-shkalla-e-lirise-per-shqiperine-po-zvogelohet-me-shpejtesi\\\/#article\",\"isPartOf\":{\"@id\":\"https:\\\/\\\/fjala.info\\\/2009-2015\\\/intervista-e-plote-ambasadori-danez-shkalla-e-lirise-per-shqiperine-po-zvogelohet-me-shpejtesi\\\/\"},\"author\":{\"name\":\"admin\",\"@id\":\"https:\\\/\\\/fjala.info\\\/2009-2015\\\/#\\\/schema\\\/person\\\/3aa1163ef05469c496fc94e77611ada2\"},\"headline\":\"INTERVISTA E PLOTE\\\/ Ambasadori danez: Shkalla e liris\u00eb p\u00ebr Shqip\u00ebrin\u00eb po zvog\u00eblohet me shpejt\u00ebsi\",\"datePublished\":\"2012-01-07T21:52:33+00:00\",\"mainEntityOfPage\":{\"@id\":\"https:\\\/\\\/fjala.info\\\/2009-2015\\\/intervista-e-plote-ambasadori-danez-shkalla-e-lirise-per-shqiperine-po-zvogelohet-me-shpejtesi\\\/\"},\"wordCount\":7854,\"commentCount\":0,\"publisher\":{\"@id\":\"https:\\\/\\\/fjala.info\\\/2009-2015\\\/#organization\"},\"image\":{\"@id\":\"https:\\\/\\\/fjala.info\\\/2009-2015\\\/intervista-e-plote-ambasadori-danez-shkalla-e-lirise-per-shqiperine-po-zvogelohet-me-shpejtesi\\\/#primaryimage\"},\"thumbnailUrl\":\"http:\\\/\\\/www.shkoder.net\\\/images\\\/fjala\\\/2011\\\/karsten_ankjaer_jensen.jpg\",\"articleSection\":[\"Artikuj\",\"Intervista\"],\"inLanguage\":\"sq-AL\",\"potentialAction\":[{\"@type\":\"CommentAction\",\"name\":\"Comment\",\"target\":[\"https:\\\/\\\/fjala.info\\\/2009-2015\\\/intervista-e-plote-ambasadori-danez-shkalla-e-lirise-per-shqiperine-po-zvogelohet-me-shpejtesi\\\/#respond\"]}]},{\"@type\":\"WebPage\",\"@id\":\"https:\\\/\\\/fjala.info\\\/2009-2015\\\/intervista-e-plote-ambasadori-danez-shkalla-e-lirise-per-shqiperine-po-zvogelohet-me-shpejtesi\\\/\",\"url\":\"https:\\\/\\\/fjala.info\\\/2009-2015\\\/intervista-e-plote-ambasadori-danez-shkalla-e-lirise-per-shqiperine-po-zvogelohet-me-shpejtesi\\\/\",\"name\":\"INTERVISTA E PLOTE\\\/ Ambasadori danez: Shkalla e liris\u00eb p\u00ebr Shqip\u00ebrin\u00eb po zvog\u00eblohet me shpejt\u00ebsi - FjALA e LIR\u00cb - Arkivi\",\"isPartOf\":{\"@id\":\"https:\\\/\\\/fjala.info\\\/2009-2015\\\/#website\"},\"primaryImageOfPage\":{\"@id\":\"https:\\\/\\\/fjala.info\\\/2009-2015\\\/intervista-e-plote-ambasadori-danez-shkalla-e-lirise-per-shqiperine-po-zvogelohet-me-shpejtesi\\\/#primaryimage\"},\"image\":{\"@id\":\"https:\\\/\\\/fjala.info\\\/2009-2015\\\/intervista-e-plote-ambasadori-danez-shkalla-e-lirise-per-shqiperine-po-zvogelohet-me-shpejtesi\\\/#primaryimage\"},\"thumbnailUrl\":\"http:\\\/\\\/www.shkoder.net\\\/images\\\/fjala\\\/2011\\\/karsten_ankjaer_jensen.jpg\",\"datePublished\":\"2012-01-07T21:52:33+00:00\",\"breadcrumb\":{\"@id\":\"https:\\\/\\\/fjala.info\\\/2009-2015\\\/intervista-e-plote-ambasadori-danez-shkalla-e-lirise-per-shqiperine-po-zvogelohet-me-shpejtesi\\\/#breadcrumb\"},\"inLanguage\":\"sq-AL\",\"potentialAction\":[{\"@type\":\"ReadAction\",\"target\":[\"https:\\\/\\\/fjala.info\\\/2009-2015\\\/intervista-e-plote-ambasadori-danez-shkalla-e-lirise-per-shqiperine-po-zvogelohet-me-shpejtesi\\\/\"]}]},{\"@type\":\"ImageObject\",\"inLanguage\":\"sq-AL\",\"@id\":\"https:\\\/\\\/fjala.info\\\/2009-2015\\\/intervista-e-plote-ambasadori-danez-shkalla-e-lirise-per-shqiperine-po-zvogelohet-me-shpejtesi\\\/#primaryimage\",\"url\":\"http:\\\/\\\/www.shkoder.net\\\/images\\\/fjala\\\/2011\\\/karsten_ankjaer_jensen.jpg\",\"contentUrl\":\"http:\\\/\\\/www.shkoder.net\\\/images\\\/fjala\\\/2011\\\/karsten_ankjaer_jensen.jpg\"},{\"@type\":\"BreadcrumbList\",\"@id\":\"https:\\\/\\\/fjala.info\\\/2009-2015\\\/intervista-e-plote-ambasadori-danez-shkalla-e-lirise-per-shqiperine-po-zvogelohet-me-shpejtesi\\\/#breadcrumb\",\"itemListElement\":[{\"@type\":\"ListItem\",\"position\":1,\"name\":\"Home\",\"item\":\"https:\\\/\\\/fjala.info\\\/2009-2015\\\/\"},{\"@type\":\"ListItem\",\"position\":2,\"name\":\"INTERVISTA E PLOTE\\\/ Ambasadori danez: Shkalla e liris\u00eb p\u00ebr Shqip\u00ebrin\u00eb po zvog\u00eblohet me shpejt\u00ebsi\"}]},{\"@type\":\"WebSite\",\"@id\":\"https:\\\/\\\/fjala.info\\\/2009-2015\\\/#website\",\"url\":\"https:\\\/\\\/fjala.info\\\/2009-2015\\\/\",\"name\":\"FjALA e LIR\u00cb - Arkivi\",\"description\":\"Arkivi 2009-2015\",\"publisher\":{\"@id\":\"https:\\\/\\\/fjala.info\\\/2009-2015\\\/#organization\"},\"potentialAction\":[{\"@type\":\"SearchAction\",\"target\":{\"@type\":\"EntryPoint\",\"urlTemplate\":\"https:\\\/\\\/fjala.info\\\/2009-2015\\\/?s={search_term_string}\"},\"query-input\":{\"@type\":\"PropertyValueSpecification\",\"valueRequired\":true,\"valueName\":\"search_term_string\"}}],\"inLanguage\":\"sq-AL\"},{\"@type\":\"Organization\",\"@id\":\"https:\\\/\\\/fjala.info\\\/2009-2015\\\/#organization\",\"name\":\"FjALA e LIR\u00cb - Arkivi\",\"url\":\"https:\\\/\\\/fjala.info\\\/2009-2015\\\/\",\"logo\":{\"@type\":\"ImageObject\",\"inLanguage\":\"sq-AL\",\"@id\":\"https:\\\/\\\/fjala.info\\\/2009-2015\\\/#\\\/schema\\\/logo\\\/image\\\/\",\"url\":\"\",\"contentUrl\":\"\",\"caption\":\"FjALA e LIR\u00cb - Arkivi\"},\"image\":{\"@id\":\"https:\\\/\\\/fjala.info\\\/2009-2015\\\/#\\\/schema\\\/logo\\\/image\\\/\"}},{\"@type\":\"Person\",\"@id\":\"https:\\\/\\\/fjala.info\\\/2009-2015\\\/#\\\/schema\\\/person\\\/3aa1163ef05469c496fc94e77611ada2\",\"name\":\"admin\",\"image\":{\"@type\":\"ImageObject\",\"inLanguage\":\"sq-AL\",\"@id\":\"https:\\\/\\\/fjala.info\\\/2009-2015\\\/wp-content\\\/uploads\\\/2012\\\/02\\\/arben_cokaj-120x150.jpg\",\"url\":\"https:\\\/\\\/fjala.info\\\/2009-2015\\\/wp-content\\\/uploads\\\/2012\\\/02\\\/arben_cokaj-120x150.jpg\",\"contentUrl\":\"https:\\\/\\\/fjala.info\\\/2009-2015\\\/wp-content\\\/uploads\\\/2012\\\/02\\\/arben_cokaj-120x150.jpg\",\"caption\":\"admin\"},\"description\":\"Admin, Fjala e Lir\u00eb\",\"sameAs\":[\"https:\\\/\\\/fjala.info\\\/\"],\"url\":\"https:\\\/\\\/fjala.info\\\/2009-2015\\\/author\\\/admin\\\/\"}]}<\/script>\n<!-- \/ Yoast SEO plugin. -->","yoast_head_json":{"title":"INTERVISTA E PLOTE\/ Ambasadori danez: Shkalla e liris\u00eb p\u00ebr Shqip\u00ebrin\u00eb po zvog\u00eblohet me shpejt\u00ebsi - FjALA e LIR\u00cb - Arkivi","robots":{"index":"index","follow":"follow","max-snippet":"max-snippet:-1","max-image-preview":"max-image-preview:large","max-video-preview":"max-video-preview:-1"},"canonical":"https:\/\/fjala.info\/2009-2015\/intervista-e-plote-ambasadori-danez-shkalla-e-lirise-per-shqiperine-po-zvogelohet-me-shpejtesi\/","og_locale":"sq_AL","og_type":"article","og_title":"INTERVISTA E PLOTE\/ Ambasadori danez: Shkalla e liris\u00eb p\u00ebr Shqip\u00ebrin\u00eb po zvog\u00eblohet me shpejt\u00ebsi - FjALA e LIR\u00cb - Arkivi","og_description":"TemA Online, 7 Janar 2012 \u201cShqip\u00ebria ka shum\u00eb pak koh\u00eb t\u00eb mbledh\u00eb mendjen, n\u00ebse e do nj\u00eb t\u00eb ardhme europiane, apo, p\u00ebr t\u00eb qen\u00eb shum\u00eb i drejtp\u00ebrdrejt\u00eb, n\u00ebse do q\u00eb t\u00eb kthehet n\u00eb nj\u00eb lloj forme izolimi si m\u00eb par\u00eb. Populli shqiptar duhet t\u00eb jet\u00eb jasht\u00ebzakonisht i pap\u00ebrmbajtur n\u00eb favor t\u00eb s\u00eb par\u00ebs. N\u00ebse edhe [&hellip;]","og_url":"https:\/\/fjala.info\/2009-2015\/intervista-e-plote-ambasadori-danez-shkalla-e-lirise-per-shqiperine-po-zvogelohet-me-shpejtesi\/","og_site_name":"FjALA e LIR\u00cb - Arkivi","article_published_time":"2012-01-07T21:52:33+00:00","og_image":[{"url":"http:\/\/www.shkoder.net\/images\/fjala\/2011\/karsten_ankjaer_jensen.jpg","type":"","width":"","height":""}],"author":"admin","twitter_card":"summary_large_image","twitter_misc":{"Written by":"admin","Est. reading time":"39 minutes"},"schema":{"@context":"https:\/\/schema.org","@graph":[{"@type":"Article","@id":"https:\/\/fjala.info\/2009-2015\/intervista-e-plote-ambasadori-danez-shkalla-e-lirise-per-shqiperine-po-zvogelohet-me-shpejtesi\/#article","isPartOf":{"@id":"https:\/\/fjala.info\/2009-2015\/intervista-e-plote-ambasadori-danez-shkalla-e-lirise-per-shqiperine-po-zvogelohet-me-shpejtesi\/"},"author":{"name":"admin","@id":"https:\/\/fjala.info\/2009-2015\/#\/schema\/person\/3aa1163ef05469c496fc94e77611ada2"},"headline":"INTERVISTA E PLOTE\/ Ambasadori danez: Shkalla e liris\u00eb p\u00ebr Shqip\u00ebrin\u00eb po zvog\u00eblohet me shpejt\u00ebsi","datePublished":"2012-01-07T21:52:33+00:00","mainEntityOfPage":{"@id":"https:\/\/fjala.info\/2009-2015\/intervista-e-plote-ambasadori-danez-shkalla-e-lirise-per-shqiperine-po-zvogelohet-me-shpejtesi\/"},"wordCount":7854,"commentCount":0,"publisher":{"@id":"https:\/\/fjala.info\/2009-2015\/#organization"},"image":{"@id":"https:\/\/fjala.info\/2009-2015\/intervista-e-plote-ambasadori-danez-shkalla-e-lirise-per-shqiperine-po-zvogelohet-me-shpejtesi\/#primaryimage"},"thumbnailUrl":"http:\/\/www.shkoder.net\/images\/fjala\/2011\/karsten_ankjaer_jensen.jpg","articleSection":["Artikuj","Intervista"],"inLanguage":"sq-AL","potentialAction":[{"@type":"CommentAction","name":"Comment","target":["https:\/\/fjala.info\/2009-2015\/intervista-e-plote-ambasadori-danez-shkalla-e-lirise-per-shqiperine-po-zvogelohet-me-shpejtesi\/#respond"]}]},{"@type":"WebPage","@id":"https:\/\/fjala.info\/2009-2015\/intervista-e-plote-ambasadori-danez-shkalla-e-lirise-per-shqiperine-po-zvogelohet-me-shpejtesi\/","url":"https:\/\/fjala.info\/2009-2015\/intervista-e-plote-ambasadori-danez-shkalla-e-lirise-per-shqiperine-po-zvogelohet-me-shpejtesi\/","name":"INTERVISTA E PLOTE\/ Ambasadori danez: Shkalla e liris\u00eb p\u00ebr Shqip\u00ebrin\u00eb po zvog\u00eblohet me shpejt\u00ebsi - FjALA e LIR\u00cb - Arkivi","isPartOf":{"@id":"https:\/\/fjala.info\/2009-2015\/#website"},"primaryImageOfPage":{"@id":"https:\/\/fjala.info\/2009-2015\/intervista-e-plote-ambasadori-danez-shkalla-e-lirise-per-shqiperine-po-zvogelohet-me-shpejtesi\/#primaryimage"},"image":{"@id":"https:\/\/fjala.info\/2009-2015\/intervista-e-plote-ambasadori-danez-shkalla-e-lirise-per-shqiperine-po-zvogelohet-me-shpejtesi\/#primaryimage"},"thumbnailUrl":"http:\/\/www.shkoder.net\/images\/fjala\/2011\/karsten_ankjaer_jensen.jpg","datePublished":"2012-01-07T21:52:33+00:00","breadcrumb":{"@id":"https:\/\/fjala.info\/2009-2015\/intervista-e-plote-ambasadori-danez-shkalla-e-lirise-per-shqiperine-po-zvogelohet-me-shpejtesi\/#breadcrumb"},"inLanguage":"sq-AL","potentialAction":[{"@type":"ReadAction","target":["https:\/\/fjala.info\/2009-2015\/intervista-e-plote-ambasadori-danez-shkalla-e-lirise-per-shqiperine-po-zvogelohet-me-shpejtesi\/"]}]},{"@type":"ImageObject","inLanguage":"sq-AL","@id":"https:\/\/fjala.info\/2009-2015\/intervista-e-plote-ambasadori-danez-shkalla-e-lirise-per-shqiperine-po-zvogelohet-me-shpejtesi\/#primaryimage","url":"http:\/\/www.shkoder.net\/images\/fjala\/2011\/karsten_ankjaer_jensen.jpg","contentUrl":"http:\/\/www.shkoder.net\/images\/fjala\/2011\/karsten_ankjaer_jensen.jpg"},{"@type":"BreadcrumbList","@id":"https:\/\/fjala.info\/2009-2015\/intervista-e-plote-ambasadori-danez-shkalla-e-lirise-per-shqiperine-po-zvogelohet-me-shpejtesi\/#breadcrumb","itemListElement":[{"@type":"ListItem","position":1,"name":"Home","item":"https:\/\/fjala.info\/2009-2015\/"},{"@type":"ListItem","position":2,"name":"INTERVISTA E PLOTE\/ Ambasadori danez: Shkalla e liris\u00eb p\u00ebr Shqip\u00ebrin\u00eb po zvog\u00eblohet me shpejt\u00ebsi"}]},{"@type":"WebSite","@id":"https:\/\/fjala.info\/2009-2015\/#website","url":"https:\/\/fjala.info\/2009-2015\/","name":"FjALA e LIR\u00cb - Arkivi","description":"Arkivi 2009-2015","publisher":{"@id":"https:\/\/fjala.info\/2009-2015\/#organization"},"potentialAction":[{"@type":"SearchAction","target":{"@type":"EntryPoint","urlTemplate":"https:\/\/fjala.info\/2009-2015\/?s={search_term_string}"},"query-input":{"@type":"PropertyValueSpecification","valueRequired":true,"valueName":"search_term_string"}}],"inLanguage":"sq-AL"},{"@type":"Organization","@id":"https:\/\/fjala.info\/2009-2015\/#organization","name":"FjALA e LIR\u00cb - Arkivi","url":"https:\/\/fjala.info\/2009-2015\/","logo":{"@type":"ImageObject","inLanguage":"sq-AL","@id":"https:\/\/fjala.info\/2009-2015\/#\/schema\/logo\/image\/","url":"","contentUrl":"","caption":"FjALA e LIR\u00cb - Arkivi"},"image":{"@id":"https:\/\/fjala.info\/2009-2015\/#\/schema\/logo\/image\/"}},{"@type":"Person","@id":"https:\/\/fjala.info\/2009-2015\/#\/schema\/person\/3aa1163ef05469c496fc94e77611ada2","name":"admin","image":{"@type":"ImageObject","inLanguage":"sq-AL","@id":"https:\/\/fjala.info\/2009-2015\/wp-content\/uploads\/2012\/02\/arben_cokaj-120x150.jpg","url":"https:\/\/fjala.info\/2009-2015\/wp-content\/uploads\/2012\/02\/arben_cokaj-120x150.jpg","contentUrl":"https:\/\/fjala.info\/2009-2015\/wp-content\/uploads\/2012\/02\/arben_cokaj-120x150.jpg","caption":"admin"},"description":"Admin, Fjala e Lir\u00eb","sameAs":["https:\/\/fjala.info\/"],"url":"https:\/\/fjala.info\/2009-2015\/author\/admin\/"}]}},"_links":{"self":[{"href":"https:\/\/fjala.info\/2009-2015\/wp-json\/wp\/v2\/posts\/1020","targetHints":{"allow":["GET"]}}],"collection":[{"href":"https:\/\/fjala.info\/2009-2015\/wp-json\/wp\/v2\/posts"}],"about":[{"href":"https:\/\/fjala.info\/2009-2015\/wp-json\/wp\/v2\/types\/post"}],"author":[{"embeddable":true,"href":"https:\/\/fjala.info\/2009-2015\/wp-json\/wp\/v2\/users\/1"}],"replies":[{"embeddable":true,"href":"https:\/\/fjala.info\/2009-2015\/wp-json\/wp\/v2\/comments?post=1020"}],"version-history":[{"count":0,"href":"https:\/\/fjala.info\/2009-2015\/wp-json\/wp\/v2\/posts\/1020\/revisions"}],"wp:attachment":[{"href":"https:\/\/fjala.info\/2009-2015\/wp-json\/wp\/v2\/media?parent=1020"}],"wp:term":[{"taxonomy":"category","embeddable":true,"href":"https:\/\/fjala.info\/2009-2015\/wp-json\/wp\/v2\/categories?post=1020"},{"taxonomy":"post_tag","embeddable":true,"href":"https:\/\/fjala.info\/2009-2015\/wp-json\/wp\/v2\/tags?post=1020"}],"curies":[{"name":"wp","href":"https:\/\/api.w.org\/{rel}","templated":true}]}}