{"id":1011,"date":"2012-01-07T04:53:43","date_gmt":"2012-01-07T03:53:43","guid":{"rendered":"http:\/\/fjala.shkoder.net\/?p=1011"},"modified":"2012-01-07T04:53:43","modified_gmt":"2012-01-07T03:53:43","slug":"ambasadori-danez-ndryshimi-i-projektit-te-sheshit-skenderbej-njesoj-sikur-buzeqeshja-e-mona-lizes-te-kthehej-ne-ngerdheshje","status":"publish","type":"post","link":"https:\/\/fjala.info\/2009-2015\/ambasadori-danez-ndryshimi-i-projektit-te-sheshit-skenderbej-njesoj-sikur-buzeqeshja-e-mona-lizes-te-kthehej-ne-ngerdheshje\/","title":{"rendered":"Ambasadori danez: Ndryshimi i projektit t\u00eb Sheshit Sk\u00ebnderbej? Nj\u00ebsoj sikur buz\u00ebqeshja e Mona Liz\u00ebs t\u00eb kthehej n\u00eb ng\u00ebrdheshje"},"content":{"rendered":"<p><img decoding=\"async\" class=\"alignright size-thumbnail wp-image-7236\" title=\"Amb. danez\" src=\"http:\/\/www.shkoder.net\/images\/fjala\/2011\/karsten_ankjaer_jensen.jpg\" alt=\"\" width=\"300\" \/><strong>TemA<\/strong>, <em>6 Janar 2012<\/em><\/p>\n<p><em>Ambasadori danez s\u00ebrish me deklarata t\u00eb forta: Nuk e kuptoj se si shqiptar\u00ebt votojn\u00eb k\u00ebta njer\u00ebz q\u00eb nuk interesohen p\u00ebr Shqip\u00ebrin\u00eb. P\u00ebr presidentin e ri: Shqip\u00ebris\u00eb i duhet nj\u00eb president i pavarur, i fort\u00eb dhe i panjollosur. P\u00ebr bojkotin e opozit\u00ebs: Nuk pengoi statusin, por shpluhurosi disa probleme t\u00eb r\u00ebnda<\/em><\/p>\n<p>N\u00eb nj\u00eb intervist\u00eb dh\u00ebn\u00eb p\u00ebr revist\u00ebn m\u00eb t\u00eb re, q\u00eb do t\u00eb dal\u00eb n\u00eb treg dit\u00ebn e shtun\u00eb \u201c<strong>Java<\/strong>\u201d, ambasadori danez Karsten Jensen ka analizuar situat\u00ebn politike n\u00eb vend, nga k\u00ebndv\u00ebshtrimi edhe i marrjes nga ana e Danimark\u00ebs e presidenc\u00ebs s\u00eb radh\u00ebs s\u00eb Bashkimit Europian.<\/p>\n<p>Persa i perket rolit te Shqiperise ne procesin e integrimit, ambasadori danez ka dhene pikepamjet pozitive, qe vendi i tij ka persa i perket zgjerimit dhe afrimit te metejshem ne BE jo vetem te Shqiperise, por edhe te Kosoves, e gjithe Ballkanit. Por ne kete pike zoti Jensen ndalet duke ravijezuar ate qe ai e quan keqinformim dhe propagande politike, qe ka ndikuar ne krijimin ne vend te nje situate te mjegullt, persa i perket arritjes se disa objektivave si sfida te domosdoshme per t\u2019u arritur nga Shqiperia. P\u00ebr ambasadorin danez, zgjedhja e presidentit t\u00eb ri, do t\u00eb jet\u00eb prova kyce.<\/p>\n<p>\u201cDuke patur parasysh rolin e Presidenc\u00ebs n\u00eb nd\u00ebrtimin konsitucional t\u00eb Shqip\u00ebris\u00eb dhe n\u00eb sigurimin e pavar\u00ebsis\u00eb s\u00eb institucioneve t\u00eb tjera, p\u00ebrfshir\u00eb Gjyq\u00ebsorin dhe SHISH-in, zgjedhjet presidenciale do t\u00eb jen\u00eb nj\u00eb test lakmusi i demokracis\u00eb shqiptare dhe q\u00ebndrimit t\u00eb Shqip\u00ebris\u00eb si e till\u00eb. Prandaj, besoj fort se ka r\u00ebnd\u00ebsi shum\u00eb t\u00eb madhe q\u00eb Shqip\u00ebria t\u00eb zgjedh\u00eb nj\u00eb president t\u00eb pavarur, t\u00eb fort\u00eb, t\u00eb panjollosur nga e kaluara apo e tashmja, i pranuar nga t\u00eb gjith\u00eb. Nj\u00eb president i cili t\u00eb mund t\u00eb vazhdoj\u00eb t\u00eb bashkoj\u00eb e t\u00eb siguroj\u00eb popullin shqiptar dhe bot\u00ebn jasht\u00eb q\u00eb vendi juaj \u00ebsht\u00eb i pal\u00ebkundur n\u00eb rrug\u00ebn demokratike\u201d, tha Jensen.<\/p>\n<p>Ne kendveshtrimin e ambasadorit danez objektivi i vetem qe shqiptaret duhet te kerkojne nga politika duhet te jete me domosdoshmeri marrja e statusit kandidat ne Bashkimin Europian.<\/p>\n<p>\u201c<strong>Ajo q\u00eb \u00ebsht\u00eb m\u00eb e \u00e7uditshme \u00ebsht\u00eb fakti se p\u00ebrse elektorati shqiptar, vazhdon t\u00eb zgjedh\u00eb p\u00ebrfaq\u00ebsues, t\u00eb cil\u00ebt nuk e kan\u00eb Shqip\u00ebrin\u00eb dhe shqiptar\u00ebt n\u00eb qend\u00ebr t\u00eb v\u00ebmendjes s\u00eb tyre?!<\/strong>\u201d, thot\u00eb ambasdori.<\/p>\n<p>Ambasadori i Danimarkes eshte ndalur edhe tek debatet qe perfshijne, sic thote ai, ndryshimin e projekteve per ndertimin e disa veprave ne kryeqytet, cka sipas tij eshte e patolerueshme, si projekti p\u00ebr xhamin\u00eb, deri te ndryshimi i projektit p\u00ebr sheshin \u201cSk\u00ebnderbej\u201d.<\/p>\n<p>\u201c<em>T\u00eb ndryshosh nj\u00eb projekt n\u00eb m\u00ebnyr\u00eb t\u00eb nj\u00ebanshme n\u00eb minut\u00ebn e fundit, kam frik\u00eb se do t\u2019i b\u00ebj\u00eb studiot e nivelit bot\u00ebror dhe t\u00eb tjerat t\u00eb shmangin angazhimet n\u00eb projekte shqiptare. T\u2019i ndryshosh buz\u00ebqeshjen Mona Liz\u00ebs, sepse preferon nj\u00eb ng\u00ebrdheshje, do t\u00eb siguroje q\u00eb Leonardo da Vin\u00e7i dhe figura t\u00eb tjera t\u00eb k\u00ebtij kalibri t\u00eb mendoheshin m\u00eb shum\u00eb se dy her\u00eb p\u00ebrpara se t\u2019ju dhuronin talentin e tyre<\/em>\u201d, thot\u00eb ambasadori.<\/p>\n<p>Nje tjeter pike kyce, ku zoti Jensen eshte ndalur ka qene edhe bojkoti i opozites i cili sipas tij nuk ndikoi ne mosmarrjen e statusit te vendit kandidat nga ana e Shqiperise por perkundrazi, sic thote ai, ndikoi ne shpluhurosjen e disa problemeve te medha e te fshehura prej kohesh. Nderkohe qe ambasadori danez duke ju referuar dica ngjarjeve e ceshtjeve te ndryshme hodhi hije te forta dyshimi mbi nivelin e drejtesise dhe demokracise ne vend.<\/p>\n<p>\u201c<em>Katastrofa e G\u00ebrdecit, qet\u00ebsia shurdhuese q\u00eb pasoi zbulimet e Wikileaks, d\u00ebshtimet \u201cteknike\u201d t\u00eb atyre pak \u00e7\u00ebshtjeve t\u00eb korrupsionit t\u00eb nivelit t\u00eb lart\u00eb q\u00eb arrit\u00ebn t\u00eb dalin p\u00ebrpara gjyqit dhe mosp\u00ebrfundimi i \u00e7\u00ebshtjes s\u00eb vrasjeve t\u00eb 21 janarit, edhe pse po i afrohemi p\u00ebrvjetorit t\u00eb par\u00eb t\u00eb k\u00ebtyre ngjarjeve tragjike, por edhe t\u00eb ngjarjeve dhe veprimeve q\u00eb i pasuan, i hodh\u00ebn benzin\u00eb dyshimeve rreth drejt\u00ebsis\u00eb dhe demokracis\u00eb n\u00eb Shqip\u00ebri<\/em>\u201d, thot\u00eb ambasadori.<\/p>\n","protected":false},"excerpt":{"rendered":"<p>TemA, 6 Janar 2012 Ambasadori danez s\u00ebrish me deklarata t\u00eb forta: Nuk e kuptoj se si shqiptar\u00ebt votojn\u00eb k\u00ebta njer\u00ebz q\u00eb nuk interesohen p\u00ebr Shqip\u00ebrin\u00eb. P\u00ebr presidentin e ri: Shqip\u00ebris\u00eb i duhet nj\u00eb president i pavarur, i fort\u00eb dhe i panjollosur. P\u00ebr bojkotin e opozit\u00ebs: Nuk pengoi statusin, por shpluhurosi disa probleme t\u00eb r\u00ebnda N\u00eb [&hellip;]<\/p>\n","protected":false},"author":1,"featured_media":0,"comment_status":"open","ping_status":"closed","sticky":false,"template":"","format":"standard","meta":{"footnotes":""},"categories":[2],"tags":[],"class_list":{"0":"post-1011","1":"post","2":"type-post","3":"status-publish","4":"format-standard","6":"category-artikuj"},"yoast_head":"<!-- This site is optimized with the Yoast SEO plugin v27.4 - https:\/\/yoast.com\/product\/yoast-seo-wordpress\/ -->\n<title>Ambasadori danez: Ndryshimi i projektit t\u00eb Sheshit Sk\u00ebnderbej? Nj\u00ebsoj sikur buz\u00ebqeshja e Mona Liz\u00ebs t\u00eb kthehej n\u00eb ng\u00ebrdheshje - FjALA e LIR\u00cb - Arkivi<\/title>\n<meta name=\"robots\" content=\"index, follow, max-snippet:-1, max-image-preview:large, max-video-preview:-1\" \/>\n<link rel=\"canonical\" href=\"https:\/\/fjala.info\/2009-2015\/ambasadori-danez-ndryshimi-i-projektit-te-sheshit-skenderbej-njesoj-sikur-buzeqeshja-e-mona-lizes-te-kthehej-ne-ngerdheshje\/\" \/>\n<meta property=\"og:locale\" content=\"sq_AL\" \/>\n<meta property=\"og:type\" content=\"article\" \/>\n<meta property=\"og:title\" content=\"Ambasadori danez: Ndryshimi i projektit t\u00eb Sheshit Sk\u00ebnderbej? Nj\u00ebsoj sikur buz\u00ebqeshja e Mona Liz\u00ebs t\u00eb kthehej n\u00eb ng\u00ebrdheshje - FjALA e LIR\u00cb - Arkivi\" \/>\n<meta property=\"og:description\" content=\"TemA, 6 Janar 2012 Ambasadori danez s\u00ebrish me deklarata t\u00eb forta: Nuk e kuptoj se si shqiptar\u00ebt votojn\u00eb k\u00ebta njer\u00ebz q\u00eb nuk interesohen p\u00ebr Shqip\u00ebrin\u00eb. P\u00ebr presidentin e ri: Shqip\u00ebris\u00eb i duhet nj\u00eb president i pavarur, i fort\u00eb dhe i panjollosur. P\u00ebr bojkotin e opozit\u00ebs: Nuk pengoi statusin, por shpluhurosi disa probleme t\u00eb r\u00ebnda N\u00eb [&hellip;]\" \/>\n<meta property=\"og:url\" content=\"https:\/\/fjala.info\/2009-2015\/ambasadori-danez-ndryshimi-i-projektit-te-sheshit-skenderbej-njesoj-sikur-buzeqeshja-e-mona-lizes-te-kthehej-ne-ngerdheshje\/\" \/>\n<meta property=\"og:site_name\" content=\"FjALA e LIR\u00cb - Arkivi\" \/>\n<meta property=\"article:published_time\" content=\"2012-01-07T03:53:43+00:00\" \/>\n<meta property=\"og:image\" content=\"http:\/\/www.shkoder.net\/images\/fjala\/2011\/karsten_ankjaer_jensen.jpg\" \/>\n<meta name=\"author\" content=\"admin\" \/>\n<meta name=\"twitter:card\" content=\"summary_large_image\" \/>\n<meta name=\"twitter:label1\" content=\"Written by\" \/>\n\t<meta name=\"twitter:data1\" content=\"admin\" \/>\n\t<meta name=\"twitter:label2\" content=\"Est. reading time\" \/>\n\t<meta name=\"twitter:data2\" content=\"3 minutes\" \/>\n<script type=\"application\/ld+json\" class=\"yoast-schema-graph\">{\"@context\":\"https:\\\/\\\/schema.org\",\"@graph\":[{\"@type\":\"Article\",\"@id\":\"https:\\\/\\\/fjala.info\\\/2009-2015\\\/ambasadori-danez-ndryshimi-i-projektit-te-sheshit-skenderbej-njesoj-sikur-buzeqeshja-e-mona-lizes-te-kthehej-ne-ngerdheshje\\\/#article\",\"isPartOf\":{\"@id\":\"https:\\\/\\\/fjala.info\\\/2009-2015\\\/ambasadori-danez-ndryshimi-i-projektit-te-sheshit-skenderbej-njesoj-sikur-buzeqeshja-e-mona-lizes-te-kthehej-ne-ngerdheshje\\\/\"},\"author\":{\"name\":\"admin\",\"@id\":\"https:\\\/\\\/fjala.info\\\/2009-2015\\\/#\\\/schema\\\/person\\\/3aa1163ef05469c496fc94e77611ada2\"},\"headline\":\"Ambasadori danez: Ndryshimi i projektit t\u00eb Sheshit Sk\u00ebnderbej? Nj\u00ebsoj sikur buz\u00ebqeshja e Mona Liz\u00ebs t\u00eb kthehej n\u00eb ng\u00ebrdheshje\",\"datePublished\":\"2012-01-07T03:53:43+00:00\",\"mainEntityOfPage\":{\"@id\":\"https:\\\/\\\/fjala.info\\\/2009-2015\\\/ambasadori-danez-ndryshimi-i-projektit-te-sheshit-skenderbej-njesoj-sikur-buzeqeshja-e-mona-lizes-te-kthehej-ne-ngerdheshje\\\/\"},\"wordCount\":712,\"commentCount\":0,\"publisher\":{\"@id\":\"https:\\\/\\\/fjala.info\\\/2009-2015\\\/#organization\"},\"image\":{\"@id\":\"https:\\\/\\\/fjala.info\\\/2009-2015\\\/ambasadori-danez-ndryshimi-i-projektit-te-sheshit-skenderbej-njesoj-sikur-buzeqeshja-e-mona-lizes-te-kthehej-ne-ngerdheshje\\\/#primaryimage\"},\"thumbnailUrl\":\"http:\\\/\\\/www.shkoder.net\\\/images\\\/fjala\\\/2011\\\/karsten_ankjaer_jensen.jpg\",\"articleSection\":[\"Artikuj\"],\"inLanguage\":\"sq-AL\",\"potentialAction\":[{\"@type\":\"CommentAction\",\"name\":\"Comment\",\"target\":[\"https:\\\/\\\/fjala.info\\\/2009-2015\\\/ambasadori-danez-ndryshimi-i-projektit-te-sheshit-skenderbej-njesoj-sikur-buzeqeshja-e-mona-lizes-te-kthehej-ne-ngerdheshje\\\/#respond\"]}]},{\"@type\":\"WebPage\",\"@id\":\"https:\\\/\\\/fjala.info\\\/2009-2015\\\/ambasadori-danez-ndryshimi-i-projektit-te-sheshit-skenderbej-njesoj-sikur-buzeqeshja-e-mona-lizes-te-kthehej-ne-ngerdheshje\\\/\",\"url\":\"https:\\\/\\\/fjala.info\\\/2009-2015\\\/ambasadori-danez-ndryshimi-i-projektit-te-sheshit-skenderbej-njesoj-sikur-buzeqeshja-e-mona-lizes-te-kthehej-ne-ngerdheshje\\\/\",\"name\":\"Ambasadori danez: Ndryshimi i projektit t\u00eb Sheshit Sk\u00ebnderbej? Nj\u00ebsoj sikur buz\u00ebqeshja e Mona Liz\u00ebs t\u00eb kthehej n\u00eb ng\u00ebrdheshje - FjALA e LIR\u00cb - Arkivi\",\"isPartOf\":{\"@id\":\"https:\\\/\\\/fjala.info\\\/2009-2015\\\/#website\"},\"primaryImageOfPage\":{\"@id\":\"https:\\\/\\\/fjala.info\\\/2009-2015\\\/ambasadori-danez-ndryshimi-i-projektit-te-sheshit-skenderbej-njesoj-sikur-buzeqeshja-e-mona-lizes-te-kthehej-ne-ngerdheshje\\\/#primaryimage\"},\"image\":{\"@id\":\"https:\\\/\\\/fjala.info\\\/2009-2015\\\/ambasadori-danez-ndryshimi-i-projektit-te-sheshit-skenderbej-njesoj-sikur-buzeqeshja-e-mona-lizes-te-kthehej-ne-ngerdheshje\\\/#primaryimage\"},\"thumbnailUrl\":\"http:\\\/\\\/www.shkoder.net\\\/images\\\/fjala\\\/2011\\\/karsten_ankjaer_jensen.jpg\",\"datePublished\":\"2012-01-07T03:53:43+00:00\",\"breadcrumb\":{\"@id\":\"https:\\\/\\\/fjala.info\\\/2009-2015\\\/ambasadori-danez-ndryshimi-i-projektit-te-sheshit-skenderbej-njesoj-sikur-buzeqeshja-e-mona-lizes-te-kthehej-ne-ngerdheshje\\\/#breadcrumb\"},\"inLanguage\":\"sq-AL\",\"potentialAction\":[{\"@type\":\"ReadAction\",\"target\":[\"https:\\\/\\\/fjala.info\\\/2009-2015\\\/ambasadori-danez-ndryshimi-i-projektit-te-sheshit-skenderbej-njesoj-sikur-buzeqeshja-e-mona-lizes-te-kthehej-ne-ngerdheshje\\\/\"]}]},{\"@type\":\"ImageObject\",\"inLanguage\":\"sq-AL\",\"@id\":\"https:\\\/\\\/fjala.info\\\/2009-2015\\\/ambasadori-danez-ndryshimi-i-projektit-te-sheshit-skenderbej-njesoj-sikur-buzeqeshja-e-mona-lizes-te-kthehej-ne-ngerdheshje\\\/#primaryimage\",\"url\":\"http:\\\/\\\/www.shkoder.net\\\/images\\\/fjala\\\/2011\\\/karsten_ankjaer_jensen.jpg\",\"contentUrl\":\"http:\\\/\\\/www.shkoder.net\\\/images\\\/fjala\\\/2011\\\/karsten_ankjaer_jensen.jpg\"},{\"@type\":\"BreadcrumbList\",\"@id\":\"https:\\\/\\\/fjala.info\\\/2009-2015\\\/ambasadori-danez-ndryshimi-i-projektit-te-sheshit-skenderbej-njesoj-sikur-buzeqeshja-e-mona-lizes-te-kthehej-ne-ngerdheshje\\\/#breadcrumb\",\"itemListElement\":[{\"@type\":\"ListItem\",\"position\":1,\"name\":\"Home\",\"item\":\"https:\\\/\\\/fjala.info\\\/2009-2015\\\/\"},{\"@type\":\"ListItem\",\"position\":2,\"name\":\"Ambasadori danez: Ndryshimi i projektit t\u00eb Sheshit Sk\u00ebnderbej? Nj\u00ebsoj sikur buz\u00ebqeshja e Mona Liz\u00ebs t\u00eb kthehej n\u00eb ng\u00ebrdheshje\"}]},{\"@type\":\"WebSite\",\"@id\":\"https:\\\/\\\/fjala.info\\\/2009-2015\\\/#website\",\"url\":\"https:\\\/\\\/fjala.info\\\/2009-2015\\\/\",\"name\":\"FjALA e LIR\u00cb - Arkivi\",\"description\":\"Arkivi 2009-2015\",\"publisher\":{\"@id\":\"https:\\\/\\\/fjala.info\\\/2009-2015\\\/#organization\"},\"potentialAction\":[{\"@type\":\"SearchAction\",\"target\":{\"@type\":\"EntryPoint\",\"urlTemplate\":\"https:\\\/\\\/fjala.info\\\/2009-2015\\\/?s={search_term_string}\"},\"query-input\":{\"@type\":\"PropertyValueSpecification\",\"valueRequired\":true,\"valueName\":\"search_term_string\"}}],\"inLanguage\":\"sq-AL\"},{\"@type\":\"Organization\",\"@id\":\"https:\\\/\\\/fjala.info\\\/2009-2015\\\/#organization\",\"name\":\"FjALA e LIR\u00cb - Arkivi\",\"url\":\"https:\\\/\\\/fjala.info\\\/2009-2015\\\/\",\"logo\":{\"@type\":\"ImageObject\",\"inLanguage\":\"sq-AL\",\"@id\":\"https:\\\/\\\/fjala.info\\\/2009-2015\\\/#\\\/schema\\\/logo\\\/image\\\/\",\"url\":\"\",\"contentUrl\":\"\",\"caption\":\"FjALA e LIR\u00cb - Arkivi\"},\"image\":{\"@id\":\"https:\\\/\\\/fjala.info\\\/2009-2015\\\/#\\\/schema\\\/logo\\\/image\\\/\"}},{\"@type\":\"Person\",\"@id\":\"https:\\\/\\\/fjala.info\\\/2009-2015\\\/#\\\/schema\\\/person\\\/3aa1163ef05469c496fc94e77611ada2\",\"name\":\"admin\",\"image\":{\"@type\":\"ImageObject\",\"inLanguage\":\"sq-AL\",\"@id\":\"https:\\\/\\\/fjala.info\\\/2009-2015\\\/wp-content\\\/uploads\\\/2012\\\/02\\\/arben_cokaj-120x150.jpg\",\"url\":\"https:\\\/\\\/fjala.info\\\/2009-2015\\\/wp-content\\\/uploads\\\/2012\\\/02\\\/arben_cokaj-120x150.jpg\",\"contentUrl\":\"https:\\\/\\\/fjala.info\\\/2009-2015\\\/wp-content\\\/uploads\\\/2012\\\/02\\\/arben_cokaj-120x150.jpg\",\"caption\":\"admin\"},\"description\":\"Admin, Fjala e Lir\u00eb\",\"sameAs\":[\"https:\\\/\\\/fjala.info\\\/\"],\"url\":\"https:\\\/\\\/fjala.info\\\/2009-2015\\\/author\\\/admin\\\/\"}]}<\/script>\n<!-- \/ Yoast SEO plugin. -->","yoast_head_json":{"title":"Ambasadori danez: Ndryshimi i projektit t\u00eb Sheshit Sk\u00ebnderbej? Nj\u00ebsoj sikur buz\u00ebqeshja e Mona Liz\u00ebs t\u00eb kthehej n\u00eb ng\u00ebrdheshje - FjALA e LIR\u00cb - Arkivi","robots":{"index":"index","follow":"follow","max-snippet":"max-snippet:-1","max-image-preview":"max-image-preview:large","max-video-preview":"max-video-preview:-1"},"canonical":"https:\/\/fjala.info\/2009-2015\/ambasadori-danez-ndryshimi-i-projektit-te-sheshit-skenderbej-njesoj-sikur-buzeqeshja-e-mona-lizes-te-kthehej-ne-ngerdheshje\/","og_locale":"sq_AL","og_type":"article","og_title":"Ambasadori danez: Ndryshimi i projektit t\u00eb Sheshit Sk\u00ebnderbej? Nj\u00ebsoj sikur buz\u00ebqeshja e Mona Liz\u00ebs t\u00eb kthehej n\u00eb ng\u00ebrdheshje - FjALA e LIR\u00cb - Arkivi","og_description":"TemA, 6 Janar 2012 Ambasadori danez s\u00ebrish me deklarata t\u00eb forta: Nuk e kuptoj se si shqiptar\u00ebt votojn\u00eb k\u00ebta njer\u00ebz q\u00eb nuk interesohen p\u00ebr Shqip\u00ebrin\u00eb. P\u00ebr presidentin e ri: Shqip\u00ebris\u00eb i duhet nj\u00eb president i pavarur, i fort\u00eb dhe i panjollosur. P\u00ebr bojkotin e opozit\u00ebs: Nuk pengoi statusin, por shpluhurosi disa probleme t\u00eb r\u00ebnda N\u00eb [&hellip;]","og_url":"https:\/\/fjala.info\/2009-2015\/ambasadori-danez-ndryshimi-i-projektit-te-sheshit-skenderbej-njesoj-sikur-buzeqeshja-e-mona-lizes-te-kthehej-ne-ngerdheshje\/","og_site_name":"FjALA e LIR\u00cb - Arkivi","article_published_time":"2012-01-07T03:53:43+00:00","og_image":[{"url":"http:\/\/www.shkoder.net\/images\/fjala\/2011\/karsten_ankjaer_jensen.jpg","type":"","width":"","height":""}],"author":"admin","twitter_card":"summary_large_image","twitter_misc":{"Written by":"admin","Est. reading time":"3 minutes"},"schema":{"@context":"https:\/\/schema.org","@graph":[{"@type":"Article","@id":"https:\/\/fjala.info\/2009-2015\/ambasadori-danez-ndryshimi-i-projektit-te-sheshit-skenderbej-njesoj-sikur-buzeqeshja-e-mona-lizes-te-kthehej-ne-ngerdheshje\/#article","isPartOf":{"@id":"https:\/\/fjala.info\/2009-2015\/ambasadori-danez-ndryshimi-i-projektit-te-sheshit-skenderbej-njesoj-sikur-buzeqeshja-e-mona-lizes-te-kthehej-ne-ngerdheshje\/"},"author":{"name":"admin","@id":"https:\/\/fjala.info\/2009-2015\/#\/schema\/person\/3aa1163ef05469c496fc94e77611ada2"},"headline":"Ambasadori danez: Ndryshimi i projektit t\u00eb Sheshit Sk\u00ebnderbej? Nj\u00ebsoj sikur buz\u00ebqeshja e Mona Liz\u00ebs t\u00eb kthehej n\u00eb ng\u00ebrdheshje","datePublished":"2012-01-07T03:53:43+00:00","mainEntityOfPage":{"@id":"https:\/\/fjala.info\/2009-2015\/ambasadori-danez-ndryshimi-i-projektit-te-sheshit-skenderbej-njesoj-sikur-buzeqeshja-e-mona-lizes-te-kthehej-ne-ngerdheshje\/"},"wordCount":712,"commentCount":0,"publisher":{"@id":"https:\/\/fjala.info\/2009-2015\/#organization"},"image":{"@id":"https:\/\/fjala.info\/2009-2015\/ambasadori-danez-ndryshimi-i-projektit-te-sheshit-skenderbej-njesoj-sikur-buzeqeshja-e-mona-lizes-te-kthehej-ne-ngerdheshje\/#primaryimage"},"thumbnailUrl":"http:\/\/www.shkoder.net\/images\/fjala\/2011\/karsten_ankjaer_jensen.jpg","articleSection":["Artikuj"],"inLanguage":"sq-AL","potentialAction":[{"@type":"CommentAction","name":"Comment","target":["https:\/\/fjala.info\/2009-2015\/ambasadori-danez-ndryshimi-i-projektit-te-sheshit-skenderbej-njesoj-sikur-buzeqeshja-e-mona-lizes-te-kthehej-ne-ngerdheshje\/#respond"]}]},{"@type":"WebPage","@id":"https:\/\/fjala.info\/2009-2015\/ambasadori-danez-ndryshimi-i-projektit-te-sheshit-skenderbej-njesoj-sikur-buzeqeshja-e-mona-lizes-te-kthehej-ne-ngerdheshje\/","url":"https:\/\/fjala.info\/2009-2015\/ambasadori-danez-ndryshimi-i-projektit-te-sheshit-skenderbej-njesoj-sikur-buzeqeshja-e-mona-lizes-te-kthehej-ne-ngerdheshje\/","name":"Ambasadori danez: Ndryshimi i projektit t\u00eb Sheshit Sk\u00ebnderbej? Nj\u00ebsoj sikur buz\u00ebqeshja e Mona Liz\u00ebs t\u00eb kthehej n\u00eb ng\u00ebrdheshje - FjALA e LIR\u00cb - Arkivi","isPartOf":{"@id":"https:\/\/fjala.info\/2009-2015\/#website"},"primaryImageOfPage":{"@id":"https:\/\/fjala.info\/2009-2015\/ambasadori-danez-ndryshimi-i-projektit-te-sheshit-skenderbej-njesoj-sikur-buzeqeshja-e-mona-lizes-te-kthehej-ne-ngerdheshje\/#primaryimage"},"image":{"@id":"https:\/\/fjala.info\/2009-2015\/ambasadori-danez-ndryshimi-i-projektit-te-sheshit-skenderbej-njesoj-sikur-buzeqeshja-e-mona-lizes-te-kthehej-ne-ngerdheshje\/#primaryimage"},"thumbnailUrl":"http:\/\/www.shkoder.net\/images\/fjala\/2011\/karsten_ankjaer_jensen.jpg","datePublished":"2012-01-07T03:53:43+00:00","breadcrumb":{"@id":"https:\/\/fjala.info\/2009-2015\/ambasadori-danez-ndryshimi-i-projektit-te-sheshit-skenderbej-njesoj-sikur-buzeqeshja-e-mona-lizes-te-kthehej-ne-ngerdheshje\/#breadcrumb"},"inLanguage":"sq-AL","potentialAction":[{"@type":"ReadAction","target":["https:\/\/fjala.info\/2009-2015\/ambasadori-danez-ndryshimi-i-projektit-te-sheshit-skenderbej-njesoj-sikur-buzeqeshja-e-mona-lizes-te-kthehej-ne-ngerdheshje\/"]}]},{"@type":"ImageObject","inLanguage":"sq-AL","@id":"https:\/\/fjala.info\/2009-2015\/ambasadori-danez-ndryshimi-i-projektit-te-sheshit-skenderbej-njesoj-sikur-buzeqeshja-e-mona-lizes-te-kthehej-ne-ngerdheshje\/#primaryimage","url":"http:\/\/www.shkoder.net\/images\/fjala\/2011\/karsten_ankjaer_jensen.jpg","contentUrl":"http:\/\/www.shkoder.net\/images\/fjala\/2011\/karsten_ankjaer_jensen.jpg"},{"@type":"BreadcrumbList","@id":"https:\/\/fjala.info\/2009-2015\/ambasadori-danez-ndryshimi-i-projektit-te-sheshit-skenderbej-njesoj-sikur-buzeqeshja-e-mona-lizes-te-kthehej-ne-ngerdheshje\/#breadcrumb","itemListElement":[{"@type":"ListItem","position":1,"name":"Home","item":"https:\/\/fjala.info\/2009-2015\/"},{"@type":"ListItem","position":2,"name":"Ambasadori danez: Ndryshimi i projektit t\u00eb Sheshit Sk\u00ebnderbej? Nj\u00ebsoj sikur buz\u00ebqeshja e Mona Liz\u00ebs t\u00eb kthehej n\u00eb ng\u00ebrdheshje"}]},{"@type":"WebSite","@id":"https:\/\/fjala.info\/2009-2015\/#website","url":"https:\/\/fjala.info\/2009-2015\/","name":"FjALA e LIR\u00cb - Arkivi","description":"Arkivi 2009-2015","publisher":{"@id":"https:\/\/fjala.info\/2009-2015\/#organization"},"potentialAction":[{"@type":"SearchAction","target":{"@type":"EntryPoint","urlTemplate":"https:\/\/fjala.info\/2009-2015\/?s={search_term_string}"},"query-input":{"@type":"PropertyValueSpecification","valueRequired":true,"valueName":"search_term_string"}}],"inLanguage":"sq-AL"},{"@type":"Organization","@id":"https:\/\/fjala.info\/2009-2015\/#organization","name":"FjALA e LIR\u00cb - Arkivi","url":"https:\/\/fjala.info\/2009-2015\/","logo":{"@type":"ImageObject","inLanguage":"sq-AL","@id":"https:\/\/fjala.info\/2009-2015\/#\/schema\/logo\/image\/","url":"","contentUrl":"","caption":"FjALA e LIR\u00cb - Arkivi"},"image":{"@id":"https:\/\/fjala.info\/2009-2015\/#\/schema\/logo\/image\/"}},{"@type":"Person","@id":"https:\/\/fjala.info\/2009-2015\/#\/schema\/person\/3aa1163ef05469c496fc94e77611ada2","name":"admin","image":{"@type":"ImageObject","inLanguage":"sq-AL","@id":"https:\/\/fjala.info\/2009-2015\/wp-content\/uploads\/2012\/02\/arben_cokaj-120x150.jpg","url":"https:\/\/fjala.info\/2009-2015\/wp-content\/uploads\/2012\/02\/arben_cokaj-120x150.jpg","contentUrl":"https:\/\/fjala.info\/2009-2015\/wp-content\/uploads\/2012\/02\/arben_cokaj-120x150.jpg","caption":"admin"},"description":"Admin, Fjala e Lir\u00eb","sameAs":["https:\/\/fjala.info\/"],"url":"https:\/\/fjala.info\/2009-2015\/author\/admin\/"}]}},"_links":{"self":[{"href":"https:\/\/fjala.info\/2009-2015\/wp-json\/wp\/v2\/posts\/1011","targetHints":{"allow":["GET"]}}],"collection":[{"href":"https:\/\/fjala.info\/2009-2015\/wp-json\/wp\/v2\/posts"}],"about":[{"href":"https:\/\/fjala.info\/2009-2015\/wp-json\/wp\/v2\/types\/post"}],"author":[{"embeddable":true,"href":"https:\/\/fjala.info\/2009-2015\/wp-json\/wp\/v2\/users\/1"}],"replies":[{"embeddable":true,"href":"https:\/\/fjala.info\/2009-2015\/wp-json\/wp\/v2\/comments?post=1011"}],"version-history":[{"count":0,"href":"https:\/\/fjala.info\/2009-2015\/wp-json\/wp\/v2\/posts\/1011\/revisions"}],"wp:attachment":[{"href":"https:\/\/fjala.info\/2009-2015\/wp-json\/wp\/v2\/media?parent=1011"}],"wp:term":[{"taxonomy":"category","embeddable":true,"href":"https:\/\/fjala.info\/2009-2015\/wp-json\/wp\/v2\/categories?post=1011"},{"taxonomy":"post_tag","embeddable":true,"href":"https:\/\/fjala.info\/2009-2015\/wp-json\/wp\/v2\/tags?post=1011"}],"curies":[{"name":"wp","href":"https:\/\/api.w.org\/{rel}","templated":true}]}}