{"id":1005,"date":"2012-01-06T10:20:42","date_gmt":"2012-01-06T09:20:42","guid":{"rendered":"http:\/\/fjala.shkoder.net\/?p=1005"},"modified":"2012-01-06T10:20:42","modified_gmt":"2012-01-06T09:20:42","slug":"njeriu-i-eger-i-qendres-se-tiranes","status":"publish","type":"post","link":"https:\/\/fjala.info\/2009-2015\/njeriu-i-eger-i-qendres-se-tiranes\/","title":{"rendered":"Njeriu i eg\u00ebr i qendr\u00ebs s\u00eb Tiran\u00ebs"},"content":{"rendered":"<p><img decoding=\"async\" class=\"alignleft size-thumbnail wp-image-7236\" title=\"Ron Mueck - The_wild man\" src=\"http:\/\/www.shkoder.net\/2012\/ron_mueck_the_wild_man.jpg\" alt=\"\" width=\"300\" \/> Nga <strong>Koloreto Cukali<\/strong>, <em>5 janar 2012<\/em><\/p>\n<p>Tendenca e qytetarit t\u00eb sot\u00ebm t\u00eb Tiran\u00ebs &#8211; atij q\u00eb ka nj\u00eb shkoll\u00eb dhe nj\u00eb pun\u00eb t\u00eb mir\u00eb, ose t\u00eb pakt\u00ebn nj\u00ebr\u00ebn prej tyre \u2013 \u00ebsht\u00eb q\u00eb t\u00eb krijoj\u00eb nj\u00eb perde mes vetes e qytetit. Dhe kjo nuk \u00ebsht\u00eb e v\u00ebshtir\u00eb t\u00eb arrihet. Ne mbyllemi n\u00eb sht\u00ebpit\u00eb tona ose n\u00eb zyrat tona, dalim n\u00eb rrug\u00eb me q\u00ebllimin p\u00ebr t\u00eb hipur sa m\u00eb par\u00eb n\u00eb makin\u00eb, zbresim mund\u00ebsisht te dera e vendit ku duam t\u00eb shkojm\u00eb, zyr\u00eb apo kafene, aty rrim\u00eb vet\u00ebm me nj\u00eb grup njer\u00ebzish n\u00eb prani t\u00eb t\u00eb cil\u00ebve punojm\u00eb t\u00eb qet\u00eb ose ndjehemi t\u00eb mbrojtur. Televizori \u00ebsht\u00eb kontakti me bot\u00ebn q\u00eb na rrethon, e kjo na mjafton.<\/p>\n<p>Nj\u00eb nga arsyet pse fshihemi ka lidhje me at\u00eb q\u00eb ndodh fare pran\u00eb nesh.<br \/>\n<strong>Qeni q\u00eb ngordh p\u00ebr uj\u00eb<\/strong><br \/>\n\u00cbsht\u00eb nj\u00eb vend, mu n\u00eb qend\u00ebr t\u00eb Tiran\u00ebs ku lahen makina. Djemt\u00eb q\u00eb punojn\u00eb aty jan\u00eb nga modeli i atyre q\u00eb shkojn\u00eb p\u00ebr t\u00eb punuar (p\u00ebr t\u00eb lar\u00eb makina) me k\u00ebpuc\u00eb lustrafin me maj\u00eb p\u00ebrpjet\u00eb.<br \/>\nNj\u00eb qen i vog\u00ebl i lidhur me zinxhir, q\u00eb po thahej p\u00ebr uj\u00eb vet\u00ebm pak metra m\u00eb tej n\u00eb vendin ku uji \u00ebsht\u00eb me shumic\u00eb.<\/p>\n<p>Djemt\u00eb q\u00eb lajn\u00eb makinat vet\u00ebm shajn\u00eb me fjal\u00eb t\u00eb ndyra t\u00ebr\u00eb koh\u00ebn, p\u00ebr \u00e7do gj\u00eb. Jan\u00eb nga ai modeli q\u00eb edhe kur han\u00eb buk\u00eb, shajn\u00eb lug\u00ebn, pjat\u00ebn, karriken, tavolin\u00ebn, gjell\u00ebn, \u00e7do gj\u00eb q\u00eb i rrethon.<br \/>\nNj\u00eb makin\u00eb me targa CD, brenda nj\u00eb \u00e7ift kroat, ndaloi p\u00ebr t\u00eb lar\u00eb makin\u00ebn, nd\u00ebrsa gruaja zbriti p\u00ebr t\u00eb ushqyer qenin.<\/p>\n<p>Djemt\u00eb, filluan komentet e ndyra me z\u00eb t\u00eb lart\u00eb p\u00ebr gruan. Kur gruaja iku, dhe nuk kishin pun\u00eb p\u00ebr t\u00eb b\u00ebr\u00eb, filluan t\u00eb shanin me fjal\u00ebt m\u00eb t\u00eb ndyra nj\u00ebri tjetrin, kot, p\u00ebr t\u00eb shtyr\u00eb koh\u00ebn. Dhe nuk b\u00ebhet fjal\u00eb p\u00ebr t\u00eb b\u00ebr\u00eb shaka apo batuta banale. Jo, edhe kjo \u00ebsht\u00eb tep\u00ebr e sofistikuar p\u00ebr ta.<br \/>\nK\u00ebta djem jan\u00eb eg\u00ebrsirat e reja t\u00eb xhungl\u00ebs son\u00eb t\u00eb re.<\/p>\n<p><strong>Si lind nj\u00eb eg\u00ebrsir\u00eb n\u00eb xhungl\u00ebn shqiptare<\/strong><br \/>\nN\u00eb krejt sjelljen e tyre bie n\u00eb sy eg\u00ebrsia, n\u00eb komunikim me t\u00eb ngjashmin e tyre, me kafsh\u00ebn, me t\u00eb huajt, me pun\u00ebn e me qytetin.<\/p>\n<p>Dhe m\u00eb e trishtueshmja, ata nuk jan\u00eb ashtu sepse duan vet\u00eb. Ata, as e din\u00eb pse jan\u00eb ashtu.<br \/>\nProblemet e tyre fillojn\u00eb q\u00eb n\u00eb bark. Kujdesi e kultura sh\u00ebndet\u00ebsore ndaj n\u00ebn\u00ebs s\u00eb tyre mungon. Q\u00eb n\u00eb bark kan\u00eb d\u00ebgjuar britmat e ul\u00ebrimat n\u00ebp\u00ebr sht\u00ebpi. t\u00eb babait, t\u00eb v\u00ebllez\u00ebrve apo t\u00eb televizorit.<\/p>\n<p>T\u00eb ardhur prej provincave, t\u00eb par\u00ebt e tyre kan\u00eb zaptuar nj\u00eb tok\u00eb. Duke p\u00ebrfituar nga padija dhe nga etja e tyre p\u00ebr t\u00eb hedhur rr\u00ebnj\u00eb diku n\u00eb shum\u00eb raste dikush ua ka \u201cshitur\u201d tok\u00ebn e tjet\u00ebr kujt, u ka marr\u00eb lek\u00ebt, dhe ata me vones\u00eb e kan\u00eb kuptuar se i kan\u00eb mashtruar. E vetmja zgjidhje e babait t\u00eb tyre (deri dje) ka qen\u00eb q\u00eb t\u00eb ruante me pushk\u00eb n\u00eb tarrac\u00eb k\u00ebdo q\u00eb do t\u00eb shfaqej p\u00ebr t\u2019ia marr\u00eb sht\u00ebpin\u00eb.<\/p>\n<p>N\u00eb shkoll\u00eb, nj\u00ebsoj si m\u00ebsuesit e tyre, kan\u00eb shkuar me detyrim. Shkollat e tyre jan\u00eb m\u00eb tep\u00ebr qendra riedukimi, ku m\u00eb i forti \u201criedukon\u201d m\u00eb t\u00eb dob\u00ebtin. Dhe m\u00eb i dob\u00ebti rreh t\u00eb motr\u00ebn, t\u00eb \u00ebm\u00ebn, b\u00ebrtet n\u00ebp\u00ebr sht\u00ebpi q\u00eb kur \u00ebsht\u00eb 14 vje\u00e7.<\/p>\n<p>Sigurisht, vjen ndonj\u00eb m\u00ebsuese q\u00eb mendon se do t&#8217;i zbus\u00eb duke u lexuar Pushkinin. Por ai i tyri nuk \u00ebsht\u00eb Hollivud, dhe nuk ka Gangsta\u2019 Paradise. Filozofia e tyre \u00ebsht\u00eb \u201c<em>q\u00ebngjit t\u00eb urt\u00eb i &#8230; n\u00ebna<\/em>\u201d.<br \/>\nDikur u duhej 1 autobus p\u00ebr t\u00eb ardhur n\u00eb qend\u00ebr t\u00eb Tiran\u00ebs. Tani, u duhen t\u00eb pakt\u00ebn 2.<\/p>\n<p>Ata kan\u00eb jetuar n\u00eb geton e tyre pa rrug\u00eb t\u00eb shtruara, pa uj\u00eb t\u00eb pijsh\u00ebm, duke vjedhur korrent (babai rri me pushk\u00eb mbi tarrac\u00eb), dhe korrenti u duhet p\u00ebr t\u00eb par\u00eb televizor, ata e kan\u00eb njohur bot\u00ebn p\u00ebrmes televizorit. Idhulli i tyre \u00ebsht\u00eb Van Dami, i vetmi q\u00eb mund t\u00eb mbijetoj\u00eb n\u00eb xhungl\u00ebn e periferis\u00eb. Ata nuk flasin me femra, ndryshe do han\u00eb thika nga familjar\u00ebt e vajzave. Ata e identifikojn\u00eb dashurin\u00eb p\u00ebrmes Channel X.<\/p>\n<p>M\u00eb t\u00eb aft\u00ebt e xhungl\u00ebs, u mor\u00ebn me pun\u00eb t\u00eb pista, e kap\u00ebn veten, shkuan n\u00eb Lond\u00ebr. Puna e tyre fulltime \u00ebsht\u00eb t\u00eb b\u00ebjn\u00eb xhiro me makin\u00eb p\u00ebr t\u00eb shijuar statusin e tyre. Part time, b\u00ebjn\u00eb ato pun\u00ebt e tjera q\u00eb u sjellin para.<br \/>\nM\u00eb t\u00eb dob\u00ebtit, lajn\u00eb makina, dhe presin t\u00eb ikin n\u00eb Lond\u00ebr. Q\u00eb pastaj t\u00eb b\u00ebjn\u00eb xhiro me makin\u00eb dhe ata. Ata jan\u00eb t\u00eb frustruar, sepse me standardet e xhungl\u00ebs, jan\u00eb t\u00eb d\u00ebshtuar. Pa makin\u00eb p\u00ebr xhiro, pa para, pa dashnore, pa Lond\u00ebr.<\/p>\n<p>N\u00eb qend\u00ebr t\u00eb Tiran\u00ebs ata zbresin vet\u00ebm n\u00eb 2-3 festa popullore: 14 Shkurt, 15 mars&#8230; Aty ku nuk duken. Aty ku ka turma t\u00eb m\u00ebdha qytetar\u00ebsh jan\u00eb dhe ata, t\u00eb organizuar n\u00eb tufa djemsh t\u00eb rinj q\u00eb vijn\u00eb v\u00ebrdall\u00eb t\u00eb etur p\u00ebr t\u00eb par\u00eb femra, p\u00ebr t\u00eb par\u00eb \u00e7ifte, p\u00ebr t\u00eb pir\u00eb e b\u00ebr\u00eb sherre kaposh\u00ebsh, p\u00ebr t\u00eb sulmuar qendr\u00ebn si nj\u00eb tuf\u00eb karkalecash t\u00eb pangr\u00ebn\u00eb.<\/p>\n<p>Ata jan\u00eb njeriu i ri i tranzicionit.<br \/>\nAta ngjajn\u00eb t\u00eb egj\u00ebr n\u00eb qend\u00ebr t\u00eb Tiran\u00ebs. Imagjinojini si do ngjanin n\u00eb mes t\u00eb Parisit!<\/p>\n<p><strong>Azap\u00ebt<\/strong><br \/>\nFaji, sigurisht q\u00eb nuk \u00ebsht\u00eb i tyri, \u00ebsht\u00eb i sistemit.<br \/>\nHer\u00eb pas here, eg\u00ebrsirat e xhungl\u00ebs son\u00eb vijn\u00eb deri te dera e sistemit ton\u00eb. Ngren\u00eb pankarta. B\u00ebrtasin, e m\u00eb t\u00eb rrall\u00eb gjuajn\u00eb dhe me gur\u00eb. N\u00eb ndonj\u00eb rast p\u00ebrfitojn\u00eb p\u00ebr t\u00eb marr\u00eb edhe ndonj\u00eb lek nga organizator\u00ebt. B\u00ebrtasin, por, asnj\u00ebher\u00eb p\u00ebr veten e tyre. B\u00ebrtasin p\u00ebr kauzat e t\u00eb tjer\u00ebve. Identifikojn\u00eb armikun tek nj\u00eb individ i vet\u00ebm dhe \u00e7irren me fjalorin e tyre vulgar e t\u00eb dhunsh\u00ebm p\u00ebr 20 vjet rresht kund\u00ebr tij.<\/p>\n<p>T\u00eb trajtuar e t\u00eb rritur si qytetar\u00eb t\u00eb dor\u00ebs s\u00eb dyt\u00eb, pjes\u00ebmarrja e tyre n\u00eb shoq\u00ebri \u00ebsht\u00eb vet\u00ebm n\u00eb rast betejash. Pjes\u00ebmarrja e tyre n\u00eb politik\u00eb, vet\u00ebm tribale.<br \/>\nAta, jan\u00eb azap\u00ebt e politik\u00ebs.<br \/>\nJan\u00eb trupa e \u00e7rregullt q\u00eb p\u00ebrdorej n\u00eb ushtrin\u00eb otomane p\u00ebr pun\u00ebt m\u00eb t\u00eb r\u00ebndomta dhe n\u00eb or\u00ebn e luft\u00ebs si mish p\u00ebr top.<\/p>\n<p>Azap\u00ebt jan\u00eb kapitali m\u00eb i vyer i \u00e7do pushteti. Ata nuk k\u00ebrkojn\u00eb t\u00eb drejta, k\u00ebrkojn\u00eb vet\u00ebm hakmarrje p\u00ebr gjendjen e tyre. Dhe, bariu i zgjuar mund ta orientoj\u00eb hakmarrjen e tyre t\u00eb verb\u00ebr si\u00e7 do ai e ku do ai.<br \/>\nT\u00eb rritur n\u00eb xhung\u00ebl, por xhungla e tyre \u00ebsht\u00eb burg. Nj\u00eb burg prej nga dalin vet\u00ebm 2-3 her\u00eb n\u00eb vit p\u00ebr fest\u00eb, dhe \u00e7do dit\u00eb n\u00eb m\u00ebngjes p\u00ebr n\u00eb pun\u00eb. Nj\u00eb burg, ku kthehen \u00e7do pasdite.<\/p>\n<p>Projektet serioze p\u00ebr ta zhdukur njeriun e xhungl\u00ebs e p\u00ebr t\u00eb nxjerr\u00eb nga ai nj\u00eb qytetar mungojn\u00eb. Fundja, kujt i intereson?<\/p>\n<p><strong>Pse xhungla e Amazon\u00ebs zhduket, e jona jo?<\/strong><br \/>\nP\u00ebr fatkeq\u00ebsin\u00eb e tyre dhe fajin ton\u00eb, ata jan\u00eb viktimat e nj\u00eb sistemi t\u00eb padrejt\u00eb q\u00eb kemi ngritur n\u00eb k\u00ebta 20 vjet. Nj\u00eb sistem q\u00eb i diskriminon n\u00eb arsim, mund\u00ebsi pun\u00ebsimi, arg\u00ebtim, banim, gjuh\u00eb, akses n\u00eb \u00e7do t\u00eb mir\u00eb shpirt\u00ebrore. Ata jan\u00eb an\u00ebs drit\u00ebs, t\u00eb papar\u00eb.<br \/>\nEdhe ata do t\u00eb donin t\u00eb kishin nj\u00eb perde p\u00ebr t\u00eb mos par\u00eb, por puna i detyron t\u00eb shohin jet\u00ebn q\u00eb b\u00ebjn\u00eb disa t\u00eb tjer\u00eb. Makinat e tyre, grat\u00eb e tyre.<\/p>\n<p>\u00c7do gj\u00eb q\u00eb nuk kan\u00eb, e shajn\u00eb me fjal\u00eb t\u00eb ndyra. Nxjerrin mllef verbal ndaj \u00e7do gj\u00ebje q\u00eb nuk \u00ebsht\u00eb e ngjitur pas trupit t\u00eb tyre, sepse e tyrja \u00ebsht\u00eb vet\u00ebm ajo q\u00eb kan\u00eb n\u00eb trup. \u00c7do gj\u00eb jasht\u00eb tyre, \u00ebsht\u00eb sistem. Sistem, dometh\u00ebn\u00eb armik.<\/p>\n<p>Zhdukja e njeriut t\u00eb xhungl\u00ebs s\u00eb tranzicionit k\u00ebrkon projekte shum\u00eb serioze, dhe koh\u00eb. Por politika jon\u00eb \u00ebsht\u00eb jo-serioze, e mbi t\u00eb gjitha, e p\u00ebrkohshme. K\u00ebrkon nj\u00eb sistem arsimor tjet\u00ebr, mund\u00ebsi ekonomike t\u00eb tjera, rivitalizim t\u00eb periferive, futje t\u00eb shpirt\u00ebrores atje ku ka vet\u00ebm \u00e7imento, ngritje qendrash arti atje ku ka vet\u00ebm TV, sa\u00e7 mbi tarrac\u00eb e Channel X.<\/p>\n<p>Ata mund t\u00eb asimiloheshin pak nga pak n\u00eb qytet\u00ebrim, por l\u00ebngu i qytet\u00ebrimit ton\u00eb po thahet. Sistemi \u00ebsht\u00eb jo-miq\u00ebsor me krijesat qytetare. Duhet \u00e7do dit\u00eb pak instinkt xhungle p\u00ebr t\u00eb mbijetuar. Eg\u00ebrsia e xhungl\u00ebs ka kapur ekonomin\u00eb, administrat\u00ebn, deri edhe artin. P\u00ebr mbijetes\u00eb, duhet t\u00eb tregosh dh\u00ebmb\u00ebt, t\u00eb shqyesh e t\u00eb shash. Protestoni me vez\u00eb mbi nj\u00eb nd\u00ebrtes\u00eb partie, po jua mbajti. Ka shkrimtar\u00eb q\u00eb zihen me grushte p\u00ebr pun\u00eb botimi.<\/p>\n<p>M\u00eb t\u00eb qytet\u00ebruarit, t\u00eb shkolluarit, t\u00eb ndjeshmit, po ikin. Prandaj rrug\u00ebt tona jan\u00eb 2: ose t\u00eb ikim, ose t\u00eb vem\u00eb nj\u00eb perde mes nesh e jo-qytet\u00ebrimit.<br \/>\n<strong>Kthimi tek qeni<\/strong><br \/>\nKa nj\u00eb qen t\u00eb lidhur, tek nj\u00eb lavazh n\u00eb qend\u00ebr t\u00eb Tiran\u00ebs. Nj\u00eb qen, pran\u00eb ujit i papir\u00eb. Her\u00eb pas here, nga nj\u00eb makin\u00eb me targa CD dikush i \u00e7on p\u00ebr t\u00eb ngr\u00ebn\u00eb.<\/p>\n<p>Tendenca e qytetarit t\u00eb sot\u00ebm t\u00eb Tiran\u00ebs &#8211; atij q\u00eb ka nj\u00eb shkoll\u00eb dhe nj\u00eb pun\u00eb t\u00eb mir\u00eb, ose t\u00eb pakt\u00ebn nj\u00ebr\u00ebn prej tyre \u2013 \u00ebsht\u00eb q\u00eb t\u00eb krijoj\u00eb nj\u00eb perde. M\u00eb sakt\u00eb, nj\u00eb perde mes vetes dhe qytetarit tjet\u00ebr t\u00eb Tiran\u00ebs, atij q\u00eb nuk ka as shkoll\u00eb e as ndonj\u00eb pun\u00eb t\u00eb mir\u00eb. Atij q\u00eb vet\u00ebm shan.<br \/>\nKjo perde nuk e zhduk njeriun e eg\u00ebr t\u00eb qendr\u00ebs. M\u00eb e pakta, perdja jon\u00eb do b\u00ebj\u00eb q\u00eb qeni t\u00eb ngordh\u00eb nga etja.<\/p>\n<p>\/<em>revista klan<\/em>\/<\/p>\n","protected":false},"excerpt":{"rendered":"<p>Nga Koloreto Cukali, 5 janar 2012 Tendenca e qytetarit t\u00eb sot\u00ebm t\u00eb Tiran\u00ebs &#8211; atij q\u00eb ka nj\u00eb shkoll\u00eb dhe nj\u00eb pun\u00eb t\u00eb mir\u00eb, ose t\u00eb pakt\u00ebn nj\u00ebr\u00ebn prej tyre \u2013 \u00ebsht\u00eb q\u00eb t\u00eb krijoj\u00eb nj\u00eb perde mes vetes e qytetit. Dhe kjo nuk \u00ebsht\u00eb e v\u00ebshtir\u00eb t\u00eb arrihet. Ne mbyllemi n\u00eb sht\u00ebpit\u00eb tona ose [&hellip;]<\/p>\n","protected":false},"author":1,"featured_media":0,"comment_status":"open","ping_status":"closed","sticky":false,"template":"","format":"standard","meta":{"footnotes":""},"categories":[2],"tags":[],"class_list":{"0":"post-1005","1":"post","2":"type-post","3":"status-publish","4":"format-standard","6":"category-artikuj"},"yoast_head":"<!-- This site is optimized with the Yoast SEO plugin v27.4 - https:\/\/yoast.com\/product\/yoast-seo-wordpress\/ -->\n<title>Njeriu i eg\u00ebr i qendr\u00ebs s\u00eb Tiran\u00ebs - FjALA e LIR\u00cb - Arkivi<\/title>\n<meta name=\"robots\" content=\"index, follow, max-snippet:-1, max-image-preview:large, max-video-preview:-1\" \/>\n<link rel=\"canonical\" href=\"https:\/\/fjala.info\/2009-2015\/njeriu-i-eger-i-qendres-se-tiranes\/\" \/>\n<meta property=\"og:locale\" content=\"sq_AL\" \/>\n<meta property=\"og:type\" content=\"article\" \/>\n<meta property=\"og:title\" content=\"Njeriu i eg\u00ebr i qendr\u00ebs s\u00eb Tiran\u00ebs - FjALA e LIR\u00cb - Arkivi\" \/>\n<meta property=\"og:description\" content=\"Nga Koloreto Cukali, 5 janar 2012 Tendenca e qytetarit t\u00eb sot\u00ebm t\u00eb Tiran\u00ebs &#8211; atij q\u00eb ka nj\u00eb shkoll\u00eb dhe nj\u00eb pun\u00eb t\u00eb mir\u00eb, ose t\u00eb pakt\u00ebn nj\u00ebr\u00ebn prej tyre \u2013 \u00ebsht\u00eb q\u00eb t\u00eb krijoj\u00eb nj\u00eb perde mes vetes e qytetit. Dhe kjo nuk \u00ebsht\u00eb e v\u00ebshtir\u00eb t\u00eb arrihet. Ne mbyllemi n\u00eb sht\u00ebpit\u00eb tona ose [&hellip;]\" \/>\n<meta property=\"og:url\" content=\"https:\/\/fjala.info\/2009-2015\/njeriu-i-eger-i-qendres-se-tiranes\/\" \/>\n<meta property=\"og:site_name\" content=\"FjALA e LIR\u00cb - Arkivi\" \/>\n<meta property=\"article:published_time\" content=\"2012-01-06T09:20:42+00:00\" \/>\n<meta property=\"og:image\" content=\"http:\/\/www.shkoder.net\/2012\/ron_mueck_the_wild_man.jpg\" \/>\n<meta name=\"author\" content=\"admin\" \/>\n<meta name=\"twitter:card\" content=\"summary_large_image\" \/>\n<meta name=\"twitter:label1\" content=\"Written by\" \/>\n\t<meta name=\"twitter:data1\" content=\"admin\" \/>\n\t<meta name=\"twitter:label2\" content=\"Est. reading time\" \/>\n\t<meta name=\"twitter:data2\" content=\"8 minutes\" \/>\n<script type=\"application\/ld+json\" class=\"yoast-schema-graph\">{\"@context\":\"https:\\\/\\\/schema.org\",\"@graph\":[{\"@type\":\"Article\",\"@id\":\"https:\\\/\\\/fjala.info\\\/2009-2015\\\/njeriu-i-eger-i-qendres-se-tiranes\\\/#article\",\"isPartOf\":{\"@id\":\"https:\\\/\\\/fjala.info\\\/2009-2015\\\/njeriu-i-eger-i-qendres-se-tiranes\\\/\"},\"author\":{\"name\":\"admin\",\"@id\":\"https:\\\/\\\/fjala.info\\\/2009-2015\\\/#\\\/schema\\\/person\\\/3aa1163ef05469c496fc94e77611ada2\"},\"headline\":\"Njeriu i eg\u00ebr i qendr\u00ebs s\u00eb Tiran\u00ebs\",\"datePublished\":\"2012-01-06T09:20:42+00:00\",\"mainEntityOfPage\":{\"@id\":\"https:\\\/\\\/fjala.info\\\/2009-2015\\\/njeriu-i-eger-i-qendres-se-tiranes\\\/\"},\"wordCount\":1705,\"commentCount\":0,\"publisher\":{\"@id\":\"https:\\\/\\\/fjala.info\\\/2009-2015\\\/#organization\"},\"image\":{\"@id\":\"https:\\\/\\\/fjala.info\\\/2009-2015\\\/njeriu-i-eger-i-qendres-se-tiranes\\\/#primaryimage\"},\"thumbnailUrl\":\"http:\\\/\\\/www.shkoder.net\\\/2012\\\/ron_mueck_the_wild_man.jpg\",\"articleSection\":[\"Artikuj\"],\"inLanguage\":\"sq-AL\",\"potentialAction\":[{\"@type\":\"CommentAction\",\"name\":\"Comment\",\"target\":[\"https:\\\/\\\/fjala.info\\\/2009-2015\\\/njeriu-i-eger-i-qendres-se-tiranes\\\/#respond\"]}]},{\"@type\":\"WebPage\",\"@id\":\"https:\\\/\\\/fjala.info\\\/2009-2015\\\/njeriu-i-eger-i-qendres-se-tiranes\\\/\",\"url\":\"https:\\\/\\\/fjala.info\\\/2009-2015\\\/njeriu-i-eger-i-qendres-se-tiranes\\\/\",\"name\":\"Njeriu i eg\u00ebr i qendr\u00ebs s\u00eb Tiran\u00ebs - FjALA e LIR\u00cb - Arkivi\",\"isPartOf\":{\"@id\":\"https:\\\/\\\/fjala.info\\\/2009-2015\\\/#website\"},\"primaryImageOfPage\":{\"@id\":\"https:\\\/\\\/fjala.info\\\/2009-2015\\\/njeriu-i-eger-i-qendres-se-tiranes\\\/#primaryimage\"},\"image\":{\"@id\":\"https:\\\/\\\/fjala.info\\\/2009-2015\\\/njeriu-i-eger-i-qendres-se-tiranes\\\/#primaryimage\"},\"thumbnailUrl\":\"http:\\\/\\\/www.shkoder.net\\\/2012\\\/ron_mueck_the_wild_man.jpg\",\"datePublished\":\"2012-01-06T09:20:42+00:00\",\"breadcrumb\":{\"@id\":\"https:\\\/\\\/fjala.info\\\/2009-2015\\\/njeriu-i-eger-i-qendres-se-tiranes\\\/#breadcrumb\"},\"inLanguage\":\"sq-AL\",\"potentialAction\":[{\"@type\":\"ReadAction\",\"target\":[\"https:\\\/\\\/fjala.info\\\/2009-2015\\\/njeriu-i-eger-i-qendres-se-tiranes\\\/\"]}]},{\"@type\":\"ImageObject\",\"inLanguage\":\"sq-AL\",\"@id\":\"https:\\\/\\\/fjala.info\\\/2009-2015\\\/njeriu-i-eger-i-qendres-se-tiranes\\\/#primaryimage\",\"url\":\"http:\\\/\\\/www.shkoder.net\\\/2012\\\/ron_mueck_the_wild_man.jpg\",\"contentUrl\":\"http:\\\/\\\/www.shkoder.net\\\/2012\\\/ron_mueck_the_wild_man.jpg\"},{\"@type\":\"BreadcrumbList\",\"@id\":\"https:\\\/\\\/fjala.info\\\/2009-2015\\\/njeriu-i-eger-i-qendres-se-tiranes\\\/#breadcrumb\",\"itemListElement\":[{\"@type\":\"ListItem\",\"position\":1,\"name\":\"Home\",\"item\":\"https:\\\/\\\/fjala.info\\\/2009-2015\\\/\"},{\"@type\":\"ListItem\",\"position\":2,\"name\":\"Njeriu i eg\u00ebr i qendr\u00ebs s\u00eb Tiran\u00ebs\"}]},{\"@type\":\"WebSite\",\"@id\":\"https:\\\/\\\/fjala.info\\\/2009-2015\\\/#website\",\"url\":\"https:\\\/\\\/fjala.info\\\/2009-2015\\\/\",\"name\":\"FjALA e LIR\u00cb - Arkivi\",\"description\":\"Arkivi 2009-2015\",\"publisher\":{\"@id\":\"https:\\\/\\\/fjala.info\\\/2009-2015\\\/#organization\"},\"potentialAction\":[{\"@type\":\"SearchAction\",\"target\":{\"@type\":\"EntryPoint\",\"urlTemplate\":\"https:\\\/\\\/fjala.info\\\/2009-2015\\\/?s={search_term_string}\"},\"query-input\":{\"@type\":\"PropertyValueSpecification\",\"valueRequired\":true,\"valueName\":\"search_term_string\"}}],\"inLanguage\":\"sq-AL\"},{\"@type\":\"Organization\",\"@id\":\"https:\\\/\\\/fjala.info\\\/2009-2015\\\/#organization\",\"name\":\"FjALA e LIR\u00cb - Arkivi\",\"url\":\"https:\\\/\\\/fjala.info\\\/2009-2015\\\/\",\"logo\":{\"@type\":\"ImageObject\",\"inLanguage\":\"sq-AL\",\"@id\":\"https:\\\/\\\/fjala.info\\\/2009-2015\\\/#\\\/schema\\\/logo\\\/image\\\/\",\"url\":\"\",\"contentUrl\":\"\",\"caption\":\"FjALA e LIR\u00cb - Arkivi\"},\"image\":{\"@id\":\"https:\\\/\\\/fjala.info\\\/2009-2015\\\/#\\\/schema\\\/logo\\\/image\\\/\"}},{\"@type\":\"Person\",\"@id\":\"https:\\\/\\\/fjala.info\\\/2009-2015\\\/#\\\/schema\\\/person\\\/3aa1163ef05469c496fc94e77611ada2\",\"name\":\"admin\",\"image\":{\"@type\":\"ImageObject\",\"inLanguage\":\"sq-AL\",\"@id\":\"https:\\\/\\\/fjala.info\\\/2009-2015\\\/wp-content\\\/uploads\\\/2012\\\/02\\\/arben_cokaj-120x150.jpg\",\"url\":\"https:\\\/\\\/fjala.info\\\/2009-2015\\\/wp-content\\\/uploads\\\/2012\\\/02\\\/arben_cokaj-120x150.jpg\",\"contentUrl\":\"https:\\\/\\\/fjala.info\\\/2009-2015\\\/wp-content\\\/uploads\\\/2012\\\/02\\\/arben_cokaj-120x150.jpg\",\"caption\":\"admin\"},\"description\":\"Admin, Fjala e Lir\u00eb\",\"sameAs\":[\"https:\\\/\\\/fjala.info\\\/\"],\"url\":\"https:\\\/\\\/fjala.info\\\/2009-2015\\\/author\\\/admin\\\/\"}]}<\/script>\n<!-- \/ Yoast SEO plugin. -->","yoast_head_json":{"title":"Njeriu i eg\u00ebr i qendr\u00ebs s\u00eb Tiran\u00ebs - FjALA e LIR\u00cb - Arkivi","robots":{"index":"index","follow":"follow","max-snippet":"max-snippet:-1","max-image-preview":"max-image-preview:large","max-video-preview":"max-video-preview:-1"},"canonical":"https:\/\/fjala.info\/2009-2015\/njeriu-i-eger-i-qendres-se-tiranes\/","og_locale":"sq_AL","og_type":"article","og_title":"Njeriu i eg\u00ebr i qendr\u00ebs s\u00eb Tiran\u00ebs - FjALA e LIR\u00cb - Arkivi","og_description":"Nga Koloreto Cukali, 5 janar 2012 Tendenca e qytetarit t\u00eb sot\u00ebm t\u00eb Tiran\u00ebs &#8211; atij q\u00eb ka nj\u00eb shkoll\u00eb dhe nj\u00eb pun\u00eb t\u00eb mir\u00eb, ose t\u00eb pakt\u00ebn nj\u00ebr\u00ebn prej tyre \u2013 \u00ebsht\u00eb q\u00eb t\u00eb krijoj\u00eb nj\u00eb perde mes vetes e qytetit. Dhe kjo nuk \u00ebsht\u00eb e v\u00ebshtir\u00eb t\u00eb arrihet. Ne mbyllemi n\u00eb sht\u00ebpit\u00eb tona ose [&hellip;]","og_url":"https:\/\/fjala.info\/2009-2015\/njeriu-i-eger-i-qendres-se-tiranes\/","og_site_name":"FjALA e LIR\u00cb - Arkivi","article_published_time":"2012-01-06T09:20:42+00:00","og_image":[{"url":"http:\/\/www.shkoder.net\/2012\/ron_mueck_the_wild_man.jpg","type":"","width":"","height":""}],"author":"admin","twitter_card":"summary_large_image","twitter_misc":{"Written by":"admin","Est. reading time":"8 minutes"},"schema":{"@context":"https:\/\/schema.org","@graph":[{"@type":"Article","@id":"https:\/\/fjala.info\/2009-2015\/njeriu-i-eger-i-qendres-se-tiranes\/#article","isPartOf":{"@id":"https:\/\/fjala.info\/2009-2015\/njeriu-i-eger-i-qendres-se-tiranes\/"},"author":{"name":"admin","@id":"https:\/\/fjala.info\/2009-2015\/#\/schema\/person\/3aa1163ef05469c496fc94e77611ada2"},"headline":"Njeriu i eg\u00ebr i qendr\u00ebs s\u00eb Tiran\u00ebs","datePublished":"2012-01-06T09:20:42+00:00","mainEntityOfPage":{"@id":"https:\/\/fjala.info\/2009-2015\/njeriu-i-eger-i-qendres-se-tiranes\/"},"wordCount":1705,"commentCount":0,"publisher":{"@id":"https:\/\/fjala.info\/2009-2015\/#organization"},"image":{"@id":"https:\/\/fjala.info\/2009-2015\/njeriu-i-eger-i-qendres-se-tiranes\/#primaryimage"},"thumbnailUrl":"http:\/\/www.shkoder.net\/2012\/ron_mueck_the_wild_man.jpg","articleSection":["Artikuj"],"inLanguage":"sq-AL","potentialAction":[{"@type":"CommentAction","name":"Comment","target":["https:\/\/fjala.info\/2009-2015\/njeriu-i-eger-i-qendres-se-tiranes\/#respond"]}]},{"@type":"WebPage","@id":"https:\/\/fjala.info\/2009-2015\/njeriu-i-eger-i-qendres-se-tiranes\/","url":"https:\/\/fjala.info\/2009-2015\/njeriu-i-eger-i-qendres-se-tiranes\/","name":"Njeriu i eg\u00ebr i qendr\u00ebs s\u00eb Tiran\u00ebs - FjALA e LIR\u00cb - Arkivi","isPartOf":{"@id":"https:\/\/fjala.info\/2009-2015\/#website"},"primaryImageOfPage":{"@id":"https:\/\/fjala.info\/2009-2015\/njeriu-i-eger-i-qendres-se-tiranes\/#primaryimage"},"image":{"@id":"https:\/\/fjala.info\/2009-2015\/njeriu-i-eger-i-qendres-se-tiranes\/#primaryimage"},"thumbnailUrl":"http:\/\/www.shkoder.net\/2012\/ron_mueck_the_wild_man.jpg","datePublished":"2012-01-06T09:20:42+00:00","breadcrumb":{"@id":"https:\/\/fjala.info\/2009-2015\/njeriu-i-eger-i-qendres-se-tiranes\/#breadcrumb"},"inLanguage":"sq-AL","potentialAction":[{"@type":"ReadAction","target":["https:\/\/fjala.info\/2009-2015\/njeriu-i-eger-i-qendres-se-tiranes\/"]}]},{"@type":"ImageObject","inLanguage":"sq-AL","@id":"https:\/\/fjala.info\/2009-2015\/njeriu-i-eger-i-qendres-se-tiranes\/#primaryimage","url":"http:\/\/www.shkoder.net\/2012\/ron_mueck_the_wild_man.jpg","contentUrl":"http:\/\/www.shkoder.net\/2012\/ron_mueck_the_wild_man.jpg"},{"@type":"BreadcrumbList","@id":"https:\/\/fjala.info\/2009-2015\/njeriu-i-eger-i-qendres-se-tiranes\/#breadcrumb","itemListElement":[{"@type":"ListItem","position":1,"name":"Home","item":"https:\/\/fjala.info\/2009-2015\/"},{"@type":"ListItem","position":2,"name":"Njeriu i eg\u00ebr i qendr\u00ebs s\u00eb Tiran\u00ebs"}]},{"@type":"WebSite","@id":"https:\/\/fjala.info\/2009-2015\/#website","url":"https:\/\/fjala.info\/2009-2015\/","name":"FjALA e LIR\u00cb - Arkivi","description":"Arkivi 2009-2015","publisher":{"@id":"https:\/\/fjala.info\/2009-2015\/#organization"},"potentialAction":[{"@type":"SearchAction","target":{"@type":"EntryPoint","urlTemplate":"https:\/\/fjala.info\/2009-2015\/?s={search_term_string}"},"query-input":{"@type":"PropertyValueSpecification","valueRequired":true,"valueName":"search_term_string"}}],"inLanguage":"sq-AL"},{"@type":"Organization","@id":"https:\/\/fjala.info\/2009-2015\/#organization","name":"FjALA e LIR\u00cb - Arkivi","url":"https:\/\/fjala.info\/2009-2015\/","logo":{"@type":"ImageObject","inLanguage":"sq-AL","@id":"https:\/\/fjala.info\/2009-2015\/#\/schema\/logo\/image\/","url":"","contentUrl":"","caption":"FjALA e LIR\u00cb - Arkivi"},"image":{"@id":"https:\/\/fjala.info\/2009-2015\/#\/schema\/logo\/image\/"}},{"@type":"Person","@id":"https:\/\/fjala.info\/2009-2015\/#\/schema\/person\/3aa1163ef05469c496fc94e77611ada2","name":"admin","image":{"@type":"ImageObject","inLanguage":"sq-AL","@id":"https:\/\/fjala.info\/2009-2015\/wp-content\/uploads\/2012\/02\/arben_cokaj-120x150.jpg","url":"https:\/\/fjala.info\/2009-2015\/wp-content\/uploads\/2012\/02\/arben_cokaj-120x150.jpg","contentUrl":"https:\/\/fjala.info\/2009-2015\/wp-content\/uploads\/2012\/02\/arben_cokaj-120x150.jpg","caption":"admin"},"description":"Admin, Fjala e Lir\u00eb","sameAs":["https:\/\/fjala.info\/"],"url":"https:\/\/fjala.info\/2009-2015\/author\/admin\/"}]}},"_links":{"self":[{"href":"https:\/\/fjala.info\/2009-2015\/wp-json\/wp\/v2\/posts\/1005","targetHints":{"allow":["GET"]}}],"collection":[{"href":"https:\/\/fjala.info\/2009-2015\/wp-json\/wp\/v2\/posts"}],"about":[{"href":"https:\/\/fjala.info\/2009-2015\/wp-json\/wp\/v2\/types\/post"}],"author":[{"embeddable":true,"href":"https:\/\/fjala.info\/2009-2015\/wp-json\/wp\/v2\/users\/1"}],"replies":[{"embeddable":true,"href":"https:\/\/fjala.info\/2009-2015\/wp-json\/wp\/v2\/comments?post=1005"}],"version-history":[{"count":0,"href":"https:\/\/fjala.info\/2009-2015\/wp-json\/wp\/v2\/posts\/1005\/revisions"}],"wp:attachment":[{"href":"https:\/\/fjala.info\/2009-2015\/wp-json\/wp\/v2\/media?parent=1005"}],"wp:term":[{"taxonomy":"category","embeddable":true,"href":"https:\/\/fjala.info\/2009-2015\/wp-json\/wp\/v2\/categories?post=1005"},{"taxonomy":"post_tag","embeddable":true,"href":"https:\/\/fjala.info\/2009-2015\/wp-json\/wp\/v2\/tags?post=1005"}],"curies":[{"name":"wp","href":"https:\/\/api.w.org\/{rel}","templated":true}]}}