{"id":10028,"date":"2011-08-20T22:30:09","date_gmt":"2011-08-20T21:30:09","guid":{"rendered":"http:\/\/fjala.shkoder.net\/?p=10028"},"modified":"2011-08-20T22:30:09","modified_gmt":"2011-08-20T21:30:09","slug":"nekrofili-gushti","status":"publish","type":"post","link":"https:\/\/fjala.info\/2009-2015\/nekrofili-gushti\/","title":{"rendered":"NEKROFILI GUSHTI?!"},"content":{"rendered":"<p><strong>Monika Shoshori Stafa<\/strong>, <em>20.08.2011<\/em><\/p>\n<p>Muaji gusht n\u00eb Shqip\u00ebri prej vitesh sh\u00ebnjon nj\u00eb rekord q\u00eb nuk ka lidhje me temperaturat dhe motin. Gushti \u00ebsht\u00eb muaji i vrasjeve dhe vdekjeve. Nj\u00ebzet vrasje n\u00eb kat\u00ebr dit\u00eb. 12 vdekje vet\u00ebm n\u00eb dy dit\u00eb. Buletinet e lajmeve dhe gazetat gjat\u00eb muajit gusht kan\u00eb nevoj\u00eb p\u00ebr m\u00eb shum\u00eb reporter\u00eb p\u00ebr faqet e kronik\u00ebs.<\/p>\n<p>Duket sikur shqiptar\u00ebve nuk u b\u00ebn mir\u00eb pushimi, sepse pik\u00ebrisht n\u00eb gusht, n\u00eb muajin e pushimeve, vdekja pa shkak, vdekja nga dora njer\u00ebzore, mbret\u00ebron.<\/p>\n<p>K\u00ebt\u00eb vit, \u201cvdekja e gushtit\u201d ka pasur disa ndryshime prej tradit\u00ebs. T\u00eb pakt\u00ebn deri m\u00eb tani nuk ka pasur pretendime p\u00ebr t\u00eb b\u00ebr\u00eb fajtor Kanunin. Duket se vrasjet e gushtit jan\u00eb vrasje njer\u00ebzish q\u00eb kan\u00eb dal\u00eb nga kodi kanunor: ato e kan\u00eb mbuluar t\u00ebr\u00ebsisht hart\u00ebn e Shqip\u00ebris\u00eb, nga Kor\u00e7a n\u00eb Durr\u00ebs, nga Tropoja n\u00eb Tiran\u00eb, nga Burreli n\u00eb Kamz\u00eb dhe prej k\u00ebndej, n\u00eb Sarand\u00eb.<\/p>\n<p>\u201cVrasjet e gushtit\u201d k\u00ebt\u00eb vit soll\u00ebn dhe nj\u00eb ndryshim tjet\u00ebr: duket se marrja e jet\u00ebs s\u00eb tjetrit po kthehet n\u00eb mjesht\u00ebri. Po perfeksionohet arti i anti-jet\u00ebs: prej vrasjes terrorizuese tek ajo aksidentale, prej vrasjes anatomike deri tek n\u00eb grup, prej vrasjes hakmarr\u00ebse deri tek vet\u00ebvrasja. Kurr\u00eb ndonj\u00eb her\u00eb vdekja n\u00eb Shqip\u00ebri nuk e ka pasur k\u00ebt\u00eb larmi kriminale. Kjo t\u00eb shtyn t\u00eb mendosh se k\u00ebto vrasje jan\u00eb jo rast\u00ebsisht t\u00eb mbledhura n\u00eb dit\u00ebt p\u00ebrv\u00ebluese t\u00eb gushtit. Jan\u00eb vrasje t\u00eb menduara mir\u00eb dhe t\u00eb projektuara me gjakftoht\u00ebsi.<\/p>\n<p>Edhe k\u00ebt\u00eb vit u konfirmua plot\u00ebsisht se vrasjet e gushtit kan\u00eb lidhje t\u00eb kusht\u00ebzuar me nj\u00eb fakt tjet\u00ebr, q\u00eb jo rast\u00ebsisht q\u00ebllon n\u00eb gusht. \u00cbsht\u00eb koha e kthimit t\u00eb emigrant\u00ebve p\u00ebr t\u00eb kaluar n\u00eb vendin e tyre t\u00eb lindjes, dhe me k\u00ebt\u00eb rast, nj\u00eb udh\u00eb e disa pun\u00eb, pse t\u00eb mos shlyhen dhe disa hesape? \u00cbsht\u00eb fakt se n\u00eb shumic\u00ebn e vrasjeve t\u00eb identifikuara, detyrimisht nj\u00eb nga pal\u00ebt ka t\u00eb implikuar nj\u00eb t\u00eb ardhur prej m\u00ebrgimit. Po ashtu, vrasja brenda familjes, n\u00eb rrethe t\u00eb njohurish dhe farefisnish, sundon gjer\u00ebsisht.<\/p>\n<p>K\u00ebshtu nd\u00ebrthuren faktet me nj\u00ebri-tjetrin: fillimi i pushimeve, ardhja kalendarike e emigrant\u00ebve, parap\u00ebrgatitja e vrasjeve, larja e hesapeve, inkriminimi maksimal i shoq\u00ebris\u00eb, hyrja e luft\u00ebs n\u00eb familje. Kjo \u00ebsht\u00eb nj\u00eb situat\u00eb q\u00eb dihet prej koh\u00ebsh, sepse ndryshimi nga nj\u00ebri gusht n\u00eb tjetrin ka lidhje vet\u00ebm me nuancat: thelbi \u00ebsht\u00eb i nj\u00ebjt\u00eb &#8211; n\u00eb gusht, n\u00eb Shqip\u00ebri b\u00ebhet bilanci i t\u00eb gjitha hakmarrjeve t\u00eb prapambetura, brenda dhe jasht\u00eb familjes, brenda dhe jasht\u00eb fisit, madje dhe me vetveten. Ndodhin vrasjet tradicionale p\u00ebr shkak t\u00eb borxheve t\u00eb pashlyera, t\u00eb kufijve t\u00eb pacaktuar, t\u00eb qejfeve t\u00eb prishura dhe t\u00eb thashethemeve t\u00eb p\u00ebrcjella vesh m\u00eb vesh e p\u00ebrmes teknik\u00ebs moderne t\u00eb komunikimit.<\/p>\n<p>Por ndodhin vrasjet edhe p\u00ebr shkak t\u00eb nj\u00eb fyerjeje q\u00eb nj\u00ebra pal\u00eb i ka b\u00ebr\u00eb tjetr\u00ebs dikur diku n\u00ebp\u00ebr metropolet europiane, n\u00eb Itali e Zvic\u00ebr, n\u00eb Greqi e Gjermani, n\u00eb Franc\u00eb e Turqi. Dhe arma nuk kursen as prindin, f\u00ebmij\u00ebt, t\u00eb af\u00ebrmit, sepse gushti vjen bashk\u00eb me m\u00ebrit\u00eb e mbledhura n\u00eb vetmi, q\u00eb provokojn\u00eb humbjen e qet\u00ebsis\u00eb; por vjen dhe me nj\u00eb leht\u00ebsi t\u00eb madhe p\u00ebr krimin: emigrant\u00ebt e din\u00eb shum\u00eb mir\u00eb s\u00eb n\u00eb dheun e vendlindjes \u00ebsht\u00eb shum\u00eb m\u00eb e leht\u00eb t\u00eb vras\u00ebsh se n\u00eb dheun ku punon.<\/p>\n<p>Atje nuk \u00ebsht\u00eb aq e kollajt\u00eb t\u00eb mbash arm\u00eb, nuk \u00ebsht\u00eb aq e leht\u00eb t\u00eb terrorizosh mjedisin, nuk \u00ebsht\u00eb aspak e leht\u00eb t\u2019i ik\u00ebsh d\u00ebnimit, t\u00eb blesh drejt\u00ebsin\u00eb, t\u00eb vras\u00ebsh e t\u00eb mos nd\u00ebshkohesh. Dhe prandaj durojn\u00eb e durojn\u00eb, se gushti vjen p\u00ebrs\u00ebri, ashtu sikurse vjen dhe sezoni dim\u00ebror i pushimeve, dhe dy her\u00eb n\u00eb vit ata \u201cv\u00ebn\u00eb drejt\u00ebsin\u00eb n\u00eb vend\u201d me fuqin\u00eb e arm\u00ebs, pa u l\u00ebkundur aspak.<\/p>\n<p>Gushti i k\u00ebtij viti ka kataloguar dhjet\u00ebra vrasje nga m\u00eb t\u00eb pabesueshmet, nga m\u00eb t\u00eb pashembulltat, si n\u00eb pik\u00ebpamjen kriminalistike, ashtu dhe n\u00eb at\u00eb sociale: me shtypje me makin\u00eb, me p\u00ebrleshje n\u00eb llogore, me kurthe, me prerje anatomike, me pengmarrje t\u00eb kadavrave, me xhelozi pleqsh dhe makut\u00ebri t\u00eb rinjsh. Vrasjeve p\u00ebr ndarje pasurish dhe p\u00ebr intriga e konflikte brenda familjes iu shtua dhe vrasja p\u00ebr llogari t\u00eb dikujt, madje dhe p\u00ebr llogari t\u00eb nj\u00eb t\u00eb treti apo p\u00ebr nj\u00eb pakt t\u00eb prishur. Por gushti i k\u00ebtij viti, m\u00eb shum\u00eb se her\u00eb t\u00eb tjera, b\u00ebri t\u00eb ditur se tashm\u00eb pyetja q\u00eb ka mbetur t\u00eb b\u00ebhet p\u00ebr shqiptar\u00ebt \u00ebsht\u00eb: a jan\u00eb ata nekrofil\u00eb t\u00eb lindur, apo gjith\u00eb \u00e7\u2019po ndodh lidhet me shkaqe objektive?<\/p>\n<p>Me sa duket, nekrofilia \u00ebsht\u00eb kryesisht nj\u00eb s\u00ebmundje e shtypit, kurse pjesa tjet\u00ebr nuk lidhet me ndonj\u00eb kompleks etnik t\u00eb shqiptar\u00ebve, por me v\u00ebshtir\u00ebsimin e skajsh\u00ebm t\u00eb jet\u00ebs. Dikur emigrant\u00ebt punonin gjith\u00eb vitin q\u00eb kur t\u00eb vinin n\u00eb gusht t\u00eb kishin dhe dhurata modeste p\u00ebr t\u00eb af\u00ebrmit af\u00ebr dhe larg, kurse tani, pasi kan\u00eb investuar dy dekada p\u00ebr t\u00eb p\u00ebrmir\u00ebsuar jet\u00ebn e t\u00eb k\u00ebtushm\u00ebve dhe vijn\u00eb e shohin t\u00eb nj\u00ebjt\u00ebn gjendje, nuk pyesin gjat\u00eb, por veprojn\u00eb. Veprojn\u00eb dhe p\u00ebr nj\u00eb cenim t\u00eb s\u00eb drejt\u00ebs p\u00ebr pasurin\u00eb dhe ndarjen e saj.<\/p>\n<p>Sikur t\u00eb mos mjaftonte koleksioni i larmish\u00ebm i vdekjes reale, nj\u00eb koleksion i larmish\u00ebm p\u00ebr tipologjin\u00eb e vrasjeve, p\u00ebr lidhjet e pal\u00ebve, p\u00ebr an\u00ebn kriminalistike dhe psikanalitike, p\u00ebr form\u00ebn dhe q\u00ebllimin, p\u00ebr motivin dhe shkasin, dit\u00ebt e fundme opinioneve iu paraqit edhe vdekja agjitative, vdekja parodike, e shprehur me an\u00eb traktesh dhe nekrologjish t\u00eb lidhura me emra protagonist\u00ebsh t\u00eb jet\u00ebs s\u00eb vendit.<\/p>\n<p>E gjitha kjo t\u00eb kujton komedin\u00eb e A. Z. \u00c7ajupit \u201cPas vdekjes\u201d, ku rilind\u00ebsi ka p\u00ebrqeshur veset e veprimtar\u00ebve t\u00eb koh\u00ebs p\u00ebrmes nekrologut, apo \u201cfjal\u00ebs s\u00eb vdekjes\u201d, n\u00eb t\u00eb cil\u00ebn spikaten q\u00ebllimisht cil\u00ebsi t\u00eb mira apo t\u00eb k\u00ebqija t\u00eb tyre, q\u00eb t\u2019u lexohen dhe reagimet parodike. N\u00eb fakt, gjithnj\u00eb vdekja e supozuar ka qen\u00eb shkak p\u00ebr humor, dhe humori, me magjin\u00eb e vet, ka nj\u00eb cil\u00ebsi jo vet\u00ebm sh\u00ebruese, por edhe qet\u00ebsuese. Por me sa duket, shqiptar\u00ebt nuk din\u00eb ta marrin me humor as vdekjen fiktive. K\u00ebt\u00eb e provoi dominimi n\u00eb shtyp i debateve t\u00eb pal\u00ebve p\u00ebr \u00ebndrra me vdekje dhe p\u00ebr projekte politike p\u00ebr marrje e l\u00ebnie pushteti me forma t\u00eb tilla.<\/p>\n<p>N\u00eb fakt, do t\u00eb kishte qen\u00eb zgjidhja m\u00eb e mir\u00eb ajo e nj\u00eb nx\u00ebn\u00ebsi, pjes\u00ebmarr\u00ebs n\u00eb debatet e forumeve t\u00eb nj\u00eb t\u00eb p\u00ebrditshmeje t\u00eb njohur q\u00eb shkroi p\u00ebr k\u00ebt\u00eb fakt. \u201cO xhaxhi polici, t\u00eb lutem eja dhe m\u00eb merr dhe mua n\u00eb komisariat, se dhe un\u00eb kam shp\u00ebrndar\u00eb p\u00ebr gallat\u00eb nga ato trakte\u201d, &#8211; shkruante ai t\u00eb enjten, si pjes\u00ebmarr\u00ebs n\u00eb forum. A nuk do t\u00eb kishte qen\u00eb m\u00eb mir\u00eb q\u00eb t\u00eb gjith\u00eb ta kishin p\u00ebrftuar k\u00ebshtu, si ky f\u00ebmij\u00eb?<\/p>\n","protected":false},"excerpt":{"rendered":"<p>Monika Shoshori Stafa, 20.08.2011 Muaji gusht n\u00eb Shqip\u00ebri prej vitesh sh\u00ebnjon nj\u00eb rekord q\u00eb nuk ka lidhje me temperaturat dhe motin. Gushti \u00ebsht\u00eb muaji i vrasjeve dhe vdekjeve. Nj\u00ebzet vrasje n\u00eb kat\u00ebr dit\u00eb. 12 vdekje vet\u00ebm n\u00eb dy dit\u00eb. Buletinet e lajmeve dhe gazetat gjat\u00eb muajit gusht kan\u00eb nevoj\u00eb p\u00ebr m\u00eb shum\u00eb reporter\u00eb p\u00ebr faqet [&hellip;]<\/p>\n","protected":false},"author":1,"featured_media":0,"comment_status":"open","ping_status":"closed","sticky":false,"template":"","format":"standard","meta":{"footnotes":""},"categories":[2],"tags":[],"class_list":{"0":"post-10028","1":"post","2":"type-post","3":"status-publish","4":"format-standard","6":"category-artikuj"},"yoast_head":"<!-- This site is optimized with the Yoast SEO plugin v27.4 - https:\/\/yoast.com\/product\/yoast-seo-wordpress\/ -->\n<title>NEKROFILI GUSHTI?! - FjALA e LIR\u00cb - Arkivi<\/title>\n<meta name=\"robots\" content=\"index, follow, max-snippet:-1, max-image-preview:large, max-video-preview:-1\" \/>\n<link rel=\"canonical\" href=\"https:\/\/fjala.info\/2009-2015\/nekrofili-gushti\/\" \/>\n<meta property=\"og:locale\" content=\"sq_AL\" \/>\n<meta property=\"og:type\" content=\"article\" \/>\n<meta property=\"og:title\" content=\"NEKROFILI GUSHTI?! - FjALA e LIR\u00cb - Arkivi\" \/>\n<meta property=\"og:description\" content=\"Monika Shoshori Stafa, 20.08.2011 Muaji gusht n\u00eb Shqip\u00ebri prej vitesh sh\u00ebnjon nj\u00eb rekord q\u00eb nuk ka lidhje me temperaturat dhe motin. Gushti \u00ebsht\u00eb muaji i vrasjeve dhe vdekjeve. Nj\u00ebzet vrasje n\u00eb kat\u00ebr dit\u00eb. 12 vdekje vet\u00ebm n\u00eb dy dit\u00eb. Buletinet e lajmeve dhe gazetat gjat\u00eb muajit gusht kan\u00eb nevoj\u00eb p\u00ebr m\u00eb shum\u00eb reporter\u00eb p\u00ebr faqet [&hellip;]\" \/>\n<meta property=\"og:url\" content=\"https:\/\/fjala.info\/2009-2015\/nekrofili-gushti\/\" \/>\n<meta property=\"og:site_name\" content=\"FjALA e LIR\u00cb - Arkivi\" \/>\n<meta property=\"article:published_time\" content=\"2011-08-20T21:30:09+00:00\" \/>\n<meta name=\"author\" content=\"admin\" \/>\n<meta name=\"twitter:card\" content=\"summary_large_image\" \/>\n<meta name=\"twitter:label1\" content=\"Written by\" \/>\n\t<meta name=\"twitter:data1\" content=\"admin\" \/>\n\t<meta name=\"twitter:label2\" content=\"Est. reading time\" \/>\n\t<meta name=\"twitter:data2\" content=\"6 minutes\" \/>\n<script type=\"application\/ld+json\" class=\"yoast-schema-graph\">{\"@context\":\"https:\\\/\\\/schema.org\",\"@graph\":[{\"@type\":\"Article\",\"@id\":\"https:\\\/\\\/fjala.info\\\/2009-2015\\\/nekrofili-gushti\\\/#article\",\"isPartOf\":{\"@id\":\"https:\\\/\\\/fjala.info\\\/2009-2015\\\/nekrofili-gushti\\\/\"},\"author\":{\"name\":\"admin\",\"@id\":\"https:\\\/\\\/fjala.info\\\/2009-2015\\\/#\\\/schema\\\/person\\\/3aa1163ef05469c496fc94e77611ada2\"},\"headline\":\"NEKROFILI GUSHTI?!\",\"datePublished\":\"2011-08-20T21:30:09+00:00\",\"mainEntityOfPage\":{\"@id\":\"https:\\\/\\\/fjala.info\\\/2009-2015\\\/nekrofili-gushti\\\/\"},\"wordCount\":1240,\"commentCount\":0,\"publisher\":{\"@id\":\"https:\\\/\\\/fjala.info\\\/2009-2015\\\/#organization\"},\"articleSection\":[\"Artikuj\"],\"inLanguage\":\"sq-AL\",\"potentialAction\":[{\"@type\":\"CommentAction\",\"name\":\"Comment\",\"target\":[\"https:\\\/\\\/fjala.info\\\/2009-2015\\\/nekrofili-gushti\\\/#respond\"]}]},{\"@type\":\"WebPage\",\"@id\":\"https:\\\/\\\/fjala.info\\\/2009-2015\\\/nekrofili-gushti\\\/\",\"url\":\"https:\\\/\\\/fjala.info\\\/2009-2015\\\/nekrofili-gushti\\\/\",\"name\":\"NEKROFILI GUSHTI?! - FjALA e LIR\u00cb - Arkivi\",\"isPartOf\":{\"@id\":\"https:\\\/\\\/fjala.info\\\/2009-2015\\\/#website\"},\"datePublished\":\"2011-08-20T21:30:09+00:00\",\"breadcrumb\":{\"@id\":\"https:\\\/\\\/fjala.info\\\/2009-2015\\\/nekrofili-gushti\\\/#breadcrumb\"},\"inLanguage\":\"sq-AL\",\"potentialAction\":[{\"@type\":\"ReadAction\",\"target\":[\"https:\\\/\\\/fjala.info\\\/2009-2015\\\/nekrofili-gushti\\\/\"]}]},{\"@type\":\"BreadcrumbList\",\"@id\":\"https:\\\/\\\/fjala.info\\\/2009-2015\\\/nekrofili-gushti\\\/#breadcrumb\",\"itemListElement\":[{\"@type\":\"ListItem\",\"position\":1,\"name\":\"Home\",\"item\":\"https:\\\/\\\/fjala.info\\\/2009-2015\\\/\"},{\"@type\":\"ListItem\",\"position\":2,\"name\":\"NEKROFILI GUSHTI?!\"}]},{\"@type\":\"WebSite\",\"@id\":\"https:\\\/\\\/fjala.info\\\/2009-2015\\\/#website\",\"url\":\"https:\\\/\\\/fjala.info\\\/2009-2015\\\/\",\"name\":\"FjALA e LIR\u00cb - Arkivi\",\"description\":\"Arkivi 2009-2015\",\"publisher\":{\"@id\":\"https:\\\/\\\/fjala.info\\\/2009-2015\\\/#organization\"},\"potentialAction\":[{\"@type\":\"SearchAction\",\"target\":{\"@type\":\"EntryPoint\",\"urlTemplate\":\"https:\\\/\\\/fjala.info\\\/2009-2015\\\/?s={search_term_string}\"},\"query-input\":{\"@type\":\"PropertyValueSpecification\",\"valueRequired\":true,\"valueName\":\"search_term_string\"}}],\"inLanguage\":\"sq-AL\"},{\"@type\":\"Organization\",\"@id\":\"https:\\\/\\\/fjala.info\\\/2009-2015\\\/#organization\",\"name\":\"FjALA e LIR\u00cb - Arkivi\",\"url\":\"https:\\\/\\\/fjala.info\\\/2009-2015\\\/\",\"logo\":{\"@type\":\"ImageObject\",\"inLanguage\":\"sq-AL\",\"@id\":\"https:\\\/\\\/fjala.info\\\/2009-2015\\\/#\\\/schema\\\/logo\\\/image\\\/\",\"url\":\"\",\"contentUrl\":\"\",\"caption\":\"FjALA e LIR\u00cb - Arkivi\"},\"image\":{\"@id\":\"https:\\\/\\\/fjala.info\\\/2009-2015\\\/#\\\/schema\\\/logo\\\/image\\\/\"}},{\"@type\":\"Person\",\"@id\":\"https:\\\/\\\/fjala.info\\\/2009-2015\\\/#\\\/schema\\\/person\\\/3aa1163ef05469c496fc94e77611ada2\",\"name\":\"admin\",\"image\":{\"@type\":\"ImageObject\",\"inLanguage\":\"sq-AL\",\"@id\":\"https:\\\/\\\/fjala.info\\\/2009-2015\\\/wp-content\\\/uploads\\\/2012\\\/02\\\/arben_cokaj-120x150.jpg\",\"url\":\"https:\\\/\\\/fjala.info\\\/2009-2015\\\/wp-content\\\/uploads\\\/2012\\\/02\\\/arben_cokaj-120x150.jpg\",\"contentUrl\":\"https:\\\/\\\/fjala.info\\\/2009-2015\\\/wp-content\\\/uploads\\\/2012\\\/02\\\/arben_cokaj-120x150.jpg\",\"caption\":\"admin\"},\"description\":\"Admin, Fjala e Lir\u00eb\",\"sameAs\":[\"https:\\\/\\\/fjala.info\\\/\"],\"url\":\"https:\\\/\\\/fjala.info\\\/2009-2015\\\/author\\\/admin\\\/\"}]}<\/script>\n<!-- \/ Yoast SEO plugin. -->","yoast_head_json":{"title":"NEKROFILI GUSHTI?! - FjALA e LIR\u00cb - Arkivi","robots":{"index":"index","follow":"follow","max-snippet":"max-snippet:-1","max-image-preview":"max-image-preview:large","max-video-preview":"max-video-preview:-1"},"canonical":"https:\/\/fjala.info\/2009-2015\/nekrofili-gushti\/","og_locale":"sq_AL","og_type":"article","og_title":"NEKROFILI GUSHTI?! - FjALA e LIR\u00cb - Arkivi","og_description":"Monika Shoshori Stafa, 20.08.2011 Muaji gusht n\u00eb Shqip\u00ebri prej vitesh sh\u00ebnjon nj\u00eb rekord q\u00eb nuk ka lidhje me temperaturat dhe motin. Gushti \u00ebsht\u00eb muaji i vrasjeve dhe vdekjeve. Nj\u00ebzet vrasje n\u00eb kat\u00ebr dit\u00eb. 12 vdekje vet\u00ebm n\u00eb dy dit\u00eb. Buletinet e lajmeve dhe gazetat gjat\u00eb muajit gusht kan\u00eb nevoj\u00eb p\u00ebr m\u00eb shum\u00eb reporter\u00eb p\u00ebr faqet [&hellip;]","og_url":"https:\/\/fjala.info\/2009-2015\/nekrofili-gushti\/","og_site_name":"FjALA e LIR\u00cb - Arkivi","article_published_time":"2011-08-20T21:30:09+00:00","author":"admin","twitter_card":"summary_large_image","twitter_misc":{"Written by":"admin","Est. reading time":"6 minutes"},"schema":{"@context":"https:\/\/schema.org","@graph":[{"@type":"Article","@id":"https:\/\/fjala.info\/2009-2015\/nekrofili-gushti\/#article","isPartOf":{"@id":"https:\/\/fjala.info\/2009-2015\/nekrofili-gushti\/"},"author":{"name":"admin","@id":"https:\/\/fjala.info\/2009-2015\/#\/schema\/person\/3aa1163ef05469c496fc94e77611ada2"},"headline":"NEKROFILI GUSHTI?!","datePublished":"2011-08-20T21:30:09+00:00","mainEntityOfPage":{"@id":"https:\/\/fjala.info\/2009-2015\/nekrofili-gushti\/"},"wordCount":1240,"commentCount":0,"publisher":{"@id":"https:\/\/fjala.info\/2009-2015\/#organization"},"articleSection":["Artikuj"],"inLanguage":"sq-AL","potentialAction":[{"@type":"CommentAction","name":"Comment","target":["https:\/\/fjala.info\/2009-2015\/nekrofili-gushti\/#respond"]}]},{"@type":"WebPage","@id":"https:\/\/fjala.info\/2009-2015\/nekrofili-gushti\/","url":"https:\/\/fjala.info\/2009-2015\/nekrofili-gushti\/","name":"NEKROFILI GUSHTI?! - FjALA e LIR\u00cb - Arkivi","isPartOf":{"@id":"https:\/\/fjala.info\/2009-2015\/#website"},"datePublished":"2011-08-20T21:30:09+00:00","breadcrumb":{"@id":"https:\/\/fjala.info\/2009-2015\/nekrofili-gushti\/#breadcrumb"},"inLanguage":"sq-AL","potentialAction":[{"@type":"ReadAction","target":["https:\/\/fjala.info\/2009-2015\/nekrofili-gushti\/"]}]},{"@type":"BreadcrumbList","@id":"https:\/\/fjala.info\/2009-2015\/nekrofili-gushti\/#breadcrumb","itemListElement":[{"@type":"ListItem","position":1,"name":"Home","item":"https:\/\/fjala.info\/2009-2015\/"},{"@type":"ListItem","position":2,"name":"NEKROFILI GUSHTI?!"}]},{"@type":"WebSite","@id":"https:\/\/fjala.info\/2009-2015\/#website","url":"https:\/\/fjala.info\/2009-2015\/","name":"FjALA e LIR\u00cb - Arkivi","description":"Arkivi 2009-2015","publisher":{"@id":"https:\/\/fjala.info\/2009-2015\/#organization"},"potentialAction":[{"@type":"SearchAction","target":{"@type":"EntryPoint","urlTemplate":"https:\/\/fjala.info\/2009-2015\/?s={search_term_string}"},"query-input":{"@type":"PropertyValueSpecification","valueRequired":true,"valueName":"search_term_string"}}],"inLanguage":"sq-AL"},{"@type":"Organization","@id":"https:\/\/fjala.info\/2009-2015\/#organization","name":"FjALA e LIR\u00cb - Arkivi","url":"https:\/\/fjala.info\/2009-2015\/","logo":{"@type":"ImageObject","inLanguage":"sq-AL","@id":"https:\/\/fjala.info\/2009-2015\/#\/schema\/logo\/image\/","url":"","contentUrl":"","caption":"FjALA e LIR\u00cb - Arkivi"},"image":{"@id":"https:\/\/fjala.info\/2009-2015\/#\/schema\/logo\/image\/"}},{"@type":"Person","@id":"https:\/\/fjala.info\/2009-2015\/#\/schema\/person\/3aa1163ef05469c496fc94e77611ada2","name":"admin","image":{"@type":"ImageObject","inLanguage":"sq-AL","@id":"https:\/\/fjala.info\/2009-2015\/wp-content\/uploads\/2012\/02\/arben_cokaj-120x150.jpg","url":"https:\/\/fjala.info\/2009-2015\/wp-content\/uploads\/2012\/02\/arben_cokaj-120x150.jpg","contentUrl":"https:\/\/fjala.info\/2009-2015\/wp-content\/uploads\/2012\/02\/arben_cokaj-120x150.jpg","caption":"admin"},"description":"Admin, Fjala e Lir\u00eb","sameAs":["https:\/\/fjala.info\/"],"url":"https:\/\/fjala.info\/2009-2015\/author\/admin\/"}]}},"_links":{"self":[{"href":"https:\/\/fjala.info\/2009-2015\/wp-json\/wp\/v2\/posts\/10028","targetHints":{"allow":["GET"]}}],"collection":[{"href":"https:\/\/fjala.info\/2009-2015\/wp-json\/wp\/v2\/posts"}],"about":[{"href":"https:\/\/fjala.info\/2009-2015\/wp-json\/wp\/v2\/types\/post"}],"author":[{"embeddable":true,"href":"https:\/\/fjala.info\/2009-2015\/wp-json\/wp\/v2\/users\/1"}],"replies":[{"embeddable":true,"href":"https:\/\/fjala.info\/2009-2015\/wp-json\/wp\/v2\/comments?post=10028"}],"version-history":[{"count":0,"href":"https:\/\/fjala.info\/2009-2015\/wp-json\/wp\/v2\/posts\/10028\/revisions"}],"wp:attachment":[{"href":"https:\/\/fjala.info\/2009-2015\/wp-json\/wp\/v2\/media?parent=10028"}],"wp:term":[{"taxonomy":"category","embeddable":true,"href":"https:\/\/fjala.info\/2009-2015\/wp-json\/wp\/v2\/categories?post=10028"},{"taxonomy":"post_tag","embeddable":true,"href":"https:\/\/fjala.info\/2009-2015\/wp-json\/wp\/v2\/tags?post=10028"}],"curies":[{"name":"wp","href":"https:\/\/api.w.org\/{rel}","templated":true}]}}