{"id":100,"date":"2011-11-11T07:40:53","date_gmt":"2011-11-11T06:40:53","guid":{"rendered":"http:\/\/fjala.shkoder.net\/?p=100"},"modified":"2011-11-11T07:40:53","modified_gmt":"2011-11-11T06:40:53","slug":"andrea-stefani-si-e-shantazhoi-berisha-uidhersin-dhe-pse-ambasadoret-rrine-squk-para-tij","status":"publish","type":"post","link":"https:\/\/fjala.info\/2009-2015\/andrea-stefani-si-e-shantazhoi-berisha-uidhersin-dhe-pse-ambasadoret-rrine-squk-para-tij\/","title":{"rendered":"Andrea Stefani: Si e shantazhoi Berisha Uidhersin dhe pse ambasador\u00ebt rrin\u00eb squk para tij"},"content":{"rendered":"<p><img decoding=\"async\" class=\"alignright size-thumbnail wp-image-7236\" title=\"Andrea Stefani - Komploti kund\u00ebr liris\u00eb\" src=\"http:\/\/www.shkoder.net\/images\/fjala\/2011\/as_komploti_kunder_lirise.jpg\" alt=\"\" width=\"300\" \/>&#8220;\u2026<em>Berisha po p\u00ebrpiqej, duke shpenzuar parat\u00eb e taksapaguesve shqiptar\u00eb, n\u00eb m\u00ebnyr\u00eb q\u00eb q\u00ebndrimet e qeveris\u00eb amerikane, p\u00ebr sa i takon Shqip\u00ebris\u00eb, t\u00eb form\u00ebsoheshin jo nga informacionet e diplomat\u00ebve si Uidhers, por nga lobime e kompani si \u201cPodesta Grup\u201d apo prej ndikimeve t\u00eb miqve t\u00eb paguar t\u00eb Berish\u00ebs si Tom Rixh<\/em>\u2026\u201d<\/p>\n<p>N\u00eb librin e Andrea Stefanit, ofruar dje lexuesit n\u00eb panairin e librit, jan\u00eb marr\u00eb n\u00eb analiz\u00eb edhe skandalet m\u00eb t\u00eb z\u00ebshme t\u00eb tranzicionit, si dhe implikimi i mundsh\u00ebm i politik\u00ebs dhe diplomacis\u00eb n\u00eb k\u00ebto skandale. Nj\u00eb nga ato \u00ebsht\u00eb edhe ai i tregtimit t\u00eb fishek\u00ebve kinez\u00eb nga Shqip\u00ebria p\u00ebr n\u00eb Afganistan, sipas nj\u00eb skeme mafioze, ku ishin p\u00ebrfshir\u00eb, p\u00ebrve\u00e7 kompanis\u00eb shqiptare t\u00eb Ministris\u00eb s\u00eb Mbrojtjes \u201cMEICO\u201d, edhe nj\u00eb kompani amerikane me nj\u00eb pronar trafikant me emrin Efraim Diveroli q\u00eb sot vuan d\u00ebnimin, si dhe nj\u00eb firm\u00eb qipriote q\u00eb m\u00eb von\u00eb rezultoi fantazm\u00eb. Skandali nxiti dyshime, t\u00eb shfaqura jo vet\u00ebm n\u00eb median shqiptare, por edhe at\u00eb amerikane, mbi rolin e ambasadorit amerikan, Xhon Uidhers, n\u00eb maskimin e k\u00ebsaj afere nga syt\u00eb e medias dhe publikut amerikan e shqiptar. Ja \u00e7far\u00eb thuhet n\u00eb faqet e \u201cKomplotit\u201d p\u00ebr k\u00ebt\u00eb mister:<\/p>\n<p>Zem\u00ebrimi i Uidhers \/ Fragment nga libri \u201cKomploti kund\u00ebr Liris\u00eb\u201d<\/p>\n<p>N\u00eb dit\u00ebt dhe muajt pas tragjedis\u00eb t\u00eb G\u00ebrdecit kam pasur dyshime t\u00eb forta se ambasadori Uidhers ka qen\u00eb, n\u00eb nj\u00eb form\u00eb ose n\u00eb nj\u00eb tjet\u00ebr, i implikuar n\u00eb afer\u00ebn e kontrabandimit t\u00eb fishek\u00ebve kinez\u00eb apo edhe n\u00eb at\u00eb t\u00eb punishtes s\u00eb G\u00ebrdecit. Koh\u00ebt po provojn\u00eb se nuk ka qen\u00eb fare ashtu. Nj\u00eb shqyrtim i kujdessh\u00ebm i fakteve t\u00eb jep t\u00eb kuptosh se ambasadori Uidhers e ka par\u00eb befas veten n\u00eb kurth, thuajse viktim\u00eb t\u00eb skandalit t\u00eb fishek\u00ebve. Implikimi i mundsh\u00ebm i niveleve t\u00eb ndryshme t\u00eb diplomat\u00ebve apo zyrtar\u00ebve amerikan\u00eb n\u00eb k\u00ebt\u00eb afer\u00eb e nxirrte automatikisht edhe at\u00eb vet\u00eb, t\u00eb implikuar qoft\u00eb edhe p\u00ebr munges\u00eb kujdesi dhe parandalimi. Si \u00e7do njeri krejt\u00ebsisht i pap\u00ebrlyer, duhet t\u00eb jet\u00eb ndjer\u00eb i frustruar dhe i zem\u00ebruar, i keqp\u00ebrdorur q\u00eb akuzohej dhe duhej t\u00eb mbrohej p\u00ebr nj\u00eb krim q\u00eb s\u2019e kish b\u00ebr\u00eb madje, q\u00eb detyrohej t\u00eb ndihmonte t\u2019i fshihej medias dhe publikut shqiptar dhe amerikan, nj\u00eb minist\u00ebr i korruptuar shqiptar q\u00eb, sipas \u201cNju Jork Taims\u201d, kishte prova se merrte ryshfet si pjes\u00eb e kontrat\u00ebs s\u00eb municioneve t\u00eb \u201cAEY\u201d. Uidhers \u00ebsht\u00eb ndjer\u00eb i neveritur nga q\u00eb i \u00ebsht\u00eb dashur t\u00eb b\u00ebj\u00eb diplomaci me nj\u00eb kryeminist\u00ebr, djali i t\u00eb cilit dhe ai vet\u00eb, ishin p\u00ebrfolur nga nj\u00eb trafikant si Diveroli, si mafia e gjith\u00eb k\u00ebsaj afere t\u00eb ndyr\u00eb.<\/p>\n<p>Kish ardhur n\u00eb Shqip\u00ebri me misionin q\u00eb t\u00eb p\u00ebrshpejtonte integrimin e k\u00ebtij vendi n\u00eb NATO. Dhe p\u00ebr k\u00ebt\u00eb, ndoshta i ish th\u00ebn\u00eb nga epror\u00ebt t\u00eb b\u00ebj\u00eb kujdes me stabilitetin e vendit. Pavar\u00ebsisht xanx\u00ebs autokratike t\u00eb nj\u00eb kryeministri dhe pushtetit t\u00eb tij. Nj\u00eb xanx\u00eb q\u00eb nuk i rezultoi e huaj as edhe p\u00ebr lidershipin e opozit\u00ebs. Kjo ndoshta shpjegon se p\u00ebrse Uidhers u shfaq aq i ankthsh\u00ebm dhe pengues p\u00ebr sa i takon protestave t\u00eb opozit\u00ebs pas tragjedis\u00eb t\u00eb G\u00ebrdecit. Por ishte kjo tragjedi dhe afera e fishek\u00ebve kinez\u00eb q\u00eb i shfaq\u00ebn befas para syve, kriminalizimin dhe korruptimin e pushtetit t\u00eb Berish\u00ebs. Ndoshta kish menduar se ca doza autoritarizmi edhe mund t\u00eb toleroheshin p\u00ebrkoh\u00ebsisht n\u00eb em\u00ebr t\u00eb nj\u00eb q\u00ebllimi m\u00eb t\u00eb lart\u00eb, por krimi kurrsesi. Do t\u00eb ishte nj\u00ebsoj si t\u00eb kriminalizoheshe dhe t\u00eb tradhtoje shqiptar\u00eb dhe amerikan\u00eb s\u00eb bashku.<\/p>\n<p>Ndaj menj\u00ebher\u00eb pas G\u00ebrdecit thyerja n\u00eb marr\u00ebdh\u00ebniet mes Uidhers dhe Berish\u00ebs \u00ebsht\u00eb evidente dhe nuk i shp\u00ebton as syrit t\u00eb gazetar\u00ebve. Uidhers p\u00ebrpiqet t\u00eb b\u00ebj\u00eb gjith\u00e7ka lejon hap\u00ebsira e ngusht\u00eb e korridoreve diplomatike, p\u00ebr t\u00eb denoncuar tek shqiptar\u00ebt lakmin\u00eb e pangijshme t\u00eb pushtetit. N\u00eb nj\u00eb rast merr takim me f\u00ebmij\u00ebt e nj\u00eb kopshti dhe i tregon, me gjuh\u00ebn e Ezopit, nj\u00eb p\u00ebrrall\u00eb p\u00ebr nj\u00eb krimb q\u00eb fryhet dhe p\u00eblcet nga lakmia. Mesazhi ishte i qart\u00eb. Fabula transmetohet n\u00eb t\u00eb gjith\u00eb mediat duke ngjallur sensacion n\u00eb publik dhe duke nervozuar qeverin\u00eb. Por Berisha nuk do t\u2019ia dij\u00eb. Pik\u00ebrisht n\u00eb k\u00ebt\u00eb moment ai shfaq natyr\u00ebn e tij prej shantazhisti dhe sfiduesi autokrat. I shpall luft\u00eb ambasadorit t\u00eb SHBA. Nj\u00eb dyluftim q\u00eb k\u00ebrkon ta fitoj\u00eb p\u00ebr t\u2019i dh\u00ebn\u00eb nj\u00eb m\u00ebsim edhe ambasador\u00ebve t\u00eb tjer\u00eb. E ka ushtruar me sukses cezarizmin duke p\u00ebr\u00e7ar\u00eb shqiptar\u00ebt. Tani mendon se suksesin mund ta p\u00ebrs\u00ebris\u00eb me amerikan\u00ebt. Lobimeve t\u00eb shumta dhe t\u00eb kushtueshme n\u00eb Uashington kund\u00ebr opozit\u00ebs shqiptare, i shtohen edhe demarshet politike kund\u00ebr ambasadorit Uidhers. N\u00eb maj t\u00eb 2010-s urdh\u00ebron ministrin e Jasht\u00ebm, Ilir Meta, t\u00eb d\u00ebrgoj\u00eb nj\u00eb ankes\u00eb n\u00eb Departamentin e Shtetit. Por ndihm\u00ebssekretari Filip Gordon (Philip Gordon) i kujton Berish\u00ebs rolin e Uidhers n\u00eb an\u00ebtar\u00ebsimin e Shqip\u00ebris\u00eb n\u00eb NATO.<\/p>\n<p>N\u00eb nj\u00eb intervist\u00eb t\u00eb dh\u00ebn\u00eb n\u00eb shtator 2011, Berisha p\u00ebrpiqet ta paraqes\u00eb sulmin ndaj Uidhers si \u201ctransparenc\u00eb\u201d. Ai pohoi se ia kish b\u00ebr\u00eb t\u00eb qarta q\u00ebndrimet e tij dhe t\u00eb qeveris\u00eb epror\u00ebve t\u00eb ambasadorit Uidhers. Shtoi se k\u00ebshtu vepronte kur kish probleme edhe me ambasador\u00eb t\u00eb tjer\u00eb. Mesazhi i autokratit p\u00ebr k\u00ebta t\u00eb fundit ishte i qart\u00eb: n\u00ebse kuturisnin t\u00eb rebeloheshin si Uidhers, do t\u00eb kishin probleme me qeverit\u00eb e tyre ndoshta edhe m\u00eb pisk se Uidhers. Dhe duket se ka pasur sukses me shumic\u00ebn prej ambasador\u00ebve n\u00eb Tiran\u00eb q\u00eb rrin\u00eb squk, m\u00eb keq se shqiptar\u00ebt, para b\u00ebmave t\u00eb autokratit. N\u00eb po k\u00ebt\u00eb intervist\u00eb, dh\u00ebn\u00eb n\u00eb emisionin \u201cOpinion\u201d, duke kund\u00ebrshtuar q\u00eb informacionet dhe konkluzionet e kabllogrameve t\u00eb Uidhers mbi zhvillimet n\u00eb Shqip\u00ebri t\u00eb ishin pik\u00ebpamje t\u00eb qeveris\u00eb s\u00eb SHBA-ve, Berisha tha:<\/p>\n<p>\u201cQ\u00ebndrimi i qeveris\u00eb s\u00eb SHBA-ve nuk shkon nga Tirana n\u00eb Uashington, por nga Uashingtoni n\u00eb Tiran\u00eb\u201d.<\/p>\n<p>Kishim t\u00eb b\u00ebnim jo vet\u00ebm me nj\u00eb taktik\u00eb cezariane p\u00ebr t\u00eb p\u00ebr\u00e7ar\u00eb diplomacin\u00eb e SHBA lidhur me q\u00ebndrimin e Tiran\u00ebs, por edhe nj\u00eb mashtrim. Sepse n\u00eb fakt Berisha po p\u00ebrpiqej, duke shpenzuar parat\u00eb e taksapaguesve shqiptar\u00eb n\u00eb m\u00ebnyr\u00eb q\u00eb q\u00ebndrimet e qeveris\u00eb amerikane, p\u00ebr sa i takon Shqip\u00ebris\u00eb, t\u00eb form\u00ebsoheshin jo nga informacionet e diplomat\u00ebve si Uidhers, por nga lobime e kompani si \u201cPodesta Grup\u201d apo prej ndikimeve t\u00eb miqve t\u00eb paguar t\u00eb Berish\u00ebs si Tom Rixh.<\/p>\n<p>Kabllogramet e publikuara nga Wikileaks, d\u00ebshmojn\u00eb se Uidhers ka vazhduar t\u00eb informoj\u00eb Uashingtonin p\u00ebr nj\u00eb autokratiz\u00ebm t\u00eb inkriminuar dhe p\u00ebr k\u00ebt\u00eb shkak, t\u00eb prirur t\u00eb pengoj\u00eb hetimet dhe drejt\u00ebsin\u00eb. Kapjen e Sh\u00ebrbimit Informativ Komb\u00ebtar si dhe b\u00ebrjen zap t\u00eb Prokuroris\u00eb, Uidhers e komenton, pa ekuivok\u00eb, si nj\u00eb hap autokratik p\u00ebr t\u00eb kontrolluar zgjedhjet parlamentare q\u00eb priteshin t\u00eb zhvilloheshin n\u00eb 2009-n.<\/p>\n<p>Uidhers u largua nga Shqip\u00ebria, n\u00eb mbarim t\u00eb mandatit 3-vje\u00e7ar, n\u00eb gusht 2010. Dhe pik\u00ebrisht kur thuajse ishte harruar, ai rikthehet n\u00eb sken\u00ebn e politik\u00ebs duke e tronditur at\u00eb me nj\u00eb let\u00ebr t\u00eb hapur mbi t\u00eb v\u00ebrtetat q\u00eb i kish raportuar n\u00eb Uashington, por q\u00eb kishin mbetur t\u00eb mbyllura n\u00eb kabllograme. Shkak u b\u00ebn\u00eb publikimet nga \u201cWikileaks\u201d t\u00eb k\u00ebtyre kabllogrameve, por mbi t\u00eb gjitha avokatia e g\u00ebnjesht\u00ebrt e Berish\u00ebs dhe e ministrave t\u00eb tij. Berisha vet\u00eb i ironizoi kabllogramet si \u201cvalixhe thashethemesh apo pasqyr\u00eb e paplot\u00eb e shtypit shqiptar\u201d. Praktikisht i shpalli g\u00ebnjeshtra t\u00eb v\u00ebrtetat e raportuara nga ambasadori amerikan Uidhers. Por baltosja kulmoi kur ish-shefi i shtabit t\u00eb ushtris\u00eb shqiptare, gjeneral Luan Hoxha, mohoi publikisht t\u00eb kish marr\u00eb urdhra nga djali i Berish\u00ebs p\u00ebr d\u00ebrgim municionesh t\u00eb kalibrit t\u00eb madh n\u00eb punishten e demontimit n\u00eb G\u00ebrdec, sikund\u00ebr Uidhers informonte n\u00eb kabllograme. Kuptohej se deklarata ishte produkt i faktit q\u00eb gjenerali, i shkarkuar nga detyra pas shp\u00ebrthimit n\u00eb G\u00ebrdec, ishte i tmerruar se mos pushteti, me an\u00eb manipulimesh t\u00eb drejt\u00ebsis\u00eb, ia hidhte atij fajin p\u00ebr tragjedin\u00eb. Shkurt, kishim t\u00eb b\u00ebnim me nj\u00eb tjet\u00ebr viktim\u00eb shantazhi. Berisha mezi e kish pritur deklarimin e Hoxh\u00ebs. Ai e p\u00ebrdori q\u00eb at\u00eb nat\u00eb n\u00eb nj\u00eb intervist\u00eb dh\u00ebn\u00eb n\u00eb \u201cOpinion\u201d. E shikoni, sikund\u00ebr tha dhe gjenerali, djali im nuk ka gisht n\u00eb k\u00ebt\u00eb pun\u00eb \u2013 u shpreh, n\u00eb esenc\u00eb, Berisha.<\/p>\n<p>Nd\u00ebrkaq, Uidhers ishte damkosur si shpif\u00ebs. Sipas asaj q\u00eb kish fabrikuar makina e shantazhit dhe e propagand\u00ebs berishiste, ai kish sajuar informacione t\u00eb rreme, n\u00eb funksion t\u00eb nj\u00eb hakmarrje dhe \u201cpolitike personale\u201d aspak n\u00eb p\u00ebrputhje me misionin e tij n\u00eb sh\u00ebrbim t\u00eb Presidentit t\u00eb SHBA-ve dhe popullit amerikan. Berisha pretendonte se Uidhers po hakmerrej kund\u00ebr Berish\u00ebs nga q\u00eb kish krijuar p\u00ebrshtypjen e gabuar se ishte qeveria Berisha ajo q\u00eb e kish paditur p\u00ebr \u00e7\u00ebshtjen Diveroli.<\/p>\n<p>Jan\u00eb k\u00ebto insinuata, kjo fyerje dhe baltosje e karrier\u00ebs s\u00eb tij, q\u00eb duket se e kan\u00eb detyruar Uidhers, edhe pse mij\u00ebra kilometra larg, t\u00eb ulet e t\u00eb shkruaj\u00eb nj\u00eb let\u00ebr. Tashm\u00eb, i \u00e7liruar nga etika dhe shtr\u00ebngimet diplomatike, mund t\u00eb flas\u00eb m\u00eb hapur n\u00eb nj\u00eb let\u00ebr t\u00eb hapur p\u00ebr shqiptar\u00ebt. Tani, m\u00eb shum\u00eb se kurr\u00eb, diplomati amerikan e ndjen se ka nj\u00eb kauz\u00eb t\u00eb p\u00ebrbashk\u00ebt me ta. T\u2019u tregoj\u00eb se nuk ka g\u00ebnjyer, se ato q\u00eb Berisha dhe propaganda e tij i shpallin thashetheme jan\u00eb t\u00eb v\u00ebrteta, do t\u00eb thot\u00eb edhe t\u2019i b\u00ebj\u00eb t\u00eb kuptojn\u00eb m\u00eb n\u00eb shumic\u00eb se po qeverisen nga nj\u00eb pushtet i g\u00ebnjeshtr\u00ebs. Prandaj n\u00ebnvizon n\u00eb let\u00ebr:<\/p>\n<p>\u201cSado i keq t\u00eb jet\u00eb lajmi apo sado e sikletshme t\u00eb jet\u00eb nj\u00eb rrethan\u00eb, nj\u00eb ambasad\u00eb amerikane raporton t\u00eb v\u00ebrtet\u00ebn, edhe p\u00ebr nj\u00eb aleat t\u00eb ngusht\u00eb si Shqip\u00ebria. N\u00ebse zgjedhjet jan\u00eb t\u00eb dyshimta, ne e themi k\u00ebt\u00eb. N\u00ebse autoritetet qeveritare k\u00ebrc\u00ebnojn\u00eb pavar\u00ebsin\u00eb e institucioneve demokratike t\u00eb vendit dhe mediat, ne e themi k\u00ebt\u00eb. N\u00ebse besnik\u00ebria partiake pengon qeverisjen e vendit; n\u00ebse korrupsioni i kudogjendur minon zhvillimin e mir\u00ebfillt\u00eb ekonomik; n\u00ebse p\u00ebrpar\u00ebsia e udh\u00ebheq\u00ebsve \u00ebsht\u00eb t\u00eb rendin me k\u00ebmb\u00ebngulje drejt pushtetit, n\u00eb vend q\u00eb t\u00eb rendin p\u00ebr t\u2019i sh\u00ebrbyer popullit, ne e themi k\u00ebt\u00eb. Dhe n\u00ebse parimet universale t\u00eb demokracis\u00eb lihen m\u00ebnjan\u00eb dhe vet\u00eb demokracia b\u00ebn prapa, ne e themi k\u00ebt\u00eb dhe do vazhdojm\u00eb ta themi derisa t\u00eb filloj\u00eb p\u00ebrparimi i v\u00ebrtet\u00eb\u201d.<\/p>\n<p>T\u00eb gjitha k\u00ebto jan\u00eb b\u00ebma t\u00eb Berish\u00ebs dhe qeveris\u00eb s\u00eb tij. N\u00eb fakt jan\u00eb alarme t\u00eb ngritura n\u00eb koh\u00eb nga media dhe opozita. Por t\u00eb th\u00ebna nga nj\u00eb diplomat i lart\u00eb amerikan pat\u00ebn jehon\u00eb shp\u00ebrthyese n\u00eb mjedisin publik e mediatik. Mund t\u00eb thuhet se letra pati at\u00eb ndikim q\u00eb dikur, n\u00eb vitin e mbrapsht\u00eb \u201897, kish pasur artikulli i gazetarit britanik, Endrju Gemb\u00ebll, \u201cQeveria e gangster\u00ebve q\u00eb ne financojm\u00eb\u201d. E keqja autokratike e shoq\u00ebruar pashmang\u00ebsisht nga korruptimi absolut kishte dal\u00eb p\u00ebrs\u00ebri hapur. Tashm\u00eb \u00ebsht\u00eb detyr\u00eb e shqiptar\u00ebve dhe e nd\u00ebrkomb\u00ebtar\u00ebve p\u00ebr ta \u00e7montuar at\u00eb. Si do ta zgjidhin ata k\u00ebt\u00eb sfid\u00eb, duke b\u00ebr\u00eb pazar me t\u00eb keqen apo duke e mposhtur p\u00ebrfundimisht at\u00eb?<\/p>\n","protected":false},"excerpt":{"rendered":"<p>&#8220;\u2026Berisha po p\u00ebrpiqej, duke shpenzuar parat\u00eb e taksapaguesve shqiptar\u00eb, n\u00eb m\u00ebnyr\u00eb q\u00eb q\u00ebndrimet e qeveris\u00eb amerikane, p\u00ebr sa i takon Shqip\u00ebris\u00eb, t\u00eb form\u00ebsoheshin jo nga informacionet e diplomat\u00ebve si Uidhers, por nga lobime e kompani si \u201cPodesta Grup\u201d apo prej ndikimeve t\u00eb miqve t\u00eb paguar t\u00eb Berish\u00ebs si Tom Rixh\u2026\u201d N\u00eb librin e Andrea Stefanit, [&hellip;]<\/p>\n","protected":false},"author":1,"featured_media":0,"comment_status":"open","ping_status":"closed","sticky":false,"template":"","format":"standard","meta":{"footnotes":""},"categories":[2],"tags":[],"class_list":{"0":"post-100","1":"post","2":"type-post","3":"status-publish","4":"format-standard","6":"category-artikuj"},"yoast_head":"<!-- This site is optimized with the Yoast SEO plugin v27.4 - https:\/\/yoast.com\/product\/yoast-seo-wordpress\/ -->\n<title>Andrea Stefani: Si e shantazhoi Berisha Uidhersin dhe pse ambasador\u00ebt rrin\u00eb squk para tij - FjALA e LIR\u00cb - Arkivi<\/title>\n<meta name=\"robots\" content=\"index, follow, max-snippet:-1, max-image-preview:large, max-video-preview:-1\" \/>\n<link rel=\"canonical\" href=\"https:\/\/fjala.info\/2009-2015\/andrea-stefani-si-e-shantazhoi-berisha-uidhersin-dhe-pse-ambasadoret-rrine-squk-para-tij\/\" \/>\n<meta property=\"og:locale\" content=\"sq_AL\" \/>\n<meta property=\"og:type\" content=\"article\" \/>\n<meta property=\"og:title\" content=\"Andrea Stefani: Si e shantazhoi Berisha Uidhersin dhe pse ambasador\u00ebt rrin\u00eb squk para tij - FjALA e LIR\u00cb - Arkivi\" \/>\n<meta property=\"og:description\" content=\"&#8220;\u2026Berisha po p\u00ebrpiqej, duke shpenzuar parat\u00eb e taksapaguesve shqiptar\u00eb, n\u00eb m\u00ebnyr\u00eb q\u00eb q\u00ebndrimet e qeveris\u00eb amerikane, p\u00ebr sa i takon Shqip\u00ebris\u00eb, t\u00eb form\u00ebsoheshin jo nga informacionet e diplomat\u00ebve si Uidhers, por nga lobime e kompani si \u201cPodesta Grup\u201d apo prej ndikimeve t\u00eb miqve t\u00eb paguar t\u00eb Berish\u00ebs si Tom Rixh\u2026\u201d N\u00eb librin e Andrea Stefanit, [&hellip;]\" \/>\n<meta property=\"og:url\" content=\"https:\/\/fjala.info\/2009-2015\/andrea-stefani-si-e-shantazhoi-berisha-uidhersin-dhe-pse-ambasadoret-rrine-squk-para-tij\/\" \/>\n<meta property=\"og:site_name\" content=\"FjALA e LIR\u00cb - Arkivi\" \/>\n<meta property=\"article:published_time\" content=\"2011-11-11T06:40:53+00:00\" \/>\n<meta property=\"og:image\" content=\"http:\/\/www.shkoder.net\/images\/fjala\/2011\/as_komploti_kunder_lirise.jpg\" \/>\n<meta name=\"author\" content=\"admin\" \/>\n<meta name=\"twitter:card\" content=\"summary_large_image\" \/>\n<meta name=\"twitter:label1\" content=\"Written by\" \/>\n\t<meta name=\"twitter:data1\" content=\"admin\" \/>\n\t<meta name=\"twitter:label2\" content=\"Est. reading time\" \/>\n\t<meta name=\"twitter:data2\" content=\"10 minutes\" \/>\n<script type=\"application\/ld+json\" class=\"yoast-schema-graph\">{\"@context\":\"https:\\\/\\\/schema.org\",\"@graph\":[{\"@type\":\"Article\",\"@id\":\"https:\\\/\\\/fjala.info\\\/2009-2015\\\/andrea-stefani-si-e-shantazhoi-berisha-uidhersin-dhe-pse-ambasadoret-rrine-squk-para-tij\\\/#article\",\"isPartOf\":{\"@id\":\"https:\\\/\\\/fjala.info\\\/2009-2015\\\/andrea-stefani-si-e-shantazhoi-berisha-uidhersin-dhe-pse-ambasadoret-rrine-squk-para-tij\\\/\"},\"author\":{\"name\":\"admin\",\"@id\":\"https:\\\/\\\/fjala.info\\\/2009-2015\\\/#\\\/schema\\\/person\\\/3aa1163ef05469c496fc94e77611ada2\"},\"headline\":\"Andrea Stefani: Si e shantazhoi Berisha Uidhersin dhe pse ambasador\u00ebt rrin\u00eb squk para tij\",\"datePublished\":\"2011-11-11T06:40:53+00:00\",\"mainEntityOfPage\":{\"@id\":\"https:\\\/\\\/fjala.info\\\/2009-2015\\\/andrea-stefani-si-e-shantazhoi-berisha-uidhersin-dhe-pse-ambasadoret-rrine-squk-para-tij\\\/\"},\"wordCount\":1966,\"commentCount\":0,\"publisher\":{\"@id\":\"https:\\\/\\\/fjala.info\\\/2009-2015\\\/#organization\"},\"image\":{\"@id\":\"https:\\\/\\\/fjala.info\\\/2009-2015\\\/andrea-stefani-si-e-shantazhoi-berisha-uidhersin-dhe-pse-ambasadoret-rrine-squk-para-tij\\\/#primaryimage\"},\"thumbnailUrl\":\"http:\\\/\\\/www.shkoder.net\\\/images\\\/fjala\\\/2011\\\/as_komploti_kunder_lirise.jpg\",\"articleSection\":[\"Artikuj\"],\"inLanguage\":\"sq-AL\",\"potentialAction\":[{\"@type\":\"CommentAction\",\"name\":\"Comment\",\"target\":[\"https:\\\/\\\/fjala.info\\\/2009-2015\\\/andrea-stefani-si-e-shantazhoi-berisha-uidhersin-dhe-pse-ambasadoret-rrine-squk-para-tij\\\/#respond\"]}]},{\"@type\":\"WebPage\",\"@id\":\"https:\\\/\\\/fjala.info\\\/2009-2015\\\/andrea-stefani-si-e-shantazhoi-berisha-uidhersin-dhe-pse-ambasadoret-rrine-squk-para-tij\\\/\",\"url\":\"https:\\\/\\\/fjala.info\\\/2009-2015\\\/andrea-stefani-si-e-shantazhoi-berisha-uidhersin-dhe-pse-ambasadoret-rrine-squk-para-tij\\\/\",\"name\":\"Andrea Stefani: Si e shantazhoi Berisha Uidhersin dhe pse ambasador\u00ebt rrin\u00eb squk para tij - FjALA e LIR\u00cb - Arkivi\",\"isPartOf\":{\"@id\":\"https:\\\/\\\/fjala.info\\\/2009-2015\\\/#website\"},\"primaryImageOfPage\":{\"@id\":\"https:\\\/\\\/fjala.info\\\/2009-2015\\\/andrea-stefani-si-e-shantazhoi-berisha-uidhersin-dhe-pse-ambasadoret-rrine-squk-para-tij\\\/#primaryimage\"},\"image\":{\"@id\":\"https:\\\/\\\/fjala.info\\\/2009-2015\\\/andrea-stefani-si-e-shantazhoi-berisha-uidhersin-dhe-pse-ambasadoret-rrine-squk-para-tij\\\/#primaryimage\"},\"thumbnailUrl\":\"http:\\\/\\\/www.shkoder.net\\\/images\\\/fjala\\\/2011\\\/as_komploti_kunder_lirise.jpg\",\"datePublished\":\"2011-11-11T06:40:53+00:00\",\"breadcrumb\":{\"@id\":\"https:\\\/\\\/fjala.info\\\/2009-2015\\\/andrea-stefani-si-e-shantazhoi-berisha-uidhersin-dhe-pse-ambasadoret-rrine-squk-para-tij\\\/#breadcrumb\"},\"inLanguage\":\"sq-AL\",\"potentialAction\":[{\"@type\":\"ReadAction\",\"target\":[\"https:\\\/\\\/fjala.info\\\/2009-2015\\\/andrea-stefani-si-e-shantazhoi-berisha-uidhersin-dhe-pse-ambasadoret-rrine-squk-para-tij\\\/\"]}]},{\"@type\":\"ImageObject\",\"inLanguage\":\"sq-AL\",\"@id\":\"https:\\\/\\\/fjala.info\\\/2009-2015\\\/andrea-stefani-si-e-shantazhoi-berisha-uidhersin-dhe-pse-ambasadoret-rrine-squk-para-tij\\\/#primaryimage\",\"url\":\"http:\\\/\\\/www.shkoder.net\\\/images\\\/fjala\\\/2011\\\/as_komploti_kunder_lirise.jpg\",\"contentUrl\":\"http:\\\/\\\/www.shkoder.net\\\/images\\\/fjala\\\/2011\\\/as_komploti_kunder_lirise.jpg\"},{\"@type\":\"BreadcrumbList\",\"@id\":\"https:\\\/\\\/fjala.info\\\/2009-2015\\\/andrea-stefani-si-e-shantazhoi-berisha-uidhersin-dhe-pse-ambasadoret-rrine-squk-para-tij\\\/#breadcrumb\",\"itemListElement\":[{\"@type\":\"ListItem\",\"position\":1,\"name\":\"Home\",\"item\":\"https:\\\/\\\/fjala.info\\\/2009-2015\\\/\"},{\"@type\":\"ListItem\",\"position\":2,\"name\":\"Andrea Stefani: Si e shantazhoi Berisha Uidhersin dhe pse ambasador\u00ebt rrin\u00eb squk para tij\"}]},{\"@type\":\"WebSite\",\"@id\":\"https:\\\/\\\/fjala.info\\\/2009-2015\\\/#website\",\"url\":\"https:\\\/\\\/fjala.info\\\/2009-2015\\\/\",\"name\":\"FjALA e LIR\u00cb - Arkivi\",\"description\":\"Arkivi 2009-2015\",\"publisher\":{\"@id\":\"https:\\\/\\\/fjala.info\\\/2009-2015\\\/#organization\"},\"potentialAction\":[{\"@type\":\"SearchAction\",\"target\":{\"@type\":\"EntryPoint\",\"urlTemplate\":\"https:\\\/\\\/fjala.info\\\/2009-2015\\\/?s={search_term_string}\"},\"query-input\":{\"@type\":\"PropertyValueSpecification\",\"valueRequired\":true,\"valueName\":\"search_term_string\"}}],\"inLanguage\":\"sq-AL\"},{\"@type\":\"Organization\",\"@id\":\"https:\\\/\\\/fjala.info\\\/2009-2015\\\/#organization\",\"name\":\"FjALA e LIR\u00cb - Arkivi\",\"url\":\"https:\\\/\\\/fjala.info\\\/2009-2015\\\/\",\"logo\":{\"@type\":\"ImageObject\",\"inLanguage\":\"sq-AL\",\"@id\":\"https:\\\/\\\/fjala.info\\\/2009-2015\\\/#\\\/schema\\\/logo\\\/image\\\/\",\"url\":\"\",\"contentUrl\":\"\",\"caption\":\"FjALA e LIR\u00cb - Arkivi\"},\"image\":{\"@id\":\"https:\\\/\\\/fjala.info\\\/2009-2015\\\/#\\\/schema\\\/logo\\\/image\\\/\"}},{\"@type\":\"Person\",\"@id\":\"https:\\\/\\\/fjala.info\\\/2009-2015\\\/#\\\/schema\\\/person\\\/3aa1163ef05469c496fc94e77611ada2\",\"name\":\"admin\",\"image\":{\"@type\":\"ImageObject\",\"inLanguage\":\"sq-AL\",\"@id\":\"https:\\\/\\\/fjala.info\\\/2009-2015\\\/wp-content\\\/uploads\\\/2012\\\/02\\\/arben_cokaj-120x150.jpg\",\"url\":\"https:\\\/\\\/fjala.info\\\/2009-2015\\\/wp-content\\\/uploads\\\/2012\\\/02\\\/arben_cokaj-120x150.jpg\",\"contentUrl\":\"https:\\\/\\\/fjala.info\\\/2009-2015\\\/wp-content\\\/uploads\\\/2012\\\/02\\\/arben_cokaj-120x150.jpg\",\"caption\":\"admin\"},\"description\":\"Admin, Fjala e Lir\u00eb\",\"sameAs\":[\"https:\\\/\\\/fjala.info\\\/\"],\"url\":\"https:\\\/\\\/fjala.info\\\/2009-2015\\\/author\\\/admin\\\/\"}]}<\/script>\n<!-- \/ Yoast SEO plugin. -->","yoast_head_json":{"title":"Andrea Stefani: Si e shantazhoi Berisha Uidhersin dhe pse ambasador\u00ebt rrin\u00eb squk para tij - FjALA e LIR\u00cb - Arkivi","robots":{"index":"index","follow":"follow","max-snippet":"max-snippet:-1","max-image-preview":"max-image-preview:large","max-video-preview":"max-video-preview:-1"},"canonical":"https:\/\/fjala.info\/2009-2015\/andrea-stefani-si-e-shantazhoi-berisha-uidhersin-dhe-pse-ambasadoret-rrine-squk-para-tij\/","og_locale":"sq_AL","og_type":"article","og_title":"Andrea Stefani: Si e shantazhoi Berisha Uidhersin dhe pse ambasador\u00ebt rrin\u00eb squk para tij - FjALA e LIR\u00cb - Arkivi","og_description":"&#8220;\u2026Berisha po p\u00ebrpiqej, duke shpenzuar parat\u00eb e taksapaguesve shqiptar\u00eb, n\u00eb m\u00ebnyr\u00eb q\u00eb q\u00ebndrimet e qeveris\u00eb amerikane, p\u00ebr sa i takon Shqip\u00ebris\u00eb, t\u00eb form\u00ebsoheshin jo nga informacionet e diplomat\u00ebve si Uidhers, por nga lobime e kompani si \u201cPodesta Grup\u201d apo prej ndikimeve t\u00eb miqve t\u00eb paguar t\u00eb Berish\u00ebs si Tom Rixh\u2026\u201d N\u00eb librin e Andrea Stefanit, [&hellip;]","og_url":"https:\/\/fjala.info\/2009-2015\/andrea-stefani-si-e-shantazhoi-berisha-uidhersin-dhe-pse-ambasadoret-rrine-squk-para-tij\/","og_site_name":"FjALA e LIR\u00cb - Arkivi","article_published_time":"2011-11-11T06:40:53+00:00","og_image":[{"url":"http:\/\/www.shkoder.net\/images\/fjala\/2011\/as_komploti_kunder_lirise.jpg","type":"","width":"","height":""}],"author":"admin","twitter_card":"summary_large_image","twitter_misc":{"Written by":"admin","Est. reading time":"10 minutes"},"schema":{"@context":"https:\/\/schema.org","@graph":[{"@type":"Article","@id":"https:\/\/fjala.info\/2009-2015\/andrea-stefani-si-e-shantazhoi-berisha-uidhersin-dhe-pse-ambasadoret-rrine-squk-para-tij\/#article","isPartOf":{"@id":"https:\/\/fjala.info\/2009-2015\/andrea-stefani-si-e-shantazhoi-berisha-uidhersin-dhe-pse-ambasadoret-rrine-squk-para-tij\/"},"author":{"name":"admin","@id":"https:\/\/fjala.info\/2009-2015\/#\/schema\/person\/3aa1163ef05469c496fc94e77611ada2"},"headline":"Andrea Stefani: Si e shantazhoi Berisha Uidhersin dhe pse ambasador\u00ebt rrin\u00eb squk para tij","datePublished":"2011-11-11T06:40:53+00:00","mainEntityOfPage":{"@id":"https:\/\/fjala.info\/2009-2015\/andrea-stefani-si-e-shantazhoi-berisha-uidhersin-dhe-pse-ambasadoret-rrine-squk-para-tij\/"},"wordCount":1966,"commentCount":0,"publisher":{"@id":"https:\/\/fjala.info\/2009-2015\/#organization"},"image":{"@id":"https:\/\/fjala.info\/2009-2015\/andrea-stefani-si-e-shantazhoi-berisha-uidhersin-dhe-pse-ambasadoret-rrine-squk-para-tij\/#primaryimage"},"thumbnailUrl":"http:\/\/www.shkoder.net\/images\/fjala\/2011\/as_komploti_kunder_lirise.jpg","articleSection":["Artikuj"],"inLanguage":"sq-AL","potentialAction":[{"@type":"CommentAction","name":"Comment","target":["https:\/\/fjala.info\/2009-2015\/andrea-stefani-si-e-shantazhoi-berisha-uidhersin-dhe-pse-ambasadoret-rrine-squk-para-tij\/#respond"]}]},{"@type":"WebPage","@id":"https:\/\/fjala.info\/2009-2015\/andrea-stefani-si-e-shantazhoi-berisha-uidhersin-dhe-pse-ambasadoret-rrine-squk-para-tij\/","url":"https:\/\/fjala.info\/2009-2015\/andrea-stefani-si-e-shantazhoi-berisha-uidhersin-dhe-pse-ambasadoret-rrine-squk-para-tij\/","name":"Andrea Stefani: Si e shantazhoi Berisha Uidhersin dhe pse ambasador\u00ebt rrin\u00eb squk para tij - FjALA e LIR\u00cb - Arkivi","isPartOf":{"@id":"https:\/\/fjala.info\/2009-2015\/#website"},"primaryImageOfPage":{"@id":"https:\/\/fjala.info\/2009-2015\/andrea-stefani-si-e-shantazhoi-berisha-uidhersin-dhe-pse-ambasadoret-rrine-squk-para-tij\/#primaryimage"},"image":{"@id":"https:\/\/fjala.info\/2009-2015\/andrea-stefani-si-e-shantazhoi-berisha-uidhersin-dhe-pse-ambasadoret-rrine-squk-para-tij\/#primaryimage"},"thumbnailUrl":"http:\/\/www.shkoder.net\/images\/fjala\/2011\/as_komploti_kunder_lirise.jpg","datePublished":"2011-11-11T06:40:53+00:00","breadcrumb":{"@id":"https:\/\/fjala.info\/2009-2015\/andrea-stefani-si-e-shantazhoi-berisha-uidhersin-dhe-pse-ambasadoret-rrine-squk-para-tij\/#breadcrumb"},"inLanguage":"sq-AL","potentialAction":[{"@type":"ReadAction","target":["https:\/\/fjala.info\/2009-2015\/andrea-stefani-si-e-shantazhoi-berisha-uidhersin-dhe-pse-ambasadoret-rrine-squk-para-tij\/"]}]},{"@type":"ImageObject","inLanguage":"sq-AL","@id":"https:\/\/fjala.info\/2009-2015\/andrea-stefani-si-e-shantazhoi-berisha-uidhersin-dhe-pse-ambasadoret-rrine-squk-para-tij\/#primaryimage","url":"http:\/\/www.shkoder.net\/images\/fjala\/2011\/as_komploti_kunder_lirise.jpg","contentUrl":"http:\/\/www.shkoder.net\/images\/fjala\/2011\/as_komploti_kunder_lirise.jpg"},{"@type":"BreadcrumbList","@id":"https:\/\/fjala.info\/2009-2015\/andrea-stefani-si-e-shantazhoi-berisha-uidhersin-dhe-pse-ambasadoret-rrine-squk-para-tij\/#breadcrumb","itemListElement":[{"@type":"ListItem","position":1,"name":"Home","item":"https:\/\/fjala.info\/2009-2015\/"},{"@type":"ListItem","position":2,"name":"Andrea Stefani: Si e shantazhoi Berisha Uidhersin dhe pse ambasador\u00ebt rrin\u00eb squk para tij"}]},{"@type":"WebSite","@id":"https:\/\/fjala.info\/2009-2015\/#website","url":"https:\/\/fjala.info\/2009-2015\/","name":"FjALA e LIR\u00cb - Arkivi","description":"Arkivi 2009-2015","publisher":{"@id":"https:\/\/fjala.info\/2009-2015\/#organization"},"potentialAction":[{"@type":"SearchAction","target":{"@type":"EntryPoint","urlTemplate":"https:\/\/fjala.info\/2009-2015\/?s={search_term_string}"},"query-input":{"@type":"PropertyValueSpecification","valueRequired":true,"valueName":"search_term_string"}}],"inLanguage":"sq-AL"},{"@type":"Organization","@id":"https:\/\/fjala.info\/2009-2015\/#organization","name":"FjALA e LIR\u00cb - Arkivi","url":"https:\/\/fjala.info\/2009-2015\/","logo":{"@type":"ImageObject","inLanguage":"sq-AL","@id":"https:\/\/fjala.info\/2009-2015\/#\/schema\/logo\/image\/","url":"","contentUrl":"","caption":"FjALA e LIR\u00cb - Arkivi"},"image":{"@id":"https:\/\/fjala.info\/2009-2015\/#\/schema\/logo\/image\/"}},{"@type":"Person","@id":"https:\/\/fjala.info\/2009-2015\/#\/schema\/person\/3aa1163ef05469c496fc94e77611ada2","name":"admin","image":{"@type":"ImageObject","inLanguage":"sq-AL","@id":"https:\/\/fjala.info\/2009-2015\/wp-content\/uploads\/2012\/02\/arben_cokaj-120x150.jpg","url":"https:\/\/fjala.info\/2009-2015\/wp-content\/uploads\/2012\/02\/arben_cokaj-120x150.jpg","contentUrl":"https:\/\/fjala.info\/2009-2015\/wp-content\/uploads\/2012\/02\/arben_cokaj-120x150.jpg","caption":"admin"},"description":"Admin, Fjala e Lir\u00eb","sameAs":["https:\/\/fjala.info\/"],"url":"https:\/\/fjala.info\/2009-2015\/author\/admin\/"}]}},"_links":{"self":[{"href":"https:\/\/fjala.info\/2009-2015\/wp-json\/wp\/v2\/posts\/100","targetHints":{"allow":["GET"]}}],"collection":[{"href":"https:\/\/fjala.info\/2009-2015\/wp-json\/wp\/v2\/posts"}],"about":[{"href":"https:\/\/fjala.info\/2009-2015\/wp-json\/wp\/v2\/types\/post"}],"author":[{"embeddable":true,"href":"https:\/\/fjala.info\/2009-2015\/wp-json\/wp\/v2\/users\/1"}],"replies":[{"embeddable":true,"href":"https:\/\/fjala.info\/2009-2015\/wp-json\/wp\/v2\/comments?post=100"}],"version-history":[{"count":0,"href":"https:\/\/fjala.info\/2009-2015\/wp-json\/wp\/v2\/posts\/100\/revisions"}],"wp:attachment":[{"href":"https:\/\/fjala.info\/2009-2015\/wp-json\/wp\/v2\/media?parent=100"}],"wp:term":[{"taxonomy":"category","embeddable":true,"href":"https:\/\/fjala.info\/2009-2015\/wp-json\/wp\/v2\/categories?post=100"},{"taxonomy":"post_tag","embeddable":true,"href":"https:\/\/fjala.info\/2009-2015\/wp-json\/wp\/v2\/tags?post=100"}],"curies":[{"name":"wp","href":"https:\/\/api.w.org\/{rel}","templated":true}]}}